{"id":219510,"date":"2021-07-02T11:25:42","date_gmt":"2021-07-02T09:25:42","guid":{"rendered":"https:\/\/www.radiopiu.net\/wordpress\/?p=219510"},"modified":"2021-07-02T11:58:55","modified_gmt":"2021-07-02T09:58:55","slug":"appuntamenti-estivi-al-museo-luciani-programma-edizione-2021","status":"publish","type":"post","link":"https:\/\/www.radiopiu.net\/wordpress\/appuntamenti-estivi-al-museo-luciani-programma-edizione-2021\/","title":{"rendered":"APPUNTAMENTI ESTIVI AL MUSEO LUCIANI, PROGRAMMA EDIZIONE 2021"},"content":{"rendered":"<blockquote><p><em>\u00abIl programma 2021 \u00e8 frutto di un grande e intenso lavoro &#8211; dice Loris Serafini &#8211; siamo davvero felici di poter accogliere nuovamente i visitatori dopo questi mesi di <a href=\"https:\/\/www.radiopiu.net\/wordpress\/con-silvano-savio-visitiamo-il-museo-dedicato-a-papa-luciani\/musal-3\/\" rel=\"attachment wp-att-187232\"><img loading=\"lazy\" decoding=\"async\" class=\"size-medium wp-image-187232 alignleft\" src=\"https:\/\/www.radiopiu.net\/wordpress\/wp-content\/uploads\/2021\/01\/MUSAL-300x176.png\" alt=\"\" width=\"300\" height=\"176\" srcset=\"https:\/\/www.radiopiu.net\/wordpress\/wp-content\/uploads\/2021\/01\/MUSAL-300x176.png 300w, https:\/\/www.radiopiu.net\/wordpress\/wp-content\/uploads\/2021\/01\/MUSAL-1024x601.png 1024w, https:\/\/www.radiopiu.net\/wordpress\/wp-content\/uploads\/2021\/01\/MUSAL-768x451.png 768w, https:\/\/www.radiopiu.net\/wordpress\/wp-content\/uploads\/2021\/01\/MUSAL-1536x902.png 1536w, https:\/\/www.radiopiu.net\/wordpress\/wp-content\/uploads\/2021\/01\/MUSAL.png 1884w\" sizes=\"auto, (max-width: 300px) 100vw, 300px\" \/><\/a>chiusura. Abbiamo sentito la vicinanza di molti amici del Museo e speriamo davvero di poterli rivedere dal vivo durante questi appuntamenti\u00bb.<\/em><\/p><\/blockquote>\n<p><strong>CANALE D&#8217;AGORDO<\/strong> Mostre, concerti, incontri, presentazioni di libri, conferenze: anche per l&#8217;edizione 2021 il Musal ha preparato una ricca serie di appuntamenti. Primo evento, il 10 luglio per celebrare la prima Giornata Mondiale dei nonni e degli anziani istituita da papa Francesco, presso la Sala Lina Zand\u00f2 del Museo, Mattia Mascher presenter\u00e0 il suo libro Guida galattica per nonne e nonni del Terzo Millennio. Come affrontare le sfide del futuro insieme ai nipoti. Padre Domenico sar\u00e0 al centro della mostra P. Domenico De Rocco (1889-1958) e la Cina che verr\u00e0 inaugurata sabato 17 luglio con una conferenza sul tema. Don Antonio Della Lucia sar\u00e0 invece al centro dell&#8217;incontro di sabato 24 luglio, il direttore del Musal Loris Serafini, presenter\u00e0 la sua nuova biografia sul sacerdote in preparazione al 150\u00b0 di fondazione della Prima Latteria Cooperativa d\u2019Italia di Forno di Canale (8 gennaio 1872).\u00a0 La musica, protagonista di una serie di concerti nella chiesa arcipretale di Canale d&#8217;Agordo a partire da sabato 24 luglio con Per il Papa de Le Muse e le Dolomiti. Sabato 28 agosto l&#8217;associazione \u201cAmici di papa Luciani\u201d dar\u00e0 vita all&#8217;incontro Le sorgenti spirituali di Giovanni Paolo I. La famiglia e i maestri di Albino Luciani con la partecipazione di Giorgia Menegolli e Loris Serafini.<\/p>\n<p>&nbsp;<\/p>\n","protected":false},"excerpt":{"rendered":"<p>\u00abIl programma 2021 \u00e8 frutto di un grande e intenso lavoro &#8211; dice Loris Serafini &#8211; siamo davvero felici di poter accogliere nuovamente i visitatori dopo questi mesi di chiusura. Abbiamo sentito la vicinanza di molti amici del Museo e speriamo davvero di poterli rivedere dal vivo durante questi appuntamenti\u00bb. CANALE D&#8217;AGORDO Mostre, concerti, incontri,&hellip;<\/p>\n","protected":false},"author":4,"featured_media":64661,"comment_status":"closed","ping_status":"open","sticky":false,"template":"","format":"standard","meta":{"_monsterinsights_skip_tracking":false,"_monsterinsights_sitenote_active":false,"_monsterinsights_sitenote_note":"","_monsterinsights_sitenote_category":0,"footnotes":""},"categories":[49],"tags":[],"class_list":["post-219510","post","type-post","status-publish","format-standard","has-post-thumbnail","hentry","category-news-18","category-49","description-off"],"img_url":"https:\/\/www.radiopiu.net\/wordpress\/wp-content\/uploads\/2018\/10\/musal.png","_links":{"self":[{"href":"https:\/\/www.radiopiu.net\/wordpress\/wp-json\/wp\/v2\/posts\/219510","targetHints":{"allow":["GET"]}}],"collection":[{"href":"https:\/\/www.radiopiu.net\/wordpress\/wp-json\/wp\/v2\/posts"}],"about":[{"href":"https:\/\/www.radiopiu.net\/wordpress\/wp-json\/wp\/v2\/types\/post"}],"author":[{"embeddable":true,"href":"https:\/\/www.radiopiu.net\/wordpress\/wp-json\/wp\/v2\/users\/4"}],"replies":[{"embeddable":true,"href":"https:\/\/www.radiopiu.net\/wordpress\/wp-json\/wp\/v2\/comments?post=219510"}],"version-history":[{"count":0,"href":"https:\/\/www.radiopiu.net\/wordpress\/wp-json\/wp\/v2\/posts\/219510\/revisions"}],"wp:featuredmedia":[{"embeddable":true,"href":"https:\/\/www.radiopiu.net\/wordpress\/wp-json\/wp\/v2\/media\/64661"}],"wp:attachment":[{"href":"https:\/\/www.radiopiu.net\/wordpress\/wp-json\/wp\/v2\/media?parent=219510"}],"wp:term":[{"taxonomy":"category","embeddable":true,"href":"https:\/\/www.radiopiu.net\/wordpress\/wp-json\/wp\/v2\/categories?post=219510"},{"taxonomy":"post_tag","embeddable":true,"href":"https:\/\/www.radiopiu.net\/wordpress\/wp-json\/wp\/v2\/tags?post=219510"}],"curies":[{"name":"wp","href":"https:\/\/api.w.org\/{rel}","templated":true}]}}