{"id":219516,"date":"2021-07-02T11:47:36","date_gmt":"2021-07-02T09:47:36","guid":{"rendered":"https:\/\/www.radiopiu.net\/wordpress\/?p=219516"},"modified":"2021-07-03T05:49:39","modified_gmt":"2021-07-03T03:49:39","slug":"il-milite-ignoto-il-18-luglio-a-boschi-di-carta","status":"publish","type":"post","link":"https:\/\/www.radiopiu.net\/wordpress\/il-milite-ignoto-il-18-luglio-a-boschi-di-carta\/","title":{"rendered":"&#8220;IL MILITE IGNOTO&#8221; IL 18 LUGLIO A BOSCHI DI CARTA"},"content":{"rendered":"<p>&nbsp;<\/p>\n<p><strong>BELLUNO<\/strong> Paola Zambelli autrice, nativa e residente a Belluno, laureata in Scienze della Formazione, recentemente a Ravenna premiata al concorso &#8220;letteratura per ragazzi&#8221;,\u00a0 il 18 luglio, in occasione della manifestazione \u201cBoschi di Carta\u201d a Pieve di Cadore, presenter\u00e0 il romanzo \u201cIl treno dell\u2019Ignoto. Il viaggio del Milite Ignoto\u201d, tratto proprio dal racconto vincitore del XIV Premio \u201cRighini Ricci\u201d di Conselice (RA).<\/p>\n<p><strong>di Paola Zambelli<\/strong><\/p>\n<blockquote><p><em><a href=\"https:\/\/www.radiopiu.net\/wordpress\/il-milite-ignoto-il-18-luglio-a-boschi-di-carta\/01-web\/\" rel=\"attachment wp-att-219517\"><img loading=\"lazy\" decoding=\"async\" class=\" wp-image-219517 alignleft\" src=\"https:\/\/www.radiopiu.net\/wordpress\/wp-content\/uploads\/2021\/07\/01-WEB-300x150.jpg\" alt=\"\" width=\"172\" height=\"86\" srcset=\"https:\/\/www.radiopiu.net\/wordpress\/wp-content\/uploads\/2021\/07\/01-WEB-300x150.jpg 300w, https:\/\/www.radiopiu.net\/wordpress\/wp-content\/uploads\/2021\/07\/01-WEB.jpg 750w\" sizes=\"auto, (max-width: 172px) 100vw, 172px\" \/><\/a>Quante volte passando davanti all&#8217;Altare della Patria a Roma o vedendolo in tiv\u00f9, ci siamo chiesti: chi ci sar\u00e0 nel sacello del Milite Ignoto? Chi sar\u00e0 mai stato il fante prescelto per divenire quel Milite Ignoto che avrebbe rappresentato per sempre tutti i caduti della Grande Guerra? Cent&#8217;anni fa, il Governo Italiano decise di dedicare un monumento a un Milite Ignoto che rappresentasse tutti i caduti di quella terribile Prima Guerra Mondiale che era costata 600mila vittime militari e altrettante civili. Per non parlare delle vittime della successiva pandemia di influenza \u201cSpagnola\u201d. Una Commissione ebbe l&#8217;incarico di cercare in undici cimiteri, nei pressi di undici campi di battaglia, undici salme assolutamente ignote, sprovviste di piastrino identificativo e di effetti personali riconducibili ad un\u2019identit\u00e0. Le undici salme vennero riposte in casse di legno e condotte nella Basilica di Aquileia dove una mamma, la sig.ra Maria Bergamas, madre dell\u2019irredentista Antonio Bergamas disperso in guerra, avrebbe scelto \u2013 con non poca sofferenza! \u2013 un soldato rappresentativo di tutti i Caduti. La bara designata fu chiusa in una cassa di zinco e trasportata a Trieste dove venne issata su un convoglio speciale che la trasport\u00f2 attraverso l&#8217;Italia per giungere a Roma. Ad ogni fermata e lungo via c\u2019erano persone di ogni ceto ed estrazione sociale che porgevano il proprio saluto al convoglio funebre&#8230;<\/em><\/p><\/blockquote>\n<p>La voce di una nonna accompagnata dalla testimonianza di un misterioso personaggio, narra le vicende di undici soldati che hanno affrontato la Grande Guerra: undici provenienze, undici storie di vita, undici campi di battaglia; undici racconti che restituiscono un&#8217;identit\u00e0 agli undici militi assolutamente ignoti tra i quali \u00e8 stato scelto colui che sarebbe divenuto per sempre il Milite Ignoto.<\/p>\n<p>&nbsp;<\/p>\n<p><strong>ARCHIVIO RADIO PIU<\/strong><\/p>\n<blockquote class=\"wp-embedded-content\" data-secret=\"IVtN3GM6nN\"><p><a href=\"https:\/\/www.radiopiu.net\/wordpress\/a-paola-zambelli-il-premio-letteratura-per-ragazzi\/\">A PAOLA ZAMBELLI IL PREMIO LETTERATURA PER RAGAZZI<\/a><\/p><\/blockquote>\n<p><iframe loading=\"lazy\" class=\"wp-embedded-content\" sandbox=\"allow-scripts\" security=\"restricted\" style=\"position: absolute; clip: rect(1px, 1px, 1px, 1px);\" title=\"&#8220;A PAOLA ZAMBELLI IL PREMIO LETTERATURA PER RAGAZZI&#8221; &#8212; Radio Pi\u00f9\" src=\"https:\/\/www.radiopiu.net\/wordpress\/a-paola-zambelli-il-premio-letteratura-per-ragazzi\/embed\/#?secret=IVtN3GM6nN\" data-secret=\"IVtN3GM6nN\" width=\"600\" height=\"338\" frameborder=\"0\" marginwidth=\"0\" marginheight=\"0\" scrolling=\"no\"><\/iframe><\/p>\n","protected":false},"excerpt":{"rendered":"<p>&nbsp; BELLUNO Paola Zambelli autrice, nativa e residente a Belluno, laureata in Scienze della Formazione, recentemente a Ravenna premiata al concorso &#8220;letteratura per ragazzi&#8221;,\u00a0 il 18 luglio, in occasione della manifestazione \u201cBoschi di Carta\u201d a Pieve di Cadore, presenter\u00e0 il romanzo \u201cIl treno dell\u2019Ignoto. Il viaggio del Milite Ignoto\u201d, tratto proprio dal racconto vincitore del&hellip;<\/p>\n","protected":false},"author":4,"featured_media":219517,"comment_status":"closed","ping_status":"open","sticky":false,"template":"","format":"standard","meta":{"_monsterinsights_skip_tracking":false,"_monsterinsights_sitenote_active":false,"_monsterinsights_sitenote_note":"","_monsterinsights_sitenote_category":0,"footnotes":""},"categories":[104,49],"tags":[],"class_list":["post-219516","post","type-post","status-publish","format-standard","has-post-thumbnail","hentry","category-evidenza_3","category-news-18","category-104","category-49","description-off"],"img_url":"https:\/\/www.radiopiu.net\/wordpress\/wp-content\/uploads\/2021\/07\/01-WEB.jpg","_links":{"self":[{"href":"https:\/\/www.radiopiu.net\/wordpress\/wp-json\/wp\/v2\/posts\/219516","targetHints":{"allow":["GET"]}}],"collection":[{"href":"https:\/\/www.radiopiu.net\/wordpress\/wp-json\/wp\/v2\/posts"}],"about":[{"href":"https:\/\/www.radiopiu.net\/wordpress\/wp-json\/wp\/v2\/types\/post"}],"author":[{"embeddable":true,"href":"https:\/\/www.radiopiu.net\/wordpress\/wp-json\/wp\/v2\/users\/4"}],"replies":[{"embeddable":true,"href":"https:\/\/www.radiopiu.net\/wordpress\/wp-json\/wp\/v2\/comments?post=219516"}],"version-history":[{"count":0,"href":"https:\/\/www.radiopiu.net\/wordpress\/wp-json\/wp\/v2\/posts\/219516\/revisions"}],"wp:featuredmedia":[{"embeddable":true,"href":"https:\/\/www.radiopiu.net\/wordpress\/wp-json\/wp\/v2\/media\/219517"}],"wp:attachment":[{"href":"https:\/\/www.radiopiu.net\/wordpress\/wp-json\/wp\/v2\/media?parent=219516"}],"wp:term":[{"taxonomy":"category","embeddable":true,"href":"https:\/\/www.radiopiu.net\/wordpress\/wp-json\/wp\/v2\/categories?post=219516"},{"taxonomy":"post_tag","embeddable":true,"href":"https:\/\/www.radiopiu.net\/wordpress\/wp-json\/wp\/v2\/tags?post=219516"}],"curies":[{"name":"wp","href":"https:\/\/api.w.org\/{rel}","templated":true}]}}