{"id":219534,"date":"2021-07-03T05:00:59","date_gmt":"2021-07-03T03:00:59","guid":{"rendered":"https:\/\/www.radiopiu.net\/wordpress\/?p=219534"},"modified":"2021-07-03T05:49:08","modified_gmt":"2021-07-03T03:49:08","slug":"focolaio-covid-nel-feltrino","status":"publish","type":"post","link":"https:\/\/www.radiopiu.net\/wordpress\/focolaio-covid-nel-feltrino\/","title":{"rendered":"DOPO LE FESTE IL FOCOLAIO COVID NEL FELTRINO tamponi ad Anz\u00f9 con orario prolungato."},"content":{"rendered":"<p align=\"LEFT\"><span style=\"font-family: Calibri, serif;\"><strong><img loading=\"lazy\" decoding=\"async\" class=\"alignleft\" src=\"https:\/\/www.radiopiu.net\/wordpress\/wp-content\/uploads\/2020\/03\/covid-importante.jpg\" width=\"139\" height=\"104\" \/>FELTRE <\/strong>Il Dipartimento dei Prevenzione di nuovo sotto pressione, 12 le nuove positivit\u00e0 al covid riscontrare nel feltrino\u00a0<\/span> <span style=\"font-family: Calibri, serif;\">Sei di queste positivit\u00e0, tutte relative a ventenni,\u00a0 riconducibili ad alcuni contatti amicali derivanti da una festa di compleanno, alla partecipazione come pubblico alla Pedavena Cup di calcio a 5 con successiva visione su maxischermo della partita Italia \u2013 Austria, accesso ad una birreria e ad altri locali dell\u2019area feltrina. <\/span><span style=\"font-family: Calibri, serif;\">Gi\u00e0 stamane sono stati inviati a tampone al covid point di Anz\u00f9 una cinquantina di contatti dei soggetti positivi. Altri saranno inviati domattina al medesimo punto che rimarr\u00e0 aperto anche dalle <\/span><span style=\"font-family: Calibri, serif;\">14.00 alle 16.00 di sabato. Chi ha partecipato come pubblico\u00a0<\/span><span style=\"font-family: Calibri, serif;\"> alla PEDAVENA CUP \u00e8\u00a0 invitato ad effettuare gratuitamente\u00a0 e senza prenotazione un tampone di controllo al <\/span>covid point di Feltre Anz\u00f9 <span style=\"font-family: Calibri, serif;\">domani dalle 8.30 alle 12.30 o dalle 14 alle 16 <\/span><span style=\"font-family: Calibri, serif;\">Chi non potr\u00e0 usufruire del tampone di controllo nella giornata di sabato avr\u00e0 a disposizione il punto tamponi ospedaliero di Belluno domenica mattina dalle 8.30 alle 12.30. <\/span><\/p>\n<blockquote>\n<p align=\"LEFT\"><span style=\"font-family: Calibri, serif;\"><a href=\"https:\/\/www.radiopiu.net\/wordpress\/sandro-cinquetti-e-il-nuovo-direttore-del-servizio-igiene-e-sanita-pubblica-dellulss-dolomiti\/cinquetti\/\" rel=\"attachment wp-att-132744\"><img loading=\"lazy\" decoding=\"async\" class=\"wp-image-132744 alignleft\" src=\"https:\/\/www.radiopiu.net\/wordpress\/wp-content\/uploads\/2020\/04\/cinquetti-225x300.jpg\" alt=\"\" width=\"78\" height=\"104\" srcset=\"https:\/\/www.radiopiu.net\/wordpress\/wp-content\/uploads\/2020\/04\/cinquetti-225x300.jpg 225w, https:\/\/www.radiopiu.net\/wordpress\/wp-content\/uploads\/2020\/04\/cinquetti-768x1024.jpg 768w, https:\/\/www.radiopiu.net\/wordpress\/wp-content\/uploads\/2020\/04\/cinquetti-1152x1536.jpg 1152w, https:\/\/www.radiopiu.net\/wordpress\/wp-content\/uploads\/2020\/04\/cinquetti.jpg 1536w\" sizes=\"auto, (max-width: 78px) 100vw, 78px\" \/><\/a><em>\u00abQuesto focolaio epidemico che si accompagna ad altre positivit\u00e0 emergenti nel nostro territorio attesta, purtroppo, che l\u2019epidemia Covid non \u00e8 conclusa e che richiede ancora grande impegno al servizio sanitario (per la diagnostica, per il tracciamento e per le vaccinazioni) e ai cittadini (che devono mettere in atto comportamenti di sicurezza) \u00bb, spiega Sandro Cinquetti, Direttore del Dipartimento di Prevenzione tutte le positiv\u00e0 andranno a sequenziamento per cercare l\u2019eventuale presenza di nuovi varianti del virus\u00bb.<\/em><\/span><\/p>\n<p align=\"LEFT\"><em><span style=\"font-family: Calibri, serif;\"><a href=\"https:\/\/www.radiopiu.net\/wordpress\/?attachment_id=219434\" rel=\"attachment wp-att-219434\"><img loading=\"lazy\" decoding=\"async\" class=\"wp-image-219434 alignright\" src=\"https:\/\/www.radiopiu.net\/wordpress\/wp-content\/uploads\/2021\/07\/f2dc7b2a-3903-4b57-9cbd-160f1f1a7d85-300x169.jpg\" alt=\"\" width=\"181\" height=\"102\" srcset=\"https:\/\/www.radiopiu.net\/wordpress\/wp-content\/uploads\/2021\/07\/f2dc7b2a-3903-4b57-9cbd-160f1f1a7d85-300x169.jpg 300w, https:\/\/www.radiopiu.net\/wordpress\/wp-content\/uploads\/2021\/07\/f2dc7b2a-3903-4b57-9cbd-160f1f1a7d85-1024x576.jpg 1024w, https:\/\/www.radiopiu.net\/wordpress\/wp-content\/uploads\/2021\/07\/f2dc7b2a-3903-4b57-9cbd-160f1f1a7d85-768x432.jpg 768w, https:\/\/www.radiopiu.net\/wordpress\/wp-content\/uploads\/2021\/07\/f2dc7b2a-3903-4b57-9cbd-160f1f1a7d85-1536x864.jpg 1536w, https:\/\/www.radiopiu.net\/wordpress\/wp-content\/uploads\/2021\/07\/f2dc7b2a-3903-4b57-9cbd-160f1f1a7d85.jpg 1920w\" sizes=\"auto, (max-width: 181px) 100vw, 181px\" \/><\/a>\u00abQuesto evento epidemico conferma l\u2019assoluta necessit\u00e0 di aumentare la copertura vaccinale del nostro territorio\u00bb, commenta il Direttore Generale Maria Grazia Carraro, \u00abattualmente hanno esgeuito almeno una dose di vaccino circa il 60% delle persone chiamate a vaccinazione. Mancano all\u2019appello 4 persone su 10. Abbiamo tutti gli spazi di prenotazione aperti, abbiamo centri vaccinali pienamenti funzionanti: lancio un forte appello per l\u2019adesione a questa campagna vaccinale, sia per garantire la stagione estiva ormai partita, sia in vista della prossima stagione invernale\u00bb.<\/span><\/em><\/p>\n<\/blockquote>\n","protected":false},"excerpt":{"rendered":"<p>FELTRE Il Dipartimento dei Prevenzione di nuovo sotto pressione, 12 le nuove positivit\u00e0 al covid riscontrare nel feltrino\u00a0 Sei di queste positivit\u00e0, tutte relative a ventenni,\u00a0 riconducibili ad alcuni contatti amicali derivanti da una festa di compleanno, alla partecipazione come pubblico alla Pedavena Cup di calcio a 5 con successiva visione su maxischermo della partita&hellip;<\/p>\n","protected":false},"author":4,"featured_media":121793,"comment_status":"closed","ping_status":"open","sticky":false,"template":"","format":"standard","meta":{"_monsterinsights_skip_tracking":false,"_monsterinsights_sitenote_active":false,"_monsterinsights_sitenote_note":"","_monsterinsights_sitenote_category":0,"footnotes":""},"categories":[51,49],"tags":[],"class_list":["post-219534","post","type-post","status-publish","format-standard","has-post-thumbnail","hentry","category-evidenza-top","category-news-18","category-51","category-49","description-off"],"img_url":"https:\/\/www.radiopiu.net\/wordpress\/wp-content\/uploads\/2020\/03\/covid-importante.jpg","_links":{"self":[{"href":"https:\/\/www.radiopiu.net\/wordpress\/wp-json\/wp\/v2\/posts\/219534","targetHints":{"allow":["GET"]}}],"collection":[{"href":"https:\/\/www.radiopiu.net\/wordpress\/wp-json\/wp\/v2\/posts"}],"about":[{"href":"https:\/\/www.radiopiu.net\/wordpress\/wp-json\/wp\/v2\/types\/post"}],"author":[{"embeddable":true,"href":"https:\/\/www.radiopiu.net\/wordpress\/wp-json\/wp\/v2\/users\/4"}],"replies":[{"embeddable":true,"href":"https:\/\/www.radiopiu.net\/wordpress\/wp-json\/wp\/v2\/comments?post=219534"}],"version-history":[{"count":0,"href":"https:\/\/www.radiopiu.net\/wordpress\/wp-json\/wp\/v2\/posts\/219534\/revisions"}],"wp:featuredmedia":[{"embeddable":true,"href":"https:\/\/www.radiopiu.net\/wordpress\/wp-json\/wp\/v2\/media\/121793"}],"wp:attachment":[{"href":"https:\/\/www.radiopiu.net\/wordpress\/wp-json\/wp\/v2\/media?parent=219534"}],"wp:term":[{"taxonomy":"category","embeddable":true,"href":"https:\/\/www.radiopiu.net\/wordpress\/wp-json\/wp\/v2\/categories?post=219534"},{"taxonomy":"post_tag","embeddable":true,"href":"https:\/\/www.radiopiu.net\/wordpress\/wp-json\/wp\/v2\/tags?post=219534"}],"curies":[{"name":"wp","href":"https:\/\/api.w.org\/{rel}","templated":true}]}}