{"id":219732,"date":"2021-07-04T06:22:17","date_gmt":"2021-07-04T04:22:17","guid":{"rendered":"https:\/\/www.radiopiu.net\/wordpress\/?p=219732"},"modified":"2021-07-04T07:46:29","modified_gmt":"2021-07-04T05:46:29","slug":"dolomiti-in-miniatura-da-oggi-a-domenica","status":"publish","type":"post","link":"https:\/\/www.radiopiu.net\/wordpress\/dolomiti-in-miniatura-da-oggi-a-domenica\/","title":{"rendered":"\u00a0DOLOMITI IN MINIATURA, DA OGGI A DOMENICA, IL RITORNO DOPO IL COVID"},"content":{"rendered":"<blockquote>\n<h2><\/h2>\n<p><em>Grazie a queste opere, il sentiero delle dolomiti in miniatura potr\u00e0 contare di 13 riproduzioni in scala, avvicinandoci sempre pi\u00f9 al completamento del progetto promosso dall&#8217;Amministrazione comunale di San Tomaso Agordino e patrocinato dalla Fondazione Dolomiti Unesco con la sezione del CAI di Agordo e la Pro Loco di San Tomaso. Le 10 miniature scolpite dal 2017 ad oggi sono gi\u00e0 ammirabili: il percorso inizia a monte dell&#8217;abitato di Celat e si snoda per alcuni chilometri in direzione della Forcella che congiunge il territorio di San Tomaso con quello del comune contermine di Vallada Agordina.<\/em><\/p><\/blockquote>\n<p><strong>SAN TOMASO<\/strong> Dopo un anno di stop forzato causato dalla pandemia che tutti conosciamo, il 2021 ci d\u00e0 la possibilit\u00e0 di continuare il nostro meraviglioso percorso delle dolomiti in miniatura. Dal 5 all\u201911 luglio, infatti, si terr\u00e0 a San Tomaso Agordino in localit\u00e0 Pian il Quarto Simposio Dolomites Rock Miniatures. Tre sono le artiste che in questa edizione realizzeranno altrettante opere di indiscusso pregio:<br \/>\n<strong>\u2981 Yunmi Lee<\/strong><br \/>\nscultrice originaria di Incheon (Corea del Sud), ha iniziato il suo percorso presso Universit\u00e0 di Seul per continuare poi all\u2019 Accademia di Belle Arti di Carrara. Dal 2014 partecipa ad eventi nazionali ed internazionali.<br \/>\n<strong>\u2981 Maria Eugenia V\u00e1zquez Collazo<\/strong><br \/>\noriginaria di Almer\u00eda (Spagna), ha iniziato il suo percorso nel 2002 alla scuola del marmo di Almeria, per proseguire poi dal 2003 a Carrara all\u2019accademia di Belle Arti e perfezionandosi tuttora alla Facolt\u00e0 di Belle Arti di Granada. Espone le sue opere gi\u00e0 dal 2000, ha partecipato a numerosi concorsi e simposi nazionali ed internazionali.<br \/>\n<strong>\u2981 Raphaelle Duval<\/strong><br \/>\noriginaria di Bordeaux (Francia), inizia gli studi artistici nel 1996, per completarli con il diploma in scultura presso l\u2019Accademia di Belle Arti di Carrara nel 2007. Espone le sue opere gi\u00e0 dal 2000, ha partecipato a numerosi concorsi e simposi principalmente in Francia ed Italia.<\/p>\n\n\t\t\t<style type='text\/css'>\n\t\t\t\t#gallery-1 {\n\t\t\t\t\tmargin: auto;\n\t\t\t\t}\n\t\t\t\t#gallery-1 .gallery-item {\n\t\t\t\t\tfloat: left;\n\t\t\t\t\tmargin-top: 10px;\n\t\t\t\t\ttext-align: center;\n\t\t\t\t\twidth: 33%;\n\t\t\t\t}\n\t\t\t\t#gallery-1 img {\n\t\t\t\t\tborder: 2px solid #cfcfcf;\n\t\t\t\t}\n\t\t\t\t#gallery-1 .gallery-caption {\n\t\t\t\t\tmargin-left: 0;\n\t\t\t\t}\n\t\t\t\t\/* see gallery_shortcode() in wp-includes\/media.php *\/\n\t\t\t<\/style>\n\t\t<div id='gallery-1' class='dt-gallery-container gallery galleryid-219732 gallery-columns-3 gallery-size-thumbnail'><dl class='gallery-item'>\n\t\t\t\t<dt class='gallery-icon portrait'>\n\t\t\t\t\t<a class=\"rollover\" href='https:\/\/www.radiopiu.net\/wordpress\/giornale-radiopiu-04-luglio-2021-direttore-mirko-mezzacasa\/f14e2f70-d5a0-444f-9cba-4f51aff86827\/'><img loading=\"lazy\" decoding=\"async\" width=\"150\" height=\"150\" src=\"https:\/\/www.radiopiu.net\/wordpress\/wp-content\/uploads\/2021\/07\/f14e2f70-d5a0-444f-9cba-4f51aff86827-150x150.jpg\" class=\"attachment-thumbnail size-thumbnail\" alt=\"\" \/><\/a>\n\t\t\t\t<\/dt><\/dl><dl class='gallery-item'>\n\t\t\t\t<dt class='gallery-icon landscape'>\n\t\t\t\t\t<a class=\"rollover\" href='https:\/\/www.radiopiu.net\/wordpress\/giornale-radiopiu-04-luglio-2021-direttore-mirko-mezzacasa\/a5cb7b98-60ad-4c17-900b-c847bc913c93\/'><img loading=\"lazy\" decoding=\"async\" width=\"150\" height=\"150\" src=\"https:\/\/www.radiopiu.net\/wordpress\/wp-content\/uploads\/2021\/07\/a5cb7b98-60ad-4c17-900b-c847bc913c93-150x150.jpg\" class=\"attachment-thumbnail size-thumbnail\" alt=\"\" \/><\/a>\n\t\t\t\t<\/dt><\/dl><dl class='gallery-item'>\n\t\t\t\t<dt class='gallery-icon landscape'>\n\t\t\t\t\t<a class=\"rollover\" href='https:\/\/www.radiopiu.net\/wordpress\/giornale-radiopiu-04-luglio-2021-direttore-mirko-mezzacasa\/dc6f0fbe-862c-4a29-8942-34b794c4eba8\/'><img loading=\"lazy\" decoding=\"async\" width=\"150\" height=\"150\" src=\"https:\/\/www.radiopiu.net\/wordpress\/wp-content\/uploads\/2021\/07\/dc6f0fbe-862c-4a29-8942-34b794c4eba8-150x150.jpg\" class=\"attachment-thumbnail size-thumbnail\" alt=\"\" \/><\/a>\n\t\t\t\t<\/dt><\/dl><br style=\"clear: both\" \/>\n\t\t\t<\/div>\n\n<blockquote>\n<h3>LE VETTE DA SCOLPIRE<br \/>\n<strong>\u2981 Agner, spigolo nord<\/strong><br \/>\nprobabilmente la pi\u00f9 nota delle tre vette per noi Agordini, appartenente al gruppo delle Pale di San Martino, divisa tra i comuni di Taibon e Voltago, caratterizzata dalla sua lunga ed ininterrotta parete verticale.<br \/>\n<strong>\u2981 Cimon della Pala<\/strong><br \/>\naltra vetta di spicco, sempre appartenente al gruppo delle Pale di San Martino, questa volta in Trentino Alto Adige, famosa per la sua forma slanciata che domina il panorama visibile da Passo Rolle.<br \/>\n<strong>\u2981 Monfalcon di Forni <\/strong><br \/>\nbella e caratteristica cima delle Dolomiti d\u2019Oltrepiave friulane, situata ad est del lago di Centro Cadore ed appartenente al gruppo dei Monfalconi, caratterizzato da innumerevoli torri, guglie e creste.<\/h3>\n<p>&nbsp;<\/p>\n<p>&nbsp;<\/p>\n<p>&nbsp;<\/p><\/blockquote>\n<blockquote>\n<h2 class=\"articlePlainTitle\">dieci opere dal 2017 al 2019<\/h2>\n<\/blockquote>\n<div class=\"addthis_sharing_toolbox\" data-url=\"https:\/\/sfoglio.corrierealpi.gelocal.it\/share_article.php?article_id=8837584\" data-title=\"Tra organi e natura:tornano i concertidi &quot;Musica nell'Agordino&quot;Gi\u00e0 realizzatedieci operedal 2017 al ...\"><\/div>\n<div class=\"articlePlainText\">Nelle prime tre edizioni di Dolomites Rock Miniatures sono state realizzate dieci sculture che si sono possono incontrare e ammirare lungo il percorso che conduce alla Forcella San Tomaso. Nel 2017 Mauro Olivotto (Italia), Susanne Pauker (Germania) e Franco Daga (Itali) scolpirono rispettivamente il Pelmo, le Tre Cime di Lavaredo e il Civetta; nel 2018 tocc\u00f2 a Gissella Garcia (Uruguay), Pierangelo Giacomuzzi (Italia) e Mario Tapia (Ecuador) ricavare dai blocchi di pietra dolomia il Campanile di Val Montanaia, le Torri del Vaiolet e l&#8217;Antelao; nel 2019 infine Maria Trinidad Caminos (Argentina), S\u00e9bastien Taille (Francia), Andrey Balashov (Russia) e Paolo Moro (Italia) rappresentarono El C\u00f3r, la Marmolada, El Campan\u00ecl Basso del Brenta e la Tofana di Rozes.<\/div>\n<p><strong>ARCHIVIO NOTIZIARIO SETTEMBRE 2018<\/strong><\/p>\n<blockquote class=\"wp-embedded-content\" data-secret=\"M8D6Y7i8dG\"><p><a href=\"https:\/\/www.radiopiu.net\/wordpress\/dolomiti-in-miniatura-piace-a-turisti-e-valligiani\/\">DOLOMITI IN MINIATURA, PIACE A TURISTI E VALLIGIANI<\/a><\/p><\/blockquote>\n<p><iframe loading=\"lazy\" class=\"wp-embedded-content\" sandbox=\"allow-scripts\" security=\"restricted\" style=\"position: absolute; clip: rect(1px, 1px, 1px, 1px);\" title=\"&#8220;DOLOMITI IN MINIATURA, PIACE A TURISTI E VALLIGIANI&#8221; &#8212; Radio Pi\u00f9\" src=\"https:\/\/www.radiopiu.net\/wordpress\/dolomiti-in-miniatura-piace-a-turisti-e-valligiani\/embed\/#?secret=M8D6Y7i8dG\" data-secret=\"M8D6Y7i8dG\" width=\"600\" height=\"338\" frameborder=\"0\" marginwidth=\"0\" marginheight=\"0\" scrolling=\"no\"><\/iframe><\/p>\n<blockquote class=\"wp-embedded-content\" data-secret=\"8gdjCnKdjl\"><p><a href=\"https:\/\/www.radiopiu.net\/wordpress\/dolomiti-in-miniatura-secondo-anno\/\">DOLOMITI IN MINIATURA, SECONDO ANNO<\/a><\/p><\/blockquote>\n<p><iframe loading=\"lazy\" class=\"wp-embedded-content\" sandbox=\"allow-scripts\" security=\"restricted\" style=\"position: absolute; clip: rect(1px, 1px, 1px, 1px);\" title=\"&#8220;DOLOMITI IN MINIATURA, SECONDO ANNO&#8221; &#8212; Radio Pi\u00f9\" src=\"https:\/\/www.radiopiu.net\/wordpress\/dolomiti-in-miniatura-secondo-anno\/embed\/#?secret=8gdjCnKdjl\" data-secret=\"8gdjCnKdjl\" width=\"600\" height=\"338\" frameborder=\"0\" marginwidth=\"0\" marginheight=\"0\" scrolling=\"no\"><\/iframe><\/p>\n<p>&nbsp;<\/p>\n<p><strong>ARCHIVIO RADIO PIU&#8217;\u00a0 LUGLIO 2019\u00a0<\/strong><\/p>\n<blockquote class=\"wp-embedded-content\" data-secret=\"Oew6TtHsXf\"><p><a href=\"https:\/\/www.radiopiu.net\/wordpress\/dolomiti-in-miniatura-in-corso-a-san-tomaso-terzo-anno\/\">DOLOMITI IN MINIATURA IN CORSO A SAN TOMASO, TERZO ANNO<\/a><\/p><\/blockquote>\n<p><iframe loading=\"lazy\" class=\"wp-embedded-content\" sandbox=\"allow-scripts\" security=\"restricted\" style=\"position: absolute; clip: rect(1px, 1px, 1px, 1px);\" title=\"&#8220;DOLOMITI IN MINIATURA IN CORSO A SAN TOMASO, TERZO ANNO&#8221; &#8212; Radio Pi\u00f9\" src=\"https:\/\/www.radiopiu.net\/wordpress\/dolomiti-in-miniatura-in-corso-a-san-tomaso-terzo-anno\/embed\/#?secret=Oew6TtHsXf\" data-secret=\"Oew6TtHsXf\" width=\"600\" height=\"338\" frameborder=\"0\" marginwidth=\"0\" marginheight=\"0\" scrolling=\"no\"><\/iframe><\/p>\n","protected":false},"excerpt":{"rendered":"<p>Grazie a queste opere, il sentiero delle dolomiti in miniatura potr\u00e0 contare di 13 riproduzioni in scala, avvicinandoci sempre pi\u00f9 al completamento del progetto promosso dall&#8217;Amministrazione comunale di San Tomaso Agordino e patrocinato dalla Fondazione Dolomiti Unesco con la sezione del CAI di Agordo e la Pro Loco di San Tomaso. Le 10 miniature scolpite&hellip;<\/p>\n","protected":false},"author":4,"featured_media":219724,"comment_status":"closed","ping_status":"open","sticky":false,"template":"","format":"standard","meta":{"_monsterinsights_skip_tracking":false,"_monsterinsights_sitenote_active":false,"_monsterinsights_sitenote_note":"","_monsterinsights_sitenote_category":0,"footnotes":""},"categories":[51,49],"tags":[],"class_list":["post-219732","post","type-post","status-publish","format-standard","has-post-thumbnail","hentry","category-evidenza-top","category-news-18","category-51","category-49","description-off"],"img_url":"https:\/\/www.radiopiu.net\/wordpress\/wp-content\/uploads\/2021\/07\/dc6f0fbe-862c-4a29-8942-34b794c4eba8.jpg","_links":{"self":[{"href":"https:\/\/www.radiopiu.net\/wordpress\/wp-json\/wp\/v2\/posts\/219732","targetHints":{"allow":["GET"]}}],"collection":[{"href":"https:\/\/www.radiopiu.net\/wordpress\/wp-json\/wp\/v2\/posts"}],"about":[{"href":"https:\/\/www.radiopiu.net\/wordpress\/wp-json\/wp\/v2\/types\/post"}],"author":[{"embeddable":true,"href":"https:\/\/www.radiopiu.net\/wordpress\/wp-json\/wp\/v2\/users\/4"}],"replies":[{"embeddable":true,"href":"https:\/\/www.radiopiu.net\/wordpress\/wp-json\/wp\/v2\/comments?post=219732"}],"version-history":[{"count":0,"href":"https:\/\/www.radiopiu.net\/wordpress\/wp-json\/wp\/v2\/posts\/219732\/revisions"}],"wp:featuredmedia":[{"embeddable":true,"href":"https:\/\/www.radiopiu.net\/wordpress\/wp-json\/wp\/v2\/media\/219724"}],"wp:attachment":[{"href":"https:\/\/www.radiopiu.net\/wordpress\/wp-json\/wp\/v2\/media?parent=219732"}],"wp:term":[{"taxonomy":"category","embeddable":true,"href":"https:\/\/www.radiopiu.net\/wordpress\/wp-json\/wp\/v2\/categories?post=219732"},{"taxonomy":"post_tag","embeddable":true,"href":"https:\/\/www.radiopiu.net\/wordpress\/wp-json\/wp\/v2\/tags?post=219732"}],"curies":[{"name":"wp","href":"https:\/\/api.w.org\/{rel}","templated":true}]}}