{"id":219742,"date":"2021-07-04T03:50:11","date_gmt":"2021-07-04T01:50:11","guid":{"rendered":"https:\/\/www.radiopiu.net\/wordpress\/?p=219742"},"modified":"2021-07-05T06:15:26","modified_gmt":"2021-07-05T04:15:26","slug":"si-e-chiuso-a-falcade-il-29-giro-del-veneto-matteo-zurlo-vince-la-competizione","status":"publish","type":"post","link":"https:\/\/www.radiopiu.net\/wordpress\/si-e-chiuso-a-falcade-il-29-giro-del-veneto-matteo-zurlo-vince-la-competizione\/","title":{"rendered":"SI E&#8217; CHIUSO A FALCADE IL 29\u00b0 GIRO DEL VENETO. MATTEO ZURLO VINCE LA COMPETIZIONE"},"content":{"rendered":"<p>&nbsp;<\/p>\n<blockquote>\n<h3><\/h3>\n<\/blockquote>\n<p><strong><a href=\"https:\/\/www.radiopiu.net\/wordpress\/giornale-radiopiu-04-luglio-2021-direttore-mirko-mezzacasa\/doc_1625333947\/\" rel=\"attachment wp-att-219707\"><img loading=\"lazy\" decoding=\"async\" class=\"size-medium wp-image-219707 alignleft\" src=\"https:\/\/www.radiopiu.net\/wordpress\/wp-content\/uploads\/2021\/07\/DOC_1625333947-300x200.jpg\" alt=\"\" width=\"300\" height=\"200\" srcset=\"https:\/\/www.radiopiu.net\/wordpress\/wp-content\/uploads\/2021\/07\/DOC_1625333947-300x200.jpg 300w, https:\/\/www.radiopiu.net\/wordpress\/wp-content\/uploads\/2021\/07\/DOC_1625333947-1024x683.jpg 1024w, https:\/\/www.radiopiu.net\/wordpress\/wp-content\/uploads\/2021\/07\/DOC_1625333947-768x512.jpg 768w, https:\/\/www.radiopiu.net\/wordpress\/wp-content\/uploads\/2021\/07\/DOC_1625333947-1536x1024.jpg 1536w, https:\/\/www.radiopiu.net\/wordpress\/wp-content\/uploads\/2021\/07\/DOC_1625333947.jpg 1800w\" sizes=\"auto, (max-width: 300px) 100vw, 300px\" \/><\/a>FALCADE<\/strong> \u00a0Il 29\u00b0 Giro del Veneto che si \u00e8 chiuso quest&#8217;oggi a Falcade ha sancito il trionfo della Zalf Euromobil D\u00e9sir\u00e9e\u00a0Fior: ad aggiudicarsi il successo finale, al termine di una quinta ed ultima tappa difficile e rocambolesca, \u00e8 stato il vicentino\u00a0Matteo Zurlo. Il ragazzo diretto da Gianni Faresin, Ilario Contessa e Mauro Busato \u00e8 stato bravo a resistere al forcing degli avversari sulle rampe di Forcella Aurine e a difendersi sulla salita che conduceva al traguardo di Falcade. Per lui sono arrivate le vittorie anche nella speciale classifica a punti e in quella dei traguardi volanti, oltre ad uno straordinario secondo posto di tappa alle spalle del siciliano Francesco Romano. Ha difeso il secondo posto in classifica anche Riccardo Verza mentre Stefano Gandin si \u00e8 confermato leader della graduatoria degli scalatori.<\/p>\n<p>&nbsp;<\/p>\n<p><strong>LE FOTO DI FRANCESCO MALPENSI DI RIVAMONTE DEL PASSAGGIO A LE MIOTTE E EVOLTAGO<\/strong><\/p>\n\n\t\t\t<style type='text\/css'>\n\t\t\t\t#gallery-1 {\n\t\t\t\t\tmargin: auto;\n\t\t\t\t}\n\t\t\t\t#gallery-1 .gallery-item {\n\t\t\t\t\tfloat: left;\n\t\t\t\t\tmargin-top: 10px;\n\t\t\t\t\ttext-align: center;\n\t\t\t\t\twidth: 20%;\n\t\t\t\t}\n\t\t\t\t#gallery-1 img {\n\t\t\t\t\tborder: 2px solid #cfcfcf;\n\t\t\t\t}\n\t\t\t\t#gallery-1 .gallery-caption {\n\t\t\t\t\tmargin-left: 0;\n\t\t\t\t}\n\t\t\t\t\/* see gallery_shortcode() in wp-includes\/media.php *\/\n\t\t\t<\/style>\n\t\t<div id='gallery-1' class='dt-gallery-container gallery galleryid-219742 gallery-columns-5 gallery-size-thumbnail'><dl class='gallery-item'>\n\t\t\t\t<dt class='gallery-icon landscape'>\n\t\t\t\t\t<a class=\"rollover rollover-zoom dt-pswp-item\" title=\"69b03648-f864-43b9-9a8e-4ad6b691abea\" data-dt-img-description=\"\" data-large_image_width=\"1366\" data-large_image_height=\"1366\"href='https:\/\/www.radiopiu.net\/wordpress\/wp-content\/uploads\/2021\/07\/69b03648-f864-43b9-9a8e-4ad6b691abea.jpg'><img loading=\"lazy\" decoding=\"async\" width=\"150\" height=\"150\" src=\"https:\/\/www.radiopiu.net\/wordpress\/wp-content\/uploads\/2021\/07\/69b03648-f864-43b9-9a8e-4ad6b691abea-150x150.jpg\" class=\"attachment-thumbnail size-thumbnail\" alt=\"\" srcset=\"https:\/\/www.radiopiu.net\/wordpress\/wp-content\/uploads\/2021\/07\/69b03648-f864-43b9-9a8e-4ad6b691abea-150x150.jpg 150w, https:\/\/www.radiopiu.net\/wordpress\/wp-content\/uploads\/2021\/07\/69b03648-f864-43b9-9a8e-4ad6b691abea-300x300.jpg 300w, https:\/\/www.radiopiu.net\/wordpress\/wp-content\/uploads\/2021\/07\/69b03648-f864-43b9-9a8e-4ad6b691abea-1024x1024.jpg 1024w, https:\/\/www.radiopiu.net\/wordpress\/wp-content\/uploads\/2021\/07\/69b03648-f864-43b9-9a8e-4ad6b691abea-768x768.jpg 768w, https:\/\/www.radiopiu.net\/wordpress\/wp-content\/uploads\/2021\/07\/69b03648-f864-43b9-9a8e-4ad6b691abea.jpg 1366w\" sizes=\"auto, (max-width: 150px) 100vw, 150px\" \/><\/a>\n\t\t\t\t<\/dt><\/dl><dl class='gallery-item'>\n\t\t\t\t<dt class='gallery-icon landscape'>\n\t\t\t\t\t<a class=\"rollover rollover-zoom dt-pswp-item\" title=\"913d570e-c6f6-449a-b37d-919a2b087536\" data-dt-img-description=\"\" data-large_image_width=\"1080\" data-large_image_height=\"1080\"href='https:\/\/www.radiopiu.net\/wordpress\/wp-content\/uploads\/2021\/07\/913d570e-c6f6-449a-b37d-919a2b087536.jpg'><img loading=\"lazy\" decoding=\"async\" width=\"150\" height=\"150\" src=\"https:\/\/www.radiopiu.net\/wordpress\/wp-content\/uploads\/2021\/07\/913d570e-c6f6-449a-b37d-919a2b087536-150x150.jpg\" class=\"attachment-thumbnail size-thumbnail\" alt=\"\" srcset=\"https:\/\/www.radiopiu.net\/wordpress\/wp-content\/uploads\/2021\/07\/913d570e-c6f6-449a-b37d-919a2b087536-150x150.jpg 150w, https:\/\/www.radiopiu.net\/wordpress\/wp-content\/uploads\/2021\/07\/913d570e-c6f6-449a-b37d-919a2b087536-300x300.jpg 300w, https:\/\/www.radiopiu.net\/wordpress\/wp-content\/uploads\/2021\/07\/913d570e-c6f6-449a-b37d-919a2b087536-1024x1024.jpg 1024w, https:\/\/www.radiopiu.net\/wordpress\/wp-content\/uploads\/2021\/07\/913d570e-c6f6-449a-b37d-919a2b087536-768x768.jpg 768w, https:\/\/www.radiopiu.net\/wordpress\/wp-content\/uploads\/2021\/07\/913d570e-c6f6-449a-b37d-919a2b087536.jpg 1080w\" sizes=\"auto, (max-width: 150px) 100vw, 150px\" \/><\/a>\n\t\t\t\t<\/dt><\/dl><dl class='gallery-item'>\n\t\t\t\t<dt class='gallery-icon landscape'>\n\t\t\t\t\t<a class=\"rollover rollover-zoom dt-pswp-item\" title=\"818755fe-446f-499b-8582-580595c7a6de\" data-dt-img-description=\"\" data-large_image_width=\"1080\" data-large_image_height=\"1080\"href='https:\/\/www.radiopiu.net\/wordpress\/wp-content\/uploads\/2021\/07\/818755fe-446f-499b-8582-580595c7a6de.jpg'><img loading=\"lazy\" decoding=\"async\" width=\"150\" height=\"150\" src=\"https:\/\/www.radiopiu.net\/wordpress\/wp-content\/uploads\/2021\/07\/818755fe-446f-499b-8582-580595c7a6de-150x150.jpg\" class=\"attachment-thumbnail size-thumbnail\" alt=\"\" srcset=\"https:\/\/www.radiopiu.net\/wordpress\/wp-content\/uploads\/2021\/07\/818755fe-446f-499b-8582-580595c7a6de-150x150.jpg 150w, https:\/\/www.radiopiu.net\/wordpress\/wp-content\/uploads\/2021\/07\/818755fe-446f-499b-8582-580595c7a6de-300x300.jpg 300w, https:\/\/www.radiopiu.net\/wordpress\/wp-content\/uploads\/2021\/07\/818755fe-446f-499b-8582-580595c7a6de-1024x1024.jpg 1024w, https:\/\/www.radiopiu.net\/wordpress\/wp-content\/uploads\/2021\/07\/818755fe-446f-499b-8582-580595c7a6de-768x768.jpg 768w, https:\/\/www.radiopiu.net\/wordpress\/wp-content\/uploads\/2021\/07\/818755fe-446f-499b-8582-580595c7a6de.jpg 1080w\" sizes=\"auto, (max-width: 150px) 100vw, 150px\" \/><\/a>\n\t\t\t\t<\/dt><\/dl><dl class='gallery-item'>\n\t\t\t\t<dt class='gallery-icon portrait'>\n\t\t\t\t\t<a class=\"rollover rollover-zoom dt-pswp-item\" title=\"7c63c0c7-355d-4286-8295-33ce79eec584\" data-dt-img-description=\"\" data-large_image_width=\"1364\" data-large_image_height=\"1366\"href='https:\/\/www.radiopiu.net\/wordpress\/wp-content\/uploads\/2021\/07\/7c63c0c7-355d-4286-8295-33ce79eec584.jpg'><img loading=\"lazy\" decoding=\"async\" width=\"150\" height=\"150\" src=\"https:\/\/www.radiopiu.net\/wordpress\/wp-content\/uploads\/2021\/07\/7c63c0c7-355d-4286-8295-33ce79eec584-150x150.jpg\" class=\"attachment-thumbnail size-thumbnail\" alt=\"\" srcset=\"https:\/\/www.radiopiu.net\/wordpress\/wp-content\/uploads\/2021\/07\/7c63c0c7-355d-4286-8295-33ce79eec584-150x150.jpg 150w, https:\/\/www.radiopiu.net\/wordpress\/wp-content\/uploads\/2021\/07\/7c63c0c7-355d-4286-8295-33ce79eec584-300x300.jpg 300w, https:\/\/www.radiopiu.net\/wordpress\/wp-content\/uploads\/2021\/07\/7c63c0c7-355d-4286-8295-33ce79eec584-1024x1024.jpg 1024w, https:\/\/www.radiopiu.net\/wordpress\/wp-content\/uploads\/2021\/07\/7c63c0c7-355d-4286-8295-33ce79eec584-768x769.jpg 768w, https:\/\/www.radiopiu.net\/wordpress\/wp-content\/uploads\/2021\/07\/7c63c0c7-355d-4286-8295-33ce79eec584.jpg 1364w\" sizes=\"auto, (max-width: 150px) 100vw, 150px\" \/><\/a>\n\t\t\t\t<\/dt><\/dl><dl class='gallery-item'>\n\t\t\t\t<dt class='gallery-icon portrait'>\n\t\t\t\t\t<a class=\"rollover rollover-zoom dt-pswp-item\" title=\"88d6d05d-fd29-44c6-91f2-0abb465138d0\" data-dt-img-description=\"\" data-large_image_width=\"1363\" data-large_image_height=\"1366\"href='https:\/\/www.radiopiu.net\/wordpress\/wp-content\/uploads\/2021\/07\/88d6d05d-fd29-44c6-91f2-0abb465138d0.jpg'><img loading=\"lazy\" decoding=\"async\" width=\"150\" height=\"150\" src=\"https:\/\/www.radiopiu.net\/wordpress\/wp-content\/uploads\/2021\/07\/88d6d05d-fd29-44c6-91f2-0abb465138d0-150x150.jpg\" class=\"attachment-thumbnail size-thumbnail\" alt=\"\" srcset=\"https:\/\/www.radiopiu.net\/wordpress\/wp-content\/uploads\/2021\/07\/88d6d05d-fd29-44c6-91f2-0abb465138d0-150x150.jpg 150w, https:\/\/www.radiopiu.net\/wordpress\/wp-content\/uploads\/2021\/07\/88d6d05d-fd29-44c6-91f2-0abb465138d0-300x300.jpg 300w, https:\/\/www.radiopiu.net\/wordpress\/wp-content\/uploads\/2021\/07\/88d6d05d-fd29-44c6-91f2-0abb465138d0-1022x1024.jpg 1022w, https:\/\/www.radiopiu.net\/wordpress\/wp-content\/uploads\/2021\/07\/88d6d05d-fd29-44c6-91f2-0abb465138d0-768x770.jpg 768w, https:\/\/www.radiopiu.net\/wordpress\/wp-content\/uploads\/2021\/07\/88d6d05d-fd29-44c6-91f2-0abb465138d0.jpg 1363w\" sizes=\"auto, (max-width: 150px) 100vw, 150px\" \/><\/a>\n\t\t\t\t<\/dt><\/dl><br style=\"clear: both\" \/>\n\t\t\t<\/div>\n\n<p>****<\/p>\n","protected":false},"excerpt":{"rendered":"<p>&nbsp; FALCADE \u00a0Il 29\u00b0 Giro del Veneto che si \u00e8 chiuso quest&#8217;oggi a Falcade ha sancito il trionfo della Zalf Euromobil D\u00e9sir\u00e9e\u00a0Fior: ad aggiudicarsi il successo finale, al termine di una quinta ed ultima tappa difficile e rocambolesca, \u00e8 stato il vicentino\u00a0Matteo Zurlo. Il ragazzo diretto da Gianni Faresin, Ilario Contessa e Mauro Busato \u00e8&hellip;<\/p>\n","protected":false},"author":4,"featured_media":219714,"comment_status":"closed","ping_status":"open","sticky":false,"template":"","format":"standard","meta":{"_monsterinsights_skip_tracking":false,"_monsterinsights_sitenote_active":false,"_monsterinsights_sitenote_note":"","_monsterinsights_sitenote_category":0,"footnotes":""},"categories":[49,72],"tags":[],"class_list":["post-219742","post","type-post","status-publish","format-standard","has-post-thumbnail","hentry","category-news-18","category-sport","category-49","category-72","description-off"],"img_url":"https:\/\/www.radiopiu.net\/wordpress\/wp-content\/uploads\/2021\/07\/69b03648-f864-43b9-9a8e-4ad6b691abea.jpg","_links":{"self":[{"href":"https:\/\/www.radiopiu.net\/wordpress\/wp-json\/wp\/v2\/posts\/219742","targetHints":{"allow":["GET"]}}],"collection":[{"href":"https:\/\/www.radiopiu.net\/wordpress\/wp-json\/wp\/v2\/posts"}],"about":[{"href":"https:\/\/www.radiopiu.net\/wordpress\/wp-json\/wp\/v2\/types\/post"}],"author":[{"embeddable":true,"href":"https:\/\/www.radiopiu.net\/wordpress\/wp-json\/wp\/v2\/users\/4"}],"replies":[{"embeddable":true,"href":"https:\/\/www.radiopiu.net\/wordpress\/wp-json\/wp\/v2\/comments?post=219742"}],"version-history":[{"count":0,"href":"https:\/\/www.radiopiu.net\/wordpress\/wp-json\/wp\/v2\/posts\/219742\/revisions"}],"wp:featuredmedia":[{"embeddable":true,"href":"https:\/\/www.radiopiu.net\/wordpress\/wp-json\/wp\/v2\/media\/219714"}],"wp:attachment":[{"href":"https:\/\/www.radiopiu.net\/wordpress\/wp-json\/wp\/v2\/media?parent=219742"}],"wp:term":[{"taxonomy":"category","embeddable":true,"href":"https:\/\/www.radiopiu.net\/wordpress\/wp-json\/wp\/v2\/categories?post=219742"},{"taxonomy":"post_tag","embeddable":true,"href":"https:\/\/www.radiopiu.net\/wordpress\/wp-json\/wp\/v2\/tags?post=219742"}],"curies":[{"name":"wp","href":"https:\/\/api.w.org\/{rel}","templated":true}]}}