{"id":219871,"date":"2021-07-05T06:34:54","date_gmt":"2021-07-05T04:34:54","guid":{"rendered":"https:\/\/www.radiopiu.net\/wordpress\/?p=219871"},"modified":"2021-07-05T10:27:38","modified_gmt":"2021-07-05T08:27:38","slug":"cvcvcv","status":"publish","type":"post","link":"https:\/\/www.radiopiu.net\/wordpress\/cvcvcv\/","title":{"rendered":"SPELEOLOGO FERITO IN UNA GROTTA  PORTATO IN SALVO STAMANE ALLE 6"},"content":{"rendered":"<p><strong><a href=\"https:\/\/www.radiopiu.net\/wordpress\/elicottero-della-protezione-civile-triplice-addestramento-sulle-montagne-bellunesi\/img-20210424-wa0017\/\" rel=\"attachment wp-att-205595\"><img loading=\"lazy\" decoding=\"async\" class=\"size-medium wp-image-205595 alignleft\" src=\"https:\/\/www.radiopiu.net\/wordpress\/wp-content\/uploads\/2021\/04\/IMG-20210424-WA0017-300x225.jpg\" alt=\"\" width=\"300\" height=\"225\" srcset=\"https:\/\/www.radiopiu.net\/wordpress\/wp-content\/uploads\/2021\/04\/IMG-20210424-WA0017-300x225.jpg 300w, https:\/\/www.radiopiu.net\/wordpress\/wp-content\/uploads\/2021\/04\/IMG-20210424-WA0017-1024x768.jpg 1024w, https:\/\/www.radiopiu.net\/wordpress\/wp-content\/uploads\/2021\/04\/IMG-20210424-WA0017-768x576.jpg 768w, https:\/\/www.radiopiu.net\/wordpress\/wp-content\/uploads\/2021\/04\/IMG-20210424-WA0017-1536x1152.jpg 1536w, https:\/\/www.radiopiu.net\/wordpress\/wp-content\/uploads\/2021\/04\/IMG-20210424-WA0017.jpg 1600w\" sizes=\"auto, (max-width: 300px) 100vw, 300px\" \/><\/a>CIMOLAIS (PN)E&#8217; <\/strong>E\u2019 salvo G.C. lo speleologo rimasto ferito in grotta oltre una strettoia a 2000 metri di quota a 20 metri di profondit\u00e0.<br \/>\nDopo aver allargato lo stretto passaggio, \u00e8 stato portato nei pressi dell\u2019uscita della grotta intorno alle 1:30 di questa notte senza l\u2019utilizzo della barella e li all\u2019asciutto ha atteso l\u2019elicottero quando \u00e8 smesso di piovere dopo le 6.<\/p>\n<p>Nel frattempo il padre \u00e8 stato fatto uscire e ha atteso a Casera Lodina quando \u00e8 arrivato il cambio degli speleologi. L\u2019intervento di soccorso si \u00e8 rivelato pi\u00f9 complesso del previsto perch\u00e9 la grotta \u00e8 costituita da serie di pozzi, l\u2019ultimo dei quali molto franoso.<br \/>\nIl ferito era sette metri sotto la strettoia da allargare e non poteva essere spostato perch\u00e9 non c\u2019era spazio sufficiente all\u2019interno. Il lavoro dei disostruttori \u00e8 stato fatto valutando attentamente l\u2019allargamento, per evitare che pezzi di roccia cadessero sul ferito. Si \u00e8 poi deciso, con la valutazione dei medici, di portarlo fuori senza barella, appeso al pannolone \u2013 alle 1.40 era fuori dalla strettoia. Lo speleologo 22enne nella caduta ha riportato un braccio rotto e ferite al volto, senza danni o lesioni alla schiena e arti inferiori che richiedessero necessariamente la barella spinale. L\u2019elisoccorso regionale si \u00e8 alzato in volo alle 6 e lo ha portarlo a valle. I materiali impiegati e tutto il personale del Soccorso speleologico arrivato in quota a 2000 metri verr\u00e0 evacuato con l\u2019elicottero della Protezione Civile. In tutto hanno preso parte all\u2019intervento una quarantina di tecnici del Soccorso Alpino provenienti da Friuli Venezia Giulia, Veneto, Lombardia, Trentino, Umbria e Lazio, non tutti per\u00f2 impiegati nelle operazioni che hanno avuto esito positivo prima del previsto. Lo speleologo ferito appartenente al Gruppo Speleologico CAI Pordenone; \u00e8 un forte esploratore e pur giovane, ha contribuito in maniera determinante alle importanti scoperte del Gruppo di Pordenone degli ultimi anni.<\/p>\n<p>Fonte: Comunicato Stampa del CNSAS FVG delle 6:35 del 5 Luglio<\/p>\n\n\t\t\t<style type='text\/css'>\n\t\t\t\t#gallery-1 {\n\t\t\t\t\tmargin: auto;\n\t\t\t\t}\n\t\t\t\t#gallery-1 .gallery-item {\n\t\t\t\t\tfloat: left;\n\t\t\t\t\tmargin-top: 10px;\n\t\t\t\t\ttext-align: center;\n\t\t\t\t\twidth: 25%;\n\t\t\t\t}\n\t\t\t\t#gallery-1 img {\n\t\t\t\t\tborder: 2px solid #cfcfcf;\n\t\t\t\t}\n\t\t\t\t#gallery-1 .gallery-caption {\n\t\t\t\t\tmargin-left: 0;\n\t\t\t\t}\n\t\t\t\t\/* see gallery_shortcode() in wp-includes\/media.php *\/\n\t\t\t<\/style>\n\t\t<div id='gallery-1' class='dt-gallery-container gallery galleryid-219871 gallery-columns-4 gallery-size-thumbnail'><dl class='gallery-item'>\n\t\t\t\t<dt class='gallery-icon portrait'>\n\t\t\t\t\t<a class=\"rollover rollover-zoom dt-pswp-item\" title=\"IMG-20210705-WA0002\" data-dt-img-description=\"\" data-large_image_width=\"576\" data-large_image_height=\"1024\"href='https:\/\/www.radiopiu.net\/wordpress\/wp-content\/uploads\/2021\/07\/IMG-20210705-WA0002.jpg'><img loading=\"lazy\" decoding=\"async\" width=\"150\" height=\"150\" src=\"https:\/\/www.radiopiu.net\/wordpress\/wp-content\/uploads\/2021\/07\/IMG-20210705-WA0002-150x150.jpg\" class=\"attachment-thumbnail size-thumbnail\" alt=\"\" \/><\/a>\n\t\t\t\t<\/dt><\/dl><dl class='gallery-item'>\n\t\t\t\t<dt class='gallery-icon landscape'>\n\t\t\t\t\t<a class=\"rollover rollover-zoom dt-pswp-item\" title=\"IMG-20210705-WA0003\" data-dt-img-description=\"\" data-large_image_width=\"1599\" data-large_image_height=\"899\"href='https:\/\/www.radiopiu.net\/wordpress\/wp-content\/uploads\/2021\/07\/IMG-20210705-WA0003.jpg'><img loading=\"lazy\" decoding=\"async\" width=\"150\" height=\"150\" src=\"https:\/\/www.radiopiu.net\/wordpress\/wp-content\/uploads\/2021\/07\/IMG-20210705-WA0003-150x150.jpg\" class=\"attachment-thumbnail size-thumbnail\" alt=\"\" \/><\/a>\n\t\t\t\t<\/dt><\/dl><dl class='gallery-item'>\n\t\t\t\t<dt class='gallery-icon portrait'>\n\t\t\t\t\t<a class=\"rollover rollover-zoom dt-pswp-item\" title=\"IMG-20210705-WA0004\" data-dt-img-description=\"\" data-large_image_width=\"1002\" data-large_image_height=\"1336\"href='https:\/\/www.radiopiu.net\/wordpress\/wp-content\/uploads\/2021\/07\/IMG-20210705-WA0004.jpg'><img loading=\"lazy\" decoding=\"async\" width=\"150\" height=\"150\" src=\"https:\/\/www.radiopiu.net\/wordpress\/wp-content\/uploads\/2021\/07\/IMG-20210705-WA0004-150x150.jpg\" class=\"attachment-thumbnail size-thumbnail\" alt=\"\" \/><\/a>\n\t\t\t\t<\/dt><\/dl><dl class='gallery-item'>\n\t\t\t\t<dt class='gallery-icon landscape'>\n\t\t\t\t\t<a class=\"rollover rollover-zoom dt-pswp-item\" title=\"IMG-20210705-WA0006\" data-dt-img-description=\"\" data-large_image_width=\"1024\" data-large_image_height=\"472\"href='https:\/\/www.radiopiu.net\/wordpress\/wp-content\/uploads\/2021\/07\/IMG-20210705-WA0006.jpg'><img loading=\"lazy\" decoding=\"async\" width=\"150\" height=\"150\" src=\"https:\/\/www.radiopiu.net\/wordpress\/wp-content\/uploads\/2021\/07\/IMG-20210705-WA0006-150x150.jpg\" class=\"attachment-thumbnail size-thumbnail\" alt=\"\" \/><\/a>\n\t\t\t\t<\/dt><\/dl><br style=\"clear: both\" \/>\n\t\t\t<\/div>\n\n<div style=\"width: 848px;\" class=\"wp-video\"><video class=\"wp-video-shortcode\" id=\"video-219871-1\" width=\"848\" height=\"480\" preload=\"metadata\" controls=\"controls\"><source type=\"video\/mp4\" src=\"https:\/\/www.radiopiu.net\/wordpress\/wp-content\/uploads\/2021\/07\/VID-20210703-WA0002.mp4?_=1\" \/><a href=\"https:\/\/www.radiopiu.net\/wordpress\/wp-content\/uploads\/2021\/07\/VID-20210703-WA0002.mp4\">https:\/\/www.radiopiu.net\/wordpress\/wp-content\/uploads\/2021\/07\/VID-20210703-WA0002.mp4<\/a><\/video><\/div>\n<p>&nbsp;<\/p>\n<p>&nbsp;<\/p>\n<p>*****<\/p>\n","protected":false},"excerpt":{"rendered":"<p>CIMOLAIS (PN)E&#8217; E\u2019 salvo G.C. lo speleologo rimasto ferito in grotta oltre una strettoia a 2000 metri di quota a 20 metri di profondit\u00e0. Dopo aver allargato lo stretto passaggio, \u00e8 stato portato nei pressi dell\u2019uscita della grotta intorno alle 1:30 di questa notte senza l\u2019utilizzo della barella e li all\u2019asciutto ha atteso l\u2019elicottero quando&hellip;<\/p>\n","protected":false},"author":4,"featured_media":220000,"comment_status":"closed","ping_status":"open","sticky":false,"template":"","format":"standard","meta":{"_monsterinsights_skip_tracking":false,"_monsterinsights_sitenote_active":false,"_monsterinsights_sitenote_note":"","_monsterinsights_sitenote_category":0,"footnotes":""},"categories":[51,49],"tags":[],"class_list":["post-219871","post","type-post","status-publish","format-standard","has-post-thumbnail","hentry","category-evidenza-top","category-news-18","category-51","category-49","description-off"],"img_url":"https:\/\/www.radiopiu.net\/wordpress\/wp-content\/uploads\/2021\/07\/IMG-20210705-WA0006.jpg","_links":{"self":[{"href":"https:\/\/www.radiopiu.net\/wordpress\/wp-json\/wp\/v2\/posts\/219871","targetHints":{"allow":["GET"]}}],"collection":[{"href":"https:\/\/www.radiopiu.net\/wordpress\/wp-json\/wp\/v2\/posts"}],"about":[{"href":"https:\/\/www.radiopiu.net\/wordpress\/wp-json\/wp\/v2\/types\/post"}],"author":[{"embeddable":true,"href":"https:\/\/www.radiopiu.net\/wordpress\/wp-json\/wp\/v2\/users\/4"}],"replies":[{"embeddable":true,"href":"https:\/\/www.radiopiu.net\/wordpress\/wp-json\/wp\/v2\/comments?post=219871"}],"version-history":[{"count":0,"href":"https:\/\/www.radiopiu.net\/wordpress\/wp-json\/wp\/v2\/posts\/219871\/revisions"}],"wp:featuredmedia":[{"embeddable":true,"href":"https:\/\/www.radiopiu.net\/wordpress\/wp-json\/wp\/v2\/media\/220000"}],"wp:attachment":[{"href":"https:\/\/www.radiopiu.net\/wordpress\/wp-json\/wp\/v2\/media?parent=219871"}],"wp:term":[{"taxonomy":"category","embeddable":true,"href":"https:\/\/www.radiopiu.net\/wordpress\/wp-json\/wp\/v2\/categories?post=219871"},{"taxonomy":"post_tag","embeddable":true,"href":"https:\/\/www.radiopiu.net\/wordpress\/wp-json\/wp\/v2\/tags?post=219871"}],"curies":[{"name":"wp","href":"https:\/\/api.w.org\/{rel}","templated":true}]}}