{"id":219880,"date":"2021-07-06T06:00:41","date_gmt":"2021-07-06T04:00:41","guid":{"rendered":"https:\/\/www.radiopiu.net\/wordpress\/?p=219880"},"modified":"2021-07-06T10:15:03","modified_gmt":"2021-07-06T08:15:03","slug":"giornale-radiopiu-06-luglio-2021-direttore-mirko-mezzacasa","status":"publish","type":"post","link":"https:\/\/www.radiopiu.net\/wordpress\/giornale-radiopiu-06-luglio-2021-direttore-mirko-mezzacasa\/","title":{"rendered":"GIORNALE RADIOPIU 06 LUGLIO 2021 DIRETTORE MIRKO MEZZACASA"},"content":{"rendered":"<h2><span style=\"color: #0000ff;\"><span style=\"color: #000000;\"><strong> <a href=\"https:\/\/www.radiopiu.net\/wordpress\/giornale-radiopiu-06-luglio-2021-direttore-mirko-mezzacasa\/raffaella-2\/\" rel=\"attachment wp-att-220141\"><img loading=\"lazy\" decoding=\"async\" class=\" wp-image-220141 alignleft\" src=\"https:\/\/www.radiopiu.net\/wordpress\/wp-content\/uploads\/2021\/07\/raffaella-182x300.jpg\" alt=\"\" width=\"112\" height=\"185\" srcset=\"https:\/\/www.radiopiu.net\/wordpress\/wp-content\/uploads\/2021\/07\/raffaella-182x300.jpg 182w, https:\/\/www.radiopiu.net\/wordpress\/wp-content\/uploads\/2021\/07\/raffaella.jpg 437w\" sizes=\"auto, (max-width: 112px) 100vw, 112px\" \/><\/a>ADDIO REGINA\u00a0<\/strong><\/span><br \/>\n<\/span><\/h2>\n<p>Il volto icona dello spettacolo nazionale si \u00e8 spento per sempre. Addio grande donna, simpatia romagnola.\u00a0 Addio ineguagliabile perfezionista del mestiere. Sei entrata in tutte le nostre case ancora quando la televisione era in bianco e nero. Il colore ci ha poi trasmesso una figura poliedrica: recitazione, canto, conduzione di spettacoli, spontaneit\u00e0 e tanta preparazione<\/p>\n<h2><span style=\"color: #0000ff;\">\u00a0<\/span><\/h2>\n<hr \/>\n<h2><span style=\"color: #0000ff;\">\u00a0PER<strong>\u00a0RICEVERE QUESTO NOTIZIARIO DIRETTAMENTE SUL TUO CELLULARE ISCRIVITI AL CANALE TELEGRAM\u00a0<\/strong><strong>\u201cRADIO PIU\u00a0 INFORMAZIONE\u201d\u00a0<\/strong><\/span><\/h2>\n<blockquote class=\"wp-embedded-content\" data-secret=\"k7Aa5LtJTX\"><p><a href=\"https:\/\/www.radiopiu.net\/wordpress\/fusione-di-comuni-il-dibattito-e-aperto\/\">FUSIONE DI COMUNI? IL DIBATTITO E&#8217; APERTO<\/a><\/p><\/blockquote>\n<p><iframe loading=\"lazy\" class=\"wp-embedded-content\" sandbox=\"allow-scripts\" security=\"restricted\" style=\"position: absolute; clip: rect(1px, 1px, 1px, 1px);\" title=\"&#8220;FUSIONE DI COMUNI? IL DIBATTITO E&#8217; APERTO&#8221; &#8212; Radio Pi\u00f9\" src=\"https:\/\/www.radiopiu.net\/wordpress\/fusione-di-comuni-il-dibattito-e-aperto\/embed\/#?secret=k7Aa5LtJTX\" data-secret=\"k7Aa5LtJTX\" width=\"600\" height=\"338\" frameborder=\"0\" marginwidth=\"0\" marginheight=\"0\" scrolling=\"no\"><\/iframe><\/p>\n<p>&nbsp;<\/p>\n<hr \/>\n<p>&nbsp;<\/p>\n<h3>SCUOLA:\u00a0 RIAPERTURA A FINE SETTEMBRE<\/h3>\n<blockquote><p><strong><img loading=\"lazy\" decoding=\"async\" class=\"alignleft\" src=\"https:\/\/www.radiopiu.net\/wordpress\/wp-content\/uploads\/2021\/04\/SCUOLABUS.jpg\" width=\"239\" height=\"151\" \/>VENEZIA\u00a0<\/strong><em> La nuova data di inizio delle attivit\u00e0 didattiche in Veneto verr\u00e0 resa nota oggi dal Presidente nel corso della conferenza stampa sulla situazione COVID gi\u00e0 in programma per le ore 12,30 nella sede della Protezione Civile Regionale, via Paolucci 34, Marghera.<\/em><\/p><\/blockquote>\n<blockquote><p><em>C\u2019\u00e8 la volont\u00e0 politica di arrivare pi\u00f9 verso la fine di settembre che verso l\u2019inizio. Il pomeriggio \u00e8 trascorso con un lavoro di cesello da parte dell\u2019Assessore Donazzan con l\u2019Ufficio scolastico regionale per fissare la data. Lavoro non semplice perch\u00e9 coinvolge centinaia di migliaia di persone fra studenti, famiglie, professori, personale Ata e amministrativo<\/em><\/p><\/blockquote>\n<p>&nbsp;<\/p>\n<p>&nbsp;<\/p>\n<hr \/>\n<blockquote>\n<h3><\/h3>\n<h3>BELLUNO Domani alle 11.30 nel cortile dell&#8217;istituto Calvi (a Mier, via Concetto Marchesi) saranno inaugurati i nuovi moduli prefabbricati realizzati dalla Provincia, che saranno disposizione della scuola e dell&#8217;istituto Renier. Saranno presenti: &#8211; il presidente della Provincia, Roberto Padrin &#8211; la consigliera delegata all&#8217;edilizia scolastica, Serenella Bogana &#8211; i dirigenti scolastici delle due scuole<br \/>\nL&#8217;istituto Renier &#8211; indirizzo liceo musicale &#8211; proporr\u00e0 anche un brevissimo saggio dei suoi allievi.<\/h3>\n<h3><\/h3>\n<hr \/>\n<\/blockquote>\n<blockquote><p><span style=\"color: #ff0000;\">\u00a0\u00a0<\/span><\/p><\/blockquote>\n<blockquote>\n<h2><span style=\"color: #ff0000;\">\u00a0<\/span><\/h2>\n<h2><span style=\"color: #ff0000;\">MASSO PERICOLANTE SULLA FERRATA, C&#8217;E&#8217; L&#8217;ORDINANZA<\/span><\/h2>\n<\/blockquote>\n<p><strong>LIVINALLONGO<\/strong> vieta il transito sul sentiero n. 21, nel tratto tra cima Col di Lana e cima monte Sief a quota 2.350 metri. Il sentiero\u00a0 attrezzato come segnalato dalla pagina facebook del Cai e da alcuni giorni nei notiziari di RADIO PIU\u00a0 \u00e8\u00a0 minacciato da un grosso masso.<\/p>\n<p><strong>IERI ALLA RADIO\u00a0<\/strong><\/p>\n<div dir=\"auto\"><strong><img loading=\"lazy\" decoding=\"async\" class=\"alignleft\" src=\"https:\/\/www.radiopiu.net\/wordpress\/wp-content\/uploads\/2021\/07\/211708604_4041380565917237_8858972821878356783_n.jpg\" width=\"184\" height=\"245\" \/>LIVINALLONGO<\/strong> L&#8217;allarme dalla pagina facebook del Cai Veneto:<em>\u00a0 &#8220;Si rende noto che nel tratto del sentiero attrezzato che percorre la cresta fra la cima del Col di Lana e la cima del Monte Sief, all\u2019incirca all\u2019altezza del cratere della mina austriaca, si \u00e8 staccato dalla parete un masso di notevoli dimensioni andando ad appoggiarsi alla corda fissa (vedi foto). Ci\u00f2 rappresenta un serio pericolo per gli escursionisti. In attesa delle decisioni del Sindaco del Comune di Livinallongo del Col di Lana, tempestivamente informato, si raccomanda di prestare la massima attenzione e di non usare la corda nel tratto in cui essa \u00e8 in tensione per il peso del masso&#8221;<\/em>.<\/div>\n<div dir=\"auto\">A Livinallongo il problema \u00e8 noto, Diego Grones della Lia da Mont conferma che il sentiero \u00e8 transitabile e i rischi sono limitati. Il sindaco Leandro Grones assicura che\u00a0 l&#8217;eventuale caduta\u00a0 non \u00e8 un rischio per il paese, poich\u00e9 sotto si trova la conca piena di sassi. Piuttosto la situazione preoccupa qualora saltassero gli ancoraggi della ferrata per alpinisti.<\/div>\n<p>&nbsp;<\/p>\n<hr \/>\n<p>&nbsp;<\/p>\n<p><strong><a href=\"https:\/\/www.radiopiu.net\/wordpress\/giornale-radiopiu-16-giugno-2021-direttore-mirko-mezzacasa\/lavorii\/\" rel=\"attachment wp-att-216177\"><img loading=\"lazy\" decoding=\"async\" class=\"size-medium wp-image-216177 alignleft\" src=\"https:\/\/www.radiopiu.net\/wordpress\/wp-content\/uploads\/2021\/06\/LAVORII-300x159.jpg\" sizes=\"auto, (max-width: 300px) 100vw, 300px\" srcset=\"https:\/\/www.radiopiu.net\/wordpress\/wp-content\/uploads\/2021\/06\/LAVORII-300x159.jpg 300w, https:\/\/www.radiopiu.net\/wordpress\/wp-content\/uploads\/2021\/06\/LAVORII.jpg 335w\" alt=\"\" width=\"300\" height=\"159\" \/><\/a><\/strong><\/p>\n<p>&nbsp;<\/p>\n<p><b>GALLERIA \u2018COMELICO\u00a0<\/b>fino al 31 luglio\u00a0 dalle 21 alle\u00a0 6 la galleria sar\u00e0 chiusa al traffico. Per i veicoli pesanti trainanti un rimorchio \u00e8 prevista la deviazione sulla SR 48 \u201cdelle Dolomiti e sulla SP 49 \u201cMisurina\u201d,\u00a0 \u00a0il traffico pesante sar\u00e0 deviato lungo la SP 532 \u201cPasso S. Antonio\u201d. Il traffico leggero\u00a0 sulla SP 532.<\/p>\n<p>&nbsp;<\/p>\n<p><strong>VOLTAGO<\/strong>\u00a0 Fino al 10 luglio, domeniche escluse, per consentire i lavori di esbosco\u00a0 interdizione totale alla circolazione\u00a0 dalle 8 alle 17 lungo la Strada provinciale 26 \u201cdi Digoman\u201d, nei comuni di Rivamonte e Voltago Agordino.\u00a0 Nei periodi non interessati dalle chiusure sar\u00e0 istituto il senso unico alternato regolato da impianto semaforico.<\/p>\n<p><strong>48 DELLE DOLOMITI<\/strong>\u00a0Fino al 16 luglio da Pieve di Livinallongo ad Arabba si potr\u00e0 transitare ma in determinate fasce orarie. Dalle 7 del mattino alle 18 sono infatti previste interruzioni fino a 20 minuti per permettere i lavori di esbosco e realizzazione paramassi. Per tutta la durata dei lavori senso unico alternato nei periodi non interessati delle interruzioni.<\/p>\n<p><strong>ALLEGHE<\/strong>\u00a0Domenica tra le 10 e le 22, per un periodo massimo di 15 minuti sospensione totale della circolazione per manifestazione alpina<\/p>\n<p>&nbsp;<\/p>\n<p>&nbsp;<\/p>\n<p>&nbsp;<\/p>\n<hr \/>\n<p>&nbsp;<\/p>\n<blockquote>\n<h2><a href=\"https:\/\/www.radiopiu.net\/wordpress\/giornale-radiopiu-16-giugno-2021-direttore-mirko-mezzacasa\/lavori-6\/\" rel=\"attachment wp-att-216175\"><img loading=\"lazy\" decoding=\"async\" class=\"wp-image-216175 alignleft\" src=\"https:\/\/www.radiopiu.net\/wordpress\/wp-content\/uploads\/2021\/06\/LAVORI-1-1.jpg\" alt=\"\" width=\"122\" height=\"122\" srcset=\"https:\/\/www.radiopiu.net\/wordpress\/wp-content\/uploads\/2021\/06\/LAVORI-1-1.jpg 300w, https:\/\/www.radiopiu.net\/wordpress\/wp-content\/uploads\/2021\/06\/LAVORI-1-1-150x150.jpg 150w\" sizes=\"auto, (max-width: 122px) 100vw, 122px\" \/><\/a>CANTIERI A ROCCA PIETORE<\/h2>\n<\/blockquote>\n<p><strong>ROCCA PIETORE<\/strong> Fino al 10 luglio \u00e8 chiuso al transito il ponte sul Ru de Molin tra le localit\u00e0 di Santa Maria delle Grazie e Caracoi. Chiusura dell&#8217;area compresa tra la localit\u00e0 di Aur\u00f9 e l&#8217;intersezione con la strada per Laste Fino al 9 luglio \u00e8 chiuso il tratto di strada in localit\u00e0 Col di Rocca nel tratto tra la Centralina Comunale e il bivio in cui si innesta con la strada provinciale 641 lato Sass Negher. . La viabilit\u00e0 da e per l&#8217;abitato di Col di Rocca \u00e8 comunque garantita da altri due accessi esistenti.<\/p>\n<blockquote>\n<h3>ESBOSCO E DIVIETI, S&#8217;ALZANO GLI ALBERI SCHIANTATA DA VAIA<\/h3>\n<\/blockquote>\n<p><strong>CANALE D&#8217;AGORDO<\/strong> Fino al\u00a0 18 dicembre\u00a0 e comunque fino ad ultimazione dei lavori \u00e8 fatto divieto \u00a0di accedere e transitare anche a piedi nelle aree interessate dai lavori di utilizzazione, esbosco e trasporto del lotto boschivo nella zona compresa tra Loc. Mandra de Chi De Dea \u2013 Col dei Prai \u2013 Le Buse Basse ed in ogni caso in tutta la zona soprastante e compresa nella Localit\u00e0 Pian de Sabion. E\u2019 disposta nello stesso periodo <a href=\"https:\/\/www.radiopiu.net\/wordpress\/149923-2\/valle-liera-canale-d-agordo-gares-101\/\" rel=\"attachment wp-att-149932\"><img loading=\"lazy\" decoding=\"async\" class=\"wp-image-149932 alignright\" src=\"https:\/\/www.radiopiu.net\/wordpress\/wp-content\/uploads\/2020\/07\/Valle-Liera-Canale-d-Agordo-Gares-101-300x201.jpg\" alt=\"\" width=\"237\" height=\"159\" srcset=\"https:\/\/www.radiopiu.net\/wordpress\/wp-content\/uploads\/2020\/07\/Valle-Liera-Canale-d-Agordo-Gares-101-300x201.jpg 300w, https:\/\/www.radiopiu.net\/wordpress\/wp-content\/uploads\/2020\/07\/Valle-Liera-Canale-d-Agordo-Gares-101.jpg 500w\" sizes=\"auto, (max-width: 237px) 100vw, 237px\" \/><\/a>l\u2019interruzione del tratto della strada silvopastorale Col dei Prai &#8211; Forzela, in dipendenza delle varie fasi di lavorazione e dei vari sentieri che ad essa confluiscono.<\/p>\n<p>Fino al 18 dicembre\u00a0 limitato il traffico sulla strada comunale della Valle di Gares, in particolare nella Loc. Pian de Sabion, nonch\u00e9 sui parcheggi siti nelle vicinanze ed immediate adiacenze, in dipendenza del trasporto del legname e\/o materiali vari nelle localit\u00e0 stesse, in particolare nei piazzali di deposito. Stessa ordinanza ma sabato e domenica esclusi nella zona compresa tra Gares, La Stia ed adiacenze. Interruzione della strada silvo pastorale n. 12 La Stia, in dipendenza delle varie fasi di lavorazione. Nel periodo dei lavori \u00e8 consentito il transito pedonale per la localit\u00e0 malga Stia attraverso il sentiero CAI n. 754. Nello stesso periodo \u00e8 limitato il traffico sulla strada comunale della Valle di Gares, in\u00a0 particolare dalla Loc. Palafachina fino alla Frazione di Gares, nonch\u00e9 sui parcheggi siti nelle vicinanze ed immediate adiacenze, in dipendenza del trasporto del legname e\/o materiali vari nelle localit\u00e0 stesse, in particolare nei piazzali di deposito<\/p>\n<p>&nbsp;<\/p>\n<p>&nbsp;<\/p>\n<hr \/>\n<p>&nbsp;<\/p>\n<blockquote>\n<h3><strong><a href=\"https:\/\/www.radiopiu.net\/wordpress\/agordo-il-mio-paese-litalia-che-vorrei-di-mirko-mezzacasa\/8cea600a-c88b-4d28-8748-e360e4864c44\/\" rel=\"attachment wp-att-144890\"><img loading=\"lazy\" decoding=\"async\" class=\" wp-image-144890 alignleft\" src=\"https:\/\/www.radiopiu.net\/wordpress\/wp-content\/uploads\/2020\/06\/8cea600a-c88b-4d28-8748-e360e4864c44-300x225.jpg\" alt=\"\" width=\"155\" height=\"116\" srcset=\"https:\/\/www.radiopiu.net\/wordpress\/wp-content\/uploads\/2020\/06\/8cea600a-c88b-4d28-8748-e360e4864c44-300x225.jpg 300w, https:\/\/www.radiopiu.net\/wordpress\/wp-content\/uploads\/2020\/06\/8cea600a-c88b-4d28-8748-e360e4864c44-1024x768.jpg 1024w, https:\/\/www.radiopiu.net\/wordpress\/wp-content\/uploads\/2020\/06\/8cea600a-c88b-4d28-8748-e360e4864c44-768x576.jpg 768w, https:\/\/www.radiopiu.net\/wordpress\/wp-content\/uploads\/2020\/06\/8cea600a-c88b-4d28-8748-e360e4864c44-1536x1152.jpg 1536w, https:\/\/www.radiopiu.net\/wordpress\/wp-content\/uploads\/2020\/06\/8cea600a-c88b-4d28-8748-e360e4864c44.jpg 2048w\" sizes=\"auto, (max-width: 155px) 100vw, 155px\" \/><\/a><\/strong>LAVORI DI RIFACIMENTO DEL PONTE SUL TORRENTE CAMPREGANA<\/h3>\n<\/blockquote>\n<p><strong>AGORDO<\/strong> Fino al 16 luglio, per le frazioni Farenzena e Val di Frela deviazioni per la\u00a0 strada silvo-pastorale Farenzena-Don <em>Transito consentito <strong>A SALIRE<\/strong>, da frazione FARENZENA a localita\u0300 DON: dalle 6 alle 7:45, dalle 9 alle 9:45, dalle 11:00 alle 11:45, dalle 13 alle 13:45 &#8211; dalle 15 alle 15:45, dalle 17 alle 17:45, dalle 19 alle 19:45. Transito consentito<strong> A SCENDERE<\/strong>, da localita\u0300 DON a frazione FARENZENA: dalle 8 alle 8:45, dalle 10 alle 10:45, dalle 12 alle 12:45, dalle 14 alle 14:45, dalle 16 alle 16:45, dalle 18 alle 18:45, dalle 20 alle 20:45. Dalle ore 20:45 alle ore 05:45 la circolazione dei veicoli e\u0300 consentita contemporaneamente in entrambi i sensi di marcia.\u00a0\u00a0<\/em><\/p>\n<p>&nbsp;<\/p>\n<hr \/>\n<p>&nbsp;<\/p>\n<blockquote>\n<h3><span style=\"color: #ff0000;\">OGGI SUL CORRIERE DELLE ALPI: RADIOLOGIA MANCANO MEDICI E L&#8217;ULSS ESTERNALIZZA IL SERVIZIO.\u00a0<\/span><\/h3>\n<\/blockquote>\n<p><strong>Nell&#8217;ultimo anno ne sono rimasti soltanto 12 (su 21) tra Belluno, Agordo e Pieve Prestazioni ambulatoriali ridotte, per garantire ferie e turni c&#8217;\u00e8 una ditta romana<\/strong><\/p>\n<p>&nbsp;<\/p>\n<hr \/>\n<p>&nbsp;<\/p>\n<blockquote>\n<h3>RUZZOLA PER DECINE DI METRI, SI FERMA SOPRA IL SALTO DI ROCCIA<\/h3>\n<\/blockquote>\n<p><strong><img loading=\"lazy\" decoding=\"async\" class=\"alignleft\" src=\"https:\/\/www.radiopiu.net\/wordpress\/wp-content\/uploads\/2020\/11\/salt_20201115_210146_846.jpg\" width=\"162\" height=\"122\" \/>ALPAGO\u00a0<\/strong> Escursionista ruzzolata per una trentina di metri lungo un ghiaione. R.T., 57 anni, di Vittorio Veneto (TV), stava percorrendo il sentiero numero 926 che porta al Rifugio Semenza quando, perso l&#8217;equilibrio, \u00e8 caduta di lato fermandosi dopo alcune decine di metri sopra un salto di roccia. Il compagno \u00e8 quindi corso a cercare copertura telefonica per lanciare l&#8217;allarme. Individuato il punto in cui si trovava la donna, l&#8217;eliambulanza ha sbarcato con un verricello di 15 metri tecnico di elisoccorso e medico. Stabilizzata per un possibile trauma alla gamba, l&#8217;infortunata \u00e8 stata issata a bordo, per essere trasportata all&#8217;ospedale di Conegliano.<\/p>\n<p>&nbsp;<\/p>\n<p>&nbsp;<\/p>\n<hr \/>\n<p>&nbsp;<\/p>\n<blockquote>\n<h3>SCIVOLA SUL GHIAIONE A PASSO GIAU, FERITO AL VOLTO E ALLA GAMBA<\/h3>\n<\/blockquote>\n<p><strong><img loading=\"lazy\" decoding=\"async\" class=\"alignleft\" src=\"https:\/\/www.radiopiu.net\/wordpress\/wp-content\/uploads\/2020\/06\/Passo-Giau-scaled.jpg\" width=\"176\" height=\"117\" \/>COLLE SANTA LUCIA\u00a0<\/strong> Un escursionista \u00e8 caduto in un ghiaione, mentre con 4 amici percorreva il sentiero numero 436 che da Passo Giau porta a Forcella Giau. F.B. 67 anni, di Martellago (Venezia) \u00e8 ruzzolato nelle vicinanze di Forcella Col Piombin per alcune decine di metri, riportando un trauma al volto e a una gamba. Risalito al luogo dell&#8217;incidente dalle coordinate ricevute, l&#8217;elicottero del Suem di Pieve di Cadore ha sbarcato a 2.200 metri di quota, in hovering, nelle vicinanze equipe medica e tecnico di elisoccorso. L&#8217;infortunato \u00e8 stato imbarellato e spostato in un punto pi\u00f9 agevole per il recupero, avvenuto con un verricello di 20 metri. L&#8217;escursionista \u00e8 stato accompagnato all&#8217;ospedale di Belluno.<\/p>\n<blockquote>\n<h3><\/h3>\n<\/blockquote>\n<hr \/>\n<blockquote>\n<h3><\/h3>\n<h3>ALPINISTI CON LE CORDE INCASTRATE RECUPERATI SULLE CINQUE TORRI<\/h3>\n<\/blockquote>\n<p><strong><a href=\"https:\/\/www.radiopiu.net\/wordpress\/alpinisti-con-le-corde-incastrate-recuperati-sulle-cinque-torri\/salt_20210705_170930_093\/\" rel=\"attachment wp-att-220100\"><img loading=\"lazy\" decoding=\"async\" class=\"wp-image-220100 alignleft\" src=\"https:\/\/www.radiopiu.net\/wordpress\/wp-content\/uploads\/2021\/07\/salt_20210705_170930_093-225x300.jpg\" alt=\"\" width=\"134\" height=\"179\" srcset=\"https:\/\/www.radiopiu.net\/wordpress\/wp-content\/uploads\/2021\/07\/salt_20210705_170930_093-225x300.jpg 225w, https:\/\/www.radiopiu.net\/wordpress\/wp-content\/uploads\/2021\/07\/salt_20210705_170930_093-768x1024.jpg 768w, https:\/\/www.radiopiu.net\/wordpress\/wp-content\/uploads\/2021\/07\/salt_20210705_170930_093-1152x1536.jpg 1152w, https:\/\/www.radiopiu.net\/wordpress\/wp-content\/uploads\/2021\/07\/salt_20210705_170930_093-1536x2048.jpg 1536w, https:\/\/www.radiopiu.net\/wordpress\/wp-content\/uploads\/2021\/07\/salt_20210705_170930_093.jpg 1773w\" sizes=\"auto, (max-width: 134px) 100vw, 134px\" \/><\/a>CORTINA<\/strong> Cordata di alpinisti fiorentini bloccati a causa delle corde incastrate nella roccia. I due, G.B., 39 anni, di Sesto Fiorentino, e M.F., 40 anni, di San Casciano Val di Pesa, che avevano scalato la Via Dibona &#8211; Nasc\u00e8, sulla Torre Nord della Grande, sono stati raggiunti in parete dal tecnico di elisoccorso, sceso con un verricello di 40 metri. In due rotazioni gli alpinisti sono quindi stati recuperati e trasportati al Rifugio Scoiattoli.<\/p>\n<blockquote><p>&nbsp;<\/p>\n<p>&nbsp;<\/p>\n<p>&nbsp;<\/p>\n<hr \/>\n<h3><\/h3>\n<h3>INCASTRATO TRA I TRONCHI DI VAIA<\/h3>\n<\/blockquote>\n<div dir=\"auto\"><strong>BORGO VALBELLUNA <\/strong>Risalendo la stradina che porta al Bivacco Casera Pilon un uomo si \u00e8 procurato un sospetto trauma alla caviglia, dopo aver infilato il piede tra due tronchi schiantati da Vaia. V.V. 68 anni, di Musile di Piave (VE), che si trovava con la moglie, \u00e8 stato raggiunto con il fuoristrada dalla squadra, che lo ha poi accompagnato fino alla Casa scout a Cordellon, dove la coppia aveva parcheggiato l&#8217;auto e da dove si \u00e8 allontanata autonomamente.<\/div>\n<div dir=\"auto\"><\/div>\n<div dir=\"auto\"><\/div>\n<div dir=\"auto\">\n<hr \/>\n<\/div>\n<div dir=\"auto\"><\/div>\n<blockquote>\n<h3 dir=\"auto\">L&#8217;ATTERRAGGIO MORBIDO E&#8217; UN&#8217;ALTRA COSA, TEDESCA IN OSPEDALE<\/h3>\n<\/blockquote>\n<div dir=\"auto\"><\/div>\n<div dir=\"auto\">\n<p><strong>BELLUN<\/strong>O Una pilota di parapendio tedesca, precipitata in un prato a Salzen. La donna, che aveva mandato le coordinate del posto dove era caduta, \u00e8 stata raggiunta dall&#8217;elicottero del Suem di Pieve di Cadore. Visitata per un probabile trauma toracico, \u00e8 stata imbarcata e trasportata all&#8217;ospedale di Feltre. Sul posto il Soccorso alpino di Feltre e un&#8217;ambulanza.<\/p>\n<p>&nbsp;<\/p>\n<\/div>\n<p>&nbsp;<\/p>\n<hr \/>\n<p>&nbsp;<\/p>\n<blockquote>\n<h3>SPELEOLOGO FERITO IN UNA GROTTA PORTATO IN SALVO IERI MATTINA ALLE 6<\/h3>\n<\/blockquote>\n<p><strong><a href=\"https:\/\/www.radiopiu.net\/wordpress\/elicottero-della-protezione-civile-triplice-addestramento-sulle-montagne-bellunesi\/img-20210424-wa0017\/\" rel=\"attachment wp-att-205595\"><img loading=\"lazy\" decoding=\"async\" class=\"size-medium wp-image-205595 alignleft\" src=\"https:\/\/www.radiopiu.net\/wordpress\/wp-content\/uploads\/2021\/04\/IMG-20210424-WA0017-300x225.jpg\" alt=\"\" width=\"300\" height=\"225\" srcset=\"https:\/\/www.radiopiu.net\/wordpress\/wp-content\/uploads\/2021\/04\/IMG-20210424-WA0017-300x225.jpg 300w, https:\/\/www.radiopiu.net\/wordpress\/wp-content\/uploads\/2021\/04\/IMG-20210424-WA0017-1024x768.jpg 1024w, https:\/\/www.radiopiu.net\/wordpress\/wp-content\/uploads\/2021\/04\/IMG-20210424-WA0017-768x576.jpg 768w, https:\/\/www.radiopiu.net\/wordpress\/wp-content\/uploads\/2021\/04\/IMG-20210424-WA0017-1536x1152.jpg 1536w, https:\/\/www.radiopiu.net\/wordpress\/wp-content\/uploads\/2021\/04\/IMG-20210424-WA0017.jpg 1600w\" sizes=\"auto, (max-width: 300px) 100vw, 300px\" \/><\/a><\/strong><\/p>\n<p>&nbsp;<\/p>\n<p><strong>CIMOLAIS (PN) <\/strong>E&#8217; salvo lo speleologo G.C. di Roveredo in Piano (PN) rimasto ferito nella grotta di Buca Mongana, dove si trovava in esplorazione con il padre e il fratello. I soccorritori lo hannno tenuto al riparo dalla pioggia fino a poco dopo le sei del mattino di ieri\u00a0 a cinque metri dall&#8217;uscita, mentre il padre \u00e8 stato fatto uscire e ha atteso a Casera Lodina quando \u00e8 arrivato il cambio degli speleologi.<\/p>\n<div style=\"width: 848px;\" class=\"wp-video\"><video class=\"wp-video-shortcode\" id=\"video-219880-1\" width=\"848\" height=\"480\" preload=\"metadata\" controls=\"controls\"><source type=\"video\/mp4\" src=\"https:\/\/www.radiopiu.net\/wordpress\/wp-content\/uploads\/2021\/07\/VID-20210703-WA0002.mp4?_=1\" \/><a href=\"https:\/\/www.radiopiu.net\/wordpress\/wp-content\/uploads\/2021\/07\/VID-20210703-WA0002.mp4\">https:\/\/www.radiopiu.net\/wordpress\/wp-content\/uploads\/2021\/07\/VID-20210703-WA0002.mp4<\/a><\/video><\/div>\n<p>&nbsp;<\/p>\n<hr \/>\n<p>&nbsp;<\/p>\n<blockquote>\n<h3>NEI GIORNI DELLE EMERGENZE LA TELECOM E&#8217; LATITANE, MA NON E&#8217; UNA NOVITA&#8217;. RIFUGI SENZA TELEFONO COME SUCCEDE SPESSO AD INIZIO STAGIONE<\/h3>\n<\/blockquote>\n<p><strong>COMELICO<\/strong> I Rifugi sono presidi fondamentali per la montagna e i qui frequentatori, ma tutto deve funzionare, soprattutto il telefono . Al rifugio Lunelli e al rifugio Berti non c&#8217;\u00e8 il segnale del\u00a0 telefono fisso dallo scorso maggio. Lo scorso anno era capitato al Rifugio Coldai e solo una serie di proteste sugli organi di informazione ha smosso i tecnici telecom che si sono dati da fare, ma sono serviti articoli e pepati inviti. Anche quest&#8217;estate i gestori prima\u00a0 hanno provato a sollecitare la Telecom e poi\u00a0 si sono rivolti ai carabinieri. Telecom? E chi mai l&#8217;ha sentita&#8230;<\/p>\n<p>&nbsp;<\/p>\n<hr \/>\n<p>&nbsp;<\/p>\n<p>&nbsp;<\/p>\n<blockquote>\n<h3>IL SERPENTE NEL SACCO DEI VIGILI DEL FUOCO VOLONTARI<\/h3>\n<\/blockquote>\n<p><strong>AURONZO<\/strong> Ieri mattina i vigili del fuoco sono intervenuti in Via Pais ad Auronzo di Cadore per il recupero di un serpente nei pressi di un albergo. Il rettile \u00e8 stato catturato dai vigili del fuoco volontari di Auronzo, messo in un sacco e consegnato ai carabinieri forestali.<\/p>\n\n\t\t\t<style type='text\/css'>\n\t\t\t\t#gallery-1 {\n\t\t\t\t\tmargin: auto;\n\t\t\t\t}\n\t\t\t\t#gallery-1 .gallery-item {\n\t\t\t\t\tfloat: left;\n\t\t\t\t\tmargin-top: 10px;\n\t\t\t\t\ttext-align: center;\n\t\t\t\t\twidth: 50%;\n\t\t\t\t}\n\t\t\t\t#gallery-1 img {\n\t\t\t\t\tborder: 2px solid #cfcfcf;\n\t\t\t\t}\n\t\t\t\t#gallery-1 .gallery-caption {\n\t\t\t\t\tmargin-left: 0;\n\t\t\t\t}\n\t\t\t\t\/* see gallery_shortcode() in wp-includes\/media.php *\/\n\t\t\t<\/style>\n\t\t<div id='gallery-1' class='dt-gallery-container gallery galleryid-219880 gallery-columns-2 gallery-size-thumbnail'><dl class='gallery-item'>\n\t\t\t\t<dt class='gallery-icon landscape'>\n\t\t\t\t\t<a class=\"rollover rollover-zoom dt-pswp-item\" title=\"78fd5686-ed28-4764-b4db-2d22fd0141fc\" data-dt-img-description=\"\" data-large_image_width=\"806\" data-large_image_height=\"578\"href='https:\/\/www.radiopiu.net\/wordpress\/wp-content\/uploads\/2021\/07\/78fd5686-ed28-4764-b4db-2d22fd0141fc.jpg'><img loading=\"lazy\" decoding=\"async\" width=\"150\" height=\"150\" src=\"https:\/\/www.radiopiu.net\/wordpress\/wp-content\/uploads\/2021\/07\/78fd5686-ed28-4764-b4db-2d22fd0141fc-150x150.jpg\" class=\"attachment-thumbnail size-thumbnail\" alt=\"\" \/><\/a>\n\t\t\t\t<\/dt><\/dl><dl class='gallery-item'>\n\t\t\t\t<dt class='gallery-icon landscape'>\n\t\t\t\t\t<a class=\"rollover rollover-zoom dt-pswp-item\" title=\"eb2d98b3-61f6-4854-88f2-7bdfaba89463\" data-dt-img-description=\"\" data-large_image_width=\"1061\" data-large_image_height=\"746\"href='https:\/\/www.radiopiu.net\/wordpress\/wp-content\/uploads\/2021\/07\/eb2d98b3-61f6-4854-88f2-7bdfaba89463.jpg'><img loading=\"lazy\" decoding=\"async\" width=\"150\" height=\"150\" src=\"https:\/\/www.radiopiu.net\/wordpress\/wp-content\/uploads\/2021\/07\/eb2d98b3-61f6-4854-88f2-7bdfaba89463-150x150.jpg\" class=\"attachment-thumbnail size-thumbnail\" alt=\"\" \/><\/a>\n\t\t\t\t<\/dt><\/dl><br style=\"clear: both\" \/>\n\t\t\t<\/div>\n\n<hr \/>\n<p>&nbsp;<\/p>\n<blockquote>\n<h3>PERDE IL CARICO IN STRADA, DISAGI SULLA FELTRINA<br \/>\n<strong style=\"font-size: 14px;\">\u00a0<\/strong><\/h3>\n<h3><strong style=\"font-size: 14px;\">QUERO<\/strong><span style=\"font-size: 14px; font-weight: normal;\"> Un mezzo pesante ha perso il carico di <\/span><span style=\"font-size: 14px; font-weight: normal;\">\u00a0di traversine lungo la destra Piave ed \u00e8 finito nel fossato a bordo strada. Un secondo incidente grave ha costretto alla chiusura e alla regolamentazione della viabilit\u00e0 di tutta la destra Piave.<\/span><\/h3>\n<\/blockquote>\n<p>&nbsp;<\/p>\n<hr \/>\n<p>&nbsp;<\/p>\n<blockquote>\n<h3>ACCANTO A TE: IL NUOVO SERVIZIO DI ASCOLTO PSICOLOGICO DI LUXOTTICA<\/h3>\n<\/blockquote>\n<p><strong><a href=\"https:\/\/www.radiopiu.net\/wordpress\/luxottica-a-settembre-parte-la-flessibilita-allo-stabilimento-di-agordo\/luxottica-2020\/\" rel=\"attachment wp-att-157799\"><img loading=\"lazy\" decoding=\"async\" class=\"size-medium wp-image-157799 alignleft\" src=\"https:\/\/www.radiopiu.net\/wordpress\/wp-content\/uploads\/2020\/08\/LUXOTTICA-2020-300x225.jpg\" alt=\"\" width=\"300\" height=\"225\" srcset=\"https:\/\/www.radiopiu.net\/wordpress\/wp-content\/uploads\/2020\/08\/LUXOTTICA-2020-300x225.jpg 300w, https:\/\/www.radiopiu.net\/wordpress\/wp-content\/uploads\/2020\/08\/LUXOTTICA-2020-1024x768.jpg 1024w, https:\/\/www.radiopiu.net\/wordpress\/wp-content\/uploads\/2020\/08\/LUXOTTICA-2020-768x576.jpg 768w, https:\/\/www.radiopiu.net\/wordpress\/wp-content\/uploads\/2020\/08\/LUXOTTICA-2020-1536x1152.jpg 1536w, https:\/\/www.radiopiu.net\/wordpress\/wp-content\/uploads\/2020\/08\/LUXOTTICA-2020-640x480.jpg 640w, https:\/\/www.radiopiu.net\/wordpress\/wp-content\/uploads\/2020\/08\/LUXOTTICA-2020.jpg 2048w\" sizes=\"auto, (max-width: 300px) 100vw, 300px\" \/><\/a>AGORDO<\/strong> A partire da oggi \u00e8 attivo un nuovo servizio welfare per tutti i dipendenti Luxottica. Si chiama &#8220;Accanto a te&#8221; ed \u00e8 un servizio di ascolto, sostegno e accompagnamento psicologico nel pieno rispetto della riservatezza. Tutte le maestranze potranno richiedere supporto al numero verde 800 386 330 oppure tramite un portale dedicato le cui credenziali sono state inviate tramite mail a tutti coloro che lavorano in Luxottica. Inoltre si potr\u00e0 beneficiare di tre incontri con uno psicologo di fiducia. Si potr\u00e0 beneficiare di un servizio di assistenza per problematiche di carattere\u00a0familiare e sociale, come: gestione di figli minori (babysitter, asili nido, etc.), gestione di situazioni di non autosufficienza (cure sanitarie, diagnosi, invalidit\u00e0, legge 104, strutture adibite a cure sanitarie specifiche, etc.), assistenza agli anziani (centri diurni, RSA, assistenza domiciliare sanitaria, ricerca badante, etc.), cure palliative (come attivare l\u2019iter, documentazione necessaria, strutture dedicate, etc.).<\/p>\n<p>&nbsp;<\/p>\n<p>&nbsp;<\/p>\n<p>&nbsp;<\/p>\n<p>&nbsp;<\/p>\n<hr \/>\n<p>&nbsp;<\/p>\n<blockquote>\n<h3>RISALE L&#8217;INCIDENZA AL 10,5 OGNI 100 MILA ABITANTI, AMPIA MAGGIORANZA DEI COMUNI LIBERI DAL COVID<\/h3>\n<\/blockquote>\n<p><strong><a href=\"https:\/\/www.radiopiu.net\/wordpress\/risale-lincidenza-al-105-ogni-100-mila-abitanti-ampia-maggioranza-dei-comuni-libera-dal-covid\/493eef7b-5a9a-41e4-aeec-2fe865cae135\/\" rel=\"attachment wp-att-220083\"><img loading=\"lazy\" decoding=\"async\" class=\"wp-image-220083 alignleft\" src=\"https:\/\/www.radiopiu.net\/wordpress\/wp-content\/uploads\/2021\/07\/493eef7b-5a9a-41e4-aeec-2fe865cae135.jpg\" alt=\"\" width=\"257\" height=\"280\" srcset=\"https:\/\/www.radiopiu.net\/wordpress\/wp-content\/uploads\/2021\/07\/493eef7b-5a9a-41e4-aeec-2fe865cae135.jpg 849w, https:\/\/www.radiopiu.net\/wordpress\/wp-content\/uploads\/2021\/07\/493eef7b-5a9a-41e4-aeec-2fe865cae135-275x300.jpg 275w, https:\/\/www.radiopiu.net\/wordpress\/wp-content\/uploads\/2021\/07\/493eef7b-5a9a-41e4-aeec-2fe865cae135-768x837.jpg 768w\" sizes=\"auto, (max-width: 257px) 100vw, 257px\" \/><\/a>BELLUNO<\/strong> Gli ultimi numeri dalla Ulss1; <span style=\"font-size: medium; color: #000000;\">287 mila tamponi molecolari, <\/span><span style=\"font-size: medium; color: #000000;\">205 mila tamponi antigenici. <\/span><span style=\"color: #000000;\"><span style=\"font-size: medium;\">L&#8217;incidenza settimanale registrata in provincia \u00e8 pari a <\/span><span style=\"font-size: medium;\">1<\/span><span style=\"font-size: medium;\">0,5 per 100 mila abitanti, di poco superiore all&#8217;incidenza nazionale (<\/span><span style=\"font-size: medium;\">9<\/span><span style=\"font-size: medium;\"> su 100 mila abitanti). <\/span><\/span><span style=\"color: #000000;\"><span style=\"font-size: medium;\">\u00a0<\/span><\/span><span style=\"color: #000000;\"><span style=\"font-size: medium;\">L&#8217;analisi complessiva dei soggetti isolati per Covid (database ulss Dolomiti) consente di definire la mappa dei Comuni &#8220;Covid free&#8221; (Comuni nei quali non \u00e8 presente alcun soggetto covid positivo), all&#8217;appello ne mancano solo6, in ogni modo\u00a0 la<\/span><\/span><span style=\"color: #000000;\"><span style=\"font-size: medium;\">\u00a0mappa mette in evidenza che un&#8217;ampia <a href=\"https:\/\/www.radiopiu.net\/wordpress\/risale-lincidenza-al-105-ogni-100-mila-abitanti-ampia-maggioranza-dei-comuni-libera-dal-covid\/attachment\/222222222222\/\" rel=\"attachment wp-att-220081\"><img loading=\"lazy\" decoding=\"async\" class=\"wp-image-220081 alignright\" src=\"https:\/\/www.radiopiu.net\/wordpress\/wp-content\/uploads\/2021\/07\/222222222222-290x300.png\" alt=\"\" width=\"196\" height=\"203\" srcset=\"https:\/\/www.radiopiu.net\/wordpress\/wp-content\/uploads\/2021\/07\/222222222222-290x300.png 290w, https:\/\/www.radiopiu.net\/wordpress\/wp-content\/uploads\/2021\/07\/222222222222-991x1024.png 991w, https:\/\/www.radiopiu.net\/wordpress\/wp-content\/uploads\/2021\/07\/222222222222-768x794.png 768w, https:\/\/www.radiopiu.net\/wordpress\/wp-content\/uploads\/2021\/07\/222222222222-1486x1536.png 1486w, https:\/\/www.radiopiu.net\/wordpress\/wp-content\/uploads\/2021\/07\/222222222222.png 1548w\" sizes=\"auto, (max-width: 196px) 100vw, 196px\" \/><\/a>maggioranza dei Comuni della Provincia pu\u00f2 essere definita libera dal Covid. <\/span><\/span>Nella tabella a lato i casi degli ultimi sette giorni\u00a0 che\u00a0 rispecchia la\u00a0 mappa\u00a0 precedente,\u00a0 infatti\u00a0 Pedavena, Fonzaso,\u00a0 Feltre\u00a0 hanno\u00a0 fatto\u00a0 segnare un&#8217;incidenza tra 51 e 100\u00a0 mentre\u00a0 Lamon\u00a0 e Arsi\u00e8\u00a0 con Belluno\u00a0 1-50<\/p>\n<p><span style=\"color: #000000;\"><span style=\"font-size: medium;\">Ecco infine la curva epidemica <\/span><span style=\"font-size: medium;\">relativa alla seconda e terza fase dello sviluppo pandemico nel nostro territorio. Appare evidente il sostanziale appiattimento di tale curva con una casistica o residuale, caratterizzata negli ultimi giorni da una ventina di casi negli ultimi 4 giorni con evidenza di un significativo focolaio giovanile nel Feltrino , collegato ad eventi sportivo sociali del 26 giugno scorso e coinvolgente ad oggi 12 ragazzi.\u00a0<\/span><\/span><a href=\"https:\/\/www.radiopiu.net\/wordpress\/risale-lincidenza-al-105-ogni-100-mila-abitanti-ampia-maggioranza-dei-comuni-libera-dal-covid\/attachment\/111111\/\" rel=\"attachment wp-att-220082\"><img loading=\"lazy\" decoding=\"async\" class=\"wp-image-220082 aligncenter\" src=\"https:\/\/www.radiopiu.net\/wordpress\/wp-content\/uploads\/2021\/07\/111111.png\" alt=\"\" width=\"458\" height=\"213\" srcset=\"https:\/\/www.radiopiu.net\/wordpress\/wp-content\/uploads\/2021\/07\/111111.png 1332w, https:\/\/www.radiopiu.net\/wordpress\/wp-content\/uploads\/2021\/07\/111111-300x139.png 300w, https:\/\/www.radiopiu.net\/wordpress\/wp-content\/uploads\/2021\/07\/111111-1024x476.png 1024w, https:\/\/www.radiopiu.net\/wordpress\/wp-content\/uploads\/2021\/07\/111111-768x357.png 768w\" sizes=\"auto, (max-width: 458px) 100vw, 458px\" \/><\/a><\/p>\n<p>&nbsp;<\/p>\n<p>&nbsp;<\/p>\n<p>&nbsp;<\/p>\n<p>&nbsp;<\/p>\n<hr \/>\n<p>&nbsp;<\/p>\n<p>&nbsp;<\/p>\n<blockquote class=\"wp-embedded-content\" data-secret=\"Q2THAcry5n\"><p><a href=\"https:\/\/www.radiopiu.net\/wordpress\/aggiornamentolug05\/\">CORONAVIRUS: AGGIORNAMENTO NAZIONALE 05 LUGLIO  2021<\/a><\/p><\/blockquote>\n<p><iframe loading=\"lazy\" class=\"wp-embedded-content\" sandbox=\"allow-scripts\" security=\"restricted\" style=\"position: absolute; clip: rect(1px, 1px, 1px, 1px);\" title=\"&#8220;CORONAVIRUS: AGGIORNAMENTO NAZIONALE 05 LUGLIO  2021&#8221; &#8212; Radio Pi\u00f9\" src=\"https:\/\/www.radiopiu.net\/wordpress\/aggiornamentolug05\/embed\/#?secret=Q2THAcry5n\" data-secret=\"Q2THAcry5n\" width=\"600\" height=\"338\" frameborder=\"0\" marginwidth=\"0\" marginheight=\"0\" scrolling=\"no\"><\/iframe><\/p>\n<p>&nbsp;<\/p>\n<p>&nbsp;<\/p>\n<blockquote class=\"wp-embedded-content\" data-secret=\"wkZ8egEBg8\"><p><a href=\"https:\/\/www.radiopiu.net\/wordpress\/sono-45-i-nuovi-positivi-in-veneto-nessun-decesso-e-ricoveri-stabili-a-belluno-5-positivita-in-piu\/\">SONO 45 I NUOVI POSITIVI IN VENETO, NESSUN DECESSO E RICOVERI STABILI. A BELLUNO 5 POSITIVITA&#8217; IN PIU&#8217;<\/a><\/p><\/blockquote>\n<p><iframe loading=\"lazy\" class=\"wp-embedded-content\" sandbox=\"allow-scripts\" security=\"restricted\" style=\"position: absolute; clip: rect(1px, 1px, 1px, 1px);\" title=\"&#8220;SONO 45 I NUOVI POSITIVI IN VENETO, NESSUN DECESSO E RICOVERI STABILI. A BELLUNO 5 POSITIVITA&#8217; IN PIU&#8217;&#8221; &#8212; Radio Pi\u00f9\" src=\"https:\/\/www.radiopiu.net\/wordpress\/sono-45-i-nuovi-positivi-in-veneto-nessun-decesso-e-ricoveri-stabili-a-belluno-5-positivita-in-piu\/embed\/#?secret=wkZ8egEBg8\" data-secret=\"wkZ8egEBg8\" width=\"600\" height=\"338\" frameborder=\"0\" marginwidth=\"0\" marginheight=\"0\" scrolling=\"no\"><\/iframe><\/p>\n<blockquote>\n<h3>I GRAFICI DI TIZIANO DE COL<\/h3>\n<\/blockquote>\n\n\t\t\t<style type='text\/css'>\n\t\t\t\t#gallery-2 {\n\t\t\t\t\tmargin: auto;\n\t\t\t\t}\n\t\t\t\t#gallery-2 .gallery-item {\n\t\t\t\t\tfloat: left;\n\t\t\t\t\tmargin-top: 10px;\n\t\t\t\t\ttext-align: center;\n\t\t\t\t\twidth: 20%;\n\t\t\t\t}\n\t\t\t\t#gallery-2 img {\n\t\t\t\t\tborder: 2px solid #cfcfcf;\n\t\t\t\t}\n\t\t\t\t#gallery-2 .gallery-caption {\n\t\t\t\t\tmargin-left: 0;\n\t\t\t\t}\n\t\t\t\t\/* see gallery_shortcode() in wp-includes\/media.php *\/\n\t\t\t<\/style>\n\t\t<div id='gallery-2' class='dt-gallery-container gallery galleryid-219880 gallery-columns-5 gallery-size-thumbnail'><dl class='gallery-item'>\n\t\t\t\t<dt class='gallery-icon landscape'>\n\t\t\t\t\t<a class=\"rollover rollover-zoom dt-pswp-item\" title=\"70582648-d4d4-4e95-90a3-910fb20ac0e0\" data-dt-img-description=\"\" data-large_image_width=\"601\" data-large_image_height=\"357\"href='https:\/\/www.radiopiu.net\/wordpress\/wp-content\/uploads\/2021\/07\/70582648-d4d4-4e95-90a3-910fb20ac0e0.jpg'><img loading=\"lazy\" decoding=\"async\" width=\"150\" height=\"150\" src=\"https:\/\/www.radiopiu.net\/wordpress\/wp-content\/uploads\/2021\/07\/70582648-d4d4-4e95-90a3-910fb20ac0e0-150x150.jpg\" class=\"attachment-thumbnail size-thumbnail\" alt=\"\" \/><\/a>\n\t\t\t\t<\/dt><\/dl><dl class='gallery-item'>\n\t\t\t\t<dt class='gallery-icon landscape'>\n\t\t\t\t\t<a class=\"rollover rollover-zoom dt-pswp-item\" title=\"a4cc42d6-0449-4a41-8ffc-bf6ecba06a81\" data-dt-img-description=\"\" data-large_image_width=\"606\" data-large_image_height=\"351\"href='https:\/\/www.radiopiu.net\/wordpress\/wp-content\/uploads\/2021\/07\/a4cc42d6-0449-4a41-8ffc-bf6ecba06a81.jpg'><img loading=\"lazy\" decoding=\"async\" width=\"150\" height=\"150\" src=\"https:\/\/www.radiopiu.net\/wordpress\/wp-content\/uploads\/2021\/07\/a4cc42d6-0449-4a41-8ffc-bf6ecba06a81-150x150.jpg\" class=\"attachment-thumbnail size-thumbnail\" alt=\"\" \/><\/a>\n\t\t\t\t<\/dt><\/dl><dl class='gallery-item'>\n\t\t\t\t<dt class='gallery-icon landscape'>\n\t\t\t\t\t<a class=\"rollover rollover-zoom dt-pswp-item\" title=\"145a62a7-d15d-4911-95b2-9d0f02905c01\" data-dt-img-description=\"\" data-large_image_width=\"600\" data-large_image_height=\"358\"href='https:\/\/www.radiopiu.net\/wordpress\/wp-content\/uploads\/2021\/07\/145a62a7-d15d-4911-95b2-9d0f02905c01.jpg'><img loading=\"lazy\" decoding=\"async\" width=\"150\" height=\"150\" src=\"https:\/\/www.radiopiu.net\/wordpress\/wp-content\/uploads\/2021\/07\/145a62a7-d15d-4911-95b2-9d0f02905c01-150x150.jpg\" class=\"attachment-thumbnail size-thumbnail\" alt=\"\" \/><\/a>\n\t\t\t\t<\/dt><\/dl><dl class='gallery-item'>\n\t\t\t\t<dt class='gallery-icon landscape'>\n\t\t\t\t\t<a class=\"rollover rollover-zoom dt-pswp-item\" title=\"b51cdc8d-71a2-49be-92cf-61b76a152620\" data-dt-img-description=\"\" data-large_image_width=\"608\" data-large_image_height=\"352\"href='https:\/\/www.radiopiu.net\/wordpress\/wp-content\/uploads\/2021\/07\/b51cdc8d-71a2-49be-92cf-61b76a152620.jpg'><img loading=\"lazy\" decoding=\"async\" width=\"150\" height=\"150\" src=\"https:\/\/www.radiopiu.net\/wordpress\/wp-content\/uploads\/2021\/07\/b51cdc8d-71a2-49be-92cf-61b76a152620-150x150.jpg\" class=\"attachment-thumbnail size-thumbnail\" alt=\"\" \/><\/a>\n\t\t\t\t<\/dt><\/dl><dl class='gallery-item'>\n\t\t\t\t<dt class='gallery-icon landscape'>\n\t\t\t\t\t<a class=\"rollover rollover-zoom dt-pswp-item\" title=\"9e0acdb3-a7c6-4142-ab7e-d69855b25b11\" data-dt-img-description=\"\" data-large_image_width=\"610\" data-large_image_height=\"350\"href='https:\/\/www.radiopiu.net\/wordpress\/wp-content\/uploads\/2021\/07\/9e0acdb3-a7c6-4142-ab7e-d69855b25b11.jpg'><img loading=\"lazy\" decoding=\"async\" width=\"150\" height=\"150\" src=\"https:\/\/www.radiopiu.net\/wordpress\/wp-content\/uploads\/2021\/07\/9e0acdb3-a7c6-4142-ab7e-d69855b25b11-150x150.jpg\" class=\"attachment-thumbnail size-thumbnail\" alt=\"\" \/><\/a>\n\t\t\t\t<\/dt><\/dl><br style=\"clear: both\" \/>\n\t\t\t<\/div>\n\n<blockquote>\n<h3><\/h3>\n<\/blockquote>\n<hr \/>\n<p>&nbsp;<\/p>\n<blockquote>\n<h3>27 CASI DI VARIANTE DELTA IN VENETO &#8220;NON CI PREOCCUPA IL VACCINO FUNZIONA&#8221; DICE ZAIA DALLA CONFERENZA STAMPA<\/h3>\n<\/blockquote>\n<p><strong>LEGGI LA CONFERENZA STAMPA DI LUCA ZAIA<\/strong><\/p>\n<p><strong>SIAMO TORNATI E CI SAREMO ANCHE DOMANI<\/strong> Non ci vediamo da una settimana alcune considerazioni, la prima \u00e8 un quesito: Ma \u00e8 finita o c&#8217;e&#8217; la variante delta? Siamo qui per fare informazioni e l&#8217;unico metodo per avere una fonte ufficiale ecco la conferenza stampa. Il virus c&#8217;e&#8217; e la guardia non va abbassata, nelle ultime ore si sono infettate 45 persone. <strong>VARIANTE DELTA<\/strong> Ad oggi sappiamo che la variante delta ci sono 27 casi censiti in Veneto non ci preoccupiamo dell&#8217;aumento, I vaccini funzionano? Ad oggi possiamo dire di si. Il vero tema: la regione Veneto ha deciso di fare tamponi. <strong>TAMPONI<\/strong> Con i direttori generali delle Ulss abbiamo detto di interessare tutte le proloco, le associazioni di categoria, la aziende private, i luoghi di aggregazione come sagre e concerti, faccio appello a tutte queste realt\u00e0 affinch\u00e9 si mettano a disposizione delle Ulss per fare i tamponi magari con un gazebo, un appello anche ai cittadini di\u00a0 andare in uno dei covid point semplicemente per rispondere ad una chiamata di popolo, abbiamo necessit\u00e0 di monitorare lo sviluppo del virus. Questo per arrivare a settembre con un monitoraggio puntuale e utile. <strong>VACCINAZIONI<\/strong> Sta andando bene, prime dosi\u00a0 99% over 80, 89%;\u00a0 70-79 anni;\u00a0 83% 60-69 anni;\u00a0 73% 50-59 62%;\u00a0 40-49 51% 30-39 anni.<strong> UN NUOVO FENOMENO LA VACCINAZIONE IN AUTUNNO<\/strong> La risposta utile \u00e8 che se te lo fai adesso arrivi in autunno carico di anticorpi.<strong> INIZIO ANNO SCOLASTICO<\/strong> Abbiamo gi\u00e0 una delibera pronta per verificare una giornata di inizio scuola che va verso fine settembre anche\u00a0 in riferimento alla richiesta dei sindaci del litorale veneto.<\/p>\n<p><strong>MANUELA LANZARIN<\/strong>\u00a0 Dal primo di luglio su 1400 farmacie, 136 sono quelle abilitate a fare i vaccini, significa che hanno finito il corso nei centri vaccinali, di questa 136 a venerdi nelle farmacie degli ospedali 68 avevano ordinato i vaccini. Diamo 30 dose di Moderna a settimana, la boccetta da 10 deve essere consumata in 6 ore. Poi 100 dosi di J&amp;J per gli over 60. Per il momento acquisiscono la prenotazione direttamente non tramite il portale (accadr\u00e0 a breve). Negli ultimi giorni (giovedi e venerdi) ci sono state 233 vaccinazioni.<\/p>\n<p><a href=\"https:\/\/www.facebook.com\/zaiaufficiale\/videos\/1259672527823448\">https:\/\/www.facebook.com\/zaiaufficiale\/videos\/1259672527823448<\/a><\/p>\n<p>&nbsp;<\/p>\n<p>&nbsp;<\/p>\n<p>&nbsp;<\/p>\n<hr \/>\n<p>&nbsp;<\/p>\n<blockquote>\n<h3 align=\"CENTER\"><strong>ACCESSO\u00a0 \u00a0AI\u00a0 COVID\u00a0 POINT<a href=\"https:\/\/www.radiopiu.net\/wordpress\/tamponi-in-modalita-drive-in-al-san-martino-di-belluno\/tamponi-drive-in-2\/\" rel=\"attachment wp-att-136984\"><img loading=\"lazy\" decoding=\"async\" class=\"wp-image-136984 alignleft\" src=\"https:\/\/www.radiopiu.net\/wordpress\/wp-content\/uploads\/2020\/05\/tamponi-drive-in-1-225x300.jpg\" sizes=\"auto, (max-width: 164px) 100vw, 164px\" srcset=\"https:\/\/www.radiopiu.net\/wordpress\/wp-content\/uploads\/2020\/05\/tamponi-drive-in-1-225x300.jpg 225w, https:\/\/www.radiopiu.net\/wordpress\/wp-content\/uploads\/2020\/05\/tamponi-drive-in-1-768x1023.jpg 768w, https:\/\/www.radiopiu.net\/wordpress\/wp-content\/uploads\/2020\/05\/tamponi-drive-in-1-1153x1536.jpg 1153w, https:\/\/www.radiopiu.net\/wordpress\/wp-content\/uploads\/2020\/05\/tamponi-drive-in-1.jpg 1200w\" alt=\"\" width=\"164\" height=\"219\" \/><\/a><\/strong><\/h3>\n<\/blockquote>\n<p align=\"LEFT\"><strong>BELLUNO<\/strong>\u00a0 I cittadini (anche non residenti in provincia) potranno accedere ai 4 covid point del territorio per l\u2019esecuzione del tampone antigenico rapido gratuitamente senza prescrizione e senza prenotazione; rimane necessaria la prescrizione per l\u2019esecuzione del tampone molecolare. Da oggi, presso il Centro Vaccinale di Sedico, sar\u00e0 offerta, dalle 14 alle 19, a tutti i soggetti vaccinati l\u2019esecuzione del tampone per la ricerca del virus Sars-Cov2. Gli orari dei covid point dell\u2019Ulss Dolomiti: Covid Point Belluno-Ospedale (drive-in San Gervasio): tutti i giorni, festivi inclusi, dalle 8.30 alle 12.30 Covid Point Feltre-Anz\u00f9: dal luned\u00ec al sabato (festivi esclusi), dalle 8.30 alle 12.30 Covid Point Agordo-Tamonich: marted\u00ec, gioved\u00ec e sabato (festivi esclusi), dalle 9.00 alle 10.00 Covid Point Tai di Cadore: marted\u00ec, gioved\u00ec e sabato (festivi esclusi), dalle 13.00 alle 15.00<\/p>\n<hr \/>\n<blockquote>\n<h3 align=\"LEFT\"><\/h3>\n<h3 align=\"LEFT\"><\/h3>\n<\/blockquote>\n<h3 align=\"LEFT\"><\/h3>\n<hr \/>\n<blockquote>\n<h3 align=\"LEFT\">S&#8217;ALZA L&#8217;INDICE DI GRADIMENTO DI JACOPO MASSARO, SECONDO IN VENETO<\/h3>\n<\/blockquote>\n<p><b><img loading=\"lazy\" decoding=\"async\" class=\"alignleft\" src=\"https:\/\/www.radiopiu.net\/wordpress\/wp-content\/uploads\/2020\/03\/JACOPO-MASSARO.jpg\" width=\"192\" height=\"133\" \/>BELLUNO Il sindaco Jacopo\u00a0 <\/b><strong>Massaro rispetto al 2020 guadagna lo 0,2% arrivando al 57%, riconfermandosi per il secondo anno consecutivo nella top 30 e migliorando il risultato dello scorso anno, piazzandosi al 22esimo posto assoluto (27esimo nella scorsa edizione col 56,8%) sui 105 sindaci in graduatoria; come nell&#8217;ultimo sondaggio si conferma al secondo posto in Veneto, dietro al primo cittadino di Venezia Luigi Brugnaro, ed \u00e8 il quarto a Nord Est (prima di lui, come detto Venezia, poi Gorizia e Pordenone).<\/strong><\/p>\n<p><strong>ai microfoni di RADIO PIU&#8217; il sindaco Jacopo Massaro\u00a0<\/strong><\/p>\n<audio class=\"wp-audio-shortcode\" id=\"audio-219880-1\" preload=\"none\" style=\"width: 100%;\" controls=\"controls\"><source type=\"audio\/mpeg\" src=\"https:\/\/www.radiopiu.net\/wordpress\/wp-content\/uploads\/2021\/07\/Massaro-Governance-Poll-2021.mp3?_=1\" \/><a href=\"https:\/\/www.radiopiu.net\/wordpress\/wp-content\/uploads\/2021\/07\/Massaro-Governance-Poll-2021.mp3\">https:\/\/www.radiopiu.net\/wordpress\/wp-content\/uploads\/2021\/07\/Massaro-Governance-Poll-2021.mp3<\/a><\/audio>\n<p>&nbsp;<\/p>\n<hr \/>\n<p>&nbsp;<\/p>\n<blockquote>\n<h2>APRE LA LIBRERIA QUATTROCCHI AD AGORDO<\/h2>\n<\/blockquote>\n<p><strong>AGORDO<\/strong><\/p>\n<p>di Gianni Santomaso<\/p>\n<audio class=\"wp-audio-shortcode\" id=\"audio-219880-2\" preload=\"none\" style=\"width: 100%;\" controls=\"controls\"><source type=\"audio\/mpeg\" src=\"https:\/\/www.radiopiu.net\/wordpress\/wp-content\/uploads\/2021\/07\/GIANNI-LIBRERIA-AGORDO.mp3?_=2\" \/><a href=\"https:\/\/www.radiopiu.net\/wordpress\/wp-content\/uploads\/2021\/07\/GIANNI-LIBRERIA-AGORDO.mp3\">https:\/\/www.radiopiu.net\/wordpress\/wp-content\/uploads\/2021\/07\/GIANNI-LIBRERIA-AGORDO.mp3<\/a><\/audio>\n<p>&nbsp;<\/p>\n\n\t\t\t<style type='text\/css'>\n\t\t\t\t#gallery-3 {\n\t\t\t\t\tmargin: auto;\n\t\t\t\t}\n\t\t\t\t#gallery-3 .gallery-item {\n\t\t\t\t\tfloat: left;\n\t\t\t\t\tmargin-top: 10px;\n\t\t\t\t\ttext-align: center;\n\t\t\t\t\twidth: 25%;\n\t\t\t\t}\n\t\t\t\t#gallery-3 img {\n\t\t\t\t\tborder: 2px solid #cfcfcf;\n\t\t\t\t}\n\t\t\t\t#gallery-3 .gallery-caption {\n\t\t\t\t\tmargin-left: 0;\n\t\t\t\t}\n\t\t\t\t\/* see gallery_shortcode() in wp-includes\/media.php *\/\n\t\t\t<\/style>\n\t\t<div id='gallery-3' class='dt-gallery-container gallery galleryid-219880 gallery-columns-4 gallery-size-thumbnail'><dl class='gallery-item'>\n\t\t\t\t<dt class='gallery-icon landscape'>\n\t\t\t\t\t<a class=\"rollover rollover-zoom dt-pswp-item\" title=\"0-1\" data-dt-img-description=\"\" data-large_image_width=\"1984\" data-large_image_height=\"1488\"href='https:\/\/www.radiopiu.net\/wordpress\/wp-content\/uploads\/2021\/07\/0-1.jpg'><img loading=\"lazy\" decoding=\"async\" width=\"150\" height=\"150\" src=\"https:\/\/www.radiopiu.net\/wordpress\/wp-content\/uploads\/2021\/07\/0-1-150x150.jpg\" class=\"attachment-thumbnail size-thumbnail\" alt=\"\" \/><\/a>\n\t\t\t\t<\/dt><\/dl><dl class='gallery-item'>\n\t\t\t\t<dt class='gallery-icon portrait'>\n\t\t\t\t\t<a class=\"rollover rollover-zoom dt-pswp-item\" title=\"0\" data-dt-img-description=\"\" data-large_image_width=\"1335\" data-large_image_height=\"1780\"href='https:\/\/www.radiopiu.net\/wordpress\/wp-content\/uploads\/2021\/07\/0.jpg'><img loading=\"lazy\" decoding=\"async\" width=\"150\" height=\"150\" src=\"https:\/\/www.radiopiu.net\/wordpress\/wp-content\/uploads\/2021\/07\/0-150x150.jpg\" class=\"attachment-thumbnail size-thumbnail\" alt=\"\" \/><\/a>\n\t\t\t\t<\/dt><\/dl><dl class='gallery-item'>\n\t\t\t\t<dt class='gallery-icon portrait'>\n\t\t\t\t\t<a class=\"rollover rollover-zoom dt-pswp-item\" title=\"dav\" data-dt-img-description=\"\" data-large_image_width=\"1443\" data-large_image_height=\"2560\"href='https:\/\/www.radiopiu.net\/wordpress\/wp-content\/uploads\/2021\/07\/Libreria-Quattrocchi-2-scaled.jpg'><img loading=\"lazy\" decoding=\"async\" width=\"150\" height=\"150\" src=\"https:\/\/www.radiopiu.net\/wordpress\/wp-content\/uploads\/2021\/07\/Libreria-Quattrocchi-2-150x150.jpg\" class=\"attachment-thumbnail size-thumbnail\" alt=\"\" \/><\/a>\n\t\t\t\t<\/dt><\/dl><dl class='gallery-item'>\n\t\t\t\t<dt class='gallery-icon landscape'>\n\t\t\t\t\t<a class=\"rollover rollover-zoom dt-pswp-item\" title=\"dav\" data-dt-img-description=\"\" data-large_image_width=\"2560\" data-large_image_height=\"1443\"href='https:\/\/www.radiopiu.net\/wordpress\/wp-content\/uploads\/2021\/07\/Libreria-Quattrocchi-3-scaled.jpg'><img loading=\"lazy\" decoding=\"async\" width=\"150\" height=\"150\" src=\"https:\/\/www.radiopiu.net\/wordpress\/wp-content\/uploads\/2021\/07\/Libreria-Quattrocchi-3-150x150.jpg\" class=\"attachment-thumbnail size-thumbnail\" alt=\"\" \/><\/a>\n\t\t\t\t<\/dt><\/dl><br style=\"clear: both\" \/><dl class='gallery-item'>\n\t\t\t\t<dt class='gallery-icon portrait'>\n\t\t\t\t\t<a class=\"rollover rollover-zoom dt-pswp-item\" title=\"dav\" data-dt-img-description=\"\" data-large_image_width=\"1443\" data-large_image_height=\"2560\"href='https:\/\/www.radiopiu.net\/wordpress\/wp-content\/uploads\/2021\/07\/Libreria-Quattrocchi_Elena-De-Zaiacomo-e-Stefania-De-Zorzi-2-scaled.jpg'><img loading=\"lazy\" decoding=\"async\" width=\"150\" height=\"150\" src=\"https:\/\/www.radiopiu.net\/wordpress\/wp-content\/uploads\/2021\/07\/Libreria-Quattrocchi_Elena-De-Zaiacomo-e-Stefania-De-Zorzi-2-150x150.jpg\" class=\"attachment-thumbnail size-thumbnail\" alt=\"\" \/><\/a>\n\t\t\t\t<\/dt><\/dl><dl class='gallery-item'>\n\t\t\t\t<dt class='gallery-icon portrait'>\n\t\t\t\t\t<a class=\"rollover rollover-zoom dt-pswp-item\" title=\"dav\" data-dt-img-description=\"\" data-large_image_width=\"1443\" data-large_image_height=\"2560\"href='https:\/\/www.radiopiu.net\/wordpress\/wp-content\/uploads\/2021\/07\/Libreria-Quattrocchi_Elena-De-Zaiacomo-e-Stefania-De-Zorzi-3-scaled.jpg'><img loading=\"lazy\" decoding=\"async\" width=\"150\" height=\"150\" src=\"https:\/\/www.radiopiu.net\/wordpress\/wp-content\/uploads\/2021\/07\/Libreria-Quattrocchi_Elena-De-Zaiacomo-e-Stefania-De-Zorzi-3-150x150.jpg\" class=\"attachment-thumbnail size-thumbnail\" alt=\"\" \/><\/a>\n\t\t\t\t<\/dt><\/dl><dl class='gallery-item'>\n\t\t\t\t<dt class='gallery-icon landscape'>\n\t\t\t\t\t<a class=\"rollover rollover-zoom dt-pswp-item\" title=\"sdr\" data-dt-img-description=\"\" data-large_image_width=\"2560\" data-large_image_height=\"1443\"href='https:\/\/www.radiopiu.net\/wordpress\/wp-content\/uploads\/2021\/07\/Libreria-Quattrocchi_Elena-De-Zaiacomo-e-Stefania-De-Zorzi-4-scaled.jpg'><img loading=\"lazy\" decoding=\"async\" width=\"150\" height=\"150\" src=\"https:\/\/www.radiopiu.net\/wordpress\/wp-content\/uploads\/2021\/07\/Libreria-Quattrocchi_Elena-De-Zaiacomo-e-Stefania-De-Zorzi-4-150x150.jpg\" class=\"attachment-thumbnail size-thumbnail\" alt=\"\" \/><\/a>\n\t\t\t\t<\/dt><\/dl><dl class='gallery-item'>\n\t\t\t\t<dt class='gallery-icon landscape'>\n\t\t\t\t\t<a class=\"rollover rollover-zoom dt-pswp-item\" title=\"dav\" data-dt-img-description=\"\" data-large_image_width=\"2560\" data-large_image_height=\"1443\"href='https:\/\/www.radiopiu.net\/wordpress\/wp-content\/uploads\/2021\/07\/Libreria-Quattrocchi_Elena-De-Zaiacomo-e-Stefania-De-Zorzi-5-scaled.jpg'><img loading=\"lazy\" decoding=\"async\" width=\"150\" height=\"150\" src=\"https:\/\/www.radiopiu.net\/wordpress\/wp-content\/uploads\/2021\/07\/Libreria-Quattrocchi_Elena-De-Zaiacomo-e-Stefania-De-Zorzi-5-150x150.jpg\" class=\"attachment-thumbnail size-thumbnail\" alt=\"\" \/><\/a>\n\t\t\t\t<\/dt><\/dl><br style=\"clear: both\" \/>\n\t\t\t<\/div>\n\n<p>&nbsp;<\/p>\n<p>&nbsp;<\/p>\n<p>&nbsp;<\/p>\n<hr \/>\n<h2><span style=\"color: #ff0000;\">\u00a0<\/span><\/h2>\n<h2><span style=\"color: #ff0000;\">DILLO\u00a0 A RADIO PIU&#8230;.<\/span><\/h2>\n<p>Preoccupante calo di avvocati? Allora facciamo quattro conti<\/p>\n<p><strong><a href=\"https:\/\/www.radiopiu.net\/wordpress\/il-giudice-del-lavoro-da-ragione-allulss1-dolomiti-il-risarcimento-richiesto-e-di-oltre-6-milioni-di-euro\/tribunale-2\/\" rel=\"attachment wp-att-53165\"><img loading=\"lazy\" decoding=\"async\" class=\" wp-image-53165 alignleft\" src=\"https:\/\/www.radiopiu.net\/wordpress\/wp-content\/uploads\/2018\/07\/TRIBUNALE-2-300x225.jpg\" alt=\"\" width=\"205\" height=\"154\" srcset=\"https:\/\/www.radiopiu.net\/wordpress\/wp-content\/uploads\/2018\/07\/TRIBUNALE-2-300x225.jpg 300w, https:\/\/www.radiopiu.net\/wordpress\/wp-content\/uploads\/2018\/07\/TRIBUNALE-2-768x576.jpg 768w, https:\/\/www.radiopiu.net\/wordpress\/wp-content\/uploads\/2018\/07\/TRIBUNALE-2.jpg 960w\" sizes=\"auto, (max-width: 205px) 100vw, 205px\" \/><\/a>di Cesare Dal Bo&#8217;\u00a0<\/strong><\/p>\n<blockquote><p>Sentivo\u00a0 alla radio Pi\u00f9 della preoccupazione per il calo degli avvocati in provincia di Belluno. Facciamo 4 conti. La popolazione della provincia\u00a0 \u00e8 da poco scesa sotto la soglia dei 200.000 che diviso per 314 avvocati\u00a0 fa\u00a0 630 quindi un avvocato per 630 persone. Se i\u00a0 conti sono giusti mi vien da pensare, per confronto, che ogni medico condotto ha un massimale di 1500 mutuati. E&#8217; evidente la discrepanza!. Pi\u00f9 che degli avvocati dovremo preoccuparci del fatto che ci sono pochi medici soprattutto nostrani e del fatto che non riusciamo a garantire la sostituzione di quelli che vanno in pensione perch\u00e8 lo desiderano o perch\u00e8 sono costretti a farlo. Buon per loro se il\u00a0 numero degli avvocati cala un pochino del resto la categoria fa di tutto perch\u00e8 questo accada a cominciare dalla difficolt\u00e0 assurda dell&#8217;esame di stato che, a mio parere, \u00e8 soltanto un freno evidente all&#8217;inserimento in carriera di nuovi concorrenti. Senza nessuna polemica neI confronti del Foro.<\/p>\n<p>&nbsp;<\/p><\/blockquote>\n<p>&nbsp;<\/p>\n<p>&nbsp;<\/p>\n<hr \/>\n<p>&nbsp;<\/p>\n<p>&nbsp;<\/p>\n<blockquote>\n<h3>IL MINISTRO D&#8217;INCA&#8217; IN PREFETTURA A BELLUNO, INCONTRO CON IL DOTTOR MARIANO SAVASTANO<\/h3>\n<\/blockquote>\n<p><strong><a href=\"https:\/\/www.radiopiu.net\/wordpress\/giornale-radiopiu-06-luglio-2021-direttore-mirko-mezzacasa\/dinca-savastano\/\" rel=\"attachment wp-att-220091\"><img loading=\"lazy\" decoding=\"async\" class=\"wp-image-220091 alignleft\" src=\"https:\/\/www.radiopiu.net\/wordpress\/wp-content\/uploads\/2021\/07\/DInca-Savastano-300x225.jpg\" alt=\"\" width=\"195\" height=\"146\" srcset=\"https:\/\/www.radiopiu.net\/wordpress\/wp-content\/uploads\/2021\/07\/DInca-Savastano-300x225.jpg 300w, https:\/\/www.radiopiu.net\/wordpress\/wp-content\/uploads\/2021\/07\/DInca-Savastano-1024x768.jpg 1024w, https:\/\/www.radiopiu.net\/wordpress\/wp-content\/uploads\/2021\/07\/DInca-Savastano-768x576.jpg 768w, https:\/\/www.radiopiu.net\/wordpress\/wp-content\/uploads\/2021\/07\/DInca-Savastano.jpg 1280w\" sizes=\"auto, (max-width: 195px) 100vw, 195px\" \/><\/a>BELLUNO<\/strong>\u00a0 Il Ministro per i Rapporti con il Parlamento, Federico D\u2019Inc\u00e0 ha incontrato il Prefetto di Belluno Mariano Savastano. <em>\u201c\u00c8 stato un incontro estremamente importante e costruttivo: dal suo insediamento, il Prefetto Savastano ha subito dimostrato attenzione nei confronti del bellunese, entrando in sintonia con il territorio e affrontando in breve tempo diverse tematiche relative alla sicurezza, al lavoro, agli eventi meteorologici e ai grandi appuntamenti sportivi che ci attendono\u201d \u2013 ha commentato il Ministro D\u2019Inc\u00e0 al termine dell\u2019incontro. <\/em>Sul tema del lavoro, sono state affrontate anche le questioni riguardanti due importanti realt\u00e0 industriali, come l\u2019Acc di Mel e l\u2019Ideal Standard di Trichiana: <em>\u201cStiamo seguendo la situazione degli stabilimenti che ricoprono un\u2019assoluta rilevanza per l\u2019intero territorio e per i dipendenti delle aziende: anche su questo tema c\u2019\u00e8 la massima attenzione\u201d.<\/em><\/p>\n<p>&nbsp;<\/p>\n<p>&nbsp;<\/p>\n<hr \/>\n<blockquote>\n<h3 align=\"LEFT\"><\/h3>\n<h3 align=\"LEFT\">UN INVITO DAI FLOROVIVAISTI AI COMUNI &#8220;SOSTENETE LA PRODUZIONE LOCALE&#8221;<\/h3>\n<\/blockquote>\n<p><strong>BELLUNO\u00a0<\/strong> Contributi mirati alle aziende solide, inserite da anni nel tessuto produttivo del Bellunese, che hanno bisogno di ossigeno per ripartire. Sostegno alla produzione locale con messaggi promozionali anche da parte dei Comuni, affinch\u00e9 sia riconosciuto il lavoro prezioso dei manutentori dei verdi nei parchi, nei giardini e nella pulizia delle aree pubbliche. Sono le richieste dei florovivaisti di Confagricoltura Belluno all\u2019indomani dell\u2019audizione in Commissione Agricoltura al Senato dei rappresentanti di settore nazionale, mirata alla discussione del ddl Disposizioni per la disciplina, la promozione e la valorizzazione delle attivit\u00e0 del settore florovivaistico. Dopo un maggio freddo e piovoso, che non ha aiutato le vendite, in giugno il lavoro \u00e8 ripreso soprattutto grazie al ritorno delle cerimonie, in primis matrimoni e battesimi.\u00a0 Tuttavia la crisi c&#8217;\u00e8, nonostante la riapertura dopo il lungo lockdown, c\u2019\u00e8 il timore di una nuova pandemia a settembre.\u00a0 Resta il problema della concorrenza sleale dei Paesi dell\u2019Est europeo, che producono e vendono fiori e piante sottocosto alla grande distribuzione. <em>\u201cDa anni soffriamo questa situazione, contro la quale poco possiamo fare in quanto noi produciamo prodotti di qualit\u00e0 che, come tali, non possono essere svenduti \u2013 spiega Claudio Previatello, responsabile nazionale del settore florovivaismo dei Giovani di Confagricoltura -. Per rilanciare il settore basterebbe una campagna mediatica per incentivare le persone ad acquistare i prodotti nei vivai locali anzich\u00e9 quelli in arrivo da Bulgaria e Ungheria\u201d.<\/em><\/p>\n<p>&nbsp;<\/p>\n<hr \/>\n<p>&nbsp;<\/p>\n<blockquote>\n<h3>PER PALAZZO GAZZI C&#8217;E&#8217; IL PROGETTO DEFINITIVO-ESECUTIVO<\/h3>\n<\/blockquote>\n<p><strong><a href=\"https:\/\/www.radiopiu.net\/wordpress\/giornale-radiopiu-06-luglio-2021-direttore-mirko-mezzacasa\/palazzo-gazzi\/\" rel=\"attachment wp-att-220074\"><img loading=\"lazy\" decoding=\"async\" class=\"size-medium wp-image-220074 alignleft\" src=\"https:\/\/www.radiopiu.net\/wordpress\/wp-content\/uploads\/2021\/07\/Palazzo-Gazzi-300x169.jpg\" alt=\"\" width=\"300\" height=\"169\" srcset=\"https:\/\/www.radiopiu.net\/wordpress\/wp-content\/uploads\/2021\/07\/Palazzo-Gazzi-300x169.jpg 300w, https:\/\/www.radiopiu.net\/wordpress\/wp-content\/uploads\/2021\/07\/Palazzo-Gazzi-1024x576.jpg 1024w, https:\/\/www.radiopiu.net\/wordpress\/wp-content\/uploads\/2021\/07\/Palazzo-Gazzi-768x432.jpg 768w, https:\/\/www.radiopiu.net\/wordpress\/wp-content\/uploads\/2021\/07\/Palazzo-Gazzi-1536x864.jpg 1536w, https:\/\/www.radiopiu.net\/wordpress\/wp-content\/uploads\/2021\/07\/Palazzo-Gazzi.jpg 2048w\" sizes=\"auto, (max-width: 300px) 100vw, 300px\" \/><\/a>FELTRE\u00a0<\/strong> Passo avanti nel percorso di ristrutturazione e recupero funzionale di Palazzo Gazzi. La giunta comunale ha infatti dato il \u201cvia libera\u201d al progetto definitivo-esecutivo di ristrutturazione e recupero funzionale dell&#8217;immobile. L&#8217;edificio \u00e8 oggetto di un piano per la riapertura di un punto di ristorazione qualificato, da concedere in gestione, che sfrutti appieno la posizione privilegiata del palazzo e ne valorizzi le caratteristiche storiche e architettoniche. Era stato redatto il progetto di fattibilit\u00e0 tecnica economica (ex preliminare)\u00a0 dallo studio Associato Architetti Doglioni e Daminato di Feltre, che perseguiva sostanzialmente due obiettivi primari: -rimettere in funzione, aggiornandone l&#8217;assetto organizzativo ed aumentandone l&#8217;attrattiva, il ristorante-bar affacciato sul portico della piazza e posto al piano semi-interrato, terra e ammezzato; -proseguire l&#8217;opera gi\u00e0 avviata di manutenzione straordinaria e di miglioramento sismico dell&#8217;edificio storico nel suo insieme, anche in considerazione dell\u2019importanza che riveste nel contesto della piazza centrale. In sede di progetto definitivo\/esecutivo il quadro economico complessivo dell&#8217;intervento \u00e8 stato implementato a 623 mila euro, di cui 415 mila circa per lavori, con un aumento di spesa rispetto al progetto di fattibilit\u00e0 di 123 mila euro, dovuti a maggiori oneri relativi soprattutto al miglioramento sismico di parte dell&#8217;edificio che si \u00e8 rilevato pi\u00f9 impegnativo del previsto. Il progetto, finanziato per 500 mila euro dal Fondo per i Comuni di Confine, trova ulteriori coperture per 50 mila euro a valere su un finanziamento ottenuto dal MIT per la progettazione e per 73 mila euro, corrispondente all&#8217;importo inserito nelle somme a disposizione per l&#8217;acquisto di arredi ed attrezzature, con l&#8217;accensione di mutuo, gi\u00e0 previsto in Bilancio.<\/p>\n<blockquote><p><em>\u201cNelle prossime settimane contiamo di pubblicare l&#8217;avviso pubblico per le manifestazioni di interesse alla gestione del locale, sottolinea il sindaco di Feltre Paolo Perenzin, che aggiunge: \u201cSe non vi saranno imprevisti, l&#8217;obiettivo \u00e8 di riuscire a completare l&#8217;intervento entro la prima met\u00e0 del prossimo anno, in maniera da dotare il centro storico, ma in realt\u00e0 l&#8217;intera citt\u00e0, di un locale e di un punto di riferimento di assoluto livello non solo per i residenti, ma anche per i turisti e i visitatori, ancor pi\u00f9 in vista dell&#8217;attesa riapertura, nei prossimi mesi, anche del restaurato Teatro de la Sena\u201d.\u00a0<\/em><\/p><\/blockquote>\n<p>&nbsp;<\/p>\n<p>&nbsp;<\/p>\n<hr \/>\n<blockquote><p><a href=\"https:\/\/www.radiopiu.net\/wordpress\/scuola-e-investimenti-nuova-mensa-ed-efficientamento-energetico\/ed290f40-7d29-4675-8cf9-0210b20495e7\/\" rel=\"attachment wp-att-200591\"><img loading=\"lazy\" decoding=\"async\" class=\"size-medium wp-image-200591 alignleft\" src=\"https:\/\/www.radiopiu.net\/wordpress\/wp-content\/uploads\/2021\/03\/ed290f40-7d29-4675-8cf9-0210b20495e7-300x169.jpg\" sizes=\"auto, (max-width: 300px) 100vw, 300px\" srcset=\"https:\/\/www.radiopiu.net\/wordpress\/wp-content\/uploads\/2021\/03\/ed290f40-7d29-4675-8cf9-0210b20495e7-300x169.jpg 300w, https:\/\/www.radiopiu.net\/wordpress\/wp-content\/uploads\/2021\/03\/ed290f40-7d29-4675-8cf9-0210b20495e7-1024x578.jpg 1024w, https:\/\/www.radiopiu.net\/wordpress\/wp-content\/uploads\/2021\/03\/ed290f40-7d29-4675-8cf9-0210b20495e7-768x434.jpg 768w, https:\/\/www.radiopiu.net\/wordpress\/wp-content\/uploads\/2021\/03\/ed290f40-7d29-4675-8cf9-0210b20495e7-1536x867.jpg 1536w, https:\/\/www.radiopiu.net\/wordpress\/wp-content\/uploads\/2021\/03\/ed290f40-7d29-4675-8cf9-0210b20495e7.jpg 1984w\" alt=\"\" width=\"300\" height=\"169\" \/><\/a><\/p>\n<h2>L\u2019AZIENDA AGORDO SERVIZI CERCA DUE PROFESSIONISTI<\/h2>\n<\/blockquote>\n<p><strong>AGORDO\u00a0<\/strong>\u00a0E\u2019 stata indetta dall\u2019Azienda Speciale Agordo servizi \u00a0una selezione pubblica per la copertura di un posto a tempo determinato e pieno nel profilo di Educatore di Asilo Nido e di un operatore assistente\u00a0 che si prendano cura dei bambini e dei neonati nelle cure personali come lavarli, cambiarli, vestirli, aiutarli a mangiare, l\u2019educatore dovr\u00e0 avere capacit\u00e0 organizzativa nelle attivit\u00e0 e abilit\u00e0 nel formulare obiettivi, all\u2019assistente l\u2019azienda chiede tra l\u2019altro di coadiuvare il lavoro delle educatrici.\u00a0 Per informazioni e copia dell\u2019avviso di selezione gli interessati potranno rivolgersi<br \/>\nall\u2019ufficio amministrativo Azienda Speciale al numero 0437 62564 L\u2019avviso di selezione \u00e8 pubblicato sul sito: https:\/\/agordofarmaciacomunale.it\/<\/p>\n<p>&nbsp;<\/p>\n<p>&nbsp;<\/p>\n<hr \/>\n<p>&nbsp;<\/p>\n<blockquote>\n<h3>UNA SETTIMANA PER CHIEDERE I CONTRIBUTI PER GLI EVENTI SPORTIVI<\/h3>\n<\/blockquote>\n<p><strong><a href=\"https:\/\/www.radiopiu.net\/wordpress\/giornale-radiopiu-03-luglio-2021-direttore-mirko-mezzacasa\/concert-768722_960_720-2\/\" rel=\"attachment wp-att-219530\"><img loading=\"lazy\" decoding=\"async\" class=\"wp-image-219530 alignleft\" src=\"https:\/\/www.radiopiu.net\/wordpress\/wp-content\/uploads\/2021\/07\/concert-768722_960_720-300x200.jpg\" alt=\"\" width=\"185\" height=\"123\" srcset=\"https:\/\/www.radiopiu.net\/wordpress\/wp-content\/uploads\/2021\/07\/concert-768722_960_720-300x200.jpg 300w, https:\/\/www.radiopiu.net\/wordpress\/wp-content\/uploads\/2021\/07\/concert-768722_960_720-768x512.jpg 768w, https:\/\/www.radiopiu.net\/wordpress\/wp-content\/uploads\/2021\/07\/concert-768722_960_720.jpg 960w\" sizes=\"auto, (max-width: 185px) 100vw, 185px\" \/><\/a>BELLUNO\u00a0<\/strong> Scade venerd\u00ec\u00a0 alle 12\u00a0 il termine per la partecipazione all&#8217;avviso pubblico in materia di ripartenza degli eventi sportivi in citt\u00e0. Il Comune di Belluno infatti intende promuovere manifestazioni sportive di alto profilo che interessino il territorio comunale anche per dare al mondo sportivo un segnale forte di ripresa dopo la pandemia Covid 19<\/p>\n<p>&nbsp;<\/p>\n<p>&nbsp;<\/p>\n<p>&nbsp;<\/p>\n<p>&nbsp;<\/p>\n<hr \/>\n<p>&nbsp;<\/p>\n<blockquote>\n<h3>IL RITORNO DEL LAGO PHOTO FEST ALPAGO<\/h3>\n<\/blockquote>\n<p><strong><a href=\"https:\/\/www.radiopiu.net\/wordpress\/giornale-radiopiu-06-luglio-2021-direttore-mirko-mezzacasa\/copertina-fb\/\" rel=\"attachment wp-att-220040\"><img loading=\"lazy\" decoding=\"async\" class=\" wp-image-220040 alignleft\" src=\"https:\/\/www.radiopiu.net\/wordpress\/wp-content\/uploads\/2021\/07\/copertina-fb-300x169.jpg\" alt=\"\" width=\"213\" height=\"120\" srcset=\"https:\/\/www.radiopiu.net\/wordpress\/wp-content\/uploads\/2021\/07\/copertina-fb-300x169.jpg 300w, https:\/\/www.radiopiu.net\/wordpress\/wp-content\/uploads\/2021\/07\/copertina-fb-1024x577.jpg 1024w, https:\/\/www.radiopiu.net\/wordpress\/wp-content\/uploads\/2021\/07\/copertina-fb-768x433.jpg 768w, https:\/\/www.radiopiu.net\/wordpress\/wp-content\/uploads\/2021\/07\/copertina-fb-1536x865.jpg 1536w, https:\/\/www.radiopiu.net\/wordpress\/wp-content\/uploads\/2021\/07\/copertina-fb-2048x1154.jpg 2048w\" sizes=\"auto, (max-width: 213px) 100vw, 213px\" \/><\/a>ALPAGO\u00a0 <\/strong>Ai nastri di partenza la seconda edizione dell\u2019iniziativa Lago Photo Fest Alpago quest\u2019anno con il tema \u201cPaesaggi Universali\u201d, una suggestiva mostra immersa nella natura, promossa dall\u2019Associazione Lab77 di Belluno in collaborazione con il Comune di Alpago: 25 scatti artistici, realizzati da fotografi affermati, sono mirabilmente disposti lungo un percorso che si affaccia sulle rive del lago di Santa Croce, partendo dall\u2019oasi naturalistica in localit\u00e0 Sbarai, passando per la \u201cspiaggia\u201d di Farra, fino al piccolo e suggestivo paese di Poiatte. Questo l\u2019elenco degli espositori: Andrea Sagui, Francesco Campanini, F. Dilek Uyar, Oliko Larsen, Fabio Marchini, Alessandra Masi, Dimpy Bhalotia, Ivan Farca, Moises Levy, Diego Gaspari Bandion, Eric Esterle, Elena Salvai, Alessandro Calvi, Zarni Myo Win. La mostra, che sar\u00e0 visitabile sino a giugno 2022, verr\u00e0 inaugurata venerd\u00ec\u00a0 alle 18 sulla spiaggia di Farra d&#8217;Alpago (in caso di maltempo presso la palestra di Farra d\u2019Alpago), con esibizioni della A.S.D. Danza e Dintorni di Cortina d\u2019Ampezzo e il Pianista Fuori Posto \u2013 Paolo Zanarella.<\/p>\n<p>&nbsp;<\/p>\n<p>&nbsp;<\/p>\n<hr \/>\n<p>&nbsp;<\/p>\n<blockquote>\n<h3>IL GRUPPO ALPINI DI ALLEGHE COMPIE 90 ANNI, NOTE DI AUGURI CON LA FANFARA<\/h3>\n<\/blockquote>\n<p><a href=\"https:\/\/www.radiopiu.net\/wordpress\/il-gruppo-alpini-di-alleghe-compie-90-anni-note-di-auguri-con-la-fanfara\/fanfara-brigata-cadore_page-0001-1\/\" rel=\"attachment wp-att-219637\"><img loading=\"lazy\" decoding=\"async\" class=\" wp-image-219637 alignleft\" src=\"https:\/\/www.radiopiu.net\/wordpress\/wp-content\/uploads\/2021\/07\/FANFARA-BRIGATA-CADORE_page-0001-1-212x300.jpg\" alt=\"\" width=\"112\" height=\"158\" srcset=\"https:\/\/www.radiopiu.net\/wordpress\/wp-content\/uploads\/2021\/07\/FANFARA-BRIGATA-CADORE_page-0001-1-212x300.jpg 212w, https:\/\/www.radiopiu.net\/wordpress\/wp-content\/uploads\/2021\/07\/FANFARA-BRIGATA-CADORE_page-0001-1-724x1024.jpg 724w, https:\/\/www.radiopiu.net\/wordpress\/wp-content\/uploads\/2021\/07\/FANFARA-BRIGATA-CADORE_page-0001-1-768x1087.jpg 768w, https:\/\/www.radiopiu.net\/wordpress\/wp-content\/uploads\/2021\/07\/FANFARA-BRIGATA-CADORE_page-0001-1-1085x1536.jpg 1085w, https:\/\/www.radiopiu.net\/wordpress\/wp-content\/uploads\/2021\/07\/FANFARA-BRIGATA-CADORE_page-0001-1.jpg 1240w\" sizes=\"auto, (max-width: 112px) 100vw, 112px\" \/><\/a><strong>ALLEGHE<\/strong> Un altro importante traguardo per li Gruppo Alpini di Alleghe, quello dei 90 anni sempre ben portati, dai giovani del cambio generazionale e dai ragazzi di un tempo. Per la ricorrenza in riva ad Alleghe risuoneranno le note della Fanfara della Brigata Alpina Cadore che \u00e8 un gran biglietto d&#8217;auguri, per gli alpini, per i valligiani e villeggianti. Domenica 11 luglio alle 9 Raduno in piazza Kennedy e sfilata fino al monumento ai Caduti &#8211; Alzabandiera &#8211; Onore ai Caduti &#8211; Apposizione corona; Al termine, sfilata della Fanfara lungo Corso Italia fino alla partenza della cabinovia. Quindi la festa si sposta ai Piani di Pezz\u00e8, alle 11\u00a0 Raduno alla Chiesetta Alpina &#8211; Alzabandiera; \u00a0concerto della Fanfara davanti al Ristorante &#8220;La Grande Baita&#8221;; \u00a0Carosello della Fanfara; \u00a0Pranzo sotto il tendone.<\/p>\n<p><strong>203 AGORDINA &#8220;CHIUSA&#8221; PER 15 MINUTI, PASSA LA FANFARA<\/strong><\/p>\n<p>Domenica tra le 10 e le 11, per un periodo massimo di 15 minuti sospensione totale della circolazione per manifestazione alpina<\/p>\n<p>&nbsp;<\/p>\n<p>&nbsp;<\/p>\n<hr \/>\n<p>&nbsp;<\/p>\n<blockquote>\n<h3>RITORNA LA RASSEGNA MUSICALE &#8220;MUSICA NELL&#8217;AGORDINO&#8221;<\/h3>\n<\/blockquote>\n<p><strong><a href=\"https:\/\/www.radiopiu.net\/wordpress\/giornale-radiopiu-04-luglio-2021-direttore-mirko-mezzacasa\/img_0263\/\" rel=\"attachment wp-att-219710\"><img loading=\"lazy\" decoding=\"async\" class=\"size-medium wp-image-219710 alignleft\" src=\"https:\/\/www.radiopiu.net\/wordpress\/wp-content\/uploads\/2021\/07\/IMG_0263-300x225.jpg\" alt=\"\" width=\"300\" height=\"225\" srcset=\"https:\/\/www.radiopiu.net\/wordpress\/wp-content\/uploads\/2021\/07\/IMG_0263-300x225.jpg 300w, https:\/\/www.radiopiu.net\/wordpress\/wp-content\/uploads\/2021\/07\/IMG_0263-1024x768.jpg 1024w, https:\/\/www.radiopiu.net\/wordpress\/wp-content\/uploads\/2021\/07\/IMG_0263-768x576.jpg 768w, https:\/\/www.radiopiu.net\/wordpress\/wp-content\/uploads\/2021\/07\/IMG_0263-1536x1152.jpg 1536w, https:\/\/www.radiopiu.net\/wordpress\/wp-content\/uploads\/2021\/07\/IMG_0263-2048x1536.jpg 2048w\" sizes=\"auto, (max-width: 300px) 100vw, 300px\" \/><\/a>AGORDO <\/strong>Torna puntuale e in versione quasi completa la Rassegna \u201cMusica nell\u2019Agordino\u201d, appuntamento con la musica di qualit\u00e0 fra valli e chiese dell\u2019Agordino. Il \u201cquasi\u201d \u00e8 dovuto alla sezione \u201cAgordo ETNO Musica\u201d, sospesa anche quest\u2019anno per le difficolt\u00e0 di assicurare la presenza di gruppi provenienti dall\u2019estero, mentre si terranno regolarmente la &#8220;Settimana Organistica&#8221; ed i &#8220;Concerti in&#8230;&#8221;. \u201cMusica nell&#8217;Agordino\u201d, ormai da trent&#8217;anni punto di riferimento per la musica organistica e non solo nella vallata, viene riproposta grazie al rinnovato impegno di Agordo Musica e Asolo Musica su cui si appoggiano associazioni, parrocchie ed enti desiderosi di ospitare musica di alto livello nelle loro \u201c<em>location<\/em>\u201d. Dopo un\u2019anteprima on-line dal Durando, uno dei pi\u00f9 bei scorci di Agordo, che sar\u00e0 tramessa da RadioPi\u00f9 il 18 luglio alle 11 e disponibile sui social durante il mese di luglio, con ospiti Sandro Del Duca (flauti e voce) e Nelso Salton (contrabbasso e voce), la rassegna inizier\u00e0 il 31 luglio alle 20.30 a La Valle con il concerto \u201c<em>al<\/em>\u00a0<em>ka\u015b\u00e8lo<\/em>\u201d, cio\u00e8 nel vecchio caseificio ora trasformato nella nuova e accogliente Sala Valmassoni. Cinema Paradiso \u00e8 il titolo dello spettacolo dedicato alle musiche di Ennio Morricone e ad Astor Piazzolla nel centenario della nascita dall\u2019Ensemble \u201cIl Fischio\u201d, diretto dalla bellunese Mirta Tormen. Venerd\u00ec 6 agosto, nella fresca notte di Andraz, ci sar\u00e0 un concerto \u201cAl Buio\u201d, alla luce di qualche fiaccola e forse riscaldati da un brul\u00e8, ascoltando le improvvisazioni ispirate dalla suggestione del luogo del fisarmonicista Paolo Forte. Il concerto Al Buio verr\u00e0 replicato la sera successiva, sabato 7 agosto, alle Peschiere in Valle di San Lucano. Qui Paolo suoner\u00e0 dalla isoletta del laghetto, ascoltato dal pubblico che, sempre alla luce di fiaccole, assister\u00e0 dalle sponde. Domenica 8 agosto la rassegna si sposta in val Bi\u00f3is, a San Simon di Vallada, dove assieme alle Muse e le Dolomiti si esibir\u00e0 il quartetto di tromboni \u201cSlide42\u201d. Particolarmente ricca la Settimana Organistica, che iniziail 9 agosto a San Tomaso dove il locale organo Callido del 1802 sar\u00e0 suonato dall\u2019organista e sindaco di Zopp\u00e8, nonch\u00e9 organizzatore della rassegna Organi Storici in Cadore, Renzo Bortolot. Il 10 agosto, il connubio\u00a0L\u2019arco e la tastiera<em>\u00a0<\/em>sar\u00e0 proposto a Canale d\u2019Agordo dal violinista Anania Maritan e dall\u2019organista Giovanni Feltrin. Quest\u2019ultimo protagonista anche il giorno successivo a Falcade nel concerto \u201cCum organo et tubis\u201d, dove il sonoro organo Pinchi incontrer\u00e0 le altrettanto importanti sonorit\u00e0 di tromba e trombone. Il 12 agosto ci sar\u00e0 a Rivamonte un concerto molto particolare, dedicato al patrono, con \u201cParole e musica per San Floriano<em>\u201d\u00a0<\/em>con l\u2019organista Nicola Cittadin e la voce recitante di Loris Santomaso. \u201cIl Combattimento di Davide e Golia\u201d, sar\u00e0 invece narrato dalla voce recitante di Ottavina Ronchi e dall\u2019organista Nicol\u00f2 Sari, ad Agordo, il 13 agosto, concludendo questa edizione. Come per l\u2019anno scorso, nel caso probabile che le restrizioni in vigore oggi per la musica dal vivo restino tali, la prenotazione \u00e8 vivamente consigliata, ma resteranno a disposizione i posti liberi nei 15 minuti precedenti il concerto, e dovr\u00e0 essere indossata la mascherina. Prenotazioni:\u00a0tel. Asolo Musica 0423-950150 (da luned\u00ec a venerd\u00ec ore 9-13) &#8211; Email:\u00a0<a href=\"mailto:agordomusica@libero.it\">agordomusica@libero.it <\/a>Facebook: agordomusica; Messenger: agordomusica.<\/p>\n<p><strong>\u00a0DI GIANNI SANTOMASO<\/strong><\/p>\n<audio class=\"wp-audio-shortcode\" id=\"audio-219880-3\" preload=\"none\" style=\"width: 100%;\" controls=\"controls\"><source type=\"audio\/mpeg\" src=\"https:\/\/www.radiopiu.net\/wordpress\/wp-content\/uploads\/2021\/07\/GIANNI-MUSICA-AGORDINO.mp3?_=3\" \/><a href=\"https:\/\/www.radiopiu.net\/wordpress\/wp-content\/uploads\/2021\/07\/GIANNI-MUSICA-AGORDINO.mp3\">https:\/\/www.radiopiu.net\/wordpress\/wp-content\/uploads\/2021\/07\/GIANNI-MUSICA-AGORDINO.mp3<\/a><\/audio>\n<p>&nbsp;<\/p>\n<hr \/>\n<p>&nbsp;<\/p>\n<p>\u200b<\/p>\n<blockquote>\n<h2>&#8220;IL MILITE IGNOTO&#8221; IL 18 LUGLIO A BOSCHI DI CARTA<\/h2>\n<\/blockquote>\n<p><strong>BELLUNO<\/strong> Paola Zambelli autrice, nativa e residente a Belluno, laureata in Scienze della Formazione, recentemente a Ravenna premiata al concorso &#8220;letteratura per ragazzi&#8221;,\u00a0 il 18 luglio, in occasione della manifestazione \u201cBoschi di Carta\u201d a Pieve di Cadore, presenter\u00e0 il romanzo \u201cIl treno dell\u2019Ignoto. Il viaggio del Milite Ignoto\u201d, tratto proprio dal racconto vincitore del XIV Premio \u201cRighini Ricci\u201d di Conselice (RA).<\/p>\n<p>&nbsp;<\/p>\n<blockquote><p><em><a href=\"https:\/\/www.radiopiu.net\/wordpress\/il-milite-ignoto-il-18-luglio-a-boschi-di-carta\/01-web\/\" rel=\"attachment wp-att-219517\"><img loading=\"lazy\" decoding=\"async\" class=\" wp-image-219517 alignleft\" src=\"https:\/\/www.radiopiu.net\/wordpress\/wp-content\/uploads\/2021\/07\/01-WEB-300x150.jpg\" alt=\"\" width=\"172\" height=\"86\" srcset=\"https:\/\/www.radiopiu.net\/wordpress\/wp-content\/uploads\/2021\/07\/01-WEB-300x150.jpg 300w, https:\/\/www.radiopiu.net\/wordpress\/wp-content\/uploads\/2021\/07\/01-WEB.jpg 750w\" sizes=\"auto, (max-width: 172px) 100vw, 172px\" \/><\/a><\/em><\/p><\/blockquote>\n<p>La voce di una nonna accompagnata dalla testimonianza di un misterioso personaggio, narra le vicende di undici soldati che hanno affrontato la Grande Guerra: undici provenienze, undici storie di vita, undici campi di battaglia; undici racconti che restituiscono un&#8217;identit\u00e0 agli undici militi assolutamente ignoti tra i quali \u00e8 stato scelto colui che sarebbe divenuto per sempre il Milite Ignoto.<\/p>\n<p>&nbsp;<\/p>\n<p>&nbsp;<\/p>\n<hr \/>\n<blockquote>\n<h3><\/h3>\n<h3>\u201cSOTTO UN CIELO DI STOFFA\u201d IL 10 LUGLIO A VILLA ALPAGO NOVELLO<\/h3>\n<\/blockquote>\n<p><strong><a href=\"https:\/\/www.radiopiu.net\/wordpress\/giornale-radiopiu-02-luglio-2021-direttore-mirko-mezzacasa\/corsi-alfabetizzazione-isp-afghanistan\/\" rel=\"attachment wp-att-219360\"><img loading=\"lazy\" decoding=\"async\" class=\" wp-image-219360 alignleft\" src=\"https:\/\/www.radiopiu.net\/wordpress\/wp-content\/uploads\/2021\/07\/corsi-alfabetizzazione-ISP-afghanistan-223x300.jpg\" alt=\"\" width=\"190\" height=\"256\" srcset=\"https:\/\/www.radiopiu.net\/wordpress\/wp-content\/uploads\/2021\/07\/corsi-alfabetizzazione-ISP-afghanistan-223x300.jpg 223w, https:\/\/www.radiopiu.net\/wordpress\/wp-content\/uploads\/2021\/07\/corsi-alfabetizzazione-ISP-afghanistan.jpg 657w\" sizes=\"auto, (max-width: 190px) 100vw, 190px\" \/><\/a>BELLUNO<\/strong> Sabato 10 luglio alle\u00a0 20.45 a Villa Alpago Novello (Frontin di Trichiana), si svolger\u00e0 il reading scenico \u201cSotto un cielo di stoffa\u201d, un\u2019emozionante serata tra parole e musica per raccontare storie di donne afghane e della loro quotidiana lotta per l\u2019emancipazione e la dignit\u00e0. Le storie, tratte dall\u2019omonimo libro di Cristina Cella arricchito dalle immagini di Carla Dazzi, saranno portate in scena dalle attrici Caterina Comingio, Marisa Del Ben e Alessandra Menis. L\u2019iniziativa \u00e8\u00a0 ideata dal Gruppo Insieme si pu\u00f2 \u201cPurlilium Act\u201d di Porcia (Pordenone). Il ricavato della serata andr\u00e0 a sostenere due importanti progetti che Insieme si pu\u00f2 sta realizzando in Afghanistan:\u00a0 corsi di alfabetizzazione per le donne di ogni et\u00e0\u00a0 e\u00a0 \u00a0il completamento della costruzione della clinica voluta da Insieme si pu\u00f2 per garantire cure mediche essenziali ed educazione sanitaria di base alle fasce pi\u00f9 deboli della popolazione. In caso di maltempo la serata si svolger\u00e0 al Teatro San Felice di Trichiana. A seguire un momento conviviale e sar\u00e0 presente un mercatino di artigianato equo-solidale. Maggiori informazioni sul sito\u00a0www.365giorni.org\u00a0e sui canali sociali dell\u2019Associazione Insieme si pu\u00f2.<\/p>\n<p>&nbsp;<\/p>\n<p>&nbsp;<\/p>\n<p>&nbsp;<\/p>\n<hr \/>\n<p>&nbsp;<\/p>\n<p>&nbsp;<\/p>\n<div class=\"mkdf-post-text\">\n<div class=\"mkdf-post-text-inner\">\n<div class=\"mkdf-post-text-main\">\n<h3 class=\"entry-title mkdf-post-title\">Dalla Proloco Monti del Sole, rinvii.<\/h3>\n<p><strong>SOSPIROLO<\/strong> Per esigenze organizzative la passeggiata serale prevista\u00a0 per oggi viene spostata a domani mantenendo lo stesso programma lungo il sentiero Catullo e guidata dall&#8217;ing. Rudy Vallet e dal biologo Gabriele De Nadai,\u00a0 dalle Tappole \u2013 Sass Muss alle 19.30 ed \u00a0\u00e8 opportuno portarsi una torcia elettrica.<\/p>\n<p>&nbsp;<\/p>\n<hr \/>\n<h3><\/h3>\n<h3>Dalla Biblioteca di Cesiomaggiore<\/h3>\n<p><strong>CESIOMAGGIORE<\/strong> Il volume &#8220;I miracoli della Val Canzoi&#8221;,\u00a0 omaggio autentico e affettuoso di Giovanni Trimeri e GianAntonio Cecchin a Dino Buzzati,\u00a0 nel cinquantesimo anniversario dalla pubblicazione de I miracoli di Val Morel, sar\u00e0 presentato alla stampa venerdi 16 luglio in sala riunioni Biblioteca comunale di Cesiomaggiore (Via Roma), con l&#8217;occasione sar\u00e0 presentata altres\u00ec la mostra.<\/p>\n<\/div>\n<\/div>\n<\/div>\n<p>&nbsp;<\/p>\n<hr \/>\n<p>&nbsp;<\/p>\n<blockquote>\n<h3>APPUNTAMENTI ESTIVI AL MUSEO LUCIANI, PROGRAMMA EDIZIONE 2021<\/h3>\n<\/blockquote>\n<blockquote><p><em>\u00abIl programma 2021 \u00e8 frutto di un grande e intenso lavoro &#8211; dice Loris Serafini &#8211; siamo davvero felici di poter accogliere nuovamente i visitatori dopo questi mesi di <a href=\"https:\/\/www.radiopiu.net\/wordpress\/con-silvano-savio-visitiamo-il-museo-dedicato-a-papa-luciani\/musal-3\/\" rel=\"attachment wp-att-187232\"><img loading=\"lazy\" decoding=\"async\" class=\"size-medium wp-image-187232 alignleft\" src=\"https:\/\/www.radiopiu.net\/wordpress\/wp-content\/uploads\/2021\/01\/MUSAL-300x176.png\" alt=\"\" width=\"300\" height=\"176\" srcset=\"https:\/\/www.radiopiu.net\/wordpress\/wp-content\/uploads\/2021\/01\/MUSAL-300x176.png 300w, https:\/\/www.radiopiu.net\/wordpress\/wp-content\/uploads\/2021\/01\/MUSAL-1024x601.png 1024w, https:\/\/www.radiopiu.net\/wordpress\/wp-content\/uploads\/2021\/01\/MUSAL-768x451.png 768w, https:\/\/www.radiopiu.net\/wordpress\/wp-content\/uploads\/2021\/01\/MUSAL-1536x902.png 1536w, https:\/\/www.radiopiu.net\/wordpress\/wp-content\/uploads\/2021\/01\/MUSAL.png 1884w\" sizes=\"auto, (max-width: 300px) 100vw, 300px\" \/><\/a>chiusura. Abbiamo sentito la vicinanza di molti amici del Museo e speriamo davvero di poterli rivedere dal vivo durante questi appuntamenti\u00bb.<\/em><\/p><\/blockquote>\n<p><strong>CANALE D&#8217;AGORDO<\/strong> Mostre, concerti, incontri, presentazioni di libri, conferenze: anche per l&#8217;edizione 2021 il Musal ha preparato una ricca serie di appuntamenti. Primo evento, il 10 luglio per celebrare la prima Giornata Mondiale dei nonni e degli anziani istituita da papa Francesco, presso la Sala Lina Zand\u00f2 del Museo, Mattia Mascher presenter\u00e0 il suo libro Guida galattica per nonne e nonni del Terzo Millennio. Come affrontare le sfide del futuro insieme ai nipoti. Padre Domenico sar\u00e0 al centro della mostra P. Domenico De Rocco (1889-1958) e la Cina che verr\u00e0 inaugurata sabato 17 luglio con una conferenza sul tema. Don Antonio Della Lucia sar\u00e0 invece al centro dell&#8217;incontro di sabato 24 luglio, il direttore del Musal Loris Serafini, presenter\u00e0 la sua nuova biografia sul sacerdote in preparazione al 150\u00b0 di fondazione della Prima Latteria Cooperativa d\u2019Italia di Forno di Canale (8 gennaio 1872).\u00a0 La musica, protagonista di una serie di concerti nella chiesa arcipretale di Canale d&#8217;Agordo a partire da sabato 24 luglio con Per il Papa de Le Muse e le Dolomiti. Sabato 28 agosto l&#8217;associazione \u201cAmici di papa Luciani\u201d dar\u00e0 vita all&#8217;incontro Le sorgenti spirituali di Giovanni Paolo I. La famiglia e i maestri di Albino Luciani con la partecipazione di Giorgia Menegolli e Loris Serafini.<\/p>\n<p>&nbsp;<\/p>\n<hr \/>\n<p>&nbsp;<\/p>\n<blockquote>\n<h3>LA PITTURA DELL\u2019OTTOCENTO NEL BELLUNESE: ITINERARIO 5 DA PERAROLO A SANTO STEFANO<\/h3>\n<h3>di RENATO BONA<\/h3>\n<\/blockquote>\n<p>Ci avviamo a conclusione dell\u2019esperienza del quinto itinerario (su sei) fra la \u201cPittura dell\u2019Ottocento nel Bellunese\u201d accompagnati dal libretto-guida edito alla Provincia di Belluno nel 2007 con testi di Emanuela Rollandini su progetto grafico e stampa della trevigiana Grafiche Antiga di Crocetta del Montello, e numerose belle fotografie di enti, associazioni e privati. L\u2019itinerario di cui ci occupiamo oggi \u00e8 quello che va da Perarolo a Santo Stefano di Cadore, che comincia proponendo la chiesa di San Nicol\u00f2 di Perarolo, che venne edificata nel 1862 in stile lombardesco su progetto &#8211; finanziato dalla famiglia Lazzaris Costantini &#8211; del vicentino architetto Antonio Caregaro Negrin. Nell\u2019occasione, i benefattori pagavano anche per la sistemazione del giardino della villa di famiglia, purtroppo non pi\u00f9 esistente come del resto la navata dell\u2019edificio sacro, demolita con la facciata nel 1897, conservando la sola zona absidale. Vi si trova di Tommaso Da Rin (Vigo di Cadore 1838 &#8211; Venezia 1922) l\u2019olio su tela del 1885 \u201cSant\u2019Antonio da Padova, Francesco e Luigi in adorazione del Bambino\u201d, e di Giuseppe Ghedina (Cortina 1825-1896) che propone pure un olio su tela, del settimo decennio del XIX secolo: \u201cMadonna Addolorata\u201d. Di cui la Rollandini scrive che \u00e8 \u201csu un trono di geometrica essenzialit\u00e0, entro una nicchia dal disegno altrettanto rigoroso, con luci e ombre che delineano nette alternanze di piani chiari e scuri, In questo spazio dominano la linee ortogonali, l\u2019asimmetria del corpo che cede al dolore, diventa un canale espressivo di rara intensit\u00e0. Ai piedi della Vergine i simboli della passione si dispongono come in una natura morta, coerentemente con il gioco sottile di equilibri geometrici che sostiene la composizione, frutto di una personale riflessione sui linguaggi figurativi che caratterizzano la tarda et\u00e0 romantica. La tela, vero e proprio capolavoro del pittore nell\u2019ambito della tematica sacra, \u00e8 tradizionalmente assegnata al 1862 in concomitanza alla costruzione dell\u2019edificio sacro. Ci spostiamo nella chiesa di San Bernardino da Siena a Pelos dove c\u2019\u00e8 di nuovo Tommaso Da Rin, stavolta con \u201cMadonna ed il Bambino con i santi Fermo e Rustico\u201d. Olio su tela del 1876: \u201c\u2026Al modello idealizzante cinquecentesco sfugge la figura di san Rustico che mostra tutta la sua pesantezza di uomo anziano con la schiena curva, gli abiti spiegazzati e la calvizie che avanza, infondendo alla scena una vena di pi\u00f9 spiccato realismo\u201d. Altra sosta, stavolta nella chiesa di Sant\u2019Antonio Abate di Laggio dove lo stesso autore propone \u201cSant\u2019Antonio Abate, san Carlo e Floriano\u201d, olio su tela del 1868, con Emanuela Rollandini che puntualizza: \u201cQuando Da Rin dipinge la pala per la \u201csua Laggio\u201d, il luogo dove aveva trascorso la prima giovinezza, ha alle spalle un lungo soggiorno veneziano, cui deve la sua formazione, maturata alla scuola di Michelangelo Grigoletti e Carlo Blaas. Pochi anni dopo la sua collocazione, il dipinto viene lodato per \u2018le figure che traspirano dai volti un vago soffio di mistico candore\u2019 (Ronzon 1876) diverso per ognuno dei personaggi, capaci di mantenere intatta la propria individualit\u00e0\u2026 Il pittore rivela tutta la su abilit\u00e0 nel definire il ricco pivale di san Carlo, creando un contrasto, non solo cromatico, con il padre del monachesimo sullo sfondo\u2026\u201d. Ed eccoci nella chiesa di San Martino di Vigo di Cadore per la quale Da Rin ha dipinto, olio su tela del 1880, \u201cCacciata dei mercanti dal tempio\u201d e \u201cSacra famiglia con i santi Rocco e Sebastiano\u201d, olio su tela dell\u2019ultimo decennio del XIX secolo, con la Madonna che \u201csi offre al nostro sguardo in una posa simile a quella utilizzata dal pittore per la pala di Villanova di Borca di Cadore, cos\u00ec come risulta ricorrente la gestualit\u00e0 di san Rocco\u2026\u201d. Lorenzago: chiesa della Madonna della Difesa (chiesetta votiva demolita nel 1841 dopo una serie di incendi che ne avevano compromesso gravemente la stabilit\u00e0, ricostruita entro l\u2019anno successivo!): Rocco Pittaco (Udine 1822-Vicenza 1898) propone \u201cMadonna con il Bambino e i santi Gioacchino e Anna appaiono ad un appestato\u201d, olio su tela della met\u00e0 del XIX secolo. Il piccolo presbiterio dell\u2019antica chiesa accoglie altri due dipinti ottocenteschi. Sulle pareti laterali sono infatti collocate due opere tarde e piuttosto convenzionali di Giuseppe Gallo De Lorenzi (Soligo di Treviso 1790-Venezia 1858) mentre il lavoro di Pittaco \u00e8 collocato al centro. Conclusione del quinto itinerario nella chiesa di Santo Stefano di Cadore dove ritroviamo Tommaso Da Rin con \u201cSant\u2019Antonio da Padova con il Bambino\u201d, olio su tela del 1884, e \u201cSan Giuseppe con il Bambino\u201d sempre olio su tela dello stesso anno, dipinti che sono posti uno di fronte all\u2019altro sui due secondi altari laterali e \u201cpropongono una delle coreografie pi\u00f9 tradizionali e amate dalla devozione popolare. Da Rin descrive la vivacit\u00e0 del Bambino e le espressioni intenerite dei santi con vivido realismo, offrendo alla meditazione religiosa dei fedeli un soggetto calato in un\u2019atmosfera addolcita e familiare. In chiusura, l\u2019autrice specifica che \u201cLungo questo itinerario si incontrano altre opere di Tommaso Da Rin, alcune delle quali eseguite oltre lo scadere del secolo: a Lozzo la \u201cPiet\u00e0\u201d nella chiesa di San Lorenzo, la \u201cMadonna di Loreto con i santi Lorenzo e Antonio da Padova\u201d e \u201cL\u2019educazione della Vergine\u201d per la chiesetta di Santa Maria di Loreto; a Vigo i cinque ritratti della Biblioteca storica cadorina; a Lorenzago i \u201cSanti Rocco, Sebastiano e Fabiano\u201d nella chiesa dei santi Ermagora e Fortunato. Vanno inoltre segnalati gli affreschi attribuiti a Girolamo Moech di casa Cadorin a Lorenzago\u201d.<\/p>\n<p>&nbsp;<\/p>\n\n\t\t\t<style type='text\/css'>\n\t\t\t\t#gallery-4 {\n\t\t\t\t\tmargin: auto;\n\t\t\t\t}\n\t\t\t\t#gallery-4 .gallery-item {\n\t\t\t\t\tfloat: left;\n\t\t\t\t\tmargin-top: 10px;\n\t\t\t\t\ttext-align: center;\n\t\t\t\t\twidth: 11%;\n\t\t\t\t}\n\t\t\t\t#gallery-4 img {\n\t\t\t\t\tborder: 2px solid #cfcfcf;\n\t\t\t\t}\n\t\t\t\t#gallery-4 .gallery-caption {\n\t\t\t\t\tmargin-left: 0;\n\t\t\t\t}\n\t\t\t\t\/* see gallery_shortcode() in wp-includes\/media.php *\/\n\t\t\t<\/style>\n\t\t<div id='gallery-4' class='dt-gallery-container gallery galleryid-219880 gallery-columns-9 gallery-size-thumbnail'><dl class='gallery-item'>\n\t\t\t\t<dt class='gallery-icon portrait'>\n\t\t\t\t\t<a class=\"rollover rollover-zoom dt-pswp-item\" title=\"209579030_778742602796274_2189229786462773443_n\" data-dt-img-description=\"\" data-large_image_width=\"168\" data-large_image_height=\"200\"href='https:\/\/www.radiopiu.net\/wordpress\/wp-content\/uploads\/2021\/07\/209579030_778742602796274_2189229786462773443_n.jpg'><img loading=\"lazy\" decoding=\"async\" width=\"150\" height=\"150\" src=\"https:\/\/www.radiopiu.net\/wordpress\/wp-content\/uploads\/2021\/07\/209579030_778742602796274_2189229786462773443_n-150x150.jpg\" class=\"attachment-thumbnail size-thumbnail\" alt=\"\" \/><\/a>\n\t\t\t\t<\/dt><\/dl><dl class='gallery-item'>\n\t\t\t\t<dt class='gallery-icon landscape'>\n\t\t\t\t\t<a class=\"rollover rollover-zoom dt-pswp-item\" title=\"211027254_516069932928497_5124126863655967603_n\" data-dt-img-description=\"\" data-large_image_width=\"417\" data-large_image_height=\"201\"href='https:\/\/www.radiopiu.net\/wordpress\/wp-content\/uploads\/2021\/07\/211027254_516069932928497_5124126863655967603_n.jpg'><img loading=\"lazy\" decoding=\"async\" width=\"150\" height=\"150\" src=\"https:\/\/www.radiopiu.net\/wordpress\/wp-content\/uploads\/2021\/07\/211027254_516069932928497_5124126863655967603_n-150x150.jpg\" class=\"attachment-thumbnail size-thumbnail\" alt=\"\" \/><\/a>\n\t\t\t\t<\/dt><\/dl><dl class='gallery-item'>\n\t\t\t\t<dt class='gallery-icon portrait'>\n\t\t\t\t\t<a class=\"rollover rollover-zoom dt-pswp-item\" title=\"211438902_563206024853328_3601848704181319900_n\" data-dt-img-description=\"\" data-large_image_width=\"155\" data-large_image_height=\"206\"href='https:\/\/www.radiopiu.net\/wordpress\/wp-content\/uploads\/2021\/07\/211438902_563206024853328_3601848704181319900_n.jpg'><img loading=\"lazy\" decoding=\"async\" width=\"150\" height=\"150\" src=\"https:\/\/www.radiopiu.net\/wordpress\/wp-content\/uploads\/2021\/07\/211438902_563206024853328_3601848704181319900_n-150x150.jpg\" class=\"attachment-thumbnail size-thumbnail\" alt=\"\" \/><\/a>\n\t\t\t\t<\/dt><\/dl><dl class='gallery-item'>\n\t\t\t\t<dt class='gallery-icon portrait'>\n\t\t\t\t\t<a class=\"rollover rollover-zoom dt-pswp-item\" title=\"213862066_159155156163752_3512740825804741699_n\" data-dt-img-description=\"\" data-large_image_width=\"152\" data-large_image_height=\"225\"href='https:\/\/www.radiopiu.net\/wordpress\/wp-content\/uploads\/2021\/07\/213862066_159155156163752_3512740825804741699_n.jpg'><img loading=\"lazy\" decoding=\"async\" width=\"150\" height=\"150\" src=\"https:\/\/www.radiopiu.net\/wordpress\/wp-content\/uploads\/2021\/07\/213862066_159155156163752_3512740825804741699_n-150x150.jpg\" class=\"attachment-thumbnail size-thumbnail\" alt=\"\" \/><\/a>\n\t\t\t\t<\/dt><\/dl><dl class='gallery-item'>\n\t\t\t\t<dt class='gallery-icon portrait'>\n\t\t\t\t\t<a class=\"rollover rollover-zoom dt-pswp-item\" title=\"209530869_353359252982232_5951822336664616559_n\" data-dt-img-description=\"\" data-large_image_width=\"155\" data-large_image_height=\"296\"href='https:\/\/www.radiopiu.net\/wordpress\/wp-content\/uploads\/2021\/07\/209530869_353359252982232_5951822336664616559_n.jpg'><img loading=\"lazy\" decoding=\"async\" width=\"150\" height=\"150\" src=\"https:\/\/www.radiopiu.net\/wordpress\/wp-content\/uploads\/2021\/07\/209530869_353359252982232_5951822336664616559_n-150x150.jpg\" class=\"attachment-thumbnail size-thumbnail\" alt=\"\" \/><\/a>\n\t\t\t\t<\/dt><\/dl><dl class='gallery-item'>\n\t\t\t\t<dt class='gallery-icon landscape'>\n\t\t\t\t\t<a class=\"rollover rollover-zoom dt-pswp-item\" title=\"212764912_947108232689385_3202957352292831734_n\" data-dt-img-description=\"\" data-large_image_width=\"365\" data-large_image_height=\"206\"href='https:\/\/www.radiopiu.net\/wordpress\/wp-content\/uploads\/2021\/07\/212764912_947108232689385_3202957352292831734_n.jpg'><img loading=\"lazy\" decoding=\"async\" width=\"150\" height=\"150\" src=\"https:\/\/www.radiopiu.net\/wordpress\/wp-content\/uploads\/2021\/07\/212764912_947108232689385_3202957352292831734_n-150x150.jpg\" class=\"attachment-thumbnail size-thumbnail\" alt=\"\" \/><\/a>\n\t\t\t\t<\/dt><\/dl><dl class='gallery-item'>\n\t\t\t\t<dt class='gallery-icon portrait'>\n\t\t\t\t\t<a class=\"rollover rollover-zoom dt-pswp-item\" title=\"210171021_222077106407929_2255268043448436628_n\" data-dt-img-description=\"\" data-large_image_width=\"150\" data-large_image_height=\"296\"href='https:\/\/www.radiopiu.net\/wordpress\/wp-content\/uploads\/2021\/07\/210171021_222077106407929_2255268043448436628_n.jpg'><img loading=\"lazy\" decoding=\"async\" width=\"150\" height=\"150\" src=\"https:\/\/www.radiopiu.net\/wordpress\/wp-content\/uploads\/2021\/07\/210171021_222077106407929_2255268043448436628_n-150x150.jpg\" class=\"attachment-thumbnail size-thumbnail\" alt=\"\" \/><\/a>\n\t\t\t\t<\/dt><\/dl><dl class='gallery-item'>\n\t\t\t\t<dt class='gallery-icon portrait'>\n\t\t\t\t\t<a class=\"rollover rollover-zoom dt-pswp-item\" title=\"214041249_1214479502307358_7081690731581220749_n\" data-dt-img-description=\"\" data-large_image_width=\"154\" data-large_image_height=\"296\"href='https:\/\/www.radiopiu.net\/wordpress\/wp-content\/uploads\/2021\/07\/214041249_1214479502307358_7081690731581220749_n.jpg'><img loading=\"lazy\" decoding=\"async\" width=\"150\" height=\"150\" src=\"https:\/\/www.radiopiu.net\/wordpress\/wp-content\/uploads\/2021\/07\/214041249_1214479502307358_7081690731581220749_n-150x150.jpg\" class=\"attachment-thumbnail size-thumbnail\" alt=\"\" \/><\/a>\n\t\t\t\t<\/dt><\/dl><dl class='gallery-item'>\n\t\t\t\t<dt class='gallery-icon portrait'>\n\t\t\t\t\t<a class=\"rollover rollover-zoom dt-pswp-item\" title=\"210479663_182102320463066_1393532605548727335_n\" data-dt-img-description=\"\" data-large_image_width=\"158\" data-large_image_height=\"206\"href='https:\/\/www.radiopiu.net\/wordpress\/wp-content\/uploads\/2021\/07\/210479663_182102320463066_1393532605548727335_n.jpg'><img loading=\"lazy\" decoding=\"async\" width=\"150\" height=\"150\" src=\"https:\/\/www.radiopiu.net\/wordpress\/wp-content\/uploads\/2021\/07\/210479663_182102320463066_1393532605548727335_n-150x150.jpg\" class=\"attachment-thumbnail size-thumbnail\" alt=\"\" \/><\/a>\n\t\t\t\t<\/dt><\/dl><br style=\"clear: both\" \/><dl class='gallery-item'>\n\t\t\t\t<dt class='gallery-icon landscape'>\n\t\t\t\t\t<a class=\"rollover rollover-zoom dt-pswp-item\" title=\"210782333_477353803704131_1581673290634635030_n\" data-dt-img-description=\"\" data-large_image_width=\"277\" data-large_image_height=\"206\"href='https:\/\/www.radiopiu.net\/wordpress\/wp-content\/uploads\/2021\/07\/210782333_477353803704131_1581673290634635030_n.jpg'><img loading=\"lazy\" decoding=\"async\" width=\"150\" height=\"150\" src=\"https:\/\/www.radiopiu.net\/wordpress\/wp-content\/uploads\/2021\/07\/210782333_477353803704131_1581673290634635030_n-150x150.jpg\" class=\"attachment-thumbnail size-thumbnail\" alt=\"\" \/><\/a>\n\t\t\t\t<\/dt><\/dl><dl class='gallery-item'>\n\t\t\t\t<dt class='gallery-icon portrait'>\n\t\t\t\t\t<a class=\"rollover rollover-zoom dt-pswp-item\" title=\"211027537_862513444613386_3990079815972974919_n\" data-dt-img-description=\"\" data-large_image_width=\"151\" data-large_image_height=\"240\"href='https:\/\/www.radiopiu.net\/wordpress\/wp-content\/uploads\/2021\/07\/211027537_862513444613386_3990079815972974919_n.jpg'><img loading=\"lazy\" decoding=\"async\" width=\"150\" height=\"150\" src=\"https:\/\/www.radiopiu.net\/wordpress\/wp-content\/uploads\/2021\/07\/211027537_862513444613386_3990079815972974919_n-150x150.jpg\" class=\"attachment-thumbnail size-thumbnail\" alt=\"\" \/><\/a>\n\t\t\t\t<\/dt><\/dl><dl class='gallery-item'>\n\t\t\t\t<dt class='gallery-icon portrait'>\n\t\t\t\t\t<a class=\"rollover rollover-zoom dt-pswp-item\" title=\"211924510_1137025466784807_9031152897034170268_n\" data-dt-img-description=\"\" data-large_image_width=\"152\" data-large_image_height=\"260\"href='https:\/\/www.radiopiu.net\/wordpress\/wp-content\/uploads\/2021\/07\/211924510_1137025466784807_9031152897034170268_n.jpg'><img loading=\"lazy\" decoding=\"async\" width=\"150\" height=\"150\" src=\"https:\/\/www.radiopiu.net\/wordpress\/wp-content\/uploads\/2021\/07\/211924510_1137025466784807_9031152897034170268_n-150x150.jpg\" class=\"attachment-thumbnail size-thumbnail\" alt=\"\" \/><\/a>\n\t\t\t\t<\/dt><\/dl><dl class='gallery-item'>\n\t\t\t\t<dt class='gallery-icon portrait'>\n\t\t\t\t\t<a class=\"rollover rollover-zoom dt-pswp-item\" title=\"209791458_845008676105954_5567395493395964027_n\" data-dt-img-description=\"\" data-large_image_width=\"168\" data-large_image_height=\"202\"href='https:\/\/www.radiopiu.net\/wordpress\/wp-content\/uploads\/2021\/07\/209791458_845008676105954_5567395493395964027_n.jpg'><img loading=\"lazy\" decoding=\"async\" width=\"150\" height=\"150\" src=\"https:\/\/www.radiopiu.net\/wordpress\/wp-content\/uploads\/2021\/07\/209791458_845008676105954_5567395493395964027_n-150x150.jpg\" class=\"attachment-thumbnail size-thumbnail\" alt=\"\" \/><\/a>\n\t\t\t\t<\/dt><\/dl><dl class='gallery-item'>\n\t\t\t\t<dt class='gallery-icon portrait'>\n\t\t\t\t\t<a class=\"rollover rollover-zoom dt-pswp-item\" title=\"212069612_178134604211191_2707633344841022719_n\" data-dt-img-description=\"\" data-large_image_width=\"189\" data-large_image_height=\"206\"href='https:\/\/www.radiopiu.net\/wordpress\/wp-content\/uploads\/2021\/07\/212069612_178134604211191_2707633344841022719_n.jpg'><img loading=\"lazy\" decoding=\"async\" width=\"150\" height=\"150\" src=\"https:\/\/www.radiopiu.net\/wordpress\/wp-content\/uploads\/2021\/07\/212069612_178134604211191_2707633344841022719_n-150x150.jpg\" class=\"attachment-thumbnail size-thumbnail\" alt=\"\" \/><\/a>\n\t\t\t\t<\/dt><\/dl><dl class='gallery-item'>\n\t\t\t\t<dt class='gallery-icon portrait'>\n\t\t\t\t\t<a class=\"rollover rollover-zoom dt-pswp-item\" title=\"209771856_502611924343564_3423751219171486372_n\" data-dt-img-description=\"\" data-large_image_width=\"168\" data-large_image_height=\"203\"href='https:\/\/www.radiopiu.net\/wordpress\/wp-content\/uploads\/2021\/07\/209771856_502611924343564_3423751219171486372_n.jpg'><img loading=\"lazy\" decoding=\"async\" width=\"150\" height=\"150\" src=\"https:\/\/www.radiopiu.net\/wordpress\/wp-content\/uploads\/2021\/07\/209771856_502611924343564_3423751219171486372_n-150x150.jpg\" class=\"attachment-thumbnail size-thumbnail\" alt=\"\" \/><\/a>\n\t\t\t\t<\/dt><\/dl><dl class='gallery-item'>\n\t\t\t\t<dt class='gallery-icon portrait'>\n\t\t\t\t\t<a class=\"rollover rollover-zoom dt-pswp-item\" title=\"211968355_1759437824256982_4631900246849030138_n\" data-dt-img-description=\"\" data-large_image_width=\"153\" data-large_image_height=\"280\"href='https:\/\/www.radiopiu.net\/wordpress\/wp-content\/uploads\/2021\/07\/211968355_1759437824256982_4631900246849030138_n.jpg'><img loading=\"lazy\" decoding=\"async\" width=\"150\" height=\"150\" src=\"https:\/\/www.radiopiu.net\/wordpress\/wp-content\/uploads\/2021\/07\/211968355_1759437824256982_4631900246849030138_n-150x150.jpg\" class=\"attachment-thumbnail size-thumbnail\" alt=\"\" \/><\/a>\n\t\t\t\t<\/dt><\/dl><dl class='gallery-item'>\n\t\t\t\t<dt class='gallery-icon portrait'>\n\t\t\t\t\t<a class=\"rollover rollover-zoom dt-pswp-item\" title=\"214511545_1493642620982986_6875957564549938638_n\" data-dt-img-description=\"\" data-large_image_width=\"153\" data-large_image_height=\"240\"href='https:\/\/www.radiopiu.net\/wordpress\/wp-content\/uploads\/2021\/07\/214511545_1493642620982986_6875957564549938638_n.jpg'><img loading=\"lazy\" decoding=\"async\" width=\"150\" height=\"150\" src=\"https:\/\/www.radiopiu.net\/wordpress\/wp-content\/uploads\/2021\/07\/214511545_1493642620982986_6875957564549938638_n-150x150.jpg\" class=\"attachment-thumbnail size-thumbnail\" alt=\"\" \/><\/a>\n\t\t\t\t<\/dt><\/dl>\n\t\t\t\t<br style='clear: both' \/>\n\t\t\t<\/div>\n\n<p>&nbsp;<\/p>\n<p>NELLE FOTO (riproduzioni dal libro-guida \u201cLa pittura dell\u2019Ottocento nel Bellunese. Itinerari\u201d): chiesa di San Nicol\u00f2 a Perarolo di Cadore; santi Antonio da Padova, Francesco e Luigi in adorazione del Bambino, di Tommaso Da Rin; particolare della stessa opera; di Giuseppe Ghedina: \u201cMadonna Addolorata\u201d; chiesa di San Bernardino da Siena a Pelos; \u201cMadonna con Bambino e i santi Fermo e Rustico; chiesa di Sant\u2019Antonio Abate di Laggio; santi Antonio Abate, san Carlo e Floriano; chiesa di San Martino di Vigo di Cadore; \u201cCristo tra i fanciulli\u201d, \u201cCacciata dei mercanti dal tempio\u201d e \u201cSacra famiglia con i santi Rocco e Sebastiano\u201d, tutti lavori di Da Rin; chiesa della Madonna della Difesa di Lorenzago; \u201cMadonna con Bambino e i santi Gioacchino e Anna\u201d; chiesa di Santo Stefano di Cadore; Sant\u2019Antonio da Padova con il Bambino; San Giuseppe con il Bambino.<\/p>\n<p>&nbsp;<\/p>\n<hr \/>\n<p>&nbsp;<\/p>\n<h2 style=\"text-align: left;\"><span style=\"color: #ff0000;\">MUSLA, CON LA NUOVA GENERAZIONE LINGUE, USI, COSTUMI , raccolta completa\u00a0<\/span><\/h2>\n<p style=\"text-align: left;\"><strong>10 PUNTATE ALLA RADIO, DA LUNEDI 28 GIUGNO ALLE 14.\u00a0<\/strong><\/p>\n<p>&nbsp;<\/p>\n<blockquote class=\"wp-embedded-content\" data-secret=\"8zp2NKlNQg\"><p><a href=\"https:\/\/www.radiopiu.net\/wordpress\/agora-agordina-la-nosta-piaza\/\">AGORA&#8217; AGORDINA&#8230; LA NOSTA PIAZA LADINA RACCOLTA COMPLETA PRIMA STAGIONE<\/a><\/p><\/blockquote>\n<p><iframe loading=\"lazy\" class=\"wp-embedded-content\" sandbox=\"allow-scripts\" security=\"restricted\" style=\"position: absolute; clip: rect(1px, 1px, 1px, 1px);\" title=\"&#8220;AGORA&#8217; AGORDINA&#8230; LA NOSTA PIAZA LADINA RACCOLTA COMPLETA PRIMA STAGIONE&#8221; &#8212; Radio Pi\u00f9\" src=\"https:\/\/www.radiopiu.net\/wordpress\/agora-agordina-la-nosta-piaza\/embed\/#?secret=8zp2NKlNQg\" data-secret=\"8zp2NKlNQg\" width=\"600\" height=\"338\" frameborder=\"0\" marginwidth=\"0\" marginheight=\"0\" scrolling=\"no\"><\/iframe><\/p>\n<p>&nbsp;<\/p>\n<p>&nbsp;<\/p>\n<p>&nbsp;<\/p>\n<hr \/>\n<p>&nbsp;<\/p>\n<blockquote>\n<h3>POMERIGGIO CULTURALE CON LA BIBLIOTECA DI AGORDO<\/h3>\n<\/blockquote>\n<p><strong>AGORDO<\/strong> il Circolo Culturale Agordino, Biblioteca Civica di Agordo organizza un pomeriggio culturale-incontro con l&#8217;autore. Venerd\u00ec 9 luglio alle 17.30 nella sala &#8220;Don Tamis&#8221; ad Agordo verr\u00e0 presentato il libro di Maria Pia Fassari Cappelletti &#8220;Cristalli d&#8217;amore, poesie&#8221;. L&#8217;incontro sar\u00e0 allietato dalla lettura di alcune poesia da parte di Brunella Moro introdotte dal violino di Ivan Zasso.<\/p>\n<p>&nbsp;<\/p>\n<p>&nbsp;<\/p>\n<p>&nbsp;<\/p>\n<hr \/>\n<p>&nbsp;<\/p>\n<blockquote>\n<h3><a href=\"https:\/\/www.radiopiu.net\/wordpress\/lobbiettivo-e-festeggiare-i-40-anni-del-nof-filo\/nof-filo\/\" rel=\"attachment wp-att-202389\"><img loading=\"lazy\" decoding=\"async\" class=\"wp-image-202389 alignleft\" src=\"https:\/\/www.radiopiu.net\/wordpress\/wp-content\/uploads\/2021\/04\/NOF-FILO-300x169.jpg\" alt=\"\" width=\"172\" height=\"97\" srcset=\"https:\/\/www.radiopiu.net\/wordpress\/wp-content\/uploads\/2021\/04\/NOF-FILO-300x169.jpg 300w, https:\/\/www.radiopiu.net\/wordpress\/wp-content\/uploads\/2021\/04\/NOF-FILO-1024x577.jpg 1024w, https:\/\/www.radiopiu.net\/wordpress\/wp-content\/uploads\/2021\/04\/NOF-FILO-768x432.jpg 768w, https:\/\/www.radiopiu.net\/wordpress\/wp-content\/uploads\/2021\/04\/NOF-FILO-1536x865.jpg 1536w, https:\/\/www.radiopiu.net\/wordpress\/wp-content\/uploads\/2021\/04\/NOF-FILO.jpg 1600w\" sizes=\"auto, (max-width: 172px) 100vw, 172px\" \/><\/a>LA QUINTA VARIAZIONE AL BILANCIO<\/h3>\n<\/blockquote>\n<p><strong>CENCENIGHE<\/strong> Giovedi alle 20.30 consiglio comunale in presenza in Municipio. All&#8217;ordine del giorno il riconoscimento della spesa per l&#8217;addifamento dei lavori di somma urgenza; quinta variazione al bilancio; ZTO &#8220;A&#8221; centro storico-via Roma, variazione al grado di salvaguardia.<\/p>\n<p>&nbsp;<\/p>\n<p>&nbsp;<\/p>\n<hr \/>\n<p>&nbsp;<\/p>\n<h3><strong><a href=\"https:\/\/www.radiopiu.net\/wordpress\/al-via-le-prenotazioni-per-il-concerto-la-mia-terra-con-roby-facchinetti\/6d2f3eca-51eb-475d-a53d-f8cc7852afd5\/\" rel=\"attachment wp-att-216089\"><img loading=\"lazy\" decoding=\"async\" class=\" wp-image-216089 alignleft\" src=\"https:\/\/www.radiopiu.net\/wordpress\/wp-content\/uploads\/2021\/06\/6d2f3eca-51eb-475d-a53d-f8cc7852afd5-300x300.jpg\" alt=\"\" width=\"169\" height=\"169\" srcset=\"https:\/\/www.radiopiu.net\/wordpress\/wp-content\/uploads\/2021\/06\/6d2f3eca-51eb-475d-a53d-f8cc7852afd5-300x300.jpg 300w, https:\/\/www.radiopiu.net\/wordpress\/wp-content\/uploads\/2021\/06\/6d2f3eca-51eb-475d-a53d-f8cc7852afd5-150x150.jpg 150w, https:\/\/www.radiopiu.net\/wordpress\/wp-content\/uploads\/2021\/06\/6d2f3eca-51eb-475d-a53d-f8cc7852afd5-768x768.jpg 768w, https:\/\/www.radiopiu.net\/wordpress\/wp-content\/uploads\/2021\/06\/6d2f3eca-51eb-475d-a53d-f8cc7852afd5.jpg 1024w\" sizes=\"auto, (max-width: 169px) 100vw, 169px\" \/><\/a><\/strong><em>Regione Veneto, Provincia di Belluno, Comune di Falcade, Pro Loco Falcade Caviola, PromoFalcade Dolomiti e Ski Area San Pellegrino.<\/em><\/h3>\n<p><strong>FALCADE <\/strong>\u00a0Diretti dal Maestro Diego Basso un centinaio di artisti tra musicisti e coristi dell\u2019Orchestra Ritmico Sinfonica Italiana e Le Voci di Art Voice Academy.\u00a0 L\u2019accesso all\u2019area del concerto e\u0300 raggiungibile solo su prenotazione, tramite il sito: <a href=\"https:\/\/www.falcadedolomiti.it\/falcade-e-il-concerto-la-mia-terra\/\">https:\/\/www.falcadedolomiti.it\/falcade-e-il-concerto-la-mia-terra\/\u00a0<\/a><\/p>\n<p>&nbsp;<\/p>\n<p>&nbsp;<\/p>\n<hr \/>\n<p>&nbsp;<\/p>\n<blockquote>\n<h3>&#8220;MUSICA DA CORTILE&#8221; A PAIANE DI PONTE NELLE ALPI<\/h3>\n<\/blockquote>\n<p><strong><a href=\"https:\/\/www.radiopiu.net\/wordpress\/musica-da-cortile-a-paiane-di-ponte-nelle-alpi\/post_fb-mdc\/\" rel=\"attachment wp-att-218710\"><img loading=\"lazy\" decoding=\"async\" class=\" wp-image-218710 alignleft\" src=\"https:\/\/www.radiopiu.net\/wordpress\/wp-content\/uploads\/2021\/06\/MUSICA-DA-CORTILE-300x300.jpg\" alt=\"\" width=\"147\" height=\"147\" srcset=\"https:\/\/www.radiopiu.net\/wordpress\/wp-content\/uploads\/2021\/06\/MUSICA-DA-CORTILE-300x300.jpg 300w, https:\/\/www.radiopiu.net\/wordpress\/wp-content\/uploads\/2021\/06\/MUSICA-DA-CORTILE-1024x1024.jpg 1024w, https:\/\/www.radiopiu.net\/wordpress\/wp-content\/uploads\/2021\/06\/MUSICA-DA-CORTILE-150x150.jpg 150w, https:\/\/www.radiopiu.net\/wordpress\/wp-content\/uploads\/2021\/06\/MUSICA-DA-CORTILE-768x768.jpg 768w, https:\/\/www.radiopiu.net\/wordpress\/wp-content\/uploads\/2021\/06\/MUSICA-DA-CORTILE-1536x1536.jpg 1536w, https:\/\/www.radiopiu.net\/wordpress\/wp-content\/uploads\/2021\/06\/MUSICA-DA-CORTILE.jpg 2000w\" sizes=\"auto, (max-width: 147px) 100vw, 147px\" \/><\/a>PONTE NELLE ALPI <\/strong>Da un\u2019idea dei ragazzi del Terzo Mondo Studio e l\u2019esperienza nell\u2019organizzazione di eventi del direttore della Scuola di Musica di Paiane, nasce MUSICA DA CORTILE. Quattro appuntamenti all\u2019insegna della buona musica<i>\u00a0 <\/i>Primo appuntamento l&#8217;8 luglio con un live acustico in duo della band Italo-irlandese Strawman &amp; The Jackdaws, secondi assoluti del Firenze Suona Music Contest.\u00a0 Tutte le serate saranno ad ingresso gratuito e avranno inizio alle ore 21:00 e si terranno nel cortile della Scuola di Musica di Paiane di Ponte nelle Alpi in Via Soccher, 19.<\/p>\n<p>&nbsp;<\/p>\n<p>&nbsp;<\/p>\n<hr \/>\n<p>&nbsp;<\/p>\n<blockquote>\n<h3>RITORNA LA PEDONATA &#8220;CELARDA TRA STORIA E NATURA&#8221;<\/h3>\n<\/blockquote>\n<p><strong>FELTRE <\/strong>La Polisportiva Feltrese dopo un anno di sosta, con una grande voglia di ricominciare, nel rispetto delle regole Covid, organizza per domenica 11 luglio 2021, la pedonata &#8220;Celarda tra storia e Natura. Un percorso, di 11 km o 6 km indicato anche per il Nordic Walking, che evidenzier\u00e0 le bellezze di Celarda, piccola frazione del Comune di Feltre. E&#8217; gi\u00e0 possibile iscriversi a Feltre al Bar Vecchio e Nuovo &#8211; Via Fusinato; all&#8217;Assicuratrice Val Piave &#8211; Viale Monte Grappa; alla Tabaccheria Le Torri &#8211; Centro Commerciale Le Torri; al Bar Info Caff\u00e8 di Pra Del moro. Ritiro pettorali sabato 10 luglio dalle ore 16 alle ore 18 presso il Campo Sportivo di Celarda. La partenza domenica 11.07.2021 \u00e8 prevista alle ore 10.00, al Campo Sportivo di Celarda dove sar\u00e0 possibile iscriversi fin dalle ore 8.00. Per informazioni <a title=\"mailto:da.manfroi@gmail.com\" href=\"mailto:da.manfroi@gmail.com\" target=\"_blank\" rel=\"noopener noreferrer\">da.manfroi@gmail.com<\/a> &#8211; 335\/340487<\/p>\n<p>&nbsp;<\/p>\n<p>&nbsp;<\/p>\n<hr \/>\n<p>&nbsp;<\/p>\n<h1><span style=\"color: #ff0000;\">IERI ALLA RADIO<\/span><\/h1>\n<h2><strong><a href=\"https:\/\/www.radiopiu.net\/wordpress\/maratona-dles-dolomites-le-interviste\/6af83a36-3e89-487e-920f-d359ea62f64b\/\" rel=\"attachment wp-att-219961\"><img loading=\"lazy\" decoding=\"async\" class=\"size-medium wp-image-219961 alignleft\" src=\"https:\/\/www.radiopiu.net\/wordpress\/wp-content\/uploads\/2021\/07\/6af83a36-3e89-487e-920f-d359ea62f64b-300x200.jpg\" alt=\"\" width=\"300\" height=\"200\" srcset=\"https:\/\/www.radiopiu.net\/wordpress\/wp-content\/uploads\/2021\/07\/6af83a36-3e89-487e-920f-d359ea62f64b-300x200.jpg 300w, https:\/\/www.radiopiu.net\/wordpress\/wp-content\/uploads\/2021\/07\/6af83a36-3e89-487e-920f-d359ea62f64b-1024x683.jpg 1024w, https:\/\/www.radiopiu.net\/wordpress\/wp-content\/uploads\/2021\/07\/6af83a36-3e89-487e-920f-d359ea62f64b-768x512.jpg 768w, https:\/\/www.radiopiu.net\/wordpress\/wp-content\/uploads\/2021\/07\/6af83a36-3e89-487e-920f-d359ea62f64b.jpg 1125w\" sizes=\"auto, (max-width: 300px) 100vw, 300px\" \/><\/a><\/strong><span style=\"color: #ff6600;\">MARATONA DLES DOLOMITES &#8211; LE INTERVISTE<\/span><\/h2>\n<p><strong>di Claudio Fontanive<\/strong><\/p>\n<audio class=\"wp-audio-shortcode\" id=\"audio-219880-4\" preload=\"none\" style=\"width: 100%;\" controls=\"controls\"><source type=\"audio\/mpeg\" src=\"https:\/\/www.radiopiu.net\/wordpress\/wp-content\/uploads\/2021\/07\/maratona-interviste.mp3?_=4\" \/><a href=\"https:\/\/www.radiopiu.net\/wordpress\/wp-content\/uploads\/2021\/07\/maratona-interviste.mp3\">https:\/\/www.radiopiu.net\/wordpress\/wp-content\/uploads\/2021\/07\/maratona-interviste.mp3<\/a><\/audio>\n<p>&nbsp;<\/p>\n<hr \/>\n<p>&nbsp;<\/p>\n<h2><strong><a href=\"https:\/\/www.radiopiu.net\/wordpress\/plastic-free-ad-alleghe-nevegal-e-pieve-di-cadore-le-giornate-ecologiche-del-fine-settimana\/nevegal_2\/\" rel=\"attachment wp-att-208576\"><img loading=\"lazy\" decoding=\"async\" class=\" wp-image-208576 alignleft\" src=\"https:\/\/www.radiopiu.net\/wordpress\/wp-content\/uploads\/2021\/05\/Nevegal_2-300x300.jpg\" alt=\"\" width=\"172\" height=\"172\" srcset=\"https:\/\/www.radiopiu.net\/wordpress\/wp-content\/uploads\/2021\/05\/Nevegal_2-300x300.jpg 300w, https:\/\/www.radiopiu.net\/wordpress\/wp-content\/uploads\/2021\/05\/Nevegal_2-1024x1024.jpg 1024w, https:\/\/www.radiopiu.net\/wordpress\/wp-content\/uploads\/2021\/05\/Nevegal_2-150x150.jpg 150w, https:\/\/www.radiopiu.net\/wordpress\/wp-content\/uploads\/2021\/05\/Nevegal_2-768x768.jpg 768w, https:\/\/www.radiopiu.net\/wordpress\/wp-content\/uploads\/2021\/05\/Nevegal_2.jpg 1496w\" sizes=\"auto, (max-width: 172px) 100vw, 172px\" \/><\/a><\/strong><span style=\"color: #3366ff;\">PLASTIC FREE &#8211; SECONDA PUNTATA. LA RACCOLTA SUL NEVEGAL<\/span><\/h2>\n<p><strong>AUDIO <\/strong><\/p>\n<p><strong>SECONDA PUNTATA<\/strong><\/p>\n<p>A cura di Martina Smaniotto<\/p>\n<audio class=\"wp-audio-shortcode\" id=\"audio-219880-5\" preload=\"none\" style=\"width: 100%;\" controls=\"controls\"><source type=\"audio\/mpeg\" src=\"https:\/\/www.radiopiu.net\/wordpress\/wp-content\/uploads\/2021\/07\/martina-plasti-free-puntata-2.mp3?_=5\" \/><a href=\"https:\/\/www.radiopiu.net\/wordpress\/wp-content\/uploads\/2021\/07\/martina-plasti-free-puntata-2.mp3\">https:\/\/www.radiopiu.net\/wordpress\/wp-content\/uploads\/2021\/07\/martina-plasti-free-puntata-2.mp3<\/a><\/audio>\n<p>&nbsp;<\/p>\n<blockquote class=\"wp-embedded-content\" data-secret=\"qNO9FiOvnV\"><p><a href=\"https:\/\/www.radiopiu.net\/wordpress\/plastic-free-per-un-mondo-senza-plastica\/\">PLASTIC FREE per un mondo senza plastica<\/a><\/p><\/blockquote>\n<p><iframe loading=\"lazy\" class=\"wp-embedded-content\" sandbox=\"allow-scripts\" security=\"restricted\" style=\"position: absolute; clip: rect(1px, 1px, 1px, 1px);\" title=\"&#8220;PLASTIC FREE per un mondo senza plastica&#8221; &#8212; Radio Pi\u00f9\" src=\"https:\/\/www.radiopiu.net\/wordpress\/plastic-free-per-un-mondo-senza-plastica\/embed\/#?secret=qNO9FiOvnV\" data-secret=\"qNO9FiOvnV\" width=\"600\" height=\"338\" frameborder=\"0\" marginwidth=\"0\" marginheight=\"0\" scrolling=\"no\"><\/iframe><\/p>\n<p>&nbsp;<\/p>\n<hr \/>\n<p>&nbsp;<\/p>\n<blockquote>\n<blockquote>\n<h2><a href=\"https:\/\/www.radiopiu.net\/wordpress\/speciale-solidarieta-veneto\/solidarieta-veneto-3\/\" rel=\"attachment wp-att-134366\"><img loading=\"lazy\" decoding=\"async\" class=\"wp-image-134366 alignleft\" src=\"https:\/\/www.radiopiu.net\/wordpress\/wp-content\/uploads\/2020\/05\/solidariet\u00e0-veneto-300x210.jpg\" alt=\"\" width=\"102\" height=\"71\" srcset=\"https:\/\/www.radiopiu.net\/wordpress\/wp-content\/uploads\/2020\/05\/solidariet\u00e0-veneto-300x210.jpg 300w, https:\/\/www.radiopiu.net\/wordpress\/wp-content\/uploads\/2020\/05\/solidariet\u00e0-veneto-1024x717.jpg 1024w, https:\/\/www.radiopiu.net\/wordpress\/wp-content\/uploads\/2020\/05\/solidariet\u00e0-veneto-768x538.jpg 768w, https:\/\/www.radiopiu.net\/wordpress\/wp-content\/uploads\/2020\/05\/solidariet\u00e0-veneto.jpg 1373w\" sizes=\"auto, (max-width: 102px) 100vw, 102px\" \/><\/a>SOLIDARIETA&#8217; VENETO FONDO PENSIONE, IN ONDA IL PRIMO VENERDI DEL MESE ALLE 10.30 E ALLE 19.00 QUINTA STAGIONE<\/h2>\n<\/blockquote>\n<h2><strong><span style=\"color: #ff0000;\">AUDIO LUGLIO 2021<\/span><\/strong><\/h2>\n<\/blockquote>\n<audio class=\"wp-audio-shortcode\" id=\"audio-219880-6\" preload=\"none\" style=\"width: 100%;\" controls=\"controls\"><source type=\"audio\/mpeg\" src=\"https:\/\/www.radiopiu.net\/wordpress\/wp-content\/uploads\/2021\/07\/solidarieta-veneto-luglio-2021.mp3?_=6\" \/><a href=\"https:\/\/www.radiopiu.net\/wordpress\/wp-content\/uploads\/2021\/07\/solidarieta-veneto-luglio-2021.mp3\">https:\/\/www.radiopiu.net\/wordpress\/wp-content\/uploads\/2021\/07\/solidarieta-veneto-luglio-2021.mp3<\/a><\/audio>\n<h2>LA RACCOLTA COMPLETA<\/h2>\n<blockquote class=\"wp-embedded-content\" data-secret=\"yfRmbVMp9G\"><p><a href=\"https:\/\/www.radiopiu.net\/wordpress\/solidarieta-veneto\/\">Solidariet\u00e0 Veneto<\/a><\/p><\/blockquote>\n<p><iframe loading=\"lazy\" class=\"wp-embedded-content\" sandbox=\"allow-scripts\" security=\"restricted\" style=\"position: absolute; clip: rect(1px, 1px, 1px, 1px);\" title=\"&#8220;Solidariet\u00e0 Veneto&#8221; &#8212; Radio Pi\u00f9\" src=\"https:\/\/www.radiopiu.net\/wordpress\/solidarieta-veneto\/embed\/#?secret=yfRmbVMp9G\" data-secret=\"yfRmbVMp9G\" width=\"600\" height=\"338\" frameborder=\"0\" marginwidth=\"0\" marginheight=\"0\" scrolling=\"no\"><\/iframe><\/p>\n<blockquote>\n<h2><\/h2>\n<\/blockquote>\n<p>&nbsp;<\/p>\n<hr \/>\n<p>&nbsp;<\/p>\n<h2><strong><span style=\"color: #ff0000;\">QUINDICINALE APPUNTAMENTO ALLA RADIO<\/span><\/strong><\/h2>\n<blockquote>\n<h3><a style=\"font-size: 14px; font-weight: normal;\" href=\"https:\/\/www.radiopiu.net\/wordpress\/giornale-radiopiu-06-febbraio-2019-direttore-mirko-mezzacasa\/logo_spi-cgil-800x445\/\" rel=\"attachment wp-att-75538\"><img loading=\"lazy\" decoding=\"async\" class=\"wp-image-75538 alignleft\" src=\"https:\/\/www.radiopiu.net\/wordpress\/wp-content\/uploads\/2019\/02\/Logo_Spi-CGIL-800x445-300x167.jpg\" alt=\"\" width=\"210\" height=\"117\" srcset=\"https:\/\/www.radiopiu.net\/wordpress\/wp-content\/uploads\/2019\/02\/Logo_Spi-CGIL-800x445-300x167.jpg 300w, https:\/\/www.radiopiu.net\/wordpress\/wp-content\/uploads\/2019\/02\/Logo_Spi-CGIL-800x445-768x427.jpg 768w, https:\/\/www.radiopiu.net\/wordpress\/wp-content\/uploads\/2019\/02\/Logo_Spi-CGIL-800x445.jpg 800w\" sizes=\"auto, (max-width: 210px) 100vw, 210px\" \/><\/a><\/h3>\n<\/blockquote>\n<blockquote>\n<h3>ALLA RADIO, APPUNTAMENTO QUINDICINALE CON SPI-CGIL BELLUNO, IN STUDIO MARIA RITA GENTILIN<\/h3>\n<\/blockquote>\n<p><strong>di Claudio Fontanive\u00a0<\/strong><\/p>\n<p><span style=\"color: #ff0000;\"><strong>PUNTATA DEL\u00a0 24 giugno 2021<\/strong><\/span><\/p>\n<audio class=\"wp-audio-shortcode\" id=\"audio-219880-7\" preload=\"none\" style=\"width: 100%;\" controls=\"controls\"><source type=\"audio\/mpeg\" src=\"https:\/\/www.radiopiu.net\/wordpress\/wp-content\/uploads\/2021\/06\/spig-gentilin-24-giugno.mp3?_=7\" \/><a href=\"https:\/\/www.radiopiu.net\/wordpress\/wp-content\/uploads\/2021\/06\/spig-gentilin-24-giugno.mp3\">https:\/\/www.radiopiu.net\/wordpress\/wp-content\/uploads\/2021\/06\/spig-gentilin-24-giugno.mp3<\/a><\/audio>\n<p>&nbsp;<\/p>\n<p>&nbsp;<\/p>\n<h2><\/h2>\n<hr \/>\n<p>&nbsp;<\/p>\n<div>\n<div class=\"b654a4as d2edcug0\">\n<div class=\"rq0escxv hkbzh7o3 jwdofwj8 n8tt0mok r8blr3vg hyh9befq\">\n<p><a class=\"dt-pswp-item\" href=\"https:\/\/www.radiopiu.net\/wordpress\/wp-content\/uploads\/2020\/10\/pp.jpg\" data-dt-img-description=\"\" data-large_image_width=\"640\" data-large_image_height=\"640\"><img loading=\"lazy\" decoding=\"async\" class=\"wp-image-163678 alignleft\" src=\"https:\/\/www.radiopiu.net\/wordpress\/wp-content\/uploads\/2020\/10\/pp-300x300.jpg\" alt=\"\" width=\"106\" height=\"106\" srcset=\"https:\/\/www.radiopiu.net\/wordpress\/wp-content\/uploads\/2020\/10\/pp-300x300.jpg 300w, https:\/\/www.radiopiu.net\/wordpress\/wp-content\/uploads\/2020\/10\/pp-150x150.jpg 150w, https:\/\/www.radiopiu.net\/wordpress\/wp-content\/uploads\/2020\/10\/pp-125x125.jpg 125w, https:\/\/www.radiopiu.net\/wordpress\/wp-content\/uploads\/2020\/10\/pp-200x200.jpg 200w, https:\/\/www.radiopiu.net\/wordpress\/wp-content\/uploads\/2020\/10\/pp-80x80.jpg 80w, https:\/\/www.radiopiu.net\/wordpress\/wp-content\/uploads\/2020\/10\/pp-480x480.jpg 480w, https:\/\/www.radiopiu.net\/wordpress\/wp-content\/uploads\/2020\/10\/pp.jpg 640w\" sizes=\"auto, (max-width: 106px) 100vw, 106px\" \/><\/a><\/p>\n<\/div>\n<\/div>\n<\/div>\n<div>\n<div class=\"page-title-head hgroup\">\n<div class=\"page-title-head hgroup\">\n<div class=\"b654a4as d2edcug0\">\n<div class=\"j83agx80 btwxx1t3 lhclo0ds hop8lmos nkwizq5d scwd0bx6 roh60bw9\">\n<div class=\"rq0escxv hkbzh7o3 jwdofwj8 n8tt0mok r8blr3vg hyh9befq\">\n<div class=\"do00u71z l9j0dhe7 k4urcfbm\">\n<h2><span style=\"color: #000080;\">DON CESARE, IL PENSIERO DEL GIORNO. ALLA RADIO ALLE 7 DEL MATTINO E ALLE 19.30 DELLA SERA.\u00a0\u00a0<\/span><\/h2>\n<\/div>\n<\/div>\n<\/div>\n<div class=\"rq0escxv hkbzh7o3 jwdofwj8 n8tt0mok r8blr3vg hyh9befq\"><\/div>\n<div><\/div>\n<\/div>\n<\/div>\n<div class=\"page-title-head hgroup\">\n<div class=\"b654a4as d2edcug0\">\n<audio class=\"wp-audio-shortcode\" id=\"audio-219880-8\" preload=\"none\" style=\"width: 100%;\" controls=\"controls\"><source type=\"audio\/mpeg\" src=\"https:\/\/www.radiopiu.net\/wordpress\/wp-content\/uploads\/2021\/07\/cesare-1.mp3?_=8\" \/><a href=\"https:\/\/www.radiopiu.net\/wordpress\/wp-content\/uploads\/2021\/07\/cesare-1.mp3\">https:\/\/www.radiopiu.net\/wordpress\/wp-content\/uploads\/2021\/07\/cesare-1.mp3<\/a><\/audio>\n<p>&nbsp;<\/p>\n<hr \/>\n<p>&nbsp;<\/p>\n<h2><strong><span style=\"color: #ff0000;\">QUINDICINALE APPUNTAMENTO ALLA RADIO<\/span><\/strong><\/h2>\n<blockquote>\n<h3><a style=\"font-size: 14px; font-weight: normal;\" href=\"https:\/\/www.radiopiu.net\/wordpress\/giornale-radiopiu-06-febbraio-2019-direttore-mirko-mezzacasa\/logo_spi-cgil-800x445\/\" rel=\"attachment wp-att-75538\"><img loading=\"lazy\" decoding=\"async\" class=\"wp-image-75538 alignleft\" src=\"https:\/\/www.radiopiu.net\/wordpress\/wp-content\/uploads\/2019\/02\/Logo_Spi-CGIL-800x445-300x167.jpg\" alt=\"\" width=\"210\" height=\"117\" srcset=\"https:\/\/www.radiopiu.net\/wordpress\/wp-content\/uploads\/2019\/02\/Logo_Spi-CGIL-800x445-300x167.jpg 300w, https:\/\/www.radiopiu.net\/wordpress\/wp-content\/uploads\/2019\/02\/Logo_Spi-CGIL-800x445-768x427.jpg 768w, https:\/\/www.radiopiu.net\/wordpress\/wp-content\/uploads\/2019\/02\/Logo_Spi-CGIL-800x445.jpg 800w\" sizes=\"auto, (max-width: 210px) 100vw, 210px\" \/><\/a><\/h3>\n<\/blockquote>\n<blockquote>\n<h3>ALLA RADIO, APPUNTAMENTO QUINDICINALE CON SPI-CGIL BELLUNO, IN STUDIO MARIA RITA GENTILIN<\/h3>\n<\/blockquote>\n<p><strong>di Claudio Fontanive\u00a0<\/strong><\/p>\n<p><span style=\"color: #ff0000;\"><strong>PUNTATA DEL\u00a0 24 giugno 2021<\/strong><\/span><\/p>\n<audio class=\"wp-audio-shortcode\" id=\"audio-219880-9\" preload=\"none\" style=\"width: 100%;\" controls=\"controls\"><source type=\"audio\/mpeg\" src=\"https:\/\/www.radiopiu.net\/wordpress\/wp-content\/uploads\/2021\/06\/spig-gentilin-24-giugno.mp3?_=9\" \/><a href=\"https:\/\/www.radiopiu.net\/wordpress\/wp-content\/uploads\/2021\/06\/spig-gentilin-24-giugno.mp3\">https:\/\/www.radiopiu.net\/wordpress\/wp-content\/uploads\/2021\/06\/spig-gentilin-24-giugno.mp3<\/a><\/audio>\n<p>&nbsp;<\/p>\n<p>&nbsp;<\/p>\n<p>&nbsp;<\/p>\n<hr \/>\n<h2><span style=\"color: #ff6600;\">\u00a0<\/span><\/h2>\n<h2><span style=\"color: #ff6600;\">GIROVAGANDO ALLA RADIO, PUNTATA 07<\/span><\/h2>\n<h3><a href=\"https:\/\/www.radiopiu.net\/wordpress\/girovagando-alla-radio-puntata-07\/7e5e6826-d6af-41e7-bc59-7e2850487c52\/\" rel=\"attachment wp-att-219806\"><img loading=\"lazy\" decoding=\"async\" class=\"size-medium wp-image-219806 alignleft\" src=\"https:\/\/www.radiopiu.net\/wordpress\/wp-content\/uploads\/2021\/07\/7e5e6826-d6af-41e7-bc59-7e2850487c52-300x150.jpg\" alt=\"\" width=\"300\" height=\"150\" srcset=\"https:\/\/www.radiopiu.net\/wordpress\/wp-content\/uploads\/2021\/07\/7e5e6826-d6af-41e7-bc59-7e2850487c52-300x150.jpg 300w, https:\/\/www.radiopiu.net\/wordpress\/wp-content\/uploads\/2021\/07\/7e5e6826-d6af-41e7-bc59-7e2850487c52-1024x512.jpg 1024w, https:\/\/www.radiopiu.net\/wordpress\/wp-content\/uploads\/2021\/07\/7e5e6826-d6af-41e7-bc59-7e2850487c52-768x384.jpg 768w, https:\/\/www.radiopiu.net\/wordpress\/wp-content\/uploads\/2021\/07\/7e5e6826-d6af-41e7-bc59-7e2850487c52-1536x768.jpg 1536w, https:\/\/www.radiopiu.net\/wordpress\/wp-content\/uploads\/2021\/07\/7e5e6826-d6af-41e7-bc59-7e2850487c52.jpg 1600w\" sizes=\"auto, (max-width: 300px) 100vw, 300px\" \/><\/a>Collaborazione Thomas Soppera<\/h3>\n<p>&nbsp;<\/p>\n<p>&nbsp;<\/p>\n<p>&nbsp;<\/p>\n<p>&nbsp;<\/p>\n<p><strong>AUDIO PUNTATA 05 Luglio 2021<\/strong><\/p>\n<audio class=\"wp-audio-shortcode\" id=\"audio-219880-10\" preload=\"none\" style=\"width: 100%;\" controls=\"controls\"><source type=\"audio\/mpeg\" src=\"https:\/\/www.radiopiu.net\/wordpress\/wp-content\/uploads\/2021\/07\/GIROVAGANDO-07.mp3?_=10\" \/><a href=\"https:\/\/www.radiopiu.net\/wordpress\/wp-content\/uploads\/2021\/07\/GIROVAGANDO-07.mp3\">https:\/\/www.radiopiu.net\/wordpress\/wp-content\/uploads\/2021\/07\/GIROVAGANDO-07.mp3<\/a><\/audio>\n<h2><span style=\"color: #ff0000;\">LA RACCOLTA COMPLETA\u00a0<\/span><\/h2>\n<blockquote class=\"wp-embedded-content\" data-secret=\"keGAH16i9d\"><p><a href=\"https:\/\/www.radiopiu.net\/wordpress\/girovagando-in-e-bike-tra-le-dolomiti\/\">GIROVAGANDO IN E BIKE TRA LE DOLOMITI<\/a><\/p><\/blockquote>\n<p><iframe loading=\"lazy\" class=\"wp-embedded-content\" sandbox=\"allow-scripts\" security=\"restricted\" style=\"position: absolute; clip: rect(1px, 1px, 1px, 1px);\" title=\"&#8220;GIROVAGANDO IN E BIKE TRA LE DOLOMITI&#8221; &#8212; Radio Pi\u00f9\" src=\"https:\/\/www.radiopiu.net\/wordpress\/girovagando-in-e-bike-tra-le-dolomiti\/embed\/#?secret=keGAH16i9d\" data-secret=\"keGAH16i9d\" width=\"600\" height=\"338\" frameborder=\"0\" marginwidth=\"0\" marginheight=\"0\" scrolling=\"no\"><\/iframe><\/p>\n<p>&nbsp;<\/p>\n<hr \/>\n<p>&nbsp;<\/p>\n<blockquote><p><span style=\"color: #ff0000;\">IERI ALLA RADIO LA SETTIMA PUNTATA\u00a0<\/span><\/p><\/blockquote>\n<audio class=\"wp-audio-shortcode\" id=\"audio-219880-11\" preload=\"none\" style=\"width: 100%;\" controls=\"controls\"><source type=\"audio\/mpeg\" src=\"https:\/\/www.radiopiu.net\/wordpress\/wp-content\/uploads\/2021\/07\/FATTO07_BLUESLAND_podcast_Blues_in_Sedici.mp3?_=11\" \/><a href=\"https:\/\/www.radiopiu.net\/wordpress\/wp-content\/uploads\/2021\/07\/FATTO07_BLUESLAND_podcast_Blues_in_Sedici.mp3\">https:\/\/www.radiopiu.net\/wordpress\/wp-content\/uploads\/2021\/07\/FATTO07_BLUESLAND_podcast_Blues_in_Sedici.mp3<\/a><\/audio>\n<blockquote class=\"wp-embedded-content\" data-secret=\"3gBLxYWIPK\"><p><a href=\"https:\/\/www.radiopiu.net\/wordpress\/da-ieri-alla-radio-in-palinsesto-loris-e-maurizio-con-la-grande-musica\/\">IL BLUES ALLA RADIO &#8230; COME NON L&#8217;AVETE MAI SENTITO PRIMA<\/a><\/p><\/blockquote>\n<p><iframe loading=\"lazy\" class=\"wp-embedded-content\" sandbox=\"allow-scripts\" security=\"restricted\" style=\"position: absolute; clip: rect(1px, 1px, 1px, 1px);\" title=\"&#8220;IL BLUES ALLA RADIO &#8230; COME NON L&#8217;AVETE MAI SENTITO PRIMA&#8221; &#8212; Radio Pi\u00f9\" src=\"https:\/\/www.radiopiu.net\/wordpress\/da-ieri-alla-radio-in-palinsesto-loris-e-maurizio-con-la-grande-musica\/embed\/#?secret=3gBLxYWIPK\" data-secret=\"3gBLxYWIPK\" width=\"600\" height=\"338\" frameborder=\"0\" marginwidth=\"0\" marginheight=\"0\" scrolling=\"no\"><\/iframe><\/p>\n<p>\u200b<\/p>\n<p>&nbsp;<\/p>\n<hr \/>\n<div>\n<div class=\"page-title-head hgroup\">\n<div class=\"page-title-head hgroup\">\n<div class=\"b654a4as d2edcug0\">\n<div>\n<p>&nbsp;<\/p>\n<\/div>\n<div><\/div>\n<h2>COLLAGE&#8230; DI LORIS SCUSSEL dal lunedi al venerdi alle 16 e alle 23 su RADIO PIU<\/h2>\n<div>\n<div>\n<div>\n<div>\n<div>\n<div>\n<div>\n<div>\n<div>\n<div>\n<p><strong>PUNTATA 381 DEL 5 luglio\u00a0 2021\u00a0<\/strong><\/p>\n<audio class=\"wp-audio-shortcode\" id=\"audio-219880-12\" preload=\"none\" style=\"width: 100%;\" controls=\"controls\"><source type=\"audio\/mpeg\" src=\"https:\/\/www.radiopiu.net\/wordpress\/wp-content\/uploads\/2021\/07\/Collage-381.mp3?_=12\" \/><a href=\"https:\/\/www.radiopiu.net\/wordpress\/wp-content\/uploads\/2021\/07\/Collage-381.mp3\">https:\/\/www.radiopiu.net\/wordpress\/wp-content\/uploads\/2021\/07\/Collage-381.mp3<\/a><\/audio>\n<\/div>\n<\/div>\n<\/div>\n<\/div>\n<\/div>\n<\/div>\n<\/div>\n<\/div>\n<\/div>\n<div>\n<div>\n<div>\n<div>\n<div>\n<div>\n<div>\n<div>\n<p><img loading=\"lazy\" decoding=\"async\" class=\"alignleft\" src=\"https:\/\/www.radiopiu.net\/wordpress\/wp-content\/uploads\/2021\/05\/Schermata-2021-05-23-alle-11.50.11.png\" width=\"186\" height=\"131\" \/>Il programma \u00e8 andato in onda da dicembre 2013 fino a luglio 2019, comprese le repliche, in due serie per 350 puntate complessive con 1.890 brani trasmessi. L\u2019obiettivo del programma: riproporre agli ascoltatori pi\u00f9 grandicelli le canzoni che ascoltavano nel passato e nello stesso tempo farle conoscere anche ai pi\u00f9 giovani.<\/p>\n<\/div>\n<\/div>\n<\/div>\n<\/div>\n<\/div>\n<\/div>\n<\/div>\n<div>\n<div>\n<p>&nbsp;<\/p>\n<p>&nbsp;<\/p>\n<p>&nbsp;<\/p>\n<\/div>\n<\/div>\n<\/div>\n<\/div>\n<hr \/>\n<p>&nbsp;<\/p>\n<blockquote>\n<h2>FANTASTICHE DOLOMITI, NUOVA STAGIONE. APPUNTAMENTO QUINDICINALE IL GIOVEDI ALLE 10.30 E 19.00<\/h2>\n<\/blockquote>\n<blockquote class=\"wp-embedded-content\" data-secret=\"qfGPec0vP4\"><p><a href=\"https:\/\/www.radiopiu.net\/wordpress\/raccolta-completa11\/\">FANTASTICHE DOLOMITI LA RACCOLTA COMPLETA<\/a><\/p><\/blockquote>\n<p><iframe loading=\"lazy\" class=\"wp-embedded-content\" sandbox=\"allow-scripts\" security=\"restricted\" style=\"position: absolute; clip: rect(1px, 1px, 1px, 1px);\" title=\"&#8220;FANTASTICHE DOLOMITI LA RACCOLTA COMPLETA&#8221; &#8212; Radio Pi\u00f9\" src=\"https:\/\/www.radiopiu.net\/wordpress\/raccolta-completa11\/embed\/#?secret=qfGPec0vP4\" data-secret=\"qfGPec0vP4\" width=\"600\" height=\"338\" frameborder=\"0\" marginwidth=\"0\" marginheight=\"0\" scrolling=\"no\"><\/iframe><\/p>\n<p>&nbsp;<\/p>\n<p>&nbsp;<\/p>\n<p>&nbsp;<\/p>\n<hr \/>\n<div>\n<div class=\"b654a4as d2edcug0\">\n<div class=\"rq0escxv hkbzh7o3 jwdofwj8 n8tt0mok r8blr3vg hyh9befq\">\n<div class=\"b654a4as d2edcug0\">\n<h2><span style=\"color: #008000;\">\u00a0<\/span><\/h2>\n<h2><span style=\"color: #008000;\">ERBE E PIANTE CURATIVE&#8230;IL\u00a0 PROGRAMMA DI PAOLA LANCIATO\u00a0\u00a0<\/span><\/h2>\n<p><a href=\"https:\/\/www.radiopiu.net\/wordpress\/mora-di-gelso\/\" rel=\"attachment wp-att-218554\"><img loading=\"lazy\" decoding=\"async\" class=\"wp-image-218554 alignleft\" src=\"https:\/\/www.radiopiu.net\/wordpress\/wp-content\/uploads\/2021\/06\/mora-di-gelso-300x213.jpg\" alt=\"\" width=\"113\" height=\"80\" srcset=\"https:\/\/www.radiopiu.net\/wordpress\/wp-content\/uploads\/2021\/06\/mora-di-gelso-300x213.jpg 300w, https:\/\/www.radiopiu.net\/wordpress\/wp-content\/uploads\/2021\/06\/mora-di-gelso.jpg 350w\" sizes=\"auto, (max-width: 113px) 100vw, 113px\" \/><\/a><\/p>\n<p>&nbsp;<\/p>\n<p><strong>\u00a0IL GELSO<\/strong><\/p>\n<audio class=\"wp-audio-shortcode\" id=\"audio-219880-13\" preload=\"none\" style=\"width: 100%;\" controls=\"controls\"><source type=\"audio\/mpeg\" src=\"https:\/\/www.radiopiu.net\/wordpress\/wp-content\/uploads\/2021\/06\/20-Il-gelso-M.mp3?_=13\" \/><a href=\"https:\/\/www.radiopiu.net\/wordpress\/wp-content\/uploads\/2021\/06\/20-Il-gelso-M.mp3\">https:\/\/www.radiopiu.net\/wordpress\/wp-content\/uploads\/2021\/06\/20-Il-gelso-M.mp3<\/a><\/audio>\n<p>&nbsp;<\/p>\n<\/div>\n<blockquote class=\"wp-embedded-content\" data-secret=\"pRX0AGz6ka\"><p><a href=\"https:\/\/www.radiopiu.net\/wordpress\/erbe-e-piante-curative-il-mandorlo\/\">L\u2019ERBA VOGLIO DEL GIARDINO DEL RE\u2026 ERBE, FIORI E PIANTE DI E CON PAOLA LANCIATO<\/a><\/p><\/blockquote>\n<p><iframe loading=\"lazy\" class=\"wp-embedded-content\" sandbox=\"allow-scripts\" security=\"restricted\" style=\"position: absolute; clip: rect(1px, 1px, 1px, 1px);\" title=\"&#8220;L\u2019ERBA VOGLIO DEL GIARDINO DEL RE\u2026 ERBE, FIORI E PIANTE DI E CON PAOLA LANCIATO&#8221; &#8212; Radio Pi\u00f9\" src=\"https:\/\/www.radiopiu.net\/wordpress\/erbe-e-piante-curative-il-mandorlo\/embed\/#?secret=pRX0AGz6ka\" data-secret=\"pRX0AGz6ka\" width=\"600\" height=\"338\" frameborder=\"0\" marginwidth=\"0\" marginheight=\"0\" scrolling=\"no\"><\/iframe><\/p>\n<p>&nbsp;<\/p>\n<\/div>\n<\/div>\n<\/div>\n<p>&nbsp;<\/p>\n<hr \/>\n<p>&nbsp;<\/p>\n<div>\n<h2><span style=\"color: #ff0000;\"><strong>IN VIVO VERSO 2020-21 ESTATE, RIASCOLTIAMOLI&#8230; DAL CASSETTO DEI RICORDI DI RADIO PIU&#8217;&#8230; LE PRIME\u00a0 SEI STAGIONI\u00a0 \u00a0<\/strong><\/span><\/h2>\n<div class=\"page-title-head hgroup\">\n<div class=\"page-title-head hgroup\">\n<div class=\"page-title-head hgroup\">\n<div class=\"page-title-head hgroup\">\n<div class=\"page-title-head hgroup\">\n<div class=\"page-title-head hgroup\">\n<blockquote>\n<h3>riascoltiamole ANTOLOGICA PERMANENTE di PIETRO PANCANO 2015<\/h3>\n<p><strong>AUDIO<\/strong><\/p>\n<audio class=\"wp-audio-shortcode\" id=\"audio-219880-14\" preload=\"none\" style=\"width: 100%;\" controls=\"controls\"><source type=\"audio\/mpeg\" src=\"https:\/\/www.radiopiu.net\/wordpress\/wp-content\/uploads\/2021\/07\/VIVO-VERSO-LUN.mp3?_=14\" \/><a href=\"https:\/\/www.radiopiu.net\/wordpress\/wp-content\/uploads\/2021\/07\/VIVO-VERSO-LUN.mp3\">https:\/\/www.radiopiu.net\/wordpress\/wp-content\/uploads\/2021\/07\/VIVO-VERSO-LUN.mp3<\/a><\/audio>\n<p><strong>LA RACCOLTA COMPLETA<\/strong><\/p><\/blockquote>\n<\/div>\n<\/div>\n<\/div>\n<\/div>\n<\/div>\n<\/div>\n<blockquote class=\"wp-embedded-content\" data-secret=\"mwqSiunnRW\"><p><a href=\"https:\/\/www.radiopiu.net\/wordpress\/in-vivo-verso\/\">In Vivo Verso<\/a><\/p><\/blockquote>\n<p><iframe loading=\"lazy\" class=\"wp-embedded-content\" sandbox=\"allow-scripts\" security=\"restricted\" style=\"position: absolute; clip: rect(1px, 1px, 1px, 1px);\" title=\"&#8220;In Vivo Verso&#8221; &#8212; Radio Pi\u00f9\" src=\"https:\/\/www.radiopiu.net\/wordpress\/in-vivo-verso\/embed\/#?secret=mwqSiunnRW\" data-secret=\"mwqSiunnRW\" width=\"600\" height=\"338\" frameborder=\"0\" marginwidth=\"0\" marginheight=\"0\" scrolling=\"no\"><\/iframe><\/p>\n<p>&nbsp;<\/p>\n<hr \/>\n<\/div>\n<blockquote>\n<blockquote>\n<h2><\/h2>\n<\/blockquote>\n<\/blockquote>\n<div>\n<div class=\"b654a4as d2edcug0\">\n<div class=\"rq0escxv hkbzh7o3 jwdofwj8 n8tt0mok r8blr3vg hyh9befq\">\n<blockquote>\n<h2><span style=\"color: #ff0000;\"><em>ZAINO ALLA RADIO&#8230;ESTATE DI PAOLA LANCIATO TUTTI I GIORNI dal lunedi al venerdi ALLE 14 E 23.30\u00a0 \u00a0<\/em><\/span><\/h2>\n<\/blockquote>\n<div class=\"b654a4as d2edcug0\">\n<blockquote>\n<h2>ALLA SORGENTE DEL TEVERE<\/h2>\n<\/blockquote>\n<p><strong>AUDIO\u00a0<\/strong><\/p>\n<audio class=\"wp-audio-shortcode\" id=\"audio-219880-15\" preload=\"none\" style=\"width: 100%;\" controls=\"controls\"><source type=\"audio\/mpeg\" src=\"https:\/\/www.radiopiu.net\/wordpress\/wp-content\/uploads\/2021\/07\/41-Alla-sorgente-del-Tevere-M.mp3?_=15\" \/><a href=\"https:\/\/www.radiopiu.net\/wordpress\/wp-content\/uploads\/2021\/07\/41-Alla-sorgente-del-Tevere-M.mp3\">https:\/\/www.radiopiu.net\/wordpress\/wp-content\/uploads\/2021\/07\/41-Alla-sorgente-del-Tevere-M.mp3<\/a><\/audio>\n<p>&nbsp;<\/p>\n<p><strong><img loading=\"lazy\" decoding=\"async\" class=\"\" src=\"https:\/\/www.radiopiu.net\/wordpress\/wp-content\/uploads\/2021\/07\/41.jpg\" width=\"157\" height=\"104\" \/><\/strong><\/p>\n<p>&nbsp;<\/p>\n<p><strong>LA RACCOLTA COMPLETA<\/strong><\/p>\n<\/div>\n<blockquote class=\"wp-embedded-content\" data-secret=\"qzVgHfIJRW\"><p><a href=\"https:\/\/www.radiopiu.net\/wordpress\/zaino-femminile-lanciato\/\">Zaino da viaggio al femminile<\/a><\/p><\/blockquote>\n<p><iframe loading=\"lazy\" class=\"wp-embedded-content\" sandbox=\"allow-scripts\" security=\"restricted\" style=\"position: absolute; clip: rect(1px, 1px, 1px, 1px);\" title=\"&#8220;Zaino da viaggio al femminile&#8221; &#8212; Radio Pi\u00f9\" src=\"https:\/\/www.radiopiu.net\/wordpress\/zaino-femminile-lanciato\/embed\/#?secret=qzVgHfIJRW\" data-secret=\"qzVgHfIJRW\" width=\"600\" height=\"338\" frameborder=\"0\" marginwidth=\"0\" marginheight=\"0\" scrolling=\"no\"><\/iframe><\/p>\n<p>&nbsp;<\/p>\n<\/div>\n<\/div>\n<\/div>\n<hr \/>\n<p>&nbsp;<\/p>\n<div>\n<h2><span style=\"color: #800080;\"><strong>LA RASSEGNA STAMPA DA L&#8217;AMICO DEL POPOLO\u00a0<\/strong><\/span><\/h2>\n<h3 class=\"kvgmc6g5 cxmmr5t8 oygrvhab hcukyx3x c1et5uql\"><span style=\"color: #0000ff;\"> INFORMAZIONE il canale su TELEGRAM informazione di prima mano e in tempo reale. iscriviti ed aiutaci a farlo conoscere\u00a0\u00a0<\/span><\/h3>\n<p><a class=\"dt-pswp-item\" href=\"https:\/\/www.radiopiu.net\/wordpress\/wp-content\/uploads\/2020\/02\/Manuel_Conedera.jpg\" data-dt-img-description=\"\" data-large_image_width=\"512\" data-large_image_height=\"512\"><img loading=\"lazy\" decoding=\"async\" class=\"wp-image-119145 alignleft\" src=\"https:\/\/www.radiopiu.net\/wordpress\/wp-content\/uploads\/2020\/02\/Manuel_Conedera-300x300.jpg\" alt=\"\" width=\"187\" height=\"187\" srcset=\"https:\/\/www.radiopiu.net\/wordpress\/wp-content\/uploads\/2020\/02\/Manuel_Conedera-300x300.jpg 300w, https:\/\/www.radiopiu.net\/wordpress\/wp-content\/uploads\/2020\/02\/Manuel_Conedera-150x150.jpg 150w, https:\/\/www.radiopiu.net\/wordpress\/wp-content\/uploads\/2020\/02\/Manuel_Conedera.jpg 512w\" sizes=\"auto, (max-width: 187px) 100vw, 187px\" \/><\/a><\/p>\n<p>&nbsp;<\/p>\n<p><strong>AUDIO\u00a0<\/strong><\/p>\n<p><strong>DI GIANNI SANTOMASO<\/strong><\/p>\n<audio class=\"wp-audio-shortcode\" id=\"audio-219880-16\" preload=\"none\" style=\"width: 100%;\" controls=\"controls\"><source type=\"audio\/mpeg\" src=\"https:\/\/www.radiopiu.net\/wordpress\/wp-content\/uploads\/2021\/07\/RASSEGNA-GIANNI.mp3?_=16\" \/><a href=\"https:\/\/www.radiopiu.net\/wordpress\/wp-content\/uploads\/2021\/07\/RASSEGNA-GIANNI.mp3\">https:\/\/www.radiopiu.net\/wordpress\/wp-content\/uploads\/2021\/07\/RASSEGNA-GIANNI.mp3<\/a><\/audio>\n<p>&nbsp;<\/p>\n<p>&nbsp;<\/p>\n<p>&nbsp;<\/p>\n<hr \/>\n<p>&nbsp;<\/p>\n<h2><span style=\"color: #3366ff;\">SALUTE E SOCIETA&#8217;<\/span><\/h2>\n<p><strong>LA PUNTATA DELLA SETTIMANA del 05 LUGLIO<\/strong><\/p>\n<\/div>\n<div dir=\"auto\">\n<p><img loading=\"lazy\" decoding=\"async\" class=\"size-medium wp-image-219969 alignleft\" src=\"https:\/\/www.radiopiu.net\/wordpress\/wp-content\/uploads\/2021\/07\/6c77b7ed-94b7-9355-3e85-090f2ae17079-300x169.png\" alt=\"\" width=\"300\" height=\"169\" srcset=\"https:\/\/www.radiopiu.net\/wordpress\/wp-content\/uploads\/2021\/07\/6c77b7ed-94b7-9355-3e85-090f2ae17079-300x169.png 300w, https:\/\/www.radiopiu.net\/wordpress\/wp-content\/uploads\/2021\/07\/6c77b7ed-94b7-9355-3e85-090f2ae17079-1024x576.png 1024w, https:\/\/www.radiopiu.net\/wordpress\/wp-content\/uploads\/2021\/07\/6c77b7ed-94b7-9355-3e85-090f2ae17079-768x432.png 768w, https:\/\/www.radiopiu.net\/wordpress\/wp-content\/uploads\/2021\/07\/6c77b7ed-94b7-9355-3e85-090f2ae17079.png 1280w\" sizes=\"auto, (max-width: 300px) 100vw, 300px\" \/><span style=\"color: #111111;\">La dieta chetogenica si basa sulla riduzione dei carboidrati alimentari, questa carenza obbliga l\u2019organismo a produrre autonomamente il glucosio necessario alla sopravvivenza e ad aumentare il consumo dei grassi contenuti nel tessuto adiposo. <\/span>Abbiamo approfondito l\u2019argomento con Giovanni Spera, Professore di Medicina Interna ed Endocrinologia -Sapienza Universit\u00e0 di Roma, Presidente eletto della Societ\u00e0 Italiana per lo Studio dei Distrbi del Comportamenti Alimentare e dell\u2019Obesit\u00e0<\/p>\n<audio class=\"wp-audio-shortcode\" id=\"audio-219880-17\" preload=\"none\" style=\"width: 100%;\" controls=\"controls\"><source type=\"audio\/mpeg\" src=\"https:\/\/www.radiopiu.net\/wordpress\/wp-content\/uploads\/2021\/07\/SALUTE.mp3?_=17\" \/><a href=\"https:\/\/www.radiopiu.net\/wordpress\/wp-content\/uploads\/2021\/07\/SALUTE.mp3\">https:\/\/www.radiopiu.net\/wordpress\/wp-content\/uploads\/2021\/07\/SALUTE.mp3<\/a><\/audio>\n<p><strong>LA RACCOLTA COMPLETA<\/strong><\/p>\n<blockquote class=\"wp-embedded-content\" data-secret=\"K729uo8IRQ\"><p><a href=\"https:\/\/www.radiopiu.net\/wordpress\/saluteesocieta\/\">Salute e Societ\u00e0<\/a><\/p><\/blockquote>\n<p><iframe loading=\"lazy\" class=\"wp-embedded-content\" sandbox=\"allow-scripts\" security=\"restricted\" style=\"position: absolute; clip: rect(1px, 1px, 1px, 1px);\" title=\"&#8220;Salute e Societ\u00e0&#8221; &#8212; Radio Pi\u00f9\" src=\"https:\/\/www.radiopiu.net\/wordpress\/saluteesocieta\/embed\/#?secret=K729uo8IRQ\" data-secret=\"K729uo8IRQ\" width=\"600\" height=\"338\" frameborder=\"0\" marginwidth=\"0\" marginheight=\"0\" scrolling=\"no\"><\/iframe><\/p>\n<\/div>\n<div dir=\"auto\">\n<h1><\/h1>\n<\/div>\n<div>\n<div class=\"page-title-head hgroup\">\n<div class=\"page-title-head hgroup\">\n<div class=\"page-title-head hgroup\">\n<div>\n<div class=\"b654a4as d2edcug0\">\n<div class=\"rq0escxv hkbzh7o3 jwdofwj8 n8tt0mok r8blr3vg hyh9befq\">\n<hr \/>\n<\/div>\n<\/div>\n<\/div>\n<div>\n<div class=\"page-title-head hgroup\">\n<div class=\"page-title-head hgroup\">\n<div>\n<div class=\"b654a4as d2edcug0\">\n<p>&nbsp;<\/p>\n<blockquote>\n<h3><img loading=\"lazy\" decoding=\"async\" class=\"alignleft\" src=\"https:\/\/www.radiopiu.net\/wordpress\/wp-content\/uploads\/2021\/06\/fresh-flower-leaves-saffron-white-background-place-your-text-use-saffron-spice-cooking-cosmetology_347372-394.jpeg\" width=\"141\" height=\"94\" \/>L&#8217;ALMANACCO LADINO CON L&#8217;ISTITUT CESA DE JAN QUINDICINALE APPUNTAMENTO. LA DOMENICA ALLE 9 IL LUNEDI ALLE 8.35 IL MARTEDI ALLE 12.35 IL MERCOLEDI ALLE 18.35. SECONDA STAGIONE.<\/h3>\n<p><strong>PUNTATA DEL 05 LUGLIO<\/strong><\/p><\/blockquote>\n<audio class=\"wp-audio-shortcode\" id=\"audio-219880-18\" preload=\"none\" style=\"width: 100%;\" controls=\"controls\"><source type=\"audio\/mpeg\" src=\"https:\/\/www.radiopiu.net\/wordpress\/wp-content\/uploads\/2021\/07\/62\u00b0Almanacco-Ladino_Fodom.mp3?_=18\" \/><a href=\"https:\/\/www.radiopiu.net\/wordpress\/wp-content\/uploads\/2021\/07\/62\u00b0Almanacco-Ladino_Fodom.mp3\">https:\/\/www.radiopiu.net\/wordpress\/wp-content\/uploads\/2021\/07\/62\u00b0Almanacco-Ladino_Fodom.mp3<\/a><\/audio>\n<p>&nbsp;<\/p>\n<p><strong>RACCOLTA COMPLETA\u00a0<\/strong><\/p>\n<blockquote class=\"wp-embedded-content\" data-secret=\"uV4nM8PfJR\"><p><a href=\"https:\/\/www.radiopiu.net\/wordpress\/almanacco-ladino\/\">Almanacco Ladino<\/a><\/p><\/blockquote>\n<p><iframe loading=\"lazy\" class=\"wp-embedded-content\" sandbox=\"allow-scripts\" security=\"restricted\" style=\"position: absolute; clip: rect(1px, 1px, 1px, 1px);\" title=\"&#8220;Almanacco Ladino&#8221; &#8212; Radio Pi\u00f9\" src=\"https:\/\/www.radiopiu.net\/wordpress\/almanacco-ladino\/embed\/#?secret=uV4nM8PfJR\" data-secret=\"uV4nM8PfJR\" width=\"600\" height=\"338\" frameborder=\"0\" marginwidth=\"0\" marginheight=\"0\" scrolling=\"no\"><\/iframe><\/p>\n<div dir=\"auto\"><\/div>\n<\/div>\n<div>\n<p>&nbsp;<\/p>\n<hr \/>\n<h2><span style=\"color: #808000;\">DUE MINUTI UN LIBRO\u00a0 TUTTI I GIORNI ALLA RADIO ALLE 9.30 E ALLE 18. QUINTA STAGIONE\u00a0<\/span><\/h2>\n<\/div>\n<div>\n<blockquote class=\"wp-embedded-content\" data-secret=\"ptpn7yM8nO\"><p><a href=\"https:\/\/www.radiopiu.net\/wordpress\/per-tutto-il-resto-dei-miei-sbagli\/\">PER TUTTO IL RESTO DEI MIEI SBAGLI<\/a><\/p><\/blockquote>\n<p><iframe loading=\"lazy\" class=\"wp-embedded-content\" sandbox=\"allow-scripts\" security=\"restricted\" style=\"position: absolute; clip: rect(1px, 1px, 1px, 1px);\" title=\"&#8220;PER TUTTO IL RESTO DEI MIEI SBAGLI&#8221; &#8212; Radio Pi\u00f9\" src=\"https:\/\/www.radiopiu.net\/wordpress\/per-tutto-il-resto-dei-miei-sbagli\/embed\/#?secret=ptpn7yM8nO\" data-secret=\"ptpn7yM8nO\" width=\"600\" height=\"338\" frameborder=\"0\" marginwidth=\"0\" marginheight=\"0\" scrolling=\"no\"><\/iframe><\/p>\n<p><strong>LA RACCOLTA COMPLETA\u00a0\u00a0<\/strong><\/p>\n<blockquote class=\"wp-embedded-content\" data-secret=\"jX99R5qnyt\"><p><a href=\"https:\/\/www.radiopiu.net\/wordpress\/due-minuti-un-libro\/\">Due minuti un libro<\/a><\/p><\/blockquote>\n<p><iframe loading=\"lazy\" class=\"wp-embedded-content\" sandbox=\"allow-scripts\" security=\"restricted\" style=\"position: absolute; clip: rect(1px, 1px, 1px, 1px);\" title=\"&#8220;Due minuti un libro&#8221; &#8212; Radio Pi\u00f9\" src=\"https:\/\/www.radiopiu.net\/wordpress\/due-minuti-un-libro\/embed\/#?secret=jX99R5qnyt\" data-secret=\"jX99R5qnyt\" width=\"600\" height=\"338\" frameborder=\"0\" marginwidth=\"0\" marginheight=\"0\" scrolling=\"no\"><\/iframe><\/p>\n<p>&nbsp;<\/p>\n<hr \/>\n<p>\u200b<\/p>\n<div>\n<h2><span style=\"color: #33cccc;\">I RACCONTI DI PAOLO SOPPELSA il lunedi alle 9.30 e 18.30<\/span><\/h2>\n<p><span style=\"color: #0000ff;\">INFORMAZIONE il canale su TELEGRAM informazione di prima mano e in tempo reale. iscriviti ed aiutaci a farlo conoscere\u00a0\u00a0<\/span><\/p>\n<p><strong>LA RADIO SIEMENS<\/strong><\/p>\n<p><strong>AUDIO<\/strong><\/p>\n<audio class=\"wp-audio-shortcode\" id=\"audio-219880-19\" preload=\"none\" style=\"width: 100%;\" controls=\"controls\"><source type=\"audio\/mpeg\" src=\"https:\/\/www.radiopiu.net\/wordpress\/wp-content\/uploads\/2021\/07\/PAOLO-SOPPELSA-LA-RADIO-SIEMENS.mp3?_=19\" \/><a href=\"https:\/\/www.radiopiu.net\/wordpress\/wp-content\/uploads\/2021\/07\/PAOLO-SOPPELSA-LA-RADIO-SIEMENS.mp3\">https:\/\/www.radiopiu.net\/wordpress\/wp-content\/uploads\/2021\/07\/PAOLO-SOPPELSA-LA-RADIO-SIEMENS.mp3<\/a><\/audio>\n<p>&nbsp;<\/p>\n<p><a href=\"https:\/\/www.radiopiu.net\/wordpress\/i-racconti-di-paolo-soppelsa-ottantaduesima-puntata\/dfb6e932-a886-43b1-b7fc-e79e05e5d8da\/\" rel=\"attachment wp-att-219810\"><img loading=\"lazy\" decoding=\"async\" class=\"size-medium wp-image-219810 alignleft\" src=\"https:\/\/www.radiopiu.net\/wordpress\/wp-content\/uploads\/2021\/07\/dfb6e932-a886-43b1-b7fc-e79e05e5d8da-300x106.jpg\" alt=\"\" width=\"300\" height=\"106\" srcset=\"https:\/\/www.radiopiu.net\/wordpress\/wp-content\/uploads\/2021\/07\/dfb6e932-a886-43b1-b7fc-e79e05e5d8da-300x106.jpg 300w, https:\/\/www.radiopiu.net\/wordpress\/wp-content\/uploads\/2021\/07\/dfb6e932-a886-43b1-b7fc-e79e05e5d8da-1024x361.jpg 1024w, https:\/\/www.radiopiu.net\/wordpress\/wp-content\/uploads\/2021\/07\/dfb6e932-a886-43b1-b7fc-e79e05e5d8da-768x271.jpg 768w, https:\/\/www.radiopiu.net\/wordpress\/wp-content\/uploads\/2021\/07\/dfb6e932-a886-43b1-b7fc-e79e05e5d8da.jpg 1080w\" sizes=\"auto, (max-width: 300px) 100vw, 300px\" \/><\/a>Accadde in un tardo pomeriggio di gennaio, nell&#8217;ora in cui la strada sotto casa iniziava a scintillare di brina e in cucina era ormai tempo di mettere la pentola sul fuoco. Il gesto semplice di sempre, compiuto quasi senza guardare. Le dita che afferrano dolcemente la rotella di alluminio ed il successivo ruotare della stessa in senso orario. Lo scatto, poi la regolazione del volume e l&#8217;attendersi una voce che racconta una qualche notizia oppure le note di una canzone. Ed invece, quel giorno, il nulla. Un paio di tentativi ancora, il controllo che la spina fosse inserita ed infine l&#8217;incredulit\u00e0: la storica radio Siemens era morta. Se ne and\u00f2 cos\u00ec in quella fredda sera d&#8217;inverno. Senza produrre alcun fruscio, senza un sibilo od un gracchiare. Aveva all&#8217;incirca mezzo secolo la vecchia radio. Nei suoi primi anni di vita tenne compagnia a quella nonna di &#8220;Cence&#8221; che per poco non ho conosciuto, poi, un giorno di fine settembre di met\u00e0 anni &#8217;70, sal\u00ec sulla 127 color del cielo per accasarsi nella nuova cucina di Belluno. Dove sarebbe rimasta fino al triste giorno in cui termin\u00f2 la sua vita terrena. Nei momenti dello sconcerto per quanto appena accaduto vi fu il tempo di pensare alle mattine della mia infanzia: al suono limpido che usciva dal suo altoparlante, ai pulsanti che ogni tanto schiacciavo a caso, ed era strano sentire uscire solamente un fruscio oppure un inquietante &#8220;uuuuuuuhhhhh&#8221;. Erano le misteriose &#8220;onde lunghe e corte&#8221;. Che chiss\u00e0 a cosa servivano se non si sentiva nulla. Poi schiacciavo &#8220;FM&#8221; e tutto ritornava normale. C&#8217;era sempre Radio 2 3131 che mamma ascoltava mentre faceva i mestieri. Non ci capivo niente, ma era interessante ascoltare opinionisti che sapevano parlare l&#8217;italiano. E leggevo con curiosit\u00e0 i nomi delle citt\u00e0 incisi sul vetrino: Belgrado, Berlino, Helsinki. E Lussemburgo. Fu lei a raccontarmi in quella fredda mattina di gennaio del &#8217;91 che era iniziata la Guerra del Golfo. Saddam Hussein, i Tornado, Bellini e Cocciolone; e nel frattempo sono trascorsi trent&#8217;anni da quegli avvenimenti. Come fu ancora lei, in quel travagliato 1978, a comunicare la morte improvvisa di Papa Albino Luciani. Anche allora era la fine di settembre; e mamma pianse. E poi la compagnia durante i pranzi e le cene e le emozioni in certe domeniche pomeriggio d&#8217;inverno, quando l&#8217;orecchio era teso nel seguire &#8220;Tutto il calcio Minuto per Minuto&#8221; e l&#8217;occhio era impegnato a scrutare le caselle della schedina del Totocalcio. Ed anche un &#8220;12&#8221; sarebbe stata cosa gradita, ma era molto difficile che questo piccolo miracolo accadesse. Poi, in un altra fredda serata invernale, ma questa volta era dicembre, la Siemens collocata sopra il frigorifero era sintonizzata su RadioPi\u00f9: era la storica sera di quasi Natale del &#8217;92, quando l&#8217;Alleghe Hockey vinse contro il Bolzano aggiudicandosi l&#8217;Alpenliga in quel di Villach. I suoi semplici circuiti dettero corpo ad un sogno incredibile, forse assurdo eppure vero. Quasi trenta inverni sono trascorsi da quella magica sera, fino a giungere al momento dell&#8217; inaspettato commiato: aleggiava una cappa di tristezza mista a vapore che usciva dalla pentola in quel freddo tardo pomeriggio di gennaio: la vecchia radio Siemens si era congedata per sempre senza un lamento. Da quella quasi sera d&#8217;inverno non avrebbe pi\u00f9 raccontato i fatti del mondo, non avrebbe pi\u00f9 trasmesso noiosissimi dibattiti politici e nemmeno lo stacchetto con il canto dell&#8217;uccellino RAI. Come sempre accade, ci si accorge di chi non c&#8217;\u00e8 quando improvvisamente manca. E durante quella cena, la vecchia radio partita dall&#8217;agordino seppe mancare. Il giorno successivo venne subito sostituita perch\u00e9 senza radio non si pu\u00f2 e non si deve stare. Un nuovo apparecchio radiofonico super-tecnologico prese il suo posto sopra il pensile della cucina. Ricco di prese USB e collegabile a qualunque cosa esista in natura. Che se durer\u00e0 cinque anni sar\u00e0 gi\u00e0 un gran risultato. La vecchia Siemens, invece, riposa al sicuro in una scatola che non finir\u00e0 mai all&#8217;ecocentro. Troppa vita ha raccontato la vecchia radio per essere scordata o, ancor peggio, gettata in un rugginoso cassone di ferro a far compagnia ad anonimi PC e televisori ancora funzionanti ma resi vetusti dal progresso. Rimarr\u00e0 per sempre a riposare nella sua scatola e, forse, qualche volta uscir\u00e0 per raccontare in silenzio quegli anni che non ritorneranno pi\u00f9.<\/p>\n<p>&nbsp;<\/p>\n<blockquote class=\"wp-embedded-content\" data-secret=\"cJq92XsiDG\"><p><a href=\"https:\/\/www.radiopiu.net\/wordpress\/i-racconti-di-paolo-soppelsa\/\">I racconti di Paolo Soppelsa<\/a><\/p><\/blockquote>\n<p><iframe loading=\"lazy\" class=\"wp-embedded-content\" sandbox=\"allow-scripts\" security=\"restricted\" style=\"position: absolute; clip: rect(1px, 1px, 1px, 1px);\" title=\"&#8220;I racconti di Paolo Soppelsa&#8221; &#8212; Radio Pi\u00f9\" src=\"https:\/\/www.radiopiu.net\/wordpress\/i-racconti-di-paolo-soppelsa\/embed\/#?secret=cJq92XsiDG\" data-secret=\"cJq92XsiDG\" width=\"600\" height=\"338\" frameborder=\"0\" marginwidth=\"0\" marginheight=\"0\" scrolling=\"no\"><\/iframe><\/p>\n<p>&nbsp;<\/p>\n<p>&nbsp;<\/p>\n<\/div>\n<\/div>\n<hr \/>\n<p>&nbsp;<\/p>\n<h2><strong><span style=\"color: #ff0000;\">ALLA RADIO<\/span><\/strong><\/h2>\n<div data-offset-key=\"5n5nl-0-0\">\n<h3>Per ricevere gli aggiornamenti in tempo reale delle notizie pubblicate alla radio e sul sito di radio pi\u00f9 iscriviti al gruppo RADIO PIU INFORMAZIONE su Telegram.\u00a0\u00a0<a href=\"https:\/\/t.me\/radiopiu\">clicca qui<\/a><\/h3>\n<p>&nbsp;<\/p>\n<\/div>\n<blockquote><p><strong><a href=\"https:\/\/www.radiopiu.net\/wordpress\/cassa-solidarieta-luxottica-puntata-del-19-giugno-2020\/cslxo-2\/\" rel=\"attachment wp-att-145244\"><img loading=\"lazy\" decoding=\"async\" class=\"size-medium wp-image-145244 alignleft\" src=\"https:\/\/www.radiopiu.net\/wordpress\/wp-content\/uploads\/2020\/06\/cassa-solidarieta-luxottica-300x148.jpg\" alt=\"\" width=\"300\" height=\"148\" srcset=\"https:\/\/www.radiopiu.net\/wordpress\/wp-content\/uploads\/2020\/06\/cassa-solidarieta-luxottica-300x148.jpg 300w, https:\/\/www.radiopiu.net\/wordpress\/wp-content\/uploads\/2020\/06\/cassa-solidarieta-luxottica-1024x504.jpg 1024w, https:\/\/www.radiopiu.net\/wordpress\/wp-content\/uploads\/2020\/06\/cassa-solidarieta-luxottica-768x378.jpg 768w, https:\/\/www.radiopiu.net\/wordpress\/wp-content\/uploads\/2020\/06\/cassa-solidarieta-luxottica.jpg 1167w\" sizes=\"auto, (max-width: 300px) 100vw, 300px\" \/><\/a>di Claudio Fontanive<\/strong><\/p>\n<p>OSPITI: Paolo Chissal\u00e8 e Fabrizio Campedel<\/p>\n<p>&nbsp;<\/p>\n<p>&nbsp;<\/p>\n<h2><\/h2>\n<\/blockquote>\n<blockquote class=\"wp-embedded-content\" data-secret=\"p8ifUnUMQo\"><p><a href=\"https:\/\/www.radiopiu.net\/wordpress\/cassa-solidarieta-luxottica-puntata-del-16-ottobre-2020\/\">CASSA SOLIDARIET\u00c0 LUXOTTICA &#8211; TUTTE LE PUNTATE<\/a><\/p><\/blockquote>\n<p><iframe loading=\"lazy\" class=\"wp-embedded-content\" sandbox=\"allow-scripts\" security=\"restricted\" style=\"position: absolute; clip: rect(1px, 1px, 1px, 1px);\" title=\"&#8220;CASSA SOLIDARIET\u00c0 LUXOTTICA &#8211; TUTTE LE PUNTATE&#8221; &#8212; Radio Pi\u00f9\" src=\"https:\/\/www.radiopiu.net\/wordpress\/cassa-solidarieta-luxottica-puntata-del-16-ottobre-2020\/embed\/#?secret=p8ifUnUMQo\" data-secret=\"p8ifUnUMQo\" width=\"600\" height=\"338\" frameborder=\"0\" marginwidth=\"0\" marginheight=\"0\" scrolling=\"no\"><\/iframe><\/p>\n<div>\n<p>&nbsp;<\/p>\n<\/div>\n<\/div>\n<div class=\"page-title-head hgroup\">\n<div>\n<div class=\"b654a4as d2edcug0\">\n<hr \/>\n<\/div>\n<\/div>\n<p>&nbsp;<\/p>\n<p><a href=\"https:\/\/www.radiopiu.net\/wordpress\/giornale-radiopiu-26-settembre-2018-direttore-mirko-mezzacasa\/viabilita-2\/\" rel=\"attachment wp-att-61954\"><img loading=\"lazy\" decoding=\"async\" class=\"wp-image-61954 size-full aligncenter\" src=\"https:\/\/www.radiopiu.net\/wordpress\/wp-content\/uploads\/2018\/09\/viabilita.jpeg\" alt=\"\" width=\"800\" height=\"100\" srcset=\"https:\/\/www.radiopiu.net\/wordpress\/wp-content\/uploads\/2018\/09\/viabilita.jpeg 800w, https:\/\/www.radiopiu.net\/wordpress\/wp-content\/uploads\/2018\/09\/viabilita-300x38.jpeg 300w, https:\/\/www.radiopiu.net\/wordpress\/wp-content\/uploads\/2018\/09\/viabilita-768x96.jpeg 768w\" sizes=\"auto, (max-width: 800px) 100vw, 800px\" \/><\/a><\/p>\n<blockquote><p>&nbsp;<\/p><\/blockquote>\n<\/div>\n<\/div>\n<\/div>\n<\/div>\n<\/div>\n<\/div>\n<\/div>\n<\/div>\n<div><\/div>\n<div>\n<div>\n<div>\n<div>\n<div class=\"page-title-head hgroup\">\n<div class=\"page-title-head hgroup\">\n<div class=\"page-title-head hgroup\">\n<div>\n<div>\n<div class=\"page-title-head hgroup\">\n<div class=\"page-title-head hgroup\">\n<div class=\"page-title-head hgroup\">\n<blockquote><p><a href=\"https:\/\/www.radiopiu.net\/wordpress\/giornale-radiopiu-09-agosto-2018-direttore-mirko-mezzacasa\/viabilia\/\" rel=\"attachment wp-att-57053\"><img loading=\"lazy\" decoding=\"async\" class=\" wp-image-57053 alignleft\" src=\"https:\/\/www.radiopiu.net\/wordpress\/wp-content\/uploads\/2018\/08\/VIABILIA-300x180.jpeg\" alt=\"\" width=\"220\" height=\"132\" srcset=\"https:\/\/www.radiopiu.net\/wordpress\/wp-content\/uploads\/2018\/08\/VIABILIA-300x180.jpeg 300w, https:\/\/www.radiopiu.net\/wordpress\/wp-content\/uploads\/2018\/08\/VIABILIA-768x461.jpeg 768w, https:\/\/www.radiopiu.net\/wordpress\/wp-content\/uploads\/2018\/08\/VIABILIA-1024x614.jpeg 1024w, https:\/\/www.radiopiu.net\/wordpress\/wp-content\/uploads\/2018\/08\/VIABILIA.jpeg 1280w\" sizes=\"auto, (max-width: 220px) 100vw, 220px\" \/><\/a>La viabilit\u00e0 con gli ultimi aggiornamenti<\/p><\/blockquote>\n<\/div>\n<\/div>\n<\/div>\n<\/div>\n<\/div>\n<\/div>\n<\/div>\n<\/div>\n<\/div>\n<\/div>\n<\/div>\n<div><\/div>\n<div><\/div>\n<div>\n<div>\n<div class=\"page-title-head hgroup\">\n<audio class=\"wp-audio-shortcode\" id=\"audio-219880-20\" preload=\"none\" style=\"width: 100%;\" controls=\"controls\"><source type=\"audio\/mpeg\" src=\"https:\/\/www.radiopiu.net\/wordpress\/wp-content\/uploads\/2021\/07\/VIABILITA-3.mp3?_=20\" \/><a href=\"https:\/\/www.radiopiu.net\/wordpress\/wp-content\/uploads\/2021\/07\/VIABILITA-3.mp3\">https:\/\/www.radiopiu.net\/wordpress\/wp-content\/uploads\/2021\/07\/VIABILITA-3.mp3<\/a><\/audio>\n<p>&nbsp;<\/p>\n<hr \/>\n<p>&nbsp;<\/p>\n<\/div>\n<\/div>\n<\/div>\n<\/div>\n<div>\n<div class=\"page-title-head hgroup\" style=\"text-align: left;\">\n<div class=\"page-title-head hgroup\">\n<div dir=\"auto\">\n<p><a class=\"dt-pswp-item pspw-wrap-ready\" href=\"https:\/\/i0.wp.com\/www.radiopiu.net\/wordpress\/wp-content\/uploads\/2018\/09\/WhatsApp-Image-2018-09-20-at-16.04.06.jpeg?ssl=1\" data-dt-img-description=\"\" data-large_image_width=\"800\" data-large_image_height=\"100\"><img loading=\"lazy\" decoding=\"async\" class=\"aligncenter wp-image-61378 size-full jetpack-lazy-image jetpack-lazy-image--handled\" src=\"https:\/\/i0.wp.com\/www.radiopiu.net\/wordpress\/wp-content\/uploads\/2018\/09\/WhatsApp-Image-2018-09-20-at-16.04.06.jpeg?resize=800%2C100&amp;ssl=1\" sizes=\"auto, (max-width: 800px) 100vw, 800px\" srcset=\"https:\/\/i0.wp.com\/www.radiopiu.net\/wordpress\/wp-content\/uploads\/2018\/09\/WhatsApp-Image-2018-09-20-at-16.04.06.jpeg?w=800&amp;ssl=1 800w, https:\/\/i0.wp.com\/www.radiopiu.net\/wordpress\/wp-content\/uploads\/2018\/09\/WhatsApp-Image-2018-09-20-at-16.04.06.jpeg?resize=300%2C38&amp;ssl=1 300w, https:\/\/i0.wp.com\/www.radiopiu.net\/wordpress\/wp-content\/uploads\/2018\/09\/WhatsApp-Image-2018-09-20-at-16.04.06.jpeg?resize=768%2C96&amp;ssl=1 768w\" alt=\"\" width=\"800\" height=\"100\" data-lazy-loaded=\"1\" \/><\/a><\/p>\n<div style=\"text-align: left;\"><center><\/center><center>\u00a0<\/center><\/div>\n<\/div>\n<\/div>\n<\/div>\n<\/div>\n<\/div>\n<\/div>\n<\/div>\n<\/div>\n<div>\n<div><center><b>Martedi 6<\/b><\/center><b>Tempo atteso: <\/b>Tempo splendido, ben soleggiato con presenza di aria secca in un contesto molto stabile. Ottima visibilit\u00e0 in quota, anche nelle fondovalle nelle prime ore del giorno. Cielo in prevalenza sereno, salvo formazione di modesti cumuli sopra le cime durante le ore pi\u00f9 calde, essenzialmente su quelle dolomitiche.<br \/>\n<b>Precipitazioni: <\/b>Assenti (0%)<br \/>\n<b>Temperature: <\/b>In generale aumento, salvo rimanere stazionarie le minime a fondovalle, con valori massimi di 3-4\u00b0C superiori alla norma. Sono previste punte di 30\/32\u00b0C nei fondovalle prealpini e di 25\/27\u00b0C a 1000\/1200 m. Su Prealpi a 1500 m min 13\u00b0C, max 20\u00b0C, a 2000 m min 12\u00b0C, max 17\u00b0C, su Dolomiti a 2000 m min 11\u00b0C, max 19\u00b0C, a 3000 m min 6\u00b0C, max 10\u00b0C.<br \/>\n<b>Venti: <\/b>Nelle valli deboli per brezze, localmente e a tratti moderati nei settori solitamente pi\u00f9 ventilati; in quota deboli\/moderati da ovest sud-ovest al mattino, in graduale rinforzo da sud-ovest al pomeriggio, fino a tesi sulle cime pi\u00f9 alte, a 5-20 km\/h a 2000 m e 15-35 km\/h a 3000 m.<\/div>\n<\/div>\n<\/div>\n<\/div>\n<\/div>\n<\/div>\n<hr \/>\n<p><center><b>Mercoledi 7<\/b><\/center><b>Tempo atteso: <\/b>Giornata molto calda e soleggiata, con cielo sereno o al pi\u00f9 poco nuvoloso nel pomeriggio a ridosso dei rilievi per la formazione di cumuli. In alta quota l&#8217;atmosfera risulter\u00e0 in parte ventosa, specie sulle cime dolomitiche pi\u00f9 alte.<br \/>\n<b>Precipitazioni: <\/b>Assenti (0%).<br \/>\n<b>Temperature: <\/b>In ulteriore generale aumento con valori massimi di 4-5\u00b0C superiori alla norma. Sono previste punte di 31\/33\u00b0C nei fondovalle prealpini e di 26\/28\u00b0C a 1000\/1200 m. Su Prealpi a 1500 m min 15\u00b0C, max 22\u00b0C, a 2000 m min 14\u00b0C, max 18\u00b0C, su Dolomiti a 2000 m min 13\u00b0C, max 20\u00b0C, a 3000 m min 7\u00b0C, max 11\u00b0C.<br \/>\n<b>Venti: <\/b>Nelle valli deboli per brezze, localmente e a tratti moderati nei settori solitamente pi\u00f9 ventilati; in quota moderati\/tesi da sud-ovest, a tratti forti sulle vette dolomitiche pi\u00f9 alte sia al mattino che al pomeriggio, a 10-25 km\/h a 2000 m e 30-50 km\/h a 3000 m.<\/p>\n<hr \/>\n<p><center><b>Giovedi 8<\/b><\/center>Inizialmente tempo ancora soleggiato, nonostante qualche annuvolamento medio-alto. Al pomeriggio crescente attivit\u00e0 cumuliforme con forte sviluppo di addensamenti e nel tardo pomeriggio\/sera vi sar\u00e0 una crescente probabilit\u00e0 di rovesci, spesso temporaleschi, i quali potrebbero proseguire in parte nottetempo. Temperature minime in aumento, massime pressoch\u00e9 stazionarie nelle valli e in lieve flessione in quota. Nelle valli venti deboli\/moderati a regime di brezza; in quota moderati\/tesi da sud-ovest, a tratti forti sulle cime dolomitiche pi\u00f9 alte.<\/p>\n<hr \/>\n<p><center><b>Venerdi 9<\/b><\/center>Nottetempo residua instabilit\u00e0. Al mattino sole e cielo sereno, salvo banchi di stratocumuli mattutini su alcuni settori prealpini, in rapido dissolvimento. Al pomeriggio attivit\u00e0 cumuliforme assai contenuta sulle Prealpi, localmente moderata sulle Dolomiti, dove qualche sporadico piovasco o rovescio non sar\u00e0 da escludere. Temperature in generale flessione. Venti deboli\/moderati per brezze nelle valli; deboli\/moderati da nord-ovest in quota. Previsore: R.L.Th.<\/p>\n<p>&nbsp;<\/p>\n<p>&nbsp;<\/p>\n<hr \/>\n<p>&nbsp;<\/p>\n<p><a href=\"https:\/\/www.radiopiu.net\/wordpress\/giornale-radiopiu-15-settembre-2018-direttore-mirko-mezzacasa\/sport-7\/\" rel=\"attachment wp-att-60761\"><img loading=\"lazy\" decoding=\"async\" class=\"aligncenter wp-image-60761 size-full\" src=\"https:\/\/www.radiopiu.net\/wordpress\/wp-content\/uploads\/2018\/09\/sport.jpg\" alt=\"\" width=\"800\" height=\"100\" srcset=\"https:\/\/www.radiopiu.net\/wordpress\/wp-content\/uploads\/2018\/09\/sport.jpg 800w, https:\/\/www.radiopiu.net\/wordpress\/wp-content\/uploads\/2018\/09\/sport-300x38.jpg 300w, https:\/\/www.radiopiu.net\/wordpress\/wp-content\/uploads\/2018\/09\/sport-768x96.jpg 768w\" sizes=\"auto, (max-width: 800px) 100vw, 800px\" \/><\/a><\/p>\n<p>&nbsp;<\/p>\n<p>&nbsp;<\/p>\n<blockquote>\n<h3>ROMBI AUTUNNALI<\/h3>\n<p><span style=\"color: #ff0000;\"><strong>AGORDO 2-3 OTTOBRE 2021: IL RALLY<\/strong><\/span><\/p><\/blockquote>\n<p><a href=\"https:\/\/www.radiopiu.net\/wordpress\/giornale-radiopiu-06-luglio-2021-direttore-mirko-mezzacasa\/211653191_4694331250577175_3962764739472247907_n\/\" rel=\"attachment wp-att-220097\"><img loading=\"lazy\" decoding=\"async\" class=\"alignnone size-medium wp-image-220097\" src=\"https:\/\/www.radiopiu.net\/wordpress\/wp-content\/uploads\/2021\/07\/211653191_4694331250577175_3962764739472247907_n-216x300.jpg\" alt=\"\" width=\"216\" height=\"300\" srcset=\"https:\/\/www.radiopiu.net\/wordpress\/wp-content\/uploads\/2021\/07\/211653191_4694331250577175_3962764739472247907_n-216x300.jpg 216w, https:\/\/www.radiopiu.net\/wordpress\/wp-content\/uploads\/2021\/07\/211653191_4694331250577175_3962764739472247907_n.jpg 518w\" sizes=\"auto, (max-width: 216px) 100vw, 216px\" \/><\/a><\/p>\n<p>&nbsp;<\/p>\n<p>&nbsp;<\/p>\n<hr \/>\n<blockquote>\n<h3><\/h3>\n<h3>APERTE LE ISCRIZIONI AL TORNEO DI TENNIS &#8220;CITTA&#8217; DI AGORDO&#8221;<\/h3>\n<\/blockquote>\n<p><strong><a href=\"https:\/\/www.radiopiu.net\/wordpress\/aperte-le-iscrizioni-al-torneo-di-tennis-citta-di-agordo\/00393f35-4b55-4226-bb7a-077282231aab\/\" rel=\"attachment wp-att-219993\"><img loading=\"lazy\" decoding=\"async\" class=\"size-medium wp-image-219993 alignleft\" src=\"https:\/\/www.radiopiu.net\/wordpress\/wp-content\/uploads\/2021\/07\/00393f35-4b55-4226-bb7a-077282231aab-212x300.jpg\" alt=\"\" width=\"212\" height=\"300\" srcset=\"https:\/\/www.radiopiu.net\/wordpress\/wp-content\/uploads\/2021\/07\/00393f35-4b55-4226-bb7a-077282231aab-212x300.jpg 212w, https:\/\/www.radiopiu.net\/wordpress\/wp-content\/uploads\/2021\/07\/00393f35-4b55-4226-bb7a-077282231aab-723x1024.jpg 723w, https:\/\/www.radiopiu.net\/wordpress\/wp-content\/uploads\/2021\/07\/00393f35-4b55-4226-bb7a-077282231aab-768x1087.jpg 768w, https:\/\/www.radiopiu.net\/wordpress\/wp-content\/uploads\/2021\/07\/00393f35-4b55-4226-bb7a-077282231aab-1085x1536.jpg 1085w, https:\/\/www.radiopiu.net\/wordpress\/wp-content\/uploads\/2021\/07\/00393f35-4b55-4226-bb7a-077282231aab.jpg 1130w\" sizes=\"auto, (max-width: 212px) 100vw, 212px\" \/><\/a><\/strong><\/p>\n<p><strong>\u00a0<\/strong><\/p>\n<p><strong>\u00a0<\/strong><\/p>\n<p><strong>\u00a0<\/strong><\/p>\n<p><strong>AGORDO<\/strong> Sono aperte le iscrizioni al torneo di tennis &#8220;Citt\u00e0 di Agordo&#8221;, singolare maschile e femminile di 3\u00aa categoria. Il torneo si disputer\u00e0 al Tennis Club di Agordo dal 10 al 25 luglio. Gli interessati possono iscriversi entro gioved\u00ec 8 luglio alle 12 tramite mail all&#8217;indirizzo tcagordo@gmail.com. Per informazioni 340 8134441<\/p>\n<p>&nbsp;<\/p>\n<p>&nbsp;<\/p>\n<p>&nbsp;<\/p>\n<p>&nbsp;<\/p>\n<p>&nbsp;<\/p>\n","protected":false},"excerpt":{"rendered":"<p>ADDIO REGINA\u00a0 Il volto icona dello spettacolo nazionale si \u00e8 spento per sempre. Addio grande donna, simpatia romagnola.\u00a0 Addio ineguagliabile perfezionista del mestiere. Sei entrata in tutte le nostre case ancora quando la televisione era in bianco e nero. Il colore ci ha poi trasmesso una figura poliedrica: recitazione, canto, conduzione di spettacoli, spontaneit\u00e0 e&hellip;<\/p>\n","protected":false},"author":4,"featured_media":220000,"comment_status":"closed","ping_status":"open","sticky":false,"template":"","format":"standard","meta":{"_monsterinsights_skip_tracking":false,"_monsterinsights_sitenote_active":false,"_monsterinsights_sitenote_note":"","_monsterinsights_sitenote_category":0,"footnotes":""},"categories":[1,51,86,49],"tags":[],"class_list":["post-219880","post","type-post","status-publish","format-standard","has-post-thumbnail","hentry","category-senza-categoria","category-evidenza-top","category-gr","category-news-18","category-1","category-51","category-86","category-49","description-off"],"img_url":"https:\/\/www.radiopiu.net\/wordpress\/wp-content\/uploads\/2021\/07\/IMG-20210705-WA0006.jpg","_links":{"self":[{"href":"https:\/\/www.radiopiu.net\/wordpress\/wp-json\/wp\/v2\/posts\/219880","targetHints":{"allow":["GET"]}}],"collection":[{"href":"https:\/\/www.radiopiu.net\/wordpress\/wp-json\/wp\/v2\/posts"}],"about":[{"href":"https:\/\/www.radiopiu.net\/wordpress\/wp-json\/wp\/v2\/types\/post"}],"author":[{"embeddable":true,"href":"https:\/\/www.radiopiu.net\/wordpress\/wp-json\/wp\/v2\/users\/4"}],"replies":[{"embeddable":true,"href":"https:\/\/www.radiopiu.net\/wordpress\/wp-json\/wp\/v2\/comments?post=219880"}],"version-history":[{"count":0,"href":"https:\/\/www.radiopiu.net\/wordpress\/wp-json\/wp\/v2\/posts\/219880\/revisions"}],"wp:featuredmedia":[{"embeddable":true,"href":"https:\/\/www.radiopiu.net\/wordpress\/wp-json\/wp\/v2\/media\/220000"}],"wp:attachment":[{"href":"https:\/\/www.radiopiu.net\/wordpress\/wp-json\/wp\/v2\/media?parent=219880"}],"wp:term":[{"taxonomy":"category","embeddable":true,"href":"https:\/\/www.radiopiu.net\/wordpress\/wp-json\/wp\/v2\/categories?post=219880"},{"taxonomy":"post_tag","embeddable":true,"href":"https:\/\/www.radiopiu.net\/wordpress\/wp-json\/wp\/v2\/tags?post=219880"}],"curies":[{"name":"wp","href":"https:\/\/api.w.org\/{rel}","templated":true}]}}