{"id":220004,"date":"2021-07-05T10:47:11","date_gmt":"2021-07-05T08:47:11","guid":{"rendered":"https:\/\/www.radiopiu.net\/wordpress\/?p=220004"},"modified":"2021-07-05T10:47:11","modified_gmt":"2021-07-05T08:47:11","slug":"tra-chiusure-per-gare-ciclistiche-e-motociclisti-che-prendono-le-strade-per-un-circuito","status":"publish","type":"post","link":"https:\/\/www.radiopiu.net\/wordpress\/tra-chiusure-per-gare-ciclistiche-e-motociclisti-che-prendono-le-strade-per-un-circuito\/","title":{"rendered":"TRA CHIUSURE PER GARE CICLISTICHE E MOTOCICLISTI CHE PRENDONO LE STRADE PER UN CIRCUITO"},"content":{"rendered":"<h3><\/h3>\n<p><strong><a href=\"https:\/\/www.radiopiu.net\/wordpress\/giornale-radiopiu-04-luglio-2021-direttore-mirko-mezzacasa\/818755fe-446f-499b-8582-580595c7a6de\/\" rel=\"attachment wp-att-219716\"><img loading=\"lazy\" decoding=\"async\" class=\" wp-image-219716 alignleft\" src=\"https:\/\/www.radiopiu.net\/wordpress\/wp-content\/uploads\/2021\/07\/818755fe-446f-499b-8582-580595c7a6de-300x300.jpg\" sizes=\"auto, (max-width: 235px) 100vw, 235px\" srcset=\"https:\/\/www.radiopiu.net\/wordpress\/wp-content\/uploads\/2021\/07\/818755fe-446f-499b-8582-580595c7a6de-300x300.jpg 300w, https:\/\/www.radiopiu.net\/wordpress\/wp-content\/uploads\/2021\/07\/818755fe-446f-499b-8582-580595c7a6de-1024x1024.jpg 1024w, https:\/\/www.radiopiu.net\/wordpress\/wp-content\/uploads\/2021\/07\/818755fe-446f-499b-8582-580595c7a6de-150x150.jpg 150w, https:\/\/www.radiopiu.net\/wordpress\/wp-content\/uploads\/2021\/07\/818755fe-446f-499b-8582-580595c7a6de-768x768.jpg 768w, https:\/\/www.radiopiu.net\/wordpress\/wp-content\/uploads\/2021\/07\/818755fe-446f-499b-8582-580595c7a6de.jpg 1080w\" alt=\"\" width=\"235\" height=\"235\" \/><\/a>di Luisa Manfroi<\/strong><\/p>\n<p>Giro d\u2019Italia dei professionisti, dei dilettanti,\u00a0 giro del Veneto, ciclo turistiche, lungo le strade, i passi e \u2026 strade chiuse. S\u00ec, perch\u00e9 lo svolgimento delle gare ciclistiche prescrive la sospensione temporanea della circolazione. Pazienza per le gare dei professionisti ma adesso, con troppa frequenza, ogniqualvolta si profila all\u2019orizzonte una manifestazione delle due ruote e dei pedali, si coglie l\u2019occasione per chiudere col risultato di creare disagio. Se da un lato\u00a0 non pu\u00f2 che far piacere vedere questi segnali di riapertura e di ritorno ad una certa normalit\u00e0 che si traduce per gli operatori turistici e commerciali in un riscontro economico, dall\u2019altro ci\u00f2 pu\u00f2 essere visto da quanti si devono muovere, per lavoro o altro, come\u00a0 una limitazione ulteriore. E dopo chiusure, restrizioni, distanziamenti non c\u2019\u00e8 da stupirsi. Ma non c\u2019\u00e8 solo questo. A spazientire \u00e8 pure la velocit\u00e0 di alcuni \u00a0centauri che in sella alle loro moto scambiano le strade per il circuito del Mugello.<\/p>\n<p>&nbsp;<\/p>\n<p>&nbsp;<\/p>\n<p>*****<\/p>\n","protected":false},"excerpt":{"rendered":"<p>di Luisa Manfroi Giro d\u2019Italia dei professionisti, dei dilettanti,\u00a0 giro del Veneto, ciclo turistiche, lungo le strade, i passi e \u2026 strade chiuse. S\u00ec, perch\u00e9 lo svolgimento delle gare ciclistiche prescrive la sospensione temporanea della circolazione. Pazienza per le gare dei professionisti ma adesso, con troppa frequenza, ogniqualvolta si profila all\u2019orizzonte una manifestazione delle due&hellip;<\/p>\n","protected":false},"author":4,"featured_media":219716,"comment_status":"closed","ping_status":"open","sticky":false,"template":"","format":"standard","meta":{"_monsterinsights_skip_tracking":false,"_monsterinsights_sitenote_active":false,"_monsterinsights_sitenote_note":"","_monsterinsights_sitenote_category":0,"footnotes":""},"categories":[49],"tags":[],"class_list":["post-220004","post","type-post","status-publish","format-standard","has-post-thumbnail","hentry","category-news-18","category-49","description-off"],"img_url":"https:\/\/www.radiopiu.net\/wordpress\/wp-content\/uploads\/2021\/07\/818755fe-446f-499b-8582-580595c7a6de.jpg","_links":{"self":[{"href":"https:\/\/www.radiopiu.net\/wordpress\/wp-json\/wp\/v2\/posts\/220004","targetHints":{"allow":["GET"]}}],"collection":[{"href":"https:\/\/www.radiopiu.net\/wordpress\/wp-json\/wp\/v2\/posts"}],"about":[{"href":"https:\/\/www.radiopiu.net\/wordpress\/wp-json\/wp\/v2\/types\/post"}],"author":[{"embeddable":true,"href":"https:\/\/www.radiopiu.net\/wordpress\/wp-json\/wp\/v2\/users\/4"}],"replies":[{"embeddable":true,"href":"https:\/\/www.radiopiu.net\/wordpress\/wp-json\/wp\/v2\/comments?post=220004"}],"version-history":[{"count":0,"href":"https:\/\/www.radiopiu.net\/wordpress\/wp-json\/wp\/v2\/posts\/220004\/revisions"}],"wp:featuredmedia":[{"embeddable":true,"href":"https:\/\/www.radiopiu.net\/wordpress\/wp-json\/wp\/v2\/media\/219716"}],"wp:attachment":[{"href":"https:\/\/www.radiopiu.net\/wordpress\/wp-json\/wp\/v2\/media?parent=220004"}],"wp:term":[{"taxonomy":"category","embeddable":true,"href":"https:\/\/www.radiopiu.net\/wordpress\/wp-json\/wp\/v2\/categories?post=220004"},{"taxonomy":"post_tag","embeddable":true,"href":"https:\/\/www.radiopiu.net\/wordpress\/wp-json\/wp\/v2\/tags?post=220004"}],"curies":[{"name":"wp","href":"https:\/\/api.w.org\/{rel}","templated":true}]}}