{"id":220075,"date":"2021-07-05T16:01:30","date_gmt":"2021-07-05T14:01:30","guid":{"rendered":"https:\/\/www.radiopiu.net\/wordpress\/?p=220075"},"modified":"2021-07-05T16:06:11","modified_gmt":"2021-07-05T14:06:11","slug":"per-palazzo-gazzi-ce-il-progetto-definitivo-esecutivo","status":"publish","type":"post","link":"https:\/\/www.radiopiu.net\/wordpress\/per-palazzo-gazzi-ce-il-progetto-definitivo-esecutivo\/","title":{"rendered":"PER PALAZZO GAZZI C&#8217;E&#8217; IL PROGETTO DEFINITIVO-ESECUTIVO"},"content":{"rendered":"<blockquote>\n<h3><\/h3>\n<\/blockquote>\n<p><strong><a href=\"https:\/\/www.radiopiu.net\/wordpress\/?attachment_id=220074\" rel=\"attachment wp-att-220074\"><img loading=\"lazy\" decoding=\"async\" class=\"size-medium wp-image-220074 alignleft\" src=\"https:\/\/www.radiopiu.net\/wordpress\/wp-content\/uploads\/2021\/07\/Palazzo-Gazzi-300x169.jpg\" alt=\"\" width=\"300\" height=\"169\" srcset=\"https:\/\/www.radiopiu.net\/wordpress\/wp-content\/uploads\/2021\/07\/Palazzo-Gazzi-300x169.jpg 300w, https:\/\/www.radiopiu.net\/wordpress\/wp-content\/uploads\/2021\/07\/Palazzo-Gazzi-1024x576.jpg 1024w, https:\/\/www.radiopiu.net\/wordpress\/wp-content\/uploads\/2021\/07\/Palazzo-Gazzi-768x432.jpg 768w, https:\/\/www.radiopiu.net\/wordpress\/wp-content\/uploads\/2021\/07\/Palazzo-Gazzi-1536x864.jpg 1536w, https:\/\/www.radiopiu.net\/wordpress\/wp-content\/uploads\/2021\/07\/Palazzo-Gazzi.jpg 2048w\" sizes=\"auto, (max-width: 300px) 100vw, 300px\" \/><\/a>FELTRE\u00a0<\/strong> Passo avanti nel percorso di ristrutturazione e recupero funzionale di Palazzo Gazzi. La giunta comunale ha infatti dato il \u201cvia libera\u201d al progetto definitivo-esecutivo di ristrutturazione e recupero funzionale dell&#8217;immobile. L&#8217;edificio \u00e8 oggetto di un piano per la riapertura di un punto di ristorazione qualificato, da concedere in gestione, che sfrutti appieno la posizione privilegiata del palazzo e ne valorizzi le caratteristiche storiche e architettoniche. Era stato redatto il progetto di fattibilit\u00e0 tecnica economica (ex preliminare)\u00a0 dallo studio Associato Architetti Doglioni e Daminato di Feltre, che perseguiva sostanzialmente due obiettivi primari: -rimettere in funzione, aggiornandone l&#8217;assetto organizzativo ed aumentandone l&#8217;attrattiva, il ristorante-bar affacciato sul portico della piazza e posto al piano semi-interrato, terra e ammezzato; -proseguire l&#8217;opera gi\u00e0 avviata di manutenzione straordinaria e di miglioramento sismico dell&#8217;edificio storico nel suo insieme, anche in considerazione dell\u2019importanza che riveste nel contesto della piazza centrale. In sede di progetto definitivo\/esecutivo il quadro economico complessivo dell&#8217;intervento \u00e8 stato implementato a 623 mila euro, di cui 415 mila circa per lavori, con un aumento di spesa rispetto al progetto di fattibilit\u00e0 di 123 mila euro, dovuti a maggiori oneri relativi soprattutto al miglioramento sismico di parte dell&#8217;edificio che si \u00e8 rilevato pi\u00f9 impegnativo del previsto. Il progetto, finanziato per 500 mila euro dal Fondo per i Comuni di Confine, trova ulteriori coperture per 50 mila euro a valere su un finanziamento ottenuto dal MIT per la progettazione e per 73 mila euro, corrispondente all&#8217;importo inserito nelle somme a disposizione per l&#8217;acquisto di arredi ed attrezzature, con l&#8217;accensione di mutuo, gi\u00e0 previsto in Bilancio.<\/p>\n<blockquote><p><em>\u201cNelle prossime settimane contiamo di pubblicare l&#8217;avviso pubblico per le manifestazioni di interesse alla gestione del locale, sottolinea il sindaco di Feltre Paolo Perenzin, che aggiunge: \u201cSe non vi saranno imprevisti, l&#8217;obiettivo \u00e8 di riuscire a completare l&#8217;intervento entro la prima met\u00e0 del prossimo anno, in maniera da dotare il centro storico, ma in realt\u00e0 l&#8217;intera citt\u00e0, di un locale e di un punto di riferimento di assoluto livello non solo per i residenti, ma anche per i turisti e i visitatori, ancor pi\u00f9 in vista dell&#8217;attesa riapertura, nei prossimi mesi, anche del restaurato Teatro de la Sena\u201d.\u00a0<\/em><\/p><\/blockquote>\n","protected":false},"excerpt":{"rendered":"<p>FELTRE\u00a0 Passo avanti nel percorso di ristrutturazione e recupero funzionale di Palazzo Gazzi. La giunta comunale ha infatti dato il \u201cvia libera\u201d al progetto definitivo-esecutivo di ristrutturazione e recupero funzionale dell&#8217;immobile. L&#8217;edificio \u00e8 oggetto di un piano per la riapertura di un punto di ristorazione qualificato, da concedere in gestione, che sfrutti appieno la posizione&hellip;<\/p>\n","protected":false},"author":4,"featured_media":220074,"comment_status":"closed","ping_status":"open","sticky":false,"template":"","format":"standard","meta":{"_monsterinsights_skip_tracking":false,"_monsterinsights_sitenote_active":false,"_monsterinsights_sitenote_note":"","_monsterinsights_sitenote_category":0,"footnotes":""},"categories":[49],"tags":[],"class_list":["post-220075","post","type-post","status-publish","format-standard","has-post-thumbnail","hentry","category-news-18","category-49","description-off"],"img_url":"https:\/\/www.radiopiu.net\/wordpress\/wp-content\/uploads\/2021\/07\/Palazzo-Gazzi.jpg","_links":{"self":[{"href":"https:\/\/www.radiopiu.net\/wordpress\/wp-json\/wp\/v2\/posts\/220075","targetHints":{"allow":["GET"]}}],"collection":[{"href":"https:\/\/www.radiopiu.net\/wordpress\/wp-json\/wp\/v2\/posts"}],"about":[{"href":"https:\/\/www.radiopiu.net\/wordpress\/wp-json\/wp\/v2\/types\/post"}],"author":[{"embeddable":true,"href":"https:\/\/www.radiopiu.net\/wordpress\/wp-json\/wp\/v2\/users\/4"}],"replies":[{"embeddable":true,"href":"https:\/\/www.radiopiu.net\/wordpress\/wp-json\/wp\/v2\/comments?post=220075"}],"version-history":[{"count":0,"href":"https:\/\/www.radiopiu.net\/wordpress\/wp-json\/wp\/v2\/posts\/220075\/revisions"}],"wp:featuredmedia":[{"embeddable":true,"href":"https:\/\/www.radiopiu.net\/wordpress\/wp-json\/wp\/v2\/media\/220074"}],"wp:attachment":[{"href":"https:\/\/www.radiopiu.net\/wordpress\/wp-json\/wp\/v2\/media?parent=220075"}],"wp:term":[{"taxonomy":"category","embeddable":true,"href":"https:\/\/www.radiopiu.net\/wordpress\/wp-json\/wp\/v2\/categories?post=220075"},{"taxonomy":"post_tag","embeddable":true,"href":"https:\/\/www.radiopiu.net\/wordpress\/wp-json\/wp\/v2\/tags?post=220075"}],"curies":[{"name":"wp","href":"https:\/\/api.w.org\/{rel}","templated":true}]}}