{"id":220103,"date":"2021-07-05T17:42:28","date_gmt":"2021-07-05T15:42:28","guid":{"rendered":"https:\/\/www.radiopiu.net\/wordpress\/?p=220103"},"modified":"2021-07-06T06:03:31","modified_gmt":"2021-07-06T04:03:31","slug":"preoccupante-calo-di-avvocati-allora-facciamo-quattro-conti","status":"publish","type":"post","link":"https:\/\/www.radiopiu.net\/wordpress\/preoccupante-calo-di-avvocati-allora-facciamo-quattro-conti\/","title":{"rendered":"Preoccupante calo di avvocati? Allora facciamo quattro conti\u00a0"},"content":{"rendered":"<h2><span style=\"color: #ff0000;\">DILLO\u00a0 A RADIO PIU&#8230;.<\/span><\/h2>\n<p><strong><a href=\"https:\/\/www.radiopiu.net\/wordpress\/il-giudice-del-lavoro-da-ragione-allulss1-dolomiti-il-risarcimento-richiesto-e-di-oltre-6-milioni-di-euro\/tribunale-2\/\" rel=\"attachment wp-att-53165\"><img loading=\"lazy\" decoding=\"async\" class=\" wp-image-53165 alignleft\" src=\"https:\/\/www.radiopiu.net\/wordpress\/wp-content\/uploads\/2018\/07\/TRIBUNALE-2-300x225.jpg\" alt=\"\" width=\"205\" height=\"154\" srcset=\"https:\/\/www.radiopiu.net\/wordpress\/wp-content\/uploads\/2018\/07\/TRIBUNALE-2-300x225.jpg 300w, https:\/\/www.radiopiu.net\/wordpress\/wp-content\/uploads\/2018\/07\/TRIBUNALE-2-768x576.jpg 768w, https:\/\/www.radiopiu.net\/wordpress\/wp-content\/uploads\/2018\/07\/TRIBUNALE-2.jpg 960w\" sizes=\"auto, (max-width: 205px) 100vw, 205px\" \/><\/a>di Cesare Dal Bo&#8217;\u00a0<\/strong><\/p>\n<blockquote><p>Sentivo\u00a0 alla radio Pi\u00f9 della preoccupazione per il calo degli avvocati in provincia di Belluno. Facciamo 4 conti. La popolazione della provincia\u00a0 \u00e8 da poco scesa sotto la soglia dei 200.000 che diviso per 314 avvocati\u00a0 fa\u00a0 630 quindi un avvocato per 630 persone. Se i\u00a0 conti sono giusti mi vien da pensare, per confronto, che ogni medico condotto ha un massimale di 1500 mutuati. E&#8217; evidente la discrepanza!. Pi\u00f9 che degli avvocati dovremo preoccuparci del fatto che ci sono pochi medici soprattutto nostrani e del fatto che non riusciamo a garantire la sostituzione di quelli che vanno in pensione perch\u00e8 lo desiderano o perch\u00e8 sono costretti a farlo. Buon per loro se il\u00a0 numero degli avvocati cala un pochino del resto la categoria fa di tutto perch\u00e8 questo accada a cominciare dalla difficolt\u00e0 assurda dell&#8217;esame di stato che, a mio parere, \u00e8 soltanto un freno evidente all&#8217;inserimento in carriera di nuovi concorrenti. Senza nessuna polemica nei confronti dei rappresentanti del Foro.<\/p><\/blockquote>\n","protected":false},"excerpt":{"rendered":"<p>DILLO\u00a0 A RADIO PIU&#8230;. di Cesare Dal Bo&#8217;\u00a0 Sentivo\u00a0 alla radio Pi\u00f9 della preoccupazione per il calo degli avvocati in provincia di Belluno. Facciamo 4 conti. La popolazione della provincia\u00a0 \u00e8 da poco scesa sotto la soglia dei 200.000 che diviso per 314 avvocati\u00a0 fa\u00a0 630 quindi un avvocato per 630 persone. Se i\u00a0 conti&hellip;<\/p>\n","protected":false},"author":4,"featured_media":53164,"comment_status":"closed","ping_status":"open","sticky":false,"template":"","format":"standard","meta":{"_monsterinsights_skip_tracking":false,"_monsterinsights_sitenote_active":false,"_monsterinsights_sitenote_note":"","_monsterinsights_sitenote_category":0,"footnotes":""},"categories":[51,49],"tags":[],"class_list":["post-220103","post","type-post","status-publish","format-standard","has-post-thumbnail","hentry","category-evidenza-top","category-news-18","category-51","category-49","description-off"],"img_url":"https:\/\/www.radiopiu.net\/wordpress\/wp-content\/uploads\/2018\/07\/TRIBUNALE-1.jpg","_links":{"self":[{"href":"https:\/\/www.radiopiu.net\/wordpress\/wp-json\/wp\/v2\/posts\/220103","targetHints":{"allow":["GET"]}}],"collection":[{"href":"https:\/\/www.radiopiu.net\/wordpress\/wp-json\/wp\/v2\/posts"}],"about":[{"href":"https:\/\/www.radiopiu.net\/wordpress\/wp-json\/wp\/v2\/types\/post"}],"author":[{"embeddable":true,"href":"https:\/\/www.radiopiu.net\/wordpress\/wp-json\/wp\/v2\/users\/4"}],"replies":[{"embeddable":true,"href":"https:\/\/www.radiopiu.net\/wordpress\/wp-json\/wp\/v2\/comments?post=220103"}],"version-history":[{"count":0,"href":"https:\/\/www.radiopiu.net\/wordpress\/wp-json\/wp\/v2\/posts\/220103\/revisions"}],"wp:featuredmedia":[{"embeddable":true,"href":"https:\/\/www.radiopiu.net\/wordpress\/wp-json\/wp\/v2\/media\/53164"}],"wp:attachment":[{"href":"https:\/\/www.radiopiu.net\/wordpress\/wp-json\/wp\/v2\/media?parent=220103"}],"wp:term":[{"taxonomy":"category","embeddable":true,"href":"https:\/\/www.radiopiu.net\/wordpress\/wp-json\/wp\/v2\/categories?post=220103"},{"taxonomy":"post_tag","embeddable":true,"href":"https:\/\/www.radiopiu.net\/wordpress\/wp-json\/wp\/v2\/tags?post=220103"}],"curies":[{"name":"wp","href":"https:\/\/api.w.org\/{rel}","templated":true}]}}