{"id":220109,"date":"2021-07-05T19:15:05","date_gmt":"2021-07-05T17:15:05","guid":{"rendered":"https:\/\/www.radiopiu.net\/wordpress\/?p=220109"},"modified":"2021-07-06T05:15:48","modified_gmt":"2021-07-06T03:15:48","slug":"oggiscuola","status":"publish","type":"post","link":"https:\/\/www.radiopiu.net\/wordpress\/oggiscuola\/","title":{"rendered":"SOLO OGGI NELLA CONFERENZA STAMPA DELLE 12.30 SI CONOSCERA&#8217; LA DATA DI INIZIO DEL NUOVO ANNO SCOLASTICO"},"content":{"rendered":"<blockquote><p><strong>PUNTO ORE 20 SU DATA INIZIO ANNO SCOLASTICO IN VENETO.<\/strong><\/p>\n<p><em>\u00a0La nuova data di inizio delle attivit\u00e0 didattiche in Veneto verr\u00e0 resa nota oggi dal Presidente nel corso della conferenza stampa sulla situazione COVID gi\u00e0 in programma per le ore 12,30 nella sede della Protezione Civile Regionale, via Paolucci 34, Marghera.<\/em><\/p><\/blockquote>\n<blockquote><p><em>C\u2019\u00e8 la volont\u00e0 politica di arrivare pi\u00f9 verso la fine di settembre che verso l\u2019inizio. Il pomeriggio \u00e8 trascorso con un lavoro di cesello da parte dell\u2019Assessore Donazzan con l\u2019Ufficio scolastico regionale per fissare la data. Lavoro non semplice perch\u00e9 coinvolge centinaia di migliaia di persone fra studenti, famiglie, professori, personale Ata e amministrativo, ecc, ecc<\/em><\/p><\/blockquote>\n<p>&nbsp;<\/p>\n<p>&nbsp;<\/p>\n<p>&nbsp;<\/p>\n<p>****<\/p>\n","protected":false},"excerpt":{"rendered":"<p>PUNTO ORE 20 SU DATA INIZIO ANNO SCOLASTICO IN VENETO. \u00a0La nuova data di inizio delle attivit\u00e0 didattiche in Veneto verr\u00e0 resa nota oggi dal Presidente nel corso della conferenza stampa sulla situazione COVID gi\u00e0 in programma per le ore 12,30 nella sede della Protezione Civile Regionale, via Paolucci 34, Marghera. C\u2019\u00e8 la volont\u00e0 politica&hellip;<\/p>\n","protected":false},"author":4,"featured_media":204738,"comment_status":"closed","ping_status":"open","sticky":false,"template":"","format":"standard","meta":{"_monsterinsights_skip_tracking":false,"_monsterinsights_sitenote_active":false,"_monsterinsights_sitenote_note":"","_monsterinsights_sitenote_category":0,"footnotes":""},"categories":[51,49],"tags":[],"class_list":["post-220109","post","type-post","status-publish","format-standard","has-post-thumbnail","hentry","category-evidenza-top","category-news-18","category-51","category-49","description-off"],"img_url":"https:\/\/www.radiopiu.net\/wordpress\/wp-content\/uploads\/2021\/04\/SCUOLABUS.jpg","_links":{"self":[{"href":"https:\/\/www.radiopiu.net\/wordpress\/wp-json\/wp\/v2\/posts\/220109","targetHints":{"allow":["GET"]}}],"collection":[{"href":"https:\/\/www.radiopiu.net\/wordpress\/wp-json\/wp\/v2\/posts"}],"about":[{"href":"https:\/\/www.radiopiu.net\/wordpress\/wp-json\/wp\/v2\/types\/post"}],"author":[{"embeddable":true,"href":"https:\/\/www.radiopiu.net\/wordpress\/wp-json\/wp\/v2\/users\/4"}],"replies":[{"embeddable":true,"href":"https:\/\/www.radiopiu.net\/wordpress\/wp-json\/wp\/v2\/comments?post=220109"}],"version-history":[{"count":0,"href":"https:\/\/www.radiopiu.net\/wordpress\/wp-json\/wp\/v2\/posts\/220109\/revisions"}],"wp:featuredmedia":[{"embeddable":true,"href":"https:\/\/www.radiopiu.net\/wordpress\/wp-json\/wp\/v2\/media\/204738"}],"wp:attachment":[{"href":"https:\/\/www.radiopiu.net\/wordpress\/wp-json\/wp\/v2\/media?parent=220109"}],"wp:term":[{"taxonomy":"category","embeddable":true,"href":"https:\/\/www.radiopiu.net\/wordpress\/wp-json\/wp\/v2\/categories?post=220109"},{"taxonomy":"post_tag","embeddable":true,"href":"https:\/\/www.radiopiu.net\/wordpress\/wp-json\/wp\/v2\/tags?post=220109"}],"curies":[{"name":"wp","href":"https:\/\/api.w.org\/{rel}","templated":true}]}}