{"id":220136,"date":"2021-07-07T05:45:47","date_gmt":"2021-07-07T03:45:47","guid":{"rendered":"https:\/\/www.radiopiu.net\/wordpress\/?p=220136"},"modified":"2021-07-07T05:54:16","modified_gmt":"2021-07-07T03:54:16","slug":"giornale-radiopiu-07-luglio-2021-direttore-mirko-mezzacasa","status":"publish","type":"post","link":"https:\/\/www.radiopiu.net\/wordpress\/giornale-radiopiu-07-luglio-2021-direttore-mirko-mezzacasa\/","title":{"rendered":"GIORNALE RADIOPIU 07 LUGLIO 2021 DIRETTORE MIRKO MEZZACASA"},"content":{"rendered":"<h2><span style=\"color: #0000ff;\">\u00a0<\/span><\/h2>\n<blockquote>\n<h1><span style=\"color: #0000ff;\">IMMENSI! . . . . GRAZIE PERCHE&#8217; IL SOGNO CONTINUA. ADESSO LA FINALE!<br \/>\n<\/span><\/h1>\n<\/blockquote>\n<h1><span style=\"color: #0000ff;\">&#8220;bisogna imparare a sognare per essere liberi&#8221;<\/span><\/h1>\n\n\t\t\t<style type='text\/css'>\n\t\t\t\t#gallery-1 {\n\t\t\t\t\tmargin: auto;\n\t\t\t\t}\n\t\t\t\t#gallery-1 .gallery-item {\n\t\t\t\t\tfloat: left;\n\t\t\t\t\tmargin-top: 10px;\n\t\t\t\t\ttext-align: center;\n\t\t\t\t\twidth: 50%;\n\t\t\t\t}\n\t\t\t\t#gallery-1 img {\n\t\t\t\t\tborder: 2px solid #cfcfcf;\n\t\t\t\t}\n\t\t\t\t#gallery-1 .gallery-caption {\n\t\t\t\t\tmargin-left: 0;\n\t\t\t\t}\n\t\t\t\t\/* see gallery_shortcode() in wp-includes\/media.php *\/\n\t\t\t<\/style>\n\t\t<div id='gallery-1' class='dt-gallery-container gallery galleryid-220136 gallery-columns-2 gallery-size-large'><dl class='gallery-item'>\n\t\t\t\t<dt class='gallery-icon landscape'>\n\t\t\t\t\t<a class=\"rollover rollover-zoom dt-pswp-item\" title=\"italy-3605424__340\" data-dt-img-description=\"\" data-large_image_width=\"618\" data-large_image_height=\"340\"href='https:\/\/www.radiopiu.net\/wordpress\/wp-content\/uploads\/2021\/07\/italy-3605424__340.jpg'><img loading=\"lazy\" decoding=\"async\" width=\"618\" height=\"340\" src=\"https:\/\/www.radiopiu.net\/wordpress\/wp-content\/uploads\/2021\/07\/italy-3605424__340.jpg\" class=\"attachment-large size-large\" alt=\"\" srcset=\"https:\/\/www.radiopiu.net\/wordpress\/wp-content\/uploads\/2021\/07\/italy-3605424__340.jpg 618w, https:\/\/www.radiopiu.net\/wordpress\/wp-content\/uploads\/2021\/07\/italy-3605424__340-300x165.jpg 300w\" sizes=\"auto, (max-width: 618px) 100vw, 618px\" \/><\/a>\n\t\t\t\t<\/dt><\/dl><dl class='gallery-item'>\n\t\t\t\t<dt class='gallery-icon landscape'>\n\t\t\t\t\t<a class=\"rollover rollover-zoom dt-pswp-item\" title=\"italy-6321029__340\" data-dt-img-description=\"\" data-large_image_width=\"510\" data-large_image_height=\"340\"href='https:\/\/www.radiopiu.net\/wordpress\/wp-content\/uploads\/2021\/07\/italy-6321029__340.jpg'><img loading=\"lazy\" decoding=\"async\" width=\"510\" height=\"340\" src=\"https:\/\/www.radiopiu.net\/wordpress\/wp-content\/uploads\/2021\/07\/italy-6321029__340.jpg\" class=\"attachment-large size-large\" alt=\"\" srcset=\"https:\/\/www.radiopiu.net\/wordpress\/wp-content\/uploads\/2021\/07\/italy-6321029__340.jpg 510w, https:\/\/www.radiopiu.net\/wordpress\/wp-content\/uploads\/2021\/07\/italy-6321029__340-300x200.jpg 300w\" sizes=\"auto, (max-width: 510px) 100vw, 510px\" \/><\/a>\n\t\t\t\t<\/dt><\/dl><br style=\"clear: both\" \/>\n\t\t\t<\/div>\n\n<h2><\/h2>\n<hr \/>\n<h2><\/h2>\n<h2><span style=\"color: #000000;\">PER<strong>\u00a0RICEVERE QUESTO NOTIZIARIO DIRETTAMENTE SUL TUO CELLULARE ISCRIVITI AL CANALE TELEGRAM\u00a0<\/strong><strong>\u201cRADIO PIU\u00a0 INFORMAZIONE\u201d\u00a0<\/strong><\/span><\/h2>\n<blockquote class=\"wp-embedded-content\" data-secret=\"J1fwbHlv4k\"><p><a href=\"https:\/\/www.radiopiu.net\/wordpress\/fusione-di-comuni-il-dibattito-e-aperto\/\">FUSIONE DI COMUNI? IL DIBATTITO E&#8217; APERTO<\/a><\/p><\/blockquote>\n<p><iframe loading=\"lazy\" class=\"wp-embedded-content\" sandbox=\"allow-scripts\" security=\"restricted\" style=\"position: absolute; clip: rect(1px, 1px, 1px, 1px);\" title=\"&#8220;FUSIONE DI COMUNI? IL DIBATTITO E&#8217; APERTO&#8221; &#8212; Radio Pi\u00f9\" src=\"https:\/\/www.radiopiu.net\/wordpress\/fusione-di-comuni-il-dibattito-e-aperto\/embed\/#?secret=J1fwbHlv4k\" data-secret=\"J1fwbHlv4k\" width=\"600\" height=\"338\" frameborder=\"0\" marginwidth=\"0\" marginheight=\"0\" scrolling=\"no\"><\/iframe><\/p>\n<h3><\/h3>\n<p>&nbsp;<\/p>\n<p>&nbsp;<\/p>\n<hr \/>\n<p>&nbsp;<\/p>\n<h3><span style=\"color: #0000ff;\">Gestione Servizi Pubblici informa che, per lavori alla rete idrica comunale, domani dalle ore 08:30 fino a FINE LAVORI potrebbe mancare l&#8217;acqua ad AGORDO, nelle vie FAION e PAGANINI e in localit\u00e0 VERAN. Il personale addetto operer\u00e0 per limitare il pi\u00f9 possibile i disagi alla popolazione.<\/span><\/h3>\n<p>&nbsp;<\/p>\n<p>&nbsp;<\/p>\n<hr \/>\n<p>&nbsp;<\/p>\n<p><strong><a href=\"https:\/\/www.radiopiu.net\/wordpress\/giornale-radiopiu-16-giugno-2021-direttore-mirko-mezzacasa\/lavorii\/\" rel=\"attachment wp-att-216177\"><img loading=\"lazy\" decoding=\"async\" class=\"size-medium wp-image-216177 alignleft\" src=\"https:\/\/www.radiopiu.net\/wordpress\/wp-content\/uploads\/2021\/06\/LAVORII-300x159.jpg\" sizes=\"auto, (max-width: 300px) 100vw, 300px\" srcset=\"https:\/\/www.radiopiu.net\/wordpress\/wp-content\/uploads\/2021\/06\/LAVORII-300x159.jpg 300w, https:\/\/www.radiopiu.net\/wordpress\/wp-content\/uploads\/2021\/06\/LAVORII.jpg 335w\" alt=\"\" width=\"300\" height=\"159\" \/><\/a><\/strong><\/p>\n<p>&nbsp;<\/p>\n<p><b>GALLERIA \u2018COMELICO\u00a0<\/b>fino al 31 luglio\u00a0 dalle 21 alle\u00a0 6 la galleria sar\u00e0 chiusa al traffico. Per i veicoli pesanti trainanti un rimorchio \u00e8 prevista la deviazione sulla SR 48 \u201cdelle Dolomiti e sulla SP 49 \u201cMisurina\u201d,\u00a0 \u00a0il traffico pesante sar\u00e0 deviato lungo la SP 532 \u201cPasso S. Antonio\u201d. Il traffico leggero\u00a0 sulla SP 532.<\/p>\n<p>&nbsp;<\/p>\n<p><strong>VOLTAGO<\/strong>\u00a0 Fino al 10 luglio, domeniche escluse, per consentire i lavori di esbosco\u00a0 interdizione totale alla circolazione\u00a0 dalle 8 alle 17 lungo la Strada provinciale 26 \u201cdi Digoman\u201d, nei comuni di Rivamonte e Voltago Agordino.\u00a0 Nei periodi non interessati dalle chiusure sar\u00e0 istituto il senso unico alternato regolato da impianto semaforico.<\/p>\n<p><strong>48 DELLE DOLOMITI<\/strong>\u00a0Fino al 16 luglio da Pieve di Livinallongo ad Arabba si potr\u00e0 transitare ma in determinate fasce orarie. Dalle 7 del mattino alle 18 sono infatti previste interruzioni fino a 20 minuti per permettere i lavori di esbosco e realizzazione paramassi. Per tutta la durata dei lavori senso unico alternato nei periodi non interessati delle interruzioni.<\/p>\n<p><strong>ALLEGHE<\/strong>\u00a0Domenica tra le 10 e le 22, per un periodo massimo di 15 minuti sospensione totale della circolazione per manifestazione alpina<\/p>\n<p>&nbsp;<\/p>\n<p>&nbsp;<\/p>\n<p>&nbsp;<\/p>\n<hr \/>\n<p>&nbsp;<\/p>\n<blockquote>\n<h2><a href=\"https:\/\/www.radiopiu.net\/wordpress\/giornale-radiopiu-16-giugno-2021-direttore-mirko-mezzacasa\/lavori-6\/\" rel=\"attachment wp-att-216175\"><img loading=\"lazy\" decoding=\"async\" class=\"wp-image-216175 alignleft\" src=\"https:\/\/www.radiopiu.net\/wordpress\/wp-content\/uploads\/2021\/06\/LAVORI-1-1.jpg\" alt=\"\" width=\"122\" height=\"122\" srcset=\"https:\/\/www.radiopiu.net\/wordpress\/wp-content\/uploads\/2021\/06\/LAVORI-1-1.jpg 300w, https:\/\/www.radiopiu.net\/wordpress\/wp-content\/uploads\/2021\/06\/LAVORI-1-1-150x150.jpg 150w\" sizes=\"auto, (max-width: 122px) 100vw, 122px\" \/><\/a>CANTIERI A ROCCA PIETORE<\/h2>\n<\/blockquote>\n<p><strong>ROCCA PIETORE<\/strong> Fino al 10 luglio \u00e8 chiuso al transito il ponte sul Ru de Molin tra le localit\u00e0 di Santa Maria delle Grazie e Caracoi. Chiusura dell&#8217;area compresa tra la localit\u00e0 di Aur\u00f9 e l&#8217;intersezione con la strada per Laste Fino al 9 luglio \u00e8 chiuso il tratto di strada in localit\u00e0 Col di Rocca nel tratto tra la Centralina Comunale e il bivio in cui si innesta con la strada provinciale 641 lato Sass Negher. . La viabilit\u00e0 da e per l&#8217;abitato di Col di Rocca \u00e8 comunque garantita da altri due accessi esistenti.<\/p>\n<blockquote>\n<h3>ESBOSCO E DIVIETI, S&#8217;ALZANO GLI ALBERI SCHIANTATA DA VAIA<\/h3>\n<\/blockquote>\n<p><strong>CANALE D&#8217;AGORDO<\/strong> Fino al\u00a0 18 dicembre\u00a0 e comunque fino ad ultimazione dei lavori \u00e8 fatto divieto \u00a0di accedere e transitare anche a piedi nelle aree interessate dai lavori di utilizzazione, esbosco e trasporto del lotto boschivo nella zona compresa tra Loc. Mandra de Chi De Dea \u2013 Col dei Prai \u2013 Le Buse Basse ed in ogni caso in tutta la zona soprastante e compresa nella Localit\u00e0 Pian de Sabion. E\u2019 disposta nello stesso periodo <a href=\"https:\/\/www.radiopiu.net\/wordpress\/149923-2\/valle-liera-canale-d-agordo-gares-101\/\" rel=\"attachment wp-att-149932\"><img loading=\"lazy\" decoding=\"async\" class=\"wp-image-149932 alignright\" src=\"https:\/\/www.radiopiu.net\/wordpress\/wp-content\/uploads\/2020\/07\/Valle-Liera-Canale-d-Agordo-Gares-101-300x201.jpg\" alt=\"\" width=\"237\" height=\"159\" srcset=\"https:\/\/www.radiopiu.net\/wordpress\/wp-content\/uploads\/2020\/07\/Valle-Liera-Canale-d-Agordo-Gares-101-300x201.jpg 300w, https:\/\/www.radiopiu.net\/wordpress\/wp-content\/uploads\/2020\/07\/Valle-Liera-Canale-d-Agordo-Gares-101.jpg 500w\" sizes=\"auto, (max-width: 237px) 100vw, 237px\" \/><\/a>l\u2019interruzione del tratto della strada silvopastorale Col dei Prai &#8211; Forzela, in dipendenza delle varie fasi di lavorazione e dei vari sentieri che ad essa confluiscono.<\/p>\n<p>Fino al 18 dicembre\u00a0 limitato il traffico sulla strada comunale della Valle di Gares, in particolare nella Loc. Pian de Sabion, nonch\u00e9 sui parcheggi siti nelle vicinanze ed immediate adiacenze, in dipendenza del trasporto del legname e\/o materiali vari nelle localit\u00e0 stesse, in particolare nei piazzali di deposito. Stessa ordinanza ma sabato e domenica esclusi nella zona compresa tra Gares, La Stia ed adiacenze. Interruzione della strada silvo pastorale n. 12 La Stia, in dipendenza delle varie fasi di lavorazione. Nel periodo dei lavori \u00e8 consentito il transito pedonale per la localit\u00e0 malga Stia attraverso il sentiero CAI n. 754. Nello stesso periodo \u00e8 limitato il traffico sulla strada comunale della Valle di Gares, in\u00a0 particolare dalla Loc. Palafachina fino alla Frazione di Gares, nonch\u00e9 sui parcheggi siti nelle vicinanze ed immediate adiacenze, in dipendenza del trasporto del legname e\/o materiali vari nelle localit\u00e0 stesse, in particolare nei piazzali di deposito<\/p>\n<p>&nbsp;<\/p>\n<p>&nbsp;<\/p>\n<hr \/>\n<p>&nbsp;<\/p>\n<blockquote>\n<h3><strong><a href=\"https:\/\/www.radiopiu.net\/wordpress\/agordo-il-mio-paese-litalia-che-vorrei-di-mirko-mezzacasa\/8cea600a-c88b-4d28-8748-e360e4864c44\/\" rel=\"attachment wp-att-144890\"><img loading=\"lazy\" decoding=\"async\" class=\" wp-image-144890 alignleft\" src=\"https:\/\/www.radiopiu.net\/wordpress\/wp-content\/uploads\/2020\/06\/8cea600a-c88b-4d28-8748-e360e4864c44-300x225.jpg\" alt=\"\" width=\"155\" height=\"116\" srcset=\"https:\/\/www.radiopiu.net\/wordpress\/wp-content\/uploads\/2020\/06\/8cea600a-c88b-4d28-8748-e360e4864c44-300x225.jpg 300w, https:\/\/www.radiopiu.net\/wordpress\/wp-content\/uploads\/2020\/06\/8cea600a-c88b-4d28-8748-e360e4864c44-1024x768.jpg 1024w, https:\/\/www.radiopiu.net\/wordpress\/wp-content\/uploads\/2020\/06\/8cea600a-c88b-4d28-8748-e360e4864c44-768x576.jpg 768w, https:\/\/www.radiopiu.net\/wordpress\/wp-content\/uploads\/2020\/06\/8cea600a-c88b-4d28-8748-e360e4864c44-1536x1152.jpg 1536w, https:\/\/www.radiopiu.net\/wordpress\/wp-content\/uploads\/2020\/06\/8cea600a-c88b-4d28-8748-e360e4864c44.jpg 2048w\" sizes=\"auto, (max-width: 155px) 100vw, 155px\" \/><\/a><\/strong>LAVORI DI RIFACIMENTO DEL PONTE SUL TORRENTE CAMPREGANA<\/h3>\n<\/blockquote>\n<p><strong>AGORDO<\/strong> Fino al 16 luglio, per le frazioni Farenzena e Val di Frela deviazioni per la\u00a0 strada silvo-pastorale Farenzena-Don <em>Transito consentito <strong>A SALIRE<\/strong>, da frazione FARENZENA a localita\u0300 DON: dalle 6 alle 7:45, dalle 9 alle 9:45, dalle 11:00 alle 11:45, dalle 13 alle 13:45 &#8211; dalle 15 alle 15:45, dalle 17 alle 17:45, dalle 19 alle 19:45. Transito consentito<strong> A SCENDERE<\/strong>, da localita\u0300 DON a frazione FARENZENA: dalle 8 alle 8:45, dalle 10 alle 10:45, dalle 12 alle 12:45, dalle 14 alle 14:45, dalle 16 alle 16:45, dalle 18 alle 18:45, dalle 20 alle 20:45. Dalle ore 20:45 alle ore 05:45 la circolazione dei veicoli e\u0300 consentita contemporaneamente in entrambi i sensi di marcia.\u00a0\u00a0<\/em><\/p>\n<p>&nbsp;<\/p>\n<hr \/>\n<p>&nbsp;<\/p>\n<blockquote>\n<h3>COPPIA DI ALPINISTI PRECIPITA DALLA TORRE WUNDT, LUI \u00c8 IN GRAVI CONDIZIONI<\/h3>\n<\/blockquote>\n<p><strong>AURONZO\u00a0<\/strong> \u00a0Sono precipitati davanti agli occhi di alcuni testimoni che hanno chiamato il 118,\u00a0 subito hanno intuito la gravit\u00e0 dell&#8217;incidente sulla Torre Wundt, ai Cadini di Misurina. Arrivato sul posto l&#8217;elicottero del Suem di Pieve di Cadore ha individuato una donna seduta in parete, una trentina di metri sotto la cima, e ha sbarcato con un verricello di 30 metri i due tecnici. Appena arrivati dalla donna, una scalatrice statunitense, i soccorritori si sono accorti subito che poco distante, finito in una fessura, si trovava il suo compagno di cordata, apparso subito in gravi condizioni. Sbarcato in parete anche il medico, \u00e8 stato subito caricato in barella P.J.M., 57 anni, del Colorado, trasportato poi a Misurina dove sono proseguiti i trattamenti sanitari urgenti. L&#8217;eliambulanza \u00e8 poi tornata in parete e ha recuperato la barella con la donna, C.L.S., 64 anni, sempre del Colorado. La scalatrice, che aveva riportato un sospetto trauma toracico, \u00e8 stata accompagnata all&#8217;ospedale di Belluno. Il suo compagno, con un grave politrauma, \u00e8 poi stato portato a Treviso. In quel punto sale la Via Mazzorana, ma non si conosce la dinamica dell&#8217;incidente.<\/p>\n\n\t\t\t<style type='text\/css'>\n\t\t\t\t#gallery-2 {\n\t\t\t\t\tmargin: auto;\n\t\t\t\t}\n\t\t\t\t#gallery-2 .gallery-item {\n\t\t\t\t\tfloat: left;\n\t\t\t\t\tmargin-top: 10px;\n\t\t\t\t\ttext-align: center;\n\t\t\t\t\twidth: 50%;\n\t\t\t\t}\n\t\t\t\t#gallery-2 img {\n\t\t\t\t\tborder: 2px solid #cfcfcf;\n\t\t\t\t}\n\t\t\t\t#gallery-2 .gallery-caption {\n\t\t\t\t\tmargin-left: 0;\n\t\t\t\t}\n\t\t\t\t\/* see gallery_shortcode() in wp-includes\/media.php *\/\n\t\t\t<\/style>\n\t\t<div id='gallery-2' class='dt-gallery-container gallery galleryid-220136 gallery-columns-2 gallery-size-medium'><dl class='gallery-item'>\n\t\t\t\t<dt class='gallery-icon portrait'>\n\t\t\t\t\t<a class=\"rollover rollover-zoom dt-pswp-item\" title=\"salt_20210706_195810_979\" data-dt-img-description=\"\" data-large_image_width=\"1773\" data-large_image_height=\"2364\"href='https:\/\/www.radiopiu.net\/wordpress\/wp-content\/uploads\/2021\/07\/salt_20210706_195810_979.jpg'><img loading=\"lazy\" decoding=\"async\" width=\"225\" height=\"300\" src=\"https:\/\/www.radiopiu.net\/wordpress\/wp-content\/uploads\/2021\/07\/salt_20210706_195810_979-225x300.jpg\" class=\"attachment-medium size-medium\" alt=\"\" srcset=\"https:\/\/www.radiopiu.net\/wordpress\/wp-content\/uploads\/2021\/07\/salt_20210706_195810_979-225x300.jpg 225w, https:\/\/www.radiopiu.net\/wordpress\/wp-content\/uploads\/2021\/07\/salt_20210706_195810_979-768x1024.jpg 768w, https:\/\/www.radiopiu.net\/wordpress\/wp-content\/uploads\/2021\/07\/salt_20210706_195810_979-1152x1536.jpg 1152w, https:\/\/www.radiopiu.net\/wordpress\/wp-content\/uploads\/2021\/07\/salt_20210706_195810_979-1536x2048.jpg 1536w, https:\/\/www.radiopiu.net\/wordpress\/wp-content\/uploads\/2021\/07\/salt_20210706_195810_979.jpg 1773w\" sizes=\"auto, (max-width: 225px) 100vw, 225px\" \/><\/a>\n\t\t\t\t<\/dt><\/dl><dl class='gallery-item'>\n\t\t\t\t<dt class='gallery-icon portrait'>\n\t\t\t\t\t<a class=\"rollover rollover-zoom dt-pswp-item\" title=\"salt_20210706_195830_616\" data-dt-img-description=\"\" data-large_image_width=\"1773\" data-large_image_height=\"2364\"href='https:\/\/www.radiopiu.net\/wordpress\/wp-content\/uploads\/2021\/07\/salt_20210706_195830_616.jpg'><img loading=\"lazy\" decoding=\"async\" width=\"225\" height=\"300\" src=\"https:\/\/www.radiopiu.net\/wordpress\/wp-content\/uploads\/2021\/07\/salt_20210706_195830_616-225x300.jpg\" class=\"attachment-medium size-medium\" alt=\"\" srcset=\"https:\/\/www.radiopiu.net\/wordpress\/wp-content\/uploads\/2021\/07\/salt_20210706_195830_616-225x300.jpg 225w, https:\/\/www.radiopiu.net\/wordpress\/wp-content\/uploads\/2021\/07\/salt_20210706_195830_616-768x1024.jpg 768w, https:\/\/www.radiopiu.net\/wordpress\/wp-content\/uploads\/2021\/07\/salt_20210706_195830_616-1152x1536.jpg 1152w, https:\/\/www.radiopiu.net\/wordpress\/wp-content\/uploads\/2021\/07\/salt_20210706_195830_616-1536x2048.jpg 1536w, https:\/\/www.radiopiu.net\/wordpress\/wp-content\/uploads\/2021\/07\/salt_20210706_195830_616.jpg 1773w\" sizes=\"auto, (max-width: 225px) 100vw, 225px\" \/><\/a>\n\t\t\t\t<\/dt><\/dl><br style=\"clear: both\" \/>\n\t\t\t<\/div>\n\n<p>&nbsp;<\/p>\n<p>&nbsp;<\/p>\n<hr \/>\n<blockquote>\n<h3>BAMBINO IN PREDA A DOLORI ADDOMINALI, SOCCORSO SUL PIS PILON<\/h3>\n<\/blockquote>\n<p><strong><img loading=\"lazy\" decoding=\"async\" class=\"alignleft\" src=\"https:\/\/www.radiopiu.net\/wordpress\/wp-content\/uploads\/2021\/07\/it.wikipedia.org_5f2f314ac0f765d0e5e2461dc9616f6b.jpg\" width=\"149\" height=\"112\" \/>BELLUNO\u00a0<\/strong> Ieri\u00a0 mattina attorno alle 9 l&#8217;elicottero del Suem di Pieve di Cadore \u00e8 decollato in direzione del Rifugio Settimo alpini, sul Pis Pilon, nel Gruppo della Schiara, poich\u00e9 da lunedi sera un bambino di 11 anni di Alano di Piave (BL), lamentava dolori addominali. Imbarcato sull&#8217;eliambulanza, \u00e8 stato accompagnato all&#8217;ospedale di Belluno per le verifiche del caso.<\/p>\n<p>&nbsp;<\/p>\n<hr \/>\n<p>&nbsp;<\/p>\n<blockquote>\n<h3>RUZZOLA NEL CANALONE, SULLA MOIAZZA INTERVIENE IL SOCCORSO ALPINO<\/h3>\n<\/blockquote>\n<p><strong><a href=\"https:\/\/www.radiopiu.net\/wordpress\/ruzzola-nel-canalone-sulla-moiazza-interviene-il-soccorso-alpino\/salt_20210706_175749_154-1\/\" rel=\"attachment wp-att-220281\"><img loading=\"lazy\" decoding=\"async\" class=\" wp-image-220281 alignleft\" src=\"https:\/\/www.radiopiu.net\/wordpress\/wp-content\/uploads\/2021\/07\/salt_20210706_175749_154-1-225x300.jpg\" alt=\"\" width=\"161\" height=\"215\" srcset=\"https:\/\/www.radiopiu.net\/wordpress\/wp-content\/uploads\/2021\/07\/salt_20210706_175749_154-1-225x300.jpg 225w, https:\/\/www.radiopiu.net\/wordpress\/wp-content\/uploads\/2021\/07\/salt_20210706_175749_154-1-768x1024.jpg 768w, https:\/\/www.radiopiu.net\/wordpress\/wp-content\/uploads\/2021\/07\/salt_20210706_175749_154-1-1152x1536.jpg 1152w, https:\/\/www.radiopiu.net\/wordpress\/wp-content\/uploads\/2021\/07\/salt_20210706_175749_154-1-1536x2048.jpg 1536w, https:\/\/www.radiopiu.net\/wordpress\/wp-content\/uploads\/2021\/07\/salt_20210706_175749_154-1.jpg 1773w\" sizes=\"auto, (max-width: 161px) 100vw, 161px\" \/><\/a>AGORDO<\/strong> Un escursionista 30enne di Verona si \u00e8 infortunato sotto la cima della Moiazza. Dopo aver completato la Ferrata Costantini, infatti, arrivato in cima alla Moiazza Sud dalle creste delle Masenade,\u00a0 M.Z. voleva rientrare percorrendo la cengia Angelini verso il Bivacco Ghedini e discesa al Rifugio Carestiato. Quando il ragazzo \u00e8 uscito su un tratto che passa per la Ferrata, senza cavo in quel punto, la neve sotto di lui ha ceduto ed \u00e8 ruzzolato una quindicina di metri in un canalone, procurandosi una\u00a0 lussazione della spalla. L&#8217;escursionista \u00e8 riuscito a riposizionarsi l&#8217;arto da solo e a risalire fino alla traccia, dove per\u00f2 si \u00e8 fermato temendo di non riuscire a scendere dopo quanto successo. L&#8217;elicottero Pelikan di Bressanone, cui \u00e8 stato richiesto l&#8217;intervento, ha imbarcato un tecnico di Agordo dal Carestiato e si \u00e8 avvicinato alla parete, in quel momento nascosta dalle nubi basse. Quando si \u00e8 aperto un varco, l&#8217;eliambulanza ha sbarcato con un verricello di 15 metri il soccorritore, una cinquantina di metri sotto l&#8217;infortunato. Risalito dal ragazzo, il tecnico lo ha aiutato a spostarsi in basso in un punto agevole per il recupero, avvenuto issando entrambi con una verricellata. Trasportato al Rifugio Carestiato, l&#8217;escursionista \u00e8 stato accompagnato in jeep alla macchina, con la quale si \u00e8 allontanato in autonomia.<\/p>\n<p>&nbsp;<\/p>\n<p>&nbsp;<\/p>\n<hr \/>\n<p>&nbsp;<\/p>\n<blockquote>\n<h2>ABBANDONA IL SENTIERO, SCIVOLA E SBATTE IL VOLTO A TERRA<\/h2>\n<\/blockquote>\n<p><strong><img loading=\"lazy\" decoding=\"async\" class=\"alignleft\" src=\"https:\/\/www.radiopiu.net\/wordpress\/wp-content\/uploads\/2021\/04\/20210405_163319-scaled.jpg\" width=\"168\" height=\"126\" \/>CORTINA\u00a0<\/strong> Un&#8217;escursionista abbandonato\u00a0 il sentiero 26 diretta in solitaria alla cresta delle Remeda Rosses,\u00a0 \u00e8 caduta sbattendo il viso. La donna, tedesca di 47 anni, \u00e8 stata recuperata dall&#8217;elicottero e trasportata aall&#8217;ospedale di Belluno. Il Soccorso alpino di Auronzo \u00e8 stato poi allertato per una turista francese di 24 anni, colta da malore mentre con altre persone stava scendendo dalla forcella verso il Rifugio Lavaredo. Raggiunta da una squadra del Sagf in jeep, la ragazza \u00e8 stata portata alla macchina con cui si \u00e8 allontanata in autonomia.<\/p>\n<p>&nbsp;<\/p>\n<p>&nbsp;<\/p>\n<hr \/>\n<blockquote>\n<h2><\/h2>\n<h2>MOTOCICLISTA IN OSPEDALE DOPO IL TAMPONAMENTO A TRICHIANA<\/h2>\n<\/blockquote>\n<p><strong><img loading=\"lazy\" decoding=\"async\" class=\"alignleft\" src=\"https:\/\/www.radiopiu.net\/wordpress\/wp-content\/uploads\/2020\/11\/ff410afc-8b0c-46c0-a4de-45a8768c3343.jpg\" width=\"133\" height=\"85\" \/>BORGO VALBELLUNA<\/strong>\u00a0 Motociclista in ospedale dopo l&#8217;incidente lungo la provinciale 1. La Yamaha condotta da M.F.\u00a0 28 anni di Cesiomaggiore \u00e8 finita contro una Opel condotta da M.A.\u00a0 54 anni di Borgo Valbelluna.\u00a0 L&#8217;autovettura era in procinto di superare un mezzo che stava svoltando a destra, di qui la decisione di allargare sulla sinistra. Il motociclista non \u00e8 riuscito a frenare tamponando l&#8217;Opel. Per i rilievi di legge di stanno interessando i Carabinieri.<\/p>\n<p>&nbsp;<\/p>\n\n\t\t\t<style type='text\/css'>\n\t\t\t\t#gallery-3 {\n\t\t\t\t\tmargin: auto;\n\t\t\t\t}\n\t\t\t\t#gallery-3 .gallery-item {\n\t\t\t\t\tfloat: left;\n\t\t\t\t\tmargin-top: 10px;\n\t\t\t\t\ttext-align: center;\n\t\t\t\t\twidth: 33%;\n\t\t\t\t}\n\t\t\t\t#gallery-3 img {\n\t\t\t\t\tborder: 2px solid #cfcfcf;\n\t\t\t\t}\n\t\t\t\t#gallery-3 .gallery-caption {\n\t\t\t\t\tmargin-left: 0;\n\t\t\t\t}\n\t\t\t\t\/* see gallery_shortcode() in wp-includes\/media.php *\/\n\t\t\t<\/style>\n\t\t<div id='gallery-3' class='dt-gallery-container gallery galleryid-220136 gallery-columns-3 gallery-size-thumbnail'><dl class='gallery-item'>\n\t\t\t\t<dt class='gallery-icon landscape'>\n\t\t\t\t\t<a class=\"rollover rollover-zoom dt-pswp-item\" title=\"ea812665-ff65-4894-bcbc-95aeaf746574\" data-dt-img-description=\"\" data-large_image_width=\"1280\" data-large_image_height=\"721\"href='https:\/\/www.radiopiu.net\/wordpress\/wp-content\/uploads\/2021\/07\/ea812665-ff65-4894-bcbc-95aeaf746574.jpg'><img loading=\"lazy\" decoding=\"async\" width=\"150\" height=\"150\" src=\"https:\/\/www.radiopiu.net\/wordpress\/wp-content\/uploads\/2021\/07\/ea812665-ff65-4894-bcbc-95aeaf746574-150x150.jpg\" class=\"attachment-thumbnail size-thumbnail\" alt=\"\" \/><\/a>\n\t\t\t\t<\/dt><\/dl><dl class='gallery-item'>\n\t\t\t\t<dt class='gallery-icon portrait'>\n\t\t\t\t\t<a class=\"rollover rollover-zoom dt-pswp-item\" title=\"a1e8957a-0939-481d-a18b-c07f1b504f62\" data-dt-img-description=\"\" data-large_image_width=\"1200\" data-large_image_height=\"1600\"href='https:\/\/www.radiopiu.net\/wordpress\/wp-content\/uploads\/2021\/07\/a1e8957a-0939-481d-a18b-c07f1b504f62.jpg'><img loading=\"lazy\" decoding=\"async\" width=\"150\" height=\"150\" src=\"https:\/\/www.radiopiu.net\/wordpress\/wp-content\/uploads\/2021\/07\/a1e8957a-0939-481d-a18b-c07f1b504f62-150x150.jpg\" class=\"attachment-thumbnail size-thumbnail\" alt=\"\" \/><\/a>\n\t\t\t\t<\/dt><\/dl><dl class='gallery-item'>\n\t\t\t\t<dt class='gallery-icon portrait'>\n\t\t\t\t\t<a class=\"rollover rollover-zoom dt-pswp-item\" title=\"16716650-3965-4e3d-acff-2f264ef83923\" data-dt-img-description=\"\" data-large_image_width=\"1299\" data-large_image_height=\"1600\"href='https:\/\/www.radiopiu.net\/wordpress\/wp-content\/uploads\/2021\/07\/16716650-3965-4e3d-acff-2f264ef83923.jpg'><img loading=\"lazy\" decoding=\"async\" width=\"150\" height=\"150\" src=\"https:\/\/www.radiopiu.net\/wordpress\/wp-content\/uploads\/2021\/07\/16716650-3965-4e3d-acff-2f264ef83923-150x150.jpg\" class=\"attachment-thumbnail size-thumbnail\" alt=\"\" \/><\/a>\n\t\t\t\t<\/dt><\/dl><br style=\"clear: both\" \/>\n\t\t\t<\/div>\n\n<p>&nbsp;<\/p>\n<hr \/>\n<p>&nbsp;<\/p>\n<blockquote>\n<h3>MOTOCICLISTA\u00a0 PIEGA SUL GIAU E FINISCE SULL&#8217;ASFALTO<\/h3>\n<\/blockquote>\n<p><strong>COLLE SANTA LUCIA<\/strong> Uscita autonoma lungo la 638 di Passi Giau dalla cima verso Cortina. Un motociclista tedesco ha perso il controllo della sua due ruote di grossa cilindrata ed \u00e8 finito a terra. Il sessantenne \u00e8 stato portato\u00a0 in ospedale. Le prime informazioni non lo davano in gravi condizioni.<\/p>\n<p>&nbsp;<\/p>\n<hr \/>\n<p>&nbsp;<\/p>\n<blockquote>\n<h3>COVID IN PROVINCIA: ALTRI 5 POSITIVITA&#8217; NELLE ULTIME 24, 2 RIFERIBILI AL FOCOLAIO DEL FELTRINO<\/h3>\n<\/blockquote>\n<p><strong><a href=\"https:\/\/www.radiopiu.net\/wordpress\/giornale-radiopiu-10-marzo-2020-direttore-mirko-mezzacasa\/covid-ulss\/\" rel=\"attachment wp-att-121260\"><img loading=\"lazy\" decoding=\"async\" class=\"size-medium wp-image-121260 alignleft\" src=\"https:\/\/www.radiopiu.net\/wordpress\/wp-content\/uploads\/2020\/03\/covid-ulss-300x225.jpg\" alt=\"\" width=\"300\" height=\"225\" srcset=\"https:\/\/www.radiopiu.net\/wordpress\/wp-content\/uploads\/2020\/03\/covid-ulss-300x225.jpg 300w, https:\/\/www.radiopiu.net\/wordpress\/wp-content\/uploads\/2020\/03\/covid-ulss-768x576.jpg 768w, https:\/\/www.radiopiu.net\/wordpress\/wp-content\/uploads\/2020\/03\/covid-ulss.jpg 800w\" sizes=\"auto, (max-width: 300px) 100vw, 300px\" \/><\/a>BELLUNO <\/strong>Nelle ultime 24 ore sono state evidenziate 5 nuove positivit\u00e0, di cui due riferibili al focolaio \u201cgiovanile\u201d del Feltrino. Da segnalare, inoltre, il ricovero della paziente disagnostica positiva per variante Delta, con condizione clinica impegnativa. Questa casistica conferma la necessit\u00e0 di una diagnostica precoce, anche a fronte di sintomatologia respiratoria minima o di contatti, anche occasionali, con persone risultate positive. Si ricorda che, per favorire questa diagnostica TUTTI I COVID POINT del territorio eseguo <strong>TAMPONI ad accesso libero<\/strong> nelle seguenti sedi e orari: Covid Point <strong>Belluno-Ospedale<\/strong> (drive-in San Gervasio): tutti i giorni, festivi inclusi, dalle 8.30 alle 12.30. Covid Point <strong>Feltre-Anz\u00f9<\/strong>: dal luned\u00ec al sabato (festivi esclusi), dalle 8.30 alle 12.30. Covid Point <strong>Agordo-Tamonich<\/strong>: marted\u00ec, gioved\u00ec e sabato (festivi esclusi), dalle 9.00 alle 10.00. Covid Point <strong>Tai di Cadore<\/strong>: marted\u00ec, gioved\u00ec e sabato (festivi esclusi), dalle 13.00 alle 15.00<\/p>\n<p>&nbsp;<\/p>\n<p>&nbsp;<\/p>\n<hr \/>\n<p>&nbsp;<\/p>\n<h3 align=\"CENTER\"><strong><a href=\"https:\/\/www.radiopiu.net\/wordpress\/tamponi-in-modalita-drive-in-al-san-martino-di-belluno\/tamponi-drive-in-2\/\" rel=\"attachment wp-att-136984\"><img loading=\"lazy\" decoding=\"async\" class=\"wp-image-136984 alignleft\" src=\"https:\/\/www.radiopiu.net\/wordpress\/wp-content\/uploads\/2020\/05\/tamponi-drive-in-1-225x300.jpg\" sizes=\"auto, (max-width: 164px) 100vw, 164px\" srcset=\"https:\/\/www.radiopiu.net\/wordpress\/wp-content\/uploads\/2020\/05\/tamponi-drive-in-1-225x300.jpg 225w, https:\/\/www.radiopiu.net\/wordpress\/wp-content\/uploads\/2020\/05\/tamponi-drive-in-1-768x1023.jpg 768w, https:\/\/www.radiopiu.net\/wordpress\/wp-content\/uploads\/2020\/05\/tamponi-drive-in-1-1153x1536.jpg 1153w, https:\/\/www.radiopiu.net\/wordpress\/wp-content\/uploads\/2020\/05\/tamponi-drive-in-1.jpg 1200w\" alt=\"\" width=\"147\" height=\"197\" \/><\/a><\/strong><\/h3>\n<p><strong>BELLUNO<\/strong>\u00a0 I cittadini (anche non residenti in provincia) potranno accedere ai 4 covid point del territorio per l\u2019esecuzione del tampone antigenico rapido gratuitamente senza prescrizione e senza prenotazione; rimane necessaria la prescrizione per l\u2019esecuzione del tampone molecolare. Presso il Centro Vaccinale di Sedico, sar\u00e0 offerta, dalle 14 alle 19, a tutti i soggetti vaccinati l\u2019esecuzione del tampone per la ricerca del virus Sars-Cov2. Gli orari dei covid point dell\u2019Ulss Dolomiti: Covid Point Belluno-Ospedale (drive-in San Gervasio): tutti i giorni, festivi inclusi, dalle 8.30 alle 12.30 Covid Point Feltre-Anz\u00f9: dal luned\u00ec al sabato (festivi esclusi), dalle 8.30 alle 12.30 Covid Point Agordo-Tamonich: marted\u00ec, gioved\u00ec e sabato (festivi esclusi), dalle 9.00 alle 10.00 Covid Point Tai di Cadore: marted\u00ec, gioved\u00ec e sabato (festivi esclusi), dalle 13.00 alle 15.00<\/p>\n<p>&nbsp;<\/p>\n<hr \/>\n<p>&nbsp;<\/p>\n<p><span style=\"color: #ff0000;\"><strong>OGGI SUL CORRIERE DELLE ALPI <\/strong><\/span><\/p>\n<blockquote><p><em>Tre settimane dopo la prima i carabinieri sono tornati in piazzetta Bivio e avrebbero sequestrato dell&#8217;altro materiale Seconda perquisizione alla ricerca di droga<\/em><\/p>\n<p><strong>DI GIGI SOSSO<\/strong><\/p><\/blockquote>\n<div class=\"articlePlainText\"><strong>PONTE NELLE ALPI<\/strong> Seconda perquisizione antidroga in piazzetta Bivio. Nel corso delle indagini su Marco Palummo, per l&#8217;ipotesi di reato di detenzione ai fini di spaccio di sostanze stupefacenti, i carabinieri della Compagnia di Belluno e quelli del Nucleo cinofili sono tornati ieri mattina a Ponte nelle Alpi, sul luogo del sequestro di due chili di hashish e marijuana. Fra le strette maglie investigative, trapela che ce ne sarebbe stato un altro, che per\u00f2 non \u00e8 stato precisato. Materiale interessante scovato da Corina, un esemplare femmina con un naso straordinario&#8230;<\/div>\n<p>&nbsp;<\/p>\n<p>&nbsp;<\/p>\n<p>&nbsp;<\/p>\n<hr \/>\n<p>&nbsp;<\/p>\n<blockquote>\n<h3>SCALE MOBILI PER NON VEDENTI. PER LA SECONDA VOLTA PAGANO COMUNE E BELLUNUM E MANCA ANCORA LA CASSAZIONE<\/h3>\n<\/blockquote>\n<p><strong><img decoding=\"async\" class=\"alignleft\" src=\"https:\/\/www.radiopiu.net\/wordpress\/wp-content\/uploads\/2021\/07\/download.jpg\" \/>BELLUNO<\/strong> Senza dubbio poich\u00e9 la matematica \u00e8 tale il sindaco di Belluno Jacopo Massaro \u00e8 sindaco gradito, come appreso dalle cronache degli ultimi giorni. Non figura per\u00f2 tra i primi posti della graduatoria dei non vedenti, coloro che per muoversi, anche sulle scale mobili, devono affidarsi al cane guida. Oltre alle antipatie collettive di coloro che chiedono &#8220;diritti&#8221; il sindaco che in Comune comanda,\u00a0 incassa un&#8217;altra condanna, la seconda. Dopo il Tribunale di Belluno presenta il conto quello di Treviso al quale si \u00e8 rivolta Alessandra Bragagnolo difesa dall&#8217;avvocato Chiara Frare; essendo residente proprio nel Trevigiano.\u00a0 Anche lei era nel gruppo di disabili visivi alle scale mobili di\u00a0 Lambii. Dal tribunale trevigiano la conferma\u00a0 di atti discriminatori per disabilit\u00e0 compiuti verso un gruppo di non vedenti.,\u00a0 Il Tribunale di Belluno\u00a0 in primo grado aveva rigettato il ricorso dei non vedenti che ottennero soddisfazione in Appello,. Ma non \u00e8 finita c&#8217;\u00e8 ancora la Corte di Cassazione. Intanto da Treviso il conto: condanna per il Comune di Belluno e Bellunum a\u00a0 risarcire ciascuno di 500 euro, oltre al pagamento delle spese processuali sostenute dalla Bragagnolo, pari a 5,534 euro e alla pubblicazione a spese del Comune su di un giornale a tiratura nazionale, tra quelli di maggior diffusione nel territorio di pertinenza, del provvedimento.<\/p>\n<p>&nbsp;<\/p>\n<p><strong>LA VICENDA, ARCHIVIO RADIO PIU. MAGGIO 2020<\/strong><\/p>\n<p>&nbsp;<\/p>\n<blockquote class=\"wp-embedded-content\" data-secret=\"PDDFocggn7\"><p><a href=\"https:\/\/www.radiopiu.net\/wordpress\/il-giorno-dellappello-si-ai-cani-guida-anche-sulle-scale-mobili-di-lambioi\/\">IL GIORNO DELL&#8217;APPELLO: SI AI CANI GUIDA ANCHE SULLE SCALE MOBILI DI LAMBIOI<\/a><\/p><\/blockquote>\n<p><iframe loading=\"lazy\" class=\"wp-embedded-content\" sandbox=\"allow-scripts\" security=\"restricted\" style=\"position: absolute; clip: rect(1px, 1px, 1px, 1px);\" title=\"&#8220;IL GIORNO DELL&#8217;APPELLO: SI AI CANI GUIDA ANCHE SULLE SCALE MOBILI DI LAMBIOI&#8221; &#8212; Radio Pi\u00f9\" src=\"https:\/\/www.radiopiu.net\/wordpress\/il-giorno-dellappello-si-ai-cani-guida-anche-sulle-scale-mobili-di-lambioi\/embed\/#?secret=PDDFocggn7\" data-secret=\"PDDFocggn7\" width=\"600\" height=\"338\" frameborder=\"0\" marginwidth=\"0\" marginheight=\"0\" scrolling=\"no\"><\/iframe><\/p>\n<p>&nbsp;<\/p>\n<p>&nbsp;<\/p>\n<hr \/>\n<p>&nbsp;<\/p>\n<blockquote class=\"wp-embedded-content\" data-secret=\"ArV8cYXM5i\"><p><a href=\"https:\/\/www.radiopiu.net\/wordpress\/aggiornamentolug05\/\">CORONAVIRUS: AGGIORNAMENTO NAZIONALE 06 LUGLIO  2021<\/a><\/p><\/blockquote>\n<p><iframe loading=\"lazy\" class=\"wp-embedded-content\" sandbox=\"allow-scripts\" security=\"restricted\" style=\"position: absolute; clip: rect(1px, 1px, 1px, 1px);\" title=\"&#8220;CORONAVIRUS: AGGIORNAMENTO NAZIONALE 06 LUGLIO  2021&#8221; &#8212; Radio Pi\u00f9\" src=\"https:\/\/www.radiopiu.net\/wordpress\/aggiornamentolug05\/embed\/#?secret=ArV8cYXM5i\" data-secret=\"ArV8cYXM5i\" width=\"600\" height=\"338\" frameborder=\"0\" marginwidth=\"0\" marginheight=\"0\" scrolling=\"no\"><\/iframe><\/p>\n<p>&nbsp;<\/p>\n<blockquote class=\"wp-embedded-content\" data-secret=\"JxoTb08lLM\"><p><a href=\"https:\/\/www.radiopiu.net\/wordpress\/in-24-ore-97-nuovi-positivi-in-veneto-ricoveri-in-lieve-calo-e-nessun-decesso\/\">IN 24 ORE 97 NUOVI POSITIVI IN VENETO. RICOVERI IN LIEVE CALO E NESSUN DECESSO<\/a><\/p><\/blockquote>\n<p><iframe loading=\"lazy\" class=\"wp-embedded-content\" sandbox=\"allow-scripts\" security=\"restricted\" style=\"position: absolute; clip: rect(1px, 1px, 1px, 1px);\" title=\"&#8220;IN 24 ORE 97 NUOVI POSITIVI IN VENETO. RICOVERI IN LIEVE CALO E NESSUN DECESSO&#8221; &#8212; Radio Pi\u00f9\" src=\"https:\/\/www.radiopiu.net\/wordpress\/in-24-ore-97-nuovi-positivi-in-veneto-ricoveri-in-lieve-calo-e-nessun-decesso\/embed\/#?secret=JxoTb08lLM\" data-secret=\"JxoTb08lLM\" width=\"600\" height=\"338\" frameborder=\"0\" marginwidth=\"0\" marginheight=\"0\" scrolling=\"no\"><\/iframe><\/p>\n<p>&nbsp;<\/p>\n<blockquote>\n<h2>I GRAFICI DI TIZIANO DE COL<\/h2>\n<\/blockquote>\n\n\t\t\t<style type='text\/css'>\n\t\t\t\t#gallery-4 {\n\t\t\t\t\tmargin: auto;\n\t\t\t\t}\n\t\t\t\t#gallery-4 .gallery-item {\n\t\t\t\t\tfloat: left;\n\t\t\t\t\tmargin-top: 10px;\n\t\t\t\t\ttext-align: center;\n\t\t\t\t\twidth: 20%;\n\t\t\t\t}\n\t\t\t\t#gallery-4 img {\n\t\t\t\t\tborder: 2px solid #cfcfcf;\n\t\t\t\t}\n\t\t\t\t#gallery-4 .gallery-caption {\n\t\t\t\t\tmargin-left: 0;\n\t\t\t\t}\n\t\t\t\t\/* see gallery_shortcode() in wp-includes\/media.php *\/\n\t\t\t<\/style>\n\t\t<div id='gallery-4' class='dt-gallery-container gallery galleryid-220136 gallery-columns-5 gallery-size-thumbnail'><dl class='gallery-item'>\n\t\t\t\t<dt class='gallery-icon landscape'>\n\t\t\t\t\t<a class=\"rollover rollover-zoom dt-pswp-item\" title=\"287417b9-3466-4ee2-890f-d83c337eabaa\" data-dt-img-description=\"\" data-large_image_width=\"586\" data-large_image_height=\"353\"href='https:\/\/www.radiopiu.net\/wordpress\/wp-content\/uploads\/2021\/07\/287417b9-3466-4ee2-890f-d83c337eabaa.jpg'><img loading=\"lazy\" decoding=\"async\" width=\"150\" height=\"150\" src=\"https:\/\/www.radiopiu.net\/wordpress\/wp-content\/uploads\/2021\/07\/287417b9-3466-4ee2-890f-d83c337eabaa-150x150.jpg\" class=\"attachment-thumbnail size-thumbnail\" alt=\"\" \/><\/a>\n\t\t\t\t<\/dt><\/dl><dl class='gallery-item'>\n\t\t\t\t<dt class='gallery-icon landscape'>\n\t\t\t\t\t<a class=\"rollover rollover-zoom dt-pswp-item\" title=\"c51265f1-4bbc-4099-959d-75afd3ebf3b4\" data-dt-img-description=\"\" data-large_image_width=\"602\" data-large_image_height=\"351\"href='https:\/\/www.radiopiu.net\/wordpress\/wp-content\/uploads\/2021\/07\/c51265f1-4bbc-4099-959d-75afd3ebf3b4.jpg'><img loading=\"lazy\" decoding=\"async\" width=\"150\" height=\"150\" src=\"https:\/\/www.radiopiu.net\/wordpress\/wp-content\/uploads\/2021\/07\/c51265f1-4bbc-4099-959d-75afd3ebf3b4-150x150.jpg\" class=\"attachment-thumbnail size-thumbnail\" alt=\"\" \/><\/a>\n\t\t\t\t<\/dt><\/dl><dl class='gallery-item'>\n\t\t\t\t<dt class='gallery-icon landscape'>\n\t\t\t\t\t<a class=\"rollover rollover-zoom dt-pswp-item\" title=\"ea759c41-eaef-45e9-8320-96ef40f26776\" data-dt-img-description=\"\" data-large_image_width=\"596\" data-large_image_height=\"354\"href='https:\/\/www.radiopiu.net\/wordpress\/wp-content\/uploads\/2021\/07\/ea759c41-eaef-45e9-8320-96ef40f26776.jpg'><img loading=\"lazy\" decoding=\"async\" width=\"150\" height=\"150\" src=\"https:\/\/www.radiopiu.net\/wordpress\/wp-content\/uploads\/2021\/07\/ea759c41-eaef-45e9-8320-96ef40f26776-150x150.jpg\" class=\"attachment-thumbnail size-thumbnail\" alt=\"\" \/><\/a>\n\t\t\t\t<\/dt><\/dl><dl class='gallery-item'>\n\t\t\t\t<dt class='gallery-icon landscape'>\n\t\t\t\t\t<a class=\"rollover rollover-zoom dt-pswp-item\" title=\"95f59242-c9bd-48ec-b765-42f701ada6c1\" data-dt-img-description=\"\" data-large_image_width=\"612\" data-large_image_height=\"368\"href='https:\/\/www.radiopiu.net\/wordpress\/wp-content\/uploads\/2021\/07\/95f59242-c9bd-48ec-b765-42f701ada6c1.jpg'><img loading=\"lazy\" decoding=\"async\" width=\"150\" height=\"150\" src=\"https:\/\/www.radiopiu.net\/wordpress\/wp-content\/uploads\/2021\/07\/95f59242-c9bd-48ec-b765-42f701ada6c1-150x150.jpg\" class=\"attachment-thumbnail size-thumbnail\" alt=\"\" \/><\/a>\n\t\t\t\t<\/dt><\/dl><dl class='gallery-item'>\n\t\t\t\t<dt class='gallery-icon landscape'>\n\t\t\t\t\t<a class=\"rollover rollover-zoom dt-pswp-item\" title=\"b3d03c3e-d00b-4d08-b282-a043e8ef33cd\" data-dt-img-description=\"\" data-large_image_width=\"608\" data-large_image_height=\"353\"href='https:\/\/www.radiopiu.net\/wordpress\/wp-content\/uploads\/2021\/07\/b3d03c3e-d00b-4d08-b282-a043e8ef33cd.jpg'><img loading=\"lazy\" decoding=\"async\" width=\"150\" height=\"150\" src=\"https:\/\/www.radiopiu.net\/wordpress\/wp-content\/uploads\/2021\/07\/b3d03c3e-d00b-4d08-b282-a043e8ef33cd-150x150.jpg\" class=\"attachment-thumbnail size-thumbnail\" alt=\"\" \/><\/a>\n\t\t\t\t<\/dt><\/dl><br style=\"clear: both\" \/>\n\t\t\t<\/div>\n\n<p>&nbsp;<\/p>\n<hr \/>\n<p>&nbsp;<\/p>\n<p>&nbsp;<\/p>\n<blockquote>\n<h3>AGGIORNAMENTO VACCINAZIONE IN PROVINCIA DI BELLUNO<\/h3>\n<\/blockquote>\n<blockquote>\n<h1 align=\"LEFT\"><span style=\"font-family: Calibri, serif;\">Ad oggi, le dosi somministrate in Ulss Dolomiti sono oltre 193 mila<\/span><\/h1>\n<\/blockquote>\n<table border=\"1\" width=\"655\" rules=\"GROUPS\" cellspacing=\"0\" cellpadding=\"5\">\n<colgroup>\n<col width=\"73\" \/>\n<col width=\"59\" \/> <\/colgroup>\n<colgroup>\n<col width=\"75\" \/> <\/colgroup>\n<colgroup>\n<col width=\"71\" \/> <\/colgroup>\n<colgroup>\n<col width=\"77\" \/> <\/colgroup>\n<colgroup>\n<col width=\"75\" \/> <\/colgroup>\n<colgroup>\n<col width=\"67\" \/> <\/colgroup>\n<colgroup>\n<col width=\"76\" \/> <\/colgroup>\n<tbody>\n<tr valign=\"BOTTOM\">\n<td width=\"73\" height=\"50\"><span style=\"color: #000000;\">et\u00e0<\/span><\/td>\n<td bgcolor=\"#00b0f0\" width=\"59\"><span style=\"color: #000000;\">popolazione ISTAT<\/span><\/td>\n<td bgcolor=\"#00b0f0\" width=\"75\"><span style=\"color: #000000;\"> 1 dose<\/span><\/td>\n<td bgcolor=\"#00b0f0\" width=\"71\"><span style=\"color: #000000;\">% copertura 1 dose<\/span><\/td>\n<td bgcolor=\"#00b0f0\" width=\"77\"><span style=\"color: #000000;\">cicli completi<\/span><\/td>\n<td bgcolor=\"#00b0f0\" width=\"75\"><span style=\"color: #000000;\">%copertura cicli completi<\/span><\/td>\n<td bgcolor=\"#00b0f0\" width=\"67\"><span style=\"color: #000000;\">ancora da vaccinare<\/span><\/td>\n<td bgcolor=\"#00b0f0\" width=\"76\"><span style=\"color: #000000;\">% ancora da vaccinare<\/span><\/td>\n<\/tr>\n<tr valign=\"BOTTOM\">\n<td width=\"73\" height=\"10\"><span style=\"color: #000000;\">12-19 anni<\/span><\/td>\n<td width=\"59\">\n<p align=\"RIGHT\"><span style=\"color: #000000;\">14.207<\/span><\/p>\n<\/td>\n<td width=\"75\">\n<p align=\"RIGHT\"><span style=\"color: #000000;\"><span style=\"font-size: medium;\"><span lang=\"it-IT\">2129<\/span><\/span><\/span><\/p>\n<\/td>\n<td width=\"71\">\n<p align=\"RIGHT\"><span style=\"color: #000000;\"><span style=\"font-size: small;\"><span lang=\"it-IT\">15,0%<\/span><\/span><\/span><\/p>\n<\/td>\n<td width=\"77\">\n<p align=\"RIGHT\"><span style=\"color: #000000;\"><span style=\"font-size: small;\"><span lang=\"it-IT\">384<\/span><\/span><\/span><\/p>\n<\/td>\n<td width=\"75\">\n<p align=\"RIGHT\"><span style=\"color: #000000;\"><span style=\"font-size: medium;\"><span lang=\"it-IT\">2,7<\/span><\/span><\/span><span style=\"color: #000000;\">%<\/span><\/p>\n<\/td>\n<td width=\"67\">\n<p align=\"RIGHT\"><span style=\"color: #000000;\"><span style=\"font-size: small;\"><span lang=\"it-IT\">11.694<\/span><\/span><\/span><\/p>\n<\/td>\n<td width=\"76\">\n<p align=\"RIGHT\"><span style=\"color: #000000;\"><span style=\"font-size: medium;\"><span lang=\"it-IT\">82,3%<\/span><\/span><\/span><\/p>\n<\/td>\n<\/tr>\n<\/tbody>\n<tbody>\n<tr valign=\"BOTTOM\">\n<td width=\"73\" height=\"10\"><span style=\"color: #000000;\">20-29 anni<\/span><\/td>\n<td width=\"59\">\n<p align=\"RIGHT\"><span style=\"color: #000000;\"><span style=\"font-size: medium;\"><span lang=\"it-IT\">18.949<\/span><\/span><\/span><\/p>\n<\/td>\n<td width=\"75\">\n<p align=\"RIGHT\"><span style=\"color: #000000;\"><span style=\"font-size: small;\"><span lang=\"it-IT\">4070<\/span><\/span><\/span><\/p>\n<\/td>\n<td width=\"71\">\n<p align=\"RIGHT\"><span style=\"color: #000000;\"><span style=\"font-size: small;\"><span lang=\"it-IT\">21,5%<\/span><\/span><\/span><\/p>\n<\/td>\n<td width=\"77\">\n<p align=\"RIGHT\"><span style=\"color: #000000;\"><span style=\"font-size: small;\"><span lang=\"it-IT\">2870<\/span><\/span><\/span><\/p>\n<\/td>\n<td width=\"75\">\n<p align=\"RIGHT\"><span style=\"color: #000000;\"><span style=\"font-size: medium;\"><span lang=\"it-IT\">15,1%<\/span><\/span><\/span><\/p>\n<\/td>\n<td width=\"67\">\n<p align=\"RIGHT\"><span style=\"color: #000000;\"><span style=\"font-size: small;\"><span lang=\"it-IT\">12.009<\/span><\/span><\/span><\/p>\n<\/td>\n<td width=\"76\">\n<p align=\"RIGHT\"><span style=\"color: #000000;\"><span style=\"font-size: medium;\"><span lang=\"it-IT\">63,4%<\/span><\/span><\/span><\/p>\n<\/td>\n<\/tr>\n<\/tbody>\n<tbody>\n<tr valign=\"BOTTOM\">\n<td width=\"73\" height=\"10\"><span style=\"color: #000000;\">30-39 anni<\/span><\/td>\n<td width=\"59\">\n<p align=\"RIGHT\"><span style=\"color: #000000;\">19.848<\/span><\/p>\n<\/td>\n<td width=\"75\">\n<p align=\"RIGHT\"><span style=\"color: #000000;\"><span style=\"font-size: small;\"><span lang=\"it-IT\">4143<\/span><\/span><\/span><\/p>\n<\/td>\n<td width=\"71\">\n<p align=\"RIGHT\"><span style=\"color: #000000;\"><span style=\"font-size: medium;\"><span lang=\"it-IT\">20,9%<\/span><\/span><\/span><\/p>\n<\/td>\n<td width=\"77\">\n<p align=\"RIGHT\"><span style=\"color: #000000;\"><span style=\"font-size: small;\"><span lang=\"it-IT\">3472<\/span><\/span><\/span><\/p>\n<\/td>\n<td width=\"75\">\n<p align=\"RIGHT\"><span style=\"color: #000000;\"><span style=\"font-size: medium;\"><span lang=\"it-IT\">17,5%<\/span><\/span><\/span><\/p>\n<\/td>\n<td width=\"67\">\n<p align=\"RIGHT\"><span style=\"color: #000000;\"><span style=\"font-size: small;\"><span lang=\"it-IT\">12.233<\/span><\/span><\/span><\/p>\n<\/td>\n<td width=\"76\">\n<p align=\"RIGHT\"><span style=\"color: #000000;\"><span style=\"font-size: medium;\"><span lang=\"it-IT\">61,6%<\/span><\/span><\/span><\/p>\n<\/td>\n<\/tr>\n<\/tbody>\n<tbody>\n<tr valign=\"BOTTOM\">\n<td width=\"73\" height=\"10\"><span style=\"color: #000000;\"><span style=\"font-size: medium;\"><span lang=\"it-IT\">40-49 anni<\/span><\/span><\/span><\/td>\n<td width=\"59\">\n<p align=\"RIGHT\"><span style=\"color: #000000;\">27.492<\/span><\/p>\n<\/td>\n<td width=\"75\">\n<p align=\"RIGHT\"><span style=\"color: #000000;\"><span style=\"font-size: small;\"><span lang=\"it-IT\">9629<\/span><\/span><\/span><\/p>\n<\/td>\n<td width=\"71\">\n<p align=\"RIGHT\"><span style=\"color: #000000;\"><span style=\"font-size: medium;\"><span lang=\"it-IT\">35<\/span><\/span><\/span><span style=\"color: #000000;\">%<\/span><\/p>\n<\/td>\n<td width=\"77\">\n<p align=\"RIGHT\"><span style=\"color: #000000;\"><span style=\"font-size: small;\"><span lang=\"it-IT\">6770<\/span><\/span><\/span><\/p>\n<\/td>\n<td width=\"75\">\n<p align=\"RIGHT\"><span style=\"color: #000000;\">24,6%<\/span><\/p>\n<\/td>\n<td width=\"67\">\n<p align=\"RIGHT\"><span style=\"color: #000000;\"><span style=\"font-size: small;\"><span lang=\"it-IT\">11.093<\/span><\/span><\/span><\/p>\n<\/td>\n<td width=\"76\">\n<p align=\"RIGHT\"><span style=\"color: #000000;\"><span style=\"font-size: medium;\"><span lang=\"it-IT\">40,3<\/span><\/span><\/span><span style=\"color: #000000;\">%<\/span><\/p>\n<\/td>\n<\/tr>\n<\/tbody>\n<tbody>\n<tr valign=\"BOTTOM\">\n<td width=\"73\" height=\"10\"><span style=\"color: #000000;\">50-59 anni<\/span><\/td>\n<td width=\"59\">\n<p align=\"RIGHT\"><span style=\"color: #000000;\">33.218<\/span><\/p>\n<\/td>\n<td width=\"75\">\n<p align=\"RIGHT\"><span style=\"color: #000000;\"><span style=\"font-size: small;\"><span lang=\"it-IT\">5883<\/span><\/span><\/span><\/p>\n<\/td>\n<td width=\"71\">\n<p align=\"RIGHT\">17,7%<\/p>\n<\/td>\n<td width=\"77\">\n<p align=\"RIGHT\">17726<\/p>\n<\/td>\n<td width=\"75\">\n<p align=\"RIGHT\">53,4%<\/p>\n<\/td>\n<td width=\"67\">\n<p align=\"RIGHT\"><span style=\"color: #000000;\"><span style=\"font-size: small;\"><span lang=\"it-IT\">9.609<\/span><\/span><\/span><\/p>\n<\/td>\n<td width=\"76\">\n<p align=\"RIGHT\">28,9%<\/p>\n<\/td>\n<\/tr>\n<\/tbody>\n<tbody>\n<tr valign=\"BOTTOM\">\n<td width=\"73\" height=\"10\"><span style=\"color: #000000;\">over <\/span><span style=\"color: #000000;\"><span style=\"font-size: medium;\"><span lang=\"it-IT\">60<\/span><\/span><\/span><\/td>\n<td width=\"59\">\n<p align=\"RIGHT\"><span style=\"color: #000000;\">68.678<\/span><\/p>\n<\/td>\n<td width=\"75\">\n<p align=\"RIGHT\"><span style=\"color: #000000;\"><span style=\"font-size: small;\"><span lang=\"it-IT\">6657<\/span><\/span><\/span><\/p>\n<\/td>\n<td width=\"71\">\n<p align=\"RIGHT\"><span style=\"color: #000000;\">9,7%<\/span><\/p>\n<\/td>\n<td width=\"77\">\n<p align=\"RIGHT\"><span style=\"color: #000000;\"><span style=\"font-size: medium;\"><span lang=\"it-IT\">53.035<\/span><\/span><\/span><\/p>\n<\/td>\n<td width=\"75\">\n<p align=\"RIGHT\"><span style=\"color: #000000;\">77,2%<\/span><\/p>\n<\/td>\n<td width=\"67\">\n<p align=\"RIGHT\"><span style=\"color: #000000;\"><span style=\"font-size: small;\"><span lang=\"it-IT\">8.986<\/span><\/span><\/span><\/p>\n<\/td>\n<td width=\"76\">\n<p align=\"RIGHT\"><span style=\"color: #000000;\">13,0%<\/span><\/p>\n<\/td>\n<\/tr>\n<\/tbody>\n<tbody>\n<tr valign=\"BOTTOM\">\n<td width=\"73\" height=\"9\"><span style=\"color: #000000;\">TOTALE<\/span><\/td>\n<td width=\"59\">\n<p align=\"RIGHT\"><span style=\"color: #000000;\">182.392<\/span><\/p>\n<\/td>\n<td width=\"75\">\n<p align=\"RIGHT\"><span style=\"color: #000000;\"><span style=\"font-size: small;\"><span lang=\"it-IT\">32.511<\/span><\/span><\/span><\/p>\n<\/td>\n<td width=\"71\">\n<p align=\"RIGHT\">17,8<\/p>\n<\/td>\n<td width=\"77\">\n<p align=\"RIGHT\"><span style=\"color: #000000;\"><span style=\"font-size: medium;\"><span lang=\"it-IT\">84257<\/span><\/span><\/span><\/p>\n<\/td>\n<td width=\"75\">\n<p align=\"RIGHT\">46,2%<\/p>\n<\/td>\n<td width=\"67\">\n<p align=\"RIGHT\"><span style=\"color: #000000;\"><span style=\"font-size: small;\"><span lang=\"it-IT\">65.624<\/span><\/span><\/span><\/p>\n<\/td>\n<td width=\"76\">\n<p align=\"RIGHT\">36,0%<\/p>\n<\/td>\n<\/tr>\n<\/tbody>\n<\/table>\n<p align=\"LEFT\"><span style=\"font-family: Calibri, serif;\">Le persone gi\u00e0 prenotate per la vaccinazione sono circa 9 mila. <\/span><span style=\"font-family: Calibri, serif;\">Dopo le lettere invito inviate agli over 60, <\/span><span style=\"color: #00000a;\"><span style=\"font-family: Calibri, serif;\"><span style=\"font-size: medium;\"><span lang=\"it-IT\">sono in corso gli invii degli <\/span><\/span><\/span><\/span><span style=\"font-family: Calibri, serif;\"><b>SMS <\/b><\/span><span style=\"font-family: Calibri, serif;\">, per la vaccinazione in Centri vaccinali vicini alla residenza, <\/span><span style=\"font-family: Calibri, serif;\"><b>ai cittadini tra 40 e 59 anni<\/b><\/span><span style=\"font-family: Calibri, serif;\"> (iniziando con i 59enni e scendendo con l\u2019et\u00e0). <\/span><span style=\"font-family: Calibri, serif;\">A queste persone <\/span><span style=\"font-family: Calibri, serif;\">sar\u00e0 eseguito un vaccino a mRNA <\/span><span style=\"font-family: Calibri, serif;\"><b>(Pfizer o Moderna). <\/b><\/span><span style=\"font-family: Calibri, serif;\">Inoltre, sono sempre aperti a portale <\/span><span style=\"font-family: Calibri, serif;\"><b>nuovi posti prenotabili <\/b><\/span><span style=\"font-family: Calibri, serif;\">per tutte le fasce d\u2019et\u00e0 e tutti i punti vaccinali.<\/span><\/p>\n<p>&nbsp;<\/p>\n<hr \/>\n<p>&nbsp;<\/p>\n<p>&nbsp;<\/p>\n<blockquote>\n<h3>UN PRESIDIO OSPEDALIERO CON L&#8217;AUSER &#8220;IL NARCISO&#8221;<\/h3>\n<\/blockquote>\n<p><strong><a href=\"https:\/\/www.radiopiu.net\/wordpress\/giornale-radiopiu-07-luglio-2021-direttore-mirko-mezzacasa\/256px-lentiai\/\" rel=\"attachment wp-att-220315\"><img loading=\"lazy\" decoding=\"async\" class=\" wp-image-220315 alignleft\" src=\"https:\/\/www.radiopiu.net\/wordpress\/wp-content\/uploads\/2021\/07\/256px-Lentiai.jpg\" alt=\"\" width=\"169\" height=\"127\" \/><\/a>LENTIAI\u00a0<\/strong><\/p>\n<p><strong>di DAMIANO TORMEN\u00a0<\/strong><\/p>\n<audio class=\"wp-audio-shortcode\" id=\"audio-220136-1\" preload=\"none\" style=\"width: 100%;\" controls=\"controls\"><source type=\"audio\/mpeg\" src=\"https:\/\/www.radiopiu.net\/wordpress\/wp-content\/uploads\/2021\/07\/damiano.mp3?_=1\" \/><a href=\"https:\/\/www.radiopiu.net\/wordpress\/wp-content\/uploads\/2021\/07\/damiano.mp3\">https:\/\/www.radiopiu.net\/wordpress\/wp-content\/uploads\/2021\/07\/damiano.mp3<\/a><\/audio>\n<p>&nbsp;<\/p>\n<p>&nbsp;<\/p>\n<hr \/>\n<p>&nbsp;<\/p>\n<blockquote>\n<h3>GRUPPO ASSISTENZA VOLONTARIA: CHE NUMERI!<\/h3>\n<\/blockquote>\n<p>&nbsp;<\/p>\n<p><strong><a href=\"https:\/\/www.radiopiu.net\/wordpress\/il-resoconto-dellassemblea-del-gav\/attachment\/0\/\" rel=\"attachment wp-att-219796\"><img loading=\"lazy\" decoding=\"async\" class=\"size-medium wp-image-219796 alignleft\" src=\"https:\/\/www.radiopiu.net\/wordpress\/wp-content\/uploads\/2021\/07\/0-2-300x223.jpg\" alt=\"\" width=\"300\" height=\"223\" srcset=\"https:\/\/www.radiopiu.net\/wordpress\/wp-content\/uploads\/2021\/07\/0-2-300x223.jpg 300w, https:\/\/www.radiopiu.net\/wordpress\/wp-content\/uploads\/2021\/07\/0-2-1024x761.jpg 1024w, https:\/\/www.radiopiu.net\/wordpress\/wp-content\/uploads\/2021\/07\/0-2-768x571.jpg 768w, https:\/\/www.radiopiu.net\/wordpress\/wp-content\/uploads\/2021\/07\/0-2.jpg 1476w\" sizes=\"auto, (max-width: 300px) 100vw, 300px\" \/><\/a>AGORDO<\/strong><\/p>\n<p>di Gianni Santomaso<\/p>\n<audio class=\"wp-audio-shortcode\" id=\"audio-220136-2\" preload=\"none\" style=\"width: 100%;\" controls=\"controls\"><source type=\"audio\/mpeg\" src=\"https:\/\/www.radiopiu.net\/wordpress\/wp-content\/uploads\/2021\/07\/GIANNI-ASSEMBLEA-GAV.mp3?_=2\" \/><a href=\"https:\/\/www.radiopiu.net\/wordpress\/wp-content\/uploads\/2021\/07\/GIANNI-ASSEMBLEA-GAV.mp3\">https:\/\/www.radiopiu.net\/wordpress\/wp-content\/uploads\/2021\/07\/GIANNI-ASSEMBLEA-GAV.mp3<\/a><\/audio>\n<p>&nbsp;<\/p>\n<p>&nbsp;<\/p>\n<p>&nbsp;<\/p>\n<p>&nbsp;<\/p>\n<hr \/>\n<blockquote>\n<h3><\/h3>\n<h3>IL NUOVO ANNO SCOLASTICO INIZIA IL 13 SETTEMBRE<\/h3>\n<\/blockquote>\n<p><strong><a href=\"https:\/\/www.radiopiu.net\/wordpress\/alle-12-30-la-conferenza-stampa-del-presidente-zaia-ultime-notizie-sullepidemia-in-veneto-ancora-in-zona-gialla\/zaia-44\/\" rel=\"attachment wp-att-172638\"><img loading=\"lazy\" decoding=\"async\" class=\"size-medium wp-image-172638 alignleft\" src=\"https:\/\/www.radiopiu.net\/wordpress\/wp-content\/uploads\/2020\/11\/zaia-300x165.png\" alt=\"\" width=\"300\" height=\"165\" srcset=\"https:\/\/www.radiopiu.net\/wordpress\/wp-content\/uploads\/2020\/11\/zaia-300x165.png 300w, https:\/\/www.radiopiu.net\/wordpress\/wp-content\/uploads\/2020\/11\/zaia-1024x564.png 1024w, https:\/\/www.radiopiu.net\/wordpress\/wp-content\/uploads\/2020\/11\/zaia-768x423.png 768w, https:\/\/www.radiopiu.net\/wordpress\/wp-content\/uploads\/2020\/11\/zaia.png 1430w\" sizes=\"auto, (max-width: 300px) 100vw, 300px\" \/><\/a>VENEZIA\u00a0<\/strong>Durante la conferenza stampa da Marghera, il Presidente del Veneto Luca Zaia ha ufficializzato la data d&#8217;inizio dell&#8217;anno scolastico 2021-2022. La data \u00e8 il 13 settembre.<\/p>\n<p><strong>DALLA CONFERENZA STAMPA DI LUCA ZAIA<\/strong><\/p>\n<audio class=\"wp-audio-shortcode\" id=\"audio-220136-3\" preload=\"none\" style=\"width: 100%;\" controls=\"controls\"><source type=\"audio\/mpeg\" src=\"https:\/\/www.radiopiu.net\/wordpress\/wp-content\/uploads\/2021\/07\/ZAIA-INIZIO-SCUOLA.mp3?_=3\" \/><a href=\"https:\/\/www.radiopiu.net\/wordpress\/wp-content\/uploads\/2021\/07\/ZAIA-INIZIO-SCUOLA.mp3\">https:\/\/www.radiopiu.net\/wordpress\/wp-content\/uploads\/2021\/07\/ZAIA-INIZIO-SCUOLA.mp3<\/a><\/audio>\n<p>&nbsp;<\/p>\n<hr \/>\n<p>&nbsp;<\/p>\n<blockquote>\n<h3>AGGIORNAMENTO CALENDARIO SCOLASTICO. IN VENETO SCUOLE PRIMARIE E SECONDARIE AL VIA DAL 13 SETTEMBRE<\/h3>\n<\/blockquote>\n<p><strong>VENEZIA\u00a0<\/strong> \u00a0Se il calendario originario approvato il 16 giugno scorso dalla giunta regionale prevedeva un avvio differenziato (il 13 giugno per le primarie e le secondarie di primo grado, il 16 settembre per le secondarie di secondo grado), l\u2019aggiornamento prevede come data unica di apertura delle scuole il 13 settembre con possibilit\u00e0 per i servizi per l\u2019infanzia di iniziare il 1 settembre. <em>\u201cLa scelta \u00e8 stata quella di allineare l\u2019inizio del nuovo anno scolastico al 13 settembre \u2013 spiega l\u2019Assessore regionale all\u2019istruzione Elena Donazzan -. Gli istituti di ogni ordine e grado avranno inizio in quella data. Fanno eccezione le scuole dell\u2019infanzia, servizi che poggiano largamente sui servizi alle famiglie e in Veneto sulle scuole paritarie, che potranno iniziare gi\u00e0 dal 1 settembre\u201d. <\/em>La scelta, che modifica in parte la delibera che fissava un avvio differenziato delle scuole superiori, \u00e8 frutto di una riflessione nata da una serie di indicazioni e segnalazioni giunte da pi\u00f9 parti. Per quanto concerne le istanze del mondo del turismo, il calendario conferma la possibilit\u00e0 di vacanze natalizie prolungate (dal 24 dicembre al 10 gennaio) e la chiusura del prossimo anno scolastico fissata all\u20198 giugno 2022.\u00a0<em>\u201cLa nostra attenzione verso il mondo dell\u2019economia del turismo continua ad essere massima \u2013 conclude Elena Donazzan -. Le vacanze prolungate nel periodo natalizio offriranno un\u2019occasione in pi\u00f9 al sistema turistico montano che da due stagioni \u00e8 in sofferenza, mentre aver fissato la chiusura delle scuole all\u20198 giugno significa dare occasione alle famiglie di programmare e prenotare le vacanze gi\u00e0 dal mese di giugno\u201d.\u00a0\u00a0<\/em><\/p>\n<p>&nbsp;<\/p>\n<hr \/>\n<blockquote>\n<h3><\/h3>\n<h3>IL PD: &#8220;DIETROFRONT DI ZAIA, BASTA ANNUNCI ESTEMPORANEI&#8221;<\/h3>\n<\/blockquote>\n<p><strong>VENEZIA<\/strong> <em>\u201cAbbiamo appreso della retromarcia di Zaia sulla riapertura ritardata delle scuole: \u00e8 una buona notizia, ci permettiamo per\u00f2 di suggerirgli una maggiore cautela quando fa annunci estemporanei a reti unificate, perch\u00e9 crea comprensibili difficolt\u00e0 alle famiglie anche se dichiara di non aver letto di alcuna protesta, probabilmente unico in tutto il Veneto. In tre giorni la data di inizio per le superiori, di fatto, \u00e8 cambiata tre volte\u201d<\/em>. \u00c8 quanto affermano i consiglieri regionali del Partito Democratico. <em>\u201cUn\u2019inversione a 180 gradi. Immaginiamo che questa ipotesi fosse sul tavolo gi\u00e0 ieri: sarebbe stato sufficiente non fare annunci, comunicando oggi questa piccola modifica, per non far scoppiare alcun caso\u201d.<\/em><\/p>\n<p><span style=\"font-size: large;\">capogruppo del Partito Democratico Giacomo Possamai<\/span><\/p>\n<div style=\"width: 848px;\" class=\"wp-video\"><video class=\"wp-video-shortcode\" id=\"video-220136-1\" width=\"848\" height=\"480\" preload=\"metadata\" controls=\"controls\"><source type=\"video\/mp4\" src=\"https:\/\/www.radiopiu.net\/wordpress\/wp-content\/uploads\/2021\/07\/possamai-su-calendario-scolastico.mp4?_=1\" \/><a href=\"https:\/\/www.radiopiu.net\/wordpress\/wp-content\/uploads\/2021\/07\/possamai-su-calendario-scolastico.mp4\">https:\/\/www.radiopiu.net\/wordpress\/wp-content\/uploads\/2021\/07\/possamai-su-calendario-scolastico.mp4<\/a><\/video><\/div>\n<p>&nbsp;<\/p>\n<hr \/>\n<p>&nbsp;<\/p>\n<p>&nbsp;<\/p>\n<h2>LEGGI LA CONFERENZA STAMPA DI LUCA ZAIA, aggiornamento in tempo reale<\/h2>\n<p>Abbiamo un&#8217;indicazione di fare circa 7500 tamponi al giorno, noi ne facciamo 25mila e vogliamo crescere ancora di pi\u00f9 con un grazie a chi si mette a disposizione per farli, cio\u00e8 mette a disposizione il suo naso. Ma non ci sono pi\u00f9 quelli invasivi, alcune Ulss fanno il tampone salivare-molecolare cioe&#8217; un lecca-lecca. Vaccini: oltre, 4.5 milioni di dosi inocultate.<\/p>\n<p><strong>SCUOLA ABBIAMO ASCOLTATO TUTTI GLI APPELLI SI TORNA IN CLASSE IL 13 SETTEMBRE\u00a0<\/strong><\/p>\n<p>Abbiamo ascoltato tutti anche gli operatori del mondo balneare. Abbiamo lavorato sulla data del 20 settembre ma abbiamo dovuto rivederlo, avevamo pensato al 13 settembre per elementari e medie e il 16 per le superiori. Abbiamo visto che il 16 non e&#8217; sostenibile, il 20 crea disagi oggettivo perch\u00e9 per una settimana non ci sono i doposcuola e crea problemi ai genitori quindi:\u00a0<strong>INIZIO PER TUTTI\u00a0 IL 13 SETTEMBRE FINO ALL&#8217;8 GIUGNO, SCUOLE INFANZIA APRONO IL 13 FINO AL 30 GIUGNO. Vacanze natalizie dal 24 dicembre a sabato 8 gennaio con rientro a scuola il 10 gennaio.\u00a0\u00a0<\/strong><\/p>\n<blockquote><p><span style=\"color: #ff0000;\">LA DOTTORESSA FRANCESCA RUSSO<\/span><\/p><\/blockquote>\n<p><strong>VARIANTE DELTA<\/strong><\/p>\n<p>Ci preoccupa la variante Delta perch\u00e9 \u00e8 molto contagiosa,\u00a0 siamo in una fase di scarsa diffusione del virus, ma dobbiamo ugualmente monitorare la diffusione dei contagi. Quando individuiamo un contagiato con questa variante, circoscriviamo i contatti del soggetto e vengono messi in quarantena. Una volta usciti dalla quarantena offriamo loro la vaccinazione. Estendiamo inoltre la vaccinazione a tutte le persone che gravitano attorno alla persona contagiata, anche oltre i contatti diretti. Offriamo la somministrazione del vaccino a chi abita nello stesso palazzo, ma anche a chi vive nella stessa via, nel medesimo paese se piccolo o nello stesso distretto. Vaccinazioni che vengono effettuate sul luogo. Massima attenzione\u00a0 per gli ultrasessantenni.<\/p>\n<p>&nbsp;<\/p>\n<p><a href=\"https:\/\/www.facebook.com\/zaiaufficiale\/videos\/3027819410874504\">https:\/\/www.facebook.com\/zaiaufficiale\/videos\/3027819410874504<\/a><\/p>\n<p>&nbsp;<\/p>\n<hr \/>\n<blockquote>\n<h3><\/h3>\n<h3>BELLUNO Oggi alle 11.30 nel cortile dell&#8217;istituto Calvi (a Mier, via Concetto Marchesi) saranno inaugurati i nuovi moduli prefabbricati realizzati dalla Provincia, che saranno disposizione della scuola e dell&#8217;istituto Renier. Saranno presenti: &#8211; il presidente della Provincia, Roberto Padrin &#8211; la consigliera delegata all&#8217;edilizia scolastica, Serenella Bogana &#8211; i dirigenti scolastici delle due scuole<br \/>\nL&#8217;istituto Renier &#8211; indirizzo liceo musicale &#8211; proporr\u00e0 anche un brevissimo saggio dei suoi allievi.<\/h3>\n<h3><\/h3>\n<\/blockquote>\n<p>&nbsp;<\/p>\n<hr \/>\n<h3>LA PROVINCIA VARA UNA MANOVRA A FAVORE DELLE ESIGENZE DEL TERRITORIO<\/h3>\n<p><strong><a href=\"https:\/\/www.radiopiu.net\/wordpress\/premiati-i-nuovi-cavalieri-della-repubblica-elogi-al-personale-sanitario\/6bda7d20-2bca-46b1-9c47-7864eeb8da9e\/\" rel=\"attachment wp-att-213612\"><img loading=\"lazy\" decoding=\"async\" class=\" wp-image-213612 alignleft\" src=\"https:\/\/www.radiopiu.net\/wordpress\/wp-content\/uploads\/2021\/06\/6bda7d20-2bca-46b1-9c47-7864eeb8da9e-300x169.jpg\" alt=\"\" width=\"250\" height=\"141\" srcset=\"https:\/\/www.radiopiu.net\/wordpress\/wp-content\/uploads\/2021\/06\/6bda7d20-2bca-46b1-9c47-7864eeb8da9e-300x169.jpg 300w, https:\/\/www.radiopiu.net\/wordpress\/wp-content\/uploads\/2021\/06\/6bda7d20-2bca-46b1-9c47-7864eeb8da9e-1024x576.jpg 1024w, https:\/\/www.radiopiu.net\/wordpress\/wp-content\/uploads\/2021\/06\/6bda7d20-2bca-46b1-9c47-7864eeb8da9e-768x432.jpg 768w, https:\/\/www.radiopiu.net\/wordpress\/wp-content\/uploads\/2021\/06\/6bda7d20-2bca-46b1-9c47-7864eeb8da9e-1536x864.jpg 1536w, https:\/\/www.radiopiu.net\/wordpress\/wp-content\/uploads\/2021\/06\/6bda7d20-2bca-46b1-9c47-7864eeb8da9e.jpg 1920w\" sizes=\"auto, (max-width: 250px) 100vw, 250px\" \/><\/a>BELLUNO<\/strong> Il consiglio provinciale ha deliberato il terzo provvedimento di variazione al bilancio di previsione 2021-2023:\u00a0 5,2 milioni di euro (parte dell\u2019avanzo di amministrazione) a Comuni e Unioni Montane per interventi di messa in sicurezza e alle somme urgenze del settore difesa del suolo, che dopo Vaia continua a richiedere attenzione. Per gli interventi in materia di difesa del suolo sono stati destinati 4,3 milioni, a cui si aggiungono 450mila euro al Comune di Seren del Grappa per interventi di regimazione delle acque in Val di Seren, 35mila euro per opere di difesa della strada comunale di Schievenin e 35mila euro al Comune di Cesiomaggiore per realizzare il parcheggio del museo di Seravella.\u00a0A completare la manovra, 100mila euro per interventi al centro ittico di Tomo, 150mila euro per lavori di ordinaria manutenzione degli istituti scolastici, e 139mila euro per l\u2019implementazione delle dotazioni dei veicoli del trasporto pubblico locale. Il presidente Padrin esprime l\u2019auspicio che <em>\u00abla Regione Veneto sblocchi la possibilit\u00e0 di assunzione di nuovo personale <\/em><em>\u00a0a valere sulle risorse del demanio idrico. Sarebbe un segnale di vicinanza alle esigenze del territorio\u00bb.\u00a0\u00a0<\/em><\/p>\n<p>&nbsp;<\/p>\n<hr \/>\n<blockquote>\n<h3><\/h3>\n<h3>PIANO FAUNISTICO, ZANONI DEL PD &#8220;FINALMENTE I CITTADINI POTRANNO CHIEDERE IL DIVIETO DI CACCIA NEI PROPRI TERRENI&#8221;.<\/h3>\n<\/blockquote>\n<p><strong>VENEZIA<\/strong> <em>\u201cMeglio tardi che mai. Dopo otto proroghe \u00e8 pronto il nuovo Piano faunistico venatorio e finalmente torna il diritto per i cittadini di chiedere il divieto di caccia all\u2019interno dei loro fondi. La tempistica per la discussione in Commissione e in Consiglio non \u00e8 il massimo, ma dar\u00f2 battaglia in aula affinch\u00e9 questo diritto, negato dal 2012, venga garantito\u201d.<\/em> \u00c8 la \u2018promessa\u2019 di Andrea Zanoni, consigliere regionale del Partito Democratico, sul nuovo piano.\u00a0 <em>&#8220;Adesso potremo sanare questa anomalia e tornare a una situazione di normalit\u00e0, ma occorre fare in fretta ed essere vigili. \u00c8 un diritto che si pu\u00f2 far valere soltanto durante un limitatissimo arco temporale, i 30 giorni successivi dalla pubblicazione del Piano sul Bur, il Bollettino della Regione. Il periodo, in piena estate, complica per\u00f2 le cose: non sar\u00e0 semplice per i cittadini trovare un tecnico che firmi la pratica cos\u00ec come previsto dalla normativa veneta&#8221;.\u00a0<\/em><\/p>\n<p>&nbsp;<\/p>\n<hr \/>\n<p>&nbsp;<\/p>\n<p>&nbsp;<\/p>\n<blockquote>\n<h2 style=\"text-align: left;\" align=\"CENTER\"><b>Approvato il progetto per il trasferimento degli ambulatori veterinari <\/b><\/h2>\n<\/blockquote>\n<p align=\"LEFT\"><strong>BELLUNO<\/strong> E\u2019 stato approvato il progetto di fattibilit\u00e0 dei lavori propedeutici al trasferimento degli ambulatori dei servizi veterinari del feltrino dalla sede di Borgo Ruga alla sede di Via Marconi a Feltre, in locali ubicati al piano terra e precedentemente utilizzati come depositi e archivi, per l\u2019importo stimato di circa 252 mila euro. La nuova sede degli ambulatori veterinari del feltrino, da realizzarsi attraverso la ristrutturazione del piano terra di Via Marconi, avr\u00e0 a disposizione una sala d\u2019attesa, 2 ambulatori, servizi igienici e una sala interventi. Il servizio sar\u00e0 collocato al piano terra nella zona est dell\u2019edificio, sar\u00e0 facilmente accessibile dall\u2019utenza esterna senza creare interferenza con le altre attivit\u00e0 presenti nella struttura. I lavori prevedono demolizione pareti divisorie interne non strutturali, demolizione impianti esistenti, nuove partizioni, nuova distribuzione impianti, posa pavimenti, nuovi serramenti interni ed esterni, nuovi controsoffitti, pitture e accessori di finitura, oltre al rifacimento degli Impianti elettrico, idraulico, riscaldamneto, antincendio, telefonia, trasmissione dati. Gli spazi per i servizi veterinari, quindi, saranno resi sicuri accoglienti e funzionali.<\/p>\n<p>&nbsp;<\/p>\n<p>&nbsp;<\/p>\n<hr \/>\n<p>&nbsp;<\/p>\n<p>&nbsp;<\/p>\n<blockquote>\n<h3><a href=\"https:\/\/www.radiopiu.net\/wordpress\/giornale-radio-piu-21-febbraio-2019-direttore-mirko-mezzacasa\/corpo-forestale-sito-tondo-300x296-156988_210x210\/\" rel=\"attachment wp-att-77147\"><img loading=\"lazy\" decoding=\"async\" class=\"wp-image-77147 alignleft\" src=\"https:\/\/www.radiopiu.net\/wordpress\/wp-content\/uploads\/2019\/02\/corpo-forestale-sito-tondo-300x296-156988_210x210.png\" alt=\"\" width=\"141\" height=\"141\" srcset=\"https:\/\/www.radiopiu.net\/wordpress\/wp-content\/uploads\/2019\/02\/corpo-forestale-sito-tondo-300x296-156988_210x210.png 210w, https:\/\/www.radiopiu.net\/wordpress\/wp-content\/uploads\/2019\/02\/corpo-forestale-sito-tondo-300x296-156988_210x210-150x150.png 150w\" sizes=\"auto, (max-width: 141px) 100vw, 141px\" \/><\/a>APPROVATA LA MOZIONE PER LA RICOSTITUZIONE DEL CORPO FORESTALE<\/h3>\n<\/blockquote>\n<p><strong>ROMA<\/strong> Approvata dal consiglio regionale la mozione presentata dal gruppo consiliare di Fratelli d&#8217;Italia, primo firmatario il capogruppo Raffaele Speranzon, che richiede l&#8217;impegno della Giunta regionale del Veneto a sostenere la necessit\u00e0 di ricostituire un Corpo di polizia forestale e ambientale dello Stato. Fondamentale per Speranzon tutelare i cittadini e la sicurezza forestale, ambientale e agroalimentare.<em> &#8220;Spiace -commenta Speranzon &#8211;\u00a0 che su un tema cos\u00ec sentito si sia registrata la spaccatura del Partito democratico, con due voti a favore, un astenuto e il voto contrario della consigliera Vanessa Camani, segno di mancanza di unit\u00e0 e di visione comune per il territorio\u201d<\/em><\/p>\n<p>&nbsp;<\/p>\n<p>&nbsp;<\/p>\n<p>&nbsp;<\/p>\n<hr \/>\n<p>&nbsp;<\/p>\n<blockquote>\n<h3>ACC: PD E CGIL CHIEDONO L&#8217;INTERVENTO DI VENETO SVILUPPO<\/h3>\n<\/blockquote>\n<p><strong><a href=\"https:\/\/www.radiopiu.net\/wordpress\/acc-mel-lopinione-di-stefano-bona-fiom-cigl\/acc-mel-2\/\" rel=\"attachment wp-att-217731\"><img loading=\"lazy\" decoding=\"async\" class=\"size-medium wp-image-217731 alignleft\" src=\"https:\/\/www.radiopiu.net\/wordpress\/wp-content\/uploads\/2021\/06\/ACC-MEL-300x171.png\" alt=\"\" width=\"300\" height=\"171\" srcset=\"https:\/\/www.radiopiu.net\/wordpress\/wp-content\/uploads\/2021\/06\/ACC-MEL-300x171.png 300w, https:\/\/www.radiopiu.net\/wordpress\/wp-content\/uploads\/2021\/06\/ACC-MEL-1024x585.png 1024w, https:\/\/www.radiopiu.net\/wordpress\/wp-content\/uploads\/2021\/06\/ACC-MEL-768x439.png 768w, https:\/\/www.radiopiu.net\/wordpress\/wp-content\/uploads\/2021\/06\/ACC-MEL.png 1376w\" sizes=\"auto, (max-width: 300px) 100vw, 300px\" \/><\/a>BELLUNO <\/strong>Una delegazione della Cgil di Belluno ha incontrato la segretaria provinciale del Partito democratico, Monica Lotto per uno scambio di vedute sulle principali crisi aziendali del territorio e per individuare punti di comune interesse sui temi nazionali e che riguardano la gestione del PNRR\u00a0 sui temi del \u201clavoro\u201d, soprattutto nelle sue articolazioni locali. Si \u00e8 condivisa la preoccupazione sulla crisi della ACC di Borgo Valbelluna: il Ministero dello Sviluppo Economico e la Regione Veneto non stanno fornendo alcuna informazione \u2018Sulla vicenda \u00e8 calata una cappa di silenzio impenetrabile e preoccupante\u2019. I timori della Camera del Lavoro sulla possibile mancanza di interesse a salvare l\u2019azienda e salvaguardare i lavoratori sono stati condivisi dalla segretaria.<\/p>\n<p>&nbsp;<\/p>\n<blockquote><p><strong>di Stefano Bona Cgil Belluno\u00a0<\/strong><\/p>\n<p><a href=\"https:\/\/www.radiopiu.net\/wordpress\/giornale-radiopiu-07-luglio-2021-direttore-mirko-mezzacasa\/pp-75\/\" rel=\"attachment wp-att-220312\"><img loading=\"lazy\" decoding=\"async\" class=\"wp-image-220312 alignleft\" src=\"https:\/\/www.radiopiu.net\/wordpress\/wp-content\/uploads\/2021\/07\/pp-1-300x300.jpg\" alt=\"\" width=\"147\" height=\"147\" srcset=\"https:\/\/www.radiopiu.net\/wordpress\/wp-content\/uploads\/2021\/07\/pp-1-300x300.jpg 300w, https:\/\/www.radiopiu.net\/wordpress\/wp-content\/uploads\/2021\/07\/pp-1-150x150.jpg 150w, https:\/\/www.radiopiu.net\/wordpress\/wp-content\/uploads\/2021\/07\/pp-1.jpg 640w\" sizes=\"auto, (max-width: 147px) 100vw, 147px\" \/><\/a>Nell&#8217;incontro\u00a0 tra il commissario straordinario, le rsu di stabilimento e le organizzazioni sindacali territoriali abbiamo avuto l&#8217;ennesima riprova della straordinaria vitalit\u00e0 industriale di Acc,\u00a0 pur in un quadro di grande incertezza sul futuro e in mancanza di aiuti economici, che mancano, giova ricordarlo da oltre un anno, il primo semestre conferma l&#8217;andamento positivo: produzione oltre 900 mila pezzi + 14,3% sullo stesso periodo 2020 e + 0,6 sul triennio 2018-20 vendite + 28,3% su primo trimestre 2020 e + 8,2% su 18\/20 fatturato + 31,5% su stesso periodo 2020 e + 12,7% su 18\/20 il tutto in presenza della autoriduzione dei volumi imposta dalla mancanza di liquidit\u00e0. A dimostrazione ulteriore che la produzione di oltre 2 milioni di pezzi nel 2020 era previsione raggiungibile in presenza degli aiuti previsti dalla legislazione! Per il mese di luglio la produzione si attester\u00e0 su 114 mila pezzi e le previsioni su Agosto danno circa 80 mila pezzi da produrre! Il mercato e lo diciamo in favore di coloro i quali lo considerano unico elemento derimente per le attivit\u00e0 economiche e non il tanto vituperato intervento pubblico riconosce e premia Acc a dimostrazione delle grandi potenzialit\u00e0 di rilancio nel quadro Europeo e internazionale. In tutto questo resta grave ed inspiegabile il silenzio e l&#8217;inerzia del ministero dello sviluppo economico e del suo titolare a pi\u00f9 di 20 giorni dall&#8217;annuncio del varo del DM art.37 DL rilancio del testo attuativo non vi \u00e8 traccia alcuna. Le lavoratrici e i lavoratori della &#8220;Republica operaia di Mel&#8221; continuano instancabili a svolgere il loro ruolo per la difesa e la promozione delle fabbriche Italiane, cuore pulsante della nostra economia ad altri ora spetta riconoscerli e sostenerli, noi siamo qui tutti ad aspettarli.<\/p><\/blockquote>\n<p>&nbsp;<\/p>\n<p>&nbsp;<\/p>\n<hr \/>\n<p>&nbsp;<\/p>\n<p>&nbsp;<\/p>\n<blockquote>\n<h3>L&#8217;ASSESSORE PERALE INCONTRA IL PRESIDENTE E IL DIRETTORE\u00a0 DEL CONSERVATORIO<\/h3>\n<p><em><a href=\"https:\/\/www.radiopiu.net\/wordpress\/giornale-radiopiu-07-luglio-2021-direttore-mirko-mezzacasa\/conservatorio-diffuso-bl-tv-5\/\" rel=\"attachment wp-att-220241\"><img loading=\"lazy\" decoding=\"async\" class=\"size-medium wp-image-220241 alignleft\" src=\"https:\/\/www.radiopiu.net\/wordpress\/wp-content\/uploads\/2021\/07\/Conservatorio-Diffuso-BL-TV-5-300x200.jpg\" alt=\"\" width=\"300\" height=\"200\" srcset=\"https:\/\/www.radiopiu.net\/wordpress\/wp-content\/uploads\/2021\/07\/Conservatorio-Diffuso-BL-TV-5-300x200.jpg 300w, https:\/\/www.radiopiu.net\/wordpress\/wp-content\/uploads\/2021\/07\/Conservatorio-Diffuso-BL-TV-5-1024x683.jpg 1024w, https:\/\/www.radiopiu.net\/wordpress\/wp-content\/uploads\/2021\/07\/Conservatorio-Diffuso-BL-TV-5-768x512.jpg 768w, https:\/\/www.radiopiu.net\/wordpress\/wp-content\/uploads\/2021\/07\/Conservatorio-Diffuso-BL-TV-5-1536x1024.jpg 1536w, https:\/\/www.radiopiu.net\/wordpress\/wp-content\/uploads\/2021\/07\/Conservatorio-Diffuso-BL-TV-5-2048x1365.jpg 2048w\" sizes=\"auto, (max-width: 300px) 100vw, 300px\" \/><\/a>\u00abVerso il Conservatorio diffuso Belluno-Treviso\u00bb<\/em><\/p><\/blockquote>\n<p><strong>BELLUNO\u00a0<\/strong> Incontro di presentazione ufficiale in Sala Giunta a Palazzo Rosso tra l\u2019assessore alla Cultura del Comune di Belluno, Marco Perale, e il nuovo Presidente del Conservatorio di Musica di Castelfranco Veneto \u201cAgostino Steffani\u201d, Nicola Claudio. Sul tavolo, il futuro della collaborazione con la scuola musicale bellunese e l\u2019avvio di una progetto a cui gli enti lavorano da tempo.\u00a0 Si \u00e8 parlato naturalmente anche di produzione artistica, di due concerti a Palazzo Fulcis in agosto, e della realizzazione di un\u2019opera in vista delle celebrazioni per i 50 anni dalla morte di Dino Buzzati (1906-1972) con l\u2019obiettivo di rappresentarla a livello nazionale.<\/p>\n<p>&nbsp;<\/p>\n<p><strong>IL DIRETTORE DEL CONSERVATORIO STEFANO CANAZZA<\/strong><\/p>\n<audio class=\"wp-audio-shortcode\" id=\"audio-220136-4\" preload=\"none\" style=\"width: 100%;\" controls=\"controls\"><source type=\"audio\/mpeg\" src=\"https:\/\/www.radiopiu.net\/wordpress\/wp-content\/uploads\/2021\/07\/Stefano-Canazza-Direttore-Conservatorio-Steffani-Conservatorio-Diffuso-Bl-TV.mp3?_=4\" \/><a href=\"https:\/\/www.radiopiu.net\/wordpress\/wp-content\/uploads\/2021\/07\/Stefano-Canazza-Direttore-Conservatorio-Steffani-Conservatorio-Diffuso-Bl-TV.mp3\">https:\/\/www.radiopiu.net\/wordpress\/wp-content\/uploads\/2021\/07\/Stefano-Canazza-Direttore-Conservatorio-Steffani-Conservatorio-Diffuso-Bl-TV.mp3<\/a><\/audio>\n<p>&nbsp;<\/p>\n<p><strong>IL PRESIDENTE DEL CONSERVATORIO NICOLA CLAUDIO<\/strong><\/p>\n<audio class=\"wp-audio-shortcode\" id=\"audio-220136-5\" preload=\"none\" style=\"width: 100%;\" controls=\"controls\"><source type=\"audio\/mpeg\" src=\"https:\/\/www.radiopiu.net\/wordpress\/wp-content\/uploads\/2021\/07\/Nicola-Claudio-Presidente-Conservatorio-Steffani-Conservatorio-Diffuso-BL-TV.mp3?_=5\" \/><a href=\"https:\/\/www.radiopiu.net\/wordpress\/wp-content\/uploads\/2021\/07\/Nicola-Claudio-Presidente-Conservatorio-Steffani-Conservatorio-Diffuso-BL-TV.mp3\">https:\/\/www.radiopiu.net\/wordpress\/wp-content\/uploads\/2021\/07\/Nicola-Claudio-Presidente-Conservatorio-Steffani-Conservatorio-Diffuso-BL-TV.mp3<\/a><\/audio>\n<p>&nbsp;<\/p>\n<p><strong>L&#8217;ASSESSORE MARCO PERALE<\/strong><\/p>\n<audio class=\"wp-audio-shortcode\" id=\"audio-220136-6\" preload=\"none\" style=\"width: 100%;\" controls=\"controls\"><source type=\"audio\/mpeg\" src=\"https:\/\/www.radiopiu.net\/wordpress\/wp-content\/uploads\/2021\/07\/Marco-Perale-Ass.-Cultura-Comune-di-Belluno-Conservatorio-Diffuso-BL-TV.mp3?_=6\" \/><a href=\"https:\/\/www.radiopiu.net\/wordpress\/wp-content\/uploads\/2021\/07\/Marco-Perale-Ass.-Cultura-Comune-di-Belluno-Conservatorio-Diffuso-BL-TV.mp3\">https:\/\/www.radiopiu.net\/wordpress\/wp-content\/uploads\/2021\/07\/Marco-Perale-Ass.-Cultura-Comune-di-Belluno-Conservatorio-Diffuso-BL-TV.mp3<\/a><\/audio>\n<p>&nbsp;<\/p>\n<hr \/>\n<p>&nbsp;<\/p>\n<h2><span style=\"color: #ff0000;\">DILLO A RADIO PIU&#8217;\u00a0<\/span><\/h2>\n<blockquote>\n<h3>LE PAGELLE AI GOVERNATORI E SINDACI<\/h3>\n<\/blockquote>\n<p><strong>di Franco Piacentini_Feltre<\/strong><\/p>\n<p>\u201cLe pagelle ai Governatori e ai Sindaci\u201d<\/p>\n<blockquote><p>Informare sul gradimento dei presidenti regionali e dei sindaci, \u00e8 un\u2019interessante opportunit\u00e0 per comprendere la valutazione dei cittadini nei confronti di coloro che democraticamente sono stati eletti, per governare con imparzialit\u00e0 politica e per scrupolosamente finalizzare le risorse finanziarie pubbliche al bene delle comunit\u00e0 locali. Quindi, sostanzialmente, nessuna particolare obiezione sulle classifiche, sulle pagelle, ai governatori e ai sindaci, in quanto rilevazioni statistiche effettuate da professionisti. Comunque, i punteggi dai sondaggi effettuati, che determinano le graduatorie, molto probabilmente, sono stati condizionati dalla visibilit\u00e0 (in alcuni casi quotidiana) sui mass-media di alcuni governatori e di alcuni sindaci. Personalmente interpreto che chi non ha la propensione alla costante strumentale presenza (propagandistica) televisiva e\/o giornalistica, anche se \u00e8 un buon amministratore pubblico, nella classifica del consenso viene penalizzato. Volgendo l\u2019attenzione alla realt\u00e0 della nostra regione, rivolgo le seguenti domande ai sondaggisti delle pagelle ai politici: \u201cper determinare le classifiche dei governatori e dei sindaci, avete interpellato le persone che quotidianamente sono ai margini della societ\u00e0 per povert\u00e0, per disoccupazione, per disabilit\u00e0, per sfratto e per non autosufficienza ?\u201d\u00a0 \u201cAvete rilevato l\u2019opinione delle famiglie che, di tasca propria, sono obbligate a sobbarcarsi dai mille ai duemila euro mensili per la compartecipazione ai costi delle rette per l\u2019ospitalit\u00e0 dei loro cari, con patologie invalidanti, nei centri servizi sociosanitari o assistenziali ?\u201d Due quesiti (ovviamente non solo questi) che se fossero stati utilizzati, quasi certamente, molto diversi sarebbero stati i punteggi di gradimento per i governatori e per i sindaci.<\/p><\/blockquote>\n<p>&nbsp;<\/p>\n<hr \/>\n<blockquote>\n<h3><\/h3>\n<h3>CASERMA GIOPPI DI ARABBA&#8230; LA DISTRUZIONE CONTINUA<\/h3>\n<\/blockquote>\n\n\t\t\t<style type='text\/css'>\n\t\t\t\t#gallery-5 {\n\t\t\t\t\tmargin: auto;\n\t\t\t\t}\n\t\t\t\t#gallery-5 .gallery-item {\n\t\t\t\t\tfloat: left;\n\t\t\t\t\tmargin-top: 10px;\n\t\t\t\t\ttext-align: center;\n\t\t\t\t\twidth: 25%;\n\t\t\t\t}\n\t\t\t\t#gallery-5 img {\n\t\t\t\t\tborder: 2px solid #cfcfcf;\n\t\t\t\t}\n\t\t\t\t#gallery-5 .gallery-caption {\n\t\t\t\t\tmargin-left: 0;\n\t\t\t\t}\n\t\t\t\t\/* see gallery_shortcode() in wp-includes\/media.php *\/\n\t\t\t<\/style>\n\t\t<div id='gallery-5' class='dt-gallery-container gallery galleryid-220136 gallery-columns-4 gallery-size-thumbnail'><dl class='gallery-item'>\n\t\t\t\t<dt class='gallery-icon landscape'>\n\t\t\t\t\t<a class=\"rollover rollover-zoom dt-pswp-item\" title=\"90124bbd-442f-4f69-aebf-2966c8b3e3f6\" data-dt-img-description=\"\" data-large_image_width=\"2016\" data-large_image_height=\"1512\"href='https:\/\/www.radiopiu.net\/wordpress\/wp-content\/uploads\/2021\/07\/90124bbd-442f-4f69-aebf-2966c8b3e3f6.jpg'><img loading=\"lazy\" decoding=\"async\" width=\"150\" height=\"150\" src=\"https:\/\/www.radiopiu.net\/wordpress\/wp-content\/uploads\/2021\/07\/90124bbd-442f-4f69-aebf-2966c8b3e3f6-150x150.jpg\" class=\"attachment-thumbnail size-thumbnail\" alt=\"\" \/><\/a>\n\t\t\t\t<\/dt><\/dl><dl class='gallery-item'>\n\t\t\t\t<dt class='gallery-icon landscape'>\n\t\t\t\t\t<a class=\"rollover rollover-zoom dt-pswp-item\" title=\"43a7a6c3-9c95-475d-bee5-6e5d39825b55\" data-dt-img-description=\"\" data-large_image_width=\"2016\" data-large_image_height=\"1512\"href='https:\/\/www.radiopiu.net\/wordpress\/wp-content\/uploads\/2021\/07\/43a7a6c3-9c95-475d-bee5-6e5d39825b55.jpg'><img loading=\"lazy\" decoding=\"async\" width=\"150\" height=\"150\" src=\"https:\/\/www.radiopiu.net\/wordpress\/wp-content\/uploads\/2021\/07\/43a7a6c3-9c95-475d-bee5-6e5d39825b55-150x150.jpg\" class=\"attachment-thumbnail size-thumbnail\" alt=\"\" \/><\/a>\n\t\t\t\t<\/dt><\/dl><dl class='gallery-item'>\n\t\t\t\t<dt class='gallery-icon landscape'>\n\t\t\t\t\t<a class=\"rollover rollover-zoom dt-pswp-item\" title=\"8b07677f-a923-4b54-9fda-c72948e3d842\" data-dt-img-description=\"\" data-large_image_width=\"2016\" data-large_image_height=\"1512\"href='https:\/\/www.radiopiu.net\/wordpress\/wp-content\/uploads\/2021\/07\/8b07677f-a923-4b54-9fda-c72948e3d842.jpg'><img loading=\"lazy\" decoding=\"async\" width=\"150\" height=\"150\" src=\"https:\/\/www.radiopiu.net\/wordpress\/wp-content\/uploads\/2021\/07\/8b07677f-a923-4b54-9fda-c72948e3d842-150x150.jpg\" class=\"attachment-thumbnail size-thumbnail\" alt=\"\" \/><\/a>\n\t\t\t\t<\/dt><\/dl><dl class='gallery-item'>\n\t\t\t\t<dt class='gallery-icon landscape'>\n\t\t\t\t\t<a class=\"rollover rollover-zoom dt-pswp-item\" title=\"f4809d46-1f81-4fc5-91de-bebd969fb151\" data-dt-img-description=\"\" data-large_image_width=\"2016\" data-large_image_height=\"1512\"href='https:\/\/www.radiopiu.net\/wordpress\/wp-content\/uploads\/2021\/07\/f4809d46-1f81-4fc5-91de-bebd969fb151.jpg'><img loading=\"lazy\" decoding=\"async\" width=\"150\" height=\"150\" src=\"https:\/\/www.radiopiu.net\/wordpress\/wp-content\/uploads\/2021\/07\/f4809d46-1f81-4fc5-91de-bebd969fb151-150x150.jpg\" class=\"attachment-thumbnail size-thumbnail\" alt=\"\" \/><\/a>\n\t\t\t\t<\/dt><\/dl><br style=\"clear: both\" \/>\n\t\t\t<\/div>\n\n<p>&nbsp;<\/p>\n<hr \/>\n<p>&nbsp;<\/p>\n<h3><a href=\"https:\/\/www.radiopiu.net\/wordpress\/scuola-e-investimenti-nuova-mensa-ed-efficientamento-energetico\/ed290f40-7d29-4675-8cf9-0210b20495e7\/\" rel=\"attachment wp-att-200591\"><img loading=\"lazy\" decoding=\"async\" class=\"size-medium wp-image-200591 alignleft\" src=\"https:\/\/www.radiopiu.net\/wordpress\/wp-content\/uploads\/2021\/03\/ed290f40-7d29-4675-8cf9-0210b20495e7-300x169.jpg\" sizes=\"auto, (max-width: 300px) 100vw, 300px\" srcset=\"https:\/\/www.radiopiu.net\/wordpress\/wp-content\/uploads\/2021\/03\/ed290f40-7d29-4675-8cf9-0210b20495e7-300x169.jpg 300w, https:\/\/www.radiopiu.net\/wordpress\/wp-content\/uploads\/2021\/03\/ed290f40-7d29-4675-8cf9-0210b20495e7-1024x578.jpg 1024w, https:\/\/www.radiopiu.net\/wordpress\/wp-content\/uploads\/2021\/03\/ed290f40-7d29-4675-8cf9-0210b20495e7-768x434.jpg 768w, https:\/\/www.radiopiu.net\/wordpress\/wp-content\/uploads\/2021\/03\/ed290f40-7d29-4675-8cf9-0210b20495e7-1536x867.jpg 1536w, https:\/\/www.radiopiu.net\/wordpress\/wp-content\/uploads\/2021\/03\/ed290f40-7d29-4675-8cf9-0210b20495e7.jpg 1984w\" alt=\"\" width=\"300\" height=\"169\" \/><\/a>L\u2019AZIENDA AGORDO SERVIZI CERCA DUE PROFESSIONISTI<\/h3>\n<p><strong>AGORDO\u00a0<\/strong> E\u2019 stata indetta dall\u2019Azienda Speciale Agordo servizi \u00a0una selezione pubblica per la copertura di un posto a tempo determinato e pieno nel profilo di Educatore di Asilo Nido e di un operatore assistente\u00a0 che si prendano cura dei bambini e dei neonati nelle cure personali come lavarli, cambiarli, vestirli, aiutarli a mangiare, l\u2019educatore dovr\u00e0 avere capacit\u00e0 organizzativa nelle attivit\u00e0 e abilit\u00e0 nel formulare obiettivi, all\u2019assistente l\u2019azienda chiede tra l\u2019altro di coadiuvare il lavoro delle educatrici.\u00a0 Per informazioni e copia dell\u2019avviso di selezione gli interessati potranno rivolgersi all\u2019ufficio amministrativo Azienda Speciale al numero 0437 62564 L\u2019avviso di selezione \u00e8 pubblicato sul sito: https:\/\/agordofarmaciacomunale.it\/<\/p>\n<p>&nbsp;<\/p>\n<hr \/>\n<p>&nbsp;<\/p>\n<p>&nbsp;<\/p>\n<blockquote>\n<h3>SERVIZIO CIVILE UNIVERSALE: PROGETTO &#8220;TI ACCOMPAGNO IO &#8211; ART. 40 BELLUNO&#8221;<\/h3>\n<\/blockquote>\n<p><strong>BELLUNO<\/strong> E&#8217; stato pubblicato il bando per la selezione di 756 operatori volontari da impiegare in progetti di servizio civile per l\u2019accompagnamento dei grandi invalidi e dei ciechi civili presentati dagli Enti iscritti all\u2019Albo di Servizio civile universale. L`Unione Italiana dei Ciechi di Belluno \u00e8 pronta ad accogliere\u00a0 2 volontari.\u00a0 La domanda di partecipazione deve essere presentata, entro il 30 luglio 2021 esclusivamente attraverso la piattaforma all\u2019indirizzo https:\/\/domandaonline.serviziocivile.it<\/p>\n<p>&nbsp;<\/p>\n<p>&nbsp;<\/p>\n<hr \/>\n<p>&nbsp;<\/p>\n<blockquote>\n<h3>UNA SETTIMANA PER CHIEDERE I CONTRIBUTI PER GLI EVENTI SPORTIVI<\/h3>\n<\/blockquote>\n<p><strong><a href=\"https:\/\/www.radiopiu.net\/wordpress\/giornale-radiopiu-03-luglio-2021-direttore-mirko-mezzacasa\/concert-768722_960_720-2\/\" rel=\"attachment wp-att-219530\"><img loading=\"lazy\" decoding=\"async\" class=\"wp-image-219530 alignleft\" src=\"https:\/\/www.radiopiu.net\/wordpress\/wp-content\/uploads\/2021\/07\/concert-768722_960_720-300x200.jpg\" alt=\"\" width=\"185\" height=\"123\" srcset=\"https:\/\/www.radiopiu.net\/wordpress\/wp-content\/uploads\/2021\/07\/concert-768722_960_720-300x200.jpg 300w, https:\/\/www.radiopiu.net\/wordpress\/wp-content\/uploads\/2021\/07\/concert-768722_960_720-768x512.jpg 768w, https:\/\/www.radiopiu.net\/wordpress\/wp-content\/uploads\/2021\/07\/concert-768722_960_720.jpg 960w\" sizes=\"auto, (max-width: 185px) 100vw, 185px\" \/><\/a>BELLUNO\u00a0<\/strong> Scade venerd\u00ec\u00a0 alle 12\u00a0 il termine per la partecipazione all&#8217;avviso pubblico in materia di ripartenza degli eventi sportivi in citt\u00e0. Il Comune di Belluno infatti intende promuovere manifestazioni sportive di alto profilo che interessino il territorio comunale anche per dare al mondo sportivo un segnale forte di ripresa dopo la pandemia Covid 19<\/p>\n<p>&nbsp;<\/p>\n<p>&nbsp;<\/p>\n<p>&nbsp;<\/p>\n<hr \/>\n<p>&nbsp;<\/p>\n<blockquote>\n<h3>L&#8217;UMANA REYER DA ALLEGHE A FALCADE, IL RITIRO IN VALLE DEL BIOIS<\/h3>\n<\/blockquote>\n<p><strong><a href=\"https:\/\/www.radiopiu.net\/wordpress\/lumana-reyer-da-alleghe-si-posta-a-falcade-il-ritiro-in-valle-del-biois\/falcade_estate-2990\/\" rel=\"attachment wp-att-220251\"><img loading=\"lazy\" decoding=\"async\" class=\"size-medium wp-image-220251 alignleft\" src=\"https:\/\/www.radiopiu.net\/wordpress\/wp-content\/uploads\/2021\/07\/FALCADE_ESTATE-2990-300x200.jpg\" alt=\"\" width=\"300\" height=\"200\" srcset=\"https:\/\/www.radiopiu.net\/wordpress\/wp-content\/uploads\/2021\/07\/FALCADE_ESTATE-2990-300x200.jpg 300w, https:\/\/www.radiopiu.net\/wordpress\/wp-content\/uploads\/2021\/07\/FALCADE_ESTATE-2990-768x512.jpg 768w, https:\/\/www.radiopiu.net\/wordpress\/wp-content\/uploads\/2021\/07\/FALCADE_ESTATE-2990.jpg 900w\" sizes=\"auto, (max-width: 300px) 100vw, 300px\" \/><\/a>FALCADE<\/strong> L\u2019Umana Reyer\u00a0 annuncia l\u2019accordo pluriennale con il consorzio di promozione turistica PromoFalcade Dolomiti per l\u2019organizzazione del ritiro precampionato delle prime squadre orogranata. La Val del Biois con i comuni di Falcade, Canale d\u2019Agordo e Vallada Agordina metteranno dunque a disposizione dei gruppi di lavoro dell\u2019Umana Reyer le proprie strutture sportive e ricettive. La localit\u00e0 \u00e8 dotata del Palasport \u201cPalaFalcade\u201d, struttura che ospiter\u00e0 gli allenamenti indoor di atleti e atlete orogranata che potranno anche usufruire della palestra dello Ski College Veneto e del campo da calcio di Vallada Agordina per gli allenamenti di atletica. La prima squadra maschile salir\u00e0 in ritiro nel tardo pomeriggio di domenica\u00a0<em>22 agosto<\/em>\u00a0e rientrer\u00e0 a Venezia nella serata di gioved\u00ec<em>\u00a026 agosto<\/em>\u00a0mentre le Campionesse d\u2019Italia soggiorneranno a Falcade dal\u00a0<em>29 agosto al 2 settembre<\/em>. Gli allenamenti saranno aperti al pubblico nel rispetto dei protocolli ministeriali.<\/p>\n<blockquote><p><em>\u201cParlo a nome del consorzio di promozione turistica, della cittadinanza e del comune di Falcade \u2013 le parole di\u00a0<strong>Fulvio Valt<\/strong>, consigliere di PromoFalcade Dolomiti \u2013 \u00e8 da molti anni che cerchiamo questa collaborazione che interessa a noi e a tutta la montagna in cui viviamo. Siamo sempre stati propensi ad ospitare societ\u00e0 sportive in tutte le stagioni perci\u00f2 l\u2019accordo con Reyer \u00e8 una grande soddisfazione per noi e siamo entusiasti di intraprendere un percorso insieme con due squadre cos\u00ec importanti come quelle orogranata. Abbiamo sempre seguito la Reyer ad Alleghe cos\u00ec come le avventure delle prime squadre in Italia che in Europa. <\/em><em>Falcade \u00e8 una citt\u00e0 di sport, sia in inverno che in estate, e cercheremo di accogliere nel miglior modo possibile squadra e tifosi veneziani, anche i non esperti di basket che potrebbero appassionarsi. Falcade si sente veneziana sin dai tempi della Serenissima e ci sono tanti veneziani che hanno costruito e comprato un\u2019abitazione qui. Vi faremo sentire a casa e vi aspettiamo numerosi!\u201d.<\/em><\/p><\/blockquote>\n<p>\u201cSiamo contenti di aver raggiunto un accordo pluriennale con Falcade \u2013 il commento del Presidente\u00a0<strong>Federico Casarin<\/strong> \u2013 colgo l\u2019occasione per ringraziare l\u2019amministrazione comunale e il consorzio PromoFalcade Dolomiti con cui c\u2019\u00e8 stata subito grande sintonia e voglia di intraprendere un percorso insieme. Il ritiro precampionato \u00e8 un momento molto importante della stagione perch\u00e9 \u00e8 il momento in cui il gruppo inizia a faticare insieme e sono convinto che Falcade sia dotata delle strutture ricettive e sportive ottimali per il lavoro delle nostre prime squadre. Inoltre, abbiamo riscontrato entusiasmo e grande disponibilit\u00e0 da parte di Renzo Minella e Fiorenza Manfroi del consorzio PromoFalcade Dolomiti con cui abbiamo definito l\u2019accordo, e questa \u00e8 una cosa molto importante per noi. La vicinanza con Alleghe, dove siamo stati per nove stagioni consecutive, \u00e8 inoltre un segnale di continuit\u00e0 con le Dolomiti che consideriamo le montagne veneziane. Speriamo inoltre di poter abbracciare anche i sostenitori reyerini che potranno soggiornare a Falcade e far sentire da subito il proprio calore ai nostri ragazzi e ragazze\u201d.<\/p>\n<p>&nbsp;<\/p>\n<hr \/>\n<p>&nbsp;<\/p>\n<blockquote>\n<h2><a href=\"https:\/\/www.radiopiu.net\/wordpress\/da-le-muse-e-le-dolomiti-si-torna-a-cantare\/logo_muse_dolomiti\/\" rel=\"attachment wp-att-139344\"><img loading=\"lazy\" decoding=\"async\" class=\" wp-image-139344 alignleft\" src=\"https:\/\/www.radiopiu.net\/wordpress\/wp-content\/uploads\/2020\/05\/logo_muse_dolomiti-300x90.png\" alt=\"\" width=\"207\" height=\"62\" srcset=\"https:\/\/www.radiopiu.net\/wordpress\/wp-content\/uploads\/2020\/05\/logo_muse_dolomiti-300x90.png 300w, https:\/\/www.radiopiu.net\/wordpress\/wp-content\/uploads\/2020\/05\/logo_muse_dolomiti.png 531w\" sizes=\"auto, (max-width: 207px) 100vw, 207px\" \/><\/a>SABATO, CON LE MUSE E LE DOLOMITI<\/h2>\n<p><strong>presentazione di Oda Zoe Hochscheid<\/strong><\/p><\/blockquote>\n<audio class=\"wp-audio-shortcode\" id=\"audio-220136-7\" preload=\"none\" style=\"width: 100%;\" controls=\"controls\"><source type=\"audio\/mpeg\" src=\"https:\/\/www.radiopiu.net\/wordpress\/wp-content\/uploads\/2021\/07\/muse-sabato.mp3?_=7\" \/><a href=\"https:\/\/www.radiopiu.net\/wordpress\/wp-content\/uploads\/2021\/07\/muse-sabato.mp3\">https:\/\/www.radiopiu.net\/wordpress\/wp-content\/uploads\/2021\/07\/muse-sabato.mp3<\/a><\/audio>\n<p>&nbsp;<\/p>\n<p>&nbsp;<\/p>\n<hr \/>\n<p>&nbsp;<\/p>\n<blockquote>\n<div class=\"bi6gxh9e aov4n071\">\n<h2 class=\"gmql0nx0 l94mrbxd p1ri9a11 lzcic4wl d2edcug0 hpfvmrgz\" dir=\"auto\"><span class=\"d2edcug0 hpfvmrgz qv66sw1b c1et5uql lr9zc1uh a8c37x1j keod5gw0 nxhoafnm aigsh9s9 d3f4x2em fe6kdd0r mau55g9w c8b282yb iv3no6db jq4qci2q a3bd9o3v hnhda86s jdix4yx3 hzawbc8m\" dir=\"auto\">MERCOLED\u00cc 14 LUGLIO 2021 ALLE ORE <\/span>Cinema sotto le stelle Il Re Leone &#8211; Live action<\/h2>\n<\/div>\n<\/blockquote>\n<p><strong>SEDICO<\/strong> Ritornano gli appuntamenti al cinema con la Proloco di Sedico.\u00a0 Cinque serate\u00a0 anche con la possibilit\u00e0 di\u00a0 cenare presso lo stand in Villa aperto dalle\u00a0 19 e per ogni serata\u00a0 un men\u00f9 diverso<\/p>\n<a href=\"https:\/\/www.radiopiu.net\/wordpress\/wp-content\/uploads\/2021\/07\/Cinema-sotto-le-stelle-manif.pdf\" class=\"pdfemb-viewer\" style=\"\" data-width=\"max\" data-height=\"max\" data-toolbar=\"top\" data-toolbar-fixed=\"on\">Cinema sotto le stelle manif<\/a>\n<p>&nbsp;<\/p>\n<hr \/>\n<p>&nbsp;<\/p>\n<blockquote>\n<h3>IL GRUPPO ALPINI DI ALLEGHE COMPIE 90 ANNI, NOTE DI AUGURI CON LA FANFARA<\/h3>\n<\/blockquote>\n<p><a href=\"https:\/\/www.radiopiu.net\/wordpress\/il-gruppo-alpini-di-alleghe-compie-90-anni-note-di-auguri-con-la-fanfara\/fanfara-brigata-cadore_page-0001-1\/\" rel=\"attachment wp-att-219637\"><img loading=\"lazy\" decoding=\"async\" class=\" wp-image-219637 alignleft\" src=\"https:\/\/www.radiopiu.net\/wordpress\/wp-content\/uploads\/2021\/07\/FANFARA-BRIGATA-CADORE_page-0001-1-212x300.jpg\" alt=\"\" width=\"112\" height=\"158\" srcset=\"https:\/\/www.radiopiu.net\/wordpress\/wp-content\/uploads\/2021\/07\/FANFARA-BRIGATA-CADORE_page-0001-1-212x300.jpg 212w, https:\/\/www.radiopiu.net\/wordpress\/wp-content\/uploads\/2021\/07\/FANFARA-BRIGATA-CADORE_page-0001-1-724x1024.jpg 724w, https:\/\/www.radiopiu.net\/wordpress\/wp-content\/uploads\/2021\/07\/FANFARA-BRIGATA-CADORE_page-0001-1-768x1087.jpg 768w, https:\/\/www.radiopiu.net\/wordpress\/wp-content\/uploads\/2021\/07\/FANFARA-BRIGATA-CADORE_page-0001-1-1085x1536.jpg 1085w, https:\/\/www.radiopiu.net\/wordpress\/wp-content\/uploads\/2021\/07\/FANFARA-BRIGATA-CADORE_page-0001-1.jpg 1240w\" sizes=\"auto, (max-width: 112px) 100vw, 112px\" \/><\/a><strong>ALLEGHE<\/strong> Un altro importante traguardo per li Gruppo Alpini di Alleghe, quello dei 90 anni sempre ben portati, dai giovani del cambio generazionale e dai ragazzi di un tempo. Per la ricorrenza in riva ad Alleghe risuoneranno le note della Fanfara della Brigata Alpina Cadore che \u00e8 un gran biglietto d&#8217;auguri, per gli alpini, per i valligiani e villeggianti. Domenica 11 luglio alle 9 Raduno in piazza Kennedy e sfilata fino al monumento ai Caduti &#8211; Alzabandiera &#8211; Onore ai Caduti &#8211; Apposizione corona; Al termine, sfilata della Fanfara lungo Corso Italia fino alla partenza della cabinovia. Quindi la festa si sposta ai Piani di Pezz\u00e8, alle 11\u00a0 Raduno alla Chiesetta Alpina &#8211; Alzabandiera; \u00a0concerto della Fanfara davanti al Ristorante &#8220;La Grande Baita&#8221;; \u00a0Carosello della Fanfara; \u00a0Pranzo sotto il tendone.<\/p>\n<p><strong>203 AGORDINA &#8220;CHIUSA&#8221; PER 15 MINUTI, PASSA LA FANFARA<\/strong><\/p>\n<p>Domenica tra le 10 e le 11, per un periodo massimo di 15 minuti sospensione totale della circolazione per manifestazione alpina<\/p>\n<p>&nbsp;<\/p>\n<p>&nbsp;<\/p>\n<hr \/>\n<p>&nbsp;<\/p>\n<blockquote>\n<h3>RITORNA LA RASSEGNA MUSICALE &#8220;MUSICA NELL&#8217;AGORDINO&#8221;<\/h3>\n<\/blockquote>\n<p><strong><a href=\"https:\/\/www.radiopiu.net\/wordpress\/giornale-radiopiu-04-luglio-2021-direttore-mirko-mezzacasa\/img_0263\/\" rel=\"attachment wp-att-219710\"><img loading=\"lazy\" decoding=\"async\" class=\"size-medium wp-image-219710 alignleft\" src=\"https:\/\/www.radiopiu.net\/wordpress\/wp-content\/uploads\/2021\/07\/IMG_0263-300x225.jpg\" alt=\"\" width=\"300\" height=\"225\" srcset=\"https:\/\/www.radiopiu.net\/wordpress\/wp-content\/uploads\/2021\/07\/IMG_0263-300x225.jpg 300w, https:\/\/www.radiopiu.net\/wordpress\/wp-content\/uploads\/2021\/07\/IMG_0263-1024x768.jpg 1024w, https:\/\/www.radiopiu.net\/wordpress\/wp-content\/uploads\/2021\/07\/IMG_0263-768x576.jpg 768w, https:\/\/www.radiopiu.net\/wordpress\/wp-content\/uploads\/2021\/07\/IMG_0263-1536x1152.jpg 1536w, https:\/\/www.radiopiu.net\/wordpress\/wp-content\/uploads\/2021\/07\/IMG_0263-2048x1536.jpg 2048w\" sizes=\"auto, (max-width: 300px) 100vw, 300px\" \/><\/a>AGORDO <\/strong>Torna puntuale e in versione quasi completa la Rassegna \u201cMusica nell\u2019Agordino\u201d, appuntamento con la musica di qualit\u00e0 fra valli e chiese dell\u2019Agordino. Il \u201cquasi\u201d \u00e8 dovuto alla sezione \u201cAgordo ETNO Musica\u201d, sospesa anche quest\u2019anno per le difficolt\u00e0 di assicurare la presenza di gruppi provenienti dall\u2019estero, mentre si terranno regolarmente la &#8220;Settimana Organistica&#8221; ed i &#8220;Concerti in&#8230;&#8221;. \u201cMusica nell&#8217;Agordino\u201d, ormai da trent&#8217;anni punto di riferimento per la musica organistica e non solo nella vallata, viene riproposta grazie al rinnovato impegno di Agordo Musica e Asolo Musica su cui si appoggiano associazioni, parrocchie ed enti desiderosi di ospitare musica di alto livello nelle loro \u201c<em>location<\/em>\u201d. Dopo un\u2019anteprima on-line dal Durando, uno dei pi\u00f9 bei scorci di Agordo, che sar\u00e0 tramessa da RadioPi\u00f9 il 18 luglio alle 11 e disponibile sui social durante il mese di luglio, con ospiti Sandro Del Duca (flauti e voce) e Nelso Salton (contrabbasso e voce), la rassegna inizier\u00e0 il 31 luglio alle 20.30 a La Valle con il concerto \u201c<em>al<\/em>\u00a0<em>ka\u015b\u00e8lo<\/em>\u201d, cio\u00e8 nel vecchio caseificio ora trasformato nella nuova e accogliente Sala Valmassoni. Cinema Paradiso \u00e8 il titolo dello spettacolo dedicato alle musiche di Ennio Morricone e ad Astor Piazzolla nel centenario della nascita dall\u2019Ensemble \u201cIl Fischio\u201d, diretto dalla bellunese Mirta Tormen. Venerd\u00ec 6 agosto, nella fresca notte di Andraz, ci sar\u00e0 un concerto \u201cAl Buio\u201d, alla luce di qualche fiaccola e forse riscaldati da un brul\u00e8, ascoltando le improvvisazioni ispirate dalla suggestione del luogo del fisarmonicista Paolo Forte. Il concerto Al Buio verr\u00e0 replicato la sera successiva, sabato 7 agosto, alle Peschiere in Valle di San Lucano. Qui Paolo suoner\u00e0 dalla isoletta del laghetto, ascoltato dal pubblico che, sempre alla luce di fiaccole, assister\u00e0 dalle sponde. Domenica 8 agosto la rassegna si sposta in val Bi\u00f3is, a San Simon di Vallada, dove assieme alle Muse e le Dolomiti si esibir\u00e0 il quartetto di tromboni \u201cSlide42\u201d. Particolarmente ricca la Settimana Organistica, che iniziail 9 agosto a San Tomaso dove il locale organo Callido del 1802 sar\u00e0 suonato dall\u2019organista e sindaco di Zopp\u00e8, nonch\u00e9 organizzatore della rassegna Organi Storici in Cadore, Renzo Bortolot. Il 10 agosto, il connubio\u00a0L\u2019arco e la tastiera<em>\u00a0<\/em>sar\u00e0 proposto a Canale d\u2019Agordo dal violinista Anania Maritan e dall\u2019organista Giovanni Feltrin. Quest\u2019ultimo protagonista anche il giorno successivo a Falcade nel concerto \u201cCum organo et tubis\u201d, dove il sonoro organo Pinchi incontrer\u00e0 le altrettanto importanti sonorit\u00e0 di tromba e trombone. Il 12 agosto ci sar\u00e0 a Rivamonte un concerto molto particolare, dedicato al patrono, con \u201cParole e musica per San Floriano<em>\u201d\u00a0<\/em>con l\u2019organista Nicola Cittadin e la voce recitante di Loris Santomaso. \u201cIl Combattimento di Davide e Golia\u201d, sar\u00e0 invece narrato dalla voce recitante di Ottavina Ronchi e dall\u2019organista Nicol\u00f2 Sari, ad Agordo, il 13 agosto, concludendo questa edizione. Come per l\u2019anno scorso, nel caso probabile che le restrizioni in vigore oggi per la musica dal vivo restino tali, la prenotazione \u00e8 vivamente consigliata, ma resteranno a disposizione i posti liberi nei 15 minuti precedenti il concerto, e dovr\u00e0 essere indossata la mascherina. Prenotazioni:\u00a0tel. Asolo Musica 0423-950150 (da luned\u00ec a venerd\u00ec ore 9-13) &#8211; Email:\u00a0<a href=\"mailto:agordomusica@libero.it\">agordomusica@libero.it <\/a>Facebook: agordomusica; Messenger: agordomusica.<\/p>\n<p><strong>\u00a0DI GIANNI SANTOMASO<\/strong><\/p>\n<audio class=\"wp-audio-shortcode\" id=\"audio-220136-8\" preload=\"none\" style=\"width: 100%;\" controls=\"controls\"><source type=\"audio\/mpeg\" src=\"https:\/\/www.radiopiu.net\/wordpress\/wp-content\/uploads\/2021\/07\/GIANNI-MUSICA-AGORDINO.mp3?_=8\" \/><a href=\"https:\/\/www.radiopiu.net\/wordpress\/wp-content\/uploads\/2021\/07\/GIANNI-MUSICA-AGORDINO.mp3\">https:\/\/www.radiopiu.net\/wordpress\/wp-content\/uploads\/2021\/07\/GIANNI-MUSICA-AGORDINO.mp3<\/a><\/audio>\n<p>&nbsp;<\/p>\n<hr \/>\n<p>&nbsp;<\/p>\n<blockquote>\n<h3>QUALE FUTURO PER LA MONTAGNA BELLUNESE?<\/h3>\n<\/blockquote>\n<p><strong><a href=\"https:\/\/www.radiopiu.net\/wordpress\/giornale-radiopiu-07-luglio-2021-direttore-mirko-mezzacasa\/immagine-12-1-510x345\/\" rel=\"attachment wp-att-220192\"><img loading=\"lazy\" decoding=\"async\" class=\"size-medium wp-image-220192 alignleft\" src=\"https:\/\/www.radiopiu.net\/wordpress\/wp-content\/uploads\/2021\/07\/Immagine-12-1-510x345-1-300x203.png\" alt=\"\" width=\"300\" height=\"203\" srcset=\"https:\/\/www.radiopiu.net\/wordpress\/wp-content\/uploads\/2021\/07\/Immagine-12-1-510x345-1-300x203.png 300w, https:\/\/www.radiopiu.net\/wordpress\/wp-content\/uploads\/2021\/07\/Immagine-12-1-510x345-1.png 510w\" sizes=\"auto, (max-width: 300px) 100vw, 300px\" \/><\/a>BELLUNO\u00a0 <\/strong>Nell\u2019ambito del progetto \u201cLa Montagna Viva: dalla tempesta Vaia a nuove opportunit\u00e0 di sviluppo sostenibile in Dolomiti\u201d, la Fondazione G. Angelini ha organizzato tre laboratori partecipativi che permetteranno ai cittadini di confrontarsi su esperienze positive e criticit\u00e0 emerse nel territorio e di portare, sulla base della propria esperienza, istanze, idee e proposte operative nei territori dell\u2019Agordino, del Cadore e della Valbelluna. Le date e le localit\u00e0 che ospiteranno i laboratori sono i seguenti: Borgo Valbelluna (Mel), Piazza Papa Luciani \u2013 16 LUGLIO 2021, Pieve di Cadore, Piazza Tiziano \u2013 22 LUGLIO 2021, Agordo, Piazzale Marconi \u2013 23 LUGLIO 2021. I laboratori saranno degli spazi aperti di incontro e confronto senza orari prestabiliti; i tavoli di discussione rimarranno infatti aperti dalle 11.30 alle 19:30. I temi di confronto si incentreranno sulla gestione del territorio, sul turismo, su servizi ed infrastrutture\u00a0e sulle opportunit\u00e0 di sviluppo della montagna.<\/p>\n<p>\u200b<\/p>\n<p>&nbsp;<\/p>\n<hr \/>\n<p>&nbsp;<\/p>\n<blockquote>\n<h2>&#8220;IL MILITE IGNOTO&#8221; IL 18 LUGLIO A BOSCHI DI CARTA<\/h2>\n<\/blockquote>\n<p><strong>BELLUNO<\/strong> Paola Zambelli autrice, nativa e residente a Belluno, laureata in Scienze della Formazione, recentemente a Ravenna premiata al concorso &#8220;letteratura per ragazzi&#8221;,\u00a0 il 18 luglio, in occasione della manifestazione \u201cBoschi di Carta\u201d a Pieve di Cadore, presenter\u00e0 il romanzo \u201cIl treno dell\u2019Ignoto. Il viaggio del Milite Ignoto\u201d, tratto proprio dal racconto vincitore del XIV Premio \u201cRighini Ricci\u201d di Conselice (RA).<\/p>\n<p>&nbsp;<\/p>\n<blockquote><p><em><a href=\"https:\/\/www.radiopiu.net\/wordpress\/il-milite-ignoto-il-18-luglio-a-boschi-di-carta\/01-web\/\" rel=\"attachment wp-att-219517\"><img loading=\"lazy\" decoding=\"async\" class=\" wp-image-219517 alignleft\" src=\"https:\/\/www.radiopiu.net\/wordpress\/wp-content\/uploads\/2021\/07\/01-WEB-300x150.jpg\" alt=\"\" width=\"172\" height=\"86\" srcset=\"https:\/\/www.radiopiu.net\/wordpress\/wp-content\/uploads\/2021\/07\/01-WEB-300x150.jpg 300w, https:\/\/www.radiopiu.net\/wordpress\/wp-content\/uploads\/2021\/07\/01-WEB.jpg 750w\" sizes=\"auto, (max-width: 172px) 100vw, 172px\" \/><\/a><\/em><\/p><\/blockquote>\n<p>La voce di una nonna accompagnata dalla testimonianza di un misterioso personaggio, narra le vicende di undici soldati che hanno affrontato la Grande Guerra: undici provenienze, undici storie di vita, undici campi di battaglia; undici racconti che restituiscono un&#8217;identit\u00e0 agli undici militi assolutamente ignoti tra i quali \u00e8 stato scelto colui che sarebbe divenuto per sempre il Milite Ignoto.<\/p>\n<p>&nbsp;<\/p>\n<p>&nbsp;<\/p>\n<hr \/>\n<blockquote>\n<h3><\/h3>\n<h3>\u201cSOTTO UN CIELO DI STOFFA\u201d IL 10 LUGLIO A VILLA ALPAGO NOVELLO<\/h3>\n<\/blockquote>\n<p><strong><a href=\"https:\/\/www.radiopiu.net\/wordpress\/giornale-radiopiu-02-luglio-2021-direttore-mirko-mezzacasa\/corsi-alfabetizzazione-isp-afghanistan\/\" rel=\"attachment wp-att-219360\"><img loading=\"lazy\" decoding=\"async\" class=\" wp-image-219360 alignleft\" src=\"https:\/\/www.radiopiu.net\/wordpress\/wp-content\/uploads\/2021\/07\/corsi-alfabetizzazione-ISP-afghanistan-223x300.jpg\" alt=\"\" width=\"190\" height=\"256\" srcset=\"https:\/\/www.radiopiu.net\/wordpress\/wp-content\/uploads\/2021\/07\/corsi-alfabetizzazione-ISP-afghanistan-223x300.jpg 223w, https:\/\/www.radiopiu.net\/wordpress\/wp-content\/uploads\/2021\/07\/corsi-alfabetizzazione-ISP-afghanistan.jpg 657w\" sizes=\"auto, (max-width: 190px) 100vw, 190px\" \/><\/a>BELLUNO<\/strong> Sabato 10 luglio alle\u00a0 20.45 a Villa Alpago Novello (Frontin di Trichiana), si svolger\u00e0 il reading scenico \u201cSotto un cielo di stoffa\u201d, un\u2019emozionante serata tra parole e musica per raccontare storie di donne afghane e della loro quotidiana lotta per l\u2019emancipazione e la dignit\u00e0. Le storie, tratte dall\u2019omonimo libro di Cristina Cella arricchito dalle immagini di Carla Dazzi, saranno portate in scena dalle attrici Caterina Comingio, Marisa Del Ben e Alessandra Menis. L\u2019iniziativa \u00e8\u00a0 ideata dal Gruppo Insieme si pu\u00f2 \u201cPurlilium Act\u201d di Porcia (Pordenone). Il ricavato della serata andr\u00e0 a sostenere due importanti progetti che Insieme si pu\u00f2 sta realizzando in Afghanistan:\u00a0 corsi di alfabetizzazione per le donne di ogni et\u00e0\u00a0 e\u00a0 \u00a0il completamento della costruzione della clinica voluta da Insieme si pu\u00f2 per garantire cure mediche essenziali ed educazione sanitaria di base alle fasce pi\u00f9 deboli della popolazione. In caso di maltempo la serata si svolger\u00e0 al Teatro San Felice di Trichiana. A seguire un momento conviviale e sar\u00e0 presente un mercatino di artigianato equo-solidale. Maggiori informazioni sul sito\u00a0www.365giorni.org\u00a0e sui canali sociali dell\u2019Associazione Insieme si pu\u00f2.<\/p>\n<p>&nbsp;<\/p>\n<p>&nbsp;<\/p>\n<div class=\"mkdf-post-text\">\n<div class=\"mkdf-post-text-inner\">\n<div class=\"mkdf-post-text-main\">\n<p>&nbsp;<\/p>\n<hr \/>\n<h3><\/h3>\n<h3>Dalla Biblioteca di Cesiomaggiore<\/h3>\n<p><strong>CESIOMAGGIORE<\/strong> Il volume &#8220;I miracoli della Val Canzoi&#8221;,\u00a0 omaggio autentico e affettuoso di Giovanni Trimeri e GianAntonio Cecchin a Dino Buzzati,\u00a0 nel cinquantesimo anniversario dalla pubblicazione de I miracoli di Val Morel, sar\u00e0 presentato alla stampa venerdi 16 luglio in sala riunioni Biblioteca comunale di Cesiomaggiore (Via Roma), con l&#8217;occasione sar\u00e0 presentata altres\u00ec la mostra.<\/p>\n<\/div>\n<\/div>\n<\/div>\n<p>&nbsp;<\/p>\n<p>&nbsp;<\/p>\n<hr \/>\n<p>&nbsp;<\/p>\n<h2 style=\"text-align: left;\"><span style=\"color: #ff0000;\">MUSLA, CON LA NUOVA GENERAZIONE LINGUE, USI, COSTUMI , raccolta completa\u00a0<\/span><\/h2>\n<p style=\"text-align: left;\"><strong>10 PUNTATE ALLA RADIO, DA LUNEDI 28 GIUGNO ALLE 14.\u00a0<\/strong><\/p>\n<p>&nbsp;<\/p>\n<blockquote class=\"wp-embedded-content\" data-secret=\"nF1qhujlRM\"><p><a href=\"https:\/\/www.radiopiu.net\/wordpress\/agora-agordina-la-nosta-piaza\/\">AGORA&#8217; AGORDINA&#8230; LA NOSTA PIAZA LADINA RACCOLTA COMPLETA PRIMA STAGIONE<\/a><\/p><\/blockquote>\n<p><iframe loading=\"lazy\" class=\"wp-embedded-content\" sandbox=\"allow-scripts\" security=\"restricted\" style=\"position: absolute; clip: rect(1px, 1px, 1px, 1px);\" title=\"&#8220;AGORA&#8217; AGORDINA&#8230; LA NOSTA PIAZA LADINA RACCOLTA COMPLETA PRIMA STAGIONE&#8221; &#8212; Radio Pi\u00f9\" src=\"https:\/\/www.radiopiu.net\/wordpress\/agora-agordina-la-nosta-piaza\/embed\/#?secret=nF1qhujlRM\" data-secret=\"nF1qhujlRM\" width=\"600\" height=\"338\" frameborder=\"0\" marginwidth=\"0\" marginheight=\"0\" scrolling=\"no\"><\/iframe><\/p>\n<p>&nbsp;<\/p>\n<p>&nbsp;<\/p>\n<p>&nbsp;<\/p>\n<hr \/>\n<p>&nbsp;<\/p>\n<blockquote>\n<h3>POMERIGGIO CULTURALE CON LA BIBLIOTECA DI AGORDO<\/h3>\n<\/blockquote>\n<p><strong>AGORDO<\/strong> il Circolo Culturale Agordino, Biblioteca Civica di Agordo organizza un pomeriggio culturale-incontro con l&#8217;autore. Venerd\u00ec 9 luglio alle 17.30 nella sala &#8220;Don Tamis&#8221; ad Agordo verr\u00e0 presentato il libro di Maria Pia Fassari Cappelletti &#8220;Cristalli d&#8217;amore, poesie&#8221;. L&#8217;incontro sar\u00e0 allietato dalla lettura di alcune poesia da parte di Brunella Moro introdotte dal violino di Ivan Zasso.<\/p>\n<p>&nbsp;<\/p>\n<p>&nbsp;<\/p>\n<p>&nbsp;<\/p>\n<hr \/>\n<p>&nbsp;<\/p>\n<blockquote>\n<h3>LUNEDI&#8217; SERA CONVOCATO IL CONSIGLIO DELL&#8217;UNIONE MONTANA AGORDINA<\/h3>\n<\/blockquote>\n<p><strong><a href=\"https:\/\/www.radiopiu.net\/wordpress\/treno-delle-dolomiti-il-presidente-dellunione-montana-agordina-pensa-di-coinvolgere-i-sindaci-prima-di-iviare-documenti-in-provincia\/michele-costa-12\/\" rel=\"attachment wp-att-208023\"><img loading=\"lazy\" decoding=\"async\" class=\"wp-image-208023 alignleft\" src=\"https:\/\/www.radiopiu.net\/wordpress\/wp-content\/uploads\/2021\/05\/MICHELE-COSTA-300x300.png\" alt=\"\" width=\"136\" height=\"136\" srcset=\"https:\/\/www.radiopiu.net\/wordpress\/wp-content\/uploads\/2021\/05\/MICHELE-COSTA-300x300.png 300w, https:\/\/www.radiopiu.net\/wordpress\/wp-content\/uploads\/2021\/05\/MICHELE-COSTA-1024x1024.png 1024w, https:\/\/www.radiopiu.net\/wordpress\/wp-content\/uploads\/2021\/05\/MICHELE-COSTA-150x150.png 150w, https:\/\/www.radiopiu.net\/wordpress\/wp-content\/uploads\/2021\/05\/MICHELE-COSTA-768x768.png 768w, https:\/\/www.radiopiu.net\/wordpress\/wp-content\/uploads\/2021\/05\/MICHELE-COSTA.png 1378w\" sizes=\"auto, (max-width: 136px) 100vw, 136px\" \/><\/a> <\/strong><\/p>\n<p><strong>\u00a0<\/strong><\/p>\n<p><strong>AGORDO<\/strong> Ritorna in presenza il consiglio dell&#8217;Unione Montana Agordina che si ritrova in sala Don Tamis luned\u00ec alle 20:30. Il presidente Michele Costa ha convocato i consiglieri per trattare 4 punti all&#8217;ordine del giorno. Si parler\u00e0 dell&#8217;estensione a nuovi enti della partecipazione alla societ\u00e0 Valpe Ambiente, una variazione al bilancio e il miglioramento della rete stradale di raccordo della viabilit\u00e0 locale al reticolo principale interregionale.<\/p>\n<p>&nbsp;<\/p>\n<p>&nbsp;<\/p>\n<hr \/>\n<p>&nbsp;<\/p>\n<blockquote>\n<h3><a href=\"https:\/\/www.radiopiu.net\/wordpress\/lobbiettivo-e-festeggiare-i-40-anni-del-nof-filo\/nof-filo\/\" rel=\"attachment wp-att-202389\"><img loading=\"lazy\" decoding=\"async\" class=\"wp-image-202389 alignleft\" src=\"https:\/\/www.radiopiu.net\/wordpress\/wp-content\/uploads\/2021\/04\/NOF-FILO-300x169.jpg\" alt=\"\" width=\"172\" height=\"97\" srcset=\"https:\/\/www.radiopiu.net\/wordpress\/wp-content\/uploads\/2021\/04\/NOF-FILO-300x169.jpg 300w, https:\/\/www.radiopiu.net\/wordpress\/wp-content\/uploads\/2021\/04\/NOF-FILO-1024x577.jpg 1024w, https:\/\/www.radiopiu.net\/wordpress\/wp-content\/uploads\/2021\/04\/NOF-FILO-768x432.jpg 768w, https:\/\/www.radiopiu.net\/wordpress\/wp-content\/uploads\/2021\/04\/NOF-FILO-1536x865.jpg 1536w, https:\/\/www.radiopiu.net\/wordpress\/wp-content\/uploads\/2021\/04\/NOF-FILO.jpg 1600w\" sizes=\"auto, (max-width: 172px) 100vw, 172px\" \/><\/a>LA QUINTA VARIAZIONE AL BILANCIO<\/h3>\n<\/blockquote>\n<p><strong>CENCENIGHE<\/strong> Domani alle 20.30 consiglio comunale in presenza in Municipio. All&#8217;ordine del giorno il riconoscimento della spesa per l&#8217;addifamento dei lavori di somma urgenza; quinta variazione al bilancio; ZTO &#8220;A&#8221; centro storico-via Roma, variazione al grado di salvaguardia.<\/p>\n<p>&nbsp;<\/p>\n<p>&nbsp;<\/p>\n<hr \/>\n<p>&nbsp;<\/p>\n<h3><strong><a href=\"https:\/\/www.radiopiu.net\/wordpress\/al-via-le-prenotazioni-per-il-concerto-la-mia-terra-con-roby-facchinetti\/6d2f3eca-51eb-475d-a53d-f8cc7852afd5\/\" rel=\"attachment wp-att-216089\"><img loading=\"lazy\" decoding=\"async\" class=\" wp-image-216089 alignleft\" src=\"https:\/\/www.radiopiu.net\/wordpress\/wp-content\/uploads\/2021\/06\/6d2f3eca-51eb-475d-a53d-f8cc7852afd5-300x300.jpg\" alt=\"\" width=\"169\" height=\"169\" srcset=\"https:\/\/www.radiopiu.net\/wordpress\/wp-content\/uploads\/2021\/06\/6d2f3eca-51eb-475d-a53d-f8cc7852afd5-300x300.jpg 300w, https:\/\/www.radiopiu.net\/wordpress\/wp-content\/uploads\/2021\/06\/6d2f3eca-51eb-475d-a53d-f8cc7852afd5-150x150.jpg 150w, https:\/\/www.radiopiu.net\/wordpress\/wp-content\/uploads\/2021\/06\/6d2f3eca-51eb-475d-a53d-f8cc7852afd5-768x768.jpg 768w, https:\/\/www.radiopiu.net\/wordpress\/wp-content\/uploads\/2021\/06\/6d2f3eca-51eb-475d-a53d-f8cc7852afd5.jpg 1024w\" sizes=\"auto, (max-width: 169px) 100vw, 169px\" \/><\/a><\/strong><em>Regione Veneto, Provincia di Belluno, Comune di Falcade, Pro Loco Falcade Caviola, PromoFalcade Dolomiti e Ski Area San Pellegrino.<\/em><\/h3>\n<p><strong>FALCADE <\/strong>\u00a0Diretti dal Maestro Diego Basso un centinaio di artisti tra musicisti e coristi dell\u2019Orchestra Ritmico Sinfonica Italiana e Le Voci di Art Voice Academy.\u00a0 L\u2019accesso all\u2019area del concerto e\u0300 raggiungibile solo su prenotazione, tramite il sito: <a href=\"https:\/\/www.falcadedolomiti.it\/falcade-e-il-concerto-la-mia-terra\/\">https:\/\/www.falcadedolomiti.it\/falcade-e-il-concerto-la-mia-terra\/\u00a0<\/a><\/p>\n<p>&nbsp;<\/p>\n<p>&nbsp;<\/p>\n<hr \/>\n<p>&nbsp;<\/p>\n<blockquote>\n<h3>&#8220;MUSICA DA CORTILE&#8221; A PAIANE DI PONTE NELLE ALPI<\/h3>\n<\/blockquote>\n<p><strong><a href=\"https:\/\/www.radiopiu.net\/wordpress\/musica-da-cortile-a-paiane-di-ponte-nelle-alpi\/post_fb-mdc\/\" rel=\"attachment wp-att-218710\"><img loading=\"lazy\" decoding=\"async\" class=\" wp-image-218710 alignleft\" src=\"https:\/\/www.radiopiu.net\/wordpress\/wp-content\/uploads\/2021\/06\/MUSICA-DA-CORTILE-300x300.jpg\" alt=\"\" width=\"147\" height=\"147\" srcset=\"https:\/\/www.radiopiu.net\/wordpress\/wp-content\/uploads\/2021\/06\/MUSICA-DA-CORTILE-300x300.jpg 300w, https:\/\/www.radiopiu.net\/wordpress\/wp-content\/uploads\/2021\/06\/MUSICA-DA-CORTILE-1024x1024.jpg 1024w, https:\/\/www.radiopiu.net\/wordpress\/wp-content\/uploads\/2021\/06\/MUSICA-DA-CORTILE-150x150.jpg 150w, https:\/\/www.radiopiu.net\/wordpress\/wp-content\/uploads\/2021\/06\/MUSICA-DA-CORTILE-768x768.jpg 768w, https:\/\/www.radiopiu.net\/wordpress\/wp-content\/uploads\/2021\/06\/MUSICA-DA-CORTILE-1536x1536.jpg 1536w, https:\/\/www.radiopiu.net\/wordpress\/wp-content\/uploads\/2021\/06\/MUSICA-DA-CORTILE.jpg 2000w\" sizes=\"auto, (max-width: 147px) 100vw, 147px\" \/><\/a>PONTE NELLE ALPI <\/strong>Da un\u2019idea dei ragazzi del Terzo Mondo Studio e l\u2019esperienza nell\u2019organizzazione di eventi del direttore della Scuola di Musica di Paiane, nasce MUSICA DA CORTILE. Quattro appuntamenti all\u2019insegna della buona musica<i>\u00a0 <\/i>Primo appuntamento l&#8217;8 luglio con un live acustico in duo della band Italo-irlandese Strawman &amp; The Jackdaws, secondi assoluti del Firenze Suona Music Contest.\u00a0 Tutte le serate saranno ad ingresso gratuito e avranno inizio alle ore 21:00 e si terranno nel cortile della Scuola di Musica di Paiane di Ponte nelle Alpi in Via Soccher, 19.<\/p>\n<p>&nbsp;<\/p>\n<p>&nbsp;<\/p>\n<hr \/>\n<p>&nbsp;<\/p>\n<blockquote>\n<h3>DESOLANTE LO STATO DI CONSERVAZIONE DEL PATRIMONIO GNOMONICO PROVINCIALE<\/h3>\n<\/blockquote>\n<p>di RENATO BONA<br \/>\nNel libro di Gabriele Vanin \u201cLe meridiane bellunesi\u201d (Libreria Pilotto editrice Feltre, edito nel 1991 dalla Comunit\u00e0 montana feltrina e dal Centro per la documentazione della cultura popolare, della serie Quaderni diretti da Daniela Perco), l\u2019autore sottolinea come \u201clo stato di conservazione del patrimonio gnomonico provinciale \u00e8 quanto mai desolante, anche se forse non definitivamente compromesso\u201d. Infatti: \u201cSoltanto una settantina di strumenti presenta condizioni di conservazione buone; molto pochi appaiono in condizioni che si possano definire ottime e si tratta di strumenti quasi tutti rinfrescati o tracciati recentemente\u201d. Ancora: \u201cCirca 70 meridiane sono in cattive condizioni, mentre 30, come detto, sono senza stilo. Altre 19 sono completamente senza linee visibili sul quadrante e 6 appaiono senza quadro del tutto, con il solo gnomone infisso sul muro\u201d. Ne consegue &#8211; evidenziava Vanin &#8211; che il precario stato di conservazione incide ovviamente anche sulla precisione della meridiana. Non \u00e8 stato possibile compiere, per ovvi motivi (nuvolosit\u00e0 del cielo, ombra fuori del quadro al momento della ricognizione) un\u2019analisi completa dei 137 strumenti che consentono ancora un\u2019indicazione oraria (dall\u2019analisi sono stati esclusi gli strumenti che funzionano soltanto da indicatori stagionali o di altro tipo). Ne sono stati comunque esaminati, con sufficiente accuratezza, 106 pari al 77,4 per cento del totale. Di questi, soltanto 20 sono virtualmente esatti \u2026 mentre altri 25 presentano un errore inferiore ai 5 minuti, da ritenersi comunque abbastanza buono. Da quest\u2019indicazione risulterebbe che meno della met\u00e0 dei quadranti bellunesi \u00e8 stata eseguita a regola d\u2019arte, o comunque con una seria cognizione di causa. In realt\u00e0, invece, un sopralluogo anche superficiale rivela che in quasi tutti i casi di alta imprecisione lo gnomone risulta spostato dalla posizione originale: \u00e8 sicuramente questo il guasto pi\u00f9 evidente e pi\u00f9 grave creato dalla mancanza di manutenzione e salvaguardia dei manufatti\u201d. Detto questo, Gabriele Vanin passava ad illustrare l\u2019elenco provinciale degli strumenti, del quale ci siamo occupati in altre occasioni mentre oggi a conclusione della serie di raggruppamenti per Comunit\u00e0 montane, cerchiamo di conoscere la situazione di quella della Valle del Boite. Comune di Borca di Cadore: casa privata nella via Pier Fortunato Calvi, civico 9, del 1982, autore Vico Calabr\u00f2: verticale rettangolare, 310&#215;128, declinante a ovest, stilo normale, linee orarie francesi, in buone condizioni. Casa privata nella via Roma 30, verticale rettangolare 195&#215;130, declinante a ovest, stilo normale, linee orarie francesi ed equinoziali, in discrete condizioni. Comune di Cortina: casa privata ad Alver\u00e0 141, del 1979, autore il proprietario della casa, Mario Catturani; verticale quadrato 200&#215;200, declinante a ovest, stilo polare, linee orarie francesi. Riporta il motto: \u201cNo n\u00e9 che s\u00e9gne un gran ch\u00e8, ma se l\u2019\u00e8 sor\u00f2io fid\u00e0ve de m\u00e8\u201d e le coordinate e l\u2019altitudine del luogo; sullo sfondo \u00e8 riprodotto un paesaggio alpino; in ottime condizioni. Casa privata in via Faloria 25, del 1936 (data riportata sul quadrante); verticale quadrato 180&#215;180, declinante a est, stilo polare, linee orarie francesi; riporta il motto: \u201cCh\u2019io segni per voi sempre un\u2019ora lieta\u201d, le coordinate e l\u2019altitudine del luogo e alcune raffigurazioni del Sole, di nuvole e altri elementi naturali; in buone condizioni. Casa privata nella via Marangoni (1926), verticale quadrato 270&#215;270, declinante ad est, stilo polare, linee orarie francesi; reca il motto: \u201cSenza rotelle, senza rintocchi se i l Sol mi tocchi l\u2019ora ti do\u201d e alcuni disegni rappresentanti il Sole, la Luna, Saturno, delle stelle e segni zodiacali; inb buone condizioni. Santuario della Madonna della Difesa: verticale semicircolare 255x135m declinante a ovest, stilo polare, linee orarie francesi; in buone condizioni. Casa privata di via Martiri di Tarcento: verticale semicircolare 166x93m declinante a ovest,stilo polare, linee orarie francesi, in buone condizioni. Piazzale dell\u2019ospedale Codivila: orizzontale circolare 80 centimetri, stilo polare (triangolare), linee orarie equinoziale e solstiziale invernale; reca il motto: \u201cRuit hora\u201d e una serie di indicazioni panoramiche per le cime montane cortinesi; in discrete condizioni. Comune di San Vito di Cadore casa privata a Costa, civico 29: verticale quadrato 112&#215;112, privo di stilo (polare), linee orarie francesi, in buone condizioni, Comune di Valle di Cadore: casa privata in via Rusecco 47, del 1988, autore Leonardo Manaigo: verticale semicircolare 100&#215;50, stilo polare, linee orarie francesi; in ottime condizioni; casa privata in via Romana 24, del 16689 (data riportata sul quadrante), verticale rettangolare 160&#215;130,stilo normale, linee orarie italiche, in discrete condizioni; casa privata nella piazza Costa: verticale rettangolare 203&#215;178, declinante a est, stilo normale, linee orarie francesi ed equinoziale; reca il motto: \u201cDall\u2019arte adorno il mezzod\u00ec vedrai ove nube non tolga a Febo i rai\u201d; in discrete condizioni. Casa privata nella via Maestra 1 a Venas: verticale rettangolare, 200&#215;125, declinante a est, stilo normale, linee orarie francesi ed equinoziale; in cattive condizioni. Casa privata nella via Romana 55 (sulla Cavallera) del XIX secolo: verticale rettangolare 410&#215;270, declinante a est, stilo normale, linee orarie francesi ed equinoziale; in discrete condizioni. Infine Comune di Vodo di Cadore. Casa privata nella piazza Santa Lucia, del 1843 (data riportata sul quadrante), verticale rettangolare 615&#215;170, declinante a ovest, stilo normale, linee orarie francesi. Reca la scritta: \u201c1916 classe imperiale\u201d, in discrete condizioni.<\/p>\n\n\t\t\t<style type='text\/css'>\n\t\t\t\t#gallery-6 {\n\t\t\t\t\tmargin: auto;\n\t\t\t\t}\n\t\t\t\t#gallery-6 .gallery-item {\n\t\t\t\t\tfloat: left;\n\t\t\t\t\tmargin-top: 10px;\n\t\t\t\t\ttext-align: center;\n\t\t\t\t\twidth: 16%;\n\t\t\t\t}\n\t\t\t\t#gallery-6 img {\n\t\t\t\t\tborder: 2px solid #cfcfcf;\n\t\t\t\t}\n\t\t\t\t#gallery-6 .gallery-caption {\n\t\t\t\t\tmargin-left: 0;\n\t\t\t\t}\n\t\t\t\t\/* see gallery_shortcode() in wp-includes\/media.php *\/\n\t\t\t<\/style>\n\t\t<div id='gallery-6' class='dt-gallery-container gallery galleryid-220136 gallery-columns-6 gallery-size-thumbnail'><dl class='gallery-item'>\n\t\t\t\t<dt class='gallery-icon landscape'>\n\t\t\t\t\t<a class=\"rollover rollover-zoom dt-pswp-item\" title=\"210313393_4069808433108822_4887282525455091333_n\" data-dt-img-description=\"\" data-large_image_width=\"280\" data-large_image_height=\"200\"href='https:\/\/www.radiopiu.net\/wordpress\/wp-content\/uploads\/2021\/07\/210313393_4069808433108822_4887282525455091333_n.jpg'><img loading=\"lazy\" decoding=\"async\" width=\"150\" height=\"150\" src=\"https:\/\/www.radiopiu.net\/wordpress\/wp-content\/uploads\/2021\/07\/210313393_4069808433108822_4887282525455091333_n-150x150.jpg\" class=\"attachment-thumbnail size-thumbnail\" alt=\"\" \/><\/a>\n\t\t\t\t<\/dt><\/dl><dl class='gallery-item'>\n\t\t\t\t<dt class='gallery-icon landscape'>\n\t\t\t\t\t<a class=\"rollover rollover-zoom dt-pswp-item\" title=\"213366839_5263365127012346_1699057629277313558_n\" data-dt-img-description=\"\" data-large_image_width=\"291\" data-large_image_height=\"206\"href='https:\/\/www.radiopiu.net\/wordpress\/wp-content\/uploads\/2021\/07\/213366839_5263365127012346_1699057629277313558_n.jpg'><img loading=\"lazy\" decoding=\"async\" width=\"150\" height=\"150\" src=\"https:\/\/www.radiopiu.net\/wordpress\/wp-content\/uploads\/2021\/07\/213366839_5263365127012346_1699057629277313558_n-150x150.jpg\" class=\"attachment-thumbnail size-thumbnail\" alt=\"\" \/><\/a>\n\t\t\t\t<\/dt><\/dl><dl class='gallery-item'>\n\t\t\t\t<dt class='gallery-icon landscape'>\n\t\t\t\t\t<a class=\"rollover rollover-zoom dt-pswp-item\" title=\"210249600_2994172504153670_6721521059737229284_n\" data-dt-img-description=\"\" data-large_image_width=\"296\" data-large_image_height=\"201\"href='https:\/\/www.radiopiu.net\/wordpress\/wp-content\/uploads\/2021\/07\/210249600_2994172504153670_6721521059737229284_n.jpg'><img loading=\"lazy\" decoding=\"async\" width=\"150\" height=\"150\" src=\"https:\/\/www.radiopiu.net\/wordpress\/wp-content\/uploads\/2021\/07\/210249600_2994172504153670_6721521059737229284_n-150x150.jpg\" class=\"attachment-thumbnail size-thumbnail\" alt=\"\" \/><\/a>\n\t\t\t\t<\/dt><\/dl><dl class='gallery-item'>\n\t\t\t\t<dt class='gallery-icon landscape'>\n\t\t\t\t\t<a class=\"rollover rollover-zoom dt-pswp-item\" title=\"210719905_265231185400328_6609132553800559023_n\" data-dt-img-description=\"\" data-large_image_width=\"332\" data-large_image_height=\"206\"href='https:\/\/www.radiopiu.net\/wordpress\/wp-content\/uploads\/2021\/07\/210719905_265231185400328_6609132553800559023_n.jpg'><img loading=\"lazy\" decoding=\"async\" width=\"150\" height=\"150\" src=\"https:\/\/www.radiopiu.net\/wordpress\/wp-content\/uploads\/2021\/07\/210719905_265231185400328_6609132553800559023_n-150x150.jpg\" class=\"attachment-thumbnail size-thumbnail\" alt=\"\" \/><\/a>\n\t\t\t\t<\/dt><\/dl><dl class='gallery-item'>\n\t\t\t\t<dt class='gallery-icon landscape'>\n\t\t\t\t\t<a class=\"rollover rollover-zoom dt-pswp-item\" title=\"210949822_325636332548061_5880187067250173957_n\" data-dt-img-description=\"\" data-large_image_width=\"320\" data-large_image_height=\"204\"href='https:\/\/www.radiopiu.net\/wordpress\/wp-content\/uploads\/2021\/07\/210949822_325636332548061_5880187067250173957_n.jpg'><img loading=\"lazy\" decoding=\"async\" width=\"150\" height=\"150\" src=\"https:\/\/www.radiopiu.net\/wordpress\/wp-content\/uploads\/2021\/07\/210949822_325636332548061_5880187067250173957_n-150x150.jpg\" class=\"attachment-thumbnail size-thumbnail\" alt=\"\" \/><\/a>\n\t\t\t\t<\/dt><\/dl><dl class='gallery-item'>\n\t\t\t\t<dt class='gallery-icon landscape'>\n\t\t\t\t\t<a class=\"rollover rollover-zoom dt-pswp-item\" title=\"210865907_190611196409563_1054127849763503207_n\" data-dt-img-description=\"\" data-large_image_width=\"228\" data-large_image_height=\"198\"href='https:\/\/www.radiopiu.net\/wordpress\/wp-content\/uploads\/2021\/07\/210865907_190611196409563_1054127849763503207_n.jpg'><img loading=\"lazy\" decoding=\"async\" width=\"150\" height=\"150\" src=\"https:\/\/www.radiopiu.net\/wordpress\/wp-content\/uploads\/2021\/07\/210865907_190611196409563_1054127849763503207_n-150x150.jpg\" class=\"attachment-thumbnail size-thumbnail\" alt=\"\" \/><\/a>\n\t\t\t\t<\/dt><\/dl><br style=\"clear: both\" \/><dl class='gallery-item'>\n\t\t\t\t<dt class='gallery-icon landscape'>\n\t\t\t\t\t<a class=\"rollover rollover-zoom dt-pswp-item\" title=\"210279541_3833811340075351_6213532337428288585_n\" data-dt-img-description=\"\" data-large_image_width=\"293\" data-large_image_height=\"206\"href='https:\/\/www.radiopiu.net\/wordpress\/wp-content\/uploads\/2021\/07\/210279541_3833811340075351_6213532337428288585_n.jpg'><img loading=\"lazy\" decoding=\"async\" width=\"150\" height=\"150\" src=\"https:\/\/www.radiopiu.net\/wordpress\/wp-content\/uploads\/2021\/07\/210279541_3833811340075351_6213532337428288585_n-150x150.jpg\" class=\"attachment-thumbnail size-thumbnail\" alt=\"\" \/><\/a>\n\t\t\t\t<\/dt><\/dl><dl class='gallery-item'>\n\t\t\t\t<dt class='gallery-icon landscape'>\n\t\t\t\t\t<a class=\"rollover rollover-zoom dt-pswp-item\" title=\"211338571_213157967367644_8901452279444882141_n\" data-dt-img-description=\"\" data-large_image_width=\"321\" data-large_image_height=\"206\"href='https:\/\/www.radiopiu.net\/wordpress\/wp-content\/uploads\/2021\/07\/211338571_213157967367644_8901452279444882141_n.jpg'><img loading=\"lazy\" decoding=\"async\" width=\"150\" height=\"150\" src=\"https:\/\/www.radiopiu.net\/wordpress\/wp-content\/uploads\/2021\/07\/211338571_213157967367644_8901452279444882141_n-150x150.jpg\" class=\"attachment-thumbnail size-thumbnail\" alt=\"\" \/><\/a>\n\t\t\t\t<\/dt><\/dl><dl class='gallery-item'>\n\t\t\t\t<dt class='gallery-icon landscape'>\n\t\t\t\t\t<a class=\"rollover rollover-zoom dt-pswp-item\" title=\"212499598_803886913853075_158545131122629268_n\" data-dt-img-description=\"\" data-large_image_width=\"311\" data-large_image_height=\"206\"href='https:\/\/www.radiopiu.net\/wordpress\/wp-content\/uploads\/2021\/07\/212499598_803886913853075_158545131122629268_n.jpg'><img loading=\"lazy\" decoding=\"async\" width=\"150\" height=\"150\" src=\"https:\/\/www.radiopiu.net\/wordpress\/wp-content\/uploads\/2021\/07\/212499598_803886913853075_158545131122629268_n-150x150.jpg\" class=\"attachment-thumbnail size-thumbnail\" alt=\"\" \/><\/a>\n\t\t\t\t<\/dt><\/dl><dl class='gallery-item'>\n\t\t\t\t<dt class='gallery-icon landscape'>\n\t\t\t\t\t<a class=\"rollover rollover-zoom dt-pswp-item\" title=\"212488053_234210551882184_3982087073693490982_n\" data-dt-img-description=\"\" data-large_image_width=\"296\" data-large_image_height=\"203\"href='https:\/\/www.radiopiu.net\/wordpress\/wp-content\/uploads\/2021\/07\/212488053_234210551882184_3982087073693490982_n.jpg'><img loading=\"lazy\" decoding=\"async\" width=\"150\" height=\"150\" src=\"https:\/\/www.radiopiu.net\/wordpress\/wp-content\/uploads\/2021\/07\/212488053_234210551882184_3982087073693490982_n-150x150.jpg\" class=\"attachment-thumbnail size-thumbnail\" alt=\"\" \/><\/a>\n\t\t\t\t<\/dt><\/dl><dl class='gallery-item'>\n\t\t\t\t<dt class='gallery-icon landscape'>\n\t\t\t\t\t<a class=\"rollover rollover-zoom dt-pswp-item\" title=\"211961189_134883968758731_5144054712573011921_n\" data-dt-img-description=\"\" data-large_image_width=\"313\" data-large_image_height=\"206\"href='https:\/\/www.radiopiu.net\/wordpress\/wp-content\/uploads\/2021\/07\/211961189_134883968758731_5144054712573011921_n.jpg'><img loading=\"lazy\" decoding=\"async\" width=\"150\" height=\"150\" src=\"https:\/\/www.radiopiu.net\/wordpress\/wp-content\/uploads\/2021\/07\/211961189_134883968758731_5144054712573011921_n-150x150.jpg\" class=\"attachment-thumbnail size-thumbnail\" alt=\"\" \/><\/a>\n\t\t\t\t<\/dt><\/dl><dl class='gallery-item'>\n\t\t\t\t<dt class='gallery-icon landscape'>\n\t\t\t\t\t<a class=\"rollover rollover-zoom dt-pswp-item\" title=\"210732093_362865331862284_8960185592151966530_n\" data-dt-img-description=\"\" data-large_image_width=\"319\" data-large_image_height=\"206\"href='https:\/\/www.radiopiu.net\/wordpress\/wp-content\/uploads\/2021\/07\/210732093_362865331862284_8960185592151966530_n.jpg'><img loading=\"lazy\" decoding=\"async\" width=\"150\" height=\"150\" src=\"https:\/\/www.radiopiu.net\/wordpress\/wp-content\/uploads\/2021\/07\/210732093_362865331862284_8960185592151966530_n-150x150.jpg\" class=\"attachment-thumbnail size-thumbnail\" alt=\"\" \/><\/a>\n\t\t\t\t<\/dt><\/dl><br style=\"clear: both\" \/>\n\t\t\t<\/div>\n\n<p>NELLE FOTO (riproduzioni dal libro \u201cLe meridiane bellunesi\u201d di Gabriele Vanin): casa di Borca di Cadore, 1982; ancora a Borca; casa di Alver\u00e0 1979; casa di Cortina; santuario della Madonna della Difesa a Cortina; altra casa del centro ampezzano; piazzale del Codivilla; casa a Valle di Cadore, 1988; ancora a Valle di Cadore, casa del 1669; sempre a Valle di Cadore; casa della Cavallera del XIX secolo; casa di Vodo di Cadore del 1843.<\/p>\n<p>&nbsp;<\/p>\n<p>&nbsp;<\/p>\n<hr \/>\n<p>&nbsp;<\/p>\n<blockquote>\n<blockquote>\n<h2><a href=\"https:\/\/www.radiopiu.net\/wordpress\/speciale-solidarieta-veneto\/solidarieta-veneto-3\/\" rel=\"attachment wp-att-134366\"><img loading=\"lazy\" decoding=\"async\" class=\"wp-image-134366 alignleft\" src=\"https:\/\/www.radiopiu.net\/wordpress\/wp-content\/uploads\/2020\/05\/solidariet\u00e0-veneto-300x210.jpg\" alt=\"\" width=\"102\" height=\"71\" srcset=\"https:\/\/www.radiopiu.net\/wordpress\/wp-content\/uploads\/2020\/05\/solidariet\u00e0-veneto-300x210.jpg 300w, https:\/\/www.radiopiu.net\/wordpress\/wp-content\/uploads\/2020\/05\/solidariet\u00e0-veneto-1024x717.jpg 1024w, https:\/\/www.radiopiu.net\/wordpress\/wp-content\/uploads\/2020\/05\/solidariet\u00e0-veneto-768x538.jpg 768w, https:\/\/www.radiopiu.net\/wordpress\/wp-content\/uploads\/2020\/05\/solidariet\u00e0-veneto.jpg 1373w\" sizes=\"auto, (max-width: 102px) 100vw, 102px\" \/><\/a>SOLIDARIETA&#8217; VENETO FONDO PENSIONE, IN ONDA IL PRIMO VENERDI DEL MESE ALLE 10.30 E ALLE 19.00 QUINTA STAGIONE<\/h2>\n<\/blockquote>\n<h2><strong><span style=\"color: #ff0000;\">AUDIO LUGLIO 2021<\/span><\/strong><\/h2>\n<\/blockquote>\n<audio class=\"wp-audio-shortcode\" id=\"audio-220136-9\" preload=\"none\" style=\"width: 100%;\" controls=\"controls\"><source type=\"audio\/mpeg\" src=\"https:\/\/www.radiopiu.net\/wordpress\/wp-content\/uploads\/2021\/07\/solidarieta-veneto-luglio-2021.mp3?_=9\" \/><a href=\"https:\/\/www.radiopiu.net\/wordpress\/wp-content\/uploads\/2021\/07\/solidarieta-veneto-luglio-2021.mp3\">https:\/\/www.radiopiu.net\/wordpress\/wp-content\/uploads\/2021\/07\/solidarieta-veneto-luglio-2021.mp3<\/a><\/audio>\n<h2>LA RACCOLTA COMPLETA<\/h2>\n<blockquote class=\"wp-embedded-content\" data-secret=\"xJe7cFgy2x\"><p><a href=\"https:\/\/www.radiopiu.net\/wordpress\/solidarieta-veneto\/\">Solidariet\u00e0 Veneto<\/a><\/p><\/blockquote>\n<p><iframe loading=\"lazy\" class=\"wp-embedded-content\" sandbox=\"allow-scripts\" security=\"restricted\" style=\"position: absolute; clip: rect(1px, 1px, 1px, 1px);\" title=\"&#8220;Solidariet\u00e0 Veneto&#8221; &#8212; Radio Pi\u00f9\" src=\"https:\/\/www.radiopiu.net\/wordpress\/solidarieta-veneto\/embed\/#?secret=xJe7cFgy2x\" data-secret=\"xJe7cFgy2x\" width=\"600\" height=\"338\" frameborder=\"0\" marginwidth=\"0\" marginheight=\"0\" scrolling=\"no\"><\/iframe><\/p>\n<blockquote>\n<h2><\/h2>\n<\/blockquote>\n<p>&nbsp;<\/p>\n<hr \/>\n<p>&nbsp;<\/p>\n<h2><strong><span style=\"color: #ff0000;\">QUINDICINALE APPUNTAMENTO ALLA RADIO<\/span><\/strong><\/h2>\n<blockquote>\n<h3><a style=\"font-size: 14px; font-weight: normal;\" href=\"https:\/\/www.radiopiu.net\/wordpress\/giornale-radiopiu-06-febbraio-2019-direttore-mirko-mezzacasa\/logo_spi-cgil-800x445\/\" rel=\"attachment wp-att-75538\"><img loading=\"lazy\" decoding=\"async\" class=\"wp-image-75538 alignleft\" src=\"https:\/\/www.radiopiu.net\/wordpress\/wp-content\/uploads\/2019\/02\/Logo_Spi-CGIL-800x445-300x167.jpg\" alt=\"\" width=\"210\" height=\"117\" srcset=\"https:\/\/www.radiopiu.net\/wordpress\/wp-content\/uploads\/2019\/02\/Logo_Spi-CGIL-800x445-300x167.jpg 300w, https:\/\/www.radiopiu.net\/wordpress\/wp-content\/uploads\/2019\/02\/Logo_Spi-CGIL-800x445-768x427.jpg 768w, https:\/\/www.radiopiu.net\/wordpress\/wp-content\/uploads\/2019\/02\/Logo_Spi-CGIL-800x445.jpg 800w\" sizes=\"auto, (max-width: 210px) 100vw, 210px\" \/><\/a><\/h3>\n<\/blockquote>\n<blockquote>\n<h3>ALLA RADIO, APPUNTAMENTO QUINDICINALE CON SPI-CGIL BELLUNO, IN STUDIO MARIA RITA GENTILIN<\/h3>\n<\/blockquote>\n<p><strong>di Claudio Fontanive\u00a0<\/strong><\/p>\n<p><span style=\"color: #ff0000;\"><strong>PUNTATA DEL\u00a0 24 giugno 2021<\/strong><\/span><\/p>\n<audio class=\"wp-audio-shortcode\" id=\"audio-220136-10\" preload=\"none\" style=\"width: 100%;\" controls=\"controls\"><source type=\"audio\/mpeg\" src=\"https:\/\/www.radiopiu.net\/wordpress\/wp-content\/uploads\/2021\/06\/spig-gentilin-24-giugno.mp3?_=10\" \/><a href=\"https:\/\/www.radiopiu.net\/wordpress\/wp-content\/uploads\/2021\/06\/spig-gentilin-24-giugno.mp3\">https:\/\/www.radiopiu.net\/wordpress\/wp-content\/uploads\/2021\/06\/spig-gentilin-24-giugno.mp3<\/a><\/audio>\n<p>&nbsp;<\/p>\n<p>&nbsp;<\/p>\n<h2><\/h2>\n<hr \/>\n<p>&nbsp;<\/p>\n<div>\n<div class=\"b654a4as d2edcug0\">\n<div class=\"rq0escxv hkbzh7o3 jwdofwj8 n8tt0mok r8blr3vg hyh9befq\">\n<p><a class=\"dt-pswp-item\" href=\"https:\/\/www.radiopiu.net\/wordpress\/wp-content\/uploads\/2020\/10\/pp.jpg\" data-dt-img-description=\"\" data-large_image_width=\"640\" data-large_image_height=\"640\"><img loading=\"lazy\" decoding=\"async\" class=\"wp-image-163678 alignleft\" src=\"https:\/\/www.radiopiu.net\/wordpress\/wp-content\/uploads\/2020\/10\/pp-300x300.jpg\" alt=\"\" width=\"106\" height=\"106\" srcset=\"https:\/\/www.radiopiu.net\/wordpress\/wp-content\/uploads\/2020\/10\/pp-300x300.jpg 300w, https:\/\/www.radiopiu.net\/wordpress\/wp-content\/uploads\/2020\/10\/pp-150x150.jpg 150w, https:\/\/www.radiopiu.net\/wordpress\/wp-content\/uploads\/2020\/10\/pp-125x125.jpg 125w, https:\/\/www.radiopiu.net\/wordpress\/wp-content\/uploads\/2020\/10\/pp-200x200.jpg 200w, https:\/\/www.radiopiu.net\/wordpress\/wp-content\/uploads\/2020\/10\/pp-80x80.jpg 80w, https:\/\/www.radiopiu.net\/wordpress\/wp-content\/uploads\/2020\/10\/pp-480x480.jpg 480w, https:\/\/www.radiopiu.net\/wordpress\/wp-content\/uploads\/2020\/10\/pp.jpg 640w\" sizes=\"auto, (max-width: 106px) 100vw, 106px\" \/><\/a><\/p>\n<\/div>\n<\/div>\n<\/div>\n<div>\n<div class=\"page-title-head hgroup\">\n<div class=\"page-title-head hgroup\">\n<div class=\"b654a4as d2edcug0\">\n<div class=\"j83agx80 btwxx1t3 lhclo0ds hop8lmos nkwizq5d scwd0bx6 roh60bw9\">\n<div class=\"rq0escxv hkbzh7o3 jwdofwj8 n8tt0mok r8blr3vg hyh9befq\">\n<div class=\"do00u71z l9j0dhe7 k4urcfbm\">\n<h2><span style=\"color: #000080;\">DON CESARE, IL PENSIERO DEL GIORNO. ALLA RADIO ALLE 7 DEL MATTINO E ALLE 19.30 DELLA SERA.\u00a0\u00a0<\/span><\/h2>\n<\/div>\n<\/div>\n<\/div>\n<div class=\"rq0escxv hkbzh7o3 jwdofwj8 n8tt0mok r8blr3vg hyh9befq\"><\/div>\n<div>\n<audio class=\"wp-audio-shortcode\" id=\"audio-220136-11\" preload=\"none\" style=\"width: 100%;\" controls=\"controls\"><source type=\"audio\/mpeg\" src=\"https:\/\/www.radiopiu.net\/wordpress\/wp-content\/uploads\/2021\/07\/cesare-2.mp3?_=11\" \/><a href=\"https:\/\/www.radiopiu.net\/wordpress\/wp-content\/uploads\/2021\/07\/cesare-2.mp3\">https:\/\/www.radiopiu.net\/wordpress\/wp-content\/uploads\/2021\/07\/cesare-2.mp3<\/a><\/audio>\n<\/div>\n<\/div>\n<\/div>\n<div class=\"page-title-head hgroup\">\n<div class=\"b654a4as d2edcug0\">\n<p>&nbsp;<\/p>\n<p>&nbsp;<\/p>\n<hr \/>\n<p>&nbsp;<\/p>\n<h2><strong><span style=\"color: #ff0000;\">QUINDICINALE APPUNTAMENTO ALLA RADIO<\/span><\/strong><\/h2>\n<blockquote>\n<h3><a style=\"font-size: 14px; font-weight: normal;\" href=\"https:\/\/www.radiopiu.net\/wordpress\/giornale-radiopiu-06-febbraio-2019-direttore-mirko-mezzacasa\/logo_spi-cgil-800x445\/\" rel=\"attachment wp-att-75538\"><img loading=\"lazy\" decoding=\"async\" class=\"wp-image-75538 alignleft\" src=\"https:\/\/www.radiopiu.net\/wordpress\/wp-content\/uploads\/2019\/02\/Logo_Spi-CGIL-800x445-300x167.jpg\" alt=\"\" width=\"210\" height=\"117\" srcset=\"https:\/\/www.radiopiu.net\/wordpress\/wp-content\/uploads\/2019\/02\/Logo_Spi-CGIL-800x445-300x167.jpg 300w, https:\/\/www.radiopiu.net\/wordpress\/wp-content\/uploads\/2019\/02\/Logo_Spi-CGIL-800x445-768x427.jpg 768w, https:\/\/www.radiopiu.net\/wordpress\/wp-content\/uploads\/2019\/02\/Logo_Spi-CGIL-800x445.jpg 800w\" sizes=\"auto, (max-width: 210px) 100vw, 210px\" \/><\/a><\/h3>\n<\/blockquote>\n<blockquote>\n<h3>ALLA RADIO, APPUNTAMENTO QUINDICINALE CON SPI-CGIL BELLUNO, IN STUDIO MARIA RITA GENTILIN<\/h3>\n<\/blockquote>\n<p><strong>di Claudio Fontanive\u00a0<\/strong><\/p>\n<p><span style=\"color: #ff0000;\"><strong>PUNTATA DEL\u00a0 24 giugno 2021<\/strong><\/span><\/p>\n<audio class=\"wp-audio-shortcode\" id=\"audio-220136-12\" preload=\"none\" style=\"width: 100%;\" controls=\"controls\"><source type=\"audio\/mpeg\" src=\"https:\/\/www.radiopiu.net\/wordpress\/wp-content\/uploads\/2021\/06\/spig-gentilin-24-giugno.mp3?_=12\" \/><a href=\"https:\/\/www.radiopiu.net\/wordpress\/wp-content\/uploads\/2021\/06\/spig-gentilin-24-giugno.mp3\">https:\/\/www.radiopiu.net\/wordpress\/wp-content\/uploads\/2021\/06\/spig-gentilin-24-giugno.mp3<\/a><\/audio>\n<p>&nbsp;<\/p>\n<p>&nbsp;<\/p>\n<p>&nbsp;<\/p>\n<hr \/>\n<h2><span style=\"color: #ff6600;\">\u00a0<\/span><\/h2>\n<h2><span style=\"color: #ff6600;\">GIROVAGANDO ALLA RADIO, PUNTATA 07<\/span><\/h2>\n<h3><a href=\"https:\/\/www.radiopiu.net\/wordpress\/girovagando-alla-radio-puntata-07\/7e5e6826-d6af-41e7-bc59-7e2850487c52\/\" rel=\"attachment wp-att-219806\"><img loading=\"lazy\" decoding=\"async\" class=\"size-medium wp-image-219806 alignleft\" src=\"https:\/\/www.radiopiu.net\/wordpress\/wp-content\/uploads\/2021\/07\/7e5e6826-d6af-41e7-bc59-7e2850487c52-300x150.jpg\" alt=\"\" width=\"300\" height=\"150\" srcset=\"https:\/\/www.radiopiu.net\/wordpress\/wp-content\/uploads\/2021\/07\/7e5e6826-d6af-41e7-bc59-7e2850487c52-300x150.jpg 300w, https:\/\/www.radiopiu.net\/wordpress\/wp-content\/uploads\/2021\/07\/7e5e6826-d6af-41e7-bc59-7e2850487c52-1024x512.jpg 1024w, https:\/\/www.radiopiu.net\/wordpress\/wp-content\/uploads\/2021\/07\/7e5e6826-d6af-41e7-bc59-7e2850487c52-768x384.jpg 768w, https:\/\/www.radiopiu.net\/wordpress\/wp-content\/uploads\/2021\/07\/7e5e6826-d6af-41e7-bc59-7e2850487c52-1536x768.jpg 1536w, https:\/\/www.radiopiu.net\/wordpress\/wp-content\/uploads\/2021\/07\/7e5e6826-d6af-41e7-bc59-7e2850487c52.jpg 1600w\" sizes=\"auto, (max-width: 300px) 100vw, 300px\" \/><\/a>Collaborazione Thomas Soppera<\/h3>\n<p>&nbsp;<\/p>\n<p>&nbsp;<\/p>\n<p>&nbsp;<\/p>\n<p>&nbsp;<\/p>\n<p><strong>AUDIO PUNTATA 05 Luglio 2021<\/strong><\/p>\n<audio class=\"wp-audio-shortcode\" id=\"audio-220136-13\" preload=\"none\" style=\"width: 100%;\" controls=\"controls\"><source type=\"audio\/mpeg\" src=\"https:\/\/www.radiopiu.net\/wordpress\/wp-content\/uploads\/2021\/07\/GIROVAGANDO-07.mp3?_=13\" \/><a href=\"https:\/\/www.radiopiu.net\/wordpress\/wp-content\/uploads\/2021\/07\/GIROVAGANDO-07.mp3\">https:\/\/www.radiopiu.net\/wordpress\/wp-content\/uploads\/2021\/07\/GIROVAGANDO-07.mp3<\/a><\/audio>\n<h2><span style=\"color: #ff0000;\">LA RACCOLTA COMPLETA\u00a0<\/span><\/h2>\n<blockquote class=\"wp-embedded-content\" data-secret=\"nb5zV1UYgq\"><p><a href=\"https:\/\/www.radiopiu.net\/wordpress\/girovagando-in-e-bike-tra-le-dolomiti\/\">GIROVAGANDO IN E BIKE TRA LE DOLOMITI<\/a><\/p><\/blockquote>\n<p><iframe loading=\"lazy\" class=\"wp-embedded-content\" sandbox=\"allow-scripts\" security=\"restricted\" style=\"position: absolute; clip: rect(1px, 1px, 1px, 1px);\" title=\"&#8220;GIROVAGANDO IN E BIKE TRA LE DOLOMITI&#8221; &#8212; Radio Pi\u00f9\" src=\"https:\/\/www.radiopiu.net\/wordpress\/girovagando-in-e-bike-tra-le-dolomiti\/embed\/#?secret=nb5zV1UYgq\" data-secret=\"nb5zV1UYgq\" width=\"600\" height=\"338\" frameborder=\"0\" marginwidth=\"0\" marginheight=\"0\" scrolling=\"no\"><\/iframe><\/p>\n<p>&nbsp;<\/p>\n<hr \/>\n<p>&nbsp;<\/p>\n<blockquote><p><span style=\"color: #ff0000;\">\u00a0ALLA RADIO LA SETTIMA PUNTATA\u00a0<\/span><\/p><\/blockquote>\n<audio class=\"wp-audio-shortcode\" id=\"audio-220136-14\" preload=\"none\" style=\"width: 100%;\" controls=\"controls\"><source type=\"audio\/mpeg\" src=\"https:\/\/www.radiopiu.net\/wordpress\/wp-content\/uploads\/2021\/07\/FATTO07_BLUESLAND_podcast_Blues_in_Sedici.mp3?_=14\" \/><a href=\"https:\/\/www.radiopiu.net\/wordpress\/wp-content\/uploads\/2021\/07\/FATTO07_BLUESLAND_podcast_Blues_in_Sedici.mp3\">https:\/\/www.radiopiu.net\/wordpress\/wp-content\/uploads\/2021\/07\/FATTO07_BLUESLAND_podcast_Blues_in_Sedici.mp3<\/a><\/audio>\n<blockquote class=\"wp-embedded-content\" data-secret=\"B86Fur5GLa\"><p><a href=\"https:\/\/www.radiopiu.net\/wordpress\/da-ieri-alla-radio-in-palinsesto-loris-e-maurizio-con-la-grande-musica\/\">IL BLUES ALLA RADIO &#8230; COME NON L&#8217;AVETE MAI SENTITO PRIMA<\/a><\/p><\/blockquote>\n<p><iframe loading=\"lazy\" class=\"wp-embedded-content\" sandbox=\"allow-scripts\" security=\"restricted\" style=\"position: absolute; clip: rect(1px, 1px, 1px, 1px);\" title=\"&#8220;IL BLUES ALLA RADIO &#8230; COME NON L&#8217;AVETE MAI SENTITO PRIMA&#8221; &#8212; Radio Pi\u00f9\" src=\"https:\/\/www.radiopiu.net\/wordpress\/da-ieri-alla-radio-in-palinsesto-loris-e-maurizio-con-la-grande-musica\/embed\/#?secret=B86Fur5GLa\" data-secret=\"B86Fur5GLa\" width=\"600\" height=\"338\" frameborder=\"0\" marginwidth=\"0\" marginheight=\"0\" scrolling=\"no\"><\/iframe><\/p>\n<p>\u200b<\/p>\n<p>&nbsp;<\/p>\n<hr \/>\n<div>\n<div class=\"page-title-head hgroup\">\n<div class=\"page-title-head hgroup\">\n<div class=\"b654a4as d2edcug0\">\n<div>\n<p>&nbsp;<\/p>\n<\/div>\n<div><\/div>\n<h2>COLLAGE&#8230; DI LORIS SCUSSEL dal lunedi al venerdi alle 16 e alle 23 su RADIO PIU<\/h2>\n<div>\n<div>\n<div>\n<div>\n<div>\n<div>\n<div>\n<div>\n<div>\n<div>\n<div>\n<div>\n<div>\n<p>&nbsp;<\/p>\n<\/div>\n<\/div>\n<\/div>\n<div>\n<div>\n<div>\n<div>\n<div>\n<div>\n<div>\n<div>\n<div>\n<div>\n<p><strong>PUNTATA 382 DEL 6 luglio\u00a0 2021<\/strong><\/p>\n<audio class=\"wp-audio-shortcode\" id=\"audio-220136-15\" preload=\"none\" style=\"width: 100%;\" controls=\"controls\"><source type=\"audio\/mpeg\" src=\"https:\/\/www.radiopiu.net\/wordpress\/wp-content\/uploads\/2021\/07\/Collage-382.mp3?_=15\" \/><a href=\"https:\/\/www.radiopiu.net\/wordpress\/wp-content\/uploads\/2021\/07\/Collage-382.mp3\">https:\/\/www.radiopiu.net\/wordpress\/wp-content\/uploads\/2021\/07\/Collage-382.mp3<\/a><\/audio>\n<p>&nbsp;<\/p>\n<\/div>\n<\/div>\n<\/div>\n<\/div>\n<\/div>\n<\/div>\n<\/div>\n<\/div>\n<\/div>\n<div>\n<div>\n<div>\n<div>\n<div>\n<div>\n<div>\n<div>\n<p><img loading=\"lazy\" decoding=\"async\" class=\"alignleft\" src=\"https:\/\/www.radiopiu.net\/wordpress\/wp-content\/uploads\/2021\/05\/Schermata-2021-05-23-alle-11.50.11.png\" width=\"186\" height=\"131\" \/>Il programma \u00e8 andato in onda da dicembre 2013 fino a luglio 2019, comprese le repliche, in due serie per 350 puntate complessive con 1.890 brani trasmessi. L\u2019obiettivo del programma: riproporre agli ascoltatori pi\u00f9 grandicelli le canzoni che ascoltavano nel passato e nello stesso tempo farle conoscere anche ai pi\u00f9 giovani.<\/p>\n<\/div>\n<\/div>\n<\/div>\n<\/div>\n<\/div>\n<\/div>\n<\/div>\n<\/div>\n<\/div>\n<div>\n<div>\n<div>\n<p>&nbsp;<\/p>\n<\/div>\n<\/div>\n<\/div>\n<p>&nbsp;<\/p>\n<\/div>\n<\/div>\n<\/div>\n<\/div>\n<\/div>\n<\/div>\n<\/div>\n<\/div>\n<\/div>\n<div>\n<div>\n<div>\n<p>&nbsp;<\/p>\n<p>&nbsp;<\/p>\n<\/div>\n<\/div>\n<\/div>\n<\/div>\n<hr \/>\n<p>&nbsp;<\/p>\n<blockquote>\n<h2>FANTASTICHE DOLOMITI, NUOVA STAGIONE. APPUNTAMENTO QUINDICINALE IL GIOVEDI ALLE 10.30 E 19.00<\/h2>\n<\/blockquote>\n<blockquote class=\"wp-embedded-content\" data-secret=\"8lUZmWTzZP\"><p><a href=\"https:\/\/www.radiopiu.net\/wordpress\/raccolta-completa11\/\">FANTASTICHE DOLOMITI LA RACCOLTA COMPLETA<\/a><\/p><\/blockquote>\n<p><iframe loading=\"lazy\" class=\"wp-embedded-content\" sandbox=\"allow-scripts\" security=\"restricted\" style=\"position: absolute; clip: rect(1px, 1px, 1px, 1px);\" title=\"&#8220;FANTASTICHE DOLOMITI LA RACCOLTA COMPLETA&#8221; &#8212; Radio Pi\u00f9\" src=\"https:\/\/www.radiopiu.net\/wordpress\/raccolta-completa11\/embed\/#?secret=8lUZmWTzZP\" data-secret=\"8lUZmWTzZP\" width=\"600\" height=\"338\" frameborder=\"0\" marginwidth=\"0\" marginheight=\"0\" scrolling=\"no\"><\/iframe><\/p>\n<p>&nbsp;<\/p>\n<p>&nbsp;<\/p>\n<p>&nbsp;<\/p>\n<hr \/>\n<div>\n<div class=\"b654a4as d2edcug0\">\n<div class=\"rq0escxv hkbzh7o3 jwdofwj8 n8tt0mok r8blr3vg hyh9befq\">\n<div class=\"b654a4as d2edcug0\">\n<h2><span style=\"color: #008000;\">\u00a0<\/span><\/h2>\n<h2><span style=\"color: #008000;\">ERBE E PIANTE CURATIVE&#8230;IL\u00a0 PROGRAMMA DI PAOLA LANCIATO\u00a0\u00a0<\/span><\/h2>\n<p><a href=\"https:\/\/www.radiopiu.net\/wordpress\/mora-di-gelso\/\" rel=\"attachment wp-att-218554\"><img loading=\"lazy\" decoding=\"async\" class=\"wp-image-218554 alignleft\" src=\"https:\/\/www.radiopiu.net\/wordpress\/wp-content\/uploads\/2021\/06\/mora-di-gelso-300x213.jpg\" alt=\"\" width=\"113\" height=\"80\" srcset=\"https:\/\/www.radiopiu.net\/wordpress\/wp-content\/uploads\/2021\/06\/mora-di-gelso-300x213.jpg 300w, https:\/\/www.radiopiu.net\/wordpress\/wp-content\/uploads\/2021\/06\/mora-di-gelso.jpg 350w\" sizes=\"auto, (max-width: 113px) 100vw, 113px\" \/><\/a><\/p>\n<p>&nbsp;<\/p>\n<p><strong>\u00a0IL GELSO<\/strong><\/p>\n<audio class=\"wp-audio-shortcode\" id=\"audio-220136-16\" preload=\"none\" style=\"width: 100%;\" controls=\"controls\"><source type=\"audio\/mpeg\" src=\"https:\/\/www.radiopiu.net\/wordpress\/wp-content\/uploads\/2021\/06\/20-Il-gelso-M.mp3?_=16\" \/><a href=\"https:\/\/www.radiopiu.net\/wordpress\/wp-content\/uploads\/2021\/06\/20-Il-gelso-M.mp3\">https:\/\/www.radiopiu.net\/wordpress\/wp-content\/uploads\/2021\/06\/20-Il-gelso-M.mp3<\/a><\/audio>\n<p>&nbsp;<\/p>\n<\/div>\n<blockquote class=\"wp-embedded-content\" data-secret=\"PwMvv2F0lB\"><p><a href=\"https:\/\/www.radiopiu.net\/wordpress\/erbe-e-piante-curative-il-mandorlo\/\">L\u2019ERBA VOGLIO DEL GIARDINO DEL RE\u2026 ERBE, FIORI E PIANTE DI E CON PAOLA LANCIATO<\/a><\/p><\/blockquote>\n<p><iframe loading=\"lazy\" class=\"wp-embedded-content\" sandbox=\"allow-scripts\" security=\"restricted\" style=\"position: absolute; clip: rect(1px, 1px, 1px, 1px);\" title=\"&#8220;L\u2019ERBA VOGLIO DEL GIARDINO DEL RE\u2026 ERBE, FIORI E PIANTE DI E CON PAOLA LANCIATO&#8221; &#8212; Radio Pi\u00f9\" src=\"https:\/\/www.radiopiu.net\/wordpress\/erbe-e-piante-curative-il-mandorlo\/embed\/#?secret=PwMvv2F0lB\" data-secret=\"PwMvv2F0lB\" width=\"600\" height=\"338\" frameborder=\"0\" marginwidth=\"0\" marginheight=\"0\" scrolling=\"no\"><\/iframe><\/p>\n<p>&nbsp;<\/p>\n<\/div>\n<\/div>\n<\/div>\n<p>&nbsp;<\/p>\n<hr \/>\n<p>&nbsp;<\/p>\n<div>\n<h2><span style=\"color: #ff0000;\"><strong>IN VIVO VERSO 2020-21 ESTATE, RIASCOLTIAMOLI&#8230; DAL CASSETTO DEI RICORDI DI RADIO PIU&#8217;&#8230; LE PRIME\u00a0 SEI STAGIONI\u00a0 \u00a0<\/strong><\/span><\/h2>\n<div class=\"page-title-head hgroup\">\n<div class=\"page-title-head hgroup\">\n<div class=\"page-title-head hgroup\">\n<div class=\"page-title-head hgroup\">\n<div class=\"page-title-head hgroup\">\n<div class=\"page-title-head hgroup\">\n<blockquote>\n<h3>riascoltiamole IL SOGNO NEL SOGNO di ROBERTO GHENO<\/h3>\n<p><strong>AUDIO<\/strong><\/p>\n<audio class=\"wp-audio-shortcode\" id=\"audio-220136-17\" preload=\"none\" style=\"width: 100%;\" controls=\"controls\"><source type=\"audio\/mpeg\" src=\"https:\/\/www.radiopiu.net\/wordpress\/wp-content\/uploads\/2021\/07\/VIVO-VERSO-MAR.mp3?_=17\" \/><a href=\"https:\/\/www.radiopiu.net\/wordpress\/wp-content\/uploads\/2021\/07\/VIVO-VERSO-MAR.mp3\">https:\/\/www.radiopiu.net\/wordpress\/wp-content\/uploads\/2021\/07\/VIVO-VERSO-MAR.mp3<\/a><\/audio>\n<p>&nbsp;<\/p>\n<p>&nbsp;<\/p>\n<p><strong>LA RACCOLTA COMPLETA<\/strong><\/p><\/blockquote>\n<\/div>\n<\/div>\n<\/div>\n<\/div>\n<\/div>\n<\/div>\n<blockquote class=\"wp-embedded-content\" data-secret=\"WIq2XsRIz3\"><p><a href=\"https:\/\/www.radiopiu.net\/wordpress\/in-vivo-verso\/\">In Vivo Verso<\/a><\/p><\/blockquote>\n<p><iframe loading=\"lazy\" class=\"wp-embedded-content\" sandbox=\"allow-scripts\" security=\"restricted\" style=\"position: absolute; clip: rect(1px, 1px, 1px, 1px);\" title=\"&#8220;In Vivo Verso&#8221; &#8212; Radio Pi\u00f9\" src=\"https:\/\/www.radiopiu.net\/wordpress\/in-vivo-verso\/embed\/#?secret=WIq2XsRIz3\" data-secret=\"WIq2XsRIz3\" width=\"600\" height=\"338\" frameborder=\"0\" marginwidth=\"0\" marginheight=\"0\" scrolling=\"no\"><\/iframe><\/p>\n<p>&nbsp;<\/p>\n<hr \/>\n<\/div>\n<blockquote>\n<blockquote>\n<h2><\/h2>\n<\/blockquote>\n<\/blockquote>\n<div>\n<div class=\"b654a4as d2edcug0\">\n<div class=\"rq0escxv hkbzh7o3 jwdofwj8 n8tt0mok r8blr3vg hyh9befq\">\n<blockquote>\n<h2><span style=\"color: #ff0000;\"><em>ZAINO ALLA RADIO&#8230;ESTATE DI PAOLA LANCIATO TUTTI I GIORNI dal lunedi al venerdi ALLE 14 E 23.30\u00a0 \u00a0<\/em><\/span><\/h2>\n<\/blockquote>\n<div class=\"b654a4as d2edcug0\">\n<blockquote>\n<h2>A COMACCHIO, CON PAOLA LANCIATO E IL SUO ZAINO DA VIAGGIO<\/h2>\n<\/blockquote>\n<p><strong>AUDIO<\/strong><\/p>\n<audio class=\"wp-audio-shortcode\" id=\"audio-220136-18\" preload=\"none\" style=\"width: 100%;\" controls=\"controls\"><source type=\"audio\/mpeg\" src=\"https:\/\/www.radiopiu.net\/wordpress\/wp-content\/uploads\/2021\/07\/42-Comacchio-M.mp3?_=18\" \/><a href=\"https:\/\/www.radiopiu.net\/wordpress\/wp-content\/uploads\/2021\/07\/42-Comacchio-M.mp3\">https:\/\/www.radiopiu.net\/wordpress\/wp-content\/uploads\/2021\/07\/42-Comacchio-M.mp3<\/a><\/audio>\n<p><img loading=\"lazy\" decoding=\"async\" class=\"\" src=\"https:\/\/www.radiopiu.net\/wordpress\/wp-content\/uploads\/2021\/07\/42.jpg\" width=\"256\" height=\"163\" \/><\/p>\n<p>&nbsp;<\/p>\n<p>&nbsp;<\/p>\n<p><strong>LA RACCOLTA COMPLETA<\/strong><\/p>\n<\/div>\n<blockquote class=\"wp-embedded-content\" data-secret=\"NYNrqPPpVq\"><p><a href=\"https:\/\/www.radiopiu.net\/wordpress\/zaino-femminile-lanciato\/\">Zaino da viaggio al femminile<\/a><\/p><\/blockquote>\n<p><iframe loading=\"lazy\" class=\"wp-embedded-content\" sandbox=\"allow-scripts\" security=\"restricted\" style=\"position: absolute; clip: rect(1px, 1px, 1px, 1px);\" title=\"&#8220;Zaino da viaggio al femminile&#8221; &#8212; Radio Pi\u00f9\" src=\"https:\/\/www.radiopiu.net\/wordpress\/zaino-femminile-lanciato\/embed\/#?secret=NYNrqPPpVq\" data-secret=\"NYNrqPPpVq\" width=\"600\" height=\"338\" frameborder=\"0\" marginwidth=\"0\" marginheight=\"0\" scrolling=\"no\"><\/iframe><\/p>\n<p>&nbsp;<\/p>\n<\/div>\n<\/div>\n<\/div>\n<hr \/>\n<p>&nbsp;<\/p>\n<div>\n<h2><span style=\"color: #800080;\"><strong>LA RASSEGNA STAMPA DA L&#8217;AMICO DEL POPOLO\u00a0<\/strong><\/span><\/h2>\n<h3 class=\"kvgmc6g5 cxmmr5t8 oygrvhab hcukyx3x c1et5uql\"><span style=\"color: #0000ff;\"> INFORMAZIONE il canale su TELEGRAM informazione di prima mano e in tempo reale. iscriviti ed aiutaci a farlo conoscere\u00a0\u00a0<\/span><\/h3>\n<p><a class=\"dt-pswp-item\" href=\"https:\/\/www.radiopiu.net\/wordpress\/wp-content\/uploads\/2020\/02\/Manuel_Conedera.jpg\" data-dt-img-description=\"\" data-large_image_width=\"512\" data-large_image_height=\"512\"><img loading=\"lazy\" decoding=\"async\" class=\"wp-image-119145 alignleft\" src=\"https:\/\/www.radiopiu.net\/wordpress\/wp-content\/uploads\/2020\/02\/Manuel_Conedera-300x300.jpg\" alt=\"\" width=\"187\" height=\"187\" srcset=\"https:\/\/www.radiopiu.net\/wordpress\/wp-content\/uploads\/2020\/02\/Manuel_Conedera-300x300.jpg 300w, https:\/\/www.radiopiu.net\/wordpress\/wp-content\/uploads\/2020\/02\/Manuel_Conedera-150x150.jpg 150w, https:\/\/www.radiopiu.net\/wordpress\/wp-content\/uploads\/2020\/02\/Manuel_Conedera.jpg 512w\" sizes=\"auto, (max-width: 187px) 100vw, 187px\" \/><\/a><\/p>\n<p>&nbsp;<\/p>\n<p><strong>AUDIO\u00a0<\/strong><\/p>\n<p><strong>DI GIANNI SANTOMASO<\/strong><\/p>\n<audio class=\"wp-audio-shortcode\" id=\"audio-220136-19\" preload=\"none\" style=\"width: 100%;\" controls=\"controls\"><source type=\"audio\/mpeg\" src=\"https:\/\/www.radiopiu.net\/wordpress\/wp-content\/uploads\/2021\/07\/RASSEGNA-GIANNI.mp3?_=19\" \/><a href=\"https:\/\/www.radiopiu.net\/wordpress\/wp-content\/uploads\/2021\/07\/RASSEGNA-GIANNI.mp3\">https:\/\/www.radiopiu.net\/wordpress\/wp-content\/uploads\/2021\/07\/RASSEGNA-GIANNI.mp3<\/a><\/audio>\n<p>&nbsp;<\/p>\n<p>&nbsp;<\/p>\n<p>&nbsp;<\/p>\n<hr \/>\n<p>&nbsp;<\/p>\n<h2><span style=\"color: #3366ff;\">SALUTE E SOCIETA&#8217;<\/span><\/h2>\n<p><strong>LA PUNTATA DELLA SETTIMANA del 05 LUGLIO<\/strong><\/p>\n<\/div>\n<div dir=\"auto\">\n<p><img loading=\"lazy\" decoding=\"async\" class=\"size-medium wp-image-219969 alignleft\" src=\"https:\/\/www.radiopiu.net\/wordpress\/wp-content\/uploads\/2021\/07\/6c77b7ed-94b7-9355-3e85-090f2ae17079-300x169.png\" alt=\"\" width=\"300\" height=\"169\" srcset=\"https:\/\/www.radiopiu.net\/wordpress\/wp-content\/uploads\/2021\/07\/6c77b7ed-94b7-9355-3e85-090f2ae17079-300x169.png 300w, https:\/\/www.radiopiu.net\/wordpress\/wp-content\/uploads\/2021\/07\/6c77b7ed-94b7-9355-3e85-090f2ae17079-1024x576.png 1024w, https:\/\/www.radiopiu.net\/wordpress\/wp-content\/uploads\/2021\/07\/6c77b7ed-94b7-9355-3e85-090f2ae17079-768x432.png 768w, https:\/\/www.radiopiu.net\/wordpress\/wp-content\/uploads\/2021\/07\/6c77b7ed-94b7-9355-3e85-090f2ae17079.png 1280w\" sizes=\"auto, (max-width: 300px) 100vw, 300px\" \/><span style=\"color: #111111;\">La dieta chetogenica si basa sulla riduzione dei carboidrati alimentari, questa carenza obbliga l\u2019organismo a produrre autonomamente il glucosio necessario alla sopravvivenza e ad aumentare il consumo dei grassi contenuti nel tessuto adiposo. <\/span>Abbiamo approfondito l\u2019argomento con Giovanni Spera, Professore di Medicina Interna ed Endocrinologia -Sapienza Universit\u00e0 di Roma, Presidente eletto della Societ\u00e0 Italiana per lo Studio dei Distrbi del Comportamenti Alimentare e dell\u2019Obesit\u00e0<\/p>\n<audio class=\"wp-audio-shortcode\" id=\"audio-220136-20\" preload=\"none\" style=\"width: 100%;\" controls=\"controls\"><source type=\"audio\/mpeg\" src=\"https:\/\/www.radiopiu.net\/wordpress\/wp-content\/uploads\/2021\/07\/SALUTE.mp3?_=20\" \/><a href=\"https:\/\/www.radiopiu.net\/wordpress\/wp-content\/uploads\/2021\/07\/SALUTE.mp3\">https:\/\/www.radiopiu.net\/wordpress\/wp-content\/uploads\/2021\/07\/SALUTE.mp3<\/a><\/audio>\n<p><strong>LA RACCOLTA COMPLETA<\/strong><\/p>\n<blockquote class=\"wp-embedded-content\" data-secret=\"2uL5iwZb0N\"><p><a href=\"https:\/\/www.radiopiu.net\/wordpress\/saluteesocieta\/\">Salute e Societ\u00e0<\/a><\/p><\/blockquote>\n<p><iframe loading=\"lazy\" class=\"wp-embedded-content\" sandbox=\"allow-scripts\" security=\"restricted\" style=\"position: absolute; clip: rect(1px, 1px, 1px, 1px);\" title=\"&#8220;Salute e Societ\u00e0&#8221; &#8212; Radio Pi\u00f9\" src=\"https:\/\/www.radiopiu.net\/wordpress\/saluteesocieta\/embed\/#?secret=2uL5iwZb0N\" data-secret=\"2uL5iwZb0N\" width=\"600\" height=\"338\" frameborder=\"0\" marginwidth=\"0\" marginheight=\"0\" scrolling=\"no\"><\/iframe><\/p>\n<\/div>\n<div dir=\"auto\">\n<h1><\/h1>\n<\/div>\n<div>\n<div class=\"page-title-head hgroup\">\n<div class=\"page-title-head hgroup\">\n<div class=\"page-title-head hgroup\">\n<div>\n<div class=\"b654a4as d2edcug0\">\n<div class=\"rq0escxv hkbzh7o3 jwdofwj8 n8tt0mok r8blr3vg hyh9befq\">\n<hr \/>\n<\/div>\n<\/div>\n<\/div>\n<div>\n<div class=\"page-title-head hgroup\">\n<div class=\"page-title-head hgroup\">\n<div>\n<div class=\"b654a4as d2edcug0\">\n<p>&nbsp;<\/p>\n<blockquote>\n<h3><img loading=\"lazy\" decoding=\"async\" class=\"alignleft\" src=\"https:\/\/www.radiopiu.net\/wordpress\/wp-content\/uploads\/2021\/06\/fresh-flower-leaves-saffron-white-background-place-your-text-use-saffron-spice-cooking-cosmetology_347372-394.jpeg\" width=\"141\" height=\"94\" \/>L&#8217;ALMANACCO LADINO CON L&#8217;ISTITUT CESA DE JAN QUINDICINALE APPUNTAMENTO. LA DOMENICA ALLE 9 IL LUNEDI ALLE 8.35 IL MARTEDI ALLE 12.35 IL MERCOLEDI ALLE 18.35. SECONDA STAGIONE.<\/h3>\n<p><strong>PUNTATA DEL 05 LUGLIO<\/strong><\/p><\/blockquote>\n<audio class=\"wp-audio-shortcode\" id=\"audio-220136-21\" preload=\"none\" style=\"width: 100%;\" controls=\"controls\"><source type=\"audio\/mpeg\" src=\"https:\/\/www.radiopiu.net\/wordpress\/wp-content\/uploads\/2021\/07\/62\u00b0Almanacco-Ladino_Fodom.mp3?_=21\" \/><a href=\"https:\/\/www.radiopiu.net\/wordpress\/wp-content\/uploads\/2021\/07\/62\u00b0Almanacco-Ladino_Fodom.mp3\">https:\/\/www.radiopiu.net\/wordpress\/wp-content\/uploads\/2021\/07\/62\u00b0Almanacco-Ladino_Fodom.mp3<\/a><\/audio>\n<p>&nbsp;<\/p>\n<p><strong>RACCOLTA COMPLETA\u00a0<\/strong><\/p>\n<blockquote class=\"wp-embedded-content\" data-secret=\"MD9uyHVX4O\"><p><a href=\"https:\/\/www.radiopiu.net\/wordpress\/almanacco-ladino\/\">Almanacco Ladino<\/a><\/p><\/blockquote>\n<p><iframe loading=\"lazy\" class=\"wp-embedded-content\" sandbox=\"allow-scripts\" security=\"restricted\" style=\"position: absolute; clip: rect(1px, 1px, 1px, 1px);\" title=\"&#8220;Almanacco Ladino&#8221; &#8212; Radio Pi\u00f9\" src=\"https:\/\/www.radiopiu.net\/wordpress\/almanacco-ladino\/embed\/#?secret=MD9uyHVX4O\" data-secret=\"MD9uyHVX4O\" width=\"600\" height=\"338\" frameborder=\"0\" marginwidth=\"0\" marginheight=\"0\" scrolling=\"no\"><\/iframe><\/p>\n<div dir=\"auto\"><\/div>\n<\/div>\n<div>\n<p>&nbsp;<\/p>\n<hr \/>\n<h2><span style=\"color: #808000;\">DUE MINUTI UN LIBRO\u00a0 TUTTI I GIORNI ALLA RADIO ALLE 9.30 E ALLE 18. QUINTA STAGIONE\u00a0<\/span><\/h2>\n<\/div>\n<div>\n<blockquote class=\"wp-embedded-content\" data-secret=\"jnSmMNkdo7\"><p><a href=\"https:\/\/www.radiopiu.net\/wordpress\/riconosci-e-guarisci-te-stesso\/\">RICONOSCI E GUARISCI TE STESSO<\/a><\/p><\/blockquote>\n<p><iframe loading=\"lazy\" class=\"wp-embedded-content\" sandbox=\"allow-scripts\" security=\"restricted\" style=\"position: absolute; clip: rect(1px, 1px, 1px, 1px);\" title=\"&#8220;RICONOSCI E GUARISCI TE STESSO&#8221; &#8212; Radio Pi\u00f9\" src=\"https:\/\/www.radiopiu.net\/wordpress\/riconosci-e-guarisci-te-stesso\/embed\/#?secret=jnSmMNkdo7\" data-secret=\"jnSmMNkdo7\" width=\"600\" height=\"338\" frameborder=\"0\" marginwidth=\"0\" marginheight=\"0\" scrolling=\"no\"><\/iframe><\/p>\n<p><strong>LA RACCOLTA COMPLETA\u00a0\u00a0<\/strong><\/p>\n<blockquote class=\"wp-embedded-content\" data-secret=\"WV6IwNPs9K\"><p><a href=\"https:\/\/www.radiopiu.net\/wordpress\/due-minuti-un-libro\/\">Due minuti un libro<\/a><\/p><\/blockquote>\n<p><iframe loading=\"lazy\" class=\"wp-embedded-content\" sandbox=\"allow-scripts\" security=\"restricted\" style=\"position: absolute; clip: rect(1px, 1px, 1px, 1px);\" title=\"&#8220;Due minuti un libro&#8221; &#8212; Radio Pi\u00f9\" src=\"https:\/\/www.radiopiu.net\/wordpress\/due-minuti-un-libro\/embed\/#?secret=WV6IwNPs9K\" data-secret=\"WV6IwNPs9K\" width=\"600\" height=\"338\" frameborder=\"0\" marginwidth=\"0\" marginheight=\"0\" scrolling=\"no\"><\/iframe><\/p>\n<p>&nbsp;<\/p>\n<hr \/>\n<p>\u200b<\/p>\n<div>\n<h2><span style=\"color: #33cccc;\">I RACCONTI DI PAOLO SOPPELSA il lunedi alle 9.30 e 18.30<\/span><\/h2>\n<p><span style=\"color: #0000ff;\">INFORMAZIONE il canale su TELEGRAM informazione di prima mano e in tempo reale. iscriviti ed aiutaci a farlo conoscere\u00a0\u00a0<\/span><\/p>\n<blockquote class=\"wp-embedded-content\" data-secret=\"lGFRCdDWRn\"><p><a href=\"https:\/\/www.radiopiu.net\/wordpress\/i-racconti-di-paolo-soppelsa-ottantaduesima-puntata\/\">I RACCONTI DI PAOLO SOPPELSA OTTANTADUESIMA PUNTATA<\/a><\/p><\/blockquote>\n<p><iframe loading=\"lazy\" class=\"wp-embedded-content\" sandbox=\"allow-scripts\" security=\"restricted\" style=\"position: absolute; clip: rect(1px, 1px, 1px, 1px);\" title=\"&#8220;I RACCONTI DI PAOLO SOPPELSA OTTANTADUESIMA PUNTATA&#8221; &#8212; Radio Pi\u00f9\" src=\"https:\/\/www.radiopiu.net\/wordpress\/i-racconti-di-paolo-soppelsa-ottantaduesima-puntata\/embed\/#?secret=lGFRCdDWRn\" data-secret=\"lGFRCdDWRn\" width=\"600\" height=\"338\" frameborder=\"0\" marginwidth=\"0\" marginheight=\"0\" scrolling=\"no\"><\/iframe><\/p>\n<p>&nbsp;<\/p>\n<blockquote class=\"wp-embedded-content\" data-secret=\"YoBvVuXVLZ\"><p><a href=\"https:\/\/www.radiopiu.net\/wordpress\/i-racconti-di-paolo-soppelsa\/\">I racconti di Paolo Soppelsa<\/a><\/p><\/blockquote>\n<p><iframe loading=\"lazy\" class=\"wp-embedded-content\" sandbox=\"allow-scripts\" security=\"restricted\" style=\"position: absolute; clip: rect(1px, 1px, 1px, 1px);\" title=\"&#8220;I racconti di Paolo Soppelsa&#8221; &#8212; Radio Pi\u00f9\" src=\"https:\/\/www.radiopiu.net\/wordpress\/i-racconti-di-paolo-soppelsa\/embed\/#?secret=YoBvVuXVLZ\" data-secret=\"YoBvVuXVLZ\" width=\"600\" height=\"338\" frameborder=\"0\" marginwidth=\"0\" marginheight=\"0\" scrolling=\"no\"><\/iframe><\/p>\n<p>&nbsp;<\/p>\n<p>&nbsp;<\/p>\n<\/div>\n<\/div>\n<hr \/>\n<p>&nbsp;<\/p>\n<h2><strong><span style=\"color: #ff0000;\">ALLA RADIO<\/span><\/strong><\/h2>\n<div data-offset-key=\"5n5nl-0-0\">\n<h3>Per ricevere gli aggiornamenti in tempo reale delle notizie pubblicate alla radio e sul sito di radio pi\u00f9 iscriviti al gruppo RADIO PIU INFORMAZIONE su Telegram.\u00a0\u00a0<a href=\"https:\/\/t.me\/radiopiu\">clicca qui<\/a><\/h3>\n<p>&nbsp;<\/p>\n<\/div>\n<blockquote><p><strong><a href=\"https:\/\/www.radiopiu.net\/wordpress\/cassa-solidarieta-luxottica-puntata-del-19-giugno-2020\/cslxo-2\/\" rel=\"attachment wp-att-145244\"><img loading=\"lazy\" decoding=\"async\" class=\"size-medium wp-image-145244 alignleft\" src=\"https:\/\/www.radiopiu.net\/wordpress\/wp-content\/uploads\/2020\/06\/cassa-solidarieta-luxottica-300x148.jpg\" alt=\"\" width=\"300\" height=\"148\" srcset=\"https:\/\/www.radiopiu.net\/wordpress\/wp-content\/uploads\/2020\/06\/cassa-solidarieta-luxottica-300x148.jpg 300w, https:\/\/www.radiopiu.net\/wordpress\/wp-content\/uploads\/2020\/06\/cassa-solidarieta-luxottica-1024x504.jpg 1024w, https:\/\/www.radiopiu.net\/wordpress\/wp-content\/uploads\/2020\/06\/cassa-solidarieta-luxottica-768x378.jpg 768w, https:\/\/www.radiopiu.net\/wordpress\/wp-content\/uploads\/2020\/06\/cassa-solidarieta-luxottica.jpg 1167w\" sizes=\"auto, (max-width: 300px) 100vw, 300px\" \/><\/a>di Claudio Fontanive<\/strong><\/p>\n<p>OSPITI: Paolo Chissal\u00e8 e Fabrizio Campedel<\/p>\n<p>&nbsp;<\/p>\n<p>&nbsp;<\/p>\n<h2><\/h2>\n<\/blockquote>\n<blockquote class=\"wp-embedded-content\" data-secret=\"zi8Dnl44fr\"><p><a href=\"https:\/\/www.radiopiu.net\/wordpress\/cassa-solidarieta-luxottica-puntata-del-16-ottobre-2020\/\">CASSA SOLIDARIET\u00c0 LUXOTTICA &#8211; TUTTE LE PUNTATE<\/a><\/p><\/blockquote>\n<p><iframe loading=\"lazy\" class=\"wp-embedded-content\" sandbox=\"allow-scripts\" security=\"restricted\" style=\"position: absolute; clip: rect(1px, 1px, 1px, 1px);\" title=\"&#8220;CASSA SOLIDARIET\u00c0 LUXOTTICA &#8211; TUTTE LE PUNTATE&#8221; &#8212; Radio Pi\u00f9\" src=\"https:\/\/www.radiopiu.net\/wordpress\/cassa-solidarieta-luxottica-puntata-del-16-ottobre-2020\/embed\/#?secret=zi8Dnl44fr\" data-secret=\"zi8Dnl44fr\" width=\"600\" height=\"338\" frameborder=\"0\" marginwidth=\"0\" marginheight=\"0\" scrolling=\"no\"><\/iframe><\/p>\n<div>\n<p>&nbsp;<\/p>\n<\/div>\n<\/div>\n<div class=\"page-title-head hgroup\">\n<div>\n<div class=\"b654a4as d2edcug0\">\n<hr \/>\n<\/div>\n<\/div>\n<p>&nbsp;<\/p>\n<p><a href=\"https:\/\/www.radiopiu.net\/wordpress\/giornale-radiopiu-26-settembre-2018-direttore-mirko-mezzacasa\/viabilita-2\/\" rel=\"attachment wp-att-61954\"><img loading=\"lazy\" decoding=\"async\" class=\"wp-image-61954 size-full aligncenter\" src=\"https:\/\/www.radiopiu.net\/wordpress\/wp-content\/uploads\/2018\/09\/viabilita.jpeg\" alt=\"\" width=\"800\" height=\"100\" srcset=\"https:\/\/www.radiopiu.net\/wordpress\/wp-content\/uploads\/2018\/09\/viabilita.jpeg 800w, https:\/\/www.radiopiu.net\/wordpress\/wp-content\/uploads\/2018\/09\/viabilita-300x38.jpeg 300w, https:\/\/www.radiopiu.net\/wordpress\/wp-content\/uploads\/2018\/09\/viabilita-768x96.jpeg 768w\" sizes=\"auto, (max-width: 800px) 100vw, 800px\" \/><\/a><\/p>\n<blockquote><p>&nbsp;<\/p><\/blockquote>\n<\/div>\n<\/div>\n<\/div>\n<\/div>\n<\/div>\n<\/div>\n<\/div>\n<\/div>\n<div><\/div>\n<div>\n<div>\n<div>\n<div>\n<div class=\"page-title-head hgroup\">\n<div class=\"page-title-head hgroup\">\n<div class=\"page-title-head hgroup\">\n<div>\n<div>\n<div class=\"page-title-head hgroup\">\n<div class=\"page-title-head hgroup\">\n<div class=\"page-title-head hgroup\">\n<blockquote><p><a href=\"https:\/\/www.radiopiu.net\/wordpress\/giornale-radiopiu-09-agosto-2018-direttore-mirko-mezzacasa\/viabilia\/\" rel=\"attachment wp-att-57053\"><img loading=\"lazy\" decoding=\"async\" class=\" wp-image-57053 alignleft\" src=\"https:\/\/www.radiopiu.net\/wordpress\/wp-content\/uploads\/2018\/08\/VIABILIA-300x180.jpeg\" alt=\"\" width=\"220\" height=\"132\" srcset=\"https:\/\/www.radiopiu.net\/wordpress\/wp-content\/uploads\/2018\/08\/VIABILIA-300x180.jpeg 300w, https:\/\/www.radiopiu.net\/wordpress\/wp-content\/uploads\/2018\/08\/VIABILIA-768x461.jpeg 768w, https:\/\/www.radiopiu.net\/wordpress\/wp-content\/uploads\/2018\/08\/VIABILIA-1024x614.jpeg 1024w, https:\/\/www.radiopiu.net\/wordpress\/wp-content\/uploads\/2018\/08\/VIABILIA.jpeg 1280w\" sizes=\"auto, (max-width: 220px) 100vw, 220px\" \/><\/a>La viabilit\u00e0 con gli ultimi aggiornamenti<\/p><\/blockquote>\n<\/div>\n<\/div>\n<\/div>\n<\/div>\n<\/div>\n<\/div>\n<\/div>\n<\/div>\n<\/div>\n<\/div>\n<\/div>\n<div><\/div>\n<div><\/div>\n<div>\n<div>\n<div class=\"page-title-head hgroup\">\n<p>&nbsp;<\/p>\n<audio class=\"wp-audio-shortcode\" id=\"audio-220136-22\" preload=\"none\" style=\"width: 100%;\" controls=\"controls\"><source type=\"audio\/mpeg\" src=\"https:\/\/www.radiopiu.net\/wordpress\/wp-content\/uploads\/2021\/07\/VIABILITA-2.mp3?_=22\" \/><a href=\"https:\/\/www.radiopiu.net\/wordpress\/wp-content\/uploads\/2021\/07\/VIABILITA-2.mp3\">https:\/\/www.radiopiu.net\/wordpress\/wp-content\/uploads\/2021\/07\/VIABILITA-2.mp3<\/a><\/audio>\n<p>&nbsp;<\/p>\n<p>&nbsp;<\/p>\n<hr \/>\n<p>&nbsp;<\/p>\n<\/div>\n<\/div>\n<\/div>\n<\/div>\n<div>\n<div class=\"page-title-head hgroup\" style=\"text-align: left;\">\n<div class=\"page-title-head hgroup\">\n<div dir=\"auto\">\n<p><a class=\"dt-pswp-item pspw-wrap-ready\" href=\"https:\/\/i0.wp.com\/www.radiopiu.net\/wordpress\/wp-content\/uploads\/2018\/09\/WhatsApp-Image-2018-09-20-at-16.04.06.jpeg?ssl=1\" data-dt-img-description=\"\" data-large_image_width=\"800\" data-large_image_height=\"100\"><img loading=\"lazy\" decoding=\"async\" class=\"aligncenter wp-image-61378 size-full jetpack-lazy-image jetpack-lazy-image--handled\" src=\"https:\/\/i0.wp.com\/www.radiopiu.net\/wordpress\/wp-content\/uploads\/2018\/09\/WhatsApp-Image-2018-09-20-at-16.04.06.jpeg?resize=800%2C100&amp;ssl=1\" sizes=\"auto, (max-width: 800px) 100vw, 800px\" srcset=\"https:\/\/i0.wp.com\/www.radiopiu.net\/wordpress\/wp-content\/uploads\/2018\/09\/WhatsApp-Image-2018-09-20-at-16.04.06.jpeg?w=800&amp;ssl=1 800w, https:\/\/i0.wp.com\/www.radiopiu.net\/wordpress\/wp-content\/uploads\/2018\/09\/WhatsApp-Image-2018-09-20-at-16.04.06.jpeg?resize=300%2C38&amp;ssl=1 300w, https:\/\/i0.wp.com\/www.radiopiu.net\/wordpress\/wp-content\/uploads\/2018\/09\/WhatsApp-Image-2018-09-20-at-16.04.06.jpeg?resize=768%2C96&amp;ssl=1 768w\" alt=\"\" width=\"800\" height=\"100\" data-lazy-loaded=\"1\" \/><\/a><\/p>\n<div style=\"text-align: left;\"><center><\/center><center>\u00a0<\/center><\/div>\n<\/div>\n<\/div>\n<\/div>\n<\/div>\n<\/div>\n<\/div>\n<\/div>\n<\/div>\n<div>\n<div><\/div>\n<\/div>\n<\/div>\n<\/div>\n<\/div>\n<\/div>\n<p><center><b>Mercoledi 7<\/b><\/center><b>Tempo atteso: <\/b>Giornata molto calda e soleggiata, con cielo sereno o al pi\u00f9 poco nuvoloso nel pomeriggio a ridosso dei rilievi per la formazione di cumuli, anche di addensamenti sui settori dolomitici pi\u00f9 occidentali. In alta quota l&#8217;atmosfera risulter\u00e0 in parte ventosa, specie sulle cime dolomitiche pi\u00f9 alte.<br \/>\n<b>Precipitazioni: <\/b>Assenti (0%), salvo qualche piovasco (10%) sulle Dolomiti occidentali a ridosso del Trentino.<br \/>\n<b>Temperature: <\/b>In ulteriore generale aumento, eccetto stazionariet\u00e0 delle massime sulle cime pi\u00f9 alte, con valori massimi di 4-5\u00b0C superiori alla norma. Sono previste punte di 31\/32\u00b0C nei fondovalle prealpini e di 26\/28\u00b0C a 1000\/1200 m. Su Prealpi a 1500 m min 15\u00b0C, max 22\u00b0C, a 2000 m min 14\u00b0C, max 18\u00b0C, su Dolomiti a 2000 m min 13\u00b0C, max 20\u00b0C, a 3000 m min 7\u00b0C, max 10\u00b0C.<br \/>\n<b>Venti: <\/b>Nelle valli deboli per brezze, localmente e a tratti moderati nei settori solitamente pi\u00f9 ventilati; in quota moderati\/tesi da sud-ovest, a tratti forti sulle vette dolomitiche pi\u00f9 alte, a 10-20 km\/h a 2000 m e 30-45 km\/h a 3000 m.<\/p>\n<hr \/>\n<p><center><b>Giovedi 8<\/b><\/center><b>Tempo atteso: <\/b>Inizialmente tempo ancora soleggiato, nonostante qualche annuvolamento medio-alto. Al pomeriggio crescente attivit\u00e0 cumuliforme con forte sviluppo di addensamenti e primi sporadici fenomeni, prima di una fase assai pi\u00f9 instabile e temporalesca nel tardo pomeriggio\/sera. Episodio che potrebbe proseguire nottetempo. Contesto termico sempre estivo e un po&#8217; pi\u00f9 afoso nei fondovalle.<br \/>\n<b>Precipitazioni: <\/b>Assenti fino al primo pomeriggio (0%). Poi in leggero aumento con qualche sporadico fenomeno a ridosso del Trentino e dell&#8217;Alto Adige (20\/30%), prima che la probabilit\u00e0 diventi alta (70\/90%) tra il tardo pomeriggio e la sera per rovesci e temporali a iniziare dai settori occidentali in trasferimento verso est.<br \/>\n<b>Temperature: <\/b>Minime in aumento nelle valli e in calo in quota, dove saranno osservate alla sera; massime in leggera flessione in quota e pressoch\u00e9 stazionarie nelle valli, dove il disagio per caldo umido aumenter\u00e0, non escluse locali diminuzioni per deficit di sole al pomeriggio. Su Prealpi a 1500 m min 13\u00b0C, max 19\u00b0C, a 2000 m min 11\u00b0C, max 15\u00b0C, su Dolomiti a 2000 m min 10\u00b0C, max 17\u00b0C, a 3000 m min 6\u00b0C, max 9\u00b0C.<br \/>\n<b>Venti: <\/b>Nelle valli venti deboli\/moderati a regime di brezza, in caso di temporale eventuali forti raffiche di vento; in quota moderati\/tesi da sud sud-ovest, anche forti sulle cime dolomitiche pi\u00f9 alte, a 10-25 km\/h a 2000 m e 40-70 km\/h a 3000 m.<\/p>\n<hr \/>\n<p><center><b>Venerdi 9<\/b><\/center>Nottetempo residua instabilit\u00e0. Al mattino sole e cielo sereno, salvo banchi di stratocumuli mattutini su alcuni settori prealpini, in rapido dissolvimento. Al pomeriggio attivit\u00e0 cumuliforme assai contenuta sulle Prealpi, localmente moderata sulle Dolomiti, dove qualche sporadico piovasco o rovescio non sar\u00e0 da escludere. Temperature in generale flessione. Venti deboli\/moderati per brezze nelle valli; deboli\/moderati da nord-ovest in quota.<\/p>\n<hr \/>\n<p><center><b>Sabato 10<\/b><\/center>Maggiore soleggiamento e minore attivit\u00e0 cumuliforme durante le ore pi\u00f9 calde. La stabilit\u00e0 aumenter\u00e0 e l&#8217;insidia fenomeni convettivi sar\u00e0 assai pi\u00f9 remota Temperature in ripresa, eccetto le minime nelle valli. Venti in quota deboli\/moderati da ovest sud-ovest; nelle valli perlopi\u00f9 deboli per brezze, localmente e a tratti moderati nei settori solitamente pi\u00f9 ventilati. Previsore: R.L.Th.<\/p>\n<p>&nbsp;<\/p>\n<p>&nbsp;<\/p>\n<hr \/>\n<p>&nbsp;<\/p>\n<p><a href=\"https:\/\/www.radiopiu.net\/wordpress\/giornale-radiopiu-15-settembre-2018-direttore-mirko-mezzacasa\/sport-7\/\" rel=\"attachment wp-att-60761\"><img loading=\"lazy\" decoding=\"async\" class=\"aligncenter wp-image-60761 size-full\" src=\"https:\/\/www.radiopiu.net\/wordpress\/wp-content\/uploads\/2018\/09\/sport.jpg\" alt=\"\" width=\"800\" height=\"100\" srcset=\"https:\/\/www.radiopiu.net\/wordpress\/wp-content\/uploads\/2018\/09\/sport.jpg 800w, https:\/\/www.radiopiu.net\/wordpress\/wp-content\/uploads\/2018\/09\/sport-300x38.jpg 300w, https:\/\/www.radiopiu.net\/wordpress\/wp-content\/uploads\/2018\/09\/sport-768x96.jpg 768w\" sizes=\"auto, (max-width: 800px) 100vw, 800px\" \/><\/a><\/p>\n<p>&nbsp;<\/p>\n<blockquote>\n<h3>UN FINE SETTIMANA A LIGNANO PER L&#8217;ATLETICA AGORDINA<\/h3>\n<\/blockquote>\n<p><strong>AGORDO<\/strong> Fine settimana di sport, amicizia e divertimento per un gruppo di 8 ragazze dell\u2019Atletica Agordina scese al 32\u00b0 Meeting internazionale Sport e solidariet\u00e0 di Lignano Sabbiadoro capitanate da Ivano Marcon e Gabriele Toffoli dove hanno potuto confrontarsi con atlete di ottimo livello di altre regioni e successivamente ammirare campioni di livello mondiale alcuni dei quali pronti a partire per le prossime olimpiadi di Tokyo. Grande l\u2019emozione per le atlete Agordine che sono scese in campo su questo prestigioso palcoscenico. Questi i risultati delle ragazze agordine: Salto in alto categoria ragazze 8\u00b0 Hellen Triches con 1.10, Salto in lungo categoria cadette 6\u00b0 Jennifer Roilo con 3,83, 7\u00b0 Francesca Triches con 3,67, 8\u00b0 Zaira De Col\u00f2 con 3,46. Podio nella categoria allieve del salto in lungo con la seconda posizione di Asia Zanvettor e il terzo posto si Lucrezia Sommariva entrambe con 4.04. Da ricordare nel meeting internazionale il brillante quarto posto dell\u2019atleta Agordina portacolori dell\u2019Esercito Elisa Bortoli con il tempo di 4&#8217;13&#8221; nei 1500 metri dietro ad un\u2019atleta dell\u2019Etiopia e due Australiane.<\/p>\n\n\t\t\t<style type='text\/css'>\n\t\t\t\t#gallery-7 {\n\t\t\t\t\tmargin: auto;\n\t\t\t\t}\n\t\t\t\t#gallery-7 .gallery-item {\n\t\t\t\t\tfloat: left;\n\t\t\t\t\tmargin-top: 10px;\n\t\t\t\t\ttext-align: center;\n\t\t\t\t\twidth: 33%;\n\t\t\t\t}\n\t\t\t\t#gallery-7 img {\n\t\t\t\t\tborder: 2px solid #cfcfcf;\n\t\t\t\t}\n\t\t\t\t#gallery-7 .gallery-caption {\n\t\t\t\t\tmargin-left: 0;\n\t\t\t\t}\n\t\t\t\t\/* see gallery_shortcode() in wp-includes\/media.php *\/\n\t\t\t<\/style>\n\t\t<div id='gallery-7' class='dt-gallery-container gallery galleryid-220136 gallery-columns-3 gallery-size-medium'><dl class='gallery-item'>\n\t\t\t\t<dt class='gallery-icon landscape'>\n\t\t\t\t\t<a class=\"rollover rollover-zoom dt-pswp-item\" title=\"207fda64-7061-4e0c-858d-d100f15c60c7\" data-dt-img-description=\"\" data-large_image_width=\"1600\" data-large_image_height=\"1200\"href='https:\/\/www.radiopiu.net\/wordpress\/wp-content\/uploads\/2021\/07\/207fda64-7061-4e0c-858d-d100f15c60c7.jpg'><img loading=\"lazy\" decoding=\"async\" width=\"300\" height=\"225\" src=\"https:\/\/www.radiopiu.net\/wordpress\/wp-content\/uploads\/2021\/07\/207fda64-7061-4e0c-858d-d100f15c60c7-300x225.jpg\" class=\"attachment-medium size-medium\" alt=\"\" srcset=\"https:\/\/www.radiopiu.net\/wordpress\/wp-content\/uploads\/2021\/07\/207fda64-7061-4e0c-858d-d100f15c60c7-300x225.jpg 300w, https:\/\/www.radiopiu.net\/wordpress\/wp-content\/uploads\/2021\/07\/207fda64-7061-4e0c-858d-d100f15c60c7-1024x768.jpg 1024w, https:\/\/www.radiopiu.net\/wordpress\/wp-content\/uploads\/2021\/07\/207fda64-7061-4e0c-858d-d100f15c60c7-768x576.jpg 768w, https:\/\/www.radiopiu.net\/wordpress\/wp-content\/uploads\/2021\/07\/207fda64-7061-4e0c-858d-d100f15c60c7-1536x1152.jpg 1536w, https:\/\/www.radiopiu.net\/wordpress\/wp-content\/uploads\/2021\/07\/207fda64-7061-4e0c-858d-d100f15c60c7.jpg 1600w\" sizes=\"auto, (max-width: 300px) 100vw, 300px\" \/><\/a>\n\t\t\t\t<\/dt><\/dl><dl class='gallery-item'>\n\t\t\t\t<dt class='gallery-icon landscape'>\n\t\t\t\t\t<a class=\"rollover rollover-zoom dt-pswp-item\" title=\"9aff8390-4586-4afc-b033-22315953fba6\" data-dt-img-description=\"\" data-large_image_width=\"1600\" data-large_image_height=\"1441\"href='https:\/\/www.radiopiu.net\/wordpress\/wp-content\/uploads\/2021\/07\/9aff8390-4586-4afc-b033-22315953fba6.jpg'><img loading=\"lazy\" decoding=\"async\" width=\"300\" height=\"270\" src=\"https:\/\/www.radiopiu.net\/wordpress\/wp-content\/uploads\/2021\/07\/9aff8390-4586-4afc-b033-22315953fba6-300x270.jpg\" class=\"attachment-medium size-medium\" alt=\"\" srcset=\"https:\/\/www.radiopiu.net\/wordpress\/wp-content\/uploads\/2021\/07\/9aff8390-4586-4afc-b033-22315953fba6-300x270.jpg 300w, https:\/\/www.radiopiu.net\/wordpress\/wp-content\/uploads\/2021\/07\/9aff8390-4586-4afc-b033-22315953fba6-1024x922.jpg 1024w, https:\/\/www.radiopiu.net\/wordpress\/wp-content\/uploads\/2021\/07\/9aff8390-4586-4afc-b033-22315953fba6-768x692.jpg 768w, https:\/\/www.radiopiu.net\/wordpress\/wp-content\/uploads\/2021\/07\/9aff8390-4586-4afc-b033-22315953fba6-1536x1383.jpg 1536w, https:\/\/www.radiopiu.net\/wordpress\/wp-content\/uploads\/2021\/07\/9aff8390-4586-4afc-b033-22315953fba6.jpg 1600w\" sizes=\"auto, (max-width: 300px) 100vw, 300px\" \/><\/a>\n\t\t\t\t<\/dt><\/dl><dl class='gallery-item'>\n\t\t\t\t<dt class='gallery-icon landscape'>\n\t\t\t\t\t<a class=\"rollover rollover-zoom dt-pswp-item\" title=\"f29417c5-42ee-4424-bab9-5efb01bb1c5a\" data-dt-img-description=\"\" data-large_image_width=\"1600\" data-large_image_height=\"1200\"href='https:\/\/www.radiopiu.net\/wordpress\/wp-content\/uploads\/2021\/07\/f29417c5-42ee-4424-bab9-5efb01bb1c5a.jpg'><img loading=\"lazy\" decoding=\"async\" width=\"300\" height=\"225\" src=\"https:\/\/www.radiopiu.net\/wordpress\/wp-content\/uploads\/2021\/07\/f29417c5-42ee-4424-bab9-5efb01bb1c5a-300x225.jpg\" class=\"attachment-medium size-medium\" alt=\"\" srcset=\"https:\/\/www.radiopiu.net\/wordpress\/wp-content\/uploads\/2021\/07\/f29417c5-42ee-4424-bab9-5efb01bb1c5a-300x225.jpg 300w, https:\/\/www.radiopiu.net\/wordpress\/wp-content\/uploads\/2021\/07\/f29417c5-42ee-4424-bab9-5efb01bb1c5a-1024x768.jpg 1024w, https:\/\/www.radiopiu.net\/wordpress\/wp-content\/uploads\/2021\/07\/f29417c5-42ee-4424-bab9-5efb01bb1c5a-768x576.jpg 768w, https:\/\/www.radiopiu.net\/wordpress\/wp-content\/uploads\/2021\/07\/f29417c5-42ee-4424-bab9-5efb01bb1c5a-1536x1152.jpg 1536w, https:\/\/www.radiopiu.net\/wordpress\/wp-content\/uploads\/2021\/07\/f29417c5-42ee-4424-bab9-5efb01bb1c5a.jpg 1600w\" sizes=\"auto, (max-width: 300px) 100vw, 300px\" \/><\/a>\n\t\t\t\t<\/dt><\/dl><br style=\"clear: both\" \/>\n\t\t\t<\/div>\n\n<p>&nbsp;<\/p>\n<hr \/>\n<p>&nbsp;<\/p>\n<blockquote>\n<h3>UFFICIALIZZATE LE SQUADRE DI SCI ALPINO DEL COMITATO REGIONALE PER LA PROSSIMA STAGIONE<\/h3>\n<\/blockquote>\n<p><a href=\"https:\/\/www.radiopiu.net\/wordpress\/ufficializzate-le-squadre-di-sci-alpino-del-comitato-regionale-per-la-prossima-stagione\/fisi-veneto\/\" rel=\"attachment wp-att-220170\"><img loading=\"lazy\" decoding=\"async\" class=\"size-medium wp-image-220170 alignleft\" src=\"https:\/\/www.radiopiu.net\/wordpress\/wp-content\/uploads\/2021\/07\/FISI-VENETO-300x193.png\" alt=\"\" width=\"300\" height=\"193\" srcset=\"https:\/\/www.radiopiu.net\/wordpress\/wp-content\/uploads\/2021\/07\/FISI-VENETO-300x193.png 300w, https:\/\/www.radiopiu.net\/wordpress\/wp-content\/uploads\/2021\/07\/FISI-VENETO-1024x659.png 1024w, https:\/\/www.radiopiu.net\/wordpress\/wp-content\/uploads\/2021\/07\/FISI-VENETO-768x494.png 768w, https:\/\/www.radiopiu.net\/wordpress\/wp-content\/uploads\/2021\/07\/FISI-VENETO.png 1094w\" sizes=\"auto, (max-width: 300px) 100vw, 300px\" \/><\/a>Il comitato regionale Veneto della Federazione Italiana Sport Invernali ha ufficializzato le squadre che parteciperanno alla stagione 2021\/2022 di Sci Alpino. <strong>Squadra A femminile<\/strong>: Valentina Savorgnani (Ski College Veneto Falcade), Lucia Pizzato (Drusci\u00e8), Elena Dal Vecchio (Nottoli), Aurora Zavatarelli (Sk College Veneto Falcade), Ludovica Loda (Drusci\u00e8), Ambra Pomar\u00e8 (Cortina). <strong>Squadra osservati femminile<\/strong>: Francesca Trentin (18), Giulia Frison (Gallio), Elena Coin (18), Virginia De Conti (Drusci\u00e8), Patrizia Ongaro (Ski College Veneto Falcade), Giulia Trentin (18), Gaia Viel (Cortina), Camilla Vanni (Drusci\u00e8), Lisa Stona (Gallio), Arianna De Martin (Cortina), Sveva Lombardo (Drusci\u00e8), Benedetta Loda (Drusci\u00e8). <strong>Allenatore<\/strong>: Paolo Boldrini. <strong>Squadra A maschile<\/strong>: Gabriele Sartori (Ski College Veneto Falcade), Elia De Zanna (Cortina), Lorenzo Salvati (Drusci\u00e8), Filippo Sambugaro (Gallio), Marco De Zanna (Cortina), Alessandro Zanni (Ski College Veneto Falcade). <strong>Squadra osservati maschile<\/strong>: Thomas Dalla Libera (18), Niccol\u00f2 Costella (Drusci\u00e8), Sebastiano Cipriano (Cortina), Alessandro Ferrari (Drusci\u00e8), Alessandro Piscanec (Ski College Veneto Falcade), Riccardo Poser (Ski College Veneto Falcade), Matteo Cibien (Cortina), Vittorio De Pieri (Drusci\u00e8), Alessandro Guerresco (Drusci\u00e8), Lorenzo Pittarello (Ski College Veneto Falcade), Filippo Dall\u2019Anese (Trichiana). <strong>Allenatore<\/strong>: Moritz Micheluzzi.<\/p>\n","protected":false},"excerpt":{"rendered":"<p>\u00a0 IMMENSI! . . . . GRAZIE PERCHE&#8217; IL SOGNO CONTINUA. ADESSO LA FINALE! &#8220;bisogna imparare a sognare per essere liberi&#8221; PER\u00a0RICEVERE QUESTO NOTIZIARIO DIRETTAMENTE SUL TUO CELLULARE ISCRIVITI AL CANALE TELEGRAM\u00a0\u201cRADIO PIU\u00a0 INFORMAZIONE\u201d\u00a0 FUSIONE DI COMUNI? IL DIBATTITO E&#8217; APERTO &nbsp; &nbsp; &nbsp; Gestione Servizi Pubblici informa che, per lavori alla rete idrica comunale,&hellip;<\/p>\n","protected":false},"author":4,"featured_media":220228,"comment_status":"closed","ping_status":"open","sticky":false,"template":"","format":"standard","meta":{"_monsterinsights_skip_tracking":false,"_monsterinsights_sitenote_active":false,"_monsterinsights_sitenote_note":"","_monsterinsights_sitenote_category":0,"footnotes":""},"categories":[1,51,86,49],"tags":[],"class_list":["post-220136","post","type-post","status-publish","format-standard","has-post-thumbnail","hentry","category-senza-categoria","category-evidenza-top","category-gr","category-news-18","category-1","category-51","category-86","category-49","description-off"],"img_url":"https:\/\/www.radiopiu.net\/wordpress\/wp-content\/uploads\/2021\/07\/8b07677f-a923-4b54-9fda-c72948e3d842.jpg","_links":{"self":[{"href":"https:\/\/www.radiopiu.net\/wordpress\/wp-json\/wp\/v2\/posts\/220136","targetHints":{"allow":["GET"]}}],"collection":[{"href":"https:\/\/www.radiopiu.net\/wordpress\/wp-json\/wp\/v2\/posts"}],"about":[{"href":"https:\/\/www.radiopiu.net\/wordpress\/wp-json\/wp\/v2\/types\/post"}],"author":[{"embeddable":true,"href":"https:\/\/www.radiopiu.net\/wordpress\/wp-json\/wp\/v2\/users\/4"}],"replies":[{"embeddable":true,"href":"https:\/\/www.radiopiu.net\/wordpress\/wp-json\/wp\/v2\/comments?post=220136"}],"version-history":[{"count":0,"href":"https:\/\/www.radiopiu.net\/wordpress\/wp-json\/wp\/v2\/posts\/220136\/revisions"}],"wp:featuredmedia":[{"embeddable":true,"href":"https:\/\/www.radiopiu.net\/wordpress\/wp-json\/wp\/v2\/media\/220228"}],"wp:attachment":[{"href":"https:\/\/www.radiopiu.net\/wordpress\/wp-json\/wp\/v2\/media?parent=220136"}],"wp:term":[{"taxonomy":"category","embeddable":true,"href":"https:\/\/www.radiopiu.net\/wordpress\/wp-json\/wp\/v2\/categories?post=220136"},{"taxonomy":"post_tag","embeddable":true,"href":"https:\/\/www.radiopiu.net\/wordpress\/wp-json\/wp\/v2\/tags?post=220136"}],"curies":[{"name":"wp","href":"https:\/\/api.w.org\/{rel}","templated":true}]}}