{"id":220178,"date":"2021-07-06T12:49:23","date_gmt":"2021-07-06T10:49:23","guid":{"rendered":"https:\/\/www.radiopiu.net\/wordpress\/?p=220178"},"modified":"2021-07-06T16:34:42","modified_gmt":"2021-07-06T14:34:42","slug":"il-nuovo-anno-scolastico-inizia-il-13-settembre","status":"publish","type":"post","link":"https:\/\/www.radiopiu.net\/wordpress\/il-nuovo-anno-scolastico-inizia-il-13-settembre\/","title":{"rendered":"IL NUOVO ANNO SCOLASTICO INIZIA IL 13 SETTEMBRE, PER IL PD UN DIETROFRONT"},"content":{"rendered":"<h2><span style=\"color: #0000ff;\">PER<strong>\u00a0RICEVERE QUESTO NOTIZIARIO DIRETTAMENTE SUL TUO CELLULARE ISCRIVITI AL CANALE TELEGRAM\u00a0<\/strong><strong>\u201cRADIO PIU\u00a0 INFORMAZIONE\u201d\u00a0<\/strong><\/span><\/h2>\n<p>&nbsp;<\/p>\n<p><strong><a href=\"https:\/\/www.radiopiu.net\/wordpress\/alle-12-30-la-conferenza-stampa-del-presidente-zaia-ultime-notizie-sullepidemia-in-veneto-ancora-in-zona-gialla\/zaia-44\/\" rel=\"attachment wp-att-172638\"><img loading=\"lazy\" decoding=\"async\" class=\"size-medium wp-image-172638 alignleft\" src=\"https:\/\/www.radiopiu.net\/wordpress\/wp-content\/uploads\/2020\/11\/zaia-300x165.png\" alt=\"\" width=\"300\" height=\"165\" srcset=\"https:\/\/www.radiopiu.net\/wordpress\/wp-content\/uploads\/2020\/11\/zaia-300x165.png 300w, https:\/\/www.radiopiu.net\/wordpress\/wp-content\/uploads\/2020\/11\/zaia-1024x564.png 1024w, https:\/\/www.radiopiu.net\/wordpress\/wp-content\/uploads\/2020\/11\/zaia-768x423.png 768w, https:\/\/www.radiopiu.net\/wordpress\/wp-content\/uploads\/2020\/11\/zaia.png 1430w\" sizes=\"auto, (max-width: 300px) 100vw, 300px\" \/><\/a>VENEZIA\u00a0<\/strong>Durante la conferenza stampa da Marghera, il Presidente del Veneto Luca Zaia ha ufficializzato la data d&#8217;inizio dell&#8217;anno scolastico 2021-2022. La data \u00e8 il 13 settembre.<\/p>\n<p><strong>DALLA CONFERENZA STAMPA DI LUCA ZAIA<\/strong><\/p>\n<audio class=\"wp-audio-shortcode\" id=\"audio-220178-1\" preload=\"none\" style=\"width: 100%;\" controls=\"controls\"><source type=\"audio\/mpeg\" src=\"https:\/\/www.radiopiu.net\/wordpress\/wp-content\/uploads\/2021\/07\/ZAIA-INIZIO-SCUOLA.mp3?_=1\" \/><a href=\"https:\/\/www.radiopiu.net\/wordpress\/wp-content\/uploads\/2021\/07\/ZAIA-INIZIO-SCUOLA.mp3\">https:\/\/www.radiopiu.net\/wordpress\/wp-content\/uploads\/2021\/07\/ZAIA-INIZIO-SCUOLA.mp3<\/a><\/audio>\n<p>&nbsp;<\/p>\n<p>&nbsp;<\/p>\n<blockquote>\n<h3>AGGIORNAMENTO CALENDARIO SCOLASTICO. IN VENETO SCUOLE PRIMARIE E SECONDARIE AL VIA DAL 13 SETTEMBRE<\/h3>\n<\/blockquote>\n<p><strong>VENEZIA\u00a0<\/strong> \u00a0Se il calendario originario approvato il 16 giugno scorso dalla giunta regionale prevedeva un avvio differenziato (il 13 giugno per le primarie e le secondarie di primo grado, il 16 settembre per le secondarie di secondo grado), l\u2019aggiornamento prevede come data unica di apertura delle scuole il 13 settembre con possibilit\u00e0 per i servizi per l\u2019infanzia di iniziare il 1 settembre. <em>\u201cLa scelta \u00e8 stata quella di allineare l\u2019inizio del nuovo anno scolastico al 13 settembre \u2013 spiega l\u2019Assessore regionale all\u2019istruzione Elena Donazzan -. Gli istituti di ogni ordine e grado avranno inizio in quella data. Fanno eccezione le scuole dell\u2019infanzia, servizi che poggiano largamente sui servizi alle famiglie e in Veneto sulle scuole paritarie, che potranno iniziare gi\u00e0 dal 1 settembre\u201d. <\/em>La scelta, che modifica in parte la delibera che fissava un avvio differenziato delle scuole superiori, \u00e8 frutto di una riflessione nata da una serie di indicazioni e segnalazioni giunte da pi\u00f9 parti. Per quanto concerne le istanze del mondo del turismo, il calendario conferma la possibilit\u00e0 di vacanze natalizie prolungate (dal 24 dicembre al 10 gennaio) e la chiusura del prossimo anno scolastico fissata all\u20198 giugno 2022.\u00a0<em>\u201cLa nostra attenzione verso il mondo dell\u2019economia del turismo continua ad essere massima \u2013 conclude Elena Donazzan -. Le vacanze prolungate nel periodo natalizio offriranno un\u2019occasione in pi\u00f9 al sistema turistico montano che da due stagioni \u00e8 in sofferenza, mentre aver fissato la chiusura delle scuole all\u20198 giugno significa dare occasione alle famiglie di programmare e prenotare le vacanze gi\u00e0 dal mese di giugno\u201d.\u00a0<\/em><\/p>\n<p>&nbsp;<\/p>\n<blockquote>\n<h3>IL PD: &#8220;DIETROFRONT DI ZAIA, BASTA ANNUNCI ESTEMPORANEI&#8221;<\/h3>\n<\/blockquote>\n<p><strong>VENEZIA<\/strong> <em>\u201cAbbiamo appreso della retromarcia di Zaia sulla riapertura ritardata delle scuole: \u00e8 una buona notizia, ci permettiamo per\u00f2 di suggerirgli una maggiore cautela quando fa annunci estemporanei a reti unificate, perch\u00e9 crea comprensibili difficolt\u00e0 alle famiglie anche se dichiara di non aver letto di alcuna protesta, probabilmente unico in tutto il Veneto. In tre giorni la data di inizio per le superiori, di fatto, \u00e8 cambiata tre volte\u201d<\/em>. \u00c8 quanto affermano i consiglieri regionali del Partito Democratico. <em>\u201cUn\u2019inversione a 180 gradi. Immaginiamo che questa ipotesi fosse sul tavolo gi\u00e0 ieri: sarebbe stato sufficiente non fare annunci, comunicando oggi questa piccola modifica, per non far scoppiare alcun caso\u201d.<\/em><\/p>\n<p><span style=\"font-size: large;\">capogruppo del Partito Democratico Giacomo Possamai<\/span><\/p>\n<div style=\"width: 848px;\" class=\"wp-video\"><video class=\"wp-video-shortcode\" id=\"video-220178-1\" width=\"848\" height=\"480\" preload=\"metadata\" controls=\"controls\"><source type=\"video\/mp4\" src=\"https:\/\/www.radiopiu.net\/wordpress\/wp-content\/uploads\/2021\/07\/possamai-su-calendario-scolastico.mp4?_=1\" \/><a href=\"https:\/\/www.radiopiu.net\/wordpress\/wp-content\/uploads\/2021\/07\/possamai-su-calendario-scolastico.mp4\">https:\/\/www.radiopiu.net\/wordpress\/wp-content\/uploads\/2021\/07\/possamai-su-calendario-scolastico.mp4<\/a><\/video><\/div>\n<p>&nbsp;<\/p>\n","protected":false},"excerpt":{"rendered":"<p>PER\u00a0RICEVERE QUESTO NOTIZIARIO DIRETTAMENTE SUL TUO CELLULARE ISCRIVITI AL CANALE TELEGRAM\u00a0\u201cRADIO PIU\u00a0 INFORMAZIONE\u201d\u00a0 &nbsp; VENEZIA\u00a0Durante la conferenza stampa da Marghera, il Presidente del Veneto Luca Zaia ha ufficializzato la data d&#8217;inizio dell&#8217;anno scolastico 2021-2022. La data \u00e8 il 13 settembre. DALLA CONFERENZA STAMPA DI LUCA ZAIA &nbsp; &nbsp; AGGIORNAMENTO CALENDARIO SCOLASTICO. IN VENETO SCUOLE PRIMARIE&hellip;<\/p>\n","protected":false},"author":4,"featured_media":172638,"comment_status":"closed","ping_status":"open","sticky":false,"template":"","format":"standard","meta":{"_monsterinsights_skip_tracking":false,"_monsterinsights_sitenote_active":false,"_monsterinsights_sitenote_note":"","_monsterinsights_sitenote_category":0,"footnotes":""},"categories":[51,49],"tags":[],"class_list":["post-220178","post","type-post","status-publish","format-standard","has-post-thumbnail","hentry","category-evidenza-top","category-news-18","category-51","category-49","description-off"],"img_url":"https:\/\/www.radiopiu.net\/wordpress\/wp-content\/uploads\/2020\/11\/zaia.png","_links":{"self":[{"href":"https:\/\/www.radiopiu.net\/wordpress\/wp-json\/wp\/v2\/posts\/220178","targetHints":{"allow":["GET"]}}],"collection":[{"href":"https:\/\/www.radiopiu.net\/wordpress\/wp-json\/wp\/v2\/posts"}],"about":[{"href":"https:\/\/www.radiopiu.net\/wordpress\/wp-json\/wp\/v2\/types\/post"}],"author":[{"embeddable":true,"href":"https:\/\/www.radiopiu.net\/wordpress\/wp-json\/wp\/v2\/users\/4"}],"replies":[{"embeddable":true,"href":"https:\/\/www.radiopiu.net\/wordpress\/wp-json\/wp\/v2\/comments?post=220178"}],"version-history":[{"count":0,"href":"https:\/\/www.radiopiu.net\/wordpress\/wp-json\/wp\/v2\/posts\/220178\/revisions"}],"wp:featuredmedia":[{"embeddable":true,"href":"https:\/\/www.radiopiu.net\/wordpress\/wp-json\/wp\/v2\/media\/172638"}],"wp:attachment":[{"href":"https:\/\/www.radiopiu.net\/wordpress\/wp-json\/wp\/v2\/media?parent=220178"}],"wp:term":[{"taxonomy":"category","embeddable":true,"href":"https:\/\/www.radiopiu.net\/wordpress\/wp-json\/wp\/v2\/categories?post=220178"},{"taxonomy":"post_tag","embeddable":true,"href":"https:\/\/www.radiopiu.net\/wordpress\/wp-json\/wp\/v2\/tags?post=220178"}],"curies":[{"name":"wp","href":"https:\/\/api.w.org\/{rel}","templated":true}]}}