{"id":220181,"date":"2021-07-06T12:25:32","date_gmt":"2021-07-06T10:25:32","guid":{"rendered":"https:\/\/www.radiopiu.net\/wordpress\/?p=220181"},"modified":"2021-07-06T14:18:20","modified_gmt":"2021-07-06T12:18:20","slug":"luca-zaia-in-diretta-dalla-sala-stampa-della-protezione-civile-a-marghera","status":"publish","type":"post","link":"https:\/\/www.radiopiu.net\/wordpress\/luca-zaia-in-diretta-dalla-sala-stampa-della-protezione-civile-a-marghera\/","title":{"rendered":"13 SETTEMBRE SI TORNA SUI BANCHI DI SCUOLA, LA REGIONE HA DECISO"},"content":{"rendered":"<h2><span style=\"color: #0000ff;\">PER<strong>\u00a0RICEVERE QUESTO NOTIZIARIO DIRETTAMENTE SUL TUO CELLULARE ISCRIVITI AL CANALE TELEGRAM\u00a0<\/strong><strong>\u201cRADIO PIU\u00a0 INFORMAZIONE\u201d\u00a0<\/strong><\/span><\/h2>\n<p><strong>VENEZIA<\/strong>\u00a0 Appuntamento dalla sede della Protezione Civile di Marghera, le ultime notizie sul covi19<\/p>\n<p><strong>I NUMERI\u00a0<\/strong> TOTALE TAMPONI\u00a0 oltre 11 milioni\u00a0 \u00a0TAMPONI IERI 25.176\u00a0 \u00a0POSITIVI IERI\u00a0 +97\u00a0 \u00a0INCIDENZA POSITIVI 0,38% POSITIVI DA INIZIO EPIDEMIA 425796\u00a0 POSITIVI ATTUALI 4652\u00a0 \u00a0RICOVERI\u00a0 \u00a0249(-2)\u00a0 IN AREA NON CRITICA 236\u00a0 \u00a0(-2) IN TERAPIA INTENSIVA 13 () \u00a0 ALTRI PAZIENTI NON COVID in terapia intensiva 236 DECESSI 11.619 () DIMESSI 22198<\/p>\n<h2>LEGGI LA CONFERENZA STAMPA DI LUCA ZAIA, aggiornamento in tempo reale<\/h2>\n<p>Abbiamo un&#8217;indicazione di fare circa 7500 tamponi al giorno, noi ne facciamo 25mila e vogliamo crescere ancora di pi\u00f9 con un grazie a chi si mette a disposizione per farli, cio\u00e8 mette a disposizione il suo naso. Ma non ci sono pi\u00f9 quelli invasivi, alcune Ulss fanno il tampone salivare-molecolare cioe&#8217; un lecca-lecca. Vaccini: oltre, 4.5 milioni di dosi inocultate.<\/p>\n<p><strong>SCUOLA ABBIAMO ASCOLTATO TUTTI GLI APPELLI SI TORNA IN CLASSE IL 13 SETTEMBRE\u00a0<\/strong><\/p>\n<p>Abbiamo ascoltato tutti anche gli operatori del mondo balneare. Abbiamo lavorato sulla data del 20 settembre ma abbiamo dovuto rivederlo, avevamo pensato al 13 settembre per elementari e medie e il 16 per le superiori. Abbiamo visto che il 16 non e&#8217; sostenibile, il 20 crea disagi oggettivo perch\u00e9 per una settimana non ci sono i doposcuola e crea problemi ai genitori quindi: <strong>INIZIO PER TUTTI\u00a0 IL 13 SETTEMBRE FINO ALL&#8217;8 GIUGNO, SCUOLE INFANZIA APRONO IL 13 FINO AL 30 GIUGNO. Vacanze natalizie dal 24 dicembre a sabato 8 gennaio con rientro a scuola il 10 gennaio.\u00a0\u00a0<\/strong><\/p>\n<p>LA DOTTORESSA FRANCESCA RUSSO<\/p>\n<p><strong>VARIANTE DELTA<\/strong><\/p>\n<p>Ci preoccupa la variante Delta perch\u00e9 \u00e8 molto contagiosa,\u00a0 siamo in una fase di scarsa diffusione del virus, ma dobbiamo ugualmente monitorare la diffusione dei contagi. Quando individuiamo un contagiato con questa variante, circoscriviamo i contatti del soggetto e vengono messi in quarantena. Una volta usciti dalla quarantena offriamo loro la vaccinazione. Estendiamo inoltre la vaccinazione a tutte le persone che gravitano attorno alla persona contagiata, anche oltre i contatti diretti. Offriamo la somministrazione del vaccino a chi abita nello stesso palazzo, ma anche a chi vive nella stessa via, nel medesimo paese se piccolo o nello stesso distretto. Vaccinazioni che vengono effettuate sul luogo. Massima attenzione\u00a0 per gli ultrasessantenni.<\/p>\n<p>&nbsp;<\/p>\n<p><a href=\"https:\/\/www.facebook.com\/zaiaufficiale\/videos\/3027819410874504\">https:\/\/www.facebook.com\/zaiaufficiale\/videos\/3027819410874504<\/a><\/p>\n<p>&nbsp;<\/p>\n","protected":false},"excerpt":{"rendered":"<p>PER\u00a0RICEVERE QUESTO NOTIZIARIO DIRETTAMENTE SUL TUO CELLULARE ISCRIVITI AL CANALE TELEGRAM\u00a0\u201cRADIO PIU\u00a0 INFORMAZIONE\u201d\u00a0 VENEZIA\u00a0 Appuntamento dalla sede della Protezione Civile di Marghera, le ultime notizie sul covi19 I NUMERI\u00a0 TOTALE TAMPONI\u00a0 oltre 11 milioni\u00a0 \u00a0TAMPONI IERI 25.176\u00a0 \u00a0POSITIVI IERI\u00a0 +97\u00a0 \u00a0INCIDENZA POSITIVI 0,38% POSITIVI DA INIZIO EPIDEMIA 425796\u00a0 POSITIVI ATTUALI 4652\u00a0 \u00a0RICOVERI\u00a0 \u00a0249(-2)\u00a0 IN AREA&hellip;<\/p>\n","protected":false},"author":4,"featured_media":220196,"comment_status":"closed","ping_status":"open","sticky":false,"template":"","format":"standard","meta":{"_monsterinsights_skip_tracking":false,"_monsterinsights_sitenote_active":false,"_monsterinsights_sitenote_note":"","_monsterinsights_sitenote_category":0,"footnotes":""},"categories":[51,49],"tags":[],"class_list":["post-220181","post","type-post","status-publish","format-standard","has-post-thumbnail","hentry","category-evidenza-top","category-news-18","category-51","category-49","description-off"],"img_url":"https:\/\/www.radiopiu.net\/wordpress\/wp-content\/uploads\/2021\/07\/th-4.jpg","_links":{"self":[{"href":"https:\/\/www.radiopiu.net\/wordpress\/wp-json\/wp\/v2\/posts\/220181","targetHints":{"allow":["GET"]}}],"collection":[{"href":"https:\/\/www.radiopiu.net\/wordpress\/wp-json\/wp\/v2\/posts"}],"about":[{"href":"https:\/\/www.radiopiu.net\/wordpress\/wp-json\/wp\/v2\/types\/post"}],"author":[{"embeddable":true,"href":"https:\/\/www.radiopiu.net\/wordpress\/wp-json\/wp\/v2\/users\/4"}],"replies":[{"embeddable":true,"href":"https:\/\/www.radiopiu.net\/wordpress\/wp-json\/wp\/v2\/comments?post=220181"}],"version-history":[{"count":0,"href":"https:\/\/www.radiopiu.net\/wordpress\/wp-json\/wp\/v2\/posts\/220181\/revisions"}],"wp:featuredmedia":[{"embeddable":true,"href":"https:\/\/www.radiopiu.net\/wordpress\/wp-json\/wp\/v2\/media\/220196"}],"wp:attachment":[{"href":"https:\/\/www.radiopiu.net\/wordpress\/wp-json\/wp\/v2\/media?parent=220181"}],"wp:term":[{"taxonomy":"category","embeddable":true,"href":"https:\/\/www.radiopiu.net\/wordpress\/wp-json\/wp\/v2\/categories?post=220181"},{"taxonomy":"post_tag","embeddable":true,"href":"https:\/\/www.radiopiu.net\/wordpress\/wp-json\/wp\/v2\/tags?post=220181"}],"curies":[{"name":"wp","href":"https:\/\/api.w.org\/{rel}","templated":true}]}}