{"id":220187,"date":"2021-07-06T11:51:09","date_gmt":"2021-07-06T09:51:09","guid":{"rendered":"https:\/\/www.radiopiu.net\/wordpress\/?p=220187"},"modified":"2021-07-06T11:51:09","modified_gmt":"2021-07-06T09:51:09","slug":"acc-pd-e-cgil-chiedono-lintervento-di-veneto-sviluppo","status":"publish","type":"post","link":"https:\/\/www.radiopiu.net\/wordpress\/acc-pd-e-cgil-chiedono-lintervento-di-veneto-sviluppo\/","title":{"rendered":"ACC: PD E CGIL CHIEDONO L&#8217;INTERVENTO DI VENETO SVILUPPO"},"content":{"rendered":"<h2><span style=\"color: #0000ff;\">PER<strong>\u00a0RICEVERE QUESTO NOTIZIARIO DIRETTAMENTE SUL TUO CELLULARE ISCRIVITI AL CANALE TELEGRAM\u00a0<\/strong><strong>\u201cRADIO PIU\u00a0 INFORMAZIONE\u201d\u00a0<\/strong><\/span><\/h2>\n<p><strong><a href=\"https:\/\/www.radiopiu.net\/wordpress\/acc-mel-lopinione-di-stefano-bona-fiom-cigl\/acc-mel-2\/\" rel=\"attachment wp-att-217731\"><img loading=\"lazy\" decoding=\"async\" class=\"size-medium wp-image-217731 alignleft\" src=\"https:\/\/www.radiopiu.net\/wordpress\/wp-content\/uploads\/2021\/06\/ACC-MEL-300x171.png\" alt=\"\" width=\"300\" height=\"171\" srcset=\"https:\/\/www.radiopiu.net\/wordpress\/wp-content\/uploads\/2021\/06\/ACC-MEL-300x171.png 300w, https:\/\/www.radiopiu.net\/wordpress\/wp-content\/uploads\/2021\/06\/ACC-MEL-1024x585.png 1024w, https:\/\/www.radiopiu.net\/wordpress\/wp-content\/uploads\/2021\/06\/ACC-MEL-768x439.png 768w, https:\/\/www.radiopiu.net\/wordpress\/wp-content\/uploads\/2021\/06\/ACC-MEL.png 1376w\" sizes=\"auto, (max-width: 300px) 100vw, 300px\" \/><\/a>BELLUNO <\/strong>Una delegazione della Cgil di Belluno ha incontrato ieri mattina la segretaria provinciale del Partito democratico, Monica Lotto per uno scambio di vedute sulle principali crisi aziendali del territorio e per individuare punti di comune interesse sui temi nazionali e che riguardano la gestione del PNRR\u00a0 sui temi del \u201clavoro\u201d, soprattutto nelle sue articolazioni locali. Si \u00e8 condivisa la preoccupazione sulla crisi della ACC di Borgo Valbelluna: il Ministero dello Sviluppo Economico e la Regione Veneto non stanno fornendo alcuna informazione \u2018Sulla vicenda \u00e8 calata una cappa di silenzio impenetrabile e preoccupante\u2019. I timori della Camera del Lavoro sulla possibile mancanza di interesse a salvare l\u2019azienda e salvaguardare i lavoratori sono stati condivisi dalla segretaria. \u00ab<em>Nonostante numerosi solleciti attraverso i canali ufficiali, i mezzi di comunicazione e persino le attivit\u00e0 parlamentari, n\u00e9 il ministro dello Sviluppo Economico, n\u00e9 la Regione sembrano intenzionati a mettere la testa sul dossier\u00bb, afferma Lotto. \u00abLe linee di credito, unica speranza per tentare di far ripartire la ACC, sono ancora ferme.<span class=\"\">. <\/span>La produzione manifatturiera nel bellunese \u00e8 strategica per l\u2019intero territorio e non pu\u00f2 essere abbandonata. Come non si possono abbandonare oltre 300 lavoratori e le loro famiglie a cui in passato sono gi\u00e0 stati chiesti (e ottenuti) fin troppi sacrifici<\/em>\u00bb. Le difficolt\u00e0 di interlocuzione con il MISE, che rimanda di volta in volta la soluzione applicativa dell\u2019articolo 37, sono il primo elemento di preoccupazione e su questo deve essere\u00a0 fatta chiarezza in modo continuativo e pressante. All\u2019incontro ha partecipato il deputato Roger De Menech, autore la settimana scorsa alla Camera di un accorato appello al ministro dello Sviluppo economico perch\u00e9 affronti le crisi aziendali in atto con l\u2019obiettivo di mantenere in Italia le produzioni industriali ritenute strategiche. Era presente anche il responsabile dl Pd di Belluno, Roberto De Moliner. Intanto in Consiglio regionale \u00e8 stata respinta con 26 voti contrari e 7 favorevoli la mozione con cui le opposizioni chiedevano un ruolo attivo di Veneto Sviluppo, non solo per agire in contesti di crisi, ma anche per sostenere progettualit\u00e0 innovative, come per esempio le operazioni di Workers buy Out e a valutare, inoltre, la collaborazione con la Regione del Piemonte che a differenza del Veneto ha creato un\u00a0 proprio Fondo \u201csalva imprese\u201d attraverso Finpiemonte. \u00ab\u00c8 tempo che la Regione si assuma le proprie responsabilit\u00e0 e cominci a produrre risultati, anche in filiera con il governo nazionale, visto che al Mise c\u2019\u00e8 Giorgetti della Lega\u00bb, conclude Lotto.\u00a0 \u00ab<em>Continuiamo a pensare\u00a0 ad un ruolo nuovo della finanziaria regionale, Veneto Sviluppo, che proprio sulla vicenda ACC, dovrebbe intervenire in modo diretto<\/em>\u00bb.<\/p>\n<p>&nbsp;<\/p>\n<p>&nbsp;<\/p>\n<p>&nbsp;<\/p>\n<p>*****<\/p>\n","protected":false},"excerpt":{"rendered":"<p>PER\u00a0RICEVERE QUESTO NOTIZIARIO DIRETTAMENTE SUL TUO CELLULARE ISCRIVITI AL CANALE TELEGRAM\u00a0\u201cRADIO PIU\u00a0 INFORMAZIONE\u201d\u00a0 BELLUNO Una delegazione della Cgil di Belluno ha incontrato ieri mattina la segretaria provinciale del Partito democratico, Monica Lotto per uno scambio di vedute sulle principali crisi aziendali del territorio e per individuare punti di comune interesse sui temi nazionali e che&hellip;<\/p>\n","protected":false},"author":4,"featured_media":217731,"comment_status":"closed","ping_status":"open","sticky":false,"template":"","format":"standard","meta":{"_monsterinsights_skip_tracking":false,"_monsterinsights_sitenote_active":false,"_monsterinsights_sitenote_note":"","_monsterinsights_sitenote_category":0,"footnotes":""},"categories":[51,49],"tags":[],"class_list":["post-220187","post","type-post","status-publish","format-standard","has-post-thumbnail","hentry","category-evidenza-top","category-news-18","category-51","category-49","description-off"],"img_url":"https:\/\/www.radiopiu.net\/wordpress\/wp-content\/uploads\/2021\/06\/ACC-MEL.png","_links":{"self":[{"href":"https:\/\/www.radiopiu.net\/wordpress\/wp-json\/wp\/v2\/posts\/220187","targetHints":{"allow":["GET"]}}],"collection":[{"href":"https:\/\/www.radiopiu.net\/wordpress\/wp-json\/wp\/v2\/posts"}],"about":[{"href":"https:\/\/www.radiopiu.net\/wordpress\/wp-json\/wp\/v2\/types\/post"}],"author":[{"embeddable":true,"href":"https:\/\/www.radiopiu.net\/wordpress\/wp-json\/wp\/v2\/users\/4"}],"replies":[{"embeddable":true,"href":"https:\/\/www.radiopiu.net\/wordpress\/wp-json\/wp\/v2\/comments?post=220187"}],"version-history":[{"count":0,"href":"https:\/\/www.radiopiu.net\/wordpress\/wp-json\/wp\/v2\/posts\/220187\/revisions"}],"wp:featuredmedia":[{"embeddable":true,"href":"https:\/\/www.radiopiu.net\/wordpress\/wp-json\/wp\/v2\/media\/217731"}],"wp:attachment":[{"href":"https:\/\/www.radiopiu.net\/wordpress\/wp-json\/wp\/v2\/media?parent=220187"}],"wp:term":[{"taxonomy":"category","embeddable":true,"href":"https:\/\/www.radiopiu.net\/wordpress\/wp-json\/wp\/v2\/categories?post=220187"},{"taxonomy":"post_tag","embeddable":true,"href":"https:\/\/www.radiopiu.net\/wordpress\/wp-json\/wp\/v2\/tags?post=220187"}],"curies":[{"name":"wp","href":"https:\/\/api.w.org\/{rel}","templated":true}]}}