{"id":220250,"date":"2021-07-07T05:15:56","date_gmt":"2021-07-07T03:15:56","guid":{"rendered":"https:\/\/www.radiopiu.net\/wordpress\/?p=220250"},"modified":"2021-07-07T05:59:09","modified_gmt":"2021-07-07T03:59:09","slug":"lumana-reyer","status":"publish","type":"post","link":"https:\/\/www.radiopiu.net\/wordpress\/lumana-reyer\/","title":{"rendered":"L&#8217;UMANA REYER DA ALLEGHE  A FALCADE, IL RITIRO IN VALLE DEL BIOIS"},"content":{"rendered":"<p><strong><a href=\"https:\/\/www.radiopiu.net\/wordpress\/lumana-reyer-da-alleghe-si-posta-a-falcade-il-ritiro-in-valle-del-biois\/falcade_estate-2990\/\" rel=\"attachment wp-att-220251\"><img loading=\"lazy\" decoding=\"async\" class=\"size-medium wp-image-220251 alignleft\" src=\"https:\/\/www.radiopiu.net\/wordpress\/wp-content\/uploads\/2021\/07\/FALCADE_ESTATE-2990-300x200.jpg\" alt=\"\" width=\"300\" height=\"200\" srcset=\"https:\/\/www.radiopiu.net\/wordpress\/wp-content\/uploads\/2021\/07\/FALCADE_ESTATE-2990-300x200.jpg 300w, https:\/\/www.radiopiu.net\/wordpress\/wp-content\/uploads\/2021\/07\/FALCADE_ESTATE-2990-768x512.jpg 768w, https:\/\/www.radiopiu.net\/wordpress\/wp-content\/uploads\/2021\/07\/FALCADE_ESTATE-2990.jpg 900w\" sizes=\"auto, (max-width: 300px) 100vw, 300px\" \/><\/a>FALCADE<\/strong> L\u2019Umana Reyer\u00a0 annuncia l\u2019accordo pluriennale con il consorzio di promozione turistica PromoFalcade Dolomiti per l\u2019organizzazione del ritiro precampionato delle prime squadre orogranata. La Val del Biois con i comuni di Falcade, Canale d\u2019Agordo e Vallada Agordina metteranno dunque a disposizione dei gruppi di lavoro dell\u2019Umana Reyer le proprie strutture sportive e ricettive. La localit\u00e0 \u00e8 dotata del Palasport \u201cPalaFalcade\u201d, struttura che ospiter\u00e0 gli allenamenti indoor di atleti e atlete orogranata che potranno anche usufruire della palestra dello Ski College Veneto e del campo da calcio di Vallada Agordina per gli allenamenti di atletica. La prima squadra maschile salir\u00e0 in ritiro nel tardo pomeriggio di domenica\u00a0<em>22 agosto<\/em>\u00a0e rientrer\u00e0 a Venezia nella serata di gioved\u00ec<em>\u00a026 agosto<\/em>\u00a0mentre le Campionesse d\u2019Italia soggiorneranno a Falcade dal\u00a0<em>29 agosto al 2 settembre<\/em>. Gli allenamenti saranno aperti al pubblico nel rispetto dei protocolli ministeriali.<\/p>\n<blockquote><p><em>\u201cParlo a nome del consorzio di promozione turistica, della cittadinanza e del comune di Falcade \u2013 le parole di\u00a0<strong>Fulvio Valt<\/strong>, consigliere di PromoFalcade Dolomiti \u2013 \u00e8 da molti anni che cerchiamo questa collaborazione che interessa a noi e a tutta la montagna in cui viviamo. Siamo sempre stati propensi ad ospitare societ\u00e0 sportive in tutte le stagioni perci\u00f2 l\u2019accordo con Reyer \u00e8 una grande soddisfazione per noi e siamo entusiasti di intraprendere un percorso insieme con due squadre cos\u00ec importanti come quelle orogranata. Abbiamo sempre seguito la Reyer ad Alleghe cos\u00ec come le avventure delle prime squadre in Italia che in Europa. <\/em><em>Falcade \u00e8 una citt\u00e0 di sport, sia in inverno che in estate, e cercheremo di accogliere nel miglior modo possibile squadra e tifosi veneziani, anche i non esperti di basket che potrebbero appassionarsi. Falcade si sente veneziana sin dai tempi della Serenissima e ci sono tanti veneziani che hanno costruito e comprato un\u2019abitazione qui. Vi faremo sentire a casa e vi aspettiamo numerosi!\u201d.<\/em><\/p><\/blockquote>\n<p>\u201cSiamo contenti di aver raggiunto un accordo pluriennale con Falcade \u2013 il commento del Presidente\u00a0<strong>Federico Casarin<\/strong> \u2013 colgo l\u2019occasione per ringraziare l\u2019amministrazione comunale e il consorzio PromoFalcade Dolomiti con cui c\u2019\u00e8 stata subito grande sintonia e voglia di intraprendere un percorso insieme. Il ritiro precampionato \u00e8 un momento molto importante della stagione perch\u00e9 \u00e8 il momento in cui il gruppo inizia a faticare insieme e sono convinto che Falcade sia dotata delle strutture ricettive e sportive ottimali per il lavoro delle nostre prime squadre. Inoltre, abbiamo riscontrato entusiasmo e grande disponibilit\u00e0 da parte di Renzo Minella e Fiorenza Manfroi del consorzio PromoFalcade Dolomiti con cui abbiamo definito l\u2019accordo, e questa \u00e8 una cosa molto importante per noi. La vicinanza con Alleghe, dove siamo stati per nove stagioni consecutive, \u00e8 inoltre un segnale di continuit\u00e0 con le Dolomiti che consideriamo le montagne veneziane. Speriamo inoltre di poter abbracciare anche i sostenitori reyerini che potranno soggiornare a Falcade e far sentire da subito il proprio calore ai nostri ragazzi e ragazze\u201d.<\/p>\n","protected":false},"excerpt":{"rendered":"<p>FALCADE L\u2019Umana Reyer\u00a0 annuncia l\u2019accordo pluriennale con il consorzio di promozione turistica PromoFalcade Dolomiti per l\u2019organizzazione del ritiro precampionato delle prime squadre orogranata. La Val del Biois con i comuni di Falcade, Canale d\u2019Agordo e Vallada Agordina metteranno dunque a disposizione dei gruppi di lavoro dell\u2019Umana Reyer le proprie strutture sportive e ricettive. La localit\u00e0&hellip;<\/p>\n","protected":false},"author":4,"featured_media":220251,"comment_status":"closed","ping_status":"open","sticky":false,"template":"","format":"standard","meta":{"_monsterinsights_skip_tracking":false,"_monsterinsights_sitenote_active":false,"_monsterinsights_sitenote_note":"","_monsterinsights_sitenote_category":0,"footnotes":""},"categories":[1,104,49],"tags":[],"class_list":["post-220250","post","type-post","status-publish","format-standard","has-post-thumbnail","hentry","category-senza-categoria","category-evidenza_3","category-news-18","category-1","category-104","category-49","description-off"],"img_url":"https:\/\/www.radiopiu.net\/wordpress\/wp-content\/uploads\/2021\/07\/FALCADE_ESTATE-2990.jpg","_links":{"self":[{"href":"https:\/\/www.radiopiu.net\/wordpress\/wp-json\/wp\/v2\/posts\/220250","targetHints":{"allow":["GET"]}}],"collection":[{"href":"https:\/\/www.radiopiu.net\/wordpress\/wp-json\/wp\/v2\/posts"}],"about":[{"href":"https:\/\/www.radiopiu.net\/wordpress\/wp-json\/wp\/v2\/types\/post"}],"author":[{"embeddable":true,"href":"https:\/\/www.radiopiu.net\/wordpress\/wp-json\/wp\/v2\/users\/4"}],"replies":[{"embeddable":true,"href":"https:\/\/www.radiopiu.net\/wordpress\/wp-json\/wp\/v2\/comments?post=220250"}],"version-history":[{"count":0,"href":"https:\/\/www.radiopiu.net\/wordpress\/wp-json\/wp\/v2\/posts\/220250\/revisions"}],"wp:featuredmedia":[{"embeddable":true,"href":"https:\/\/www.radiopiu.net\/wordpress\/wp-json\/wp\/v2\/media\/220251"}],"wp:attachment":[{"href":"https:\/\/www.radiopiu.net\/wordpress\/wp-json\/wp\/v2\/media?parent=220250"}],"wp:term":[{"taxonomy":"category","embeddable":true,"href":"https:\/\/www.radiopiu.net\/wordpress\/wp-json\/wp\/v2\/categories?post=220250"},{"taxonomy":"post_tag","embeddable":true,"href":"https:\/\/www.radiopiu.net\/wordpress\/wp-json\/wp\/v2\/tags?post=220250"}],"curies":[{"name":"wp","href":"https:\/\/api.w.org\/{rel}","templated":true}]}}