{"id":220279,"date":"2021-07-07T05:43:53","date_gmt":"2021-07-07T03:43:53","guid":{"rendered":"https:\/\/www.radiopiu.net\/wordpress\/?p=220279"},"modified":"2021-07-07T05:54:57","modified_gmt":"2021-07-07T03:54:57","slug":"ruzzola-nel-canalone-sulla-moiazza-interviene-il-soccorso-alpino","status":"publish","type":"post","link":"https:\/\/www.radiopiu.net\/wordpress\/ruzzola-nel-canalone-sulla-moiazza-interviene-il-soccorso-alpino\/","title":{"rendered":"RUZZOLA NEL CANALONE, SULLA MOIAZZA INTERVIENE IL SOCCORSO ALPINO"},"content":{"rendered":"<p><strong><a href=\"https:\/\/www.radiopiu.net\/wordpress\/ruzzola-nel-canalone-sulla-moiazza-interviene-il-soccorso-alpino\/salt_20210706_175749_154-1\/\" rel=\"attachment wp-att-220281\"><img loading=\"lazy\" decoding=\"async\" class=\" wp-image-220281 alignleft\" src=\"https:\/\/www.radiopiu.net\/wordpress\/wp-content\/uploads\/2021\/07\/salt_20210706_175749_154-1-225x300.jpg\" alt=\"\" width=\"161\" height=\"215\" srcset=\"https:\/\/www.radiopiu.net\/wordpress\/wp-content\/uploads\/2021\/07\/salt_20210706_175749_154-1-225x300.jpg 225w, https:\/\/www.radiopiu.net\/wordpress\/wp-content\/uploads\/2021\/07\/salt_20210706_175749_154-1-768x1024.jpg 768w, https:\/\/www.radiopiu.net\/wordpress\/wp-content\/uploads\/2021\/07\/salt_20210706_175749_154-1-1152x1536.jpg 1152w, https:\/\/www.radiopiu.net\/wordpress\/wp-content\/uploads\/2021\/07\/salt_20210706_175749_154-1-1536x2048.jpg 1536w, https:\/\/www.radiopiu.net\/wordpress\/wp-content\/uploads\/2021\/07\/salt_20210706_175749_154-1.jpg 1773w\" sizes=\"auto, (max-width: 161px) 100vw, 161px\" \/><\/a>AGORDO<\/strong> Un escursionista 30enne di Verona si \u00e8 infortunato sotto la cima della Moiazza. Dopo aver completato la Ferrata Costantini, infatti, arrivato in cima alla Moiazza Sud dalle creste delle Masenade,\u00a0 M.Z. voleva rientrare percorrendo la cengia Angelini verso il Bivacco Ghedini e discesa al Rifugio Carestiato. Quando il ragazzo \u00e8 uscito su un tratto che passa per la Ferrata, senza cavo in quel punto, la neve sotto di lui ha ceduto ed \u00e8 ruzzolato una quindicina di metri in un canalone, procurandosi una\u00a0 lussazione della spalla. L&#8217;escursionista \u00e8 riuscito a riposizionarsi l&#8217;arto da solo e a risalire fino alla traccia, dove per\u00f2 si \u00e8 fermato temendo di non riuscire a scendere dopo quanto successo. L&#8217;elicottero Pelikan di Bressanone, cui \u00e8 stato richiesto l&#8217;intervento, ha imbarcato un tecnico di Agordo dal Carestiato e si \u00e8 avvicinato alla parete, in quel momento nascosta dalle nubi basse. Quando si \u00e8 aperto un varco, l&#8217;eliambulanza ha sbarcato con un verricello di 15 metri il soccorritore, una cinquantina di metri sotto l&#8217;infortunato. Risalito dal ragazzo, il tecnico lo ha aiutato a spostarsi in basso in un punto agevole per il recupero, avvenuto issando entrambi con una verricellata. Trasportato al Rifugio Carestiato, l&#8217;escursionista \u00e8 stato accompagnato in jeep alla macchina, con la quale si \u00e8 allontanato in autonomia.<\/p>\n","protected":false},"excerpt":{"rendered":"<p>AGORDO Un escursionista 30enne di Verona si \u00e8 infortunato sotto la cima della Moiazza. Dopo aver completato la Ferrata Costantini, infatti, arrivato in cima alla Moiazza Sud dalle creste delle Masenade,\u00a0 M.Z. voleva rientrare percorrendo la cengia Angelini verso il Bivacco Ghedini e discesa al Rifugio Carestiato. Quando il ragazzo \u00e8 uscito su un tratto&hellip;<\/p>\n","protected":false},"author":4,"featured_media":220281,"comment_status":"closed","ping_status":"open","sticky":false,"template":"","format":"standard","meta":{"_monsterinsights_skip_tracking":false,"_monsterinsights_sitenote_active":false,"_monsterinsights_sitenote_note":"","_monsterinsights_sitenote_category":0,"footnotes":""},"categories":[51,49],"tags":[],"class_list":["post-220279","post","type-post","status-publish","format-standard","has-post-thumbnail","hentry","category-evidenza-top","category-news-18","category-51","category-49","description-off"],"img_url":"https:\/\/www.radiopiu.net\/wordpress\/wp-content\/uploads\/2021\/07\/salt_20210706_175749_154-1.jpg","_links":{"self":[{"href":"https:\/\/www.radiopiu.net\/wordpress\/wp-json\/wp\/v2\/posts\/220279","targetHints":{"allow":["GET"]}}],"collection":[{"href":"https:\/\/www.radiopiu.net\/wordpress\/wp-json\/wp\/v2\/posts"}],"about":[{"href":"https:\/\/www.radiopiu.net\/wordpress\/wp-json\/wp\/v2\/types\/post"}],"author":[{"embeddable":true,"href":"https:\/\/www.radiopiu.net\/wordpress\/wp-json\/wp\/v2\/users\/4"}],"replies":[{"embeddable":true,"href":"https:\/\/www.radiopiu.net\/wordpress\/wp-json\/wp\/v2\/comments?post=220279"}],"version-history":[{"count":0,"href":"https:\/\/www.radiopiu.net\/wordpress\/wp-json\/wp\/v2\/posts\/220279\/revisions"}],"wp:featuredmedia":[{"embeddable":true,"href":"https:\/\/www.radiopiu.net\/wordpress\/wp-json\/wp\/v2\/media\/220281"}],"wp:attachment":[{"href":"https:\/\/www.radiopiu.net\/wordpress\/wp-json\/wp\/v2\/media?parent=220279"}],"wp:term":[{"taxonomy":"category","embeddable":true,"href":"https:\/\/www.radiopiu.net\/wordpress\/wp-json\/wp\/v2\/categories?post=220279"},{"taxonomy":"post_tag","embeddable":true,"href":"https:\/\/www.radiopiu.net\/wordpress\/wp-json\/wp\/v2\/tags?post=220279"}],"curies":[{"name":"wp","href":"https:\/\/api.w.org\/{rel}","templated":true}]}}