{"id":220302,"date":"2021-07-08T06:00:11","date_gmt":"2021-07-08T04:00:11","guid":{"rendered":"https:\/\/www.radiopiu.net\/wordpress\/?p=220302"},"modified":"2021-07-08T09:17:40","modified_gmt":"2021-07-08T07:17:40","slug":"giornale-radiopiu-08-luglio-2021-direttore-mirko-mezzacasa","status":"publish","type":"post","link":"https:\/\/www.radiopiu.net\/wordpress\/giornale-radiopiu-08-luglio-2021-direttore-mirko-mezzacasa\/","title":{"rendered":"GIORNALE RADIOPIU 08 LUGLIO 2021 DIRETTORE MIRKO MEZZACASA"},"content":{"rendered":"<blockquote>\n<h1><span style=\"color: #0000ff;\">STIAMO ASPETTANDO&#8230;. IN TANTI<\/span><\/h1>\n<h1><\/h1>\n<h1><span style=\"color: #0000ff;\">\u00a0<\/span><\/h1>\n<div style=\"width: 848px;\" class=\"wp-video\"><video class=\"wp-video-shortcode\" id=\"video-220302-1\" width=\"848\" height=\"480\" preload=\"metadata\" controls=\"controls\"><source type=\"video\/mp4\" src=\"https:\/\/www.radiopiu.net\/wordpress\/wp-content\/uploads\/2021\/07\/WhatsApp-Video-2021-07-07-at-17.52.53.mp4?_=1\" \/><a href=\"https:\/\/www.radiopiu.net\/wordpress\/wp-content\/uploads\/2021\/07\/WhatsApp-Video-2021-07-07-at-17.52.53.mp4\">https:\/\/www.radiopiu.net\/wordpress\/wp-content\/uploads\/2021\/07\/WhatsApp-Video-2021-07-07-at-17.52.53.mp4<\/a><\/video><\/div><\/blockquote>\n<h2><\/h2>\n<h2><span style=\"color: #0000ff;\">PER<strong>\u00a0RICEVERE QUESTO NOTIZIARIO DIRETTAMENTE SUL TUO CELLULARE ISCRIVITI AL CANALE TELEGRAM\u00a0<\/strong><strong>\u201cRADIO PIU\u00a0 INFORMAZIONE\u201d\u00a0<\/strong><\/span><\/h2>\n<blockquote class=\"wp-embedded-content\" data-secret=\"mBvWkqXkFL\"><p><a href=\"https:\/\/www.radiopiu.net\/wordpress\/fusione-di-comuni-il-dibattito-e-aperto\/\">FUSIONE DI COMUNI? IL DIBATTITO E&#8217; APERTO<\/a><\/p><\/blockquote>\n<p><iframe loading=\"lazy\" class=\"wp-embedded-content\" sandbox=\"allow-scripts\" security=\"restricted\" style=\"position: absolute; clip: rect(1px, 1px, 1px, 1px);\" title=\"&#8220;FUSIONE DI COMUNI? IL DIBATTITO E&#8217; APERTO&#8221; &#8212; Radio Pi\u00f9\" src=\"https:\/\/www.radiopiu.net\/wordpress\/fusione-di-comuni-il-dibattito-e-aperto\/embed\/#?secret=mBvWkqXkFL\" data-secret=\"mBvWkqXkFL\" width=\"600\" height=\"338\" frameborder=\"0\" marginwidth=\"0\" marginheight=\"0\" scrolling=\"no\"><\/iframe><\/p>\n<h3><\/h3>\n<hr \/>\n<p>&nbsp;<\/p>\n<p><span style=\"color: #ff0000;\">ULTIM&#8217;ORA, NELLA NOTTE.<\/span><\/p>\n<p><strong>IERI SERA AD ALLEGHE: LA TROMBA D&#8217;ARIA\u00a0<\/strong><\/p>\n<p><strong>IL MESSAGGIO:\u00a0 Ieri sera a Fernazza c&#8217;\u00e9 stata una tromba d&#8217;aria che ha scoperchiato il tetto di una casa. <em>&#8220;Adesso \u00e8 buio ma con la luce\u00a0 vedremo meglio. Abbiamo preso\u00a0 tanta paura ma\u00a0 per fortuna stiamo bene&#8221;.<\/em><\/strong><\/p>\n<p><strong>IL SINDACO DANILO DE TONI :\u00a0 Ho provato a raggiungere Fernazza mi sono dovuto fermare perch\u00e9 ci sono piante cadute sulla strada.\u00a0 E&#8217; stata sollevata la falda di un tetto che \u00e8 caduta sulla casa sottostante. Piante abbattute sopra\u00a0 Pezz\u00e9. Gli operai comunali hanno liberato gi\u00e0 dalle 5 di questa mattina la strada che porta alla frazione.\u00a0\u00a0<\/strong><\/p>\n<p>&nbsp;<\/p>\n<blockquote>\n<h2>ANCORA DANNI SUL TETTO DELLA SCUOLA MEDIA DI CENCENIGHE<\/h2>\n<\/blockquote>\n<p>&nbsp;<\/p>\n<p><strong>IL SINDACO MAURO SOPPELSA DA CENCENIGHE<\/strong><\/p>\n<audio class=\"wp-audio-shortcode\" id=\"audio-220302-1\" preload=\"none\" style=\"width: 100%;\" controls=\"controls\"><source type=\"audio\/mpeg\" src=\"https:\/\/www.radiopiu.net\/wordpress\/wp-content\/uploads\/2021\/07\/MAURO.mp3?_=1\" \/><a href=\"https:\/\/www.radiopiu.net\/wordpress\/wp-content\/uploads\/2021\/07\/MAURO.mp3\">https:\/\/www.radiopiu.net\/wordpress\/wp-content\/uploads\/2021\/07\/MAURO.mp3<\/a><\/audio>\n<p>&nbsp;<\/p>\n<blockquote class=\"wp-embedded-content\" data-secret=\"08J2De2Imn\"><p><a href=\"https:\/\/www.radiopiu.net\/wordpress\/il-vento-danneggia-il-tetto-della-scuola-media-di-cencenighe-foto\/\">IL VENTO DANNEGGIA IL TETTO DELLA SCUOLA MEDIA DI CENCENIGHE &#8211; FOTO<\/a><\/p><\/blockquote>\n<p><iframe loading=\"lazy\" class=\"wp-embedded-content\" sandbox=\"allow-scripts\" security=\"restricted\" style=\"position: absolute; clip: rect(1px, 1px, 1px, 1px);\" title=\"&#8220;IL VENTO DANNEGGIA IL TETTO DELLA SCUOLA MEDIA DI CENCENIGHE &#8211; FOTO&#8221; &#8212; Radio Pi\u00f9\" src=\"https:\/\/www.radiopiu.net\/wordpress\/il-vento-danneggia-il-tetto-della-scuola-media-di-cencenighe-foto\/embed\/#?secret=08J2De2Imn\" data-secret=\"08J2De2Imn\" width=\"600\" height=\"338\" frameborder=\"0\" marginwidth=\"0\" marginheight=\"0\" scrolling=\"no\"><\/iframe><\/p>\n<p>&nbsp;<\/p>\n<p>&nbsp;<\/p>\n<hr \/>\n<p>&nbsp;<\/p>\n<h3><span style=\"color: #0000ff;\">Gestione Servizi Pubblici informa che, per lavori alla rete idrica comunale, oggi dalle ore 08:30 fino a FINE LAVORI potrebbe mancare l&#8217;acqua ad AGORDO, nelle vie FAION e PAGANINI e in localit\u00e0 VERAN. Il personale addetto operer\u00e0 per limitare il pi\u00f9 possibile i disagi alla popolazione.<\/span><\/h3>\n<p>&nbsp;<\/p>\n<hr \/>\n<p>&nbsp;<\/p>\n<p><strong><a href=\"https:\/\/www.radiopiu.net\/wordpress\/giornale-radiopiu-08-luglio-2021-direttore-mirko-mezzacasa\/214129737_4085349378239595_8644617597952686640_n\/\" rel=\"attachment wp-att-220543\"><img loading=\"lazy\" decoding=\"async\" class=\" wp-image-220543 alignleft\" src=\"https:\/\/www.radiopiu.net\/wordpress\/wp-content\/uploads\/2021\/07\/214129737_4085349378239595_8644617597952686640_n-224x300.jpg\" alt=\"\" width=\"157\" height=\"210\" srcset=\"https:\/\/www.radiopiu.net\/wordpress\/wp-content\/uploads\/2021\/07\/214129737_4085349378239595_8644617597952686640_n-224x300.jpg 224w, https:\/\/www.radiopiu.net\/wordpress\/wp-content\/uploads\/2021\/07\/214129737_4085349378239595_8644617597952686640_n.jpg 526w\" sizes=\"auto, (max-width: 157px) 100vw, 157px\" \/><\/a>dalla pagina facebook Sei di Agordo Se&#8230;. la segnalazione di Maurizio Rossi<\/strong><\/p>\n<p><strong>AGORDO<\/strong> Comodo il distributore automatico dei sacchetti dei rifiuti a Pragrande installato da Valpe&#8230;ti evita di perdere tempo se entri negli uffici, ma se si cerca di aprire lo sportello inferiore per prendere i sacchetti dispensati con una mano sola (nell&#8217;altra hai la carta del codice fiscale) lo sportello fa resistenza perch\u00e9 si \u00e8 attaccato per il caldo o perch\u00e9 da un po&#8217; non viene adoperato. Poi si stacca di colpo e tu hai il dito proprio l\u00ec .per cui se lo usate fatelo con entrambe le mani<\/p>\n<p>&nbsp;<\/p>\n<p>&nbsp;<\/p>\n<p>&nbsp;<\/p>\n<p>&nbsp;<\/p>\n<hr \/>\n<p>&nbsp;<\/p>\n<blockquote>\n<h3>DAL 14 AL 30 LUGLIO: CHIUSURA A GONA DELLA PROVINCIALE PER RIVAMONTE<\/h3>\n<\/blockquote>\n<p><strong><a href=\"https:\/\/www.radiopiu.net\/wordpress\/giornale-radiopiu-08-luglio-2021-direttore-mirko-mezzacasa\/d1d692aa-1d64-4765-8a42-99f32476341b-300x225\/\" rel=\"attachment wp-att-220535\"><img loading=\"lazy\" decoding=\"async\" class=\"wp-image-220535 alignleft\" src=\"https:\/\/www.radiopiu.net\/wordpress\/wp-content\/uploads\/2021\/07\/d1d692aa-1d64-4765-8a42-99f32476341b-300x225-1.jpg\" alt=\"\" width=\"264\" height=\"198\" \/><\/a>RIVAMONTE<\/strong> Dal 14 luglio Rivamonte sar\u00e0 raggiungibile solo da Voltago (via Digoman) e da Gosaldo, infatti la strada chiuder\u00e0 (anche nei giorni festivi e prefestivi) in localit\u00e0 Gona per permettere i lavori di consolidamento del piano viabile come noto franato anche recentemente.<\/p>\n<p>&nbsp;<\/p>\n<p>&nbsp;<\/p>\n<p>&nbsp;<\/p>\n<p>&nbsp;<\/p>\n<p>&nbsp;<\/p>\n<hr \/>\n<p>&nbsp;<\/p>\n<p><strong><a href=\"https:\/\/www.radiopiu.net\/wordpress\/giornale-radiopiu-16-giugno-2021-direttore-mirko-mezzacasa\/lavorii\/\" rel=\"attachment wp-att-216177\"><img loading=\"lazy\" decoding=\"async\" class=\"size-medium wp-image-216177 alignleft\" src=\"https:\/\/www.radiopiu.net\/wordpress\/wp-content\/uploads\/2021\/06\/LAVORII-300x159.jpg\" sizes=\"auto, (max-width: 300px) 100vw, 300px\" srcset=\"https:\/\/www.radiopiu.net\/wordpress\/wp-content\/uploads\/2021\/06\/LAVORII-300x159.jpg 300w, https:\/\/www.radiopiu.net\/wordpress\/wp-content\/uploads\/2021\/06\/LAVORII.jpg 335w\" alt=\"\" width=\"300\" height=\"159\" \/><\/a><\/strong><\/p>\n<p>&nbsp;<\/p>\n<p><b>GALLERIA \u2018COMELICO\u00a0<\/b>fino al 31 luglio\u00a0 dalle 21 alle\u00a0 6 la galleria sar\u00e0 chiusa al traffico. Per i veicoli pesanti trainanti un rimorchio \u00e8 prevista la deviazione sulla SR 48 \u201cdelle Dolomiti e sulla SP 49 \u201cMisurina\u201d,\u00a0 \u00a0il traffico pesante sar\u00e0 deviato lungo la SP 532 \u201cPasso S. Antonio\u201d. Il traffico leggero\u00a0 sulla SP 532.<\/p>\n<p>&nbsp;<\/p>\n<p><strong>VOLTAGO<\/strong>\u00a0 Fino al 10 luglio, domeniche escluse, per consentire i lavori di esbosco\u00a0 interdizione totale alla circolazione\u00a0 dalle 8 alle 17 lungo la Strada provinciale 26 \u201cdi Digoman\u201d, nei comuni di Rivamonte e Voltago Agordino.\u00a0 Nei periodi non interessati dalle chiusure sar\u00e0 istituto il senso unico alternato regolato da impianto semaforico.<\/p>\n<p><strong>48 DELLE DOLOMITI<\/strong>\u00a0Fino al 16 luglio da Pieve di Livinallongo ad Arabba si potr\u00e0 transitare ma in determinate fasce orarie. Dalle 7 del mattino alle 18 sono infatti previste interruzioni fino a 20 minuti per permettere i lavori di esbosco e realizzazione paramassi. Per tutta la durata dei lavori senso unico alternato nei periodi non interessati delle interruzioni.<\/p>\n<p><strong>ALLEGHE<\/strong>\u00a0Domenica tra le 10 e le 22, per un periodo massimo di 15 minuti sospensione totale della circolazione per manifestazione alpina<\/p>\n<p>&nbsp;<\/p>\n<hr \/>\n<p>&nbsp;<\/p>\n<p><strong><span style=\"color: #ff0000;\">REGIONALE 203 AGORDINA, LOCALITA&#8217; SORAZUNAIA,\u00a0 E SR 48 DELLE DOLOMITI IN LOCALITA&#8217; LIVINALLONGO, FINO AL 31 LUGLIO DALLE 7 ALLE 18 ESCLUSI SABATI E DOMENICHE INTERRUZIONI ALLA VABILITA&#8217; PER UNA DURATA MASSIMA DI 20 MINUTI.\u00a0<\/span><\/strong><\/p>\n<p>&nbsp;<\/p>\n<hr \/>\n<p>&nbsp;<\/p>\n<blockquote>\n<h2><a href=\"https:\/\/www.radiopiu.net\/wordpress\/giornale-radiopiu-16-giugno-2021-direttore-mirko-mezzacasa\/lavori-6\/\" rel=\"attachment wp-att-216175\"><img loading=\"lazy\" decoding=\"async\" class=\"wp-image-216175 alignleft\" src=\"https:\/\/www.radiopiu.net\/wordpress\/wp-content\/uploads\/2021\/06\/LAVORI-1-1.jpg\" alt=\"\" width=\"122\" height=\"122\" srcset=\"https:\/\/www.radiopiu.net\/wordpress\/wp-content\/uploads\/2021\/06\/LAVORI-1-1.jpg 300w, https:\/\/www.radiopiu.net\/wordpress\/wp-content\/uploads\/2021\/06\/LAVORI-1-1-150x150.jpg 150w\" sizes=\"auto, (max-width: 122px) 100vw, 122px\" \/><\/a>CANTIERI A ROCCA PIETORE<\/h2>\n<\/blockquote>\n<p><strong>ROCCA PIETORE<\/strong> Fino al 10 luglio \u00e8 chiuso al transito il ponte sul Ru de Molin tra le localit\u00e0 di Santa Maria delle Grazie e Caracoi. Chiusura dell&#8217;area compresa tra la localit\u00e0 di Aur\u00f9 e l&#8217;intersezione con la strada per Laste Fino al 9 luglio \u00e8 chiuso il tratto di strada in localit\u00e0 Col di Rocca nel tratto tra la Centralina Comunale e il bivio in cui si innesta con la strada provinciale 641 lato Sass Negher. . La viabilit\u00e0 da e per l&#8217;abitato di Col di Rocca \u00e8 comunque garantita da altri due accessi esistenti.<\/p>\n<p>&nbsp;<\/p>\n<h3>IL PUNTO SUI LAVORI A ROCCA PIETORE CON IL SINDACO ANDREA DE BERNARDIN<\/h3>\n<p><strong><a href=\"https:\/\/www.radiopiu.net\/wordpress\/al-lavoro-per-la-sicurezza-sul-territorio\/andrea-de-bernardin-10\/\" rel=\"attachment wp-att-195558\"><img loading=\"lazy\" decoding=\"async\" class=\"size-medium wp-image-195558 alignleft\" src=\"https:\/\/www.radiopiu.net\/wordpress\/wp-content\/uploads\/2021\/03\/ANDREA-DE-BERNARDIN-300x169.jpg\" alt=\"\" width=\"300\" height=\"169\" srcset=\"https:\/\/www.radiopiu.net\/wordpress\/wp-content\/uploads\/2021\/03\/ANDREA-DE-BERNARDIN-300x169.jpg 300w, https:\/\/www.radiopiu.net\/wordpress\/wp-content\/uploads\/2021\/03\/ANDREA-DE-BERNARDIN-768x432.jpg 768w, https:\/\/www.radiopiu.net\/wordpress\/wp-content\/uploads\/2021\/03\/ANDREA-DE-BERNARDIN.jpg 960w\" sizes=\"auto, (max-width: 300px) 100vw, 300px\" \/><\/a>ROCCA PIETORE<\/strong> Stanno procedendo i lavori nei vari cantieri a Rocca Pietore. Il sindaco Andrea De Bernardin fa il punto della situazione.<\/p>\n<audio class=\"wp-audio-shortcode\" id=\"audio-220302-2\" preload=\"none\" style=\"width: 100%;\" controls=\"controls\"><source type=\"audio\/mpeg\" src=\"https:\/\/www.radiopiu.net\/wordpress\/wp-content\/uploads\/2021\/07\/DE-BERNARDIN-LAVORI-ROCCA.mp3?_=2\" \/><a href=\"https:\/\/www.radiopiu.net\/wordpress\/wp-content\/uploads\/2021\/07\/DE-BERNARDIN-LAVORI-ROCCA.mp3\">https:\/\/www.radiopiu.net\/wordpress\/wp-content\/uploads\/2021\/07\/DE-BERNARDIN-LAVORI-ROCCA.mp3<\/a><\/audio>\n<p>&nbsp;<\/p>\n<hr \/>\n<p>&nbsp;<\/p>\n<p>&nbsp;<\/p>\n<blockquote>\n<h3><strong><a href=\"https:\/\/www.radiopiu.net\/wordpress\/agordo-il-mio-paese-litalia-che-vorrei-di-mirko-mezzacasa\/8cea600a-c88b-4d28-8748-e360e4864c44\/\" rel=\"attachment wp-att-144890\"><img loading=\"lazy\" decoding=\"async\" class=\" wp-image-144890 alignleft\" src=\"https:\/\/www.radiopiu.net\/wordpress\/wp-content\/uploads\/2020\/06\/8cea600a-c88b-4d28-8748-e360e4864c44-300x225.jpg\" alt=\"\" width=\"155\" height=\"116\" srcset=\"https:\/\/www.radiopiu.net\/wordpress\/wp-content\/uploads\/2020\/06\/8cea600a-c88b-4d28-8748-e360e4864c44-300x225.jpg 300w, https:\/\/www.radiopiu.net\/wordpress\/wp-content\/uploads\/2020\/06\/8cea600a-c88b-4d28-8748-e360e4864c44-1024x768.jpg 1024w, https:\/\/www.radiopiu.net\/wordpress\/wp-content\/uploads\/2020\/06\/8cea600a-c88b-4d28-8748-e360e4864c44-768x576.jpg 768w, https:\/\/www.radiopiu.net\/wordpress\/wp-content\/uploads\/2020\/06\/8cea600a-c88b-4d28-8748-e360e4864c44-1536x1152.jpg 1536w, https:\/\/www.radiopiu.net\/wordpress\/wp-content\/uploads\/2020\/06\/8cea600a-c88b-4d28-8748-e360e4864c44.jpg 2048w\" sizes=\"auto, (max-width: 155px) 100vw, 155px\" \/><\/a><\/strong>LAVORI DI RIFACIMENTO DEL PONTE SUL TORRENTE CAMPREGANA<\/h3>\n<\/blockquote>\n<p><strong>AGORDO<\/strong> Fino al 16 luglio, per le frazioni Farenzena e Val di Frela deviazioni per la\u00a0 strada silvo-pastorale Farenzena-Don <em>Transito consentito <strong>A SALIRE<\/strong>, da frazione FARENZENA a localita\u0300 DON: dalle 6 alle 7:45, dalle 9 alle 9:45, dalle 11:00 alle 11:45, dalle 13 alle 13:45 &#8211; dalle 15 alle 15:45, dalle 17 alle 17:45, dalle 19 alle 19:45. Transito consentito<strong> A SCENDERE<\/strong>, da localita\u0300 DON a frazione FARENZENA: dalle 8 alle 8:45, dalle 10 alle 10:45, dalle 12 alle 12:45, dalle 14 alle 14:45, dalle 16 alle 16:45, dalle 18 alle 18:45, dalle 20 alle 20:45. Dalle ore 20:45 alle ore 05:45 la circolazione dei veicoli e\u0300 consentita contemporaneamente in entrambi i sensi di marcia.\u00a0\u00a0<\/em><\/p>\n<p>&nbsp;<\/p>\n<hr \/>\n<p>&nbsp;<\/p>\n<blockquote>\n<h3>NEL FELTRINO QUATTRO NUOVE POSITIVITA&#8217;, DUE LE VARIANTI DELTA<\/h3>\n<\/blockquote>\n<p><strong><img loading=\"lazy\" decoding=\"async\" class=\"alignleft\" src=\"https:\/\/www.radiopiu.net\/wordpress\/wp-content\/uploads\/2021\/04\/vaccino-covid.jpg\" width=\"170\" height=\"113\" \/>BELLUNO<\/strong>\u00a0 Nelle ultime 24 ore l\u2019Ulss Dolomiti ha registrato 4 nuove positivit\u00e0 covid, tre delle quali collegate al focolaio \u201cgiovanile\u201d del Feltrino.\u00a0 Alcune di queste positivit\u00e0 sono di \u201cseconda generazione\u201d, derivanti da trasmissione dell\u2019infezione dal primo gruppo di ragazzi contagiati il 26 giugno scorso. Un ulteriore elemento di novit\u00e0 \u00e8 la segnalazione stamane di due sequenziamenti orientativi per variante Delta: uno a carico di una giovane donna del Nord Europa, soggiornante in Spagna, poi giunta nel nostro territorio; uno relativo ad una ragazza residente nel Feltrino, per ora non epidemiologicamente collegata al focolaio sportivo sociale insorto il 26 giugno scorso.<\/p>\n<blockquote><p><em>Il team contact tracing del Dipartimento di Prevenzione sta ulteriormente approfondendo i contatti stretti e occasionali di questi soggetti, ora isolati, anche al fine di poter costruire con precisione le catene epidemiche. Quanto evidenziato conferma che anche il nostro territorio \u00e8 destinato a registrare un incremento di presenza di varianti del virus Covid pi\u00f9 contagiose. Le principali strategie di contrasto sono: l\u2019incremento della copertura vaccinale in tutte le fasce di popolazione (ampi spazi prenotabili in tutti i Centri Vaccinali); il tempestivo accesso a tampone (oggi gratuito e libero) a fronte di sintomatologia respiratoria anche lieve, contatto anche occasionale con soggetti positivi o sospetti tali, permanenza in contesti di assembramento, partecipazione ad eventi e cerimonie, ritorno da viaggi, etc.<\/em><\/p><\/blockquote>\n<p>&nbsp;<\/p>\n<p>&nbsp;<\/p>\n<hr \/>\n<p>&nbsp;<\/p>\n<blockquote>\n<h2>I GRAFICI DI TIZIANO DE COL, DA INIZIO PANDEMIA L&#8217;AGGIORNAMENTO E&#8217; QUOTIDIANO<\/h2>\n<\/blockquote>\n\n\t\t\t<style type='text\/css'>\n\t\t\t\t#gallery-1 {\n\t\t\t\t\tmargin: auto;\n\t\t\t\t}\n\t\t\t\t#gallery-1 .gallery-item {\n\t\t\t\t\tfloat: left;\n\t\t\t\t\tmargin-top: 10px;\n\t\t\t\t\ttext-align: center;\n\t\t\t\t\twidth: 16%;\n\t\t\t\t}\n\t\t\t\t#gallery-1 img {\n\t\t\t\t\tborder: 2px solid #cfcfcf;\n\t\t\t\t}\n\t\t\t\t#gallery-1 .gallery-caption {\n\t\t\t\t\tmargin-left: 0;\n\t\t\t\t}\n\t\t\t\t\/* see gallery_shortcode() in wp-includes\/media.php *\/\n\t\t\t<\/style>\n\t\t<div id='gallery-1' class='dt-gallery-container gallery galleryid-220302 gallery-columns-6 gallery-size-thumbnail'><dl class='gallery-item'>\n\t\t\t\t<dt class='gallery-icon landscape'>\n\t\t\t\t\t<a class=\"rollover rollover-zoom dt-pswp-item\" title=\"18b7e0c4-6bee-4efa-8519-d18d5b10f797\" data-dt-img-description=\"\" data-large_image_width=\"588\" data-large_image_height=\"358\"href='https:\/\/www.radiopiu.net\/wordpress\/wp-content\/uploads\/2021\/07\/18b7e0c4-6bee-4efa-8519-d18d5b10f797.jpg'><img loading=\"lazy\" decoding=\"async\" width=\"150\" height=\"150\" src=\"https:\/\/www.radiopiu.net\/wordpress\/wp-content\/uploads\/2021\/07\/18b7e0c4-6bee-4efa-8519-d18d5b10f797-150x150.jpg\" class=\"attachment-thumbnail size-thumbnail\" alt=\"\" \/><\/a>\n\t\t\t\t<\/dt><\/dl><dl class='gallery-item'>\n\t\t\t\t<dt class='gallery-icon landscape'>\n\t\t\t\t\t<a class=\"rollover rollover-zoom dt-pswp-item\" title=\"42048f23-97e7-4bcb-9f80-e56e26239aa7\" data-dt-img-description=\"\" data-large_image_width=\"601\" data-large_image_height=\"359\"href='https:\/\/www.radiopiu.net\/wordpress\/wp-content\/uploads\/2021\/07\/42048f23-97e7-4bcb-9f80-e56e26239aa7.jpg'><img loading=\"lazy\" decoding=\"async\" width=\"150\" height=\"150\" src=\"https:\/\/www.radiopiu.net\/wordpress\/wp-content\/uploads\/2021\/07\/42048f23-97e7-4bcb-9f80-e56e26239aa7-150x150.jpg\" class=\"attachment-thumbnail size-thumbnail\" alt=\"\" \/><\/a>\n\t\t\t\t<\/dt><\/dl><dl class='gallery-item'>\n\t\t\t\t<dt class='gallery-icon landscape'>\n\t\t\t\t\t<a class=\"rollover rollover-zoom dt-pswp-item\" title=\"96d4db5f-f39c-4f5f-8aad-add34a8e6e3f\" data-dt-img-description=\"\" data-large_image_width=\"598\" data-large_image_height=\"352\"href='https:\/\/www.radiopiu.net\/wordpress\/wp-content\/uploads\/2021\/07\/96d4db5f-f39c-4f5f-8aad-add34a8e6e3f.jpg'><img loading=\"lazy\" decoding=\"async\" width=\"150\" height=\"150\" src=\"https:\/\/www.radiopiu.net\/wordpress\/wp-content\/uploads\/2021\/07\/96d4db5f-f39c-4f5f-8aad-add34a8e6e3f-150x150.jpg\" class=\"attachment-thumbnail size-thumbnail\" alt=\"\" \/><\/a>\n\t\t\t\t<\/dt><\/dl><dl class='gallery-item'>\n\t\t\t\t<dt class='gallery-icon landscape'>\n\t\t\t\t\t<a class=\"rollover rollover-zoom dt-pswp-item\" title=\"0ba5ed54-8e35-40d1-9828-db7a1e5e70ae\" data-dt-img-description=\"\" data-large_image_width=\"600\" data-large_image_height=\"354\"href='https:\/\/www.radiopiu.net\/wordpress\/wp-content\/uploads\/2021\/07\/0ba5ed54-8e35-40d1-9828-db7a1e5e70ae.jpg'><img loading=\"lazy\" decoding=\"async\" width=\"150\" height=\"150\" src=\"https:\/\/www.radiopiu.net\/wordpress\/wp-content\/uploads\/2021\/07\/0ba5ed54-8e35-40d1-9828-db7a1e5e70ae-150x150.jpg\" class=\"attachment-thumbnail size-thumbnail\" alt=\"\" \/><\/a>\n\t\t\t\t<\/dt><\/dl><dl class='gallery-item'>\n\t\t\t\t<dt class='gallery-icon landscape'>\n\t\t\t\t\t<a class=\"rollover rollover-zoom dt-pswp-item\" title=\"2d72e060-3b0d-4b15-b981-837583a945e9\" data-dt-img-description=\"\" data-large_image_width=\"626\" data-large_image_height=\"363\"href='https:\/\/www.radiopiu.net\/wordpress\/wp-content\/uploads\/2021\/07\/2d72e060-3b0d-4b15-b981-837583a945e9.jpg'><img loading=\"lazy\" decoding=\"async\" width=\"150\" height=\"150\" src=\"https:\/\/www.radiopiu.net\/wordpress\/wp-content\/uploads\/2021\/07\/2d72e060-3b0d-4b15-b981-837583a945e9-150x150.jpg\" class=\"attachment-thumbnail size-thumbnail\" alt=\"\" \/><\/a>\n\t\t\t\t<\/dt><\/dl><dl class='gallery-item'>\n\t\t\t\t<dt class='gallery-icon landscape'>\n\t\t\t\t\t<a class=\"rollover rollover-zoom dt-pswp-item\" title=\"95968463-2db8-449a-b351-81206486abfb\" data-dt-img-description=\"\" data-large_image_width=\"610\" data-large_image_height=\"357\"href='https:\/\/www.radiopiu.net\/wordpress\/wp-content\/uploads\/2021\/07\/95968463-2db8-449a-b351-81206486abfb.jpg'><img loading=\"lazy\" decoding=\"async\" width=\"150\" height=\"150\" src=\"https:\/\/www.radiopiu.net\/wordpress\/wp-content\/uploads\/2021\/07\/95968463-2db8-449a-b351-81206486abfb-150x150.jpg\" class=\"attachment-thumbnail size-thumbnail\" alt=\"\" \/><\/a>\n\t\t\t\t<\/dt><\/dl><br style=\"clear: both\" \/>\n\t\t\t<\/div>\n\n<p>&nbsp;<\/p>\n<p>&nbsp;<\/p>\n<blockquote class=\"wp-embedded-content\" data-secret=\"O1JJRugI7U\"><p><a href=\"https:\/\/www.radiopiu.net\/wordpress\/aggiornamentolug07\/\">CORONAVIRUS: AGGIORNAMENTO NAZIONALE 07 LUGLIO  2021<\/a><\/p><\/blockquote>\n<p><iframe loading=\"lazy\" class=\"wp-embedded-content\" sandbox=\"allow-scripts\" security=\"restricted\" style=\"position: absolute; clip: rect(1px, 1px, 1px, 1px);\" title=\"&#8220;CORONAVIRUS: AGGIORNAMENTO NAZIONALE 07 LUGLIO  2021&#8221; &#8212; Radio Pi\u00f9\" src=\"https:\/\/www.radiopiu.net\/wordpress\/aggiornamentolug07\/embed\/#?secret=O1JJRugI7U\" data-secret=\"O1JJRugI7U\" width=\"600\" height=\"338\" frameborder=\"0\" marginwidth=\"0\" marginheight=\"0\" scrolling=\"no\"><\/iframe><\/p>\n<p>&nbsp;<\/p>\n<blockquote class=\"wp-embedded-content\" data-secret=\"muCc38TN9A\"><p><a href=\"https:\/\/www.radiopiu.net\/wordpress\/registrate-80-nuove-positivita-in-veneto-nelle-ultime-24-ore-4-a-belluno-nessun-decesso\/\">REGISTRATE 80 NUOVE POSITIVITA&#8217; IN VENETO NELLE ULTIME 24 ORE, 4 A BELLUNO. NESSUN DECESSO<\/a><\/p><\/blockquote>\n<p><iframe loading=\"lazy\" class=\"wp-embedded-content\" sandbox=\"allow-scripts\" security=\"restricted\" style=\"position: absolute; clip: rect(1px, 1px, 1px, 1px);\" title=\"&#8220;REGISTRATE 80 NUOVE POSITIVITA&#8217; IN VENETO NELLE ULTIME 24 ORE, 4 A BELLUNO. NESSUN DECESSO&#8221; &#8212; Radio Pi\u00f9\" src=\"https:\/\/www.radiopiu.net\/wordpress\/registrate-80-nuove-positivita-in-veneto-nelle-ultime-24-ore-4-a-belluno-nessun-decesso\/embed\/#?secret=muCc38TN9A\" data-secret=\"muCc38TN9A\" width=\"600\" height=\"338\" frameborder=\"0\" marginwidth=\"0\" marginheight=\"0\" scrolling=\"no\"><\/iframe><\/p>\n<p>&nbsp;<\/p>\n<hr \/>\n<p>&nbsp;<\/p>\n<blockquote>\n<h3><img loading=\"lazy\" decoding=\"async\" class=\"alignleft\" src=\"https:\/\/www.radiopiu.net\/wordpress\/wp-content\/uploads\/2018\/07\/mountain-biking-1210066_960_720.jpg\" width=\"133\" height=\"100\" \/>CADE CON LA MTB, SBATTE TESTA E GINOCCHIO<\/h3>\n<\/blockquote>\n<p><strong>BORGO VALBELLUNA<\/strong> Nel primo pomeriggio il ciclista M.T.M. 56 anni di Castelfranco Veneto\u00a0 percorrendo il sentiero numero 2 che porta al Bivacco dei L\u00f2ff, \u00e8 caduto con la mountain bike, sbattendo la testa e il ginocchio Sbarcato in hovering nelle vicinanze, il tecnico di elisoccorso lo ha raggiunto dopo che lo stesso &#8211; era da solo &#8211; ha lanciato l&#8217;allarme.\u00a0 Recuperato con un verricello di 30 metri, l&#8217;infortunato \u00e8 stato trasportato all&#8217;ospedale di Belluno.<\/p>\n<p>&nbsp;<\/p>\n<hr \/>\n<p>&nbsp;<\/p>\n<blockquote>\n<h3>SOCCORSO ALPINO IN AIUTO ALL&#8217;ANZIANO DI 83 ANNI AL RIFUGIO LAVAREDO<\/h3>\n<\/blockquote>\n<p><strong><img loading=\"lazy\" decoding=\"async\" class=\"alignleft\" src=\"https:\/\/www.radiopiu.net\/wordpress\/wp-content\/uploads\/2021\/07\/scaled-900x601-B034_Lavaredo_Hutte_Lavaredo_Huette.jpg\" width=\"141\" height=\"94\" \/>AURONZO<\/strong>\u00a0 Un anziano di 83 anni \u00e8 caduto in prossimit\u00e0 del Rifugio Lavaredo Sotto le Tre Cime, lo stesso gestore ha chiamato gli uomini del Soccorso Alpino che hanno mosso il fuoristrada fino a raggiungere il bresciano che una volta all&#8217;auto ha ringraziato scegliendo di andare autonomamente al pronto soccorso.<\/p>\n<p>&nbsp;<\/p>\n<p>&nbsp;<\/p>\n<p>&nbsp;<\/p>\n<hr \/>\n<p>&nbsp;<\/p>\n<blockquote>\n<h3>STRADA DEL DURAN, TAMPONA LA MOTO: 3 IN OSPEDALE<\/h3>\n<\/blockquote>\n<p><strong><img loading=\"lazy\" decoding=\"async\" class=\"alignleft\" src=\"https:\/\/www.radiopiu.net\/wordpress\/wp-content\/uploads\/2021\/05\/203e932f-d79d-423b-a9df-af7325d671e8.jpg\" width=\"144\" height=\"81\" \/>VAL DI ZOLDO<\/strong>\u00a0 La regionale 347 di Passo Duran di nuovo teatro di incidente auto-moto. Il sinistro stamane ha coinvolto\u00a0 una\u00a0 Peugeot 208 condotta da M.P. 72anni residente in Val di Zoldo, a bordo\u00a0 anche la\u00a0 59enne zoldana\u00a0 (M.B elitrasportata per accertamenti all&#8217;ospedale di Agordo)\u00a0 e una BMW\u00a0 condotta da W.S. 63anni\u00a0 con a bordo N.T. 58enne,\u00a0 entrambi di\u00a0 Fossalta di Piave (anche loro trasportati all&#8217;ospedale di Agrodo).\u00a0 L&#8217;autovettura mentre percorreva la\u00a0 347 scendendo da Passo Duran verso lo zoldana per cause corso accertamento, ha tamponato la moto.<\/p>\n<p>&nbsp;<\/p>\n<p>&nbsp;<\/p>\n<hr \/>\n<blockquote>\n<h3><\/h3>\n<h3>EMERGENZA RADIOLOGI. DE MENECH: \u00abSPERO NON SIA UN DISEGNO PER CHIUDERE I REPARTI\u00bb<\/h3>\n<\/blockquote>\n<p><strong>L&#8217;INTERVENTO DEL DEPUTATO ROGER DE MENECH ALLA RADIO\u00a0<\/strong><\/p>\n<audio class=\"wp-audio-shortcode\" id=\"audio-220302-3\" preload=\"none\" style=\"width: 100%;\" controls=\"controls\"><source type=\"audio\/mpeg\" src=\"https:\/\/www.radiopiu.net\/wordpress\/wp-content\/uploads\/2021\/07\/roger.mp3?_=3\" \/><a href=\"https:\/\/www.radiopiu.net\/wordpress\/wp-content\/uploads\/2021\/07\/roger.mp3\">https:\/\/www.radiopiu.net\/wordpress\/wp-content\/uploads\/2021\/07\/roger.mp3<\/a><\/audio>\n<p>&nbsp;<\/p>\n<p><strong><a href=\"https:\/\/www.radiopiu.net\/wordpress\/speciale-feltre-fondi-di-confine-e-biblioteche-dal-gr-pomeriggio-di-radio-piu\/roger_de_menech_daticamera\/\" rel=\"attachment wp-att-49599\"><img loading=\"lazy\" decoding=\"async\" class=\" wp-image-49599 alignleft\" src=\"https:\/\/www.radiopiu.net\/wordpress\/wp-content\/uploads\/2018\/05\/Roger_De_Menech_daticamera.jpg\" alt=\"\" width=\"98\" height=\"135\" \/><\/a>ROMA <\/strong>\u00ab<em>Non \u00e8 chiaro se si tratti di incompetenza nell\u2019organizzazione dei servizi sanitari, di mancanza di risorse o, peggio, della volont\u00e0 di ridimensionare silenziosamente la sanit\u00e0 in montagna per arrivare, presto o tardi alla chiusura di reparti e servizi. Certo \u00e8 che il segnale dato dall\u2019Ulss 1 con l\u2019affidamento ai privati della radiologia d\u2019urgenza \u00e8 molto preoccupante<\/em>\u00bb. Lo afferma il deputato bellunese Roger De Menech che ha rappresentato il problema ai consiglieri regionali del Partito democratico chiedendo un\u2019indagine approfondita sui motivi per cui non si trovano medici, tecnici e infermieri disponibili a lavorare nelle strutture bellunesi. \u00ab<em>Come sottolineato dall\u2019Anaao &#8211; il sindacato dei medici &#8211; professionisti ce ne sono, altrimenti non sarebbe stato possibile appaltare all\u2019esterno il servizio di radiologia. Ma non vogliono lavorare per la Regione Veneto. In questo caso, come in tutti quelli precedenti degli ultimi anni, temo sia una questione legata alle condizioni di lavoro, a quelle ambientali dell\u2019azienda sanitaria e al fatto che gli stipendi della Regione siano troppo bassi<\/em>\u00bb. Intanto, ieri mattina il ministro della salute Roberto Speranza durante l\u2019audizione in commissione per l\u2019attuazione del federalismo fiscale ha ricordato che gli investimenti nazionali sulla sanit\u00e0 per i prossimi anni arrivano a 20 miliardi di euro. Di questi 4 sono destinati all\u2019assistenza domiciliare, 3 per l\u2019edilizia sanitaria, 4 per l\u2019ammodernamento tecnologico e digitale e 2 per la formazione del personale socio sanitario. \u00ab<em>L\u2019obiettivo \u00e8 colmare le note differenze esistenti tra nord e sud e soprattutto per quanto riguarda i nostri territori rendere omogeneo il servizio tra le aree metropolitane e quelle interne e montane come le nostre<\/em>\u00bb, afferma il deputato. \u00ab<em>\u00c8 un\u2019opportunit\u00e0 unica<\/em>\u00bb, commenta De Menech. \u00ab<em>Come ha riferito Speranza, si chiude definitivamente la stagione dei tagli in sanit\u00e0 e andiamo verso un rafforzamento del sistema sanitario nazionale con investimenti di rilievo per la sanit\u00e0 territoriale. La Regione non sia timida, colga questa occasione per rivedere il piano socio sanitario e si prepari a dare attuazione alle linee guida nazionali, assumendo medici, tecnici e infermieri e adeguandone le retribuzioni<\/em>\u00bb.<\/p>\n<p>&nbsp;<\/p>\n<hr \/>\n<p>&nbsp;<\/p>\n<p>&nbsp;<\/p>\n<blockquote>\n<h3>SASSO RIMOSSO SULLA FERRATA, MA RIMANE IN VIGORE L&#8217;ORDINANZA DI CHIUSURA<\/h3>\n<\/blockquote>\n<p><strong>LIVINALLONGO<\/strong>\u00a0 L&#8217;ordinanza di chiusura per il sentiero 21 rimane in vigore. Nell&#8217;intervento odierno della Guide Alpine Agordina sulla ferrata Cima Col di Lana- Monte Sief evidenziata la situazione di rischio per grossi massi instabili come spiega il sindaco Leandro Grones.<\/p>\n<p><strong>AUDIO\u00a0<\/strong><\/p>\n<audio class=\"wp-audio-shortcode\" id=\"audio-220302-4\" preload=\"none\" style=\"width: 100%;\" controls=\"controls\"><source type=\"audio\/mpeg\" src=\"https:\/\/www.radiopiu.net\/wordpress\/wp-content\/uploads\/2021\/07\/LEANDRO-1.mp3?_=4\" \/><a href=\"https:\/\/www.radiopiu.net\/wordpress\/wp-content\/uploads\/2021\/07\/LEANDRO-1.mp3\">https:\/\/www.radiopiu.net\/wordpress\/wp-content\/uploads\/2021\/07\/LEANDRO-1.mp3<\/a><\/audio>\n<p>&nbsp;<\/p>\n\n\t\t\t<style type='text\/css'>\n\t\t\t\t#gallery-2 {\n\t\t\t\t\tmargin: auto;\n\t\t\t\t}\n\t\t\t\t#gallery-2 .gallery-item {\n\t\t\t\t\tfloat: left;\n\t\t\t\t\tmargin-top: 10px;\n\t\t\t\t\ttext-align: center;\n\t\t\t\t\twidth: 25%;\n\t\t\t\t}\n\t\t\t\t#gallery-2 img {\n\t\t\t\t\tborder: 2px solid #cfcfcf;\n\t\t\t\t}\n\t\t\t\t#gallery-2 .gallery-caption {\n\t\t\t\t\tmargin-left: 0;\n\t\t\t\t}\n\t\t\t\t\/* see gallery_shortcode() in wp-includes\/media.php *\/\n\t\t\t<\/style>\n\t\t<div id='gallery-2' class='dt-gallery-container gallery galleryid-220302 gallery-columns-4 gallery-size-thumbnail'><dl class='gallery-item'>\n\t\t\t\t<dt class='gallery-icon portrait'>\n\t\t\t\t\t<a class=\"rollover rollover-zoom dt-pswp-item\" title=\"1bfccd6f-8658-43b6-9dcf-8def2d1cfeee\" data-dt-img-description=\"\" data-large_image_width=\"1200\" data-large_image_height=\"1600\"href='https:\/\/www.radiopiu.net\/wordpress\/wp-content\/uploads\/2021\/07\/1bfccd6f-8658-43b6-9dcf-8def2d1cfeee.jpg'><img loading=\"lazy\" decoding=\"async\" width=\"150\" height=\"150\" src=\"https:\/\/www.radiopiu.net\/wordpress\/wp-content\/uploads\/2021\/07\/1bfccd6f-8658-43b6-9dcf-8def2d1cfeee-150x150.jpg\" class=\"attachment-thumbnail size-thumbnail\" alt=\"\" \/><\/a>\n\t\t\t\t<\/dt><\/dl><dl class='gallery-item'>\n\t\t\t\t<dt class='gallery-icon portrait'>\n\t\t\t\t\t<a class=\"rollover rollover-zoom dt-pswp-item\" title=\"7377216d-bb35-427e-877f-b99a60fb251b\" data-dt-img-description=\"\" data-large_image_width=\"1196\" data-large_image_height=\"1600\"href='https:\/\/www.radiopiu.net\/wordpress\/wp-content\/uploads\/2021\/07\/7377216d-bb35-427e-877f-b99a60fb251b.jpg'><img loading=\"lazy\" decoding=\"async\" width=\"150\" height=\"150\" src=\"https:\/\/www.radiopiu.net\/wordpress\/wp-content\/uploads\/2021\/07\/7377216d-bb35-427e-877f-b99a60fb251b-150x150.jpg\" class=\"attachment-thumbnail size-thumbnail\" alt=\"\" \/><\/a>\n\t\t\t\t<\/dt><\/dl><dl class='gallery-item'>\n\t\t\t\t<dt class='gallery-icon portrait'>\n\t\t\t\t\t<a class=\"rollover rollover-zoom dt-pswp-item\" title=\"720242ac-c616-4372-89d8-2fba604d63ad\" data-dt-img-description=\"\" data-large_image_width=\"1196\" data-large_image_height=\"1600\"href='https:\/\/www.radiopiu.net\/wordpress\/wp-content\/uploads\/2021\/07\/720242ac-c616-4372-89d8-2fba604d63ad.jpg'><img loading=\"lazy\" decoding=\"async\" width=\"150\" height=\"150\" src=\"https:\/\/www.radiopiu.net\/wordpress\/wp-content\/uploads\/2021\/07\/720242ac-c616-4372-89d8-2fba604d63ad-150x150.jpg\" class=\"attachment-thumbnail size-thumbnail\" alt=\"\" \/><\/a>\n\t\t\t\t<\/dt><\/dl><dl class='gallery-item'>\n\t\t\t\t<dt class='gallery-icon portrait'>\n\t\t\t\t\t<a class=\"rollover rollover-zoom dt-pswp-item\" title=\"e1bf91b5-b1c7-4323-91b7-a24cb7c00fdb\" data-dt-img-description=\"\" data-large_image_width=\"1196\" data-large_image_height=\"1600\"href='https:\/\/www.radiopiu.net\/wordpress\/wp-content\/uploads\/2021\/07\/e1bf91b5-b1c7-4323-91b7-a24cb7c00fdb.jpg'><img loading=\"lazy\" decoding=\"async\" width=\"150\" height=\"150\" src=\"https:\/\/www.radiopiu.net\/wordpress\/wp-content\/uploads\/2021\/07\/e1bf91b5-b1c7-4323-91b7-a24cb7c00fdb-150x150.jpg\" class=\"attachment-thumbnail size-thumbnail\" alt=\"\" \/><\/a>\n\t\t\t\t<\/dt><\/dl><br style=\"clear: both\" \/>\n\t\t\t<\/div>\n\n<p><span style=\"color: #ff0000;\"><strong>ATTENZIONE\u00a0 Chiusa anche la ferrata Tenente Fusetti ( medaglia d\u2019onore al valor militare) sul Sasso di Stria, inaugurata il 18 ottobre 2018 dal Generale Berto. Percorso storico di circa 240 metri a cavallo tra Livinallongo e Cortina realizzato dagli Alpini impegnati nelle ricerche dei resti del sottotenente Fusetti. Un fittone cementato nella parte finale della ferrata, poco prima dell\u2019ultima paretina finale, si \u00e8 staccato dalla sua sede facendo venir meno le condizioni di sicurezza.<\/strong><\/span><\/p>\n<p>&nbsp;<\/p>\n<hr \/>\n<p>&nbsp;<\/p>\n<blockquote>\n<h2>LAVORI REGIONALI PER 2,5 MILIONI DI EURO A CANALE D&#8217;AGORDO<\/h2>\n<\/blockquote>\n<p><strong>CANALE D&#8217;AGORDO\u00a0<\/strong> Continuano a pieno regime i lavori dei Servizi Forestali regionali. Investimenti per 2,5 milioni di euro sui torrenti Rif de Gares, Liera e Tegosa,\u00a0 anche a protezione degli abitati di Caviola e La Mora. L&#8217;assessore regionale Gianpaolo Bottacin\u00a0 spiega che l&#8217;obiettivo prioritario \u00e8 garantire la sicurezza idraulica del territorio,\u00a0 esposto a ondate di piena a carattere torrentizio con notevole trasporto solido, quindi sul Tegosa \u00e8 stato necessario limitare la velocit\u00e0 della corrente e proteggere le due spalle del ponte e il muro di sostegno in sinistra idraulica per un un impegno di 450mila euro e\u00a0 attualmente \u00e8 in fase di getto la prima briglia di trattenuta a valle del ponte. Sempre sul Tegosa, ma in localit\u00e0 La Mora, i lavori, da poco ultimati con un investimento di 600mila euro, hanno invece visto il consolidamento di tutto il fondo alveo e della sponda sinistra in erosione.<em> \u201cAbbiamo poi in via di ultimazione la pulizia del torrente Rif de Gares \u2013 prosegue Bottacin -, dove, con 500mila euro, stiamo eseguendo lavori di consolidamento a monte del ponte attraverso la costruzione di una scogliera in destra orografica\u201d.<\/em> Gli interventi, a valle del ponte, verranno invece completati dopo che il Comune avr\u00e0 terminato la realizzazione del nuovo manufatto di attraversamento, opera per la quale ha ricevuto a sua volta un contributo. Sul Liera: \u00a0due gli interventi per 300mila euro\u00a0 con la realizzazione di una scogliera e di soglie di consolidamento, a monte e a valle del ponte di Ferale\u00a0 e un secondo, per ulteriori 600mila euro e i cui i lavori inizieranno dopodomani e prevede la realizzazione di scogliere e opere trasversali sia lungo il Liera che sui suoi affluenti a protezione di possibili colate detritiche.<em>\u201cAncora una volta \u2013 conclude Bottacin &#8211; .tante risorse messe a disposizione con un unico obiettivo, quello di un costante presidio del territorio al fine di garantire la sicurezza dei cittadini&#8221;<\/em><\/p>\n\n\t\t\t<style type='text\/css'>\n\t\t\t\t#gallery-3 {\n\t\t\t\t\tmargin: auto;\n\t\t\t\t}\n\t\t\t\t#gallery-3 .gallery-item {\n\t\t\t\t\tfloat: left;\n\t\t\t\t\tmargin-top: 10px;\n\t\t\t\t\ttext-align: center;\n\t\t\t\t\twidth: 33%;\n\t\t\t\t}\n\t\t\t\t#gallery-3 img {\n\t\t\t\t\tborder: 2px solid #cfcfcf;\n\t\t\t\t}\n\t\t\t\t#gallery-3 .gallery-caption {\n\t\t\t\t\tmargin-left: 0;\n\t\t\t\t}\n\t\t\t\t\/* see gallery_shortcode() in wp-includes\/media.php *\/\n\t\t\t<\/style>\n\t\t<div id='gallery-3' class='dt-gallery-container gallery galleryid-220302 gallery-columns-3 gallery-size-thumbnail'><dl class='gallery-item'>\n\t\t\t\t<dt class='gallery-icon landscape'>\n\t\t\t\t\t<a class=\"rollover\" href='https:\/\/www.radiopiu.net\/wordpress\/lavori-regionali-per-25-milioni-di-euro-a-canale-dagordo\/2ee90e4d-5437-4820-8712-67dbc31e0fe0-2\/'><img loading=\"lazy\" decoding=\"async\" width=\"150\" height=\"150\" src=\"https:\/\/www.radiopiu.net\/wordpress\/wp-content\/uploads\/2021\/07\/2ee90e4d-5437-4820-8712-67dbc31e0fe0-1-150x150.jpg\" class=\"attachment-thumbnail size-thumbnail\" alt=\"\" \/><\/a>\n\t\t\t\t<\/dt><\/dl><dl class='gallery-item'>\n\t\t\t\t<dt class='gallery-icon landscape'>\n\t\t\t\t\t<a class=\"rollover\" href='https:\/\/www.radiopiu.net\/wordpress\/lavori-regionali-per-25-milioni-di-euro-a-canale-dagordo\/d75427dd-3282-4f59-96ce-b88c31645f28-2\/'><img loading=\"lazy\" decoding=\"async\" width=\"150\" height=\"150\" src=\"https:\/\/www.radiopiu.net\/wordpress\/wp-content\/uploads\/2021\/07\/d75427dd-3282-4f59-96ce-b88c31645f28-1-150x150.jpg\" class=\"attachment-thumbnail size-thumbnail\" alt=\"\" \/><\/a>\n\t\t\t\t<\/dt><\/dl><dl class='gallery-item'>\n\t\t\t\t<dt class='gallery-icon landscape'>\n\t\t\t\t\t<a class=\"rollover\" href='https:\/\/www.radiopiu.net\/wordpress\/lavori-regionali-per-25-milioni-di-euro-a-canale-dagordo\/dec246f1-dddc-47ce-835f-4d07784973e7-2\/'><img loading=\"lazy\" decoding=\"async\" width=\"150\" height=\"150\" src=\"https:\/\/www.radiopiu.net\/wordpress\/wp-content\/uploads\/2021\/07\/dec246f1-dddc-47ce-835f-4d07784973e7-1-150x150.jpg\" class=\"attachment-thumbnail size-thumbnail\" alt=\"\" \/><\/a>\n\t\t\t\t<\/dt><\/dl><br style=\"clear: both\" \/>\n\t\t\t<\/div>\n\n<p>&nbsp;<\/p>\n<p>&nbsp;<\/p>\n<p>&nbsp;<\/p>\n<hr \/>\n<p>&nbsp;<\/p>\n<blockquote>\n<h3>LAZIO E VENEZIA IN ARRIVO, SI SCHIERANO LE FORZE DELL&#8217;ORDINE<\/h3>\n<\/blockquote>\n<p><strong><a href=\"https:\/\/www.radiopiu.net\/wordpress\/premiati-i-nuovi-cavalieri-della-repubblica-elogi-al-personale-sanitario\/d80d78c4-d4bb-4317-8238-4958a613bc03\/\" rel=\"attachment wp-att-213614\"><img loading=\"lazy\" decoding=\"async\" class=\" wp-image-213614 alignleft\" src=\"https:\/\/www.radiopiu.net\/wordpress\/wp-content\/uploads\/2021\/06\/d80d78c4-d4bb-4317-8238-4958a613bc03-300x169.jpg\" alt=\"\" width=\"252\" height=\"142\" srcset=\"https:\/\/www.radiopiu.net\/wordpress\/wp-content\/uploads\/2021\/06\/d80d78c4-d4bb-4317-8238-4958a613bc03-300x169.jpg 300w, https:\/\/www.radiopiu.net\/wordpress\/wp-content\/uploads\/2021\/06\/d80d78c4-d4bb-4317-8238-4958a613bc03-1024x576.jpg 1024w, https:\/\/www.radiopiu.net\/wordpress\/wp-content\/uploads\/2021\/06\/d80d78c4-d4bb-4317-8238-4958a613bc03-768x432.jpg 768w, https:\/\/www.radiopiu.net\/wordpress\/wp-content\/uploads\/2021\/06\/d80d78c4-d4bb-4317-8238-4958a613bc03-1536x864.jpg 1536w, https:\/\/www.radiopiu.net\/wordpress\/wp-content\/uploads\/2021\/06\/d80d78c4-d4bb-4317-8238-4958a613bc03.jpg 1920w\" sizes=\"auto, (max-width: 252px) 100vw, 252px\" \/><\/a>BELLUNO<\/strong> Ci siamo,\u00a0 ecco la stagione dei ritiri delle squadre di calcio, Lazio e\u00a0 Venezia\u00a0 sono attese ad Auronzo e San Vito di Cadore. Nella riunione in Prefettura \u00a0il Comitato ha esaminato e condiviso le misure di security e safety predisposte dagli organizzatori, anche con riferimento alle vigenti disposizioni per il contenimento del contagio.\u00a0 Le linee guida per le competizioni sportive prevedono la riduzione della capienza degli impianti al 25% di quella massima prevista, con un numero di spettatori presenti comunque non superiore a 1.000 persone. Deve inoltre essere garantito il distanziamento interpersonale e i posti devono essere preassegnati. In quest\u2019ottica di doverosa prudenza e responsabilit\u00e0 il Direttore del Dipartimento di Prevenzione della ULSS n. 1 Dolomiti ha manifestato la disponibilit\u00e0 dell\u2019azienda ad allestire, in occasione degli eventi sportivi di maggior rilievo, punti per l\u2019esecuzione di tamponi; \u00a0il Comandante Provinciale dei Vigili del Fuoco ha richiamato l\u2019attenzione sull\u2019esigenza di eseguire le verifiche di conformit\u00e0 degli impianti e delle strutture che saranno utilizzati, con il contributo delle Commissioni Comunali di Vigilanza sui Locali di Pubblico Spettacolo. Per quel che concerne, invece, gli aspetti direttamente legati all\u2019ordine pubblico \u00e8 stata demandata al tavolo tecnico del Questore la pianificazione dei necessari servizi, ai quali concorreranno tutte le Forze di Polizia e le Polizie Locali interessate.<\/p>\n<p>&nbsp;<\/p>\n<blockquote>\n<h3>EPISODI DI INCIVILTA&#8217; IN CENTRO A BELLUNO, MAGGIORE COINVOLGIMENTO DELLA POLIZIA LOCALE<img loading=\"lazy\" decoding=\"async\" class=\"alignright\" style=\"font-size: 14px; font-weight: normal;\" src=\"https:\/\/www.radiopiu.net\/wordpress\/wp-content\/uploads\/2020\/06\/WhatsApp-Image-2020-06-14-at-12.42.44.jpeg\" width=\"248\" height=\"186\" \/><\/h3>\n<\/blockquote>\n<p><strong>BELLUNO<\/strong> Pur prendendo atto che i fatti accaduti sono gesti isolati riconducibili ad azioni di singole persone e non di gruppi organizzati il comitato riunito in Prefettura ravvisa l\u2019opportunit\u00e0 di rafforzare i servizi di controllo coordinato del centro cittadino con il maggiore coinvolgimento, fino alle ore 22, della Polizia Locale di Belluno, gi\u00e0 in occasione del prossimo fine settimana, specie in previsione della finale del campionato europeo di calcio che potrebbe richiamare la presenza di numerosi tifosi nei locali del centro e presso il parco di Lambioi\u00a0 dove sar\u00e0\u00a0 allestito un maxischermo per consentire la visione della partita ad un numero di persone contingentato nel rispetto delle disposizioni anti Covid. Massima attenzione sar\u00e0 in particolare prestata agli aspetti pi\u00f9 direttamente attinenti alla sicurezza e al decoro urbano, con controlli mirati sul rispetto dei divieti di vendita e somministrazione di alcolici a minori o a persone in evidente stato di ebbrezza, sulle soste irregolari e delle norme previste dalle leggi statali e dai regolamenti di polizia urbana per contrastare gli episodi di incivilt\u00e0. Il Sindaco ha inoltre confermato l\u2019intenzione di procedere al potenziamento del sistema comunale di videosorveglianza sulla base di un progetto in corso di redazione che, una volta definito, sar\u00e0 portato all\u2019attenzione del Comitato Provinciale per l\u2019Ordine e la Sicurezza Pubblica.<\/p>\n<p>&nbsp;<\/p>\n<p>&nbsp;<\/p>\n<hr \/>\n<blockquote>\n<h2><\/h2>\n<h2>A ROMA DIGNITA&#8217; PER I SINDACI: BELLUNO PRESENTE<\/h2>\n<\/blockquote>\n<p><strong>ALLA RADIO IL SINDACO DI BELLUNO JACOPO MASSARO\u00a0<\/strong><\/p>\n<audio class=\"wp-audio-shortcode\" id=\"audio-220302-5\" preload=\"none\" style=\"width: 100%;\" controls=\"controls\"><source type=\"audio\/mpeg\" src=\"https:\/\/www.radiopiu.net\/wordpress\/wp-content\/uploads\/2021\/07\/MASSARO.mp3?_=5\" \/><a href=\"https:\/\/www.radiopiu.net\/wordpress\/wp-content\/uploads\/2021\/07\/MASSARO.mp3\">https:\/\/www.radiopiu.net\/wordpress\/wp-content\/uploads\/2021\/07\/MASSARO.mp3<\/a><\/audio>\n<p>&nbsp;<\/p>\n<p><strong>ROMA<\/strong>\u00a0 Ieri mattina in piazza a Roma\u00a0 alla manifestazione promossa dall&#8217;Associazione Nazionale Comuni Italiani ha partecipato anche il Comune di Belluno. Ad illustrare i problemi e i temi messi sul tavolo dai sindaci \u00e8 il primo cittadino Jacopo Massaro, delegato politico di ANCI: <em>\u00abMolto spesso i cittadini ci chiedono se siamo pazzi a fare i sindaci. Non \u00e8 un&#8217;affermazione insensata, e al tempo stesso mi riempie di dolore. \u00c8 un pessimo messaggio che diamo anche ai pi\u00f9 giovani. Il messaggio che noi sindaci vogliamo lanciare \u00e8 esattamente opposto: l&#8217;impegno civile per la propria comunit\u00e0 e tutti noi dobbiamo fare la nostra parte&#8221;.\u00a0<\/em>Al coordinamento giovani a Roma ha invece partecipato l&#8217;assessore Yuki d&#8217;Emilia <em>&#8220;L&#8217;occasione\u00a0 -ha detto &#8211; per organizzare l&#8217;assemblea nazionale che si terr\u00e0 a settembre, ma ci confronteremo anche su tutte quelle difficolt\u00e0 denunciate dai sindaci e che coinvolgono anche noi giovani amministratori&#8221;<\/em><\/p>\n\n\t\t\t<style type='text\/css'>\n\t\t\t\t#gallery-4 {\n\t\t\t\t\tmargin: auto;\n\t\t\t\t}\n\t\t\t\t#gallery-4 .gallery-item {\n\t\t\t\t\tfloat: left;\n\t\t\t\t\tmargin-top: 10px;\n\t\t\t\t\ttext-align: center;\n\t\t\t\t\twidth: 33%;\n\t\t\t\t}\n\t\t\t\t#gallery-4 img {\n\t\t\t\t\tborder: 2px solid #cfcfcf;\n\t\t\t\t}\n\t\t\t\t#gallery-4 .gallery-caption {\n\t\t\t\t\tmargin-left: 0;\n\t\t\t\t}\n\t\t\t\t\/* see gallery_shortcode() in wp-includes\/media.php *\/\n\t\t\t<\/style>\n\t\t<div id='gallery-4' class='dt-gallery-container gallery galleryid-220302 gallery-columns-3 gallery-size-thumbnail'><dl class='gallery-item'>\n\t\t\t\t<dt class='gallery-icon landscape'>\n\t\t\t\t\t<a class=\"rollover rollover-zoom dt-pswp-item\" title=\"Giovani Amministratori\" data-dt-img-description=\"\" data-large_image_width=\"2048\" data-large_image_height=\"1536\"href='https:\/\/www.radiopiu.net\/wordpress\/wp-content\/uploads\/2021\/07\/Giovani-Amministratori.jpeg'><img loading=\"lazy\" decoding=\"async\" width=\"150\" height=\"150\" src=\"https:\/\/www.radiopiu.net\/wordpress\/wp-content\/uploads\/2021\/07\/Giovani-Amministratori-150x150.jpeg\" class=\"attachment-thumbnail size-thumbnail\" alt=\"\" \/><\/a>\n\t\t\t\t<\/dt><\/dl><dl class='gallery-item'>\n\t\t\t\t<dt class='gallery-icon landscape'>\n\t\t\t\t\t<a class=\"rollover rollover-zoom dt-pswp-item\" title=\"Consiglio Nazionale ANCI (2)\" data-dt-img-description=\"\" data-large_image_width=\"1024\" data-large_image_height=\"768\"href='https:\/\/www.radiopiu.net\/wordpress\/wp-content\/uploads\/2021\/07\/Consiglio-Nazionale-ANCI-2.jpeg'><img loading=\"lazy\" decoding=\"async\" width=\"150\" height=\"150\" src=\"https:\/\/www.radiopiu.net\/wordpress\/wp-content\/uploads\/2021\/07\/Consiglio-Nazionale-ANCI-2-150x150.jpeg\" class=\"attachment-thumbnail size-thumbnail\" alt=\"\" \/><\/a>\n\t\t\t\t<\/dt><\/dl><dl class='gallery-item'>\n\t\t\t\t<dt class='gallery-icon landscape'>\n\t\t\t\t\t<a class=\"rollover rollover-zoom dt-pswp-item\" title=\"Consiglio Nazionale ANCI (1)\" data-dt-img-description=\"\" data-large_image_width=\"1024\" data-large_image_height=\"768\"href='https:\/\/www.radiopiu.net\/wordpress\/wp-content\/uploads\/2021\/07\/Consiglio-Nazionale-ANCI-1.jpeg'><img loading=\"lazy\" decoding=\"async\" width=\"150\" height=\"150\" src=\"https:\/\/www.radiopiu.net\/wordpress\/wp-content\/uploads\/2021\/07\/Consiglio-Nazionale-ANCI-1-150x150.jpeg\" class=\"attachment-thumbnail size-thumbnail\" alt=\"\" \/><\/a>\n\t\t\t\t<\/dt><\/dl><br style=\"clear: both\" \/>\n\t\t\t<\/div>\n\n<p>&nbsp;<\/p>\n<p>&nbsp;<\/p>\n<hr \/>\n<p>&nbsp;<\/p>\n<p>&nbsp;<\/p>\n<blockquote>\n<h3>POLITICHE GIOVANILI, LA PROVINCIA ISTITUISCE IL TAVOLO PER RACCOGLIERE LE PROPOSTE DEL TERRITORIO.<\/h3>\n<\/blockquote>\n<p><strong><a href=\"https:\/\/www.radiopiu.net\/wordpress\/giornale-radiopiu-08-luglio-2021-direttore-mirko-mezzacasa\/paolo-vendramini_23163837\/\" rel=\"attachment wp-att-220448\"><img loading=\"lazy\" decoding=\"async\" class=\"wp-image-220448 alignleft\" src=\"https:\/\/www.radiopiu.net\/wordpress\/wp-content\/uploads\/2021\/07\/paolo-vendramini_23163837-267x300.jpg\" alt=\"\" width=\"125\" height=\"140\" srcset=\"https:\/\/www.radiopiu.net\/wordpress\/wp-content\/uploads\/2021\/07\/paolo-vendramini_23163837-267x300.jpg 267w, https:\/\/www.radiopiu.net\/wordpress\/wp-content\/uploads\/2021\/07\/paolo-vendramini_23163837.jpg 683w\" sizes=\"auto, (max-width: 125px) 100vw, 125px\" \/><\/a>BELLUNO<\/strong>\u00a0 Sar\u00e0 istituito nelle prossime settimane un tavolo provinciale dedicato alle politiche giovanili. Lo ha deciso l\u2019amministrazione di Palazzo Piloni:\u00a0 un tavolo chiamato a raccogliere la voce dei giovani. Sar\u00e0 aperto a tutti i gruppi e le consulte giovani gi\u00e0 costituite e attive sul territorio, ma anche a gruppi costituendi e che dovessero nascere in futuro. Inoltre, sar\u00e0 esteso a tutti i soggetti legati alle politiche giovanili, agli enti locali e ai portatori di interesse. La prima attivit\u00e0 sar\u00e0 quella di raccolta delle idee e di analisi delle criticit\u00e0.<\/p>\n<blockquote><p>&nbsp;<\/p>\n<p><strong>AI MICROFONI DI RADIO PIU, IL CONSIGLIERE PROVINCIALE PAOLO VENDRAMINI<\/strong><\/p><\/blockquote>\n<audio class=\"wp-audio-shortcode\" id=\"audio-220302-6\" preload=\"none\" style=\"width: 100%;\" controls=\"controls\"><source type=\"audio\/mpeg\" src=\"https:\/\/www.radiopiu.net\/wordpress\/wp-content\/uploads\/2021\/07\/VENDRAMINI.mp3?_=6\" \/><a href=\"https:\/\/www.radiopiu.net\/wordpress\/wp-content\/uploads\/2021\/07\/VENDRAMINI.mp3\">https:\/\/www.radiopiu.net\/wordpress\/wp-content\/uploads\/2021\/07\/VENDRAMINI.mp3<\/a><\/audio>\n<p>&nbsp;<\/p>\n<hr \/>\n<p>&nbsp;<\/p>\n<p>&nbsp;<\/p>\n<blockquote>\n<h2>GUASTO AL BIODIGESTORE DEL MASEROT, DOLOMITI AMBIENTE AL LAVORO PER RIPARARLO<\/h2>\n<\/blockquote>\n<p><strong><a href=\"https:\/\/www.radiopiu.net\/wordpress\/guasto-al-biodigestore-del-maserot-dolomiti-ambiente-al-lavoro-per-ripararlo\/th-155\/\" rel=\"attachment wp-att-220493\"><img loading=\"lazy\" decoding=\"async\" class=\"size-medium wp-image-220493 alignleft\" src=\"https:\/\/www.radiopiu.net\/wordpress\/wp-content\/uploads\/2021\/07\/th-5-300x169.jpg\" alt=\"\" width=\"300\" height=\"169\" srcset=\"https:\/\/www.radiopiu.net\/wordpress\/wp-content\/uploads\/2021\/07\/th-5-300x169.jpg 300w, https:\/\/www.radiopiu.net\/wordpress\/wp-content\/uploads\/2021\/07\/th-5.jpg 314w\" sizes=\"auto, (max-width: 300px) 100vw, 300px\" \/><\/a>SANTA GIUSTINA<\/strong>\u00a0 Dolomiti Ambiente sta lavorando, con il costruttore dell\u2019impianto, a riparare un guasto occorso al biodigestore del Maserot che tuttavia non ha riflessi sulla capacit\u00e0 di ricevere rifiuto organico. Si tratta di un problema meccanico al sistema di rimescolamento del rifiuto umido. Secondo le prime verifiche, si tratterebbe della rottura di una delle 32 pale dell\u2019agitatore inserito nel reattore anaerobico che produce il biogas. I tecnici ipotizzano che il problema possa risolversi gi\u00e0 per la fine del mese. Ci vorr\u00e0 qualche settimana poi per il ripristino del processo anaerobico e la piena operativit\u00e0 del biodigestore.\u00a0 Nessun problema per gli utenti\u00a0 Il fermo impianto non si ripercuote sulla capacit\u00e0 di ricezione e trattamento dei rifiuti. Dolomiti Ambiente ha attivato immediatamente le procedure di emergenza e un \u201cpiano B\u201d: \u00e8 stata chiesta alla Regione l\u2019autorizzazione a riattivare il compostaggio aerobico del rifiuto umido per poter superare questa fase di criticit\u00e0, in autosufficienza. Per ogni evenienza, \u00e8 gi\u00e0 stata sondata anche l\u2019eventuale possibilit\u00e0 di conferire in altri impianti. Ma i tempi di riparazione saranno rapidi. Per esaminare la richiesta, la Regione ha attivato un tavolo tecnico con Provincia, Comune di Santa Giustina e Consiglio di Bacino.<\/p>\n<blockquote>\n<blockquote><p><em><a href=\"https:\/\/www.radiopiu.net\/wordpress\/guasto-al-biodigestore-del-maserot-dolomiti-ambiente-al-lavoro-per-ripararlo\/simone-deola-2\/\" rel=\"attachment wp-att-220498\"><img loading=\"lazy\" decoding=\"async\" class=\"wp-image-220498 alignleft\" src=\"https:\/\/www.radiopiu.net\/wordpress\/wp-content\/uploads\/2021\/07\/Simone-Deola-300x165.jpg\" alt=\"\" width=\"155\" height=\"85\" srcset=\"https:\/\/www.radiopiu.net\/wordpress\/wp-content\/uploads\/2021\/07\/Simone-Deola-300x165.jpg 300w, https:\/\/www.radiopiu.net\/wordpress\/wp-content\/uploads\/2021\/07\/Simone-Deola.jpg 554w\" sizes=\"auto, (max-width: 155px) 100vw, 155px\" \/><\/a>\u00abSi conta di tornare in piena operativit\u00e0 con il biodigestore attorno alla met\u00e0 di agosto &#8211; dice il consigliere provinciale Simone Deola &#8211; si \u00e8 visto che pur di fronte a un evento imprevisto, c\u2019\u00e8 stata la capacit\u00e0 di attuare immediatamente il \u201cpiano B\u201d, senza alcun riflesso sulla gestione del rifiuto umido e sulle societ\u00e0 che effettuano la raccolta\u00bb.<\/em><\/p><\/blockquote>\n<p><strong>ALLA RADIO IL CONSIGLIERE SIMONE DEOLA<\/strong><\/p>\n<audio class=\"wp-audio-shortcode\" id=\"audio-220302-7\" preload=\"none\" style=\"width: 100%;\" controls=\"controls\"><source type=\"audio\/mpeg\" src=\"https:\/\/www.radiopiu.net\/wordpress\/wp-content\/uploads\/2021\/07\/DEOLA.mp3?_=7\" \/><a href=\"https:\/\/www.radiopiu.net\/wordpress\/wp-content\/uploads\/2021\/07\/DEOLA.mp3\">https:\/\/www.radiopiu.net\/wordpress\/wp-content\/uploads\/2021\/07\/DEOLA.mp3<\/a><\/audio>\n<p>&nbsp;<\/p><\/blockquote>\n<p>&nbsp;<\/p>\n<p>&nbsp;<\/p>\n<hr \/>\n<blockquote>\n<h3><\/h3>\n<h3>NEL GIORNO DELL&#8217;INAGURAZIONE DEI NUOVI MODULI PREFABBRICATI IL PRESIDENTE PADRIN E LE PROGETTUALITA&#8217; SCOLASTICHE<\/h3>\n<\/blockquote>\n<p>&nbsp;<\/p>\n<p><strong><a href=\"https:\/\/www.radiopiu.net\/wordpress\/nel-giorno-dellinagurazione-dei-nuovi-moduli-prefabbricati-il-presidente-padrin-e-le-progettualita-scolastiche\/e34c085c-9917-4d85-8c93-0a1fb992417b\/\" rel=\"attachment wp-att-220455\"><img loading=\"lazy\" decoding=\"async\" class=\"wp-image-220455 alignleft\" src=\"https:\/\/www.radiopiu.net\/wordpress\/wp-content\/uploads\/2021\/07\/e34c085c-9917-4d85-8c93-0a1fb992417b-300x200.jpg\" alt=\"\" width=\"185\" height=\"123\" srcset=\"https:\/\/www.radiopiu.net\/wordpress\/wp-content\/uploads\/2021\/07\/e34c085c-9917-4d85-8c93-0a1fb992417b-300x200.jpg 300w, https:\/\/www.radiopiu.net\/wordpress\/wp-content\/uploads\/2021\/07\/e34c085c-9917-4d85-8c93-0a1fb992417b-1024x682.jpg 1024w, https:\/\/www.radiopiu.net\/wordpress\/wp-content\/uploads\/2021\/07\/e34c085c-9917-4d85-8c93-0a1fb992417b-768x512.jpg 768w, https:\/\/www.radiopiu.net\/wordpress\/wp-content\/uploads\/2021\/07\/e34c085c-9917-4d85-8c93-0a1fb992417b-1536x1023.jpg 1536w, https:\/\/www.radiopiu.net\/wordpress\/wp-content\/uploads\/2021\/07\/e34c085c-9917-4d85-8c93-0a1fb992417b.jpg 1600w\" sizes=\"auto, (max-width: 185px) 100vw, 185px\" \/><\/a>BELLUNO <\/strong>Nel cortile dell\u2019istituto Calvi a Mier sono stati inaugurati i nuovi moduli prefabbricati realizzati dalla Provincia, che saranno disposizione della scuola e dell\u2019istituto Renier. Presenti:\u00a0 il presidente della Provincia, Roberto Padrin, la consigliera delegata all\u2019edilizia scolastica, Serenella Bogana\u00a0 e i dirigenti scolastici delle due scuole<\/p>\n<p>&nbsp;<\/p>\n<p><strong>di MORENO GIOLI\u00a0<\/strong><\/p>\n<audio class=\"wp-audio-shortcode\" id=\"audio-220302-8\" preload=\"none\" style=\"width: 100%;\" controls=\"controls\"><source type=\"audio\/mpeg\" src=\"https:\/\/www.radiopiu.net\/wordpress\/wp-content\/uploads\/2021\/07\/MORENO-1.mp3?_=8\" \/><a href=\"https:\/\/www.radiopiu.net\/wordpress\/wp-content\/uploads\/2021\/07\/MORENO-1.mp3\">https:\/\/www.radiopiu.net\/wordpress\/wp-content\/uploads\/2021\/07\/MORENO-1.mp3<\/a><\/audio>\n<p>&nbsp;<\/p>\n<h3><em>Fiorenzo de col, dirigente settore edilizia scolastica della provincia<\/em><\/h3>\n<audio class=\"wp-audio-shortcode\" id=\"audio-220302-9\" preload=\"none\" style=\"width: 100%;\" controls=\"controls\"><source type=\"audio\/mpeg\" src=\"https:\/\/www.radiopiu.net\/wordpress\/wp-content\/uploads\/2021\/07\/fiorenzo1.mp3?_=9\" \/><a href=\"https:\/\/www.radiopiu.net\/wordpress\/wp-content\/uploads\/2021\/07\/fiorenzo1.mp3\">https:\/\/www.radiopiu.net\/wordpress\/wp-content\/uploads\/2021\/07\/fiorenzo1.mp3<\/a><\/audio>\n<h3><\/h3>\n<h3><em>Le caratteristiche dei moduli rinfrescati e riscaldati\u00a0<\/em><\/h3>\n<audio class=\"wp-audio-shortcode\" id=\"audio-220302-10\" preload=\"none\" style=\"width: 100%;\" controls=\"controls\"><source type=\"audio\/mpeg\" src=\"https:\/\/www.radiopiu.net\/wordpress\/wp-content\/uploads\/2021\/07\/fiorenzo2.mp3?_=10\" \/><a href=\"https:\/\/www.radiopiu.net\/wordpress\/wp-content\/uploads\/2021\/07\/fiorenzo2.mp3\">https:\/\/www.radiopiu.net\/wordpress\/wp-content\/uploads\/2021\/07\/fiorenzo2.mp3<\/a><\/audio>\n<h3><\/h3>\n<h3><em>Progettualit\u00e0 scolastiche, il punto con Il presidente della Provincia Roberto Padrin\u00a0<\/em><\/h3>\n<audio class=\"wp-audio-shortcode\" id=\"audio-220302-11\" preload=\"none\" style=\"width: 100%;\" controls=\"controls\"><source type=\"audio\/mpeg\" src=\"https:\/\/www.radiopiu.net\/wordpress\/wp-content\/uploads\/2021\/07\/padrin.mp3?_=11\" \/><a href=\"https:\/\/www.radiopiu.net\/wordpress\/wp-content\/uploads\/2021\/07\/padrin.mp3\">https:\/\/www.radiopiu.net\/wordpress\/wp-content\/uploads\/2021\/07\/padrin.mp3<\/a><\/audio>\n<p>&nbsp;<\/p>\n<p>&nbsp;<\/p>\n<hr \/>\n<blockquote>\n<h3><\/h3>\n<h3>ADEGUAMENTO DEL MUSEO CIVICO: VIA LIBERA AL PROGETTO DEFINITIVO\/ESECUTIVO PER LA RISTRUTTURAZIONE DELLA CASA DEL CUSTODE<\/h3>\n<\/blockquote>\n<p><strong><a href=\"https:\/\/www.radiopiu.net\/wordpress\/giornale-radiopiu-08-luglio-2021-direttore-mirko-mezzacasa\/casa-del-custode\/\" rel=\"attachment wp-att-220399\"><img loading=\"lazy\" decoding=\"async\" class=\"size-medium wp-image-220399 alignleft\" src=\"https:\/\/www.radiopiu.net\/wordpress\/wp-content\/uploads\/2021\/07\/Casa-del-Custode-300x209.jpg\" alt=\"\" width=\"300\" height=\"209\" srcset=\"https:\/\/www.radiopiu.net\/wordpress\/wp-content\/uploads\/2021\/07\/Casa-del-Custode-300x209.jpg 300w, https:\/\/www.radiopiu.net\/wordpress\/wp-content\/uploads\/2021\/07\/Casa-del-Custode-1024x715.jpg 1024w, https:\/\/www.radiopiu.net\/wordpress\/wp-content\/uploads\/2021\/07\/Casa-del-Custode-768x536.jpg 768w, https:\/\/www.radiopiu.net\/wordpress\/wp-content\/uploads\/2021\/07\/Casa-del-Custode-1536x1072.jpg 1536w, https:\/\/www.radiopiu.net\/wordpress\/wp-content\/uploads\/2021\/07\/Casa-del-Custode.jpg 2048w\" sizes=\"auto, (max-width: 300px) 100vw, 300px\" \/><\/a>FELTRE\u00a0 <\/strong>Come noto il Museo Civico di Feltre \u00e8 oggetto da alcuni mesi di un importante progetto di ampliamento e riqualificazione che comprende, tra l&#8217;altro, la creazione di una nuova sezione archeologica. In questo ambito l&#8217;Amministrazione Comunale ha inteso procedere anche alla ristrutturazione della Casa del Custode, in relazione alla quale \u00e8 stato approvato nell&#8217;ultima seduta di giunta il progetto definitivo\/esecutivo, che prevede la trasformazione d&#8217;uso della stessa da civile abitazione a spazio museale. Nello specifico, le opere previste riguarderanno la demolizione della scala di collegamento tra i vari livelli, la demolizione delle tramezze al piano primo e secondo, l&#8217;integrazione dei solai esistenti e l&#8217;apertura dei vani porta di comunicazione con l&#8217;ascensore. Il quadro economico di progetto dell&#8217;importo complessivo di 195 mila euro (120 mila per lavori e 75 mila per imposte e spese accessorie). Va ricordato che nelle scorse settimane l&#8217;edificio che ospita la Casa del Custode \u00e8 gi\u00e0 stato interessato da un primo stralcio di interventi che ha riguardato la sistemazione del tetto e la sostituzione degli scuri.<\/p>\n<p><strong>ALESSANDRO DEL BIANCO, ASSESSORE DEL COMUNE DI FELTRE<\/strong><\/p>\n<audio class=\"wp-audio-shortcode\" id=\"audio-220302-12\" preload=\"none\" style=\"width: 100%;\" controls=\"controls\"><source type=\"audio\/mpeg\" src=\"https:\/\/www.radiopiu.net\/wordpress\/wp-content\/uploads\/2021\/07\/Audio-Del-Bianco-su-Casa-del-Custode.mp3?_=12\" \/><a href=\"https:\/\/www.radiopiu.net\/wordpress\/wp-content\/uploads\/2021\/07\/Audio-Del-Bianco-su-Casa-del-Custode.mp3\">https:\/\/www.radiopiu.net\/wordpress\/wp-content\/uploads\/2021\/07\/Audio-Del-Bianco-su-Casa-del-Custode.mp3<\/a><\/audio>\n<p>&nbsp;<\/p>\n<hr \/>\n<p>&nbsp;<\/p>\n<blockquote>\n<h2>CORSO DI GEOGRAFIA PER LA CONOSCENZA DEL GRUPPO DELLE PALE DI SAN MARTINO<\/h2>\n<\/blockquote>\n<p><strong>AGORDO<\/strong><\/p>\n<p><strong>di Gianni Santomaso<\/strong><\/p>\n<audio class=\"wp-audio-shortcode\" id=\"audio-220302-13\" preload=\"none\" style=\"width: 100%;\" controls=\"controls\"><source type=\"audio\/mpeg\" src=\"https:\/\/www.radiopiu.net\/wordpress\/wp-content\/uploads\/2021\/07\/GIANNI-CORSO-GEOGRAFIA-AGORDO.mp3?_=13\" \/><a href=\"https:\/\/www.radiopiu.net\/wordpress\/wp-content\/uploads\/2021\/07\/GIANNI-CORSO-GEOGRAFIA-AGORDO.mp3\">https:\/\/www.radiopiu.net\/wordpress\/wp-content\/uploads\/2021\/07\/GIANNI-CORSO-GEOGRAFIA-AGORDO.mp3<\/a><\/audio>\n<p>&nbsp;<\/p>\n\n\t\t\t<style type='text\/css'>\n\t\t\t\t#gallery-5 {\n\t\t\t\t\tmargin: auto;\n\t\t\t\t}\n\t\t\t\t#gallery-5 .gallery-item {\n\t\t\t\t\tfloat: left;\n\t\t\t\t\tmargin-top: 10px;\n\t\t\t\t\ttext-align: center;\n\t\t\t\t\twidth: 33%;\n\t\t\t\t}\n\t\t\t\t#gallery-5 img {\n\t\t\t\t\tborder: 2px solid #cfcfcf;\n\t\t\t\t}\n\t\t\t\t#gallery-5 .gallery-caption {\n\t\t\t\t\tmargin-left: 0;\n\t\t\t\t}\n\t\t\t\t\/* see gallery_shortcode() in wp-includes\/media.php *\/\n\t\t\t<\/style>\n\t\t<div id='gallery-5' class='dt-gallery-container gallery galleryid-220302 gallery-columns-3 gallery-size-thumbnail'><dl class='gallery-item'>\n\t\t\t\t<dt class='gallery-icon landscape'>\n\t\t\t\t\t<a class=\"rollover rollover-zoom dt-pswp-item\" title=\"62.1 psm\" data-dt-img-description=\"\" data-large_image_width=\"2043\" data-large_image_height=\"1307\"href='https:\/\/www.radiopiu.net\/wordpress\/wp-content\/uploads\/2021\/07\/62.1-psm.jpg'><img loading=\"lazy\" decoding=\"async\" width=\"150\" height=\"150\" src=\"https:\/\/www.radiopiu.net\/wordpress\/wp-content\/uploads\/2021\/07\/62.1-psm-150x150.jpg\" class=\"attachment-thumbnail size-thumbnail\" alt=\"\" \/><\/a>\n\t\t\t\t<\/dt><\/dl><dl class='gallery-item'>\n\t\t\t\t<dt class='gallery-icon portrait'>\n\t\t\t\t\t<a class=\"rollover rollover-zoom dt-pswp-item\" title=\"cascata\" data-dt-img-description=\"\" data-large_image_width=\"1712\" data-large_image_height=\"2288\"href='https:\/\/www.radiopiu.net\/wordpress\/wp-content\/uploads\/2021\/07\/cascata.jpg'><img loading=\"lazy\" decoding=\"async\" width=\"150\" height=\"150\" src=\"https:\/\/www.radiopiu.net\/wordpress\/wp-content\/uploads\/2021\/07\/cascata-150x150.jpg\" class=\"attachment-thumbnail size-thumbnail\" alt=\"\" \/><\/a>\n\t\t\t\t<\/dt><\/dl><dl class='gallery-item'>\n\t\t\t\t<dt class='gallery-icon landscape'>\n\t\t\t\t\t<a class=\"rollover rollover-zoom dt-pswp-item\" title=\"Agner:,The,Giant\" data-dt-img-description=\"\" data-large_image_width=\"2560\" data-large_image_height=\"1696\"href='https:\/\/www.radiopiu.net\/wordpress\/wp-content\/uploads\/2021\/07\/shutterstock_1284747295-scaled.jpg'><img loading=\"lazy\" decoding=\"async\" width=\"150\" height=\"150\" src=\"https:\/\/www.radiopiu.net\/wordpress\/wp-content\/uploads\/2021\/07\/shutterstock_1284747295-150x150.jpg\" class=\"attachment-thumbnail size-thumbnail\" alt=\"\" \/><\/a>\n\t\t\t\t<\/dt><\/dl><br style=\"clear: both\" \/>\n\t\t\t<\/div>\n\n<p>&nbsp;<\/p>\n<p>&nbsp;<\/p>\n<hr \/>\n<blockquote>\n<h3><\/h3>\n<h3>\u200bPRONTI A COLORARE LA CITTA&#8217;&#8230; E PER FARLO C&#8217;E&#8217; CHI SI E&#8217; SVEGLIATO PRESTO<\/h3>\n<p><strong>AGORDO<\/strong> La fantasia delle educatrici ed educatori dei laboratori della scuola media di\u00a0 Agordo (Gloria, Giada e Francesco) non conosce confini e fa il paio con la grande voglia di tanti giovani di ritrovarsi, stare assieme, crescere in gruppo.\u00a0 Ieri\u00a0 sono iniziate le attivit\u00e0 di &#8220;In&#8230;Contri in Centro&#8221;, ovvero una serie di laboratori di socializzazione per ragazzi e ragazze dai 10 ai 14 anni. Tutte le attivit\u00e0 si svolgono nei locali del doposcuola alle scuole medie di Viale Sommariva.<\/p><\/blockquote>\n<p><strong>I PROTAGONISTI\u00a0 audio\u00a0<\/strong><\/p>\n<audio class=\"wp-audio-shortcode\" id=\"audio-220302-14\" preload=\"none\" style=\"width: 100%;\" controls=\"controls\"><source type=\"audio\/mpeg\" src=\"https:\/\/www.radiopiu.net\/wordpress\/wp-content\/uploads\/2021\/07\/CENTRO-ESTIVO.mp3?_=14\" \/><a href=\"https:\/\/www.radiopiu.net\/wordpress\/wp-content\/uploads\/2021\/07\/CENTRO-ESTIVO.mp3\">https:\/\/www.radiopiu.net\/wordpress\/wp-content\/uploads\/2021\/07\/CENTRO-ESTIVO.mp3<\/a><\/audio>\n<p>&nbsp;<\/p>\n\n\t\t\t<style type='text\/css'>\n\t\t\t\t#gallery-6 {\n\t\t\t\t\tmargin: auto;\n\t\t\t\t}\n\t\t\t\t#gallery-6 .gallery-item {\n\t\t\t\t\tfloat: left;\n\t\t\t\t\tmargin-top: 10px;\n\t\t\t\t\ttext-align: center;\n\t\t\t\t\twidth: 25%;\n\t\t\t\t}\n\t\t\t\t#gallery-6 img {\n\t\t\t\t\tborder: 2px solid #cfcfcf;\n\t\t\t\t}\n\t\t\t\t#gallery-6 .gallery-caption {\n\t\t\t\t\tmargin-left: 0;\n\t\t\t\t}\n\t\t\t\t\/* see gallery_shortcode() in wp-includes\/media.php *\/\n\t\t\t<\/style>\n\t\t<div id='gallery-6' class='dt-gallery-container gallery galleryid-220302 gallery-columns-4 gallery-size-thumbnail'><dl class='gallery-item'>\n\t\t\t\t<dt class='gallery-icon portrait'>\n\t\t\t\t\t<a class=\"rollover\" href='https:\/\/www.radiopiu.net\/wordpress\/pronti-a-colorare-la-citt\/69f2e25f-96f4-4313-9b04-b440e66188ed\/'><img loading=\"lazy\" decoding=\"async\" width=\"150\" height=\"150\" src=\"https:\/\/www.radiopiu.net\/wordpress\/wp-content\/uploads\/2021\/07\/69f2e25f-96f4-4313-9b04-b440e66188ed-150x150.jpg\" class=\"attachment-thumbnail size-thumbnail\" alt=\"\" \/><\/a>\n\t\t\t\t<\/dt><\/dl><dl class='gallery-item'>\n\t\t\t\t<dt class='gallery-icon portrait'>\n\t\t\t\t\t<a class=\"rollover\" href='https:\/\/www.radiopiu.net\/wordpress\/pronti-a-colorare-la-citt\/cf4c9d38-2167-4e07-b067-d4c6f4d45483\/'><img loading=\"lazy\" decoding=\"async\" width=\"150\" height=\"150\" src=\"https:\/\/www.radiopiu.net\/wordpress\/wp-content\/uploads\/2021\/07\/cf4c9d38-2167-4e07-b067-d4c6f4d45483-150x150.jpg\" class=\"attachment-thumbnail size-thumbnail\" alt=\"\" \/><\/a>\n\t\t\t\t<\/dt><\/dl><dl class='gallery-item'>\n\t\t\t\t<dt class='gallery-icon portrait'>\n\t\t\t\t\t<a class=\"rollover\" href='https:\/\/www.radiopiu.net\/wordpress\/pronti-a-colorare-la-citt\/a262de4c-e89e-4c10-bf5f-7519ccc85aa6\/'><img loading=\"lazy\" decoding=\"async\" width=\"150\" height=\"150\" src=\"https:\/\/www.radiopiu.net\/wordpress\/wp-content\/uploads\/2021\/07\/a262de4c-e89e-4c10-bf5f-7519ccc85aa6-150x150.jpg\" class=\"attachment-thumbnail size-thumbnail\" alt=\"\" \/><\/a>\n\t\t\t\t<\/dt><\/dl><dl class='gallery-item'>\n\t\t\t\t<dt class='gallery-icon portrait'>\n\t\t\t\t\t<a class=\"rollover\" href='https:\/\/www.radiopiu.net\/wordpress\/pronti-a-colorare-la-citt\/96b92d41-399e-4a56-bfaa-027a73c87d80\/'><img loading=\"lazy\" decoding=\"async\" width=\"150\" height=\"150\" src=\"https:\/\/www.radiopiu.net\/wordpress\/wp-content\/uploads\/2021\/07\/96b92d41-399e-4a56-bfaa-027a73c87d80-150x150.jpg\" class=\"attachment-thumbnail size-thumbnail\" alt=\"\" \/><\/a>\n\t\t\t\t<\/dt><\/dl><br style=\"clear: both\" \/><dl class='gallery-item'>\n\t\t\t\t<dt class='gallery-icon portrait'>\n\t\t\t\t\t<a class=\"rollover\" href='https:\/\/www.radiopiu.net\/wordpress\/pronti-a-colorare-la-citt\/8779ab17-834f-4be2-94ac-55cf1ae9dd21\/'><img loading=\"lazy\" decoding=\"async\" width=\"150\" height=\"150\" src=\"https:\/\/www.radiopiu.net\/wordpress\/wp-content\/uploads\/2021\/07\/8779ab17-834f-4be2-94ac-55cf1ae9dd21-150x150.jpg\" class=\"attachment-thumbnail size-thumbnail\" alt=\"\" \/><\/a>\n\t\t\t\t<\/dt><\/dl><dl class='gallery-item'>\n\t\t\t\t<dt class='gallery-icon portrait'>\n\t\t\t\t\t<a class=\"rollover\" href='https:\/\/www.radiopiu.net\/wordpress\/pronti-a-colorare-la-citt\/96f47dcf-904c-4b2b-9ef5-b54ccab908ba\/'><img loading=\"lazy\" decoding=\"async\" width=\"150\" height=\"150\" src=\"https:\/\/www.radiopiu.net\/wordpress\/wp-content\/uploads\/2021\/07\/96f47dcf-904c-4b2b-9ef5-b54ccab908ba-150x150.jpg\" class=\"attachment-thumbnail size-thumbnail\" alt=\"\" \/><\/a>\n\t\t\t\t<\/dt><\/dl><dl class='gallery-item'>\n\t\t\t\t<dt class='gallery-icon landscape'>\n\t\t\t\t\t<a class=\"rollover\" href='https:\/\/www.radiopiu.net\/wordpress\/pronti-a-colorare-la-citt\/294b7491-31cc-4ac1-a36c-36274234dc34\/'><img loading=\"lazy\" decoding=\"async\" width=\"150\" height=\"150\" src=\"https:\/\/www.radiopiu.net\/wordpress\/wp-content\/uploads\/2021\/07\/294b7491-31cc-4ac1-a36c-36274234dc34-150x150.jpg\" class=\"attachment-thumbnail size-thumbnail\" alt=\"\" \/><\/a>\n\t\t\t\t<\/dt><\/dl><dl class='gallery-item'>\n\t\t\t\t<dt class='gallery-icon portrait'>\n\t\t\t\t\t<a class=\"rollover\" href='https:\/\/www.radiopiu.net\/wordpress\/pronti-a-colorare-la-citt\/7f00beb9-c391-4283-b2c4-e6ff78ff6c91\/'><img loading=\"lazy\" decoding=\"async\" width=\"150\" height=\"150\" src=\"https:\/\/www.radiopiu.net\/wordpress\/wp-content\/uploads\/2021\/07\/7f00beb9-c391-4283-b2c4-e6ff78ff6c91-150x150.jpg\" class=\"attachment-thumbnail size-thumbnail\" alt=\"\" \/><\/a>\n\t\t\t\t<\/dt><\/dl><br style=\"clear: both\" \/>\n\t\t\t<\/div>\n\n<p>&nbsp;<\/p>\n<hr \/>\n<p>&nbsp;<\/p>\n<blockquote>\n<h2>FRA DUE BATTITI<\/h2>\n<\/blockquote>\n<div class=\"kvgmc6g5 cxmmr5t8 oygrvhab hcukyx3x c1et5uql ii04i59q\">\n<div dir=\"auto\">E&#8217; il nuovo\u00a0 film di <a class=\"oajrlxb2 g5ia77u1 qu0x051f esr5mh6w e9989ue4 r7d6kgcz rq0escxv nhd2j8a9 nc684nl6 p7hjln8o kvgmc6g5 cxmmr5t8 oygrvhab hcukyx3x jb3vyjys rz4wbd8a qt6c0cv9 a8nywdso i1ao9s8h esuyzwwr f1sip0of lzcic4wl q66pz984 gpro0wi8 b1v8xokw\" tabindex=\"0\" role=\"link\" href=\"https:\/\/www.facebook.com\/profile.php?id=100010931673347&amp;__cft__[0]=AZXjM7_58tFdYHNKixBcGe_J02iI91EAW9HsZTLwxc_xJbAhsKe1lBrnmLob7DxFFUHEt5GnNM3LhFZdRtS2W9mLZCVO8AQyKByHZcSNJxHtEOQlhvx12_A72jxq4R9i860&amp;__tn__=-]K-R\"><span class=\"nc684nl6\">Stefano M. Usardi <\/span><\/a>della \u00a0<a class=\"oajrlxb2 g5ia77u1 qu0x051f esr5mh6w e9989ue4 r7d6kgcz rq0escxv nhd2j8a9 nc684nl6 p7hjln8o kvgmc6g5 cxmmr5t8 oygrvhab hcukyx3x jb3vyjys rz4wbd8a qt6c0cv9 a8nywdso i1ao9s8h esuyzwwr f1sip0of lzcic4wl q66pz984 gpro0wi8 b1v8xokw\" tabindex=\"0\" role=\"link\" href=\"https:\/\/www.facebook.com\/hashtag\/fifilmproduction?__eep__=6&amp;__cft__[0]=AZXjM7_58tFdYHNKixBcGe_J02iI91EAW9HsZTLwxc_xJbAhsKe1lBrnmLob7DxFFUHEt5GnNM3LhFZdRtS2W9mLZCVO8AQyKByHZcSNJxHtEOQlhvx12_A72jxq4R9i860&amp;__tn__=*NK-R\">#FiFilmProduction<\/a> di Caterina Francavilla.<\/div>\n<div dir=\"auto\"><\/div>\n<\/div>\n<div class=\"o9v6fnle cxmmr5t8 oygrvhab hcukyx3x c1et5uql ii04i59q\">\n<blockquote>\n<div dir=\"auto\"><em>\u201cTutto il mondo \u00e8 un palcoscenico, e gli uomini e le donne sono soltanto attori; hanno le loro uscite e le loro entrate in scena; e ciascuno, per il tempo che gli \u00e8 stato assegnato, recita molte parti\u2026\u201d (William Shakespeare)<\/em><\/div>\n<\/blockquote>\n<div dir=\"auto\">\n<p class=\"corpo\">Giovanni (Stefano Scandaletti) \u00e8 un giovane scrittore che vive a Trento nella villa lasciatagli in eredit\u00e0 dai genitori scomparsi. Passa le sue giornate girovagando in citt\u00e0 alla ricerca di nuove avventure ed ispirazioni. Intanto, Mark (Giulio Cancelli), uno sceneggiatore &#8220;atipico&#8221;, gli crea a sua insaputa bizzarri ed emozionanti frammenti di vita&#8230; L&#8217;intero meccanismo narrativo \u00e8 sorretto dall&#8217;estroso maggiordomo di casa (Remo Girone), che passa invece le sue giornate a riscrivere spartiti di Schubert. L&#8217;unica vera preoccupazione di Giovanni \u00e8 scrivere un libro sulle emozioni per aiutare Tommaso (Federico Vivaldi) a riprendere in mano la sua vita ed a perdonarsi quel giorno che ha dimenticato la figlia in macchina mettendone a rischio l&#8217;esistenza. L&#8217;arrivo di Rosa (Maria Vittoria Barrella), per\u00f2, rompe gli equilibri e complica l&#8217;intreccio narrativo. Giovanni se ne innamora perdutamente e abbandona il progetto del libro a cui si stava dedicando tanto intensamente. Con l&#8217;entrata in scena di Luca (Stefano Detassis), uno scrittore in crisi esistenziale, la continua alternanza tra realt\u00e0 e finzione diviene preponderante, rendendo il confine tra le due sempre pi\u00f9 labile. In fondo, nulla \u00e8 come appare&#8230;<\/p>\n<div class=\"mm-right mm-margin-r8\"><\/div>\n<\/div>\n<\/div>\n<p><strong><span style=\"color: #ff0000;\">GODITI IL TRAILER&#8230;.\u00a0<\/span><\/strong><\/p>\n<p><iframe loading=\"lazy\" title=\"Fra due Battiti Trailer (2021)\" src=\"https:\/\/player.vimeo.com\/video\/569378692?dnt=1&amp;app_id=122963\" width=\"1200\" height=\"600\" frameborder=\"0\" allow=\"autoplay; fullscreen; picture-in-picture\" allowfullscreen><\/iframe><\/p>\n<p>&nbsp;<\/p>\n<p>&nbsp;<\/p>\n<hr \/>\n<p>&nbsp;<\/p>\n<blockquote>\n<h3>DI NUOVO IL PD SUL PIANO FAUNISTICO &#8220;SI RIVELA UNA FARSA&#8221;<\/h3>\n<p><em>Ma soprattutto \u00e8 indecente quell\u20191% di percentuale massima di terreno che si pu\u00f2 negare ai cacciatori\u201d.<\/em><\/p>\n<p><strong><a href=\"https:\/\/www.radiopiu.net\/wordpress\/giornale-radiopiu-31-gennaio-2019-direttore-mirko-mezzacasa\/zanoni-2\/\" rel=\"attachment wp-att-74905\"><img loading=\"lazy\" decoding=\"async\" class=\"wp-image-74905 alignleft\" src=\"https:\/\/www.radiopiu.net\/wordpress\/wp-content\/uploads\/2019\/01\/zanoni-300x162.jpg\" alt=\"\" width=\"193\" height=\"104\" srcset=\"https:\/\/www.radiopiu.net\/wordpress\/wp-content\/uploads\/2019\/01\/zanoni-300x162.jpg 300w, https:\/\/www.radiopiu.net\/wordpress\/wp-content\/uploads\/2019\/01\/zanoni.jpg 306w\" sizes=\"auto, (max-width: 193px) 100vw, 193px\" \/><\/a>VENEZIA<\/strong> <em>\u201cVietare la caccia sul proprio terreno ma su una superficie non superiore all\u20191%: questa \u00e8 una vera presa in giro. Le nostre preoccupazioni sul Piano faunistico venatorio si sono rivelate fondate, anzi la realt\u00e0 \u00e8 peggiore delle previsioni. \u00c8 evidente che la Regione stia facendo di tutto per ostacolare quei cittadini che non vogliono le doppiette libere di sparare nei propri fondi. L\u2019aver preteso di calendarizzare adesso questo provvedimento, in fretta e furia, dopo anni e anni di attese e deroghe, \u00e8 grave e doloso. Avrebbero dovuto portarlo ad aprile per esaminarlo con calma, ma si \u00e8 preferito il blitz estivo\u201d.<\/em> A denunciarlo \u00e8 Andrea Zanoni, consigliere regionale del Partito Democratico: <em>\u201cPer esercitare un diritto sacrosanto, quello di non volere i cacciatori all\u2019interno, i proprietari o conduttori di un fondo dovranno addirittura presentare una relazione tecnica sottoscritta da un professionista, quindi sostenendo dei costi &#8211; dice Zanoni &#8211;\u00a0 e chi ha un agriturismo o fattoria sociale sar\u00e0 obbligato ad allegare un documento con il programma delle iniziative in programma durante la stagione venatoria indicando quelle che potrebbero essere disturbate&#8221;.<\/em><\/p><\/blockquote>\n<p>&nbsp;<\/p>\n<p>&nbsp;<\/p>\n<hr \/>\n<p>&nbsp;<\/p>\n<blockquote>\n<h2>DIEGO TRICHES CONFERMATO PRESIDENTE DI CONFEDILIZIA BELLUNO<\/h2>\n<\/blockquote>\n<p><strong>BELLUNO<\/strong> Rinnovati gli organi sociali dell&#8217;associazione che\u00a0 compie quest\u2019anno 44 anni di attivit\u00e0 dalla sua ricostituzione nel 1977. Sono risultati eletti: Presidente: Diego Triches; Vice Presidenti: Paolo Vaccari e Giovanna Losso; Consiglieri: Michele Vigne (cons. Delegato), Alessandro Molinari, Francesco Scotti, Roberto Casoni, Emilio Cagnati, Jhonny D\u2019Incau. \u00c8 stato altres\u00ec riconfermato il numero dei delegati comunali dei Comuni di: Cortina d\u2019Ampezzo, Belluno, Sedico, Pieve di Cadore, Agordino, Borgo Valbelluna, Seren del Grappa, Feltre, Calalzo, Pedavena, Vodo di Cadore, San Vito di Cadore, Cibiana, Alpago, Ponte nelle Alpi, Lozzo di Cadore, Santa Giustina, S. Gregorio nelle Alpi. Presente anche, per l\u2019evento, il segretario generale della Federazione Veneta rag. Luca Segalin che ha espresso parole di compiacimento per la costante attivit\u00e0 dell\u2019associazione Bellunese e dei risultati ottenuti nei 44 anni di attivit\u00e0.<\/p>\n<blockquote><p><em>Diego Triches ha espresso la propria soddisfazione per la riconferma ed il ringraziamento a tutti coloro che si impegneranno, anche per il prossimo futuro, nell\u2019attivit\u00e0 associativa a difesa e tutela della benemerita categoria dei proprietari di casa.<\/em><\/p><\/blockquote>\n\n\t\t\t<style type='text\/css'>\n\t\t\t\t#gallery-7 {\n\t\t\t\t\tmargin: auto;\n\t\t\t\t}\n\t\t\t\t#gallery-7 .gallery-item {\n\t\t\t\t\tfloat: left;\n\t\t\t\t\tmargin-top: 10px;\n\t\t\t\t\ttext-align: center;\n\t\t\t\t\twidth: 100%;\n\t\t\t\t}\n\t\t\t\t#gallery-7 img {\n\t\t\t\t\tborder: 2px solid #cfcfcf;\n\t\t\t\t}\n\t\t\t\t#gallery-7 .gallery-caption {\n\t\t\t\t\tmargin-left: 0;\n\t\t\t\t}\n\t\t\t\t\/* see gallery_shortcode() in wp-includes\/media.php *\/\n\t\t\t<\/style>\n\t\t<div id='gallery-7' class='dt-gallery-container gallery galleryid-220302 gallery-columns-1 gallery-size-medium'><dl class='gallery-item'>\n\t\t\t\t<dt class='gallery-icon landscape'>\n\t\t\t\t\t<a class=\"rollover\" href='https:\/\/www.radiopiu.net\/wordpress\/giornale-radiopiu-08-luglio-2021-direttore-mirko-mezzacasa\/3t4a6347\/'><img loading=\"lazy\" decoding=\"async\" width=\"300\" height=\"187\" src=\"https:\/\/www.radiopiu.net\/wordpress\/wp-content\/uploads\/2021\/07\/3T4A6347-300x187.jpg\" class=\"attachment-medium size-medium\" alt=\"\" srcset=\"https:\/\/www.radiopiu.net\/wordpress\/wp-content\/uploads\/2021\/07\/3T4A6347-300x187.jpg 300w, https:\/\/www.radiopiu.net\/wordpress\/wp-content\/uploads\/2021\/07\/3T4A6347-1024x638.jpg 1024w, https:\/\/www.radiopiu.net\/wordpress\/wp-content\/uploads\/2021\/07\/3T4A6347-768x478.jpg 768w, https:\/\/www.radiopiu.net\/wordpress\/wp-content\/uploads\/2021\/07\/3T4A6347.jpg 1280w\" sizes=\"auto, (max-width: 300px) 100vw, 300px\" \/><\/a>\n\t\t\t\t<\/dt><\/dl><br style=\"clear: both\" \/>\n\t\t\t<\/div>\n\n<blockquote><p>&nbsp;<\/p><\/blockquote>\n<p>&nbsp;<\/p>\n<hr \/>\n<p>&nbsp;<\/p>\n<h3><a href=\"https:\/\/www.radiopiu.net\/wordpress\/scuola-e-investimenti-nuova-mensa-ed-efficientamento-energetico\/ed290f40-7d29-4675-8cf9-0210b20495e7\/\" rel=\"attachment wp-att-200591\"><img loading=\"lazy\" decoding=\"async\" class=\" wp-image-200591 alignleft\" src=\"https:\/\/www.radiopiu.net\/wordpress\/wp-content\/uploads\/2021\/03\/ed290f40-7d29-4675-8cf9-0210b20495e7-300x169.jpg\" sizes=\"auto, (max-width: 300px) 100vw, 300px\" srcset=\"https:\/\/www.radiopiu.net\/wordpress\/wp-content\/uploads\/2021\/03\/ed290f40-7d29-4675-8cf9-0210b20495e7-300x169.jpg 300w, https:\/\/www.radiopiu.net\/wordpress\/wp-content\/uploads\/2021\/03\/ed290f40-7d29-4675-8cf9-0210b20495e7-1024x578.jpg 1024w, https:\/\/www.radiopiu.net\/wordpress\/wp-content\/uploads\/2021\/03\/ed290f40-7d29-4675-8cf9-0210b20495e7-768x434.jpg 768w, https:\/\/www.radiopiu.net\/wordpress\/wp-content\/uploads\/2021\/03\/ed290f40-7d29-4675-8cf9-0210b20495e7-1536x867.jpg 1536w, https:\/\/www.radiopiu.net\/wordpress\/wp-content\/uploads\/2021\/03\/ed290f40-7d29-4675-8cf9-0210b20495e7.jpg 1984w\" alt=\"\" width=\"160\" height=\"90\" \/><\/a>L\u2019AZIENDA AGORDO SERVIZI CERCA DUE PROFESSIONISTI<\/h3>\n<p><strong>AGORDO\u00a0<\/strong> E\u2019 stata indetta dall\u2019Azienda Speciale Agordo servizi \u00a0una selezione pubblica per la copertura di un posto a tempo determinato e pieno nel profilo di Educatore di Asilo Nido e di un operatore assistente\u00a0 che si prendano cura dei bambini e dei neonati nelle cure personali come lavarli, cambiarli, vestirli, aiutarli a mangiare, l\u2019educatore dovr\u00e0 avere capacit\u00e0 organizzativa nelle attivit\u00e0 e abilit\u00e0 nel formulare obiettivi, all\u2019assistente l\u2019azienda chiede tra l\u2019altro di coadiuvare il lavoro delle educatrici.\u00a0 Per informazioni e copia dell\u2019avviso di selezione gli interessati potranno rivolgersi all\u2019ufficio amministrativo Azienda Speciale al numero 0437 62564 L\u2019avviso di selezione \u00e8 pubblicato sul sito: https:\/\/agordofarmaciacomunale.it\/<\/p>\n<p>&nbsp;<\/p>\n<hr \/>\n<p>&nbsp;<\/p>\n<p>&nbsp;<\/p>\n<blockquote>\n<h3>SERVIZIO CIVILE UNIVERSALE: PROGETTO &#8220;TI ACCOMPAGNO IO &#8211; ART. 40 BELLUNO&#8221;<\/h3>\n<\/blockquote>\n<p><strong>BELLUNO<\/strong> E&#8217; stato pubblicato il bando per la selezione di 756 operatori volontari da impiegare in progetti di servizio civile per l\u2019accompagnamento dei grandi invalidi e dei ciechi civili presentati dagli Enti iscritti all\u2019Albo di Servizio civile universale. L`Unione Italiana dei Ciechi di Belluno \u00e8 pronta ad accogliere\u00a0 2 volontari.\u00a0 La domanda di partecipazione deve essere presentata, entro il 30 luglio 2021 esclusivamente attraverso la piattaforma all\u2019indirizzo https:\/\/domandaonline.serviziocivile.it<\/p>\n<p>&nbsp;<\/p>\n<p>&nbsp;<\/p>\n<hr \/>\n<p>&nbsp;<\/p>\n<blockquote><p>&nbsp;<\/p>\n<blockquote>\n<h3>PROTEGGERE I PICCOLI ALLEVAMENTI AMATORIALI DAL LUPO.<\/h3>\n<\/blockquote>\n<p><strong>FELTRE\u00a0 <\/strong>Il Parco Nazionale Dolomiti Bellunesi ha organizzato un incontro informativo a Villa Patt di Sedico, gioved\u00ec 15 luglio, alle 20. L\u2019incontro fa parte delle attivit\u00e0 organizzate dal Parco nell\u2019ambito del progetto Life Wolfalps EU, finalizzato al miglioramento della convivenza tra uomo e lupo sulle Alpi ed \u00e8 realizzato in collaborazione con la Regione del Veneto e i Carabinieri Forestali.<\/p><\/blockquote>\n<p>&nbsp;<\/p>\n<hr \/>\n<p>&nbsp;<\/p>\n<p>&nbsp;<\/p>\n<blockquote>\n<h3>IL RITORNO DEL LAGO PHOTO FEST ALPAGO<\/h3>\n<\/blockquote>\n<p><strong><a href=\"https:\/\/www.radiopiu.net\/wordpress\/giornale-radiopiu-06-luglio-2021-direttore-mirko-mezzacasa\/copertina-fb\/\" rel=\"attachment wp-att-220040\"><img loading=\"lazy\" decoding=\"async\" class=\" wp-image-220040 alignleft\" src=\"https:\/\/www.radiopiu.net\/wordpress\/wp-content\/uploads\/2021\/07\/copertina-fb-300x169.jpg\" alt=\"\" width=\"144\" height=\"81\" srcset=\"https:\/\/www.radiopiu.net\/wordpress\/wp-content\/uploads\/2021\/07\/copertina-fb-300x169.jpg 300w, https:\/\/www.radiopiu.net\/wordpress\/wp-content\/uploads\/2021\/07\/copertina-fb-1024x577.jpg 1024w, https:\/\/www.radiopiu.net\/wordpress\/wp-content\/uploads\/2021\/07\/copertina-fb-768x433.jpg 768w, https:\/\/www.radiopiu.net\/wordpress\/wp-content\/uploads\/2021\/07\/copertina-fb-1536x865.jpg 1536w, https:\/\/www.radiopiu.net\/wordpress\/wp-content\/uploads\/2021\/07\/copertina-fb-2048x1154.jpg 2048w\" sizes=\"auto, (max-width: 144px) 100vw, 144px\" \/><\/a>ALPAGO\u00a0 <\/strong>Ai nastri di partenza la seconda edizione dell\u2019iniziativa Lago Photo Fest Alpago quest\u2019anno con il tema \u201cPaesaggi Universali\u201d, una suggestiva mostra immersa nella natura,\u00a0 sar\u00e0 visitabile sino a giugno 2022, verr\u00e0 inaugurata venerd\u00ec\u00a0 alle 18 sulla spiaggia di Farra d&#8217;Alpago (in caso di maltempo presso la palestra di Farra d\u2019Alpago), con esibizioni della A.S.D. Danza e Dintorni di Cortina d\u2019Ampezzo e il Pianista Fuori Posto \u2013 Paolo Zanarella.<\/p>\n<p>&nbsp;<\/p>\n<p>&nbsp;<\/p>\n<p>&nbsp;<\/p>\n<hr \/>\n<p>&nbsp;<\/p>\n<blockquote>\n<h3>IL GRUPPO ALPINI DI ALLEGHE COMPIE 90 ANNI, NOTE DI AUGURI CON LA FANFARA<\/h3>\n<\/blockquote>\n<p><a href=\"https:\/\/www.radiopiu.net\/wordpress\/il-gruppo-alpini-di-alleghe-compie-90-anni-note-di-auguri-con-la-fanfara\/fanfara-brigata-cadore_page-0001-1\/\" rel=\"attachment wp-att-219637\"><img loading=\"lazy\" decoding=\"async\" class=\" wp-image-219637 alignleft\" src=\"https:\/\/www.radiopiu.net\/wordpress\/wp-content\/uploads\/2021\/07\/FANFARA-BRIGATA-CADORE_page-0001-1-212x300.jpg\" alt=\"\" width=\"112\" height=\"158\" srcset=\"https:\/\/www.radiopiu.net\/wordpress\/wp-content\/uploads\/2021\/07\/FANFARA-BRIGATA-CADORE_page-0001-1-212x300.jpg 212w, https:\/\/www.radiopiu.net\/wordpress\/wp-content\/uploads\/2021\/07\/FANFARA-BRIGATA-CADORE_page-0001-1-724x1024.jpg 724w, https:\/\/www.radiopiu.net\/wordpress\/wp-content\/uploads\/2021\/07\/FANFARA-BRIGATA-CADORE_page-0001-1-768x1087.jpg 768w, https:\/\/www.radiopiu.net\/wordpress\/wp-content\/uploads\/2021\/07\/FANFARA-BRIGATA-CADORE_page-0001-1-1085x1536.jpg 1085w, https:\/\/www.radiopiu.net\/wordpress\/wp-content\/uploads\/2021\/07\/FANFARA-BRIGATA-CADORE_page-0001-1.jpg 1240w\" sizes=\"auto, (max-width: 112px) 100vw, 112px\" \/><\/a><strong>ALLEGHE<\/strong>\u00a0 Domenica 11 luglio alle 9 Raduno in piazza Kennedy e sfilata fino al monumento ai Caduti &#8211; Alzabandiera &#8211; Onore ai Caduti &#8211; Apposizione corona; Al termine, sfilata della Fanfara lungo Corso Italia fino alla partenza della cabinovia. Quindi la festa si sposta ai Piani di Pezz\u00e8, alle 11\u00a0 Raduno alla Chiesetta Alpina &#8211; Alzabandiera; \u00a0concerto della Fanfara davanti al Ristorante &#8220;La Grande Baita&#8221;; \u00a0Carosello della Fanfara; \u00a0Pranzo sotto il tendone.<\/p>\n<p><strong>203 AGORDINA &#8220;CHIUSA&#8221; PER 15 MINUTI, PASSA LA FANFARA<\/strong><\/p>\n<p>Domenica tra le 10 e le 11, per un periodo massimo di 15 minuti sospensione totale della circolazione per manifestazione alpina<\/p>\n<p>&nbsp;<\/p>\n<p>&nbsp;<\/p>\n<hr \/>\n<p>&nbsp;<\/p>\n<p>&nbsp;<\/p>\n<blockquote>\n<h2><a href=\"https:\/\/www.radiopiu.net\/wordpress\/da-le-muse-e-le-dolomiti-si-torna-a-cantare\/logo_muse_dolomiti\/\" rel=\"attachment wp-att-139344\"><img loading=\"lazy\" decoding=\"async\" class=\" wp-image-139344 alignleft\" src=\"https:\/\/www.radiopiu.net\/wordpress\/wp-content\/uploads\/2020\/05\/logo_muse_dolomiti-300x90.png\" alt=\"\" width=\"207\" height=\"62\" srcset=\"https:\/\/www.radiopiu.net\/wordpress\/wp-content\/uploads\/2020\/05\/logo_muse_dolomiti-300x90.png 300w, https:\/\/www.radiopiu.net\/wordpress\/wp-content\/uploads\/2020\/05\/logo_muse_dolomiti.png 531w\" sizes=\"auto, (max-width: 207px) 100vw, 207px\" \/><\/a>SABATO, CON LE MUSE E LE DOLOMITI<\/h2>\n<p><strong>presentazione di Oda Zoe Hochscheid<\/strong><\/p><\/blockquote>\n<audio class=\"wp-audio-shortcode\" id=\"audio-220302-15\" preload=\"none\" style=\"width: 100%;\" controls=\"controls\"><source type=\"audio\/mpeg\" src=\"https:\/\/www.radiopiu.net\/wordpress\/wp-content\/uploads\/2021\/07\/muse-sabato.mp3?_=15\" \/><a href=\"https:\/\/www.radiopiu.net\/wordpress\/wp-content\/uploads\/2021\/07\/muse-sabato.mp3\">https:\/\/www.radiopiu.net\/wordpress\/wp-content\/uploads\/2021\/07\/muse-sabato.mp3<\/a><\/audio>\n<p>&nbsp;<\/p>\n<p>&nbsp;<\/p>\n<hr \/>\n<p>&nbsp;<\/p>\n<p>&nbsp;<\/p>\n<blockquote>\n<h3>IL CONCERTO OFFERTO DALLA FILARMONICA<\/h3>\n<\/blockquote>\n<p><strong><a href=\"https:\/\/www.radiopiu.net\/wordpress\/giornale-radiopiu-08-luglio-2021-direttore-mirko-mezzacasa\/filarmonica-x-carta-intestata\/\" rel=\"attachment wp-att-220534\"><img loading=\"lazy\" decoding=\"async\" class=\"size-medium wp-image-220534 alignleft\" src=\"https:\/\/www.radiopiu.net\/wordpress\/wp-content\/uploads\/2021\/07\/c388dd65-f33a-4b5b-a8a3-27f451ea4110-300x44.jpg\" alt=\"\" width=\"300\" height=\"44\" srcset=\"https:\/\/www.radiopiu.net\/wordpress\/wp-content\/uploads\/2021\/07\/c388dd65-f33a-4b5b-a8a3-27f451ea4110-300x44.jpg 300w, https:\/\/www.radiopiu.net\/wordpress\/wp-content\/uploads\/2021\/07\/c388dd65-f33a-4b5b-a8a3-27f451ea4110.jpg 700w\" sizes=\"auto, (max-width: 300px) 100vw, 300px\" \/><\/a>BELLUNO<\/strong> La Filarmonica 1867 il 18 luglio nel Parco della Parrocchia di Cavarzano si esibir\u00e0 in un vasto repertorio che spazia dalla musica classica a brani originali per orchestra di fiati, dalle colonne sonore del grande cinema alla musica tradizionale. La seconda parte dello spettacolo sar\u00e0 dedicata a celebrare il 150\u00b0 anniversario dell&#8217;Aida di Giuseppe Verdi. Dirigono i maestri Andrea Gasperin e Sandro De Marchi.\u00a0 <strong>Come partecipare?<\/strong> \u00e8 obbligatorio il posto pre-assegnato anche per gli eventi all\u2019aperto. Per poter partecipare all&#8217;evento \u00e8 quindi necessario prenotare il proprio posto tramite la piattaforma <a href=\"https:\/\/bandabelluno.us15.list-manage.com\/track\/click?u=894cd617e4f50012757ef7e42&amp;id=082b65385a&amp;e=40f9faa4f0\">Eventbrite<\/a>. Per accedere clicca <a href=\"https:\/\/bandabelluno.us15.list-manage.com\/track\/click?u=894cd617e4f50012757ef7e42&amp;id=cab85ca90a&amp;e=40f9faa4f0\">qui<\/a>.\u00a0 Altri appuntamenti: <em>Concerto di gala offerto ai residenti e ai turisti dell\u2019Alpe del Nevegal il <\/em>24 luglio ore 21 &#8211; Pertinenze esterne del Santuario; nei giorni 10 e 11 luglio masterclass di tromba tenuta dal docente Mirko Bellucco.<\/p>\n<p>&nbsp;<\/p>\n<p>&nbsp;<\/p>\n<p>&nbsp;<\/p>\n<hr \/>\n<p>&nbsp;<\/p>\n<blockquote>\n<div class=\"bi6gxh9e aov4n071\">\n<h2 class=\"gmql0nx0 l94mrbxd p1ri9a11 lzcic4wl d2edcug0 hpfvmrgz\" dir=\"auto\"><span class=\"d2edcug0 hpfvmrgz qv66sw1b c1et5uql lr9zc1uh a8c37x1j keod5gw0 nxhoafnm aigsh9s9 d3f4x2em fe6kdd0r mau55g9w c8b282yb iv3no6db jq4qci2q a3bd9o3v hnhda86s jdix4yx3 hzawbc8m\" dir=\"auto\">MERCOLED\u00cc 14 LUGLIO 2021 ALLE ORE <\/span>Cinema sotto le stelle Il Re Leone &#8211; Live action<\/h2>\n<\/div>\n<\/blockquote>\n<p><strong>SEDICO<\/strong> Ritornano gli appuntamenti al cinema con la Proloco di Sedico.\u00a0 Cinque serate\u00a0 anche con la possibilit\u00e0 di\u00a0 cenare presso lo stand in Villa aperto dalle\u00a0 19 e per ogni serata\u00a0 un men\u00f9 diverso<\/p>\n<a href=\"https:\/\/www.radiopiu.net\/wordpress\/wp-content\/uploads\/2021\/07\/Cinema-sotto-le-stelle-manif.pdf\" class=\"pdfemb-viewer\" style=\"\" data-width=\"max\" data-height=\"max\" data-toolbar=\"top\" data-toolbar-fixed=\"on\">Cinema sotto le stelle manif<\/a>\n<p>&nbsp;<\/p>\n<p>&nbsp;<\/p>\n<hr \/>\n<p>&nbsp;<\/p>\n<blockquote>\n<h3>RITORNA LA RASSEGNA MUSICALE &#8220;MUSICA NELL&#8217;AGORDINO&#8221;<\/h3>\n<\/blockquote>\n<p><strong><a href=\"https:\/\/www.radiopiu.net\/wordpress\/giornale-radiopiu-04-luglio-2021-direttore-mirko-mezzacasa\/img_0263\/\" rel=\"attachment wp-att-219710\"><img loading=\"lazy\" decoding=\"async\" class=\" wp-image-219710 alignleft\" src=\"https:\/\/www.radiopiu.net\/wordpress\/wp-content\/uploads\/2021\/07\/IMG_0263-300x225.jpg\" alt=\"\" width=\"212\" height=\"159\" srcset=\"https:\/\/www.radiopiu.net\/wordpress\/wp-content\/uploads\/2021\/07\/IMG_0263-300x225.jpg 300w, https:\/\/www.radiopiu.net\/wordpress\/wp-content\/uploads\/2021\/07\/IMG_0263-1024x768.jpg 1024w, https:\/\/www.radiopiu.net\/wordpress\/wp-content\/uploads\/2021\/07\/IMG_0263-768x576.jpg 768w, https:\/\/www.radiopiu.net\/wordpress\/wp-content\/uploads\/2021\/07\/IMG_0263-1536x1152.jpg 1536w, https:\/\/www.radiopiu.net\/wordpress\/wp-content\/uploads\/2021\/07\/IMG_0263-2048x1536.jpg 2048w\" sizes=\"auto, (max-width: 212px) 100vw, 212px\" \/><\/a>AGORDO<\/strong>\u00a0Dopo un\u2019anteprima on-line dal Durando, uno dei pi\u00f9 bei scorci di Agordo, che sar\u00e0 tramessa da RadioPi\u00f9 il 18 luglio alle 11 e disponibile sui social durante il mese di luglio, con ospiti Sandro Del Duca (flauti e voce) e Nelso Salton (contrabbasso e voce), la rassegna inizier\u00e0 il 31 luglio alle 20.30 a La Valle con il concerto \u201c<em>al<\/em>\u00a0<em>ka\u015b\u00e8lo<\/em>\u201d, cio\u00e8 nel vecchio caseificio ora trasformato nella nuova e accogliente Sala Valmassoni.<\/p>\n<p><strong>\u00a0DI GIANNI SANTOMASO<\/strong><\/p>\n<audio class=\"wp-audio-shortcode\" id=\"audio-220302-16\" preload=\"none\" style=\"width: 100%;\" controls=\"controls\"><source type=\"audio\/mpeg\" src=\"https:\/\/www.radiopiu.net\/wordpress\/wp-content\/uploads\/2021\/07\/GIANNI-MUSICA-AGORDINO.mp3?_=16\" \/><a href=\"https:\/\/www.radiopiu.net\/wordpress\/wp-content\/uploads\/2021\/07\/GIANNI-MUSICA-AGORDINO.mp3\">https:\/\/www.radiopiu.net\/wordpress\/wp-content\/uploads\/2021\/07\/GIANNI-MUSICA-AGORDINO.mp3<\/a><\/audio>\n<p>&nbsp;<\/p>\n<hr \/>\n<p>&nbsp;<\/p>\n<blockquote>\n<h3>QUALE FUTURO PER LA MONTAGNA BELLUNESE?<\/h3>\n<\/blockquote>\n<p><strong><a href=\"https:\/\/www.radiopiu.net\/wordpress\/giornale-radiopiu-07-luglio-2021-direttore-mirko-mezzacasa\/immagine-12-1-510x345\/\" rel=\"attachment wp-att-220192\"><img loading=\"lazy\" decoding=\"async\" class=\" wp-image-220192 alignleft\" src=\"https:\/\/www.radiopiu.net\/wordpress\/wp-content\/uploads\/2021\/07\/Immagine-12-1-510x345-1-300x203.png\" alt=\"\" width=\"164\" height=\"111\" srcset=\"https:\/\/www.radiopiu.net\/wordpress\/wp-content\/uploads\/2021\/07\/Immagine-12-1-510x345-1-300x203.png 300w, https:\/\/www.radiopiu.net\/wordpress\/wp-content\/uploads\/2021\/07\/Immagine-12-1-510x345-1.png 510w\" sizes=\"auto, (max-width: 164px) 100vw, 164px\" \/><\/a>BELLUNO\u00a0 <\/strong>Nell\u2019ambito del progetto \u201cLa Montagna Viva: dalla tempesta Vaia a nuove opportunit\u00e0 di sviluppo sostenibile in Dolomiti\u201d, la Fondazione G. Angelini ha organizzato tre laboratori partecipativ. Le date: 16 luglio Mel, Piazza Papa Luciani\u00a0 22 luglio Pieve di Cadore, Piazza Tiziano e 23 luglio\u00a0 Agordo, Piazzale Marconi. I laboratori saranno degli spazi aperti di incontro e confronto senza orari prestabiliti; i tavoli di discussione rimarranno infatti aperti dalle 11.30 alle 19:30. I temi di confronto si incentreranno sulla gestione del territorio, sul turismo, su servizi ed infrastrutture e sulle opportunit\u00e0 di sviluppo della montagna.<\/p>\n<p>\u200b<\/p>\n<p>&nbsp;<\/p>\n<p>&nbsp;<\/p>\n<hr \/>\n<p>&nbsp;<\/p>\n<blockquote>\n<h2>&#8220;IL MILITE IGNOTO&#8221; IL 18 LUGLIO A BOSCHI DI CARTA<\/h2>\n<\/blockquote>\n<p><strong>BELLUNO<\/strong> Paola Zambelli autrice, nativa e residente a Belluno, laureata in Scienze della Formazione, recentemente a Ravenna premiata al concorso &#8220;letteratura per ragazzi&#8221;,\u00a0 il 18 luglio, in occasione della manifestazione \u201cBoschi di Carta\u201d a Pieve di Cadore, presenter\u00e0 il romanzo \u201cIl treno dell\u2019Ignoto. Il viaggio del Milite Ignoto\u201d, tratto proprio dal racconto vincitore del XIV Premio \u201cRighini Ricci\u201d di Conselice (RA).<\/p>\n<p>&nbsp;<\/p>\n<blockquote><p>&nbsp;<\/p><\/blockquote>\n<hr \/>\n<blockquote>\n<h3><\/h3>\n<h3>\u201cSOTTO UN CIELO DI STOFFA\u201d IL 10 LUGLIO A VILLA ALPAGO NOVELLO<\/h3>\n<\/blockquote>\n<p><strong><a href=\"https:\/\/www.radiopiu.net\/wordpress\/giornale-radiopiu-02-luglio-2021-direttore-mirko-mezzacasa\/corsi-alfabetizzazione-isp-afghanistan\/\" rel=\"attachment wp-att-219360\"><img loading=\"lazy\" decoding=\"async\" class=\" wp-image-219360 alignleft\" src=\"https:\/\/www.radiopiu.net\/wordpress\/wp-content\/uploads\/2021\/07\/corsi-alfabetizzazione-ISP-afghanistan-223x300.jpg\" alt=\"\" width=\"96\" height=\"129\" srcset=\"https:\/\/www.radiopiu.net\/wordpress\/wp-content\/uploads\/2021\/07\/corsi-alfabetizzazione-ISP-afghanistan-223x300.jpg 223w, https:\/\/www.radiopiu.net\/wordpress\/wp-content\/uploads\/2021\/07\/corsi-alfabetizzazione-ISP-afghanistan.jpg 657w\" sizes=\"auto, (max-width: 96px) 100vw, 96px\" \/><\/a>BELLUNO<\/strong> Sabato 10 luglio alle\u00a0 20.45 a Villa Alpago Novello (Frontin di Trichiana), si svolger\u00e0 il reading scenico \u201cSotto un cielo di stoffa\u201d, un\u2019emozionante serata tra parole e musica per raccontare storie di donne afghane e della loro quotidiana lotta per l\u2019emancipazione e la dignit\u00e0. Le storie, tratte dall\u2019omonimo libro di Cristina Cella arricchito dalle immagini di Carla Dazzi, saranno portate in scena dalle attrici Caterina Comingio, Marisa Del Ben e Alessandra Menis.\u00a0 Maggiori informazioni sul sito www.365giorni.org e sui canali sociali dell\u2019Associazione Insieme si pu\u00f2.<\/p>\n<p>&nbsp;<\/p>\n<p>&nbsp;<\/p>\n<hr \/>\n<div class=\"mkdf-post-text\">\n<div class=\"mkdf-post-text-inner\">\n<div class=\"mkdf-post-text-main\">\n<p>&nbsp;<\/p>\n<h3><\/h3>\n<h3>Dalla Biblioteca di Cesiomaggiore<\/h3>\n<p><strong>CESIOMAGGIORE<\/strong> Il volume &#8220;I miracoli della Val Canzoi&#8221;,\u00a0 omaggio autentico e affettuoso di Giovanni Trimeri e GianAntonio Cecchin a Dino Buzzati,\u00a0 nel cinquantesimo anniversario dalla pubblicazione de I miracoli di Val Morel, sar\u00e0 presentato alla stampa venerdi 16 luglio in sala riunioni Biblioteca comunale di Cesiomaggiore (Via Roma), con l&#8217;occasione sar\u00e0 presentata altres\u00ec la mostra.<\/p>\n<\/div>\n<\/div>\n<\/div>\n<p>&nbsp;<\/p>\n<p>&nbsp;<\/p>\n<hr \/>\n<p>&nbsp;<\/p>\n<h2 style=\"text-align: left;\"><span style=\"color: #ff0000;\">MUSLA, CON LA NUOVA GENERAZIONE LINGUE, USI, COSTUMI , raccolta completa\u00a0<\/span><\/h2>\n<p style=\"text-align: left;\"><strong>10 PUNTATE ALLA RADIO, DA LUNEDI 28 GIUGNO ALLE 14.\u00a0<\/strong><\/p>\n<p>&nbsp;<\/p>\n<blockquote class=\"wp-embedded-content\" data-secret=\"poSI4xjEBs\"><p><a href=\"https:\/\/www.radiopiu.net\/wordpress\/agora-agordina-la-nosta-piaza\/\">AGORA&#8217; AGORDINA&#8230; LA NOSTA PIAZA LADINA RACCOLTA COMPLETA PRIMA STAGIONE<\/a><\/p><\/blockquote>\n<p><iframe loading=\"lazy\" class=\"wp-embedded-content\" sandbox=\"allow-scripts\" security=\"restricted\" style=\"position: absolute; clip: rect(1px, 1px, 1px, 1px);\" title=\"&#8220;AGORA&#8217; AGORDINA&#8230; LA NOSTA PIAZA LADINA RACCOLTA COMPLETA PRIMA STAGIONE&#8221; &#8212; Radio Pi\u00f9\" src=\"https:\/\/www.radiopiu.net\/wordpress\/agora-agordina-la-nosta-piaza\/embed\/#?secret=poSI4xjEBs\" data-secret=\"poSI4xjEBs\" width=\"600\" height=\"338\" frameborder=\"0\" marginwidth=\"0\" marginheight=\"0\" scrolling=\"no\"><\/iframe><\/p>\n<p>&nbsp;<\/p>\n<p>&nbsp;<\/p>\n<p>&nbsp;<\/p>\n<hr \/>\n<p>&nbsp;<\/p>\n<blockquote>\n<h3>POMERIGGIO CULTURALE CON LA BIBLIOTECA DI AGORDO<\/h3>\n<\/blockquote>\n<p><strong>AGORDO<\/strong> il Circolo Culturale Agordino, Biblioteca Civica di Agordo organizza un pomeriggio culturale-incontro con l&#8217;autore.\u00a0 Domani alle 17.30 nella sala &#8220;Don Tamis&#8221; ad Agordo verr\u00e0 presentato il libro di Maria Pia Fassari Cappelletti &#8220;Cristalli d&#8217;amore, poesie&#8221;. L&#8217;incontro sar\u00e0 allietato dalla lettura di alcune poesia da parte di Brunella Moro introdotte dal violino di Ivan Zasso.<\/p>\n<p>&nbsp;<\/p>\n<p>&nbsp;<\/p>\n<p>&nbsp;<\/p>\n<hr \/>\n<p>&nbsp;<\/p>\n<blockquote>\n<h3>LUNEDI&#8217; SERA CONVOCATO IL CONSIGLIO DELL&#8217;UNIONE MONTANA AGORDINA<\/h3>\n<\/blockquote>\n<p><strong>\u00a0<\/strong><strong>AGORDO<\/strong> Ritorna in presenza il consiglio dell&#8217;Unione Montana Agordina che si ritrova in sala Don Tamis luned\u00ec alle 20:30. Il presidente Michele Costa ha convocato i consiglieri per trattare 4 punti all&#8217;ordine del giorno. Si parler\u00e0 dell&#8217;estensione a nuovi enti della partecipazione alla societ\u00e0 Valpe Ambiente, una variazione al bilancio e il miglioramento della rete stradale di raccordo della viabilit\u00e0 locale al reticolo principale interregionale.<\/p>\n<p>&nbsp;<\/p>\n<p>&nbsp;<\/p>\n<hr \/>\n<p>&nbsp;<\/p>\n<blockquote>\n<h3>LA QUINTA VARIAZIONE AL BILANCIO<\/h3>\n<\/blockquote>\n<p><strong>CENCENIGHE<\/strong> Oggi alle 20.30 consiglio comunale in presenza in Municipio. All&#8217;ordine del giorno il riconoscimento della spesa per l&#8217;addifamento dei lavori di somma urgenza; quinta variazione al bilancio; ZTO &#8220;A&#8221; centro storico-via Roma, variazione al grado di salvaguardia.<\/p>\n<p>&nbsp;<\/p>\n<p>&nbsp;<\/p>\n<hr \/>\n<p>&nbsp;<\/p>\n<blockquote>\n<h3>IL CAI AGORDO ORGANIZZA L&#8217;ESCURSIONE A EIDECHSSPITZE E RIF. LAGO DI PAUSA gi\u00e0 tutto esaurito<\/h3>\n<\/blockquote>\n<p><strong><a href=\"https:\/\/www.radiopiu.net\/wordpress\/giornale-radiopiu-07-aprile\/cai-agordo-2\/\" rel=\"attachment wp-att-127841\"><img loading=\"lazy\" decoding=\"async\" class=\" wp-image-127841 alignleft\" src=\"https:\/\/www.radiopiu.net\/wordpress\/wp-content\/uploads\/2020\/04\/cai-agordo.jpg\" alt=\"\" width=\"127\" height=\"73\" \/><\/a>AGORDO<\/strong> S<span style=\"color: #000000;\">abato 10 e domenica 11 alla Eidechsspitze ed al Rifugio Lago di Pausa. Proprio per motivi logistici legati al numero di posti disponibili in rifugio, <u>le iscrizioni sono gi\u00e0 chiuse<\/u> da tempo ma \u00e8 doveroso informare i soci dell&#8217;attivit\u00e0 che la Sezione svolge in questo scorcio di calda estate. La meta \u00e8 la Val Pusteria, ed in particolare il Gruppo di Monte Gruppo con le sue innumerevoli cime ed i suoi laghetti di origine glaciale, tra cui il pi\u00f9 grande \u00e8 quello di Pausa, ove sorge anche l&#8217;omonimo rifugio. <\/span>Escursione\u00a0classificata EE con tratti di EEA<strong>.<\/strong><\/p>\n<p>&nbsp;<\/p>\n<p>&nbsp;<\/p>\n<p>&nbsp;<\/p>\n<hr \/>\n<p>&nbsp;<\/p>\n<h3><strong><a href=\"https:\/\/www.radiopiu.net\/wordpress\/al-via-le-prenotazioni-per-il-concerto-la-mia-terra-con-roby-facchinetti\/6d2f3eca-51eb-475d-a53d-f8cc7852afd5\/\" rel=\"attachment wp-att-216089\"><img loading=\"lazy\" decoding=\"async\" class=\" wp-image-216089 alignleft\" src=\"https:\/\/www.radiopiu.net\/wordpress\/wp-content\/uploads\/2021\/06\/6d2f3eca-51eb-475d-a53d-f8cc7852afd5-300x300.jpg\" alt=\"\" width=\"114\" height=\"114\" srcset=\"https:\/\/www.radiopiu.net\/wordpress\/wp-content\/uploads\/2021\/06\/6d2f3eca-51eb-475d-a53d-f8cc7852afd5-300x300.jpg 300w, https:\/\/www.radiopiu.net\/wordpress\/wp-content\/uploads\/2021\/06\/6d2f3eca-51eb-475d-a53d-f8cc7852afd5-150x150.jpg 150w, https:\/\/www.radiopiu.net\/wordpress\/wp-content\/uploads\/2021\/06\/6d2f3eca-51eb-475d-a53d-f8cc7852afd5-768x768.jpg 768w, https:\/\/www.radiopiu.net\/wordpress\/wp-content\/uploads\/2021\/06\/6d2f3eca-51eb-475d-a53d-f8cc7852afd5.jpg 1024w\" sizes=\"auto, (max-width: 114px) 100vw, 114px\" \/><\/a><\/strong><em>Regione Veneto, Provincia di Belluno, Comune di Falcade, Pro Loco Falcade Caviola, PromoFalcade Dolomiti e Ski Area San Pellegrino.<\/em><\/h3>\n<p><strong>FALCADE <\/strong>\u00a0Diretti dal Maestro Diego Basso un centinaio di artisti tra musicisti e coristi dell\u2019Orchestra Ritmico Sinfonica Italiana e Le Voci di Art Voice Academy.\u00a0 L\u2019accesso all\u2019area del concerto e\u0300 raggiungibile solo su prenotazione, tramite il sito: <a href=\"https:\/\/www.falcadedolomiti.it\/falcade-e-il-concerto-la-mia-terra\/\">https:\/\/www.falcadedolomiti.it\/falcade-e-il-concerto-la-mia-terra\/\u00a0<\/a><\/p>\n<p>&nbsp;<\/p>\n<p>&nbsp;<\/p>\n<p>&nbsp;<\/p>\n<hr \/>\n<p>&nbsp;<\/p>\n<blockquote>\n<h3>&#8220;MUSICA DA CORTILE&#8221; A PAIANE DI PONTE NELLE ALPI<\/h3>\n<\/blockquote>\n<p><strong>PONTE NELLE ALPI <\/strong>\u00a0Quattro appuntamenti all\u2019insegna della il primo \u00a0oggi con un live acustico in duo della band Italo-irlandese Strawman &amp; The Jackdaws. Ingresso gratuito\u00a0 dalle 21 nel cortile della Scuola di Musica di Paiane di Ponte nelle Alpi in Via Soccher, 19.<\/p>\n<p>&nbsp;<\/p>\n<p>&nbsp;<\/p>\n<hr \/>\n<blockquote>\n<h3><\/h3>\n<h3>NONNI E NIPOTI AL MUSAL. IL 10 LUGLIO LA GIORNATA MONDIALE DEI NONNI E DEGLI ANZIANI<\/h3>\n<\/blockquote>\n<p><strong>CANALE D&#8217;AGORDO I<\/strong><span class=\"s1\">l Musal ha deciso di invitare Mattia Mascher, esperto di educazione ambientale, cooperativa e di comunicazione sociale, per presentare il suo libro Guida galattica per nonne e nonni del terzo millennio.\u00a0 L&#8217;incontro si terr\u00e0 sabato 10 luglio, alle ore 17.30, presso la Sala Lina Zand\u00f2 del Museo albino Luciani\u00a0<\/span><\/p>\n<p>&nbsp;<\/p>\n<hr \/>\n<p>&nbsp;<\/p>\n<blockquote>\n<h3>VALERIA LUSZTIG IN DIRETTA STREAMING CON DOLOMITI HUB<\/h3>\n<\/blockquote>\n<p><strong>FONZASO<\/strong> Proseguono gli eventi a Dolomiti Hub sia online che in presenza, e dopo l\u2019incontro di \u201cFamiglie in rete\u201d si continua con il tema della solidariet\u00e0.\u00a0 Sui canali Facebook e Youtube di Dolomiti Hub domani alle 21 sar\u00e0 presente Valeria Lusztig, alpinista di 46 anni affetta da fibrosi cistica, che racconter\u00e0 la sua esperienza di rinascita dopo il trapianto di polmoni avvenuto nel 2017.<\/p>\n<p>&nbsp;<\/p>\n<p>&nbsp;<\/p>\n<hr \/>\n<p>&nbsp;<\/p>\n<blockquote>\n<h3>DOMENICA A PALAZZO FULCIS CON ENRICO ZANISI<\/h3>\n<\/blockquote>\n<p><strong>BELLUNO <\/strong>Continua la rassegna Luglio Jazz! a Belluno, con l&#8217;acclamato e pluripremiato pianista Enrico Zanisi, ospite del Circolo Culturale Bellunese, domenica 11 luglio, alle\u00a018:00, Corte di Palazzo Fulcis, o, in caso di maltempo, al Teatro Comunale, situato a pochi passi di distanza. Prenotazione richiesta, presso Agenzia Alpe Bellunese: tel. 0437 940407, e-mail: info@alpebellunese.it. Si ricorda l&#8217;utilizzo della mascherina. Informazioni, programma completo di Luglio Jazz e note di sala sono sempre consultabili su: www.belcircolo.org.<\/p>\n<p>&nbsp;<\/p>\n<hr \/>\n<p>&nbsp;<\/p>\n<p>&nbsp;<\/p>\n<blockquote>\n<h3>EUROPEI SUL MAXISCHERMO IN RIVA AL PIAVE<\/h3>\n<\/blockquote>\n<p><strong>BELLUNO<\/strong> Domenica ser\u00e0 si potr\u00e0 seguire la\u00a0 la finale dell&#8217;Europeo di calcio su maxi schermo, o meglio lo potranno fare solo in 200 vista l&#8217;emergenza sanitaria,\u00a0 \u00e8 quindi obbligatorio prenotarsi telefonicamente allo 0437\/943164 da domani oggi a sabato dalle 18.00 alle 20.30.<\/p>\n<p>&nbsp;<\/p>\n<p><strong>\u00a0<\/strong><strong>\u00a0<\/strong><\/p>\n<hr \/>\n<p>&nbsp;<\/p>\n<h1><span style=\"color: #ff0000;\">IERI ALLA RADIO<\/span><\/h1>\n<h2><span style=\"color: #666699;\">DOLOMITES ROCK MINIATURES E LA PALESTRA DI ROCCIA ALL&#8217;ARENA 1082<\/span><\/h2>\n<p><strong>di Claudio Fontanive<\/strong><\/p>\n<audio class=\"wp-audio-shortcode\" id=\"audio-220302-17\" preload=\"none\" style=\"width: 100%;\" controls=\"controls\"><source type=\"audio\/mpeg\" src=\"https:\/\/www.radiopiu.net\/wordpress\/wp-content\/uploads\/2021\/07\/santomaso.mp3?_=17\" \/><a href=\"https:\/\/www.radiopiu.net\/wordpress\/wp-content\/uploads\/2021\/07\/santomaso.mp3\">https:\/\/www.radiopiu.net\/wordpress\/wp-content\/uploads\/2021\/07\/santomaso.mp3<\/a><\/audio>\n<p>&nbsp;<\/p>\n\n\t\t\t<style type='text\/css'>\n\t\t\t\t#gallery-8 {\n\t\t\t\t\tmargin: auto;\n\t\t\t\t}\n\t\t\t\t#gallery-8 .gallery-item {\n\t\t\t\t\tfloat: left;\n\t\t\t\t\tmargin-top: 10px;\n\t\t\t\t\ttext-align: center;\n\t\t\t\t\twidth: 20%;\n\t\t\t\t}\n\t\t\t\t#gallery-8 img {\n\t\t\t\t\tborder: 2px solid #cfcfcf;\n\t\t\t\t}\n\t\t\t\t#gallery-8 .gallery-caption {\n\t\t\t\t\tmargin-left: 0;\n\t\t\t\t}\n\t\t\t\t\/* see gallery_shortcode() in wp-includes\/media.php *\/\n\t\t\t<\/style>\n\t\t<div id='gallery-8' class='dt-gallery-container gallery galleryid-220302 gallery-columns-5 gallery-size-thumbnail'><dl class='gallery-item'>\n\t\t\t\t<dt class='gallery-icon landscape'>\n\t\t\t\t\t<a class=\"rollover rollover-zoom dt-pswp-item\" title=\"b6adc10d-0185-4c3f-85fe-f9b575687c5a\" data-dt-img-description=\"\" data-large_image_width=\"2048\" data-large_image_height=\"1536\"href='https:\/\/www.radiopiu.net\/wordpress\/wp-content\/uploads\/2021\/07\/b6adc10d-0185-4c3f-85fe-f9b575687c5a.jpg'><img loading=\"lazy\" decoding=\"async\" width=\"150\" height=\"150\" src=\"https:\/\/www.radiopiu.net\/wordpress\/wp-content\/uploads\/2021\/07\/b6adc10d-0185-4c3f-85fe-f9b575687c5a-150x150.jpg\" class=\"attachment-thumbnail size-thumbnail\" alt=\"\" \/><\/a>\n\t\t\t\t<\/dt><\/dl><dl class='gallery-item'>\n\t\t\t\t<dt class='gallery-icon landscape'>\n\t\t\t\t\t<a class=\"rollover rollover-zoom dt-pswp-item\" title=\"f89756e4-7666-454d-bb59-84ad4d7f8372\" data-dt-img-description=\"\" data-large_image_width=\"2048\" data-large_image_height=\"1536\"href='https:\/\/www.radiopiu.net\/wordpress\/wp-content\/uploads\/2021\/07\/f89756e4-7666-454d-bb59-84ad4d7f8372.jpg'><img loading=\"lazy\" decoding=\"async\" width=\"150\" height=\"150\" src=\"https:\/\/www.radiopiu.net\/wordpress\/wp-content\/uploads\/2021\/07\/f89756e4-7666-454d-bb59-84ad4d7f8372-150x150.jpg\" class=\"attachment-thumbnail size-thumbnail\" alt=\"\" \/><\/a>\n\t\t\t\t<\/dt><\/dl><dl class='gallery-item'>\n\t\t\t\t<dt class='gallery-icon portrait'>\n\t\t\t\t\t<a class=\"rollover rollover-zoom dt-pswp-item\" title=\"71e51c3d-9ede-468c-a9db-b9559f134cf8\" data-dt-img-description=\"\" data-large_image_width=\"1536\" data-large_image_height=\"2048\"href='https:\/\/www.radiopiu.net\/wordpress\/wp-content\/uploads\/2021\/07\/71e51c3d-9ede-468c-a9db-b9559f134cf8.jpg'><img loading=\"lazy\" decoding=\"async\" width=\"150\" height=\"150\" src=\"https:\/\/www.radiopiu.net\/wordpress\/wp-content\/uploads\/2021\/07\/71e51c3d-9ede-468c-a9db-b9559f134cf8-150x150.jpg\" class=\"attachment-thumbnail size-thumbnail\" alt=\"\" \/><\/a>\n\t\t\t\t<\/dt><\/dl><dl class='gallery-item'>\n\t\t\t\t<dt class='gallery-icon portrait'>\n\t\t\t\t\t<a class=\"rollover rollover-zoom dt-pswp-item\" title=\"ecbe3b45-6d6f-4509-a42a-ebf585abfc75\" data-dt-img-description=\"\" data-large_image_width=\"1536\" data-large_image_height=\"2048\"href='https:\/\/www.radiopiu.net\/wordpress\/wp-content\/uploads\/2021\/07\/ecbe3b45-6d6f-4509-a42a-ebf585abfc75.jpg'><img loading=\"lazy\" decoding=\"async\" width=\"150\" height=\"150\" src=\"https:\/\/www.radiopiu.net\/wordpress\/wp-content\/uploads\/2021\/07\/ecbe3b45-6d6f-4509-a42a-ebf585abfc75-150x150.jpg\" class=\"attachment-thumbnail size-thumbnail\" alt=\"\" \/><\/a>\n\t\t\t\t<\/dt><\/dl><dl class='gallery-item'>\n\t\t\t\t<dt class='gallery-icon portrait'>\n\t\t\t\t\t<a class=\"rollover rollover-zoom dt-pswp-item\" title=\"4a910bf5-6965-4f49-8645-49cc0f992b22\" data-dt-img-description=\"\" data-large_image_width=\"1536\" data-large_image_height=\"2048\"href='https:\/\/www.radiopiu.net\/wordpress\/wp-content\/uploads\/2021\/07\/4a910bf5-6965-4f49-8645-49cc0f992b22.jpg'><img loading=\"lazy\" decoding=\"async\" width=\"150\" height=\"150\" src=\"https:\/\/www.radiopiu.net\/wordpress\/wp-content\/uploads\/2021\/07\/4a910bf5-6965-4f49-8645-49cc0f992b22-150x150.jpg\" class=\"attachment-thumbnail size-thumbnail\" alt=\"\" \/><\/a>\n\t\t\t\t<\/dt><\/dl><br style=\"clear: both\" \/>\n\t\t\t<\/div>\n\n<p>&nbsp;<\/p>\n<hr \/>\n<p>&nbsp;<\/p>\n<h2><strong><a href=\"https:\/\/www.radiopiu.net\/wordpress\/collage-di-loris-scussel-dal-lunedi-al-venerdi-alle-16-e-alle-23-su-radio-piu\/piscina_agordo\/\" rel=\"attachment wp-att-213759\"><img loading=\"lazy\" decoding=\"async\" class=\"size-medium wp-image-213759 alignleft\" src=\"https:\/\/www.radiopiu.net\/wordpress\/wp-content\/uploads\/2021\/06\/piscina_agordo-300x200.jpg\" alt=\"\" width=\"300\" height=\"200\" srcset=\"https:\/\/www.radiopiu.net\/wordpress\/wp-content\/uploads\/2021\/06\/piscina_agordo-300x200.jpg 300w, https:\/\/www.radiopiu.net\/wordpress\/wp-content\/uploads\/2021\/06\/piscina_agordo-1024x684.jpg 1024w, https:\/\/www.radiopiu.net\/wordpress\/wp-content\/uploads\/2021\/06\/piscina_agordo-768x513.jpg 768w, https:\/\/www.radiopiu.net\/wordpress\/wp-content\/uploads\/2021\/06\/piscina_agordo-1536x1026.jpg 1536w, https:\/\/www.radiopiu.net\/wordpress\/wp-content\/uploads\/2021\/06\/piscina_agordo-2048x1368.jpg 2048w\" sizes=\"auto, (max-width: 300px) 100vw, 300px\" \/><\/a><\/strong><span style=\"color: #33cccc;\">PISCINA COMPRENSORIALE DI AGORDO, LO SPECIALE ALLA RADIO<\/span><\/h2>\n<p><strong>di Claudio Fontanive<\/strong><\/p>\n<p>OSPITI: Roberto Broglio e Cristiana Carazzai<\/p>\n<audio class=\"wp-audio-shortcode\" id=\"audio-220302-18\" preload=\"none\" style=\"width: 100%;\" controls=\"controls\"><source type=\"audio\/mpeg\" src=\"https:\/\/www.radiopiu.net\/wordpress\/wp-content\/uploads\/2021\/07\/piscina-luglio-2021-1.mp3?_=18\" \/><a href=\"https:\/\/www.radiopiu.net\/wordpress\/wp-content\/uploads\/2021\/07\/piscina-luglio-2021-1.mp3\">https:\/\/www.radiopiu.net\/wordpress\/wp-content\/uploads\/2021\/07\/piscina-luglio-2021-1.mp3<\/a><\/audio>\n<p>&nbsp;<\/p>\n<hr \/>\n<p>&nbsp;<\/p>\n<blockquote>\n<h2>A DOMANDA&#8230; LA RISPOSTA DAL POLIAMBULATORIO AGORDINO<\/h2>\n<\/blockquote>\n<p><strong>PUNTATA 04 07 LUGLIO 2021 con il dottor Cesare Dal Bo<\/strong><\/p>\n<audio class=\"wp-audio-shortcode\" id=\"audio-220302-19\" preload=\"none\" style=\"width: 100%;\" controls=\"controls\"><source type=\"audio\/mpeg\" src=\"https:\/\/www.radiopiu.net\/wordpress\/wp-content\/uploads\/2021\/07\/DALBORISPOSTA.mp3?_=19\" \/><a href=\"https:\/\/www.radiopiu.net\/wordpress\/wp-content\/uploads\/2021\/07\/DALBORISPOSTA.mp3\">https:\/\/www.radiopiu.net\/wordpress\/wp-content\/uploads\/2021\/07\/DALBORISPOSTA.mp3<\/a><\/audio>\n<p>&nbsp;<\/p>\n<blockquote class=\"wp-embedded-content\" data-secret=\"YAT3mqdegi\"><p><a href=\"https:\/\/www.radiopiu.net\/wordpress\/i-professionisti-del-poliambulatorio-agordino-rispondono\/\">I PROFESSIONISTI DEL POLIAMBULATORIO AGORDINO RISPONDONO<\/a><\/p><\/blockquote>\n<p><iframe loading=\"lazy\" class=\"wp-embedded-content\" sandbox=\"allow-scripts\" security=\"restricted\" style=\"position: absolute; clip: rect(1px, 1px, 1px, 1px);\" title=\"&#8220;I PROFESSIONISTI DEL POLIAMBULATORIO AGORDINO RISPONDONO&#8221; &#8212; Radio Pi\u00f9\" src=\"https:\/\/www.radiopiu.net\/wordpress\/i-professionisti-del-poliambulatorio-agordino-rispondono\/embed\/#?secret=YAT3mqdegi\" data-secret=\"YAT3mqdegi\" width=\"600\" height=\"338\" frameborder=\"0\" marginwidth=\"0\" marginheight=\"0\" scrolling=\"no\"><\/iframe><\/p>\n<p>&nbsp;<\/p>\n<p>&nbsp;<\/p>\n<p>&nbsp;<\/p>\n<hr \/>\n<p>&nbsp;<\/p>\n<p>&nbsp;<\/p>\n<blockquote class=\"wp-embedded-content\" data-secret=\"312NpRkj7i\"><p><a href=\"https:\/\/www.radiopiu.net\/wordpress\/serafino-bortoli-decisivo-per-la-conquista-del-castelletto-sulle-tofane\/\">SERAFINO BORTOLI DECISIVO PER LA CONQUISTA DEL CASTELLETTO SULLE TOFANE<\/a><\/p><\/blockquote>\n<p><iframe loading=\"lazy\" class=\"wp-embedded-content\" sandbox=\"allow-scripts\" security=\"restricted\" style=\"position: absolute; clip: rect(1px, 1px, 1px, 1px);\" title=\"&#8220;SERAFINO BORTOLI DECISIVO PER LA CONQUISTA DEL CASTELLETTO SULLE TOFANE&#8221; &#8212; Radio Pi\u00f9\" src=\"https:\/\/www.radiopiu.net\/wordpress\/serafino-bortoli-decisivo-per-la-conquista-del-castelletto-sulle-tofane\/embed\/#?secret=312NpRkj7i\" data-secret=\"312NpRkj7i\" width=\"600\" height=\"338\" frameborder=\"0\" marginwidth=\"0\" marginheight=\"0\" scrolling=\"no\"><\/iframe><\/p>\n<p>&nbsp;<\/p>\n<p>&nbsp;<\/p>\n<p>&nbsp;<\/p>\n<p>&nbsp;<\/p>\n<hr \/>\n<p>&nbsp;<\/p>\n<blockquote>\n<blockquote>\n<h2><a href=\"https:\/\/www.radiopiu.net\/wordpress\/speciale-solidarieta-veneto\/solidarieta-veneto-3\/\" rel=\"attachment wp-att-134366\"><img loading=\"lazy\" decoding=\"async\" class=\"wp-image-134366 alignleft\" src=\"https:\/\/www.radiopiu.net\/wordpress\/wp-content\/uploads\/2020\/05\/solidariet\u00e0-veneto-300x210.jpg\" alt=\"\" width=\"102\" height=\"71\" srcset=\"https:\/\/www.radiopiu.net\/wordpress\/wp-content\/uploads\/2020\/05\/solidariet\u00e0-veneto-300x210.jpg 300w, https:\/\/www.radiopiu.net\/wordpress\/wp-content\/uploads\/2020\/05\/solidariet\u00e0-veneto-1024x717.jpg 1024w, https:\/\/www.radiopiu.net\/wordpress\/wp-content\/uploads\/2020\/05\/solidariet\u00e0-veneto-768x538.jpg 768w, https:\/\/www.radiopiu.net\/wordpress\/wp-content\/uploads\/2020\/05\/solidariet\u00e0-veneto.jpg 1373w\" sizes=\"auto, (max-width: 102px) 100vw, 102px\" \/><\/a>SOLIDARIETA&#8217; VENETO FONDO PENSIONE, IN ONDA IL PRIMO VENERDI DEL MESE ALLE 10.30 E ALLE 19.00 QUINTA STAGIONE<\/h2>\n<\/blockquote>\n<h2><strong><span style=\"color: #ff0000;\">AUDIO LUGLIO 2021<\/span><\/strong><\/h2>\n<\/blockquote>\n<audio class=\"wp-audio-shortcode\" id=\"audio-220302-20\" preload=\"none\" style=\"width: 100%;\" controls=\"controls\"><source type=\"audio\/mpeg\" src=\"https:\/\/www.radiopiu.net\/wordpress\/wp-content\/uploads\/2021\/07\/solidarieta-veneto-luglio-2021.mp3?_=20\" \/><a href=\"https:\/\/www.radiopiu.net\/wordpress\/wp-content\/uploads\/2021\/07\/solidarieta-veneto-luglio-2021.mp3\">https:\/\/www.radiopiu.net\/wordpress\/wp-content\/uploads\/2021\/07\/solidarieta-veneto-luglio-2021.mp3<\/a><\/audio>\n<h2>LA RACCOLTA COMPLETA<\/h2>\n<blockquote class=\"wp-embedded-content\" data-secret=\"sJ7n4zku5F\"><p><a href=\"https:\/\/www.radiopiu.net\/wordpress\/solidarieta-veneto\/\">Solidariet\u00e0 Veneto<\/a><\/p><\/blockquote>\n<p><iframe loading=\"lazy\" class=\"wp-embedded-content\" sandbox=\"allow-scripts\" security=\"restricted\" style=\"position: absolute; clip: rect(1px, 1px, 1px, 1px);\" title=\"&#8220;Solidariet\u00e0 Veneto&#8221; &#8212; Radio Pi\u00f9\" src=\"https:\/\/www.radiopiu.net\/wordpress\/solidarieta-veneto\/embed\/#?secret=sJ7n4zku5F\" data-secret=\"sJ7n4zku5F\" width=\"600\" height=\"338\" frameborder=\"0\" marginwidth=\"0\" marginheight=\"0\" scrolling=\"no\"><\/iframe><\/p>\n<blockquote>\n<h2><\/h2>\n<\/blockquote>\n<h2><\/h2>\n<hr \/>\n<p>&nbsp;<\/p>\n<div>\n<div class=\"b654a4as d2edcug0\">\n<div class=\"rq0escxv hkbzh7o3 jwdofwj8 n8tt0mok r8blr3vg hyh9befq\">\n<p><a class=\"dt-pswp-item\" href=\"https:\/\/www.radiopiu.net\/wordpress\/wp-content\/uploads\/2020\/10\/pp.jpg\" data-dt-img-description=\"\" data-large_image_width=\"640\" data-large_image_height=\"640\"><img loading=\"lazy\" decoding=\"async\" class=\"wp-image-163678 alignleft\" src=\"https:\/\/www.radiopiu.net\/wordpress\/wp-content\/uploads\/2020\/10\/pp-300x300.jpg\" alt=\"\" width=\"106\" height=\"106\" srcset=\"https:\/\/www.radiopiu.net\/wordpress\/wp-content\/uploads\/2020\/10\/pp-300x300.jpg 300w, https:\/\/www.radiopiu.net\/wordpress\/wp-content\/uploads\/2020\/10\/pp-150x150.jpg 150w, https:\/\/www.radiopiu.net\/wordpress\/wp-content\/uploads\/2020\/10\/pp-125x125.jpg 125w, https:\/\/www.radiopiu.net\/wordpress\/wp-content\/uploads\/2020\/10\/pp-200x200.jpg 200w, https:\/\/www.radiopiu.net\/wordpress\/wp-content\/uploads\/2020\/10\/pp-80x80.jpg 80w, https:\/\/www.radiopiu.net\/wordpress\/wp-content\/uploads\/2020\/10\/pp-480x480.jpg 480w, https:\/\/www.radiopiu.net\/wordpress\/wp-content\/uploads\/2020\/10\/pp.jpg 640w\" sizes=\"auto, (max-width: 106px) 100vw, 106px\" \/><\/a><\/p>\n<\/div>\n<\/div>\n<\/div>\n<div>\n<div class=\"page-title-head hgroup\">\n<div class=\"page-title-head hgroup\">\n<div class=\"b654a4as d2edcug0\">\n<div class=\"j83agx80 btwxx1t3 lhclo0ds hop8lmos nkwizq5d scwd0bx6 roh60bw9\">\n<div class=\"rq0escxv hkbzh7o3 jwdofwj8 n8tt0mok r8blr3vg hyh9befq\">\n<div class=\"do00u71z l9j0dhe7 k4urcfbm\">\n<h2><span style=\"color: #000080;\">DON CESARE, IL PENSIERO DEL GIORNO. ALLA RADIO ALLE 7 DEL MATTINO E ALLE 19.30 DELLA SERA.\u00a0\u00a0<\/span><\/h2>\n<\/div>\n<\/div>\n<\/div>\n<div class=\"rq0escxv hkbzh7o3 jwdofwj8 n8tt0mok r8blr3vg hyh9befq\"><\/div>\n<div><\/div>\n<div><\/div>\n<\/div>\n<\/div>\n<div class=\"page-title-head hgroup\">\n<div class=\"b654a4as d2edcug0\">\n<audio class=\"wp-audio-shortcode\" id=\"audio-220302-21\" preload=\"none\" style=\"width: 100%;\" controls=\"controls\"><source type=\"audio\/mpeg\" src=\"https:\/\/www.radiopiu.net\/wordpress\/wp-content\/uploads\/2021\/07\/cesare-3.mp3?_=21\" \/><a href=\"https:\/\/www.radiopiu.net\/wordpress\/wp-content\/uploads\/2021\/07\/cesare-3.mp3\">https:\/\/www.radiopiu.net\/wordpress\/wp-content\/uploads\/2021\/07\/cesare-3.mp3<\/a><\/audio>\n<p>&nbsp;<\/p>\n<hr \/>\n<p>&nbsp;<\/p>\n<h2><strong><span style=\"color: #ff0000;\">QUINDICINALE APPUNTAMENTO ALLA RADIO<\/span><\/strong><\/h2>\n<blockquote>\n<h3><a style=\"font-size: 14px; font-weight: normal;\" href=\"https:\/\/www.radiopiu.net\/wordpress\/giornale-radiopiu-06-febbraio-2019-direttore-mirko-mezzacasa\/logo_spi-cgil-800x445\/\" rel=\"attachment wp-att-75538\"><img loading=\"lazy\" decoding=\"async\" class=\"wp-image-75538 alignleft\" src=\"https:\/\/www.radiopiu.net\/wordpress\/wp-content\/uploads\/2019\/02\/Logo_Spi-CGIL-800x445-300x167.jpg\" alt=\"\" width=\"210\" height=\"117\" srcset=\"https:\/\/www.radiopiu.net\/wordpress\/wp-content\/uploads\/2019\/02\/Logo_Spi-CGIL-800x445-300x167.jpg 300w, https:\/\/www.radiopiu.net\/wordpress\/wp-content\/uploads\/2019\/02\/Logo_Spi-CGIL-800x445-768x427.jpg 768w, https:\/\/www.radiopiu.net\/wordpress\/wp-content\/uploads\/2019\/02\/Logo_Spi-CGIL-800x445.jpg 800w\" sizes=\"auto, (max-width: 210px) 100vw, 210px\" \/><\/a><\/h3>\n<\/blockquote>\n<blockquote>\n<h3>ALLA RADIO, APPUNTAMENTO QUINDICINALE CON SPI-CGIL BELLUNO, IN STUDIO MARIA RITA GENTILIN<\/h3>\n<\/blockquote>\n<p><strong>di Claudio Fontanive\u00a0<\/strong><\/p>\n<p><span style=\"color: #ff0000;\"><strong>PUNTATA DEL\u00a0 24 giugno 2021<\/strong><\/span><\/p>\n<audio class=\"wp-audio-shortcode\" id=\"audio-220302-22\" preload=\"none\" style=\"width: 100%;\" controls=\"controls\"><source type=\"audio\/mpeg\" src=\"https:\/\/www.radiopiu.net\/wordpress\/wp-content\/uploads\/2021\/06\/spig-gentilin-24-giugno.mp3?_=22\" \/><a href=\"https:\/\/www.radiopiu.net\/wordpress\/wp-content\/uploads\/2021\/06\/spig-gentilin-24-giugno.mp3\">https:\/\/www.radiopiu.net\/wordpress\/wp-content\/uploads\/2021\/06\/spig-gentilin-24-giugno.mp3<\/a><\/audio>\n<p>&nbsp;<\/p>\n<p>&nbsp;<\/p>\n<p>&nbsp;<\/p>\n<hr \/>\n<h2><span style=\"color: #ff6600;\">\u00a0<\/span><\/h2>\n<h2><span style=\"color: #ff6600;\">GIROVAGANDO ALLA RADIO, PUNTATA 07<\/span><\/h2>\n<h3><a href=\"https:\/\/www.radiopiu.net\/wordpress\/girovagando-alla-radio-puntata-07\/7e5e6826-d6af-41e7-bc59-7e2850487c52\/\" rel=\"attachment wp-att-219806\"><img loading=\"lazy\" decoding=\"async\" class=\"size-medium wp-image-219806 alignleft\" src=\"https:\/\/www.radiopiu.net\/wordpress\/wp-content\/uploads\/2021\/07\/7e5e6826-d6af-41e7-bc59-7e2850487c52-300x150.jpg\" alt=\"\" width=\"300\" height=\"150\" srcset=\"https:\/\/www.radiopiu.net\/wordpress\/wp-content\/uploads\/2021\/07\/7e5e6826-d6af-41e7-bc59-7e2850487c52-300x150.jpg 300w, https:\/\/www.radiopiu.net\/wordpress\/wp-content\/uploads\/2021\/07\/7e5e6826-d6af-41e7-bc59-7e2850487c52-1024x512.jpg 1024w, https:\/\/www.radiopiu.net\/wordpress\/wp-content\/uploads\/2021\/07\/7e5e6826-d6af-41e7-bc59-7e2850487c52-768x384.jpg 768w, https:\/\/www.radiopiu.net\/wordpress\/wp-content\/uploads\/2021\/07\/7e5e6826-d6af-41e7-bc59-7e2850487c52-1536x768.jpg 1536w, https:\/\/www.radiopiu.net\/wordpress\/wp-content\/uploads\/2021\/07\/7e5e6826-d6af-41e7-bc59-7e2850487c52.jpg 1600w\" sizes=\"auto, (max-width: 300px) 100vw, 300px\" \/><\/a>Collaborazione Thomas Soppera<\/h3>\n<p>&nbsp;<\/p>\n<p>&nbsp;<\/p>\n<p>&nbsp;<\/p>\n<p>&nbsp;<\/p>\n<p><strong>AUDIO PUNTATA 05 Luglio 2021<\/strong><\/p>\n<audio class=\"wp-audio-shortcode\" id=\"audio-220302-23\" preload=\"none\" style=\"width: 100%;\" controls=\"controls\"><source type=\"audio\/mpeg\" src=\"https:\/\/www.radiopiu.net\/wordpress\/wp-content\/uploads\/2021\/07\/GIROVAGANDO-07.mp3?_=23\" \/><a href=\"https:\/\/www.radiopiu.net\/wordpress\/wp-content\/uploads\/2021\/07\/GIROVAGANDO-07.mp3\">https:\/\/www.radiopiu.net\/wordpress\/wp-content\/uploads\/2021\/07\/GIROVAGANDO-07.mp3<\/a><\/audio>\n<h2><span style=\"color: #ff0000;\">LA RACCOLTA COMPLETA\u00a0<\/span><\/h2>\n<blockquote class=\"wp-embedded-content\" data-secret=\"hvOCwLGD9e\"><p><a href=\"https:\/\/www.radiopiu.net\/wordpress\/girovagando-in-e-bike-tra-le-dolomiti\/\">GIROVAGANDO IN E BIKE TRA LE DOLOMITI<\/a><\/p><\/blockquote>\n<p><iframe loading=\"lazy\" class=\"wp-embedded-content\" sandbox=\"allow-scripts\" security=\"restricted\" style=\"position: absolute; clip: rect(1px, 1px, 1px, 1px);\" title=\"&#8220;GIROVAGANDO IN E BIKE TRA LE DOLOMITI&#8221; &#8212; Radio Pi\u00f9\" src=\"https:\/\/www.radiopiu.net\/wordpress\/girovagando-in-e-bike-tra-le-dolomiti\/embed\/#?secret=hvOCwLGD9e\" data-secret=\"hvOCwLGD9e\" width=\"600\" height=\"338\" frameborder=\"0\" marginwidth=\"0\" marginheight=\"0\" scrolling=\"no\"><\/iframe><\/p>\n<p>&nbsp;<\/p>\n<hr \/>\n<p>&nbsp;<\/p>\n<blockquote><p><span style=\"color: #ff0000;\">\u00a0ALLA RADIO LA SETTIMA PUNTATA\u00a0<\/span><\/p><\/blockquote>\n<audio class=\"wp-audio-shortcode\" id=\"audio-220302-24\" preload=\"none\" style=\"width: 100%;\" controls=\"controls\"><source type=\"audio\/mpeg\" src=\"https:\/\/www.radiopiu.net\/wordpress\/wp-content\/uploads\/2021\/07\/FATTO07_BLUESLAND_podcast_Blues_in_Sedici.mp3?_=24\" \/><a href=\"https:\/\/www.radiopiu.net\/wordpress\/wp-content\/uploads\/2021\/07\/FATTO07_BLUESLAND_podcast_Blues_in_Sedici.mp3\">https:\/\/www.radiopiu.net\/wordpress\/wp-content\/uploads\/2021\/07\/FATTO07_BLUESLAND_podcast_Blues_in_Sedici.mp3<\/a><\/audio>\n<blockquote class=\"wp-embedded-content\" data-secret=\"FWK4LoRrvx\"><p><a href=\"https:\/\/www.radiopiu.net\/wordpress\/da-ieri-alla-radio-in-palinsesto-loris-e-maurizio-con-la-grande-musica\/\">IL BLUES ALLA RADIO &#8230; COME NON L&#8217;AVETE MAI SENTITO PRIMA<\/a><\/p><\/blockquote>\n<p><iframe loading=\"lazy\" class=\"wp-embedded-content\" sandbox=\"allow-scripts\" security=\"restricted\" style=\"position: absolute; clip: rect(1px, 1px, 1px, 1px);\" title=\"&#8220;IL BLUES ALLA RADIO &#8230; COME NON L&#8217;AVETE MAI SENTITO PRIMA&#8221; &#8212; Radio Pi\u00f9\" src=\"https:\/\/www.radiopiu.net\/wordpress\/da-ieri-alla-radio-in-palinsesto-loris-e-maurizio-con-la-grande-musica\/embed\/#?secret=FWK4LoRrvx\" data-secret=\"FWK4LoRrvx\" width=\"600\" height=\"338\" frameborder=\"0\" marginwidth=\"0\" marginheight=\"0\" scrolling=\"no\"><\/iframe><\/p>\n<p>\u200b<\/p>\n<p>&nbsp;<\/p>\n<hr \/>\n<div>\n<div class=\"page-title-head hgroup\">\n<div class=\"page-title-head hgroup\">\n<div class=\"b654a4as d2edcug0\">\n<div>\n<p>&nbsp;<\/p>\n<\/div>\n<div><\/div>\n<h2>COLLAGE&#8230; DI LORIS SCUSSEL dal lunedi al venerdi alle 16 e alle 23 su RADIO PIU<\/h2>\n<div>\n<div>\n<div>\n<div>\n<div>\n<p><strong>PUNTATA 383 DEL 7 luglio\u00a0 2021<\/strong><\/p>\n<\/div>\n<\/div>\n<\/div>\n<div>\n<div>\n<div>\n<audio class=\"wp-audio-shortcode\" id=\"audio-220302-25\" preload=\"none\" style=\"width: 100%;\" controls=\"controls\"><source type=\"audio\/mpeg\" src=\"https:\/\/www.radiopiu.net\/wordpress\/wp-content\/uploads\/2021\/07\/Collage-383.mp3?_=25\" \/><a href=\"https:\/\/www.radiopiu.net\/wordpress\/wp-content\/uploads\/2021\/07\/Collage-383.mp3\">https:\/\/www.radiopiu.net\/wordpress\/wp-content\/uploads\/2021\/07\/Collage-383.mp3<\/a><\/audio>\n<p>&nbsp;<\/p>\n<\/div>\n<div>\n<div>\n<div>\n<div>\n<div>\n<div>\n<div>\n<div>\n<p><img loading=\"lazy\" decoding=\"async\" class=\"alignleft\" src=\"https:\/\/www.radiopiu.net\/wordpress\/wp-content\/uploads\/2021\/05\/Schermata-2021-05-23-alle-11.50.11.png\" width=\"186\" height=\"131\" \/>Il programma \u00e8 andato in onda da dicembre 2013 fino a luglio 2019, comprese le repliche, in due serie per 350 puntate complessive con 1.890 brani trasmessi. L\u2019obiettivo del programma: riproporre agli ascoltatori pi\u00f9 grandicelli le canzoni che ascoltavano nel passato e nello stesso tempo farle conoscere anche ai pi\u00f9 giovani.<\/p>\n<\/div>\n<\/div>\n<\/div>\n<\/div>\n<\/div>\n<\/div>\n<\/div>\n<\/div>\n<\/div>\n<div>\n<div>\n<div>\n<p>&nbsp;<\/p>\n<\/div>\n<\/div>\n<\/div>\n<p>&nbsp;<\/p>\n<\/div>\n<\/div>\n<div>\n<div>\n<div>\n<p>&nbsp;<\/p>\n<p>&nbsp;<\/p>\n<\/div>\n<\/div>\n<\/div>\n<\/div>\n<hr \/>\n<p>&nbsp;<\/p>\n<blockquote>\n<h2>FANTASTICHE DOLOMITI, NUOVA STAGIONE. APPUNTAMENTO QUINDICINALE IL GIOVEDI ALLE 10.30 E 19.00<\/h2>\n<\/blockquote>\n<blockquote class=\"wp-embedded-content\" data-secret=\"tDTN1NoqN6\"><p><a href=\"https:\/\/www.radiopiu.net\/wordpress\/raccolta-completa11\/\">FANTASTICHE DOLOMITI LA RACCOLTA COMPLETA<\/a><\/p><\/blockquote>\n<p><iframe loading=\"lazy\" class=\"wp-embedded-content\" sandbox=\"allow-scripts\" security=\"restricted\" style=\"position: absolute; clip: rect(1px, 1px, 1px, 1px);\" title=\"&#8220;FANTASTICHE DOLOMITI LA RACCOLTA COMPLETA&#8221; &#8212; Radio Pi\u00f9\" src=\"https:\/\/www.radiopiu.net\/wordpress\/raccolta-completa11\/embed\/#?secret=tDTN1NoqN6\" data-secret=\"tDTN1NoqN6\" width=\"600\" height=\"338\" frameborder=\"0\" marginwidth=\"0\" marginheight=\"0\" scrolling=\"no\"><\/iframe><\/p>\n<p>&nbsp;<\/p>\n<p>&nbsp;<\/p>\n<hr \/>\n<div>\n<div class=\"b654a4as d2edcug0\">\n<div class=\"rq0escxv hkbzh7o3 jwdofwj8 n8tt0mok r8blr3vg hyh9befq\">\n<div class=\"b654a4as d2edcug0\">\n<h2><span style=\"color: #008000;\">\u00a0<\/span><\/h2>\n<h2><span style=\"color: #008000;\">ERBE E PIANTE CURATIVE&#8230;IL\u00a0 PROGRAMMA DI PAOLA LANCIATO\u00a0\u00a0<\/span><\/h2>\n<p><strong><a href=\"https:\/\/www.radiopiu.net\/wordpress\/?attachment_id=219932\" rel=\"attachment wp-att-219932\"><img loading=\"lazy\" decoding=\"async\" class=\"wp-image-219932 alignleft\" src=\"https:\/\/www.radiopiu.net\/wordpress\/wp-content\/uploads\/2021\/07\/salvia-300x288.jpg\" alt=\"\" width=\"75\" height=\"72\" srcset=\"https:\/\/www.radiopiu.net\/wordpress\/wp-content\/uploads\/2021\/07\/salvia-300x288.jpg 300w, https:\/\/www.radiopiu.net\/wordpress\/wp-content\/uploads\/2021\/07\/salvia-768x736.jpg 768w, https:\/\/www.radiopiu.net\/wordpress\/wp-content\/uploads\/2021\/07\/salvia.jpg 773w\" sizes=\"auto, (max-width: 75px) 100vw, 75px\" \/><\/a>LA SALVIA\u00a0<\/strong><\/p>\n<audio class=\"wp-audio-shortcode\" id=\"audio-220302-26\" preload=\"none\" style=\"width: 100%;\" controls=\"controls\"><source type=\"audio\/mpeg\" src=\"https:\/\/www.radiopiu.net\/wordpress\/wp-content\/uploads\/2021\/07\/21-La-salvia-M.mp3?_=26\" \/><a href=\"https:\/\/www.radiopiu.net\/wordpress\/wp-content\/uploads\/2021\/07\/21-La-salvia-M.mp3\">https:\/\/www.radiopiu.net\/wordpress\/wp-content\/uploads\/2021\/07\/21-La-salvia-M.mp3<\/a><\/audio>\n<\/div>\n<blockquote class=\"wp-embedded-content\" data-secret=\"cP9Inq2afi\"><p><a href=\"https:\/\/www.radiopiu.net\/wordpress\/erbe-e-piante-curative-il-mandorlo\/\">L\u2019ERBA VOGLIO DEL GIARDINO DEL RE\u2026 ERBE, FIORI E PIANTE DI E CON PAOLA LANCIATO<\/a><\/p><\/blockquote>\n<p><iframe loading=\"lazy\" class=\"wp-embedded-content\" sandbox=\"allow-scripts\" security=\"restricted\" style=\"position: absolute; clip: rect(1px, 1px, 1px, 1px);\" title=\"&#8220;L\u2019ERBA VOGLIO DEL GIARDINO DEL RE\u2026 ERBE, FIORI E PIANTE DI E CON PAOLA LANCIATO&#8221; &#8212; Radio Pi\u00f9\" src=\"https:\/\/www.radiopiu.net\/wordpress\/erbe-e-piante-curative-il-mandorlo\/embed\/#?secret=cP9Inq2afi\" data-secret=\"cP9Inq2afi\" width=\"600\" height=\"338\" frameborder=\"0\" marginwidth=\"0\" marginheight=\"0\" scrolling=\"no\"><\/iframe><\/p>\n<p>&nbsp;<\/p>\n<\/div>\n<\/div>\n<\/div>\n<p>&nbsp;<\/p>\n<hr \/>\n<p>&nbsp;<\/p>\n<div>\n<h2><span style=\"color: #ff0000;\"><strong>IN VIVO VERSO 2020-21 ESTATE, RIASCOLTIAMOLI&#8230; DAL CASSETTO DEI RICORDI DI RADIO PIU&#8217;&#8230; LE PRIME\u00a0 SEI STAGIONI\u00a0 \u00a0<\/strong><\/span><\/h2>\n<div class=\"page-title-head hgroup\">\n<div class=\"page-title-head hgroup\">\n<div class=\"page-title-head hgroup\">\n<div class=\"page-title-head hgroup\">\n<div class=\"page-title-head hgroup\">\n<div class=\"page-title-head hgroup\">\n<blockquote>\n<h3>riascoltiamole FOGLIE SECCHE di SANDRA SALVATERRA<\/h3>\n<p><strong>AUDIO<\/strong><\/p>\n<audio class=\"wp-audio-shortcode\" id=\"audio-220302-27\" preload=\"none\" style=\"width: 100%;\" controls=\"controls\"><source type=\"audio\/mpeg\" src=\"https:\/\/www.radiopiu.net\/wordpress\/wp-content\/uploads\/2021\/07\/VIVO-VERSO-MER.mp3?_=27\" \/><a href=\"https:\/\/www.radiopiu.net\/wordpress\/wp-content\/uploads\/2021\/07\/VIVO-VERSO-MER.mp3\">https:\/\/www.radiopiu.net\/wordpress\/wp-content\/uploads\/2021\/07\/VIVO-VERSO-MER.mp3<\/a><\/audio>\n<p><strong>LA RACCOLTA COMPLETA<\/strong><\/p><\/blockquote>\n<\/div>\n<\/div>\n<\/div>\n<\/div>\n<\/div>\n<\/div>\n<blockquote class=\"wp-embedded-content\" data-secret=\"MOfGH6hwX5\"><p><a href=\"https:\/\/www.radiopiu.net\/wordpress\/in-vivo-verso\/\">In Vivo Verso<\/a><\/p><\/blockquote>\n<p><iframe loading=\"lazy\" class=\"wp-embedded-content\" sandbox=\"allow-scripts\" security=\"restricted\" style=\"position: absolute; clip: rect(1px, 1px, 1px, 1px);\" title=\"&#8220;In Vivo Verso&#8221; &#8212; Radio Pi\u00f9\" src=\"https:\/\/www.radiopiu.net\/wordpress\/in-vivo-verso\/embed\/#?secret=MOfGH6hwX5\" data-secret=\"MOfGH6hwX5\" width=\"600\" height=\"338\" frameborder=\"0\" marginwidth=\"0\" marginheight=\"0\" scrolling=\"no\"><\/iframe><\/p>\n<p>&nbsp;<\/p>\n<hr \/>\n<\/div>\n<blockquote>\n<blockquote>\n<h2><\/h2>\n<\/blockquote>\n<\/blockquote>\n<div>\n<div class=\"b654a4as d2edcug0\">\n<div class=\"rq0escxv hkbzh7o3 jwdofwj8 n8tt0mok r8blr3vg hyh9befq\">\n<blockquote>\n<h2><span style=\"color: #ff0000;\"><em>ZAINO ALLA RADIO&#8230;ESTATE DI PAOLA LANCIATO TUTTI I GIORNI dal lunedi al venerdi ALLE 14 E 23.30\u00a0 \u00a0<\/em><\/span><\/h2>\n<\/blockquote>\n<div class=\"b654a4as d2edcug0\">\n<blockquote>\n<h2>LA SPONDA LOMBARDA DEL LAGO MAGGIORE, NELLO ZAINO DA VIAGGIO DI PAOLA LANCIATO<\/h2>\n<\/blockquote>\n<p>AUDIO<\/p>\n<audio class=\"wp-audio-shortcode\" id=\"audio-220302-28\" preload=\"none\" style=\"width: 100%;\" controls=\"controls\"><source type=\"audio\/mpeg\" src=\"https:\/\/www.radiopiu.net\/wordpress\/wp-content\/uploads\/2021\/07\/43-La-sponda-lombarda-del-Lago-Maggiore-M.mp3?_=28\" \/><a href=\"https:\/\/www.radiopiu.net\/wordpress\/wp-content\/uploads\/2021\/07\/43-La-sponda-lombarda-del-Lago-Maggiore-M.mp3\">https:\/\/www.radiopiu.net\/wordpress\/wp-content\/uploads\/2021\/07\/43-La-sponda-lombarda-del-Lago-Maggiore-M.mp3<\/a><\/audio>\n<p><img loading=\"lazy\" decoding=\"async\" class=\"\" src=\"https:\/\/www.radiopiu.net\/wordpress\/wp-content\/uploads\/2021\/07\/43.jpg\" width=\"305\" height=\"203\" \/><\/p>\n<p><strong>LA RACCOLTA COMPLETA<\/strong><\/p>\n<\/div>\n<blockquote class=\"wp-embedded-content\" data-secret=\"heYN5rPUpG\"><p><a href=\"https:\/\/www.radiopiu.net\/wordpress\/zaino-femminile-lanciato\/\">Zaino da viaggio al femminile<\/a><\/p><\/blockquote>\n<p><iframe loading=\"lazy\" class=\"wp-embedded-content\" sandbox=\"allow-scripts\" security=\"restricted\" style=\"position: absolute; clip: rect(1px, 1px, 1px, 1px);\" title=\"&#8220;Zaino da viaggio al femminile&#8221; &#8212; Radio Pi\u00f9\" src=\"https:\/\/www.radiopiu.net\/wordpress\/zaino-femminile-lanciato\/embed\/#?secret=heYN5rPUpG\" data-secret=\"heYN5rPUpG\" width=\"600\" height=\"338\" frameborder=\"0\" marginwidth=\"0\" marginheight=\"0\" scrolling=\"no\"><\/iframe><\/p>\n<p>&nbsp;<\/p>\n<\/div>\n<\/div>\n<\/div>\n<hr \/>\n<p>&nbsp;<\/p>\n<div>\n<h2><span style=\"color: #800080;\"><strong>LA RASSEGNA STAMPA DA L&#8217;AMICO DEL POPOLO\u00a0<\/strong><\/span><\/h2>\n<h3 class=\"kvgmc6g5 cxmmr5t8 oygrvhab hcukyx3x c1et5uql\"><span style=\"color: #0000ff;\"> INFORMAZIONE il canale su TELEGRAM informazione di prima mano e in tempo reale. iscriviti ed aiutaci a farlo conoscere\u00a0\u00a0<\/span><\/h3>\n<p><a class=\"dt-pswp-item\" href=\"https:\/\/www.radiopiu.net\/wordpress\/wp-content\/uploads\/2020\/02\/Manuel_Conedera.jpg\" data-dt-img-description=\"\" data-large_image_width=\"512\" data-large_image_height=\"512\"><img loading=\"lazy\" decoding=\"async\" class=\"wp-image-119145 alignleft\" src=\"https:\/\/www.radiopiu.net\/wordpress\/wp-content\/uploads\/2020\/02\/Manuel_Conedera-300x300.jpg\" alt=\"\" width=\"106\" height=\"106\" srcset=\"https:\/\/www.radiopiu.net\/wordpress\/wp-content\/uploads\/2020\/02\/Manuel_Conedera-300x300.jpg 300w, https:\/\/www.radiopiu.net\/wordpress\/wp-content\/uploads\/2020\/02\/Manuel_Conedera-150x150.jpg 150w, https:\/\/www.radiopiu.net\/wordpress\/wp-content\/uploads\/2020\/02\/Manuel_Conedera.jpg 512w\" sizes=\"auto, (max-width: 106px) 100vw, 106px\" \/><\/a><\/p>\n<p>&nbsp;<\/p>\n<p><strong>AUDIO\u00a0<\/strong><\/p>\n<p><strong>DI GIANNI SANTOMASO<\/strong><\/p>\n<audio class=\"wp-audio-shortcode\" id=\"audio-220302-29\" preload=\"none\" style=\"width: 100%;\" controls=\"controls\"><source type=\"audio\/mpeg\" src=\"https:\/\/www.radiopiu.net\/wordpress\/wp-content\/uploads\/2021\/07\/RASSEGNA-GIANNI.mp3?_=29\" \/><a href=\"https:\/\/www.radiopiu.net\/wordpress\/wp-content\/uploads\/2021\/07\/RASSEGNA-GIANNI.mp3\">https:\/\/www.radiopiu.net\/wordpress\/wp-content\/uploads\/2021\/07\/RASSEGNA-GIANNI.mp3<\/a><\/audio>\n<p>&nbsp;<\/p>\n<hr \/>\n<p>&nbsp;<\/p>\n<h2><span style=\"color: #3366ff;\">SALUTE E SOCIETA&#8217;<\/span><\/h2>\n<p><strong>LA PUNTATA DELLA SETTIMANA del 05 LUGLIO<\/strong><\/p>\n<\/div>\n<div dir=\"auto\">\n<p><img loading=\"lazy\" decoding=\"async\" class=\"size-medium wp-image-219969 alignleft\" src=\"https:\/\/www.radiopiu.net\/wordpress\/wp-content\/uploads\/2021\/07\/6c77b7ed-94b7-9355-3e85-090f2ae17079-300x169.png\" alt=\"\" width=\"300\" height=\"169\" srcset=\"https:\/\/www.radiopiu.net\/wordpress\/wp-content\/uploads\/2021\/07\/6c77b7ed-94b7-9355-3e85-090f2ae17079-300x169.png 300w, https:\/\/www.radiopiu.net\/wordpress\/wp-content\/uploads\/2021\/07\/6c77b7ed-94b7-9355-3e85-090f2ae17079-1024x576.png 1024w, https:\/\/www.radiopiu.net\/wordpress\/wp-content\/uploads\/2021\/07\/6c77b7ed-94b7-9355-3e85-090f2ae17079-768x432.png 768w, https:\/\/www.radiopiu.net\/wordpress\/wp-content\/uploads\/2021\/07\/6c77b7ed-94b7-9355-3e85-090f2ae17079.png 1280w\" sizes=\"auto, (max-width: 300px) 100vw, 300px\" \/><span style=\"color: #111111;\">La dieta chetogenica si basa sulla riduzione dei carboidrati alimentari, questa carenza obbliga l\u2019organismo a produrre autonomamente il glucosio necessario alla sopravvivenza e ad aumentare il consumo dei grassi contenuti nel tessuto adiposo. <\/span>Abbiamo approfondito l\u2019argomento con Giovanni Spera, Professore di Medicina Interna ed Endocrinologia -Sapienza Universit\u00e0 di Roma, Presidente eletto della Societ\u00e0 Italiana per lo Studio dei Distrbi del Comportamenti Alimentare e dell\u2019Obesit\u00e0<\/p>\n<audio class=\"wp-audio-shortcode\" id=\"audio-220302-30\" preload=\"none\" style=\"width: 100%;\" controls=\"controls\"><source type=\"audio\/mpeg\" src=\"https:\/\/www.radiopiu.net\/wordpress\/wp-content\/uploads\/2021\/07\/SALUTE.mp3?_=30\" \/><a href=\"https:\/\/www.radiopiu.net\/wordpress\/wp-content\/uploads\/2021\/07\/SALUTE.mp3\">https:\/\/www.radiopiu.net\/wordpress\/wp-content\/uploads\/2021\/07\/SALUTE.mp3<\/a><\/audio>\n<p><strong>LA RACCOLTA COMPLETA<\/strong><\/p>\n<blockquote class=\"wp-embedded-content\" data-secret=\"0SD5UWpkeU\"><p><a href=\"https:\/\/www.radiopiu.net\/wordpress\/saluteesocieta\/\">Salute e Societ\u00e0<\/a><\/p><\/blockquote>\n<p><iframe loading=\"lazy\" class=\"wp-embedded-content\" sandbox=\"allow-scripts\" security=\"restricted\" style=\"position: absolute; clip: rect(1px, 1px, 1px, 1px);\" title=\"&#8220;Salute e Societ\u00e0&#8221; &#8212; Radio Pi\u00f9\" src=\"https:\/\/www.radiopiu.net\/wordpress\/saluteesocieta\/embed\/#?secret=0SD5UWpkeU\" data-secret=\"0SD5UWpkeU\" width=\"600\" height=\"338\" frameborder=\"0\" marginwidth=\"0\" marginheight=\"0\" scrolling=\"no\"><\/iframe><\/p>\n<\/div>\n<div dir=\"auto\">\n<h1><\/h1>\n<\/div>\n<div>\n<div class=\"page-title-head hgroup\">\n<div class=\"page-title-head hgroup\">\n<div class=\"page-title-head hgroup\">\n<div>\n<div class=\"b654a4as d2edcug0\">\n<div class=\"rq0escxv hkbzh7o3 jwdofwj8 n8tt0mok r8blr3vg hyh9befq\">\n<hr \/>\n<\/div>\n<\/div>\n<\/div>\n<div>\n<div class=\"page-title-head hgroup\">\n<div class=\"page-title-head hgroup\">\n<div>\n<div class=\"b654a4as d2edcug0\">\n<p>&nbsp;<\/p>\n<blockquote>\n<h3><img loading=\"lazy\" decoding=\"async\" class=\"alignleft\" src=\"https:\/\/www.radiopiu.net\/wordpress\/wp-content\/uploads\/2021\/06\/fresh-flower-leaves-saffron-white-background-place-your-text-use-saffron-spice-cooking-cosmetology_347372-394.jpeg\" width=\"141\" height=\"94\" \/>L&#8217;ALMANACCO LADINO CON L&#8217;ISTITUT CESA DE JAN QUINDICINALE APPUNTAMENTO. LA DOMENICA ALLE 9 IL LUNEDI ALLE 8.35 IL MARTEDI ALLE 12.35 IL MERCOLEDI ALLE 18.35. SECONDA STAGIONE.<\/h3>\n<p><strong>PUNTATA DEL 05 LUGLIO<\/strong><\/p><\/blockquote>\n<audio class=\"wp-audio-shortcode\" id=\"audio-220302-31\" preload=\"none\" style=\"width: 100%;\" controls=\"controls\"><source type=\"audio\/mpeg\" src=\"https:\/\/www.radiopiu.net\/wordpress\/wp-content\/uploads\/2021\/07\/62\u00b0Almanacco-Ladino_Fodom.mp3?_=31\" \/><a href=\"https:\/\/www.radiopiu.net\/wordpress\/wp-content\/uploads\/2021\/07\/62\u00b0Almanacco-Ladino_Fodom.mp3\">https:\/\/www.radiopiu.net\/wordpress\/wp-content\/uploads\/2021\/07\/62\u00b0Almanacco-Ladino_Fodom.mp3<\/a><\/audio>\n<p><strong>RACCOLTA COMPLETA\u00a0<\/strong><\/p>\n<blockquote class=\"wp-embedded-content\" data-secret=\"Cg1SIa8mjc\"><p><a href=\"https:\/\/www.radiopiu.net\/wordpress\/almanacco-ladino\/\">Almanacco Ladino<\/a><\/p><\/blockquote>\n<p><iframe loading=\"lazy\" class=\"wp-embedded-content\" sandbox=\"allow-scripts\" security=\"restricted\" style=\"position: absolute; clip: rect(1px, 1px, 1px, 1px);\" title=\"&#8220;Almanacco Ladino&#8221; &#8212; Radio Pi\u00f9\" src=\"https:\/\/www.radiopiu.net\/wordpress\/almanacco-ladino\/embed\/#?secret=Cg1SIa8mjc\" data-secret=\"Cg1SIa8mjc\" width=\"600\" height=\"338\" frameborder=\"0\" marginwidth=\"0\" marginheight=\"0\" scrolling=\"no\"><\/iframe><\/p>\n<div dir=\"auto\"><\/div>\n<\/div>\n<div>\n<p>&nbsp;<\/p>\n<hr \/>\n<h2><span style=\"color: #808000;\">DUE MINUTI UN LIBRO\u00a0 TUTTI I GIORNI ALLA RADIO ALLE 9.30 E ALLE 18. QUINTA STAGIONE\u00a0<\/span><\/h2>\n<blockquote class=\"wp-embedded-content\" data-secret=\"weRoAcU674\"><p><a href=\"https:\/\/www.radiopiu.net\/wordpress\/il-precipizio-dellamore\/\">IL PRECIPIZIO DELL&#8217;AMORE<\/a><\/p><\/blockquote>\n<p><iframe loading=\"lazy\" class=\"wp-embedded-content\" sandbox=\"allow-scripts\" security=\"restricted\" style=\"position: absolute; clip: rect(1px, 1px, 1px, 1px);\" title=\"&#8220;IL PRECIPIZIO DELL&#8217;AMORE&#8221; &#8212; Radio Pi\u00f9\" src=\"https:\/\/www.radiopiu.net\/wordpress\/il-precipizio-dellamore\/embed\/#?secret=weRoAcU674\" data-secret=\"weRoAcU674\" width=\"600\" height=\"338\" frameborder=\"0\" marginwidth=\"0\" marginheight=\"0\" scrolling=\"no\"><\/iframe><\/p>\n<\/div>\n<div>\n<p><strong>LA RACCOLTA COMPLETA\u00a0\u00a0<\/strong><\/p>\n<blockquote class=\"wp-embedded-content\" data-secret=\"qHhRqsyOkr\"><p><a href=\"https:\/\/www.radiopiu.net\/wordpress\/due-minuti-un-libro\/\">Due minuti un libro<\/a><\/p><\/blockquote>\n<p><iframe loading=\"lazy\" class=\"wp-embedded-content\" sandbox=\"allow-scripts\" security=\"restricted\" style=\"position: absolute; clip: rect(1px, 1px, 1px, 1px);\" title=\"&#8220;Due minuti un libro&#8221; &#8212; Radio Pi\u00f9\" src=\"https:\/\/www.radiopiu.net\/wordpress\/due-minuti-un-libro\/embed\/#?secret=qHhRqsyOkr\" data-secret=\"qHhRqsyOkr\" width=\"600\" height=\"338\" frameborder=\"0\" marginwidth=\"0\" marginheight=\"0\" scrolling=\"no\"><\/iframe><\/p>\n<p>&nbsp;<\/p>\n<hr \/>\n<p>\u200b<\/p>\n<div>\n<h2><span style=\"color: #33cccc;\">I RACCONTI DI PAOLO SOPPELSA il lunedi alle 9.30 e 18.30<\/span><\/h2>\n<p><span style=\"color: #0000ff;\">INFORMAZIONE il canale su TELEGRAM informazione di prima mano e in tempo reale. iscriviti ed aiutaci a farlo conoscere\u00a0\u00a0<\/span><\/p>\n<blockquote class=\"wp-embedded-content\" data-secret=\"g4mWay8WfZ\"><p><a href=\"https:\/\/www.radiopiu.net\/wordpress\/i-racconti-di-paolo-soppelsa-ottantaduesima-puntata\/\">I RACCONTI DI PAOLO SOPPELSA OTTANTADUESIMA PUNTATA<\/a><\/p><\/blockquote>\n<p><iframe loading=\"lazy\" class=\"wp-embedded-content\" sandbox=\"allow-scripts\" security=\"restricted\" style=\"position: absolute; clip: rect(1px, 1px, 1px, 1px);\" title=\"&#8220;I RACCONTI DI PAOLO SOPPELSA OTTANTADUESIMA PUNTATA&#8221; &#8212; Radio Pi\u00f9\" src=\"https:\/\/www.radiopiu.net\/wordpress\/i-racconti-di-paolo-soppelsa-ottantaduesima-puntata\/embed\/#?secret=g4mWay8WfZ\" data-secret=\"g4mWay8WfZ\" width=\"600\" height=\"338\" frameborder=\"0\" marginwidth=\"0\" marginheight=\"0\" scrolling=\"no\"><\/iframe><\/p>\n<p>&nbsp;<\/p>\n<blockquote class=\"wp-embedded-content\" data-secret=\"xnqZWL9DXc\"><p><a href=\"https:\/\/www.radiopiu.net\/wordpress\/i-racconti-di-paolo-soppelsa\/\">I racconti di Paolo Soppelsa<\/a><\/p><\/blockquote>\n<p><iframe loading=\"lazy\" class=\"wp-embedded-content\" sandbox=\"allow-scripts\" security=\"restricted\" style=\"position: absolute; clip: rect(1px, 1px, 1px, 1px);\" title=\"&#8220;I racconti di Paolo Soppelsa&#8221; &#8212; Radio Pi\u00f9\" src=\"https:\/\/www.radiopiu.net\/wordpress\/i-racconti-di-paolo-soppelsa\/embed\/#?secret=xnqZWL9DXc\" data-secret=\"xnqZWL9DXc\" width=\"600\" height=\"338\" frameborder=\"0\" marginwidth=\"0\" marginheight=\"0\" scrolling=\"no\"><\/iframe><\/p>\n<p>&nbsp;<\/p>\n<p>&nbsp;<\/p>\n<\/div>\n<\/div>\n<hr \/>\n<p>&nbsp;<\/p>\n<h2><strong><span style=\"color: #ff0000;\">ALLA RADIO<\/span><\/strong><\/h2>\n<div data-offset-key=\"5n5nl-0-0\">\n<h3>Per ricevere gli aggiornamenti in tempo reale delle notizie pubblicate alla radio e sul sito di radio pi\u00f9 iscriviti al gruppo RADIO PIU INFORMAZIONE su Telegram.\u00a0\u00a0<a href=\"https:\/\/t.me\/radiopiu\">clicca qui<\/a><\/h3>\n<p>&nbsp;<\/p>\n<\/div>\n<blockquote><p><strong><a href=\"https:\/\/www.radiopiu.net\/wordpress\/cassa-solidarieta-luxottica-puntata-del-19-giugno-2020\/cslxo-2\/\" rel=\"attachment wp-att-145244\"><img loading=\"lazy\" decoding=\"async\" class=\"size-medium wp-image-145244 alignleft\" src=\"https:\/\/www.radiopiu.net\/wordpress\/wp-content\/uploads\/2020\/06\/cassa-solidarieta-luxottica-300x148.jpg\" alt=\"\" width=\"300\" height=\"148\" srcset=\"https:\/\/www.radiopiu.net\/wordpress\/wp-content\/uploads\/2020\/06\/cassa-solidarieta-luxottica-300x148.jpg 300w, https:\/\/www.radiopiu.net\/wordpress\/wp-content\/uploads\/2020\/06\/cassa-solidarieta-luxottica-1024x504.jpg 1024w, https:\/\/www.radiopiu.net\/wordpress\/wp-content\/uploads\/2020\/06\/cassa-solidarieta-luxottica-768x378.jpg 768w, https:\/\/www.radiopiu.net\/wordpress\/wp-content\/uploads\/2020\/06\/cassa-solidarieta-luxottica.jpg 1167w\" sizes=\"auto, (max-width: 300px) 100vw, 300px\" \/><\/a>di Claudio Fontanive<\/strong><\/p>\n<p>OSPITI: Paolo Chissal\u00e8 e Fabrizio Campedel<\/p>\n<p>&nbsp;<\/p>\n<p>&nbsp;<\/p>\n<h2><\/h2>\n<\/blockquote>\n<blockquote class=\"wp-embedded-content\" data-secret=\"b4JD19Zxqg\"><p><a href=\"https:\/\/www.radiopiu.net\/wordpress\/cassa-solidarieta-luxottica-puntata-del-16-ottobre-2020\/\">CASSA SOLIDARIET\u00c0 LUXOTTICA &#8211; TUTTE LE PUNTATE<\/a><\/p><\/blockquote>\n<p><iframe loading=\"lazy\" class=\"wp-embedded-content\" sandbox=\"allow-scripts\" security=\"restricted\" style=\"position: absolute; clip: rect(1px, 1px, 1px, 1px);\" title=\"&#8220;CASSA SOLIDARIET\u00c0 LUXOTTICA &#8211; TUTTE LE PUNTATE&#8221; &#8212; Radio Pi\u00f9\" src=\"https:\/\/www.radiopiu.net\/wordpress\/cassa-solidarieta-luxottica-puntata-del-16-ottobre-2020\/embed\/#?secret=b4JD19Zxqg\" data-secret=\"b4JD19Zxqg\" width=\"600\" height=\"338\" frameborder=\"0\" marginwidth=\"0\" marginheight=\"0\" scrolling=\"no\"><\/iframe><\/p>\n<div>\n<p>&nbsp;<\/p>\n<\/div>\n<\/div>\n<div class=\"page-title-head hgroup\">\n<div>\n<div class=\"b654a4as d2edcug0\">\n<hr \/>\n<\/div>\n<\/div>\n<p>&nbsp;<\/p>\n<p><a href=\"https:\/\/www.radiopiu.net\/wordpress\/giornale-radiopiu-26-settembre-2018-direttore-mirko-mezzacasa\/viabilita-2\/\" rel=\"attachment wp-att-61954\"><img loading=\"lazy\" decoding=\"async\" class=\"wp-image-61954 size-full aligncenter\" src=\"https:\/\/www.radiopiu.net\/wordpress\/wp-content\/uploads\/2018\/09\/viabilita.jpeg\" alt=\"\" width=\"800\" height=\"100\" srcset=\"https:\/\/www.radiopiu.net\/wordpress\/wp-content\/uploads\/2018\/09\/viabilita.jpeg 800w, https:\/\/www.radiopiu.net\/wordpress\/wp-content\/uploads\/2018\/09\/viabilita-300x38.jpeg 300w, https:\/\/www.radiopiu.net\/wordpress\/wp-content\/uploads\/2018\/09\/viabilita-768x96.jpeg 768w\" sizes=\"auto, (max-width: 800px) 100vw, 800px\" \/><\/a><\/p>\n<blockquote><p>&nbsp;<\/p><\/blockquote>\n<\/div>\n<\/div>\n<\/div>\n<\/div>\n<\/div>\n<\/div>\n<\/div>\n<\/div>\n<div><\/div>\n<div>\n<div>\n<div>\n<div>\n<div class=\"page-title-head hgroup\">\n<div class=\"page-title-head hgroup\">\n<div class=\"page-title-head hgroup\">\n<div>\n<div>\n<div class=\"page-title-head hgroup\">\n<div class=\"page-title-head hgroup\">\n<div class=\"page-title-head hgroup\">\n<blockquote><p><a href=\"https:\/\/www.radiopiu.net\/wordpress\/giornale-radiopiu-09-agosto-2018-direttore-mirko-mezzacasa\/viabilia\/\" rel=\"attachment wp-att-57053\"><img loading=\"lazy\" decoding=\"async\" class=\" wp-image-57053 alignleft\" src=\"https:\/\/www.radiopiu.net\/wordpress\/wp-content\/uploads\/2018\/08\/VIABILIA-300x180.jpeg\" alt=\"\" width=\"220\" height=\"132\" srcset=\"https:\/\/www.radiopiu.net\/wordpress\/wp-content\/uploads\/2018\/08\/VIABILIA-300x180.jpeg 300w, https:\/\/www.radiopiu.net\/wordpress\/wp-content\/uploads\/2018\/08\/VIABILIA-768x461.jpeg 768w, https:\/\/www.radiopiu.net\/wordpress\/wp-content\/uploads\/2018\/08\/VIABILIA-1024x614.jpeg 1024w, https:\/\/www.radiopiu.net\/wordpress\/wp-content\/uploads\/2018\/08\/VIABILIA.jpeg 1280w\" sizes=\"auto, (max-width: 220px) 100vw, 220px\" \/><\/a>La viabilit\u00e0 con gli ultimi aggiornamenti<\/p><\/blockquote>\n<\/div>\n<\/div>\n<\/div>\n<\/div>\n<\/div>\n<\/div>\n<\/div>\n<\/div>\n<\/div>\n<\/div>\n<\/div>\n<div><\/div>\n<div><\/div>\n<div>\n<div>\n<div class=\"page-title-head hgroup\">\n<p>&nbsp;<\/p>\n<audio class=\"wp-audio-shortcode\" id=\"audio-220302-32\" preload=\"none\" style=\"width: 100%;\" controls=\"controls\"><source type=\"audio\/mpeg\" src=\"https:\/\/www.radiopiu.net\/wordpress\/wp-content\/uploads\/2021\/07\/VIABILITA-2.mp3?_=32\" \/><a href=\"https:\/\/www.radiopiu.net\/wordpress\/wp-content\/uploads\/2021\/07\/VIABILITA-2.mp3\">https:\/\/www.radiopiu.net\/wordpress\/wp-content\/uploads\/2021\/07\/VIABILITA-2.mp3<\/a><\/audio>\n<p>&nbsp;<\/p>\n<p>&nbsp;<\/p>\n<hr \/>\n<p>&nbsp;<\/p>\n<\/div>\n<\/div>\n<\/div>\n<\/div>\n<div>\n<div class=\"page-title-head hgroup\" style=\"text-align: left;\">\n<div class=\"page-title-head hgroup\">\n<div dir=\"auto\">\n<p><a class=\"dt-pswp-item pspw-wrap-ready\" href=\"https:\/\/i0.wp.com\/www.radiopiu.net\/wordpress\/wp-content\/uploads\/2018\/09\/WhatsApp-Image-2018-09-20-at-16.04.06.jpeg?ssl=1\" data-dt-img-description=\"\" data-large_image_width=\"800\" data-large_image_height=\"100\"><img loading=\"lazy\" decoding=\"async\" class=\"aligncenter wp-image-61378 size-full jetpack-lazy-image jetpack-lazy-image--handled\" src=\"https:\/\/i0.wp.com\/www.radiopiu.net\/wordpress\/wp-content\/uploads\/2018\/09\/WhatsApp-Image-2018-09-20-at-16.04.06.jpeg?resize=800%2C100&amp;ssl=1\" sizes=\"auto, (max-width: 800px) 100vw, 800px\" srcset=\"https:\/\/i0.wp.com\/www.radiopiu.net\/wordpress\/wp-content\/uploads\/2018\/09\/WhatsApp-Image-2018-09-20-at-16.04.06.jpeg?w=800&amp;ssl=1 800w, https:\/\/i0.wp.com\/www.radiopiu.net\/wordpress\/wp-content\/uploads\/2018\/09\/WhatsApp-Image-2018-09-20-at-16.04.06.jpeg?resize=300%2C38&amp;ssl=1 300w, https:\/\/i0.wp.com\/www.radiopiu.net\/wordpress\/wp-content\/uploads\/2018\/09\/WhatsApp-Image-2018-09-20-at-16.04.06.jpeg?resize=768%2C96&amp;ssl=1 768w\" alt=\"\" width=\"800\" height=\"100\" data-lazy-loaded=\"1\" \/><\/a><\/p>\n<div style=\"text-align: left;\"><center><\/center><center>\u00a0<\/center><\/div>\n<\/div>\n<\/div>\n<\/div>\n<\/div>\n<\/div>\n<\/div>\n<\/div>\n<\/div>\n<div>\n<div><\/div>\n<\/div>\n<\/div>\n<\/div>\n<\/div>\n<\/div>\n<p><center><b>Giovedi 8<\/b><\/center><b>Tempo atteso: <\/b>Inizialmente tempo ancora soleggiato, nonostante qualche annuvolamento medio-alto e nascente attivit\u00e0 cumuliforme entro la tarda mattinata. Dalle ore centrali ulteriore sviluppo dell&#8217;attivit\u00e0 cumuliforme e primi fenomeni sparsi, prima di una fase assai pi\u00f9 instabile in serata. Episodio che potr\u00e0 proseguire nottetempo sulle Prealpi. Ambiente sempre estivo, anche un po&#8217; afoso nei fondovalle.<br \/>\n<b>Precipitazioni: <\/b>Assenti fino alle ore centrali (0%), poi in aumento con qualche rovescio e temporale sparso a ridosso del Trentino e dell&#8217;Alto Adige (60\/70%), mentre il rischio sar\u00e0 minore verso est (40\/50%). Dopo una pausa senza fenomeni, la probabilit\u00e0 di rovesci temporali diventer\u00e0 alta (80\/90%) alla sera a iniziare dai settori occidentali, in trasferimento verso est. Non escludi fenomeni intensi e localmente grandinigeni. Gli accumuli di pioggia saranno molto variabili, da pochi mm a 20\/30 mm, localmente superiori a 50 mm.<br \/>\n<b>Temperature: <\/b>Minime in aumento nelle valli e in calo in quota, dove saranno osservate alla sera; massime in leggera flessione a tutte le quote per deficit di sole al pomeriggio. Su Prealpi a 1500 m min 13\u00b0C, max 19\u00b0C, a 2000 m min 11\u00b0C, max 15\u00b0C, su Dolomiti a 2000 m min 10\u00b0C, max 16\u00b0C, a 3000 m min 6\u00b0C, max 9\u00b0C.<br \/>\n<b>Venti: <\/b>Nelle valli venti deboli\/moderati a regime di brezza, in caso di temporale eventuali forti raffiche di vento; in quota moderati\/tesi da sud sud-ovest, anche forti sulle cime dolomitiche pi\u00f9 alte, a 10-25 km\/h a 2000 m e 40-60 km\/h a 3000 m.<\/p>\n<hr \/>\n<p><center><b>Venerdi 9<\/b><\/center><b>Tempo atteso: <\/b>Nottetempo residua instabilit\u00e0 sulle Prealpi e miglioramento altrove. Al mattino sole e cielo sereno, salvo banchi di stratocumuli mattutini, in graduale diradamento. Al pomeriggio attivit\u00e0 cumuliforme assai contenuta sulle Dolomiti, localmente moderata sulle Prealpi, dove l&#8217;instabilit\u00e0 ci sar\u00e0, seppur piuttosto lieve. Contesto assai meno caldo, ma ancora estivo nei fondovalle.<br \/>\n<b>Precipitazioni: <\/b>Nottetempo residua instabilit\u00e0 sulle Prealpi (30\/50%). Al mattino precipitazioni assenti ovunque (0%), anche al pomeriggio su molti settori dolomitici, mentre qualche isolato piovasco si verificher\u00e0 sulle Prealpi e sulla pedemontana (10\/20%).<br \/>\n<b>Temperature: <\/b>In generale diminuzione. Sono previste punte di 25\/26\u00b0C nei fondovalle prealpini e di 19\/22\u00b0C a 1000\/1200 m. Su Prealpi a 1500 m min 9\u00b0C, max 15\u00b0C, a 2000 m min 7\u00b0C, max 12\u00b0C, su Dolomiti a 2000 m min 6\u00b0C, max 13\u00b0C, a 3000 m min 1\u00b0C, max 4\u00b0C.<br \/>\n<b>Venti: <\/b>Deboli\/moderati per brezze nelle valli; deboli\/moderati da nord-ovest in quota, a 5-15 km\/h a 2000 m e 20-30 km\/h a 3000 m.<\/p>\n<hr \/>\n<p><center><b>Sabato 10<\/b><\/center>Maggiore soleggiamento e minore attivit\u00e0 cumuliforme durante le ore pi\u00f9 calde. La stabilit\u00e0 aumenter\u00e0 e l&#8217;insidia fenomeni convettivi sar\u00e0 bassa. Temperature in ripresa, eccetto le minime nelle valli. Venti in quota deboli\/moderati da ovest sud-ovest; nelle valli perlopi\u00f9 deboli per brezze, localmente e a tratti moderati nei settori solitamente pi\u00f9 ventilati.<\/p>\n<hr \/>\n<p><center><b>Domenica 11<\/b><\/center>In prevalenza soleggiato al mattino e riduzione del soleggiamento al pomeriggio per attivit\u00e0 cumuliforme irregolare, spesso di contenuto sviluppo. Verso sera aumento della nuvolosit\u00e0 ed eventuale lieve fase instabile. Temperature senza notevole variazioni rispetto a sabato, sempre estive. Venti deboli\/moderati dai quadranti occidentali in quota; perlopi\u00f9 deboli per brezze nelle valli; localmente e a tratti moderati nei settori solitamente pi\u00f9 ventilati. Previsore: R.L.Th.<\/p>\n<p>&nbsp;<\/p>\n<p>&nbsp;<\/p>\n<hr \/>\n<p>&nbsp;<\/p>\n<p><a href=\"https:\/\/www.radiopiu.net\/wordpress\/giornale-radiopiu-15-settembre-2018-direttore-mirko-mezzacasa\/sport-7\/\" rel=\"attachment wp-att-60761\"><img loading=\"lazy\" decoding=\"async\" class=\"aligncenter wp-image-60761 size-full\" src=\"https:\/\/www.radiopiu.net\/wordpress\/wp-content\/uploads\/2018\/09\/sport.jpg\" alt=\"\" width=\"800\" height=\"100\" srcset=\"https:\/\/www.radiopiu.net\/wordpress\/wp-content\/uploads\/2018\/09\/sport.jpg 800w, https:\/\/www.radiopiu.net\/wordpress\/wp-content\/uploads\/2018\/09\/sport-300x38.jpg 300w, https:\/\/www.radiopiu.net\/wordpress\/wp-content\/uploads\/2018\/09\/sport-768x96.jpg 768w\" sizes=\"auto, (max-width: 800px) 100vw, 800px\" \/><\/a><\/p>\n<p>&nbsp;<\/p>\n<blockquote>\n<h3>DOPO AVER VINTO LA CLASSE ALLA TRENTO-BONDONE, DENIS MEZZACASA SI PREPARA PER L&#8217;ALPE DEL NEVEGAL<\/h3>\n<\/blockquote>\n<p><strong><a href=\"https:\/\/www.radiopiu.net\/wordpress\/dopo-aver-vinto-la-classe-alla-trento-bondone-denis-mezzacasa-si-prepara-per-lalpe-del-nevegal\/schermata-2021-07-07-alle-09-12-37\/\" rel=\"attachment wp-att-220344\"><img loading=\"lazy\" decoding=\"async\" class=\" wp-image-220344 alignleft\" src=\"https:\/\/www.radiopiu.net\/wordpress\/wp-content\/uploads\/2021\/07\/Schermata-2021-07-07-alle-09.12.37-300x224.png\" alt=\"\" width=\"226\" height=\"169\" srcset=\"https:\/\/www.radiopiu.net\/wordpress\/wp-content\/uploads\/2021\/07\/Schermata-2021-07-07-alle-09.12.37-300x224.png 300w, https:\/\/www.radiopiu.net\/wordpress\/wp-content\/uploads\/2021\/07\/Schermata-2021-07-07-alle-09.12.37-1024x766.png 1024w, https:\/\/www.radiopiu.net\/wordpress\/wp-content\/uploads\/2021\/07\/Schermata-2021-07-07-alle-09.12.37-768x574.png 768w, https:\/\/www.radiopiu.net\/wordpress\/wp-content\/uploads\/2021\/07\/Schermata-2021-07-07-alle-09.12.37.png 1436w\" sizes=\"auto, (max-width: 226px) 100vw, 226px\" \/><\/a>LA VALLE<\/strong> Continua la splendida stagione di Denis Mezzacasa nel Campionato Italiano Velocit\u00e0 Montagna. Il pilota di La Valle a bordo della sua Formula Renault ha vinto la categoria alla Trento-Bondone di domenica scorsa. Una gara difficile, la pi\u00f9 lunga d&#8217;europa, resa ancora pi\u00f9 insidiosa dalla pioggia e dalla nebbia lungo il percorso. Nonostante le difficolt\u00e0 Denis ha portato a casa il primo posto nella classe ed ora la concentrazione passa alla prossima gara, quella di casa, l&#8217;Alpe del Nevegal.<\/p>\n<p><strong>AI MICROFONI DI RADIO PIU&#8217; DENIS MEZZACASA<\/strong><\/p>\n<audio class=\"wp-audio-shortcode\" id=\"audio-220302-33\" preload=\"none\" style=\"width: 100%;\" controls=\"controls\"><source type=\"audio\/mpeg\" src=\"https:\/\/www.radiopiu.net\/wordpress\/wp-content\/uploads\/2021\/07\/DENIS-MEZZACASA-TRENTO-BONDONE.mp3?_=33\" \/><a href=\"https:\/\/www.radiopiu.net\/wordpress\/wp-content\/uploads\/2021\/07\/DENIS-MEZZACASA-TRENTO-BONDONE.mp3\">https:\/\/www.radiopiu.net\/wordpress\/wp-content\/uploads\/2021\/07\/DENIS-MEZZACASA-TRENTO-BONDONE.mp3<\/a><\/audio>\n<p>&nbsp;<\/p>\n\n\t\t\t<style type='text\/css'>\n\t\t\t\t#gallery-9 {\n\t\t\t\t\tmargin: auto;\n\t\t\t\t}\n\t\t\t\t#gallery-9 .gallery-item {\n\t\t\t\t\tfloat: left;\n\t\t\t\t\tmargin-top: 10px;\n\t\t\t\t\ttext-align: center;\n\t\t\t\t\twidth: 33%;\n\t\t\t\t}\n\t\t\t\t#gallery-9 img {\n\t\t\t\t\tborder: 2px solid #cfcfcf;\n\t\t\t\t}\n\t\t\t\t#gallery-9 .gallery-caption {\n\t\t\t\t\tmargin-left: 0;\n\t\t\t\t}\n\t\t\t\t\/* see gallery_shortcode() in wp-includes\/media.php *\/\n\t\t\t<\/style>\n\t\t<div id='gallery-9' class='dt-gallery-container gallery galleryid-220302 gallery-columns-3 gallery-size-medium'><dl class='gallery-item'>\n\t\t\t\t<dt class='gallery-icon landscape'>\n\t\t\t\t\t<a class=\"rollover rollover-zoom dt-pswp-item\" title=\"0cccd97c-dccc-467a-b480-672e047e793c\" data-dt-img-description=\"\" data-large_image_width=\"2000\" data-large_image_height=\"1500\"href='https:\/\/www.radiopiu.net\/wordpress\/wp-content\/uploads\/2021\/07\/0cccd97c-dccc-467a-b480-672e047e793c.jpg'><img loading=\"lazy\" decoding=\"async\" width=\"300\" height=\"225\" src=\"https:\/\/www.radiopiu.net\/wordpress\/wp-content\/uploads\/2021\/07\/0cccd97c-dccc-467a-b480-672e047e793c-300x225.jpg\" class=\"attachment-medium size-medium\" alt=\"\" srcset=\"https:\/\/www.radiopiu.net\/wordpress\/wp-content\/uploads\/2021\/07\/0cccd97c-dccc-467a-b480-672e047e793c-300x225.jpg 300w, https:\/\/www.radiopiu.net\/wordpress\/wp-content\/uploads\/2021\/07\/0cccd97c-dccc-467a-b480-672e047e793c-1024x768.jpg 1024w, https:\/\/www.radiopiu.net\/wordpress\/wp-content\/uploads\/2021\/07\/0cccd97c-dccc-467a-b480-672e047e793c-768x576.jpg 768w, https:\/\/www.radiopiu.net\/wordpress\/wp-content\/uploads\/2021\/07\/0cccd97c-dccc-467a-b480-672e047e793c-1536x1152.jpg 1536w, https:\/\/www.radiopiu.net\/wordpress\/wp-content\/uploads\/2021\/07\/0cccd97c-dccc-467a-b480-672e047e793c.jpg 2000w\" sizes=\"auto, (max-width: 300px) 100vw, 300px\" \/><\/a>\n\t\t\t\t<\/dt><\/dl><dl class='gallery-item'>\n\t\t\t\t<dt class='gallery-icon landscape'>\n\t\t\t\t\t<a class=\"rollover rollover-zoom dt-pswp-item\" title=\"98eeb3b6-0672-453a-828e-62ac2aba6eae\" data-dt-img-description=\"\" data-large_image_width=\"845\" data-large_image_height=\"630\"href='https:\/\/www.radiopiu.net\/wordpress\/wp-content\/uploads\/2021\/07\/98eeb3b6-0672-453a-828e-62ac2aba6eae.jpg'><img loading=\"lazy\" decoding=\"async\" width=\"300\" height=\"224\" src=\"https:\/\/www.radiopiu.net\/wordpress\/wp-content\/uploads\/2021\/07\/98eeb3b6-0672-453a-828e-62ac2aba6eae-300x224.jpg\" class=\"attachment-medium size-medium\" alt=\"\" srcset=\"https:\/\/www.radiopiu.net\/wordpress\/wp-content\/uploads\/2021\/07\/98eeb3b6-0672-453a-828e-62ac2aba6eae-300x224.jpg 300w, https:\/\/www.radiopiu.net\/wordpress\/wp-content\/uploads\/2021\/07\/98eeb3b6-0672-453a-828e-62ac2aba6eae-768x573.jpg 768w, https:\/\/www.radiopiu.net\/wordpress\/wp-content\/uploads\/2021\/07\/98eeb3b6-0672-453a-828e-62ac2aba6eae.jpg 845w\" sizes=\"auto, (max-width: 300px) 100vw, 300px\" \/><\/a>\n\t\t\t\t<\/dt><\/dl><dl class='gallery-item'>\n\t\t\t\t<dt class='gallery-icon landscape'>\n\t\t\t\t\t<a class=\"rollover rollover-zoom dt-pswp-item\" title=\"8b31853a-678c-4215-9d4b-b98a0528a57a\" data-dt-img-description=\"\" data-large_image_width=\"2000\" data-large_image_height=\"1500\"href='https:\/\/www.radiopiu.net\/wordpress\/wp-content\/uploads\/2021\/07\/8b31853a-678c-4215-9d4b-b98a0528a57a.jpg'><img loading=\"lazy\" decoding=\"async\" width=\"300\" height=\"225\" src=\"https:\/\/www.radiopiu.net\/wordpress\/wp-content\/uploads\/2021\/07\/8b31853a-678c-4215-9d4b-b98a0528a57a-300x225.jpg\" class=\"attachment-medium size-medium\" alt=\"\" srcset=\"https:\/\/www.radiopiu.net\/wordpress\/wp-content\/uploads\/2021\/07\/8b31853a-678c-4215-9d4b-b98a0528a57a-300x225.jpg 300w, https:\/\/www.radiopiu.net\/wordpress\/wp-content\/uploads\/2021\/07\/8b31853a-678c-4215-9d4b-b98a0528a57a-1024x768.jpg 1024w, https:\/\/www.radiopiu.net\/wordpress\/wp-content\/uploads\/2021\/07\/8b31853a-678c-4215-9d4b-b98a0528a57a-768x576.jpg 768w, https:\/\/www.radiopiu.net\/wordpress\/wp-content\/uploads\/2021\/07\/8b31853a-678c-4215-9d4b-b98a0528a57a-1536x1152.jpg 1536w, https:\/\/www.radiopiu.net\/wordpress\/wp-content\/uploads\/2021\/07\/8b31853a-678c-4215-9d4b-b98a0528a57a.jpg 2000w\" sizes=\"auto, (max-width: 300px) 100vw, 300px\" \/><\/a>\n\t\t\t\t<\/dt><\/dl><br style=\"clear: both\" \/>\n\t\t\t<\/div>\n\n<p>&nbsp;<\/p>\n<hr \/>\n<p>&nbsp;<\/p>\n<blockquote>\n<h3>WILLIAM DA ROIT TRA GLI STRANIERI SCELTI PER COMMEMORARE I 100 ANNI DELLA VASALOPET<\/h3>\n<\/blockquote>\n<p><strong><a href=\"https:\/\/www.radiopiu.net\/wordpress\/william-da-roit-tra-gli-stranieri-scelti-per-commemorare-i-100-anni-della-vasalopet\/89acbae5-3daf-43c0-9218-b0d7bba9f308\/\" rel=\"attachment wp-att-220348\"><img loading=\"lazy\" decoding=\"async\" class=\"size-medium wp-image-220348 alignleft\" src=\"https:\/\/www.radiopiu.net\/wordpress\/wp-content\/uploads\/2021\/07\/89acbae5-3daf-43c0-9218-b0d7bba9f308-300x225.jpg\" alt=\"\" width=\"300\" height=\"225\" srcset=\"https:\/\/www.radiopiu.net\/wordpress\/wp-content\/uploads\/2021\/07\/89acbae5-3daf-43c0-9218-b0d7bba9f308-300x225.jpg 300w, https:\/\/www.radiopiu.net\/wordpress\/wp-content\/uploads\/2021\/07\/89acbae5-3daf-43c0-9218-b0d7bba9f308-1024x768.jpg 1024w, https:\/\/www.radiopiu.net\/wordpress\/wp-content\/uploads\/2021\/07\/89acbae5-3daf-43c0-9218-b0d7bba9f308-768x576.jpg 768w, https:\/\/www.radiopiu.net\/wordpress\/wp-content\/uploads\/2021\/07\/89acbae5-3daf-43c0-9218-b0d7bba9f308.jpg 1280w\" sizes=\"auto, (max-width: 300px) 100vw, 300px\" \/><\/a>LA VALLE<\/strong> La vita \u00e8 fatta di fatiche e William Da Roit lo sa bene. Sia nella vita lavorativa che in quella sportiva. L&#8217;ultramaratoneta, ma non solo, di La Valle \u00e8 stato scelto per partecipare Il prossimo 12 febbraio in Svezia alla Jubileumvasan, una gara commemorativa per festeggiare i cento anni dalla prima edizione della Vasaloppet, nella quale saranno ricreate le condizioni di gara che vennero trovate in quella occasione e si garegger\u00e0 con i materiali di allora. Tante le richieste di partecipazione che sono pervenute, addirittura 548, che hanno portato gli organizzatori a selezionare i 139 sciatori che con gli sci di legno affronteranno il percorso di 90 km da S\u00e4len a Mora. Tra i partecipanti anche quattro vincitori della competizione, come Staffan Larsson, Daniel Tynell, Oskar Sv\u00e4rd e Henrik Eriksson. Tra gli stranieri sono stati selezionati 15 fondisti e tra loro c&#8217;\u00e8 anche l&#8217;agordino William Da Roit. William aveva gi\u00e0 partecipato alla Vasalopet nel 2010 e lo scorso anno in Canada ha concluso con successo il circuito Worldlopet delle principali gare di sci di fondo in giro per il mondo. Una bella soddisfazione per il lavallese che voler\u00e0 in Svezia nel 2022.<\/p>\n<p>&nbsp;<\/p>\n<p>&nbsp;<\/p>\n","protected":false},"excerpt":{"rendered":"<p>STIAMO ASPETTANDO&#8230;. IN TANTI \u00a0 PER\u00a0RICEVERE QUESTO NOTIZIARIO DIRETTAMENTE SUL TUO CELLULARE ISCRIVITI AL CANALE TELEGRAM\u00a0\u201cRADIO PIU\u00a0 INFORMAZIONE\u201d\u00a0 FUSIONE DI COMUNI? IL DIBATTITO E&#8217; APERTO &nbsp; ULTIM&#8217;ORA, NELLA NOTTE. IERI SERA AD ALLEGHE: LA TROMBA D&#8217;ARIA\u00a0 IL MESSAGGIO:\u00a0 Ieri sera a Fernazza c&#8217;\u00e9 stata una tromba d&#8217;aria che ha scoperchiato il tetto di una casa.&hellip;<\/p>\n","protected":false},"author":4,"featured_media":220535,"comment_status":"closed","ping_status":"open","sticky":false,"template":"","format":"standard","meta":{"_monsterinsights_skip_tracking":false,"_monsterinsights_sitenote_active":false,"_monsterinsights_sitenote_note":"","_monsterinsights_sitenote_category":0,"footnotes":""},"categories":[1,51,86,49],"tags":[],"class_list":["post-220302","post","type-post","status-publish","format-standard","has-post-thumbnail","hentry","category-senza-categoria","category-evidenza-top","category-gr","category-news-18","category-1","category-51","category-86","category-49","description-off"],"img_url":"https:\/\/www.radiopiu.net\/wordpress\/wp-content\/uploads\/2021\/07\/d1d692aa-1d64-4765-8a42-99f32476341b-300x225-1.jpg","_links":{"self":[{"href":"https:\/\/www.radiopiu.net\/wordpress\/wp-json\/wp\/v2\/posts\/220302","targetHints":{"allow":["GET"]}}],"collection":[{"href":"https:\/\/www.radiopiu.net\/wordpress\/wp-json\/wp\/v2\/posts"}],"about":[{"href":"https:\/\/www.radiopiu.net\/wordpress\/wp-json\/wp\/v2\/types\/post"}],"author":[{"embeddable":true,"href":"https:\/\/www.radiopiu.net\/wordpress\/wp-json\/wp\/v2\/users\/4"}],"replies":[{"embeddable":true,"href":"https:\/\/www.radiopiu.net\/wordpress\/wp-json\/wp\/v2\/comments?post=220302"}],"version-history":[{"count":0,"href":"https:\/\/www.radiopiu.net\/wordpress\/wp-json\/wp\/v2\/posts\/220302\/revisions"}],"wp:featuredmedia":[{"embeddable":true,"href":"https:\/\/www.radiopiu.net\/wordpress\/wp-json\/wp\/v2\/media\/220535"}],"wp:attachment":[{"href":"https:\/\/www.radiopiu.net\/wordpress\/wp-json\/wp\/v2\/media?parent=220302"}],"wp:term":[{"taxonomy":"category","embeddable":true,"href":"https:\/\/www.radiopiu.net\/wordpress\/wp-json\/wp\/v2\/categories?post=220302"},{"taxonomy":"post_tag","embeddable":true,"href":"https:\/\/www.radiopiu.net\/wordpress\/wp-json\/wp\/v2\/tags?post=220302"}],"curies":[{"name":"wp","href":"https:\/\/api.w.org\/{rel}","templated":true}]}}