{"id":220347,"date":"2022-02-13T23:59:41","date_gmt":"2022-02-13T22:59:41","guid":{"rendered":"https:\/\/www.radiopiu.net\/wordpress\/?p=220347"},"modified":"2022-02-15T07:25:23","modified_gmt":"2022-02-15T06:25:23","slug":"larrivo-di-william-dopo-i-90-km-di-gara","status":"publish","type":"post","link":"https:\/\/www.radiopiu.net\/wordpress\/larrivo-di-william-dopo-i-90-km-di-gara\/","title":{"rendered":"WILLIAM  DA ROIT, L&#8217;IMPRESA  ALLA VASA DEL CENTENARIO CON SCI A ABITI D&#8217;EPOCA"},"content":{"rendered":"<h2><span style=\"color: #008080;\">WILLIAM DA ROIT E FEDERICO DE COL NEL POST VASALOPPET CLASSIC<\/span><\/h2>\n<p><strong>di Claudio Fontanive<\/strong><\/p>\n<p>OSPITI: William Da Roit e Federico De Col<\/p>\n<audio class=\"wp-audio-shortcode\" id=\"audio-220347-1\" preload=\"none\" style=\"width: 100%;\" controls=\"controls\"><source type=\"audio\/mpeg\" src=\"https:\/\/www.radiopiu.net\/wordpress\/wp-content\/uploads\/2022\/02\/william-da-roit-1.mp3?_=1\" \/><a href=\"https:\/\/www.radiopiu.net\/wordpress\/wp-content\/uploads\/2022\/02\/william-da-roit-1.mp3\">https:\/\/www.radiopiu.net\/wordpress\/wp-content\/uploads\/2022\/02\/william-da-roit-1.mp3<\/a><\/audio>\n<p>&nbsp;<\/p>\n<p><strong>IL VIDEO<\/strong><\/p>\n<div style=\"width: 640px;\" class=\"wp-video\"><video class=\"wp-video-shortcode\" id=\"video-220347-1\" width=\"640\" height=\"368\" preload=\"metadata\" controls=\"controls\"><source type=\"video\/mp4\" src=\"https:\/\/www.radiopiu.net\/wordpress\/wp-content\/uploads\/2022\/02\/VASALOPPET.mp4?_=1\" \/><a href=\"https:\/\/www.radiopiu.net\/wordpress\/wp-content\/uploads\/2022\/02\/VASALOPPET.mp4\">https:\/\/www.radiopiu.net\/wordpress\/wp-content\/uploads\/2022\/02\/VASALOPPET.mp4<\/a><\/video><\/div>\n<p>&nbsp;<\/p>\n<p><strong>\u00a0<\/strong><\/p>\n<hr \/>\n<p><strong>14\u00a0<\/strong><\/p>\n<p><strong>L&#8217;ARRIVO DI WILLIAM DOPO I 90 KM DI GARA<\/strong><\/p>\n<p>William \u00e8 arrivato al traguardo a notte ormai inoltrata. Terminata la Vasaloppet del centenario, 90 km in tecnica classica. Trenta minuti dopo la mezzanotte l&#8217;arrivo dell&#8217;agordino.<\/p>\n\n\t\t\t<style type='text\/css'>\n\t\t\t\t#gallery-1 {\n\t\t\t\t\tmargin: auto;\n\t\t\t\t}\n\t\t\t\t#gallery-1 .gallery-item {\n\t\t\t\t\tfloat: left;\n\t\t\t\t\tmargin-top: 10px;\n\t\t\t\t\ttext-align: center;\n\t\t\t\t\twidth: 50%;\n\t\t\t\t}\n\t\t\t\t#gallery-1 img {\n\t\t\t\t\tborder: 2px solid #cfcfcf;\n\t\t\t\t}\n\t\t\t\t#gallery-1 .gallery-caption {\n\t\t\t\t\tmargin-left: 0;\n\t\t\t\t}\n\t\t\t\t\/* see gallery_shortcode() in wp-includes\/media.php *\/\n\t\t\t<\/style>\n\t\t<div id='gallery-1' class='dt-gallery-container gallery galleryid-220347 gallery-columns-2 gallery-size-medium'><dl class='gallery-item'>\n\t\t\t\t<dt class='gallery-icon portrait'>\n\t\t\t\t\t<a class=\"rollover rollover-zoom dt-pswp-item\" title=\"34f5d3e4-0a6e-48bf-ba72-2bbad52e5627\" data-dt-img-description=\"\" data-large_image_width=\"899\" data-large_image_height=\"1600\"href='https:\/\/www.radiopiu.net\/wordpress\/wp-content\/uploads\/2022\/02\/34f5d3e4-0a6e-48bf-ba72-2bbad52e5627.jpg'><img loading=\"lazy\" decoding=\"async\" width=\"169\" height=\"300\" src=\"https:\/\/www.radiopiu.net\/wordpress\/wp-content\/uploads\/2022\/02\/34f5d3e4-0a6e-48bf-ba72-2bbad52e5627-169x300.jpg\" class=\"attachment-medium size-medium\" alt=\"\" srcset=\"https:\/\/www.radiopiu.net\/wordpress\/wp-content\/uploads\/2022\/02\/34f5d3e4-0a6e-48bf-ba72-2bbad52e5627-169x300.jpg 169w, https:\/\/www.radiopiu.net\/wordpress\/wp-content\/uploads\/2022\/02\/34f5d3e4-0a6e-48bf-ba72-2bbad52e5627-575x1024.jpg 575w, https:\/\/www.radiopiu.net\/wordpress\/wp-content\/uploads\/2022\/02\/34f5d3e4-0a6e-48bf-ba72-2bbad52e5627-768x1367.jpg 768w, https:\/\/www.radiopiu.net\/wordpress\/wp-content\/uploads\/2022\/02\/34f5d3e4-0a6e-48bf-ba72-2bbad52e5627-863x1536.jpg 863w, https:\/\/www.radiopiu.net\/wordpress\/wp-content\/uploads\/2022\/02\/34f5d3e4-0a6e-48bf-ba72-2bbad52e5627.jpg 899w\" sizes=\"auto, (max-width: 169px) 100vw, 169px\" \/><\/a>\n\t\t\t\t<\/dt><\/dl><dl class='gallery-item'>\n\t\t\t\t<dt class='gallery-icon portrait'>\n\t\t\t\t\t<a class=\"rollover rollover-zoom dt-pswp-item\" title=\"273858293_2777577062547592_6582652644398626350_n\" data-dt-img-description=\"\" data-large_image_width=\"1080\" data-large_image_height=\"1440\"href='https:\/\/www.radiopiu.net\/wordpress\/wp-content\/uploads\/2022\/02\/273858293_2777577062547592_6582652644398626350_n.jpg'><img loading=\"lazy\" decoding=\"async\" width=\"225\" height=\"300\" src=\"https:\/\/www.radiopiu.net\/wordpress\/wp-content\/uploads\/2022\/02\/273858293_2777577062547592_6582652644398626350_n-225x300.jpg\" class=\"attachment-medium size-medium\" alt=\"\" srcset=\"https:\/\/www.radiopiu.net\/wordpress\/wp-content\/uploads\/2022\/02\/273858293_2777577062547592_6582652644398626350_n-225x300.jpg 225w, https:\/\/www.radiopiu.net\/wordpress\/wp-content\/uploads\/2022\/02\/273858293_2777577062547592_6582652644398626350_n-768x1024.jpg 768w, https:\/\/www.radiopiu.net\/wordpress\/wp-content\/uploads\/2022\/02\/273858293_2777577062547592_6582652644398626350_n.jpg 1080w\" sizes=\"auto, (max-width: 225px) 100vw, 225px\" \/><\/a>\n\t\t\t\t<\/dt><\/dl><br style=\"clear: both\" \/><dl class='gallery-item'>\n\t\t\t\t<dt class='gallery-icon portrait'>\n\t\t\t\t\t<a class=\"rollover rollover-zoom dt-pswp-item\" title=\"9b4386c9-94a3-4d3c-b964-d4133e63e624\" data-dt-img-description=\"\" data-large_image_width=\"1152\" data-large_image_height=\"2048\"href='https:\/\/www.radiopiu.net\/wordpress\/wp-content\/uploads\/2022\/02\/9b4386c9-94a3-4d3c-b964-d4133e63e624.jpg'><img loading=\"lazy\" decoding=\"async\" width=\"169\" height=\"300\" src=\"https:\/\/www.radiopiu.net\/wordpress\/wp-content\/uploads\/2022\/02\/9b4386c9-94a3-4d3c-b964-d4133e63e624-169x300.jpg\" class=\"attachment-medium size-medium\" alt=\"\" srcset=\"https:\/\/www.radiopiu.net\/wordpress\/wp-content\/uploads\/2022\/02\/9b4386c9-94a3-4d3c-b964-d4133e63e624-169x300.jpg 169w, https:\/\/www.radiopiu.net\/wordpress\/wp-content\/uploads\/2022\/02\/9b4386c9-94a3-4d3c-b964-d4133e63e624-576x1024.jpg 576w, https:\/\/www.radiopiu.net\/wordpress\/wp-content\/uploads\/2022\/02\/9b4386c9-94a3-4d3c-b964-d4133e63e624-768x1365.jpg 768w, https:\/\/www.radiopiu.net\/wordpress\/wp-content\/uploads\/2022\/02\/9b4386c9-94a3-4d3c-b964-d4133e63e624-864x1536.jpg 864w, https:\/\/www.radiopiu.net\/wordpress\/wp-content\/uploads\/2022\/02\/9b4386c9-94a3-4d3c-b964-d4133e63e624.jpg 1152w\" sizes=\"auto, (max-width: 169px) 100vw, 169px\" \/><\/a>\n\t\t\t\t<\/dt><\/dl><dl class='gallery-item'>\n\t\t\t\t<dt class='gallery-icon portrait'>\n\t\t\t\t\t<a class=\"rollover rollover-zoom dt-pswp-item\" title=\"40c207fa-9608-4934-a3a4-36b780621882\" data-dt-img-description=\"\" data-large_image_width=\"1152\" data-large_image_height=\"2048\"href='https:\/\/www.radiopiu.net\/wordpress\/wp-content\/uploads\/2022\/02\/40c207fa-9608-4934-a3a4-36b780621882.jpg'><img loading=\"lazy\" decoding=\"async\" width=\"169\" height=\"300\" src=\"https:\/\/www.radiopiu.net\/wordpress\/wp-content\/uploads\/2022\/02\/40c207fa-9608-4934-a3a4-36b780621882-169x300.jpg\" class=\"attachment-medium size-medium\" alt=\"\" srcset=\"https:\/\/www.radiopiu.net\/wordpress\/wp-content\/uploads\/2022\/02\/40c207fa-9608-4934-a3a4-36b780621882-169x300.jpg 169w, https:\/\/www.radiopiu.net\/wordpress\/wp-content\/uploads\/2022\/02\/40c207fa-9608-4934-a3a4-36b780621882-576x1024.jpg 576w, https:\/\/www.radiopiu.net\/wordpress\/wp-content\/uploads\/2022\/02\/40c207fa-9608-4934-a3a4-36b780621882-768x1365.jpg 768w, https:\/\/www.radiopiu.net\/wordpress\/wp-content\/uploads\/2022\/02\/40c207fa-9608-4934-a3a4-36b780621882-864x1536.jpg 864w, https:\/\/www.radiopiu.net\/wordpress\/wp-content\/uploads\/2022\/02\/40c207fa-9608-4934-a3a4-36b780621882.jpg 1152w\" sizes=\"auto, (max-width: 169px) 100vw, 169px\" \/><\/a>\n\t\t\t\t<\/dt><\/dl><br style=\"clear: both\" \/>\n\t\t\t<\/div>\n\n<p><strong>\u00a0\u00a0<\/strong><\/p>\n<hr \/>\n<p>&nbsp;<\/p>\n<p><strong>15 km ALL&#8217;ARRIVO<\/strong><\/p>\n<p>Continua la gara er William Da Roit. Dopo la neve e la pioggia le temperature basse hanno ghiacciato la pista. ancora pochi km e ci sar\u00e0 l&#8217;arrivo.<\/p>\n<p><a href=\"https:\/\/www.radiopiu.net\/wordpress\/cala-il-buio-sulla-vasalopet\/c7db31f2-83fb-4437-923f-81f02745b4a3\/\" rel=\"attachment wp-att-259350\"><img loading=\"lazy\" decoding=\"async\" class=\"size-medium wp-image-259350 aligncenter\" src=\"https:\/\/www.radiopiu.net\/wordpress\/wp-content\/uploads\/2022\/02\/c7db31f2-83fb-4437-923f-81f02745b4a3-169x300.jpg\" alt=\"\" width=\"169\" height=\"300\" srcset=\"https:\/\/www.radiopiu.net\/wordpress\/wp-content\/uploads\/2022\/02\/c7db31f2-83fb-4437-923f-81f02745b4a3-169x300.jpg 169w, https:\/\/www.radiopiu.net\/wordpress\/wp-content\/uploads\/2022\/02\/c7db31f2-83fb-4437-923f-81f02745b4a3-575x1024.jpg 575w, https:\/\/www.radiopiu.net\/wordpress\/wp-content\/uploads\/2022\/02\/c7db31f2-83fb-4437-923f-81f02745b4a3-768x1367.jpg 768w, https:\/\/www.radiopiu.net\/wordpress\/wp-content\/uploads\/2022\/02\/c7db31f2-83fb-4437-923f-81f02745b4a3-863x1536.jpg 863w, https:\/\/www.radiopiu.net\/wordpress\/wp-content\/uploads\/2022\/02\/c7db31f2-83fb-4437-923f-81f02745b4a3.jpg 1124w\" sizes=\"auto, (max-width: 169px) 100vw, 169px\" \/><\/a><\/p>\n<p>&nbsp;<\/p>\n<hr \/>\n<p>&nbsp;<\/p>\n<p><strong>CALA IL BUIO SULLA VASALOPET DEL CENTENARIO<\/strong><\/p>\n<p>Inizia il buio, arriva la notte sulla Vasalopet del centenario e i concorrenti in gara non possono usare illuminazione artificiale. Per questo ci saranno degli accompagnatori a seguire i fondisti<\/p>\n\n\t\t\t<style type='text\/css'>\n\t\t\t\t#gallery-2 {\n\t\t\t\t\tmargin: auto;\n\t\t\t\t}\n\t\t\t\t#gallery-2 .gallery-item {\n\t\t\t\t\tfloat: left;\n\t\t\t\t\tmargin-top: 10px;\n\t\t\t\t\ttext-align: center;\n\t\t\t\t\twidth: 50%;\n\t\t\t\t}\n\t\t\t\t#gallery-2 img {\n\t\t\t\t\tborder: 2px solid #cfcfcf;\n\t\t\t\t}\n\t\t\t\t#gallery-2 .gallery-caption {\n\t\t\t\t\tmargin-left: 0;\n\t\t\t\t}\n\t\t\t\t\/* see gallery_shortcode() in wp-includes\/media.php *\/\n\t\t\t<\/style>\n\t\t<div id='gallery-2' class='dt-gallery-container gallery galleryid-220347 gallery-columns-2 gallery-size-medium'><dl class='gallery-item'>\n\t\t\t\t<dt class='gallery-icon portrait'>\n\t\t\t\t\t<a class=\"rollover rollover-zoom dt-pswp-item\" title=\"e4300851-f4e2-4ee0-91fe-89557f5241bb\" data-dt-img-description=\"\" data-large_image_width=\"899\" data-large_image_height=\"1600\"href='https:\/\/www.radiopiu.net\/wordpress\/wp-content\/uploads\/2022\/02\/e4300851-f4e2-4ee0-91fe-89557f5241bb.jpg'><img loading=\"lazy\" decoding=\"async\" width=\"169\" height=\"300\" src=\"https:\/\/www.radiopiu.net\/wordpress\/wp-content\/uploads\/2022\/02\/e4300851-f4e2-4ee0-91fe-89557f5241bb-169x300.jpg\" class=\"attachment-medium size-medium\" alt=\"\" srcset=\"https:\/\/www.radiopiu.net\/wordpress\/wp-content\/uploads\/2022\/02\/e4300851-f4e2-4ee0-91fe-89557f5241bb-169x300.jpg 169w, https:\/\/www.radiopiu.net\/wordpress\/wp-content\/uploads\/2022\/02\/e4300851-f4e2-4ee0-91fe-89557f5241bb-575x1024.jpg 575w, https:\/\/www.radiopiu.net\/wordpress\/wp-content\/uploads\/2022\/02\/e4300851-f4e2-4ee0-91fe-89557f5241bb-768x1367.jpg 768w, https:\/\/www.radiopiu.net\/wordpress\/wp-content\/uploads\/2022\/02\/e4300851-f4e2-4ee0-91fe-89557f5241bb-863x1536.jpg 863w, https:\/\/www.radiopiu.net\/wordpress\/wp-content\/uploads\/2022\/02\/e4300851-f4e2-4ee0-91fe-89557f5241bb.jpg 899w\" sizes=\"auto, (max-width: 169px) 100vw, 169px\" \/><\/a>\n\t\t\t\t<\/dt><\/dl><dl class='gallery-item'>\n\t\t\t\t<dt class='gallery-icon portrait'>\n\t\t\t\t\t<a class=\"rollover rollover-zoom dt-pswp-item\" title=\"a4554ad6-5ac6-47b7-9f8f-9f6eb51ec1fa\" data-dt-img-description=\"\" data-large_image_width=\"899\" data-large_image_height=\"1600\"href='https:\/\/www.radiopiu.net\/wordpress\/wp-content\/uploads\/2022\/02\/a4554ad6-5ac6-47b7-9f8f-9f6eb51ec1fa.jpg'><img loading=\"lazy\" decoding=\"async\" width=\"169\" height=\"300\" src=\"https:\/\/www.radiopiu.net\/wordpress\/wp-content\/uploads\/2022\/02\/a4554ad6-5ac6-47b7-9f8f-9f6eb51ec1fa-169x300.jpg\" class=\"attachment-medium size-medium\" alt=\"\" srcset=\"https:\/\/www.radiopiu.net\/wordpress\/wp-content\/uploads\/2022\/02\/a4554ad6-5ac6-47b7-9f8f-9f6eb51ec1fa-169x300.jpg 169w, https:\/\/www.radiopiu.net\/wordpress\/wp-content\/uploads\/2022\/02\/a4554ad6-5ac6-47b7-9f8f-9f6eb51ec1fa-575x1024.jpg 575w, https:\/\/www.radiopiu.net\/wordpress\/wp-content\/uploads\/2022\/02\/a4554ad6-5ac6-47b7-9f8f-9f6eb51ec1fa-768x1367.jpg 768w, https:\/\/www.radiopiu.net\/wordpress\/wp-content\/uploads\/2022\/02\/a4554ad6-5ac6-47b7-9f8f-9f6eb51ec1fa-863x1536.jpg 863w, https:\/\/www.radiopiu.net\/wordpress\/wp-content\/uploads\/2022\/02\/a4554ad6-5ac6-47b7-9f8f-9f6eb51ec1fa.jpg 899w\" sizes=\"auto, (max-width: 169px) 100vw, 169px\" \/><\/a>\n\t\t\t\t<\/dt><\/dl><br style=\"clear: both\" \/><dl class='gallery-item'>\n\t\t\t\t<dt class='gallery-icon portrait'>\n\t\t\t\t\t<a class=\"rollover rollover-zoom dt-pswp-item\" title=\"d25f75f3-f308-45f8-8dab-4bababd192c4\" data-dt-img-description=\"\" data-large_image_width=\"899\" data-large_image_height=\"1600\"href='https:\/\/www.radiopiu.net\/wordpress\/wp-content\/uploads\/2022\/02\/d25f75f3-f308-45f8-8dab-4bababd192c4.jpg'><img loading=\"lazy\" decoding=\"async\" width=\"169\" height=\"300\" src=\"https:\/\/www.radiopiu.net\/wordpress\/wp-content\/uploads\/2022\/02\/d25f75f3-f308-45f8-8dab-4bababd192c4-169x300.jpg\" class=\"attachment-medium size-medium\" alt=\"\" srcset=\"https:\/\/www.radiopiu.net\/wordpress\/wp-content\/uploads\/2022\/02\/d25f75f3-f308-45f8-8dab-4bababd192c4-169x300.jpg 169w, https:\/\/www.radiopiu.net\/wordpress\/wp-content\/uploads\/2022\/02\/d25f75f3-f308-45f8-8dab-4bababd192c4-575x1024.jpg 575w, https:\/\/www.radiopiu.net\/wordpress\/wp-content\/uploads\/2022\/02\/d25f75f3-f308-45f8-8dab-4bababd192c4-768x1367.jpg 768w, https:\/\/www.radiopiu.net\/wordpress\/wp-content\/uploads\/2022\/02\/d25f75f3-f308-45f8-8dab-4bababd192c4-863x1536.jpg 863w, https:\/\/www.radiopiu.net\/wordpress\/wp-content\/uploads\/2022\/02\/d25f75f3-f308-45f8-8dab-4bababd192c4.jpg 899w\" sizes=\"auto, (max-width: 169px) 100vw, 169px\" \/><\/a>\n\t\t\t\t<\/dt><\/dl><dl class='gallery-item'>\n\t\t\t\t<dt class='gallery-icon portrait'>\n\t\t\t\t\t<a class=\"rollover rollover-zoom dt-pswp-item\" title=\"f70662bd-52dd-4ef9-a203-90e7bd560401\" data-dt-img-description=\"\" data-large_image_width=\"899\" data-large_image_height=\"1600\"href='https:\/\/www.radiopiu.net\/wordpress\/wp-content\/uploads\/2022\/02\/f70662bd-52dd-4ef9-a203-90e7bd560401.jpg'><img loading=\"lazy\" decoding=\"async\" width=\"169\" height=\"300\" src=\"https:\/\/www.radiopiu.net\/wordpress\/wp-content\/uploads\/2022\/02\/f70662bd-52dd-4ef9-a203-90e7bd560401-169x300.jpg\" class=\"attachment-medium size-medium\" alt=\"\" srcset=\"https:\/\/www.radiopiu.net\/wordpress\/wp-content\/uploads\/2022\/02\/f70662bd-52dd-4ef9-a203-90e7bd560401-169x300.jpg 169w, https:\/\/www.radiopiu.net\/wordpress\/wp-content\/uploads\/2022\/02\/f70662bd-52dd-4ef9-a203-90e7bd560401-575x1024.jpg 575w, https:\/\/www.radiopiu.net\/wordpress\/wp-content\/uploads\/2022\/02\/f70662bd-52dd-4ef9-a203-90e7bd560401-768x1367.jpg 768w, https:\/\/www.radiopiu.net\/wordpress\/wp-content\/uploads\/2022\/02\/f70662bd-52dd-4ef9-a203-90e7bd560401-863x1536.jpg 863w, https:\/\/www.radiopiu.net\/wordpress\/wp-content\/uploads\/2022\/02\/f70662bd-52dd-4ef9-a203-90e7bd560401.jpg 899w\" sizes=\"auto, (max-width: 169px) 100vw, 169px\" \/><\/a>\n\t\t\t\t<\/dt><\/dl><br style=\"clear: both\" \/>\n\t\t\t<\/div>\n\n<p>&nbsp;<\/p>\n<p>&nbsp;<\/p>\n<hr \/>\n<p>&nbsp;<\/p>\n<p><strong>SECONDO RISTORO &#8211; Evertsberg<\/strong><\/p>\n<p>William \u00e8 arrivato al secondo ristoro ad Evertsberg, poco dopo met\u00e0 tracciato. Inizia a nevicare e nell&#8217;occasione i tecnici hanno sistemato gli sci con sciolina e paraffina per poter scorrere pi\u00f9 veloce sulla neve.<\/p>\n\n\t\t\t<style type='text\/css'>\n\t\t\t\t#gallery-3 {\n\t\t\t\t\tmargin: auto;\n\t\t\t\t}\n\t\t\t\t#gallery-3 .gallery-item {\n\t\t\t\t\tfloat: left;\n\t\t\t\t\tmargin-top: 10px;\n\t\t\t\t\ttext-align: center;\n\t\t\t\t\twidth: 50%;\n\t\t\t\t}\n\t\t\t\t#gallery-3 img {\n\t\t\t\t\tborder: 2px solid #cfcfcf;\n\t\t\t\t}\n\t\t\t\t#gallery-3 .gallery-caption {\n\t\t\t\t\tmargin-left: 0;\n\t\t\t\t}\n\t\t\t\t\/* see gallery_shortcode() in wp-includes\/media.php *\/\n\t\t\t<\/style>\n\t\t<div id='gallery-3' class='dt-gallery-container gallery galleryid-220347 gallery-columns-2 gallery-size-medium'><dl class='gallery-item'>\n\t\t\t\t<dt class='gallery-icon portrait'>\n\t\t\t\t\t<a class=\"rollover rollover-zoom dt-pswp-item\" title=\"e41b2839-8989-4b5c-b626-9130397ad13e\" data-dt-img-description=\"\" data-large_image_width=\"899\" data-large_image_height=\"1600\"href='https:\/\/www.radiopiu.net\/wordpress\/wp-content\/uploads\/2022\/02\/e41b2839-8989-4b5c-b626-9130397ad13e.jpg'><img loading=\"lazy\" decoding=\"async\" width=\"169\" height=\"300\" src=\"https:\/\/www.radiopiu.net\/wordpress\/wp-content\/uploads\/2022\/02\/e41b2839-8989-4b5c-b626-9130397ad13e-169x300.jpg\" class=\"attachment-medium size-medium\" alt=\"\" srcset=\"https:\/\/www.radiopiu.net\/wordpress\/wp-content\/uploads\/2022\/02\/e41b2839-8989-4b5c-b626-9130397ad13e-169x300.jpg 169w, https:\/\/www.radiopiu.net\/wordpress\/wp-content\/uploads\/2022\/02\/e41b2839-8989-4b5c-b626-9130397ad13e-575x1024.jpg 575w, https:\/\/www.radiopiu.net\/wordpress\/wp-content\/uploads\/2022\/02\/e41b2839-8989-4b5c-b626-9130397ad13e-768x1367.jpg 768w, https:\/\/www.radiopiu.net\/wordpress\/wp-content\/uploads\/2022\/02\/e41b2839-8989-4b5c-b626-9130397ad13e-863x1536.jpg 863w, https:\/\/www.radiopiu.net\/wordpress\/wp-content\/uploads\/2022\/02\/e41b2839-8989-4b5c-b626-9130397ad13e.jpg 899w\" sizes=\"auto, (max-width: 169px) 100vw, 169px\" \/><\/a>\n\t\t\t\t<\/dt><\/dl><dl class='gallery-item'>\n\t\t\t\t<dt class='gallery-icon portrait'>\n\t\t\t\t\t<a class=\"rollover rollover-zoom dt-pswp-item\" title=\"ae11ad16-836a-43fa-9730-71b076b11dad\" data-dt-img-description=\"\" data-large_image_width=\"899\" data-large_image_height=\"1600\"href='https:\/\/www.radiopiu.net\/wordpress\/wp-content\/uploads\/2022\/02\/ae11ad16-836a-43fa-9730-71b076b11dad.jpg'><img loading=\"lazy\" decoding=\"async\" width=\"169\" height=\"300\" src=\"https:\/\/www.radiopiu.net\/wordpress\/wp-content\/uploads\/2022\/02\/ae11ad16-836a-43fa-9730-71b076b11dad-169x300.jpg\" class=\"attachment-medium size-medium\" alt=\"\" srcset=\"https:\/\/www.radiopiu.net\/wordpress\/wp-content\/uploads\/2022\/02\/ae11ad16-836a-43fa-9730-71b076b11dad-169x300.jpg 169w, https:\/\/www.radiopiu.net\/wordpress\/wp-content\/uploads\/2022\/02\/ae11ad16-836a-43fa-9730-71b076b11dad-575x1024.jpg 575w, https:\/\/www.radiopiu.net\/wordpress\/wp-content\/uploads\/2022\/02\/ae11ad16-836a-43fa-9730-71b076b11dad-768x1367.jpg 768w, https:\/\/www.radiopiu.net\/wordpress\/wp-content\/uploads\/2022\/02\/ae11ad16-836a-43fa-9730-71b076b11dad-863x1536.jpg 863w, https:\/\/www.radiopiu.net\/wordpress\/wp-content\/uploads\/2022\/02\/ae11ad16-836a-43fa-9730-71b076b11dad.jpg 899w\" sizes=\"auto, (max-width: 169px) 100vw, 169px\" \/><\/a>\n\t\t\t\t<\/dt><\/dl><br style=\"clear: both\" \/>\n\t\t\t<\/div>\n\n<p>&nbsp;<\/p>\n<div style=\"width: 848px;\" class=\"wp-video\"><video class=\"wp-video-shortcode\" id=\"video-220347-2\" width=\"848\" height=\"480\" preload=\"metadata\" controls=\"controls\"><source type=\"video\/mp4\" src=\"https:\/\/www.radiopiu.net\/wordpress\/wp-content\/uploads\/2022\/02\/WhatsApp-Video-2022-02-12-at-16.18.56.mp4?_=2\" \/><a href=\"https:\/\/www.radiopiu.net\/wordpress\/wp-content\/uploads\/2022\/02\/WhatsApp-Video-2022-02-12-at-16.18.56.mp4\">https:\/\/www.radiopiu.net\/wordpress\/wp-content\/uploads\/2022\/02\/WhatsApp-Video-2022-02-12-at-16.18.56.mp4<\/a><\/video><\/div>\n<p>&nbsp;<\/p>\n<hr \/>\n<p>&nbsp;<\/p>\n<p><strong><a href=\"https:\/\/www.radiopiu.net\/wordpress\/vasajubila\/44cd430a-5e44-4c2a-8061-becdfa9f53c4\/\" rel=\"attachment wp-att-259289\"><img loading=\"lazy\" decoding=\"async\" class=\"size-medium wp-image-259289 alignleft\" src=\"https:\/\/www.radiopiu.net\/wordpress\/wp-content\/uploads\/2022\/02\/44cd430a-5e44-4c2a-8061-becdfa9f53c4-169x300.jpg\" alt=\"\" width=\"169\" height=\"300\" srcset=\"https:\/\/www.radiopiu.net\/wordpress\/wp-content\/uploads\/2022\/02\/44cd430a-5e44-4c2a-8061-becdfa9f53c4-169x300.jpg 169w, https:\/\/www.radiopiu.net\/wordpress\/wp-content\/uploads\/2022\/02\/44cd430a-5e44-4c2a-8061-becdfa9f53c4-575x1024.jpg 575w, https:\/\/www.radiopiu.net\/wordpress\/wp-content\/uploads\/2022\/02\/44cd430a-5e44-4c2a-8061-becdfa9f53c4-768x1367.jpg 768w, https:\/\/www.radiopiu.net\/wordpress\/wp-content\/uploads\/2022\/02\/44cd430a-5e44-4c2a-8061-becdfa9f53c4-863x1536.jpg 863w, https:\/\/www.radiopiu.net\/wordpress\/wp-content\/uploads\/2022\/02\/44cd430a-5e44-4c2a-8061-becdfa9f53c4.jpg 899w\" sizes=\"auto, (max-width: 169px) 100vw, 169px\" \/><\/a><\/strong><strong>\u00a0<\/strong><\/p>\n<p><strong>\u00a0<\/strong><\/p>\n<p><strong>\u00a0<\/strong><\/p>\n<p><strong>PRIMO RISTORO &#8211; 28\u00b0 KM<\/strong><\/p>\n<p>William \u00e8 arrivato al primo ristoro che corrisponde al 28\u00b0 km di gara. Sta bene ma gli sci non aiutano l&#8217;agordino che non\u00a0 riesce a farli scorrere come vorrebbe. Al prossimo ristoro si faranno delle modifiche.<\/p>\n<p>&nbsp;<\/p>\n<p>&nbsp;<\/p>\n<p>&nbsp;<\/p>\n<p>&nbsp;<\/p>\n<p>&nbsp;<\/p>\n<p>&nbsp;<\/p>\n<hr \/>\n<p>&nbsp;<\/p>\n<p>&nbsp;<\/p>\n<div style=\"width: 640px;\" class=\"wp-video\"><video class=\"wp-video-shortcode\" id=\"video-220347-3\" width=\"640\" height=\"352\" preload=\"metadata\" controls=\"controls\"><source type=\"video\/mp4\" src=\"https:\/\/www.radiopiu.net\/wordpress\/wp-content\/uploads\/2022\/02\/WhatsApp-Video-2022-02-12-at-07.11.06.mp4?_=3\" \/><a href=\"https:\/\/www.radiopiu.net\/wordpress\/wp-content\/uploads\/2022\/02\/WhatsApp-Video-2022-02-12-at-07.11.06.mp4\">https:\/\/www.radiopiu.net\/wordpress\/wp-content\/uploads\/2022\/02\/WhatsApp-Video-2022-02-12-at-07.11.06.mp4<\/a><\/video><\/div>\n<p>&nbsp;<\/p>\n<p>&nbsp;<\/p>\n<p>&nbsp;<\/p>\n<p><strong><a href=\"https:\/\/www.radiopiu.net\/wordpress\/vasajubil\/222421d9-5c91-4dd0-84b2-c7aa3a1e4971\/\" rel=\"attachment wp-att-259277\"><img loading=\"lazy\" decoding=\"async\" class=\"size-medium wp-image-259277 alignleft\" src=\"https:\/\/www.radiopiu.net\/wordpress\/wp-content\/uploads\/2022\/02\/222421d9-5c91-4dd0-84b2-c7aa3a1e4971-169x300.jpg\" alt=\"\" width=\"169\" height=\"300\" srcset=\"https:\/\/www.radiopiu.net\/wordpress\/wp-content\/uploads\/2022\/02\/222421d9-5c91-4dd0-84b2-c7aa3a1e4971-169x300.jpg 169w, https:\/\/www.radiopiu.net\/wordpress\/wp-content\/uploads\/2022\/02\/222421d9-5c91-4dd0-84b2-c7aa3a1e4971-575x1024.jpg 575w, https:\/\/www.radiopiu.net\/wordpress\/wp-content\/uploads\/2022\/02\/222421d9-5c91-4dd0-84b2-c7aa3a1e4971-768x1367.jpg 768w, https:\/\/www.radiopiu.net\/wordpress\/wp-content\/uploads\/2022\/02\/222421d9-5c91-4dd0-84b2-c7aa3a1e4971-863x1536.jpg 863w, https:\/\/www.radiopiu.net\/wordpress\/wp-content\/uploads\/2022\/02\/222421d9-5c91-4dd0-84b2-c7aa3a1e4971.jpg 899w\" sizes=\"auto, (max-width: 169px) 100vw, 169px\" \/><\/a><\/strong><\/p>\n<p>&nbsp;<\/p>\n<p>&nbsp;<\/p>\n<p>&nbsp;<\/p>\n<p>&nbsp;<\/p>\n<p>&nbsp;<\/p>\n<p><strong>REDAZIONE<\/strong> Ci siamo! William \u00e8 in Svezia ed \u00e8 l&#8217;unico italiano con sci ed attrezzatura d&#8217;epoca per festeggiare il centenario.<br \/>\n<strong>dal giornale radio delle 9.30 di Claudio Fontanive<\/strong><\/p>\n<audio class=\"wp-audio-shortcode\" id=\"audio-220347-2\" preload=\"none\" style=\"width: 100%;\" controls=\"controls\"><source type=\"audio\/mpeg\" src=\"https:\/\/www.radiopiu.net\/wordpress\/wp-content\/uploads\/2022\/02\/william-da-roit.mp3?_=2\" \/><a href=\"https:\/\/www.radiopiu.net\/wordpress\/wp-content\/uploads\/2022\/02\/william-da-roit.mp3\">https:\/\/www.radiopiu.net\/wordpress\/wp-content\/uploads\/2022\/02\/william-da-roit.mp3<\/a><\/audio>\n<p>&nbsp;<\/p>\n\n\t\t\t<style type='text\/css'>\n\t\t\t\t#gallery-4 {\n\t\t\t\t\tmargin: auto;\n\t\t\t\t}\n\t\t\t\t#gallery-4 .gallery-item {\n\t\t\t\t\tfloat: left;\n\t\t\t\t\tmargin-top: 10px;\n\t\t\t\t\ttext-align: center;\n\t\t\t\t\twidth: 25%;\n\t\t\t\t}\n\t\t\t\t#gallery-4 img {\n\t\t\t\t\tborder: 2px solid #cfcfcf;\n\t\t\t\t}\n\t\t\t\t#gallery-4 .gallery-caption {\n\t\t\t\t\tmargin-left: 0;\n\t\t\t\t}\n\t\t\t\t\/* see gallery_shortcode() in wp-includes\/media.php *\/\n\t\t\t<\/style>\n\t\t<div id='gallery-4' class='dt-gallery-container gallery galleryid-220347 gallery-columns-4 gallery-size-thumbnail'><dl class='gallery-item'>\n\t\t\t\t<dt class='gallery-icon landscape'>\n\t\t\t\t\t<a class=\"rollover rollover-zoom dt-pswp-item\" title=\"86112a36-a65a-4aa2-8b76-d2564f7e2eb3\" data-dt-img-description=\"\" data-large_image_width=\"1600\" data-large_image_height=\"1200\"href='https:\/\/www.radiopiu.net\/wordpress\/wp-content\/uploads\/2022\/02\/86112a36-a65a-4aa2-8b76-d2564f7e2eb3.jpg'><img loading=\"lazy\" decoding=\"async\" width=\"150\" height=\"150\" src=\"https:\/\/www.radiopiu.net\/wordpress\/wp-content\/uploads\/2022\/02\/86112a36-a65a-4aa2-8b76-d2564f7e2eb3-150x150.jpg\" class=\"attachment-thumbnail size-thumbnail\" alt=\"\" \/><\/a>\n\t\t\t\t<\/dt><\/dl><dl class='gallery-item'>\n\t\t\t\t<dt class='gallery-icon landscape'>\n\t\t\t\t\t<a class=\"rollover rollover-zoom dt-pswp-item\" title=\"9f43e261-6a34-4a81-bfa0-05845765c628\" data-dt-img-description=\"\" data-large_image_width=\"1600\" data-large_image_height=\"1200\"href='https:\/\/www.radiopiu.net\/wordpress\/wp-content\/uploads\/2022\/02\/9f43e261-6a34-4a81-bfa0-05845765c628.jpg'><img loading=\"lazy\" decoding=\"async\" width=\"150\" height=\"150\" src=\"https:\/\/www.radiopiu.net\/wordpress\/wp-content\/uploads\/2022\/02\/9f43e261-6a34-4a81-bfa0-05845765c628-150x150.jpg\" class=\"attachment-thumbnail size-thumbnail\" alt=\"\" \/><\/a>\n\t\t\t\t<\/dt><\/dl><dl class='gallery-item'>\n\t\t\t\t<dt class='gallery-icon portrait'>\n\t\t\t\t\t<a class=\"rollover rollover-zoom dt-pswp-item\" title=\"7c2c02d3-d08d-4437-9303-8608a0367aba\" data-dt-img-description=\"\" data-large_image_width=\"1200\" data-large_image_height=\"1600\"href='https:\/\/www.radiopiu.net\/wordpress\/wp-content\/uploads\/2022\/02\/7c2c02d3-d08d-4437-9303-8608a0367aba.jpg'><img loading=\"lazy\" decoding=\"async\" width=\"150\" height=\"150\" src=\"https:\/\/www.radiopiu.net\/wordpress\/wp-content\/uploads\/2022\/02\/7c2c02d3-d08d-4437-9303-8608a0367aba-150x150.jpg\" class=\"attachment-thumbnail size-thumbnail\" alt=\"\" \/><\/a>\n\t\t\t\t<\/dt><\/dl><dl class='gallery-item'>\n\t\t\t\t<dt class='gallery-icon portrait'>\n\t\t\t\t\t<a class=\"rollover rollover-zoom dt-pswp-item\" title=\"cf653aa4-9b1b-4a6c-aa64-c35f39d88ab5\" data-dt-img-description=\"\" data-large_image_width=\"1396\" data-large_image_height=\"2048\"href='https:\/\/www.radiopiu.net\/wordpress\/wp-content\/uploads\/2022\/02\/cf653aa4-9b1b-4a6c-aa64-c35f39d88ab5.jpg'><img loading=\"lazy\" decoding=\"async\" width=\"150\" height=\"150\" src=\"https:\/\/www.radiopiu.net\/wordpress\/wp-content\/uploads\/2022\/02\/cf653aa4-9b1b-4a6c-aa64-c35f39d88ab5-150x150.jpg\" class=\"attachment-thumbnail size-thumbnail\" alt=\"\" \/><\/a>\n\t\t\t\t<\/dt><\/dl><br style=\"clear: both\" \/>\n\t\t\t<\/div>\n\n<p>&nbsp;<\/p>\n<p>&nbsp;<\/p>\n<p>&nbsp;<\/p>\n<p>&nbsp;<\/p>\n<hr \/>\n<h3><span style=\"color: #ff0000;\">\u00a0<\/span><\/h3>\n<h3><span style=\"color: #ff0000;\">GIORNALE RADIO DEL 7 LUGLIO 2021<\/span><\/h3>\n<blockquote>\n<h2>WILLIAM DA ROIT TRA GLI STRANIERI SCELTI PER COMMEMORARE I 100 ANNI DELLA VASALOPET<\/h2>\n<\/blockquote>\n<p><strong><a href=\"https:\/\/www.radiopiu.net\/wordpress\/william-da-roit-tra-gli-stranieri-scelti-per-commemorare-i-100-anni-della-vasalopet\/89acbae5-3daf-43c0-9218-b0d7bba9f308\/\" rel=\"attachment wp-att-220348\"><img loading=\"lazy\" decoding=\"async\" class=\"size-medium wp-image-220348 alignleft\" src=\"https:\/\/www.radiopiu.net\/wordpress\/wp-content\/uploads\/2021\/07\/89acbae5-3daf-43c0-9218-b0d7bba9f308-300x225.jpg\" alt=\"\" width=\"300\" height=\"225\" srcset=\"https:\/\/www.radiopiu.net\/wordpress\/wp-content\/uploads\/2021\/07\/89acbae5-3daf-43c0-9218-b0d7bba9f308-300x225.jpg 300w, https:\/\/www.radiopiu.net\/wordpress\/wp-content\/uploads\/2021\/07\/89acbae5-3daf-43c0-9218-b0d7bba9f308-1024x768.jpg 1024w, https:\/\/www.radiopiu.net\/wordpress\/wp-content\/uploads\/2021\/07\/89acbae5-3daf-43c0-9218-b0d7bba9f308-768x576.jpg 768w, https:\/\/www.radiopiu.net\/wordpress\/wp-content\/uploads\/2021\/07\/89acbae5-3daf-43c0-9218-b0d7bba9f308.jpg 1280w\" sizes=\"auto, (max-width: 300px) 100vw, 300px\" \/><\/a>LA VALLE<\/strong> La vita \u00e8 fatta di fatiche e William Da Roit lo sa bene. Sia nella vita lavorativa che in quella sportiva. L&#8217;ultramaratoneta, ma non solo, di La Valle \u00e8 stato scelto per partecipare Il prossimo 12 febbraio in Svezia alla Jubileumvasan, una gara commemorativa per festeggiare i cento anni dalla prima edizione della Vasaloppet, nella quale saranno ricreate le condizioni di gara che vennero trovate in quella occasione e si garegger\u00e0 con i materiali di allora. Tante le richieste di partecipazione che sono pervenute, addirittura 548, che hanno portato gli organizzatori a selezionare i 139 sciatori che con gli sci di legno affronteranno il percorso di 90 km da S\u00e4len a Mora. Tra i partecipanti anche quattro vincitori della competizione, come Staffan Larsson, Daniel Tynell, Oskar Sv\u00e4rd e Henrik Eriksson. Tra gli stranieri sono stati selezionati 15 fondisti e tra loro c&#8217;\u00e8 anche l&#8217;agordino William Da Roit. William aveva gi\u00e0 partecipato alla Vasalopet nel 2010 e lo scorso anno in Canada ha concluso con successo il circuito Worldlopet delle principali gare di sci di fondo in giro per il mondo. Una bella soddisfazione per il lavallese che voler\u00e0 in Svezia nel 2022.<\/p>\n<p>&nbsp;<\/p>\n<h3><\/h3>\n<hr \/>\n<h3><span style=\"color: #ff0000;\">GIORNALE RADIO DELL&#8217;11 GENNAIO 2022<\/span><\/h3>\n<blockquote>\n<h2>A FEBBRAIO LA JUBILEUMSVASAN<\/h2>\n<h3>\u00a0ANCHE CON WILLIAM DA ROIT<\/h3>\n<\/blockquote>\n<div class=\"kvgmc6g5 cxmmr5t8 oygrvhab hcukyx3x c1et5uql ii04i59q\">\n<div dir=\"auto\"><strong><a href=\"https:\/\/www.radiopiu.net\/wordpress\/giornale-radiopiu-11-gennaio-2022-direttore-mirko-mezzacasa\/271687129_5092413854126295_3229862098094273248_n\/\" rel=\"attachment wp-att-253338\"><img loading=\"lazy\" decoding=\"async\" class=\"wp-image-253338 alignleft\" src=\"https:\/\/www.radiopiu.net\/wordpress\/wp-content\/uploads\/2022\/01\/271687129_5092413854126295_3229862098094273248_n-300x208.jpg\" alt=\"\" width=\"199\" height=\"138\" srcset=\"https:\/\/www.radiopiu.net\/wordpress\/wp-content\/uploads\/2022\/01\/271687129_5092413854126295_3229862098094273248_n-300x208.jpg 300w, https:\/\/www.radiopiu.net\/wordpress\/wp-content\/uploads\/2022\/01\/271687129_5092413854126295_3229862098094273248_n-768x532.jpg 768w, https:\/\/www.radiopiu.net\/wordpress\/wp-content\/uploads\/2022\/01\/271687129_5092413854126295_3229862098094273248_n.jpg 779w\" sizes=\"auto, (max-width: 199px) 100vw, 199px\" \/><\/a>CESIOMAGGIORE<\/strong> Il 12 febbraio si terr\u00e0 la &#8220;Jubileumsvasan&#8221; per i 100 anni della &#8220;Vasaloppet&#8221;, la manifestazione di sci di fondo pi\u00f9 importante al mondo. E&#8217; un percorso di 90km da S\u00e4len a Mora (Svezia) che ricalca la prima edizione storica del 1922. L&#8217;attrezzatura \u00e8 composta solo da scii e abbigliamento storico anni &#8217;20. I partecipanti sono 139 (stesso numero della primissima edizione), di cui 3 italiani, tutti veneti: Ornella Mortagna (Cesiomaggiore &#8211; BL) &#8211; Mauro Vaccari (Cesiomaggiore &#8211; BL) &#8211; Da Roit William (La Valle Agordina &#8211; BL). <span class=\"pq6dq46d tbxw36s4 knj5qynh kvgmc6g5 ditlmg2l oygrvhab nvdbi5me sf5mxxl7 gl3lb2sf hhz5lgdu\"><img loading=\"lazy\" decoding=\"async\" src=\"https:\/\/static.xx.fbcdn.net\/images\/emoji.php\/v9\/t4f\/1\/16\/1f3bf.png\" alt=\"&#x1f3bf;\" width=\"16\" height=\"16\" \/><\/span><\/div>\n<\/div>\n<div class=\"cxmmr5t8 oygrvhab hcukyx3x c1et5uql o9v6fnle ii04i59q\">\n<div dir=\"auto\">Qui sotto trovate alcuni link utili sull&#8217;argomento:<\/div>\n<\/div>\n<div class=\"cxmmr5t8 oygrvhab hcukyx3x c1et5uql o9v6fnle ii04i59q\">\n<div dir=\"auto\"><a class=\"oajrlxb2 g5ia77u1 qu0x051f esr5mh6w e9989ue4 r7d6kgcz rq0escxv nhd2j8a9 nc684nl6 p7hjln8o kvgmc6g5 cxmmr5t8 oygrvhab hcukyx3x jb3vyjys rz4wbd8a qt6c0cv9 a8nywdso i1ao9s8h esuyzwwr f1sip0of lzcic4wl gpro0wi8 py34i1dx\" tabindex=\"0\" role=\"link\" href=\"https:\/\/www.vasaloppet.se\/en\/100years\/jubileumsvasan\/?fbclid=IwAR01dyoedb2jQbWYlCSGvwfj66swlnuiEZowEHk5NPUttbMhHbm5ZeXrM6w\" target=\"_blank\" rel=\"nofollow noopener\">https:\/\/www.vasaloppet.se\/en\/100years\/jubileumsvasan\/<\/a><\/div>\n<\/div>\n<div class=\"cxmmr5t8 oygrvhab hcukyx3x c1et5uql o9v6fnle ii04i59q\">\n<div dir=\"auto\"><a class=\"oajrlxb2 g5ia77u1 qu0x051f esr5mh6w e9989ue4 r7d6kgcz rq0escxv nhd2j8a9 nc684nl6 p7hjln8o kvgmc6g5 cxmmr5t8 oygrvhab hcukyx3x jb3vyjys rz4wbd8a qt6c0cv9 a8nywdso i1ao9s8h esuyzwwr f1sip0of lzcic4wl gpro0wi8 oo9gr5id lrazzd5p\" tabindex=\"0\" role=\"link\" href=\"https:\/\/www.facebook.com\/groups\/337996158078876\/posts\/392853955926429\/?__cft__[0]=AZVSO8A2HYTjhv567w8-mplgXr2o6r0q-7QijYuAhIBLUOb-UcCOCB4ICslMN6p3KQOqpAphhafsfVDp6TmC3QuJhIEBOGafwYdcU9WKJsX-2pKBkBk_b3PTv1Xj-dGNb9HLHnUYwR8JVcaiyMr3-bYg&amp;__tn__=-UK-R\">https:\/\/www.facebook.com\/groups\/337996158078876\/permalink\/392853955926429\/\u00a0<\/a><\/div>\n<\/div>\n<div dir=\"auto\"><\/div>\n<div dir=\"auto\"><\/div>\n<div dir=\"auto\"><\/div>\n<div dir=\"auto\">\n<hr \/>\n<\/div>\n<div class=\"cxmmr5t8 oygrvhab hcukyx3x c1et5uql o9v6fnle ii04i59q\">\n<div dir=\"auto\"><\/div>\n<div dir=\"auto\">\n<h3><span style=\"color: #ff0000;\">GIORNALE RADIO DEL9 FEBBRAIO\u00a0 2022<\/span><\/h3>\n<\/div>\n<div dir=\"auto\"><\/div>\n<div dir=\"auto\">\n<p><strong><a href=\"https:\/\/www.radiopiu.net\/wordpress\/buon-viaggio-william-vasa-jubileum-2022\/35fb4215-2363-4a0d-b9a2-0da63209a2a1\/\" rel=\"attachment wp-att-258715\"><img loading=\"lazy\" decoding=\"async\" class=\"wp-image-258715 alignleft\" src=\"https:\/\/www.radiopiu.net\/wordpress\/wp-content\/uploads\/2022\/02\/35fb4215-2363-4a0d-b9a2-0da63209a2a1-300x169.jpg\" alt=\"\" width=\"218\" height=\"123\" srcset=\"https:\/\/www.radiopiu.net\/wordpress\/wp-content\/uploads\/2022\/02\/35fb4215-2363-4a0d-b9a2-0da63209a2a1-300x169.jpg 300w, https:\/\/www.radiopiu.net\/wordpress\/wp-content\/uploads\/2022\/02\/35fb4215-2363-4a0d-b9a2-0da63209a2a1-1024x576.jpg 1024w, https:\/\/www.radiopiu.net\/wordpress\/wp-content\/uploads\/2022\/02\/35fb4215-2363-4a0d-b9a2-0da63209a2a1-768x432.jpg 768w, https:\/\/www.radiopiu.net\/wordpress\/wp-content\/uploads\/2022\/02\/35fb4215-2363-4a0d-b9a2-0da63209a2a1-1536x864.jpg 1536w, https:\/\/www.radiopiu.net\/wordpress\/wp-content\/uploads\/2022\/02\/35fb4215-2363-4a0d-b9a2-0da63209a2a1.jpg 1599w\" sizes=\"auto, (max-width: 218px) 100vw, 218px\" \/><\/a>di\u00a0 JOHN FRANCIS DELLA PIETRA<\/strong><\/p>\n<p><strong>\u00a0<\/strong><\/p>\n<p><strong>\u00a0<\/strong><\/p>\n<p><strong>AUDIO Vasa jubileum 2022<\/strong><\/p>\n<p>&nbsp;<\/p>\n<audio class=\"wp-audio-shortcode\" id=\"audio-220347-3\" preload=\"none\" style=\"width: 100%;\" controls=\"controls\"><source type=\"audio\/mpeg\" src=\"https:\/\/www.radiopiu.net\/wordpress\/wp-content\/uploads\/2022\/02\/JOHN-1.mp3?_=3\" \/><a href=\"https:\/\/www.radiopiu.net\/wordpress\/wp-content\/uploads\/2022\/02\/JOHN-1.mp3\">https:\/\/www.radiopiu.net\/wordpress\/wp-content\/uploads\/2022\/02\/JOHN-1.mp3<\/a><\/audio>\n<p>&nbsp;<\/p>\n<\/div>\n<div dir=\"auto\"><\/div>\n<\/div>\n<p>&nbsp;<\/p>\n<p>****<\/p>\n","protected":false},"excerpt":{"rendered":"<p>WILLIAM DA ROIT E FEDERICO DE COL NEL POST VASALOPPET CLASSIC di Claudio Fontanive OSPITI: William Da Roit e Federico De Col &nbsp; IL VIDEO &nbsp; \u00a0 14\u00a0 L&#8217;ARRIVO DI WILLIAM DOPO I 90 KM DI GARA William \u00e8 arrivato al traguardo a notte ormai inoltrata. Terminata la Vasaloppet del centenario, 90 km in tecnica&hellip;<\/p>\n","protected":false},"author":4,"featured_media":259358,"comment_status":"closed","ping_status":"closed","sticky":false,"template":"","format":"standard","meta":{"_monsterinsights_skip_tracking":false,"_monsterinsights_sitenote_active":false,"_monsterinsights_sitenote_note":"","_monsterinsights_sitenote_category":0,"footnotes":""},"categories":[49],"tags":[],"class_list":["post-220347","post","type-post","status-publish","format-standard","has-post-thumbnail","hentry","category-news-18","category-49","description-off"],"img_url":"https:\/\/www.radiopiu.net\/wordpress\/wp-content\/uploads\/2022\/02\/273858293_2777577062547592_6582652644398626350_n.jpg","_links":{"self":[{"href":"https:\/\/www.radiopiu.net\/wordpress\/wp-json\/wp\/v2\/posts\/220347","targetHints":{"allow":["GET"]}}],"collection":[{"href":"https:\/\/www.radiopiu.net\/wordpress\/wp-json\/wp\/v2\/posts"}],"about":[{"href":"https:\/\/www.radiopiu.net\/wordpress\/wp-json\/wp\/v2\/types\/post"}],"author":[{"embeddable":true,"href":"https:\/\/www.radiopiu.net\/wordpress\/wp-json\/wp\/v2\/users\/4"}],"replies":[{"embeddable":true,"href":"https:\/\/www.radiopiu.net\/wordpress\/wp-json\/wp\/v2\/comments?post=220347"}],"version-history":[{"count":0,"href":"https:\/\/www.radiopiu.net\/wordpress\/wp-json\/wp\/v2\/posts\/220347\/revisions"}],"wp:featuredmedia":[{"embeddable":true,"href":"https:\/\/www.radiopiu.net\/wordpress\/wp-json\/wp\/v2\/media\/259358"}],"wp:attachment":[{"href":"https:\/\/www.radiopiu.net\/wordpress\/wp-json\/wp\/v2\/media?parent=220347"}],"wp:term":[{"taxonomy":"category","embeddable":true,"href":"https:\/\/www.radiopiu.net\/wordpress\/wp-json\/wp\/v2\/categories?post=220347"},{"taxonomy":"post_tag","embeddable":true,"href":"https:\/\/www.radiopiu.net\/wordpress\/wp-json\/wp\/v2\/tags?post=220347"}],"curies":[{"name":"wp","href":"https:\/\/api.w.org\/{rel}","templated":true}]}}