{"id":220363,"date":"2021-07-07T10:07:03","date_gmt":"2021-07-07T08:07:03","guid":{"rendered":"https:\/\/www.radiopiu.net\/wordpress\/?p=220363"},"modified":"2021-07-07T10:07:04","modified_gmt":"2021-07-07T08:07:04","slug":"nonni-e-nipoti-al-musal-il-10-luglio-la-giornata-mondiale-dei-nonni-e-degli-anziani","status":"publish","type":"post","link":"https:\/\/www.radiopiu.net\/wordpress\/nonni-e-nipoti-al-musal-il-10-luglio-la-giornata-mondiale-dei-nonni-e-degli-anziani\/","title":{"rendered":"NONNI E NIPOTI AL MUSAL. IL 10 LUGLIO LA GIORNATA MONDIALE DEI NONNI E DEGLI ANZIANI"},"content":{"rendered":"<p><strong><a href=\"https:\/\/www.radiopiu.net\/wordpress\/con-silvano-savio-visitiamo-il-museo-dedicato-a-papa-luciani\/musal-3\/\" rel=\"attachment wp-att-187232\"><img loading=\"lazy\" decoding=\"async\" class=\"size-medium wp-image-187232 alignleft\" src=\"https:\/\/www.radiopiu.net\/wordpress\/wp-content\/uploads\/2021\/01\/MUSAL-300x176.png\" alt=\"\" width=\"300\" height=\"176\" srcset=\"https:\/\/www.radiopiu.net\/wordpress\/wp-content\/uploads\/2021\/01\/MUSAL-300x176.png 300w, https:\/\/www.radiopiu.net\/wordpress\/wp-content\/uploads\/2021\/01\/MUSAL-1024x601.png 1024w, https:\/\/www.radiopiu.net\/wordpress\/wp-content\/uploads\/2021\/01\/MUSAL-768x451.png 768w, https:\/\/www.radiopiu.net\/wordpress\/wp-content\/uploads\/2021\/01\/MUSAL-1536x902.png 1536w, https:\/\/www.radiopiu.net\/wordpress\/wp-content\/uploads\/2021\/01\/MUSAL.png 1884w\" sizes=\"auto, (max-width: 300px) 100vw, 300px\" \/><\/a>CANALE D&#8217;AGORDO <\/strong><span class=\"s1\">Nonni e nipoti insieme: sabato 10 luglio il Musal \u2013 Museo Albino Luciani di Canale d&#8217;Agordo (Belluno) d\u00e0 il via all&#8217;annuale Appuntamento estivo con papa Luciani con un incontro tutto dedicato ai nonni in previsione della prima Giornata mondiale a loro dedicata voluta da papa Francesco. <\/span><span class=\"s1\">Il 25 luglio, infatti, si terr\u00e0 la prima Giornata mondiale dei nonni e degli anziani e per arrivare preparati a questo importante evento il Musal ha deciso di invitare Mattia Mascher, esperto di educazione ambientale, cooperativa e di comunicazione sociale, per presentare il suo libro Guida galattica per nonne e nonni del terzo millennio. Come affrontare le sfide del futuro insieme ai nipoti (Edizioni San Paolo). L&#8217;incontro si terr\u00e0 sabato 10 luglio, alle ore 17.30, presso la Sala Lina Zand\u00f2 del Museo albino Luciani (Piazza Papa Luciani 4, Canale d&#8217;Agordo \u2013 Belluno). E per tutti i partecipanti ci sar\u00e0 una gradita sorpresa: sar\u00e0 infatti possibile acquistare il libro di Mattia Mascher e la speciale tessera Amici del Musal nonno e nipote al prezzo speciale di 20 euro. <\/span><span class=\"s1\">Grazie a un linguaggio diretto e coinvolgente, Mascher accompagna i nonni nella sfida verso il futuro, tra cambiamenti climatici e tecnologia, con una serie di consigli per stare accanto ai nipoti e affrontare insieme le nuove sfide del mondo. \u00abQuesto libro \u00e8 nato con tre radici: una nel passato, una nel presente e una nel futuro \u2013 spiega l&#8217;autore &#8211; La prima \u00e8 rappresentata dal meraviglioso rapporto che ho avuto con i miei nonni, in particolare con la mia nonna materna. La seconda \u00e8 legat<\/span><span class=\"s2\">a<\/span><span class=\"s1\"> al fatto che ho due bimbe piccole e ho sperimentato con mano quanto i loro nonni siano fondamentali non solo per loro, ma anche per la \u201csopravvivenza\u201d di noi genitori. La terza radice, quella nel futuro, \u00e8 dettata dal mio lavoro: mi occupo di progetti educativi nelle scuole da circa 13 anni e ho toccato con mano l\u2019enorme bisogno che le nuove generazioni hanno di costruire un\u2019alleanza per il futuro con il mondo degli adulti\u00bb. <\/span><span class=\"s1\">Con suggerimenti pratici e immediati, applicabili quotidianamente, Mascher illustra come sia possibile ridurre gli sprechi e avere stili di vita pi\u00f9 sostenibili e sfruttare la tecnologia per creare un nuovo e fecondo rapporto tra generazioni trasformando i nipoti in piccoli insegnanti dei nonni \u00abe attraverso questo semplice espediente aprire il terreno al confronto e alla discussione\u00bb. Mascher richiama poi l&#8217;importanza del ruolo dei nonni nella societ\u00e0: <a href=\"https:\/\/www.radiopiu.net\/wordpress\/nonni-e-nipoti-al-musal-il-10-luglio-la-giornata-mondiale-dei-nonni-e-degli-anziani\/mattia-mascher\/\" rel=\"attachment wp-att-220364\"><img loading=\"lazy\" decoding=\"async\" class=\" wp-image-220364 alignright\" src=\"https:\/\/www.radiopiu.net\/wordpress\/wp-content\/uploads\/2021\/07\/Mattia-Mascher-300x300.jpg\" alt=\"\" width=\"211\" height=\"211\" srcset=\"https:\/\/www.radiopiu.net\/wordpress\/wp-content\/uploads\/2021\/07\/Mattia-Mascher-300x300.jpg 300w, https:\/\/www.radiopiu.net\/wordpress\/wp-content\/uploads\/2021\/07\/Mattia-Mascher-150x150.jpg 150w, https:\/\/www.radiopiu.net\/wordpress\/wp-content\/uploads\/2021\/07\/Mattia-Mascher-768x768.jpg 768w, https:\/\/www.radiopiu.net\/wordpress\/wp-content\/uploads\/2021\/07\/Mattia-Mascher.jpg 919w\" sizes=\"auto, (max-width: 211px) 100vw, 211px\" \/><\/a>\u00abI nonni e le nonne hanno innanzitutto un grande peso \u201cpolitico\u201d. Nel senso pi\u00f9 puro del termine. In una societ\u00e0 sempre pi\u00f9 anziana, dove gli over 65 costituiscono il 25% della popolazione italiana, sono i nonni a decidere il \u201cfuturo\u201d. Mentre le nuove generazioni, essendo numericamente ridotte, sono troppo spesso \u201ctagliate fuori\u201d dall\u2019avere voce in capitolo, nonostante siano quelle che dovrebbero vantare pi\u00f9 diritti sul futuro. Di questa sproporzione, di questo sovrappeso, i nonni devono diventare pi\u00f9 consapevoli\u00bb. Ma Mattia Mascher che nonno sar\u00e0? \u00abQuesta \u00e8 una bella domanda! Sar\u00f2 sicuramente inadeguato e imperfetto. Nella consapevolezza che la vera bellezza sta nell\u2019armonia delle imperfezioni\u00bb. <\/span><span class=\"s1\">Per presenziare all&#8217;incontro con l&#8217;autore sabato 10 luglio, alle ore 17.30, presso il Museo Albino Luciani di Canale d&#8217;Agordo (Belluno) \u00e8 raccomandata la prenotazione allo 0437 1948001 (WhatsApp 3779665237).<\/span><\/p>\n<p>&nbsp;<\/p>\n<p>&nbsp;<\/p>\n<p>&nbsp;<\/p>\n<p>*****<\/p>\n","protected":false},"excerpt":{"rendered":"<p>CANALE D&#8217;AGORDO Nonni e nipoti insieme: sabato 10 luglio il Musal \u2013 Museo Albino Luciani di Canale d&#8217;Agordo (Belluno) d\u00e0 il via all&#8217;annuale Appuntamento estivo con papa Luciani con un incontro tutto dedicato ai nonni in previsione della prima Giornata mondiale a loro dedicata voluta da papa Francesco. Il 25 luglio, infatti, si terr\u00e0 la&hellip;<\/p>\n","protected":false},"author":4,"featured_media":187232,"comment_status":"closed","ping_status":"open","sticky":false,"template":"","format":"standard","meta":{"_monsterinsights_skip_tracking":false,"_monsterinsights_sitenote_active":false,"_monsterinsights_sitenote_note":"","_monsterinsights_sitenote_category":0,"footnotes":""},"categories":[49],"tags":[],"class_list":["post-220363","post","type-post","status-publish","format-standard","has-post-thumbnail","hentry","category-news-18","category-49","description-off"],"img_url":"https:\/\/www.radiopiu.net\/wordpress\/wp-content\/uploads\/2021\/01\/MUSAL.png","_links":{"self":[{"href":"https:\/\/www.radiopiu.net\/wordpress\/wp-json\/wp\/v2\/posts\/220363","targetHints":{"allow":["GET"]}}],"collection":[{"href":"https:\/\/www.radiopiu.net\/wordpress\/wp-json\/wp\/v2\/posts"}],"about":[{"href":"https:\/\/www.radiopiu.net\/wordpress\/wp-json\/wp\/v2\/types\/post"}],"author":[{"embeddable":true,"href":"https:\/\/www.radiopiu.net\/wordpress\/wp-json\/wp\/v2\/users\/4"}],"replies":[{"embeddable":true,"href":"https:\/\/www.radiopiu.net\/wordpress\/wp-json\/wp\/v2\/comments?post=220363"}],"version-history":[{"count":0,"href":"https:\/\/www.radiopiu.net\/wordpress\/wp-json\/wp\/v2\/posts\/220363\/revisions"}],"wp:featuredmedia":[{"embeddable":true,"href":"https:\/\/www.radiopiu.net\/wordpress\/wp-json\/wp\/v2\/media\/187232"}],"wp:attachment":[{"href":"https:\/\/www.radiopiu.net\/wordpress\/wp-json\/wp\/v2\/media?parent=220363"}],"wp:term":[{"taxonomy":"category","embeddable":true,"href":"https:\/\/www.radiopiu.net\/wordpress\/wp-json\/wp\/v2\/categories?post=220363"},{"taxonomy":"post_tag","embeddable":true,"href":"https:\/\/www.radiopiu.net\/wordpress\/wp-json\/wp\/v2\/tags?post=220363"}],"curies":[{"name":"wp","href":"https:\/\/api.w.org\/{rel}","templated":true}]}}