{"id":220377,"date":"2021-07-08T05:59:48","date_gmt":"2021-07-08T03:59:48","guid":{"rendered":"https:\/\/www.radiopiu.net\/wordpress\/?p=220377"},"modified":"2021-07-08T06:11:08","modified_gmt":"2021-07-08T04:11:08","slug":"emergenza-radiologi-de-menech-spero-non-sia-un-disegno-per-chiudere-i-reparti","status":"publish","type":"post","link":"https:\/\/www.radiopiu.net\/wordpress\/emergenza-radiologi-de-menech-spero-non-sia-un-disegno-per-chiudere-i-reparti\/","title":{"rendered":"EMERGENZA RADIOLOGI. DE MENECH: \u00abSPERO NON SIA UN DISEGNO PER CHIUDERE I REPARTI\u00bb"},"content":{"rendered":"<p><strong><a href=\"https:\/\/www.radiopiu.net\/wordpress\/speciale-feltre-fondi-di-confine-e-biblioteche-dal-gr-pomeriggio-di-radio-piu\/roger_de_menech_daticamera\/\" rel=\"attachment wp-att-49599\"><img loading=\"lazy\" decoding=\"async\" class=\"size-full wp-image-49599 alignleft\" src=\"https:\/\/www.radiopiu.net\/wordpress\/wp-content\/uploads\/2018\/05\/Roger_De_Menech_daticamera.jpg\" alt=\"\" width=\"165\" height=\"228\" \/><\/a>ROMA <\/strong>\u00ab<em>Non \u00e8 chiaro se si tratti di incompetenza nell\u2019organizzazione dei servizi sanitari, di mancanza di risorse o, peggio, della volont\u00e0 di ridimensionare silenziosamente la sanit\u00e0 in montagna per arrivare, presto o tardi alla chiusura di reparti e servizi. Certo \u00e8 che il segnale dato dall\u2019Ulss 1 con l\u2019affidamento ai privati della radiologia d\u2019urgenza \u00e8 molto preoccupante<\/em>\u00bb. Lo afferma il deputato bellunese Roger De Menech che ha rappresentato il problema ai consiglieri regionali del Partito democratico chiedendo un\u2019indagine approfondita sui motivi per cui non si trovano medici, tecnici e infermieri disponibili a lavorare nelle strutture bellunesi. \u00ab<em>Come sottolineato dall\u2019Anaao &#8211; il sindacato dei medici &#8211; professionisti ce ne sono, altrimenti non sarebbe stato possibile appaltare all\u2019esterno il servizio di radiologia. Ma non vogliono lavorare per la Regione Veneto. In questo caso, come in tutti quelli precedenti degli ultimi anni, temo sia una questione legata alle condizioni di lavoro, a quelle ambientali dell\u2019azienda sanitaria e al fatto che gli stipendi della Regione siano troppo bassi<\/em>\u00bb. Intanto, questa mattina il ministro della salute Roberto Speranza durante l\u2019audizione in commissione per l\u2019attuazione del federalismo fiscale ha ricordato che gli investimenti nazionali sulla sanit\u00e0 per i prossimi anni arrivano a 20 miliardi di euro. Di questi 4 sono destinati all\u2019assistenza domiciliare, 3 per l\u2019edilizia sanitaria, 4 per l\u2019ammodernamento tecnologico e digitale e 2 per la formazione del personale socio sanitario. \u00ab<em>L\u2019obiettivo \u00e8 colmare le note differenze esistenti tra nord e sud e soprattutto per quanto riguarda i nostri territori rendere omogeneo il servizio tra le aree metropolitane e quelle interne e montane come le nostre<\/em>\u00bb, afferma il deputato. \u00ab<em>\u00c8 un\u2019opportunit\u00e0 unica<\/em>\u00bb, commenta De Menech. \u00ab<em>Come ha riferito Speranza, si chiude definitivamente la stagione dei tagli in sanit\u00e0 e andiamo verso un rafforzamento del sistema sanitario nazionale con investimenti di rilievo per la sanit\u00e0 territoriale. La Regione non sia timida, colga questa occasione per rivedere il piano socio sanitario e si prepari a dare attuazione alle linee guida nazionali, assumendo medici, tecnici e infermieri e adeguandone le retribuzioni<\/em>\u00bb.<\/p>\n<p>&nbsp;<\/p>\n<p>&nbsp;<\/p>\n<p>&nbsp;<\/p>\n<p>*****<\/p>\n","protected":false},"excerpt":{"rendered":"<p>ROMA \u00abNon \u00e8 chiaro se si tratti di incompetenza nell\u2019organizzazione dei servizi sanitari, di mancanza di risorse o, peggio, della volont\u00e0 di ridimensionare silenziosamente la sanit\u00e0 in montagna per arrivare, presto o tardi alla chiusura di reparti e servizi. Certo \u00e8 che il segnale dato dall\u2019Ulss 1 con l\u2019affidamento ai privati della radiologia d\u2019urgenza \u00e8&hellip;<\/p>\n","protected":false},"author":4,"featured_media":220378,"comment_status":"closed","ping_status":"open","sticky":false,"template":"","format":"standard","meta":{"_monsterinsights_skip_tracking":false,"_monsterinsights_sitenote_active":false,"_monsterinsights_sitenote_note":"","_monsterinsights_sitenote_category":0,"footnotes":""},"categories":[51,49],"tags":[],"class_list":["post-220377","post","type-post","status-publish","format-standard","has-post-thumbnail","hentry","category-evidenza-top","category-news-18","category-51","category-49","description-off"],"img_url":"https:\/\/www.radiopiu.net\/wordpress\/wp-content\/uploads\/2021\/07\/RADIOLOGIA.jpg","_links":{"self":[{"href":"https:\/\/www.radiopiu.net\/wordpress\/wp-json\/wp\/v2\/posts\/220377","targetHints":{"allow":["GET"]}}],"collection":[{"href":"https:\/\/www.radiopiu.net\/wordpress\/wp-json\/wp\/v2\/posts"}],"about":[{"href":"https:\/\/www.radiopiu.net\/wordpress\/wp-json\/wp\/v2\/types\/post"}],"author":[{"embeddable":true,"href":"https:\/\/www.radiopiu.net\/wordpress\/wp-json\/wp\/v2\/users\/4"}],"replies":[{"embeddable":true,"href":"https:\/\/www.radiopiu.net\/wordpress\/wp-json\/wp\/v2\/comments?post=220377"}],"version-history":[{"count":0,"href":"https:\/\/www.radiopiu.net\/wordpress\/wp-json\/wp\/v2\/posts\/220377\/revisions"}],"wp:featuredmedia":[{"embeddable":true,"href":"https:\/\/www.radiopiu.net\/wordpress\/wp-json\/wp\/v2\/media\/220378"}],"wp:attachment":[{"href":"https:\/\/www.radiopiu.net\/wordpress\/wp-json\/wp\/v2\/media?parent=220377"}],"wp:term":[{"taxonomy":"category","embeddable":true,"href":"https:\/\/www.radiopiu.net\/wordpress\/wp-json\/wp\/v2\/categories?post=220377"},{"taxonomy":"post_tag","embeddable":true,"href":"https:\/\/www.radiopiu.net\/wordpress\/wp-json\/wp\/v2\/tags?post=220377"}],"curies":[{"name":"wp","href":"https:\/\/api.w.org\/{rel}","templated":true}]}}