{"id":220437,"date":"2021-07-08T05:54:23","date_gmt":"2021-07-08T03:54:23","guid":{"rendered":"https:\/\/www.radiopiu.net\/wordpress\/?p=220437"},"modified":"2021-07-08T06:10:29","modified_gmt":"2021-07-08T04:10:29","slug":"a-roma-dignita-per-i-sindaci-belluno-presente","status":"publish","type":"post","link":"https:\/\/www.radiopiu.net\/wordpress\/a-roma-dignita-per-i-sindaci-belluno-presente\/","title":{"rendered":"A ROMA DIGNITA&#8217; PER I SINDACI: BELLUNO PRESENTE"},"content":{"rendered":"<p><strong>ROMA<\/strong>\u00a0 Oggi\u00a0 in piazza a Roma\u00a0 alla manifestazione promossa dall&#8217;Associazione Nazionale Comuni Italiani ha partecipato anche il Comune di Belluno. Ad illustrare i problemi e i temi messi sul tavolo dai sindaci \u00e8 il primo cittadino Jacopo Massaro, delegato politico di ANCI: <em>\u00abMolto spesso i cittadini ci chiedono se siamo pazzi a fare i sindaci. Non \u00e8 un&#8217;affermazione insensata, e al tempo stesso mi riempie di dolore. \u00c8 un pessimo messaggio che diamo anche ai pi\u00f9 giovani. Il messaggio che noi sindaci vogliamo lanciare \u00e8 esattamente opposto: l&#8217;impegno civile per la propria comunit\u00e0 e tutti noi dobbiamo fare la nostra parte&#8221;.\u00a0<\/em>Al coordinamento giovani a Roma partecipa l&#8217;assessore Yuki d&#8217;Emilia <em>&#8220;L&#8217;occasione\u00a0 -ha detto &#8211; per organizzare l&#8217;assemblea nazionale che si terr\u00e0 a settembre, ma ci confronteremo anche su tutte quelle difficolt\u00e0 denunciate dai sindaci e che coinvolgono anche noi giovani amministratori&#8221;<\/em><\/p>\n<p><strong>ALLA RADIO IL SINDACO DI BELLUNO JACOPO MASSARO\u00a0<\/strong><\/p>\n<audio class=\"wp-audio-shortcode\" id=\"audio-220437-1\" preload=\"none\" style=\"width: 100%;\" controls=\"controls\"><source type=\"audio\/mpeg\" src=\"https:\/\/www.radiopiu.net\/wordpress\/wp-content\/uploads\/2021\/07\/MASSARO.mp3?_=1\" \/><a href=\"https:\/\/www.radiopiu.net\/wordpress\/wp-content\/uploads\/2021\/07\/MASSARO.mp3\">https:\/\/www.radiopiu.net\/wordpress\/wp-content\/uploads\/2021\/07\/MASSARO.mp3<\/a><\/audio>\n<p>&nbsp;<\/p>\n<p>&nbsp;<\/p>\n\n\t\t\t<style type='text\/css'>\n\t\t\t\t#gallery-1 {\n\t\t\t\t\tmargin: auto;\n\t\t\t\t}\n\t\t\t\t#gallery-1 .gallery-item {\n\t\t\t\t\tfloat: left;\n\t\t\t\t\tmargin-top: 10px;\n\t\t\t\t\ttext-align: center;\n\t\t\t\t\twidth: 33%;\n\t\t\t\t}\n\t\t\t\t#gallery-1 img {\n\t\t\t\t\tborder: 2px solid #cfcfcf;\n\t\t\t\t}\n\t\t\t\t#gallery-1 .gallery-caption {\n\t\t\t\t\tmargin-left: 0;\n\t\t\t\t}\n\t\t\t\t\/* see gallery_shortcode() in wp-includes\/media.php *\/\n\t\t\t<\/style>\n\t\t<div id='gallery-1' class='dt-gallery-container gallery galleryid-220437 gallery-columns-3 gallery-size-thumbnail'><dl class='gallery-item'>\n\t\t\t\t<dt class='gallery-icon landscape'>\n\t\t\t\t\t<a class=\"rollover rollover-zoom dt-pswp-item\" title=\"Giovani Amministratori\" data-dt-img-description=\"\" data-large_image_width=\"2048\" data-large_image_height=\"1536\"href='https:\/\/www.radiopiu.net\/wordpress\/wp-content\/uploads\/2021\/07\/Giovani-Amministratori.jpeg'><img loading=\"lazy\" decoding=\"async\" width=\"150\" height=\"150\" src=\"https:\/\/www.radiopiu.net\/wordpress\/wp-content\/uploads\/2021\/07\/Giovani-Amministratori-150x150.jpeg\" class=\"attachment-thumbnail size-thumbnail\" alt=\"\" \/><\/a>\n\t\t\t\t<\/dt><\/dl><dl class='gallery-item'>\n\t\t\t\t<dt class='gallery-icon landscape'>\n\t\t\t\t\t<a class=\"rollover rollover-zoom dt-pswp-item\" title=\"Consiglio Nazionale ANCI (2)\" data-dt-img-description=\"\" data-large_image_width=\"1024\" data-large_image_height=\"768\"href='https:\/\/www.radiopiu.net\/wordpress\/wp-content\/uploads\/2021\/07\/Consiglio-Nazionale-ANCI-2.jpeg'><img loading=\"lazy\" decoding=\"async\" width=\"150\" height=\"150\" src=\"https:\/\/www.radiopiu.net\/wordpress\/wp-content\/uploads\/2021\/07\/Consiglio-Nazionale-ANCI-2-150x150.jpeg\" class=\"attachment-thumbnail size-thumbnail\" alt=\"\" \/><\/a>\n\t\t\t\t<\/dt><\/dl><dl class='gallery-item'>\n\t\t\t\t<dt class='gallery-icon landscape'>\n\t\t\t\t\t<a class=\"rollover rollover-zoom dt-pswp-item\" title=\"Consiglio Nazionale ANCI (1)\" data-dt-img-description=\"\" data-large_image_width=\"1024\" data-large_image_height=\"768\"href='https:\/\/www.radiopiu.net\/wordpress\/wp-content\/uploads\/2021\/07\/Consiglio-Nazionale-ANCI-1.jpeg'><img loading=\"lazy\" decoding=\"async\" width=\"150\" height=\"150\" src=\"https:\/\/www.radiopiu.net\/wordpress\/wp-content\/uploads\/2021\/07\/Consiglio-Nazionale-ANCI-1-150x150.jpeg\" class=\"attachment-thumbnail size-thumbnail\" alt=\"\" \/><\/a>\n\t\t\t\t<\/dt><\/dl><br style=\"clear: both\" \/>\n\t\t\t<\/div>\n\n<p>&nbsp;<\/p>\n<p><strong>\u00a0<\/strong><\/p>\n","protected":false},"excerpt":{"rendered":"<p>ROMA\u00a0 Oggi\u00a0 in piazza a Roma\u00a0 alla manifestazione promossa dall&#8217;Associazione Nazionale Comuni Italiani ha partecipato anche il Comune di Belluno. Ad illustrare i problemi e i temi messi sul tavolo dai sindaci \u00e8 il primo cittadino Jacopo Massaro, delegato politico di ANCI: \u00abMolto spesso i cittadini ci chiedono se siamo pazzi a fare i sindaci.&hellip;<\/p>\n","protected":false},"author":4,"featured_media":220444,"comment_status":"closed","ping_status":"open","sticky":false,"template":"","format":"standard","meta":{"_monsterinsights_skip_tracking":false,"_monsterinsights_sitenote_active":false,"_monsterinsights_sitenote_note":"","_monsterinsights_sitenote_category":0,"footnotes":""},"categories":[51,49],"tags":[],"class_list":["post-220437","post","type-post","status-publish","format-standard","has-post-thumbnail","hentry","category-evidenza-top","category-news-18","category-51","category-49","description-off"],"img_url":"https:\/\/www.radiopiu.net\/wordpress\/wp-content\/uploads\/2021\/07\/Giovani-Amministratori.jpeg","_links":{"self":[{"href":"https:\/\/www.radiopiu.net\/wordpress\/wp-json\/wp\/v2\/posts\/220437","targetHints":{"allow":["GET"]}}],"collection":[{"href":"https:\/\/www.radiopiu.net\/wordpress\/wp-json\/wp\/v2\/posts"}],"about":[{"href":"https:\/\/www.radiopiu.net\/wordpress\/wp-json\/wp\/v2\/types\/post"}],"author":[{"embeddable":true,"href":"https:\/\/www.radiopiu.net\/wordpress\/wp-json\/wp\/v2\/users\/4"}],"replies":[{"embeddable":true,"href":"https:\/\/www.radiopiu.net\/wordpress\/wp-json\/wp\/v2\/comments?post=220437"}],"version-history":[{"count":0,"href":"https:\/\/www.radiopiu.net\/wordpress\/wp-json\/wp\/v2\/posts\/220437\/revisions"}],"wp:featuredmedia":[{"embeddable":true,"href":"https:\/\/www.radiopiu.net\/wordpress\/wp-json\/wp\/v2\/media\/220444"}],"wp:attachment":[{"href":"https:\/\/www.radiopiu.net\/wordpress\/wp-json\/wp\/v2\/media?parent=220437"}],"wp:term":[{"taxonomy":"category","embeddable":true,"href":"https:\/\/www.radiopiu.net\/wordpress\/wp-json\/wp\/v2\/categories?post=220437"},{"taxonomy":"post_tag","embeddable":true,"href":"https:\/\/www.radiopiu.net\/wordpress\/wp-json\/wp\/v2\/tags?post=220437"}],"curies":[{"name":"wp","href":"https:\/\/api.w.org\/{rel}","templated":true}]}}