{"id":220438,"date":"2021-07-08T05:55:30","date_gmt":"2021-07-08T03:55:30","guid":{"rendered":"https:\/\/www.radiopiu.net\/wordpress\/?p=220438"},"modified":"2021-07-08T06:10:44","modified_gmt":"2021-07-08T04:10:44","slug":"fino-al-30-luglio-chiusura-a-gona-della-provinciale-per-rivamonte","status":"publish","type":"post","link":"https:\/\/www.radiopiu.net\/wordpress\/fino-al-30-luglio-chiusura-a-gona-della-provinciale-per-rivamonte\/","title":{"rendered":"FINO AL 30 LUGLIO: CHIUSURA A GONA DELLA PROVINCIALE PER RIVAMONTE"},"content":{"rendered":"<p><strong><a href=\"https:\/\/www.radiopiu.net\/wordpress\/fino-al-30-luglio-chiusura-a-gona-della-provinciale-per-rivamonte\/81318174_459612001349290_6817018658246623232_n-768x576\/\" rel=\"attachment wp-att-220439\"><img loading=\"lazy\" decoding=\"async\" class=\" wp-image-220439 alignleft\" src=\"https:\/\/www.radiopiu.net\/wordpress\/wp-content\/uploads\/2021\/07\/81318174_459612001349290_6817018658246623232_n-768x576-1-300x225.jpg\" alt=\"\" width=\"181\" height=\"136\" srcset=\"https:\/\/www.radiopiu.net\/wordpress\/wp-content\/uploads\/2021\/07\/81318174_459612001349290_6817018658246623232_n-768x576-1-300x225.jpg 300w, https:\/\/www.radiopiu.net\/wordpress\/wp-content\/uploads\/2021\/07\/81318174_459612001349290_6817018658246623232_n-768x576-1.jpg 768w\" sizes=\"auto, (max-width: 181px) 100vw, 181px\" \/><\/a>RIVAMONTE<\/strong> Dal 14 luglio Rivamonte sar\u00e0 raggiungibile solo da Voltago (via Digoman) e da Gosaldo, infatti la strada chiuder\u00e0 (anche nei giorni festivi e prefestivi) in localit\u00e0 Gona per permettere i lavori di consolidamento del piano viabile come noto franato anche recentemente.<\/p>\n<p>&nbsp;<\/p>\n<p>&nbsp;<\/p>\n<p>&nbsp;<\/p>\n<blockquote>\n<h2>archivio radio piu<\/h2>\n<\/blockquote>\n<blockquote class=\"wp-embedded-content\" data-secret=\"Fzkcs2lqqb\"><p><a href=\"https:\/\/www.radiopiu.net\/wordpress\/warning-segnali-dalla-provinciale-3\/\">WARNING! SEGNALI DALLA PROVINCIALE 3<\/a><\/p><\/blockquote>\n<p><iframe loading=\"lazy\" class=\"wp-embedded-content\" sandbox=\"allow-scripts\" security=\"restricted\" style=\"position: absolute; clip: rect(1px, 1px, 1px, 1px);\" title=\"&#8220;WARNING! SEGNALI DALLA PROVINCIALE 3&#8221; &#8212; Radio Pi\u00f9\" src=\"https:\/\/www.radiopiu.net\/wordpress\/warning-segnali-dalla-provinciale-3\/embed\/#?secret=Fzkcs2lqqb\" data-secret=\"Fzkcs2lqqb\" width=\"600\" height=\"338\" frameborder=\"0\" marginwidth=\"0\" marginheight=\"0\" scrolling=\"no\"><\/iframe><\/p>\n<blockquote class=\"wp-embedded-content\" data-secret=\"OHnMMnmYNy\"><p><a href=\"https:\/\/www.radiopiu.net\/wordpress\/provinciale-3-valle-imperina-situazione-che-peggiora-giorno-dopo-giorno\/\">PROVINCIALE 3 VALLE IMPERINA, SITUAZIONE CHE PEGGIORA GIORNO DOPO GIORNO<\/a><\/p><\/blockquote>\n<p><iframe loading=\"lazy\" class=\"wp-embedded-content\" sandbox=\"allow-scripts\" security=\"restricted\" style=\"position: absolute; clip: rect(1px, 1px, 1px, 1px);\" title=\"&#8220;PROVINCIALE 3 VALLE IMPERINA, SITUAZIONE CHE PEGGIORA GIORNO DOPO GIORNO&#8221; &#8212; Radio Pi\u00f9\" src=\"https:\/\/www.radiopiu.net\/wordpress\/provinciale-3-valle-imperina-situazione-che-peggiora-giorno-dopo-giorno\/embed\/#?secret=OHnMMnmYNy\" data-secret=\"OHnMMnmYNy\" width=\"600\" height=\"338\" frameborder=\"0\" marginwidth=\"0\" marginheight=\"0\" scrolling=\"no\"><\/iframe><\/p>\n","protected":false},"excerpt":{"rendered":"<p>RIVAMONTE Dal 14 luglio Rivamonte sar\u00e0 raggiungibile solo da Voltago (via Digoman) e da Gosaldo, infatti la strada chiuder\u00e0 (anche nei giorni festivi e prefestivi) in localit\u00e0 Gona per permettere i lavori di consolidamento del piano viabile come noto franato anche recentemente. &nbsp; &nbsp; &nbsp; archivio radio piu WARNING! SEGNALI DALLA PROVINCIALE 3 PROVINCIALE 3&hellip;<\/p>\n","protected":false},"author":4,"featured_media":220439,"comment_status":"closed","ping_status":"open","sticky":false,"template":"","format":"standard","meta":{"_monsterinsights_skip_tracking":false,"_monsterinsights_sitenote_active":false,"_monsterinsights_sitenote_note":"","_monsterinsights_sitenote_category":0,"footnotes":""},"categories":[51,49],"tags":[],"class_list":["post-220438","post","type-post","status-publish","format-standard","has-post-thumbnail","hentry","category-evidenza-top","category-news-18","category-51","category-49","description-off"],"img_url":"https:\/\/www.radiopiu.net\/wordpress\/wp-content\/uploads\/2021\/07\/81318174_459612001349290_6817018658246623232_n-768x576-1.jpg","_links":{"self":[{"href":"https:\/\/www.radiopiu.net\/wordpress\/wp-json\/wp\/v2\/posts\/220438","targetHints":{"allow":["GET"]}}],"collection":[{"href":"https:\/\/www.radiopiu.net\/wordpress\/wp-json\/wp\/v2\/posts"}],"about":[{"href":"https:\/\/www.radiopiu.net\/wordpress\/wp-json\/wp\/v2\/types\/post"}],"author":[{"embeddable":true,"href":"https:\/\/www.radiopiu.net\/wordpress\/wp-json\/wp\/v2\/users\/4"}],"replies":[{"embeddable":true,"href":"https:\/\/www.radiopiu.net\/wordpress\/wp-json\/wp\/v2\/comments?post=220438"}],"version-history":[{"count":0,"href":"https:\/\/www.radiopiu.net\/wordpress\/wp-json\/wp\/v2\/posts\/220438\/revisions"}],"wp:featuredmedia":[{"embeddable":true,"href":"https:\/\/www.radiopiu.net\/wordpress\/wp-json\/wp\/v2\/media\/220439"}],"wp:attachment":[{"href":"https:\/\/www.radiopiu.net\/wordpress\/wp-json\/wp\/v2\/media?parent=220438"}],"wp:term":[{"taxonomy":"category","embeddable":true,"href":"https:\/\/www.radiopiu.net\/wordpress\/wp-json\/wp\/v2\/categories?post=220438"},{"taxonomy":"post_tag","embeddable":true,"href":"https:\/\/www.radiopiu.net\/wordpress\/wp-json\/wp\/v2\/tags?post=220438"}],"curies":[{"name":"wp","href":"https:\/\/api.w.org\/{rel}","templated":true}]}}