{"id":220492,"date":"2021-07-08T05:55:42","date_gmt":"2021-07-08T03:55:42","guid":{"rendered":"https:\/\/www.radiopiu.net\/wordpress\/?p=220492"},"modified":"2021-07-08T06:07:59","modified_gmt":"2021-07-08T04:07:59","slug":"guasto-al-biodigestore-del-maserot-dolomiti-ambiente-al-lavoro-per-ripararlo","status":"publish","type":"post","link":"https:\/\/www.radiopiu.net\/wordpress\/guasto-al-biodigestore-del-maserot-dolomiti-ambiente-al-lavoro-per-ripararlo\/","title":{"rendered":"GUASTO AL BIODIGESTORE DEL MASEROT, DOLOMITI AMBIENTE AL LAVORO PER RIPARARLO"},"content":{"rendered":"<p><strong><a href=\"https:\/\/www.radiopiu.net\/wordpress\/guasto-al-biodigestore-del-maserot-dolomiti-ambiente-al-lavoro-per-ripararlo\/th-155\/\" rel=\"attachment wp-att-220493\"><img loading=\"lazy\" decoding=\"async\" class=\"size-medium wp-image-220493 alignleft\" src=\"https:\/\/www.radiopiu.net\/wordpress\/wp-content\/uploads\/2021\/07\/th-5-300x169.jpg\" alt=\"\" width=\"300\" height=\"169\" srcset=\"https:\/\/www.radiopiu.net\/wordpress\/wp-content\/uploads\/2021\/07\/th-5-300x169.jpg 300w, https:\/\/www.radiopiu.net\/wordpress\/wp-content\/uploads\/2021\/07\/th-5.jpg 314w\" sizes=\"auto, (max-width: 300px) 100vw, 300px\" \/><\/a>SANTA GIUSTINA<\/strong>\u00a0 Dolomiti Ambiente sta lavorando, con il costruttore dell\u2019impianto, a riparare un guasto occorso al biodigestore del Maserot che tuttavia non ha riflessi sulla capacit\u00e0 di ricevere rifiuto organico. Si tratta di un problema meccanico al sistema di rimescolamento del rifiuto umido. Secondo le prime verifiche, si tratterebbe della rottura di una delle 32 pale dell\u2019agitatore inserito nel reattore anaerobico che produce il biogas. I tecnici ipotizzano che il problema possa risolversi gi\u00e0 per la fine del mese. Ci vorr\u00e0 qualche settimana poi per il ripristino del processo anaerobico e la piena operativit\u00e0 del biodigestore.\u00a0 Nessun problema per gli utenti\u00a0 Il fermo impianto non si ripercuote sulla capacit\u00e0 di ricezione e trattamento dei rifiuti. Dolomiti Ambiente ha attivato immediatamente le procedure di emergenza e un \u201cpiano B\u201d: \u00e8 stata chiesta alla Regione l\u2019autorizzazione a riattivare il compostaggio aerobico del rifiuto umido per poter superare questa fase di criticit\u00e0, in autosufficienza. Per ogni evenienza, \u00e8 gi\u00e0 stata sondata anche l\u2019eventuale possibilit\u00e0 di conferire in altri impianti. Ma i tempi di riparazione saranno rapidi. Per esaminare la richiesta, la Regione ha attivato un tavolo tecnico con Provincia, Comune di Santa Giustina e Consiglio di Bacino.<\/p>\n<blockquote><p><em><a href=\"https:\/\/www.radiopiu.net\/wordpress\/guasto-al-biodigestore-del-maserot-dolomiti-ambiente-al-lavoro-per-ripararlo\/simone-deola-2\/\" rel=\"attachment wp-att-220498\"><img loading=\"lazy\" decoding=\"async\" class=\"wp-image-220498 alignleft\" src=\"https:\/\/www.radiopiu.net\/wordpress\/wp-content\/uploads\/2021\/07\/Simone-Deola-300x165.jpg\" alt=\"\" width=\"155\" height=\"85\" srcset=\"https:\/\/www.radiopiu.net\/wordpress\/wp-content\/uploads\/2021\/07\/Simone-Deola-300x165.jpg 300w, https:\/\/www.radiopiu.net\/wordpress\/wp-content\/uploads\/2021\/07\/Simone-Deola.jpg 554w\" sizes=\"auto, (max-width: 155px) 100vw, 155px\" \/><\/a>\u00abSi conta di tornare in piena operativit\u00e0 con il biodigestore attorno alla met\u00e0 di agosto &#8211; dice il consigliere provinciale Simone Deola &#8211; si \u00e8 visto che pur di fronte a un evento imprevisto, c\u2019\u00e8 stata la capacit\u00e0 di attuare immediatamente il \u201cpiano B\u201d, senza alcun riflesso sulla gestione del rifiuto umido e sulle societ\u00e0 che effettuano la raccolta\u00bb.<\/em><\/p><\/blockquote>\n<p>ALLA RADIO IL CONSIGLIERE SIMONE DEOLA<\/p>\n<audio class=\"wp-audio-shortcode\" id=\"audio-220492-1\" preload=\"none\" style=\"width: 100%;\" controls=\"controls\"><source type=\"audio\/mpeg\" src=\"https:\/\/www.radiopiu.net\/wordpress\/wp-content\/uploads\/2021\/07\/DEOLA.mp3?_=1\" \/><a href=\"https:\/\/www.radiopiu.net\/wordpress\/wp-content\/uploads\/2021\/07\/DEOLA.mp3\">https:\/\/www.radiopiu.net\/wordpress\/wp-content\/uploads\/2021\/07\/DEOLA.mp3<\/a><\/audio>\n<p>&nbsp;<\/p>\n","protected":false},"excerpt":{"rendered":"<p>SANTA GIUSTINA\u00a0 Dolomiti Ambiente sta lavorando, con il costruttore dell\u2019impianto, a riparare un guasto occorso al biodigestore del Maserot che tuttavia non ha riflessi sulla capacit\u00e0 di ricevere rifiuto organico. Si tratta di un problema meccanico al sistema di rimescolamento del rifiuto umido. Secondo le prime verifiche, si tratterebbe della rottura di una delle 32&hellip;<\/p>\n","protected":false},"author":4,"featured_media":220493,"comment_status":"closed","ping_status":"open","sticky":false,"template":"","format":"standard","meta":{"_monsterinsights_skip_tracking":false,"_monsterinsights_sitenote_active":false,"_monsterinsights_sitenote_note":"","_monsterinsights_sitenote_category":0,"footnotes":""},"categories":[51,49],"tags":[],"class_list":["post-220492","post","type-post","status-publish","format-standard","has-post-thumbnail","hentry","category-evidenza-top","category-news-18","category-51","category-49","description-off"],"img_url":"https:\/\/www.radiopiu.net\/wordpress\/wp-content\/uploads\/2021\/07\/th-5.jpg","_links":{"self":[{"href":"https:\/\/www.radiopiu.net\/wordpress\/wp-json\/wp\/v2\/posts\/220492","targetHints":{"allow":["GET"]}}],"collection":[{"href":"https:\/\/www.radiopiu.net\/wordpress\/wp-json\/wp\/v2\/posts"}],"about":[{"href":"https:\/\/www.radiopiu.net\/wordpress\/wp-json\/wp\/v2\/types\/post"}],"author":[{"embeddable":true,"href":"https:\/\/www.radiopiu.net\/wordpress\/wp-json\/wp\/v2\/users\/4"}],"replies":[{"embeddable":true,"href":"https:\/\/www.radiopiu.net\/wordpress\/wp-json\/wp\/v2\/comments?post=220492"}],"version-history":[{"count":0,"href":"https:\/\/www.radiopiu.net\/wordpress\/wp-json\/wp\/v2\/posts\/220492\/revisions"}],"wp:featuredmedia":[{"embeddable":true,"href":"https:\/\/www.radiopiu.net\/wordpress\/wp-json\/wp\/v2\/media\/220493"}],"wp:attachment":[{"href":"https:\/\/www.radiopiu.net\/wordpress\/wp-json\/wp\/v2\/media?parent=220492"}],"wp:term":[{"taxonomy":"category","embeddable":true,"href":"https:\/\/www.radiopiu.net\/wordpress\/wp-json\/wp\/v2\/categories?post=220492"},{"taxonomy":"post_tag","embeddable":true,"href":"https:\/\/www.radiopiu.net\/wordpress\/wp-json\/wp\/v2\/tags?post=220492"}],"curies":[{"name":"wp","href":"https:\/\/api.w.org\/{rel}","templated":true}]}}