{"id":220511,"date":"2021-07-07T23:59:42","date_gmt":"2021-07-07T21:59:42","guid":{"rendered":"https:\/\/www.radiopiu.net\/wordpress\/?p=220511"},"modified":"2021-07-07T20:01:11","modified_gmt":"2021-07-07T18:01:11","slug":"serafino-bortoli-decisivo-per-la-conquista-del-castelletto-sulle-tofane","status":"publish","type":"post","link":"https:\/\/www.radiopiu.net\/wordpress\/serafino-bortoli-decisivo-per-la-conquista-del-castelletto-sulle-tofane\/","title":{"rendered":"SERAFINO BORTOLI DECISIVO PER LA CONQUISTA DEL CASTELLETTO SULLE TOFANE"},"content":{"rendered":"<p>&nbsp;<\/p>\n<p><strong>di RENATO BONA\u00a0<\/strong><\/p>\n<p><strong><a href=\"https:\/\/www.radiopiu.net\/wordpress\/giornale-radiopiu-03-agosto-2019-direttore-mirko-mezzacasa\/553085_385905871470280_1626001170_n-2\/\" rel=\"attachment wp-att-94070\"><img loading=\"lazy\" decoding=\"async\" class=\" wp-image-94070 alignleft\" src=\"https:\/\/www.radiopiu.net\/wordpress\/wp-content\/uploads\/2019\/08\/553085_385905871470280_1626001170_n-e1625680717963-300x200.jpg\" alt=\"\" width=\"161\" height=\"107\" srcset=\"https:\/\/www.radiopiu.net\/wordpress\/wp-content\/uploads\/2019\/08\/553085_385905871470280_1626001170_n-e1625680717963-300x200.jpg 300w, https:\/\/www.radiopiu.net\/wordpress\/wp-content\/uploads\/2019\/08\/553085_385905871470280_1626001170_n-e1625680717963-768x511.jpg 768w, https:\/\/www.radiopiu.net\/wordpress\/wp-content\/uploads\/2019\/08\/553085_385905871470280_1626001170_n-e1625680717963.jpg 855w\" sizes=\"auto, (max-width: 161px) 100vw, 161px\" \/><\/a>(LUGLIO 1916)<\/strong> Decisamente un reperto importante il libretto di una trentina di pagine stampato dalla bellunese tipografia Piave nel maggio del 1974, con il quale Serafino Bortoli (assistito dal fratello Attilio) descrive la sua personale esperienza relativa a: \u201cLa fase conclusiva della conquista del Castelletto 11-13 luglio 1916\u201d (e rivendica, per s\u00e9 e per gli altri tre componenti la pattuglia, l&#8217;espugnazione dell&#8217;ultimo caposaldo austriaco sul Castelletto, fornendo ampia documentazione a supporto delle sue affermazioni, come una lettera datata 5 gennaio 1972, dell&#8217;avvocato Renzo Cajani, che all&#8217;epoca dei fatti comandava la 77\u00aa compagnia del &#8220;Belluno&#8221;, che conferma l&#8217;accaduto). Riferisce un episodio della guerra di montagna degli anni 1915-18 ricordando che: \u201cQuella che oggi \u00e8 divenuta la strada del diletto per milioni di persone di tutto il mondo, che vengono ad ammirare le nostre Dolomiti, \u00e8 stata negli anni della prima guerra mondiale il Calvario dei nostri Alpini. E\u2019 stata la Via Crucis per la salita a quel Golgota che sono le Tofane\u201d. Ma vediamo innanzi tutto chi era Serafino Bortoli: nato il 3 maggio 1891 a Feder di Canale d\u2019Agordo (e morto di vecchiaia l\u20191 agosto 1978 a Falcade dove riposa all\u2019ombra delle sue montagne nel cimitero di Caviola), era figlio del maestro elementare Celeste Bortoli e di Giuditta Piaz che avevano ben dodici figli cos\u00ec che anche il nostro deve contribuire al sostegno della famiglia e &#8211; come si legge nel sito frontedolomitico.it &#8211; emigra alla ricerca di un lavoro. In Svizzera viene assunto come apprendista decoratore, forte della sua grande passione per il disegno manifestata gi\u00e0 alle elementari. All\u2019et\u00e0 di 20 anni torna in Italia per il servizio militare di leva e aggregato al battaglione \u201cFeltre\u201d parte per la Libia. Il 28 settembre 1912, col grado di caporale approda in Tripolitania dove le penne nere del \u201cFeltre\u201d e quelle del \u201cTolmezzo\u201d danno vita ad un reggimento speciale agli ordini dell\u2019allora colonnello Antonio Cantore, e si trasferiscono nella zona di Tripoli. Ultimato il periodo di leva torna al suo lavoro ma il 20 aprile del 1915 lo troviamo al Comando deposito del 7. Alpini di Belluno, assegnato alla 77. Compagnia ed inviato in zona Fedaia-Padon dove riceve il battesimo del fuoco. Il 20 luglio giunge la tragica notizia della morte del generale Cantore e l\u2019indomani la 77. Compagnia del \u201cBelluno\u201d assieme al 45. Fanteria, occupa alcune posizioni sulla Tofana I. Nel successivo assalto contro gli j\u00e4ger bavarsi si merita un encomio solenne con la motivazione: \u201cNell\u2019azione del 2 agosto 1915 a Forcella Fontananegra rimaneva molte ore in una posizione battuta dal fuoco nemico, contribuendo efficacemente con tiri aggiustati ad impedire ogni movimento offensivo ad un gruppo di nemici annidati fra i sassi\u201d. Gravi le perdite per il \u201cBelluno\u201d ma la \u201cmaledetta forcella \u00e8 conquistata\u201d. Per una nuova sortita ottiene un altro encomio solenne poi commutato in Croce di guerra. Il 25 novembre Bortoli segue la sua compagnia in Val Cordevole dove partecipa alle azioni sul Col di Lana rimanendovi fino alla vigilia di Natale. Rientrati a Col, vicino a Cortina, gli alpini della 77. vengono impiegati nelle operazioni di preparazione della \u201cmina del Castelletto\u201d che portano, alla fine dei lavori, allo scavo di 2200 metri cubi di roccia. La mina: 35 tonnellate di gelatina, esplode alle 3.40 dell&#8217;11 luglio del 1916. Serafino Bortoli \u00e8 tra i protagonisti delle successive fasi di conquista delle postazioni nemiche devastate dall&#8217;esplosione. Con la sua squadra deve percorrere la galleria fino al foro di sfiato e da l\u00ec, salendo per il Camino dei Cappelli, raggiungere le creste del Castelletto. Avvenuto lo scoppio, entra fra i primi con la lampada in mano, ma dopo una ventina di metri sviene: s ono gli effetti del &#8220;pojan&#8221;, il malore che coglie i minatori quando respirano i gas prodotti dalla deflagrazione degli esplosivi. Serafino rotola in basso ma, trascinato prontamente all&#8217;aperto, in breve tempo si riprende. Il giorno dopo \u00e8 gi\u00e0 in piena forma e il suo comandante, il capitano Renzo Cajani, gli chiede di tentare la salita al Castelletto lungo il canalone esterno. Viene organizzata una pattuglia di soli quattro uomini perch\u00e9, come avverte lui stesso, una squadra pi\u00f9 numerosa avrebbe certamente maggiori difficolt\u00e0 nel salire lungo quella ripida scarpata ricoperta dagli instabili detriti di roccia frantumata. Assieme al caporalmaggiore Bortoli ci sono Luigi Comiotto da Sedico, Giovanni Andrich da Canale d&#8217;Agordo e Giovanni Embizeni. La salita inizia verso le 23 del 12 luglio; al pi\u00f9 piccolo urto di un fucile contro la roccia, o al rotolare di una pietra, gli alpini si bloccano per dare la sensazione, se vi fosse all&#8217;ascolto una sentinella, che il rumore \u00e8 stato causato dall&#8217;assestamento di qualche masso. Finalmente, verso le quattro di mattina, la pattuglia arriva in cresta e si trova davanti a un ammasso di rocce sconvolte; una figura si muove, gli alpini lanciano due bombe a mano e vedono l&#8217;ombra stramazzare al suolo. Da una caverna l\u00ec vicino escono alcuni kaiserj\u00e4ger sparando alla cieca. I quattro assalitori rispondono al fuoco e Bortoli urla dei comandi per dare l&#8217;impressione che gli attaccanti sono numerosi. Gli austriaci si ritirano in fretta nel cunicolo e da l\u00ec iniziano a sparare con una mitragliatrice. Due alpini salgono, non visti, al di sopra dell&#8217;entrata e gettano all&#8217;interno alcune bombe a mano. I difensori si rintanano nella caverna e Comiotto, a carponi, si fa avanti impossessandosi della mitragliatrice. Bortoli parla il tedesco abbastanza bene e urla ai difensori di arrendersi, minacciando altrimenti di lanciare in quel buco delle bombe a gas asfissiante. Qualcuno si fa avanti emergendo dal buio con le mani alzate, ma Bortoli gli intima di tornare indietro, e che a presentarsi sia il solo comandante: non vuole che i tedeschi scoprano di aver a che fare solo con una manciata di uomini. Il comandante si presenta e in italiano dice: &#8220;Prima nemici e ora amici&#8221; e porge la mano per farsela stringere. Tolto il dito dal grilletto, Bortoli ricambia il saluto e si fa consegnare la rivoltella intimando all&#8217;ufficiale di far uscire i suoi uomini, uno ad uno, con le mani alzate, a distanza di qualche minuto l&#8217;uno dall&#8217;altro. Tre alpini restano presso l&#8217;uscita della caverna e l&#8217;altro accompagna ciascun prigioniero avviandolo verso il canalone lungo il quale stanno gi\u00e0 salendo altri alpini. Alla fine saranno evacuati ben 40 austriaci tra i quali due ufficiali. Il bottino ammonter\u00e0 a una mitragliatrice con buona scorta di munizioni, un lanciabombe con numerosi colpi e una quarantina di cassette di bombe a mano. Qualche giorno pi\u00f9 tardi, a Vervei, i quattro protagonisti dell&#8217;impresa sono decorati con medaglie al valor militare: d&#8217;argento al capo pattuglia e di bronzo agli altri. La motivazione per la medaglia assegnata a Serafino Bortoli \u00e8 proposta dal suo steso comandante, il capitano Cajani: \u201cFu tra i primi a raggiungere la sella tra il Castelletto e la Tofana I distinguendosi per attivit\u00e0 e coraggio; fu quindi anima e guida di una pattuglia di 4 uomini che si spinsero audacemente sopra l&#8217;ingresso della caverna occupata dal nemico, obbligandolo alla resa e traendo prigionieri ben 40 uomini tra i quali 2 ufficiali. Castelletto Tofana I, 13 luglio 1916\u201d. Il colonnello Tarditi appunta al petto degli altri coraggiosi la medaglia di bronzo mentre il capitano, fiero di quegli uomini, ad alta voce ripete per ciascuno di loro la stessa motivazione: \u201cVolontariamente fece parte di una pattuglia che si spinse audacemente sopra l&#8217;ingresso di una caverna occupata dal nemico obbligandolo alla resa e traendo ben quaranta prigionieri, due dei quali ufficiali. Castelletto, 11-13 luglio 1916\u201d. In considerazione della sua esperienza e delle capacit\u00e0 dimostrate, il 13 agosto del 1916 Bortoli \u00e8 promosso al grado di sergente e diventa l&#8217;uomo di fiducia del suo comandante, affiancandolo nei successivi avvenimenti che coinvolgono la 77\u00aa compagnia del &#8220;Belluno&#8221;, fino alla data del 3 luglio del 1917 quando l&#8217;intero battaglione lascia la Val Costeana per trasferirsi nella zona della II Armata, nella valle dell&#8217;Isonzo, per partecipare all&#8217;offensiva della Baisizza. Per le gravi conseguenze di una ferita alla mano, gli viene riconosciuta l&#8217;invalidit\u00e0 permanente e dopo una licenza straordinaria \u00e8 inviato in congedo assoluto. L&#8217;11 settembre del 1919 mette su famiglia sposando Maria De Biasio e torna a vivere in Val del Biois, a Caviola.<\/p>\n\n\t\t\t<style type='text\/css'>\n\t\t\t\t#gallery-1 {\n\t\t\t\t\tmargin: auto;\n\t\t\t\t}\n\t\t\t\t#gallery-1 .gallery-item {\n\t\t\t\t\tfloat: left;\n\t\t\t\t\tmargin-top: 10px;\n\t\t\t\t\ttext-align: center;\n\t\t\t\t\twidth: 14%;\n\t\t\t\t}\n\t\t\t\t#gallery-1 img {\n\t\t\t\t\tborder: 2px solid #cfcfcf;\n\t\t\t\t}\n\t\t\t\t#gallery-1 .gallery-caption {\n\t\t\t\t\tmargin-left: 0;\n\t\t\t\t}\n\t\t\t\t\/* see gallery_shortcode() in wp-includes\/media.php *\/\n\t\t\t<\/style>\n\t\t<div id='gallery-1' class='dt-gallery-container gallery galleryid-220511 gallery-columns-7 gallery-size-thumbnail'><dl class='gallery-item'>\n\t\t\t\t<dt class='gallery-icon portrait'>\n\t\t\t\t\t<a class=\"rollover rollover-zoom dt-pswp-item\" title=\"215338889_4106046446117303_2375540108763498806_n\" data-dt-img-description=\"\" data-large_image_width=\"155\" data-large_image_height=\"206\"href='https:\/\/www.radiopiu.net\/wordpress\/wp-content\/uploads\/2021\/07\/215338889_4106046446117303_2375540108763498806_n.png'><img loading=\"lazy\" decoding=\"async\" width=\"150\" height=\"150\" src=\"https:\/\/www.radiopiu.net\/wordpress\/wp-content\/uploads\/2021\/07\/215338889_4106046446117303_2375540108763498806_n-150x150.png\" class=\"attachment-thumbnail size-thumbnail\" alt=\"\" \/><\/a>\n\t\t\t\t<\/dt><\/dl><dl class='gallery-item'>\n\t\t\t\t<dt class='gallery-icon portrait'>\n\t\t\t\t\t<a class=\"rollover rollover-zoom dt-pswp-item\" title=\"211508204_294740639101753_860453077287579286_n\" data-dt-img-description=\"\" data-large_image_width=\"115\" data-large_image_height=\"141\"href='https:\/\/www.radiopiu.net\/wordpress\/wp-content\/uploads\/2021\/07\/211508204_294740639101753_860453077287579286_n.jpg'><img loading=\"lazy\" decoding=\"async\" width=\"115\" height=\"141\" src=\"https:\/\/www.radiopiu.net\/wordpress\/wp-content\/uploads\/2021\/07\/211508204_294740639101753_860453077287579286_n.jpg\" class=\"attachment-thumbnail size-thumbnail\" alt=\"\" \/><\/a>\n\t\t\t\t<\/dt><\/dl><dl class='gallery-item'>\n\t\t\t\t<dt class='gallery-icon landscape'>\n\t\t\t\t\t<a class=\"rollover rollover-zoom dt-pswp-item\" title=\"213922999_898939660966181_5014721421177222585_n\" data-dt-img-description=\"\" data-large_image_width=\"291\" data-large_image_height=\"206\"href='https:\/\/www.radiopiu.net\/wordpress\/wp-content\/uploads\/2021\/07\/213922999_898939660966181_5014721421177222585_n.jpg'><img loading=\"lazy\" decoding=\"async\" width=\"150\" height=\"150\" src=\"https:\/\/www.radiopiu.net\/wordpress\/wp-content\/uploads\/2021\/07\/213922999_898939660966181_5014721421177222585_n-150x150.jpg\" class=\"attachment-thumbnail size-thumbnail\" alt=\"\" \/><\/a>\n\t\t\t\t<\/dt><\/dl><dl class='gallery-item'>\n\t\t\t\t<dt class='gallery-icon landscape'>\n\t\t\t\t\t<a class=\"rollover rollover-zoom dt-pswp-item\" title=\"211330221_163488632508790_2698822289948994758_n\" data-dt-img-description=\"\" data-large_image_width=\"320\" data-large_image_height=\"206\"href='https:\/\/www.radiopiu.net\/wordpress\/wp-content\/uploads\/2021\/07\/211330221_163488632508790_2698822289948994758_n.jpg'><img loading=\"lazy\" decoding=\"async\" width=\"150\" height=\"150\" src=\"https:\/\/www.radiopiu.net\/wordpress\/wp-content\/uploads\/2021\/07\/211330221_163488632508790_2698822289948994758_n-150x150.jpg\" class=\"attachment-thumbnail size-thumbnail\" alt=\"\" \/><\/a>\n\t\t\t\t<\/dt><\/dl><dl class='gallery-item'>\n\t\t\t\t<dt class='gallery-icon landscape'>\n\t\t\t\t\t<a class=\"rollover rollover-zoom dt-pswp-item\" title=\"212174703_777301092934200_7563856460930420051_n\" data-dt-img-description=\"\" data-large_image_width=\"349\" data-large_image_height=\"206\"href='https:\/\/www.radiopiu.net\/wordpress\/wp-content\/uploads\/2021\/07\/212174703_777301092934200_7563856460930420051_n.jpg'><img loading=\"lazy\" decoding=\"async\" width=\"150\" height=\"150\" src=\"https:\/\/www.radiopiu.net\/wordpress\/wp-content\/uploads\/2021\/07\/212174703_777301092934200_7563856460930420051_n-150x150.jpg\" class=\"attachment-thumbnail size-thumbnail\" alt=\"\" \/><\/a>\n\t\t\t\t<\/dt><\/dl><dl class='gallery-item'>\n\t\t\t\t<dt class='gallery-icon landscape'>\n\t\t\t\t\t<a class=\"rollover rollover-zoom dt-pswp-item\" title=\"213396577_637956234266255_4079515184535729149_n\" data-dt-img-description=\"\" data-large_image_width=\"225\" data-large_image_height=\"206\"href='https:\/\/www.radiopiu.net\/wordpress\/wp-content\/uploads\/2021\/07\/213396577_637956234266255_4079515184535729149_n.jpg'><img loading=\"lazy\" decoding=\"async\" width=\"150\" height=\"150\" src=\"https:\/\/www.radiopiu.net\/wordpress\/wp-content\/uploads\/2021\/07\/213396577_637956234266255_4079515184535729149_n-150x150.jpg\" class=\"attachment-thumbnail size-thumbnail\" alt=\"\" \/><\/a>\n\t\t\t\t<\/dt><\/dl><dl class='gallery-item'>\n\t\t\t\t<dt class='gallery-icon landscape'>\n\t\t\t\t\t<a class=\"rollover rollover-zoom dt-pswp-item\" title=\"215188098_2881091175485982_7776801834963048587_n\" data-dt-img-description=\"\" data-large_image_width=\"366\" data-large_image_height=\"206\"href='https:\/\/www.radiopiu.net\/wordpress\/wp-content\/uploads\/2021\/07\/215188098_2881091175485982_7776801834963048587_n.jpg'><img loading=\"lazy\" decoding=\"async\" width=\"150\" height=\"150\" src=\"https:\/\/www.radiopiu.net\/wordpress\/wp-content\/uploads\/2021\/07\/215188098_2881091175485982_7776801834963048587_n-150x150.jpg\" class=\"attachment-thumbnail size-thumbnail\" alt=\"\" \/><\/a>\n\t\t\t\t<\/dt><\/dl><br style=\"clear: both\" \/><dl class='gallery-item'>\n\t\t\t\t<dt class='gallery-icon landscape'>\n\t\t\t\t\t<a class=\"rollover rollover-zoom dt-pswp-item\" title=\"212803224_233874448369465_4604276076123910475_n\" data-dt-img-description=\"\" data-large_image_width=\"296\" data-large_image_height=\"199\"href='https:\/\/www.radiopiu.net\/wordpress\/wp-content\/uploads\/2021\/07\/212803224_233874448369465_4604276076123910475_n.jpg'><img loading=\"lazy\" decoding=\"async\" width=\"150\" height=\"150\" src=\"https:\/\/www.radiopiu.net\/wordpress\/wp-content\/uploads\/2021\/07\/212803224_233874448369465_4604276076123910475_n-150x150.jpg\" class=\"attachment-thumbnail size-thumbnail\" alt=\"\" \/><\/a>\n\t\t\t\t<\/dt><\/dl><dl class='gallery-item'>\n\t\t\t\t<dt class='gallery-icon portrait'>\n\t\t\t\t\t<a class=\"rollover rollover-zoom dt-pswp-item\" title=\"211708601_498242011267689_5163461009276993622_n\" data-dt-img-description=\"\" data-large_image_width=\"155\" data-large_image_height=\"240\"href='https:\/\/www.radiopiu.net\/wordpress\/wp-content\/uploads\/2021\/07\/211708601_498242011267689_5163461009276993622_n.jpg'><img loading=\"lazy\" decoding=\"async\" width=\"150\" height=\"150\" src=\"https:\/\/www.radiopiu.net\/wordpress\/wp-content\/uploads\/2021\/07\/211708601_498242011267689_5163461009276993622_n-150x150.jpg\" class=\"attachment-thumbnail size-thumbnail\" alt=\"\" \/><\/a>\n\t\t\t\t<\/dt><\/dl><dl class='gallery-item'>\n\t\t\t\t<dt class='gallery-icon landscape'>\n\t\t\t\t\t<a class=\"rollover rollover-zoom dt-pswp-item\" title=\"211880625_427036574961499_8169434504556618256_n\" data-dt-img-description=\"\" data-large_image_width=\"526\" data-large_image_height=\"201\"href='https:\/\/www.radiopiu.net\/wordpress\/wp-content\/uploads\/2021\/07\/211880625_427036574961499_8169434504556618256_n.jpg'><img loading=\"lazy\" decoding=\"async\" width=\"150\" height=\"150\" src=\"https:\/\/www.radiopiu.net\/wordpress\/wp-content\/uploads\/2021\/07\/211880625_427036574961499_8169434504556618256_n-150x150.jpg\" class=\"attachment-thumbnail size-thumbnail\" alt=\"\" \/><\/a>\n\t\t\t\t<\/dt><\/dl><dl class='gallery-item'>\n\t\t\t\t<dt class='gallery-icon portrait'>\n\t\t\t\t\t<a class=\"rollover rollover-zoom dt-pswp-item\" title=\"210800434_140526201517767_4963538071825163430_n\" data-dt-img-description=\"\" data-large_image_width=\"160\" data-large_image_height=\"224\"href='https:\/\/www.radiopiu.net\/wordpress\/wp-content\/uploads\/2021\/07\/210800434_140526201517767_4963538071825163430_n.jpg'><img loading=\"lazy\" decoding=\"async\" width=\"150\" height=\"150\" src=\"https:\/\/www.radiopiu.net\/wordpress\/wp-content\/uploads\/2021\/07\/210800434_140526201517767_4963538071825163430_n-150x150.jpg\" class=\"attachment-thumbnail size-thumbnail\" alt=\"\" \/><\/a>\n\t\t\t\t<\/dt><\/dl><dl class='gallery-item'>\n\t\t\t\t<dt class='gallery-icon landscape'>\n\t\t\t\t\t<a class=\"rollover rollover-zoom dt-pswp-item\" title=\"212876430_1454351098273849_1566956669843395549_n\" data-dt-img-description=\"\" data-large_image_width=\"313\" data-large_image_height=\"206\"href='https:\/\/www.radiopiu.net\/wordpress\/wp-content\/uploads\/2021\/07\/212876430_1454351098273849_1566956669843395549_n.jpg'><img loading=\"lazy\" decoding=\"async\" width=\"150\" height=\"150\" src=\"https:\/\/www.radiopiu.net\/wordpress\/wp-content\/uploads\/2021\/07\/212876430_1454351098273849_1566956669843395549_n-150x150.jpg\" class=\"attachment-thumbnail size-thumbnail\" alt=\"\" \/><\/a>\n\t\t\t\t<\/dt><\/dl><dl class='gallery-item'>\n\t\t\t\t<dt class='gallery-icon landscape'>\n\t\t\t\t\t<a class=\"rollover rollover-zoom dt-pswp-item\" title=\"212721425_197907622142889_6769776435423259700_n\" data-dt-img-description=\"\" data-large_image_width=\"320\" data-large_image_height=\"199\"href='https:\/\/www.radiopiu.net\/wordpress\/wp-content\/uploads\/2021\/07\/212721425_197907622142889_6769776435423259700_n.jpg'><img loading=\"lazy\" decoding=\"async\" width=\"150\" height=\"150\" src=\"https:\/\/www.radiopiu.net\/wordpress\/wp-content\/uploads\/2021\/07\/212721425_197907622142889_6769776435423259700_n-150x150.jpg\" class=\"attachment-thumbnail size-thumbnail\" alt=\"\" \/><\/a>\n\t\t\t\t<\/dt><\/dl>\n\t\t\t\t<br style='clear: both' \/>\n\t\t\t<\/div>\n\n<p>&nbsp;<\/p>\n<p>NELLE FOTO (riproduzioni da \u201cLa fase conclusiva della conquista del Castelletto\u201d; siti: frontedolomitico.it, turismofvg.it, storiaememoriadibologna, Google): Serafino Bortoli fra i protagonisti della conquista del Castelletto sulla Tofana I; la copertina della pubblicazione da lui curata; Forcella Col de Bos con il Castelletto versante nord; alpino del battaglione \u201cBelluno\u201d fatto prigioniero nell\u2019Isonzo nell\u2019ottobre 1917; reclute della classe 1891 del \u201cBelluno\u201d alla guerra di Libia; le Tofane con il Castelletto; interrogatorio di prigionieri da parte del comandante della 77. Compagnia dopo la conquista della posizione; graduati della 77. Compagnia a riposo a Verven nel luglio 1916 dopo la storica impresa; superstiti del battaglione \u201cBelluno\u201d nel 50. anniversario della mina (11 luglio 1916); 3 luglio 1966: messa al campo 50 anni dopo la presa del Castelletto; gli effetti della tremenda esplosione della mina; le vittime non mancarono\u2026; copertina di un\u2019altra pubblicazione sul famoso episodio bellico: \u201cLa terra sembrava tremare\u201d di Enrico Varagnolo.<\/p>\n","protected":false},"excerpt":{"rendered":"<p>&nbsp; di RENATO BONA\u00a0 (LUGLIO 1916) Decisamente un reperto importante il libretto di una trentina di pagine stampato dalla bellunese tipografia Piave nel maggio del 1974, con il quale Serafino Bortoli (assistito dal fratello Attilio) descrive la sua personale esperienza relativa a: \u201cLa fase conclusiva della conquista del Castelletto 11-13 luglio 1916\u201d (e rivendica, per&hellip;<\/p>\n","protected":false},"author":4,"featured_media":220524,"comment_status":"closed","ping_status":"open","sticky":false,"template":"","format":"standard","meta":{"_monsterinsights_skip_tracking":false,"_monsterinsights_sitenote_active":false,"_monsterinsights_sitenote_note":"","_monsterinsights_sitenote_category":0,"footnotes":""},"categories":[104,49],"tags":[],"class_list":["post-220511","post","type-post","status-publish","format-standard","has-post-thumbnail","hentry","category-evidenza_3","category-news-18","category-104","category-49","description-off"],"img_url":"https:\/\/www.radiopiu.net\/wordpress\/wp-content\/uploads\/2021\/07\/212721425_197907622142889_6769776435423259700_n.jpg","_links":{"self":[{"href":"https:\/\/www.radiopiu.net\/wordpress\/wp-json\/wp\/v2\/posts\/220511","targetHints":{"allow":["GET"]}}],"collection":[{"href":"https:\/\/www.radiopiu.net\/wordpress\/wp-json\/wp\/v2\/posts"}],"about":[{"href":"https:\/\/www.radiopiu.net\/wordpress\/wp-json\/wp\/v2\/types\/post"}],"author":[{"embeddable":true,"href":"https:\/\/www.radiopiu.net\/wordpress\/wp-json\/wp\/v2\/users\/4"}],"replies":[{"embeddable":true,"href":"https:\/\/www.radiopiu.net\/wordpress\/wp-json\/wp\/v2\/comments?post=220511"}],"version-history":[{"count":0,"href":"https:\/\/www.radiopiu.net\/wordpress\/wp-json\/wp\/v2\/posts\/220511\/revisions"}],"wp:featuredmedia":[{"embeddable":true,"href":"https:\/\/www.radiopiu.net\/wordpress\/wp-json\/wp\/v2\/media\/220524"}],"wp:attachment":[{"href":"https:\/\/www.radiopiu.net\/wordpress\/wp-json\/wp\/v2\/media?parent=220511"}],"wp:term":[{"taxonomy":"category","embeddable":true,"href":"https:\/\/www.radiopiu.net\/wordpress\/wp-json\/wp\/v2\/categories?post=220511"},{"taxonomy":"post_tag","embeddable":true,"href":"https:\/\/www.radiopiu.net\/wordpress\/wp-json\/wp\/v2\/tags?post=220511"}],"curies":[{"name":"wp","href":"https:\/\/api.w.org\/{rel}","templated":true}]}}