{"id":220531,"date":"2021-07-09T05:58:39","date_gmt":"2021-07-09T03:58:39","guid":{"rendered":"https:\/\/www.radiopiu.net\/wordpress\/?p=220531"},"modified":"2021-07-09T09:54:30","modified_gmt":"2021-07-09T07:54:30","slug":"giornale-radiopiu-09-luglio-2021-direttore-mirko-mezzacasa","status":"publish","type":"post","link":"https:\/\/www.radiopiu.net\/wordpress\/giornale-radiopiu-09-luglio-2021-direttore-mirko-mezzacasa\/","title":{"rendered":"GIORNALE RADIOPIU 09 LUGLIO 2021 DIRETTORE MIRKO MEZZACASA"},"content":{"rendered":"<h2>ultim&#8217;ora: TERREMOTO<\/h2>\n<p><strong>FORNI DI SOPRA\u00a0<\/strong> \u00a0Questa notte all&#8217;1.11 la terra ha tremato al confine con la provincia di Belluno. Scossa di terremoto di 1,8 gradi della scala Richter.<\/p>\n\n\t\t\t<style type='text\/css'>\n\t\t\t\t#gallery-1 {\n\t\t\t\t\tmargin: auto;\n\t\t\t\t}\n\t\t\t\t#gallery-1 .gallery-item {\n\t\t\t\t\tfloat: left;\n\t\t\t\t\tmargin-top: 10px;\n\t\t\t\t\ttext-align: center;\n\t\t\t\t\twidth: 50%;\n\t\t\t\t}\n\t\t\t\t#gallery-1 img {\n\t\t\t\t\tborder: 2px solid #cfcfcf;\n\t\t\t\t}\n\t\t\t\t#gallery-1 .gallery-caption {\n\t\t\t\t\tmargin-left: 0;\n\t\t\t\t}\n\t\t\t\t\/* see gallery_shortcode() in wp-includes\/media.php *\/\n\t\t\t<\/style>\n\t\t<div id='gallery-1' class='dt-gallery-container gallery galleryid-220531 gallery-columns-2 gallery-size-medium'><dl class='gallery-item'>\n\t\t\t\t<dt class='gallery-icon portrait'>\n\t\t\t\t\t<a class=\"rollover rollover-zoom dt-pswp-item\" title=\"314f9ab2-3e8b-47f9-847c-7e2047c71406\" data-dt-img-description=\"\" data-large_image_width=\"1043\" data-large_image_height=\"1600\"href='https:\/\/www.radiopiu.net\/wordpress\/wp-content\/uploads\/2021\/07\/314f9ab2-3e8b-47f9-847c-7e2047c71406.jpg'><img loading=\"lazy\" decoding=\"async\" width=\"196\" height=\"300\" src=\"https:\/\/www.radiopiu.net\/wordpress\/wp-content\/uploads\/2021\/07\/314f9ab2-3e8b-47f9-847c-7e2047c71406-196x300.jpg\" class=\"attachment-medium size-medium\" alt=\"\" srcset=\"https:\/\/www.radiopiu.net\/wordpress\/wp-content\/uploads\/2021\/07\/314f9ab2-3e8b-47f9-847c-7e2047c71406-196x300.jpg 196w, https:\/\/www.radiopiu.net\/wordpress\/wp-content\/uploads\/2021\/07\/314f9ab2-3e8b-47f9-847c-7e2047c71406-668x1024.jpg 668w, https:\/\/www.radiopiu.net\/wordpress\/wp-content\/uploads\/2021\/07\/314f9ab2-3e8b-47f9-847c-7e2047c71406-768x1178.jpg 768w, https:\/\/www.radiopiu.net\/wordpress\/wp-content\/uploads\/2021\/07\/314f9ab2-3e8b-47f9-847c-7e2047c71406-1001x1536.jpg 1001w, https:\/\/www.radiopiu.net\/wordpress\/wp-content\/uploads\/2021\/07\/314f9ab2-3e8b-47f9-847c-7e2047c71406.jpg 1043w\" sizes=\"auto, (max-width: 196px) 100vw, 196px\" \/><\/a>\n\t\t\t\t<\/dt><\/dl><dl class='gallery-item'>\n\t\t\t\t<dt class='gallery-icon portrait'>\n\t\t\t\t\t<a class=\"rollover rollover-zoom dt-pswp-item\" title=\"2e8271f1-cc4a-42bb-b378-9296effb396f\" data-dt-img-description=\"\" data-large_image_width=\"746\" data-large_image_height=\"1600\"href='https:\/\/www.radiopiu.net\/wordpress\/wp-content\/uploads\/2021\/07\/2e8271f1-cc4a-42bb-b378-9296effb396f.jpg'><img loading=\"lazy\" decoding=\"async\" width=\"140\" height=\"300\" src=\"https:\/\/www.radiopiu.net\/wordpress\/wp-content\/uploads\/2021\/07\/2e8271f1-cc4a-42bb-b378-9296effb396f-140x300.jpg\" class=\"attachment-medium size-medium\" alt=\"\" srcset=\"https:\/\/www.radiopiu.net\/wordpress\/wp-content\/uploads\/2021\/07\/2e8271f1-cc4a-42bb-b378-9296effb396f-140x300.jpg 140w, https:\/\/www.radiopiu.net\/wordpress\/wp-content\/uploads\/2021\/07\/2e8271f1-cc4a-42bb-b378-9296effb396f-477x1024.jpg 477w, https:\/\/www.radiopiu.net\/wordpress\/wp-content\/uploads\/2021\/07\/2e8271f1-cc4a-42bb-b378-9296effb396f-716x1536.jpg 716w, https:\/\/www.radiopiu.net\/wordpress\/wp-content\/uploads\/2021\/07\/2e8271f1-cc4a-42bb-b378-9296effb396f.jpg 746w\" sizes=\"auto, (max-width: 140px) 100vw, 140px\" \/><\/a>\n\t\t\t\t<\/dt><\/dl><br style=\"clear: both\" \/>\n\t\t\t<\/div>\n\n<h2><\/h2>\n<h2><span style=\"color: #0000ff;\">\u00a0<\/span><\/h2>\n<h2><\/h2>\n<hr \/>\n<p>&nbsp;<\/p>\n<p>&nbsp;<\/p>\n<p>&nbsp;<\/p>\n<blockquote>\n<h3>LA SEGNALAZIONE DELLE CINQUE DEL MATTINO: a Veran di Agordo siamo senza acqua da ieri, esce un filo inservibile\u2026<\/h3>\n<\/blockquote>\n<p>&nbsp;<\/p>\n<p>&nbsp;<\/p>\n<hr \/>\n<blockquote>\n<h3><strong><a href=\"https:\/\/www.radiopiu.net\/wordpress\/giornale-radiopiu-09-luglio-2021-direttore-mirko-mezzacasa\/pp-76\/\" rel=\"attachment wp-att-220801\"><img loading=\"lazy\" decoding=\"async\" class=\"wp-image-220801 alignleft\" src=\"https:\/\/www.radiopiu.net\/wordpress\/wp-content\/uploads\/2021\/07\/pp-2-e1625801927105-300x300.jpg\" alt=\"\" width=\"109\" height=\"109\" srcset=\"https:\/\/www.radiopiu.net\/wordpress\/wp-content\/uploads\/2021\/07\/pp-2-e1625801927105-300x300.jpg 300w, https:\/\/www.radiopiu.net\/wordpress\/wp-content\/uploads\/2021\/07\/pp-2-e1625801927105-150x150.jpg 150w, https:\/\/www.radiopiu.net\/wordpress\/wp-content\/uploads\/2021\/07\/pp-2-e1625801927105.jpg 640w\" sizes=\"auto, (max-width: 109px) 100vw, 109px\" \/><\/a><span style=\"color: #ff0000;\">OGGI ALLE 17.30 IN SALA DON TAMIS BRUNELLA MORO &#8211; VOCE DI RADIO PIU&#8217;- RECITA MARIA PIA FASSARI\u00a0<\/span><\/strong><\/h3>\n<p>Il Circolo culturale agordino, biblioteca civica di Agordo, organizza un pomeriggio culturale-incontro con l&#8217;autore: oggi alle 17.30, nella sala &#8220;don Tamis&#8221; di Agordo, sar\u00e0 presentato il libro di Mariapia Fassari Cappelletti &#8220;Cristalli d&#8217;amore, poesie&#8221; . L&#8217;incontro sar\u00e0 allietato dalla lettura di alcune poesia da parte di Brunella Moro, introdotte dal violino di Ivan Zasso.<\/p><\/blockquote>\n<h3><\/h3>\n<hr \/>\n<p>&nbsp;<\/p>\n<blockquote>\n<h2 style=\"text-align: center;\">MASK TO RIDE&#8230; SU E GIU&#8217; PER L&#8217;ITALIA<\/h2>\n<p><strong>ALLA RADIO\u00a0<\/strong><\/p>\n<audio class=\"wp-audio-shortcode\" id=\"audio-220531-1\" preload=\"none\" style=\"width: 100%;\" controls=\"controls\"><source type=\"audio\/mpeg\" src=\"https:\/\/www.radiopiu.net\/wordpress\/wp-content\/uploads\/2021\/07\/caludia-mask.mp3?_=1\" \/><a href=\"https:\/\/www.radiopiu.net\/wordpress\/wp-content\/uploads\/2021\/07\/caludia-mask.mp3\">https:\/\/www.radiopiu.net\/wordpress\/wp-content\/uploads\/2021\/07\/caludia-mask.mp3<\/a><\/audio><\/blockquote>\n\n\t\t\t<style type='text\/css'>\n\t\t\t\t#gallery-2 {\n\t\t\t\t\tmargin: auto;\n\t\t\t\t}\n\t\t\t\t#gallery-2 .gallery-item {\n\t\t\t\t\tfloat: left;\n\t\t\t\t\tmargin-top: 10px;\n\t\t\t\t\ttext-align: center;\n\t\t\t\t\twidth: 20%;\n\t\t\t\t}\n\t\t\t\t#gallery-2 img {\n\t\t\t\t\tborder: 2px solid #cfcfcf;\n\t\t\t\t}\n\t\t\t\t#gallery-2 .gallery-caption {\n\t\t\t\t\tmargin-left: 0;\n\t\t\t\t}\n\t\t\t\t\/* see gallery_shortcode() in wp-includes\/media.php *\/\n\t\t\t<\/style>\n\t\t<div id='gallery-2' class='dt-gallery-container gallery galleryid-220531 gallery-columns-5 gallery-size-thumbnail'><dl class='gallery-item'>\n\t\t\t\t<dt class='gallery-icon landscape'>\n\t\t\t\t\t<a class=\"rollover rollover-zoom dt-pswp-item\" title=\"5ff53b4c-c42b-4c88-80ae-c8e7019f74d9\" data-dt-img-description=\"\" data-large_image_width=\"1500\" data-large_image_height=\"1000\"href='https:\/\/www.radiopiu.net\/wordpress\/wp-content\/uploads\/2021\/07\/5ff53b4c-c42b-4c88-80ae-c8e7019f74d9.jpg'><img loading=\"lazy\" decoding=\"async\" width=\"150\" height=\"150\" src=\"https:\/\/www.radiopiu.net\/wordpress\/wp-content\/uploads\/2021\/07\/5ff53b4c-c42b-4c88-80ae-c8e7019f74d9-150x150.jpg\" class=\"attachment-thumbnail size-thumbnail\" alt=\"\" \/><\/a>\n\t\t\t\t<\/dt><\/dl><dl class='gallery-item'>\n\t\t\t\t<dt class='gallery-icon landscape'>\n\t\t\t\t\t<a class=\"rollover rollover-zoom dt-pswp-item\" title=\"bd65e4b5-bca5-4745-b6ad-562236096db7\" data-dt-img-description=\"\" data-large_image_width=\"1500\" data-large_image_height=\"1000\"href='https:\/\/www.radiopiu.net\/wordpress\/wp-content\/uploads\/2021\/07\/bd65e4b5-bca5-4745-b6ad-562236096db7.jpg'><img loading=\"lazy\" decoding=\"async\" width=\"150\" height=\"150\" src=\"https:\/\/www.radiopiu.net\/wordpress\/wp-content\/uploads\/2021\/07\/bd65e4b5-bca5-4745-b6ad-562236096db7-150x150.jpg\" class=\"attachment-thumbnail size-thumbnail\" alt=\"\" \/><\/a>\n\t\t\t\t<\/dt><\/dl><dl class='gallery-item'>\n\t\t\t\t<dt class='gallery-icon landscape'>\n\t\t\t\t\t<a class=\"rollover rollover-zoom dt-pswp-item\" title=\"694ccc27-c9e3-459b-9158-391a386e2aac\" data-dt-img-description=\"\" data-large_image_width=\"1500\" data-large_image_height=\"1000\"href='https:\/\/www.radiopiu.net\/wordpress\/wp-content\/uploads\/2021\/07\/694ccc27-c9e3-459b-9158-391a386e2aac.jpg'><img loading=\"lazy\" decoding=\"async\" width=\"150\" height=\"150\" src=\"https:\/\/www.radiopiu.net\/wordpress\/wp-content\/uploads\/2021\/07\/694ccc27-c9e3-459b-9158-391a386e2aac-150x150.jpg\" class=\"attachment-thumbnail size-thumbnail\" alt=\"\" \/><\/a>\n\t\t\t\t<\/dt><\/dl><dl class='gallery-item'>\n\t\t\t\t<dt class='gallery-icon landscape'>\n\t\t\t\t\t<a class=\"rollover rollover-zoom dt-pswp-item\" title=\"bc393892-829f-4e41-9147-823ed2d2487e\" data-dt-img-description=\"\" data-large_image_width=\"1500\" data-large_image_height=\"1000\"href='https:\/\/www.radiopiu.net\/wordpress\/wp-content\/uploads\/2021\/07\/bc393892-829f-4e41-9147-823ed2d2487e.jpg'><img loading=\"lazy\" decoding=\"async\" width=\"150\" height=\"150\" src=\"https:\/\/www.radiopiu.net\/wordpress\/wp-content\/uploads\/2021\/07\/bc393892-829f-4e41-9147-823ed2d2487e-150x150.jpg\" class=\"attachment-thumbnail size-thumbnail\" alt=\"\" \/><\/a>\n\t\t\t\t<\/dt><\/dl><dl class='gallery-item'>\n\t\t\t\t<dt class='gallery-icon landscape'>\n\t\t\t\t\t<a class=\"rollover rollover-zoom dt-pswp-item\" title=\"40d9eba6-0392-4b39-985f-34d0e00f1c69\" data-dt-img-description=\"\" data-large_image_width=\"1500\" data-large_image_height=\"1000\"href='https:\/\/www.radiopiu.net\/wordpress\/wp-content\/uploads\/2021\/07\/40d9eba6-0392-4b39-985f-34d0e00f1c69.jpg'><img loading=\"lazy\" decoding=\"async\" width=\"150\" height=\"150\" src=\"https:\/\/www.radiopiu.net\/wordpress\/wp-content\/uploads\/2021\/07\/40d9eba6-0392-4b39-985f-34d0e00f1c69-150x150.jpg\" class=\"attachment-thumbnail size-thumbnail\" alt=\"\" \/><\/a>\n\t\t\t\t<\/dt><\/dl><br style=\"clear: both\" \/>\n\t\t\t<\/div>\n\n<p><strong>BELLUNO<\/strong> Dalle 10 sul list\u00f2n in piazza dei Martiri arriva <i><b>Mask to Ride<\/b><\/i>, dopo 12 giorni di viaggio e circa 7.000 km macinati su e gi\u00f9 per l&#8217;Italia. Saranno protagoniste le principali associazioni legate al mondo della disabilit\u00e0 bellunesi, alle quali\u00a0 Alvaro Dal Farra\u00a0 in moto e Mattia Cattapan su e-motion-drive doneranno un piccolo show. <em>&#8220;Sar\u00e0 un momento molto emozionante &#8211; dice Alvaro Dal Farra &#8211;\u00a0 che attendiamo con trepidazione, dopo un grande lavoro organizzativo in collaborazione con il Comune di Belluno, che ci ha aiutato a realizzare questo atteso ritorno in piazza&#8221; <\/em>Saranno presenti all&#8217;evento anche il Presidente della Provincia, Roberto Padrin, e l&#8217;Assessore alle politiche per lo sport e tempo libero del Comune di Belluno, Marco Bogo.<\/p>\n\n\t\t\t<style type='text\/css'>\n\t\t\t\t#gallery-3 {\n\t\t\t\t\tmargin: auto;\n\t\t\t\t}\n\t\t\t\t#gallery-3 .gallery-item {\n\t\t\t\t\tfloat: left;\n\t\t\t\t\tmargin-top: 10px;\n\t\t\t\t\ttext-align: center;\n\t\t\t\t\twidth: 50%;\n\t\t\t\t}\n\t\t\t\t#gallery-3 img {\n\t\t\t\t\tborder: 2px solid #cfcfcf;\n\t\t\t\t}\n\t\t\t\t#gallery-3 .gallery-caption {\n\t\t\t\t\tmargin-left: 0;\n\t\t\t\t}\n\t\t\t\t\/* see gallery_shortcode() in wp-includes\/media.php *\/\n\t\t\t<\/style>\n\t\t<div id='gallery-3' class='dt-gallery-container gallery galleryid-220531 gallery-columns-2 gallery-size-medium'><dl class='gallery-item'>\n\t\t\t\t<dt class='gallery-icon landscape'>\n\t\t\t\t\t<a class=\"rollover rollover-zoom dt-pswp-item\" title=\"WhatsApp Image 2021-06-28 at 17.41.00\" data-dt-img-description=\"\" data-large_image_width=\"1500\" data-large_image_height=\"1000\"href='https:\/\/www.radiopiu.net\/wordpress\/wp-content\/uploads\/2021\/07\/WhatsApp-Image-2021-06-28-at-17.41.00.jpeg'><img loading=\"lazy\" decoding=\"async\" width=\"300\" height=\"200\" src=\"https:\/\/www.radiopiu.net\/wordpress\/wp-content\/uploads\/2021\/07\/WhatsApp-Image-2021-06-28-at-17.41.00-300x200.jpeg\" class=\"attachment-medium size-medium\" alt=\"\" srcset=\"https:\/\/www.radiopiu.net\/wordpress\/wp-content\/uploads\/2021\/07\/WhatsApp-Image-2021-06-28-at-17.41.00-300x200.jpeg 300w, https:\/\/www.radiopiu.net\/wordpress\/wp-content\/uploads\/2021\/07\/WhatsApp-Image-2021-06-28-at-17.41.00-1024x683.jpeg 1024w, https:\/\/www.radiopiu.net\/wordpress\/wp-content\/uploads\/2021\/07\/WhatsApp-Image-2021-06-28-at-17.41.00-768x512.jpeg 768w, https:\/\/www.radiopiu.net\/wordpress\/wp-content\/uploads\/2021\/07\/WhatsApp-Image-2021-06-28-at-17.41.00.jpeg 1500w\" sizes=\"auto, (max-width: 300px) 100vw, 300px\" \/><\/a>\n\t\t\t\t<\/dt><\/dl><dl class='gallery-item'>\n\t\t\t\t<dt class='gallery-icon landscape'>\n\t\t\t\t\t<a class=\"rollover rollover-zoom dt-pswp-item\" title=\"ee34774e-2389-4940-a941-2ccc24a2fc3c\" data-dt-img-description=\"\" data-large_image_width=\"1500\" data-large_image_height=\"1000\"href='https:\/\/www.radiopiu.net\/wordpress\/wp-content\/uploads\/2021\/07\/ee34774e-2389-4940-a941-2ccc24a2fc3c.jpg'><img loading=\"lazy\" decoding=\"async\" width=\"300\" height=\"200\" src=\"https:\/\/www.radiopiu.net\/wordpress\/wp-content\/uploads\/2021\/07\/ee34774e-2389-4940-a941-2ccc24a2fc3c-300x200.jpg\" class=\"attachment-medium size-medium\" alt=\"\" srcset=\"https:\/\/www.radiopiu.net\/wordpress\/wp-content\/uploads\/2021\/07\/ee34774e-2389-4940-a941-2ccc24a2fc3c-300x200.jpg 300w, https:\/\/www.radiopiu.net\/wordpress\/wp-content\/uploads\/2021\/07\/ee34774e-2389-4940-a941-2ccc24a2fc3c-1024x683.jpg 1024w, https:\/\/www.radiopiu.net\/wordpress\/wp-content\/uploads\/2021\/07\/ee34774e-2389-4940-a941-2ccc24a2fc3c-768x512.jpg 768w, https:\/\/www.radiopiu.net\/wordpress\/wp-content\/uploads\/2021\/07\/ee34774e-2389-4940-a941-2ccc24a2fc3c.jpg 1500w\" sizes=\"auto, (max-width: 300px) 100vw, 300px\" \/><\/a>\n\t\t\t\t<\/dt><\/dl><br style=\"clear: both\" \/>\n\t\t\t<\/div>\n\n<p>&nbsp;<\/p>\n<p>&nbsp;<\/p>\n<hr \/>\n<p>&nbsp;<\/p>\n<blockquote>\n<h3>DAL 14 AL 30 LUGLIO: CHIUSURA A GONA DELLA PROVINCIALE PER RIVAMONTE<\/h3>\n<\/blockquote>\n<p><strong><a href=\"https:\/\/www.radiopiu.net\/wordpress\/giornale-radiopiu-08-luglio-2021-direttore-mirko-mezzacasa\/d1d692aa-1d64-4765-8a42-99f32476341b-300x225\/\" rel=\"attachment wp-att-220535\"><img loading=\"lazy\" decoding=\"async\" class=\"wp-image-220535 alignleft\" src=\"https:\/\/www.radiopiu.net\/wordpress\/wp-content\/uploads\/2021\/07\/d1d692aa-1d64-4765-8a42-99f32476341b-300x225-1.jpg\" alt=\"\" width=\"105\" height=\"79\" \/><\/a>RIVAMONTE<\/strong>\u00a0Dal 14 luglio Rivamonte sar\u00e0 raggiungibile solo da Voltago (via Digoman) e da Gosaldo, infatti la strada chiuder\u00e0 (anche nei giorni festivi e prefestivi) in localit\u00e0 Gona per permettere i lavori di consolidamento del piano viabile come noto franato anche recentemente.<\/p>\n<p>&nbsp;<\/p>\n<p>&nbsp;<\/p>\n<hr \/>\n<p>&nbsp;<\/p>\n<p><strong><a href=\"https:\/\/www.radiopiu.net\/wordpress\/giornale-radiopiu-16-giugno-2021-direttore-mirko-mezzacasa\/lavorii\/\" rel=\"attachment wp-att-216177\"><img loading=\"lazy\" decoding=\"async\" class=\"size-medium wp-image-216177 alignleft\" src=\"https:\/\/www.radiopiu.net\/wordpress\/wp-content\/uploads\/2021\/06\/LAVORII-300x159.jpg\" sizes=\"auto, (max-width: 300px) 100vw, 300px\" srcset=\"https:\/\/www.radiopiu.net\/wordpress\/wp-content\/uploads\/2021\/06\/LAVORII-300x159.jpg 300w, https:\/\/www.radiopiu.net\/wordpress\/wp-content\/uploads\/2021\/06\/LAVORII.jpg 335w\" alt=\"\" width=\"300\" height=\"159\" \/><\/a><\/strong><\/p>\n<p>&nbsp;<\/p>\n<p><b>GALLERIA \u2018COMELICO\u00a0<\/b>fino al 31 luglio\u00a0 dalle 21 alle\u00a0 6 la galleria sar\u00e0 chiusa al traffico. Per i veicoli pesanti trainanti un rimorchio \u00e8 prevista la deviazione sulla SR 48 \u201cdelle Dolomiti e sulla SP 49 \u201cMisurina\u201d,\u00a0 \u00a0il traffico pesante sar\u00e0 deviato lungo la SP 532 \u201cPasso S. Antonio\u201d. Il traffico leggero\u00a0 sulla SP 532.<\/p>\n<p>&nbsp;<\/p>\n<p><strong>VOLTAGO<\/strong>\u00a0 Fino al 10 luglio, domeniche escluse, per consentire i lavori di esbosco\u00a0 interdizione totale alla circolazione\u00a0 dalle 8 alle 17 lungo la Strada provinciale 26 \u201cdi Digoman\u201d, nei comuni di Rivamonte e Voltago Agordino.\u00a0 Nei periodi non interessati dalle chiusure sar\u00e0 istituto il senso unico alternato regolato da impianto semaforico.<\/p>\n<p>&nbsp;<\/p>\n<p>&nbsp;<\/p>\n<hr \/>\n<p>&nbsp;<\/p>\n<p><strong><span style=\"color: #ff0000;\">REGIONALE 203 AGORDINA, LOCALITA&#8217; SORAZUNAIA,\u00a0 E SR 48 DELLE DOLOMITI IN LOCALITA&#8217; LIVINALLONGO, FINO AL 31 LUGLIO DALLE 7 ALLE 18 ESCLUSI SABATI E DOMENICHE INTERRUZIONI ALLA VIABILITA&#8217; PER UNA DURATA MASSIMA DI 20 MINUTI.\u00a0<\/span><\/strong><\/p>\n<p>&nbsp;<\/p>\n<p>&nbsp;<\/p>\n<hr \/>\n<p>&nbsp;<\/p>\n<p>&nbsp;<\/p>\n<blockquote>\n<h3><strong><a href=\"https:\/\/www.radiopiu.net\/wordpress\/agordo-il-mio-paese-litalia-che-vorrei-di-mirko-mezzacasa\/8cea600a-c88b-4d28-8748-e360e4864c44\/\" rel=\"attachment wp-att-144890\"><img loading=\"lazy\" decoding=\"async\" class=\" wp-image-144890 alignleft\" src=\"https:\/\/www.radiopiu.net\/wordpress\/wp-content\/uploads\/2020\/06\/8cea600a-c88b-4d28-8748-e360e4864c44-300x225.jpg\" alt=\"\" width=\"155\" height=\"116\" srcset=\"https:\/\/www.radiopiu.net\/wordpress\/wp-content\/uploads\/2020\/06\/8cea600a-c88b-4d28-8748-e360e4864c44-300x225.jpg 300w, https:\/\/www.radiopiu.net\/wordpress\/wp-content\/uploads\/2020\/06\/8cea600a-c88b-4d28-8748-e360e4864c44-1024x768.jpg 1024w, https:\/\/www.radiopiu.net\/wordpress\/wp-content\/uploads\/2020\/06\/8cea600a-c88b-4d28-8748-e360e4864c44-768x576.jpg 768w, https:\/\/www.radiopiu.net\/wordpress\/wp-content\/uploads\/2020\/06\/8cea600a-c88b-4d28-8748-e360e4864c44-1536x1152.jpg 1536w, https:\/\/www.radiopiu.net\/wordpress\/wp-content\/uploads\/2020\/06\/8cea600a-c88b-4d28-8748-e360e4864c44.jpg 2048w\" sizes=\"auto, (max-width: 155px) 100vw, 155px\" \/><\/a><\/strong>LAVORI DI RIFACIMENTO DEL PONTE SUL TORRENTE CAMPREGANA<\/h3>\n<\/blockquote>\n<p><strong>AGORDO<\/strong> Fino al 16 luglio, per le frazioni Farenzena e Val di Frela deviazioni per la\u00a0 strada silvo-pastorale Farenzena-Don <em>Transito consentito <strong>A SALIRE<\/strong>, da frazione FARENZENA a localita\u0300 DON: dalle 6 alle 7:45, dalle 9 alle 9:45, dalle 11:00 alle 11:45, dalle 13 alle 13:45 &#8211; dalle 15 alle 15:45, dalle 17 alle 17:45, dalle 19 alle 19:45. Transito consentito<strong> A SCENDERE<\/strong>, da localita\u0300 DON a frazione FARENZENA: dalle 8 alle 8:45, dalle 10 alle 10:45, dalle 12 alle 12:45, dalle 14 alle 14:45, dalle 16 alle 16:45, dalle 18 alle 18:45, dalle 20 alle 20:45. Dalle ore 20:45 alle ore 05:45 la circolazione dei veicoli e\u0300 consentita contemporaneamente in entrambi i sensi di marcia.\u00a0\u00a0<\/em><\/p>\n<p>&nbsp;<\/p>\n<hr \/>\n<p>&nbsp;<\/p>\n<blockquote>\n<h3>ALLARME TRUFFE E&#8217; NECESSARIO ALZARE L&#8217;ASTICELLA DELL&#8217;ATTENZIONE E PROTEGGERE I NOSTRI ANZIANI<\/h3>\n<\/blockquote>\n<p><a href=\"https:\/\/www.radiopiu.net\/wordpress\/giornale-radiopiu-09-luglio-2021-direttore-mirko-mezzacasa\/road-sign-464641__340\/\" rel=\"attachment wp-att-220803\"><img loading=\"lazy\" decoding=\"async\" class=\"wp-image-220803 alignleft\" src=\"https:\/\/www.radiopiu.net\/wordpress\/wp-content\/uploads\/2021\/07\/road-sign-464641__340-300x213.jpg\" alt=\"\" width=\"151\" height=\"107\" srcset=\"https:\/\/www.radiopiu.net\/wordpress\/wp-content\/uploads\/2021\/07\/road-sign-464641__340-300x213.jpg 300w, https:\/\/www.radiopiu.net\/wordpress\/wp-content\/uploads\/2021\/07\/road-sign-464641__340.jpg 480w\" sizes=\"auto, (max-width: 151px) 100vw, 151px\" \/><\/a><strong>LIMANA<\/strong> La solita terribile truffa, avvicinare un anziano raccontando che il figlio \u00e8 in prigione e servono soldi per la sua scarcerazione. E cos\u00ec due uomini si sono messi in saccoccia un migliaio di euro in contanti e preziosi in oro da una donna, 84 anni di Limana. A farsi consegnare il maltolto un finto Carabiniere e un finto avvocato. L&#8217;uno telefona, l&#8217;altro bussa alla porta. Indagano i carabinieri di Trichiana, sarebbe stata segnalata una punto grigia.<\/p>\n<p>&nbsp;<\/p>\n<p>&nbsp;<\/p>\n<p>&nbsp;<\/p>\n<hr \/>\n<blockquote>\n<h3>INCUBO VAIA, AD OGNI TEMPORALE AFFIORANO I RICORDI, IL SOFFIO DEL VENTO CHE METTE PAURA<\/h3>\n<\/blockquote>\n<p><a href=\"https:\/\/www.radiopiu.net\/wordpress\/giornale-radiopiu-09-luglio-2021-direttore-mirko-mezzacasa\/sky-699697_960_720\/\" rel=\"attachment wp-att-220800\"><img loading=\"lazy\" decoding=\"async\" class=\"wp-image-220800 alignleft\" src=\"https:\/\/www.radiopiu.net\/wordpress\/wp-content\/uploads\/2021\/07\/sky-699697_960_720-300x200.jpg\" alt=\"\" width=\"144\" height=\"96\" srcset=\"https:\/\/www.radiopiu.net\/wordpress\/wp-content\/uploads\/2021\/07\/sky-699697_960_720-300x200.jpg 300w, https:\/\/www.radiopiu.net\/wordpress\/wp-content\/uploads\/2021\/07\/sky-699697_960_720-768x512.jpg 768w, https:\/\/www.radiopiu.net\/wordpress\/wp-content\/uploads\/2021\/07\/sky-699697_960_720.jpg 960w\" sizes=\"auto, (max-width: 144px) 100vw, 144px\" \/><\/a> E&#8217; successo di nuovo, ieri sera alle 20.30. Un altro violento temporale con alberi finiti in strada e interruzioni nell&#8217;erogazione dell&#8217;energia elettrica. Maggiormente colpito il feltrino, Vigili del Fuoco sotto pressione per liberare alcune strade dalle piante cadute, senza comunque danni ingenti.\u00a0 Una vettura \u00e8 rimasta\u00a0 schiacciata da\u00a0 una pianta in centro di Feltre via Castaldi, fortunatamente non c&#8217;era nessuno a bordo.\u00a0 Piante cadute al Boscariz,\u00a0 al liceo Dal Piaz e alla\u00a0 nuova rotonda. Danni anche a Cesiomaggiore.<\/p>\n<p>&nbsp;<\/p>\n<p>https:\/\/www.facebook.com\/Mirkomezziano\/videos\/146567270808586<\/p>\n<p>&nbsp;<\/p>\n<hr \/>\n<p>&nbsp;<\/p>\n<blockquote>\n<h2>SBANDA IN CURVA E SI SCHIANTA SULLA BMW<\/h2>\n<\/blockquote>\n<p><strong><a href=\"https:\/\/www.radiopiu.net\/wordpress\/sbanda-in-curva-e-si-schianta-sulla-bmw\/d63252f3-c715-4d1d-b9a9-612fb39147b4-2\/\" rel=\"attachment wp-att-220771\"><img loading=\"lazy\" decoding=\"async\" class=\" wp-image-220771 alignleft\" src=\"https:\/\/www.radiopiu.net\/wordpress\/wp-content\/uploads\/2021\/07\/d63252f3-c715-4d1d-b9a9-612fb39147b4-1-225x300.jpg\" alt=\"\" width=\"161\" height=\"215\" srcset=\"https:\/\/www.radiopiu.net\/wordpress\/wp-content\/uploads\/2021\/07\/d63252f3-c715-4d1d-b9a9-612fb39147b4-1-225x300.jpg 225w, https:\/\/www.radiopiu.net\/wordpress\/wp-content\/uploads\/2021\/07\/d63252f3-c715-4d1d-b9a9-612fb39147b4-1-768x1024.jpg 768w, https:\/\/www.radiopiu.net\/wordpress\/wp-content\/uploads\/2021\/07\/d63252f3-c715-4d1d-b9a9-612fb39147b4-1-1152x1536.jpg 1152w, https:\/\/www.radiopiu.net\/wordpress\/wp-content\/uploads\/2021\/07\/d63252f3-c715-4d1d-b9a9-612fb39147b4-1.jpg 1488w\" sizes=\"auto, (max-width: 161px) 100vw, 161px\" \/><\/a>LISTOLADE<\/strong> Incidente nel pieno del nubifragio serale, il giovane agordino a bordo dell&#8217;Alfa 156 ha perso il controllo del mezzo che sbandando sulla sinistra \u00e8 finito contro la Bmw Suv di una coppia di Ferraresi diretta nell&#8217;Alto Agordino. Nello schianto l&#8217;Alfa grigia\u00a0 ha lasciato una ruota completa nella cunetta. Immediato l&#8217;intervento del Pronto Soccorso di Agordo che ha prestato le prime cure all&#8217;uomo per poi trasferirlo all&#8217;ospedale di Agordo.<em> &#8220;L&#8217;ho visto arrivare &#8211; racconter\u00e0 l&#8217;uomo a bordo della Bmw &#8211; e non ho potuto fare altro che stringere contro il muro di contenimento sperando di non essere colpito&#8221;<\/em>. Invece la 156 si \u00e8 parata davanti ala Bmw (Suv ben corrazzato) e si \u00e8 intraversata a centro strada. I vigili del fuoco di Agordo hanno provveduto a mettere in sicurezza il mezzo ma anche deviare il traffico sulla sottostante comunale, la 203 agordina \u00e8 rimasta chiusa il tempo dei rilievi di legge (Carabinieri di Agordo) e ripristino della viabilit\u00e0. Disagi al traffico limitati per la possibilit\u00e0 di bypassare l&#8217;incidente per la comunale in centro a Listolade.<\/p>\n<p>&nbsp;<\/p>\n\n\t\t\t<style type='text\/css'>\n\t\t\t\t#gallery-4 {\n\t\t\t\t\tmargin: auto;\n\t\t\t\t}\n\t\t\t\t#gallery-4 .gallery-item {\n\t\t\t\t\tfloat: left;\n\t\t\t\t\tmargin-top: 10px;\n\t\t\t\t\ttext-align: center;\n\t\t\t\t\twidth: 25%;\n\t\t\t\t}\n\t\t\t\t#gallery-4 img {\n\t\t\t\t\tborder: 2px solid #cfcfcf;\n\t\t\t\t}\n\t\t\t\t#gallery-4 .gallery-caption {\n\t\t\t\t\tmargin-left: 0;\n\t\t\t\t}\n\t\t\t\t\/* see gallery_shortcode() in wp-includes\/media.php *\/\n\t\t\t<\/style>\n\t\t<div id='gallery-4' class='dt-gallery-container gallery galleryid-220531 gallery-columns-4 gallery-size-thumbnail'><dl class='gallery-item'>\n\t\t\t\t<dt class='gallery-icon portrait'>\n\t\t\t\t\t<a class=\"rollover rollover-zoom dt-pswp-item\" title=\"d63252f3-c715-4d1d-b9a9-612fb39147b4\" data-dt-img-description=\"\" data-large_image_width=\"1488\" data-large_image_height=\"1984\"href='https:\/\/www.radiopiu.net\/wordpress\/wp-content\/uploads\/2021\/07\/d63252f3-c715-4d1d-b9a9-612fb39147b4-1.jpg'><img loading=\"lazy\" decoding=\"async\" width=\"150\" height=\"150\" src=\"https:\/\/www.radiopiu.net\/wordpress\/wp-content\/uploads\/2021\/07\/d63252f3-c715-4d1d-b9a9-612fb39147b4-1-150x150.jpg\" class=\"attachment-thumbnail size-thumbnail\" alt=\"\" \/><\/a>\n\t\t\t\t<\/dt><\/dl><dl class='gallery-item'>\n\t\t\t\t<dt class='gallery-icon landscape'>\n\t\t\t\t\t<a class=\"rollover rollover-zoom dt-pswp-item\" title=\"650a04ac-0055-4ce3-a098-c221586ba87e\" data-dt-img-description=\"\" data-large_image_width=\"1599\" data-large_image_height=\"899\"href='https:\/\/www.radiopiu.net\/wordpress\/wp-content\/uploads\/2021\/07\/650a04ac-0055-4ce3-a098-c221586ba87e.jpg'><img loading=\"lazy\" decoding=\"async\" width=\"150\" height=\"150\" src=\"https:\/\/www.radiopiu.net\/wordpress\/wp-content\/uploads\/2021\/07\/650a04ac-0055-4ce3-a098-c221586ba87e-150x150.jpg\" class=\"attachment-thumbnail size-thumbnail\" alt=\"\" \/><\/a>\n\t\t\t\t<\/dt><\/dl><dl class='gallery-item'>\n\t\t\t\t<dt class='gallery-icon landscape'>\n\t\t\t\t\t<a class=\"rollover rollover-zoom dt-pswp-item\" title=\"5b9ddbbe-3709-467b-9245-62e42973f07f\" data-dt-img-description=\"\" data-large_image_width=\"1600\" data-large_image_height=\"1200\"href='https:\/\/www.radiopiu.net\/wordpress\/wp-content\/uploads\/2021\/07\/5b9ddbbe-3709-467b-9245-62e42973f07f.jpg'><img loading=\"lazy\" decoding=\"async\" width=\"150\" height=\"150\" src=\"https:\/\/www.radiopiu.net\/wordpress\/wp-content\/uploads\/2021\/07\/5b9ddbbe-3709-467b-9245-62e42973f07f-150x150.jpg\" class=\"attachment-thumbnail size-thumbnail\" alt=\"\" \/><\/a>\n\t\t\t\t<\/dt><\/dl><dl class='gallery-item'>\n\t\t\t\t<dt class='gallery-icon portrait'>\n\t\t\t\t\t<a class=\"rollover rollover-zoom dt-pswp-item\" title=\"c27e2ce6-010b-4a40-8ef0-bda89f723f5a\" data-dt-img-description=\"\" data-large_image_width=\"899\" data-large_image_height=\"1599\"href='https:\/\/www.radiopiu.net\/wordpress\/wp-content\/uploads\/2021\/07\/c27e2ce6-010b-4a40-8ef0-bda89f723f5a.jpg'><img loading=\"lazy\" decoding=\"async\" width=\"150\" height=\"150\" src=\"https:\/\/www.radiopiu.net\/wordpress\/wp-content\/uploads\/2021\/07\/c27e2ce6-010b-4a40-8ef0-bda89f723f5a-150x150.jpg\" class=\"attachment-thumbnail size-thumbnail\" alt=\"\" \/><\/a>\n\t\t\t\t<\/dt><\/dl><br style=\"clear: both\" \/><dl class='gallery-item'>\n\t\t\t\t<dt class='gallery-icon landscape'>\n\t\t\t\t\t<a class=\"rollover rollover-zoom dt-pswp-item\" title=\"6b0c542f-8bcb-4448-811f-530510ee8354\" data-dt-img-description=\"\" data-large_image_width=\"1600\" data-large_image_height=\"1200\"href='https:\/\/www.radiopiu.net\/wordpress\/wp-content\/uploads\/2021\/07\/6b0c542f-8bcb-4448-811f-530510ee8354.jpg'><img loading=\"lazy\" decoding=\"async\" width=\"150\" height=\"150\" src=\"https:\/\/www.radiopiu.net\/wordpress\/wp-content\/uploads\/2021\/07\/6b0c542f-8bcb-4448-811f-530510ee8354-150x150.jpg\" class=\"attachment-thumbnail size-thumbnail\" alt=\"\" \/><\/a>\n\t\t\t\t<\/dt><\/dl><dl class='gallery-item'>\n\t\t\t\t<dt class='gallery-icon landscape'>\n\t\t\t\t\t<a class=\"rollover rollover-zoom dt-pswp-item\" title=\"e64fae09-71c0-4c3a-b342-cd6a2739e5d0\" data-dt-img-description=\"\" data-large_image_width=\"1600\" data-large_image_height=\"1200\"href='https:\/\/www.radiopiu.net\/wordpress\/wp-content\/uploads\/2021\/07\/e64fae09-71c0-4c3a-b342-cd6a2739e5d0.jpg'><img loading=\"lazy\" decoding=\"async\" width=\"150\" height=\"150\" src=\"https:\/\/www.radiopiu.net\/wordpress\/wp-content\/uploads\/2021\/07\/e64fae09-71c0-4c3a-b342-cd6a2739e5d0-150x150.jpg\" class=\"attachment-thumbnail size-thumbnail\" alt=\"\" \/><\/a>\n\t\t\t\t<\/dt><\/dl><dl class='gallery-item'>\n\t\t\t\t<dt class='gallery-icon landscape'>\n\t\t\t\t\t<a class=\"rollover rollover-zoom dt-pswp-item\" title=\"1cb0bbb5-796a-4dc9-b029-0eecfad71c7b\" data-dt-img-description=\"\" data-large_image_width=\"1600\" data-large_image_height=\"1200\"href='https:\/\/www.radiopiu.net\/wordpress\/wp-content\/uploads\/2021\/07\/1cb0bbb5-796a-4dc9-b029-0eecfad71c7b.jpg'><img loading=\"lazy\" decoding=\"async\" width=\"150\" height=\"150\" src=\"https:\/\/www.radiopiu.net\/wordpress\/wp-content\/uploads\/2021\/07\/1cb0bbb5-796a-4dc9-b029-0eecfad71c7b-150x150.jpg\" class=\"attachment-thumbnail size-thumbnail\" alt=\"\" \/><\/a>\n\t\t\t\t<\/dt><\/dl><dl class='gallery-item'>\n\t\t\t\t<dt class='gallery-icon landscape'>\n\t\t\t\t\t<a class=\"rollover rollover-zoom dt-pswp-item\" title=\"5cf4505d-495b-40c4-86af-858d36c69862\" data-dt-img-description=\"\" data-large_image_width=\"1600\" data-large_image_height=\"1200\"href='https:\/\/www.radiopiu.net\/wordpress\/wp-content\/uploads\/2021\/07\/5cf4505d-495b-40c4-86af-858d36c69862.jpg'><img loading=\"lazy\" decoding=\"async\" width=\"150\" height=\"150\" src=\"https:\/\/www.radiopiu.net\/wordpress\/wp-content\/uploads\/2021\/07\/5cf4505d-495b-40c4-86af-858d36c69862-150x150.jpg\" class=\"attachment-thumbnail size-thumbnail\" alt=\"\" \/><\/a>\n\t\t\t\t<\/dt><\/dl><br style=\"clear: both\" \/>\n\t\t\t<\/div>\n\n<p>&nbsp;<\/p>\n<hr \/>\n<p>&nbsp;<\/p>\n<blockquote>\n<h3>UNA DONNA FERITA NEL FRONTALE A SARTENA<\/h3>\n<p><strong>SANTA GIUSTINA<\/strong>\u00a0 Il sinistro ieri sera al bivio per San Gregorio. La conducente della Jeep \u00e8 stata trasportata all&#8217;ospedale con un codice di media gravit\u00e0, mentre le due donne che erano sulla Yaris sono uscite incolumi. Per i rilievi sono intervenuti i Carabinieri, i vigli del fuoco per mettere in sicurezza mezzi e viabilit\u00e0<\/p><\/blockquote>\n<p>&nbsp;<\/p>\n<hr \/>\n<blockquote>\n<h3><\/h3>\n<h3>DOPO IL TEMPORALE, RECUPERATI GLI ALPINISTI INCRODATI SUL CIVETTA \u200b<\/h3>\n<\/blockquote>\n<blockquote><p><strong><a href=\"https:\/\/www.radiopiu.net\/wordpress\/dopo-il-temporale-recuperati-gli-alpinisti-incrodati-sul-civetta\/salt_20210708_104023_055-1\/\" rel=\"attachment wp-att-220642\"><img loading=\"lazy\" decoding=\"async\" class=\" wp-image-220642 alignleft\" src=\"https:\/\/www.radiopiu.net\/wordpress\/wp-content\/uploads\/2021\/07\/salt_20210708_104023_055-1-225x300.jpg\" alt=\"\" width=\"168\" height=\"224\" srcset=\"https:\/\/www.radiopiu.net\/wordpress\/wp-content\/uploads\/2021\/07\/salt_20210708_104023_055-1-225x300.jpg 225w, https:\/\/www.radiopiu.net\/wordpress\/wp-content\/uploads\/2021\/07\/salt_20210708_104023_055-1-768x1024.jpg 768w, https:\/\/www.radiopiu.net\/wordpress\/wp-content\/uploads\/2021\/07\/salt_20210708_104023_055-1-1152x1536.jpg 1152w, https:\/\/www.radiopiu.net\/wordpress\/wp-content\/uploads\/2021\/07\/salt_20210708_104023_055-1-1536x2048.jpg 1536w, https:\/\/www.radiopiu.net\/wordpress\/wp-content\/uploads\/2021\/07\/salt_20210708_104023_055-1.jpg 1773w\" sizes=\"auto, (max-width: 168px) 100vw, 168px\" \/><\/a>ALLEGHE<\/strong> Due alpinisti bloccati in parete dopo una notte di pioggia e la nebbia che ostacola l&#8217;avvicinamento dell&#8217;elicottero. \u00c8 stato un intervento impegnativo quello che ieri\u00a0 mattina ha permesso il recupero di una cordata, colpita dal temporale sul 24\u00b0 tiro della Via Colonne d&#8217;Ercole alla Punta Tissi sul Civetta. L&#8217;allarme era scattato nella notte, quando attorno all&#8217;una i due scalatori avevano contattato il 118, fradici e infreddoliti. Dopo aver organizzato la missione nella notte, ieri mattina alle 6.20 il Pelikan di Bolzano ha imbarcato il tecnico di elisoccorso del Suem di Pieve di Cadore ed \u00e8 volato verso la parete nord ovest del Civetta. Purtroppo la nebbia non ha permesso l&#8217;avvicinamento dell&#8217;eliambulanza fino alle 8.30 circa, quando \u00e8 stato possibile salire in volo sopra la cengia, dove i due alpinisti avevano bivaccato, e calare il tecnico con un verricello di 50 metri. Le nubi si sono richiuse appena il soccorritore e uno dei due scalatori si stavano allontanando con il verricello e, grazie alla bravura di pilota e tecnico aeronautico, il Pelikan \u00e8 rientrato al Rifugio Tissi. Poich\u00e9 la nebbia si alzava e richiudeva in tempi brevissimi, l&#8217;equipaggio ha atteso una ventina di minuti, finch\u00e9 si \u00e8 presentata un&#8217;apertura tale da permettere il decollo e il recupero del secondo alpinista, avvenuto con le stesse modalit\u00e0. Ai due scalatori, che stavano bene, il gestore del Tissi ha fornito abbigliamento asciutto e dato bevande calde. Il Pelikan \u00e8 rientrato alla base e, passato un altro breve temporale, l&#8217;elicottero del Suem di Pieve di Cadore \u00e8 atterrato al Rifugio per imbarcare il proprio tecnico di elisoccorso.<\/p><\/blockquote>\n<p>&nbsp;<\/p>\n<p>&nbsp;<\/p>\n<hr \/>\n<blockquote>\n<h3><\/h3>\n<h3>VOLA IN PARETE E SI INFORTUNA<\/h3>\n<p>ALLA RADIO<\/p>\n<audio class=\"wp-audio-shortcode\" id=\"audio-220531-2\" preload=\"none\" style=\"width: 100%;\" controls=\"controls\"><source type=\"audio\/mpeg\" src=\"https:\/\/www.radiopiu.net\/wordpress\/wp-content\/uploads\/2021\/07\/claudia-cortina.mp3?_=2\" \/><a href=\"https:\/\/www.radiopiu.net\/wordpress\/wp-content\/uploads\/2021\/07\/claudia-cortina.mp3\">https:\/\/www.radiopiu.net\/wordpress\/wp-content\/uploads\/2021\/07\/claudia-cortina.mp3<\/a><\/audio>\n<p>&nbsp;<\/p><\/blockquote>\n<p><strong><img loading=\"lazy\" decoding=\"async\" class=\"alignleft\" src=\"https:\/\/www.radiopiu.net\/wordpress\/wp-content\/uploads\/2021\/06\/salt_20210610_183225_256.jpg\" width=\"61\" height=\"81\" \/>CORTINA<\/strong>\u00a0 Un alpinista \u00e8 &#8220;volato&#8221; mentre, secondo di cordata, stava scalando una via sulla Torre Inglese, sulle Cinque Torri. G.F.A., 52 anni, statunitense, che non era molto pi\u00f9 in alto della base della parete, \u00e8 stato calato a terra, con un probabile trauma alla caviglia. Ieri pomeriggio in suo aiuto il Soccorso alpino di Cortina, della Guardia di finanza e dei Carabinieri. Imbarellato, \u00e8 stato trasportato fino alla jeep e poi accompagnato al Rifugio Cinque Torri da dove si \u00e8 allontanato autonomamente.<\/p>\n<p>&nbsp;<\/p>\n<p>&nbsp;<\/p>\n<hr \/>\n<p>&nbsp;<\/p>\n<blockquote>\n<h3>UN ALTRO INFORTUNIO, AL VANDELLI<\/h3>\n<\/blockquote>\n<p><strong><img loading=\"lazy\" decoding=\"async\" class=\"alignleft\" src=\"https:\/\/www.radiopiu.net\/wordpress\/wp-content\/uploads\/2018\/06\/Rifugio_Vandelli-1.jpg\" width=\"96\" height=\"72\" \/>CORTINA<\/strong> La chiamata nel pomeriggio del\u00a0 gestore del rifugio Vandelli\u00a0 per un&#8217;escursionista che si era procurata un trauma al gomito scivolando. S.B., 54 anni, di Mirano (VE), \u00e8 stata imbarcata all&#8217;eliambulanza e trasportata all&#8217;ospedale di Belluno.<\/p>\n<p>&nbsp;<\/p>\n<p>&nbsp;<\/p>\n<hr \/>\n<p>&nbsp;<\/p>\n<blockquote>\n<h3 class=\"articlePlainText\">MALORE IMPROVVISO, INTERVENTO DEL SUEM, L&#8217;UOMO E&#8217; RIMASTO A TERRA PER UN GIORNO INTERO<\/h3>\n<\/blockquote>\n<div class=\"articlePlainText\"><strong>QUERO<\/strong> Nella mattinata di ieri il Suem \u00e8 stato allertato per soccorrere un 57enne portato prima a Belluno e poi al C\u00e0 Foncello di Treviso dove \u00e8 stato ricoverato nel reparto di neurochirurgia, Michele Dalla Piazza\u00a0 53 anni\u00a0 ha accusato un mancamento mentre si trovava all&#8217;interno della stalla. I parenti lo hanno trovato\u00a0 molto tempo dopo a terra e hanno dato l&#8217;allarme.<\/div>\n<p>&nbsp;<\/p>\n<hr \/>\n<p>&nbsp;<\/p>\n<blockquote>\n<h3>VARIANTE DELTA: LA RESPONSABILE DELLA NUOVA E RAPIDA DIFFUSIONE DEL COVID NEL FELTRINO. TRE I NUOVI CONTAGI.<\/h3>\n<\/blockquote>\n<p><span style=\"color: #00000a;\"><span style=\"font-family: Calibri, serif;\"><span style=\"font-size: large;\"><span lang=\"it-IT\"><strong><img loading=\"lazy\" decoding=\"async\" class=\"alignleft\" src=\"https:\/\/www.radiopiu.net\/wordpress\/wp-content\/uploads\/2021\/07\/18b7e0c4-6bee-4efa-8519-d18d5b10f797.jpg\" width=\"235\" height=\"143\" \/>BELLUNO<\/strong> Nelle <\/span><\/span><\/span><\/span><span style=\"font-family: Calibri, serif;\"><span style=\"font-size: large;\">ultime 24 ore in Ulss Dolomiti sono emerse tre nuove positivit\u00e0 di et\u00e0 varia apparentemente non collegate al focolaio principale in Provincia. <\/span><\/span><span style=\"font-family: Calibri, serif;\"><span style=\"font-size: large;\">In riferimento a tale focolaio, tuttavia, sono pervenute le analisi prelimari di sequenziamento relative alle prime 6 positivit\u00e0 emerse, attestanti la presenza di variante Delta. Alla luce di ci\u00f2 il focolaio giovanile feltrino, che ha colpito complessivamente ad oggi una ventina di ragazzi, \u00e8 quasi certamente attribuibile alla rapida diffusione d<\/span><\/span><span style=\"color: #00000a;\"><span style=\"font-family: Calibri, serif;\"><span style=\"font-size: large;\"><span lang=\"it-IT\">i tale<\/span><\/span><\/span><\/span><span style=\"font-family: Calibri, serif;\"><span style=\"font-size: large;\"> variante, favorita da pi\u00f9 occasioni di assembramento nella sera\/notte del 26 giugno. <\/span><\/span><span style=\"font-size: large; font-family: Calibri, serif;\">Queste nuove evidenze confermano ulteriormente la necessit\u00e0 che tutti coloro che hanno partecipato agli eventi sportivo sociale del 26 giugno scorso, all\u2019origine del focolaio, si sottopongano a tampone accedendo ai covid point di Feltre Anz\u00f9 attivo dal luned\u00ec al sabato dalle 8.30 alle 12.30 (nei giorni festivi \u00e8 attivo il covid point di Belluno ospedale). <\/span><span style=\"font-family: Calibri, serif;\"><span style=\"font-size: large;\">L\u2019accesso ai covid point \u00e8 indicato anche per chiunque sia stato esposto, in altri contesti, ad assembramenti, ad eventi sociali, a viaggi significativi o a contatti con soggetti in sorveglianza per covid.<\/span><\/span><\/p>\n<p>&nbsp;<\/p>\n<hr \/>\n<div class=\"articlePlainText\"><\/div>\n<div>\n<blockquote>\n<h3><a href=\"https:\/\/www.radiopiu.net\/wordpress\/torneo-agordino-45-audio-video-foto\/sagra\/\" rel=\"attachment wp-att-45748\"><img loading=\"lazy\" decoding=\"async\" class=\"wp-image-45748 alignleft\" src=\"https:\/\/www.radiopiu.net\/wordpress\/wp-content\/uploads\/2018\/03\/sagra-300x225.jpg\" alt=\"\" width=\"161\" height=\"121\" srcset=\"https:\/\/www.radiopiu.net\/wordpress\/wp-content\/uploads\/2018\/03\/sagra-300x225.jpg 300w, https:\/\/www.radiopiu.net\/wordpress\/wp-content\/uploads\/2018\/03\/sagra-768x576.jpg 768w, https:\/\/www.radiopiu.net\/wordpress\/wp-content\/uploads\/2018\/03\/sagra.jpg 1000w\" sizes=\"auto, (max-width: 161px) 100vw, 161px\" \/><\/a>SAGRE IN SICUREZZA, INIZIATIVA DEL DIPARTIMENTO DI PREVENZIONE ULSS1<\/h3>\n<p>BELLUNO<\/p><\/blockquote>\n<p><strong>DAMIANO TORMEN\u00a0<\/strong><\/p>\n<audio class=\"wp-audio-shortcode\" id=\"audio-220531-3\" preload=\"none\" style=\"width: 100%;\" controls=\"controls\"><source type=\"audio\/mpeg\" src=\"https:\/\/www.radiopiu.net\/wordpress\/wp-content\/uploads\/2021\/07\/DAMIANO.mp3?_=3\" \/><a href=\"https:\/\/www.radiopiu.net\/wordpress\/wp-content\/uploads\/2021\/07\/DAMIANO.mp3\">https:\/\/www.radiopiu.net\/wordpress\/wp-content\/uploads\/2021\/07\/DAMIANO.mp3<\/a><\/audio>\n<p>&nbsp;<\/p>\n<p>&nbsp;<\/p>\n<\/div>\n<div><\/div>\n<div>\n<hr \/>\n<\/div>\n<div><\/div>\n<blockquote>\n<h3><span style=\"color: #0000ff;\">LA CURIOSITA&#8217;, FALCADE BACIATA DALLA FORTUNA\u00a0<\/span><\/h3>\n<\/blockquote>\n<p><strong>FALCADE<\/strong> La dea bendata della lotteria degli scontrini si ferma a Falcade e consegna 25mila euro. Lo ha comunicato &#8211; rispettando la riservatezza del vincitore &#8211; Agipronews. La vincita sar\u00e0 comunicata tramite Pec o raccomandata.<\/p>\n<p>&nbsp;<\/p>\n<div><\/div>\n<p>&nbsp;<\/p>\n<hr \/>\n<blockquote><p>&nbsp;<\/p>\n<p><strong><span style=\"color: #ff0000;\">LA NOTIZIA PIU&#8217; LETTA SUL SITO DI RADIO PIU, centinaia di condivisione anche oltre Italia.<\/span><\/strong><\/p>\n<blockquote>\n<h3>SCRIVONO ALLA REGINA ELISABETTA CON LE CONDOGLIANZE PER LA MORTE DEL PRINCIPE FILIPPO E LA REGINA RISPONDE<\/h3>\n<\/blockquote>\n<p><strong>CANALE D&#8217;AGORDO <\/strong>Elisa e Sofia Serafini hanno 7 e 4 anni e vivono a Canale D&#8217;Agordo. Hanno deciso di fare dei disegni da spedire alla Regina Elisabetta dopo la morte del Principe Filippo Duca di Edinburgo. Disegni che sono stati spediti a Buckingham Palace con una lettera indirizzata proprio alla Regina dove veniva spiegato che i disegni rappresentavano Elisabetta e Filippo, che erano dispiaciute per la morte del marito e che pregavano per lei e per il Duca di Edimburgo. La Regina d&#8217;Inghilterra non si \u00e8 fatta attendere ed ha risposto con una lettera dove all&#8217;interno le bambine hanno trovato la foto ricordo del Principe Filippo con i ringraziamenti per il pensiero rivolto per la morte di Filippo. Naturalmente il tutto a nome della Regina Elisabetta.<\/p>\n\n\t\t\t<style type='text\/css'>\n\t\t\t\t#gallery-5 {\n\t\t\t\t\tmargin: auto;\n\t\t\t\t}\n\t\t\t\t#gallery-5 .gallery-item {\n\t\t\t\t\tfloat: left;\n\t\t\t\t\tmargin-top: 10px;\n\t\t\t\t\ttext-align: center;\n\t\t\t\t\twidth: 12%;\n\t\t\t\t}\n\t\t\t\t#gallery-5 img {\n\t\t\t\t\tborder: 2px solid #cfcfcf;\n\t\t\t\t}\n\t\t\t\t#gallery-5 .gallery-caption {\n\t\t\t\t\tmargin-left: 0;\n\t\t\t\t}\n\t\t\t\t\/* see gallery_shortcode() in wp-includes\/media.php *\/\n\t\t\t<\/style>\n\t\t<div id='gallery-5' class='dt-gallery-container gallery galleryid-220531 gallery-columns-8 gallery-size-thumbnail'><dl class='gallery-item'>\n\t\t\t\t<dt class='gallery-icon portrait'>\n\t\t\t\t\t<a class=\"rollover rollover-zoom dt-pswp-item\" title=\"ASDNAGSA&lt;AG\" data-dt-img-description=\"\" data-large_image_width=\"1536\" data-large_image_height=\"2048\"href='https:\/\/www.radiopiu.net\/wordpress\/wp-content\/uploads\/2021\/07\/ASDNAGSAAG.jpg'><img loading=\"lazy\" decoding=\"async\" width=\"150\" height=\"150\" src=\"https:\/\/www.radiopiu.net\/wordpress\/wp-content\/uploads\/2021\/07\/ASDNAGSAAG-150x150.jpg\" class=\"attachment-thumbnail size-thumbnail\" alt=\"\" \/><\/a>\n\t\t\t\t<\/dt><\/dl><dl class='gallery-item'>\n\t\t\t\t<dt class='gallery-icon landscape'>\n\t\t\t\t\t<a class=\"rollover rollover-zoom dt-pswp-item\" title=\"3aa5b45c-74b5-480c-bf68-f487a1eebd91\" data-dt-img-description=\"\" data-large_image_width=\"2048\" data-large_image_height=\"1536\"href='https:\/\/www.radiopiu.net\/wordpress\/wp-content\/uploads\/2021\/07\/3aa5b45c-74b5-480c-bf68-f487a1eebd91.jpg'><img loading=\"lazy\" decoding=\"async\" width=\"150\" height=\"150\" src=\"https:\/\/www.radiopiu.net\/wordpress\/wp-content\/uploads\/2021\/07\/3aa5b45c-74b5-480c-bf68-f487a1eebd91-150x150.jpg\" class=\"attachment-thumbnail size-thumbnail\" alt=\"\" \/><\/a>\n\t\t\t\t<\/dt><\/dl><dl class='gallery-item'>\n\t\t\t\t<dt class='gallery-icon landscape'>\n\t\t\t\t\t<a class=\"rollover rollover-zoom dt-pswp-item\" title=\"f8c0d6c8-996c-442a-940e-0c3731d5915b\" data-dt-img-description=\"\" data-large_image_width=\"2048\" data-large_image_height=\"1536\"href='https:\/\/www.radiopiu.net\/wordpress\/wp-content\/uploads\/2021\/07\/f8c0d6c8-996c-442a-940e-0c3731d5915b.jpg'><img loading=\"lazy\" decoding=\"async\" width=\"150\" height=\"150\" src=\"https:\/\/www.radiopiu.net\/wordpress\/wp-content\/uploads\/2021\/07\/f8c0d6c8-996c-442a-940e-0c3731d5915b-150x150.jpg\" class=\"attachment-thumbnail size-thumbnail\" alt=\"\" \/><\/a>\n\t\t\t\t<\/dt><\/dl><dl class='gallery-item'>\n\t\t\t\t<dt class='gallery-icon portrait'>\n\t\t\t\t\t<a class=\"rollover rollover-zoom dt-pswp-item\" title=\"3a1bd6c0-f0f6-4415-85ed-b0def6bd92d4\" data-dt-img-description=\"\" data-large_image_width=\"1536\" data-large_image_height=\"2048\"href='https:\/\/www.radiopiu.net\/wordpress\/wp-content\/uploads\/2021\/07\/3a1bd6c0-f0f6-4415-85ed-b0def6bd92d4-rotated.jpg'><img loading=\"lazy\" decoding=\"async\" width=\"150\" height=\"150\" src=\"https:\/\/www.radiopiu.net\/wordpress\/wp-content\/uploads\/2021\/07\/3a1bd6c0-f0f6-4415-85ed-b0def6bd92d4-150x150.jpg\" class=\"attachment-thumbnail size-thumbnail\" alt=\"\" \/><\/a>\n\t\t\t\t<\/dt><\/dl><dl class='gallery-item'>\n\t\t\t\t<dt class='gallery-icon landscape'>\n\t\t\t\t\t<a class=\"rollover rollover-zoom dt-pswp-item\" title=\"9943a02e-d0d2-4c8f-9f3d-97cecf84a677\" data-dt-img-description=\"\" data-large_image_width=\"2048\" data-large_image_height=\"1536\"href='https:\/\/www.radiopiu.net\/wordpress\/wp-content\/uploads\/2021\/07\/9943a02e-d0d2-4c8f-9f3d-97cecf84a677.jpg'><img loading=\"lazy\" decoding=\"async\" width=\"150\" height=\"150\" src=\"https:\/\/www.radiopiu.net\/wordpress\/wp-content\/uploads\/2021\/07\/9943a02e-d0d2-4c8f-9f3d-97cecf84a677-150x150.jpg\" class=\"attachment-thumbnail size-thumbnail\" alt=\"\" \/><\/a>\n\t\t\t\t<\/dt><\/dl><dl class='gallery-item'>\n\t\t\t\t<dt class='gallery-icon landscape'>\n\t\t\t\t\t<a class=\"rollover rollover-zoom dt-pswp-item\" title=\"fff66a20-2548-4dae-8c27-20b2e0cb622e\" data-dt-img-description=\"\" data-large_image_width=\"2048\" data-large_image_height=\"1536\"href='https:\/\/www.radiopiu.net\/wordpress\/wp-content\/uploads\/2021\/07\/fff66a20-2548-4dae-8c27-20b2e0cb622e.jpg'><img loading=\"lazy\" decoding=\"async\" width=\"150\" height=\"150\" src=\"https:\/\/www.radiopiu.net\/wordpress\/wp-content\/uploads\/2021\/07\/fff66a20-2548-4dae-8c27-20b2e0cb622e-150x150.jpg\" class=\"attachment-thumbnail size-thumbnail\" alt=\"\" \/><\/a>\n\t\t\t\t<\/dt><\/dl><dl class='gallery-item'>\n\t\t\t\t<dt class='gallery-icon landscape'>\n\t\t\t\t\t<a class=\"rollover rollover-zoom dt-pswp-item\" title=\"573cb28f-5886-482b-a6ca-a22a71014db8\" data-dt-img-description=\"\" data-large_image_width=\"2048\" data-large_image_height=\"1536\"href='https:\/\/www.radiopiu.net\/wordpress\/wp-content\/uploads\/2021\/07\/573cb28f-5886-482b-a6ca-a22a71014db8.jpg'><img loading=\"lazy\" decoding=\"async\" width=\"150\" height=\"150\" src=\"https:\/\/www.radiopiu.net\/wordpress\/wp-content\/uploads\/2021\/07\/573cb28f-5886-482b-a6ca-a22a71014db8-150x150.jpg\" class=\"attachment-thumbnail size-thumbnail\" alt=\"\" \/><\/a>\n\t\t\t\t<\/dt><\/dl><dl class='gallery-item'>\n\t\t\t\t<dt class='gallery-icon landscape'>\n\t\t\t\t\t<a class=\"rollover rollover-zoom dt-pswp-item\" title=\"ad1b405f-ad21-4589-9d6e-84ba951a93a8\" data-dt-img-description=\"\" data-large_image_width=\"2048\" data-large_image_height=\"1536\"href='https:\/\/www.radiopiu.net\/wordpress\/wp-content\/uploads\/2021\/07\/ad1b405f-ad21-4589-9d6e-84ba951a93a8.jpg'><img loading=\"lazy\" decoding=\"async\" width=\"150\" height=\"150\" src=\"https:\/\/www.radiopiu.net\/wordpress\/wp-content\/uploads\/2021\/07\/ad1b405f-ad21-4589-9d6e-84ba951a93a8-150x150.jpg\" class=\"attachment-thumbnail size-thumbnail\" alt=\"\" \/><\/a>\n\t\t\t\t<\/dt><\/dl><br style=\"clear: both\" \/>\n\t\t\t<\/div>\n\n<p>&nbsp;<\/p>\n<p>&nbsp;<\/p><\/blockquote>\n<hr \/>\n<p>\u200b<\/p>\n<blockquote>\n<h3><\/h3>\n<h3>GIORGETTI: &#8220;NON CI SONO LE CONDIZIONI PER LA PROPOSTA ITALCOMP&#8221;.<\/h3>\n<\/blockquote>\n<p><strong><a href=\"https:\/\/www.radiopiu.net\/wordpress\/acc-mel-lopinione-di-stefano-bona-fiom-cigl\/acc-mel-2\/\" rel=\"attachment wp-att-217731\"><img loading=\"lazy\" decoding=\"async\" class=\"size-medium wp-image-217731 alignleft\" src=\"https:\/\/www.radiopiu.net\/wordpress\/wp-content\/uploads\/2021\/06\/ACC-MEL-300x171.png\" alt=\"\" width=\"300\" height=\"171\" srcset=\"https:\/\/www.radiopiu.net\/wordpress\/wp-content\/uploads\/2021\/06\/ACC-MEL-300x171.png 300w, https:\/\/www.radiopiu.net\/wordpress\/wp-content\/uploads\/2021\/06\/ACC-MEL-1024x585.png 1024w, https:\/\/www.radiopiu.net\/wordpress\/wp-content\/uploads\/2021\/06\/ACC-MEL-768x439.png 768w, https:\/\/www.radiopiu.net\/wordpress\/wp-content\/uploads\/2021\/06\/ACC-MEL.png 1376w\" sizes=\"auto, (max-width: 300px) 100vw, 300px\" \/><\/a>ROMA<\/strong> &#8220;<em>Abbiamo esplorato, insieme con la viceministra Todde, tutte le possibilit\u00e1 della proposta Italcomp del commissario straordinario di Acc che avrebbe potuto coinvolgere Embraco. Purtroppo, pur consapevoli della situazione delicata e difficile, non ci sono le condizioni essenziali cio\u00e8 proposte di investitori privati per proseguire con esito positivo su questa strada<\/em>&#8220;. Lo dichiara in una nota il ministro dello sviluppo economico Giancarlo Giorgetti. &#8220;<em>L&#8217;obiettivo &#8211; prosegue &#8211; \u00e8 superare l&#8217;attuale stallo e in questo senso continuano senza sosta le valutazioni della viceministra Todde, che ha la mia fiducia e che sta seguendo da tempo la vicenda di questa crisi<\/em>&#8220;.<\/p>\n<p>&nbsp;<\/p>\n<p>&nbsp;<\/p>\n<hr \/>\n<blockquote>\n<h3><\/h3>\n<h3>BONA (FIOM CGIL): &#8220;LE PARTI SINDACALI NON SONO STATE CHIAMATE IN CAUSA&#8221;<\/h3>\n<\/blockquote>\n<p><strong><a href=\"https:\/\/www.radiopiu.net\/wordpress\/acc-consegna-i-compressori-gesto-simbolico-dai-grandi-significati\/download-1114\/\" rel=\"attachment wp-att-197665\"><img loading=\"lazy\" decoding=\"async\" class=\"size-full wp-image-197665 alignright\" src=\"https:\/\/www.radiopiu.net\/wordpress\/wp-content\/uploads\/2021\/03\/download-2.jpg\" alt=\"\" width=\"300\" height=\"168\" \/><\/a>BORGO VALBELLUNA<\/strong> La risposta di Stefano Bona della FIOM CGIL di Belluno non si fa attendere: &#8220;<em>In total spregio delle organizzazioni sindacali e dei lavoratori apprendiamo a mezzo stampa da parte del ministro Giorgetti la non perseguibilit\u00e0 del progetto Italcomp. Prendiamo atto della ritrovata sintonia e unit\u00e0 di intenti tra il ministro e il vice ministro Todde ma non possiamo non precisare che il progetto Italcomp era stato presentato in veste ufficiale dalla stessa Todde il 15 Settembre in prefettura a Torino il 2 ottobre in quella di Belluno in presenza di tutte le cariche istituzionali e poi ratificato il 12 novembre al tavolo ministeriale. Lo scorso 23 Aprile nell&#8217;ultimo tavolo ministeriale il viceministro Todde aveva ribadito in modo chiaro la prosecuzione del progetto e dichiarato il tavolo aperto salvo poi con la farsa del verbale, scritto o non scritto, ancor oggi sconosciuto, sconfessare se stessa e il governo. Appare come minimo bizzarro che il &#8220;fidanzamento&#8221; Todde-Giorgetti chiuda definitivamente il progetto Italcomp, ribadiamo concepito e proposto dal governo con l&#8217;allora ministro Patuanelli. Veramente il cosidetto governo dei migliori pensa che siamo tutti degli stupidi e in quale parte della loro azione di governo risiede il rispetto delle parti, lavoratori in primis! Infine, quali soluzioni per Acc se Italcomp \u00e8 morto! svendita a Bengalesi o a grandi gruppi che la distruggerebbero? Oppure un piano di rilancio con l&#8217;arrivo dei finanziamenti promessi? Siamo alla commedia se non alla farsa! Spettacolo deprimente sulla pelle dei lavoratori! Si decide la fine di Italcomp e lo si comunica a mezzo stampa, senza convocare le parti, ma quando mai \u00e8 successo prima? e nemmeno una parola su Acc che aspetta agonizzante le loro verifiche<\/em>&#8220;.<\/p>\n<p>&nbsp;<\/p>\n<hr \/>\n<p>&nbsp;<\/p>\n<blockquote><p>&nbsp;<\/p>\n<h3><a class=\"dt-pswp-item\" href=\"https:\/\/www.radiopiu.net\/wordpress\/wp-content\/uploads\/2021\/07\/download-1.jpg\" data-dt-img-description=\"\" data-large_image_width=\"298\" data-large_image_height=\"169\"><img loading=\"lazy\" decoding=\"async\" class=\"wp-image-220834 alignleft\" src=\"https:\/\/www.radiopiu.net\/wordpress\/wp-content\/uploads\/2021\/07\/download-1.jpg\" alt=\"\" width=\"247\" height=\"140\" \/><\/a><\/h3>\n<h3>\u201cServe un tavolo per definire il futuro dello stabilimento\u201d<\/h3>\n<p><strong>ALLA RADIO MAURO ZUGLIAN Rsu Acc della Fim<\/strong><\/p>\n<audio class=\"wp-audio-shortcode\" id=\"audio-220531-4\" preload=\"none\" style=\"width: 100%;\" controls=\"controls\"><source type=\"audio\/mpeg\" src=\"https:\/\/www.radiopiu.net\/wordpress\/wp-content\/uploads\/2021\/07\/mauro-zuglian.mp3?_=4\" \/><a href=\"https:\/\/www.radiopiu.net\/wordpress\/wp-content\/uploads\/2021\/07\/mauro-zuglian.mp3\">https:\/\/www.radiopiu.net\/wordpress\/wp-content\/uploads\/2021\/07\/mauro-zuglian.mp3<\/a><\/audio>\n<p>&nbsp;<\/p><\/blockquote>\n<p><em><strong><a href=\"https:\/\/www.radiopiu.net\/wordpress\/doppio-silenzio-del-mise-un-attacco-indiretto-ai-posti-di-lavoro-di-borgo-valbelluna\/141645fb-d734-4423-881e-954ef96c3bcf-2\/\" rel=\"attachment wp-att-219348\"><img loading=\"lazy\" decoding=\"async\" class=\" wp-image-219348 alignleft\" src=\"https:\/\/www.radiopiu.net\/wordpress\/wp-content\/uploads\/2021\/07\/141645fb-d734-4423-881e-954ef96c3bcf-300x225.jpg\" alt=\"\" width=\"191\" height=\"143\" srcset=\"https:\/\/www.radiopiu.net\/wordpress\/wp-content\/uploads\/2021\/07\/141645fb-d734-4423-881e-954ef96c3bcf-300x225.jpg 300w, https:\/\/www.radiopiu.net\/wordpress\/wp-content\/uploads\/2021\/07\/141645fb-d734-4423-881e-954ef96c3bcf-1024x768.jpg 1024w, https:\/\/www.radiopiu.net\/wordpress\/wp-content\/uploads\/2021\/07\/141645fb-d734-4423-881e-954ef96c3bcf-768x576.jpg 768w, https:\/\/www.radiopiu.net\/wordpress\/wp-content\/uploads\/2021\/07\/141645fb-d734-4423-881e-954ef96c3bcf-1536x1152.jpg 1536w, https:\/\/www.radiopiu.net\/wordpress\/wp-content\/uploads\/2021\/07\/141645fb-d734-4423-881e-954ef96c3bcf.jpg 2000w\" sizes=\"auto, (max-width: 191px) 100vw, 191px\" \/><\/a>BORGO VALBELLUNA <\/strong>\u201cNon sorprende n\u00e8 i lavoratori n\u00e8 i sindacati l\u2019epilogo di un piano industriale che vedeva Borgo Valbelluna e Chieri al centro di un polo nazionale del compressore. Dal momento dell\u2019insediamento, il nuovo ministro non ha mai nascosto di preferire il modello Corneliani \u00a0e non ha mai avuto paura di mostrare imbarazzo ogni qualvolta veniva indicato il piano ideato dal suo predecessore quale soluzione della vertenza. Non sorprende neppure la modalit\u00e0 mezzo stampa con cui il Ministro comunica la fine del progetto \u00a0Itlacomp la cui nascita, giusto per ricordare, \u00e8 stata annunciata prima ai giornali. Quello che sorprende \u00e8 come i rappresentanti di un territorio e i lavoratori continuino a trovare soluzioni per garantire la sopravvivenza dello stabilimento e a livello nazionale continuino a spostare i termini del problema. Una volta manca il capitale pubblico, una volta manca il capitale privato, per alcuni il coinvolgimento pubblico potrebbe trainare un interesse privato, per altri senza il privato non pu\u00f2 esserci aiuto pubblico. Questo come a sottolineare che la soluzione per ACC sia in realt\u00e0 una questione di dottrina economica: niente di pi\u00f9 falso&#8221;.<\/em><\/p>\n<p>&nbsp;<\/p>\n<p>&nbsp;<\/p>\n<hr \/>\n<p>&nbsp;<\/p>\n<p>&nbsp;<\/p>\n<div>\n<blockquote>\n<h2><span style=\"font-size: large;\">\u00a0BOND: \u00abQui si dimenticano le produzioni strategiche del made in Italy\u00bb<\/span><\/h2>\n<p><strong>ALLA RADIO\u00a0<\/strong><\/p>\n<audio class=\"wp-audio-shortcode\" id=\"audio-220531-5\" preload=\"none\" style=\"width: 100%;\" controls=\"controls\"><source type=\"audio\/mpeg\" src=\"https:\/\/www.radiopiu.net\/wordpress\/wp-content\/uploads\/2021\/07\/BOND-ACC.mp3?_=5\" \/><a href=\"https:\/\/www.radiopiu.net\/wordpress\/wp-content\/uploads\/2021\/07\/BOND-ACC.mp3\">https:\/\/www.radiopiu.net\/wordpress\/wp-content\/uploads\/2021\/07\/BOND-ACC.mp3<\/a><\/audio>\n<p>&nbsp;<\/p><\/blockquote>\n<p><em><a href=\"https:\/\/www.radiopiu.net\/wordpress\/doppio-silenzio-del-mise-un-attacco-indiretto-ai-posti-di-lavoro-di-borgo-valbelluna\/9cc501f9-5688-47b0-b092-d33890152cac-2\/\" rel=\"attachment wp-att-219344\"><img loading=\"lazy\" decoding=\"async\" class=\" wp-image-219344 alignleft\" src=\"https:\/\/www.radiopiu.net\/wordpress\/wp-content\/uploads\/2021\/07\/9cc501f9-5688-47b0-b092-d33890152cac-300x225.jpg\" alt=\"\" width=\"160\" height=\"120\" srcset=\"https:\/\/www.radiopiu.net\/wordpress\/wp-content\/uploads\/2021\/07\/9cc501f9-5688-47b0-b092-d33890152cac-300x225.jpg 300w, https:\/\/www.radiopiu.net\/wordpress\/wp-content\/uploads\/2021\/07\/9cc501f9-5688-47b0-b092-d33890152cac-1024x768.jpg 1024w, https:\/\/www.radiopiu.net\/wordpress\/wp-content\/uploads\/2021\/07\/9cc501f9-5688-47b0-b092-d33890152cac-768x576.jpg 768w, https:\/\/www.radiopiu.net\/wordpress\/wp-content\/uploads\/2021\/07\/9cc501f9-5688-47b0-b092-d33890152cac-1536x1152.jpg 1536w, https:\/\/www.radiopiu.net\/wordpress\/wp-content\/uploads\/2021\/07\/9cc501f9-5688-47b0-b092-d33890152cac.jpg 2048w\" sizes=\"auto, (max-width: 160px) 100vw, 160px\" \/><\/a><\/em><strong>ROMA<\/strong> <em>\u00abL\u2019abbandono del progetto Italcomp \u00e8 segno tangibile di un governo che abdica alle sue funzioni e dimentica una produzione strategica per il made in Italy. Se di fronte alla crisi questa \u00e8 la risposta, significa che non si sono comprese fino in fondo le conseguenze del Covid sulle lavorazioni tipiche dell\u2019industria italiana\u00bb<\/em>. \u00c8 quanto afferma il deputato di Forza Italia Dario Bond relativamente alla comunicazione del ministro Giorgetti sul progetto Italcomp, definita \u201cnon perseguibile\u201d.<em> \u00abIn un altro Paese, con lobby europee, si sarebbe proceduto con una sorta di statalizzazione, con garanzie dello Stato e avviamento temporaneo dell\u2019attivit\u00e0 per far nascere e sviluppare il polo, per creare tecnologia, lavoro e sviluppo&#8221;.\u00a0<\/em><\/p>\n<p>&nbsp;<\/p>\n<p>&nbsp;<\/p>\n<\/div>\n<hr \/>\n<p>&nbsp;<\/p>\n<p>&nbsp;<\/p>\n<blockquote>\n<h3>TETTI SCOPERCHIATI E ALBERI PERICOLANTI<\/h3>\n<\/blockquote>\n<p>Ieri\u00a0 interventi dei vigili del fuoco per il forte temporale della notte che ha interessato alcune zone del bellunese. Squadre sono intervenuti in localit\u00e0 Fernazza ad Alleghe per il danneggiamento di una copertura. Intervento dei pompieri volontari di Padola Dosoledo presso il rifugio del Monte Agudo ad Auronzo per il danneggiamento di un tetto. Altri interventi per taglio alberi e pali pericolanti.<\/p>\n\n\t\t\t<style type='text\/css'>\n\t\t\t\t#gallery-6 {\n\t\t\t\t\tmargin: auto;\n\t\t\t\t}\n\t\t\t\t#gallery-6 .gallery-item {\n\t\t\t\t\tfloat: left;\n\t\t\t\t\tmargin-top: 10px;\n\t\t\t\t\ttext-align: center;\n\t\t\t\t\twidth: 25%;\n\t\t\t\t}\n\t\t\t\t#gallery-6 img {\n\t\t\t\t\tborder: 2px solid #cfcfcf;\n\t\t\t\t}\n\t\t\t\t#gallery-6 .gallery-caption {\n\t\t\t\t\tmargin-left: 0;\n\t\t\t\t}\n\t\t\t\t\/* see gallery_shortcode() in wp-includes\/media.php *\/\n\t\t\t<\/style>\n\t\t<div id='gallery-6' class='dt-gallery-container gallery galleryid-220531 gallery-columns-4 gallery-size-thumbnail'><dl class='gallery-item'>\n\t\t\t\t<dt class='gallery-icon portrait'>\n\t\t\t\t\t<a class=\"rollover rollover-zoom dt-pswp-item\" title=\"937885b0-2263-42c5-9618-9446307795d6\" data-dt-img-description=\"\" data-large_image_width=\"960\" data-large_image_height=\"1280\"href='https:\/\/www.radiopiu.net\/wordpress\/wp-content\/uploads\/2021\/07\/937885b0-2263-42c5-9618-9446307795d6.jpg'><img loading=\"lazy\" decoding=\"async\" width=\"150\" height=\"150\" src=\"https:\/\/www.radiopiu.net\/wordpress\/wp-content\/uploads\/2021\/07\/937885b0-2263-42c5-9618-9446307795d6-150x150.jpg\" class=\"attachment-thumbnail size-thumbnail\" alt=\"\" \/><\/a>\n\t\t\t\t<\/dt><\/dl><dl class='gallery-item'>\n\t\t\t\t<dt class='gallery-icon portrait'>\n\t\t\t\t\t<a class=\"rollover rollover-zoom dt-pswp-item\" title=\"c01b5333-8cf9-4a39-9d84-c585bbac7fde\" data-dt-img-description=\"\" data-large_image_width=\"960\" data-large_image_height=\"1280\"href='https:\/\/www.radiopiu.net\/wordpress\/wp-content\/uploads\/2021\/07\/c01b5333-8cf9-4a39-9d84-c585bbac7fde.jpg'><img loading=\"lazy\" decoding=\"async\" width=\"150\" height=\"150\" src=\"https:\/\/www.radiopiu.net\/wordpress\/wp-content\/uploads\/2021\/07\/c01b5333-8cf9-4a39-9d84-c585bbac7fde-150x150.jpg\" class=\"attachment-thumbnail size-thumbnail\" alt=\"\" \/><\/a>\n\t\t\t\t<\/dt><\/dl><dl class='gallery-item'>\n\t\t\t\t<dt class='gallery-icon portrait'>\n\t\t\t\t\t<a class=\"rollover rollover-zoom dt-pswp-item\" title=\"c524a698-a7fc-4a79-8aa1-3c9aa94065b7\" data-dt-img-description=\"\" data-large_image_width=\"960\" data-large_image_height=\"1280\"href='https:\/\/www.radiopiu.net\/wordpress\/wp-content\/uploads\/2021\/07\/c524a698-a7fc-4a79-8aa1-3c9aa94065b7.jpg'><img loading=\"lazy\" decoding=\"async\" width=\"150\" height=\"150\" src=\"https:\/\/www.radiopiu.net\/wordpress\/wp-content\/uploads\/2021\/07\/c524a698-a7fc-4a79-8aa1-3c9aa94065b7-150x150.jpg\" class=\"attachment-thumbnail size-thumbnail\" alt=\"\" \/><\/a>\n\t\t\t\t<\/dt><\/dl><dl class='gallery-item'>\n\t\t\t\t<dt class='gallery-icon landscape'>\n\t\t\t\t\t<a class=\"rollover rollover-zoom dt-pswp-item\" title=\"c8b167ae-5a17-4d82-8b56-6505ae2880af\" data-dt-img-description=\"\" data-large_image_width=\"1280\" data-large_image_height=\"960\"href='https:\/\/www.radiopiu.net\/wordpress\/wp-content\/uploads\/2021\/07\/c8b167ae-5a17-4d82-8b56-6505ae2880af.jpg'><img loading=\"lazy\" decoding=\"async\" width=\"150\" height=\"150\" src=\"https:\/\/www.radiopiu.net\/wordpress\/wp-content\/uploads\/2021\/07\/c8b167ae-5a17-4d82-8b56-6505ae2880af-150x150.jpg\" class=\"attachment-thumbnail size-thumbnail\" alt=\"\" \/><\/a>\n\t\t\t\t<\/dt><\/dl><br style=\"clear: both\" \/>\n\t\t\t<\/div>\n\n<p>&nbsp;<\/p>\n<p>&nbsp;<\/p>\n<hr \/>\n<blockquote>\n<h3><\/h3>\n<h3>ALLEGHE -foto- QUIETE DOPO LA TEMPESTA A FERNAZZA<\/h3>\n<\/blockquote>\n<p><strong><span style=\"color: #ff0000;\">IERI ALLA RADIO\u00a0<\/span><\/strong><\/p>\n<p><strong>ALLEGHE <\/strong>\u00a0&#8220;Sembrava di rivivere i giorni di\u00a0 Vaia&#8221; dice il sindaco, Danilo De Toni che ieri mattina, a fatica, ha raggiunto la frazione.<\/p>\n<p><strong>AUDIO\u00a0<\/strong><\/p>\n<audio class=\"wp-audio-shortcode\" id=\"audio-220531-6\" preload=\"none\" style=\"width: 100%;\" controls=\"controls\"><source type=\"audio\/mpeg\" src=\"https:\/\/www.radiopiu.net\/wordpress\/wp-content\/uploads\/2021\/07\/danilo.mp3?_=6\" \/><a href=\"https:\/\/www.radiopiu.net\/wordpress\/wp-content\/uploads\/2021\/07\/danilo.mp3\">https:\/\/www.radiopiu.net\/wordpress\/wp-content\/uploads\/2021\/07\/danilo.mp3<\/a><\/audio>\n<p>&nbsp;<\/p>\n<p>&nbsp;<\/p>\n\n\t\t\t<style type='text\/css'>\n\t\t\t\t#gallery-7 {\n\t\t\t\t\tmargin: auto;\n\t\t\t\t}\n\t\t\t\t#gallery-7 .gallery-item {\n\t\t\t\t\tfloat: left;\n\t\t\t\t\tmargin-top: 10px;\n\t\t\t\t\ttext-align: center;\n\t\t\t\t\twidth: 25%;\n\t\t\t\t}\n\t\t\t\t#gallery-7 img {\n\t\t\t\t\tborder: 2px solid #cfcfcf;\n\t\t\t\t}\n\t\t\t\t#gallery-7 .gallery-caption {\n\t\t\t\t\tmargin-left: 0;\n\t\t\t\t}\n\t\t\t\t\/* see gallery_shortcode() in wp-includes\/media.php *\/\n\t\t\t<\/style>\n\t\t<div id='gallery-7' class='dt-gallery-container gallery galleryid-220531 gallery-columns-4 gallery-size-medium'><dl class='gallery-item'>\n\t\t\t\t<dt class='gallery-icon portrait'>\n\t\t\t\t\t<a class=\"rollover rollover-zoom dt-pswp-item\" title=\"215219319_1179721152504892_2561297430536320886_n\" data-dt-img-description=\"\" data-large_image_width=\"155\" data-large_image_height=\"206\"href='https:\/\/www.radiopiu.net\/wordpress\/wp-content\/uploads\/2021\/07\/215219319_1179721152504892_2561297430536320886_n.jpg'><img loading=\"lazy\" decoding=\"async\" width=\"155\" height=\"206\" src=\"https:\/\/www.radiopiu.net\/wordpress\/wp-content\/uploads\/2021\/07\/215219319_1179721152504892_2561297430536320886_n.jpg\" class=\"attachment-medium size-medium\" alt=\"\" \/><\/a>\n\t\t\t\t<\/dt><\/dl><dl class='gallery-item'>\n\t\t\t\t<dt class='gallery-icon landscape'>\n\t\t\t\t\t<a class=\"rollover rollover-zoom dt-pswp-item\" title=\"214373397_197625829036774_9050792940302631703_n\" data-dt-img-description=\"\" data-large_image_width=\"275\" data-large_image_height=\"206\"href='https:\/\/www.radiopiu.net\/wordpress\/wp-content\/uploads\/2021\/07\/214373397_197625829036774_9050792940302631703_n.jpg'><img loading=\"lazy\" decoding=\"async\" width=\"275\" height=\"206\" src=\"https:\/\/www.radiopiu.net\/wordpress\/wp-content\/uploads\/2021\/07\/214373397_197625829036774_9050792940302631703_n.jpg\" class=\"attachment-medium size-medium\" alt=\"\" \/><\/a>\n\t\t\t\t<\/dt><\/dl><dl class='gallery-item'>\n\t\t\t\t<dt class='gallery-icon landscape'>\n\t\t\t\t\t<a class=\"rollover rollover-zoom dt-pswp-item\" title=\"214286810_327978635460078_7360611901533665379_n\" data-dt-img-description=\"\" data-large_image_width=\"275\" data-large_image_height=\"206\"href='https:\/\/www.radiopiu.net\/wordpress\/wp-content\/uploads\/2021\/07\/214286810_327978635460078_7360611901533665379_n.jpg'><img loading=\"lazy\" decoding=\"async\" width=\"275\" height=\"206\" src=\"https:\/\/www.radiopiu.net\/wordpress\/wp-content\/uploads\/2021\/07\/214286810_327978635460078_7360611901533665379_n.jpg\" class=\"attachment-medium size-medium\" alt=\"\" \/><\/a>\n\t\t\t\t<\/dt><\/dl><dl class='gallery-item'>\n\t\t\t\t<dt class='gallery-icon landscape'>\n\t\t\t\t\t<a class=\"rollover rollover-zoom dt-pswp-item\" title=\"212422414_535664250901298_5550480607182334984_n\" data-dt-img-description=\"\" data-large_image_width=\"275\" data-large_image_height=\"206\"href='https:\/\/www.radiopiu.net\/wordpress\/wp-content\/uploads\/2021\/07\/212422414_535664250901298_5550480607182334984_n.jpg'><img loading=\"lazy\" decoding=\"async\" width=\"275\" height=\"206\" src=\"https:\/\/www.radiopiu.net\/wordpress\/wp-content\/uploads\/2021\/07\/212422414_535664250901298_5550480607182334984_n.jpg\" class=\"attachment-medium size-medium\" alt=\"\" \/><\/a>\n\t\t\t\t<\/dt><\/dl><br style=\"clear: both\" \/><dl class='gallery-item'>\n\t\t\t\t<dt class='gallery-icon landscape'>\n\t\t\t\t\t<a class=\"rollover rollover-zoom dt-pswp-item\" title=\"214159942_349271133312183_7505129095678193633_n\" data-dt-img-description=\"\" data-large_image_width=\"275\" data-large_image_height=\"206\"href='https:\/\/www.radiopiu.net\/wordpress\/wp-content\/uploads\/2021\/07\/214159942_349271133312183_7505129095678193633_n.jpg'><img loading=\"lazy\" decoding=\"async\" width=\"275\" height=\"206\" src=\"https:\/\/www.radiopiu.net\/wordpress\/wp-content\/uploads\/2021\/07\/214159942_349271133312183_7505129095678193633_n.jpg\" class=\"attachment-medium size-medium\" alt=\"\" \/><\/a>\n\t\t\t\t<\/dt><\/dl><dl class='gallery-item'>\n\t\t\t\t<dt class='gallery-icon portrait'>\n\t\t\t\t\t<a class=\"rollover rollover-zoom dt-pswp-item\" title=\"213048800_909801122902231_3259060470374339771_n\" data-dt-img-description=\"\" data-large_image_width=\"155\" data-large_image_height=\"206\"href='https:\/\/www.radiopiu.net\/wordpress\/wp-content\/uploads\/2021\/07\/213048800_909801122902231_3259060470374339771_n.jpg'><img loading=\"lazy\" decoding=\"async\" width=\"155\" height=\"206\" src=\"https:\/\/www.radiopiu.net\/wordpress\/wp-content\/uploads\/2021\/07\/213048800_909801122902231_3259060470374339771_n.jpg\" class=\"attachment-medium size-medium\" alt=\"\" \/><\/a>\n\t\t\t\t<\/dt><\/dl><dl class='gallery-item'>\n\t\t\t\t<dt class='gallery-icon landscape'>\n\t\t\t\t\t<a class=\"rollover rollover-zoom dt-pswp-item\" title=\"211933245_1098659280660983_7652692055291246635_n\" data-dt-img-description=\"\" data-large_image_width=\"275\" data-large_image_height=\"206\"href='https:\/\/www.radiopiu.net\/wordpress\/wp-content\/uploads\/2021\/07\/211933245_1098659280660983_7652692055291246635_n.jpg'><img loading=\"lazy\" decoding=\"async\" width=\"275\" height=\"206\" src=\"https:\/\/www.radiopiu.net\/wordpress\/wp-content\/uploads\/2021\/07\/211933245_1098659280660983_7652692055291246635_n.jpg\" class=\"attachment-medium size-medium\" alt=\"\" \/><\/a>\n\t\t\t\t<\/dt><\/dl><dl class='gallery-item'>\n\t\t\t\t<dt class='gallery-icon landscape'>\n\t\t\t\t\t<a class=\"rollover rollover-zoom dt-pswp-item\" title=\"213070687_250548306457249_238149322490608707_n\" data-dt-img-description=\"\" data-large_image_width=\"366\" data-large_image_height=\"206\"href='https:\/\/www.radiopiu.net\/wordpress\/wp-content\/uploads\/2021\/07\/213070687_250548306457249_238149322490608707_n.jpg'><img loading=\"lazy\" decoding=\"async\" width=\"300\" height=\"169\" src=\"https:\/\/www.radiopiu.net\/wordpress\/wp-content\/uploads\/2021\/07\/213070687_250548306457249_238149322490608707_n-300x169.jpg\" class=\"attachment-medium size-medium\" alt=\"\" srcset=\"https:\/\/www.radiopiu.net\/wordpress\/wp-content\/uploads\/2021\/07\/213070687_250548306457249_238149322490608707_n-300x169.jpg 300w, https:\/\/www.radiopiu.net\/wordpress\/wp-content\/uploads\/2021\/07\/213070687_250548306457249_238149322490608707_n.jpg 366w\" sizes=\"auto, (max-width: 300px) 100vw, 300px\" \/><\/a>\n\t\t\t\t<\/dt><\/dl><br style=\"clear: both\" \/>\n\t\t\t<\/div>\n\n<p><strong>GRAZIE a Jolly Zul\u00ec<\/strong><\/p>\n<p>&nbsp;<\/p>\n<p>&nbsp;<\/p>\n<hr \/>\n<p>&nbsp;<\/p>\n<p>&nbsp;<\/p>\n<blockquote>\n<h3>A CENCENIGHE IL TETTO DELLA SCUOLA MEDIA GIA&#8217; SISTEMATO<\/h3>\n<\/blockquote>\n<p><span style=\"color: #ff0000;\"><strong>IERI ALLA RADIO<\/strong><\/span><\/p>\n<p><strong>IL SINDACO MAURO SOPPELSA DA CENCENIGHE<\/strong><\/p>\n<audio class=\"wp-audio-shortcode\" id=\"audio-220531-7\" preload=\"none\" style=\"width: 100%;\" controls=\"controls\"><source type=\"audio\/mpeg\" src=\"https:\/\/www.radiopiu.net\/wordpress\/wp-content\/uploads\/2021\/07\/MAURO.mp3?_=7\" \/><a href=\"https:\/\/www.radiopiu.net\/wordpress\/wp-content\/uploads\/2021\/07\/MAURO.mp3\">https:\/\/www.radiopiu.net\/wordpress\/wp-content\/uploads\/2021\/07\/MAURO.mp3<\/a><\/audio>\n<p>&nbsp;<\/p>\n<p><a class=\"dt-pswp-item\" href=\"https:\/\/www.radiopiu.net\/wordpress\/wp-content\/uploads\/2021\/07\/28d7afee-fd70-4e00-8e0e-02e022c1d847.jpg\" data-dt-img-description=\"\" data-large_image_width=\"1024\" data-large_image_height=\"768\"><img loading=\"lazy\" decoding=\"async\" class=\"alignnone wp-image-220562 \" src=\"https:\/\/www.radiopiu.net\/wordpress\/wp-content\/uploads\/2021\/07\/28d7afee-fd70-4e00-8e0e-02e022c1d847.jpg\" alt=\"\" width=\"168\" height=\"126\" srcset=\"https:\/\/www.radiopiu.net\/wordpress\/wp-content\/uploads\/2021\/07\/28d7afee-fd70-4e00-8e0e-02e022c1d847.jpg 1024w, https:\/\/www.radiopiu.net\/wordpress\/wp-content\/uploads\/2021\/07\/28d7afee-fd70-4e00-8e0e-02e022c1d847-300x225.jpg 300w, https:\/\/www.radiopiu.net\/wordpress\/wp-content\/uploads\/2021\/07\/28d7afee-fd70-4e00-8e0e-02e022c1d847-768x576.jpg 768w\" sizes=\"auto, (max-width: 168px) 100vw, 168px\" \/><\/a><a class=\"dt-pswp-item\" href=\"https:\/\/www.radiopiu.net\/wordpress\/wp-content\/uploads\/2021\/07\/dcd7bacd-29e8-44c9-84c7-32bb9f472cda.jpg\" data-dt-img-description=\"\" data-large_image_width=\"1600\" data-large_image_height=\"720\"><img loading=\"lazy\" decoding=\"async\" class=\"alignnone wp-image-220555 \" src=\"https:\/\/www.radiopiu.net\/wordpress\/wp-content\/uploads\/2021\/07\/dcd7bacd-29e8-44c9-84c7-32bb9f472cda.jpg\" alt=\"\" width=\"275\" height=\"124\" srcset=\"https:\/\/www.radiopiu.net\/wordpress\/wp-content\/uploads\/2021\/07\/dcd7bacd-29e8-44c9-84c7-32bb9f472cda.jpg 1600w, https:\/\/www.radiopiu.net\/wordpress\/wp-content\/uploads\/2021\/07\/dcd7bacd-29e8-44c9-84c7-32bb9f472cda-300x135.jpg 300w, https:\/\/www.radiopiu.net\/wordpress\/wp-content\/uploads\/2021\/07\/dcd7bacd-29e8-44c9-84c7-32bb9f472cda-1024x461.jpg 1024w, https:\/\/www.radiopiu.net\/wordpress\/wp-content\/uploads\/2021\/07\/dcd7bacd-29e8-44c9-84c7-32bb9f472cda-768x346.jpg 768w, https:\/\/www.radiopiu.net\/wordpress\/wp-content\/uploads\/2021\/07\/dcd7bacd-29e8-44c9-84c7-32bb9f472cda-1536x691.jpg 1536w\" sizes=\"auto, (max-width: 275px) 100vw, 275px\" \/><\/a><\/p>\n<p>&nbsp;<\/p>\n<p>&nbsp;<\/p>\n<p>&nbsp;<\/p>\n<hr \/>\n<p>&nbsp;<\/p>\n<blockquote class=\"wp-embedded-content\" data-secret=\"qwQOioxAo0\"><p><a href=\"https:\/\/www.radiopiu.net\/wordpress\/aggiornamentolug08\/\">CORONAVIRUS: AGGIORNAMENTO NAZIONALE 08 LUGLIO  2021<\/a><\/p><\/blockquote>\n<p><iframe loading=\"lazy\" class=\"wp-embedded-content\" sandbox=\"allow-scripts\" security=\"restricted\" style=\"position: absolute; clip: rect(1px, 1px, 1px, 1px);\" title=\"&#8220;CORONAVIRUS: AGGIORNAMENTO NAZIONALE 08 LUGLIO  2021&#8221; &#8212; Radio Pi\u00f9\" src=\"https:\/\/www.radiopiu.net\/wordpress\/aggiornamentolug08\/embed\/#?secret=qwQOioxAo0\" data-secret=\"qwQOioxAo0\" width=\"600\" height=\"338\" frameborder=\"0\" marginwidth=\"0\" marginheight=\"0\" scrolling=\"no\"><\/iframe><\/p>\n<p>&nbsp;<\/p>\n<p>&nbsp;<\/p>\n<blockquote class=\"wp-embedded-content\" data-secret=\"RKkCgeFYfV\"><p><a href=\"https:\/\/www.radiopiu.net\/wordpress\/nelle-ultime-24-ore-149-nuove-positivita-in-veneto-stabili-i-ricoveri-nessun-decesso\/\">NELLE ULTIME 24 ORE 149 NUOVE POSITIVITA&#8217; IN VENETO. STABILI I RICOVERI, NESSUN DECESSO<\/a><\/p><\/blockquote>\n<p><iframe loading=\"lazy\" class=\"wp-embedded-content\" sandbox=\"allow-scripts\" security=\"restricted\" style=\"position: absolute; clip: rect(1px, 1px, 1px, 1px);\" title=\"&#8220;NELLE ULTIME 24 ORE 149 NUOVE POSITIVITA&#8217; IN VENETO. STABILI I RICOVERI, NESSUN DECESSO&#8221; &#8212; Radio Pi\u00f9\" src=\"https:\/\/www.radiopiu.net\/wordpress\/nelle-ultime-24-ore-149-nuove-positivita-in-veneto-stabili-i-ricoveri-nessun-decesso\/embed\/#?secret=RKkCgeFYfV\" data-secret=\"RKkCgeFYfV\" width=\"600\" height=\"338\" frameborder=\"0\" marginwidth=\"0\" marginheight=\"0\" scrolling=\"no\"><\/iframe><\/p>\n<p>&nbsp;<\/p>\n<blockquote>\n<h1>I GRAFICI DI TIZIANO DE COL<\/h1>\n<\/blockquote>\n\n\t\t\t<style type='text\/css'>\n\t\t\t\t#gallery-8 {\n\t\t\t\t\tmargin: auto;\n\t\t\t\t}\n\t\t\t\t#gallery-8 .gallery-item {\n\t\t\t\t\tfloat: left;\n\t\t\t\t\tmargin-top: 10px;\n\t\t\t\t\ttext-align: center;\n\t\t\t\t\twidth: 20%;\n\t\t\t\t}\n\t\t\t\t#gallery-8 img {\n\t\t\t\t\tborder: 2px solid #cfcfcf;\n\t\t\t\t}\n\t\t\t\t#gallery-8 .gallery-caption {\n\t\t\t\t\tmargin-left: 0;\n\t\t\t\t}\n\t\t\t\t\/* see gallery_shortcode() in wp-includes\/media.php *\/\n\t\t\t<\/style>\n\t\t<div id='gallery-8' class='dt-gallery-container gallery galleryid-220531 gallery-columns-5 gallery-size-thumbnail'><dl class='gallery-item'>\n\t\t\t\t<dt class='gallery-icon landscape'>\n\t\t\t\t\t<a class=\"rollover rollover-zoom dt-pswp-item\" title=\"88d5f77b-bc33-4b9b-82f4-d4b6b640e28d\" data-dt-img-description=\"\" data-large_image_width=\"587\" data-large_image_height=\"347\"href='https:\/\/www.radiopiu.net\/wordpress\/wp-content\/uploads\/2021\/07\/88d5f77b-bc33-4b9b-82f4-d4b6b640e28d.jpg'><img loading=\"lazy\" decoding=\"async\" width=\"150\" height=\"150\" src=\"https:\/\/www.radiopiu.net\/wordpress\/wp-content\/uploads\/2021\/07\/88d5f77b-bc33-4b9b-82f4-d4b6b640e28d-150x150.jpg\" class=\"attachment-thumbnail size-thumbnail\" alt=\"\" \/><\/a>\n\t\t\t\t<\/dt><\/dl><dl class='gallery-item'>\n\t\t\t\t<dt class='gallery-icon landscape'>\n\t\t\t\t\t<a class=\"rollover rollover-zoom dt-pswp-item\" title=\"cbb4ae53-1cfd-4a8c-8f08-d34f5df4b838\" data-dt-img-description=\"\" data-large_image_width=\"602\" data-large_image_height=\"352\"href='https:\/\/www.radiopiu.net\/wordpress\/wp-content\/uploads\/2021\/07\/cbb4ae53-1cfd-4a8c-8f08-d34f5df4b838.jpg'><img loading=\"lazy\" decoding=\"async\" width=\"150\" height=\"150\" src=\"https:\/\/www.radiopiu.net\/wordpress\/wp-content\/uploads\/2021\/07\/cbb4ae53-1cfd-4a8c-8f08-d34f5df4b838-150x150.jpg\" class=\"attachment-thumbnail size-thumbnail\" alt=\"\" \/><\/a>\n\t\t\t\t<\/dt><\/dl><dl class='gallery-item'>\n\t\t\t\t<dt class='gallery-icon landscape'>\n\t\t\t\t\t<a class=\"rollover rollover-zoom dt-pswp-item\" title=\"27c36f2c-10c2-4b5a-9c7a-3fc066c48a09\" data-dt-img-description=\"\" data-large_image_width=\"600\" data-large_image_height=\"352\"href='https:\/\/www.radiopiu.net\/wordpress\/wp-content\/uploads\/2021\/07\/27c36f2c-10c2-4b5a-9c7a-3fc066c48a09.jpg'><img loading=\"lazy\" decoding=\"async\" width=\"150\" height=\"150\" src=\"https:\/\/www.radiopiu.net\/wordpress\/wp-content\/uploads\/2021\/07\/27c36f2c-10c2-4b5a-9c7a-3fc066c48a09-150x150.jpg\" class=\"attachment-thumbnail size-thumbnail\" alt=\"\" \/><\/a>\n\t\t\t\t<\/dt><\/dl><dl class='gallery-item'>\n\t\t\t\t<dt class='gallery-icon landscape'>\n\t\t\t\t\t<a class=\"rollover rollover-zoom dt-pswp-item\" title=\"863a56c3-f2e0-47e4-b94f-54527726a176\" data-dt-img-description=\"\" data-large_image_width=\"606\" data-large_image_height=\"353\"href='https:\/\/www.radiopiu.net\/wordpress\/wp-content\/uploads\/2021\/07\/863a56c3-f2e0-47e4-b94f-54527726a176.jpg'><img loading=\"lazy\" decoding=\"async\" width=\"150\" height=\"150\" src=\"https:\/\/www.radiopiu.net\/wordpress\/wp-content\/uploads\/2021\/07\/863a56c3-f2e0-47e4-b94f-54527726a176-150x150.jpg\" class=\"attachment-thumbnail size-thumbnail\" alt=\"\" \/><\/a>\n\t\t\t\t<\/dt><\/dl><dl class='gallery-item'>\n\t\t\t\t<dt class='gallery-icon landscape'>\n\t\t\t\t\t<a class=\"rollover rollover-zoom dt-pswp-item\" title=\"7768c5c5-2f5a-4666-a333-0071decf8438\" data-dt-img-description=\"\" data-large_image_width=\"606\" data-large_image_height=\"354\"href='https:\/\/www.radiopiu.net\/wordpress\/wp-content\/uploads\/2021\/07\/7768c5c5-2f5a-4666-a333-0071decf8438.jpg'><img loading=\"lazy\" decoding=\"async\" width=\"150\" height=\"150\" src=\"https:\/\/www.radiopiu.net\/wordpress\/wp-content\/uploads\/2021\/07\/7768c5c5-2f5a-4666-a333-0071decf8438-150x150.jpg\" class=\"attachment-thumbnail size-thumbnail\" alt=\"\" \/><\/a>\n\t\t\t\t<\/dt><\/dl><br style=\"clear: both\" \/>\n\t\t\t<\/div>\n\n<p>&nbsp;<\/p>\n<hr \/>\n<p>&nbsp;<\/p>\n<blockquote>\n<h3>DOMANI LA GIORNATA VACCINALE A PONTE NELLE ALPI<\/h3>\n<\/blockquote>\n<p><strong><a href=\"https:\/\/www.radiopiu.net\/wordpress\/giornale-radiopiu-09-luglio-2021-direttore-mirko-mezzacasa\/vaccini_a_ponte_1-1\/\" rel=\"attachment wp-att-220620\"><img loading=\"lazy\" decoding=\"async\" class=\" wp-image-220620 alignleft\" src=\"https:\/\/www.radiopiu.net\/wordpress\/wp-content\/uploads\/2021\/07\/Vaccini_a_Ponte_1-1-300x181.jpg\" alt=\"\" width=\"126\" height=\"76\" srcset=\"https:\/\/www.radiopiu.net\/wordpress\/wp-content\/uploads\/2021\/07\/Vaccini_a_Ponte_1-1-300x181.jpg 300w, https:\/\/www.radiopiu.net\/wordpress\/wp-content\/uploads\/2021\/07\/Vaccini_a_Ponte_1-1-768x464.jpg 768w, https:\/\/www.radiopiu.net\/wordpress\/wp-content\/uploads\/2021\/07\/Vaccini_a_Ponte_1-1.jpg 1024w\" sizes=\"auto, (max-width: 126px) 100vw, 126px\" \/><\/a>PONTE NELLE ALPI<\/strong> Seduta vaccinale aperta a tutti i cittadini di Ponte nelle Alpi domani dalle 12:30 alle 15 presso il palasport. De Marchi, De Pasqual, Lorenzato, Mares, Scapol sono i 5 medici che hanno dato la disponibilit\u00e0 per la seduta. Per vaccinarsi basta presentarsi senza prenotazione con tessera sanitaria e scheda anamnestica compilata (scaricabile dal sito della ULSS 1). Le vaccinazioni sono dedicate ai maggiorenni.<\/p>\n<p>&nbsp;<\/p>\n<p>&nbsp;<\/p>\n<hr \/>\n<p>&nbsp;<\/p>\n<p>&nbsp;<\/p>\n<blockquote>\n<h3><strong>TAR VENETO SOSPENDE DELIBERA SU FORMAZIONE OSS.\u00a0<\/strong><\/h3>\n<p><em><a href=\"https:\/\/www.radiopiu.net\/wordpress\/approvato-il-documento-per-le-aziende-sanitarie-dal-4-maggio-si-torna-alla-normalita\/manuela-lanzarin-3\/\" rel=\"attachment wp-att-133951\"><img loading=\"lazy\" decoding=\"async\" class=\" wp-image-133951 alignleft\" src=\"https:\/\/www.radiopiu.net\/wordpress\/wp-content\/uploads\/2020\/04\/MANUELA-LANZARIN-300x225.jpg\" alt=\"\" width=\"187\" height=\"140\" srcset=\"https:\/\/www.radiopiu.net\/wordpress\/wp-content\/uploads\/2020\/04\/MANUELA-LANZARIN-300x225.jpg 300w, https:\/\/www.radiopiu.net\/wordpress\/wp-content\/uploads\/2020\/04\/MANUELA-LANZARIN.jpg 639w\" sizes=\"auto, (max-width: 187px) 100vw, 187px\" \/><\/a>Manuela Lanzarin &#8220;\u201cQuesta sospensiva\u00a0 ci blocca finch\u00e9- crediamo in dicembre\u00a0 \u00a0non conosceremo il merito della decisione: una situazione che rischia di mandare a monte la nostra programmazione. A questo punto non resta che rivolgersi al Consiglio di Stato\u201d.<\/em><\/p>\n<p><strong>VENEZIA<\/strong>\u00a0 <em>\u201cIl TAR ha di fatto accettato la sospensiva e ci ha bloccato. Non \u00e8 una buona notizia: la situazione, infatti, \u00e8 molto seria e molto problematica: ad oggi, le Ulss stanno prestando i loro infermieri alle case di riposo. Questo significa che anche negli ospedali le attivit\u00e0 vengono ridotte o, comunque, non vengono esercitate come si vorrebbe. Le case di riposo continuano a rimanere in affanno e, all\u2019orizzonte, non vediamo nuovi infermieri e questa situazione, lo ribadisco, dipende moltissimo da una\u00a0 programmazione nazionale errata\u201d. So<\/em>no le parole \u201ca caldo\u201d dell\u2019Assessore regionale alla Sanit\u00e0 e al Sociale, Manuela Lanzarin, alla notizia del TAR che ha accolto il ricorso degli Ordini professionali contro la Regione Veneto sulla delibera che istituiva e prevedeva il corso complementare per l\u2019OSS (Operatore Socio Sanitario) e l\u2019OSSS (Operatore Socio Sanitario Specializzato). \u201cUna formazione professionale \u2013 ha ricordato l\u2019Assessore &#8211; che non andava certo a sostituire la figura dell\u2019infermiere, che rimane il profilo professionale cardine, ma che invece formava una figura di supporto, che doveva essere poi coadiuvata da un infermiere, e che in questo momento, soprattutto nelle strutture ospedaliere e nelle case di riposo diventava fondamentale se non essenziale per garantire il servizio.<\/p><\/blockquote>\n<p>.<\/p>\n<blockquote><p><img loading=\"lazy\" decoding=\"async\" class=\"alignleft\" src=\"https:\/\/www.radiopiu.net\/wordpress\/wp-content\/uploads\/2018\/02\/ANDREA-FIOCCO-300x300.jpg\" width=\"144\" height=\"144\" \/><strong>di ANDREA FIOCCO CGIL FP\u00a0<\/strong><\/p><\/blockquote>\n<audio class=\"wp-audio-shortcode\" id=\"audio-220531-8\" preload=\"none\" style=\"width: 100%;\" controls=\"controls\"><source type=\"audio\/mpeg\" src=\"https:\/\/www.radiopiu.net\/wordpress\/wp-content\/uploads\/2021\/07\/oss-sentenza.mp3?_=8\" \/><a href=\"https:\/\/www.radiopiu.net\/wordpress\/wp-content\/uploads\/2021\/07\/oss-sentenza.mp3\">https:\/\/www.radiopiu.net\/wordpress\/wp-content\/uploads\/2021\/07\/oss-sentenza.mp3<\/a><\/audio>\n<p>&nbsp;<\/p>\n<p>&nbsp;<\/p>\n<blockquote>\n<h3>PD: &#8220;LE FANTASIOSE FUGHE IN AVANTI CHE NON RISOLVONO NULLA&#8221;<\/h3>\n<\/blockquote>\n<p><strong><a href=\"https:\/\/www.radiopiu.net\/wordpress\/giornale-radiopiu-22-giugno-2018-direttore-mirko-mezzacasa\/oss-infermiere-rapporto-funzionale\/\" rel=\"attachment wp-att-51574\"><img loading=\"lazy\" decoding=\"async\" class=\"wp-image-51574 alignleft\" src=\"https:\/\/www.radiopiu.net\/wordpress\/wp-content\/uploads\/2018\/06\/oss-infermiere-rapporto-funzionale-300x158.jpg\" alt=\"\" width=\"180\" height=\"95\" srcset=\"https:\/\/www.radiopiu.net\/wordpress\/wp-content\/uploads\/2018\/06\/oss-infermiere-rapporto-funzionale-300x158.jpg 300w, https:\/\/www.radiopiu.net\/wordpress\/wp-content\/uploads\/2018\/06\/oss-infermiere-rapporto-funzionale-768x403.jpg 768w, https:\/\/www.radiopiu.net\/wordpress\/wp-content\/uploads\/2018\/06\/oss-infermiere-rapporto-funzionale-1024x538.jpg 1024w, https:\/\/www.radiopiu.net\/wordpress\/wp-content\/uploads\/2018\/06\/oss-infermiere-rapporto-funzionale.jpg 1200w\" sizes=\"auto, (max-width: 180px) 100vw, 180px\" \/><\/a>VENEZIA<\/strong>\u00a0 \u201c<em>Il Tar Veneto ha emesso l\u2019ordinanza di sospensiva per la delibera di Giunta sugli operatori sociosanitari: la carenza di personale qualificato nelle Rsa \u00e8 un problema vero, ma va affrontato senza fantasiose fughe in avanti che non risolvono niente\u201d<\/em>. Con queste parole Anna Maria Bigon, vicepresidente della commissione Sanit\u00e0 e consigliera regionale Pd, commenta la decisione del Tar che ha stoppato la delibera 305, dando ragione a\u00a0\u00a0Opi e Fnopi Veneto che l\u2019avevano impugnata. <em>\u201cCi vorr\u00e0 ancora qualche mese per conoscere nel merito le ragioni, ma evidentemente i dubbi avanzati dai ricorrenti erano fondati. Avevamo chiesto di sospendere questo provvedimento e di ascoltarli in Quinta commissione, ma inutilmente. Oss e infermieri sono due figure distinte e complementari, tali devono restare. Dobbiamo garantire un\u2019adeguata assistenza agli ospiti delle Rsa, persone fragili, evitando che possano ricevere prestazioni infermieristiche in maniera impropria, potenzialmente pericolose per la loro salute\u201d.<\/em><\/p>\n<p>&nbsp;<\/p>\n<p>&nbsp;<\/p>\n<p>&nbsp;<\/p>\n<hr \/>\n<blockquote>\n<h3><\/h3>\n<h3>L&#8217;APPELLO DI BELLUNO ALPINA &#8220;NON VOGLIAMO TROVARCI CON STRADE DISASTRATE&#8221;<\/h3>\n<\/blockquote>\n<p><strong><img loading=\"lazy\" decoding=\"async\" class=\"alignleft\" src=\"https:\/\/www.radiopiu.net\/wordpress\/wp-content\/uploads\/2021\/01\/Sentieri_Nevegal_lavori-1.jpg\" width=\"169\" height=\"115\" \/>BELLUNO<\/strong>\u00a0 <em>\u201cSi intervenga al pi\u00f9 presto con la progettazione e realizzazione di nuove strade forestali dedicate ai mezzi per l&#8217;esbosco\u201d:<\/em> tanto sintetico quando chiaro l&#8217;appello \u00e8 dell&#8217;associazione Belluno Alpina con riferimento al comprensorio dove sono in azione i mezzi impegnati nella rimozione degli schianti di Vaia. Contro lo spopolamento, lo sanno quelli di Belluno Alpina, \u00e8\u00a0 anche necessario garantire una viabilit\u00e0 adeguata: <em>\u201cInvece &#8211;\u00a0 precisa il sodalizio &#8211;\u00a0 ora i mezzi pesanti per l&#8217;esbosco passano su strade evidentemente inadeguate al loro passaggio, con danni inevitabili. Chi ci assicura che, una volta portato via il legname ancora buono, le ditte non preferiranno pagare una penale e andarsene, invece che ripristinare le strade e recuperare quel legname di scarto ormai inutilizzabile? Non \u00e8 una cosa che il territorio pu\u00f2 affrontare, sia dal punto di vista della sicurezza delle piante con l&#8217;incognita della diffusione del bostrico, sia dal punto di vista turistico con la necessit\u00e0 di riaprire tutti i sentieri ancora chiusi\u201d. <\/em>Belluno Alpina quindi chiede che \u201ci fondi incassati dalla vendita del legname di Vaia in Nevegal e nel comprensorio vengano destinati prioritariamente alla realizzazione di strade forestali di esbosco, cos\u00ec da poter continuare a garantire il servizio di pulizia e da non danneggiare ulteriormente le infrastrutture di collegamento delle varie frazioni del comprensorio\u201d.<br \/>\nL\u2019associazione chiede anche di guardare al futuro:<em> \u201cVaia ci ha mostrato come fossimo impreparati e come la gestione dell\u2019ambiente sia fondamentale. Tutti i convegni che sono seguiti alla tempesta, pubblici e privati, hanno sottolineato l\u2018importanza di ripristinare una filiera del legno sul territorio: bisogna investire, programmare e progettare per far diventare l\u2019ambiente una vera risorsa non solo turistica ma economica. Ci chiediamo: c\u2019\u00e8 qualcuno, a tutti i livelli, che sta lavorando per trovare risorse che siano fondi europei dedicati, capitoli del Recovery Plan o altro, da destinare alla gestione forestale e alla filiera corta?\u201d.<\/em><\/p>\n<p>&nbsp;<\/p>\n<hr \/>\n<blockquote>\n<h3 class=\"p1\"><span class=\"s1\">\u00a0<\/span><\/h3>\n<h3 class=\"p1\"><span class=\"s1\">CANTIERI A27, BOND (FI): \u00abVIA IL PEDAGGIO FINO ALLA FINE DEI LAVORI. SI DEVE PAGARE IL SERVIZIO, NON IL DISSERVIZIO\u00bb\u00a0<\/span><\/h3>\n<p><strong>ALLA RADIO\u00a0<\/strong><\/p>\n<audio class=\"wp-audio-shortcode\" id=\"audio-220531-9\" preload=\"none\" style=\"width: 100%;\" controls=\"controls\"><source type=\"audio\/mpeg\" src=\"https:\/\/www.radiopiu.net\/wordpress\/wp-content\/uploads\/2021\/07\/BOND-A27.mp3?_=9\" \/><a href=\"https:\/\/www.radiopiu.net\/wordpress\/wp-content\/uploads\/2021\/07\/BOND-A27.mp3\">https:\/\/www.radiopiu.net\/wordpress\/wp-content\/uploads\/2021\/07\/BOND-A27.mp3<\/a><\/audio>\n<p>&nbsp;<\/p>\n<p><strong><a href=\"https:\/\/www.radiopiu.net\/wordpress\/giornale-radiopiu-20-maggio-2020-direttore-mirko-mezzacasa\/dario-bond-11\/\" rel=\"attachment wp-att-138833\"><img loading=\"lazy\" decoding=\"async\" class=\" wp-image-138833 alignleft\" src=\"https:\/\/www.radiopiu.net\/wordpress\/wp-content\/uploads\/2020\/05\/Dario-Bond.jpg\" alt=\"\" width=\"85\" height=\"117\" \/><\/a><\/strong><\/p><\/blockquote>\n<p class=\"p1\"><span class=\"s1\"><strong>ROMA <\/strong>\u00ab<em>Stop al pedaggio per il tratto di autostrada da Belluno a Vittorio Veneto Sud. Il cantiere in galleria che va avanti ormai da anni sta diventando un problema per gli automobilisti. \u00c8 giusto pagare il servizio, non certo il disservizio<\/em>\u00bb. \u00c8 quanto afferma il deputato di Forza Italia Dario Bond, relativamente ai lavori in A27, nella galleria tra Vittorio Veneto Nord e Vittorio Veneto Sud. <\/span><span class=\"s1\">\u00ab<em>I lavori proseguono da anni e per un lungo tratto trasformano l\u2019autostrada in una normalissima strada a una sola corsia per senso di marcia, con inevitabili code e rallentamenti, specie nei fine settimana quando aumenta il traffico verso Cortina e la montagna bellunese. Posto che i lavori di miglioramento e di messa in sicurezza delle infrastrutture sono indispensabili, bisogna chiedersi per\u00f2 come mai il cantiere duri da cos\u00ec tanto tempo. Automobilisti e autotrasportatori sono costretti a rallentamenti e a allungamenti dei tempi di percorrenza, non normali per una autostrada&#8221;.<\/em><\/span><\/p>\n<p>&nbsp;<\/p>\n<hr \/>\n<p>&nbsp;<\/p>\n<blockquote>\n<h3><strong>LAVORO. PROSEGUE IL RECUPERO OCCUPAZIONALE. A GIUGNO 28.000 POSTI DI LAVORO IN PI\u00d9. <\/strong><\/h3>\n<\/blockquote>\n<p><strong>VENEZIA<\/strong>\u00a0 <em>\u201cProsegue nel mese di giugno il recupero dei posti di lavoro in Veneto. Il mese si \u00e8 chiuso con volumi di assunzioni superiori a quelli registrati nel 2019 e un bilancio positivo per 28.300 posti di lavoro dipendente, soprattutto grazie alla crescita dei contratti a tempo determinato, che hanno beneficiato della ripresa delle attivit\u00e0 e colmato i mancati reclutamenti dei mesi precedenti\u201d.<\/em> Cos\u00ec l\u2019Assessore regionale al Lavoro del Veneto Elena Donazzan commenta i dati della Bussola di Veneto Lavoro relativi alla prima met\u00e0 del 2021, che certificano i miglioramenti osservati negli ultimi due mesi a seguito delle riaperture.\u00a0\u00a0Il saldo tra assunzioni e cessazioni del secondo trimestre dell\u2019anno risulta, infatti, positivo per 55.000 posizioni lavorative, 4.000 in pi\u00f9 rispetto al 2019, per un bilancio occupazionale che sale a 67.000 posizioni lavorative guadagnate da inizio anno. Il numero delle assunzioni resta tuttavia inferiore rispetto al 2019 (-12% nel trimestre e -21% da inizio anno), nonostante il forte recupero degli ultimi due mesi. Nei settori soggetti a restrizioni, quali commercio e turismo, il differenziale con il 2019 rimane significativo (rispettivamente -20% e -15% nel trimestre), ma i dati di giugno evidenziano una tendenza al recupero di una stagione necessariamente partita con ritardo. Nel manifatturiero la flessione della domanda di lavoro \u00e8 ancora presente nei settori della moda, nell\u2019alimentare e nella farmaceutica. I saldi sono positivi in tutti i comparti, fatta eccezione per la concia e per l\u2019istruzione privata, sulla quale incide la chiusura dell\u2019anno scolastico.\u00a0 \u00a0La Bussola sul mercato del lavoro veneto \u00e8 disponibile sul sito di Veneto Lavoro all\u2019indirizzo\u00a0<a href=\"http:\/\/www.venetolavoro.it\/bussola\">www.venetolavoro.it\/bussola<\/a><\/p>\n<p>&nbsp;<\/p>\n<p>&nbsp;<\/p>\n<p>&nbsp;<\/p>\n<p>&nbsp;<\/p>\n<hr \/>\n<p>&nbsp;<\/p>\n<blockquote>\n<h3>LA PROVINCIA PRENDE ATTO DELLA PAROLE DI BOTTACIN: &#8220;SARA&#8217; AVVIATO L&#8217;ITER PER L&#8217;ASSUNZIONE DI PERSONALE PER IL SETTORE DIFESA DEL SUOLO&#8221;<\/h3>\n<\/blockquote>\n<p><strong><a href=\"https:\/\/www.radiopiu.net\/wordpress\/renzo-minella-presenta-la-nuova-stagione\/e8f456ed-2e62-4478-846d-dcc285c42ca3\/\" rel=\"attachment wp-att-215097\"><img loading=\"lazy\" decoding=\"async\" class=\" wp-image-215097 alignleft\" src=\"https:\/\/www.radiopiu.net\/wordpress\/wp-content\/uploads\/2021\/06\/e8f456ed-2e62-4478-846d-dcc285c42ca3-300x225.jpg\" alt=\"\" width=\"181\" height=\"136\" srcset=\"https:\/\/www.radiopiu.net\/wordpress\/wp-content\/uploads\/2021\/06\/e8f456ed-2e62-4478-846d-dcc285c42ca3-300x225.jpg 300w, https:\/\/www.radiopiu.net\/wordpress\/wp-content\/uploads\/2021\/06\/e8f456ed-2e62-4478-846d-dcc285c42ca3-768x576.jpg 768w, https:\/\/www.radiopiu.net\/wordpress\/wp-content\/uploads\/2021\/06\/e8f456ed-2e62-4478-846d-dcc285c42ca3.jpg 1024w\" sizes=\"auto, (max-width: 181px) 100vw, 181px\" \/><\/a>\u200bBELLUNO<\/strong> <em>\u00abApprendiamo favorevolmente le dichiarazioni rilasciate dall\u2019assessore Bottacin a mezzo stampa. Dalla prossima settimana avvieremo le procedure in Regione per l\u2019assenso degli uffici tecnici all\u2019assunzione di personale per il settore difesa del suolo. In questo modo sar\u00e0 molto pi\u00f9 semplice intervenire sui problemi annosi del territorio, acuiti dopo la tempesta Vaia\u00bb<\/em>. Lo afferma la consigliera provinciale Serenella Bogana a seguito delle dichiarazioni dell\u2019assessore regionale Gianpaolo Bottacin che ha risposto a mezzo stampa all\u2019auspicio di Palazzo Piloni di assumere personale per la difesa del suolo a valere sulle risorse del demanio idrico.<\/p>\n<blockquote>\n<h3><em>IL CONSIGLIERE PROVINCIALE MASSIMO BORTOLUZZI<br \/>\n<\/em><\/h3>\n<\/blockquote>\n<audio class=\"wp-audio-shortcode\" id=\"audio-220531-10\" preload=\"none\" style=\"width: 100%;\" controls=\"controls\"><source type=\"audio\/mpeg\" src=\"https:\/\/www.radiopiu.net\/wordpress\/wp-content\/uploads\/2021\/07\/ortoluzi.mp3?_=10\" \/><a href=\"https:\/\/www.radiopiu.net\/wordpress\/wp-content\/uploads\/2021\/07\/ortoluzi.mp3\">https:\/\/www.radiopiu.net\/wordpress\/wp-content\/uploads\/2021\/07\/ortoluzi.mp3<\/a><\/audio>\n<p>&nbsp;<\/p>\n<p>&nbsp;<\/p>\n<hr \/>\n<p>&nbsp;<\/p>\n<blockquote>\n<h3>THAISE E LA SUA PASSIONE DI DIPINGERE IL LEGNO<\/h3>\n<\/blockquote>\n<p><strong><a href=\"https:\/\/www.radiopiu.net\/wordpress\/thaise-e-la-sua-passione-di-dipingere-il-legno\/schermata-2021-07-08-alle-10-55-15\/\" rel=\"attachment wp-att-220606\"><img loading=\"lazy\" decoding=\"async\" class=\" wp-image-220606 alignleft\" src=\"https:\/\/www.radiopiu.net\/wordpress\/wp-content\/uploads\/2021\/07\/Schermata-2021-07-08-alle-10.55.15-265x300.png\" alt=\"\" width=\"127\" height=\"144\" srcset=\"https:\/\/www.radiopiu.net\/wordpress\/wp-content\/uploads\/2021\/07\/Schermata-2021-07-08-alle-10.55.15-265x300.png 265w, https:\/\/www.radiopiu.net\/wordpress\/wp-content\/uploads\/2021\/07\/Schermata-2021-07-08-alle-10.55.15-905x1024.png 905w, https:\/\/www.radiopiu.net\/wordpress\/wp-content\/uploads\/2021\/07\/Schermata-2021-07-08-alle-10.55.15-768x869.png 768w, https:\/\/www.radiopiu.net\/wordpress\/wp-content\/uploads\/2021\/07\/Schermata-2021-07-08-alle-10.55.15.png 986w\" sizes=\"auto, (max-width: 127px) 100vw, 127px\" \/><\/a>RIVAMONTE<\/strong> Lei \u00e8 Thaise Ramos, origini brasiliane, vive a Rivamonte e frequenta l&#8217;ITI Segato di Belluno. Nelle ultime ore \u00e8 stata protagonista di un&#8217;intervista di Sara Trevisan, formatrice e autrice. Thaise la si pu\u00f2 definire una vera artista, la sua passione \u00e8 disegnare sulle tavole di legno. Una passione nata da poco grazie all&#8217;amicizia con Andrea Zanin. Andrea l&#8217;aveva chiamata per costruire il presepio a Rivamonte e da li \u00e8 nato il sodalizio tra i due. Zanin procura il legno e Thaise ci disegna sopra. Tra i suoi soggetti preferiti ci sono gli animali ma non solo. La ragazza si dice fan di Van Gogh e in alcuni suoi lavori si vede il tocco.<\/p>\n<p><strong>PER LEGGERE L&#8217;INTERVISTA <a href=\"https:\/\/www.saratrevisan.com\/thaise-la-piccola-artista-di-rivamonte\/\">CLICCA QUI<\/a><\/strong><\/p>\n\n\t\t\t<style type='text\/css'>\n\t\t\t\t#gallery-9 {\n\t\t\t\t\tmargin: auto;\n\t\t\t\t}\n\t\t\t\t#gallery-9 .gallery-item {\n\t\t\t\t\tfloat: left;\n\t\t\t\t\tmargin-top: 10px;\n\t\t\t\t\ttext-align: center;\n\t\t\t\t\twidth: 33%;\n\t\t\t\t}\n\t\t\t\t#gallery-9 img {\n\t\t\t\t\tborder: 2px solid #cfcfcf;\n\t\t\t\t}\n\t\t\t\t#gallery-9 .gallery-caption {\n\t\t\t\t\tmargin-left: 0;\n\t\t\t\t}\n\t\t\t\t\/* see gallery_shortcode() in wp-includes\/media.php *\/\n\t\t\t<\/style>\n\t\t<div id='gallery-9' class='dt-gallery-container gallery galleryid-220531 gallery-columns-3 gallery-size-thumbnail'><dl class='gallery-item'>\n\t\t\t\t<dt class='gallery-icon landscape'>\n\t\t\t\t\t<a class=\"rollover rollover-zoom dt-pswp-item\" title=\"WhatsApp-Image-2021-06-07-at-20.22.52\" data-dt-img-description=\"\" data-large_image_width=\"1600\" data-large_image_height=\"899\"href='https:\/\/www.radiopiu.net\/wordpress\/wp-content\/uploads\/2021\/07\/WhatsApp-Image-2021-06-07-at-20.22.52.jpg'><img loading=\"lazy\" decoding=\"async\" width=\"150\" height=\"150\" src=\"https:\/\/www.radiopiu.net\/wordpress\/wp-content\/uploads\/2021\/07\/WhatsApp-Image-2021-06-07-at-20.22.52-150x150.jpg\" class=\"attachment-thumbnail size-thumbnail\" alt=\"\" \/><\/a>\n\t\t\t\t<\/dt><\/dl><dl class='gallery-item'>\n\t\t\t\t<dt class='gallery-icon portrait'>\n\t\t\t\t\t<a class=\"rollover rollover-zoom dt-pswp-item\" title=\"WhatsApp-Image-2021-06-09-at-19.18.54\" data-dt-img-description=\"\" data-large_image_width=\"316\" data-large_image_height=\"478\"href='https:\/\/www.radiopiu.net\/wordpress\/wp-content\/uploads\/2021\/07\/WhatsApp-Image-2021-06-09-at-19.18.54.jpg'><img loading=\"lazy\" decoding=\"async\" width=\"150\" height=\"150\" src=\"https:\/\/www.radiopiu.net\/wordpress\/wp-content\/uploads\/2021\/07\/WhatsApp-Image-2021-06-09-at-19.18.54-150x150.jpg\" class=\"attachment-thumbnail size-thumbnail\" alt=\"\" \/><\/a>\n\t\t\t\t<\/dt><\/dl><dl class='gallery-item'>\n\t\t\t\t<dt class='gallery-icon portrait'>\n\t\t\t\t\t<a class=\"rollover rollover-zoom dt-pswp-item\" title=\"WhatsApp-Image-2021-06-07-at-20.22.51-1\" data-dt-img-description=\"\" data-large_image_width=\"899\" data-large_image_height=\"1282\"href='https:\/\/www.radiopiu.net\/wordpress\/wp-content\/uploads\/2021\/07\/WhatsApp-Image-2021-06-07-at-20.22.51-1.jpg'><img loading=\"lazy\" decoding=\"async\" width=\"150\" height=\"150\" src=\"https:\/\/www.radiopiu.net\/wordpress\/wp-content\/uploads\/2021\/07\/WhatsApp-Image-2021-06-07-at-20.22.51-1-150x150.jpg\" class=\"attachment-thumbnail size-thumbnail\" alt=\"\" \/><\/a>\n\t\t\t\t<\/dt><\/dl><br style=\"clear: both\" \/>\n\t\t\t<\/div>\n\n<p>&nbsp;<\/p>\n<hr \/>\n<p>&nbsp;<\/p>\n<p>&nbsp;<\/p>\n<blockquote>\n<h3>QUANDO IL CORO DEGLI ALPINI FU INVITATO DA RAFFAELLA CARRA&#8217;<\/h3>\n<\/blockquote>\n<p><strong>REDAZIONE<\/strong> Era il 1978 quando il Coro degli Alpini fu invitato nella trasmissione &#8220;Ma Che Sera&#8221; di Raffaella Carr\u00e0.<\/p>\n<p>&#8220;<em>Con la magistrale armonizzazione e direzione dell&#8217;indimenticabile grande maestro bellunese Lamberto Pietropoli, anima, cuore e vita con Salvatore del Coro Agordo! Grazie fratello Lamberto e grazie alla splendida e altrettanto indimenticabile Raffaella, davvero due &#8220;icone&#8221; dello spettacolo, della musica, della cultura italiana e non solo!<\/em>&#8221; Loris Santomaso<\/p>\n<p><iframe loading=\"lazy\" title=\"Raffaella carr\u00e0 e il coro degli alpini in amoa da Ma che sera 1978\" width=\"1200\" height=\"900\" src=\"https:\/\/www.youtube.com\/embed\/MbP105-6ZAQ?feature=oembed\" frameborder=\"0\" allow=\"accelerometer; autoplay; clipboard-write; encrypted-media; gyroscope; picture-in-picture\" allowfullscreen><\/iframe><\/p>\n<p>&nbsp;<\/p>\n<hr \/>\n<p>&nbsp;<\/p>\n<p>&nbsp;<\/p>\n<blockquote>\n<h2>L&#8217;AGNER A SAN TOMASO AGORDINO<\/h2>\n<div style=\"width: 848px;\" class=\"wp-video\"><video class=\"wp-video-shortcode\" id=\"video-220531-1\" width=\"848\" height=\"480\" preload=\"metadata\" controls=\"controls\"><source type=\"video\/mp4\" src=\"https:\/\/www.radiopiu.net\/wordpress\/wp-content\/uploads\/2021\/07\/WhatsApp-Video-2021-07-08-at-22.12.43.mp4?_=1\" \/><a href=\"https:\/\/www.radiopiu.net\/wordpress\/wp-content\/uploads\/2021\/07\/WhatsApp-Video-2021-07-08-at-22.12.43.mp4\">https:\/\/www.radiopiu.net\/wordpress\/wp-content\/uploads\/2021\/07\/WhatsApp-Video-2021-07-08-at-22.12.43.mp4<\/a><\/video><\/div><\/blockquote>\n<h3>\u00a0PER SAPERNE DI PIU&#8217;&#8230;.. C&#8217;E&#8217; RADIO PIU&#8217;<\/h3>\n<blockquote class=\"wp-embedded-content\" data-secret=\"am66HQAPr9\"><p><a href=\"https:\/\/www.radiopiu.net\/wordpress\/dolomites-rock-miniatures-e-la-palestra-di-roccia-allarena-1082\/\">DOLOMITES ROCK MINIATURES E LA PALESTRA DI ROCCIA ALL&#8217;ARENA 1082<\/a><\/p><\/blockquote>\n<p><iframe loading=\"lazy\" class=\"wp-embedded-content\" sandbox=\"allow-scripts\" security=\"restricted\" style=\"position: absolute; clip: rect(1px, 1px, 1px, 1px);\" title=\"&#8220;DOLOMITES ROCK MINIATURES E LA PALESTRA DI ROCCIA ALL&#8217;ARENA 1082&#8221; &#8212; Radio Pi\u00f9\" src=\"https:\/\/www.radiopiu.net\/wordpress\/dolomites-rock-miniatures-e-la-palestra-di-roccia-allarena-1082\/embed\/#?secret=am66HQAPr9\" data-secret=\"am66HQAPr9\" width=\"600\" height=\"338\" frameborder=\"0\" marginwidth=\"0\" marginheight=\"0\" scrolling=\"no\"><\/iframe><\/p>\n<p>&nbsp;<\/p>\n<hr \/>\n<blockquote>\n<h3><\/h3>\n<h3>AD AGORDO PROLOCO: ECCO I CORSI PER TURISTI A VALLIGIANI<\/h3>\n<\/blockquote>\n<blockquote><p><strong><em><a href=\"https:\/\/www.radiopiu.net\/wordpress\/scopriamo-agordo-perche-quando-tutto-questo-sara-finito-diremo-andiamo-a-farci-un-giro-ad-agordo\/ad-agordo-proloco-logo_colors\/\" rel=\"attachment wp-att-129089\"><img loading=\"lazy\" decoding=\"async\" class=\"wp-image-129089 alignleft\" src=\"https:\/\/www.radiopiu.net\/wordpress\/wp-content\/uploads\/2020\/04\/AD-AGORDO-PROLOCO-LOGO_colors-300x300.jpg\" alt=\"\" width=\"101\" height=\"101\" srcset=\"https:\/\/www.radiopiu.net\/wordpress\/wp-content\/uploads\/2020\/04\/AD-AGORDO-PROLOCO-LOGO_colors-300x300.jpg 300w, https:\/\/www.radiopiu.net\/wordpress\/wp-content\/uploads\/2020\/04\/AD-AGORDO-PROLOCO-LOGO_colors-1024x1024.jpg 1024w, https:\/\/www.radiopiu.net\/wordpress\/wp-content\/uploads\/2020\/04\/AD-AGORDO-PROLOCO-LOGO_colors-150x150.jpg 150w, https:\/\/www.radiopiu.net\/wordpress\/wp-content\/uploads\/2020\/04\/AD-AGORDO-PROLOCO-LOGO_colors-768x768.jpg 768w, https:\/\/www.radiopiu.net\/wordpress\/wp-content\/uploads\/2020\/04\/AD-AGORDO-PROLOCO-LOGO_colors-1536x1536.jpg 1536w, https:\/\/www.radiopiu.net\/wordpress\/wp-content\/uploads\/2020\/04\/AD-AGORDO-PROLOCO-LOGO_colors.jpg 1920w\" sizes=\"auto, (max-width: 101px) 100vw, 101px\" \/><\/a>OSPITE, CELESTE PAGANIN E DANIELE GALLIGANI<\/em><\/strong><\/p><\/blockquote>\n<p><strong>AUDIO<\/strong><\/p>\n<audio class=\"wp-audio-shortcode\" id=\"audio-220531-11\" preload=\"none\" style=\"width: 100%;\" controls=\"controls\"><source type=\"audio\/mpeg\" src=\"https:\/\/www.radiopiu.net\/wordpress\/wp-content\/uploads\/2021\/07\/celeste-paganin-pro-loco.mp3?_=11\" \/><a href=\"https:\/\/www.radiopiu.net\/wordpress\/wp-content\/uploads\/2021\/07\/celeste-paganin-pro-loco.mp3\">https:\/\/www.radiopiu.net\/wordpress\/wp-content\/uploads\/2021\/07\/celeste-paganin-pro-loco.mp3<\/a><\/audio>\n<p>&nbsp;<\/p>\n<p>&nbsp;<\/p>\n<p>&nbsp;<\/p>\n<hr \/>\n<p>&nbsp;<\/p>\n<h3><a href=\"https:\/\/www.radiopiu.net\/wordpress\/scuola-e-investimenti-nuova-mensa-ed-efficientamento-energetico\/ed290f40-7d29-4675-8cf9-0210b20495e7\/\" rel=\"attachment wp-att-200591\"><img loading=\"lazy\" decoding=\"async\" class=\" wp-image-200591 alignleft\" src=\"https:\/\/www.radiopiu.net\/wordpress\/wp-content\/uploads\/2021\/03\/ed290f40-7d29-4675-8cf9-0210b20495e7-300x169.jpg\" sizes=\"auto, (max-width: 300px) 100vw, 300px\" srcset=\"https:\/\/www.radiopiu.net\/wordpress\/wp-content\/uploads\/2021\/03\/ed290f40-7d29-4675-8cf9-0210b20495e7-300x169.jpg 300w, https:\/\/www.radiopiu.net\/wordpress\/wp-content\/uploads\/2021\/03\/ed290f40-7d29-4675-8cf9-0210b20495e7-1024x578.jpg 1024w, https:\/\/www.radiopiu.net\/wordpress\/wp-content\/uploads\/2021\/03\/ed290f40-7d29-4675-8cf9-0210b20495e7-768x434.jpg 768w, https:\/\/www.radiopiu.net\/wordpress\/wp-content\/uploads\/2021\/03\/ed290f40-7d29-4675-8cf9-0210b20495e7-1536x867.jpg 1536w, https:\/\/www.radiopiu.net\/wordpress\/wp-content\/uploads\/2021\/03\/ed290f40-7d29-4675-8cf9-0210b20495e7.jpg 1984w\" alt=\"\" width=\"160\" height=\"90\" \/><\/a>L\u2019AZIENDA AGORDO SERVIZI CERCA DUE PROFESSIONISTI<\/h3>\n<p><strong>AGORDO\u00a0<\/strong> E\u2019 stata indetta dall\u2019Azienda Speciale Agordo servizi \u00a0una selezione pubblica per la copertura di un posto a tempo determinato e pieno nel profilo di Educatore di Asilo Nido e di un operatore assistente\u00a0 che si prendano cura dei bambini e dei neonati nelle cure personali come lavarli, cambiarli, vestirli, aiutarli a mangiare, l\u2019educatore dovr\u00e0 avere capacit\u00e0 organizzativa nelle attivit\u00e0 e abilit\u00e0 nel formulare obiettivi, all\u2019assistente l\u2019azienda chiede tra l\u2019altro di coadiuvare il lavoro delle educatrici.\u00a0 Per informazioni e copia dell\u2019avviso di selezione gli interessati potranno rivolgersi all\u2019ufficio amministrativo Azienda Speciale al numero 0437 62564 L\u2019avviso di selezione \u00e8 pubblicato sul sito: https:\/\/agordofarmaciacomunale.it\/<\/p>\n<p>&nbsp;<\/p>\n<p>&nbsp;<\/p>\n<hr \/>\n<p>&nbsp;<\/p>\n<p>&nbsp;<\/p>\n<blockquote>\n<h3>SERVIZIO CIVILE UNIVERSALE: PROGETTO &#8220;TI ACCOMPAGNO IO &#8211; ART. 40 BELLUNO&#8221;<\/h3>\n<\/blockquote>\n<p><strong>BELLUNO<\/strong> E&#8217; stato pubblicato il bando per la selezione di 756 operatori volontari da impiegare in progetti di servizio civile per l\u2019accompagnamento dei grandi invalidi e dei ciechi civili presentati dagli Enti iscritti all\u2019Albo di Servizio civile universale. L`Unione Italiana dei Ciechi di Belluno \u00e8 pronta ad accogliere\u00a0 2 volontari.\u00a0 La domanda di partecipazione deve essere presentata, entro il 30 luglio 2021 esclusivamente attraverso la piattaforma all\u2019indirizzo https:\/\/domandaonline.serviziocivile.it<\/p>\n<p>&nbsp;<\/p>\n<p>&nbsp;<\/p>\n<hr \/>\n<p>&nbsp;<\/p>\n<blockquote><p>&nbsp;<\/p>\n<blockquote>\n<h3>PROTEGGERE I PICCOLI ALLEVAMENTI AMATORIALI DAL LUPO.<\/h3>\n<\/blockquote>\n<p><strong>FELTRE\u00a0 <\/strong>Il Parco Nazionale Dolomiti Bellunesi ha organizzato un incontro informativo a Villa Patt di Sedico, gioved\u00ec 15 luglio, alle 20. L\u2019incontro fa parte delle attivit\u00e0 organizzate dal Parco nell\u2019ambito del progetto Life Wolfalps EU, finalizzato al miglioramento della convivenza tra uomo e lupo sulle Alpi ed \u00e8 realizzato in collaborazione con la Regione del Veneto e i Carabinieri Forestali.<\/p><\/blockquote>\n<p>&nbsp;<\/p>\n<hr \/>\n<p>&nbsp;<\/p>\n<p>&nbsp;<\/p>\n<blockquote>\n<h3>IL RITORNO DEL LAGO PHOTO FEST ALPAGO<\/h3>\n<\/blockquote>\n<p><strong><a href=\"https:\/\/www.radiopiu.net\/wordpress\/giornale-radiopiu-06-luglio-2021-direttore-mirko-mezzacasa\/copertina-fb\/\" rel=\"attachment wp-att-220040\"><img loading=\"lazy\" decoding=\"async\" class=\" wp-image-220040 alignleft\" src=\"https:\/\/www.radiopiu.net\/wordpress\/wp-content\/uploads\/2021\/07\/copertina-fb-300x169.jpg\" alt=\"\" width=\"144\" height=\"81\" srcset=\"https:\/\/www.radiopiu.net\/wordpress\/wp-content\/uploads\/2021\/07\/copertina-fb-300x169.jpg 300w, https:\/\/www.radiopiu.net\/wordpress\/wp-content\/uploads\/2021\/07\/copertina-fb-1024x577.jpg 1024w, https:\/\/www.radiopiu.net\/wordpress\/wp-content\/uploads\/2021\/07\/copertina-fb-768x433.jpg 768w, https:\/\/www.radiopiu.net\/wordpress\/wp-content\/uploads\/2021\/07\/copertina-fb-1536x865.jpg 1536w, https:\/\/www.radiopiu.net\/wordpress\/wp-content\/uploads\/2021\/07\/copertina-fb-2048x1154.jpg 2048w\" sizes=\"auto, (max-width: 144px) 100vw, 144px\" \/><\/a>ALPAGO\u00a0 <\/strong>Ai nastri di partenza la seconda edizione dell\u2019iniziativa Lago Photo Fest Alpago quest\u2019anno con il tema \u201cPaesaggi Universali\u201d, una suggestiva mostra immersa nella natura,\u00a0 sar\u00e0 visitabile sino a giugno 2022, verr\u00e0 inaugurata venerd\u00ec\u00a0 alle 18 sulla spiaggia di Farra d&#8217;Alpago (in caso di maltempo presso la palestra di Farra d\u2019Alpago), con esibizioni della A.S.D. Danza e Dintorni di Cortina d\u2019Ampezzo e il Pianista Fuori Posto \u2013 Paolo Zanarella.<\/p>\n<p>&nbsp;<\/p>\n<p>&nbsp;<\/p>\n<p>&nbsp;<\/p>\n<hr \/>\n<p>&nbsp;<\/p>\n<blockquote>\n<h3>IL GRUPPO ALPINI DI ALLEGHE COMPIE 90 ANNI, NOTE DI AUGURI CON LA FANFARA<\/h3>\n<\/blockquote>\n<p><a href=\"https:\/\/www.radiopiu.net\/wordpress\/il-gruppo-alpini-di-alleghe-compie-90-anni-note-di-auguri-con-la-fanfara\/fanfara-brigata-cadore_page-0001-1\/\" rel=\"attachment wp-att-219637\"><img loading=\"lazy\" decoding=\"async\" class=\" wp-image-219637 alignleft\" src=\"https:\/\/www.radiopiu.net\/wordpress\/wp-content\/uploads\/2021\/07\/FANFARA-BRIGATA-CADORE_page-0001-1-212x300.jpg\" alt=\"\" width=\"112\" height=\"158\" srcset=\"https:\/\/www.radiopiu.net\/wordpress\/wp-content\/uploads\/2021\/07\/FANFARA-BRIGATA-CADORE_page-0001-1-212x300.jpg 212w, https:\/\/www.radiopiu.net\/wordpress\/wp-content\/uploads\/2021\/07\/FANFARA-BRIGATA-CADORE_page-0001-1-724x1024.jpg 724w, https:\/\/www.radiopiu.net\/wordpress\/wp-content\/uploads\/2021\/07\/FANFARA-BRIGATA-CADORE_page-0001-1-768x1087.jpg 768w, https:\/\/www.radiopiu.net\/wordpress\/wp-content\/uploads\/2021\/07\/FANFARA-BRIGATA-CADORE_page-0001-1-1085x1536.jpg 1085w, https:\/\/www.radiopiu.net\/wordpress\/wp-content\/uploads\/2021\/07\/FANFARA-BRIGATA-CADORE_page-0001-1.jpg 1240w\" sizes=\"auto, (max-width: 112px) 100vw, 112px\" \/><\/a><strong>ALLEGHE<\/strong>\u00a0 Domenica 11 luglio alle 9 Raduno in piazza Kennedy e sfilata fino al monumento ai Caduti &#8211; Alzabandiera &#8211; Onore ai Caduti &#8211; Apposizione corona; Al termine, sfilata della Fanfara lungo Corso Italia fino alla partenza della cabinovia. Quindi la festa si sposta ai Piani di Pezz\u00e8, alle 11\u00a0 Raduno alla Chiesetta Alpina &#8211; Alzabandiera; \u00a0concerto della Fanfara davanti al Ristorante &#8220;La Grande Baita&#8221;; \u00a0Carosello della Fanfara; \u00a0Pranzo sotto il tendone.<\/p>\n<p><strong>203 AGORDINA &#8220;CHIUSA&#8221; PER 15 MINUTI, PASSA LA FANFARA<\/strong><\/p>\n<p>Domenica tra le 10 e le 11, per un periodo massimo di 15 minuti sospensione totale della circolazione per manifestazione alpina<\/p>\n<p>&nbsp;<\/p>\n<p>&nbsp;<\/p>\n<hr \/>\n<p>&nbsp;<\/p>\n<blockquote>\n<h3>IL CONCERTO OFFERTO DALLA FILARMONICA<\/h3>\n<\/blockquote>\n<p><strong><a href=\"https:\/\/www.radiopiu.net\/wordpress\/giornale-radiopiu-08-luglio-2021-direttore-mirko-mezzacasa\/filarmonica-x-carta-intestata\/\" rel=\"attachment wp-att-220534\"><img loading=\"lazy\" decoding=\"async\" class=\"size-medium wp-image-220534 alignleft\" src=\"https:\/\/www.radiopiu.net\/wordpress\/wp-content\/uploads\/2021\/07\/c388dd65-f33a-4b5b-a8a3-27f451ea4110-300x44.jpg\" sizes=\"auto, (max-width: 300px) 100vw, 300px\" srcset=\"https:\/\/www.radiopiu.net\/wordpress\/wp-content\/uploads\/2021\/07\/c388dd65-f33a-4b5b-a8a3-27f451ea4110-300x44.jpg 300w, https:\/\/www.radiopiu.net\/wordpress\/wp-content\/uploads\/2021\/07\/c388dd65-f33a-4b5b-a8a3-27f451ea4110.jpg 700w\" alt=\"\" width=\"300\" height=\"44\" \/><\/a>BELLUNO<\/strong>\u00a0La Filarmonica 1867 il 18 luglio nel Parco della Parrocchia di Cavarzano si esibir\u00e0 in un vasto repertorio che spazia dalla musica classica a brani originali per orchestra di fiati, dalle colonne sonore del grande cinema alla musica tradizionale. La seconda parte dello spettacolo sar\u00e0 dedicata a celebrare il 150\u00b0 anniversario dell\u2019Aida di Giuseppe Verdi. Dirigono i maestri Andrea Gasperin e Sandro De Marchi.\u00a0\u00a0<strong>Come partecipare?<\/strong>\u00a0\u00e8 obbligatorio il posto pre-assegnato anche per gli eventi all\u2019aperto. Per poter partecipare all\u2019evento \u00e8 quindi necessario prenotare il proprio posto tramite la piattaforma\u00a0<a href=\"https:\/\/bandabelluno.us15.list-manage.com\/track\/click?u=894cd617e4f50012757ef7e42&amp;id=082b65385a&amp;e=40f9faa4f0\">Eventbrite<\/a>. Per accedere clicca\u00a0<a href=\"https:\/\/bandabelluno.us15.list-manage.com\/track\/click?u=894cd617e4f50012757ef7e42&amp;id=cab85ca90a&amp;e=40f9faa4f0\">qui<\/a>.\u00a0 Altri appuntamenti:\u00a0<em>Concerto di gala offerto ai residenti e ai turisti dell\u2019Alpe del Nevegal il\u00a0<\/em>24 luglio ore 21 \u2013 Pertinenze esterne del Santuario; nei giorni 10 e 11 luglio masterclass di tromba tenuta dal docente Mirko Bellucco.<\/p>\n<p>&nbsp;<\/p>\n<hr \/>\n<p>&nbsp;<\/p>\n<blockquote>\n<div class=\"bi6gxh9e aov4n071\">\n<h2 class=\"gmql0nx0 l94mrbxd p1ri9a11 lzcic4wl d2edcug0 hpfvmrgz\" dir=\"auto\"><span class=\"d2edcug0 hpfvmrgz qv66sw1b c1et5uql lr9zc1uh a8c37x1j keod5gw0 nxhoafnm aigsh9s9 d3f4x2em fe6kdd0r mau55g9w c8b282yb iv3no6db jq4qci2q a3bd9o3v hnhda86s jdix4yx3 hzawbc8m\" dir=\"auto\">MERCOLED\u00cc 14 LUGLIO 2021 ALLE ORE <\/span>Cinema sotto le stelle Il Re Leone &#8211; Live action<\/h2>\n<\/div>\n<\/blockquote>\n<p><strong>SEDICO<\/strong> Ritornano gli appuntamenti al cinema con la Proloco di Sedico.\u00a0 Cinque serate\u00a0 anche con la possibilit\u00e0 di\u00a0 cenare presso lo stand in Villa aperto dalle\u00a0 19 e per ogni serata\u00a0 un men\u00f9 diverso<\/p>\n<a href=\"https:\/\/www.radiopiu.net\/wordpress\/wp-content\/uploads\/2021\/07\/Cinema-sotto-le-stelle-manif.pdf\" class=\"pdfemb-viewer\" style=\"\" data-width=\"max\" data-height=\"max\" data-toolbar=\"top\" data-toolbar-fixed=\"on\">Cinema sotto le stelle manif<\/a>\n<p>&nbsp;<\/p>\n<p>&nbsp;<\/p>\n<hr \/>\n<p>&nbsp;<\/p>\n<blockquote>\n<h3>RITORNA LA RASSEGNA MUSICALE &#8220;MUSICA NELL&#8217;AGORDINO&#8221;<\/h3>\n<\/blockquote>\n<p><strong><a href=\"https:\/\/www.radiopiu.net\/wordpress\/giornale-radiopiu-04-luglio-2021-direttore-mirko-mezzacasa\/img_0263\/\" rel=\"attachment wp-att-219710\"><img loading=\"lazy\" decoding=\"async\" class=\" wp-image-219710 alignleft\" src=\"https:\/\/www.radiopiu.net\/wordpress\/wp-content\/uploads\/2021\/07\/IMG_0263-300x225.jpg\" alt=\"\" width=\"212\" height=\"159\" srcset=\"https:\/\/www.radiopiu.net\/wordpress\/wp-content\/uploads\/2021\/07\/IMG_0263-300x225.jpg 300w, https:\/\/www.radiopiu.net\/wordpress\/wp-content\/uploads\/2021\/07\/IMG_0263-1024x768.jpg 1024w, https:\/\/www.radiopiu.net\/wordpress\/wp-content\/uploads\/2021\/07\/IMG_0263-768x576.jpg 768w, https:\/\/www.radiopiu.net\/wordpress\/wp-content\/uploads\/2021\/07\/IMG_0263-1536x1152.jpg 1536w, https:\/\/www.radiopiu.net\/wordpress\/wp-content\/uploads\/2021\/07\/IMG_0263-2048x1536.jpg 2048w\" sizes=\"auto, (max-width: 212px) 100vw, 212px\" \/><\/a>AGORDO<\/strong>\u00a0Dopo un\u2019anteprima on-line dal Durando, uno dei pi\u00f9 bei scorci di Agordo, che sar\u00e0 tramessa da RadioPi\u00f9 il 18 luglio alle 11 e disponibile sui social durante il mese di luglio, con ospiti Sandro Del Duca (flauti e voce) e Nelso Salton (contrabbasso e voce), la rassegna inizier\u00e0 il 31 luglio alle 20.30 a La Valle con il concerto \u201c<em>al<\/em>\u00a0<em>ka\u015b\u00e8lo<\/em>\u201d, cio\u00e8 nel vecchio caseificio ora trasformato nella nuova e accogliente Sala Valmassoni.<\/p>\n<p><strong>\u00a0DI GIANNI SANTOMASO<\/strong><\/p>\n<audio class=\"wp-audio-shortcode\" id=\"audio-220531-12\" preload=\"none\" style=\"width: 100%;\" controls=\"controls\"><source type=\"audio\/mpeg\" src=\"https:\/\/www.radiopiu.net\/wordpress\/wp-content\/uploads\/2021\/07\/GIANNI-MUSICA-AGORDINO.mp3?_=12\" \/><a href=\"https:\/\/www.radiopiu.net\/wordpress\/wp-content\/uploads\/2021\/07\/GIANNI-MUSICA-AGORDINO.mp3\">https:\/\/www.radiopiu.net\/wordpress\/wp-content\/uploads\/2021\/07\/GIANNI-MUSICA-AGORDINO.mp3<\/a><\/audio>\n<p>&nbsp;<\/p>\n<hr \/>\n<p>&nbsp;<\/p>\n<blockquote>\n<h3>QUALE FUTURO PER LA MONTAGNA BELLUNESE?<\/h3>\n<\/blockquote>\n<p><strong><a href=\"https:\/\/www.radiopiu.net\/wordpress\/giornale-radiopiu-07-luglio-2021-direttore-mirko-mezzacasa\/immagine-12-1-510x345\/\" rel=\"attachment wp-att-220192\"><img loading=\"lazy\" decoding=\"async\" class=\" wp-image-220192 alignleft\" src=\"https:\/\/www.radiopiu.net\/wordpress\/wp-content\/uploads\/2021\/07\/Immagine-12-1-510x345-1-300x203.png\" alt=\"\" width=\"96\" height=\"65\" srcset=\"https:\/\/www.radiopiu.net\/wordpress\/wp-content\/uploads\/2021\/07\/Immagine-12-1-510x345-1-300x203.png 300w, https:\/\/www.radiopiu.net\/wordpress\/wp-content\/uploads\/2021\/07\/Immagine-12-1-510x345-1.png 510w\" sizes=\"auto, (max-width: 96px) 100vw, 96px\" \/><\/a>BELLUNO\u00a0 <\/strong>Nell\u2019ambito del progetto \u201cLa Montagna Viva: dalla tempesta Vaia a nuove opportunit\u00e0 di sviluppo sostenibile in Dolomiti\u201d, la Fondazione G. Angelini ha organizzato tre laboratori partecipativ. Le date: 16 luglio Mel, Piazza Papa Luciani\u00a0 22 luglio Pieve di Cadore, Piazza Tiziano e 23 luglio\u00a0 Agordo, Piazzale Marconi. I laboratori saranno degli spazi aperti di incontro e confronto senza orari prestabiliti; i tavoli di discussione rimarranno infatti aperti dalle 11.30 alle 19:30. I temi di confronto si incentreranno sulla gestione del territorio, sul turismo, su servizi ed infrastrutture e sulle opportunit\u00e0 di sviluppo della montagna.<\/p>\n<p>\u200b<\/p>\n<hr \/>\n<p>&nbsp;<\/p>\n<blockquote>\n<h2>&#8220;IL MILITE IGNOTO&#8221; IL 18 LUGLIO A BOSCHI DI CARTA<\/h2>\n<\/blockquote>\n<p><strong>BELLUNO<\/strong> Paola Zambelli autrice, nativa e residente a Belluno, laureata in Scienze della Formazione, recentemente a Ravenna premiata al concorso &#8220;letteratura per ragazzi&#8221;,\u00a0 il 18 luglio, in occasione della manifestazione \u201cBoschi di Carta\u201d a Pieve di Cadore, presenter\u00e0 il romanzo \u201cIl treno dell\u2019Ignoto. Il viaggio del Milite Ignoto\u201d, tratto proprio dal racconto vincitore del XIV Premio \u201cRighini Ricci\u201d di Conselice (RA).<\/p>\n<p>&nbsp;<\/p>\n<blockquote><p>&nbsp;<\/p><\/blockquote>\n<hr \/>\n<blockquote>\n<h3><\/h3>\n<h3>\u201cSOTTO UN CIELO DI STOFFA\u201d IL 10 LUGLIO A VILLA ALPAGO NOVELLO<\/h3>\n<\/blockquote>\n<p><strong><a href=\"https:\/\/www.radiopiu.net\/wordpress\/giornale-radiopiu-02-luglio-2021-direttore-mirko-mezzacasa\/corsi-alfabetizzazione-isp-afghanistan\/\" rel=\"attachment wp-att-219360\"><img loading=\"lazy\" decoding=\"async\" class=\" wp-image-219360 alignleft\" src=\"https:\/\/www.radiopiu.net\/wordpress\/wp-content\/uploads\/2021\/07\/corsi-alfabetizzazione-ISP-afghanistan-223x300.jpg\" alt=\"\" width=\"96\" height=\"129\" srcset=\"https:\/\/www.radiopiu.net\/wordpress\/wp-content\/uploads\/2021\/07\/corsi-alfabetizzazione-ISP-afghanistan-223x300.jpg 223w, https:\/\/www.radiopiu.net\/wordpress\/wp-content\/uploads\/2021\/07\/corsi-alfabetizzazione-ISP-afghanistan.jpg 657w\" sizes=\"auto, (max-width: 96px) 100vw, 96px\" \/><\/a>BELLUNO<\/strong> Sabato 10 luglio alle\u00a0 20.45 a Villa Alpago Novello (Frontin di Trichiana), si svolger\u00e0 il reading scenico \u201cSotto un cielo di stoffa\u201d, un\u2019emozionante serata tra parole e musica per raccontare storie di donne afghane e della loro quotidiana lotta per l\u2019emancipazione e la dignit\u00e0. Le storie, tratte dall\u2019omonimo libro di Cristina Cella arricchito dalle immagini di Carla Dazzi, saranno portate in scena dalle attrici Caterina Comingio, Marisa Del Ben e Alessandra Menis.\u00a0 Maggiori informazioni sul sito www.365giorni.org e sui canali sociali dell\u2019Associazione Insieme si pu\u00f2.<\/p>\n<p>&nbsp;<\/p>\n<p>&nbsp;<\/p>\n<hr \/>\n<div class=\"mkdf-post-text\">\n<div class=\"mkdf-post-text-inner\">\n<div class=\"mkdf-post-text-main\">\n<p>&nbsp;<\/p>\n<h3><\/h3>\n<h3>Dalla Biblioteca di Cesiomaggiore<\/h3>\n<p><strong>CESIOMAGGIORE<\/strong> Il volume &#8220;I miracoli della Val Canzoi&#8221;,\u00a0 omaggio autentico e affettuoso di Giovanni Trimeri e GianAntonio Cecchin a Dino Buzzati,\u00a0 nel cinquantesimo anniversario dalla pubblicazione de I miracoli di Val Morel, sar\u00e0 presentato alla stampa venerdi 16 luglio in sala riunioni Biblioteca comunale di Cesiomaggiore (Via Roma), con l&#8217;occasione sar\u00e0 presentata altres\u00ec la mostra.<\/p>\n<\/div>\n<\/div>\n<\/div>\n<p>&nbsp;<\/p>\n<p>&nbsp;<\/p>\n<hr \/>\n<p>&nbsp;<\/p>\n<h2 style=\"text-align: left;\"><span style=\"color: #ff0000;\">MUSLA, CON LA NUOVA GENERAZIONE LINGUE, USI, COSTUMI , raccolta completa\u00a0<\/span><\/h2>\n<p style=\"text-align: left;\"><strong>10 PUNTATE ALLA RADIO, DA LUNEDI 28 GIUGNO ALLE 14.\u00a0<\/strong><\/p>\n<p>&nbsp;<\/p>\n<blockquote class=\"wp-embedded-content\" data-secret=\"m5z5yIMtZx\"><p><a href=\"https:\/\/www.radiopiu.net\/wordpress\/agora-agordina-la-nosta-piaza\/\">AGORA&#8217; AGORDINA&#8230; LA NOSTA PIAZA LADINA RACCOLTA COMPLETA PRIMA STAGIONE<\/a><\/p><\/blockquote>\n<p><iframe loading=\"lazy\" class=\"wp-embedded-content\" sandbox=\"allow-scripts\" security=\"restricted\" style=\"position: absolute; clip: rect(1px, 1px, 1px, 1px);\" title=\"&#8220;AGORA&#8217; AGORDINA&#8230; LA NOSTA PIAZA LADINA RACCOLTA COMPLETA PRIMA STAGIONE&#8221; &#8212; Radio Pi\u00f9\" src=\"https:\/\/www.radiopiu.net\/wordpress\/agora-agordina-la-nosta-piaza\/embed\/#?secret=m5z5yIMtZx\" data-secret=\"m5z5yIMtZx\" width=\"600\" height=\"338\" frameborder=\"0\" marginwidth=\"0\" marginheight=\"0\" scrolling=\"no\"><\/iframe><\/p>\n<p>&nbsp;<\/p>\n<p>&nbsp;<\/p>\n<p>&nbsp;<\/p>\n<hr \/>\n<p>&nbsp;<\/p>\n<blockquote>\n<h3>POMERIGGIO CULTURALE CON LA BIBLIOTECA DI AGORDO<\/h3>\n<\/blockquote>\n<p><strong>AGORDO<\/strong> il Circolo Culturale Agordino, Biblioteca Civica di Agordo organizza un pomeriggio culturale-incontro con l&#8217;autore.\u00a0 Oggi alle 17.30 nella sala &#8220;Don Tamis&#8221; ad Agordo verr\u00e0 presentato il libro di Maria Pia Fassari Cappelletti &#8220;Cristalli d&#8217;amore, poesie&#8221;. L&#8217;incontro sar\u00e0 allietato dalla lettura di alcune poesia da parte di Brunella Moro introdotte dal violino di Ivan Zasso.<\/p>\n<p>&nbsp;<\/p>\n<p>&nbsp;<\/p>\n<p>&nbsp;<\/p>\n<hr \/>\n<p>&nbsp;<\/p>\n<blockquote>\n<h3>LUNEDI&#8217; SERA CONVOCATO IL CONSIGLIO DELL&#8217;UNIONE MONTANA AGORDINA<\/h3>\n<\/blockquote>\n<p><strong>\u00a0<\/strong><strong>AGORDO<\/strong> Ritorna in presenza il consiglio dell&#8217;Unione Montana Agordina che si ritrova in sala Don Tamis luned\u00ec alle 20:30. Il presidente Michele Costa ha convocato i consiglieri per trattare 4 punti all&#8217;ordine del giorno. Si parler\u00e0 dell&#8217;estensione a nuovi enti della partecipazione alla societ\u00e0 Valpe Ambiente, una variazione al bilancio e il miglioramento della rete stradale di raccordo della viabilit\u00e0 locale al reticolo principale interregionale.<\/p>\n<p>&nbsp;<\/p>\n<p>&nbsp;<\/p>\n<hr \/>\n<p>&nbsp;<\/p>\n<blockquote>\n<h3>IL CAI AGORDO ORGANIZZA L&#8217;ESCURSIONE A EIDECHSSPITZE E RIF. LAGO DI PAUSA gi\u00e0 tutto esaurito<\/h3>\n<\/blockquote>\n<p><strong><a href=\"https:\/\/www.radiopiu.net\/wordpress\/giornale-radiopiu-07-aprile\/cai-agordo-2\/\" rel=\"attachment wp-att-127841\"><img loading=\"lazy\" decoding=\"async\" class=\" wp-image-127841 alignleft\" src=\"https:\/\/www.radiopiu.net\/wordpress\/wp-content\/uploads\/2020\/04\/cai-agordo.jpg\" alt=\"\" width=\"127\" height=\"73\" \/><\/a>AGORDO<\/strong> Domani<span style=\"color: #000000;\"> e domenica alla Eidechsspitze ed al Rifugio Lago di Pausa. Proprio per motivi logistici legati al numero di posti disponibili in rifugio, <u>le iscrizioni sono gi\u00e0 chiuse<\/u> da tempo ma \u00e8 doveroso informare i soci dell&#8217;attivit\u00e0 che la Sezione svolge in questo scorcio di calda estate. La meta \u00e8 la Val Pusteria, ed in particolare il Gruppo di Monte Gruppo con le sue innumerevoli cime ed i suoi laghetti di origine glaciale, tra cui il pi\u00f9 grande \u00e8 quello di Pausa, ove sorge anche l&#8217;omonimo rifugio. <\/span>Escursione\u00a0classificata EE con tratti di EEA<strong>.<\/strong><\/p>\n<p>&nbsp;<\/p>\n<p>&nbsp;<\/p>\n<p>&nbsp;<\/p>\n<hr \/>\n<p>&nbsp;<\/p>\n<h3><strong><a href=\"https:\/\/www.radiopiu.net\/wordpress\/al-via-le-prenotazioni-per-il-concerto-la-mia-terra-con-roby-facchinetti\/6d2f3eca-51eb-475d-a53d-f8cc7852afd5\/\" rel=\"attachment wp-att-216089\"><img loading=\"lazy\" decoding=\"async\" class=\" wp-image-216089 alignleft\" src=\"https:\/\/www.radiopiu.net\/wordpress\/wp-content\/uploads\/2021\/06\/6d2f3eca-51eb-475d-a53d-f8cc7852afd5-300x300.jpg\" alt=\"\" width=\"114\" height=\"114\" srcset=\"https:\/\/www.radiopiu.net\/wordpress\/wp-content\/uploads\/2021\/06\/6d2f3eca-51eb-475d-a53d-f8cc7852afd5-300x300.jpg 300w, https:\/\/www.radiopiu.net\/wordpress\/wp-content\/uploads\/2021\/06\/6d2f3eca-51eb-475d-a53d-f8cc7852afd5-150x150.jpg 150w, https:\/\/www.radiopiu.net\/wordpress\/wp-content\/uploads\/2021\/06\/6d2f3eca-51eb-475d-a53d-f8cc7852afd5-768x768.jpg 768w, https:\/\/www.radiopiu.net\/wordpress\/wp-content\/uploads\/2021\/06\/6d2f3eca-51eb-475d-a53d-f8cc7852afd5.jpg 1024w\" sizes=\"auto, (max-width: 114px) 100vw, 114px\" \/><\/a><\/strong><em>Regione Veneto, Provincia di Belluno, Comune di Falcade, Pro Loco Falcade Caviola, PromoFalcade Dolomiti e Ski Area San Pellegrino.<\/em><\/h3>\n<p><strong>FALCADE <\/strong>\u00a0Diretti dal Maestro Diego Basso un centinaio di artisti tra musicisti e coristi dell\u2019Orchestra Ritmico Sinfonica Italiana e Le Voci di Art Voice Academy.\u00a0 L\u2019accesso all\u2019area del concerto e\u0300 raggiungibile solo su prenotazione, tramite il sito: <a href=\"https:\/\/www.falcadedolomiti.it\/falcade-e-il-concerto-la-mia-terra\/\">https:\/\/www.falcadedolomiti.it\/falcade-e-il-concerto-la-mia-terra\/\u00a0<\/a><\/p>\n<p>&nbsp;<\/p>\n<p>&nbsp;<\/p>\n<p>&nbsp;<\/p>\n<hr \/>\n<p>&nbsp;<\/p>\n<blockquote>\n<h3>&#8220;MUSICA DA CORTILE&#8221; A PAIANE DI PONTE NELLE ALPI<\/h3>\n<\/blockquote>\n<p><strong>PONTE NELLE ALPI <\/strong>\u00a0Quattro appuntamenti all\u2019insegna della musica, il primo \u00a0oggi con un live acustico in duo della band Italo-irlandese Strawman &amp; The Jackdaws. Ingresso gratuito\u00a0 dalle 21 nel cortile della Scuola di Musica di Paiane di Ponte nelle Alpi in Via Soccher, 19.<\/p>\n<p>&nbsp;<\/p>\n<p>&nbsp;<\/p>\n<hr \/>\n<blockquote>\n<h3><\/h3>\n<h3>NONNI E NIPOTI AL MUSAL. IL 10 LUGLIO LA GIORNATA MONDIALE DEI NONNI E DEGLI ANZIANI<\/h3>\n<\/blockquote>\n<p><strong>CANALE D&#8217;AGORDO I<\/strong><span class=\"s1\">l Musal ha deciso di invitare Mattia Mascher, esperto di educazione ambientale, cooperativa e di comunicazione sociale, per presentare il suo libro Guida galattica per nonne e nonni del terzo millennio.\u00a0 L&#8217;incontro si terr\u00e0 domani, alle ore 17.30, presso la Sala Lina Zand\u00f2 del Museo albino Luciani\u00a0<\/span><\/p>\n<p>&nbsp;<\/p>\n<hr \/>\n<p>&nbsp;<\/p>\n<blockquote>\n<h3>VALERIA LUSZTIG IN DIRETTA STREAMING CON DOLOMITI HUB<\/h3>\n<\/blockquote>\n<p><strong>FONZASO<\/strong> Proseguono gli eventi a Dolomiti Hub sia online che in presenza, e dopo l\u2019incontro di \u201cFamiglie in rete\u201d si continua con il tema della solidariet\u00e0.\u00a0 Sui canali Facebook e Youtube di Dolomiti Hub oggi alle 21 sar\u00e0 presente Valeria Lusztig, alpinista di 46 anni affetta da fibrosi cistica, che racconter\u00e0 la sua esperienza di rinascita dopo il trapianto di polmoni avvenuto nel 2017.<\/p>\n<p>&nbsp;<\/p>\n<p>&nbsp;<\/p>\n<hr \/>\n<p>&nbsp;<\/p>\n<blockquote>\n<h3>DOMENICA A PALAZZO FULCIS CON ENRICO ZANISI<\/h3>\n<\/blockquote>\n<p><strong>BELLUNO <\/strong>Continua la rassegna Luglio Jazz! a Belluno, con l&#8217;acclamato e pluripremiato pianista Enrico Zanisi, ospite del Circolo Culturale Bellunese, domenica 11 luglio, alle\u00a018:00, Corte di Palazzo Fulcis, o, in caso di maltempo, al Teatro Comunale, situato a pochi passi di distanza. Prenotazione richiesta, presso Agenzia Alpe Bellunese: tel. 0437 940407, e-mail: info@alpebellunese.it. Si ricorda l&#8217;utilizzo della mascherina. Informazioni, programma completo di Luglio Jazz e note di sala sono sempre consultabili su: www.belcircolo.org.<\/p>\n<p>&nbsp;<\/p>\n<hr \/>\n<p>&nbsp;<\/p>\n<blockquote>\n<h3>LE DOMENICHE AL MUSEO ETNOGRAFICO DI CESIOMAGGIORE<\/h3>\n<\/blockquote>\n<p><strong>BELLUNO<\/strong> Il Museo Etnografico di Serravella a Cesiomaggiore organizza per le domeniche di luglio degli incontri nel giardino dal titolo &#8220;Natura, cultura, salute, benessere&#8221;. Quattro domeniche a tema su prenotazione al 3519927115.<\/p>\n<p>GLI APPUNTAMENTI<\/p>\n<a href=\"https:\/\/www.radiopiu.net\/wordpress\/wp-content\/uploads\/2021\/07\/BENESSERE-AL-MUSEO-21.pdf\" class=\"pdfemb-viewer\" style=\"\" data-width=\"max\" data-height=\"max\" data-toolbar=\"top\" data-toolbar-fixed=\"on\">BENESSERE AL MUSEO \u201921<\/a>\n<p>&nbsp;<\/p>\n<hr \/>\n<p>&nbsp;<\/p>\n<blockquote>\n<h3>EUROPEI SUL MAXISCHERMO IN RIVA AL PIAVE<\/h3>\n<\/blockquote>\n<p><strong>BELLUNO<\/strong> Domenica sera si potr\u00e0 seguire la\u00a0 la finale dell&#8217;Europeo di calcio su maxi schermo, o meglio lo potranno fare solo in 200 vista l&#8217;emergenza sanitaria,\u00a0 \u00e8 quindi obbligatorio prenotarsi telefonicamente allo 0437\/943164 entro sabato dalle 18.00 alle 20.30.<\/p>\n<p>&nbsp;<\/p>\n<p>&nbsp;<\/p>\n<hr \/>\n<p>&nbsp;<\/p>\n<blockquote>\n<h3>A DOMANDA&#8230; LA RISPOSTA DAL POLIAMBULATORIO AGORDINO<\/h3>\n<\/blockquote>\n<p><strong>PUNTATA 04 07 LUGLIO 2021 con il dottor Cesare Dal Bo<\/strong><\/p>\n<audio class=\"wp-audio-shortcode\" id=\"audio-220531-13\" preload=\"none\" style=\"width: 100%;\" controls=\"controls\"><source type=\"audio\/mpeg\" src=\"https:\/\/www.radiopiu.net\/wordpress\/wp-content\/uploads\/2021\/07\/DALBORISPOSTA.mp3?_=13\" \/><a href=\"https:\/\/www.radiopiu.net\/wordpress\/wp-content\/uploads\/2021\/07\/DALBORISPOSTA.mp3\">https:\/\/www.radiopiu.net\/wordpress\/wp-content\/uploads\/2021\/07\/DALBORISPOSTA.mp3<\/a><\/audio>\n<blockquote class=\"wp-embedded-content\" data-secret=\"htsikj4PPp\"><p><a href=\"https:\/\/www.radiopiu.net\/wordpress\/i-professionisti-del-poliambulatorio-agordino-rispondono\/\">I PROFESSIONISTI DEL POLIAMBULATORIO AGORDINO RISPONDONO<\/a><\/p><\/blockquote>\n<p><iframe loading=\"lazy\" class=\"wp-embedded-content\" sandbox=\"allow-scripts\" security=\"restricted\" style=\"position: absolute; clip: rect(1px, 1px, 1px, 1px);\" title=\"&#8220;I PROFESSIONISTI DEL POLIAMBULATORIO AGORDINO RISPONDONO&#8221; &#8212; Radio Pi\u00f9\" src=\"https:\/\/www.radiopiu.net\/wordpress\/i-professionisti-del-poliambulatorio-agordino-rispondono\/embed\/#?secret=htsikj4PPp\" data-secret=\"htsikj4PPp\" width=\"600\" height=\"338\" frameborder=\"0\" marginwidth=\"0\" marginheight=\"0\" scrolling=\"no\"><\/iframe><\/p>\n<p>&nbsp;<\/p>\n<p>&nbsp;<\/p>\n<hr \/>\n<p>&nbsp;<\/p>\n<p>&nbsp;<\/p>\n<p>&nbsp;<\/p>\n<blockquote>\n<h3>\u201cDA CESIOMAGGIORE AI MONTI DEL SOLE\u201d QUINTO ITINERARIO TRA VILLE BELLUNESI<\/h3>\n<\/blockquote>\n<blockquote>\n<h3>di RENATO BONA<\/h3>\n<\/blockquote>\n<p>Siamo all\u2019itinerario numero 5 dei dieci pregevolmente illustrati nel libro edito nel 1997 dalla milanese Charta \u201cLe ville nel paesaggio prealpino della Provincia di Belluno\u201d a cura di Paolo Conte con testi di Simonetta Chiovaro, proposto dall\u2019Amministrazione provinciale all\u2019epoca presieduta da Oscar De Bona con responsabile del referato ai Beni culturali la prof. Nicoletta Comar (entrambi ne curarono la presentazione) e foto del bellunese Mauro De Santi (oltre che di: Stefano Renier, Venezia; Cristiano Velo e Lucio Dalla Giustina di Feltre, Luciano Solero di Sappada, Ministero della difesa). E\u2019 quello che si snoda da Cesiomaggiore ai Monti del Sole e contempla soste a Pez per villa Tauro; Tuss\u00f9i per villa Zugni e villa Bellati, Cesiomaggiore per villa Cor\u00e0 e villa Muffoni, Serravella per villa Avogadro degli Azzoni, Marsiai per villa Da Corte, Mar\u00e0s di Sospirolo per villa Sandi- Zasso, per \u201cun affascinante percorso panoramico seguendo la parte orientale della \u2018Pedemontana\u2019 e giungendo fino alle pendici dei Monti del Sole che coronano il territorio del comune di Sospirolo, da sempre meta di villeggiatura\u201d. L\u2019autrice ricorda che nel comune di Cesiomaggiore, che si estende su una superficie di appena 82 chilometri quadrati, ma con un paesaggio prima pianeggiante, poi collinare ed infine montano: dai 270 metri di altitudine di Busche, sulla riva destra del Piave, ai circa 500 metri del capoluogo, fino alla cima del \u2018Sass de Mura\u2019 (2550) in fondo alla valle di Canz\u00f2i \u201csono localizzate ben diciotto ville\u201d. Bellissima anche la posizione di Sospirolo, proprio allo sbocco della stretta valle del Mis in quella del Cordevole. Nella zona sorsero numerose ville fatte costruire da diplomatici, industriali, nobili, intellettuali (ai primi del novecento a Susin il musicista Ermanno Wolf Ferrari compose \u2018I quattro Rusteghi\u2019), che apprezzavano il luogo proprio per l\u2019ambiente cos\u00ec aspro e selvaggio ma anche maestoso: fra le altre vanno ricordate villa Buzzatti a Gron, villa Agosti a Belvedere di Gron, villa Agosti a San Zen\u00f2n. La pi\u00f9 maestosa rimane villa Sandi a Mar\u00e0s di Sospirolo \u201cdella quale si propone la visita sia all\u2019edificio che al grande giardino\u201d. VILLA TAURO, XVII secolo: \u201cpresenta una fronte urbana ed una rurale, con le due facciate che sono peraltro quasi identiche, collegate dal motivo del timpano passante con copertura lignea sovrapposta e sporgente. Una lunga ala pi\u00f9 bassa, disposta quasi ad angolo retto accanto alla costruzione padronale delimita un ampio cortile interno, aperto, cintato sui rimanenti lati da un alto muro di sassi. La bassa ala rustica \u00e8 in parte costituita da un porticato di 5 arcate sorrette da colonnine e capitelli in pietra di pregiata fattura. L\u2019itinerario prosegue con un\u2019importante deviazione dalla comunale per la localit\u00e0 Tuss\u00f9i dove in ambiente arricchito da un paesaggio incontaminato troviamo la secentesca villa Zugni e, poco sopra la Bellati \u201cprezioso esempio di dimora padronale del Cinquecento\u201d. VILLA ZUGNI, XVII secolo: particolarmente importante dal punto di vista ambientale perch\u00e9 \u201cmagnificamente inserita nella campagna sullo sfondo imponente delle montagne. La facciata dell\u2019edificio, piuttosto semplice, \u00e8 caratterizzata dalle due trifore sovrapposte; quella del primo piano ha piccoli balconi singoli poco sporgenti, quella del secondo \u00e8 legata da un poggiolo molto sporgente. Dietro la villa sorge la chiesa dedicata a san Bartolomeo, in unico vano ottagonale. VILLA BELLATI: La sua importanza \u00e8 legata alla grande ricchezza di decorazioni ad affreschi conservatesi negli interni e recentemente riportati in luce grazie ad un accurato restauro. Nel salone del primo piano \u00e8 stato ritrovato un ciclo di soggetto romano molto affine per contenuti e stile a quello di villa Tonello ad Arten. Ai piedi dell\u2019abitato di Cesiomaggiore, imboccando la strada che sale sulla destra si entra nell\u2019antico borgo dove, sulla sinistra, di fronte alla chiesa del paese \u00e8 stata edificata VILLA COR\u00c0, XVII secolo: il piccolo edificio si segnala per \u201cl\u2019estrema cura nella definizione delle proporzioni e dei particolari architettonici. Il motivo centrale \u00e8 modulato in modo da amplificarsi dal basso verso l\u2019alto: dal portone d\u2019ingresso, molto sobrio, si passa alla finestra con poggiolo del primo piano prorompendo poi nella trifora del piano superiore sormontata dal timpano e fiancheggiata dai due grandi camini alla veneziana\u201d. Dopo la chiesa, salendo per 200 metri, si estende la grande VILLA MUFFONI, XVIII secolo: costruita trasformando strutture preesistenti tra le quali l\u2019antica torre medievale, venne parzialmente distrutta da un incendio del 1945; ricostruita e ristrutturata mostra l\u2019eterogeneit\u00e0 delle varie epoche d\u2019intervento. Poche centinaia di metri pi\u00f9 in la, verso Santa Giustina ecco a Serravella di Cesiomaggiore l\u2019ampio complesso di edifici antichi gi\u00e0 residenza di campagna dei conti AVOGADRO DEGLI AZZONI ora propriet\u00e0 della Comunit\u00e0 montana Feltrina e sede del Museo etnografico della Provincia di Belluno. Ci spostiamo a Marsiai per ammirare, su una piccola collina, VILLA DA CORTE, recentemente restaurata: \u201ccostituisce un altro importante esempio di edificio tardo-quattrocentesco che ingloba al suo interno, perfettamente conservata, l\u2019antica torre medievale\u201d. Dopo una visita al borgo di Fumach di San Gregorio nelle Alpi, il libro-guida consiglia di puntare verso San Zenon di Sospirolo dove \u00e8 possibile godere la vista della maestosa VILLA SANDI-ZASSO, XVIII secolo: \u201cesempio importante di villa settecentesca, probabilmente opera dell\u2019architetto veneziano Domenico Rossi. Nell\u2019intero panorama della provincia di Belluno questa villa \u201c\u00e8 quella che meglio esprime il desiderio di grandiosit\u00e0 che la nobile famiglia a cui apparteneva voleva raggiungere e manifestare grazie alla scelta, innanzitutto di un sito molto particolare: l\u2019edificio \u00e8 infatti costruito in posizione alta e dominante sulla vallata ed isolato dai centri abitati con fondale naturale che la valorizza, costituito dalla cima del monte Pizzocco.<\/p>\n\n\t\t\t<style type='text\/css'>\n\t\t\t\t#gallery-10 {\n\t\t\t\t\tmargin: auto;\n\t\t\t\t}\n\t\t\t\t#gallery-10 .gallery-item {\n\t\t\t\t\tfloat: left;\n\t\t\t\t\tmargin-top: 10px;\n\t\t\t\t\ttext-align: center;\n\t\t\t\t\twidth: 14%;\n\t\t\t\t}\n\t\t\t\t#gallery-10 img {\n\t\t\t\t\tborder: 2px solid #cfcfcf;\n\t\t\t\t}\n\t\t\t\t#gallery-10 .gallery-caption {\n\t\t\t\t\tmargin-left: 0;\n\t\t\t\t}\n\t\t\t\t\/* see gallery_shortcode() in wp-includes\/media.php *\/\n\t\t\t<\/style>\n\t\t<div id='gallery-10' class='dt-gallery-container gallery galleryid-220531 gallery-columns-7 gallery-size-thumbnail'><dl class='gallery-item'>\n\t\t\t\t<dt class='gallery-icon landscape'>\n\t\t\t\t\t<a class=\"rollover rollover-zoom dt-pswp-item\" title=\"211337907_980481672788812_5169255255555933019_n\" data-dt-img-description=\"\" data-large_image_width=\"296\" data-large_image_height=\"199\"href='https:\/\/www.radiopiu.net\/wordpress\/wp-content\/uploads\/2021\/07\/211337907_980481672788812_5169255255555933019_n.jpg'><img loading=\"lazy\" decoding=\"async\" width=\"150\" height=\"150\" src=\"https:\/\/www.radiopiu.net\/wordpress\/wp-content\/uploads\/2021\/07\/211337907_980481672788812_5169255255555933019_n-150x150.jpg\" class=\"attachment-thumbnail size-thumbnail\" alt=\"\" \/><\/a>\n\t\t\t\t<\/dt><\/dl><dl class='gallery-item'>\n\t\t\t\t<dt class='gallery-icon landscape'>\n\t\t\t\t\t<a class=\"rollover rollover-zoom dt-pswp-item\" title=\"202341913_4221737994571592_334862453718158083_n\" data-dt-img-description=\"\" data-large_image_width=\"253\" data-large_image_height=\"206\"href='https:\/\/www.radiopiu.net\/wordpress\/wp-content\/uploads\/2021\/07\/202341913_4221737994571592_334862453718158083_n.jpg'><img loading=\"lazy\" decoding=\"async\" width=\"150\" height=\"150\" src=\"https:\/\/www.radiopiu.net\/wordpress\/wp-content\/uploads\/2021\/07\/202341913_4221737994571592_334862453718158083_n-150x150.jpg\" class=\"attachment-thumbnail size-thumbnail\" alt=\"\" \/><\/a>\n\t\t\t\t<\/dt><\/dl><dl class='gallery-item'>\n\t\t\t\t<dt class='gallery-icon landscape'>\n\t\t\t\t\t<a class=\"rollover rollover-zoom dt-pswp-item\" title=\"214231565_179901927488365_8693040908049810681_n\" data-dt-img-description=\"\" data-large_image_width=\"278\" data-large_image_height=\"206\"href='https:\/\/www.radiopiu.net\/wordpress\/wp-content\/uploads\/2021\/07\/214231565_179901927488365_8693040908049810681_n.jpg'><img loading=\"lazy\" decoding=\"async\" width=\"150\" height=\"150\" src=\"https:\/\/www.radiopiu.net\/wordpress\/wp-content\/uploads\/2021\/07\/214231565_179901927488365_8693040908049810681_n-150x150.jpg\" class=\"attachment-thumbnail size-thumbnail\" alt=\"\" \/><\/a>\n\t\t\t\t<\/dt><\/dl><dl class='gallery-item'>\n\t\t\t\t<dt class='gallery-icon portrait'>\n\t\t\t\t\t<a class=\"rollover rollover-zoom dt-pswp-item\" title=\"211271762_173047361516691_2304666463323159102_n\" data-dt-img-description=\"\" data-large_image_width=\"156\" data-large_image_height=\"206\"href='https:\/\/www.radiopiu.net\/wordpress\/wp-content\/uploads\/2021\/07\/211271762_173047361516691_2304666463323159102_n.jpg'><img loading=\"lazy\" decoding=\"async\" width=\"150\" height=\"150\" src=\"https:\/\/www.radiopiu.net\/wordpress\/wp-content\/uploads\/2021\/07\/211271762_173047361516691_2304666463323159102_n-150x150.jpg\" class=\"attachment-thumbnail size-thumbnail\" alt=\"\" \/><\/a>\n\t\t\t\t<\/dt><\/dl><dl class='gallery-item'>\n\t\t\t\t<dt class='gallery-icon landscape'>\n\t\t\t\t\t<a class=\"rollover rollover-zoom dt-pswp-item\" title=\"214501681_321294766357151_7372954037606611622_n\" data-dt-img-description=\"\" data-large_image_width=\"293\" data-large_image_height=\"206\"href='https:\/\/www.radiopiu.net\/wordpress\/wp-content\/uploads\/2021\/07\/214501681_321294766357151_7372954037606611622_n.jpg'><img loading=\"lazy\" decoding=\"async\" width=\"150\" height=\"150\" src=\"https:\/\/www.radiopiu.net\/wordpress\/wp-content\/uploads\/2021\/07\/214501681_321294766357151_7372954037606611622_n-150x150.jpg\" class=\"attachment-thumbnail size-thumbnail\" alt=\"\" \/><\/a>\n\t\t\t\t<\/dt><\/dl><dl class='gallery-item'>\n\t\t\t\t<dt class='gallery-icon landscape'>\n\t\t\t\t\t<a class=\"rollover rollover-zoom dt-pswp-item\" title=\"214590442_1289698148095262_6418205875858186567_n\" data-dt-img-description=\"\" data-large_image_width=\"261\" data-large_image_height=\"206\"href='https:\/\/www.radiopiu.net\/wordpress\/wp-content\/uploads\/2021\/07\/214590442_1289698148095262_6418205875858186567_n.jpg'><img loading=\"lazy\" decoding=\"async\" width=\"150\" height=\"150\" src=\"https:\/\/www.radiopiu.net\/wordpress\/wp-content\/uploads\/2021\/07\/214590442_1289698148095262_6418205875858186567_n-150x150.jpg\" class=\"attachment-thumbnail size-thumbnail\" alt=\"\" \/><\/a>\n\t\t\t\t<\/dt><\/dl><dl class='gallery-item'>\n\t\t\t\t<dt class='gallery-icon landscape'>\n\t\t\t\t\t<a class=\"rollover rollover-zoom dt-pswp-item\" title=\"214958226_225569645945972_2886989301742897630_n\" data-dt-img-description=\"\" data-large_image_width=\"258\" data-large_image_height=\"206\"href='https:\/\/www.radiopiu.net\/wordpress\/wp-content\/uploads\/2021\/07\/214958226_225569645945972_2886989301742897630_n.jpg'><img loading=\"lazy\" decoding=\"async\" width=\"150\" height=\"150\" src=\"https:\/\/www.radiopiu.net\/wordpress\/wp-content\/uploads\/2021\/07\/214958226_225569645945972_2886989301742897630_n-150x150.jpg\" class=\"attachment-thumbnail size-thumbnail\" alt=\"\" \/><\/a>\n\t\t\t\t<\/dt><\/dl><br style=\"clear: both\" \/><dl class='gallery-item'>\n\t\t\t\t<dt class='gallery-icon landscape'>\n\t\t\t\t\t<a class=\"rollover rollover-zoom dt-pswp-item\" title=\"213670908_1191812814575627_6977876764639738948_n\" data-dt-img-description=\"\" data-large_image_width=\"235\" data-large_image_height=\"200\"href='https:\/\/www.radiopiu.net\/wordpress\/wp-content\/uploads\/2021\/07\/213670908_1191812814575627_6977876764639738948_n.jpg'><img loading=\"lazy\" decoding=\"async\" width=\"150\" height=\"150\" src=\"https:\/\/www.radiopiu.net\/wordpress\/wp-content\/uploads\/2021\/07\/213670908_1191812814575627_6977876764639738948_n-150x150.jpg\" class=\"attachment-thumbnail size-thumbnail\" alt=\"\" \/><\/a>\n\t\t\t\t<\/dt><\/dl><dl class='gallery-item'>\n\t\t\t\t<dt class='gallery-icon landscape'>\n\t\t\t\t\t<a class=\"rollover rollover-zoom dt-pswp-item\" title=\"213802394_494529801632082_3031654282024697072_n\" data-dt-img-description=\"\" data-large_image_width=\"251\" data-large_image_height=\"206\"href='https:\/\/www.radiopiu.net\/wordpress\/wp-content\/uploads\/2021\/07\/213802394_494529801632082_3031654282024697072_n.jpg'><img loading=\"lazy\" decoding=\"async\" width=\"150\" height=\"150\" src=\"https:\/\/www.radiopiu.net\/wordpress\/wp-content\/uploads\/2021\/07\/213802394_494529801632082_3031654282024697072_n-150x150.jpg\" class=\"attachment-thumbnail size-thumbnail\" alt=\"\" \/><\/a>\n\t\t\t\t<\/dt><\/dl><dl class='gallery-item'>\n\t\t\t\t<dt class='gallery-icon landscape'>\n\t\t\t\t\t<a class=\"rollover rollover-zoom dt-pswp-item\" title=\"215632950_1479937779034732_4485681533090520251_n\" data-dt-img-description=\"\" data-large_image_width=\"228\" data-large_image_height=\"205\"href='https:\/\/www.radiopiu.net\/wordpress\/wp-content\/uploads\/2021\/07\/215632950_1479937779034732_4485681533090520251_n.jpg'><img loading=\"lazy\" decoding=\"async\" width=\"150\" height=\"150\" src=\"https:\/\/www.radiopiu.net\/wordpress\/wp-content\/uploads\/2021\/07\/215632950_1479937779034732_4485681533090520251_n-150x150.jpg\" class=\"attachment-thumbnail size-thumbnail\" alt=\"\" \/><\/a>\n\t\t\t\t<\/dt><\/dl><dl class='gallery-item'>\n\t\t\t\t<dt class='gallery-icon landscape'>\n\t\t\t\t\t<a class=\"rollover rollover-zoom dt-pswp-item\" title=\"214655364_176027161093920_11647740377252766_n\" data-dt-img-description=\"\" data-large_image_width=\"296\" data-large_image_height=\"202\"href='https:\/\/www.radiopiu.net\/wordpress\/wp-content\/uploads\/2021\/07\/214655364_176027161093920_11647740377252766_n.jpg'><img loading=\"lazy\" decoding=\"async\" width=\"150\" height=\"150\" src=\"https:\/\/www.radiopiu.net\/wordpress\/wp-content\/uploads\/2021\/07\/214655364_176027161093920_11647740377252766_n-150x150.jpg\" class=\"attachment-thumbnail size-thumbnail\" alt=\"\" \/><\/a>\n\t\t\t\t<\/dt><\/dl><dl class='gallery-item'>\n\t\t\t\t<dt class='gallery-icon landscape'>\n\t\t\t\t\t<a class=\"rollover rollover-zoom dt-pswp-item\" title=\"211478696_2822682981325932_5548384742921446326_n\" data-dt-img-description=\"\" data-large_image_width=\"261\" data-large_image_height=\"204\"href='https:\/\/www.radiopiu.net\/wordpress\/wp-content\/uploads\/2021\/07\/211478696_2822682981325932_5548384742921446326_n.jpg'><img loading=\"lazy\" decoding=\"async\" width=\"150\" height=\"150\" src=\"https:\/\/www.radiopiu.net\/wordpress\/wp-content\/uploads\/2021\/07\/211478696_2822682981325932_5548384742921446326_n-150x150.jpg\" class=\"attachment-thumbnail size-thumbnail\" alt=\"\" \/><\/a>\n\t\t\t\t<\/dt><\/dl><dl class='gallery-item'>\n\t\t\t\t<dt class='gallery-icon landscape'>\n\t\t\t\t\t<a class=\"rollover rollover-zoom dt-pswp-item\" title=\"213784017_1239175249870618_8196627667916653886_n\" data-dt-img-description=\"\" data-large_image_width=\"235\" data-large_image_height=\"199\"href='https:\/\/www.radiopiu.net\/wordpress\/wp-content\/uploads\/2021\/07\/213784017_1239175249870618_8196627667916653886_n.jpg'><img loading=\"lazy\" decoding=\"async\" width=\"150\" height=\"150\" src=\"https:\/\/www.radiopiu.net\/wordpress\/wp-content\/uploads\/2021\/07\/213784017_1239175249870618_8196627667916653886_n-150x150.jpg\" class=\"attachment-thumbnail size-thumbnail\" alt=\"\" \/><\/a>\n\t\t\t\t<\/dt><\/dl>\n\t\t\t\t<br style='clear: both' \/>\n\t\t\t<\/div>\n\n<p>&nbsp;<\/p>\n<p>NELLE FOTO (riproduzioni dal libro\u201dLe ville nel paesaggio prealpino della Provincia di Belluno\u201d): prospetto nord, sulla piazza di Pez, di villa Tauro; prospetto sud, sulla corte-giardino privata; Villa Zugni; dello stesso edificio, il corpo principale e gli annessi rustici; facciata sud di villa Cor\u00e0; particolare della trifora del timpano; e particolare del camino; veduta parziale di villa Muffoni; facciata sud di villa Avogadro degli Azzoni; scorcio di villa Da Corte; villa Sandi-Zasso: ingresso, edificio e sfondo delle montagne; facciata principale verso sud; particolare di un ambiente interno.<\/p>\n<p>&nbsp;<\/p>\n<p>&nbsp;<\/p>\n<hr \/>\n<p>&nbsp;<\/p>\n<blockquote>\n<blockquote>\n<h2><a href=\"https:\/\/www.radiopiu.net\/wordpress\/speciale-solidarieta-veneto\/solidarieta-veneto-3\/\" rel=\"attachment wp-att-134366\"><img loading=\"lazy\" decoding=\"async\" class=\"wp-image-134366 alignleft\" src=\"https:\/\/www.radiopiu.net\/wordpress\/wp-content\/uploads\/2020\/05\/solidariet\u00e0-veneto-300x210.jpg\" alt=\"\" width=\"102\" height=\"71\" srcset=\"https:\/\/www.radiopiu.net\/wordpress\/wp-content\/uploads\/2020\/05\/solidariet\u00e0-veneto-300x210.jpg 300w, https:\/\/www.radiopiu.net\/wordpress\/wp-content\/uploads\/2020\/05\/solidariet\u00e0-veneto-1024x717.jpg 1024w, https:\/\/www.radiopiu.net\/wordpress\/wp-content\/uploads\/2020\/05\/solidariet\u00e0-veneto-768x538.jpg 768w, https:\/\/www.radiopiu.net\/wordpress\/wp-content\/uploads\/2020\/05\/solidariet\u00e0-veneto.jpg 1373w\" sizes=\"auto, (max-width: 102px) 100vw, 102px\" \/><\/a>SOLIDARIETA&#8217; VENETO FONDO PENSIONE, IN ONDA IL PRIMO VENERDI DEL MESE ALLE 10.30 E ALLE 19.00 QUINTA STAGIONE<\/h2>\n<\/blockquote>\n<h2><strong><span style=\"color: #ff0000;\">AUDIO LUGLIO 2021<\/span><\/strong><\/h2>\n<\/blockquote>\n<audio class=\"wp-audio-shortcode\" id=\"audio-220531-14\" preload=\"none\" style=\"width: 100%;\" controls=\"controls\"><source type=\"audio\/mpeg\" src=\"https:\/\/www.radiopiu.net\/wordpress\/wp-content\/uploads\/2021\/07\/solidarieta-veneto-luglio-2021.mp3?_=14\" \/><a href=\"https:\/\/www.radiopiu.net\/wordpress\/wp-content\/uploads\/2021\/07\/solidarieta-veneto-luglio-2021.mp3\">https:\/\/www.radiopiu.net\/wordpress\/wp-content\/uploads\/2021\/07\/solidarieta-veneto-luglio-2021.mp3<\/a><\/audio>\n<h2>LA RACCOLTA COMPLETA<\/h2>\n<blockquote class=\"wp-embedded-content\" data-secret=\"C1wmHtqhHZ\"><p><a href=\"https:\/\/www.radiopiu.net\/wordpress\/solidarieta-veneto\/\">Solidariet\u00e0 Veneto<\/a><\/p><\/blockquote>\n<p><iframe loading=\"lazy\" class=\"wp-embedded-content\" sandbox=\"allow-scripts\" security=\"restricted\" style=\"position: absolute; clip: rect(1px, 1px, 1px, 1px);\" title=\"&#8220;Solidariet\u00e0 Veneto&#8221; &#8212; Radio Pi\u00f9\" src=\"https:\/\/www.radiopiu.net\/wordpress\/solidarieta-veneto\/embed\/#?secret=C1wmHtqhHZ\" data-secret=\"C1wmHtqhHZ\" width=\"600\" height=\"338\" frameborder=\"0\" marginwidth=\"0\" marginheight=\"0\" scrolling=\"no\"><\/iframe><\/p>\n<blockquote>\n<h2><\/h2>\n<\/blockquote>\n<p>&nbsp;<\/p>\n<hr \/>\n<p>&nbsp;<\/p>\n<h2><strong><span style=\"color: #ff0000;\">QUINDICINALE APPUNTAMENTO ALLA RADIO<\/span><\/strong><\/h2>\n<blockquote>\n<h3><a style=\"font-size: 14px; font-weight: normal;\" href=\"https:\/\/www.radiopiu.net\/wordpress\/giornale-radiopiu-06-febbraio-2019-direttore-mirko-mezzacasa\/logo_spi-cgil-800x445\/\" rel=\"attachment wp-att-75538\"><img loading=\"lazy\" decoding=\"async\" class=\"wp-image-75538 alignleft\" src=\"https:\/\/www.radiopiu.net\/wordpress\/wp-content\/uploads\/2019\/02\/Logo_Spi-CGIL-800x445-300x167.jpg\" alt=\"\" width=\"210\" height=\"117\" srcset=\"https:\/\/www.radiopiu.net\/wordpress\/wp-content\/uploads\/2019\/02\/Logo_Spi-CGIL-800x445-300x167.jpg 300w, https:\/\/www.radiopiu.net\/wordpress\/wp-content\/uploads\/2019\/02\/Logo_Spi-CGIL-800x445-768x427.jpg 768w, https:\/\/www.radiopiu.net\/wordpress\/wp-content\/uploads\/2019\/02\/Logo_Spi-CGIL-800x445.jpg 800w\" sizes=\"auto, (max-width: 210px) 100vw, 210px\" \/><\/a><\/h3>\n<\/blockquote>\n<blockquote>\n<h3>ALLA RADIO, APPUNTAMENTO QUINDICINALE CON SPI-CGIL BELLUNO, IN STUDIO MARIA RITA GENTILIN<\/h3>\n<\/blockquote>\n<p><strong>di Claudio Fontanive\u00a0<\/strong><\/p>\n<p><span style=\"color: #ff0000;\"><strong>PUNTATA DEL\u00a0 08 luglio 2021<br \/>\n<\/strong><\/span><\/p>\n<audio class=\"wp-audio-shortcode\" id=\"audio-220531-15\" preload=\"none\" style=\"width: 100%;\" controls=\"controls\"><source type=\"audio\/mpeg\" src=\"https:\/\/www.radiopiu.net\/wordpress\/wp-content\/uploads\/2021\/07\/spi-cgil-8-luglio.mp3?_=15\" \/><a href=\"https:\/\/www.radiopiu.net\/wordpress\/wp-content\/uploads\/2021\/07\/spi-cgil-8-luglio.mp3\">https:\/\/www.radiopiu.net\/wordpress\/wp-content\/uploads\/2021\/07\/spi-cgil-8-luglio.mp3<\/a><\/audio>\n<p><span style=\"color: #ff0000;\"><strong>\u00a0<\/strong><\/span><\/p>\n<p>&nbsp;<\/p>\n<h2><\/h2>\n<hr \/>\n<p>&nbsp;<\/p>\n<div>\n<div class=\"b654a4as d2edcug0\">\n<div class=\"rq0escxv hkbzh7o3 jwdofwj8 n8tt0mok r8blr3vg hyh9befq\">\n<p><a class=\"dt-pswp-item\" href=\"https:\/\/www.radiopiu.net\/wordpress\/wp-content\/uploads\/2020\/10\/pp.jpg\" data-dt-img-description=\"\" data-large_image_width=\"640\" data-large_image_height=\"640\"><img loading=\"lazy\" decoding=\"async\" class=\"wp-image-163678 alignleft\" src=\"https:\/\/www.radiopiu.net\/wordpress\/wp-content\/uploads\/2020\/10\/pp-300x300.jpg\" alt=\"\" width=\"106\" height=\"106\" srcset=\"https:\/\/www.radiopiu.net\/wordpress\/wp-content\/uploads\/2020\/10\/pp-300x300.jpg 300w, https:\/\/www.radiopiu.net\/wordpress\/wp-content\/uploads\/2020\/10\/pp-150x150.jpg 150w, https:\/\/www.radiopiu.net\/wordpress\/wp-content\/uploads\/2020\/10\/pp-125x125.jpg 125w, https:\/\/www.radiopiu.net\/wordpress\/wp-content\/uploads\/2020\/10\/pp-200x200.jpg 200w, https:\/\/www.radiopiu.net\/wordpress\/wp-content\/uploads\/2020\/10\/pp-80x80.jpg 80w, https:\/\/www.radiopiu.net\/wordpress\/wp-content\/uploads\/2020\/10\/pp-480x480.jpg 480w, https:\/\/www.radiopiu.net\/wordpress\/wp-content\/uploads\/2020\/10\/pp.jpg 640w\" sizes=\"auto, (max-width: 106px) 100vw, 106px\" \/><\/a><\/p>\n<\/div>\n<\/div>\n<\/div>\n<div>\n<div class=\"page-title-head hgroup\">\n<div class=\"page-title-head hgroup\">\n<div class=\"b654a4as d2edcug0\">\n<div class=\"j83agx80 btwxx1t3 lhclo0ds hop8lmos nkwizq5d scwd0bx6 roh60bw9\">\n<div class=\"rq0escxv hkbzh7o3 jwdofwj8 n8tt0mok r8blr3vg hyh9befq\">\n<div class=\"do00u71z l9j0dhe7 k4urcfbm\">\n<h2><span style=\"color: #000080;\">DON CESARE, IL PENSIERO DEL GIORNO. ALLA RADIO ALLE 7 DEL MATTINO E ALLE 19.30 DELLA SERA.\u00a0\u00a0<\/span><\/h2>\n<\/div>\n<\/div>\n<\/div>\n<div class=\"rq0escxv hkbzh7o3 jwdofwj8 n8tt0mok r8blr3vg hyh9befq\"><\/div>\n<div><\/div>\n<\/div>\n<\/div>\n<div class=\"page-title-head hgroup\">\n<div class=\"b654a4as d2edcug0\">\n<audio class=\"wp-audio-shortcode\" id=\"audio-220531-16\" preload=\"none\" style=\"width: 100%;\" controls=\"controls\"><source type=\"audio\/mpeg\" src=\"https:\/\/www.radiopiu.net\/wordpress\/wp-content\/uploads\/2021\/07\/CESARE-4.mp3?_=16\" \/><a href=\"https:\/\/www.radiopiu.net\/wordpress\/wp-content\/uploads\/2021\/07\/CESARE-4.mp3\">https:\/\/www.radiopiu.net\/wordpress\/wp-content\/uploads\/2021\/07\/CESARE-4.mp3<\/a><\/audio>\n<p>&nbsp;<\/p>\n<p>&nbsp;<\/p>\n<hr \/>\n<h2><span style=\"color: #ff6600;\">\u00a0<\/span><\/h2>\n<h2><span style=\"color: #ff6600;\">GIROVAGANDO ALLA RADIO, PUNTATA 07<\/span><\/h2>\n<h3><a href=\"https:\/\/www.radiopiu.net\/wordpress\/girovagando-alla-radio-puntata-07\/7e5e6826-d6af-41e7-bc59-7e2850487c52\/\" rel=\"attachment wp-att-219806\"><img loading=\"lazy\" decoding=\"async\" class=\"size-medium wp-image-219806 alignleft\" src=\"https:\/\/www.radiopiu.net\/wordpress\/wp-content\/uploads\/2021\/07\/7e5e6826-d6af-41e7-bc59-7e2850487c52-300x150.jpg\" alt=\"\" width=\"300\" height=\"150\" srcset=\"https:\/\/www.radiopiu.net\/wordpress\/wp-content\/uploads\/2021\/07\/7e5e6826-d6af-41e7-bc59-7e2850487c52-300x150.jpg 300w, https:\/\/www.radiopiu.net\/wordpress\/wp-content\/uploads\/2021\/07\/7e5e6826-d6af-41e7-bc59-7e2850487c52-1024x512.jpg 1024w, https:\/\/www.radiopiu.net\/wordpress\/wp-content\/uploads\/2021\/07\/7e5e6826-d6af-41e7-bc59-7e2850487c52-768x384.jpg 768w, https:\/\/www.radiopiu.net\/wordpress\/wp-content\/uploads\/2021\/07\/7e5e6826-d6af-41e7-bc59-7e2850487c52-1536x768.jpg 1536w, https:\/\/www.radiopiu.net\/wordpress\/wp-content\/uploads\/2021\/07\/7e5e6826-d6af-41e7-bc59-7e2850487c52.jpg 1600w\" sizes=\"auto, (max-width: 300px) 100vw, 300px\" \/><\/a>Collaborazione Thomas Soppera<\/h3>\n<p>&nbsp;<\/p>\n<p>&nbsp;<\/p>\n<p>&nbsp;<\/p>\n<p>&nbsp;<\/p>\n<p><strong>AUDIO PUNTATA 05 Luglio 2021<\/strong><\/p>\n<audio class=\"wp-audio-shortcode\" id=\"audio-220531-17\" preload=\"none\" style=\"width: 100%;\" controls=\"controls\"><source type=\"audio\/mpeg\" src=\"https:\/\/www.radiopiu.net\/wordpress\/wp-content\/uploads\/2021\/07\/GIROVAGANDO-07.mp3?_=17\" \/><a href=\"https:\/\/www.radiopiu.net\/wordpress\/wp-content\/uploads\/2021\/07\/GIROVAGANDO-07.mp3\">https:\/\/www.radiopiu.net\/wordpress\/wp-content\/uploads\/2021\/07\/GIROVAGANDO-07.mp3<\/a><\/audio>\n<h2><span style=\"color: #ff0000;\">LA RACCOLTA COMPLETA\u00a0<\/span><\/h2>\n<blockquote class=\"wp-embedded-content\" data-secret=\"fc4X7LDrsk\"><p><a href=\"https:\/\/www.radiopiu.net\/wordpress\/girovagando-in-e-bike-tra-le-dolomiti\/\">GIROVAGANDO IN E BIKE TRA LE DOLOMITI<\/a><\/p><\/blockquote>\n<p><iframe loading=\"lazy\" class=\"wp-embedded-content\" sandbox=\"allow-scripts\" security=\"restricted\" style=\"position: absolute; clip: rect(1px, 1px, 1px, 1px);\" title=\"&#8220;GIROVAGANDO IN E BIKE TRA LE DOLOMITI&#8221; &#8212; Radio Pi\u00f9\" src=\"https:\/\/www.radiopiu.net\/wordpress\/girovagando-in-e-bike-tra-le-dolomiti\/embed\/#?secret=fc4X7LDrsk\" data-secret=\"fc4X7LDrsk\" width=\"600\" height=\"338\" frameborder=\"0\" marginwidth=\"0\" marginheight=\"0\" scrolling=\"no\"><\/iframe><\/p>\n<p>&nbsp;<\/p>\n<hr \/>\n<p>&nbsp;<\/p>\n<blockquote><p><span style=\"color: #ff0000;\">\u00a0ALLA RADIO LA SETTIMA PUNTATA\u00a0<\/span><\/p><\/blockquote>\n<audio class=\"wp-audio-shortcode\" id=\"audio-220531-18\" preload=\"none\" style=\"width: 100%;\" controls=\"controls\"><source type=\"audio\/mpeg\" src=\"https:\/\/www.radiopiu.net\/wordpress\/wp-content\/uploads\/2021\/07\/FATTO07_BLUESLAND_podcast_Blues_in_Sedici.mp3?_=18\" \/><a href=\"https:\/\/www.radiopiu.net\/wordpress\/wp-content\/uploads\/2021\/07\/FATTO07_BLUESLAND_podcast_Blues_in_Sedici.mp3\">https:\/\/www.radiopiu.net\/wordpress\/wp-content\/uploads\/2021\/07\/FATTO07_BLUESLAND_podcast_Blues_in_Sedici.mp3<\/a><\/audio>\n<blockquote class=\"wp-embedded-content\" data-secret=\"XpJ3uTbWXO\"><p><a href=\"https:\/\/www.radiopiu.net\/wordpress\/da-ieri-alla-radio-in-palinsesto-loris-e-maurizio-con-la-grande-musica\/\">IL BLUES ALLA RADIO &#8230; COME NON L&#8217;AVETE MAI SENTITO PRIMA<\/a><\/p><\/blockquote>\n<p><iframe loading=\"lazy\" class=\"wp-embedded-content\" sandbox=\"allow-scripts\" security=\"restricted\" style=\"position: absolute; clip: rect(1px, 1px, 1px, 1px);\" title=\"&#8220;IL BLUES ALLA RADIO &#8230; COME NON L&#8217;AVETE MAI SENTITO PRIMA&#8221; &#8212; Radio Pi\u00f9\" src=\"https:\/\/www.radiopiu.net\/wordpress\/da-ieri-alla-radio-in-palinsesto-loris-e-maurizio-con-la-grande-musica\/embed\/#?secret=XpJ3uTbWXO\" data-secret=\"XpJ3uTbWXO\" width=\"600\" height=\"338\" frameborder=\"0\" marginwidth=\"0\" marginheight=\"0\" scrolling=\"no\"><\/iframe><\/p>\n<p>\u200b<\/p>\n<p>&nbsp;<\/p>\n<hr \/>\n<div>\n<div class=\"page-title-head hgroup\">\n<div class=\"page-title-head hgroup\">\n<div class=\"b654a4as d2edcug0\">\n<div>\n<p>&nbsp;<\/p>\n<\/div>\n<div><\/div>\n<h2>COLLAGE&#8230; DI LORIS SCUSSEL dal lunedi al venerdi alle 16 e alle 23 su RADIO PIU<\/h2>\n<div>\n<div>\n<div>\n<div>\n<div>\n<div>\n<div>\n<div>\n<div>\n<div>\n<div>\n<div>\n<p><strong>PUNTATA 384 DEL 8 luglio\u00a0 2021<\/strong><\/p>\n<\/div>\n<\/div>\n<\/div>\n<\/div>\n<\/div>\n<\/div>\n<\/div>\n<\/div>\n<\/div>\n<div>\n<div>\n<audio class=\"wp-audio-shortcode\" id=\"audio-220531-19\" preload=\"none\" style=\"width: 100%;\" controls=\"controls\"><source type=\"audio\/mpeg\" src=\"https:\/\/www.radiopiu.net\/wordpress\/wp-content\/uploads\/2021\/07\/Collage-384.mp3?_=19\" \/><a href=\"https:\/\/www.radiopiu.net\/wordpress\/wp-content\/uploads\/2021\/07\/Collage-384.mp3\">https:\/\/www.radiopiu.net\/wordpress\/wp-content\/uploads\/2021\/07\/Collage-384.mp3<\/a><\/audio>\n<p><img loading=\"lazy\" decoding=\"async\" class=\"alignleft\" src=\"https:\/\/www.radiopiu.net\/wordpress\/wp-content\/uploads\/2021\/05\/Schermata-2021-05-23-alle-11.50.11.png\" width=\"186\" height=\"131\" \/><\/p>\n<\/div>\n<div>\n<p>Il programma \u00e8 andato in onda da dicembre 2013 fino a luglio 2019, comprese le repliche, in due serie per 350 puntate complessive con 1.890 brani trasmessi. L\u2019obiettivo del programma: riproporre agli ascoltatori pi\u00f9 grandicelli le canzoni che ascoltavano nel passato e nello stesso tempo farle conoscere anche ai pi\u00f9 giovani.<\/p>\n<\/div>\n<\/div>\n<\/div>\n<div>\n<p>&nbsp;<\/p>\n<\/div>\n<\/div>\n<div>\n<div>\n<div>\n<p>&nbsp;<\/p>\n<p>&nbsp;<\/p>\n<\/div>\n<\/div>\n<\/div>\n<\/div>\n<hr \/>\n<p>&nbsp;<\/p>\n<blockquote>\n<h2>FANTASTICHE DOLOMITI, NUOVA STAGIONE. APPUNTAMENTO QUINDICINALE IL GIOVEDI ALLE 10.30 E 19.00<\/h2>\n<\/blockquote>\n<blockquote class=\"wp-embedded-content\" data-secret=\"rDd9IbEYHf\"><p><a href=\"https:\/\/www.radiopiu.net\/wordpress\/raccolta-completa11\/\">FANTASTICHE DOLOMITI LA RACCOLTA COMPLETA<\/a><\/p><\/blockquote>\n<p><iframe loading=\"lazy\" class=\"wp-embedded-content\" sandbox=\"allow-scripts\" security=\"restricted\" style=\"position: absolute; clip: rect(1px, 1px, 1px, 1px);\" title=\"&#8220;FANTASTICHE DOLOMITI LA RACCOLTA COMPLETA&#8221; &#8212; Radio Pi\u00f9\" src=\"https:\/\/www.radiopiu.net\/wordpress\/raccolta-completa11\/embed\/#?secret=rDd9IbEYHf\" data-secret=\"rDd9IbEYHf\" width=\"600\" height=\"338\" frameborder=\"0\" marginwidth=\"0\" marginheight=\"0\" scrolling=\"no\"><\/iframe><\/p>\n<p>&nbsp;<\/p>\n<p>&nbsp;<\/p>\n<hr \/>\n<div>\n<div class=\"b654a4as d2edcug0\">\n<div class=\"rq0escxv hkbzh7o3 jwdofwj8 n8tt0mok r8blr3vg hyh9befq\">\n<div class=\"b654a4as d2edcug0\">\n<h2><span style=\"color: #008000;\">\u00a0<\/span><\/h2>\n<div class=\"b654a4as d2edcug0\">\n<h2><span style=\"color: #008000;\">ERBE E PIANTE CURATIVE&#8230;IL\u00a0 PROGRAMMA DI PAOLA LANCIATO\u00a0\u00a0<\/span><\/h2>\n<p><strong><a href=\"https:\/\/www.radiopiu.net\/wordpress\/?attachment_id=219932\" rel=\"attachment wp-att-219932\"><img loading=\"lazy\" decoding=\"async\" class=\"wp-image-219932 alignleft\" src=\"https:\/\/www.radiopiu.net\/wordpress\/wp-content\/uploads\/2021\/07\/salvia-300x288.jpg\" alt=\"\" width=\"75\" height=\"72\" srcset=\"https:\/\/www.radiopiu.net\/wordpress\/wp-content\/uploads\/2021\/07\/salvia-300x288.jpg 300w, https:\/\/www.radiopiu.net\/wordpress\/wp-content\/uploads\/2021\/07\/salvia-768x736.jpg 768w, https:\/\/www.radiopiu.net\/wordpress\/wp-content\/uploads\/2021\/07\/salvia.jpg 773w\" sizes=\"auto, (max-width: 75px) 100vw, 75px\" \/><\/a>LA SALVIA\u00a0<\/strong><\/p>\n<audio class=\"wp-audio-shortcode\" id=\"audio-220531-20\" preload=\"none\" style=\"width: 100%;\" controls=\"controls\"><source type=\"audio\/mpeg\" src=\"https:\/\/www.radiopiu.net\/wordpress\/wp-content\/uploads\/2021\/07\/21-La-salvia-M.mp3?_=20\" \/><a href=\"https:\/\/www.radiopiu.net\/wordpress\/wp-content\/uploads\/2021\/07\/21-La-salvia-M.mp3\">https:\/\/www.radiopiu.net\/wordpress\/wp-content\/uploads\/2021\/07\/21-La-salvia-M.mp3<\/a><\/audio>\n<\/div>\n<p>&nbsp;<\/p>\n<\/div>\n<blockquote class=\"wp-embedded-content\" data-secret=\"wjIGjGh2dW\"><p><a href=\"https:\/\/www.radiopiu.net\/wordpress\/erbavoglio\/\">L&#8217;ERBA VOGLIO DEL GIARDINO DEL RE&#8230; Erbe, fiori e Piante di e con Paola Lanciato<\/a><\/p><\/blockquote>\n<p><iframe loading=\"lazy\" class=\"wp-embedded-content\" sandbox=\"allow-scripts\" security=\"restricted\" style=\"position: absolute; clip: rect(1px, 1px, 1px, 1px);\" title=\"&#8220;L&#8217;ERBA VOGLIO DEL GIARDINO DEL RE&#8230; Erbe, fiori e Piante di e con Paola Lanciato&#8221; &#8212; Radio Pi\u00f9\" src=\"https:\/\/www.radiopiu.net\/wordpress\/erbavoglio\/embed\/#?secret=wjIGjGh2dW\" data-secret=\"wjIGjGh2dW\" width=\"600\" height=\"338\" frameborder=\"0\" marginwidth=\"0\" marginheight=\"0\" scrolling=\"no\"><\/iframe><\/p>\n<\/div>\n<\/div>\n<\/div>\n<p>&nbsp;<\/p>\n<hr \/>\n<p>&nbsp;<\/p>\n<div>\n<h2><span style=\"color: #ff0000;\"><strong>IN VIVO VERSO 2020-21 ESTATE, RIASCOLTIAMOLI&#8230; DAL CASSETTO DEI RICORDI DI RADIO PIU&#8217;&#8230; LE PRIME\u00a0 SEI STAGIONI\u00a0 \u00a0<\/strong><\/span><\/h2>\n<div class=\"page-title-head hgroup\">\n<div class=\"page-title-head hgroup\">\n<div class=\"page-title-head hgroup\">\n<div class=\"page-title-head hgroup\">\n<div class=\"page-title-head hgroup\">\n<div class=\"page-title-head hgroup\">\n<blockquote>\n<h3>riascoltiamole HISTORIA di VINCENZO AGOSTINI<\/h3>\n<p><strong>AUDIO<\/strong><\/p>\n<audio class=\"wp-audio-shortcode\" id=\"audio-220531-21\" preload=\"none\" style=\"width: 100%;\" controls=\"controls\"><source type=\"audio\/mpeg\" src=\"https:\/\/www.radiopiu.net\/wordpress\/wp-content\/uploads\/2021\/07\/VIVO-VERSO-GIO.mp3?_=21\" \/><a href=\"https:\/\/www.radiopiu.net\/wordpress\/wp-content\/uploads\/2021\/07\/VIVO-VERSO-GIO.mp3\">https:\/\/www.radiopiu.net\/wordpress\/wp-content\/uploads\/2021\/07\/VIVO-VERSO-GIO.mp3<\/a><\/audio>\n<p><strong>LA RACCOLTA COMPLETA<\/strong><\/p><\/blockquote>\n<\/div>\n<\/div>\n<\/div>\n<\/div>\n<\/div>\n<\/div>\n<blockquote class=\"wp-embedded-content\" data-secret=\"M2i2yH11rt\"><p><a href=\"https:\/\/www.radiopiu.net\/wordpress\/in-vivo-verso\/\">In Vivo Verso<\/a><\/p><\/blockquote>\n<p><iframe loading=\"lazy\" class=\"wp-embedded-content\" sandbox=\"allow-scripts\" security=\"restricted\" style=\"position: absolute; clip: rect(1px, 1px, 1px, 1px);\" title=\"&#8220;In Vivo Verso&#8221; &#8212; Radio Pi\u00f9\" src=\"https:\/\/www.radiopiu.net\/wordpress\/in-vivo-verso\/embed\/#?secret=M2i2yH11rt\" data-secret=\"M2i2yH11rt\" width=\"600\" height=\"338\" frameborder=\"0\" marginwidth=\"0\" marginheight=\"0\" scrolling=\"no\"><\/iframe><\/p>\n<p>&nbsp;<\/p>\n<hr \/>\n<\/div>\n<blockquote>\n<blockquote>\n<h2><\/h2>\n<\/blockquote>\n<\/blockquote>\n<div>\n<div class=\"b654a4as d2edcug0\">\n<div class=\"rq0escxv hkbzh7o3 jwdofwj8 n8tt0mok r8blr3vg hyh9befq\">\n<blockquote>\n<h2><span style=\"color: #ff0000;\"><em>ZAINO ALLA RADIO&#8230;ESTATE DI PAOLA LANCIATO TUTTI I GIORNI dal lunedi al venerdi ALLE 14 E 23.30\u00a0 \u00a0<\/em><\/span><\/h2>\n<\/blockquote>\n<div class=\"b654a4as d2edcug0\">\n<blockquote>\n<h2>IN VIAGGIO CON PAOLA LANCIATO, TRA SAPRI E MARATEA<\/h2>\n<\/blockquote>\n<p><strong>AUDIO<\/strong><\/p>\n<audio class=\"wp-audio-shortcode\" id=\"audio-220531-22\" preload=\"none\" style=\"width: 100%;\" controls=\"controls\"><source type=\"audio\/mpeg\" src=\"https:\/\/www.radiopiu.net\/wordpress\/wp-content\/uploads\/2021\/07\/44-Tra-Sapri-e-Maratea-M.mp3?_=22\" \/><a href=\"https:\/\/www.radiopiu.net\/wordpress\/wp-content\/uploads\/2021\/07\/44-Tra-Sapri-e-Maratea-M.mp3\">https:\/\/www.radiopiu.net\/wordpress\/wp-content\/uploads\/2021\/07\/44-Tra-Sapri-e-Maratea-M.mp3<\/a><\/audio>\n<p><img loading=\"lazy\" decoding=\"async\" class=\"\" src=\"https:\/\/www.radiopiu.net\/wordpress\/wp-content\/uploads\/2021\/07\/44.jpg\" width=\"252\" height=\"172\" \/><\/p>\n<p>&nbsp;<\/p>\n<p><strong>LA RACCOLTA COMPLETA<\/strong><\/p>\n<\/div>\n<blockquote class=\"wp-embedded-content\" data-secret=\"3prOaNrZHI\"><p><a href=\"https:\/\/www.radiopiu.net\/wordpress\/zaino-femminile-lanciato\/\">Zaino da viaggio al femminile<\/a><\/p><\/blockquote>\n<p><iframe loading=\"lazy\" class=\"wp-embedded-content\" sandbox=\"allow-scripts\" security=\"restricted\" style=\"position: absolute; clip: rect(1px, 1px, 1px, 1px);\" title=\"&#8220;Zaino da viaggio al femminile&#8221; &#8212; Radio Pi\u00f9\" src=\"https:\/\/www.radiopiu.net\/wordpress\/zaino-femminile-lanciato\/embed\/#?secret=3prOaNrZHI\" data-secret=\"3prOaNrZHI\" width=\"600\" height=\"338\" frameborder=\"0\" marginwidth=\"0\" marginheight=\"0\" scrolling=\"no\"><\/iframe><\/p>\n<p>&nbsp;<\/p>\n<\/div>\n<\/div>\n<\/div>\n<hr \/>\n<p>&nbsp;<\/p>\n<div>\n<h2><span style=\"color: #800080;\"><strong>LA RASSEGNA STAMPA DA L&#8217;AMICO DEL POPOLO\u00a0<\/strong><\/span><\/h2>\n<h3 class=\"kvgmc6g5 cxmmr5t8 oygrvhab hcukyx3x c1et5uql\"><span style=\"color: #0000ff;\"> INFORMAZIONE il canale su TELEGRAM informazione di prima mano e in tempo reale. iscriviti ed aiutaci a farlo conoscere\u00a0\u00a0<\/span><\/h3>\n<p><a class=\"dt-pswp-item\" href=\"https:\/\/www.radiopiu.net\/wordpress\/wp-content\/uploads\/2020\/02\/Manuel_Conedera.jpg\" data-dt-img-description=\"\" data-large_image_width=\"512\" data-large_image_height=\"512\"><img loading=\"lazy\" decoding=\"async\" class=\"wp-image-119145 alignleft\" src=\"https:\/\/www.radiopiu.net\/wordpress\/wp-content\/uploads\/2020\/02\/Manuel_Conedera-300x300.jpg\" alt=\"\" width=\"106\" height=\"106\" srcset=\"https:\/\/www.radiopiu.net\/wordpress\/wp-content\/uploads\/2020\/02\/Manuel_Conedera-300x300.jpg 300w, https:\/\/www.radiopiu.net\/wordpress\/wp-content\/uploads\/2020\/02\/Manuel_Conedera-150x150.jpg 150w, https:\/\/www.radiopiu.net\/wordpress\/wp-content\/uploads\/2020\/02\/Manuel_Conedera.jpg 512w\" sizes=\"auto, (max-width: 106px) 100vw, 106px\" \/><\/a><\/p>\n<p>&nbsp;<\/p>\n<p><strong>AUDIO\u00a0<\/strong><\/p>\n<p><strong>DI GIANNI SANTOMASO<\/strong><\/p>\n<audio class=\"wp-audio-shortcode\" id=\"audio-220531-23\" preload=\"none\" style=\"width: 100%;\" controls=\"controls\"><source type=\"audio\/mpeg\" src=\"https:\/\/www.radiopiu.net\/wordpress\/wp-content\/uploads\/2021\/07\/RASSEGNA-GIANNI.mp3?_=23\" \/><a href=\"https:\/\/www.radiopiu.net\/wordpress\/wp-content\/uploads\/2021\/07\/RASSEGNA-GIANNI.mp3\">https:\/\/www.radiopiu.net\/wordpress\/wp-content\/uploads\/2021\/07\/RASSEGNA-GIANNI.mp3<\/a><\/audio>\n<p>&nbsp;<\/p>\n<hr \/>\n<p>&nbsp;<\/p>\n<h2><span style=\"color: #3366ff;\">SALUTE E SOCIETA&#8217;<\/span><\/h2>\n<p><strong>LA PUNTATA DELLA SETTIMANA del 05 LUGLIO<\/strong><\/p>\n<\/div>\n<div dir=\"auto\">\n<p><img loading=\"lazy\" decoding=\"async\" class=\"size-medium wp-image-219969 alignleft\" src=\"https:\/\/www.radiopiu.net\/wordpress\/wp-content\/uploads\/2021\/07\/6c77b7ed-94b7-9355-3e85-090f2ae17079-300x169.png\" alt=\"\" width=\"300\" height=\"169\" srcset=\"https:\/\/www.radiopiu.net\/wordpress\/wp-content\/uploads\/2021\/07\/6c77b7ed-94b7-9355-3e85-090f2ae17079-300x169.png 300w, https:\/\/www.radiopiu.net\/wordpress\/wp-content\/uploads\/2021\/07\/6c77b7ed-94b7-9355-3e85-090f2ae17079-1024x576.png 1024w, https:\/\/www.radiopiu.net\/wordpress\/wp-content\/uploads\/2021\/07\/6c77b7ed-94b7-9355-3e85-090f2ae17079-768x432.png 768w, https:\/\/www.radiopiu.net\/wordpress\/wp-content\/uploads\/2021\/07\/6c77b7ed-94b7-9355-3e85-090f2ae17079.png 1280w\" sizes=\"auto, (max-width: 300px) 100vw, 300px\" \/><span style=\"color: #111111;\">La dieta chetogenica si basa sulla riduzione dei carboidrati alimentari, questa carenza obbliga l\u2019organismo a produrre autonomamente il glucosio necessario alla sopravvivenza e ad aumentare il consumo dei grassi contenuti nel tessuto adiposo. <\/span>Abbiamo approfondito l\u2019argomento con Giovanni Spera, Professore di Medicina Interna ed Endocrinologia -Sapienza Universit\u00e0 di Roma, Presidente eletto della Societ\u00e0 Italiana per lo Studio dei Distrbi del Comportamenti Alimentare e dell\u2019Obesit\u00e0<\/p>\n<audio class=\"wp-audio-shortcode\" id=\"audio-220531-24\" preload=\"none\" style=\"width: 100%;\" controls=\"controls\"><source type=\"audio\/mpeg\" src=\"https:\/\/www.radiopiu.net\/wordpress\/wp-content\/uploads\/2021\/07\/SALUTE.mp3?_=24\" \/><a href=\"https:\/\/www.radiopiu.net\/wordpress\/wp-content\/uploads\/2021\/07\/SALUTE.mp3\">https:\/\/www.radiopiu.net\/wordpress\/wp-content\/uploads\/2021\/07\/SALUTE.mp3<\/a><\/audio>\n<p><strong>LA RACCOLTA COMPLETA<\/strong><\/p>\n<blockquote class=\"wp-embedded-content\" data-secret=\"ZAxarA6kdm\"><p><a href=\"https:\/\/www.radiopiu.net\/wordpress\/saluteesocieta\/\">Salute e Societ\u00e0<\/a><\/p><\/blockquote>\n<p><iframe loading=\"lazy\" class=\"wp-embedded-content\" sandbox=\"allow-scripts\" security=\"restricted\" style=\"position: absolute; clip: rect(1px, 1px, 1px, 1px);\" title=\"&#8220;Salute e Societ\u00e0&#8221; &#8212; Radio Pi\u00f9\" src=\"https:\/\/www.radiopiu.net\/wordpress\/saluteesocieta\/embed\/#?secret=ZAxarA6kdm\" data-secret=\"ZAxarA6kdm\" width=\"600\" height=\"338\" frameborder=\"0\" marginwidth=\"0\" marginheight=\"0\" scrolling=\"no\"><\/iframe><\/p>\n<\/div>\n<div dir=\"auto\">\n<h1><\/h1>\n<\/div>\n<div>\n<div class=\"page-title-head hgroup\">\n<div class=\"page-title-head hgroup\">\n<div class=\"page-title-head hgroup\">\n<div>\n<div class=\"b654a4as d2edcug0\">\n<div class=\"rq0escxv hkbzh7o3 jwdofwj8 n8tt0mok r8blr3vg hyh9befq\">\n<hr \/>\n<\/div>\n<\/div>\n<\/div>\n<div>\n<div class=\"page-title-head hgroup\">\n<div class=\"page-title-head hgroup\">\n<div>\n<div class=\"b654a4as d2edcug0\">\n<p>&nbsp;<\/p>\n<blockquote>\n<h3><img loading=\"lazy\" decoding=\"async\" class=\"alignleft\" src=\"https:\/\/www.radiopiu.net\/wordpress\/wp-content\/uploads\/2021\/06\/fresh-flower-leaves-saffron-white-background-place-your-text-use-saffron-spice-cooking-cosmetology_347372-394.jpeg\" width=\"141\" height=\"94\" \/>L&#8217;ALMANACCO LADINO CON L&#8217;ISTITUT CESA DE JAN QUINDICINALE APPUNTAMENTO. LA DOMENICA ALLE 9 IL LUNEDI ALLE 8.35 IL MARTEDI ALLE 12.35 IL MERCOLEDI ALLE 18.35. SECONDA STAGIONE.<\/h3>\n<p><strong>PUNTATA DEL 05 LUGLIO<\/strong><\/p><\/blockquote>\n<audio class=\"wp-audio-shortcode\" id=\"audio-220531-25\" preload=\"none\" style=\"width: 100%;\" controls=\"controls\"><source type=\"audio\/mpeg\" src=\"https:\/\/www.radiopiu.net\/wordpress\/wp-content\/uploads\/2021\/07\/62\u00b0Almanacco-Ladino_Fodom.mp3?_=25\" \/><a href=\"https:\/\/www.radiopiu.net\/wordpress\/wp-content\/uploads\/2021\/07\/62\u00b0Almanacco-Ladino_Fodom.mp3\">https:\/\/www.radiopiu.net\/wordpress\/wp-content\/uploads\/2021\/07\/62\u00b0Almanacco-Ladino_Fodom.mp3<\/a><\/audio>\n<p><strong>RACCOLTA COMPLETA\u00a0<\/strong><\/p>\n<blockquote class=\"wp-embedded-content\" data-secret=\"PmDaf1DfDM\"><p><a href=\"https:\/\/www.radiopiu.net\/wordpress\/almanacco-ladino\/\">Almanacco Ladino<\/a><\/p><\/blockquote>\n<p><iframe loading=\"lazy\" class=\"wp-embedded-content\" sandbox=\"allow-scripts\" security=\"restricted\" style=\"position: absolute; clip: rect(1px, 1px, 1px, 1px);\" title=\"&#8220;Almanacco Ladino&#8221; &#8212; Radio Pi\u00f9\" src=\"https:\/\/www.radiopiu.net\/wordpress\/almanacco-ladino\/embed\/#?secret=PmDaf1DfDM\" data-secret=\"PmDaf1DfDM\" width=\"600\" height=\"338\" frameborder=\"0\" marginwidth=\"0\" marginheight=\"0\" scrolling=\"no\"><\/iframe><\/p>\n<div dir=\"auto\"><\/div>\n<\/div>\n<div>\n<p>&nbsp;<\/p>\n<hr \/>\n<h2><span style=\"color: #808000;\">DUE MINUTI UN LIBRO\u00a0 TUTTI I GIORNI ALLA RADIO ALLE 9.30 E ALLE 18. QUINTA STAGIONE\u00a0<\/span><\/h2>\n<blockquote class=\"wp-embedded-content\" data-secret=\"1YtvChzMv8\"><p><a href=\"https:\/\/www.radiopiu.net\/wordpress\/lalbero-di-mandarini\/\">L&#8217;ALBERO DI MANDARINI<\/a><\/p><\/blockquote>\n<p><iframe loading=\"lazy\" class=\"wp-embedded-content\" sandbox=\"allow-scripts\" security=\"restricted\" style=\"position: absolute; clip: rect(1px, 1px, 1px, 1px);\" title=\"&#8220;L&#8217;ALBERO DI MANDARINI&#8221; &#8212; Radio Pi\u00f9\" src=\"https:\/\/www.radiopiu.net\/wordpress\/lalbero-di-mandarini\/embed\/#?secret=1YtvChzMv8\" data-secret=\"1YtvChzMv8\" width=\"600\" height=\"338\" frameborder=\"0\" marginwidth=\"0\" marginheight=\"0\" scrolling=\"no\"><\/iframe><\/p>\n<\/div>\n<div>\n<p><strong>LA RACCOLTA COMPLETA\u00a0\u00a0<\/strong><\/p>\n<blockquote class=\"wp-embedded-content\" data-secret=\"4QTuCeekiN\"><p><a href=\"https:\/\/www.radiopiu.net\/wordpress\/due-minuti-un-libro\/\">Due minuti un libro<\/a><\/p><\/blockquote>\n<p><iframe loading=\"lazy\" class=\"wp-embedded-content\" sandbox=\"allow-scripts\" security=\"restricted\" style=\"position: absolute; clip: rect(1px, 1px, 1px, 1px);\" title=\"&#8220;Due minuti un libro&#8221; &#8212; Radio Pi\u00f9\" src=\"https:\/\/www.radiopiu.net\/wordpress\/due-minuti-un-libro\/embed\/#?secret=4QTuCeekiN\" data-secret=\"4QTuCeekiN\" width=\"600\" height=\"338\" frameborder=\"0\" marginwidth=\"0\" marginheight=\"0\" scrolling=\"no\"><\/iframe><\/p>\n<p>&nbsp;<\/p>\n<hr \/>\n<p>\u200b<\/p>\n<div>\n<h2><span style=\"color: #33cccc;\">I RACCONTI DI PAOLO SOPPELSA il lunedi alle 9.30 e 18.30<\/span><\/h2>\n<p><span style=\"color: #0000ff;\">INFORMAZIONE il canale su TELEGRAM informazione di prima mano e in tempo reale. iscriviti ed aiutaci a farlo conoscere\u00a0\u00a0<\/span><\/p>\n<blockquote class=\"wp-embedded-content\" data-secret=\"lw1zvdaTMz\"><p><a href=\"https:\/\/www.radiopiu.net\/wordpress\/i-racconti-di-paolo-soppelsa-ottantaduesima-puntata\/\">I RACCONTI DI PAOLO SOPPELSA OTTANTADUESIMA PUNTATA<\/a><\/p><\/blockquote>\n<p><iframe loading=\"lazy\" class=\"wp-embedded-content\" sandbox=\"allow-scripts\" security=\"restricted\" style=\"position: absolute; clip: rect(1px, 1px, 1px, 1px);\" title=\"&#8220;I RACCONTI DI PAOLO SOPPELSA OTTANTADUESIMA PUNTATA&#8221; &#8212; Radio Pi\u00f9\" src=\"https:\/\/www.radiopiu.net\/wordpress\/i-racconti-di-paolo-soppelsa-ottantaduesima-puntata\/embed\/#?secret=lw1zvdaTMz\" data-secret=\"lw1zvdaTMz\" width=\"600\" height=\"338\" frameborder=\"0\" marginwidth=\"0\" marginheight=\"0\" scrolling=\"no\"><\/iframe><\/p>\n<p>&nbsp;<\/p>\n<blockquote class=\"wp-embedded-content\" data-secret=\"N7z0LZZ4Kg\"><p><a href=\"https:\/\/www.radiopiu.net\/wordpress\/i-racconti-di-paolo-soppelsa\/\">I racconti di Paolo Soppelsa<\/a><\/p><\/blockquote>\n<p><iframe loading=\"lazy\" class=\"wp-embedded-content\" sandbox=\"allow-scripts\" security=\"restricted\" style=\"position: absolute; clip: rect(1px, 1px, 1px, 1px);\" title=\"&#8220;I racconti di Paolo Soppelsa&#8221; &#8212; Radio Pi\u00f9\" src=\"https:\/\/www.radiopiu.net\/wordpress\/i-racconti-di-paolo-soppelsa\/embed\/#?secret=N7z0LZZ4Kg\" data-secret=\"N7z0LZZ4Kg\" width=\"600\" height=\"338\" frameborder=\"0\" marginwidth=\"0\" marginheight=\"0\" scrolling=\"no\"><\/iframe><\/p>\n<p>&nbsp;<\/p>\n<p>&nbsp;<\/p>\n<\/div>\n<\/div>\n<hr \/>\n<p>&nbsp;<\/p>\n<h2><strong><span style=\"color: #ff0000;\">ALLA RADIO<\/span><\/strong><\/h2>\n<div data-offset-key=\"5n5nl-0-0\">\n<h3>Per ricevere gli aggiornamenti in tempo reale delle notizie pubblicate alla radio e sul sito di radio pi\u00f9 iscriviti al gruppo RADIO PIU INFORMAZIONE su Telegram.\u00a0\u00a0<a href=\"https:\/\/t.me\/radiopiu\">clicca qui<\/a><\/h3>\n<p>&nbsp;<\/p>\n<\/div>\n<blockquote><p><strong><a href=\"https:\/\/www.radiopiu.net\/wordpress\/cassa-solidarieta-luxottica-puntata-del-19-giugno-2020\/cslxo-2\/\" rel=\"attachment wp-att-145244\"><img loading=\"lazy\" decoding=\"async\" class=\"size-medium wp-image-145244 alignleft\" src=\"https:\/\/www.radiopiu.net\/wordpress\/wp-content\/uploads\/2020\/06\/cassa-solidarieta-luxottica-300x148.jpg\" alt=\"\" width=\"300\" height=\"148\" srcset=\"https:\/\/www.radiopiu.net\/wordpress\/wp-content\/uploads\/2020\/06\/cassa-solidarieta-luxottica-300x148.jpg 300w, https:\/\/www.radiopiu.net\/wordpress\/wp-content\/uploads\/2020\/06\/cassa-solidarieta-luxottica-1024x504.jpg 1024w, https:\/\/www.radiopiu.net\/wordpress\/wp-content\/uploads\/2020\/06\/cassa-solidarieta-luxottica-768x378.jpg 768w, https:\/\/www.radiopiu.net\/wordpress\/wp-content\/uploads\/2020\/06\/cassa-solidarieta-luxottica.jpg 1167w\" sizes=\"auto, (max-width: 300px) 100vw, 300px\" \/><\/a>di Claudio Fontanive<\/strong><\/p>\n<p>OSPITI: Paolo Chissal\u00e8 e Fabrizio Campedel<\/p>\n<p>&nbsp;<\/p>\n<p>&nbsp;<\/p>\n<h2><\/h2>\n<\/blockquote>\n<blockquote class=\"wp-embedded-content\" data-secret=\"ufAHK4WPOZ\"><p><a href=\"https:\/\/www.radiopiu.net\/wordpress\/cassa-solidarieta-luxottica-puntata-del-16-ottobre-2020\/\">CASSA SOLIDARIET\u00c0 LUXOTTICA &#8211; TUTTE LE PUNTATE<\/a><\/p><\/blockquote>\n<p><iframe loading=\"lazy\" class=\"wp-embedded-content\" sandbox=\"allow-scripts\" security=\"restricted\" style=\"position: absolute; clip: rect(1px, 1px, 1px, 1px);\" title=\"&#8220;CASSA SOLIDARIET\u00c0 LUXOTTICA &#8211; TUTTE LE PUNTATE&#8221; &#8212; Radio Pi\u00f9\" src=\"https:\/\/www.radiopiu.net\/wordpress\/cassa-solidarieta-luxottica-puntata-del-16-ottobre-2020\/embed\/#?secret=ufAHK4WPOZ\" data-secret=\"ufAHK4WPOZ\" width=\"600\" height=\"338\" frameborder=\"0\" marginwidth=\"0\" marginheight=\"0\" scrolling=\"no\"><\/iframe><\/p>\n<div>\n<p>&nbsp;<\/p>\n<\/div>\n<\/div>\n<div class=\"page-title-head hgroup\">\n<div>\n<div class=\"b654a4as d2edcug0\">\n<hr \/>\n<\/div>\n<\/div>\n<p>&nbsp;<\/p>\n<p><a href=\"https:\/\/www.radiopiu.net\/wordpress\/giornale-radiopiu-26-settembre-2018-direttore-mirko-mezzacasa\/viabilita-2\/\" rel=\"attachment wp-att-61954\"><img loading=\"lazy\" decoding=\"async\" class=\"wp-image-61954 size-full aligncenter\" src=\"https:\/\/www.radiopiu.net\/wordpress\/wp-content\/uploads\/2018\/09\/viabilita.jpeg\" alt=\"\" width=\"800\" height=\"100\" srcset=\"https:\/\/www.radiopiu.net\/wordpress\/wp-content\/uploads\/2018\/09\/viabilita.jpeg 800w, https:\/\/www.radiopiu.net\/wordpress\/wp-content\/uploads\/2018\/09\/viabilita-300x38.jpeg 300w, https:\/\/www.radiopiu.net\/wordpress\/wp-content\/uploads\/2018\/09\/viabilita-768x96.jpeg 768w\" sizes=\"auto, (max-width: 800px) 100vw, 800px\" \/><\/a><\/p>\n<blockquote><p><a href=\"https:\/\/www.radiopiu.net\/wordpress\/giornale-radiopiu-09-agosto-2018-direttore-mirko-mezzacasa\/viabilia\/\" rel=\"attachment wp-att-57053\"><img loading=\"lazy\" decoding=\"async\" class=\" wp-image-57053 alignleft\" src=\"https:\/\/www.radiopiu.net\/wordpress\/wp-content\/uploads\/2018\/08\/VIABILIA-300x180.jpeg\" alt=\"\" width=\"220\" height=\"132\" srcset=\"https:\/\/www.radiopiu.net\/wordpress\/wp-content\/uploads\/2018\/08\/VIABILIA-300x180.jpeg 300w, https:\/\/www.radiopiu.net\/wordpress\/wp-content\/uploads\/2018\/08\/VIABILIA-768x461.jpeg 768w, https:\/\/www.radiopiu.net\/wordpress\/wp-content\/uploads\/2018\/08\/VIABILIA-1024x614.jpeg 1024w, https:\/\/www.radiopiu.net\/wordpress\/wp-content\/uploads\/2018\/08\/VIABILIA.jpeg 1280w\" sizes=\"auto, (max-width: 220px) 100vw, 220px\" \/><\/a><\/p><\/blockquote>\n<\/div>\n<\/div>\n<\/div>\n<\/div>\n<\/div>\n<\/div>\n<\/div>\n<\/div>\n<div>\n<div>\n<div class=\"page-title-head hgroup\">\n<div class=\"page-title-head hgroup\">\n<div class=\"page-title-head hgroup\">\n<div class=\"page-title-head hgroup\">\n<div class=\"page-title-head hgroup\">\n<div class=\"page-title-head hgroup\">\n<blockquote><p>La viabilit\u00e0 con gli ultimi aggiornamenti<\/p><\/blockquote>\n<\/div>\n<\/div>\n<\/div>\n<\/div>\n<\/div>\n<\/div>\n<\/div>\n<div><\/div>\n<div><\/div>\n<div>\n<div>\n<div class=\"page-title-head hgroup\">\n<audio class=\"wp-audio-shortcode\" id=\"audio-220531-26\" preload=\"none\" style=\"width: 100%;\" controls=\"controls\"><source type=\"audio\/mpeg\" src=\"https:\/\/www.radiopiu.net\/wordpress\/wp-content\/uploads\/2021\/07\/VIABILITA-5.mp3?_=26\" \/><a href=\"https:\/\/www.radiopiu.net\/wordpress\/wp-content\/uploads\/2021\/07\/VIABILITA-5.mp3\">https:\/\/www.radiopiu.net\/wordpress\/wp-content\/uploads\/2021\/07\/VIABILITA-5.mp3<\/a><\/audio>\n<p>&nbsp;<\/p>\n<hr \/>\n<p>&nbsp;<\/p>\n<\/div>\n<\/div>\n<\/div>\n<\/div>\n<div>\n<div class=\"page-title-head hgroup\" style=\"text-align: left;\">\n<div class=\"page-title-head hgroup\">\n<div dir=\"auto\">\n<p><a class=\"dt-pswp-item pspw-wrap-ready\" href=\"https:\/\/i0.wp.com\/www.radiopiu.net\/wordpress\/wp-content\/uploads\/2018\/09\/WhatsApp-Image-2018-09-20-at-16.04.06.jpeg?ssl=1\" data-dt-img-description=\"\" data-large_image_width=\"800\" data-large_image_height=\"100\"><img loading=\"lazy\" decoding=\"async\" class=\"aligncenter wp-image-61378 size-full jetpack-lazy-image jetpack-lazy-image--handled\" src=\"https:\/\/i0.wp.com\/www.radiopiu.net\/wordpress\/wp-content\/uploads\/2018\/09\/WhatsApp-Image-2018-09-20-at-16.04.06.jpeg?resize=800%2C100&amp;ssl=1\" sizes=\"auto, (max-width: 800px) 100vw, 800px\" srcset=\"https:\/\/i0.wp.com\/www.radiopiu.net\/wordpress\/wp-content\/uploads\/2018\/09\/WhatsApp-Image-2018-09-20-at-16.04.06.jpeg?w=800&amp;ssl=1 800w, https:\/\/i0.wp.com\/www.radiopiu.net\/wordpress\/wp-content\/uploads\/2018\/09\/WhatsApp-Image-2018-09-20-at-16.04.06.jpeg?resize=300%2C38&amp;ssl=1 300w, https:\/\/i0.wp.com\/www.radiopiu.net\/wordpress\/wp-content\/uploads\/2018\/09\/WhatsApp-Image-2018-09-20-at-16.04.06.jpeg?resize=768%2C96&amp;ssl=1 768w\" alt=\"\" width=\"800\" height=\"100\" data-lazy-loaded=\"1\" \/><\/a><\/p>\n<div style=\"text-align: left;\"><center><\/center><center>\u00a0<\/center><\/div>\n<\/div>\n<\/div>\n<\/div>\n<\/div>\n<\/div>\n<\/div>\n<\/div>\n<\/div>\n<div>\n<div><center><b>Venerdi 9<\/b><\/center><b>Tempo atteso: <\/b>Nelle prime ore rasserenamenti, a fronte di qualche nube bassa nelle valli; per il resto cielo da poco a parzialmente nuvoloso, con significativi spazi di sereno; a tratti sar\u00e0 probabile qualche precipitazione, perlopi\u00f9 locale e modesta salvo occasionali rovesci o temporali.<br \/>\n<b>Precipitazioni: <\/b>Dopo l&#8217;esaurimento dei fenomeni notturni la probabilit\u00e0 diverr\u00e0 nel complesso abbastanza bassa (10-20%), per qualche pioggia generalmente locale e modesta salvo occasionali rovesci o temporali.<br \/>\n<b>Temperature: <\/b>In diminuzione, salvo locale stazionariet\u00e0 delle massime in quota. Sono previste punte di 24\/26 \u00b0C nei fondovalle prealpini e di 19\/22 \u00b0C a 1000\/1200 m. Minime e massime sulle Prealpi 12\/18 \u00b0C a 1500 m e 8\/12 \u00b0C a 2000 m, sulle Dolomiti 8\/14 \u00b0C a 2000 m e 1\/4 \u00b0C a 3000 m.<br \/>\n<b>Venti: <\/b>Direzione variabile, intensit\u00e0 debole salvo fasi di temporaneo moderato rinforzo in quota specie nelle prime ore, 5-15 km\/h a 2000 m e 20-30 km\/h a 3000 m.<\/p>\n<hr \/>\n<p><center><b>Sabato 10<\/b><\/center><b>Tempo atteso: <\/b>Cielo poco o a tratti parzialmente nuvoloso, con significativi spazi di sereno e alcuni addensamenti cumuliformi ad evoluzione diurna che potranno dar luogo a qualche locale precipitazione.<br \/>\n<b>Precipitazioni: <\/b>Probabilit\u00e0 nel complesso relativamente bassa (20-30%) di locali fenomeni pomeridiani, a prevalente carattere di rovescio o temporale.<br \/>\n<b>Temperature: <\/b>Temperature in ripresa, specie riguardo ai valori minimi. Sono previste punte di 25\/27 \u00b0C nei fondovalle prealpini e di 20\/23 \u00b0C a 1000\/1200 m. Minime e massime sulle Prealpi 14\/16 \u00b0C a 1500 m e 10\/12 \u00b0C a 2000 m, sulle Dolomiti 10\/14 \u00b0C a 2000 m e 2\/5 \u00b0C a 3000 m.<br \/>\n<b>Venti: <\/b>Nelle valli, deboli con direzione variabile; in quota deboli o a tratti moderati, dai quadranti meridionali, con crescente prevalenza da sud-ovest; 5-15 km\/h a 2000 m e 10-20 km\/h a 3000 m.<\/p>\n<hr \/>\n<p><center><b>Domenica 11<\/b><\/center>Leggera variabilit\u00e0 soprattutto sulle Dolomiti ove agli spazi di sereno, altrove prevalenti, si alterneranno pi\u00f9 addensamenti nuvolosi e pi\u00f9 facilmente potr\u00e0 verificarsi in giornata qualche locale precipitazione; le temperature minime subiranno contenute variazioni di carattere locale, le massime subiranno un contenuto aumento.<\/p>\n<hr \/>\n<p><center><b>Lunedi 12<\/b><\/center>Cielo da poco a parzialmente nuvoloso, con scarsa probabilit\u00e0 di precipitazioni; le temperature aumenteranno, specie riguardo alle massime in quota. Previsore: AB<\/p>\n<\/div>\n<\/div>\n<\/div>\n<\/div>\n<\/div>\n<\/div>\n<p>&nbsp;<\/p>\n<p>&nbsp;<\/p>\n<hr \/>\n<p>&nbsp;<\/p>\n<p><a href=\"https:\/\/www.radiopiu.net\/wordpress\/giornale-radiopiu-15-settembre-2018-direttore-mirko-mezzacasa\/sport-7\/\" rel=\"attachment wp-att-60761\"><img loading=\"lazy\" decoding=\"async\" class=\"aligncenter wp-image-60761 size-full\" src=\"https:\/\/www.radiopiu.net\/wordpress\/wp-content\/uploads\/2018\/09\/sport.jpg\" alt=\"\" width=\"800\" height=\"100\" srcset=\"https:\/\/www.radiopiu.net\/wordpress\/wp-content\/uploads\/2018\/09\/sport.jpg 800w, https:\/\/www.radiopiu.net\/wordpress\/wp-content\/uploads\/2018\/09\/sport-300x38.jpg 300w, https:\/\/www.radiopiu.net\/wordpress\/wp-content\/uploads\/2018\/09\/sport-768x96.jpg 768w\" sizes=\"auto, (max-width: 800px) 100vw, 800px\" \/>\u00a0<\/a><\/p>\n<p>&nbsp;<\/p>\n<blockquote>\n<h3>ANDREA FONTANA FONTANA NEL TEMPIO DELLA VELOCITA&#8217;<\/h3>\n<\/blockquote>\n<p><b class=\"\"><img loading=\"lazy\" decoding=\"async\" class=\"mcnImage alignleft\" src=\"https:\/\/mcusercontent.com\/0d3a50951ab94033b52804bdf\/images\/16cb24a3-d741-419d-b3ca-7d0fd412bdba.jpg\" alt=\"\" width=\"241\" height=\"130\" align=\"middle\" \/>MONZA\u00a0 <\/b>Siamo arrivati al giro di boa del campionato European Le Mans Series, che dopo le gare di Barcellona, Red Bull Ring e Le Castellet, vedr\u00e0 scendere in pista ben 44 vetture pronte a darsi battaglia per 4 ore nel famosissimo autodromo di Monza, l&#8217;autodromo pi\u00f9 veloce e storico del calendario.<\/p>\n<p><br class=\"\" \/>E\u2019 iniziato quindi il weekend di gara nel tempio della velocit\u00e0\u2019. I primi test ieri sono stati importanti per capire il comportamento dei pneumatici e trovare il giusto set-up della vettura in ottica di gara. Il veloce tracciato Italiano metter\u00e0 a dura prova le vetture e per il nostro driver Bellunese sar\u00e0 una grande sfida.\u00a0 In prima battuta il feeling \u00e8 sembrato buono, ma ci sono delle modifiche necessarie per accorciare il gap dalle prime posizioni.\u00a0 Oggi sara\u2019 la volta delle Prove Libere 1 da 90 minuti alle 13, che aiuter\u00e0 il team ed il nostro Andrea a capire meglio la vettura in vista della gara. Domani\u00a0 invece i piloti del team inglese scenderanno in pista dalle 8:45 alle 10:15 per le Prove Libere 2, mentre nel pomeriggio invece sar\u00e0 Andrea il pilota che entrer\u00e0 in pista alle 13:25 per qualificare la vettura in vista della gara di Domenica che inizier\u00e0 alle ore 11 della mattina e terminer\u00e0 alle 15. Quattro ore dove il giovane Bellunese ed i suoi compagni di squadra, daranno battaglia nella categoria GTE a bordo della loro Ferrari 488 GTE. Come sempre potrete seguire la gara in diretta streaming sul canale Youtube del European Le Mans Series o nel sito del campionato.<\/p>\n<p>&nbsp;<\/p>\n<hr \/>\n<p>&nbsp;<\/p>\n<blockquote>\n<h3>QUANDO L&#8217;AIA&#8230; INCONTRA SE STESSA<\/h3>\n<\/blockquote>\n<p><strong>PEDAVENA<\/strong> La Comunit\u00e0 ringrazia il presidente dell\u2019A.I.A. Alfredo Trentalange e tutto il Comitato Nazionale per aver scelto la Comunit\u00e0 \u201cVilla San Francesco\u201d in Facen di Pedavena (BL) quale sede per l\u2019importante iniziativa. Ripartono anche le visite guidate al Museo dei Sogni, della Memoria, della Coscienza e dei Presepi, come pure l\u2019accoglienza di gruppi alla Foresteria della Casa Emmaus.<\/p>\n<a href=\"https:\/\/www.radiopiu.net\/wordpress\/wp-content\/uploads\/2021\/07\/Laia-incontra-se-stessa-2.pdf\" class=\"pdfemb-viewer\" style=\"\" data-width=\"max\" data-height=\"max\" data-toolbar=\"top\" data-toolbar-fixed=\"on\">L\u2019aia incontra se stessa-2<\/a>\n","protected":false},"excerpt":{"rendered":"<p>ultim&#8217;ora: TERREMOTO FORNI DI SOPRA\u00a0 \u00a0Questa notte all&#8217;1.11 la terra ha tremato al confine con la provincia di Belluno. Scossa di terremoto di 1,8 gradi della scala Richter. \u00a0 &nbsp; &nbsp; &nbsp; LA SEGNALAZIONE DELLE CINQUE DEL MATTINO: a Veran di Agordo siamo senza acqua da ieri, esce un filo inservibile\u2026 &nbsp; &nbsp; OGGI ALLE&hellip;<\/p>\n","protected":false},"author":4,"featured_media":220766,"comment_status":"closed","ping_status":"open","sticky":false,"template":"","format":"standard","meta":{"_monsterinsights_skip_tracking":false,"_monsterinsights_sitenote_active":false,"_monsterinsights_sitenote_note":"","_monsterinsights_sitenote_category":0,"footnotes":""},"categories":[1,51,86,49],"tags":[],"class_list":["post-220531","post","type-post","status-publish","format-standard","has-post-thumbnail","hentry","category-senza-categoria","category-evidenza-top","category-gr","category-news-18","category-1","category-51","category-86","category-49","description-off"],"img_url":"https:\/\/www.radiopiu.net\/wordpress\/wp-content\/uploads\/2021\/07\/e64fae09-71c0-4c3a-b342-cd6a2739e5d0.jpg","_links":{"self":[{"href":"https:\/\/www.radiopiu.net\/wordpress\/wp-json\/wp\/v2\/posts\/220531","targetHints":{"allow":["GET"]}}],"collection":[{"href":"https:\/\/www.radiopiu.net\/wordpress\/wp-json\/wp\/v2\/posts"}],"about":[{"href":"https:\/\/www.radiopiu.net\/wordpress\/wp-json\/wp\/v2\/types\/post"}],"author":[{"embeddable":true,"href":"https:\/\/www.radiopiu.net\/wordpress\/wp-json\/wp\/v2\/users\/4"}],"replies":[{"embeddable":true,"href":"https:\/\/www.radiopiu.net\/wordpress\/wp-json\/wp\/v2\/comments?post=220531"}],"version-history":[{"count":0,"href":"https:\/\/www.radiopiu.net\/wordpress\/wp-json\/wp\/v2\/posts\/220531\/revisions"}],"wp:featuredmedia":[{"embeddable":true,"href":"https:\/\/www.radiopiu.net\/wordpress\/wp-json\/wp\/v2\/media\/220766"}],"wp:attachment":[{"href":"https:\/\/www.radiopiu.net\/wordpress\/wp-json\/wp\/v2\/media?parent=220531"}],"wp:term":[{"taxonomy":"category","embeddable":true,"href":"https:\/\/www.radiopiu.net\/wordpress\/wp-json\/wp\/v2\/categories?post=220531"},{"taxonomy":"post_tag","embeddable":true,"href":"https:\/\/www.radiopiu.net\/wordpress\/wp-json\/wp\/v2\/tags?post=220531"}],"curies":[{"name":"wp","href":"https:\/\/api.w.org\/{rel}","templated":true}]}}