{"id":220547,"date":"2021-07-08T06:54:02","date_gmt":"2021-07-08T04:54:02","guid":{"rendered":"https:\/\/www.radiopiu.net\/wordpress\/?p=220547"},"modified":"2021-07-08T07:25:00","modified_gmt":"2021-07-08T05:25:00","slug":"valledelmisintrentino","status":"publish","type":"post","link":"https:\/\/www.radiopiu.net\/wordpress\/valledelmisintrentino\/","title":{"rendered":"LA VALLE DEL MIS&#8230; NON SOLO TRENTINO"},"content":{"rendered":"<blockquote><p><em>Il cuore verde del Trentino: la Valle del Vanoi e la Valle del Mis, a pochi chilometri da San Martino di Castrozza, sono un paradiso di bellezza e tranquillit\u00e0. Camminiamo alla scoperta delle tradizioni, dei sapori e del gusto delle montagne pi\u00f9 belle del mondo.<\/em><\/p><\/blockquote>\n<p><strong>SOSPIROLO-GOSALDO<\/strong> Anche la Valle del Mis \u00e8 considerata trentina,\u00a0 foto e titolo sono a caratteri cubitali: VALLE DEL VANOI E VALLE DEL MIS LA VACANZA WILD NEL CUORE VERDE DEL TRENTINO. D&#8217;accordo che siamo sul confine, d&#8217;accordo che si cita anche il Parco, ma la verit\u00e0 \u00e8 che quello che &#8220;passa&#8221; che colpisce e&#8217; il titolo, non tutti poi leggono l&#8217;articolo come si sa, quindi il messaggio del titolo e&#8217; chiaro: Valle del Mis in Trentino&#8230;<\/p>\n<p>L&#8217;ARTICOLO\u00a0<span style=\"color: #0000ff;\"><strong> <a style=\"color: #0000ff;\" href=\"https:\/\/www.trekking.it\/reportage\/vanoi-mis-trentino\/\">CLICCA QUI\u00a0<\/a><\/strong><\/span><\/p>\n<p>&nbsp;<\/p>\n<p>&nbsp;<\/p>\n","protected":false},"excerpt":{"rendered":"<p>Il cuore verde del Trentino: la Valle del Vanoi e la Valle del Mis, a pochi chilometri da San Martino di Castrozza, sono un paradiso di bellezza e tranquillit\u00e0. Camminiamo alla scoperta delle tradizioni, dei sapori e del gusto delle montagne pi\u00f9 belle del mondo. SOSPIROLO-GOSALDO Anche la Valle del Mis \u00e8 considerata trentina,\u00a0 foto&hellip;<\/p>\n","protected":false},"author":4,"featured_media":220548,"comment_status":"closed","ping_status":"open","sticky":false,"template":"","format":"standard","meta":{"_monsterinsights_skip_tracking":false,"_monsterinsights_sitenote_active":false,"_monsterinsights_sitenote_note":"","_monsterinsights_sitenote_category":0,"footnotes":""},"categories":[51,49],"tags":[],"class_list":["post-220547","post","type-post","status-publish","format-standard","has-post-thumbnail","hentry","category-evidenza-top","category-news-18","category-51","category-49","description-off"],"img_url":"https:\/\/www.radiopiu.net\/wordpress\/wp-content\/uploads\/2021\/07\/val-delle-moneghe-Sentiero-intrecci-del-tempo-ph-archivio-Apt-San-Martino-1080x611-1.png","_links":{"self":[{"href":"https:\/\/www.radiopiu.net\/wordpress\/wp-json\/wp\/v2\/posts\/220547","targetHints":{"allow":["GET"]}}],"collection":[{"href":"https:\/\/www.radiopiu.net\/wordpress\/wp-json\/wp\/v2\/posts"}],"about":[{"href":"https:\/\/www.radiopiu.net\/wordpress\/wp-json\/wp\/v2\/types\/post"}],"author":[{"embeddable":true,"href":"https:\/\/www.radiopiu.net\/wordpress\/wp-json\/wp\/v2\/users\/4"}],"replies":[{"embeddable":true,"href":"https:\/\/www.radiopiu.net\/wordpress\/wp-json\/wp\/v2\/comments?post=220547"}],"version-history":[{"count":0,"href":"https:\/\/www.radiopiu.net\/wordpress\/wp-json\/wp\/v2\/posts\/220547\/revisions"}],"wp:featuredmedia":[{"embeddable":true,"href":"https:\/\/www.radiopiu.net\/wordpress\/wp-json\/wp\/v2\/media\/220548"}],"wp:attachment":[{"href":"https:\/\/www.radiopiu.net\/wordpress\/wp-json\/wp\/v2\/media?parent=220547"}],"wp:term":[{"taxonomy":"category","embeddable":true,"href":"https:\/\/www.radiopiu.net\/wordpress\/wp-json\/wp\/v2\/categories?post=220547"},{"taxonomy":"post_tag","embeddable":true,"href":"https:\/\/www.radiopiu.net\/wordpress\/wp-json\/wp\/v2\/tags?post=220547"}],"curies":[{"name":"wp","href":"https:\/\/api.w.org\/{rel}","templated":true}]}}