{"id":220603,"date":"2021-07-08T10:57:56","date_gmt":"2021-07-08T08:57:56","guid":{"rendered":"https:\/\/www.radiopiu.net\/wordpress\/?p=220603"},"modified":"2021-07-09T06:26:54","modified_gmt":"2021-07-09T04:26:54","slug":"thaise-e-la-sua-passione-di-dipingere-il-legno","status":"publish","type":"post","link":"https:\/\/www.radiopiu.net\/wordpress\/thaise-e-la-sua-passione-di-dipingere-il-legno\/","title":{"rendered":"THAISE E LA SUA PASSIONE DI DIPINGERE IL LEGNO"},"content":{"rendered":"<p><strong><a href=\"https:\/\/www.radiopiu.net\/wordpress\/thaise-e-la-sua-passione-di-dipingere-il-legno\/schermata-2021-07-08-alle-10-55-15\/\" rel=\"attachment wp-att-220606\"><img loading=\"lazy\" decoding=\"async\" class=\" wp-image-220606 alignleft\" src=\"https:\/\/www.radiopiu.net\/wordpress\/wp-content\/uploads\/2021\/07\/Schermata-2021-07-08-alle-10.55.15-265x300.png\" alt=\"\" width=\"127\" height=\"144\" srcset=\"https:\/\/www.radiopiu.net\/wordpress\/wp-content\/uploads\/2021\/07\/Schermata-2021-07-08-alle-10.55.15-265x300.png 265w, https:\/\/www.radiopiu.net\/wordpress\/wp-content\/uploads\/2021\/07\/Schermata-2021-07-08-alle-10.55.15-905x1024.png 905w, https:\/\/www.radiopiu.net\/wordpress\/wp-content\/uploads\/2021\/07\/Schermata-2021-07-08-alle-10.55.15-768x869.png 768w, https:\/\/www.radiopiu.net\/wordpress\/wp-content\/uploads\/2021\/07\/Schermata-2021-07-08-alle-10.55.15.png 986w\" sizes=\"auto, (max-width: 127px) 100vw, 127px\" \/><\/a>RIVAMONTE<\/strong> Lei \u00e8 Thaise Ramos, origini brasiliane, vive a Rivamonte e frequenta l&#8217;ITI Segato di Belluno. Nelle ultime ore \u00e8 stata protagonista di un&#8217;intervista di Sara Trevisan, formatrice e autrice. Thaise la si pu\u00f2 definire una vera artista, la sua passione \u00e8 disegnare sulle tavole di legno. Una passione nata da poco grazie all&#8217;amicizia con Andrea Zanin. Andrea l&#8217;aveva chiamata per costruire il presepio a Rivamonte e da li \u00e8 nato il sodalizio tra i due. Zanin procura il legno e Thaise ci disegna sopra. Tra i suoi soggetti preferiti ci sono gli animali ma non solo. La ragazza si dice fan di Van Gogh e in alcuni suoi lavori si vede il tocco.<\/p>\n<p><strong>PER LEGGERE L&#8217;INTERVISTA <a href=\"https:\/\/www.saratrevisan.com\/thaise-la-piccola-artista-di-rivamonte\/\">CLICCA QUI<\/a><\/strong><\/p>\n\n\t\t\t<style type='text\/css'>\n\t\t\t\t#gallery-1 {\n\t\t\t\t\tmargin: auto;\n\t\t\t\t}\n\t\t\t\t#gallery-1 .gallery-item {\n\t\t\t\t\tfloat: left;\n\t\t\t\t\tmargin-top: 10px;\n\t\t\t\t\ttext-align: center;\n\t\t\t\t\twidth: 33%;\n\t\t\t\t}\n\t\t\t\t#gallery-1 img {\n\t\t\t\t\tborder: 2px solid #cfcfcf;\n\t\t\t\t}\n\t\t\t\t#gallery-1 .gallery-caption {\n\t\t\t\t\tmargin-left: 0;\n\t\t\t\t}\n\t\t\t\t\/* see gallery_shortcode() in wp-includes\/media.php *\/\n\t\t\t<\/style>\n\t\t<div id='gallery-1' class='dt-gallery-container gallery galleryid-220603 gallery-columns-3 gallery-size-thumbnail'><dl class='gallery-item'>\n\t\t\t\t<dt class='gallery-icon landscape'>\n\t\t\t\t\t<a class=\"rollover rollover-zoom dt-pswp-item\" title=\"WhatsApp-Image-2021-06-07-at-20.22.52\" data-dt-img-description=\"\" data-large_image_width=\"1600\" data-large_image_height=\"899\"href='https:\/\/www.radiopiu.net\/wordpress\/wp-content\/uploads\/2021\/07\/WhatsApp-Image-2021-06-07-at-20.22.52.jpg'><img loading=\"lazy\" decoding=\"async\" width=\"150\" height=\"150\" src=\"https:\/\/www.radiopiu.net\/wordpress\/wp-content\/uploads\/2021\/07\/WhatsApp-Image-2021-06-07-at-20.22.52-150x150.jpg\" class=\"attachment-thumbnail size-thumbnail\" alt=\"\" \/><\/a>\n\t\t\t\t<\/dt><\/dl><dl class='gallery-item'>\n\t\t\t\t<dt class='gallery-icon portrait'>\n\t\t\t\t\t<a class=\"rollover rollover-zoom dt-pswp-item\" title=\"WhatsApp-Image-2021-06-09-at-19.18.54\" data-dt-img-description=\"\" data-large_image_width=\"316\" data-large_image_height=\"478\"href='https:\/\/www.radiopiu.net\/wordpress\/wp-content\/uploads\/2021\/07\/WhatsApp-Image-2021-06-09-at-19.18.54.jpg'><img loading=\"lazy\" decoding=\"async\" width=\"150\" height=\"150\" src=\"https:\/\/www.radiopiu.net\/wordpress\/wp-content\/uploads\/2021\/07\/WhatsApp-Image-2021-06-09-at-19.18.54-150x150.jpg\" class=\"attachment-thumbnail size-thumbnail\" alt=\"\" \/><\/a>\n\t\t\t\t<\/dt><\/dl><dl class='gallery-item'>\n\t\t\t\t<dt class='gallery-icon portrait'>\n\t\t\t\t\t<a class=\"rollover rollover-zoom dt-pswp-item\" title=\"WhatsApp-Image-2021-06-07-at-20.22.51-1\" data-dt-img-description=\"\" data-large_image_width=\"899\" data-large_image_height=\"1282\"href='https:\/\/www.radiopiu.net\/wordpress\/wp-content\/uploads\/2021\/07\/WhatsApp-Image-2021-06-07-at-20.22.51-1.jpg'><img loading=\"lazy\" decoding=\"async\" width=\"150\" height=\"150\" src=\"https:\/\/www.radiopiu.net\/wordpress\/wp-content\/uploads\/2021\/07\/WhatsApp-Image-2021-06-07-at-20.22.51-1-150x150.jpg\" class=\"attachment-thumbnail size-thumbnail\" alt=\"\" \/><\/a>\n\t\t\t\t<\/dt><\/dl><br style=\"clear: both\" \/>\n\t\t\t<\/div>\n\n<p>&nbsp;<\/p>\n<p>&nbsp;<\/p>\n<p>&nbsp;<\/p>\n<p>*****<\/p>\n<p>&nbsp;<\/p>\n<p>&nbsp;<\/p>\n","protected":false},"excerpt":{"rendered":"<p>RIVAMONTE Lei \u00e8 Thaise Ramos, origini brasiliane, vive a Rivamonte e frequenta l&#8217;ITI Segato di Belluno. Nelle ultime ore \u00e8 stata protagonista di un&#8217;intervista di Sara Trevisan, formatrice e autrice. Thaise la si pu\u00f2 definire una vera artista, la sua passione \u00e8 disegnare sulle tavole di legno. Una passione nata da poco grazie all&#8217;amicizia con&hellip;<\/p>\n","protected":false},"author":4,"featured_media":220606,"comment_status":"closed","ping_status":"open","sticky":false,"template":"","format":"standard","meta":{"_monsterinsights_skip_tracking":false,"_monsterinsights_sitenote_active":false,"_monsterinsights_sitenote_note":"","_monsterinsights_sitenote_category":0,"footnotes":""},"categories":[51,49],"tags":[],"class_list":["post-220603","post","type-post","status-publish","format-standard","has-post-thumbnail","hentry","category-evidenza-top","category-news-18","category-51","category-49","description-off"],"img_url":"https:\/\/www.radiopiu.net\/wordpress\/wp-content\/uploads\/2021\/07\/Schermata-2021-07-08-alle-10.55.15.png","_links":{"self":[{"href":"https:\/\/www.radiopiu.net\/wordpress\/wp-json\/wp\/v2\/posts\/220603","targetHints":{"allow":["GET"]}}],"collection":[{"href":"https:\/\/www.radiopiu.net\/wordpress\/wp-json\/wp\/v2\/posts"}],"about":[{"href":"https:\/\/www.radiopiu.net\/wordpress\/wp-json\/wp\/v2\/types\/post"}],"author":[{"embeddable":true,"href":"https:\/\/www.radiopiu.net\/wordpress\/wp-json\/wp\/v2\/users\/4"}],"replies":[{"embeddable":true,"href":"https:\/\/www.radiopiu.net\/wordpress\/wp-json\/wp\/v2\/comments?post=220603"}],"version-history":[{"count":0,"href":"https:\/\/www.radiopiu.net\/wordpress\/wp-json\/wp\/v2\/posts\/220603\/revisions"}],"wp:featuredmedia":[{"embeddable":true,"href":"https:\/\/www.radiopiu.net\/wordpress\/wp-json\/wp\/v2\/media\/220606"}],"wp:attachment":[{"href":"https:\/\/www.radiopiu.net\/wordpress\/wp-json\/wp\/v2\/media?parent=220603"}],"wp:term":[{"taxonomy":"category","embeddable":true,"href":"https:\/\/www.radiopiu.net\/wordpress\/wp-json\/wp\/v2\/categories?post=220603"},{"taxonomy":"post_tag","embeddable":true,"href":"https:\/\/www.radiopiu.net\/wordpress\/wp-json\/wp\/v2\/tags?post=220603"}],"curies":[{"name":"wp","href":"https:\/\/api.w.org\/{rel}","templated":true}]}}