{"id":220622,"date":"2021-07-08T12:26:17","date_gmt":"2021-07-08T10:26:17","guid":{"rendered":"https:\/\/www.radiopiu.net\/wordpress\/?p=220622"},"modified":"2021-07-09T09:38:34","modified_gmt":"2021-07-09T07:38:34","slug":"giorgetti-non-ci-sono-le-condizioni-per-la-proposta-italcomp-bona-fiom-cgil-le-parti-sindacali-non-sono-state-chiamate-in-causa","status":"publish","type":"post","link":"https:\/\/www.radiopiu.net\/wordpress\/giorgetti-non-ci-sono-le-condizioni-per-la-proposta-italcomp-bona-fiom-cgil-le-parti-sindacali-non-sono-state-chiamate-in-causa\/","title":{"rendered":"GIORGETTI: &#8220;NON CI SONO LE CONDIZIONI PER LA PROPOSTA ITALCOMP&#8221;. BONA (FIOM CGIL): &#8220;LE PARTI SINDACALI NON SONO STATE CHIAMATE IN CAUSA&#8221;"},"content":{"rendered":"<p><span style=\"color: #0000ff;\"><strong>PER RICEVERE QUESTO NOTIZIARIO DIRETTAMENTE SUL TUO CELLULARE ISCRIVITI AL CANALE TELEGRAM \u201cRADIO PIU\u00a0 INFORMAZIONE\u201d<\/strong><\/span><\/p>\n<blockquote>\n<h3><\/h3>\n<\/blockquote>\n<p><strong><a href=\"https:\/\/www.radiopiu.net\/wordpress\/acc-mel-lopinione-di-stefano-bona-fiom-cigl\/acc-mel-2\/\" rel=\"attachment wp-att-217731\"><img loading=\"lazy\" decoding=\"async\" class=\"size-medium wp-image-217731 alignleft\" src=\"https:\/\/www.radiopiu.net\/wordpress\/wp-content\/uploads\/2021\/06\/ACC-MEL-300x171.png\" alt=\"\" width=\"300\" height=\"171\" srcset=\"https:\/\/www.radiopiu.net\/wordpress\/wp-content\/uploads\/2021\/06\/ACC-MEL-300x171.png 300w, https:\/\/www.radiopiu.net\/wordpress\/wp-content\/uploads\/2021\/06\/ACC-MEL-1024x585.png 1024w, https:\/\/www.radiopiu.net\/wordpress\/wp-content\/uploads\/2021\/06\/ACC-MEL-768x439.png 768w, https:\/\/www.radiopiu.net\/wordpress\/wp-content\/uploads\/2021\/06\/ACC-MEL.png 1376w\" sizes=\"auto, (max-width: 300px) 100vw, 300px\" \/><\/a>ROMA<\/strong> &#8220;<em>Abbiamo esplorato, insieme con la viceministra Todde, tutte le possibilit\u00e1 della proposta Italcomp del commissario straordinario di Acc che avrebbe potuto coinvolgere Embraco. Purtroppo, pur consapevoli della situazione delicata e difficile, non ci sono le condizioni essenziali cio\u00e8 proposte di investitori privati per proseguire con esito positivo su questa strada<\/em>&#8220;. Lo dichiara in una nota il ministro dello sviluppo economico Giancarlo Giorgetti. &#8220;<em>L&#8217;obiettivo &#8211; prosegue &#8211; \u00e8 superare l&#8217;attuale stallo e in questo senso continuano senza sosta le valutazioni della viceministra Todde, che ha la mia fiducia e che sta seguendo da tempo la vicenda di questa crisi<\/em>&#8220;.<\/p>\n<p>&nbsp;<\/p>\n<hr \/>\n<blockquote>\n<h3><\/h3>\n<h3>BONA (FIOM CGIL): &#8220;LE PARTI SINDACALI NON SONO STATE CHIAMATE IN CAUSA&#8221;<\/h3>\n<\/blockquote>\n<p><strong><a href=\"https:\/\/www.radiopiu.net\/wordpress\/acc-consegna-i-compressori-gesto-simbolico-dai-grandi-significati\/download-1114\/\" rel=\"attachment wp-att-197665\"><img loading=\"lazy\" decoding=\"async\" class=\"size-full wp-image-197665 alignright\" src=\"https:\/\/www.radiopiu.net\/wordpress\/wp-content\/uploads\/2021\/03\/download-2.jpg\" alt=\"\" width=\"300\" height=\"168\" \/><\/a>BORGO VALBELLUNA<\/strong> La risposta di Stefano Bona della FIOM CGIL di Belluno non si fa attendere: &#8220;<em>In total spregio delle organizzazioni sindacali e dei lavoratori apprendiamo a mezzo stampa da parte del ministro Giorgetti la non perseguibilit\u00e0 del progetto Italcomp. Prendiamo atto della ritrovata sintonia e unit\u00e0 di intenti tra il ministro e il vice ministro Todde ma non possiamo non precisare che il progetto Italcomp era stato presentato in veste ufficiale dalla stessa Todde il 15 Settembre in prefettura a Torino il 2 ottobre in quella di Belluno in presenza di tutte le cariche istituzionali e poi ratificato il 12 novembre al tavolo ministeriale. Lo scorso 23 Aprile nell&#8217;ultimo tavolo ministeriale il viceministro Todde aveva ribadito in modo chiaro la prosecuzione del progetto e dichiarato il tavolo aperto salvo poi con la farsa del verbale, scritto o non scritto, ancor oggi sconosciuto, sconfessare se stessa e il governo. Appare come minimo bizzarro che il &#8220;fidanzamento&#8221; Todde-Giorgetti chiuda definitivamente il progetto Italcomp, ribadiamo concepito e proposto dal governo con l&#8217;allora ministro Patuanelli. Veramente il cosidetto governo dei migliori pensa che siamo tutti degli stupidi e in quale parte della loro azione di governo risiede il rispetto delle parti, lavoratori in primis! Infine, quali soluzioni per Acc se Italcomp \u00e8 morto! svendita a Bengalesi o a grandi gruppi che la distruggerebbero? Oppure un piano di rilancio con l&#8217;arrivo dei finanziamenti promessi? Siamo alla commedia se non alla farsa! Spettacolo deprimente sulla pelle dei lavoratori! Si decide la fine di Italcomp e lo si comunica a mezzo stampa, senza convocare le parti, ma quando mai \u00e8 successo prima? e nemmeno una parola su Acc che aspetta agonizzante le loro verifiche<\/em>&#8220;.<\/p>\n<p>&nbsp;<\/p>\n<hr \/>\n<p>&nbsp;<\/p>\n<blockquote><p>&nbsp;<\/p>\n<h3><a class=\"dt-pswp-item\" href=\"https:\/\/www.radiopiu.net\/wordpress\/wp-content\/uploads\/2021\/07\/download-1.jpg\" data-dt-img-description=\"\" data-large_image_width=\"298\" data-large_image_height=\"169\"><img loading=\"lazy\" decoding=\"async\" class=\"wp-image-220834 alignleft\" src=\"https:\/\/www.radiopiu.net\/wordpress\/wp-content\/uploads\/2021\/07\/download-1.jpg\" alt=\"\" width=\"247\" height=\"140\" \/><\/a>\u201cServe un tavolo per definire il futuro dello stabilimento\u201d<\/h3>\n<p>ALLA RADIO, MAURO ZUGLIAN Rsu Acc della Fim<\/p>\n<audio class=\"wp-audio-shortcode\" id=\"audio-220622-1\" preload=\"none\" style=\"width: 100%;\" controls=\"controls\"><source type=\"audio\/mpeg\" src=\"https:\/\/www.radiopiu.net\/wordpress\/wp-content\/uploads\/2021\/07\/mauro-zuglian.mp3?_=1\" \/><a href=\"https:\/\/www.radiopiu.net\/wordpress\/wp-content\/uploads\/2021\/07\/mauro-zuglian.mp3\">https:\/\/www.radiopiu.net\/wordpress\/wp-content\/uploads\/2021\/07\/mauro-zuglian.mp3<\/a><\/audio>\n<p>&nbsp;<\/p><\/blockquote>\n<p><em><strong><a href=\"https:\/\/www.radiopiu.net\/wordpress\/doppio-silenzio-del-mise-un-attacco-indiretto-ai-posti-di-lavoro-di-borgo-valbelluna\/141645fb-d734-4423-881e-954ef96c3bcf-2\/\" rel=\"attachment wp-att-219348\"><img loading=\"lazy\" decoding=\"async\" class=\" wp-image-219348 alignleft\" src=\"https:\/\/www.radiopiu.net\/wordpress\/wp-content\/uploads\/2021\/07\/141645fb-d734-4423-881e-954ef96c3bcf-300x225.jpg\" alt=\"\" width=\"191\" height=\"143\" srcset=\"https:\/\/www.radiopiu.net\/wordpress\/wp-content\/uploads\/2021\/07\/141645fb-d734-4423-881e-954ef96c3bcf-300x225.jpg 300w, https:\/\/www.radiopiu.net\/wordpress\/wp-content\/uploads\/2021\/07\/141645fb-d734-4423-881e-954ef96c3bcf-1024x768.jpg 1024w, https:\/\/www.radiopiu.net\/wordpress\/wp-content\/uploads\/2021\/07\/141645fb-d734-4423-881e-954ef96c3bcf-768x576.jpg 768w, https:\/\/www.radiopiu.net\/wordpress\/wp-content\/uploads\/2021\/07\/141645fb-d734-4423-881e-954ef96c3bcf-1536x1152.jpg 1536w, https:\/\/www.radiopiu.net\/wordpress\/wp-content\/uploads\/2021\/07\/141645fb-d734-4423-881e-954ef96c3bcf.jpg 2000w\" sizes=\"auto, (max-width: 191px) 100vw, 191px\" \/><\/a>BORGO VALBELLUNA <\/strong>\u201cNon sorprende n\u00e8 i lavoratori n\u00e8 i sindacati l\u2019epilogo di un piano industriale che vedeva Borgo Valbelluna e Chieri al centro di un polo nazionale del compressore. Dal momento dell\u2019insediamento, il nuovo ministro non ha mai nascosto di preferire il modello Corneliani \u00a0e non ha mai avuto paura di mostrare imbarazzo ogni qualvolta veniva indicato il piano ideato dal suo predecessore quale soluzione della vertenza. Non sorprende neppure la modalit\u00e0 mezzo stampa con cui il Ministro comunica la fine del progetto \u00a0Itlacomp la cui nascita, giusto per ricordare, \u00e8 stata annunciata prima ai giornali. Quello che sorprende \u00e8 come i rappresentanti di un territorio e i lavoratori continuino a trovare soluzioni per garantire la sopravvivenza dello stabilimento e a livello nazionale continuino a spostare i termini del problema. Una volta manca il capitale pubblico, una volta manca il capitale privato, per alcuni il coinvolgimento pubblico potrebbe trainare un interesse privato, per altri senza il privato non pu\u00f2 esserci aiuto pubblico. Questo come a sottolineare che la soluzione per ACC sia in realt\u00e0 una questione di dottrina economica: niente di pi\u00f9 falso&#8221;.<\/em><\/p>\n<p>&nbsp;<\/p>\n<p>&nbsp;<\/p>\n<p>&nbsp;<\/p>\n<blockquote>\n<h3><\/h3>\n<\/blockquote>\n<p>&nbsp;<\/p>\n<p>&nbsp;<\/p>\n<p>&nbsp;<\/p>\n<hr \/>\n<p>&nbsp;<\/p>\n<p>&nbsp;<\/p>\n<div>\n<blockquote>\n<h2><span style=\"font-size: large;\">\u00a0\u00abQui si dimenticano le produzioni strategiche del made in Italy\u00bb<\/span><\/h2>\n<\/blockquote>\n<p><em>\u00abL\u2019abbandono del progetto Italcomp \u00e8 segno tangibile di un governo che abdica alle sue funzioni e dimentica una produzione strategica per il made in Italy. Se di fronte alla crisi questa \u00e8 la risposta, significa che non si sono comprese fino in fondo le conseguenze del Covid sulle lavorazioni tipiche dell\u2019industria italiana\u00bb<\/em>. \u00c8 quanto afferma il deputato di Forza Italia Dario Bond relativamente alla comunicazione del ministro Giorgetti sul progetto Italcomp, definita \u201cnon perseguibile\u201d.<em> \u00abIn un altro Paese, con lobby europee, si sarebbe proceduto con una sorta di statalizzazione, con garanzie dello Stato e avviamento temporaneo dell\u2019attivit\u00e0 per far nascere e sviluppare il polo, per creare tecnologia, lavoro e sviluppo&#8221;.<\/em><\/p>\n<\/div>\n<p>&nbsp;<\/p>\n<p>*****<\/p>\n","protected":false},"excerpt":{"rendered":"<p>PER RICEVERE QUESTO NOTIZIARIO DIRETTAMENTE SUL TUO CELLULARE ISCRIVITI AL CANALE TELEGRAM \u201cRADIO PIU\u00a0 INFORMAZIONE\u201d ROMA &#8220;Abbiamo esplorato, insieme con la viceministra Todde, tutte le possibilit\u00e1 della proposta Italcomp del commissario straordinario di Acc che avrebbe potuto coinvolgere Embraco. Purtroppo, pur consapevoli della situazione delicata e difficile, non ci sono le condizioni essenziali cio\u00e8 proposte&hellip;<\/p>\n","protected":false},"author":4,"featured_media":219343,"comment_status":"closed","ping_status":"open","sticky":false,"template":"","format":"standard","meta":{"_monsterinsights_skip_tracking":false,"_monsterinsights_sitenote_active":false,"_monsterinsights_sitenote_note":"","_monsterinsights_sitenote_category":0,"footnotes":""},"categories":[51,49],"tags":[],"class_list":["post-220622","post","type-post","status-publish","format-standard","has-post-thumbnail","hentry","category-evidenza-top","category-news-18","category-51","category-49","description-off"],"img_url":"https:\/\/www.radiopiu.net\/wordpress\/wp-content\/uploads\/2021\/07\/808d5912-a714-45f8-b1f6-ecfe9e03d925.jpg","_links":{"self":[{"href":"https:\/\/www.radiopiu.net\/wordpress\/wp-json\/wp\/v2\/posts\/220622","targetHints":{"allow":["GET"]}}],"collection":[{"href":"https:\/\/www.radiopiu.net\/wordpress\/wp-json\/wp\/v2\/posts"}],"about":[{"href":"https:\/\/www.radiopiu.net\/wordpress\/wp-json\/wp\/v2\/types\/post"}],"author":[{"embeddable":true,"href":"https:\/\/www.radiopiu.net\/wordpress\/wp-json\/wp\/v2\/users\/4"}],"replies":[{"embeddable":true,"href":"https:\/\/www.radiopiu.net\/wordpress\/wp-json\/wp\/v2\/comments?post=220622"}],"version-history":[{"count":0,"href":"https:\/\/www.radiopiu.net\/wordpress\/wp-json\/wp\/v2\/posts\/220622\/revisions"}],"wp:featuredmedia":[{"embeddable":true,"href":"https:\/\/www.radiopiu.net\/wordpress\/wp-json\/wp\/v2\/media\/219343"}],"wp:attachment":[{"href":"https:\/\/www.radiopiu.net\/wordpress\/wp-json\/wp\/v2\/media?parent=220622"}],"wp:term":[{"taxonomy":"category","embeddable":true,"href":"https:\/\/www.radiopiu.net\/wordpress\/wp-json\/wp\/v2\/categories?post=220622"},{"taxonomy":"post_tag","embeddable":true,"href":"https:\/\/www.radiopiu.net\/wordpress\/wp-json\/wp\/v2\/tags?post=220622"}],"curies":[{"name":"wp","href":"https:\/\/api.w.org\/{rel}","templated":true}]}}