{"id":220639,"date":"2021-07-08T14:47:33","date_gmt":"2021-07-08T12:47:33","guid":{"rendered":"https:\/\/www.radiopiu.net\/wordpress\/?p=220639"},"modified":"2021-07-09T06:26:27","modified_gmt":"2021-07-09T04:26:27","slug":"dopo-il-temporale-recuperati-gli-alpinisti-incrodati-sul-civetta","status":"publish","type":"post","link":"https:\/\/www.radiopiu.net\/wordpress\/dopo-il-temporale-recuperati-gli-alpinisti-incrodati-sul-civetta\/","title":{"rendered":"DOPO IL TEMPORALE, RECUPERATI GLI ALPINISTI INCRODATI SUL CIVETTA"},"content":{"rendered":"<blockquote><p><span style=\"color: #0000ff;\"><strong>PER\u00a0RICEVERE QUESTO NOTIZIARIO DIRETTAMENTE SUL TUO CELLULARE ISCRIVITI AL CANALE TELEGRAM\u00a0\u201cRADIO PIU\u00a0 INFORMAZIONE\u201d\u00a0<\/strong><\/span><br \/>\n\u200b<\/p>\n<p><strong><img loading=\"lazy\" decoding=\"async\" class=\"alignleft\" src=\"https:\/\/www.radiopiu.net\/wordpress\/wp-content\/uploads\/2021\/07\/salt_20210706_175749_154.jpg\" width=\"260\" height=\"347\" \/>ALLEGHE<\/strong> Due alpinisti bloccati in parete dopo una notte di pioggia e la nebbia che ostacola l&#8217;avvicinamento dell&#8217;elicottero. \u00c8 stato un intervento impegnativo quello che questa mattina ha permesso il recupero di una cordata, colpita dal temporale sul 24\u00b0 tiro della Via Colonne d&#8217;Ercole alla Punta Tissi sul Civetta. L&#8217;allarme era scattato nella notte, quando attorno all&#8217;una i due scalatori avevano contattato il 118, fradici e infreddoliti. Dopo aver organizzato la missione nella notte, questa mattina alle 6.20 il Pelikan di Bolzano ha imbarcato il tecnico di elisoccorso del Suem di Pieve di Cadore ed \u00e8 volato verso la parete nord ovest del Civetta. Purtroppo la nebbia non ha permesso l&#8217;avvicinamento dell&#8217;eliambulanza fino alle 8.30 circa, quando \u00e8 stato possibile salire in volo sopra la cengia, dove i due alpinisti avevano bivaccato, e calare il tecnico con un verricello di 50 metri. Le nubi si sono richiuse appena il soccorritore e uno dei due scalatori si stavano allontanando con il verricello e, grazie alla bravura di pilota e tecnico aeronautico, il Pelikan \u00e8 rientrato al Rifugio Tissi. Poich\u00e9 la nebbia si alzava e richiudeva in tempi brevissimi, l&#8217;equipaggio ha atteso una ventina di minuti, finch\u00e9 si \u00e8 presentata un&#8217;apertura tale da permettere il decollo e il recupero del secondo alpinista, avvenuto con le stesse modalit\u00e0. Ai due scalatori, che stavano bene, il gestore del Tissi ha fornito abbigliamento asciutto e dato bevande calde. Il Pelikan \u00e8 rientrato alla base e, passato un altro breve temporale, l&#8217;elicottero del Suem di Pieve di Cadore \u00e8 atterrato al Rifugio per imbarcare il proprio tecnico di elisoccorso.<\/p><\/blockquote>\n\n\t\t\t<style type='text\/css'>\n\t\t\t\t#gallery-1 {\n\t\t\t\t\tmargin: auto;\n\t\t\t\t}\n\t\t\t\t#gallery-1 .gallery-item {\n\t\t\t\t\tfloat: left;\n\t\t\t\t\tmargin-top: 10px;\n\t\t\t\t\ttext-align: center;\n\t\t\t\t\twidth: 50%;\n\t\t\t\t}\n\t\t\t\t#gallery-1 img {\n\t\t\t\t\tborder: 2px solid #cfcfcf;\n\t\t\t\t}\n\t\t\t\t#gallery-1 .gallery-caption {\n\t\t\t\t\tmargin-left: 0;\n\t\t\t\t}\n\t\t\t\t\/* see gallery_shortcode() in wp-includes\/media.php *\/\n\t\t\t<\/style>\n\t\t<div id='gallery-1' class='dt-gallery-container gallery galleryid-220639 gallery-columns-2 gallery-size-medium'><dl class='gallery-item'>\n\t\t\t\t<dt class='gallery-icon portrait'>\n\t\t\t\t\t<a class=\"rollover rollover-zoom dt-pswp-item\" title=\"salt_20210708_104023_055-1\" data-dt-img-description=\"\" data-large_image_width=\"1773\" data-large_image_height=\"2364\"href='https:\/\/www.radiopiu.net\/wordpress\/wp-content\/uploads\/2021\/07\/salt_20210708_104023_055-1.jpg'><img loading=\"lazy\" decoding=\"async\" width=\"225\" height=\"300\" src=\"https:\/\/www.radiopiu.net\/wordpress\/wp-content\/uploads\/2021\/07\/salt_20210708_104023_055-1-225x300.jpg\" class=\"attachment-medium size-medium\" alt=\"\" srcset=\"https:\/\/www.radiopiu.net\/wordpress\/wp-content\/uploads\/2021\/07\/salt_20210708_104023_055-1-225x300.jpg 225w, https:\/\/www.radiopiu.net\/wordpress\/wp-content\/uploads\/2021\/07\/salt_20210708_104023_055-1-768x1024.jpg 768w, https:\/\/www.radiopiu.net\/wordpress\/wp-content\/uploads\/2021\/07\/salt_20210708_104023_055-1-1152x1536.jpg 1152w, https:\/\/www.radiopiu.net\/wordpress\/wp-content\/uploads\/2021\/07\/salt_20210708_104023_055-1-1536x2048.jpg 1536w, https:\/\/www.radiopiu.net\/wordpress\/wp-content\/uploads\/2021\/07\/salt_20210708_104023_055-1.jpg 1773w\" sizes=\"auto, (max-width: 225px) 100vw, 225px\" \/><\/a>\n\t\t\t\t<\/dt><\/dl><dl class='gallery-item'>\n\t\t\t\t<dt class='gallery-icon landscape'>\n\t\t\t\t\t<a class=\"rollover rollover-zoom dt-pswp-item\" title=\"salt_20210708_125720_396\" data-dt-img-description=\"\" data-large_image_width=\"2364\" data-large_image_height=\"1773\"href='https:\/\/www.radiopiu.net\/wordpress\/wp-content\/uploads\/2021\/07\/salt_20210708_125720_396.jpg'><img loading=\"lazy\" decoding=\"async\" width=\"300\" height=\"225\" src=\"https:\/\/www.radiopiu.net\/wordpress\/wp-content\/uploads\/2021\/07\/salt_20210708_125720_396-300x225.jpg\" class=\"attachment-medium size-medium\" alt=\"\" srcset=\"https:\/\/www.radiopiu.net\/wordpress\/wp-content\/uploads\/2021\/07\/salt_20210708_125720_396-300x225.jpg 300w, https:\/\/www.radiopiu.net\/wordpress\/wp-content\/uploads\/2021\/07\/salt_20210708_125720_396-1024x768.jpg 1024w, https:\/\/www.radiopiu.net\/wordpress\/wp-content\/uploads\/2021\/07\/salt_20210708_125720_396-768x576.jpg 768w, https:\/\/www.radiopiu.net\/wordpress\/wp-content\/uploads\/2021\/07\/salt_20210708_125720_396-1536x1152.jpg 1536w, https:\/\/www.radiopiu.net\/wordpress\/wp-content\/uploads\/2021\/07\/salt_20210708_125720_396-2048x1536.jpg 2048w\" sizes=\"auto, (max-width: 300px) 100vw, 300px\" \/><\/a>\n\t\t\t\t<\/dt><\/dl><br style=\"clear: both\" \/>\n\t\t\t<\/div>\n\n<div style=\"width: 960px;\" class=\"wp-video\"><video class=\"wp-video-shortcode\" id=\"video-220639-1\" width=\"960\" height=\"1696\" preload=\"metadata\" controls=\"controls\"><source type=\"video\/mp4\" src=\"https:\/\/www.radiopiu.net\/wordpress\/wp-content\/uploads\/2021\/07\/VID-20210708-WA0039.mp4?_=1\" \/><a href=\"https:\/\/www.radiopiu.net\/wordpress\/wp-content\/uploads\/2021\/07\/VID-20210708-WA0039.mp4\">https:\/\/www.radiopiu.net\/wordpress\/wp-content\/uploads\/2021\/07\/VID-20210708-WA0039.mp4<\/a><\/video><\/div>\n","protected":false},"excerpt":{"rendered":"<p>PER\u00a0RICEVERE QUESTO NOTIZIARIO DIRETTAMENTE SUL TUO CELLULARE ISCRIVITI AL CANALE TELEGRAM\u00a0\u201cRADIO PIU\u00a0 INFORMAZIONE\u201d\u00a0 \u200b ALLEGHE Due alpinisti bloccati in parete dopo una notte di pioggia e la nebbia che ostacola l&#8217;avvicinamento dell&#8217;elicottero. \u00c8 stato un intervento impegnativo quello che questa mattina ha permesso il recupero di una cordata, colpita dal temporale sul 24\u00b0 tiro della&hellip;<\/p>\n","protected":false},"author":4,"featured_media":220280,"comment_status":"closed","ping_status":"open","sticky":false,"template":"","format":"standard","meta":{"_monsterinsights_skip_tracking":false,"_monsterinsights_sitenote_active":false,"_monsterinsights_sitenote_note":"","_monsterinsights_sitenote_category":0,"footnotes":""},"categories":[51,49],"tags":[],"class_list":["post-220639","post","type-post","status-publish","format-standard","has-post-thumbnail","hentry","category-evidenza-top","category-news-18","category-51","category-49","description-off"],"img_url":"https:\/\/www.radiopiu.net\/wordpress\/wp-content\/uploads\/2021\/07\/salt_20210706_175749_154.jpg","_links":{"self":[{"href":"https:\/\/www.radiopiu.net\/wordpress\/wp-json\/wp\/v2\/posts\/220639","targetHints":{"allow":["GET"]}}],"collection":[{"href":"https:\/\/www.radiopiu.net\/wordpress\/wp-json\/wp\/v2\/posts"}],"about":[{"href":"https:\/\/www.radiopiu.net\/wordpress\/wp-json\/wp\/v2\/types\/post"}],"author":[{"embeddable":true,"href":"https:\/\/www.radiopiu.net\/wordpress\/wp-json\/wp\/v2\/users\/4"}],"replies":[{"embeddable":true,"href":"https:\/\/www.radiopiu.net\/wordpress\/wp-json\/wp\/v2\/comments?post=220639"}],"version-history":[{"count":0,"href":"https:\/\/www.radiopiu.net\/wordpress\/wp-json\/wp\/v2\/posts\/220639\/revisions"}],"wp:featuredmedia":[{"embeddable":true,"href":"https:\/\/www.radiopiu.net\/wordpress\/wp-json\/wp\/v2\/media\/220280"}],"wp:attachment":[{"href":"https:\/\/www.radiopiu.net\/wordpress\/wp-json\/wp\/v2\/media?parent=220639"}],"wp:term":[{"taxonomy":"category","embeddable":true,"href":"https:\/\/www.radiopiu.net\/wordpress\/wp-json\/wp\/v2\/categories?post=220639"},{"taxonomy":"post_tag","embeddable":true,"href":"https:\/\/www.radiopiu.net\/wordpress\/wp-json\/wp\/v2\/tags?post=220639"}],"curies":[{"name":"wp","href":"https:\/\/api.w.org\/{rel}","templated":true}]}}