{"id":220695,"date":"2021-07-08T17:52:45","date_gmt":"2021-07-08T15:52:45","guid":{"rendered":"https:\/\/www.radiopiu.net\/wordpress\/?p=220695"},"modified":"2021-07-08T17:56:26","modified_gmt":"2021-07-08T15:56:26","slug":"variante-delta-la-responsabile-della-rapida-diffusione-del-covid-nel-feltrino","status":"publish","type":"post","link":"https:\/\/www.radiopiu.net\/wordpress\/variante-delta-la-responsabile-della-rapida-diffusione-del-covid-nel-feltrino\/","title":{"rendered":"VARIANTE DELTA: LA RESPONSABILE DELLA NUOVA E RAPIDA DIFFUSIONE DEL COVID NEL FELTRINO"},"content":{"rendered":"<p align=\"LEFT\"><span style=\"color: #00000a;\"><span style=\"font-family: Calibri, serif;\"><span style=\"font-size: large;\"><span lang=\"it-IT\"><strong><img loading=\"lazy\" decoding=\"async\" class=\"alignleft\" src=\"https:\/\/www.radiopiu.net\/wordpress\/wp-content\/uploads\/2021\/07\/18b7e0c4-6bee-4efa-8519-d18d5b10f797.jpg\" width=\"235\" height=\"143\" \/>BELLUNO<\/strong> Nelle <\/span><\/span><\/span><\/span><span style=\"font-family: Calibri, serif;\"><span style=\"font-size: large;\">ultime 24 ore in Ulss Dolomiti sono emerse tre nuove positivit\u00e0 di et\u00e0 varia apparentemente non collegate al focolaio principale in Provincia. <\/span><\/span><span style=\"font-family: Calibri, serif;\"><span style=\"font-size: large;\">In riferimento a tale focolaio, tuttavia, sono pervenute le analisi prelimari di sequenziamento relative alle prime 6 positivit\u00e0 emerse, attestanti la presenza di variante Delta. Alla luce di ci\u00f2 il focolaio giovanile feltrino, che ha colpito complessivamente ad oggi una ventina di ragazzi, \u00e8 quasi con certemente attribuibile alla rapida diffusione d<\/span><\/span><span style=\"color: #00000a;\"><span style=\"font-family: Calibri, serif;\"><span style=\"font-size: large;\"><span lang=\"it-IT\">i tale<\/span><\/span><\/span><\/span><span style=\"font-family: Calibri, serif;\"><span style=\"font-size: large;\"> variante, favorita da pi\u00f9 occasioni di assembramento nella sera\/notte del 26 giugno. <\/span><\/span><span style=\"font-size: large; font-family: Calibri, serif;\">Queste nuove evidenze confermano ulteriormente la necessit\u00e0 che tutti coloro che hanno partecipato agli eventi sportivo sociale del 26 giugno scorso, all\u2019origine del focolaio, si sottopongano a tampone accedendo ai covid point di Feltre Anz\u00f9 attivo dal luned\u00ec al sabato dalle 8.30 alle 12.30 (nei giorni festivi \u00e8 attivo il covid point di Belluno ospedale). <\/span><span style=\"font-family: Calibri, serif;\"><span style=\"font-size: large;\">L\u2019accesso ai covid point \u00e8 indicato anche per chiunque sia stato esposto, in altri contesti, ad assembramenti, ad eventi sociali, a viaggi significativi o a contatti con soggetti in sorveglianza per covid. <\/span><\/span><\/p>\n","protected":false},"excerpt":{"rendered":"<p>BELLUNO Nelle ultime 24 ore in Ulss Dolomiti sono emerse tre nuove positivit\u00e0 di et\u00e0 varia apparentemente non collegate al focolaio principale in Provincia. In riferimento a tale focolaio, tuttavia, sono pervenute le analisi prelimari di sequenziamento relative alle prime 6 positivit\u00e0 emerse, attestanti la presenza di variante Delta. Alla luce di ci\u00f2 il focolaio&hellip;<\/p>\n","protected":false},"author":4,"featured_media":220503,"comment_status":"closed","ping_status":"open","sticky":false,"template":"","format":"standard","meta":{"_monsterinsights_skip_tracking":false,"_monsterinsights_sitenote_active":false,"_monsterinsights_sitenote_note":"","_monsterinsights_sitenote_category":0,"footnotes":""},"categories":[51,49],"tags":[],"class_list":["post-220695","post","type-post","status-publish","format-standard","has-post-thumbnail","hentry","category-evidenza-top","category-news-18","category-51","category-49","description-off"],"img_url":"https:\/\/www.radiopiu.net\/wordpress\/wp-content\/uploads\/2021\/07\/18b7e0c4-6bee-4efa-8519-d18d5b10f797.jpg","_links":{"self":[{"href":"https:\/\/www.radiopiu.net\/wordpress\/wp-json\/wp\/v2\/posts\/220695","targetHints":{"allow":["GET"]}}],"collection":[{"href":"https:\/\/www.radiopiu.net\/wordpress\/wp-json\/wp\/v2\/posts"}],"about":[{"href":"https:\/\/www.radiopiu.net\/wordpress\/wp-json\/wp\/v2\/types\/post"}],"author":[{"embeddable":true,"href":"https:\/\/www.radiopiu.net\/wordpress\/wp-json\/wp\/v2\/users\/4"}],"replies":[{"embeddable":true,"href":"https:\/\/www.radiopiu.net\/wordpress\/wp-json\/wp\/v2\/comments?post=220695"}],"version-history":[{"count":0,"href":"https:\/\/www.radiopiu.net\/wordpress\/wp-json\/wp\/v2\/posts\/220695\/revisions"}],"wp:featuredmedia":[{"embeddable":true,"href":"https:\/\/www.radiopiu.net\/wordpress\/wp-json\/wp\/v2\/media\/220503"}],"wp:attachment":[{"href":"https:\/\/www.radiopiu.net\/wordpress\/wp-json\/wp\/v2\/media?parent=220695"}],"wp:term":[{"taxonomy":"category","embeddable":true,"href":"https:\/\/www.radiopiu.net\/wordpress\/wp-json\/wp\/v2\/categories?post=220695"},{"taxonomy":"post_tag","embeddable":true,"href":"https:\/\/www.radiopiu.net\/wordpress\/wp-json\/wp\/v2\/tags?post=220695"}],"curies":[{"name":"wp","href":"https:\/\/api.w.org\/{rel}","templated":true}]}}