{"id":220736,"date":"2021-07-08T20:12:28","date_gmt":"2021-07-08T18:12:28","guid":{"rendered":"https:\/\/www.radiopiu.net\/wordpress\/?p=220736"},"modified":"2021-07-09T09:54:34","modified_gmt":"2021-07-09T07:54:34","slug":"andrea-fontana-fontana-nel-tempio-della-velocita","status":"publish","type":"post","link":"https:\/\/www.radiopiu.net\/wordpress\/andrea-fontana-fontana-nel-tempio-della-velocita\/","title":{"rendered":"ANDREA FONTANA FONTANA  NEL TEMPIO DELLA VELOCITA&#8217;"},"content":{"rendered":"<p><b class=\"\"><img loading=\"lazy\" decoding=\"async\" class=\"mcnImage alignleft\" src=\"https:\/\/mcusercontent.com\/0d3a50951ab94033b52804bdf\/images\/16cb24a3-d741-419d-b3ca-7d0fd412bdba.jpg\" alt=\"\" width=\"241\" height=\"130\" align=\"middle\" \/>MONZA\u00a0 <\/b>Siamo arrivati al giro di boa del campionato European Le Mans Series, che dopo le gare di Barcellona, Red Bull Ring e Le Castellet, vedr\u00e0 scendere in pista ben 44 vetture pronte a darsi battaglia per 4 ore nel famosissimo autodromo di Monza, l&#8217;autodromo pi\u00f9 veloce e storico del calendario.<\/p>\n<p><br class=\"\" \/>E\u2019 iniziato quindi il weekend di gara nel tempio della velocit\u00e0\u2019. I primi test ieri sono stati importanti per capire il comportamento dei pneumatici e trovare il giusto set-up della vettura in ottica di gara. Il veloce tracciato Italiano metter\u00e0 a dura prova le vetture e per il nostro driver Bellunese sar\u00e0 una grande sfida.\u00a0 In prima battuta il feeling \u00e8 sembrato buono, ma ci sono delle modifiche necessarie per accorciare il gap dalle prime posizioni.\u00a0 Oggi sara\u2019 la volta delle Prove Libere 1 da 90 minuti alle 13, che aiuter\u00e0 il team ed il nostro Andrea a capire meglio la vettura in vista della gara. Domani\u00a0 invece i piloti del team inglese scenderanno in pista dalle 8:45 alle 10:15 per le Prove Libere 2, mentre nel pomeriggio invece sar\u00e0 Andrea il pilota che entrer\u00e0 in pista alle 13:25 per qualificare la vettura in vista della gara di Domenica che inizier\u00e0 alle ore 11 della mattina e terminer\u00e0 alle 15. Quattro ore dove il giovane Bellunese ed i suoi compagni di squadra, daranno battaglia nella categoria GTE a bordo della loro Ferrari 488 GTE. Come sempre potrete seguire la gara in diretta streaming sul canale Youtube del European Le Mans Series o nel sito del campionato.<\/p>\n<p>&nbsp;<\/p>\n<table class=\"mcnImageBlock\" border=\"0\" width=\"100%\" cellspacing=\"0\" cellpadding=\"0\">\n<tbody class=\"mcnImageBlockOuter\">\n<tr class=\"\">\n<td class=\"mcnImageBlockInner\" valign=\"top\"><\/td>\n<\/tr>\n<\/tbody>\n<\/table>\n","protected":false},"excerpt":{"rendered":"<p>MONZA\u00a0 Siamo arrivati al giro di boa del campionato European Le Mans Series, che dopo le gare di Barcellona, Red Bull Ring e Le Castellet, vedr\u00e0 scendere in pista ben 44 vetture pronte a darsi battaglia per 4 ore nel famosissimo autodromo di Monza, l&#8217;autodromo pi\u00f9 veloce e storico del calendario. E\u2019 iniziato quindi il&hellip;<\/p>\n","protected":false},"author":4,"featured_media":220737,"comment_status":"closed","ping_status":"open","sticky":false,"template":"","format":"standard","meta":{"_monsterinsights_skip_tracking":false,"_monsterinsights_sitenote_active":false,"_monsterinsights_sitenote_note":"","_monsterinsights_sitenote_category":0,"footnotes":""},"categories":[104,49],"tags":[],"class_list":["post-220736","post","type-post","status-publish","format-standard","has-post-thumbnail","hentry","category-evidenza_3","category-news-18","category-104","category-49","description-off"],"img_url":"https:\/\/www.radiopiu.net\/wordpress\/wp-content\/uploads\/2021\/07\/4ae2efbe-dd08-4614-b2a2-b8b0f1286048.jpg","_links":{"self":[{"href":"https:\/\/www.radiopiu.net\/wordpress\/wp-json\/wp\/v2\/posts\/220736","targetHints":{"allow":["GET"]}}],"collection":[{"href":"https:\/\/www.radiopiu.net\/wordpress\/wp-json\/wp\/v2\/posts"}],"about":[{"href":"https:\/\/www.radiopiu.net\/wordpress\/wp-json\/wp\/v2\/types\/post"}],"author":[{"embeddable":true,"href":"https:\/\/www.radiopiu.net\/wordpress\/wp-json\/wp\/v2\/users\/4"}],"replies":[{"embeddable":true,"href":"https:\/\/www.radiopiu.net\/wordpress\/wp-json\/wp\/v2\/comments?post=220736"}],"version-history":[{"count":0,"href":"https:\/\/www.radiopiu.net\/wordpress\/wp-json\/wp\/v2\/posts\/220736\/revisions"}],"wp:featuredmedia":[{"embeddable":true,"href":"https:\/\/www.radiopiu.net\/wordpress\/wp-json\/wp\/v2\/media\/220737"}],"wp:attachment":[{"href":"https:\/\/www.radiopiu.net\/wordpress\/wp-json\/wp\/v2\/media?parent=220736"}],"wp:term":[{"taxonomy":"category","embeddable":true,"href":"https:\/\/www.radiopiu.net\/wordpress\/wp-json\/wp\/v2\/categories?post=220736"},{"taxonomy":"post_tag","embeddable":true,"href":"https:\/\/www.radiopiu.net\/wordpress\/wp-json\/wp\/v2\/tags?post=220736"}],"curies":[{"name":"wp","href":"https:\/\/api.w.org\/{rel}","templated":true}]}}