{"id":220790,"date":"2021-07-10T05:38:53","date_gmt":"2021-07-10T03:38:53","guid":{"rendered":"https:\/\/www.radiopiu.net\/wordpress\/?p=220790"},"modified":"2021-07-10T07:18:33","modified_gmt":"2021-07-10T05:18:33","slug":"giornale-radiopiu-10-luglio-2021-direttore-mirko-mezzacasa","status":"publish","type":"post","link":"https:\/\/www.radiopiu.net\/wordpress\/giornale-radiopiu-10-luglio-2021-direttore-mirko-mezzacasa\/","title":{"rendered":"GIORNALE RADIOPIU 10 LUGLIO 2021 DIRETTORE MIRKO MEZZACASA"},"content":{"rendered":"<h2><span style=\"color: #000000;\">AGORDINO DA PEDALARE&#8230; DA PASSO CEREDA AL DURAN ANCHE DI NOTTE, ieri sera l&#8217;originale competizione sulle due ruote, il passaggio a La Valle Agordina\u00a0<\/span><\/h2>\n\n\t\t\t<style type='text\/css'>\n\t\t\t\t#gallery-1 {\n\t\t\t\t\tmargin: auto;\n\t\t\t\t}\n\t\t\t\t#gallery-1 .gallery-item {\n\t\t\t\t\tfloat: left;\n\t\t\t\t\tmargin-top: 10px;\n\t\t\t\t\ttext-align: center;\n\t\t\t\t\twidth: 50%;\n\t\t\t\t}\n\t\t\t\t#gallery-1 img {\n\t\t\t\t\tborder: 2px solid #cfcfcf;\n\t\t\t\t}\n\t\t\t\t#gallery-1 .gallery-caption {\n\t\t\t\t\tmargin-left: 0;\n\t\t\t\t}\n\t\t\t\t\/* see gallery_shortcode() in wp-includes\/media.php *\/\n\t\t\t<\/style>\n\t\t<div id='gallery-1' class='dt-gallery-container gallery galleryid-220790 gallery-columns-2 gallery-size-medium'><dl class='gallery-item'>\n\t\t\t\t<dt class='gallery-icon landscape'>\n\t\t\t\t\t<a class=\"rollover rollover-zoom dt-pswp-item\" title=\"0fc6863a-284e-44f5-942d-fb86a539917c\" data-dt-img-description=\"\" data-large_image_width=\"1024\" data-large_image_height=\"852\"href='https:\/\/www.radiopiu.net\/wordpress\/wp-content\/uploads\/2021\/07\/0fc6863a-284e-44f5-942d-fb86a539917c.jpg'><img loading=\"lazy\" decoding=\"async\" width=\"300\" height=\"250\" src=\"https:\/\/www.radiopiu.net\/wordpress\/wp-content\/uploads\/2021\/07\/0fc6863a-284e-44f5-942d-fb86a539917c-300x250.jpg\" class=\"attachment-medium size-medium\" alt=\"\" srcset=\"https:\/\/www.radiopiu.net\/wordpress\/wp-content\/uploads\/2021\/07\/0fc6863a-284e-44f5-942d-fb86a539917c-300x250.jpg 300w, https:\/\/www.radiopiu.net\/wordpress\/wp-content\/uploads\/2021\/07\/0fc6863a-284e-44f5-942d-fb86a539917c-768x639.jpg 768w, https:\/\/www.radiopiu.net\/wordpress\/wp-content\/uploads\/2021\/07\/0fc6863a-284e-44f5-942d-fb86a539917c.jpg 1024w\" sizes=\"auto, (max-width: 300px) 100vw, 300px\" \/><\/a>\n\t\t\t\t<\/dt><\/dl><dl class='gallery-item'>\n\t\t\t\t<dt class='gallery-icon landscape'>\n\t\t\t\t\t<a class=\"rollover rollover-zoom dt-pswp-item\" title=\"b32cdbcc-5ac9-4d67-bcf3-34b57f1ecdde\" data-dt-img-description=\"\" data-large_image_width=\"1024\" data-large_image_height=\"768\"href='https:\/\/www.radiopiu.net\/wordpress\/wp-content\/uploads\/2021\/07\/b32cdbcc-5ac9-4d67-bcf3-34b57f1ecdde.jpg'><img loading=\"lazy\" decoding=\"async\" width=\"300\" height=\"225\" src=\"https:\/\/www.radiopiu.net\/wordpress\/wp-content\/uploads\/2021\/07\/b32cdbcc-5ac9-4d67-bcf3-34b57f1ecdde-300x225.jpg\" class=\"attachment-medium size-medium\" alt=\"\" srcset=\"https:\/\/www.radiopiu.net\/wordpress\/wp-content\/uploads\/2021\/07\/b32cdbcc-5ac9-4d67-bcf3-34b57f1ecdde-300x225.jpg 300w, https:\/\/www.radiopiu.net\/wordpress\/wp-content\/uploads\/2021\/07\/b32cdbcc-5ac9-4d67-bcf3-34b57f1ecdde-768x576.jpg 768w, https:\/\/www.radiopiu.net\/wordpress\/wp-content\/uploads\/2021\/07\/b32cdbcc-5ac9-4d67-bcf3-34b57f1ecdde.jpg 1024w\" sizes=\"auto, (max-width: 300px) 100vw, 300px\" \/><\/a>\n\t\t\t\t<\/dt><\/dl><br style=\"clear: both\" \/>\n\t\t\t<\/div>\n\n<h2><\/h2>\n<h2><span style=\"color: #0000ff;\">PER<strong>\u00a0RICEVERE QUESTO NOTIZIARIO DIRETTAMENTE SUL TUO CELLULARE ISCRIVITI AL CANALE TELEGRAM\u00a0<\/strong><strong>\u201cRADIO PIU\u00a0 INFORMAZIONE\u201d\u00a0<\/strong><\/span><\/h2>\n<p>&nbsp;<\/p>\n<p>Con Il Circolo culturale agordino, biblioteca civica di Agordo pomeriggio culturale-incontro con l\u2019autore nella sala \u201cdon Tamis\u201d di Agordo, presentato il libro di Mariapia Fassari Cappelletti \u201cCristalli d\u2019amore, poesie\u201d . L\u2019incontro \u00e8 allietato dalla lettura di alcune poesia da parte di Brunella Moro, introdotte dal violino di Ivan Zasso.<\/p>\n<p>https:\/\/www.facebook.com\/marco.baghy.1\/videos\/363502721884734<\/p>\n<p>&nbsp;<\/p>\n<hr \/>\n<p>&nbsp;<\/p>\n<p>&nbsp;<\/p>\n<h3><span style=\"color: #ff6600;\">Gestione Servizi Pubblici informa che a GOSALDO nelle LOCALITA&#8217; VALLASIN e PONGAN l&#8217;acqua erogata dall&#8217;acquedotto \u00e8 di nuovo potabile e pu\u00f2 essere usata, quindi, per scopi alimentari.<\/span><\/h3>\n<p>&nbsp;<\/p>\n<p>&nbsp;<\/p>\n<hr \/>\n<p>&nbsp;<\/p>\n<blockquote>\n<h3>DAL 14 AL 30 LUGLIO: CHIUSURA A GONA DELLA PROVINCIALE PER RIVAMONTE<\/h3>\n<\/blockquote>\n<p><strong><a href=\"https:\/\/www.radiopiu.net\/wordpress\/giornale-radiopiu-08-luglio-2021-direttore-mirko-mezzacasa\/d1d692aa-1d64-4765-8a42-99f32476341b-300x225\/\" rel=\"attachment wp-att-220535\"><img loading=\"lazy\" decoding=\"async\" class=\"wp-image-220535 alignleft\" src=\"https:\/\/www.radiopiu.net\/wordpress\/wp-content\/uploads\/2021\/07\/d1d692aa-1d64-4765-8a42-99f32476341b-300x225-1.jpg\" alt=\"\" width=\"105\" height=\"79\" \/><\/a>RIVAMONTE<\/strong>\u00a0Dal 14 luglio Rivamonte sar\u00e0 raggiungibile solo da Voltago (via Digoman) e da Gosaldo, infatti la strada chiuder\u00e0 (anche nei giorni festivi e prefestivi) in localit\u00e0 Gona per permettere i lavori di consolidamento del piano viabile come noto franato anche recentemente.<\/p>\n<p>&nbsp;<\/p>\n<p>&nbsp;<\/p>\n<p>&nbsp;<\/p>\n<hr \/>\n<p>&nbsp;<\/p>\n<blockquote>\n<h3>IN AUTOSTRADA: UBRIACO IN CONTROMANO PER 30 CHILOMETRI<\/h3>\n<\/blockquote>\n<p><strong><img decoding=\"async\" class=\"alignleft\" src=\"https:\/\/www.radiopiu.net\/wordpress\/wp-content\/uploads\/2021\/07\/download-2.jpg\" \/>CONEGLIANO<\/strong>.E&#8217; auspicabile che la patente non la veda pi\u00f9, per garantire l&#8217;incolumit\u00e0 degli altri visto che della sua poco gliene importa. Prima si \u00e8 ubriacato e poi ha guidato per 30 chilometri in autostrada confondendo l&#8217;entrata con l&#8217;uscita. Sulla A 27\u00a0 il fenomeno da citare come uno dei peggiori esempi della strada\u00a0 \u00e8 stato infine\u00a0 fermato dalla polizia stradale.\u00a0 Era l\u2019una e mezza di venerdi mattina\u00a0 e le telefonate degli automobilisti impauriti sono piovute al centralino del\u00a0 113.\u00a0 L&#8217;uomo era al volante di\u00a0 una Bmw in corsia di\u00a0 sorpasso\u00a0 \u00a0tra il casello di Conegliano e quello di Vittorio Veneto. Il conducente \u00e8 uno straniero, F.N, di 43 anni, regolarmente soggiornante nel territorio nazionale, residente nel bergamasco e nel bellunese per lavoro, con un tasso alcolemico ben oltre al limite consentito. E&#8217;\u00a0 stato denunciato all&#8217;Autorit\u00e0 Giudiziaria, andr\u00e0 a processo dimenticando l&#8217;auto sequestrata e soprattutto mettendo mano al portafoglio per una sanzione che potrebbe superare i 10mila euro.<\/p>\n<p>&nbsp;<\/p>\n<p>&nbsp;<\/p>\n<p>&nbsp;<\/p>\n<p>&nbsp;<\/p>\n<hr \/>\n<blockquote>\n<h2><img loading=\"lazy\" decoding=\"async\" class=\"alignleft\" src=\"https:\/\/www.radiopiu.net\/wordpress\/wp-content\/uploads\/2021\/07\/20180811_132550-scaled.jpg\" width=\"117\" height=\"87\" \/>SCIVOLA NEL BOSCO<\/h2>\n<\/blockquote>\n<p><strong>ALANO DI PIAVE\u00a0<\/strong> \u00a0Una donna\u00a0 in compagnia di un&#8217;altra persona \u00e8\u00a0 scivolata mentre stava camminando nei boschi sopra Fener. Raggiunta da una squadra, B.C., 73 anni, di Valdobbiadene (TV)\u00a0 \u00e8 stata accompagnata all&#8217;ospedale di Feltre per un trauma al braccio<\/p>\n<p>&nbsp;<\/p>\n<p>&nbsp;<\/p>\n<p>&nbsp;<\/p>\n<hr \/>\n<p>&nbsp;<\/p>\n<blockquote>\n<h3>DAL FESTAIOLO FOCOLAIO FELTRINO ALTRI 8 POSITIVI<\/h3>\n<\/blockquote>\n<p><strong><img loading=\"lazy\" decoding=\"async\" class=\"alignleft\" src=\"https:\/\/www.radiopiu.net\/wordpress\/wp-content\/uploads\/2020\/03\/ULSS-1-DOLOMITI-LOGO.jpg\" width=\"148\" height=\"109\" \/>BELLUNO<\/strong> <span style=\"color: #00000a;\"><span style=\"font-family: Calibri, serif;\"><span style=\"font-size: large;\"><span lang=\"it-IT\">Nelle <\/span><\/span><\/span><\/span><span style=\"font-family: Calibri, serif;\"><span style=\"font-size: large;\">ultime 24 ore in Ulss Dolomiti sono emerse otto nuove positivit\u00e0 covid due dei quali certamente ricondocibili al focolaio che ha avuto origine nel Feltrino il 26 giugno scorso. Gli altri sei casi, anch\u2019essi giovanili, <\/span><\/span><span style=\"color: #00000a;\"><span style=\"font-family: Calibri, serif;\"><span style=\"font-size: large;\"><span lang=\"it-IT\">sembrano afferire ad altri percorsi di contagi sui quali sono in corso indagini di dettaglio per la ricostruzione delle catene epidemiche. <\/span><\/span><\/span><\/span><span style=\"color: #00000a;\"><span style=\"font-family: Calibri, serif;\"><span style=\"font-size: large;\"><span lang=\"it-IT\">Molti di questi casi presentano numerosi contatti adeguatamente descritti dai ragazzi intervistati. Per questi contatti \u00e8 previsto un primo tampone, l\u2019attenta sorveglianza sanitaria per la rapida individuazione per l\u2019insorgenza di sintomi e un tampone di uscita fra 10 giorni.\u00a0<\/span><\/span><\/span><\/span><\/p>\n<p>&nbsp;<\/p>\n<p>&nbsp;<\/p>\n<hr \/>\n<p>&nbsp;<\/p>\n<p>&nbsp;<\/p>\n<blockquote class=\"wp-embedded-content\" data-secret=\"3wFtNuL8AX\"><p><a href=\"https:\/\/www.radiopiu.net\/wordpress\/aggiornamentolug09\/\">CORONAVIRUS: AGGIORNAMENTO NAZIONALE 09 LUGLIO  2021<\/a><\/p><\/blockquote>\n<p><iframe loading=\"lazy\" class=\"wp-embedded-content\" sandbox=\"allow-scripts\" security=\"restricted\" style=\"position: absolute; clip: rect(1px, 1px, 1px, 1px);\" title=\"&#8220;CORONAVIRUS: AGGIORNAMENTO NAZIONALE 09 LUGLIO  2021&#8221; &#8212; Radio Pi\u00f9\" src=\"https:\/\/www.radiopiu.net\/wordpress\/aggiornamentolug09\/embed\/#?secret=3wFtNuL8AX\" data-secret=\"3wFtNuL8AX\" width=\"600\" height=\"338\" frameborder=\"0\" marginwidth=\"0\" marginheight=\"0\" scrolling=\"no\"><\/iframe><\/p>\n<p>&nbsp;<\/p>\n<blockquote class=\"wp-embedded-content\" data-secret=\"sGokmW73jx\"><p><a href=\"https:\/\/www.radiopiu.net\/wordpress\/sono-106-i-nuovi-positivi-in-veneto-delle-ultime-24-ore-8-a-belluno-un-decesso-ricoveri-stabili-al-san-martino-un-paziente-in-area-non-critica\/\">SONO 106 I NUOVI POSITIVI IN VENETO DELLE ULTIME 24 ORE, 8 A BELLUNO. UN DECESSO, RICOVERI STABILI. AL SAN MARTINO UN PAZIENTE IN AREA NON CRITICA<\/a><\/p><\/blockquote>\n<p><iframe loading=\"lazy\" class=\"wp-embedded-content\" sandbox=\"allow-scripts\" security=\"restricted\" style=\"position: absolute; clip: rect(1px, 1px, 1px, 1px);\" title=\"&#8220;SONO 106 I NUOVI POSITIVI IN VENETO DELLE ULTIME 24 ORE, 8 A BELLUNO. UN DECESSO, RICOVERI STABILI. AL SAN MARTINO UN PAZIENTE IN AREA NON CRITICA&#8221; &#8212; Radio Pi\u00f9\" src=\"https:\/\/www.radiopiu.net\/wordpress\/sono-106-i-nuovi-positivi-in-veneto-delle-ultime-24-ore-8-a-belluno-un-decesso-ricoveri-stabili-al-san-martino-un-paziente-in-area-non-critica\/embed\/#?secret=sGokmW73jx\" data-secret=\"sGokmW73jx\" width=\"600\" height=\"338\" frameborder=\"0\" marginwidth=\"0\" marginheight=\"0\" scrolling=\"no\"><\/iframe><\/p>\n<p><strong>\u00a0<\/strong><\/p>\n<p><strong>I GRAFICI DI TIZIANO DE COL\u00a0\u00a0<\/strong><\/p>\n\n\t\t\t<style type='text\/css'>\n\t\t\t\t#gallery-2 {\n\t\t\t\t\tmargin: auto;\n\t\t\t\t}\n\t\t\t\t#gallery-2 .gallery-item {\n\t\t\t\t\tfloat: left;\n\t\t\t\t\tmargin-top: 10px;\n\t\t\t\t\ttext-align: center;\n\t\t\t\t\twidth: 20%;\n\t\t\t\t}\n\t\t\t\t#gallery-2 img {\n\t\t\t\t\tborder: 2px solid #cfcfcf;\n\t\t\t\t}\n\t\t\t\t#gallery-2 .gallery-caption {\n\t\t\t\t\tmargin-left: 0;\n\t\t\t\t}\n\t\t\t\t\/* see gallery_shortcode() in wp-includes\/media.php *\/\n\t\t\t<\/style>\n\t\t<div id='gallery-2' class='dt-gallery-container gallery galleryid-220790 gallery-columns-5 gallery-size-thumbnail'><dl class='gallery-item'>\n\t\t\t\t<dt class='gallery-icon landscape'>\n\t\t\t\t\t<a class=\"rollover rollover-zoom dt-pswp-item\" title=\"224ede11-d297-4605-908e-49270a4efbad\" data-dt-img-description=\"\" data-large_image_width=\"608\" data-large_image_height=\"353\"href='https:\/\/www.radiopiu.net\/wordpress\/wp-content\/uploads\/2021\/07\/224ede11-d297-4605-908e-49270a4efbad.jpg'><img loading=\"lazy\" decoding=\"async\" width=\"150\" height=\"150\" src=\"https:\/\/www.radiopiu.net\/wordpress\/wp-content\/uploads\/2021\/07\/224ede11-d297-4605-908e-49270a4efbad-150x150.jpg\" class=\"attachment-thumbnail size-thumbnail\" alt=\"\" \/><\/a>\n\t\t\t\t<\/dt><\/dl><dl class='gallery-item'>\n\t\t\t\t<dt class='gallery-icon landscape'>\n\t\t\t\t\t<a class=\"rollover rollover-zoom dt-pswp-item\" title=\"ca31e426-edd5-488e-8176-c6034af0e7ed\" data-dt-img-description=\"\" data-large_image_width=\"604\" data-large_image_height=\"352\"href='https:\/\/www.radiopiu.net\/wordpress\/wp-content\/uploads\/2021\/07\/ca31e426-edd5-488e-8176-c6034af0e7ed.jpg'><img loading=\"lazy\" decoding=\"async\" width=\"150\" height=\"150\" src=\"https:\/\/www.radiopiu.net\/wordpress\/wp-content\/uploads\/2021\/07\/ca31e426-edd5-488e-8176-c6034af0e7ed-150x150.jpg\" class=\"attachment-thumbnail size-thumbnail\" alt=\"\" \/><\/a>\n\t\t\t\t<\/dt><\/dl><dl class='gallery-item'>\n\t\t\t\t<dt class='gallery-icon landscape'>\n\t\t\t\t\t<a class=\"rollover rollover-zoom dt-pswp-item\" title=\"c52f3dca-221c-44bc-982f-0bf8c8e6c903\" data-dt-img-description=\"\" data-large_image_width=\"614\" data-large_image_height=\"366\"href='https:\/\/www.radiopiu.net\/wordpress\/wp-content\/uploads\/2021\/07\/c52f3dca-221c-44bc-982f-0bf8c8e6c903.jpg'><img loading=\"lazy\" decoding=\"async\" width=\"150\" height=\"150\" src=\"https:\/\/www.radiopiu.net\/wordpress\/wp-content\/uploads\/2021\/07\/c52f3dca-221c-44bc-982f-0bf8c8e6c903-150x150.jpg\" class=\"attachment-thumbnail size-thumbnail\" alt=\"\" \/><\/a>\n\t\t\t\t<\/dt><\/dl><dl class='gallery-item'>\n\t\t\t\t<dt class='gallery-icon landscape'>\n\t\t\t\t\t<a class=\"rollover rollover-zoom dt-pswp-item\" title=\"7603f353-1afa-45ff-b57b-5219c7aa7d27\" data-dt-img-description=\"\" data-large_image_width=\"599\" data-large_image_height=\"357\"href='https:\/\/www.radiopiu.net\/wordpress\/wp-content\/uploads\/2021\/07\/7603f353-1afa-45ff-b57b-5219c7aa7d27.jpg'><img loading=\"lazy\" decoding=\"async\" width=\"150\" height=\"150\" src=\"https:\/\/www.radiopiu.net\/wordpress\/wp-content\/uploads\/2021\/07\/7603f353-1afa-45ff-b57b-5219c7aa7d27-150x150.jpg\" class=\"attachment-thumbnail size-thumbnail\" alt=\"\" \/><\/a>\n\t\t\t\t<\/dt><\/dl><dl class='gallery-item'>\n\t\t\t\t<dt class='gallery-icon landscape'>\n\t\t\t\t\t<a class=\"rollover rollover-zoom dt-pswp-item\" title=\"578327ad-add0-4458-a77f-a45cfbac8a3c\" data-dt-img-description=\"\" data-large_image_width=\"602\" data-large_image_height=\"357\"href='https:\/\/www.radiopiu.net\/wordpress\/wp-content\/uploads\/2021\/07\/578327ad-add0-4458-a77f-a45cfbac8a3c.jpg'><img loading=\"lazy\" decoding=\"async\" width=\"150\" height=\"150\" src=\"https:\/\/www.radiopiu.net\/wordpress\/wp-content\/uploads\/2021\/07\/578327ad-add0-4458-a77f-a45cfbac8a3c-150x150.jpg\" class=\"attachment-thumbnail size-thumbnail\" alt=\"\" \/><\/a>\n\t\t\t\t<\/dt><\/dl><br style=\"clear: both\" \/>\n\t\t\t<\/div>\n\n<p>&nbsp;<\/p>\n<p>&nbsp;<\/p>\n<p>&nbsp;<\/p>\n<hr \/>\n<p>&nbsp;<\/p>\n<blockquote>\n<h3>MARTEDI ALLE 10 I FUNERALI DI GABRIELLA NELL&#8217;ARCIPRETALE DI CESIOMAGGIONRE<\/h3>\n<\/blockquote>\n<p><strong>CESIOMAGGIORE<\/strong> Giorni strazianti per il marito Bruno, le figlie Claudia, Silvia e Marina, cos\u00ec come per i parenti e i tantissimi amici. Giorni di dolore e di attesa. Il nulla osta per la sepoltura \u00e8 di oggi, I famigliari con gli adorati nipoti Tommaso, Filippo, Jacopo, Martino, Margherita, Edoardo, Ludovica hanno deciso la data dei funerali: martedi alle 10 a Cesiomaggiore, alle 9.30 la recita del rosario.<\/p>\n<p><a href=\"https:\/\/www.radiopiu.net\/wordpress\/martedi-alle-10-i-funerali-di-gabriella-nellarcipretale-di-cesiomaggionre\/6d6d886f-6544-4f72-b6a4-76a5200e49d0\/\" rel=\"attachment wp-att-220971\"><img loading=\"lazy\" decoding=\"async\" class=\"alignnone size-medium wp-image-220971\" src=\"https:\/\/www.radiopiu.net\/wordpress\/wp-content\/uploads\/2021\/07\/6d6d886f-6544-4f72-b6a4-76a5200e49d0-220x300.jpg\" alt=\"\" width=\"220\" height=\"300\" srcset=\"https:\/\/www.radiopiu.net\/wordpress\/wp-content\/uploads\/2021\/07\/6d6d886f-6544-4f72-b6a4-76a5200e49d0-220x300.jpg 220w, https:\/\/www.radiopiu.net\/wordpress\/wp-content\/uploads\/2021\/07\/6d6d886f-6544-4f72-b6a4-76a5200e49d0.jpg 751w\" sizes=\"auto, (max-width: 220px) 100vw, 220px\" \/><\/a><\/p>\n<p>&nbsp;<\/p>\n<p>&nbsp;<\/p>\n<hr \/>\n<blockquote>\n<h3><\/h3>\n<h3>BUON VIAGGIO &#8220;OSTE&#8221;<\/h3>\n<\/blockquote>\n<p><strong>AGORDO<\/strong> Una settimana fa, solo una settimana fa parlavamo di te. Io e Ivan Carlin che tra i baristi della Conca Agordina con la moglie Sonia \u00e8 sicuramente <a href=\"https:\/\/www.radiopiu.net\/wordpress\/buon-viaggio-oste\/fea37066-a3c3-41d7-b5dc-91d14fd24581\/\" rel=\"attachment wp-att-220886\"><img loading=\"lazy\" decoding=\"async\" class=\"wp-image-220886 alignleft\" src=\"https:\/\/www.radiopiu.net\/wordpress\/wp-content\/uploads\/2021\/07\/fea37066-a3c3-41d7-b5dc-91d14fd24581-223x300.jpg\" alt=\"\" width=\"129\" height=\"174\" srcset=\"https:\/\/www.radiopiu.net\/wordpress\/wp-content\/uploads\/2021\/07\/fea37066-a3c3-41d7-b5dc-91d14fd24581-223x300.jpg 223w, https:\/\/www.radiopiu.net\/wordpress\/wp-content\/uploads\/2021\/07\/fea37066-a3c3-41d7-b5dc-91d14fd24581.jpg 762w\" sizes=\"auto, (max-width: 129px) 100vw, 129px\" \/><\/a>tra i migliori, come lo era suo padre Renzo e sua madre Maria Rosa. Si diceva proprio degli &#8220;oste&#8221; che lasciano il segno. Sei stato il primo nome che ci \u00e8 venuto in mente ad entrambi e in modo immediato. Noi che andavamo alla Discoteca Pop 16 sotto a Palazzo De Manzoni, ma salivamo le scale e venivamo nel tuo Bar caro Imerio, dove la birra costava meno e i sorrisi e le battute erano all&#8217;ordine del giorno <em>&#8220;Estu qua.. canibale&#8221;.<\/em> Hai segnato il corso di una storia importante per Agordo con quel bar in fondo alla piazza, o all&#8217;inizio per chi saliva da Belluno. Un grande ricordo, certo, quello che continueremo a portarci dentro. Buon viaggio Imerio e grazie anche per il servizio, i sorrisi,\u00a0 l&#8217;incredibile pazienza che hai sempre dimostrato nelle nostre lunghe mattinate di &#8220;plao&#8221;, seduti al Bar, senza &#8220;schei&#8221; dopo l&#8217;unico e primo caff\u00e8. Mica tutti ci sopportavano&#8230;<\/p>\n<p>mirko<\/p>\n<blockquote><p><strong>AGORDO Dopo 84 anni di vita intensa \u00e8 mancato Imerio Rigoni classe 1936, lascia il fratello Danilo, i nipoti. I funerali sono stati celebrati ieri con un ringraziamento dei famigliari ai medici e quanti lo hanno avuto in cura anche alla casa di riposo di Taibon e Ponte nelle Alpi.\u00a0<\/strong><\/p><\/blockquote>\n<p>&nbsp;<\/p>\n<hr \/>\n<p>&nbsp;<\/p>\n<blockquote>\n<h2>IL PREFETTO CHIEDE LA COLLABORAZIONE ALLA POLIZIA LOCALE, UOMINI E DONNE NON ARMATI E CHI PAGA GLI STRAORDINARI SERALI?<\/h2>\n<\/blockquote>\n<p><strong><img loading=\"lazy\" decoding=\"async\" class=\"alignleft\" src=\"https:\/\/www.radiopiu.net\/wordpress\/wp-content\/uploads\/2019\/12\/Controllo-congiunto-Polizia-Locale-e-Stradale-Valle-29-29-12-2019-1.jpeg\" width=\"226\" height=\"157\" \/>BELLUNO\u00a0<\/strong> Si comprendono le ragioni del Prefetto\u00a0 Mariano Savastano che chiede collaborazione alla Polizia Locale del Comune di Belluno, alla luce di alcuni episodi di risse verificatesi in centro citt\u00e0. L\u2019ordine pubblico \u00e8 un tema molto delicato, anche in previsione della finale di calcio degli\u00a0 Europei. Il sindacato Cgil Fp pone delle domande senza dubbio lecite e che necessitano di risposte: la finale con possibili assembramenti, varie ed eventuali \u00e8 prevista per domani. Il \u00a0tema della sicurezza degli stessi agenti \u00e8 da valutare con grande attenzione. Servono strumenti adatti e formazione. Non \u00e8 una cosa che si improvvisa. A ci\u00f2 si aggiunge il tema economico, poich\u00e9 anche gli agenti sono lavoratori che vanno tutelati in ogni aspetto della loro attivit\u00e0. Su questo il sindacato non ha dubbi come spiega ai microfoni di RADIO PIU&#8217; Andrea Fiocco<\/p>\n<p><span style=\"color: #ff0000;\"><strong>AUDIO<\/strong><\/span><\/p>\n<audio class=\"wp-audio-shortcode\" id=\"audio-220790-1\" preload=\"none\" style=\"width: 100%;\" controls=\"controls\"><source type=\"audio\/mpeg\" src=\"https:\/\/www.radiopiu.net\/wordpress\/wp-content\/uploads\/2021\/07\/fiocco.mp3?_=1\" \/><a href=\"https:\/\/www.radiopiu.net\/wordpress\/wp-content\/uploads\/2021\/07\/fiocco.mp3\">https:\/\/www.radiopiu.net\/wordpress\/wp-content\/uploads\/2021\/07\/fiocco.mp3<\/a><\/audio>\n<p>&nbsp;<\/p>\n<p><strong>SICUREZZA<\/strong>. Gli agenti di polizia locale del comune di Belluno, sono professionisti sicuramente disponibili, che in questi anni sono sempre intervenuti anche in supporto alle forze di polizia in caso di sinistri e quant\u2019altro. Tuttavia non sono armati, e nel caso di risse questo potrebbe rappresentare un problema per la loro incolumit\u00e0. Chi pu\u00f2 dire che tra i malintenzionati, magari ubriachi di una rissa non si nasconda una persona armata di un coltellino? Non sono neanche dotati di altri deterrenti o sistemi di protezione, come spray al peperoncino o body-cam, piccoli accorgimenti che garantirebbero un approccio diverso,<br \/>\nper\u00f2, al servizio richiesto. La scelta di avere la Polizia Locale non armata \u00e8 in capo all\u2019amministrazione, e noi crediamo che sia un bene non aver bisogno di Agenti armati: significa che la citt\u00e0 \u00e8 vivibile. Ma non si pu\u00f2 pensare dall\u2019oggi al domani di armare un Comando municipale, per il verificarsi di alcuni episodi di violenza, per quanto incresciosi e preoccupanti. Oltretutto, le citt\u00e0 che hanno la Polizia Locale armata, hanno spesso nuclei specializzati e formati a interventi in situazioni pericolose.<br \/>\n<strong>ORARI.<\/strong> La richiesta di coprire orari che si estendono fino alle 22 \u00e8 possibile, ma con una dotazione organica superiore a quella che oggi \u00e8 in campo. Creare una turnazione tra gli agenti, tale da coprire le ore serale, non \u00e8 cosa semplice con i numeri disponibili. Certo, il Comando potrebbe valutare di coprire solo i fine settimana, ma gi\u00e0 la copertura delle ore<br \/>\ndiurne, oggi, non risulta sempre agevole. Questo significa, di fatto programmare orario straordinario. Ora, l\u2019orario straordinario \u00e8, per sua natura, legato alle emergenze. La contingenza potrebbe richiedere il ricorso allo straordinario. Ma una programmazione a lungo termine diventa improponibile. Per 2 motivi: il primo \u00e8 che la legge non consente la predeterminazione dello straordinario, proprio perch\u00e9 verrebbe meno la sua peculiarit\u00e0 di lavoro richiesto per casi urgenti e improrogabili, il secondo perch\u00e9 da anni negli enti locali risulta pressoch\u00e9 impossibile pagare tutto lo straordinario che viene svolto dai lavoratori. Ovvero, ne viene pagata solo una parte. Perci\u00f2, creare un meccanismo che va a moltiplicare le ore di straordinario, che poi non potrebbero essere liquidate, per noi \u00e8 Funzione Pubblica CGIL di Belluno Gli Agenti di Polizia Locale del Comune di Belluno per sedare le risse inaccettabile. A ci\u00f2 si aggiunge anche la difficolt\u00e0 a rispettare i riposi prescritti dalla normativa. Chi lavora fino alle 22 non pu\u00f2 entrare in servizio al mattino, perch\u00e9 va garantito un adeguato recupero psico-fisico.<\/p>\n<p>&nbsp;<\/p>\n<blockquote>\n<p style=\"text-align: left;\" align=\"CENTER\"><span style=\"color: #ff0000;\"><strong><span style=\"font-family: Arial, sans-serif;\"><span style=\"font-size: large;\"><b>Maxischermo a Lambioi, posti esauriti <\/b><\/span><\/span><\/strong><\/span><span style=\"color: #ff0000;\"><strong><span style=\"font-family: Arial, sans-serif;\"><span style=\"font-size: large;\"><b>Accesso solo con prenotazione <\/b><\/span><\/span><\/strong><\/span><\/p>\n<p align=\"LEFT\"><strong><span style=\"color: #000000;\"><span style=\"font-family: Arial, sans-serif;\"><span style=\"font-size: large;\">Sono stati \u201cbruciati\u201d in poco pi\u00f9 di un&#8217;ora i 200 posti al Parco di Lambioi per assistere domenica sera alla finale del Campionato europeo di calcio. <\/span><\/span><\/span><\/strong><strong><span style=\"color: #000000;\"><span style=\"font-family: Arial, sans-serif;\"><span style=\"font-size: large;\">Si ricorda che potr\u00e0 accedere all&#8217;area del maxischermo solamente chi \u00e8 riuscito a prenotare telefonicamente il proprio posto; inoltre, dovranno essere rispettate tutte le norme anti-contagio e le distanze interpersonali. <\/span><\/span><\/span><\/strong><strong><span style=\"color: #000000;\"><span style=\"font-family: Arial, sans-serif;\"><span style=\"font-size: large;\">Per motivi di sicurezza non sar\u00e0 consentito l&#8217;accesso con contenitori di vetro, come bottiglie o bicchieri. <\/span><\/span><\/span><\/strong><strong><span style=\"color: #000000;\"><span style=\"font-family: Arial, sans-serif;\"><span style=\"font-size: large;\">Infine, il chiosco gestito da Sportivamente Belluno sar\u00e0 comunque in funzione per tutta la giornata e fino alla mezzanotte. <\/span><\/span><\/span><\/strong><\/p>\n<p align=\"LEFT\">\n<\/blockquote>\n<p>&nbsp;<\/p>\n<hr \/>\n<blockquote>\n<h3><\/h3>\n<h3>EMERGENZA PERSONALE MEDICO NEL BELLUNESE, PD &#8220;INCENTIVARE CHI LAVORA IN TERRITORI DISAGIATI&#8221;<\/h3>\n<p><strong>ALLA RADIO, ANNA MARIA BIGON<\/strong><\/p>\n<audio class=\"wp-audio-shortcode\" id=\"audio-220790-2\" preload=\"none\" style=\"width: 100%;\" controls=\"controls\"><source type=\"audio\/mpeg\" src=\"https:\/\/www.radiopiu.net\/wordpress\/wp-content\/uploads\/2021\/07\/bigon.mp3?_=2\" \/><a href=\"https:\/\/www.radiopiu.net\/wordpress\/wp-content\/uploads\/2021\/07\/bigon.mp3\">https:\/\/www.radiopiu.net\/wordpress\/wp-content\/uploads\/2021\/07\/bigon.mp3<\/a><\/audio>\n<p>\u200b<\/p><\/blockquote>\n<p><strong><img loading=\"lazy\" decoding=\"async\" class=\"alignleft\" src=\"https:\/\/www.radiopiu.net\/wordpress\/wp-content\/uploads\/2021\/02\/POSTI-LETTO-OSPEDALE.jpg\" width=\"166\" height=\"110\" \/>VENEZIA<\/strong>\u00a0 <em>\u201cDobbiamo mettere il personale medico nelle condizioni di poter lavorare dignitosamente in tutto il\u00a0\u00a0Veneto. E per farlo \u00e8 necessario riconoscere un\u2019indennit\u00e0 aggiuntiva a chi opera in aree disagiate, come quelle montane. L\u2019affidamento ai privati della Radiologia d\u2019urgenza da parte dell\u2019Ulss 1 \u00e8 emblematico: gli specialisti ci sono ma preferiscono non lavorare nel pubblico! E se manca il personale i servizi prima o poi sono destinati a chiudere. In Veneto nel 2019 si sono dimessi 464 medici ospedalieri, il 5,9% quando la media nazionale \u00e8 del 2,9%; \u00e8 un problema che in alcune zone, come il Bellunese, pesa di pi\u00f9\u201d.<\/em>\u00a0A dirlo \u00e8 Anna Maria Bigon, vicepresidente della commissione Sanit\u00e0 a Palazzo Ferro Fini, tornando sul caso dell\u2019esternalizzazione della Radiologia d\u2019urgenza.\u00a0<em>\u201c\u00c8 una situazione di difficolt\u00e0 generalizzata, che coinvolge anche i medici di famiglia e il servizio di guardia medica: non ci si pu\u00f2 limitare a chiedere al Governo. La Regione deve investire di pi\u00f9 per difendere la sanit\u00e0 pubblica che va rafforzata, come ci ha insegnato la pandemia: non tutti hanno la possibilit\u00e0 di rivolgersi al privato per una visita o un esame. Inoltre non possiamo continuare a spogliare progressivamente certi territori di servizi essenziali, altrimenti lo spopolamento, che a parole si dice di voler contrastare, diventer\u00e0 un fenomeno irreversibile\u201d.\u00a0<\/em><\/p>\n<p>&nbsp;<\/p>\n<p>&nbsp;<\/p>\n<hr \/>\n<blockquote>\n<h3><\/h3>\n<h3>ALL&#8217;OSPEDALE DI BELLUNO LA CHIRURGIA OCULISTICA IN ETA&#8217; PEDIATRICA<\/h3>\n<\/blockquote>\n<p><a href=\"https:\/\/www.radiopiu.net\/wordpress\/allospedale-di-belluno-la-chirurgia-oculistica-in-eta-pediatrica\/eye-2163237_960_720\/\" rel=\"attachment wp-att-220899\"><img loading=\"lazy\" decoding=\"async\" class=\" wp-image-220899 alignleft\" src=\"https:\/\/www.radiopiu.net\/wordpress\/wp-content\/uploads\/2021\/07\/eye-2163237_960_720-e1625833918158-300x223.jpg\" alt=\"\" width=\"223\" height=\"166\" srcset=\"https:\/\/www.radiopiu.net\/wordpress\/wp-content\/uploads\/2021\/07\/eye-2163237_960_720-e1625833918158-300x223.jpg 300w, https:\/\/www.radiopiu.net\/wordpress\/wp-content\/uploads\/2021\/07\/eye-2163237_960_720-e1625833918158-768x570.jpg 768w, https:\/\/www.radiopiu.net\/wordpress\/wp-content\/uploads\/2021\/07\/eye-2163237_960_720-e1625833918158.jpg 960w\" sizes=\"auto, (max-width: 223px) 100vw, 223px\" \/><\/a><strong>BELLUNO<\/strong> La Chirurgia oculistica in et\u00e0 pediatrica: operativo un team multidisciplinare ad alta specializzazione all\u2019ospedale di Belluno diretto dalla dr.ssa Luigina Tollot, ha consentito il trattamento dal 2011 fino ad oggi di 380 bambini affetti da strabismo e altre patologie, di cui ben 90 sotto i 3 anni. Essa attualmente si avvale di una consulenza con il Chirurgo Oculista ed \u00e8 resa possibile dalla presenza di un piccolo team di Anestesisti\u00a0 con competenza in et\u00e0 pediatrica, coordinati dal dr. Calleri. Sono state quindi messe a punto tecniche di anestesia particolarmente adatte a questi interventi altamente specialistici, prendendo in carico il piccolo sin dalla visita anestesiologica e coinvolgendolo assieme ai genitori nell\u2019assecondare il percorso di cura che lo attende. L\u2019anestesia condotta con modalit\u00e0 totalmente endovenosa e senza farmaci paralizzanti e la gestione delle vie aeree che non prevede la intubazione tracheale ma l\u2019impiego della maschera laringea, consentono da una parte di garantire la massima sicurezza nei bambini anche sotto i 3 anni di et\u00e0 e dall\u2019altra minimizzano il rischio di disturbi postoperatori come la tosse ed il vomito, che non dovrebbero mai manifestarsi dopo la chirurgia oculistica. La dimissione a casa \u00e8 possibile in giornata per i bambini che risiedono nelle vicinanze di Belluno, mentre i bambini che vengono trattati a Belluno e provengono da pi\u00f9 lontano, data la affluenza per questa chirurgia anche da altre provincie, vengono dimessi il giorno dopo l\u2019intervento.<\/p>\n<p>&nbsp;<\/p>\n<hr \/>\n<blockquote>\n<h3><\/h3>\n<h3>IL BIM SOSTIENE IL NIDO DEL SAN MARTINO<\/h3>\n<\/blockquote>\n<p><strong><a href=\"https:\/\/www.radiopiu.net\/wordpress\/bim-sindaci\/\"><img loading=\"lazy\" decoding=\"async\" class=\"wp-image-216195 alignleft\" src=\"https:\/\/www.radiopiu.net\/wordpress\/wp-content\/uploads\/2021\/06\/bim-sindaci-212x300.jpg\" alt=\"\" width=\"96\" height=\"135\" srcset=\"https:\/\/www.radiopiu.net\/wordpress\/wp-content\/uploads\/2021\/06\/bim-sindaci-212x300.jpg 212w, https:\/\/www.radiopiu.net\/wordpress\/wp-content\/uploads\/2021\/06\/bim-sindaci.jpg 300w\" sizes=\"auto, (max-width: 96px) 100vw, 96px\" \/><\/a>BELLUNO<\/strong> Il Consorzio dei Comuni del Bacino Imbrifero Montano (BIM) del Piave ha donato all\u2019Ulss Dolomiti 5.400 euro a favore della struttura per la prima infanzia \u201cNido Martino\u201d dell\u2019ospedale di Belluno. Tale somma, assegnata all\u2019Azienda anche negli anni passati, rappresenta un contributo a sostegno delle spese di gestione per il contenimento dei costi sostenuti dalle famiglie. Il Nido Aziendale, avviato nel 2011, \u00e8 una delle iniziative a sostegno di quanti lavorano nelle proprie strutture, per favorire la conciliazione vita-lavoro ed un esempio di attenzione al benessere del dipendente. Offre, infatti, un\u2019orario di apertura flessibile ed esteso per venire incontro alle esigenze dei dipendenti Ulss e con tariffe agevolate. Il nido \u00e8 stato costruito a misura di bambino per garantire il massimo benessere e attenzione. Il servizio \u00e8 molto utilizzato ed apprezzato e, anche per questo, la donazione del Consorzio BIM, che si ringrazia, \u00e8 particolarmente gradita.<\/p>\n<p>&nbsp;<\/p>\n<p>&nbsp;<\/p>\n<hr \/>\n<p>&nbsp;<\/p>\n<blockquote>\n<h3><a href=\"https:\/\/www.radiopiu.net\/wordpress\/giornale-radiopiu-18-giugno-2020-direttore-mirko-mezzacasa\/e557474c-a46e-408a-ad77-242a0f3ef7c9\/\" rel=\"attachment wp-att-144899\"><img loading=\"lazy\" decoding=\"async\" class=\"wp-image-144899 alignleft\" src=\"https:\/\/www.radiopiu.net\/wordpress\/wp-content\/uploads\/2020\/06\/e557474c-a46e-408a-ad77-242a0f3ef7c9-225x300.jpg\" alt=\"\" width=\"95\" height=\"127\" srcset=\"https:\/\/www.radiopiu.net\/wordpress\/wp-content\/uploads\/2020\/06\/e557474c-a46e-408a-ad77-242a0f3ef7c9-225x300.jpg 225w, https:\/\/www.radiopiu.net\/wordpress\/wp-content\/uploads\/2020\/06\/e557474c-a46e-408a-ad77-242a0f3ef7c9-768x1024.jpg 768w, https:\/\/www.radiopiu.net\/wordpress\/wp-content\/uploads\/2020\/06\/e557474c-a46e-408a-ad77-242a0f3ef7c9-1152x1536.jpg 1152w, https:\/\/www.radiopiu.net\/wordpress\/wp-content\/uploads\/2020\/06\/e557474c-a46e-408a-ad77-242a0f3ef7c9.jpg 1536w\" sizes=\"auto, (max-width: 95px) 100vw, 95px\" \/><\/a>LE PRIME VACCIANAZIONI IN FARMACIA<\/h3>\n<p><em>Effettuate le prime 14 dosi di vaccino anti Covid in Farmacia.<\/em><\/p><\/blockquote>\n<p><strong>BELLUNO<\/strong> La Farmacia Minciotti di Feltre ha eseguito le prime somministrazioni di vaccino anti covid, sta effettuando tamponi ed ha aderito alla campagna screening del colon retto, configurandosi come uno snodo centrale nel sistema di erogazione dei servizi. Altre Farmacie del territorio hanno aderito al progetto regionale e hanno concluso la formazione in Ulss, stanno raccogliendo adesioni per la vaccinaizone in Farmacia. La vaccinazione in farmacia \u00e8 gratuita e indicata per le persone sane (non rientranti nelle categorie estremamente vulnerabili). Le Farmacie dove sar\u00e0 possibile effettuare la vaccinazione anti covid (previa prenotazione nella Farmacia stessa) sono: Dolomiti s.a.s. (Belluno) \u2013 a partire dal 30\/06\/2021 Farmacie Chimenti s.n.c. \u2013 a partire dal 28\/06\/2021 Farmacia Baratto dr. Giovanni \u2013 a partire dal 15\/7\/2021\u00a0 \u00a0 Minciotti dr.ssa Eleonora (Feltre) \u2013 a partire dal 05\/07\/2021 Dolomiti s.a.s. (Trichiana) \u2013 a partire dal 30\/06\/2021\u00a0 \u00a0Farmacia Azienda Speciale Sedico Servizi s.r.l. (Mas di Sedico)\u00a0 a partire dal 12\/7\/2021<\/p>\n<p>&nbsp;<\/p>\n<hr \/>\n<p>&nbsp;<\/p>\n<blockquote>\n<h3>OGGI LA GIORNATA VACCINALE A PONTE NELLE ALPI<\/h3>\n<\/blockquote>\n<p><strong><a href=\"https:\/\/www.radiopiu.net\/wordpress\/giornale-radiopiu-09-luglio-2021-direttore-mirko-mezzacasa\/vaccini_a_ponte_1-1\/\" rel=\"attachment wp-att-220620\"><img loading=\"lazy\" decoding=\"async\" class=\" wp-image-220620 alignleft\" src=\"https:\/\/www.radiopiu.net\/wordpress\/wp-content\/uploads\/2021\/07\/Vaccini_a_Ponte_1-1-300x181.jpg\" alt=\"\" width=\"126\" height=\"76\" srcset=\"https:\/\/www.radiopiu.net\/wordpress\/wp-content\/uploads\/2021\/07\/Vaccini_a_Ponte_1-1-300x181.jpg 300w, https:\/\/www.radiopiu.net\/wordpress\/wp-content\/uploads\/2021\/07\/Vaccini_a_Ponte_1-1-768x464.jpg 768w, https:\/\/www.radiopiu.net\/wordpress\/wp-content\/uploads\/2021\/07\/Vaccini_a_Ponte_1-1.jpg 1024w\" sizes=\"auto, (max-width: 126px) 100vw, 126px\" \/><\/a>PONTE NELLE ALPI<\/strong> Seduta vaccinale aperta a tutti i cittadini di Ponte nelle Alpi oggi dalle 12:30 alle 15 presso il palasport. De Marchi, De Pasqual, Lorenzato, Mares, Scapol sono i 5 medici che hanno dato la disponibilit\u00e0 per la seduta. Per vaccinarsi basta presentarsi senza prenotazione con tessera sanitaria e scheda anamnestica compilata (scaricabile dal sito della ULSS 1). Le vaccinazioni sono dedicate ai maggiorenni.<\/p>\n<p>&nbsp;<\/p>\n<hr \/>\n<p>&nbsp;<\/p>\n<blockquote>\n<h3>CATEGORIE ECONOMICHE BELLUNESI MOBILITATE PER LA VACCINAZIONE: \u201cLA SCIENZA HA FATTO UN MIRACOLO, NON VANIFICHIAMOLO. CI APPELLIAMO ALLA RESPONSABILITA\u2019 DI TUTTI I BELLUNESI\u201d<\/h3>\n<\/blockquote>\n<p><strong>BELLUNO <\/strong>\u201cIl vaccino \u00e8 libert\u00e0, vita e normalit\u00e0. La scienza ha fatto un miracolo, non vanifichiamolo\u201d. \u00c8 questo il messaggio forte e chiaro che le categorie economiche bellunesi lanciano alla popolazione nei giorni in cui la stessa Ulss 1 Dolomiti sta concentrando tutte le sue forze per immunizzare i soggetti non ancora vaccinati. Confindustria Belluno Dolomiti, Confartigianato Imprese, Confcommercio, Appia-Cna, Confagricoltura e Coldiretti si stanno mobilitando \u2013 in forma unitaria e coordinata &#8211; con una campagna di informazione e sensibilizzazione, anche via social, in modo da raggiungere tutti gli associati e i loro collaboratori: \u201c<em>\u00c8 il momento della responsabilit\u00e0 collettiva se vogliamo ripartire davvero e non avere brutte sorprese con l\u2019inizio dell\u2019autunno. Il nostro \u00e8 un appello: vacciniamoci tutti senza esitazioni, facciamolo con fiducia e senso del futuro<\/em>\u201d.<\/p>\n<p>&nbsp;<\/p>\n<p>&nbsp;<\/p>\n<p>&nbsp;<\/p>\n<hr \/>\n<p>&nbsp;<\/p>\n<a href=\"https:\/\/www.radiopiu.net\/wordpress\/wp-content\/uploads\/2021\/07\/tamponi-screening-1.pdf\" class=\"pdfemb-viewer\" style=\"\" data-width=\"max\" data-height=\"max\" data-toolbar=\"top\" data-toolbar-fixed=\"on\">tamponi screening-1<\/a>\n<p>&nbsp;<\/p>\n<p>&nbsp;<\/p>\n<hr \/>\n<p>&nbsp;<\/p>\n<blockquote>\n<h3>LAVORO: L&#8217;IMPATTO DELLO SBLOCCO DEI LICENZIAMENTI IN VENETO<\/h3>\n<\/blockquote>\n<p><a href=\"https:\/\/www.radiopiu.net\/wordpress\/cadutia-al-rifugio\/people-1979261_960_720\/\" rel=\"attachment wp-att-220896\"><img loading=\"lazy\" decoding=\"async\" class=\"wp-image-220896 alignleft\" src=\"https:\/\/www.radiopiu.net\/wordpress\/wp-content\/uploads\/2021\/07\/people-1979261_960_720-300x200.jpg\" alt=\"\" width=\"170\" height=\"113\" srcset=\"https:\/\/www.radiopiu.net\/wordpress\/wp-content\/uploads\/2021\/07\/people-1979261_960_720-300x200.jpg 300w, https:\/\/www.radiopiu.net\/wordpress\/wp-content\/uploads\/2021\/07\/people-1979261_960_720-768x512.jpg 768w, https:\/\/www.radiopiu.net\/wordpress\/wp-content\/uploads\/2021\/07\/people-1979261_960_720.jpg 960w\" sizes=\"auto, (max-width: 170px) 100vw, 170px\" \/><\/a><strong>VENEZIA<\/strong> Sul sito di Veneto Lavoro \u00e8 stata pubblicata una breve analisi dell&#8217;Osservatorio Mercato del Lavoro sui <strong>primissimi impatti dello sblocco dei licenziamenti in Veneto<\/strong>. In estrema sintesi ne emerge che nei primi giorni di luglio <strong>non si \u00e8 verificato\u00a0 un significativo aumento dei licenziamenti<\/strong> rispetto all&#8217;analogo periodo degli anni pre-Covid.\u00a0 Dal 30 giugno (di fatto il primo giorno in cui le aziende potevano comunicare la cessazione del rapporto di lavoro) al 2 luglio 2021 i licenziamenti per motivi economici individuali e collettivi effettuati dalle imprese private non artigiane del manifatturiero (escluso il sistema moda) e delle costruzioni sono stati 194, un dato di molto superiore a quello del 2020, quando erano stati appena 40, ma in linea con quelli degli anni precedenti (185 nel 2019 e 179 nel 2018). Stessa considerazione per quanto riguarda le imprese che hanno effettuato i licenziamenti, il cui numero \u00e8 analogo a quelli pre-Covid. L&#8217;analisi verr\u00e0 replicata a breve per poter osservare tali dinamiche su un periodo temporale pi\u00f9 ampio. Il documento \u00e8 disponibile in allegato e nella sezione dedicata del sito di Veneto Lavoro,\u00a0<a href=\"https:\/\/www.venetolavoro.it\/misure\">www.venetolavoro.it\/misure<\/a>.<\/p>\n<p>&nbsp;<\/p>\n<hr \/>\n<blockquote>\n<h3><\/h3>\n<h3>BOTTACIN: &#8220;CON LA PROVINCIA? PERCORSO CHIARO E FORMALMENTE CONDIVISO&#8221;<\/h3>\n<\/blockquote>\n<p><strong><a href=\"https:\/\/www.radiopiu.net\/wordpress\/importante-riunione-a-valle-di-cadore-per-i-noti-problemi-che-riguardano-la-chiesa-ma-non-solo\/bottacin-63\/\" rel=\"attachment wp-att-196477\"><img loading=\"lazy\" decoding=\"async\" class=\" wp-image-196477 alignleft\" src=\"https:\/\/www.radiopiu.net\/wordpress\/wp-content\/uploads\/2021\/03\/BOTTACIN-300x203.png\" alt=\"\" width=\"219\" height=\"148\" srcset=\"https:\/\/www.radiopiu.net\/wordpress\/wp-content\/uploads\/2021\/03\/BOTTACIN-300x203.png 300w, https:\/\/www.radiopiu.net\/wordpress\/wp-content\/uploads\/2021\/03\/BOTTACIN-1024x693.png 1024w, https:\/\/www.radiopiu.net\/wordpress\/wp-content\/uploads\/2021\/03\/BOTTACIN-768x520.png 768w, https:\/\/www.radiopiu.net\/wordpress\/wp-content\/uploads\/2021\/03\/BOTTACIN-1536x1040.png 1536w, https:\/\/www.radiopiu.net\/wordpress\/wp-content\/uploads\/2021\/03\/BOTTACIN.png 1542w\" sizes=\"auto, (max-width: 219px) 100vw, 219px\" \/><\/a>VENEZIA<\/strong> L&#8217;assessore regionale Gianpaolo Bottacin dopo aver preso atto delle dichiarazioni giunte dalla Provincia tramite i consiglieri Bogana e Bortoluzzi risponde con malessere e dispiaciuto. Bottacin che ribadisce di \u00a0non aver fatto dichiarazioni \u201calla stampa\u201d, bens\u00ec in diverse riunioni formali con il presidente della Provincia e note ufficiali al medesimo indirizzate, tra cui l\u2019ultima in ordine di tempo protocollata il 7 luglio nella quale si riassumeva il percorso condiviso negli ultimi mesi in materia di difesa del suolo. Da Bottacin un invito al Presidente Padrin, ad \u00a0abbandonare le schermaglie e fare sintesi su un percorso che, dopo i tanti incontri svolti, attende solo la sua conclusione.<\/p>\n<p><strong>ALLA RADIO\u00a0<\/strong><\/p>\n<audio class=\"wp-audio-shortcode\" id=\"audio-220790-3\" preload=\"none\" style=\"width: 100%;\" controls=\"controls\"><source type=\"audio\/mpeg\" src=\"https:\/\/www.radiopiu.net\/wordpress\/wp-content\/uploads\/2021\/07\/bottacin.mp3?_=3\" \/><a href=\"https:\/\/www.radiopiu.net\/wordpress\/wp-content\/uploads\/2021\/07\/bottacin.mp3\">https:\/\/www.radiopiu.net\/wordpress\/wp-content\/uploads\/2021\/07\/bottacin.mp3<\/a><\/audio>\n<p>&nbsp;<\/p>\n<h3>Assunzioni difesa del suolo, Bogana: \u00abGrazie di nuovo all\u2019assessore Bottacin per il suo atteggiamento costruttivo nei confronti del suo territorio\u00bb<\/h3>\n<p>di Serenella Bogana<\/p>\n<p><strong>ALLA RADIO\u00a0<\/strong><\/p>\n<blockquote><audio class=\"wp-audio-shortcode\" id=\"audio-220790-4\" preload=\"none\" style=\"width: 100%;\" controls=\"controls\"><source type=\"audio\/mpeg\" src=\"https:\/\/www.radiopiu.net\/wordpress\/wp-content\/uploads\/2021\/07\/bogana.mp3?_=4\" \/><a href=\"https:\/\/www.radiopiu.net\/wordpress\/wp-content\/uploads\/2021\/07\/bogana.mp3\">https:\/\/www.radiopiu.net\/wordpress\/wp-content\/uploads\/2021\/07\/bogana.mp3<\/a><\/audio>\n<p><em>\u00abL\u2019assessore Bottacin ha ribadito che da parte della Regione Veneto non c\u2019\u00e8 nessun limite all\u2019assunzione, da parte della Provincia di Belluno, di personale da dedicare al settore difesa del suolo, in sofferenza da anni. Da parte nostra, grande giubilo rispetto a questa ennesima conferma della collaborazione dimostrata dall\u2019assessore, perch\u00e9 poter assumere personale &#8211; pur in una funzione non fondamentale per Palazzo Piloni &#8211; significa avere a cuore la risoluzione dei problemi. Siamo certi che lo stesso spirito collaborativo l\u2019assessore vorr\u00e0 accordarcelo anche in quella che lui stesso definisce \u201cdelicata partita\u201d collegata alla difesa del suolo e pi\u00f9 in generale all\u2019autonomia del territorio bellunese. Perch\u00e9 se la Provincia pu\u00f2 muoversi autonomamente sul fronte delle assunzioni, a detta dell\u2019assessore sarebbe obbligata dalla legge a un accordo quadro con la Regione per la definizione degli interventi di difesa del suolo da attuare sul territorio. E non pu\u00f2 certo essere l\u2019accordo proposto con lettera del 7 aprile scorso, secondo cui met\u00e0 delle risorse del demanio idrico, di competenza totalmente provinciale, devono andare alla Regione. Con spirito di servizio e ampia conoscenza del problema frane, l\u2019assessore &#8211; braccio destro del governatore Zaia &#8211; sapr\u00e0 certamente darci ancora una volta una mano. Anche perch\u00e9 c\u2019\u00e8 un vecchio adagio che sicuramente conosce, secondo cui \u201cse non hai la soluzione, sei parte del problema\u201d\u00bb.<\/em><\/p><\/blockquote>\n<p>&nbsp;<\/p>\n<p>&nbsp;<\/p>\n<hr \/>\n<p>&nbsp;<\/p>\n<p>&nbsp;<\/p>\n<blockquote>\n<h2>L&#8217;ABBANDONO IMPERA SULLA SOGLIA PER IL LAGO DEL MIS<\/h2>\n<\/blockquote>\n<p><strong>SOSPIROLO<\/strong> Il capogruppo di minoranza Rita Bristot ha preparato la lista della spesa, la presenter\u00e0\u00a0 al primo cittadino Mario De Bon.\u00a0 Nel pacchetto un&#8217;interrogazione in discussione\u00a0 al prossimo Consiglio comunale. &#8220;Siamo nel pieno della stagione turistica &#8211; dice la Bristot-\u00a0 il territorio deve potersi presentare al meglio invece no, siamo all&#8217;anno zero per quanto riguarda l&#8217;accoglienza e il decoro: erba alta e i rifiuti a Volpez, dove evidentemente i bidoni non sono sufficienti a contenere il materiale conferito. <em>\u201cEvidentemente serve ampliare la piazzola ecologica \u2013 commenta la consigliera -, perch\u00e8 il Comune non se ne fa carico chiedendo a Bellunum di provvedere?\u201d <\/em>E poi piazzetta delle Torbe dove c&#8217;\u00e8 un cantiere ma le transenne sono davvero troppo basse e la situazione \u00e8 pericolosa per i bambini. Quindi Pra della Melia il cui parco giochi non viene utilizzato perch\u00e8 l&#8217;erba \u00e8 troppo alta. <em>\u201cSi continua a usare la pandemia e le difficolt\u00e0 che ne sono seguite come argomento per giustificare questo immobilismo \u2013 tuona Bristot -, ma sono solo scuse secondo me. Di questo voglio discutere alla prossima assemblea consiliare. Purtroppo di riunioni se ne fanno troppo poche, di solito una ogni 4 \u2013 5 mesi, finora ce ne sono state due e questo, a mio avviso, non \u00e8 democrazia\u201d.\u00a0\u00a0<\/em><\/p>\n\n\t\t\t<style type='text\/css'>\n\t\t\t\t#gallery-3 {\n\t\t\t\t\tmargin: auto;\n\t\t\t\t}\n\t\t\t\t#gallery-3 .gallery-item {\n\t\t\t\t\tfloat: left;\n\t\t\t\t\tmargin-top: 10px;\n\t\t\t\t\ttext-align: center;\n\t\t\t\t\twidth: 25%;\n\t\t\t\t}\n\t\t\t\t#gallery-3 img {\n\t\t\t\t\tborder: 2px solid #cfcfcf;\n\t\t\t\t}\n\t\t\t\t#gallery-3 .gallery-caption {\n\t\t\t\t\tmargin-left: 0;\n\t\t\t\t}\n\t\t\t\t\/* see gallery_shortcode() in wp-includes\/media.php *\/\n\t\t\t<\/style>\n\t\t<div id='gallery-3' class='dt-gallery-container gallery galleryid-220790 gallery-columns-4 gallery-size-thumbnail'><dl class='gallery-item'>\n\t\t\t\t<dt class='gallery-icon landscape'>\n\t\t\t\t\t<a class=\"rollover rollover-zoom dt-pswp-item\" title=\"Sospirolo Bristot\" data-dt-img-description=\"\" data-large_image_width=\"720\" data-large_image_height=\"540\"href='https:\/\/www.radiopiu.net\/wordpress\/wp-content\/uploads\/2021\/07\/Sospirolo-Bristot.jpeg'><img loading=\"lazy\" decoding=\"async\" width=\"150\" height=\"150\" src=\"https:\/\/www.radiopiu.net\/wordpress\/wp-content\/uploads\/2021\/07\/Sospirolo-Bristot-150x150.jpeg\" class=\"attachment-thumbnail size-thumbnail\" alt=\"\" \/><\/a>\n\t\t\t\t<\/dt><\/dl><dl class='gallery-item'>\n\t\t\t\t<dt class='gallery-icon landscape'>\n\t\t\t\t\t<a class=\"rollover rollover-zoom dt-pswp-item\" title=\"Sospirolo Bristot 3\" data-dt-img-description=\"\" data-large_image_width=\"720\" data-large_image_height=\"540\"href='https:\/\/www.radiopiu.net\/wordpress\/wp-content\/uploads\/2021\/07\/Sospirolo-Bristot-3.jpeg'><img loading=\"lazy\" decoding=\"async\" width=\"150\" height=\"150\" src=\"https:\/\/www.radiopiu.net\/wordpress\/wp-content\/uploads\/2021\/07\/Sospirolo-Bristot-3-150x150.jpeg\" class=\"attachment-thumbnail size-thumbnail\" alt=\"\" \/><\/a>\n\t\t\t\t<\/dt><\/dl><dl class='gallery-item'>\n\t\t\t\t<dt class='gallery-icon landscape'>\n\t\t\t\t\t<a class=\"rollover rollover-zoom dt-pswp-item\" title=\"Sospirolo Bristot 1\" data-dt-img-description=\"\" data-large_image_width=\"720\" data-large_image_height=\"540\"href='https:\/\/www.radiopiu.net\/wordpress\/wp-content\/uploads\/2021\/07\/Sospirolo-Bristot-1.jpeg'><img loading=\"lazy\" decoding=\"async\" width=\"150\" height=\"150\" src=\"https:\/\/www.radiopiu.net\/wordpress\/wp-content\/uploads\/2021\/07\/Sospirolo-Bristot-1-150x150.jpeg\" class=\"attachment-thumbnail size-thumbnail\" alt=\"\" \/><\/a>\n\t\t\t\t<\/dt><\/dl><dl class='gallery-item'>\n\t\t\t\t<dt class='gallery-icon landscape'>\n\t\t\t\t\t<a class=\"rollover rollover-zoom dt-pswp-item\" title=\"Sospirolo Bristot 2\" data-dt-img-description=\"\" data-large_image_width=\"720\" data-large_image_height=\"540\"href='https:\/\/www.radiopiu.net\/wordpress\/wp-content\/uploads\/2021\/07\/Sospirolo-Bristot-2.jpeg'><img loading=\"lazy\" decoding=\"async\" width=\"150\" height=\"150\" src=\"https:\/\/www.radiopiu.net\/wordpress\/wp-content\/uploads\/2021\/07\/Sospirolo-Bristot-2-150x150.jpeg\" class=\"attachment-thumbnail size-thumbnail\" alt=\"\" \/><\/a>\n\t\t\t\t<\/dt><\/dl><br style=\"clear: both\" \/>\n\t\t\t<\/div>\n\n<p>&nbsp;<\/p>\n<p>&nbsp;<\/p>\n<p>&nbsp;<\/p>\n<hr \/>\n<p>&nbsp;<\/p>\n<blockquote>\n<h3><\/h3>\n<h3>GRANDINATE, VENTO E ALLAGAMENTI IN VENETO. ZAIA AVVIA LO STATO DI CRISI E LO STATO DI CALAMITA\u2019 PER LE ATTIVITA\u2019 AGRICOLE<\/h3>\n<\/blockquote>\n<p><strong><a href=\"https:\/\/www.radiopiu.net\/wordpress\/grandinate-vento-e-allagamenti-in-veneto-zaia-avvia-lo-stato-di-crisi-e-lo-stato-di-calamita-per-le-attivita-agricole\/grandine\/\" rel=\"attachment wp-att-220871\"><img loading=\"lazy\" decoding=\"async\" class=\" wp-image-220871 alignleft\" src=\"https:\/\/www.radiopiu.net\/wordpress\/wp-content\/uploads\/2021\/07\/GRANDINE-300x225.jpg\" alt=\"\" width=\"200\" height=\"150\" srcset=\"https:\/\/www.radiopiu.net\/wordpress\/wp-content\/uploads\/2021\/07\/GRANDINE-300x225.jpg 300w, https:\/\/www.radiopiu.net\/wordpress\/wp-content\/uploads\/2021\/07\/GRANDINE-1024x768.jpg 1024w, https:\/\/www.radiopiu.net\/wordpress\/wp-content\/uploads\/2021\/07\/GRANDINE-768x576.jpg 768w, https:\/\/www.radiopiu.net\/wordpress\/wp-content\/uploads\/2021\/07\/GRANDINE-1536x1152.jpg 1536w, https:\/\/www.radiopiu.net\/wordpress\/wp-content\/uploads\/2021\/07\/GRANDINE.jpg 1920w\" sizes=\"auto, (max-width: 200px) 100vw, 200px\" \/><\/a>VENEZIA <\/strong>Il Presidente della Regione del Veneto, Luca Zaia, con proprio decreto, ha dichiarato lo stato di crisi a seguito delle violente grandinate, degli allagamenti e delle forti raffiche di vento che gioved\u00ec hanno interessato molte zone del Veneto. In particolare il Veronese, il Vicentino e aree del Padovano del Trevigiano e del Bellunese. Il decreto rimarr\u00e0 \u201caperto\u201d in attesa che i Comuni interessati effettuino le opportune ricognizioni e il censimento dei danni provocati dal maltempo a opere pubbliche e ai privati. Contestualmente, il Presidente Zaia ha avviato le procedure per lo stato di calamit\u00e0 naturale, per il ristoro ai danni che hanno interessato le attivit\u00e0 agricole.<\/p>\n<p>&nbsp;<\/p>\n<hr \/>\n<p>&nbsp;<\/p>\n<p><strong>OGGI SUL CORRIERE DELLE ALPI\u00a0 di Gigi Sosso L&#8217;inchiesta al san martino<\/strong><\/p>\n<p><strong>Il dottor Bianchini \u00e8 scagionato Quattro medici accusati di falso<\/strong><\/p>\n<p><strong><a href=\"https:\/\/www.radiopiu.net\/wordpress\/giornale-radiopiu-10-luglio-2021-direttore-mirko-mezzacasa\/e517f7\/\" rel=\"attachment wp-att-221017\"><img loading=\"lazy\" decoding=\"async\" class=\"wp-image-221017 alignleft\" src=\"https:\/\/www.radiopiu.net\/wordpress\/wp-content\/uploads\/2021\/07\/e517f7.jpg\" alt=\"\" width=\"113\" height=\"98\" \/><\/a>BELLUNO<\/strong> L&#8217;epidemia colposa di Covid in ospedale non c&#8217;\u00e8 stata. Il falso forse. Il primo settembre la Procura della Repubblica chieder\u00e0 l&#8217;archiviazione per il primario di Otorinolaringoiatria, Roberto Bianchini. Se non c&#8217;\u00e8 stata l&#8217;epidemia per le viste in reparto da positivo al virus senza la mascherina, cade anche l&#8217;ipotesi di favoreggiamento per Raffaele Zanella, Antonella Fabbri, Cristina Bortoluzzi e Tiziana Bortot dell&#8217;Ufficio Procedimenti disciplinari. Mentre secondo il procuratore Paolo Luca rimane in piedi quella di falso per i quattro medici, a proposito della data di rientro di Bianchini dalla vacanza in Thailandia. Questione di un giorno, ma tanto basta a chiudere le indagini, inviere gli avvisi di garanzia e chiedere il loro rinvio a giudizio&#8230;<\/p>\n<p>&nbsp;<\/p>\n<hr \/>\n<p>&nbsp;<\/p>\n<blockquote>\n<h3>D&#8217;INCA&#8217; &#8220;DAL GOVERNO ULTERIORI 8,9 MILIONI DI EURO&#8221;<\/h3>\n<\/blockquote>\n<p><strong>ROMA<\/strong>\u00a0<em> \u201cUlteriori 8,9 milioni di euro sono stati messi a disposizione dal Governo per la forte ondata di maltempo che aveva coinvolto diversi territori del Veneto nello scorso mese di dicembre &#8211; dice il Ministro Federico D&#8217;Inc\u00e0\u00a0 Il Consiglio dei Ministri\u00a0 ha infatti ha deliberato l\u2019estensione degli effetti dello stato di emergenza che era gi\u00e0 stato dichiarato nei territori della provincia di Belluno e di alcuni comuni in Provincia di Vicenza&#8221;<\/em>. Si tratta di una somma che si aggiunge ai primi 7,4 milioni di euro gi\u00e0 messi a disposizione a fine dicembre 2020, che riguardavano gli interventi pi\u00f9 urgenti. Anche questo nuovo stanziamento \u00e8 considerato per gli interventi pi\u00f9 immediati.<\/p>\n<p>&nbsp;<\/p>\n<p>&nbsp;<\/p>\n<hr \/>\n<p>&nbsp;<\/p>\n<blockquote>\n<h3>MARCELLO BROCCON LASCIA LA GUIDA DELLA SEZIONE DI FELTRE DEL SOCCORSO ALPINO<\/h3>\n<\/blockquote>\n<p><strong>FELTRE<\/strong> Dopo sei anni a capo del Soccorso alpino di Feltre, quest&#8217;anno Marcello Broccon\u00a0ha ceduto il posto al suo successore, Franco Casanova. Per ringraziarlo della generosa attivit\u00e0, l&#8217;intera Stazione, riconoscente per l&#8217;operato, ha recentemente organizzato una festa in suo onore all&#8217;aperto, in una Baita del Monte Roncon. Presenti anche il sindaco di Feltre, Paolo Perenzin, che gli ha consegnato una pergamena a nome dell&#8217;amministrazione, su cui si legge &#8220;Per il qualificato e prezioso aiuto costantemente prestato alla nostra comunit\u00e0 in montagna e in occasione delle calamit\u00e0 naturali&#8221;, e il sindaco di Cesiomaggiore, Carlo Zanella, che gli ha donato un libro di montagna. In ricordo di questi anni intensi, dai suoi soccorritori Marcello ha ricevuto una targa d&#8217;argento. Il Soccorso alpino e speleologico Veneto si unisce ai ringraziamenti per la fondamentale presenza.<\/p>\n\n\t\t\t<style type='text\/css'>\n\t\t\t\t#gallery-4 {\n\t\t\t\t\tmargin: auto;\n\t\t\t\t}\n\t\t\t\t#gallery-4 .gallery-item {\n\t\t\t\t\tfloat: left;\n\t\t\t\t\tmargin-top: 10px;\n\t\t\t\t\ttext-align: center;\n\t\t\t\t\twidth: 33%;\n\t\t\t\t}\n\t\t\t\t#gallery-4 img {\n\t\t\t\t\tborder: 2px solid #cfcfcf;\n\t\t\t\t}\n\t\t\t\t#gallery-4 .gallery-caption {\n\t\t\t\t\tmargin-left: 0;\n\t\t\t\t}\n\t\t\t\t\/* see gallery_shortcode() in wp-includes\/media.php *\/\n\t\t\t<\/style>\n\t\t<div id='gallery-4' class='dt-gallery-container gallery galleryid-220790 gallery-columns-3 gallery-size-medium'><dl class='gallery-item'>\n\t\t\t\t<dt class='gallery-icon landscape'>\n\t\t\t\t\t<a class=\"rollover rollover-zoom dt-pswp-item\" title=\"Marcello (1)\" data-dt-img-description=\"\" data-large_image_width=\"1600\" data-large_image_height=\"1067\"href='https:\/\/www.radiopiu.net\/wordpress\/wp-content\/uploads\/2021\/07\/Marcello-1.jpg'><img loading=\"lazy\" decoding=\"async\" width=\"300\" height=\"200\" src=\"https:\/\/www.radiopiu.net\/wordpress\/wp-content\/uploads\/2021\/07\/Marcello-1-300x200.jpg\" class=\"attachment-medium size-medium\" alt=\"\" srcset=\"https:\/\/www.radiopiu.net\/wordpress\/wp-content\/uploads\/2021\/07\/Marcello-1-300x200.jpg 300w, https:\/\/www.radiopiu.net\/wordpress\/wp-content\/uploads\/2021\/07\/Marcello-1-1024x683.jpg 1024w, https:\/\/www.radiopiu.net\/wordpress\/wp-content\/uploads\/2021\/07\/Marcello-1-768x512.jpg 768w, https:\/\/www.radiopiu.net\/wordpress\/wp-content\/uploads\/2021\/07\/Marcello-1-1536x1024.jpg 1536w, https:\/\/www.radiopiu.net\/wordpress\/wp-content\/uploads\/2021\/07\/Marcello-1.jpg 1600w\" sizes=\"auto, (max-width: 300px) 100vw, 300px\" \/><\/a>\n\t\t\t\t<\/dt><\/dl><dl class='gallery-item'>\n\t\t\t\t<dt class='gallery-icon landscape'>\n\t\t\t\t\t<a class=\"rollover rollover-zoom dt-pswp-item\" title=\"Marcello (2)\" data-dt-img-description=\"\" data-large_image_width=\"1600\" data-large_image_height=\"1067\"href='https:\/\/www.radiopiu.net\/wordpress\/wp-content\/uploads\/2021\/07\/Marcello-2.jpg'><img loading=\"lazy\" decoding=\"async\" width=\"300\" height=\"200\" src=\"https:\/\/www.radiopiu.net\/wordpress\/wp-content\/uploads\/2021\/07\/Marcello-2-300x200.jpg\" class=\"attachment-medium size-medium\" alt=\"\" srcset=\"https:\/\/www.radiopiu.net\/wordpress\/wp-content\/uploads\/2021\/07\/Marcello-2-300x200.jpg 300w, https:\/\/www.radiopiu.net\/wordpress\/wp-content\/uploads\/2021\/07\/Marcello-2-1024x683.jpg 1024w, https:\/\/www.radiopiu.net\/wordpress\/wp-content\/uploads\/2021\/07\/Marcello-2-768x512.jpg 768w, https:\/\/www.radiopiu.net\/wordpress\/wp-content\/uploads\/2021\/07\/Marcello-2-1536x1024.jpg 1536w, https:\/\/www.radiopiu.net\/wordpress\/wp-content\/uploads\/2021\/07\/Marcello-2.jpg 1600w\" sizes=\"auto, (max-width: 300px) 100vw, 300px\" \/><\/a>\n\t\t\t\t<\/dt><\/dl><dl class='gallery-item'>\n\t\t\t\t<dt class='gallery-icon portrait'>\n\t\t\t\t\t<a class=\"rollover rollover-zoom dt-pswp-item\" title=\"Marcello (3)\" data-dt-img-description=\"\" data-large_image_width=\"1067\" data-large_image_height=\"1600\"href='https:\/\/www.radiopiu.net\/wordpress\/wp-content\/uploads\/2021\/07\/Marcello-3.jpg'><img loading=\"lazy\" decoding=\"async\" width=\"200\" height=\"300\" src=\"https:\/\/www.radiopiu.net\/wordpress\/wp-content\/uploads\/2021\/07\/Marcello-3-200x300.jpg\" class=\"attachment-medium size-medium\" alt=\"\" srcset=\"https:\/\/www.radiopiu.net\/wordpress\/wp-content\/uploads\/2021\/07\/Marcello-3-200x300.jpg 200w, https:\/\/www.radiopiu.net\/wordpress\/wp-content\/uploads\/2021\/07\/Marcello-3-683x1024.jpg 683w, https:\/\/www.radiopiu.net\/wordpress\/wp-content\/uploads\/2021\/07\/Marcello-3-768x1152.jpg 768w, https:\/\/www.radiopiu.net\/wordpress\/wp-content\/uploads\/2021\/07\/Marcello-3-1024x1536.jpg 1024w, https:\/\/www.radiopiu.net\/wordpress\/wp-content\/uploads\/2021\/07\/Marcello-3.jpg 1067w\" sizes=\"auto, (max-width: 200px) 100vw, 200px\" \/><\/a>\n\t\t\t\t<\/dt><\/dl><br style=\"clear: both\" \/>\n\t\t\t<\/div>\n\n<p>&nbsp;<\/p>\n<hr \/>\n<p>&nbsp;<\/p>\n<p><span style=\"color: #ff0000;\"><strong>IERI ALLA RADIO&#8230; RECORD DI VISUALIZZAZIONI SUL SITO DI RADIOPIU<\/strong><\/span><\/p>\n<blockquote>\n<h3>CRISTIAN E TIZIANA SPOSI A FRASSENE&#8217;. ERANO 7 ANNI CHE NON SI CELEBRAVANO MATRIMONI NELLA CHIESA DELLA FRAZIONE<\/h3>\n<\/blockquote>\n<p><strong>VOLTAGO\/FRASSENE&#8217;\u00a0<\/strong>Senza dubbio i nostri giovani sposi Tiziana Mosca e Cristian Cagnati non avrebbero immaginato la risonanza del loro matrimonio, celebrato sabato 3 luglio scorso nella chiesa di Frassen\u00e9. Eppure vale la pena ricordarlo, considerato come dal 2014 nella piccola comunit\u00e0 non ne veniva pi\u00f9 celebrato uno! Gli sposi hanno vissuto questo momento particolare di gioia attorniati dalle rispettive famiglie e dagli amici, ma in modo del tutto speciale con accanto il loro piccolo Martino. Per la comunit\u00e0 di Frassen\u00e9 \u00e8 stata occasione unica per vivere in un clima di festa, accentuato anche dalla presenza di voci dalle altre parrocchie che hanno avuto il desiderio di unirsi a quelle di Frassen\u00e9, in quello scambio fra parrocchie che in questi anni si sta cercando di portare avanti, cos\u00ec da favorire la reciprocit\u00e0 fra comunit\u00e0.<\/p>\n<p><strong>DON FABIANO DEL FAVERO, PARROCO DI VOLTAGO, RIVAMONTE E GOSALDO<\/strong><\/p>\n<audio class=\"wp-audio-shortcode\" id=\"audio-220790-5\" preload=\"none\" style=\"width: 100%;\" controls=\"controls\"><source type=\"audio\/mpeg\" src=\"https:\/\/www.radiopiu.net\/wordpress\/wp-content\/uploads\/2021\/07\/DON-FABIANO-MATRIMONIO-FRASSENE.mp3?_=5\" \/><a href=\"https:\/\/www.radiopiu.net\/wordpress\/wp-content\/uploads\/2021\/07\/DON-FABIANO-MATRIMONIO-FRASSENE.mp3\">https:\/\/www.radiopiu.net\/wordpress\/wp-content\/uploads\/2021\/07\/DON-FABIANO-MATRIMONIO-FRASSENE.mp3<\/a><\/audio>\n<p>&nbsp;<\/p>\n\n\t\t\t<style type='text\/css'>\n\t\t\t\t#gallery-5 {\n\t\t\t\t\tmargin: auto;\n\t\t\t\t}\n\t\t\t\t#gallery-5 .gallery-item {\n\t\t\t\t\tfloat: left;\n\t\t\t\t\tmargin-top: 10px;\n\t\t\t\t\ttext-align: center;\n\t\t\t\t\twidth: 50%;\n\t\t\t\t}\n\t\t\t\t#gallery-5 img {\n\t\t\t\t\tborder: 2px solid #cfcfcf;\n\t\t\t\t}\n\t\t\t\t#gallery-5 .gallery-caption {\n\t\t\t\t\tmargin-left: 0;\n\t\t\t\t}\n\t\t\t\t\/* see gallery_shortcode() in wp-includes\/media.php *\/\n\t\t\t<\/style>\n\t\t<div id='gallery-5' class='dt-gallery-container gallery galleryid-220790 gallery-columns-2 gallery-size-medium'><dl class='gallery-item'>\n\t\t\t\t<dt class='gallery-icon landscape'>\n\t\t\t\t\t<a class=\"rollover rollover-zoom dt-pswp-item\" title=\"2b247816-1f07-4ca5-b580-15b05c9f4fb4\" data-dt-img-description=\"\" data-large_image_width=\"1024\" data-large_image_height=\"768\"href='https:\/\/www.radiopiu.net\/wordpress\/wp-content\/uploads\/2021\/07\/2b247816-1f07-4ca5-b580-15b05c9f4fb4.jpg'><img loading=\"lazy\" decoding=\"async\" width=\"300\" height=\"225\" src=\"https:\/\/www.radiopiu.net\/wordpress\/wp-content\/uploads\/2021\/07\/2b247816-1f07-4ca5-b580-15b05c9f4fb4-300x225.jpg\" class=\"attachment-medium size-medium\" alt=\"\" srcset=\"https:\/\/www.radiopiu.net\/wordpress\/wp-content\/uploads\/2021\/07\/2b247816-1f07-4ca5-b580-15b05c9f4fb4-300x225.jpg 300w, https:\/\/www.radiopiu.net\/wordpress\/wp-content\/uploads\/2021\/07\/2b247816-1f07-4ca5-b580-15b05c9f4fb4-768x576.jpg 768w, https:\/\/www.radiopiu.net\/wordpress\/wp-content\/uploads\/2021\/07\/2b247816-1f07-4ca5-b580-15b05c9f4fb4.jpg 1024w\" sizes=\"auto, (max-width: 300px) 100vw, 300px\" \/><\/a>\n\t\t\t\t<\/dt><\/dl><dl class='gallery-item'>\n\t\t\t\t<dt class='gallery-icon landscape'>\n\t\t\t\t\t<a class=\"rollover rollover-zoom dt-pswp-item\" title=\"c009c125-ec9e-40dc-8a03-79326248bbb4\" data-dt-img-description=\"\" data-large_image_width=\"1024\" data-large_image_height=\"768\"href='https:\/\/www.radiopiu.net\/wordpress\/wp-content\/uploads\/2021\/07\/c009c125-ec9e-40dc-8a03-79326248bbb4.jpg'><img loading=\"lazy\" decoding=\"async\" width=\"300\" height=\"225\" src=\"https:\/\/www.radiopiu.net\/wordpress\/wp-content\/uploads\/2021\/07\/c009c125-ec9e-40dc-8a03-79326248bbb4-300x225.jpg\" class=\"attachment-medium size-medium\" alt=\"\" srcset=\"https:\/\/www.radiopiu.net\/wordpress\/wp-content\/uploads\/2021\/07\/c009c125-ec9e-40dc-8a03-79326248bbb4-300x225.jpg 300w, https:\/\/www.radiopiu.net\/wordpress\/wp-content\/uploads\/2021\/07\/c009c125-ec9e-40dc-8a03-79326248bbb4-768x576.jpg 768w, https:\/\/www.radiopiu.net\/wordpress\/wp-content\/uploads\/2021\/07\/c009c125-ec9e-40dc-8a03-79326248bbb4.jpg 1024w\" sizes=\"auto, (max-width: 300px) 100vw, 300px\" \/><\/a>\n\t\t\t\t<\/dt><\/dl><br style=\"clear: both\" \/>\n\t\t\t<\/div>\n\n<p>&nbsp;<\/p>\n<p>&nbsp;<\/p>\n<hr \/>\n<p>&nbsp;<\/p>\n<blockquote>\n<h2><span style=\"color: #ff0000;\">LO SPECIALE DELLA SETTIMANA<\/span><\/h2>\n<\/blockquote>\n<p>&nbsp;<\/p>\n<blockquote class=\"wp-embedded-content\" data-secret=\"xtv3hmHoi5\"><p><a href=\"https:\/\/www.radiopiu.net\/wordpress\/lumana-reyer\/\">L&#8217;UMANA REYER DA ALLEGHE  A FALCADE, IL RITIRO IN VALLE DEL BIOIS<\/a><\/p><\/blockquote>\n<p><iframe loading=\"lazy\" class=\"wp-embedded-content\" sandbox=\"allow-scripts\" security=\"restricted\" style=\"position: absolute; clip: rect(1px, 1px, 1px, 1px);\" title=\"&#8220;L&#8217;UMANA REYER DA ALLEGHE  A FALCADE, IL RITIRO IN VALLE DEL BIOIS&#8221; &#8212; Radio Pi\u00f9\" src=\"https:\/\/www.radiopiu.net\/wordpress\/lumana-reyer\/embed\/#?secret=xtv3hmHoi5\" data-secret=\"xtv3hmHoi5\" width=\"600\" height=\"338\" frameborder=\"0\" marginwidth=\"0\" marginheight=\"0\" scrolling=\"no\"><\/iframe><\/p>\n<p>&nbsp;<\/p>\n<p>&nbsp;<\/p>\n<hr \/>\n<p>&nbsp;<\/p>\n<blockquote>\n<h3>AL VIA UN BANDO A FAVORE DELLA PRATICA SPORTIVA DEGLI ATLETI CON DISABILITA\u2019. LA REGIONE VENETO CONTINUA IL SUO IMPEGNO SUL FRONTE DELLO SPORT E DEL SOCIALE<\/h3>\n<\/blockquote>\n<p><strong><a href=\"https:\/\/www.radiopiu.net\/wordpress\/giornale-radiopiu-10-luglio-2021-direttore-mirko-mezzacasa\/sport-disabili\/\" rel=\"attachment wp-att-220868\"><img loading=\"lazy\" decoding=\"async\" class=\"size-medium wp-image-220868 alignleft\" src=\"https:\/\/www.radiopiu.net\/wordpress\/wp-content\/uploads\/2021\/07\/SPORT-DISABILI-300x201.jpg\" alt=\"\" width=\"300\" height=\"201\" srcset=\"https:\/\/www.radiopiu.net\/wordpress\/wp-content\/uploads\/2021\/07\/SPORT-DISABILI-300x201.jpg 300w, https:\/\/www.radiopiu.net\/wordpress\/wp-content\/uploads\/2021\/07\/SPORT-DISABILI-1024x686.jpg 1024w, https:\/\/www.radiopiu.net\/wordpress\/wp-content\/uploads\/2021\/07\/SPORT-DISABILI-768x515.jpg 768w, https:\/\/www.radiopiu.net\/wordpress\/wp-content\/uploads\/2021\/07\/SPORT-DISABILI-1536x1030.jpg 1536w, https:\/\/www.radiopiu.net\/wordpress\/wp-content\/uploads\/2021\/07\/SPORT-DISABILI.jpg 1920w\" sizes=\"auto, (max-width: 300px) 100vw, 300px\" \/><\/a>VENEZIA <\/strong>Di recente, la Giunta regionale ha approvato, su proposta dell&#8217;Assessore regionale allo Sport, Cristiano Corazzari, di concerto con l&#8217;Assessore regionale ai Servizi Sociali, Manuela Lanzarin, una delibera che prevede un bando per la concessione di contributi a favore della pratica sportiva degli atleti con disabilit\u00e0 per l\u2019anno 2021. Per questo specifico bando sono state assegnate risorse pari a 200mila euro. Potranno ricevere &#8220;contributi a fondo perduto&#8221;, a parziale compensazione delle spese sostenute per le attivit\u00e0 istituzionali e per la partecipazione\/organizzazione a eventi, manifestazioni sportive e\/o campionati, rivolti esclusivamente a favore di atleti con disabilit\u00e0: i soggetti aventi sede legale e\/o operativa in Veneto, affiliati a una Federazione Sportiva Paralimpica (FSP) e\/o una Disciplina Sportiva Paralimpica (DSP) e\/o un Ente di Promozione Paralimpica (EPP) e regolarmente iscritti alla &#8220;Sezione CIP del Registro Nazionale delle Associazioni e Societ\u00e0 Sportive dilettantistiche. Per le societ\u00e0 con sede legale fuori regione, ma con sede operativa in Veneto, sar\u00e0 considerata la sola attivit\u00e0 degli atleti con residenza in Veneto.<\/p>\n<p>&nbsp;<\/p>\n<p>&nbsp;<\/p>\n<p>&nbsp;<\/p>\n<p>&nbsp;<\/p>\n<hr \/>\n<p>&nbsp;<\/p>\n<blockquote>\n<h3>MASK TO RIDE&#8230; SU E GIU&#8217; PER L&#8217;ITALIA FINO AL &#8220;LISTON&#8221; BELLUNESE<\/h3>\n<\/blockquote>\n<p>&nbsp;<\/p>\n\n\t\t\t<style type='text\/css'>\n\t\t\t\t#gallery-6 {\n\t\t\t\t\tmargin: auto;\n\t\t\t\t}\n\t\t\t\t#gallery-6 .gallery-item {\n\t\t\t\t\tfloat: left;\n\t\t\t\t\tmargin-top: 10px;\n\t\t\t\t\ttext-align: center;\n\t\t\t\t\twidth: 20%;\n\t\t\t\t}\n\t\t\t\t#gallery-6 img {\n\t\t\t\t\tborder: 2px solid #cfcfcf;\n\t\t\t\t}\n\t\t\t\t#gallery-6 .gallery-caption {\n\t\t\t\t\tmargin-left: 0;\n\t\t\t\t}\n\t\t\t\t\/* see gallery_shortcode() in wp-includes\/media.php *\/\n\t\t\t<\/style>\n\t\t<div id='gallery-6' class='dt-gallery-container gallery galleryid-220790 gallery-columns-5 gallery-size-thumbnail'><dl class='gallery-item'>\n\t\t\t\t<dt class='gallery-icon landscape'>\n\t\t\t\t\t<a class=\"rollover rollover-zoom dt-pswp-item\" title=\"_DSC9401 copia\" data-dt-img-description=\"\" data-large_image_width=\"1500\" data-large_image_height=\"1000\"href='https:\/\/www.radiopiu.net\/wordpress\/wp-content\/uploads\/2021\/07\/DSC9401-copia.jpg'><img loading=\"lazy\" decoding=\"async\" width=\"150\" height=\"150\" src=\"https:\/\/www.radiopiu.net\/wordpress\/wp-content\/uploads\/2021\/07\/DSC9401-copia-150x150.jpg\" class=\"attachment-thumbnail size-thumbnail\" alt=\"\" \/><\/a>\n\t\t\t\t<\/dt><\/dl><dl class='gallery-item'>\n\t\t\t\t<dt class='gallery-icon landscape'>\n\t\t\t\t\t<a class=\"rollover rollover-zoom dt-pswp-item\" title=\"5ff53b4c-c42b-4c88-80ae-c8e7019f74d9\" data-dt-img-description=\"\" data-large_image_width=\"1500\" data-large_image_height=\"1000\"href='https:\/\/www.radiopiu.net\/wordpress\/wp-content\/uploads\/2021\/07\/5ff53b4c-c42b-4c88-80ae-c8e7019f74d9.jpg'><img loading=\"lazy\" decoding=\"async\" width=\"150\" height=\"150\" src=\"https:\/\/www.radiopiu.net\/wordpress\/wp-content\/uploads\/2021\/07\/5ff53b4c-c42b-4c88-80ae-c8e7019f74d9-150x150.jpg\" class=\"attachment-thumbnail size-thumbnail\" alt=\"\" \/><\/a>\n\t\t\t\t<\/dt><\/dl><dl class='gallery-item'>\n\t\t\t\t<dt class='gallery-icon landscape'>\n\t\t\t\t\t<a class=\"rollover rollover-zoom dt-pswp-item\" title=\"bd65e4b5-bca5-4745-b6ad-562236096db7\" data-dt-img-description=\"\" data-large_image_width=\"1500\" data-large_image_height=\"1000\"href='https:\/\/www.radiopiu.net\/wordpress\/wp-content\/uploads\/2021\/07\/bd65e4b5-bca5-4745-b6ad-562236096db7.jpg'><img loading=\"lazy\" decoding=\"async\" width=\"150\" height=\"150\" src=\"https:\/\/www.radiopiu.net\/wordpress\/wp-content\/uploads\/2021\/07\/bd65e4b5-bca5-4745-b6ad-562236096db7-150x150.jpg\" class=\"attachment-thumbnail size-thumbnail\" alt=\"\" \/><\/a>\n\t\t\t\t<\/dt><\/dl><dl class='gallery-item'>\n\t\t\t\t<dt class='gallery-icon landscape'>\n\t\t\t\t\t<a class=\"rollover rollover-zoom dt-pswp-item\" title=\"bc393892-829f-4e41-9147-823ed2d2487e\" data-dt-img-description=\"\" data-large_image_width=\"1500\" data-large_image_height=\"1000\"href='https:\/\/www.radiopiu.net\/wordpress\/wp-content\/uploads\/2021\/07\/bc393892-829f-4e41-9147-823ed2d2487e.jpg'><img loading=\"lazy\" decoding=\"async\" width=\"150\" height=\"150\" src=\"https:\/\/www.radiopiu.net\/wordpress\/wp-content\/uploads\/2021\/07\/bc393892-829f-4e41-9147-823ed2d2487e-150x150.jpg\" class=\"attachment-thumbnail size-thumbnail\" alt=\"\" \/><\/a>\n\t\t\t\t<\/dt><\/dl><dl class='gallery-item'>\n\t\t\t\t<dt class='gallery-icon landscape'>\n\t\t\t\t\t<a class=\"rollover rollover-zoom dt-pswp-item\" title=\"40d9eba6-0392-4b39-985f-34d0e00f1c69\" data-dt-img-description=\"\" data-large_image_width=\"1500\" data-large_image_height=\"1000\"href='https:\/\/www.radiopiu.net\/wordpress\/wp-content\/uploads\/2021\/07\/40d9eba6-0392-4b39-985f-34d0e00f1c69.jpg'><img loading=\"lazy\" decoding=\"async\" width=\"150\" height=\"150\" src=\"https:\/\/www.radiopiu.net\/wordpress\/wp-content\/uploads\/2021\/07\/40d9eba6-0392-4b39-985f-34d0e00f1c69-150x150.jpg\" class=\"attachment-thumbnail size-thumbnail\" alt=\"\" \/><\/a>\n\t\t\t\t<\/dt><\/dl><br style=\"clear: both\" \/><dl class='gallery-item'>\n\t\t\t\t<dt class='gallery-icon landscape'>\n\t\t\t\t\t<a class=\"rollover rollover-zoom dt-pswp-item\" title=\"2bc237fc-bae5-4e3c-b4dd-ac175687b38b\" data-dt-img-description=\"\" data-large_image_width=\"1600\" data-large_image_height=\"1066\"href='https:\/\/www.radiopiu.net\/wordpress\/wp-content\/uploads\/2021\/07\/2bc237fc-bae5-4e3c-b4dd-ac175687b38b.jpg'><img loading=\"lazy\" decoding=\"async\" width=\"150\" height=\"150\" src=\"https:\/\/www.radiopiu.net\/wordpress\/wp-content\/uploads\/2021\/07\/2bc237fc-bae5-4e3c-b4dd-ac175687b38b-150x150.jpg\" class=\"attachment-thumbnail size-thumbnail\" alt=\"\" \/><\/a>\n\t\t\t\t<\/dt><\/dl><dl class='gallery-item'>\n\t\t\t\t<dt class='gallery-icon landscape'>\n\t\t\t\t\t<a class=\"rollover rollover-zoom dt-pswp-item\" title=\"1b7e358b-2363-49b4-8e96-5ac8a2def1f3\" data-dt-img-description=\"\" data-large_image_width=\"1600\" data-large_image_height=\"1066\"href='https:\/\/www.radiopiu.net\/wordpress\/wp-content\/uploads\/2021\/07\/1b7e358b-2363-49b4-8e96-5ac8a2def1f3.jpg'><img loading=\"lazy\" decoding=\"async\" width=\"150\" height=\"150\" src=\"https:\/\/www.radiopiu.net\/wordpress\/wp-content\/uploads\/2021\/07\/1b7e358b-2363-49b4-8e96-5ac8a2def1f3-150x150.jpg\" class=\"attachment-thumbnail size-thumbnail\" alt=\"\" \/><\/a>\n\t\t\t\t<\/dt><\/dl><dl class='gallery-item'>\n\t\t\t\t<dt class='gallery-icon landscape'>\n\t\t\t\t\t<a class=\"rollover rollover-zoom dt-pswp-item\" title=\"_DSC9856 copia\" data-dt-img-description=\"\" data-large_image_width=\"1500\" data-large_image_height=\"1000\"href='https:\/\/www.radiopiu.net\/wordpress\/wp-content\/uploads\/2021\/07\/DSC9856-copia.jpg'><img loading=\"lazy\" decoding=\"async\" width=\"150\" height=\"150\" src=\"https:\/\/www.radiopiu.net\/wordpress\/wp-content\/uploads\/2021\/07\/DSC9856-copia-150x150.jpg\" class=\"attachment-thumbnail size-thumbnail\" alt=\"\" \/><\/a>\n\t\t\t\t<\/dt><\/dl><dl class='gallery-item'>\n\t\t\t\t<dt class='gallery-icon landscape'>\n\t\t\t\t\t<a class=\"rollover rollover-zoom dt-pswp-item\" title=\"_DSC9738 copia\" data-dt-img-description=\"\" data-large_image_width=\"1500\" data-large_image_height=\"1000\"href='https:\/\/www.radiopiu.net\/wordpress\/wp-content\/uploads\/2021\/07\/DSC9738-copia.jpg'><img loading=\"lazy\" decoding=\"async\" width=\"150\" height=\"150\" src=\"https:\/\/www.radiopiu.net\/wordpress\/wp-content\/uploads\/2021\/07\/DSC9738-copia-150x150.jpg\" class=\"attachment-thumbnail size-thumbnail\" alt=\"\" \/><\/a>\n\t\t\t\t<\/dt><\/dl><dl class='gallery-item'>\n\t\t\t\t<dt class='gallery-icon landscape'>\n\t\t\t\t\t<a class=\"rollover rollover-zoom dt-pswp-item\" title=\"_DSC9599 copia\" data-dt-img-description=\"\" data-large_image_width=\"1500\" data-large_image_height=\"1000\"href='https:\/\/www.radiopiu.net\/wordpress\/wp-content\/uploads\/2021\/07\/DSC9599-copia.jpg'><img loading=\"lazy\" decoding=\"async\" width=\"150\" height=\"150\" src=\"https:\/\/www.radiopiu.net\/wordpress\/wp-content\/uploads\/2021\/07\/DSC9599-copia-150x150.jpg\" class=\"attachment-thumbnail size-thumbnail\" alt=\"\" \/><\/a>\n\t\t\t\t<\/dt><\/dl><br style=\"clear: both\" \/>\n\t\t\t<\/div>\n\n<p><strong>BELLUNO<\/strong> In piazza dei Martiri \u00e8 arrivato\u00a0 <i><b>Mask to Ride<\/b><\/i>, dopo 12 giorni di viaggio e circa 7.000 km macinati su e gi\u00f9 per l&#8217;Italia. con\u00a0 protagoniste le principali associazioni legate al mondo della disabilit\u00e0 bellunesi, alle quali\u00a0 Alvaro Dal Farra\u00a0 in moto e Mattia Cattapan su e-motion-drive hanno donato lo show.\u00a0<i>\u00a0<\/i><\/p>\n<p><strong>di MORENO GIOLI<\/strong><\/p>\n<audio class=\"wp-audio-shortcode\" id=\"audio-220790-6\" preload=\"none\" style=\"width: 100%;\" controls=\"controls\"><source type=\"audio\/mpeg\" src=\"https:\/\/www.radiopiu.net\/wordpress\/wp-content\/uploads\/2021\/07\/mopreno.mp3?_=6\" \/><a href=\"https:\/\/www.radiopiu.net\/wordpress\/wp-content\/uploads\/2021\/07\/mopreno.mp3\">https:\/\/www.radiopiu.net\/wordpress\/wp-content\/uploads\/2021\/07\/mopreno.mp3<\/a><\/audio>\n<p>&nbsp;<\/p>\n<p><strong>AI MICROFONI DI RADIO PIU MATTIA CATTAPLAN<\/strong><\/p>\n<audio class=\"wp-audio-shortcode\" id=\"audio-220790-7\" preload=\"none\" style=\"width: 100%;\" controls=\"controls\"><source type=\"audio\/mpeg\" src=\"https:\/\/www.radiopiu.net\/wordpress\/wp-content\/uploads\/2021\/07\/MATTIA-CATTAPLAN.mp3?_=7\" \/><a href=\"https:\/\/www.radiopiu.net\/wordpress\/wp-content\/uploads\/2021\/07\/MATTIA-CATTAPLAN.mp3\">https:\/\/www.radiopiu.net\/wordpress\/wp-content\/uploads\/2021\/07\/MATTIA-CATTAPLAN.mp3<\/a><\/audio>\n<p>&nbsp;<\/p>\n<p><strong>ALVARO DAL FARRA<\/strong><\/p>\n<audio class=\"wp-audio-shortcode\" id=\"audio-220790-8\" preload=\"none\" style=\"width: 100%;\" controls=\"controls\"><source type=\"audio\/mpeg\" src=\"https:\/\/www.radiopiu.net\/wordpress\/wp-content\/uploads\/2021\/07\/ALVARO-DAL-FARRA.mp3?_=8\" \/><a href=\"https:\/\/www.radiopiu.net\/wordpress\/wp-content\/uploads\/2021\/07\/ALVARO-DAL-FARRA.mp3\">https:\/\/www.radiopiu.net\/wordpress\/wp-content\/uploads\/2021\/07\/ALVARO-DAL-FARRA.mp3<\/a><\/audio>\n<p>&nbsp;<\/p>\n<p><strong>NICOLA BARCHE GS GESTIONE SINISTRI<\/strong><\/p>\n<audio class=\"wp-audio-shortcode\" id=\"audio-220790-9\" preload=\"none\" style=\"width: 100%;\" controls=\"controls\"><source type=\"audio\/mpeg\" src=\"https:\/\/www.radiopiu.net\/wordpress\/wp-content\/uploads\/2021\/07\/NICOLA-2.mp3?_=9\" \/><a href=\"https:\/\/www.radiopiu.net\/wordpress\/wp-content\/uploads\/2021\/07\/NICOLA-2.mp3\">https:\/\/www.radiopiu.net\/wordpress\/wp-content\/uploads\/2021\/07\/NICOLA-2.mp3<\/a><\/audio>\n<p>&nbsp;<\/p>\n<hr \/>\n<p>&nbsp;<\/p>\n<blockquote>\n<h2>AL VIA LA STAGIONE DEI FUNGHI&#8230; A VOLTAGO CON IL BOTTO A TESTA IN GIU&#8217;<\/h2>\n<\/blockquote>\n<p><strong><a href=\"https:\/\/www.radiopiu.net\/wordpress\/al-via-la-stagione-dei-funghi-a-voltago-con-il-botto-a-testa-in-giu\/339212be-de9c-4979-ad89-e3f67b8fc65f\/\" rel=\"attachment wp-att-220963\"><img loading=\"lazy\" decoding=\"async\" class=\"size-medium wp-image-220963 alignleft\" src=\"https:\/\/www.radiopiu.net\/wordpress\/wp-content\/uploads\/2021\/07\/339212be-de9c-4979-ad89-e3f67b8fc65f-169x300.jpg\" alt=\"\" width=\"169\" height=\"300\" srcset=\"https:\/\/www.radiopiu.net\/wordpress\/wp-content\/uploads\/2021\/07\/339212be-de9c-4979-ad89-e3f67b8fc65f-169x300.jpg 169w, https:\/\/www.radiopiu.net\/wordpress\/wp-content\/uploads\/2021\/07\/339212be-de9c-4979-ad89-e3f67b8fc65f-577x1024.jpg 577w, https:\/\/www.radiopiu.net\/wordpress\/wp-content\/uploads\/2021\/07\/339212be-de9c-4979-ad89-e3f67b8fc65f-768x1364.jpg 768w, https:\/\/www.radiopiu.net\/wordpress\/wp-content\/uploads\/2021\/07\/339212be-de9c-4979-ad89-e3f67b8fc65f-865x1536.jpg 865w, https:\/\/www.radiopiu.net\/wordpress\/wp-content\/uploads\/2021\/07\/339212be-de9c-4979-ad89-e3f67b8fc65f.jpg 1126w\" sizes=\"auto, (max-width: 169px) 100vw, 169px\" \/><\/a>VOLTAGO\u00a0<\/strong>Grande Mario De Marco&#8230; ed \u00e8 festa allo Jager Bar dove il pregiato fungone\u00a0 porcino\u00a0 \u00a0\u00e8 stato pesato ieri sera: 1 chilogrammo 268 grammi e chi ha\u00a0 indovinato il calice lo ha alzato\u00a0 brindando\u00a0 al fungaiolo che non delude, da anni non delude. Anche questa volta Mario \u00e8 arrivato in piazza mettendo in mostra il suo meraviglioso trofeo culinario<strong><br \/>\n<\/strong><\/p>\n<p><strong>LO STRANO PORCINO A TESTA IN GIU&#8217;&#8230;.<\/strong><\/p>\n<p><span style=\"color: #ff0000;\"><strong>L&#8217;INTERVISTA, COLLABORAZIONE DUILIO DA CAMPO\u00a0<\/strong><\/span><\/p>\n<div style=\"width: 640px;\" class=\"wp-video\"><video class=\"wp-video-shortcode\" id=\"video-220790-1\" width=\"640\" height=\"352\" preload=\"metadata\" controls=\"controls\"><source type=\"video\/mp4\" src=\"https:\/\/www.radiopiu.net\/wordpress\/wp-content\/uploads\/2021\/07\/WhatsApp-Video-2021-07-09-at-17.56.36.mp4?_=1\" \/><a href=\"https:\/\/www.radiopiu.net\/wordpress\/wp-content\/uploads\/2021\/07\/WhatsApp-Video-2021-07-09-at-17.56.36.mp4\">https:\/\/www.radiopiu.net\/wordpress\/wp-content\/uploads\/2021\/07\/WhatsApp-Video-2021-07-09-at-17.56.36.mp4<\/a><\/video><\/div>\n<div style=\"width: 304px;\" class=\"wp-video\"><video class=\"wp-video-shortcode\" id=\"video-220790-2\" width=\"304\" height=\"640\" preload=\"metadata\" controls=\"controls\"><source type=\"video\/mp4\" src=\"https:\/\/www.radiopiu.net\/wordpress\/wp-content\/uploads\/2021\/07\/WhatsApp-Video-2021-07-10-at-05.49.32.mp4?_=2\" \/><a href=\"https:\/\/www.radiopiu.net\/wordpress\/wp-content\/uploads\/2021\/07\/WhatsApp-Video-2021-07-10-at-05.49.32.mp4\">https:\/\/www.radiopiu.net\/wordpress\/wp-content\/uploads\/2021\/07\/WhatsApp-Video-2021-07-10-at-05.49.32.mp4<\/a><\/video><\/div>\n<hr \/>\n<p>&nbsp;<\/p>\n<blockquote>\n<h3>LUNEDI&#8217; SERA CONVOCATO IL CONSIGLIO DELL&#8217;UNIONE MONTANA AGORDINA<\/h3>\n<\/blockquote>\n<p><strong>\u00a0<\/strong><strong>AGORDO<\/strong> Ritorna in presenza il consiglio dell&#8217;Unione Montana Agordina che si ritrova in sala Don Tamis luned\u00ec alle 20:30. Il presidente Michele Costa ha convocato i consiglieri per trattare 4 punti all&#8217;ordine del giorno. Si parler\u00e0 dell&#8217;estensione a nuovi enti della partecipazione alla societ\u00e0 Valpe Ambiente, una variazione al bilancio e il miglioramento della rete stradale di raccordo della viabilit\u00e0 locale al reticolo principale interregionale.<\/p>\n<p>&nbsp;<\/p>\n<hr \/>\n<p>&nbsp;<\/p>\n<blockquote>\n<h2>IERI ALLA RADIO &#8230; LO SPECIALE DAI CAMPI DI TENNIS DI VIA ROVA AD AGORDO<\/h2>\n<\/blockquote>\n<p><strong>AGORDO<\/strong><\/p>\n<p><strong>di Claudio Fontanive\u00a0<\/strong><\/p>\n<audio class=\"wp-audio-shortcode\" id=\"audio-220790-10\" preload=\"none\" style=\"width: 100%;\" controls=\"controls\"><source type=\"audio\/mpeg\" src=\"https:\/\/www.radiopiu.net\/wordpress\/wp-content\/uploads\/2021\/07\/tennis-matteo-.loris_.mp3?_=10\" \/><a href=\"https:\/\/www.radiopiu.net\/wordpress\/wp-content\/uploads\/2021\/07\/tennis-matteo-.loris_.mp3\">https:\/\/www.radiopiu.net\/wordpress\/wp-content\/uploads\/2021\/07\/tennis-matteo-.loris_.mp3<\/a><\/audio>\n<p><img loading=\"lazy\" decoding=\"async\" class=\"\" src=\"https:\/\/www.radiopiu.net\/wordpress\/wp-content\/uploads\/2020\/04\/TENNIS-AGORDO.jpg\" width=\"282\" height=\"169\" \/><\/p>\n<p>&nbsp;<\/p>\n<p>&nbsp;<\/p>\n<hr \/>\n<p>&nbsp;<\/p>\n<p>&nbsp;<\/p>\n<blockquote>\n<h3>SOLE, CIVETTA, VERDE, NOVITA&#8217;&#8230;. CON L&#8217;ALLEGHE FUNIVIA E&#8217; ESTATE<\/h3>\n<\/blockquote>\n<p><strong><img loading=\"lazy\" decoding=\"async\" class=\"alignleft\" src=\"https:\/\/www.radiopiu.net\/wordpress\/wp-content\/uploads\/2018\/01\/4-foto-berletti-monte-civetta.jpg\" width=\"156\" height=\"104\" \/>ALLEGHE<\/strong><\/p>\n<p><strong>di Claudio Fontanive\u00a0<\/strong><\/p>\n<audio class=\"wp-audio-shortcode\" id=\"audio-220790-11\" preload=\"none\" style=\"width: 100%;\" controls=\"controls\"><source type=\"audio\/mpeg\" src=\"https:\/\/www.radiopiu.net\/wordpress\/wp-content\/uploads\/2021\/07\/alleghe-funivie-apetura.mp3?_=11\" \/><a href=\"https:\/\/www.radiopiu.net\/wordpress\/wp-content\/uploads\/2021\/07\/alleghe-funivie-apetura.mp3\">https:\/\/www.radiopiu.net\/wordpress\/wp-content\/uploads\/2021\/07\/alleghe-funivie-apetura.mp3<\/a><\/audio>\n<p>&nbsp;<\/p>\n<hr \/>\n<p>&nbsp;<\/p>\n<blockquote>\n<h3>SAN TOMASO: ECCELLENZA TURISTICA AGORDINA TANTO DAL BASSO CHE DALL&#8217;ALTO<\/h3>\n<\/blockquote>\n<p><strong>SAN TOMASO<\/strong> Incastonato nel verde che pi\u00f9 verde non si pu\u00f2 tra caratteristiche costruzioni, silenzi e serenit\u00e0 e non \u00e8 certo uno spot pubblicitario. Piuttosto\u00a0 San Tomaso \u00e8 un\u00a0 paese da dove si ammira La Civetta e che\u00a0 ambisce a diventare m\u00e9ta turistica importante nel patrimonio dell&#8217;Unesco.\u00a0 Ha tutte le carte in regola per concretizzare l&#8217;idea. Montagna pura, natura incontaminata ma anche iniziative che sanno attirare i turisti e valligiani. Solo un paio di esempio: la zip-line con la scarica di adrenalina e un mondo visto dall&#8217;alto \u00e8 un primo biglietto da visita invidiabile. E poi\u00a0 l&#8217;idea del sindaco Moreno De Val di creare il parco delle Dolomiti in miniatura \u00e8 scelta vincente, difficile da imitare e soprattutto in continua crescita, come confermano le ulteriori 3 sculture che saranno presentate a breve e che noi oggi proponiamo\u00a0 con altrettanti video delle artiste in questi giorni impegnate in localit\u00e0 Pian tra impianti sportivi esistenti e in via di realizzazione (palestra di roccia, campo di ghiaccio).<\/p>\n<p><strong>DI GIANNI SANTOMASO<\/strong><\/p>\n<audio class=\"wp-audio-shortcode\" id=\"audio-220790-12\" preload=\"none\" style=\"width: 100%;\" controls=\"controls\"><source type=\"audio\/mpeg\" src=\"https:\/\/www.radiopiu.net\/wordpress\/wp-content\/uploads\/2021\/07\/GIANNI-DOLOMITES-ROCK-MINIATURES-1.mp3?_=12\" \/><a href=\"https:\/\/www.radiopiu.net\/wordpress\/wp-content\/uploads\/2021\/07\/GIANNI-DOLOMITES-ROCK-MINIATURES-1.mp3\">https:\/\/www.radiopiu.net\/wordpress\/wp-content\/uploads\/2021\/07\/GIANNI-DOLOMITES-ROCK-MINIATURES-1.mp3<\/a><\/audio>\n<p>&nbsp;<\/p>\n<div style=\"width: 848px;\" class=\"wp-video\"><video class=\"wp-video-shortcode\" id=\"video-220790-3\" width=\"848\" height=\"480\" preload=\"metadata\" controls=\"controls\"><source type=\"video\/mp4\" src=\"https:\/\/www.radiopiu.net\/wordpress\/wp-content\/uploads\/2021\/07\/WhatsApp-Video-2021-07-09-at-17.35.48.mp4?_=3\" \/><a href=\"https:\/\/www.radiopiu.net\/wordpress\/wp-content\/uploads\/2021\/07\/WhatsApp-Video-2021-07-09-at-17.35.48.mp4\">https:\/\/www.radiopiu.net\/wordpress\/wp-content\/uploads\/2021\/07\/WhatsApp-Video-2021-07-09-at-17.35.48.mp4<\/a><\/video><\/div>\n<div style=\"width: 848px;\" class=\"wp-video\"><video class=\"wp-video-shortcode\" id=\"video-220790-4\" width=\"848\" height=\"480\" preload=\"metadata\" controls=\"controls\"><source type=\"video\/mp4\" src=\"https:\/\/www.radiopiu.net\/wordpress\/wp-content\/uploads\/2021\/07\/WhatsApp-Video-2021-07-09-at-12.22.35.mp4?_=4\" \/><a href=\"https:\/\/www.radiopiu.net\/wordpress\/wp-content\/uploads\/2021\/07\/WhatsApp-Video-2021-07-09-at-12.22.35.mp4\">https:\/\/www.radiopiu.net\/wordpress\/wp-content\/uploads\/2021\/07\/WhatsApp-Video-2021-07-09-at-12.22.35.mp4<\/a><\/video><\/div>\n<div style=\"width: 848px;\" class=\"wp-video\"><video class=\"wp-video-shortcode\" id=\"video-220790-5\" width=\"848\" height=\"480\" preload=\"metadata\" controls=\"controls\"><source type=\"video\/mp4\" src=\"https:\/\/www.radiopiu.net\/wordpress\/wp-content\/uploads\/2021\/07\/WhatsApp-Video-2021-07-09-at-12.11.09.mp4?_=5\" \/><a href=\"https:\/\/www.radiopiu.net\/wordpress\/wp-content\/uploads\/2021\/07\/WhatsApp-Video-2021-07-09-at-12.11.09.mp4\">https:\/\/www.radiopiu.net\/wordpress\/wp-content\/uploads\/2021\/07\/WhatsApp-Video-2021-07-09-at-12.11.09.mp4<\/a><\/video><\/div>\n<p>&nbsp;<\/p>\n<p>&nbsp;<\/p>\n<p>&nbsp;<\/p>\n<hr \/>\n<p>\u200b<\/p>\n<blockquote>\n<h3>CERTOTTICA APRE LE PORTE PER SVELARE IL CORSO ITS<\/h3>\n<\/blockquote>\n<p><strong><a href=\"https:\/\/www.radiopiu.net\/wordpress\/certottica-apre-le-porte-per-svelare-il-corso-its-per-eyewear-product-manager\/il-politecnico-2\/\" rel=\"attachment wp-att-220852\"><img loading=\"lazy\" decoding=\"async\" class=\" wp-image-220852 alignleft\" src=\"https:\/\/www.radiopiu.net\/wordpress\/wp-content\/uploads\/2021\/07\/il-politecnico-300x200.jpg\" alt=\"\" width=\"191\" height=\"127\" srcset=\"https:\/\/www.radiopiu.net\/wordpress\/wp-content\/uploads\/2021\/07\/il-politecnico-300x200.jpg 300w, https:\/\/www.radiopiu.net\/wordpress\/wp-content\/uploads\/2021\/07\/il-politecnico-1024x683.jpg 1024w, https:\/\/www.radiopiu.net\/wordpress\/wp-content\/uploads\/2021\/07\/il-politecnico-768x512.jpg 768w, https:\/\/www.radiopiu.net\/wordpress\/wp-content\/uploads\/2021\/07\/il-politecnico.jpg 1536w\" sizes=\"auto, (max-width: 191px) 100vw, 191px\" \/><\/a>LONGARONE <\/strong>Un\u2019intera settimana a \u201cporte aperte\u201d da luned\u00ec 12 a venerd\u00ec 16 luglio, permetter\u00e0 a tutti gli interessati di scoprire cos\u2019\u00e8 e quali sono le molteplici opportunit\u00e0 del corso ITS Academy per Eyewear Product Manager, incentrato sul design e la tecnica dell\u2019occhiale. Le selezioni per la prossima edizione sono gi\u00e0 fissate al 24 settembre e per chi avesse gi\u00e0 deciso, \u00e8 possibile iscriversi direttamente dal sito <a href=\"http:\/\/www.itscosmo.it\">www.itscosmo.it<\/a> compilando l\u2019apposito format.<\/p>\n<p>&nbsp;<\/p>\n<p>&nbsp;<\/p>\n<p>&nbsp;<\/p>\n<p>&nbsp;<\/p>\n<p>&nbsp;<\/p>\n<hr \/>\n<p>&nbsp;<\/p>\n<h3><a href=\"https:\/\/www.radiopiu.net\/wordpress\/scuola-e-investimenti-nuova-mensa-ed-efficientamento-energetico\/ed290f40-7d29-4675-8cf9-0210b20495e7\/\" rel=\"attachment wp-att-200591\"><img loading=\"lazy\" decoding=\"async\" class=\" wp-image-200591 alignleft\" src=\"https:\/\/www.radiopiu.net\/wordpress\/wp-content\/uploads\/2021\/03\/ed290f40-7d29-4675-8cf9-0210b20495e7-300x169.jpg\" sizes=\"auto, (max-width: 300px) 100vw, 300px\" srcset=\"https:\/\/www.radiopiu.net\/wordpress\/wp-content\/uploads\/2021\/03\/ed290f40-7d29-4675-8cf9-0210b20495e7-300x169.jpg 300w, https:\/\/www.radiopiu.net\/wordpress\/wp-content\/uploads\/2021\/03\/ed290f40-7d29-4675-8cf9-0210b20495e7-1024x578.jpg 1024w, https:\/\/www.radiopiu.net\/wordpress\/wp-content\/uploads\/2021\/03\/ed290f40-7d29-4675-8cf9-0210b20495e7-768x434.jpg 768w, https:\/\/www.radiopiu.net\/wordpress\/wp-content\/uploads\/2021\/03\/ed290f40-7d29-4675-8cf9-0210b20495e7-1536x867.jpg 1536w, https:\/\/www.radiopiu.net\/wordpress\/wp-content\/uploads\/2021\/03\/ed290f40-7d29-4675-8cf9-0210b20495e7.jpg 1984w\" alt=\"\" width=\"160\" height=\"90\" \/><\/a>L\u2019AZIENDA AGORDO SERVIZI CERCA DUE PROFESSIONISTI<\/h3>\n<p><strong>AGORDO\u00a0<\/strong> E\u2019 stata indetta dall\u2019Azienda Speciale Agordo servizi \u00a0una selezione pubblica per la copertura di un posto a tempo determinato e pieno nel profilo di Educatore di Asilo Nido e di un operatore assistente\u00a0 che si prendano cura dei bambini e dei neonati nelle cure personali come lavarli, cambiarli, vestirli, aiutarli a mangiare, l\u2019educatore dovr\u00e0 avere capacit\u00e0 organizzativa nelle attivit\u00e0 e abilit\u00e0 nel formulare obiettivi, all\u2019assistente l\u2019azienda chiede tra l\u2019altro di coadiuvare il lavoro delle educatrici.\u00a0 Per informazioni e copia dell\u2019avviso di selezione gli interessati potranno rivolgersi all\u2019ufficio amministrativo Azienda Speciale al numero 0437 62564 L\u2019avviso di selezione \u00e8 pubblicato sul sito: https:\/\/agordofarmaciacomunale.it\/<\/p>\n<p>&nbsp;<\/p>\n<p>&nbsp;<\/p>\n<hr \/>\n<p>&nbsp;<\/p>\n<p>&nbsp;<\/p>\n<blockquote>\n<h3>SERVIZIO CIVILE UNIVERSALE: PROGETTO &#8220;TI ACCOMPAGNO IO &#8211; ART. 40 BELLUNO&#8221;<\/h3>\n<\/blockquote>\n<p><strong>BELLUNO<\/strong> E&#8217; stato pubblicato il bando per la selezione di 756 operatori volontari da impiegare in progetti di servizio civile per l\u2019accompagnamento dei grandi invalidi e dei ciechi civili presentati dagli Enti iscritti all\u2019Albo di Servizio civile universale. L`Unione Italiana dei Ciechi di Belluno \u00e8 pronta ad accogliere\u00a0 2 volontari.\u00a0 La domanda di partecipazione deve essere presentata, entro il 30 luglio 2021 esclusivamente attraverso la piattaforma all\u2019indirizzo https:\/\/domandaonline.serviziocivile.it<\/p>\n<p>&nbsp;<\/p>\n<p>&nbsp;<\/p>\n<hr \/>\n<p>&nbsp;<\/p>\n<blockquote>\n<h3>LA MESSA IN SUFFRAGIO DEI CADUTI CON IL CORO CORTINA<\/h3>\n<\/blockquote>\n<p><span style=\"font-family: verdana, sans-serif;\"><strong><img loading=\"lazy\" decoding=\"async\" class=\"alignleft\" src=\"https:\/\/www.radiopiu.net\/wordpress\/wp-content\/uploads\/2021\/07\/chiesetta-Madonna-della-croda-in-Lavaredo-credito-Dolomiti-comunnicazione-2019-scaled.jpg\" width=\"109\" height=\"70\" \/>AURONZO\u00a0<\/strong> Domenica, 11 luglio, alla chiesetta Madonna della Croda, nei pressi del rifugio Auronzo, verr\u00e0 celebrata una Santa Messa in suffragio dei caduti della montagna. La celebrazione avr\u00e0 inizio alle 10.30 e sar\u00e0 officiata dal vescovo emerito di Belluno-Feltre, monsignor Giuseppe Andrich. Sar\u00e0, inoltre, allietata dai canti del Coro Cortina. Una preghiera e un pensiero riconoscente andranno, tra gli altri, ad Ivano Pais Golin che recentemente ci ha lasciato dopo una breve malattia.<\/span><\/p>\n<p>&nbsp;<\/p>\n<p>&nbsp;<\/p>\n<hr \/>\n<blockquote>\n<h3><\/h3>\n<h3>IL GRUPPO ALPINI DI ALLEGHE COMPIE 90 ANNI, NOTE DI AUGURI CON LA FANFARA<\/h3>\n<\/blockquote>\n<p><a href=\"https:\/\/www.radiopiu.net\/wordpress\/il-gruppo-alpini-di-alleghe-compie-90-anni-note-di-auguri-con-la-fanfara\/fanfara-brigata-cadore_page-0001-1\/\" rel=\"attachment wp-att-219637\"><img loading=\"lazy\" decoding=\"async\" class=\" wp-image-219637 alignleft\" src=\"https:\/\/www.radiopiu.net\/wordpress\/wp-content\/uploads\/2021\/07\/FANFARA-BRIGATA-CADORE_page-0001-1-212x300.jpg\" alt=\"\" width=\"112\" height=\"158\" srcset=\"https:\/\/www.radiopiu.net\/wordpress\/wp-content\/uploads\/2021\/07\/FANFARA-BRIGATA-CADORE_page-0001-1-212x300.jpg 212w, https:\/\/www.radiopiu.net\/wordpress\/wp-content\/uploads\/2021\/07\/FANFARA-BRIGATA-CADORE_page-0001-1-724x1024.jpg 724w, https:\/\/www.radiopiu.net\/wordpress\/wp-content\/uploads\/2021\/07\/FANFARA-BRIGATA-CADORE_page-0001-1-768x1087.jpg 768w, https:\/\/www.radiopiu.net\/wordpress\/wp-content\/uploads\/2021\/07\/FANFARA-BRIGATA-CADORE_page-0001-1-1085x1536.jpg 1085w, https:\/\/www.radiopiu.net\/wordpress\/wp-content\/uploads\/2021\/07\/FANFARA-BRIGATA-CADORE_page-0001-1.jpg 1240w\" sizes=\"auto, (max-width: 112px) 100vw, 112px\" \/><\/a><strong>ALLEGHE<\/strong>\u00a0 Domani alle 9 Raduno in piazza Kennedy e sfilata fino al monumento ai Caduti &#8211; Alzabandiera &#8211; Onore ai Caduti &#8211; Apposizione corona; Al termine, sfilata della Fanfara lungo Corso Italia fino alla partenza della cabinovia. Quindi la festa si sposta ai Piani di Pezz\u00e8, alle 11\u00a0 Raduno alla Chiesetta Alpina &#8211; Alzabandiera; \u00a0concerto della Fanfara davanti al Ristorante &#8220;La Grande Baita&#8221;; \u00a0Carosello della Fanfara; \u00a0Pranzo sotto il tendone.<\/p>\n<p><strong>203 AGORDINA &#8220;CHIUSA&#8221; PER 15 MINUTI, PASSA LA FANFARA<\/strong><\/p>\n<p>Domenica tra le 10 e le 11, per un periodo massimo di 15 minuti sospensione totale della circolazione per manifestazione alpina<\/p>\n<p>&nbsp;<\/p>\n<p>&nbsp;<\/p>\n<hr \/>\n<p>&nbsp;<\/p>\n<blockquote>\n<h3>IL CONCERTO OFFERTO DALLA FILARMONICA<\/h3>\n<\/blockquote>\n<p><strong><a href=\"https:\/\/www.radiopiu.net\/wordpress\/giornale-radiopiu-08-luglio-2021-direttore-mirko-mezzacasa\/filarmonica-x-carta-intestata\/\" rel=\"attachment wp-att-220534\"><img loading=\"lazy\" decoding=\"async\" class=\"size-medium wp-image-220534 alignleft\" src=\"https:\/\/www.radiopiu.net\/wordpress\/wp-content\/uploads\/2021\/07\/c388dd65-f33a-4b5b-a8a3-27f451ea4110-300x44.jpg\" sizes=\"auto, (max-width: 300px) 100vw, 300px\" srcset=\"https:\/\/www.radiopiu.net\/wordpress\/wp-content\/uploads\/2021\/07\/c388dd65-f33a-4b5b-a8a3-27f451ea4110-300x44.jpg 300w, https:\/\/www.radiopiu.net\/wordpress\/wp-content\/uploads\/2021\/07\/c388dd65-f33a-4b5b-a8a3-27f451ea4110.jpg 700w\" alt=\"\" width=\"300\" height=\"44\" \/><\/a>BELLUNO<\/strong>\u00a0La Filarmonica 1867 il 18 luglio nel Parco della Parrocchia di Cavarzano si esibir\u00e0 in un vasto repertorio che spazia dalla musica classica a brani originali per orchestra di fiati, dalle colonne sonore del grande cinema alla musica tradizionale. La seconda parte dello spettacolo sar\u00e0 dedicata a celebrare il 150\u00b0 anniversario dell\u2019Aida di Giuseppe Verdi. Dirigono i maestri Andrea Gasperin e Sandro De Marchi.\u00a0\u00a0<strong>Come partecipare?<\/strong>\u00a0\u00e8 obbligatorio il posto pre-assegnato anche per gli eventi all\u2019aperto. Per poter partecipare all\u2019evento \u00e8 quindi necessario prenotare il proprio posto tramite la piattaforma\u00a0<a href=\"https:\/\/bandabelluno.us15.list-manage.com\/track\/click?u=894cd617e4f50012757ef7e42&amp;id=082b65385a&amp;e=40f9faa4f0\">Eventbrite<\/a>. Per accedere clicca\u00a0<a href=\"https:\/\/bandabelluno.us15.list-manage.com\/track\/click?u=894cd617e4f50012757ef7e42&amp;id=cab85ca90a&amp;e=40f9faa4f0\">qui<\/a>.\u00a0 Altri appuntamenti:\u00a0<em>Concerto di gala offerto ai residenti e ai turisti dell\u2019Alpe del Nevegal il\u00a0<\/em>24 luglio ore 21 \u2013 Pertinenze esterne del Santuario; nei giorni 10 e 11 luglio masterclass di tromba tenuta dal docente Mirko Bellucco.<\/p>\n<p>&nbsp;<\/p>\n<hr \/>\n<p>&nbsp;<\/p>\n<blockquote>\n<div class=\"bi6gxh9e aov4n071\">\n<h2 class=\"gmql0nx0 l94mrbxd p1ri9a11 lzcic4wl d2edcug0 hpfvmrgz\" dir=\"auto\"><span class=\"d2edcug0 hpfvmrgz qv66sw1b c1et5uql lr9zc1uh a8c37x1j keod5gw0 nxhoafnm aigsh9s9 d3f4x2em fe6kdd0r mau55g9w c8b282yb iv3no6db jq4qci2q a3bd9o3v hnhda86s jdix4yx3 hzawbc8m\" dir=\"auto\">MERCOLED\u00cc 14 LUGLIO 2021 ALLE ORE <\/span>Cinema sotto le stelle Il Re Leone &#8211; Live action<\/h2>\n<\/div>\n<\/blockquote>\n<p><strong>SEDICO<\/strong> Ritornano gli appuntamenti al cinema con la Proloco di Sedico.\u00a0 Cinque serate\u00a0 anche con la possibilit\u00e0 di\u00a0 cenare presso lo stand in Villa aperto dalle\u00a0 19 e per ogni serata\u00a0 un men\u00f9 diverso<\/p>\n<a href=\"https:\/\/www.radiopiu.net\/wordpress\/wp-content\/uploads\/2021\/07\/Cinema-sotto-le-stelle-manif.pdf\" class=\"pdfemb-viewer\" style=\"\" data-width=\"max\" data-height=\"max\" data-toolbar=\"top\" data-toolbar-fixed=\"on\">Cinema sotto le stelle manif<\/a>\n<p>&nbsp;<\/p>\n<p>&nbsp;<\/p>\n<hr \/>\n<p>&nbsp;<\/p>\n<blockquote>\n<h3>RITORNA LA RASSEGNA MUSICALE &#8220;MUSICA NELL&#8217;AGORDINO&#8221;<\/h3>\n<\/blockquote>\n<p><strong><a href=\"https:\/\/www.radiopiu.net\/wordpress\/giornale-radiopiu-04-luglio-2021-direttore-mirko-mezzacasa\/img_0263\/\" rel=\"attachment wp-att-219710\"><img loading=\"lazy\" decoding=\"async\" class=\" wp-image-219710 alignleft\" src=\"https:\/\/www.radiopiu.net\/wordpress\/wp-content\/uploads\/2021\/07\/IMG_0263-300x225.jpg\" alt=\"\" width=\"212\" height=\"159\" srcset=\"https:\/\/www.radiopiu.net\/wordpress\/wp-content\/uploads\/2021\/07\/IMG_0263-300x225.jpg 300w, https:\/\/www.radiopiu.net\/wordpress\/wp-content\/uploads\/2021\/07\/IMG_0263-1024x768.jpg 1024w, https:\/\/www.radiopiu.net\/wordpress\/wp-content\/uploads\/2021\/07\/IMG_0263-768x576.jpg 768w, https:\/\/www.radiopiu.net\/wordpress\/wp-content\/uploads\/2021\/07\/IMG_0263-1536x1152.jpg 1536w, https:\/\/www.radiopiu.net\/wordpress\/wp-content\/uploads\/2021\/07\/IMG_0263-2048x1536.jpg 2048w\" sizes=\"auto, (max-width: 212px) 100vw, 212px\" \/><\/a>AGORDO<\/strong>\u00a0Dopo un\u2019anteprima on-line dal Durando, uno dei pi\u00f9 bei scorci di Agordo, che sar\u00e0 tramessa da RadioPi\u00f9 il 18 luglio alle 11 e disponibile sui social durante il mese di luglio, con ospiti Sandro Del Duca (flauti e voce) e Nelso Salton (contrabbasso e voce), la rassegna inizier\u00e0 il 31 luglio alle 20.30 a La Valle con il concerto \u201c<em>al<\/em>\u00a0<em>ka\u015b\u00e8lo<\/em>\u201d, cio\u00e8 nel vecchio caseificio ora trasformato nella nuova e accogliente Sala Valmassoni.<\/p>\n<p><strong>\u00a0DI GIANNI SANTOMASO<\/strong><\/p>\n<audio class=\"wp-audio-shortcode\" id=\"audio-220790-13\" preload=\"none\" style=\"width: 100%;\" controls=\"controls\"><source type=\"audio\/mpeg\" src=\"https:\/\/www.radiopiu.net\/wordpress\/wp-content\/uploads\/2021\/07\/GIANNI-MUSICA-AGORDINO.mp3?_=13\" \/><a href=\"https:\/\/www.radiopiu.net\/wordpress\/wp-content\/uploads\/2021\/07\/GIANNI-MUSICA-AGORDINO.mp3\">https:\/\/www.radiopiu.net\/wordpress\/wp-content\/uploads\/2021\/07\/GIANNI-MUSICA-AGORDINO.mp3<\/a><\/audio>\n<p>&nbsp;<\/p>\n<hr \/>\n<p>&nbsp;<\/p>\n<blockquote>\n<h3>MUSICA NEI CORTIVI A SAN GREGORIO NELLE ALPI<\/h3>\n<\/blockquote>\n<p><strong>SAN GREGORIO NELLE ALPI <\/strong>Nell\u2019ambito della rassegna \u201cMusica nei cortivi\u201d sabato 17 luglio alle 21.00 in Piazza Municipio a San Gregorio nelle Alpi si esibir\u00e0 in concerto la fisarmonicista Sabrina Salvestrin. Organizzazione a cura Consorzio Pro Loco Pedemontane Val Belluna e Pro Loco San Gregorio nelle Alpi. Ingresso libero.<\/p>\n<p>&nbsp;<\/p>\n<hr \/>\n<blockquote>\n<h3><\/h3>\n<h3>DOMANI A PALAZZO FULCIS CON ENRICO ZANISI<\/h3>\n<\/blockquote>\n<p><strong>BELLUNO <\/strong>Continua la rassegna Luglio Jazz! a Belluno, con l&#8217;acclamato e pluripremiato pianista Enrico Zanisi, ospite del Circolo Culturale Bellunese, domani, alle 18:00, Corte di Palazzo Fulcis, o, in caso di maltempo, al Teatro Comunale, situato a pochi passi di distanza. Prenotazione richiesta, presso Agenzia Alpe Bellunese: tel. 0437 940407, e-mail: info@alpebellunese.it. Si ricorda l&#8217;utilizzo della mascherina. Informazioni, programma completo di Luglio Jazz e note di sala sono sempre consultabili su: www.belcircolo.org.<\/p>\n<p>&nbsp;<\/p>\n<hr \/>\n<p>&nbsp;<\/p>\n<h3><strong><a href=\"https:\/\/www.radiopiu.net\/wordpress\/al-via-le-prenotazioni-per-il-concerto-la-mia-terra-con-roby-facchinetti\/6d2f3eca-51eb-475d-a53d-f8cc7852afd5\/\" rel=\"attachment wp-att-216089\"><img loading=\"lazy\" decoding=\"async\" class=\" wp-image-216089 alignleft\" src=\"https:\/\/www.radiopiu.net\/wordpress\/wp-content\/uploads\/2021\/06\/6d2f3eca-51eb-475d-a53d-f8cc7852afd5-300x300.jpg\" alt=\"\" width=\"114\" height=\"114\" srcset=\"https:\/\/www.radiopiu.net\/wordpress\/wp-content\/uploads\/2021\/06\/6d2f3eca-51eb-475d-a53d-f8cc7852afd5-300x300.jpg 300w, https:\/\/www.radiopiu.net\/wordpress\/wp-content\/uploads\/2021\/06\/6d2f3eca-51eb-475d-a53d-f8cc7852afd5-150x150.jpg 150w, https:\/\/www.radiopiu.net\/wordpress\/wp-content\/uploads\/2021\/06\/6d2f3eca-51eb-475d-a53d-f8cc7852afd5-768x768.jpg 768w, https:\/\/www.radiopiu.net\/wordpress\/wp-content\/uploads\/2021\/06\/6d2f3eca-51eb-475d-a53d-f8cc7852afd5.jpg 1024w\" sizes=\"auto, (max-width: 114px) 100vw, 114px\" \/><\/a><\/strong><em>Regione Veneto, Provincia di Belluno, Comune di Falcade, Pro Loco Falcade Caviola, PromoFalcade Dolomiti e Ski Area San Pellegrino.<\/em><\/h3>\n<p><strong>FALCADE <\/strong>\u00a0Diretti dal Maestro Diego Basso un centinaio di artisti tra musicisti e coristi dell\u2019Orchestra Ritmico Sinfonica Italiana e Le Voci di Art Voice Academy.\u00a0 L\u2019accesso all\u2019area del concerto e\u0300 raggiungibile solo su prenotazione, tramite il sito: <a href=\"https:\/\/www.falcadedolomiti.it\/falcade-e-il-concerto-la-mia-terra\/\">https:\/\/www.falcadedolomiti.it\/falcade-e-il-concerto-la-mia-terra\/\u00a0<\/a><\/p>\n<p>&nbsp;<\/p>\n<p>&nbsp;<\/p>\n<hr \/>\n<p>&nbsp;<\/p>\n<blockquote>\n<h2>&#8220;IL MILITE IGNOTO&#8221; IL 18 LUGLIO A BOSCHI DI CARTA<\/h2>\n<\/blockquote>\n<p><strong>BELLUNO<\/strong> Paola Zambelli autrice, nativa e residente a Belluno, laureata in Scienze della Formazione, recentemente a Ravenna premiata al concorso &#8220;letteratura per ragazzi&#8221;,\u00a0 il 18 luglio, in occasione della manifestazione \u201cBoschi di Carta\u201d a Pieve di Cadore, presenter\u00e0 il romanzo \u201cIl treno dell\u2019Ignoto. Il viaggio del Milite Ignoto\u201d, tratto proprio dal racconto vincitore del XIV Premio \u201cRighini Ricci\u201d di Conselice (RA).<\/p>\n<p>&nbsp;<\/p>\n<blockquote><p>&nbsp;<\/p><\/blockquote>\n<hr \/>\n<blockquote>\n<h3><\/h3>\n<h3>\u201cSOTTO UN CIELO DI STOFFA\u201d IL 10 LUGLIO A VILLA ALPAGO NOVELLO<\/h3>\n<\/blockquote>\n<p><strong><a href=\"https:\/\/www.radiopiu.net\/wordpress\/giornale-radiopiu-02-luglio-2021-direttore-mirko-mezzacasa\/corsi-alfabetizzazione-isp-afghanistan\/\" rel=\"attachment wp-att-219360\"><img loading=\"lazy\" decoding=\"async\" class=\" wp-image-219360 alignleft\" src=\"https:\/\/www.radiopiu.net\/wordpress\/wp-content\/uploads\/2021\/07\/corsi-alfabetizzazione-ISP-afghanistan-223x300.jpg\" alt=\"\" width=\"96\" height=\"129\" srcset=\"https:\/\/www.radiopiu.net\/wordpress\/wp-content\/uploads\/2021\/07\/corsi-alfabetizzazione-ISP-afghanistan-223x300.jpg 223w, https:\/\/www.radiopiu.net\/wordpress\/wp-content\/uploads\/2021\/07\/corsi-alfabetizzazione-ISP-afghanistan.jpg 657w\" sizes=\"auto, (max-width: 96px) 100vw, 96px\" \/><\/a>BELLUNO<\/strong> Oggi alle\u00a0 20.45 a Villa Alpago Novello (Frontin di Trichiana), si svolger\u00e0 il reading scenico \u201cSotto un cielo di stoffa\u201d, un\u2019emozionante serata tra parole e musica per raccontare storie di donne afghane e della loro quotidiana lotta per l\u2019emancipazione e la dignit\u00e0. Le storie, tratte dall\u2019omonimo libro di Cristina Cella arricchito dalle immagini di Carla Dazzi, saranno portate in scena dalle attrici Caterina Comingio, Marisa Del Ben e Alessandra Menis.\u00a0 Maggiori informazioni sul sito www.365giorni.org e sui canali sociali dell\u2019Associazione Insieme si pu\u00f2.<\/p>\n<p>&nbsp;<\/p>\n<p>&nbsp;<\/p>\n<hr \/>\n<div class=\"mkdf-post-text\">\n<div class=\"mkdf-post-text-inner\">\n<div class=\"mkdf-post-text-main\">\n<p>&nbsp;<\/p>\n<h3>Dalla Biblioteca di Cesiomaggiore<\/h3>\n<p><strong>CESIOMAGGIORE<\/strong> Il volume &#8220;I miracoli della Val Canzoi&#8221;,\u00a0 omaggio autentico e affettuoso di Giovanni Trimeri e GianAntonio Cecchin a Dino Buzzati,\u00a0 nel cinquantesimo anniversario dalla pubblicazione de I miracoli di Val Morel, sar\u00e0 presentato alla stampa venerdi 16 luglio in sala riunioni Biblioteca comunale di Cesiomaggiore (Via Roma), con l&#8217;occasione sar\u00e0 presentata altres\u00ec la mostra.<\/p>\n<\/div>\n<\/div>\n<\/div>\n<p>&nbsp;<\/p>\n<p>&nbsp;<\/p>\n<hr \/>\n<p>&nbsp;<\/p>\n<p>&nbsp;<\/p>\n<blockquote>\n<h3>IL CAI AGORDO ORGANIZZA L&#8217;ESCURSIONE A EIDECHSSPITZE E RIF. LAGO DI PAUSA gi\u00e0 tutto esaurito<\/h3>\n<\/blockquote>\n<p><strong><a href=\"https:\/\/www.radiopiu.net\/wordpress\/giornale-radiopiu-07-aprile\/cai-agordo-2\/\" rel=\"attachment wp-att-127841\"><img loading=\"lazy\" decoding=\"async\" class=\" wp-image-127841 alignleft\" src=\"https:\/\/www.radiopiu.net\/wordpress\/wp-content\/uploads\/2020\/04\/cai-agordo.jpg\" alt=\"\" width=\"127\" height=\"73\" \/><\/a>AGORDO<\/strong> Oggi e domani<span style=\"color: #000000;\">\u00a0alla Eidechsspitze ed al Rifugio Lago di Pausa. Proprio per motivi logistici legati al numero di posti disponibili in rifugio, <u>le iscrizioni sono gi\u00e0 chiuse<\/u> da tempo ma \u00e8 doveroso informare i soci dell&#8217;attivit\u00e0 che la Sezione svolge in questo scorcio di calda estate. La meta \u00e8 la Val Pusteria, ed in particolare il Gruppo di Monte Gruppo con le sue innumerevoli cime ed i suoi laghetti di origine glaciale, tra cui il pi\u00f9 grande \u00e8 quello di Pausa, ove sorge anche l&#8217;omonimo rifugio. <\/span>Escursione\u00a0classificata EE con tratti di EEA<strong>.<\/strong><\/p>\n<p>&nbsp;<\/p>\n<p>&nbsp;<\/p>\n<hr \/>\n<blockquote>\n<h3><\/h3>\n<h3>NONNI E NIPOTI AL MUSAL PER LA GIORNATA MONDIALE DEI NONNI E DEGLI ANZIANI<\/h3>\n<\/blockquote>\n<p><strong>CANALE D&#8217;AGORDO I<\/strong><span class=\"s1\">l Musal ha deciso di invitare Mattia Mascher, esperto di educazione ambientale, cooperativa e di comunicazione sociale, per presentare il suo libro Guida galattica per nonne e nonni del terzo millennio.\u00a0 L&#8217;incontro si terr\u00e0 oggi, alle ore 17.30, presso la Sala Lina Zand\u00f2 del Museo albino Luciani\u00a0<\/span><\/p>\n<p>&nbsp;<\/p>\n<p>&nbsp;<\/p>\n<hr \/>\n<p>&nbsp;<\/p>\n<blockquote>\n<h3>BASILIO SISTI DI IRRIGHE: IL GRANDE MUSICISTA DI GORGHEGGI E CLARINO<\/h3>\n<\/blockquote>\n<p>&nbsp;<\/p>\n<p><strong>di RENATO BONA<\/strong><\/p>\n<p>&nbsp;<\/p>\n<p><strong>ALPAGO<\/strong> Marted\u00ec 23 marzo scorso, ricorreva il centesimo anniversario della scomparsa ad Irrighe di Chies d\u2019Alpago, di Basilio Sisti, noto come il \u201cMusicista dei gorgheggi\u201d. La figura di questo valente artista \u00e8 tra quelle che lo scomparso maestro Mario De Nale ha illustrato nel suo libro \u201cPersonaggi illustri dell\u2019Alpago e Ponte nelle Alpi\u201d edito per il centenario di Placido Fabris, nell\u2019agosto 1978 con la tipografia Piave di Belluno, dal Centro di educazione permanente di Tambre e dall\u2019Associazione emigranti Bellunesi, con il sostegno della Regione Veneto e della Cassa di Risparmio di Verona, Vicenza e Belluno. In realt\u00e0, era nato a Venezia il 9 marzo 1845 e dunque era alpagoto d\u2019adozione, anche se a dire il vero ben poco si sa sulle sue origini visto che risulta nato da \u201cignoti\u201d e sarebbe stato adottato da una delle famiglie Fagherazzi. E\u2019 invece certo che aveva fissato la sua definitiva dimora \u201cnel bel paese alpestre, appunto Irrighe, probabilmente dopo il suo matrimonio con Maria De Battista, nata nella vicina frazione di Funes il 4 ottobre 1848, dalla quale ebbe l\u2019unica figlia, Rosa\u201d. De Nale annotava: \u201cGi\u00e0 a seguito dell\u2019adozione era venuto a trovarsi fin da bambini nel paese dei suonatori ed amanti della musica da tante generazioni, e possiamo ammettere che un uomo fatto soprattutto per la musica come era lui, si sia subito trovato a suo agio\u201d. Un aneddoto: ad una parete della cucina nella sua casa, era appeso un vecchio clarino: l\u2019occasione per portarsi il bocchino alla bocca e soffiarvi le prime note era a portata di mano ma\u2026 causava le furie del Fagherazzi che gli intimava di rimettere lo strumento al suo posto per evitare di scassarlo. Il ragazzetto replicava piangente di volerlo utilizzare per imparare a suonarlo e alla fine Fagherazzi\u2026 gliene compr\u00f2 uno nuovo!Concluse le scuole elementari, il ragazzo prese la via di Venezia per lavorare come inserviente di cucina all\u2019ospedale di San Servolo. Il suo arrivo &#8211; scriveva Mario De Nale \u2013 cre\u00f2 scompiglio ed allegria: \u201cquando, dpo aver pelato patate prendeva in mano il clarino per far sentire i gorgheggi dell\u2019usignolo, tutti i cuochi gli si facevano attorno e dimenticavano di girare le bistecche, suscitando le ire del capocuoco; i ricoverati che si trovavano nel piazzale per la passeggiata alzavano il mento sopra il davanzale delle finestre delle cucine per vedere chi fosse il bravo suonatore ed i ricoverati delle corsie aprivano le finestre per far entrare le note melodiche\u2026\u201d. Col trascorrere del tempo tutte le sue iniziative nel campo musicale furono sostenute ed il nostro divenne maestro della piccola banda dell\u2019Isola. La sua musica, quella che usciva dalle trombe, dalle fisarmoniche e, segnatamente, dal clarino, pur discostandosi dalla dotta, erra pur sempre arte, arte popolare perch\u00e9 nasceva dal popolo per essere suonata fra il popolo e per il popolo al quale piaceva. Ancora De Nale: \u201cLa sua era una musica opalescente e gaia che mandava in estasi le folle delle piazze, per cui \u00e8 doveroso attribuirgli un posto di primo piano nel campo della diffusione della musica popolare contemporanea\u201d. Tornato ad Irrighe Basilio si dedic\u00f2 all\u2019allevamento del bestiame e\u2026 all\u2019insegnamento della musica ai giovani \u201cAlcuni dei quali ne ricordano ancor oggi l\u2019onest\u00e0, la seriet\u00e0 e la bravura\u201d; amava pure fare delle passeggiate nei dintorni dei villaggi per ascoltare i gorgheggi degli uccelli e le voci delle montagne battute dai venti, che poi riportava nella sua musica, dandoci quindi: Il Teverone, La perussola (capinera), Il canto dell\u2019usignolo, L\u2019eco dei monti, La civetta, La perussolina (cinciallegra), La perussola e l\u2019usignolo, La perussola e il savatolo (fringuello). Fra le opere pi\u00f9 note ed apprezzate anche: Due sorelle, La poveretta, Pia marcia, Amor fraterno, Chies in festa, Lagrima alla Patria, La pesca di Lamosano, Fantasie per clarino, gran cassa, trombone, cornetta, bombardino, genis, basso dedicate \u201cal molto reverendo parroco don Giovacchino Lupano\u201d; Coro sopra un\u2019oca rubata e mangiata all\u2019osteria, La perussola e lo scoiattolo, La valle d\u2019Alpago, Una passeggiata a Puos, L\u2019Unione, La primavera, Rose di maggio, Il vento di marzo. Al mio ritorno, Canti d\u2019uccelli. Prima di riportare il testo di \u201cL\u2019oca rubata\u201d (coro), De Nale sottolineava che \u201cLa sua morte fu accolta con grande cordoglio in tutta la Conca\u201d e faceva seguire il testo dell\u2019orazione funebre ed estremo saluto rivolto a Basilio Sisti dal suo allievo Antonio Salvadori al momento della sepoltura, non trascurando di ricordare che \u201cAl suo ricordo \u00e8 stato formato ad Irrighe il complesso \u201cI Basiliani\u201d, diretto dal suo ex allievo, il maestro Antonio Fagherazzzi\u00b8 \u00e8 un complesso nato per allietare le piazze ma anche per far meglio conoscere il musicista alpagoto dei trilli e dei gorgheggi, il grande maestro del clarino e della musica popolaresca, ancora, erroneamente, troppo dimenticato\u201d.Ma qualcosa si \u00e8 mosso se, ad esempio, nell\u2019ottobre 2013 &#8211; come si pu\u00f2 leggere nel sito: marcaperta.it \u2013 \u201csu iniziativa del dott. Andrea Bayou, \u00e8 stato promosso e approvato un concorso artistico intitolato Catullo e la cartoline musicali dell\u2019Alpago, grazie all\u2019interessamento e alla preziosa collaborazione della dott.Chiara Fistarol, assessore alla Cultura del comune di Pieve d\u2019Alpago, con l\u2019appoggio dei colleghi assessori di Chies, Farra, Puos e Tambre d\u2019Alpago. Il premio vedr\u00e0 la partecipazione degli alunni delle Scuole primarie di tutto il comprensorio dell\u2019Alpago e la giuria verr\u00e0 presieduta dalla prof. Luciana Ferretti, gi\u00e0 docente di educazione artistica nelle scuole secondarie di primo grado. L\u2019idea \u00e8 nata con il principale obiettivo di rendere visibile la cultura del territorio, la musica e la figura artistica di Basilio Sisti. I bambini dovranno concretizzare un disegno riguardante un tema della cultura locale, con l\u2019aiuto della musica, che avr\u00e0 il principale obiettivo di ispirare e stimolare l\u2019immaginazione e la creativit\u00e0 di ogni partecipante. Sulla figura di Basilio Sisti \u00e8 stata pubblicata una breve biografia a cura dello stesso Andrea Bayou, con un\u2019analisi estetica-compositiva del maestro Matteo Segafreddo, compositore e docente all\u2019Universit\u00e0 di Venezia, su alcune celebri melodie del grande compositore bellunese\u201d.<\/p>\n\n\t\t\t<style type='text\/css'>\n\t\t\t\t#gallery-7 {\n\t\t\t\t\tmargin: auto;\n\t\t\t\t}\n\t\t\t\t#gallery-7 .gallery-item {\n\t\t\t\t\tfloat: left;\n\t\t\t\t\tmargin-top: 10px;\n\t\t\t\t\ttext-align: center;\n\t\t\t\t\twidth: 33%;\n\t\t\t\t}\n\t\t\t\t#gallery-7 img {\n\t\t\t\t\tborder: 2px solid #cfcfcf;\n\t\t\t\t}\n\t\t\t\t#gallery-7 .gallery-caption {\n\t\t\t\t\tmargin-left: 0;\n\t\t\t\t}\n\t\t\t\t\/* see gallery_shortcode() in wp-includes\/media.php *\/\n\t\t\t<\/style>\n\t\t<div id='gallery-7' class='dt-gallery-container gallery galleryid-220790 gallery-columns-3 gallery-size-thumbnail'><dl class='gallery-item'>\n\t\t\t\t<dt class='gallery-icon landscape'>\n\t\t\t\t\t<a class=\"rollover rollover-zoom dt-pswp-item\" title=\"211777894_524870252035946_824724495814505116_n\" data-dt-img-description=\"\" data-large_image_width=\"320\" data-large_image_height=\"180\"href='https:\/\/www.radiopiu.net\/wordpress\/wp-content\/uploads\/2021\/07\/211777894_524870252035946_824724495814505116_n.jpg'><img loading=\"lazy\" decoding=\"async\" width=\"150\" height=\"150\" src=\"https:\/\/www.radiopiu.net\/wordpress\/wp-content\/uploads\/2021\/07\/211777894_524870252035946_824724495814505116_n-150x150.jpg\" class=\"attachment-thumbnail size-thumbnail\" alt=\"\" \/><\/a>\n\t\t\t\t<\/dt><\/dl><dl class='gallery-item'>\n\t\t\t\t<dt class='gallery-icon landscape'>\n\t\t\t\t\t<a class=\"rollover rollover-zoom dt-pswp-item\" title=\"213048800_989368305151530_6187895009093063609_n\" data-dt-img-description=\"\" data-large_image_width=\"300\" data-large_image_height=\"168\"href='https:\/\/www.radiopiu.net\/wordpress\/wp-content\/uploads\/2021\/07\/213048800_989368305151530_6187895009093063609_n.jpg'><img loading=\"lazy\" decoding=\"async\" width=\"150\" height=\"150\" src=\"https:\/\/www.radiopiu.net\/wordpress\/wp-content\/uploads\/2021\/07\/213048800_989368305151530_6187895009093063609_n-150x150.jpg\" class=\"attachment-thumbnail size-thumbnail\" alt=\"\" \/><\/a>\n\t\t\t\t<\/dt><\/dl><dl class='gallery-item'>\n\t\t\t\t<dt class='gallery-icon landscape'>\n\t\t\t\t\t<a class=\"rollover rollover-zoom dt-pswp-item\" title=\"213682368_253991279422994_4366520558764269345_n\" data-dt-img-description=\"\" data-large_image_width=\"343\" data-large_image_height=\"206\"href='https:\/\/www.radiopiu.net\/wordpress\/wp-content\/uploads\/2021\/07\/213682368_253991279422994_4366520558764269345_n.jpg'><img loading=\"lazy\" decoding=\"async\" width=\"150\" height=\"150\" src=\"https:\/\/www.radiopiu.net\/wordpress\/wp-content\/uploads\/2021\/07\/213682368_253991279422994_4366520558764269345_n-150x150.jpg\" class=\"attachment-thumbnail size-thumbnail\" alt=\"\" \/><\/a>\n\t\t\t\t<\/dt><\/dl><br style=\"clear: both\" \/><dl class='gallery-item'>\n\t\t\t\t<dt class='gallery-icon portrait'>\n\t\t\t\t\t<a class=\"rollover rollover-zoom dt-pswp-item\" title=\"213182974_343304717380044_659035122500056968_n\" data-dt-img-description=\"\" data-large_image_width=\"153\" data-large_image_height=\"225\"href='https:\/\/www.radiopiu.net\/wordpress\/wp-content\/uploads\/2021\/07\/213182974_343304717380044_659035122500056968_n.jpg'><img loading=\"lazy\" decoding=\"async\" width=\"150\" height=\"150\" src=\"https:\/\/www.radiopiu.net\/wordpress\/wp-content\/uploads\/2021\/07\/213182974_343304717380044_659035122500056968_n-150x150.jpg\" class=\"attachment-thumbnail size-thumbnail\" alt=\"\" \/><\/a>\n\t\t\t\t<\/dt><\/dl><dl class='gallery-item'>\n\t\t\t\t<dt class='gallery-icon portrait'>\n\t\t\t\t\t<a class=\"rollover rollover-zoom dt-pswp-item\" title=\"212073929_498388788115128_2904328807137552452_n\" data-dt-img-description=\"\" data-large_image_width=\"154\" data-large_image_height=\"240\"href='https:\/\/www.radiopiu.net\/wordpress\/wp-content\/uploads\/2021\/07\/212073929_498388788115128_2904328807137552452_n.jpg'><img loading=\"lazy\" decoding=\"async\" width=\"150\" height=\"150\" src=\"https:\/\/www.radiopiu.net\/wordpress\/wp-content\/uploads\/2021\/07\/212073929_498388788115128_2904328807137552452_n-150x150.jpg\" class=\"attachment-thumbnail size-thumbnail\" alt=\"\" \/><\/a>\n\t\t\t\t<\/dt><\/dl><dl class='gallery-item'>\n\t\t\t\t<dt class='gallery-icon landscape'>\n\t\t\t\t\t<a class=\"rollover rollover-zoom dt-pswp-item\" title=\"212240111_551397869219944_9074500927555164114_n\" data-dt-img-description=\"\" data-large_image_width=\"318\" data-large_image_height=\"206\"href='https:\/\/www.radiopiu.net\/wordpress\/wp-content\/uploads\/2021\/07\/212240111_551397869219944_9074500927555164114_n.jpg'><img loading=\"lazy\" decoding=\"async\" width=\"150\" height=\"150\" src=\"https:\/\/www.radiopiu.net\/wordpress\/wp-content\/uploads\/2021\/07\/212240111_551397869219944_9074500927555164114_n-150x150.jpg\" class=\"attachment-thumbnail size-thumbnail\" alt=\"\" \/><\/a>\n\t\t\t\t<\/dt><\/dl><br style=\"clear: both\" \/><dl class='gallery-item'>\n\t\t\t\t<dt class='gallery-icon landscape'>\n\t\t\t\t\t<a class=\"rollover rollover-zoom dt-pswp-item\" title=\"213829324_871340683783124_3786548559205556588_n\" data-dt-img-description=\"\" data-large_image_width=\"259\" data-large_image_height=\"194\"href='https:\/\/www.radiopiu.net\/wordpress\/wp-content\/uploads\/2021\/07\/213829324_871340683783124_3786548559205556588_n.jpg'><img loading=\"lazy\" decoding=\"async\" width=\"150\" height=\"150\" src=\"https:\/\/www.radiopiu.net\/wordpress\/wp-content\/uploads\/2021\/07\/213829324_871340683783124_3786548559205556588_n-150x150.jpg\" class=\"attachment-thumbnail size-thumbnail\" alt=\"\" \/><\/a>\n\t\t\t\t<\/dt><\/dl>\n\t\t\t\t<br style='clear: both' \/>\n\t\t\t<\/div>\n\n<p>&nbsp;<\/p>\n<p>NELLE FOTO (riproduzione dal libro di Mario De Nale \u201cPersonaggi illustri dell\u2019Alpago e Ponte nelle Alpi; cianodeiscot su You tube; Faceboock; tutteleprese; beppe sebaste): il musicista-compositore Basilio Sisti; una copertina dedicata al musicista; esecuzione della sua entusiasmante \u201cPolka popolare\u201d; la copertina del libro che gli ha dedicato Andrea Bayiou; uno dei tanti spartiti musicali dell\u2019artista; una panoramica di Irrighe dove si stabil\u00ec dopo la parentesi lavorativa a Venezia; l\u2019Isola di San Servolo nel cui ospedale Basilio Sisti lavor\u00f2 da giovane come inserviente di cucina.<\/p>\n<p>&nbsp;<\/p>\n<p>&nbsp;<\/p>\n<p>&nbsp;<\/p>\n<hr \/>\n<p>&nbsp;<\/p>\n<blockquote>\n<blockquote>\n<h2><a href=\"https:\/\/www.radiopiu.net\/wordpress\/speciale-solidarieta-veneto\/solidarieta-veneto-3\/\" rel=\"attachment wp-att-134366\"><img loading=\"lazy\" decoding=\"async\" class=\"wp-image-134366 alignleft\" src=\"https:\/\/www.radiopiu.net\/wordpress\/wp-content\/uploads\/2020\/05\/solidariet\u00e0-veneto-300x210.jpg\" alt=\"\" width=\"102\" height=\"71\" srcset=\"https:\/\/www.radiopiu.net\/wordpress\/wp-content\/uploads\/2020\/05\/solidariet\u00e0-veneto-300x210.jpg 300w, https:\/\/www.radiopiu.net\/wordpress\/wp-content\/uploads\/2020\/05\/solidariet\u00e0-veneto-1024x717.jpg 1024w, https:\/\/www.radiopiu.net\/wordpress\/wp-content\/uploads\/2020\/05\/solidariet\u00e0-veneto-768x538.jpg 768w, https:\/\/www.radiopiu.net\/wordpress\/wp-content\/uploads\/2020\/05\/solidariet\u00e0-veneto.jpg 1373w\" sizes=\"auto, (max-width: 102px) 100vw, 102px\" \/><\/a>SOLIDARIETA&#8217; VENETO FONDO PENSIONE, IN ONDA IL PRIMO VENERDI DEL MESE ALLE 10.30 E ALLE 19.00 QUINTA STAGIONE<\/h2>\n<\/blockquote>\n<h2><strong><span style=\"color: #ff0000;\">AUDIO LUGLIO 2021<\/span><\/strong><\/h2>\n<\/blockquote>\n<audio class=\"wp-audio-shortcode\" id=\"audio-220790-14\" preload=\"none\" style=\"width: 100%;\" controls=\"controls\"><source type=\"audio\/mpeg\" src=\"https:\/\/www.radiopiu.net\/wordpress\/wp-content\/uploads\/2021\/07\/solidarieta-veneto-luglio-2021.mp3?_=14\" \/><a href=\"https:\/\/www.radiopiu.net\/wordpress\/wp-content\/uploads\/2021\/07\/solidarieta-veneto-luglio-2021.mp3\">https:\/\/www.radiopiu.net\/wordpress\/wp-content\/uploads\/2021\/07\/solidarieta-veneto-luglio-2021.mp3<\/a><\/audio>\n<h2>LA RACCOLTA COMPLETA<\/h2>\n<blockquote class=\"wp-embedded-content\" data-secret=\"htjYmoPpqj\"><p><a href=\"https:\/\/www.radiopiu.net\/wordpress\/solidarieta-veneto\/\">Solidariet\u00e0 Veneto<\/a><\/p><\/blockquote>\n<p><iframe loading=\"lazy\" class=\"wp-embedded-content\" sandbox=\"allow-scripts\" security=\"restricted\" style=\"position: absolute; clip: rect(1px, 1px, 1px, 1px);\" title=\"&#8220;Solidariet\u00e0 Veneto&#8221; &#8212; Radio Pi\u00f9\" src=\"https:\/\/www.radiopiu.net\/wordpress\/solidarieta-veneto\/embed\/#?secret=htjYmoPpqj\" data-secret=\"htjYmoPpqj\" width=\"600\" height=\"338\" frameborder=\"0\" marginwidth=\"0\" marginheight=\"0\" scrolling=\"no\"><\/iframe><\/p>\n<blockquote>\n<h2><\/h2>\n<\/blockquote>\n<p>&nbsp;<\/p>\n<hr \/>\n<p>&nbsp;<\/p>\n<h2><strong><span style=\"color: #ff0000;\">QUINDICINALE APPUNTAMENTO ALLA RADIO<\/span><\/strong><\/h2>\n<blockquote>\n<h3><a style=\"font-size: 14px; font-weight: normal;\" href=\"https:\/\/www.radiopiu.net\/wordpress\/giornale-radiopiu-06-febbraio-2019-direttore-mirko-mezzacasa\/logo_spi-cgil-800x445\/\" rel=\"attachment wp-att-75538\"><img loading=\"lazy\" decoding=\"async\" class=\"wp-image-75538 alignleft\" src=\"https:\/\/www.radiopiu.net\/wordpress\/wp-content\/uploads\/2019\/02\/Logo_Spi-CGIL-800x445-300x167.jpg\" alt=\"\" width=\"210\" height=\"117\" srcset=\"https:\/\/www.radiopiu.net\/wordpress\/wp-content\/uploads\/2019\/02\/Logo_Spi-CGIL-800x445-300x167.jpg 300w, https:\/\/www.radiopiu.net\/wordpress\/wp-content\/uploads\/2019\/02\/Logo_Spi-CGIL-800x445-768x427.jpg 768w, https:\/\/www.radiopiu.net\/wordpress\/wp-content\/uploads\/2019\/02\/Logo_Spi-CGIL-800x445.jpg 800w\" sizes=\"auto, (max-width: 210px) 100vw, 210px\" \/><\/a><\/h3>\n<\/blockquote>\n<blockquote>\n<h3>ALLA RADIO, APPUNTAMENTO QUINDICINALE CON SPI-CGIL BELLUNO, IN STUDIO MARIA RITA GENTILIN<\/h3>\n<\/blockquote>\n<p><strong>di Claudio Fontanive\u00a0<\/strong><\/p>\n<p><span style=\"color: #ff0000;\"><strong>PUNTATA DEL\u00a0 08 luglio 2021<br \/>\n<\/strong><\/span><\/p>\n<audio class=\"wp-audio-shortcode\" id=\"audio-220790-15\" preload=\"none\" style=\"width: 100%;\" controls=\"controls\"><source type=\"audio\/mpeg\" src=\"https:\/\/www.radiopiu.net\/wordpress\/wp-content\/uploads\/2021\/07\/spi-cgil-8-luglio.mp3?_=15\" \/><a href=\"https:\/\/www.radiopiu.net\/wordpress\/wp-content\/uploads\/2021\/07\/spi-cgil-8-luglio.mp3\">https:\/\/www.radiopiu.net\/wordpress\/wp-content\/uploads\/2021\/07\/spi-cgil-8-luglio.mp3<\/a><\/audio>\n<p><span style=\"color: #ff0000;\"><strong>\u00a0<\/strong><\/span><\/p>\n<p>&nbsp;<\/p>\n<h2><\/h2>\n<hr \/>\n<p>&nbsp;<\/p>\n<div>\n<div class=\"b654a4as d2edcug0\">\n<div class=\"rq0escxv hkbzh7o3 jwdofwj8 n8tt0mok r8blr3vg hyh9befq\">\n<p><a class=\"dt-pswp-item\" href=\"https:\/\/www.radiopiu.net\/wordpress\/wp-content\/uploads\/2020\/10\/pp.jpg\" data-dt-img-description=\"\" data-large_image_width=\"640\" data-large_image_height=\"640\"><img loading=\"lazy\" decoding=\"async\" class=\"wp-image-163678 alignleft\" src=\"https:\/\/www.radiopiu.net\/wordpress\/wp-content\/uploads\/2020\/10\/pp-300x300.jpg\" alt=\"\" width=\"106\" height=\"106\" srcset=\"https:\/\/www.radiopiu.net\/wordpress\/wp-content\/uploads\/2020\/10\/pp-300x300.jpg 300w, https:\/\/www.radiopiu.net\/wordpress\/wp-content\/uploads\/2020\/10\/pp-150x150.jpg 150w, https:\/\/www.radiopiu.net\/wordpress\/wp-content\/uploads\/2020\/10\/pp-125x125.jpg 125w, https:\/\/www.radiopiu.net\/wordpress\/wp-content\/uploads\/2020\/10\/pp-200x200.jpg 200w, https:\/\/www.radiopiu.net\/wordpress\/wp-content\/uploads\/2020\/10\/pp-80x80.jpg 80w, https:\/\/www.radiopiu.net\/wordpress\/wp-content\/uploads\/2020\/10\/pp-480x480.jpg 480w, https:\/\/www.radiopiu.net\/wordpress\/wp-content\/uploads\/2020\/10\/pp.jpg 640w\" sizes=\"auto, (max-width: 106px) 100vw, 106px\" \/><\/a><\/p>\n<\/div>\n<\/div>\n<\/div>\n<div>\n<div class=\"page-title-head hgroup\">\n<div class=\"page-title-head hgroup\">\n<div class=\"b654a4as d2edcug0\">\n<div class=\"j83agx80 btwxx1t3 lhclo0ds hop8lmos nkwizq5d scwd0bx6 roh60bw9\">\n<div class=\"rq0escxv hkbzh7o3 jwdofwj8 n8tt0mok r8blr3vg hyh9befq\">\n<div class=\"do00u71z l9j0dhe7 k4urcfbm\">\n<h2><span style=\"color: #000080;\">DON CESARE, IL PENSIERO DEL GIORNO. ALLA RADIO ALLE 7 DEL MATTINO E ALLE 19.30 DELLA SERA.\u00a0\u00a0<\/span><\/h2>\n<\/div>\n<\/div>\n<\/div>\n<div class=\"rq0escxv hkbzh7o3 jwdofwj8 n8tt0mok r8blr3vg hyh9befq\"><\/div>\n<div><\/div>\n<div><\/div>\n<\/div>\n<\/div>\n<div class=\"page-title-head hgroup\">\n<div class=\"b654a4as d2edcug0\">\n<audio class=\"wp-audio-shortcode\" id=\"audio-220790-16\" preload=\"none\" style=\"width: 100%;\" controls=\"controls\"><source type=\"audio\/mpeg\" src=\"https:\/\/www.radiopiu.net\/wordpress\/wp-content\/uploads\/2021\/07\/CESARE-5.mp3?_=16\" \/><a href=\"https:\/\/www.radiopiu.net\/wordpress\/wp-content\/uploads\/2021\/07\/CESARE-5.mp3\">https:\/\/www.radiopiu.net\/wordpress\/wp-content\/uploads\/2021\/07\/CESARE-5.mp3<\/a><\/audio>\n<p>&nbsp;<\/p>\n<hr \/>\n<h2><span style=\"color: #ff6600;\">\u00a0<\/span><\/h2>\n<h2><span style=\"color: #ff6600;\">GIROVAGANDO ALLA RADIO, PUNTATA 07<\/span><\/h2>\n<h3><a href=\"https:\/\/www.radiopiu.net\/wordpress\/girovagando-alla-radio-puntata-07\/7e5e6826-d6af-41e7-bc59-7e2850487c52\/\" rel=\"attachment wp-att-219806\"><img loading=\"lazy\" decoding=\"async\" class=\"size-medium wp-image-219806 alignleft\" src=\"https:\/\/www.radiopiu.net\/wordpress\/wp-content\/uploads\/2021\/07\/7e5e6826-d6af-41e7-bc59-7e2850487c52-300x150.jpg\" alt=\"\" width=\"300\" height=\"150\" srcset=\"https:\/\/www.radiopiu.net\/wordpress\/wp-content\/uploads\/2021\/07\/7e5e6826-d6af-41e7-bc59-7e2850487c52-300x150.jpg 300w, https:\/\/www.radiopiu.net\/wordpress\/wp-content\/uploads\/2021\/07\/7e5e6826-d6af-41e7-bc59-7e2850487c52-1024x512.jpg 1024w, https:\/\/www.radiopiu.net\/wordpress\/wp-content\/uploads\/2021\/07\/7e5e6826-d6af-41e7-bc59-7e2850487c52-768x384.jpg 768w, https:\/\/www.radiopiu.net\/wordpress\/wp-content\/uploads\/2021\/07\/7e5e6826-d6af-41e7-bc59-7e2850487c52-1536x768.jpg 1536w, https:\/\/www.radiopiu.net\/wordpress\/wp-content\/uploads\/2021\/07\/7e5e6826-d6af-41e7-bc59-7e2850487c52.jpg 1600w\" sizes=\"auto, (max-width: 300px) 100vw, 300px\" \/><\/a>Collaborazione Thomas Soppera<\/h3>\n<p>&nbsp;<\/p>\n<p>&nbsp;<\/p>\n<p>&nbsp;<\/p>\n<p>&nbsp;<\/p>\n<p><strong>AUDIO PUNTATA 05 Luglio 2021<\/strong><\/p>\n<audio class=\"wp-audio-shortcode\" id=\"audio-220790-17\" preload=\"none\" style=\"width: 100%;\" controls=\"controls\"><source type=\"audio\/mpeg\" src=\"https:\/\/www.radiopiu.net\/wordpress\/wp-content\/uploads\/2021\/07\/GIROVAGANDO-07.mp3?_=17\" \/><a href=\"https:\/\/www.radiopiu.net\/wordpress\/wp-content\/uploads\/2021\/07\/GIROVAGANDO-07.mp3\">https:\/\/www.radiopiu.net\/wordpress\/wp-content\/uploads\/2021\/07\/GIROVAGANDO-07.mp3<\/a><\/audio>\n<h2><span style=\"color: #ff0000;\">LA RACCOLTA COMPLETA\u00a0<\/span><\/h2>\n<blockquote class=\"wp-embedded-content\" data-secret=\"xoqkO3AUgR\"><p><a href=\"https:\/\/www.radiopiu.net\/wordpress\/girovagando-in-e-bike-tra-le-dolomiti\/\">GIROVAGANDO IN E BIKE TRA LE DOLOMITI<\/a><\/p><\/blockquote>\n<p><iframe loading=\"lazy\" class=\"wp-embedded-content\" sandbox=\"allow-scripts\" security=\"restricted\" style=\"position: absolute; clip: rect(1px, 1px, 1px, 1px);\" title=\"&#8220;GIROVAGANDO IN E BIKE TRA LE DOLOMITI&#8221; &#8212; Radio Pi\u00f9\" src=\"https:\/\/www.radiopiu.net\/wordpress\/girovagando-in-e-bike-tra-le-dolomiti\/embed\/#?secret=xoqkO3AUgR\" data-secret=\"xoqkO3AUgR\" width=\"600\" height=\"338\" frameborder=\"0\" marginwidth=\"0\" marginheight=\"0\" scrolling=\"no\"><\/iframe><\/p>\n<p>&nbsp;<\/p>\n<hr \/>\n<p>&nbsp;<\/p>\n<blockquote><p><span style=\"color: #ff0000;\">\u00a0ALLA RADIO LA SETTIMA PUNTATA\u00a0<\/span><\/p><\/blockquote>\n<audio class=\"wp-audio-shortcode\" id=\"audio-220790-18\" preload=\"none\" style=\"width: 100%;\" controls=\"controls\"><source type=\"audio\/mpeg\" src=\"https:\/\/www.radiopiu.net\/wordpress\/wp-content\/uploads\/2021\/07\/FATTO07_BLUESLAND_podcast_Blues_in_Sedici.mp3?_=18\" \/><a href=\"https:\/\/www.radiopiu.net\/wordpress\/wp-content\/uploads\/2021\/07\/FATTO07_BLUESLAND_podcast_Blues_in_Sedici.mp3\">https:\/\/www.radiopiu.net\/wordpress\/wp-content\/uploads\/2021\/07\/FATTO07_BLUESLAND_podcast_Blues_in_Sedici.mp3<\/a><\/audio>\n<blockquote class=\"wp-embedded-content\" data-secret=\"IAgVMQjQaR\"><p><a href=\"https:\/\/www.radiopiu.net\/wordpress\/da-ieri-alla-radio-in-palinsesto-loris-e-maurizio-con-la-grande-musica\/\">IL BLUES ALLA RADIO &#8230; COME NON L&#8217;AVETE MAI SENTITO PRIMA<\/a><\/p><\/blockquote>\n<p><iframe loading=\"lazy\" class=\"wp-embedded-content\" sandbox=\"allow-scripts\" security=\"restricted\" style=\"position: absolute; clip: rect(1px, 1px, 1px, 1px);\" title=\"&#8220;IL BLUES ALLA RADIO &#8230; COME NON L&#8217;AVETE MAI SENTITO PRIMA&#8221; &#8212; Radio Pi\u00f9\" src=\"https:\/\/www.radiopiu.net\/wordpress\/da-ieri-alla-radio-in-palinsesto-loris-e-maurizio-con-la-grande-musica\/embed\/#?secret=IAgVMQjQaR\" data-secret=\"IAgVMQjQaR\" width=\"600\" height=\"338\" frameborder=\"0\" marginwidth=\"0\" marginheight=\"0\" scrolling=\"no\"><\/iframe><\/p>\n<p>\u200b<\/p>\n<p>&nbsp;<\/p>\n<hr \/>\n<div>\n<div class=\"page-title-head hgroup\">\n<div class=\"page-title-head hgroup\">\n<div class=\"b654a4as d2edcug0\">\n<div>\n<p>&nbsp;<\/p>\n<\/div>\n<div><\/div>\n<h2>COLLAGE&#8230; DI LORIS SCUSSEL dal lunedi al venerdi alle 16 e alle 23 su RADIO PIU<\/h2>\n<div>\n<div>\n<div>\n<div>\n<div>\n<div>\n<div>\n<div>\n<div>\n<div>\n<div>\n<div>\n<p><strong>PUNTATA 385 DEL 9 luglio\u00a0 2021<\/strong><\/p>\n<\/div>\n<\/div>\n<\/div>\n<\/div>\n<\/div>\n<\/div>\n<\/div>\n<\/div>\n<\/div>\n<div>\n<div>\n<p>&nbsp;<\/p>\n<audio class=\"wp-audio-shortcode\" id=\"audio-220790-19\" preload=\"none\" style=\"width: 100%;\" controls=\"controls\"><source type=\"audio\/mpeg\" src=\"https:\/\/www.radiopiu.net\/wordpress\/wp-content\/uploads\/2021\/07\/Collage-384.mp3?_=19\" \/><a href=\"https:\/\/www.radiopiu.net\/wordpress\/wp-content\/uploads\/2021\/07\/Collage-384.mp3\">https:\/\/www.radiopiu.net\/wordpress\/wp-content\/uploads\/2021\/07\/Collage-384.mp3<\/a><\/audio>\n<p>&nbsp;<\/p>\n<\/div>\n<div>\n<div>\n<div>\n<div>\n<div>\n<div>\n<div>\n<div>\n<p><img loading=\"lazy\" decoding=\"async\" class=\"alignleft\" src=\"https:\/\/www.radiopiu.net\/wordpress\/wp-content\/uploads\/2021\/05\/Schermata-2021-05-23-alle-11.50.11.png\" width=\"186\" height=\"131\" \/>Il programma \u00e8 andato in onda da dicembre 2013 fino a luglio 2019, comprese le repliche, in due serie per 350 puntate complessive con 1.890 brani trasmessi. L\u2019obiettivo del programma: riproporre agli ascoltatori pi\u00f9 grandicelli le canzoni che ascoltavano nel passato e nello stesso tempo farle conoscere anche ai pi\u00f9 giovani.<\/p>\n<\/div>\n<\/div>\n<\/div>\n<\/div>\n<\/div>\n<\/div>\n<\/div>\n<\/div>\n<\/div>\n<div>\n<div>\n<div>\n<p>&nbsp;<\/p>\n<\/div>\n<\/div>\n<\/div>\n<\/div>\n<div>\n<p>&nbsp;<\/p>\n<\/div>\n<\/div>\n<div>\n<div>\n<div>\n<p>&nbsp;<\/p>\n<p>&nbsp;<\/p>\n<\/div>\n<\/div>\n<\/div>\n<\/div>\n<hr \/>\n<p>&nbsp;<\/p>\n<blockquote>\n<h2>FANTASTICHE DOLOMITI, NUOVA STAGIONE. APPUNTAMENTO QUINDICINALE IL GIOVEDI ALLE 10.30 E 19.00<\/h2>\n<\/blockquote>\n<blockquote class=\"wp-embedded-content\" data-secret=\"RERBw1v6W2\"><p><a href=\"https:\/\/www.radiopiu.net\/wordpress\/raccolta-completa11\/\">FANTASTICHE DOLOMITI LA RACCOLTA COMPLETA<\/a><\/p><\/blockquote>\n<p><iframe loading=\"lazy\" class=\"wp-embedded-content\" sandbox=\"allow-scripts\" security=\"restricted\" style=\"position: absolute; clip: rect(1px, 1px, 1px, 1px);\" title=\"&#8220;FANTASTICHE DOLOMITI LA RACCOLTA COMPLETA&#8221; &#8212; Radio Pi\u00f9\" src=\"https:\/\/www.radiopiu.net\/wordpress\/raccolta-completa11\/embed\/#?secret=RERBw1v6W2\" data-secret=\"RERBw1v6W2\" width=\"600\" height=\"338\" frameborder=\"0\" marginwidth=\"0\" marginheight=\"0\" scrolling=\"no\"><\/iframe><\/p>\n<p>&nbsp;<\/p>\n<p>&nbsp;<\/p>\n<hr \/>\n<div>\n<div class=\"b654a4as d2edcug0\">\n<div class=\"rq0escxv hkbzh7o3 jwdofwj8 n8tt0mok r8blr3vg hyh9befq\">\n<div class=\"b654a4as d2edcug0\">\n<h2><span style=\"color: #008000;\">\u00a0<\/span><\/h2>\n<div class=\"b654a4as d2edcug0\">\n<h2><span style=\"color: #008000;\">ERBE E PIANTE CURATIVE&#8230;IL\u00a0 PROGRAMMA DI PAOLA LANCIATO\u00a0\u00a0<\/span><\/h2>\n<p><strong><a href=\"https:\/\/www.radiopiu.net\/wordpress\/?attachment_id=219932\" rel=\"attachment wp-att-219932\"><img loading=\"lazy\" decoding=\"async\" class=\"wp-image-219932 alignleft\" src=\"https:\/\/www.radiopiu.net\/wordpress\/wp-content\/uploads\/2021\/07\/salvia-300x288.jpg\" alt=\"\" width=\"75\" height=\"72\" srcset=\"https:\/\/www.radiopiu.net\/wordpress\/wp-content\/uploads\/2021\/07\/salvia-300x288.jpg 300w, https:\/\/www.radiopiu.net\/wordpress\/wp-content\/uploads\/2021\/07\/salvia-768x736.jpg 768w, https:\/\/www.radiopiu.net\/wordpress\/wp-content\/uploads\/2021\/07\/salvia.jpg 773w\" sizes=\"auto, (max-width: 75px) 100vw, 75px\" \/><\/a>LA SALVIA\u00a0<\/strong><\/p>\n<audio class=\"wp-audio-shortcode\" id=\"audio-220790-20\" preload=\"none\" style=\"width: 100%;\" controls=\"controls\"><source type=\"audio\/mpeg\" src=\"https:\/\/www.radiopiu.net\/wordpress\/wp-content\/uploads\/2021\/07\/21-La-salvia-M.mp3?_=20\" \/><a href=\"https:\/\/www.radiopiu.net\/wordpress\/wp-content\/uploads\/2021\/07\/21-La-salvia-M.mp3\">https:\/\/www.radiopiu.net\/wordpress\/wp-content\/uploads\/2021\/07\/21-La-salvia-M.mp3<\/a><\/audio>\n<\/div>\n<blockquote class=\"wp-embedded-content\" data-secret=\"fsGKgPGsTj\"><p><a href=\"https:\/\/www.radiopiu.net\/wordpress\/erbe-e-piante-curative-il-mandorlo\/\">L\u2019ERBA VOGLIO DEL GIARDINO DEL RE\u2026 ERBE, FIORI E PIANTE DI E CON PAOLA LANCIATO<\/a><\/p><\/blockquote>\n<p><iframe loading=\"lazy\" class=\"wp-embedded-content\" sandbox=\"allow-scripts\" security=\"restricted\" style=\"position: absolute; clip: rect(1px, 1px, 1px, 1px);\" title=\"&#8220;L\u2019ERBA VOGLIO DEL GIARDINO DEL RE\u2026 ERBE, FIORI E PIANTE DI E CON PAOLA LANCIATO&#8221; &#8212; Radio Pi\u00f9\" src=\"https:\/\/www.radiopiu.net\/wordpress\/erbe-e-piante-curative-il-mandorlo\/embed\/#?secret=fsGKgPGsTj\" data-secret=\"fsGKgPGsTj\" width=\"600\" height=\"338\" frameborder=\"0\" marginwidth=\"0\" marginheight=\"0\" scrolling=\"no\"><\/iframe><\/p>\n<p>&nbsp;<\/p>\n<\/div>\n<\/div>\n<\/div>\n<\/div>\n<p>&nbsp;<\/p>\n<hr \/>\n<p>&nbsp;<\/p>\n<div>\n<h2><span style=\"color: #ff0000;\"><strong>IN VIVO VERSO 2020-21 ESTATE, RIASCOLTIAMOLI&#8230; DAL CASSETTO DEI RICORDI DI RADIO PIU&#8217;&#8230; LE PRIME\u00a0 SEI STAGIONI\u00a0 \u00a0<\/strong><\/span><\/h2>\n<div class=\"page-title-head hgroup\">\n<div class=\"page-title-head hgroup\">\n<div class=\"page-title-head hgroup\">\n<div class=\"page-title-head hgroup\">\n<div class=\"page-title-head hgroup\">\n<div class=\"page-title-head hgroup\">\n<blockquote>\n<h3>riascoltiamole OGGI E&#8217; UNA BELLA GIORNATA di ROBERTO TOTARO<\/h3>\n<p><strong>AUDIO\u00a0<\/strong><\/p>\n<audio class=\"wp-audio-shortcode\" id=\"audio-220790-21\" preload=\"none\" style=\"width: 100%;\" controls=\"controls\"><source type=\"audio\/mpeg\" src=\"https:\/\/www.radiopiu.net\/wordpress\/wp-content\/uploads\/2021\/07\/VIVO-VERSO-VEN.mp3?_=21\" \/><a href=\"https:\/\/www.radiopiu.net\/wordpress\/wp-content\/uploads\/2021\/07\/VIVO-VERSO-VEN.mp3\">https:\/\/www.radiopiu.net\/wordpress\/wp-content\/uploads\/2021\/07\/VIVO-VERSO-VEN.mp3<\/a><\/audio>\n<p><strong>LA RACCOLTA COMPLETA<\/strong><\/p><\/blockquote>\n<\/div>\n<\/div>\n<\/div>\n<\/div>\n<\/div>\n<\/div>\n<blockquote class=\"wp-embedded-content\" data-secret=\"HlhUt8pzIi\"><p><a href=\"https:\/\/www.radiopiu.net\/wordpress\/in-vivo-verso\/\">In Vivo Verso<\/a><\/p><\/blockquote>\n<p><iframe loading=\"lazy\" class=\"wp-embedded-content\" sandbox=\"allow-scripts\" security=\"restricted\" style=\"position: absolute; clip: rect(1px, 1px, 1px, 1px);\" title=\"&#8220;In Vivo Verso&#8221; &#8212; Radio Pi\u00f9\" src=\"https:\/\/www.radiopiu.net\/wordpress\/in-vivo-verso\/embed\/#?secret=HlhUt8pzIi\" data-secret=\"HlhUt8pzIi\" width=\"600\" height=\"338\" frameborder=\"0\" marginwidth=\"0\" marginheight=\"0\" scrolling=\"no\"><\/iframe><\/p>\n<p>&nbsp;<\/p>\n<hr \/>\n<\/div>\n<blockquote>\n<blockquote>\n<h2><\/h2>\n<\/blockquote>\n<\/blockquote>\n<div>\n<div class=\"b654a4as d2edcug0\">\n<div class=\"rq0escxv hkbzh7o3 jwdofwj8 n8tt0mok r8blr3vg hyh9befq\">\n<blockquote>\n<h2><span style=\"color: #ff0000;\"><em>ZAINO ALLA RADIO&#8230;ESTATE DI PAOLA LANCIATO TUTTI I GIORNI dal lunedi al venerdi ALLE 14 E 23.30\u00a0 \u00a0<\/em><\/span><\/h2>\n<\/blockquote>\n<div class=\"b654a4as d2edcug0\">\n<blockquote>\n<h2>CON PAOLA LANCIATO, INIZIA IL VIAGGIO VERSO LA FRANCIACORTA<\/h2>\n<\/blockquote>\n<p><strong>AUDIO<\/strong><\/p>\n<audio class=\"wp-audio-shortcode\" id=\"audio-220790-22\" preload=\"none\" style=\"width: 100%;\" controls=\"controls\"><source type=\"audio\/mpeg\" src=\"https:\/\/www.radiopiu.net\/wordpress\/wp-content\/uploads\/2021\/07\/45-La-Franciacorta-M.mp3?_=22\" \/><a href=\"https:\/\/www.radiopiu.net\/wordpress\/wp-content\/uploads\/2021\/07\/45-La-Franciacorta-M.mp3\">https:\/\/www.radiopiu.net\/wordpress\/wp-content\/uploads\/2021\/07\/45-La-Franciacorta-M.mp3<\/a><\/audio>\n<p><img loading=\"lazy\" decoding=\"async\" class=\"\" src=\"https:\/\/www.radiopiu.net\/wordpress\/wp-content\/uploads\/2021\/07\/45.jpg\" width=\"192\" height=\"128\" \/><\/p>\n<p>&nbsp;<\/p>\n<p><strong>LA RACCOLTA COMPLETA<\/strong><\/p>\n<\/div>\n<blockquote class=\"wp-embedded-content\" data-secret=\"4ycqx4x7fz\"><p><a href=\"https:\/\/www.radiopiu.net\/wordpress\/zaino-femminile-lanciato\/\">Zaino da viaggio al femminile<\/a><\/p><\/blockquote>\n<p><iframe loading=\"lazy\" class=\"wp-embedded-content\" sandbox=\"allow-scripts\" security=\"restricted\" style=\"position: absolute; clip: rect(1px, 1px, 1px, 1px);\" title=\"&#8220;Zaino da viaggio al femminile&#8221; &#8212; Radio Pi\u00f9\" src=\"https:\/\/www.radiopiu.net\/wordpress\/zaino-femminile-lanciato\/embed\/#?secret=4ycqx4x7fz\" data-secret=\"4ycqx4x7fz\" width=\"600\" height=\"338\" frameborder=\"0\" marginwidth=\"0\" marginheight=\"0\" scrolling=\"no\"><\/iframe><\/p>\n<p>&nbsp;<\/p>\n<\/div>\n<\/div>\n<\/div>\n<hr \/>\n<p>&nbsp;<\/p>\n<div>\n<h2><span style=\"color: #800080;\"><strong>LA RASSEGNA STAMPA DA L&#8217;AMICO DEL POPOLO\u00a0<\/strong><\/span><\/h2>\n<h3 class=\"kvgmc6g5 cxmmr5t8 oygrvhab hcukyx3x c1et5uql\"><span style=\"color: #0000ff;\"> INFORMAZIONE il canale su TELEGRAM informazione di prima mano e in tempo reale. iscriviti ed aiutaci a farlo conoscere\u00a0\u00a0<\/span><\/h3>\n<p><a class=\"dt-pswp-item\" href=\"https:\/\/www.radiopiu.net\/wordpress\/wp-content\/uploads\/2020\/02\/Manuel_Conedera.jpg\" data-dt-img-description=\"\" data-large_image_width=\"512\" data-large_image_height=\"512\"><img loading=\"lazy\" decoding=\"async\" class=\"wp-image-119145 alignleft\" src=\"https:\/\/www.radiopiu.net\/wordpress\/wp-content\/uploads\/2020\/02\/Manuel_Conedera-300x300.jpg\" alt=\"\" width=\"106\" height=\"106\" srcset=\"https:\/\/www.radiopiu.net\/wordpress\/wp-content\/uploads\/2020\/02\/Manuel_Conedera-300x300.jpg 300w, https:\/\/www.radiopiu.net\/wordpress\/wp-content\/uploads\/2020\/02\/Manuel_Conedera-150x150.jpg 150w, https:\/\/www.radiopiu.net\/wordpress\/wp-content\/uploads\/2020\/02\/Manuel_Conedera.jpg 512w\" sizes=\"auto, (max-width: 106px) 100vw, 106px\" \/><\/a><\/p>\n<p>&nbsp;<\/p>\n<p><strong>AUDIO\u00a0<\/strong><\/p>\n<p><strong>DI GIANNI SANTOMASO<\/strong><\/p>\n<audio class=\"wp-audio-shortcode\" id=\"audio-220790-23\" preload=\"none\" style=\"width: 100%;\" controls=\"controls\"><source type=\"audio\/mpeg\" src=\"https:\/\/www.radiopiu.net\/wordpress\/wp-content\/uploads\/2021\/07\/RASSEGNA-GIANNI.mp3?_=23\" \/><a href=\"https:\/\/www.radiopiu.net\/wordpress\/wp-content\/uploads\/2021\/07\/RASSEGNA-GIANNI.mp3\">https:\/\/www.radiopiu.net\/wordpress\/wp-content\/uploads\/2021\/07\/RASSEGNA-GIANNI.mp3<\/a><\/audio>\n<p>&nbsp;<\/p>\n<hr \/>\n<p>&nbsp;<\/p>\n<h2><span style=\"color: #3366ff;\">SALUTE E SOCIETA&#8217;<\/span><\/h2>\n<p><strong>LA PUNTATA DELLA SETTIMANA del 05 LUGLIO<\/strong><\/p>\n<\/div>\n<div dir=\"auto\">\n<p><img loading=\"lazy\" decoding=\"async\" class=\"size-medium wp-image-219969 alignleft\" src=\"https:\/\/www.radiopiu.net\/wordpress\/wp-content\/uploads\/2021\/07\/6c77b7ed-94b7-9355-3e85-090f2ae17079-300x169.png\" alt=\"\" width=\"300\" height=\"169\" srcset=\"https:\/\/www.radiopiu.net\/wordpress\/wp-content\/uploads\/2021\/07\/6c77b7ed-94b7-9355-3e85-090f2ae17079-300x169.png 300w, https:\/\/www.radiopiu.net\/wordpress\/wp-content\/uploads\/2021\/07\/6c77b7ed-94b7-9355-3e85-090f2ae17079-1024x576.png 1024w, https:\/\/www.radiopiu.net\/wordpress\/wp-content\/uploads\/2021\/07\/6c77b7ed-94b7-9355-3e85-090f2ae17079-768x432.png 768w, https:\/\/www.radiopiu.net\/wordpress\/wp-content\/uploads\/2021\/07\/6c77b7ed-94b7-9355-3e85-090f2ae17079.png 1280w\" sizes=\"auto, (max-width: 300px) 100vw, 300px\" \/><span style=\"color: #111111;\">La dieta chetogenica si basa sulla riduzione dei carboidrati alimentari, questa carenza obbliga l\u2019organismo a produrre autonomamente il glucosio necessario alla sopravvivenza e ad aumentare il consumo dei grassi contenuti nel tessuto adiposo. <\/span>Abbiamo approfondito l\u2019argomento con Giovanni Spera, Professore di Medicina Interna ed Endocrinologia -Sapienza Universit\u00e0 di Roma, Presidente eletto della Societ\u00e0 Italiana per lo Studio dei Distrbi del Comportamenti Alimentare e dell\u2019Obesit\u00e0<\/p>\n<audio class=\"wp-audio-shortcode\" id=\"audio-220790-24\" preload=\"none\" style=\"width: 100%;\" controls=\"controls\"><source type=\"audio\/mpeg\" src=\"https:\/\/www.radiopiu.net\/wordpress\/wp-content\/uploads\/2021\/07\/SALUTE.mp3?_=24\" \/><a href=\"https:\/\/www.radiopiu.net\/wordpress\/wp-content\/uploads\/2021\/07\/SALUTE.mp3\">https:\/\/www.radiopiu.net\/wordpress\/wp-content\/uploads\/2021\/07\/SALUTE.mp3<\/a><\/audio>\n<p><strong>LA RACCOLTA COMPLETA<\/strong><\/p>\n<blockquote class=\"wp-embedded-content\" data-secret=\"2gIs3Fcg7N\"><p><a href=\"https:\/\/www.radiopiu.net\/wordpress\/saluteesocieta\/\">Salute e Societ\u00e0<\/a><\/p><\/blockquote>\n<p><iframe loading=\"lazy\" class=\"wp-embedded-content\" sandbox=\"allow-scripts\" security=\"restricted\" style=\"position: absolute; clip: rect(1px, 1px, 1px, 1px);\" title=\"&#8220;Salute e Societ\u00e0&#8221; &#8212; Radio Pi\u00f9\" src=\"https:\/\/www.radiopiu.net\/wordpress\/saluteesocieta\/embed\/#?secret=2gIs3Fcg7N\" data-secret=\"2gIs3Fcg7N\" width=\"600\" height=\"338\" frameborder=\"0\" marginwidth=\"0\" marginheight=\"0\" scrolling=\"no\"><\/iframe><\/p>\n<\/div>\n<div dir=\"auto\">\n<h1><\/h1>\n<\/div>\n<div>\n<div class=\"page-title-head hgroup\">\n<div class=\"page-title-head hgroup\">\n<div class=\"page-title-head hgroup\">\n<div>\n<div class=\"b654a4as d2edcug0\">\n<div class=\"rq0escxv hkbzh7o3 jwdofwj8 n8tt0mok r8blr3vg hyh9befq\">\n<hr \/>\n<\/div>\n<\/div>\n<\/div>\n<div>\n<div class=\"page-title-head hgroup\">\n<div class=\"page-title-head hgroup\">\n<div>\n<div class=\"b654a4as d2edcug0\">\n<p>&nbsp;<\/p>\n<blockquote>\n<h3><img loading=\"lazy\" decoding=\"async\" class=\"alignleft\" src=\"https:\/\/www.radiopiu.net\/wordpress\/wp-content\/uploads\/2021\/06\/fresh-flower-leaves-saffron-white-background-place-your-text-use-saffron-spice-cooking-cosmetology_347372-394.jpeg\" width=\"141\" height=\"94\" \/>L&#8217;ALMANACCO LADINO CON L&#8217;ISTITUT CESA DE JAN QUINDICINALE APPUNTAMENTO. LA DOMENICA ALLE 9 IL LUNEDI ALLE 8.35 IL MARTEDI ALLE 12.35 IL MERCOLEDI ALLE 18.35. SECONDA STAGIONE.<\/h3>\n<p><strong>PUNTATA DEL 05 LUGLIO<\/strong><\/p><\/blockquote>\n<audio class=\"wp-audio-shortcode\" id=\"audio-220790-25\" preload=\"none\" style=\"width: 100%;\" controls=\"controls\"><source type=\"audio\/mpeg\" src=\"https:\/\/www.radiopiu.net\/wordpress\/wp-content\/uploads\/2021\/07\/62\u00b0Almanacco-Ladino_Fodom.mp3?_=25\" \/><a href=\"https:\/\/www.radiopiu.net\/wordpress\/wp-content\/uploads\/2021\/07\/62\u00b0Almanacco-Ladino_Fodom.mp3\">https:\/\/www.radiopiu.net\/wordpress\/wp-content\/uploads\/2021\/07\/62\u00b0Almanacco-Ladino_Fodom.mp3<\/a><\/audio>\n<p><strong>RACCOLTA COMPLETA\u00a0<\/strong><\/p>\n<blockquote class=\"wp-embedded-content\" data-secret=\"x33hriHhWh\"><p><a href=\"https:\/\/www.radiopiu.net\/wordpress\/almanacco-ladino\/\">Almanacco Ladino<\/a><\/p><\/blockquote>\n<p><iframe loading=\"lazy\" class=\"wp-embedded-content\" sandbox=\"allow-scripts\" security=\"restricted\" style=\"position: absolute; clip: rect(1px, 1px, 1px, 1px);\" title=\"&#8220;Almanacco Ladino&#8221; &#8212; Radio Pi\u00f9\" src=\"https:\/\/www.radiopiu.net\/wordpress\/almanacco-ladino\/embed\/#?secret=x33hriHhWh\" data-secret=\"x33hriHhWh\" width=\"600\" height=\"338\" frameborder=\"0\" marginwidth=\"0\" marginheight=\"0\" scrolling=\"no\"><\/iframe><\/p>\n<div dir=\"auto\"><\/div>\n<\/div>\n<div>\n<p>&nbsp;<\/p>\n<hr \/>\n<h2><span style=\"color: #808000;\">DUE MINUTI UN LIBRO\u00a0 TUTTI I GIORNI ALLA RADIO ALLE 9.30 E ALLE 18. QUINTA STAGIONE\u00a0<\/span><\/h2>\n<blockquote class=\"wp-embedded-content\" data-secret=\"D4yN202UmW\"><p><a href=\"https:\/\/www.radiopiu.net\/wordpress\/teresa-degli-oracoli\/\">TERESA DEGLI ORACOLI<\/a><\/p><\/blockquote>\n<p><iframe loading=\"lazy\" class=\"wp-embedded-content\" sandbox=\"allow-scripts\" security=\"restricted\" style=\"position: absolute; clip: rect(1px, 1px, 1px, 1px);\" title=\"&#8220;TERESA DEGLI ORACOLI&#8221; &#8212; Radio Pi\u00f9\" src=\"https:\/\/www.radiopiu.net\/wordpress\/teresa-degli-oracoli\/embed\/#?secret=D4yN202UmW\" data-secret=\"D4yN202UmW\" width=\"600\" height=\"338\" frameborder=\"0\" marginwidth=\"0\" marginheight=\"0\" scrolling=\"no\"><\/iframe><\/p>\n<\/div>\n<div>\n<p><strong>LA RACCOLTA COMPLETA\u00a0\u00a0<\/strong><\/p>\n<blockquote class=\"wp-embedded-content\" data-secret=\"AzVtmJxcKO\"><p><a href=\"https:\/\/www.radiopiu.net\/wordpress\/due-minuti-un-libro\/\">Due minuti un libro<\/a><\/p><\/blockquote>\n<p><iframe loading=\"lazy\" class=\"wp-embedded-content\" sandbox=\"allow-scripts\" security=\"restricted\" style=\"position: absolute; clip: rect(1px, 1px, 1px, 1px);\" title=\"&#8220;Due minuti un libro&#8221; &#8212; Radio Pi\u00f9\" src=\"https:\/\/www.radiopiu.net\/wordpress\/due-minuti-un-libro\/embed\/#?secret=AzVtmJxcKO\" data-secret=\"AzVtmJxcKO\" width=\"600\" height=\"338\" frameborder=\"0\" marginwidth=\"0\" marginheight=\"0\" scrolling=\"no\"><\/iframe><\/p>\n<p>&nbsp;<\/p>\n<hr \/>\n<p>\u200b<\/p>\n<div>\n<h2><span style=\"color: #33cccc;\">I RACCONTI DI PAOLO SOPPELSA il lunedi alle 9.30 e 18.30<\/span><\/h2>\n<p><span style=\"color: #0000ff;\">INFORMAZIONE il canale su TELEGRAM informazione di prima mano e in tempo reale. iscriviti ed aiutaci a farlo conoscere\u00a0\u00a0<\/span><\/p>\n<blockquote class=\"wp-embedded-content\" data-secret=\"1G5DXurZnp\"><p><a href=\"https:\/\/www.radiopiu.net\/wordpress\/i-racconti-di-paolo-soppelsa-ottantaduesima-puntata\/\">I RACCONTI DI PAOLO SOPPELSA OTTANTADUESIMA PUNTATA<\/a><\/p><\/blockquote>\n<p><iframe loading=\"lazy\" class=\"wp-embedded-content\" sandbox=\"allow-scripts\" security=\"restricted\" style=\"position: absolute; clip: rect(1px, 1px, 1px, 1px);\" title=\"&#8220;I RACCONTI DI PAOLO SOPPELSA OTTANTADUESIMA PUNTATA&#8221; &#8212; Radio Pi\u00f9\" src=\"https:\/\/www.radiopiu.net\/wordpress\/i-racconti-di-paolo-soppelsa-ottantaduesima-puntata\/embed\/#?secret=1G5DXurZnp\" data-secret=\"1G5DXurZnp\" width=\"600\" height=\"338\" frameborder=\"0\" marginwidth=\"0\" marginheight=\"0\" scrolling=\"no\"><\/iframe><\/p>\n<p>&nbsp;<\/p>\n<blockquote class=\"wp-embedded-content\" data-secret=\"gBiYcLifGz\"><p><a href=\"https:\/\/www.radiopiu.net\/wordpress\/i-racconti-di-paolo-soppelsa\/\">I racconti di Paolo Soppelsa<\/a><\/p><\/blockquote>\n<p><iframe loading=\"lazy\" class=\"wp-embedded-content\" sandbox=\"allow-scripts\" security=\"restricted\" style=\"position: absolute; clip: rect(1px, 1px, 1px, 1px);\" title=\"&#8220;I racconti di Paolo Soppelsa&#8221; &#8212; Radio Pi\u00f9\" src=\"https:\/\/www.radiopiu.net\/wordpress\/i-racconti-di-paolo-soppelsa\/embed\/#?secret=gBiYcLifGz\" data-secret=\"gBiYcLifGz\" width=\"600\" height=\"338\" frameborder=\"0\" marginwidth=\"0\" marginheight=\"0\" scrolling=\"no\"><\/iframe><\/p>\n<p>&nbsp;<\/p>\n<\/div>\n<\/div>\n<hr \/>\n<p>&nbsp;<\/p>\n<h2><strong><span style=\"color: #ff0000;\">ALLA RADIO<\/span><\/strong><\/h2>\n<div data-offset-key=\"5n5nl-0-0\">\n<h3>Per ricevere gli aggiornamenti in tempo reale delle notizie pubblicate alla radio e sul sito di radio pi\u00f9 iscriviti al gruppo RADIO PIU INFORMAZIONE su Telegram.\u00a0\u00a0<a href=\"https:\/\/t.me\/radiopiu\">clicca qui<\/a><\/h3>\n<p>&nbsp;<\/p>\n<\/div>\n<blockquote><p><strong><a href=\"https:\/\/www.radiopiu.net\/wordpress\/cassa-solidarieta-luxottica-puntata-del-19-giugno-2020\/cslxo-2\/\" rel=\"attachment wp-att-145244\"><img loading=\"lazy\" decoding=\"async\" class=\"size-medium wp-image-145244 alignleft\" src=\"https:\/\/www.radiopiu.net\/wordpress\/wp-content\/uploads\/2020\/06\/cassa-solidarieta-luxottica-300x148.jpg\" alt=\"\" width=\"300\" height=\"148\" srcset=\"https:\/\/www.radiopiu.net\/wordpress\/wp-content\/uploads\/2020\/06\/cassa-solidarieta-luxottica-300x148.jpg 300w, https:\/\/www.radiopiu.net\/wordpress\/wp-content\/uploads\/2020\/06\/cassa-solidarieta-luxottica-1024x504.jpg 1024w, https:\/\/www.radiopiu.net\/wordpress\/wp-content\/uploads\/2020\/06\/cassa-solidarieta-luxottica-768x378.jpg 768w, https:\/\/www.radiopiu.net\/wordpress\/wp-content\/uploads\/2020\/06\/cassa-solidarieta-luxottica.jpg 1167w\" sizes=\"auto, (max-width: 300px) 100vw, 300px\" \/><\/a>di Claudio Fontanive<\/strong><\/p>\n<p>OSPITI: Paolo Chissal\u00e8 e Fabrizio Campedel<\/p>\n<p>&nbsp;<\/p>\n<p>&nbsp;<\/p><\/blockquote>\n<h2><\/h2>\n<blockquote class=\"wp-embedded-content\" data-secret=\"3fLTQo5myT\"><p><a href=\"https:\/\/www.radiopiu.net\/wordpress\/cassa-solidarieta-luxottica-puntata-del-16-ottobre-2020\/\">CASSA SOLIDARIET\u00c0 LUXOTTICA &#8211; TUTTE LE PUNTATE<\/a><\/p><\/blockquote>\n<p><iframe loading=\"lazy\" class=\"wp-embedded-content\" sandbox=\"allow-scripts\" security=\"restricted\" style=\"position: absolute; clip: rect(1px, 1px, 1px, 1px);\" title=\"&#8220;CASSA SOLIDARIET\u00c0 LUXOTTICA &#8211; TUTTE LE PUNTATE&#8221; &#8212; Radio Pi\u00f9\" src=\"https:\/\/www.radiopiu.net\/wordpress\/cassa-solidarieta-luxottica-puntata-del-16-ottobre-2020\/embed\/#?secret=3fLTQo5myT\" data-secret=\"3fLTQo5myT\" width=\"600\" height=\"338\" frameborder=\"0\" marginwidth=\"0\" marginheight=\"0\" scrolling=\"no\"><\/iframe><\/p>\n<div>\n<p>&nbsp;<\/p>\n<\/div>\n<\/div>\n<div class=\"page-title-head hgroup\">\n<div>\n<div class=\"b654a4as d2edcug0\">\n<hr \/>\n<\/div>\n<\/div>\n<p>&nbsp;<\/p>\n<p><a href=\"https:\/\/www.radiopiu.net\/wordpress\/giornale-radiopiu-26-settembre-2018-direttore-mirko-mezzacasa\/viabilita-2\/\" rel=\"attachment wp-att-61954\"><img loading=\"lazy\" decoding=\"async\" class=\"wp-image-61954 size-full aligncenter\" src=\"https:\/\/www.radiopiu.net\/wordpress\/wp-content\/uploads\/2018\/09\/viabilita.jpeg\" alt=\"\" width=\"800\" height=\"100\" srcset=\"https:\/\/www.radiopiu.net\/wordpress\/wp-content\/uploads\/2018\/09\/viabilita.jpeg 800w, https:\/\/www.radiopiu.net\/wordpress\/wp-content\/uploads\/2018\/09\/viabilita-300x38.jpeg 300w, https:\/\/www.radiopiu.net\/wordpress\/wp-content\/uploads\/2018\/09\/viabilita-768x96.jpeg 768w\" sizes=\"auto, (max-width: 800px) 100vw, 800px\" \/><\/a><\/p>\n<blockquote><p><a href=\"https:\/\/www.radiopiu.net\/wordpress\/giornale-radiopiu-09-agosto-2018-direttore-mirko-mezzacasa\/viabilia\/\" rel=\"attachment wp-att-57053\"><img loading=\"lazy\" decoding=\"async\" class=\" wp-image-57053 alignleft\" src=\"https:\/\/www.radiopiu.net\/wordpress\/wp-content\/uploads\/2018\/08\/VIABILIA-300x180.jpeg\" alt=\"\" width=\"220\" height=\"132\" srcset=\"https:\/\/www.radiopiu.net\/wordpress\/wp-content\/uploads\/2018\/08\/VIABILIA-300x180.jpeg 300w, https:\/\/www.radiopiu.net\/wordpress\/wp-content\/uploads\/2018\/08\/VIABILIA-768x461.jpeg 768w, https:\/\/www.radiopiu.net\/wordpress\/wp-content\/uploads\/2018\/08\/VIABILIA-1024x614.jpeg 1024w, https:\/\/www.radiopiu.net\/wordpress\/wp-content\/uploads\/2018\/08\/VIABILIA.jpeg 1280w\" sizes=\"auto, (max-width: 220px) 100vw, 220px\" \/><\/a><\/p><\/blockquote>\n<\/div>\n<\/div>\n<\/div>\n<\/div>\n<\/div>\n<\/div>\n<\/div>\n<\/div>\n<div>\n<div>\n<div class=\"page-title-head hgroup\">\n<div class=\"page-title-head hgroup\">\n<div class=\"page-title-head hgroup\">\n<div class=\"page-title-head hgroup\">\n<div class=\"page-title-head hgroup\">\n<div class=\"page-title-head hgroup\">\n<blockquote><p>La viabilit\u00e0 con gli ultimi aggiornamenti<\/p><\/blockquote>\n<\/div>\n<\/div>\n<\/div>\n<\/div>\n<\/div>\n<\/div>\n<\/div>\n<div><\/div>\n<div><\/div>\n<div>\n<div>\n<div class=\"page-title-head hgroup\">\n<audio class=\"wp-audio-shortcode\" id=\"audio-220790-26\" preload=\"none\" style=\"width: 100%;\" controls=\"controls\"><source type=\"audio\/mpeg\" src=\"https:\/\/www.radiopiu.net\/wordpress\/wp-content\/uploads\/2021\/07\/VIABILITA-6.mp3?_=26\" \/><a href=\"https:\/\/www.radiopiu.net\/wordpress\/wp-content\/uploads\/2021\/07\/VIABILITA-6.mp3\">https:\/\/www.radiopiu.net\/wordpress\/wp-content\/uploads\/2021\/07\/VIABILITA-6.mp3<\/a><\/audio>\n<p>&nbsp;<\/p>\n<hr \/>\n<p>&nbsp;<\/p>\n<\/div>\n<\/div>\n<\/div>\n<\/div>\n<div>\n<div class=\"page-title-head hgroup\" style=\"text-align: left;\">\n<div class=\"page-title-head hgroup\">\n<div dir=\"auto\">\n<p><a class=\"dt-pswp-item pspw-wrap-ready\" href=\"https:\/\/i0.wp.com\/www.radiopiu.net\/wordpress\/wp-content\/uploads\/2018\/09\/WhatsApp-Image-2018-09-20-at-16.04.06.jpeg?ssl=1\" data-dt-img-description=\"\" data-large_image_width=\"800\" data-large_image_height=\"100\"><img loading=\"lazy\" decoding=\"async\" class=\"aligncenter wp-image-61378 size-full jetpack-lazy-image jetpack-lazy-image--handled\" src=\"https:\/\/i0.wp.com\/www.radiopiu.net\/wordpress\/wp-content\/uploads\/2018\/09\/WhatsApp-Image-2018-09-20-at-16.04.06.jpeg?resize=800%2C100&amp;ssl=1\" sizes=\"auto, (max-width: 800px) 100vw, 800px\" srcset=\"https:\/\/i0.wp.com\/www.radiopiu.net\/wordpress\/wp-content\/uploads\/2018\/09\/WhatsApp-Image-2018-09-20-at-16.04.06.jpeg?w=800&amp;ssl=1 800w, https:\/\/i0.wp.com\/www.radiopiu.net\/wordpress\/wp-content\/uploads\/2018\/09\/WhatsApp-Image-2018-09-20-at-16.04.06.jpeg?resize=300%2C38&amp;ssl=1 300w, https:\/\/i0.wp.com\/www.radiopiu.net\/wordpress\/wp-content\/uploads\/2018\/09\/WhatsApp-Image-2018-09-20-at-16.04.06.jpeg?resize=768%2C96&amp;ssl=1 768w\" alt=\"\" width=\"800\" height=\"100\" data-lazy-loaded=\"1\" \/><\/a><\/p>\n<div style=\"text-align: left;\"><center><\/center><center>\u00a0<\/center><\/div>\n<\/div>\n<\/div>\n<\/div>\n<\/div>\n<\/div>\n<\/div>\n<\/div>\n<\/div>\n<div>\n<div><\/div>\n<\/div>\n<\/div>\n<\/div>\n<\/div>\n<\/div>\n<p><center><b>Sabato 10<\/b><\/center><b>Tempo atteso: <\/b>Al mattino cielo sereno o poco nuvoloso per primi modesti cumuli a ridosso delle cime. Al pomeriggio parziale riduzione del soleggiamento per irregolare attivit\u00e0 cumuliforme, maggiormente presente sul settore Dolomitico da met\u00e0 pomeriggio in poi, dove qualche fenomeno convettivo non sar\u00e0 da escludere del tutto. Al mattino, oltre al sole, l&#8217;aria sar\u00e0 tersa e la visibilit\u00e0 ottima.<br \/>\n<b>Precipitazioni: <\/b>Al mattino assenti (0%), continueranno a esserlo anche al pomeriggio sulle Prealpi e su gran parte delle Dolomiti, mentre su alcuni settori a ridosso del Trentino e dell&#8217;Alto Adige non saranno da escludere locali piovaschi e rovesci (10-20%). Il rischio per eventuali isolati temporali sembrerebbe quasi del tutto scongiurato. Gli accumuli di pioggia saranno irrilevanti (0-5 mm).<br \/>\n<b>Temperature: <\/b>In generale ripresa. Sono previste punte di 26\/28\u00b0C nei fondovalle prealpini e di 22\/25\u00b0C a 1000\/1200 m. Su Prealpi a 1500 m min 15\u00b0C, max 22\u00b0C, a 2000 m min 11\u00b0C, max 17\u00b0C, su Dolomiti a 2000 m min 8\u00b0C, max 15\u00b0C, a 3000 m min 3\u00b0C, max 5\u00b0C.<br \/>\n<b>Venti: <\/b>Nelle valli deboli per brezza, localmente e a tratti moderati nei settori solitamente pi\u00f9 ventilati; in quota perlopi\u00f9 deboli da sud-ovest, a tratti moderati per lievi rinforzi erratici; a 5-10 km\/h a 2000 m e 10-20 km\/h a 3000 m.<\/p>\n<hr \/>\n<p><center><b>Domenica 11<\/b><\/center><b>Tempo atteso: <\/b>Nottetempo breve fase instabile. Al mattino in prevalenza soleggiato, nonostante i primi annuvolamenti per nascente attivit\u00e0 cumuliforme, pi\u00f9 presente nella tarda mattinata. Dalle ore centrali in poi riduzione del soleggiamento per ulteriore aumento della nuvolosit\u00e0 convettiva, anche per addensamenti cumuliformi, localmente intensi ed associati a qualche sporadico fenomeno convettivo.<br \/>\n<b>Precipitazioni: <\/b>Nottetempo rischio di rovesci e locali temporali (40\/50%). Al mattino assenti (0%), dalle ore centrali e sopratutto al pomeriggio probabilit\u00e0 medio-bassa (20\/30%) di sporadici rovesci, singolarmente temporaleschi. Nel tardo pomeriggio\/sera l&#8217;instabilit\u00e0 andr\u00e0 scemando fino a risultare assente.<br \/>\n<b>Temperature: <\/b>In ulteriore lieve rialzo. Sono previste punte di 27\/29\u00b0C nei fondovalle prealpini e di 23\/26\u00b0C a 1000\/1200 m. Su Prealpi a 1500 m min 12\u00b0C, max 19\u00b0C, a 2000 m min 10\u00b0C, max 15\u00b0C, su Dolomiti a 2000 m min 10\u00b0C, max 16\u00b0C, a 3000 m min 4\u00b0C, max 6\u00b0C.<br \/>\n<b>Venti: <\/b>Nelle valli deboli per brezza, localmente e a tratti moderati nei settori solitamente pi\u00f9 ventilati; in quota perlopi\u00f9 deboli dai quadranti occidentali, a tratti moderati sulle cime pi\u00f9 alte; a 5-10 km\/h a 2000 m e 10-20 km\/h a 3000 m.<\/p>\n<hr \/>\n<p><center><b>Lunedi 12<\/b><\/center>Maggiore soleggiamento e minore attivit\u00e0 cumuliforme durante le ore pi\u00f9 calde. Probabile transito di nubi alte al pomeriggio. La stabilit\u00e0 aumenter\u00e0 e l&#8217;insidia fenomeni convettivi sar\u00e0 assente. Temperature in aumento con ritorno del caldo nei fondovalle e alle quote medie. Venti in quota deboli\/moderati da sud-ovest al mattino, in rinforzo da sud al pomeriggio\/sera fino a tesi sulle vette pi\u00f9 alte; nelle valli perlopi\u00f9 deboli per brezze, localmente e a tratti moderati nei settori solitamente pi\u00f9 ventilati.<\/p>\n<hr \/>\n<p><center><b>Martedi 13<\/b><\/center>Qualche iniziale tratto soleggiato, assieme a nuvolosit\u00e0 irregolare. Nel corso della mattinata rapido aumento della nuvolosit\u00e0 ed entro le ore centrali del giorno ci sar\u00e0 qualche segnale di peggioramento del tempo con primi rovesci e temporali. L&#8217;instabilit\u00e0 s&#8217;intensificher\u00e0 al pomeriggio e perdurer\u00e0 fino alla sera. I rovesci e i temporali saranno sempre pi\u00f9 diffusi. Temperature in generale calo, eccetto aumento delle minime nelle valli. Venti tesi\/forti da sud in quota; deboli di direzione variabile nelle valli, ma occorrer\u00e0 prestare attenzione alle forti e improvvise raffiche nelle fasi temporalesche. Previsore: R.L.Th.<\/p>\n<p>&nbsp;<\/p>\n<hr \/>\n<p>&nbsp;<\/p>\n<p><img loading=\"lazy\" decoding=\"async\" class=\"aligncenter wp-image-60761 size-full\" src=\"https:\/\/www.radiopiu.net\/wordpress\/wp-content\/uploads\/2018\/09\/sport.jpg\" alt=\"\" width=\"800\" height=\"100\" srcset=\"https:\/\/www.radiopiu.net\/wordpress\/wp-content\/uploads\/2018\/09\/sport.jpg 800w, https:\/\/www.radiopiu.net\/wordpress\/wp-content\/uploads\/2018\/09\/sport-300x38.jpg 300w, https:\/\/www.radiopiu.net\/wordpress\/wp-content\/uploads\/2018\/09\/sport-768x96.jpg 768w\" sizes=\"auto, (max-width: 800px) 100vw, 800px\" \/><\/p>\n<p>&nbsp;<\/p>\n<blockquote>\n<h2>DA CALEIPO ALL&#8217;ALPE IN FIORE, ALPE DEL NEVEGAL SU DI GIRI NEL RICORDO DI LINO E MARIO<\/h2>\n<\/blockquote>\n<p><strong>BELLUNO<\/strong><\/p>\n<p><strong>ROBERTO BONA\u00a0\u00a0<\/strong><\/p>\n<audio class=\"wp-audio-shortcode\" id=\"audio-220790-27\" preload=\"none\" style=\"width: 100%;\" controls=\"controls\"><source type=\"audio\/mpeg\" src=\"https:\/\/www.radiopiu.net\/wordpress\/wp-content\/uploads\/2021\/07\/roberto-1.mp3?_=27\" \/><a href=\"https:\/\/www.radiopiu.net\/wordpress\/wp-content\/uploads\/2021\/07\/roberto-1.mp3\">https:\/\/www.radiopiu.net\/wordpress\/wp-content\/uploads\/2021\/07\/roberto-1.mp3<\/a><\/audio>\n<p>&nbsp;<\/p>\n<p><img decoding=\"async\" src=\"https:\/\/www.radiopiu.net\/wordpress\/wp-content\/uploads\/2021\/07\/ChristianMerli-FotoRobertoPreviato.jpg\" \/><\/p>\n<p>&nbsp;<\/p>\n","protected":false},"excerpt":{"rendered":"<p>AGORDINO DA PEDALARE&#8230; DA PASSO CEREDA AL DURAN ANCHE DI NOTTE, ieri sera l&#8217;originale competizione sulle due ruote, il passaggio a La Valle Agordina\u00a0 PER\u00a0RICEVERE QUESTO NOTIZIARIO DIRETTAMENTE SUL TUO CELLULARE ISCRIVITI AL CANALE TELEGRAM\u00a0\u201cRADIO PIU\u00a0 INFORMAZIONE\u201d\u00a0 &nbsp; Con Il Circolo culturale agordino, biblioteca civica di Agordo pomeriggio culturale-incontro con l\u2019autore nella sala \u201cdon Tamis\u201d&hellip;<\/p>\n","protected":false},"author":4,"featured_media":220985,"comment_status":"closed","ping_status":"open","sticky":false,"template":"","format":"standard","meta":{"_monsterinsights_skip_tracking":false,"_monsterinsights_sitenote_active":false,"_monsterinsights_sitenote_note":"","_monsterinsights_sitenote_category":0,"footnotes":""},"categories":[1,51,86,49],"tags":[],"class_list":["post-220790","post","type-post","status-publish","format-standard","has-post-thumbnail","hentry","category-senza-categoria","category-evidenza-top","category-gr","category-news-18","category-1","category-51","category-86","category-49","description-off"],"img_url":"https:\/\/www.radiopiu.net\/wordpress\/wp-content\/uploads\/2021\/07\/DSC9856-copia.jpg","_links":{"self":[{"href":"https:\/\/www.radiopiu.net\/wordpress\/wp-json\/wp\/v2\/posts\/220790","targetHints":{"allow":["GET"]}}],"collection":[{"href":"https:\/\/www.radiopiu.net\/wordpress\/wp-json\/wp\/v2\/posts"}],"about":[{"href":"https:\/\/www.radiopiu.net\/wordpress\/wp-json\/wp\/v2\/types\/post"}],"author":[{"embeddable":true,"href":"https:\/\/www.radiopiu.net\/wordpress\/wp-json\/wp\/v2\/users\/4"}],"replies":[{"embeddable":true,"href":"https:\/\/www.radiopiu.net\/wordpress\/wp-json\/wp\/v2\/comments?post=220790"}],"version-history":[{"count":0,"href":"https:\/\/www.radiopiu.net\/wordpress\/wp-json\/wp\/v2\/posts\/220790\/revisions"}],"wp:featuredmedia":[{"embeddable":true,"href":"https:\/\/www.radiopiu.net\/wordpress\/wp-json\/wp\/v2\/media\/220985"}],"wp:attachment":[{"href":"https:\/\/www.radiopiu.net\/wordpress\/wp-json\/wp\/v2\/media?parent=220790"}],"wp:term":[{"taxonomy":"category","embeddable":true,"href":"https:\/\/www.radiopiu.net\/wordpress\/wp-json\/wp\/v2\/categories?post=220790"},{"taxonomy":"post_tag","embeddable":true,"href":"https:\/\/www.radiopiu.net\/wordpress\/wp-json\/wp\/v2\/tags?post=220790"}],"curies":[{"name":"wp","href":"https:\/\/api.w.org\/{rel}","templated":true}]}}