{"id":220895,"date":"2021-07-09T14:25:05","date_gmt":"2021-07-09T12:25:05","guid":{"rendered":"https:\/\/www.radiopiu.net\/wordpress\/?p=220895"},"modified":"2021-07-10T06:14:37","modified_gmt":"2021-07-10T04:14:37","slug":"lavoro-limpatto-dello-sblocco-dei-licenziamenti-in-veneto","status":"publish","type":"post","link":"https:\/\/www.radiopiu.net\/wordpress\/lavoro-limpatto-dello-sblocco-dei-licenziamenti-in-veneto\/","title":{"rendered":"LAVORO: L&#8217;IMPATTO DELLO SBLOCCO DEI LICENZIAMENTI IN VENETO"},"content":{"rendered":"<p><a href=\"https:\/\/www.radiopiu.net\/wordpress\/cadutia-al-rifugio\/people-1979261_960_720\/\" rel=\"attachment wp-att-220896\"><img loading=\"lazy\" decoding=\"async\" class=\"wp-image-220896 alignleft\" src=\"https:\/\/www.radiopiu.net\/wordpress\/wp-content\/uploads\/2021\/07\/people-1979261_960_720-300x200.jpg\" alt=\"\" width=\"170\" height=\"113\" srcset=\"https:\/\/www.radiopiu.net\/wordpress\/wp-content\/uploads\/2021\/07\/people-1979261_960_720-300x200.jpg 300w, https:\/\/www.radiopiu.net\/wordpress\/wp-content\/uploads\/2021\/07\/people-1979261_960_720-768x512.jpg 768w, https:\/\/www.radiopiu.net\/wordpress\/wp-content\/uploads\/2021\/07\/people-1979261_960_720.jpg 960w\" sizes=\"auto, (max-width: 170px) 100vw, 170px\" \/><\/a> <strong>VENEZIA<\/strong>\u00a0 Sul sito di Veneto Lavoro \u00e8 stata pubblicata una breve analisi dell&#8217;Osservatorio Mercato del Lavoro sui <strong>primissimi impatti dello sblocco dei licenziamenti in Veneto<\/strong>. In estrema sintesi ne emerge che nei primi giorni di luglio <strong>non si \u00e8 verificato\u00a0 un significativo aumento dei licenziamenti<\/strong> rispetto all&#8217;analogo periodo degli anni pre-Covid.\u00a0 Dal 30 giugno (di fatto il primo giorno in cui le aziende potevano comunicare la cessazione del rapporto di lavoro) al 2 luglio 2021 i licenziamenti per motivi economici individuali e collettivi effettuati dalle imprese private non artigiane del manifatturiero (escluso il sistema moda) e delle costruzioni sono stati 194, un dato di molto superiore a quello del 2020, quando erano stati appena 40, ma in linea con quelli degli anni precedenti (185 nel 2019 e 179 nel 2018). Stessa considerazione per quanto riguarda le imprese che hanno effettuato i licenziamenti, il cui numero \u00e8 analogo a quelli pre-Covid. L&#8217;analisi verr\u00e0 replicata a breve per poter osservare tali dinamiche su un periodo temporale pi\u00f9 ampio. Il documento \u00e8 disponibile in allegato e nella sezione dedicata del sito di Veneto Lavoro,\u00a0<a href=\"https:\/\/www.venetolavoro.it\/misure\">www.venetolavoro.it\/misure<\/a>.<\/p>\n","protected":false},"excerpt":{"rendered":"<p>VENEZIA\u00a0 Sul sito di Veneto Lavoro \u00e8 stata pubblicata una breve analisi dell&#8217;Osservatorio Mercato del Lavoro sui primissimi impatti dello sblocco dei licenziamenti in Veneto. In estrema sintesi ne emerge che nei primi giorni di luglio non si \u00e8 verificato\u00a0 un significativo aumento dei licenziamenti rispetto all&#8217;analogo periodo degli anni pre-Covid.\u00a0 Dal 30 giugno (di&hellip;<\/p>\n","protected":false},"author":4,"featured_media":220896,"comment_status":"closed","ping_status":"open","sticky":false,"template":"","format":"standard","meta":{"_monsterinsights_skip_tracking":false,"_monsterinsights_sitenote_active":false,"_monsterinsights_sitenote_note":"","_monsterinsights_sitenote_category":0,"footnotes":""},"categories":[51,49],"tags":[],"class_list":["post-220895","post","type-post","status-publish","format-standard","has-post-thumbnail","hentry","category-evidenza-top","category-news-18","category-51","category-49","description-off"],"img_url":"https:\/\/www.radiopiu.net\/wordpress\/wp-content\/uploads\/2021\/07\/people-1979261_960_720.jpg","_links":{"self":[{"href":"https:\/\/www.radiopiu.net\/wordpress\/wp-json\/wp\/v2\/posts\/220895","targetHints":{"allow":["GET"]}}],"collection":[{"href":"https:\/\/www.radiopiu.net\/wordpress\/wp-json\/wp\/v2\/posts"}],"about":[{"href":"https:\/\/www.radiopiu.net\/wordpress\/wp-json\/wp\/v2\/types\/post"}],"author":[{"embeddable":true,"href":"https:\/\/www.radiopiu.net\/wordpress\/wp-json\/wp\/v2\/users\/4"}],"replies":[{"embeddable":true,"href":"https:\/\/www.radiopiu.net\/wordpress\/wp-json\/wp\/v2\/comments?post=220895"}],"version-history":[{"count":0,"href":"https:\/\/www.radiopiu.net\/wordpress\/wp-json\/wp\/v2\/posts\/220895\/revisions"}],"wp:featuredmedia":[{"embeddable":true,"href":"https:\/\/www.radiopiu.net\/wordpress\/wp-json\/wp\/v2\/media\/220896"}],"wp:attachment":[{"href":"https:\/\/www.radiopiu.net\/wordpress\/wp-json\/wp\/v2\/media?parent=220895"}],"wp:term":[{"taxonomy":"category","embeddable":true,"href":"https:\/\/www.radiopiu.net\/wordpress\/wp-json\/wp\/v2\/categories?post=220895"},{"taxonomy":"post_tag","embeddable":true,"href":"https:\/\/www.radiopiu.net\/wordpress\/wp-json\/wp\/v2\/tags?post=220895"}],"curies":[{"name":"wp","href":"https:\/\/api.w.org\/{rel}","templated":true}]}}