{"id":220930,"date":"2021-07-09T15:38:24","date_gmt":"2021-07-09T13:38:24","guid":{"rendered":"https:\/\/www.radiopiu.net\/wordpress\/?p=220930"},"modified":"2021-07-09T15:41:55","modified_gmt":"2021-07-09T13:41:55","slug":"emergenza-personale-medico-nel-bellunese-pd-incentivare-chi-lavora-in-territori-disagiati","status":"publish","type":"post","link":"https:\/\/www.radiopiu.net\/wordpress\/emergenza-personale-medico-nel-bellunese-pd-incentivare-chi-lavora-in-territori-disagiati\/","title":{"rendered":"EMERGENZA PERSONALE MEDICO NEL BELLUNESE, PD &#8220;INCENTIVARE CHI LAVORA IN TERRITORI DISAGIATI&#8221;"},"content":{"rendered":"<p><strong><img loading=\"lazy\" decoding=\"async\" class=\"alignleft\" src=\"https:\/\/www.radiopiu.net\/wordpress\/wp-content\/uploads\/2021\/02\/POSTI-LETTO-OSPEDALE.jpg\" width=\"166\" height=\"110\" \/>VENEZIA<\/strong>\u00a0 <em>\u201cDobbiamo mettere il personale medico nelle condizioni di poter lavorare dignitosamente in tutto il\u00a0\u00a0Veneto. E per farlo \u00e8 necessario riconoscere un\u2019indennit\u00e0 aggiuntiva a chi opera in aree disagiate, come quelle montane. L\u2019affidamento ai privati della Radiologia d\u2019urgenza da parte dell\u2019Ulss 1 \u00e8 emblematico: gli specialisti ci sono ma preferiscono non lavorare nel pubblico! E se manca il personale i servizi prima o poi sono destinati a chiudere. In Veneto nel 2019 si sono dimessi 464 medici ospedalieri, il 5,9% quando la media nazionale \u00e8 del 2,9%; \u00e8 un problema che in alcune zone, come il Bellunese, pesa di pi\u00f9\u201d.<\/em>\u00a0A dirlo \u00e8 Anna Maria Bigon, vicepresidente della commissione Sanit\u00e0 a Palazzo Ferro Fini, tornando sul caso dell\u2019esternalizzazione della Radiologia d\u2019urgenza.\u00a0<em>\u201c\u00c8 una situazione di difficolt\u00e0 generalizzata, che coinvolge anche i medici di famiglia e il servizio di guardia medica: non ci si pu\u00f2 limitare a chiedere al Governo. La Regione deve investire di pi\u00f9 per difendere la sanit\u00e0 pubblica che va rafforzata, come ci ha insegnato la pandemia: non tutti hanno la possibilit\u00e0 di rivolgersi al privato per una visita o un esame. Inoltre non possiamo continuare a spogliare progressivamente certi territori di servizi essenziali, altrimenti lo spopolamento, che a parole si dice di voler contrastare, diventer\u00e0 un fenomeno irreversibile\u201d.\u00a0<\/em><\/p>\n","protected":false},"excerpt":{"rendered":"<p>VENEZIA\u00a0 \u201cDobbiamo mettere il personale medico nelle condizioni di poter lavorare dignitosamente in tutto il\u00a0\u00a0Veneto. E per farlo \u00e8 necessario riconoscere un\u2019indennit\u00e0 aggiuntiva a chi opera in aree disagiate, come quelle montane. L\u2019affidamento ai privati della Radiologia d\u2019urgenza da parte dell\u2019Ulss 1 \u00e8 emblematico: gli specialisti ci sono ma preferiscono non lavorare nel pubblico! E&hellip;<\/p>\n","protected":false},"author":4,"featured_media":190270,"comment_status":"closed","ping_status":"open","sticky":false,"template":"","format":"standard","meta":{"_monsterinsights_skip_tracking":false,"_monsterinsights_sitenote_active":false,"_monsterinsights_sitenote_note":"","_monsterinsights_sitenote_category":0,"footnotes":""},"categories":[51,49],"tags":[],"class_list":["post-220930","post","type-post","status-publish","format-standard","has-post-thumbnail","hentry","category-evidenza-top","category-news-18","category-51","category-49","description-off"],"img_url":"https:\/\/www.radiopiu.net\/wordpress\/wp-content\/uploads\/2021\/02\/POSTI-LETTO-OSPEDALE.jpg","_links":{"self":[{"href":"https:\/\/www.radiopiu.net\/wordpress\/wp-json\/wp\/v2\/posts\/220930","targetHints":{"allow":["GET"]}}],"collection":[{"href":"https:\/\/www.radiopiu.net\/wordpress\/wp-json\/wp\/v2\/posts"}],"about":[{"href":"https:\/\/www.radiopiu.net\/wordpress\/wp-json\/wp\/v2\/types\/post"}],"author":[{"embeddable":true,"href":"https:\/\/www.radiopiu.net\/wordpress\/wp-json\/wp\/v2\/users\/4"}],"replies":[{"embeddable":true,"href":"https:\/\/www.radiopiu.net\/wordpress\/wp-json\/wp\/v2\/comments?post=220930"}],"version-history":[{"count":0,"href":"https:\/\/www.radiopiu.net\/wordpress\/wp-json\/wp\/v2\/posts\/220930\/revisions"}],"wp:featuredmedia":[{"embeddable":true,"href":"https:\/\/www.radiopiu.net\/wordpress\/wp-json\/wp\/v2\/media\/190270"}],"wp:attachment":[{"href":"https:\/\/www.radiopiu.net\/wordpress\/wp-json\/wp\/v2\/media?parent=220930"}],"wp:term":[{"taxonomy":"category","embeddable":true,"href":"https:\/\/www.radiopiu.net\/wordpress\/wp-json\/wp\/v2\/categories?post=220930"},{"taxonomy":"post_tag","embeddable":true,"href":"https:\/\/www.radiopiu.net\/wordpress\/wp-json\/wp\/v2\/tags?post=220930"}],"curies":[{"name":"wp","href":"https:\/\/api.w.org\/{rel}","templated":true}]}}