{"id":221009,"date":"2021-07-10T05:17:31","date_gmt":"2021-07-10T03:17:31","guid":{"rendered":"https:\/\/www.radiopiu.net\/wordpress\/?p=221009"},"modified":"2021-07-10T06:13:30","modified_gmt":"2021-07-10T04:13:30","slug":"santomasozip","status":"publish","type":"post","link":"https:\/\/www.radiopiu.net\/wordpress\/santomasozip\/","title":{"rendered":"SAN TOMASO: ECCELLENZA TURISTICA AGORDINA TANTO DAL BASSO CHE DALL&#8217;ALTO"},"content":{"rendered":"<p><strong>SAN TOMASO<\/strong> Incastonato nel verde che pi\u00f9 verde non si pu\u00f2 tra caratteristiche costruzioni, silenzi e serenit\u00e0 e non \u00e8 certo uno spot pubblicitario. Piuttosto\u00a0 San Tomaso \u00e8 un\u00a0 paese da dove si ammira La Civetta e che\u00a0 ambisce a diventare m\u00e9ta turistica importante nel patrimonio dell&#8217;Unesco.\u00a0 Ha tutte le carte in regola per concretizzare l&#8217;idea. Montagna pura, natura incontaminata ma anche iniziative che sanno attirare i turisti e valligiani. Solo un paio di esempio: la zip-line con la scarica di adrenalina e un mondo visto dall&#8217;alto \u00e8 un primo biglietto da visita invidiabile. E poi\u00a0 l&#8217;idea del sindaco Moreno De Val di creare il parco delle Dolomiti in miniatura \u00e8 scelta vincente, difficile da imitare e soprattutto in continua crescita, come confermano le ulteriori 3 sculture che saranno presentate a breve e che noi oggi proponiamo\u00a0 con altrettanti video delle artiste in questi giorni impegnate in localit\u00e0 Pian tra impianti sportivi esistenti e in via di realizzazione (palestra di roccia, campo di ghiaccio).<\/p>\n<p><strong>DI GIANNI SANTOMASO<\/strong><\/p>\n<audio class=\"wp-audio-shortcode\" id=\"audio-221009-1\" preload=\"none\" style=\"width: 100%;\" controls=\"controls\"><source type=\"audio\/mpeg\" src=\"https:\/\/www.radiopiu.net\/wordpress\/wp-content\/uploads\/2021\/07\/GIANNI-DOLOMITES-ROCK-MINIATURES-1.mp3?_=1\" \/><a href=\"https:\/\/www.radiopiu.net\/wordpress\/wp-content\/uploads\/2021\/07\/GIANNI-DOLOMITES-ROCK-MINIATURES-1.mp3\">https:\/\/www.radiopiu.net\/wordpress\/wp-content\/uploads\/2021\/07\/GIANNI-DOLOMITES-ROCK-MINIATURES-1.mp3<\/a><\/audio>\n<p>&nbsp;<\/p>\n<div style=\"width: 848px;\" class=\"wp-video\"><video class=\"wp-video-shortcode\" id=\"video-221009-1\" width=\"848\" height=\"480\" preload=\"metadata\" controls=\"controls\"><source type=\"video\/mp4\" src=\"https:\/\/www.radiopiu.net\/wordpress\/wp-content\/uploads\/2021\/07\/WhatsApp-Video-2021-07-09-at-17.35.48.mp4?_=1\" \/><a href=\"https:\/\/www.radiopiu.net\/wordpress\/wp-content\/uploads\/2021\/07\/WhatsApp-Video-2021-07-09-at-17.35.48.mp4\">https:\/\/www.radiopiu.net\/wordpress\/wp-content\/uploads\/2021\/07\/WhatsApp-Video-2021-07-09-at-17.35.48.mp4<\/a><\/video><\/div>\n<div style=\"width: 848px;\" class=\"wp-video\"><video class=\"wp-video-shortcode\" id=\"video-221009-2\" width=\"848\" height=\"480\" preload=\"metadata\" controls=\"controls\"><source type=\"video\/mp4\" src=\"https:\/\/www.radiopiu.net\/wordpress\/wp-content\/uploads\/2021\/07\/WhatsApp-Video-2021-07-09-at-12.22.35.mp4?_=2\" \/><a href=\"https:\/\/www.radiopiu.net\/wordpress\/wp-content\/uploads\/2021\/07\/WhatsApp-Video-2021-07-09-at-12.22.35.mp4\">https:\/\/www.radiopiu.net\/wordpress\/wp-content\/uploads\/2021\/07\/WhatsApp-Video-2021-07-09-at-12.22.35.mp4<\/a><\/video><\/div>\n<div style=\"width: 848px;\" class=\"wp-video\"><video class=\"wp-video-shortcode\" id=\"video-221009-3\" width=\"848\" height=\"480\" preload=\"metadata\" controls=\"controls\"><source type=\"video\/mp4\" src=\"https:\/\/www.radiopiu.net\/wordpress\/wp-content\/uploads\/2021\/07\/WhatsApp-Video-2021-07-09-at-12.11.09.mp4?_=3\" \/><a href=\"https:\/\/www.radiopiu.net\/wordpress\/wp-content\/uploads\/2021\/07\/WhatsApp-Video-2021-07-09-at-12.11.09.mp4\">https:\/\/www.radiopiu.net\/wordpress\/wp-content\/uploads\/2021\/07\/WhatsApp-Video-2021-07-09-at-12.11.09.mp4<\/a><\/video><\/div>\n<p>&nbsp;<\/p>\n","protected":false},"excerpt":{"rendered":"<p>SAN TOMASO Incastonato nel verde che pi\u00f9 verde non si pu\u00f2 tra caratteristiche costruzioni, silenzi e serenit\u00e0 e non \u00e8 certo uno spot pubblicitario. Piuttosto\u00a0 San Tomaso \u00e8 un\u00a0 paese da dove si ammira La Civetta e che\u00a0 ambisce a diventare m\u00e9ta turistica importante nel patrimonio dell&#8217;Unesco.\u00a0 Ha tutte le carte in regola per concretizzare&hellip;<\/p>\n","protected":false},"author":4,"featured_media":221010,"comment_status":"closed","ping_status":"open","sticky":false,"template":"","format":"standard","meta":{"_monsterinsights_skip_tracking":false,"_monsterinsights_sitenote_active":false,"_monsterinsights_sitenote_note":"","_monsterinsights_sitenote_category":0,"footnotes":""},"categories":[49],"tags":[],"class_list":["post-221009","post","type-post","status-publish","format-standard","has-post-thumbnail","hentry","category-news-18","category-49","description-off"],"img_url":"https:\/\/www.radiopiu.net\/wordpress\/wp-content\/uploads\/2021\/07\/213380406_5936580293049462_4909337435820030939_n.jpg","_links":{"self":[{"href":"https:\/\/www.radiopiu.net\/wordpress\/wp-json\/wp\/v2\/posts\/221009","targetHints":{"allow":["GET"]}}],"collection":[{"href":"https:\/\/www.radiopiu.net\/wordpress\/wp-json\/wp\/v2\/posts"}],"about":[{"href":"https:\/\/www.radiopiu.net\/wordpress\/wp-json\/wp\/v2\/types\/post"}],"author":[{"embeddable":true,"href":"https:\/\/www.radiopiu.net\/wordpress\/wp-json\/wp\/v2\/users\/4"}],"replies":[{"embeddable":true,"href":"https:\/\/www.radiopiu.net\/wordpress\/wp-json\/wp\/v2\/comments?post=221009"}],"version-history":[{"count":0,"href":"https:\/\/www.radiopiu.net\/wordpress\/wp-json\/wp\/v2\/posts\/221009\/revisions"}],"wp:featuredmedia":[{"embeddable":true,"href":"https:\/\/www.radiopiu.net\/wordpress\/wp-json\/wp\/v2\/media\/221010"}],"wp:attachment":[{"href":"https:\/\/www.radiopiu.net\/wordpress\/wp-json\/wp\/v2\/media?parent=221009"}],"wp:term":[{"taxonomy":"category","embeddable":true,"href":"https:\/\/www.radiopiu.net\/wordpress\/wp-json\/wp\/v2\/categories?post=221009"},{"taxonomy":"post_tag","embeddable":true,"href":"https:\/\/www.radiopiu.net\/wordpress\/wp-json\/wp\/v2\/tags?post=221009"}],"curies":[{"name":"wp","href":"https:\/\/api.w.org\/{rel}","templated":true}]}}