{"id":221049,"date":"2021-07-10T09:22:30","date_gmt":"2021-07-10T07:22:30","guid":{"rendered":"https:\/\/www.radiopiu.net\/wordpress\/?p=221049"},"modified":"2021-07-10T09:22:30","modified_gmt":"2021-07-10T07:22:30","slug":"intervento-notturno-per-il-soccorso-alpino-tre-alpinisti-in-difficolta-sul-piccolo-lagazuoi","status":"publish","type":"post","link":"https:\/\/www.radiopiu.net\/wordpress\/intervento-notturno-per-il-soccorso-alpino-tre-alpinisti-in-difficolta-sul-piccolo-lagazuoi\/","title":{"rendered":"INTERVENTO NOTTURNO PER IL SOCCORSO ALPINO. TRE ALPINISTI IN DIFFICOLTA&#8217; SUL PICCOLO LAGAZUOI"},"content":{"rendered":"<p><strong><a href=\"https:\/\/www.radiopiu.net\/wordpress\/incrodati-sulla-civetta-soccorsi-stamane-alle-4-30-due-alpinisti-bloccati-sullantelao-chiamano-la-compagna-anziche-il-118\/salt_20200810_175813_090_resized\/\" rel=\"attachment wp-att-154485\"><img loading=\"lazy\" decoding=\"async\" class=\"size-medium wp-image-154485 alignleft\" src=\"https:\/\/www.radiopiu.net\/wordpress\/wp-content\/uploads\/2020\/08\/salt_20200810_175813_090_resized-300x225.jpg\" alt=\"\" width=\"300\" height=\"225\" srcset=\"https:\/\/www.radiopiu.net\/wordpress\/wp-content\/uploads\/2020\/08\/salt_20200810_175813_090_resized-300x225.jpg 300w, https:\/\/www.radiopiu.net\/wordpress\/wp-content\/uploads\/2020\/08\/salt_20200810_175813_090_resized-1024x768.jpg 1024w, https:\/\/www.radiopiu.net\/wordpress\/wp-content\/uploads\/2020\/08\/salt_20200810_175813_090_resized-768x576.jpg 768w, https:\/\/www.radiopiu.net\/wordpress\/wp-content\/uploads\/2020\/08\/salt_20200810_175813_090_resized.jpg 1182w\" sizes=\"auto, (max-width: 300px) 100vw, 300px\" \/><\/a>CORTINA <\/strong>Nella notte, verso le 3, la Centrale del Suem \u00e8 stata allertata da tre alpinisti in difficolt\u00e0 sul Piccolo Lagazuoi. I tre, che avevano attaccato la Via Cip &amp; Co, non erano pi\u00f9 in grado di proseguire. Verificato che erano illesi, al sicuro e che potevano aspettare qualche ora in parete, dopo avere avuto la conferma alle prime luci che non riuscivano a proseguire da soli, da Bolzano \u00e8 decollato il Pelikan. Dopo aver imbarcato in piazzola un tecnico del Soccorso alpino di Cortina alle 7.15, l&#8217;elicottero \u00e8 volato al Passo Falzarego e l\u00ec ha fatto campo base, lasciando a terra l&#8217;equipe medica. Salito in parete, pur avendo le coordinate raccolte nella notte, l&#8217;equipaggio ha fatto fatica a rintracciare il punto in cui si trovavano i tre, 31, 29 e 27 anni della Repubblica Ceca. Guidata dal Tecnico della centrale in contatto telefonico con i soccorritori, l&#8217;eliambulanza li ha individuati in una nicchia a 2.100 metri di quota, a destra della Via del Buco, vicino ai cavi della funivia. Con le opportune manovre di sicurezza, l&#8217;elicottero ha calato il soccorritore con un verricello di 30 metri e in tre rotazioni gli alpinisti sono stati recuperati e trasportati al Passo.<\/p>\n<p>&nbsp;<\/p>\n<p>&nbsp;<\/p>\n<p>&nbsp;<\/p>\n<p>&nbsp;<\/p>\n<p>*****<\/p>\n","protected":false},"excerpt":{"rendered":"<p>CORTINA Nella notte, verso le 3, la Centrale del Suem \u00e8 stata allertata da tre alpinisti in difficolt\u00e0 sul Piccolo Lagazuoi. I tre, che avevano attaccato la Via Cip &amp; Co, non erano pi\u00f9 in grado di proseguire. Verificato che erano illesi, al sicuro e che potevano aspettare qualche ora in parete, dopo avere avuto&hellip;<\/p>\n","protected":false},"author":4,"featured_media":154485,"comment_status":"closed","ping_status":"open","sticky":false,"template":"","format":"standard","meta":{"_monsterinsights_skip_tracking":false,"_monsterinsights_sitenote_active":false,"_monsterinsights_sitenote_note":"","_monsterinsights_sitenote_category":0,"footnotes":""},"categories":[51,49],"tags":[],"class_list":["post-221049","post","type-post","status-publish","format-standard","has-post-thumbnail","hentry","category-evidenza-top","category-news-18","category-51","category-49","description-off"],"img_url":"https:\/\/www.radiopiu.net\/wordpress\/wp-content\/uploads\/2020\/08\/salt_20200810_175813_090_resized.jpg","_links":{"self":[{"href":"https:\/\/www.radiopiu.net\/wordpress\/wp-json\/wp\/v2\/posts\/221049","targetHints":{"allow":["GET"]}}],"collection":[{"href":"https:\/\/www.radiopiu.net\/wordpress\/wp-json\/wp\/v2\/posts"}],"about":[{"href":"https:\/\/www.radiopiu.net\/wordpress\/wp-json\/wp\/v2\/types\/post"}],"author":[{"embeddable":true,"href":"https:\/\/www.radiopiu.net\/wordpress\/wp-json\/wp\/v2\/users\/4"}],"replies":[{"embeddable":true,"href":"https:\/\/www.radiopiu.net\/wordpress\/wp-json\/wp\/v2\/comments?post=221049"}],"version-history":[{"count":0,"href":"https:\/\/www.radiopiu.net\/wordpress\/wp-json\/wp\/v2\/posts\/221049\/revisions"}],"wp:featuredmedia":[{"embeddable":true,"href":"https:\/\/www.radiopiu.net\/wordpress\/wp-json\/wp\/v2\/media\/154485"}],"wp:attachment":[{"href":"https:\/\/www.radiopiu.net\/wordpress\/wp-json\/wp\/v2\/media?parent=221049"}],"wp:term":[{"taxonomy":"category","embeddable":true,"href":"https:\/\/www.radiopiu.net\/wordpress\/wp-json\/wp\/v2\/categories?post=221049"},{"taxonomy":"post_tag","embeddable":true,"href":"https:\/\/www.radiopiu.net\/wordpress\/wp-json\/wp\/v2\/tags?post=221049"}],"curies":[{"name":"wp","href":"https:\/\/api.w.org\/{rel}","templated":true}]}}