{"id":221051,"date":"2021-07-11T06:30:29","date_gmt":"2021-07-11T04:30:29","guid":{"rendered":"https:\/\/www.radiopiu.net\/wordpress\/?p=221051"},"modified":"2021-07-12T05:26:05","modified_gmt":"2021-07-12T03:26:05","slug":"giornale-radiopiu-11-luglio-2021-direttore-mirko-mezzacasa","status":"publish","type":"post","link":"https:\/\/www.radiopiu.net\/wordpress\/giornale-radiopiu-11-luglio-2021-direttore-mirko-mezzacasa\/","title":{"rendered":"GIORNALE RADIOPIU 11 LUGLIO 2021 DIRETTORE MIRKO MEZZACASA"},"content":{"rendered":"<h2><span style=\"color: #0000ff;\">PER<strong>\u00a0RICEVERE QUESTO NOTIZIARIO DIRETTAMENTE SUL TUO CELLULARE ISCRIVITI AL CANALE TELEGRAM\u00a0<\/strong><strong>\u201cRADIO PIU\u00a0 INFORMAZIONE\u201d\u00a0<\/strong><\/span><\/h2>\n<p>&nbsp;<\/p>\n<hr \/>\n<p>&nbsp;<\/p>\n<h1 style=\"text-align: center;\"><span style=\"color: #ff0000;\">IL MALTEMPO DI GIOVEDI&#8217; SCORSO &#8211; LA FORZA DEL VENTO A FERTAZZA<\/span><\/h1>\n<p style=\"text-align: center;\"><a href=\"https:\/\/www.radiopiu.net\/wordpress\/giornale-radiopiu-11-luglio-2021-direttore-mirko-mezzacasa\/764d2161-44a1-492a-8885-78bb6f8fb5a0\/\" rel=\"attachment wp-att-221109\"><img loading=\"lazy\" decoding=\"async\" class=\"alignnone wp-image-221109 size-full\" src=\"https:\/\/www.radiopiu.net\/wordpress\/wp-content\/uploads\/2021\/07\/764d2161-44a1-492a-8885-78bb6f8fb5a0.jpg\" alt=\"\" width=\"768\" height=\"1024\" srcset=\"https:\/\/www.radiopiu.net\/wordpress\/wp-content\/uploads\/2021\/07\/764d2161-44a1-492a-8885-78bb6f8fb5a0.jpg 768w, https:\/\/www.radiopiu.net\/wordpress\/wp-content\/uploads\/2021\/07\/764d2161-44a1-492a-8885-78bb6f8fb5a0-225x300.jpg 225w\" sizes=\"auto, (max-width: 768px) 100vw, 768px\" \/><\/a><\/p>\n<hr \/>\n<p>&nbsp;<\/p>\n<h3><span style=\"color: #ff6600;\">Gestione Servizi Pubblici informa che a GOSALDO nelle LOCALITA&#8217; VALLASIN e PONGAN l&#8217;acqua erogata dall&#8217;acquedotto \u00e8 di nuovo potabile e pu\u00f2 essere usata, quindi, per scopi alimentari.<\/span><\/h3>\n<p>&nbsp;<\/p>\n<p>&nbsp;<\/p>\n<hr \/>\n<p>&nbsp;<\/p>\n<blockquote>\n<h3>INTERVENTO NOTTURNO PER IL SOCCORSO ALPINO. TRE ALPINISTI IN DIFFICOLTA&#8217; SUL PICCOLO LAGAZUOI<\/h3>\n<\/blockquote>\n<p><strong><a href=\"https:\/\/www.radiopiu.net\/wordpress\/incrodati-sulla-civetta-soccorsi-stamane-alle-4-30-due-alpinisti-bloccati-sullantelao-chiamano-la-compagna-anziche-il-118\/salt_20200810_175813_090_resized\/\" rel=\"attachment wp-att-154485\"><img loading=\"lazy\" decoding=\"async\" class=\"size-medium wp-image-154485 alignleft\" src=\"https:\/\/www.radiopiu.net\/wordpress\/wp-content\/uploads\/2020\/08\/salt_20200810_175813_090_resized-300x225.jpg\" alt=\"\" width=\"300\" height=\"225\" srcset=\"https:\/\/www.radiopiu.net\/wordpress\/wp-content\/uploads\/2020\/08\/salt_20200810_175813_090_resized-300x225.jpg 300w, https:\/\/www.radiopiu.net\/wordpress\/wp-content\/uploads\/2020\/08\/salt_20200810_175813_090_resized-1024x768.jpg 1024w, https:\/\/www.radiopiu.net\/wordpress\/wp-content\/uploads\/2020\/08\/salt_20200810_175813_090_resized-768x576.jpg 768w, https:\/\/www.radiopiu.net\/wordpress\/wp-content\/uploads\/2020\/08\/salt_20200810_175813_090_resized.jpg 1182w\" sizes=\"auto, (max-width: 300px) 100vw, 300px\" \/><\/a>CORTINA <\/strong>Nella notte, verso le 3, la Centrale del Suem \u00e8 stata allertata da tre alpinisti in difficolt\u00e0 sul Piccolo Lagazuoi. I tre, che avevano attaccato la Via Cip &amp; Co, non erano pi\u00f9 in grado di proseguire. Verificato che erano illesi, al sicuro e che potevano aspettare qualche ora in parete, dopo avere avuto la conferma alle prime luci che non riuscivano a proseguire da soli, da Bolzano \u00e8 decollato il Pelikan. Dopo aver imbarcato in piazzola un tecnico del Soccorso alpino di Cortina alle 7.15, l&#8217;elicottero \u00e8 volato al Passo Falzarego e l\u00ec ha fatto campo base, lasciando a terra l&#8217;equipe medica. Salito in parete, pur avendo le coordinate raccolte nella notte, l&#8217;equipaggio ha fatto fatica a rintracciare il punto in cui si trovavano i tre, 31, 29 e 27 anni della Repubblica Ceca. Guidata dal Tecnico della centrale in contatto telefonico con i soccorritori, l&#8217;eliambulanza li ha individuati in una nicchia a 2.100 metri di quota, a destra della Via del Buco, vicino ai cavi della funivia. Con le opportune manovre di sicurezza, l&#8217;elicottero ha calato il soccorritore con un verricello di 30 metri e in tre rotazioni gli alpinisti sono stati recuperati e trasportati al Passo.<\/p>\n<p>&nbsp;<\/p>\n<p>&nbsp;<\/p>\n<hr \/>\n<p>&nbsp;<\/p>\n<blockquote>\n<h3>UN SABATO SENZA TREGUA PER IL SOCCORSO ALPINO. SEI INTERVENTI TRA AGORDINO E CORTINA NELLA PRIMA PARTE DELLA GIORNATA<\/h3>\n<\/blockquote>\n<p dir=\"auto\"><a href=\"https:\/\/www.radiopiu.net\/wordpress\/torna-la-festa-del-volontariato-cadorino-sabato-1-settembre\/soccorsoalpino\/\" rel=\"attachment wp-att-59164\"><img loading=\"lazy\" decoding=\"async\" class=\"size-medium wp-image-59164 alignleft\" src=\"https:\/\/www.radiopiu.net\/wordpress\/wp-content\/uploads\/2018\/08\/soccorsoalpino-300x300.jpg\" alt=\"\" width=\"300\" height=\"300\" srcset=\"https:\/\/www.radiopiu.net\/wordpress\/wp-content\/uploads\/2018\/08\/soccorsoalpino-300x300.jpg 300w, https:\/\/www.radiopiu.net\/wordpress\/wp-content\/uploads\/2018\/08\/soccorsoalpino-150x150.jpg 150w, https:\/\/www.radiopiu.net\/wordpress\/wp-content\/uploads\/2018\/08\/soccorsoalpino-768x768.jpg 768w, https:\/\/www.radiopiu.net\/wordpress\/wp-content\/uploads\/2018\/08\/soccorsoalpino-1024x1024.jpg 1024w, https:\/\/www.radiopiu.net\/wordpress\/wp-content\/uploads\/2018\/08\/soccorsoalpino.jpg 1200w\" sizes=\"auto, (max-width: 300px) 100vw, 300px\" \/><\/a>Non c&#8217;\u00e8 stato un attimo di tregua oggi per la Centrale del 118. Sono 6 gli interventi registrati fino al primo pomeriggio<\/p>\n<p dir=\"auto\"><strong>ALLEGHE <\/strong>Attorno alle 10 il Soccorso alpino di Alleghe \u00e8 stato allertato per andare in aiuto di una donna, che aveva perso il cane nei boschi di Piani di Pezz\u00e8 e non se la sentiva di muoversi da sola. Una squadra ha perlustrato i sentieri e la zona di bosco che affianca la strada, dove Nina \u00e8 stata vista l&#8217;ultima volta correre con ancora il guinzaglio attaccato, senza purtroppo essere rinvenuta.<\/p>\n<p dir=\"auto\"><strong>CORTINA<\/strong> Alle 10.38 una cordata di alpinisti svizzeri ha chiamato poich\u00e9 uno di loro, H.R., 54 anni, sul terzo tiro dello Spigolo Colbertaldo sul Sass de Stria, a Cortina d&#8217;Ampezzo, si era procurato una sospetta lussazione alla spalla e non era pi\u00f9 in grado di proseguire. Il Pelikan di Bolzano, dopo aver imbarcato dalla piazzola del Codivilla un tecnico di elisoccorso, \u00e8 volato verso la parete e ha recuperato l&#8217;infortunato con un verricello di 20 metri, per poi trasportarlo all&#8217;ospedale.<\/p>\n<p dir=\"auto\"><strong>CORTINA <\/strong>Attorno a mezzogiorno l&#8217;elicottero del Suem di Pieve di Cadore \u00e8 stato inviato lungo Il sentiero che dal Passo Tre Croci sale al Rifugio Vandelli. Nel tratto di grata dopo le scalette, infatti, una escursionista &#8211; M.P., 34 anni, di San Giorgio delle Pertiche (PD) &#8211; si era fatta male a un ginocchio. Recuperata, la donna \u00e8 stata trasportata all&#8217;ospedale di Belluno.<\/p>\n<p dir=\"auto\"><strong>SAN TOMASO <\/strong>L&#8217;eliambulanza di Treviso emergenza \u00e8 invece intervenuta verso mezzogiorno al Rifugio Sasso Bianco, a San Tomaso Agordino, per una sessantenne bellunese con una sospetta frattura alla caviglia.\u00a0 Atterrato, l&#8217;equipaggio ha valutato le condizioni dell&#8217;infortunata, che si trovava con le amiche, la ha imbarcata e trasportata all&#8217;ospedale di Agordo.<\/p>\n<p dir=\"auto\"><strong>ROCCA PIETORE <\/strong>Alle 13 una squadra del Soccorso alpino della Val Pettorina \u00e8 stata inviata sulla strada che da Malga Ciapela sale a Malga Ombretta per un malore. Alle 13.20 circa Falco ha soccorso e accompagnato all&#8217;ospedale di Belluno un&#8217;alpinista, B.F., 44 anni, di Aviano (PN), che aveva scalato assieme al marito la Torre Lusy, sulle Cinque Torri, ed era stata colpita da una scarica di sassi, che le aveva gravemente tagliato un dito.<\/p>\n<p dir=\"auto\"><strong>ROCCA PIETORE <\/strong>Alle 13.40 l&#8217;elicottero di Treviso emergenza \u00e8 stato dirottato a Rocca Pietore, sulla Forcella di Valbona, Piz Zorlet, per una donna colta da malore mentre si trovava con il marito, rientrato poi in autonomia. L&#8217;escursionista, che faticava a respirare, \u00e8 stata caricata a bordo dal tecnico di elisoccorso calato con un verricello di 25 metri e portata per i dovuti accertamenti all&#8217;ospedale di Belluno.<\/p>\n<hr \/>\n<h3><\/h3>\n<blockquote>\n<h3>IN VALLE DI SAN LUCANO ESCURSIONISTI IN DIFFICOLTA&#8217; SCENDENDO DA &#8220;EL COR&#8221; E CADUTA IN MOUNTAIN BIKE IN COMELICO<\/h3>\n<\/blockquote>\n<p><strong><a href=\"https:\/\/www.radiopiu.net\/wordpress\/in-valle-di-san-lucano-escursionisti-in-difficolta-scendendo-da-el-cor-e-caduta-in-mountain-bike-in-comelico\/salt_20210710_181539_080\/\" rel=\"attachment wp-att-221092\"><img loading=\"lazy\" decoding=\"async\" class=\" wp-image-221092 alignleft\" src=\"https:\/\/www.radiopiu.net\/wordpress\/wp-content\/uploads\/2021\/07\/salt_20210710_181539_080-225x300.jpg\" alt=\"\" width=\"150\" height=\"200\" srcset=\"https:\/\/www.radiopiu.net\/wordpress\/wp-content\/uploads\/2021\/07\/salt_20210710_181539_080-225x300.jpg 225w, https:\/\/www.radiopiu.net\/wordpress\/wp-content\/uploads\/2021\/07\/salt_20210710_181539_080-768x1024.jpg 768w, https:\/\/www.radiopiu.net\/wordpress\/wp-content\/uploads\/2021\/07\/salt_20210710_181539_080-1152x1536.jpg 1152w, https:\/\/www.radiopiu.net\/wordpress\/wp-content\/uploads\/2021\/07\/salt_20210710_181539_080-1536x2048.jpg 1536w, https:\/\/www.radiopiu.net\/wordpress\/wp-content\/uploads\/2021\/07\/salt_20210710_181539_080.jpg 1773w\" sizes=\"auto, (max-width: 150px) 100vw, 150px\" \/><\/a>TAIBON <\/strong>Attorno alle 14.15 \u00e8 scattato l&#8217;allarme per una coppia di escursionisti in difficolt\u00e0 al rientro da El Cor, sulle Pale dei Balconi, a Taibon Agordino. Scendendo in un tratto molto ripido, i due, 33 anni lui, 27 anni lei, di Valle di Zoldo (BL), non erano infatti pi\u00f9 stati in grado di proseguire. Individuati dall&#8217;elicottero del Suem di Pieve di Cadore\u00a0 a 2.360 metri di quota, gli escursionisti sono stati recuperati in due rotazioni dal tecnico di elisoccorso, con un verricello di 40 metri, per essere trasportati a valle.<\/p>\n<p><strong>COMELICO SUPERIORE <\/strong>Alle 15.30 circa l&#8217;elicottero dell&#8217;Aiut Alpin Dolomites di Bolzano \u00e8 invece intervenuto in Comelico Superiore, lungo il sentiero numero 147 di Col Rosson, dove uno di sei ciclisti, che stavano provando in mountain bike il percorso del Stoneman Trail, era caduto riportando la sospetta frattura di una spalla. I.K., 50 anni, austriaco, \u00e8 stato stabilizzato e caricato a bordo, per essere trasportato all&#8217;ospedale di Innsbruck.<\/p>\n<p>&nbsp;<\/p>\n<p>&nbsp;<\/p>\n<hr \/>\n<p>&nbsp;<\/p>\n<blockquote>\n<h3>VANDALI AD AGORDO. PRESA DI MIRA LA BIGLITTERIA DI DOLOMITIBUS<\/h3>\n<\/blockquote>\n<p><strong>AGORDO<\/strong> Hanno forzato la porta della biglietteria di Dolomitibus e hanno messo a soqquadro tutto. \u00c8 successo alla stazione di Agordo dove i vandali sono entrati nell&#8217;area adibita a biglietteria danneggiando un computer, buttando documenti da per tutto dopo aver distrutto anche la macchina del caff\u00e8 che usano gli autisti. Sul fatto stanno indagando i Carabinieri che sono stati avvisati da un passante all&#8217;alba. I vandali si sono impossessati degli oggetti smarriti, tra cui un cellulare.<\/p>\n<p>&nbsp;<\/p>\n<p>&nbsp;<\/p>\n<hr \/>\n<p>&nbsp;<\/p>\n<blockquote>\n<h3>CRISI ACC: LA FIOM DI BELLUNO CHIEDE CHIAREZZA<\/h3>\n<\/blockquote>\n<p><strong><a href=\"https:\/\/www.radiopiu.net\/wordpress\/acc-mel-lopinione-di-stefano-bona-fiom-cigl\/acc-mel-2\/\" rel=\"attachment wp-att-217731\"><img loading=\"lazy\" decoding=\"async\" class=\"size-medium wp-image-217731 alignleft\" src=\"https:\/\/www.radiopiu.net\/wordpress\/wp-content\/uploads\/2021\/06\/ACC-MEL-300x171.png\" alt=\"\" width=\"300\" height=\"171\" srcset=\"https:\/\/www.radiopiu.net\/wordpress\/wp-content\/uploads\/2021\/06\/ACC-MEL-300x171.png 300w, https:\/\/www.radiopiu.net\/wordpress\/wp-content\/uploads\/2021\/06\/ACC-MEL-1024x585.png 1024w, https:\/\/www.radiopiu.net\/wordpress\/wp-content\/uploads\/2021\/06\/ACC-MEL-768x439.png 768w, https:\/\/www.radiopiu.net\/wordpress\/wp-content\/uploads\/2021\/06\/ACC-MEL.png 1376w\" sizes=\"auto, (max-width: 300px) 100vw, 300px\" \/><\/a>BELLUNO<\/strong> La CGIL FIOM di Belluno ritorna a parlare dei modi in cui il ministro Giorgetti sta trattando la crisi di ACC a Mel.<\/p>\n<blockquote><p><em>Eravamo convinti che l&#8217;avvento del governo Draghi, come da lui del resto dichiarato al suo insediamento, avrebbe portato nei comportamenti della politica e delle amministrazioni un canone maggiormente Europeo, e cio\u00e8 migliore, rispetto al passato ,in termini di trasparenza, legalit\u00e0, condivisione e partecipazione. La vicenda Acc sta invece diventando nelle mani del nuovo esecutivo, la cui gestione sta avvenendo con uno stile che un tempo si sarebbe definito sudamericano, l&#8217;insieme di tutti gli errori possibili! Come un caudillo qualsiasi il ministro Giorgetti, viola tutte le pi\u00f9 elementari regole in materia di confronto con le parti sociali e di coinvolgimento istituzionale degli enti locali, al posto delle convocazioni dei tavoli di crisi arrivano comunicati stampa scarni ed arroganti che offendono e sminuiscono il ruolo della regione Veneto, delle organizzazioni e delle rappresentanze sindacali, dei sindaci della Val Belluna. Un ruolo, lo ricordiamo con forza che fu decisivo nel primo salvataggio Acc nel 2014 e che non pu\u00f2 non esserlo anche oggi. Nel mentre apprendiamo che il &#8220;privato&#8221; con il quale il ministro sta negoziando la cessione di Acc non verrebbe selezionato attraverso la gara internazionale in corso, con le sue chiare procedure previste dalla legislazione Italiana e dalla normativa Europea, ma con una selezione, pare, personale e privata i cui criteri tutti ignorano. Gran bella figura con i grandi produttori del settore dell&#8217;elettrodomestico che sono poi i clienti di Acc e per questo i pi\u00f9 interessati ad essere rassicurati sui metodi con i quali viene individuato dal Governo un loro fornitore strategico. Fin da subito la Fiom di Belluno avvisa il ministro, il quale si professa a pi\u00f9 riprese come adepto della religione del &#8220;privato&#8221;: se il privato con il quale starebbe la cessione \u00e8 un altro fondo sulla stregua di quelli che hanno massacrato Acc nei primi anni 2000, se lo scordi! Se al contrario fosse un colosso Asiatico la cui intenzione di distruggere Acc \u00e8 nota ad ogni singolo rivenditore di compressori nel mondo, se lo scordi in eguale modo!! Stia certo il ministro che da ora in poi su tutto questo la vigilanza Operaia sar\u00e0 altissima!! <\/em><\/p>\n<p><em>Fiom Belluno<\/em><\/p><\/blockquote>\n<p>&nbsp;<\/p>\n<p>&nbsp;<\/p>\n<hr \/>\n<p>&nbsp;<\/p>\n<blockquote class=\"wp-embedded-content\" data-secret=\"cTkLK3EONU\"><p><a href=\"https:\/\/www.radiopiu.net\/wordpress\/aggiornamentolug10\/\">CORONAVIRUS: AGGIORNAMENTO NAZIONALE 10 LUGLIO  2021<\/a><\/p><\/blockquote>\n<p><iframe loading=\"lazy\" class=\"wp-embedded-content\" sandbox=\"allow-scripts\" security=\"restricted\" style=\"position: absolute; clip: rect(1px, 1px, 1px, 1px);\" title=\"&#8220;CORONAVIRUS: AGGIORNAMENTO NAZIONALE 10 LUGLIO  2021&#8221; &#8212; Radio Pi\u00f9\" src=\"https:\/\/www.radiopiu.net\/wordpress\/aggiornamentolug10\/embed\/#?secret=cTkLK3EONU\" data-secret=\"cTkLK3EONU\" width=\"600\" height=\"338\" frameborder=\"0\" marginwidth=\"0\" marginheight=\"0\" scrolling=\"no\"><\/iframe><\/p>\n<p>&nbsp;<\/p>\n<blockquote class=\"wp-embedded-content\" data-secret=\"zLCEUQE6IG\"><p><a href=\"https:\/\/www.radiopiu.net\/wordpress\/nelle-ultime-24-ore-si-registrano-157-nuove-positivita-in-veneto-nessun-decesso-e-ricoveri-in-calo\/\">NELLE ULTIME 24 ORE SI REGISTRANO 157 NUOVE POSITIVITA&#8217; IN VENETO. NESSUN DECESSO E RICOVERI IN CALO<\/a><\/p><\/blockquote>\n<p><iframe loading=\"lazy\" class=\"wp-embedded-content\" sandbox=\"allow-scripts\" security=\"restricted\" style=\"position: absolute; clip: rect(1px, 1px, 1px, 1px);\" title=\"&#8220;NELLE ULTIME 24 ORE SI REGISTRANO 157 NUOVE POSITIVITA&#8217; IN VENETO. NESSUN DECESSO E RICOVERI IN CALO&#8221; &#8212; Radio Pi\u00f9\" src=\"https:\/\/www.radiopiu.net\/wordpress\/nelle-ultime-24-ore-si-registrano-157-nuove-positivita-in-veneto-nessun-decesso-e-ricoveri-in-calo\/embed\/#?secret=zLCEUQE6IG\" data-secret=\"zLCEUQE6IG\" width=\"600\" height=\"338\" frameborder=\"0\" marginwidth=\"0\" marginheight=\"0\" scrolling=\"no\"><\/iframe><\/p>\n<p>&nbsp;<\/p>\n<h3>I GRAFICI DI TIZIANO DE COL<\/h3>\n\n\t\t\t<style type='text\/css'>\n\t\t\t\t#gallery-1 {\n\t\t\t\t\tmargin: auto;\n\t\t\t\t}\n\t\t\t\t#gallery-1 .gallery-item {\n\t\t\t\t\tfloat: left;\n\t\t\t\t\tmargin-top: 10px;\n\t\t\t\t\ttext-align: center;\n\t\t\t\t\twidth: 20%;\n\t\t\t\t}\n\t\t\t\t#gallery-1 img {\n\t\t\t\t\tborder: 2px solid #cfcfcf;\n\t\t\t\t}\n\t\t\t\t#gallery-1 .gallery-caption {\n\t\t\t\t\tmargin-left: 0;\n\t\t\t\t}\n\t\t\t\t\/* see gallery_shortcode() in wp-includes\/media.php *\/\n\t\t\t<\/style>\n\t\t<div id='gallery-1' class='dt-gallery-container gallery galleryid-221051 gallery-columns-5 gallery-size-medium'><dl class='gallery-item'>\n\t\t\t\t<dt class='gallery-icon landscape'>\n\t\t\t\t\t<a class=\"rollover rollover-zoom dt-pswp-item\" title=\"b5756170-a66b-419e-bc4a-a5d3f07a23db\" data-dt-img-description=\"\" data-large_image_width=\"604\" data-large_image_height=\"353\"href='https:\/\/www.radiopiu.net\/wordpress\/wp-content\/uploads\/2021\/07\/b5756170-a66b-419e-bc4a-a5d3f07a23db.jpg'><img loading=\"lazy\" decoding=\"async\" width=\"300\" height=\"175\" src=\"https:\/\/www.radiopiu.net\/wordpress\/wp-content\/uploads\/2021\/07\/b5756170-a66b-419e-bc4a-a5d3f07a23db-300x175.jpg\" class=\"attachment-medium size-medium\" alt=\"\" srcset=\"https:\/\/www.radiopiu.net\/wordpress\/wp-content\/uploads\/2021\/07\/b5756170-a66b-419e-bc4a-a5d3f07a23db-300x175.jpg 300w, https:\/\/www.radiopiu.net\/wordpress\/wp-content\/uploads\/2021\/07\/b5756170-a66b-419e-bc4a-a5d3f07a23db.jpg 604w\" sizes=\"auto, (max-width: 300px) 100vw, 300px\" \/><\/a>\n\t\t\t\t<\/dt><\/dl><dl class='gallery-item'>\n\t\t\t\t<dt class='gallery-icon landscape'>\n\t\t\t\t\t<a class=\"rollover rollover-zoom dt-pswp-item\" title=\"40d995fe-fa01-4d2e-bdef-0b8af1681355\" data-dt-img-description=\"\" data-large_image_width=\"616\" data-large_image_height=\"349\"href='https:\/\/www.radiopiu.net\/wordpress\/wp-content\/uploads\/2021\/07\/40d995fe-fa01-4d2e-bdef-0b8af1681355.jpg'><img loading=\"lazy\" decoding=\"async\" width=\"300\" height=\"170\" src=\"https:\/\/www.radiopiu.net\/wordpress\/wp-content\/uploads\/2021\/07\/40d995fe-fa01-4d2e-bdef-0b8af1681355-300x170.jpg\" class=\"attachment-medium size-medium\" alt=\"\" srcset=\"https:\/\/www.radiopiu.net\/wordpress\/wp-content\/uploads\/2021\/07\/40d995fe-fa01-4d2e-bdef-0b8af1681355-300x170.jpg 300w, https:\/\/www.radiopiu.net\/wordpress\/wp-content\/uploads\/2021\/07\/40d995fe-fa01-4d2e-bdef-0b8af1681355.jpg 616w\" sizes=\"auto, (max-width: 300px) 100vw, 300px\" \/><\/a>\n\t\t\t\t<\/dt><\/dl><dl class='gallery-item'>\n\t\t\t\t<dt class='gallery-icon landscape'>\n\t\t\t\t\t<a class=\"rollover rollover-zoom dt-pswp-item\" title=\"b1944ac9-1774-46b9-a10f-c9b2591668e2\" data-dt-img-description=\"\" data-large_image_width=\"612\" data-large_image_height=\"354\"href='https:\/\/www.radiopiu.net\/wordpress\/wp-content\/uploads\/2021\/07\/b1944ac9-1774-46b9-a10f-c9b2591668e2.jpg'><img loading=\"lazy\" decoding=\"async\" width=\"300\" height=\"174\" src=\"https:\/\/www.radiopiu.net\/wordpress\/wp-content\/uploads\/2021\/07\/b1944ac9-1774-46b9-a10f-c9b2591668e2-300x174.jpg\" class=\"attachment-medium size-medium\" alt=\"\" srcset=\"https:\/\/www.radiopiu.net\/wordpress\/wp-content\/uploads\/2021\/07\/b1944ac9-1774-46b9-a10f-c9b2591668e2-300x174.jpg 300w, https:\/\/www.radiopiu.net\/wordpress\/wp-content\/uploads\/2021\/07\/b1944ac9-1774-46b9-a10f-c9b2591668e2.jpg 612w\" sizes=\"auto, (max-width: 300px) 100vw, 300px\" \/><\/a>\n\t\t\t\t<\/dt><\/dl><dl class='gallery-item'>\n\t\t\t\t<dt class='gallery-icon landscape'>\n\t\t\t\t\t<a class=\"rollover rollover-zoom dt-pswp-item\" title=\"79aab372-ba8e-4b30-8697-d34d63916650\" data-dt-img-description=\"\" data-large_image_width=\"612\" data-large_image_height=\"350\"href='https:\/\/www.radiopiu.net\/wordpress\/wp-content\/uploads\/2021\/07\/79aab372-ba8e-4b30-8697-d34d63916650.jpg'><img loading=\"lazy\" decoding=\"async\" width=\"300\" height=\"172\" src=\"https:\/\/www.radiopiu.net\/wordpress\/wp-content\/uploads\/2021\/07\/79aab372-ba8e-4b30-8697-d34d63916650-300x172.jpg\" class=\"attachment-medium size-medium\" alt=\"\" srcset=\"https:\/\/www.radiopiu.net\/wordpress\/wp-content\/uploads\/2021\/07\/79aab372-ba8e-4b30-8697-d34d63916650-300x172.jpg 300w, https:\/\/www.radiopiu.net\/wordpress\/wp-content\/uploads\/2021\/07\/79aab372-ba8e-4b30-8697-d34d63916650.jpg 612w\" sizes=\"auto, (max-width: 300px) 100vw, 300px\" \/><\/a>\n\t\t\t\t<\/dt><\/dl><dl class='gallery-item'>\n\t\t\t\t<dt class='gallery-icon landscape'>\n\t\t\t\t\t<a class=\"rollover rollover-zoom dt-pswp-item\" title=\"231d4b66-89e9-4541-a2ac-3d20f4c356bc\" data-dt-img-description=\"\" data-large_image_width=\"606\" data-large_image_height=\"354\"href='https:\/\/www.radiopiu.net\/wordpress\/wp-content\/uploads\/2021\/07\/231d4b66-89e9-4541-a2ac-3d20f4c356bc.jpg'><img loading=\"lazy\" decoding=\"async\" width=\"300\" height=\"175\" src=\"https:\/\/www.radiopiu.net\/wordpress\/wp-content\/uploads\/2021\/07\/231d4b66-89e9-4541-a2ac-3d20f4c356bc-300x175.jpg\" class=\"attachment-medium size-medium\" alt=\"\" srcset=\"https:\/\/www.radiopiu.net\/wordpress\/wp-content\/uploads\/2021\/07\/231d4b66-89e9-4541-a2ac-3d20f4c356bc-300x175.jpg 300w, https:\/\/www.radiopiu.net\/wordpress\/wp-content\/uploads\/2021\/07\/231d4b66-89e9-4541-a2ac-3d20f4c356bc.jpg 606w\" sizes=\"auto, (max-width: 300px) 100vw, 300px\" \/><\/a>\n\t\t\t\t<\/dt><\/dl><br style=\"clear: both\" \/>\n\t\t\t<\/div>\n\n<p>&nbsp;<\/p>\n<p>&nbsp;<\/p>\n<hr \/>\n<p>&nbsp;<\/p>\n<blockquote>\n<h3 class=\"p1\"><span class=\"s1\">LA PROVINCIA DI BELLUNO PARTECIPA AI 50 ANNI DALLA FONDAZIONE DI VAJONT<\/span><\/h3>\n<\/blockquote>\n<p class=\"p1\"><span class=\"s1\"><strong>BELLUNO <\/strong>\u00ab<em>La memoria della tragedia del 9 ottobre 1963 \u00e8 ancora viva e unisce le nostre comunit\u00e0. Ma il legame pi\u00f9 forte \u00e8 quello della solidariet\u00e0, che ha caratterizzato l\u2019indomani del disastro e continua a dare speranza anche oggi, di fronte al Covid<\/em>\u00bb. Lo ha detto il presidente della Provincia di Belluno, Roberto Padrin, intervenuto questa mattina a Vajont (Pordenone), in occasione del cinquantesimo anniversario di fondazione della cittadina, nata all\u2019indomani della tragedia che ha distrutto Longarone, Erto e Casso. Erano presenti anche il sindaco di Ponte nelle Alpi Paolo Vendramini, la sindaca di Vajont Lavinia Corona, il deputato bellunese Roger De Menech (in qualit\u00e0 di vice presidente della Commissione Difesa alla Camera) e la sottosegretaria alla Transizione ecologica Vannia Gava. <\/span><span class=\"s1\">A Vajont, comunit\u00e0 sorta per ospitare i sopravvissuti di Erto e Casso (al pari di Nuova Erto, quartiere di Ponte nelle Alpi), \u00e8 stata intitolata una piazza alla Brigata Alpina Julia, che poche ore dopo la tragedia del 9 ottobre ha attivato i soccorsi con gli Alpini. <\/span><span class=\"s1\">\u00ab<em>Proprio gli Alpini sono uno dei fili conduttori della generosit\u00e0 e dell\u2019impegno disinteressato, oggi come allora, attivi sempre per dare una mano nel momento del bisogno &#8211; ha detto il sindaco di Ponte nelle Alpi Paolo Vendramini -. Il ricordo della tragedia, 50 anni dopo la nascita di Vajont, \u00e8 anche il modo per osservare la rinascita di una comunit\u00e0. Rinascita a cui aspiriamo anche oggi, dopo la crisi seminata dalla pandemia. E il modo per rinascere \u00e8 sempre lo stesso: il gioco di squadra e la solidariet\u00e0<\/em>\u00bb.<\/span><\/p>\n\n\t\t\t<style type='text\/css'>\n\t\t\t\t#gallery-2 {\n\t\t\t\t\tmargin: auto;\n\t\t\t\t}\n\t\t\t\t#gallery-2 .gallery-item {\n\t\t\t\t\tfloat: left;\n\t\t\t\t\tmargin-top: 10px;\n\t\t\t\t\ttext-align: center;\n\t\t\t\t\twidth: 33%;\n\t\t\t\t}\n\t\t\t\t#gallery-2 img {\n\t\t\t\t\tborder: 2px solid #cfcfcf;\n\t\t\t\t}\n\t\t\t\t#gallery-2 .gallery-caption {\n\t\t\t\t\tmargin-left: 0;\n\t\t\t\t}\n\t\t\t\t\/* see gallery_shortcode() in wp-includes\/media.php *\/\n\t\t\t<\/style>\n\t\t<div id='gallery-2' class='dt-gallery-container gallery galleryid-221051 gallery-columns-3 gallery-size-medium'><dl class='gallery-item'>\n\t\t\t\t<dt class='gallery-icon landscape'>\n\t\t\t\t\t<a class=\"rollover rollover-zoom dt-pswp-item\" title=\"PHOTO-2021-07-10-13-38-15 2\" data-dt-img-description=\"\" data-large_image_width=\"1600\" data-large_image_height=\"1200\"href='https:\/\/www.radiopiu.net\/wordpress\/wp-content\/uploads\/2021\/07\/PHOTO-2021-07-10-13-38-15-2.jpg'><img loading=\"lazy\" decoding=\"async\" width=\"300\" height=\"225\" src=\"https:\/\/www.radiopiu.net\/wordpress\/wp-content\/uploads\/2021\/07\/PHOTO-2021-07-10-13-38-15-2-300x225.jpg\" class=\"attachment-medium size-medium\" alt=\"\" srcset=\"https:\/\/www.radiopiu.net\/wordpress\/wp-content\/uploads\/2021\/07\/PHOTO-2021-07-10-13-38-15-2-300x225.jpg 300w, https:\/\/www.radiopiu.net\/wordpress\/wp-content\/uploads\/2021\/07\/PHOTO-2021-07-10-13-38-15-2-1024x768.jpg 1024w, https:\/\/www.radiopiu.net\/wordpress\/wp-content\/uploads\/2021\/07\/PHOTO-2021-07-10-13-38-15-2-768x576.jpg 768w, https:\/\/www.radiopiu.net\/wordpress\/wp-content\/uploads\/2021\/07\/PHOTO-2021-07-10-13-38-15-2-1536x1152.jpg 1536w, https:\/\/www.radiopiu.net\/wordpress\/wp-content\/uploads\/2021\/07\/PHOTO-2021-07-10-13-38-15-2.jpg 1600w\" sizes=\"auto, (max-width: 300px) 100vw, 300px\" \/><\/a>\n\t\t\t\t<\/dt><\/dl><dl class='gallery-item'>\n\t\t\t\t<dt class='gallery-icon landscape'>\n\t\t\t\t\t<a class=\"rollover rollover-zoom dt-pswp-item\" title=\"PHOTO-2021-07-10-13-38-15\" data-dt-img-description=\"\" data-large_image_width=\"1600\" data-large_image_height=\"1200\"href='https:\/\/www.radiopiu.net\/wordpress\/wp-content\/uploads\/2021\/07\/PHOTO-2021-07-10-13-38-15.jpg'><img loading=\"lazy\" decoding=\"async\" width=\"300\" height=\"225\" src=\"https:\/\/www.radiopiu.net\/wordpress\/wp-content\/uploads\/2021\/07\/PHOTO-2021-07-10-13-38-15-300x225.jpg\" class=\"attachment-medium size-medium\" alt=\"\" srcset=\"https:\/\/www.radiopiu.net\/wordpress\/wp-content\/uploads\/2021\/07\/PHOTO-2021-07-10-13-38-15-300x225.jpg 300w, https:\/\/www.radiopiu.net\/wordpress\/wp-content\/uploads\/2021\/07\/PHOTO-2021-07-10-13-38-15-1024x768.jpg 1024w, https:\/\/www.radiopiu.net\/wordpress\/wp-content\/uploads\/2021\/07\/PHOTO-2021-07-10-13-38-15-768x576.jpg 768w, https:\/\/www.radiopiu.net\/wordpress\/wp-content\/uploads\/2021\/07\/PHOTO-2021-07-10-13-38-15-1536x1152.jpg 1536w, https:\/\/www.radiopiu.net\/wordpress\/wp-content\/uploads\/2021\/07\/PHOTO-2021-07-10-13-38-15.jpg 1600w\" sizes=\"auto, (max-width: 300px) 100vw, 300px\" \/><\/a>\n\t\t\t\t<\/dt><\/dl><dl class='gallery-item'>\n\t\t\t\t<dt class='gallery-icon landscape'>\n\t\t\t\t\t<a class=\"rollover rollover-zoom dt-pswp-item\" title=\"PHOTO-2021-07-10-13-38-17\" data-dt-img-description=\"\" data-large_image_width=\"1600\" data-large_image_height=\"1200\"href='https:\/\/www.radiopiu.net\/wordpress\/wp-content\/uploads\/2021\/07\/PHOTO-2021-07-10-13-38-17.jpg'><img loading=\"lazy\" decoding=\"async\" width=\"300\" height=\"225\" src=\"https:\/\/www.radiopiu.net\/wordpress\/wp-content\/uploads\/2021\/07\/PHOTO-2021-07-10-13-38-17-300x225.jpg\" class=\"attachment-medium size-medium\" alt=\"\" srcset=\"https:\/\/www.radiopiu.net\/wordpress\/wp-content\/uploads\/2021\/07\/PHOTO-2021-07-10-13-38-17-300x225.jpg 300w, https:\/\/www.radiopiu.net\/wordpress\/wp-content\/uploads\/2021\/07\/PHOTO-2021-07-10-13-38-17-1024x768.jpg 1024w, https:\/\/www.radiopiu.net\/wordpress\/wp-content\/uploads\/2021\/07\/PHOTO-2021-07-10-13-38-17-768x576.jpg 768w, https:\/\/www.radiopiu.net\/wordpress\/wp-content\/uploads\/2021\/07\/PHOTO-2021-07-10-13-38-17-1536x1152.jpg 1536w, https:\/\/www.radiopiu.net\/wordpress\/wp-content\/uploads\/2021\/07\/PHOTO-2021-07-10-13-38-17.jpg 1600w\" sizes=\"auto, (max-width: 300px) 100vw, 300px\" \/><\/a>\n\t\t\t\t<\/dt><\/dl><br style=\"clear: both\" \/>\n\t\t\t<\/div>\n\n<p>&nbsp;<\/p>\n<p>&nbsp;<\/p>\n<hr \/>\n<p>&nbsp;<\/p>\n<blockquote>\n<h3>SAN PELLEGRINO BIKE TRAIL KARPOS: PEDALARE DOVE L\u2019ARIA \u00c8 PI\u00d9 PURA<\/h3>\n<\/blockquote>\n<p><strong><a href=\"https:\/\/www.radiopiu.net\/wordpress\/giornale-radiopiu-11-luglio-2021-direttore-mirko-mezzacasa\/robertodepellegrin_flowpark_web-14\/\" rel=\"attachment wp-att-221053\"><img loading=\"lazy\" decoding=\"async\" class=\"size-medium wp-image-221053 alignleft\" src=\"https:\/\/www.radiopiu.net\/wordpress\/wp-content\/uploads\/2021\/07\/RobertoDePellegrin_FlowPark_web-14-300x200.jpg\" alt=\"\" width=\"300\" height=\"200\" srcset=\"https:\/\/www.radiopiu.net\/wordpress\/wp-content\/uploads\/2021\/07\/RobertoDePellegrin_FlowPark_web-14-300x200.jpg 300w, https:\/\/www.radiopiu.net\/wordpress\/wp-content\/uploads\/2021\/07\/RobertoDePellegrin_FlowPark_web-14-1024x683.jpg 1024w, https:\/\/www.radiopiu.net\/wordpress\/wp-content\/uploads\/2021\/07\/RobertoDePellegrin_FlowPark_web-14-768x512.jpg 768w, https:\/\/www.radiopiu.net\/wordpress\/wp-content\/uploads\/2021\/07\/RobertoDePellegrin_FlowPark_web-14-1536x1024.jpg 1536w, https:\/\/www.radiopiu.net\/wordpress\/wp-content\/uploads\/2021\/07\/RobertoDePellegrin_FlowPark_web-14.jpg 2048w\" sizes=\"auto, (max-width: 300px) 100vw, 300px\" \/><\/a>FALCADE\/SAN PELLEGRINO<\/strong> Allacciare il casco, controllare i rifornimenti e inforcare la bici. Gesti che si ripetono come rituali dovunque ci si trovi. Nei nuovi San Pellegrino Bike Trail Karpos queste azioni si accompagnano a uno zaino pieno di emozioni in tre single trail e due flow trail che si intersecano tra di loro a cavallo tra Veneto e Trentino, tra la Valle del Biois e il Passo San Pellegrino. Percorsi che rendono la montagna pi\u00f9 estrema a portata di bici con diversi gradi di difficolt\u00e0. Un progetto ideato e realizzato dalla Ski Area San Pellegrino per valorizzare il territorio della Valle del Biois e sostenuto da Karpos. Due i single trail di difficolt\u00e0 facile, percorribili da chiunque abbia un mezzo adatto e la giusta preparazione sulle gambe. Il numero uno, denominato \u201cFalcade\u201d, si estende per 10,5 km e un dislivello complessivo di 829 mt. La pendenza media oscilla tra il 5,5% e l\u201911,6% con punte del 32,6%. L\u2019anello permette di partire sia da Falcade, per chi si trova sul versante veneto, sia dal Passo San Pellegrino per chi giunge dal Trentino. Lungo il percorso si aprono distese di prati soleggiati che si intervallano ai tratti tra i boschi, dove la luce filtra tra i rami e il sottobosco rapisce con i suoi caratteristici profumi.\u00a0 Di pari difficolt\u00e0 l\u2019itinerario numero 3: il single trail San Pellegrino ha un dislivello di 611 metri e si estende per 11,3 km. Si arriva in quota con la seggiovia Costabella e, dopo aver riempito gli occhi della bellezza di questa conca avvolta dalle Dolomiti, si inforcano le due ruote procedendo in leggera discesa attraversando un contesto bucolico in cui sono le campane dei pascoli alpini a scandire il tempo. Di media difficolt\u00e0, invece, il single trail dedicato agli Innamorati \u2013questo il nome del percorso &#8211; che guida gli appassionati delle due ruote per 13 km con un dislivello di 1.388 m.\u00a0 Si parte dall\u2019arrivo dal Col Margherita, si scende verso il Passo Valles sul percorso che d\u2019inverno ospita la Pista degli Innamorati. Raggiunto il Passo Valles si prosegue verso Falcade su un tratto della strada regionale, per poi girare a destra e scendere a Malga Valles Alto e seguire il tracciato degli Innamorati fino a Caverson e da l\u00ec a Falcade. <em>\u00abIl San Pellegrino Bike Trail Karpos \u00e8 una delle novit\u00e0 di questa stagione estiva, insieme al parco botanico sul Col Margherita e ad altre iniziative che animeranno la nostra area <\/em>-afferma Mauro Vendruscolo, presidente della Ski Area San Pellegrino-. <em>Si tratta di un progetto che ci permette di rendere la nostra montagna un luogo da esplorare ma anche da rispettare. I nuovi tracciati bike consentono di ammirare da vicino le nostre Dolomiti Bellunesi e l\u2019imperdibile panorama della Valle del Biois, uno scenario unico in tutto il mondo. La nostra societ\u00e0 impianti, sempre attenta a rinnovare le proposte che il territorio pu\u00f2 offrire, ha deciso di rendere le nostre vette una meta anche per gli appassionati delle due ruote, con proposte adrenaliniche ma anche da vivere in famiglia. Karpos, realt\u00e0 di eccellenza del nostro territorio, ha creduto con noi in questi nuovi itinerari contribuendo a rendere possibile un\u2019offerta innovativa e nuova per l\u2019area. Ringrazio quanti hanno lavorato intensamente perch\u00e9 anche questo nuovo progetto garantisse la qualit\u00e0 che il nostro comprensorio si impone in ogni stagione\u00bb.<\/em><\/p>\n<p>&nbsp;<\/p>\n<p>&nbsp;<\/p>\n<hr \/>\n<p>&nbsp;<\/p>\n<div class=\"page-title-head hgroup\">\n<blockquote>\n<h3 class=\"entry-title\">VENETO: NEL 2020 IN CALO LE SEGNALAZIONI DI RICICLAGGIO, MA IL RISCHIO RIMANE ALTO A VERONA, PADOVA E VICENZA<\/h3>\n<\/blockquote>\n<\/div>\n<div class=\"page-title-breadcrumbs\">\n<p class=\"photoswipe-wrapper\"><a class=\"dt-pswp-item pspw-wrap-ready\" href=\"https:\/\/www.radiopiu.net\/wordpress\/wp-content\/uploads\/2021\/07\/Schermata-2021-07-10-alle-12.54.37.png\" data-dt-img-description=\"\" data-large_image_width=\"1264\" data-large_image_height=\"710\"><img loading=\"lazy\" decoding=\"async\" class=\"alignleft size-medium wp-image-221067\" src=\"https:\/\/www.radiopiu.net\/wordpress\/wp-content\/uploads\/2021\/07\/Schermata-2021-07-10-alle-12.54.37-300x169.png\" sizes=\"auto, (max-width: 300px) 100vw, 300px\" srcset=\"https:\/\/www.radiopiu.net\/wordpress\/wp-content\/uploads\/2021\/07\/Schermata-2021-07-10-alle-12.54.37-300x169.png 300w, https:\/\/www.radiopiu.net\/wordpress\/wp-content\/uploads\/2021\/07\/Schermata-2021-07-10-alle-12.54.37-1024x575.png 1024w, https:\/\/www.radiopiu.net\/wordpress\/wp-content\/uploads\/2021\/07\/Schermata-2021-07-10-alle-12.54.37-768x431.png 768w, https:\/\/www.radiopiu.net\/wordpress\/wp-content\/uploads\/2021\/07\/Schermata-2021-07-10-alle-12.54.37.png 1264w\" alt=\"\" width=\"300\" height=\"169\" \/><\/a>Sebbene a livello nazionale le segnalazioni sospette di riciclaggio ricevute dall\u2019Unit\u00e0 di Informazione Finanziaria (UIF) della Banca d\u2019Italia siano in aumento, nel Veneto, invece, scendono: l\u2019anno scorso le \u201cdenunce\u201d sono state 8.374, 417 in meno rispetto al 2019 . Oltre il 99 per cento del totale delle segnalazioni giunte nel 2020 riguarda operazioni di riciclaggio di denaro che, molto probabilmente, sono di provenienza illegale e poco meno dell\u20191 per cento, invece, sono riconducibili a misure sospette di terrorismo e proliferazione di armi di distruzione di massa.<\/p>\n<p>A livello provinciale le situazioni pi\u00f9 critiche si registrano nelle province di Verona (186,2 segnalazioni ogni 100 mila abitanti), di Padova (174,7) e di Vicenza (174,4). Rispetto al 2019, l\u2019unico territorio ad aver subito un incremento della variazione \u00e8 stato Belluno (+21,6 per cento) (vedi Tab. 1).<\/p>\n<p>Pi\u00f9 credito bancario alle imprese, meno infiltrazioni<br \/>\nLa contrazione delle segnalazioni di riciclaggio avvenuta in Veneto potrebbe trovare una sua \u201cgiustificazione\u201d nel fatto che in questo ultimo anno gli impieghi bancari vivi alle nostre imprese sono tornati a crescere. Se tra il marzo del 2011 (picco massimo di erogazione dei prestiti bancari alle aziende) fino allo stesso mese di quest\u2019anno, le aziende venete hanno subito una stretta creditizia pari a 26,4 miliardi di euro (-26,4 per cento), nell\u2019ultimo anno, invece, grazie alle misure a sostegno delle Pmi messe in campo dal governo Conte, i prestiti bancari sono aumentati di 5,4 miliardi (+7,9 per cento). Una inversione di tendenza importante, che potrebbe aver evitato a molte imprese la possibilit\u00e0 di \u201cincorrere\u201d in operazioni economico\/finanziarie poco trasparenti.<\/p>\n<p class=\"photoswipe-wrapper\"><a class=\"dt-pswp-item pspw-wrap-ready\" href=\"https:\/\/www.radiopiu.net\/wordpress\/wp-content\/uploads\/2021\/07\/Schermata-2021-07-10-alle-12.54.50.png\" data-dt-img-description=\"\" data-large_image_width=\"864\" data-large_image_height=\"590\"><img loading=\"lazy\" decoding=\"async\" class=\"alignleft size-medium wp-image-221066\" src=\"https:\/\/www.radiopiu.net\/wordpress\/wp-content\/uploads\/2021\/07\/Schermata-2021-07-10-alle-12.54.50-300x205.png\" sizes=\"auto, (max-width: 300px) 100vw, 300px\" srcset=\"https:\/\/www.radiopiu.net\/wordpress\/wp-content\/uploads\/2021\/07\/Schermata-2021-07-10-alle-12.54.50-300x205.png 300w, https:\/\/www.radiopiu.net\/wordpress\/wp-content\/uploads\/2021\/07\/Schermata-2021-07-10-alle-12.54.50-768x524.png 768w, https:\/\/www.radiopiu.net\/wordpress\/wp-content\/uploads\/2021\/07\/Schermata-2021-07-10-alle-12.54.50.png 864w\" alt=\"\" width=\"300\" height=\"205\" \/><\/a>Oltre 12mila imprese \u201cschedate\u201d: sono quelle pi\u00f9 a rischio<br \/>\nTuttavia, sono poco pi\u00f9 di 12mila le imprese venete che presentano crediti in sofferenza. In altre parole stiamo parlando delle aziende e delle partite Iva che risultano essere \u201cschedate\u201d presso la Centrale dei Rischi della Banca d\u2019Italia come insolventi. Una classificazione che, di fatto, pregiudica a questi soggetti economici di accedere a prestiti erogati dalle banche e dalle societ\u00e0 finanziarie. Una condizione che, ovviamente, non consente di avvalersi nemmeno delle misure agevolate approvate l\u2019anno scorso con il \u201cdecreto Liquidit\u00e0\u201d . Non potendo ricorrere a nessun intermediario finanziario queste Pmi, strutturalmente a corto di liquidit\u00e0 e in grosse difficolt\u00e0 finanziarie, in questo periodo di carenza di credito rischiano molto pi\u00f9 delle altre di scivolare tra le braccia degli strozzini. Per evitare tutto questo \u00e8 necessario incentivare il ricorso al \u201cFondo per la prevenzione\u201d dell\u2019usura. Uno strumento, quest\u2019ultimo, presente da decenni, ma poco utilizzato, anche perch\u00e9 sconosciuto ai pi\u00f9 e, conseguentemente, con scarse risorse economiche a disposizione. Al 31 marzo scorso, le situazioni pi\u00f9 critiche riguardano le province di Padova (2.500 imprese in sofferenza), di Vicenza (2.465) e Treviso (2.197).<\/p>\n<p>La conferma anche dai Ros: le imprese senza liquidit\u00e0 sono facile preda delle mafie<br \/>\nUna platea di aziende, quelle segnalate alla Centrale dei rischi, a cui \u00e8 pressocch\u00e8 interdetta la possibilit\u00e0 di chiedere un \u201csostegno\u201d alle banche che, rispetto alle altre, sono le pi\u00f9 esposte al rischio di essere \u201cavvicinate\u201d dalle organizzazioni criminali. Una tesi che \u00e8 stata confermata anche dai vertici dei Ros (Raggruppamento operativo speciale). In un\u2019intervista rilasciata sul principale giornale economico del Paese ben prima dell\u2019avvento della pandemia, il comandante Pasquale Angelosanto ha sottolineato come i mafiosi detengono una quantit\u00e0 enorme di liquidit\u00e0 proveniente da operazioni illecite da reimmettere nel mercato. Spesso, manager in doppio petto si offrono alle imprese settentrionali in difficolt\u00e0 come risolutori di queste crisi. Insomma, si presentano come una banca, anche se poi applicano ben altre regole. Il finanziamento erogato diventa il \u201cgrimaldello\u201d per acquisire una partecipazione significativa nell\u2019amministrazione societaria dell\u2019impresa. Poich\u00e8 l\u2019imprenditore non \u00e8 pi\u00f9 nelle condizioni di restituire la somma ricevuta, col tempo i malavitosi diventano i nuovi proprietari.<\/p>\n<p>&nbsp;<\/p>\n<p>&nbsp;<\/p>\n<hr \/>\n<p>&nbsp;<\/p>\n<\/div>\n<blockquote>\n<h3>DOMANI SERA CONVOCATO IL CONSIGLIO DELL&#8217;UNIONE MONTANA AGORDINA<\/h3>\n<\/blockquote>\n<p><strong>\u00a0<\/strong><strong>AGORDO<\/strong> Ritorna in presenza il consiglio dell&#8217;Unione Montana Agordina che si ritrova in sala Don Tamis domani alle 20:30. Il presidente Michele Costa ha convocato i consiglieri per trattare 4 punti all&#8217;ordine del giorno. Si parler\u00e0 dell&#8217;estensione a nuovi enti della partecipazione alla societ\u00e0 Valpe Ambiente, una variazione al bilancio e il miglioramento della rete stradale di raccordo della viabilit\u00e0 locale al reticolo principale interregionale.<\/p>\n<p>&nbsp;<\/p>\n<p>&nbsp;<\/p>\n<hr \/>\n<p>&nbsp;<\/p>\n<h3><a href=\"https:\/\/www.radiopiu.net\/wordpress\/scuola-e-investimenti-nuova-mensa-ed-efficientamento-energetico\/ed290f40-7d29-4675-8cf9-0210b20495e7\/\" rel=\"attachment wp-att-200591\"><img loading=\"lazy\" decoding=\"async\" class=\" wp-image-200591 alignleft\" src=\"https:\/\/www.radiopiu.net\/wordpress\/wp-content\/uploads\/2021\/03\/ed290f40-7d29-4675-8cf9-0210b20495e7-300x169.jpg\" sizes=\"auto, (max-width: 300px) 100vw, 300px\" srcset=\"https:\/\/www.radiopiu.net\/wordpress\/wp-content\/uploads\/2021\/03\/ed290f40-7d29-4675-8cf9-0210b20495e7-300x169.jpg 300w, https:\/\/www.radiopiu.net\/wordpress\/wp-content\/uploads\/2021\/03\/ed290f40-7d29-4675-8cf9-0210b20495e7-1024x578.jpg 1024w, https:\/\/www.radiopiu.net\/wordpress\/wp-content\/uploads\/2021\/03\/ed290f40-7d29-4675-8cf9-0210b20495e7-768x434.jpg 768w, https:\/\/www.radiopiu.net\/wordpress\/wp-content\/uploads\/2021\/03\/ed290f40-7d29-4675-8cf9-0210b20495e7-1536x867.jpg 1536w, https:\/\/www.radiopiu.net\/wordpress\/wp-content\/uploads\/2021\/03\/ed290f40-7d29-4675-8cf9-0210b20495e7.jpg 1984w\" alt=\"\" width=\"160\" height=\"90\" \/><\/a>L\u2019AZIENDA AGORDO SERVIZI CERCA DUE PROFESSIONISTI<\/h3>\n<p><strong>AGORDO\u00a0<\/strong> E\u2019 stata indetta dall\u2019Azienda Speciale Agordo servizi \u00a0una selezione pubblica per la copertura di un posto a tempo determinato e pieno nel profilo di Educatore di Asilo Nido e di un operatore assistente\u00a0 che si prendano cura dei bambini e dei neonati nelle cure personali come lavarli, cambiarli, vestirli, aiutarli a mangiare, l\u2019educatore dovr\u00e0 avere capacit\u00e0 organizzativa nelle attivit\u00e0 e abilit\u00e0 nel formulare obiettivi, all\u2019assistente l\u2019azienda chiede tra l\u2019altro di coadiuvare il lavoro delle educatrici.\u00a0 Per informazioni e copia dell\u2019avviso di selezione gli interessati potranno rivolgersi all\u2019ufficio amministrativo Azienda Speciale al numero 0437 62564 L\u2019avviso di selezione \u00e8 pubblicato sul sito: https:\/\/agordofarmaciacomunale.it\/<\/p>\n<p>&nbsp;<\/p>\n<p>&nbsp;<\/p>\n<hr \/>\n<p>&nbsp;<\/p>\n<p>&nbsp;<\/p>\n<blockquote>\n<h3>SERVIZIO CIVILE UNIVERSALE: PROGETTO &#8220;TI ACCOMPAGNO IO &#8211; ART. 40 BELLUNO&#8221;<\/h3>\n<\/blockquote>\n<p><strong>BELLUNO<\/strong> E&#8217; stato pubblicato il bando per la selezione di 756 operatori volontari da impiegare in progetti di servizio civile per l\u2019accompagnamento dei grandi invalidi e dei ciechi civili presentati dagli Enti iscritti all\u2019Albo di Servizio civile universale. L`Unione Italiana dei Ciechi di Belluno \u00e8 pronta ad accogliere\u00a0 2 volontari.\u00a0 La domanda di partecipazione deve essere presentata, entro il 30 luglio 2021 esclusivamente attraverso la piattaforma all\u2019indirizzo https:\/\/domandaonline.serviziocivile.it<\/p>\n<p>&nbsp;<\/p>\n<p>&nbsp;<\/p>\n<hr \/>\n<p>&nbsp;<\/p>\n<blockquote>\n<h3>LA MESSA IN SUFFRAGIO DEI CADUTI CON IL CORO CORTINA<\/h3>\n<\/blockquote>\n<p><span style=\"font-family: verdana, sans-serif;\"><strong><img loading=\"lazy\" decoding=\"async\" class=\"alignleft\" src=\"https:\/\/www.radiopiu.net\/wordpress\/wp-content\/uploads\/2021\/07\/chiesetta-Madonna-della-croda-in-Lavaredo-credito-Dolomiti-comunnicazione-2019-scaled.jpg\" width=\"109\" height=\"70\" \/>AURONZO\u00a0<\/strong> Oggi alla chiesetta Madonna della Croda, nei pressi del rifugio Auronzo, verr\u00e0 celebrata una Santa Messa in suffragio dei caduti della montagna. La celebrazione avr\u00e0 inizio alle 10.30 e sar\u00e0 officiata dal vescovo emerito di Belluno-Feltre, monsignor Giuseppe Andrich. Sar\u00e0, inoltre, allietata dai canti del Coro Cortina. Una preghiera e un pensiero riconoscente andranno, tra gli altri, ad Ivano Pais Golin che recentemente ci ha lasciato dopo una breve malattia.<\/span><\/p>\n<p>&nbsp;<\/p>\n<p>&nbsp;<\/p>\n<hr \/>\n<blockquote>\n<h3><\/h3>\n<h3>IL GRUPPO ALPINI DI ALLEGHE COMPIE 90 ANNI, NOTE DI AUGURI CON LA FANFARA<\/h3>\n<\/blockquote>\n<p><a href=\"https:\/\/www.radiopiu.net\/wordpress\/il-gruppo-alpini-di-alleghe-compie-90-anni-note-di-auguri-con-la-fanfara\/fanfara-brigata-cadore_page-0001-1\/\" rel=\"attachment wp-att-219637\"><img loading=\"lazy\" decoding=\"async\" class=\" wp-image-219637 alignleft\" src=\"https:\/\/www.radiopiu.net\/wordpress\/wp-content\/uploads\/2021\/07\/FANFARA-BRIGATA-CADORE_page-0001-1-212x300.jpg\" alt=\"\" width=\"112\" height=\"158\" srcset=\"https:\/\/www.radiopiu.net\/wordpress\/wp-content\/uploads\/2021\/07\/FANFARA-BRIGATA-CADORE_page-0001-1-212x300.jpg 212w, https:\/\/www.radiopiu.net\/wordpress\/wp-content\/uploads\/2021\/07\/FANFARA-BRIGATA-CADORE_page-0001-1-724x1024.jpg 724w, https:\/\/www.radiopiu.net\/wordpress\/wp-content\/uploads\/2021\/07\/FANFARA-BRIGATA-CADORE_page-0001-1-768x1087.jpg 768w, https:\/\/www.radiopiu.net\/wordpress\/wp-content\/uploads\/2021\/07\/FANFARA-BRIGATA-CADORE_page-0001-1-1085x1536.jpg 1085w, https:\/\/www.radiopiu.net\/wordpress\/wp-content\/uploads\/2021\/07\/FANFARA-BRIGATA-CADORE_page-0001-1.jpg 1240w\" sizes=\"auto, (max-width: 112px) 100vw, 112px\" \/><\/a><strong>ALLEGHE<\/strong>\u00a0 Oggi alle 9 Raduno in piazza Kennedy e sfilata fino al monumento ai Caduti &#8211; Alzabandiera &#8211; Onore ai Caduti &#8211; Apposizione corona; Al termine, sfilata della Fanfara lungo Corso Italia fino alla partenza della cabinovia. Quindi la festa si sposta ai Piani di Pezz\u00e8, alle 11\u00a0 Raduno alla Chiesetta Alpina &#8211; Alzabandiera; \u00a0concerto della Fanfara davanti al Ristorante &#8220;La Grande Baita&#8221;; \u00a0Carosello della Fanfara; \u00a0Pranzo sotto il tendone.<\/p>\n<p><strong>203 AGORDINA &#8220;CHIUSA&#8221; PER 15 MINUTI, PASSA LA FANFARA<\/strong><\/p>\n<p>Oggi tra le 10 e le 11, per un periodo massimo di 15 minuti sospensione totale della circolazione per manifestazione alpina<\/p>\n<p>&nbsp;<\/p>\n<p>&nbsp;<\/p>\n<hr \/>\n<p>&nbsp;<\/p>\n<blockquote>\n<h3>IL CONCERTO OFFERTO DALLA FILARMONICA<\/h3>\n<\/blockquote>\n<p><strong><a href=\"https:\/\/www.radiopiu.net\/wordpress\/giornale-radiopiu-08-luglio-2021-direttore-mirko-mezzacasa\/filarmonica-x-carta-intestata\/\" rel=\"attachment wp-att-220534\"><img loading=\"lazy\" decoding=\"async\" class=\"size-medium wp-image-220534 alignleft\" src=\"https:\/\/www.radiopiu.net\/wordpress\/wp-content\/uploads\/2021\/07\/c388dd65-f33a-4b5b-a8a3-27f451ea4110-300x44.jpg\" sizes=\"auto, (max-width: 300px) 100vw, 300px\" srcset=\"https:\/\/www.radiopiu.net\/wordpress\/wp-content\/uploads\/2021\/07\/c388dd65-f33a-4b5b-a8a3-27f451ea4110-300x44.jpg 300w, https:\/\/www.radiopiu.net\/wordpress\/wp-content\/uploads\/2021\/07\/c388dd65-f33a-4b5b-a8a3-27f451ea4110.jpg 700w\" alt=\"\" width=\"300\" height=\"44\" \/><\/a>BELLUNO<\/strong>\u00a0La Filarmonica 1867 il 18 luglio nel Parco della Parrocchia di Cavarzano si esibir\u00e0 in un vasto repertorio che spazia dalla musica classica a brani originali per orchestra di fiati, dalle colonne sonore del grande cinema alla musica tradizionale. La seconda parte dello spettacolo sar\u00e0 dedicata a celebrare il 150\u00b0 anniversario dell\u2019Aida di Giuseppe Verdi. Dirigono i maestri Andrea Gasperin e Sandro De Marchi.\u00a0\u00a0<strong>Come partecipare?<\/strong>\u00a0\u00e8 obbligatorio il posto pre-assegnato anche per gli eventi all\u2019aperto. Per poter partecipare all\u2019evento \u00e8 quindi necessario prenotare il proprio posto tramite la piattaforma\u00a0<a href=\"https:\/\/bandabelluno.us15.list-manage.com\/track\/click?u=894cd617e4f50012757ef7e42&amp;id=082b65385a&amp;e=40f9faa4f0\">Eventbrite<\/a>. Per accedere clicca\u00a0<a href=\"https:\/\/bandabelluno.us15.list-manage.com\/track\/click?u=894cd617e4f50012757ef7e42&amp;id=cab85ca90a&amp;e=40f9faa4f0\">qui<\/a>.\u00a0 Altri appuntamenti:\u00a0<em>Concerto di gala offerto ai residenti e ai turisti dell\u2019Alpe del Nevegal il\u00a0<\/em>24 luglio ore 21 \u2013 Pertinenze esterne del Santuario; nei giorni 10 e 11 luglio masterclass di tromba tenuta dal docente Mirko Bellucco.<\/p>\n<p>&nbsp;<\/p>\n<hr \/>\n<p>&nbsp;<\/p>\n<blockquote>\n<div class=\"bi6gxh9e aov4n071\">\n<h2 class=\"gmql0nx0 l94mrbxd p1ri9a11 lzcic4wl d2edcug0 hpfvmrgz\" dir=\"auto\"><span class=\"d2edcug0 hpfvmrgz qv66sw1b c1et5uql lr9zc1uh a8c37x1j keod5gw0 nxhoafnm aigsh9s9 d3f4x2em fe6kdd0r mau55g9w c8b282yb iv3no6db jq4qci2q a3bd9o3v hnhda86s jdix4yx3 hzawbc8m\" dir=\"auto\">MERCOLED\u00cc 14 LUGLIO 2021 ALLE ORE <\/span>Cinema sotto le stelle Il Re Leone &#8211; Live action<\/h2>\n<\/div>\n<\/blockquote>\n<p><strong>SEDICO<\/strong> Ritornano gli appuntamenti al cinema con la Proloco di Sedico.\u00a0 Cinque serate\u00a0 anche con la possibilit\u00e0 di\u00a0 cenare presso lo stand in Villa aperto dalle\u00a0 19 e per ogni serata\u00a0 un men\u00f9 diverso<\/p>\n<a href=\"https:\/\/www.radiopiu.net\/wordpress\/wp-content\/uploads\/2021\/07\/Cinema-sotto-le-stelle-manif.pdf\" class=\"pdfemb-viewer\" style=\"\" data-width=\"max\" data-height=\"max\" data-toolbar=\"top\" data-toolbar-fixed=\"on\">Cinema sotto le stelle manif<\/a>\n<p>&nbsp;<\/p>\n<p>&nbsp;<\/p>\n<hr \/>\n<p>&nbsp;<\/p>\n<blockquote>\n<h3>RITORNA LA RASSEGNA MUSICALE &#8220;MUSICA NELL&#8217;AGORDINO&#8221;<\/h3>\n<\/blockquote>\n<p><strong><a href=\"https:\/\/www.radiopiu.net\/wordpress\/giornale-radiopiu-04-luglio-2021-direttore-mirko-mezzacasa\/img_0263\/\" rel=\"attachment wp-att-219710\"><img loading=\"lazy\" decoding=\"async\" class=\" wp-image-219710 alignleft\" src=\"https:\/\/www.radiopiu.net\/wordpress\/wp-content\/uploads\/2021\/07\/IMG_0263-300x225.jpg\" alt=\"\" width=\"212\" height=\"159\" srcset=\"https:\/\/www.radiopiu.net\/wordpress\/wp-content\/uploads\/2021\/07\/IMG_0263-300x225.jpg 300w, https:\/\/www.radiopiu.net\/wordpress\/wp-content\/uploads\/2021\/07\/IMG_0263-1024x768.jpg 1024w, https:\/\/www.radiopiu.net\/wordpress\/wp-content\/uploads\/2021\/07\/IMG_0263-768x576.jpg 768w, https:\/\/www.radiopiu.net\/wordpress\/wp-content\/uploads\/2021\/07\/IMG_0263-1536x1152.jpg 1536w, https:\/\/www.radiopiu.net\/wordpress\/wp-content\/uploads\/2021\/07\/IMG_0263-2048x1536.jpg 2048w\" sizes=\"auto, (max-width: 212px) 100vw, 212px\" \/><\/a>AGORDO<\/strong>\u00a0Dopo un\u2019anteprima on-line dal Durando, uno dei pi\u00f9 bei scorci di Agordo, che sar\u00e0 tramessa da RadioPi\u00f9 il 18 luglio alle 11 e disponibile sui social durante il mese di luglio, con ospiti Sandro Del Duca (flauti e voce) e Nelso Salton (contrabbasso e voce), la rassegna inizier\u00e0 il 31 luglio alle 20.30 a La Valle con il concerto \u201c<em>al<\/em>\u00a0<em>ka\u015b\u00e8lo<\/em>\u201d, cio\u00e8 nel vecchio caseificio ora trasformato nella nuova e accogliente Sala Valmassoni.<\/p>\n<p><strong>\u00a0DI GIANNI SANTOMASO<\/strong><\/p>\n<audio class=\"wp-audio-shortcode\" id=\"audio-221051-1\" preload=\"none\" style=\"width: 100%;\" controls=\"controls\"><source type=\"audio\/mpeg\" src=\"https:\/\/www.radiopiu.net\/wordpress\/wp-content\/uploads\/2021\/07\/GIANNI-MUSICA-AGORDINO.mp3?_=1\" \/><a href=\"https:\/\/www.radiopiu.net\/wordpress\/wp-content\/uploads\/2021\/07\/GIANNI-MUSICA-AGORDINO.mp3\">https:\/\/www.radiopiu.net\/wordpress\/wp-content\/uploads\/2021\/07\/GIANNI-MUSICA-AGORDINO.mp3<\/a><\/audio>\n<p>&nbsp;<\/p>\n<hr \/>\n<p>&nbsp;<\/p>\n<blockquote>\n<h3>MUSICA NEI CORTIVI A SAN GREGORIO NELLE ALPI<\/h3>\n<\/blockquote>\n<p><strong>SAN GREGORIO NELLE ALPI <\/strong>Nell\u2019ambito della rassegna \u201cMusica nei cortivi\u201d sabato 17 luglio alle 21.00 in Piazza Municipio a San Gregorio nelle Alpi si esibir\u00e0 in concerto la fisarmonicista Sabrina Salvestrin. Organizzazione a cura Consorzio Pro Loco Pedemontane Val Belluna e Pro Loco San Gregorio nelle Alpi. Ingresso libero.<\/p>\n<p>&nbsp;<\/p>\n<hr \/>\n<blockquote>\n<h3><\/h3>\n<h3>DOMANI A PALAZZO FULCIS CON ENRICO ZANISI<\/h3>\n<\/blockquote>\n<p><strong>BELLUNO <\/strong>Continua la rassegna Luglio Jazz! a Belluno, con l&#8217;acclamato e pluripremiato pianista Enrico Zanisi, ospite del Circolo Culturale Bellunese, domani, alle 18:00, Corte di Palazzo Fulcis, o, in caso di maltempo, al Teatro Comunale, situato a pochi passi di distanza. Prenotazione richiesta, presso Agenzia Alpe Bellunese: tel. 0437 940407, e-mail: info@alpebellunese.it. Si ricorda l&#8217;utilizzo della mascherina. Informazioni, programma completo di Luglio Jazz e note di sala sono sempre consultabili su: www.belcircolo.org.<\/p>\n<p>&nbsp;<\/p>\n<hr \/>\n<p>&nbsp;<\/p>\n<h3><strong><a href=\"https:\/\/www.radiopiu.net\/wordpress\/al-via-le-prenotazioni-per-il-concerto-la-mia-terra-con-roby-facchinetti\/6d2f3eca-51eb-475d-a53d-f8cc7852afd5\/\" rel=\"attachment wp-att-216089\"><img loading=\"lazy\" decoding=\"async\" class=\" wp-image-216089 alignleft\" src=\"https:\/\/www.radiopiu.net\/wordpress\/wp-content\/uploads\/2021\/06\/6d2f3eca-51eb-475d-a53d-f8cc7852afd5-300x300.jpg\" alt=\"\" width=\"114\" height=\"114\" srcset=\"https:\/\/www.radiopiu.net\/wordpress\/wp-content\/uploads\/2021\/06\/6d2f3eca-51eb-475d-a53d-f8cc7852afd5-300x300.jpg 300w, https:\/\/www.radiopiu.net\/wordpress\/wp-content\/uploads\/2021\/06\/6d2f3eca-51eb-475d-a53d-f8cc7852afd5-150x150.jpg 150w, https:\/\/www.radiopiu.net\/wordpress\/wp-content\/uploads\/2021\/06\/6d2f3eca-51eb-475d-a53d-f8cc7852afd5-768x768.jpg 768w, https:\/\/www.radiopiu.net\/wordpress\/wp-content\/uploads\/2021\/06\/6d2f3eca-51eb-475d-a53d-f8cc7852afd5.jpg 1024w\" sizes=\"auto, (max-width: 114px) 100vw, 114px\" \/><\/a><\/strong><em>Regione Veneto, Provincia di Belluno, Comune di Falcade, Pro Loco Falcade Caviola, PromoFalcade Dolomiti e Ski Area San Pellegrino.<\/em><\/h3>\n<p><strong>FALCADE <\/strong>\u00a0Diretti dal Maestro Diego Basso un centinaio di artisti tra musicisti e coristi dell\u2019Orchestra Ritmico Sinfonica Italiana e Le Voci di Art Voice Academy.\u00a0 L\u2019accesso all\u2019area del concerto e\u0300 raggiungibile solo su prenotazione, tramite il sito: <a href=\"https:\/\/www.falcadedolomiti.it\/falcade-e-il-concerto-la-mia-terra\/\">https:\/\/www.falcadedolomiti.it\/falcade-e-il-concerto-la-mia-terra\/\u00a0<\/a><\/p>\n<p>&nbsp;<\/p>\n<p>&nbsp;<\/p>\n<hr \/>\n<p>&nbsp;<\/p>\n<blockquote>\n<h2>&#8220;IL MILITE IGNOTO&#8221; IL 18 LUGLIO A BOSCHI DI CARTA<\/h2>\n<\/blockquote>\n<p><strong>BELLUNO<\/strong> Paola Zambelli autrice, nativa e residente a Belluno, laureata in Scienze della Formazione, recentemente a Ravenna premiata al concorso &#8220;letteratura per ragazzi&#8221;,\u00a0 il 18 luglio, in occasione della manifestazione \u201cBoschi di Carta\u201d a Pieve di Cadore, presenter\u00e0 il romanzo \u201cIl treno dell\u2019Ignoto. Il viaggio del Milite Ignoto\u201d, tratto proprio dal racconto vincitore del XIV Premio \u201cRighini Ricci\u201d di Conselice (RA).<\/p>\n<p>&nbsp;<\/p>\n<blockquote><p>&nbsp;<\/p><\/blockquote>\n<hr \/>\n<p>&nbsp;<\/p>\n<blockquote>\n<h3>RI-LEGGERE BUZZATTI, DOMENICA 18 LUGLIO IL PRIMO APPUNTAMENTO<\/h3>\n<\/blockquote>\n<p><strong>BELLUNO<\/strong> Nel cinquantesimo della scomparsa di Dino Buzzatti, i Lions Club delle Dolomiti vogliono celebrare l&#8217;amore per la montagna dello scrittore con una serie di appuntamenti nei luoghi che pi\u00f9 ha amato. Un ciclo di letture itinerante che partir\u00e0 domenica 18 luglio alle 18 da Poggio Pagnan a Zottier di Borgo Valbelluna dove Luisa Alchini, Loredana Borghetto e Mauro Viani\u00a0 del Centro Internazionale del libro parlato &#8220;Adriano Sernagiotto&#8221; leggeranno letture tratte da &#8220;L&#8217;uccisione del drago&#8221; e &#8220;L&#8217;amico Schiara&#8221;. Gli altri due appuntamenti in programma saranno ad Auronzo di Cadore, foresta di Somadida, il 1 agosto e a Tonadico il 21 agosto.<\/p>\n<p>&nbsp;<\/p>\n<p>&nbsp;<\/p>\n<hr \/>\n<p>&nbsp;<\/p>\n<blockquote>\n<h3>\u201cSOTTO UN CIELO DI STOFFA\u201d IL 10 LUGLIO A VILLA ALPAGO NOVELLO<\/h3>\n<\/blockquote>\n<p><strong><a href=\"https:\/\/www.radiopiu.net\/wordpress\/giornale-radiopiu-02-luglio-2021-direttore-mirko-mezzacasa\/corsi-alfabetizzazione-isp-afghanistan\/\" rel=\"attachment wp-att-219360\"><img loading=\"lazy\" decoding=\"async\" class=\" wp-image-219360 alignleft\" src=\"https:\/\/www.radiopiu.net\/wordpress\/wp-content\/uploads\/2021\/07\/corsi-alfabetizzazione-ISP-afghanistan-223x300.jpg\" alt=\"\" width=\"96\" height=\"129\" srcset=\"https:\/\/www.radiopiu.net\/wordpress\/wp-content\/uploads\/2021\/07\/corsi-alfabetizzazione-ISP-afghanistan-223x300.jpg 223w, https:\/\/www.radiopiu.net\/wordpress\/wp-content\/uploads\/2021\/07\/corsi-alfabetizzazione-ISP-afghanistan.jpg 657w\" sizes=\"auto, (max-width: 96px) 100vw, 96px\" \/><\/a>BELLUNO<\/strong> Oggi alle\u00a0 20.45 a Villa Alpago Novello (Frontin di Trichiana), si svolger\u00e0 il reading scenico \u201cSotto un cielo di stoffa\u201d, un\u2019emozionante serata tra parole e musica per raccontare storie di donne afghane e della loro quotidiana lotta per l\u2019emancipazione e la dignit\u00e0. Le storie, tratte dall\u2019omonimo libro di Cristina Cella arricchito dalle immagini di Carla Dazzi, saranno portate in scena dalle attrici Caterina Comingio, Marisa Del Ben e Alessandra Menis.\u00a0 Maggiori informazioni sul sito www.365giorni.org e sui canali sociali dell\u2019Associazione Insieme si pu\u00f2.<\/p>\n<p>&nbsp;<\/p>\n<p>&nbsp;<\/p>\n<hr \/>\n<div class=\"mkdf-post-text\">\n<div class=\"mkdf-post-text-inner\">\n<div class=\"mkdf-post-text-main\">\n<p>&nbsp;<\/p>\n<h3>Dalla Biblioteca di Cesiomaggiore<\/h3>\n<p><strong>CESIOMAGGIORE<\/strong> Il volume &#8220;I miracoli della Val Canzoi&#8221;,\u00a0 omaggio autentico e affettuoso di Giovanni Trimeri e GianAntonio Cecchin a Dino Buzzati,\u00a0 nel cinquantesimo anniversario dalla pubblicazione de I miracoli di Val Morel, sar\u00e0 presentato alla stampa venerdi 16 luglio in sala riunioni Biblioteca comunale di Cesiomaggiore (Via Roma), con l&#8217;occasione sar\u00e0 presentata altres\u00ec la mostra.<\/p>\n<p>&nbsp;<\/p>\n<p>&nbsp;<\/p>\n<hr \/>\n<p>&nbsp;<\/p>\n<blockquote>\n<h3>ESTATE AD ALLEGHE, GLI APPUNTAMENTI DEL CONSORZIO OPERATORI TURISTICI<\/h3>\n<\/blockquote>\n<a href=\"https:\/\/www.radiopiu.net\/wordpress\/wp-content\/uploads\/2021\/07\/Calendario-eventi-ESTATE-2021-Alleghe.pdf\" class=\"pdfemb-viewer\" style=\"\" data-width=\"max\" data-height=\"max\" data-toolbar=\"top\" data-toolbar-fixed=\"on\">Calendario eventi ESTATE 2021 Alleghe<\/a>\n<p>&nbsp;<\/p>\n<p>&nbsp;<\/p>\n<hr \/>\n<p>&nbsp;<\/p>\n<blockquote>\n<blockquote>\n<h2><a href=\"https:\/\/www.radiopiu.net\/wordpress\/speciale-solidarieta-veneto\/solidarieta-veneto-3\/\" rel=\"attachment wp-att-134366\"><img loading=\"lazy\" decoding=\"async\" class=\"wp-image-134366 alignleft\" src=\"https:\/\/www.radiopiu.net\/wordpress\/wp-content\/uploads\/2020\/05\/solidariet\u00e0-veneto-300x210.jpg\" alt=\"\" width=\"102\" height=\"71\" srcset=\"https:\/\/www.radiopiu.net\/wordpress\/wp-content\/uploads\/2020\/05\/solidariet\u00e0-veneto-300x210.jpg 300w, https:\/\/www.radiopiu.net\/wordpress\/wp-content\/uploads\/2020\/05\/solidariet\u00e0-veneto-1024x717.jpg 1024w, https:\/\/www.radiopiu.net\/wordpress\/wp-content\/uploads\/2020\/05\/solidariet\u00e0-veneto-768x538.jpg 768w, https:\/\/www.radiopiu.net\/wordpress\/wp-content\/uploads\/2020\/05\/solidariet\u00e0-veneto.jpg 1373w\" sizes=\"auto, (max-width: 102px) 100vw, 102px\" \/><\/a>SOLIDARIETA&#8217; VENETO FONDO PENSIONE, IN ONDA IL PRIMO VENERDI DEL MESE ALLE 10.30 E ALLE 19.00 QUINTA STAGIONE<\/h2>\n<\/blockquote>\n<h2><strong><span style=\"color: #ff0000;\">AUDIO LUGLIO 2021<\/span><\/strong><\/h2>\n<\/blockquote>\n<audio class=\"wp-audio-shortcode\" id=\"audio-221051-2\" preload=\"none\" style=\"width: 100%;\" controls=\"controls\"><source type=\"audio\/mpeg\" src=\"https:\/\/www.radiopiu.net\/wordpress\/wp-content\/uploads\/2021\/07\/solidarieta-veneto-luglio-2021.mp3?_=2\" \/><a href=\"https:\/\/www.radiopiu.net\/wordpress\/wp-content\/uploads\/2021\/07\/solidarieta-veneto-luglio-2021.mp3\">https:\/\/www.radiopiu.net\/wordpress\/wp-content\/uploads\/2021\/07\/solidarieta-veneto-luglio-2021.mp3<\/a><\/audio>\n<h2>LA RACCOLTA COMPLETA<\/h2>\n<blockquote class=\"wp-embedded-content\" data-secret=\"FSt55edpAC\"><p><a href=\"https:\/\/www.radiopiu.net\/wordpress\/solidarieta-veneto\/\">Solidariet\u00e0 Veneto<\/a><\/p><\/blockquote>\n<p><iframe loading=\"lazy\" class=\"wp-embedded-content\" sandbox=\"allow-scripts\" security=\"restricted\" style=\"position: absolute; clip: rect(1px, 1px, 1px, 1px);\" title=\"&#8220;Solidariet\u00e0 Veneto&#8221; &#8212; Radio Pi\u00f9\" src=\"https:\/\/www.radiopiu.net\/wordpress\/solidarieta-veneto\/embed\/#?secret=FSt55edpAC\" data-secret=\"FSt55edpAC\" width=\"600\" height=\"338\" frameborder=\"0\" marginwidth=\"0\" marginheight=\"0\" scrolling=\"no\"><\/iframe><\/p>\n<blockquote>\n<h2><\/h2>\n<\/blockquote>\n<p>&nbsp;<\/p>\n<hr \/>\n<p>&nbsp;<\/p>\n<h2><strong><span style=\"color: #ff0000;\">QUINDICINALE APPUNTAMENTO ALLA RADIO<\/span><\/strong><\/h2>\n<blockquote>\n<h3><a style=\"font-size: 14px; font-weight: normal;\" href=\"https:\/\/www.radiopiu.net\/wordpress\/giornale-radiopiu-06-febbraio-2019-direttore-mirko-mezzacasa\/logo_spi-cgil-800x445\/\" rel=\"attachment wp-att-75538\"><img loading=\"lazy\" decoding=\"async\" class=\"wp-image-75538 alignleft\" src=\"https:\/\/www.radiopiu.net\/wordpress\/wp-content\/uploads\/2019\/02\/Logo_Spi-CGIL-800x445-300x167.jpg\" alt=\"\" width=\"210\" height=\"117\" srcset=\"https:\/\/www.radiopiu.net\/wordpress\/wp-content\/uploads\/2019\/02\/Logo_Spi-CGIL-800x445-300x167.jpg 300w, https:\/\/www.radiopiu.net\/wordpress\/wp-content\/uploads\/2019\/02\/Logo_Spi-CGIL-800x445-768x427.jpg 768w, https:\/\/www.radiopiu.net\/wordpress\/wp-content\/uploads\/2019\/02\/Logo_Spi-CGIL-800x445.jpg 800w\" sizes=\"auto, (max-width: 210px) 100vw, 210px\" \/><\/a><\/h3>\n<\/blockquote>\n<blockquote>\n<h3>ALLA RADIO, APPUNTAMENTO QUINDICINALE CON SPI-CGIL BELLUNO, IN STUDIO MARIA RITA GENTILIN<\/h3>\n<\/blockquote>\n<p><strong>di Claudio Fontanive\u00a0<\/strong><\/p>\n<p><span style=\"color: #ff0000;\"><strong>PUNTATA DEL\u00a0 08 luglio 2021<br \/>\n<\/strong><\/span><\/p>\n<audio class=\"wp-audio-shortcode\" id=\"audio-221051-3\" preload=\"none\" style=\"width: 100%;\" controls=\"controls\"><source type=\"audio\/mpeg\" src=\"https:\/\/www.radiopiu.net\/wordpress\/wp-content\/uploads\/2021\/07\/spi-cgil-8-luglio.mp3?_=3\" \/><a href=\"https:\/\/www.radiopiu.net\/wordpress\/wp-content\/uploads\/2021\/07\/spi-cgil-8-luglio.mp3\">https:\/\/www.radiopiu.net\/wordpress\/wp-content\/uploads\/2021\/07\/spi-cgil-8-luglio.mp3<\/a><\/audio>\n<p><span style=\"color: #ff0000;\"><strong>\u00a0<\/strong><\/span><\/p>\n<p>&nbsp;<\/p>\n<h2><\/h2>\n<hr \/>\n<p>&nbsp;<\/p>\n<h2><span style=\"color: #800080;\"><a href=\"https:\/\/www.radiopiu.net\/wordpress\/laugurio-di-monsignor-giorgio-lise-agli-agordini\/don-giorgio-lise\/\" rel=\"attachment wp-att-177420\"><img loading=\"lazy\" decoding=\"async\" class=\"size-medium wp-image-177420 alignleft\" src=\"https:\/\/www.radiopiu.net\/wordpress\/wp-content\/uploads\/2020\/12\/DON-GIORGIO-LISE-300x169.jpg\" alt=\"\" width=\"300\" height=\"169\" srcset=\"https:\/\/www.radiopiu.net\/wordpress\/wp-content\/uploads\/2020\/12\/DON-GIORGIO-LISE-300x169.jpg 300w, https:\/\/www.radiopiu.net\/wordpress\/wp-content\/uploads\/2020\/12\/DON-GIORGIO-LISE-1024x577.jpg 1024w, https:\/\/www.radiopiu.net\/wordpress\/wp-content\/uploads\/2020\/12\/DON-GIORGIO-LISE-768x432.jpg 768w, https:\/\/www.radiopiu.net\/wordpress\/wp-content\/uploads\/2020\/12\/DON-GIORGIO-LISE-1536x865.jpg 1536w, https:\/\/www.radiopiu.net\/wordpress\/wp-content\/uploads\/2020\/12\/DON-GIORGIO-LISE.jpg 1600w\" sizes=\"auto, (max-width: 300px) 100vw, 300px\" \/><\/a>DUE MINUTI PER TE&#8230;CON DON GIORGIO LISE<\/span><\/h2>\n<audio class=\"wp-audio-shortcode\" id=\"audio-221051-4\" preload=\"none\" style=\"width: 100%;\" controls=\"controls\"><source type=\"audio\/mpeg\" src=\"https:\/\/www.radiopiu.net\/wordpress\/wp-content\/uploads\/2021\/07\/DON-GIORGIO.mp3?_=4\" \/><a href=\"https:\/\/www.radiopiu.net\/wordpress\/wp-content\/uploads\/2021\/07\/DON-GIORGIO.mp3\">https:\/\/www.radiopiu.net\/wordpress\/wp-content\/uploads\/2021\/07\/DON-GIORGIO.mp3<\/a><\/audio>\n<p>&nbsp;<\/p>\n<hr \/>\n<p>&nbsp;<\/p>\n<div>\n<div class=\"b654a4as d2edcug0\">\n<div class=\"rq0escxv hkbzh7o3 jwdofwj8 n8tt0mok r8blr3vg hyh9befq\">\n<p><a class=\"dt-pswp-item\" href=\"https:\/\/www.radiopiu.net\/wordpress\/wp-content\/uploads\/2020\/10\/pp.jpg\" data-dt-img-description=\"\" data-large_image_width=\"640\" data-large_image_height=\"640\"><img loading=\"lazy\" decoding=\"async\" class=\"wp-image-163678 alignleft\" src=\"https:\/\/www.radiopiu.net\/wordpress\/wp-content\/uploads\/2020\/10\/pp-300x300.jpg\" alt=\"\" width=\"106\" height=\"106\" srcset=\"https:\/\/www.radiopiu.net\/wordpress\/wp-content\/uploads\/2020\/10\/pp-300x300.jpg 300w, https:\/\/www.radiopiu.net\/wordpress\/wp-content\/uploads\/2020\/10\/pp-150x150.jpg 150w, https:\/\/www.radiopiu.net\/wordpress\/wp-content\/uploads\/2020\/10\/pp-125x125.jpg 125w, https:\/\/www.radiopiu.net\/wordpress\/wp-content\/uploads\/2020\/10\/pp-200x200.jpg 200w, https:\/\/www.radiopiu.net\/wordpress\/wp-content\/uploads\/2020\/10\/pp-80x80.jpg 80w, https:\/\/www.radiopiu.net\/wordpress\/wp-content\/uploads\/2020\/10\/pp-480x480.jpg 480w, https:\/\/www.radiopiu.net\/wordpress\/wp-content\/uploads\/2020\/10\/pp.jpg 640w\" sizes=\"auto, (max-width: 106px) 100vw, 106px\" \/><\/a><\/p>\n<\/div>\n<\/div>\n<\/div>\n<div>\n<div class=\"page-title-head hgroup\">\n<div class=\"page-title-head hgroup\">\n<div class=\"b654a4as d2edcug0\">\n<div class=\"j83agx80 btwxx1t3 lhclo0ds hop8lmos nkwizq5d scwd0bx6 roh60bw9\">\n<div class=\"rq0escxv hkbzh7o3 jwdofwj8 n8tt0mok r8blr3vg hyh9befq\">\n<div class=\"do00u71z l9j0dhe7 k4urcfbm\">\n<h2><span style=\"color: #000080;\">DON CESARE, IL PENSIERO DEL GIORNO. ALLA RADIO ALLE 7 DEL MATTINO E ALLE 19.30 DELLA SERA.\u00a0\u00a0<\/span><\/h2>\n<\/div>\n<\/div>\n<\/div>\n<div class=\"rq0escxv hkbzh7o3 jwdofwj8 n8tt0mok r8blr3vg hyh9befq\"><\/div>\n<div><\/div>\n<\/div>\n<\/div>\n<div class=\"page-title-head hgroup\">\n<audio class=\"wp-audio-shortcode\" id=\"audio-221051-5\" preload=\"none\" style=\"width: 100%;\" controls=\"controls\"><source type=\"audio\/mpeg\" src=\"https:\/\/www.radiopiu.net\/wordpress\/wp-content\/uploads\/2021\/07\/CESARE-6.mp3?_=5\" \/><a href=\"https:\/\/www.radiopiu.net\/wordpress\/wp-content\/uploads\/2021\/07\/CESARE-6.mp3\">https:\/\/www.radiopiu.net\/wordpress\/wp-content\/uploads\/2021\/07\/CESARE-6.mp3<\/a><\/audio>\n<p>&nbsp;<\/p>\n<hr \/>\n<p class=\"b654a4as d2edcug0\"><span style=\"color: #ff6600;\"> \u00a0<\/span><\/p>\n<h2><span style=\"color: #ff6600;\">GIROVAGANDO ALLA RADIO, PUNTATA 07<\/span><\/h2>\n<h3><a href=\"https:\/\/www.radiopiu.net\/wordpress\/girovagando-alla-radio-puntata-07\/7e5e6826-d6af-41e7-bc59-7e2850487c52\/\" rel=\"attachment wp-att-219806\"><img loading=\"lazy\" decoding=\"async\" class=\"size-medium wp-image-219806 alignleft\" src=\"https:\/\/www.radiopiu.net\/wordpress\/wp-content\/uploads\/2021\/07\/7e5e6826-d6af-41e7-bc59-7e2850487c52-300x150.jpg\" alt=\"\" width=\"300\" height=\"150\" srcset=\"https:\/\/www.radiopiu.net\/wordpress\/wp-content\/uploads\/2021\/07\/7e5e6826-d6af-41e7-bc59-7e2850487c52-300x150.jpg 300w, https:\/\/www.radiopiu.net\/wordpress\/wp-content\/uploads\/2021\/07\/7e5e6826-d6af-41e7-bc59-7e2850487c52-1024x512.jpg 1024w, https:\/\/www.radiopiu.net\/wordpress\/wp-content\/uploads\/2021\/07\/7e5e6826-d6af-41e7-bc59-7e2850487c52-768x384.jpg 768w, https:\/\/www.radiopiu.net\/wordpress\/wp-content\/uploads\/2021\/07\/7e5e6826-d6af-41e7-bc59-7e2850487c52-1536x768.jpg 1536w, https:\/\/www.radiopiu.net\/wordpress\/wp-content\/uploads\/2021\/07\/7e5e6826-d6af-41e7-bc59-7e2850487c52.jpg 1600w\" sizes=\"auto, (max-width: 300px) 100vw, 300px\" \/><\/a>Collaborazione Thomas Soppera<\/h3>\n<p>&nbsp;<\/p>\n<p>&nbsp;<\/p>\n<p>&nbsp;<\/p>\n<p>&nbsp;<\/p>\n<p><strong>AUDIO PUNTATA 05 Luglio 2021<\/strong><\/p>\n<audio class=\"wp-audio-shortcode\" id=\"audio-221051-6\" preload=\"none\" style=\"width: 100%;\" controls=\"controls\"><source type=\"audio\/mpeg\" src=\"https:\/\/www.radiopiu.net\/wordpress\/wp-content\/uploads\/2021\/07\/GIROVAGANDO-07.mp3?_=6\" \/><a href=\"https:\/\/www.radiopiu.net\/wordpress\/wp-content\/uploads\/2021\/07\/GIROVAGANDO-07.mp3\">https:\/\/www.radiopiu.net\/wordpress\/wp-content\/uploads\/2021\/07\/GIROVAGANDO-07.mp3<\/a><\/audio>\n<h2><span style=\"color: #ff0000;\">LA RACCOLTA COMPLETA\u00a0<\/span><\/h2>\n<blockquote class=\"wp-embedded-content\" data-secret=\"aRtKnZnXAt\"><p><a href=\"https:\/\/www.radiopiu.net\/wordpress\/girovagando-in-e-bike-tra-le-dolomiti\/\">GIROVAGANDO IN E BIKE TRA LE DOLOMITI<\/a><\/p><\/blockquote>\n<p><iframe loading=\"lazy\" class=\"wp-embedded-content\" sandbox=\"allow-scripts\" security=\"restricted\" style=\"position: absolute; clip: rect(1px, 1px, 1px, 1px);\" title=\"&#8220;GIROVAGANDO IN E BIKE TRA LE DOLOMITI&#8221; &#8212; Radio Pi\u00f9\" src=\"https:\/\/www.radiopiu.net\/wordpress\/girovagando-in-e-bike-tra-le-dolomiti\/embed\/#?secret=aRtKnZnXAt\" data-secret=\"aRtKnZnXAt\" width=\"600\" height=\"338\" frameborder=\"0\" marginwidth=\"0\" marginheight=\"0\" scrolling=\"no\"><\/iframe><\/p>\n<p>&nbsp;<\/p>\n<hr \/>\n<p>&nbsp;<\/p>\n<blockquote><p><span style=\"color: #ff0000;\">\u00a0ALLA RADIO LA SETTIMA PUNTATA\u00a0<\/span><\/p><\/blockquote>\n<audio class=\"wp-audio-shortcode\" id=\"audio-221051-7\" preload=\"none\" style=\"width: 100%;\" controls=\"controls\"><source type=\"audio\/mpeg\" src=\"https:\/\/www.radiopiu.net\/wordpress\/wp-content\/uploads\/2021\/07\/FATTO07_BLUESLAND_podcast_Blues_in_Sedici.mp3?_=7\" \/><a href=\"https:\/\/www.radiopiu.net\/wordpress\/wp-content\/uploads\/2021\/07\/FATTO07_BLUESLAND_podcast_Blues_in_Sedici.mp3\">https:\/\/www.radiopiu.net\/wordpress\/wp-content\/uploads\/2021\/07\/FATTO07_BLUESLAND_podcast_Blues_in_Sedici.mp3<\/a><\/audio>\n<blockquote class=\"wp-embedded-content\" data-secret=\"l0RM1PtAmF\"><p><a href=\"https:\/\/www.radiopiu.net\/wordpress\/da-ieri-alla-radio-in-palinsesto-loris-e-maurizio-con-la-grande-musica\/\">IL BLUES ALLA RADIO &#8230; COME NON L&#8217;AVETE MAI SENTITO PRIMA<\/a><\/p><\/blockquote>\n<p><iframe loading=\"lazy\" class=\"wp-embedded-content\" sandbox=\"allow-scripts\" security=\"restricted\" style=\"position: absolute; clip: rect(1px, 1px, 1px, 1px);\" title=\"&#8220;IL BLUES ALLA RADIO &#8230; COME NON L&#8217;AVETE MAI SENTITO PRIMA&#8221; &#8212; Radio Pi\u00f9\" src=\"https:\/\/www.radiopiu.net\/wordpress\/da-ieri-alla-radio-in-palinsesto-loris-e-maurizio-con-la-grande-musica\/embed\/#?secret=l0RM1PtAmF\" data-secret=\"l0RM1PtAmF\" width=\"600\" height=\"338\" frameborder=\"0\" marginwidth=\"0\" marginheight=\"0\" scrolling=\"no\"><\/iframe><\/p>\n<p>\u200b<\/p>\n<p>&nbsp;<\/p>\n<hr \/>\n<div>\n<div class=\"page-title-head hgroup\">\n<div class=\"page-title-head hgroup\">\n<div class=\"b654a4as d2edcug0\">\n<div>\n<p>&nbsp;<\/p>\n<\/div>\n<div><\/div>\n<h2>COLLAGE&#8230; DI LORIS SCUSSEL dal lunedi al venerdi alle 16 e alle 23 su RADIO PIU<\/h2>\n<div>\n<div>\n<div>\n<div>\n<div>\n<div>\n<div>\n<div>\n<div>\n<div>\n<div>\n<div>\n<p><strong>PUNTATA 385 DEL 9 luglio\u00a0 2021<\/strong><\/p>\n<\/div>\n<\/div>\n<\/div>\n<\/div>\n<\/div>\n<\/div>\n<\/div>\n<\/div>\n<\/div>\n<div>\n<div>\n<p>&nbsp;<\/p>\n<audio class=\"wp-audio-shortcode\" id=\"audio-221051-8\" preload=\"none\" style=\"width: 100%;\" controls=\"controls\"><source type=\"audio\/mpeg\" src=\"https:\/\/www.radiopiu.net\/wordpress\/wp-content\/uploads\/2021\/07\/Collage-384.mp3?_=8\" \/><a href=\"https:\/\/www.radiopiu.net\/wordpress\/wp-content\/uploads\/2021\/07\/Collage-384.mp3\">https:\/\/www.radiopiu.net\/wordpress\/wp-content\/uploads\/2021\/07\/Collage-384.mp3<\/a><\/audio>\n<p>&nbsp;<\/p>\n<\/div>\n<div>\n<div>\n<div>\n<div>\n<div>\n<div>\n<div>\n<div>\n<p><img loading=\"lazy\" decoding=\"async\" class=\"alignleft\" src=\"https:\/\/www.radiopiu.net\/wordpress\/wp-content\/uploads\/2021\/05\/Schermata-2021-05-23-alle-11.50.11.png\" width=\"186\" height=\"131\" \/>Il programma \u00e8 andato in onda da dicembre 2013 fino a luglio 2019, comprese le repliche, in due serie per 350 puntate complessive con 1.890 brani trasmessi. L\u2019obiettivo del programma: riproporre agli ascoltatori pi\u00f9 grandicelli le canzoni che ascoltavano nel passato e nello stesso tempo farle conoscere anche ai pi\u00f9 giovani.<\/p>\n<\/div>\n<\/div>\n<\/div>\n<\/div>\n<\/div>\n<\/div>\n<\/div>\n<\/div>\n<\/div>\n<div>\n<div>\n<div>\n<p>&nbsp;<\/p>\n<\/div>\n<\/div>\n<\/div>\n<\/div>\n<div>\n<p>&nbsp;<\/p>\n<\/div>\n<\/div>\n<div>\n<div>\n<div>\n<p>&nbsp;<\/p>\n<p>&nbsp;<\/p>\n<\/div>\n<\/div>\n<\/div>\n<\/div>\n<hr \/>\n<p>&nbsp;<\/p>\n<blockquote>\n<h2>FANTASTICHE DOLOMITI, NUOVA STAGIONE. APPUNTAMENTO QUINDICINALE IL GIOVEDI ALLE 10.30 E 19.00<\/h2>\n<\/blockquote>\n<blockquote class=\"wp-embedded-content\" data-secret=\"GJ8zDpKQRt\"><p><a href=\"https:\/\/www.radiopiu.net\/wordpress\/raccolta-completa11\/\">FANTASTICHE DOLOMITI LA RACCOLTA COMPLETA<\/a><\/p><\/blockquote>\n<p><iframe loading=\"lazy\" class=\"wp-embedded-content\" sandbox=\"allow-scripts\" security=\"restricted\" style=\"position: absolute; clip: rect(1px, 1px, 1px, 1px);\" title=\"&#8220;FANTASTICHE DOLOMITI LA RACCOLTA COMPLETA&#8221; &#8212; Radio Pi\u00f9\" src=\"https:\/\/www.radiopiu.net\/wordpress\/raccolta-completa11\/embed\/#?secret=GJ8zDpKQRt\" data-secret=\"GJ8zDpKQRt\" width=\"600\" height=\"338\" frameborder=\"0\" marginwidth=\"0\" marginheight=\"0\" scrolling=\"no\"><\/iframe><\/p>\n<p>&nbsp;<\/p>\n<p>&nbsp;<\/p>\n<hr \/>\n<div>\n<div class=\"b654a4as d2edcug0\">\n<div class=\"rq0escxv hkbzh7o3 jwdofwj8 n8tt0mok r8blr3vg hyh9befq\">\n<div class=\"b654a4as d2edcug0\">\n<h2><span style=\"color: #008000;\">\u00a0<\/span><\/h2>\n<div class=\"b654a4as d2edcug0\">\n<h2><span style=\"color: #008000;\">ERBE E PIANTE CURATIVE&#8230;IL\u00a0 PROGRAMMA DI PAOLA LANCIATO\u00a0\u00a0<\/span><\/h2>\n<p><strong><a href=\"https:\/\/www.radiopiu.net\/wordpress\/?attachment_id=219932\" rel=\"attachment wp-att-219932\"><img loading=\"lazy\" decoding=\"async\" class=\"wp-image-219932 alignleft\" src=\"https:\/\/www.radiopiu.net\/wordpress\/wp-content\/uploads\/2021\/07\/salvia-300x288.jpg\" alt=\"\" width=\"75\" height=\"72\" srcset=\"https:\/\/www.radiopiu.net\/wordpress\/wp-content\/uploads\/2021\/07\/salvia-300x288.jpg 300w, https:\/\/www.radiopiu.net\/wordpress\/wp-content\/uploads\/2021\/07\/salvia-768x736.jpg 768w, https:\/\/www.radiopiu.net\/wordpress\/wp-content\/uploads\/2021\/07\/salvia.jpg 773w\" sizes=\"auto, (max-width: 75px) 100vw, 75px\" \/><\/a>LA SALVIA\u00a0<\/strong><\/p>\n<audio class=\"wp-audio-shortcode\" id=\"audio-221051-9\" preload=\"none\" style=\"width: 100%;\" controls=\"controls\"><source type=\"audio\/mpeg\" src=\"https:\/\/www.radiopiu.net\/wordpress\/wp-content\/uploads\/2021\/07\/21-La-salvia-M.mp3?_=9\" \/><a href=\"https:\/\/www.radiopiu.net\/wordpress\/wp-content\/uploads\/2021\/07\/21-La-salvia-M.mp3\">https:\/\/www.radiopiu.net\/wordpress\/wp-content\/uploads\/2021\/07\/21-La-salvia-M.mp3<\/a><\/audio>\n<\/div>\n<blockquote class=\"wp-embedded-content\" data-secret=\"QMDR0iKKqp\"><p><a href=\"https:\/\/www.radiopiu.net\/wordpress\/erbe-e-piante-curative-il-mandorlo\/\">L\u2019ERBA VOGLIO DEL GIARDINO DEL RE\u2026 ERBE, FIORI E PIANTE DI E CON PAOLA LANCIATO<\/a><\/p><\/blockquote>\n<p><iframe loading=\"lazy\" class=\"wp-embedded-content\" sandbox=\"allow-scripts\" security=\"restricted\" style=\"position: absolute; clip: rect(1px, 1px, 1px, 1px);\" title=\"&#8220;L\u2019ERBA VOGLIO DEL GIARDINO DEL RE\u2026 ERBE, FIORI E PIANTE DI E CON PAOLA LANCIATO&#8221; &#8212; Radio Pi\u00f9\" src=\"https:\/\/www.radiopiu.net\/wordpress\/erbe-e-piante-curative-il-mandorlo\/embed\/#?secret=QMDR0iKKqp\" data-secret=\"QMDR0iKKqp\" width=\"600\" height=\"338\" frameborder=\"0\" marginwidth=\"0\" marginheight=\"0\" scrolling=\"no\"><\/iframe><\/p>\n<p>&nbsp;<\/p>\n<\/div>\n<\/div>\n<\/div>\n<\/div>\n<p>&nbsp;<\/p>\n<hr \/>\n<p>&nbsp;<\/p>\n<div>\n<h2><span style=\"color: #ff0000;\"><strong>IN VIVO VERSO 2020-21 ESTATE, RIASCOLTIAMOLI&#8230; DAL CASSETTO DEI RICORDI DI RADIO PIU&#8217;&#8230; LE PRIME\u00a0 SEI STAGIONI\u00a0 \u00a0<\/strong><\/span><\/h2>\n<div class=\"page-title-head hgroup\">\n<div class=\"page-title-head hgroup\">\n<div class=\"page-title-head hgroup\">\n<div class=\"page-title-head hgroup\">\n<div class=\"page-title-head hgroup\">\n<div class=\"page-title-head hgroup\">\n<blockquote>\n<h3>riascoltiamole OGGI E&#8217; UNA BELLA GIORNATA di ROBERTO TOTARO<\/h3>\n<p><strong>AUDIO\u00a0<\/strong><\/p>\n<audio class=\"wp-audio-shortcode\" id=\"audio-221051-10\" preload=\"none\" style=\"width: 100%;\" controls=\"controls\"><source type=\"audio\/mpeg\" src=\"https:\/\/www.radiopiu.net\/wordpress\/wp-content\/uploads\/2021\/07\/VIVO-VERSO-VEN.mp3?_=10\" \/><a href=\"https:\/\/www.radiopiu.net\/wordpress\/wp-content\/uploads\/2021\/07\/VIVO-VERSO-VEN.mp3\">https:\/\/www.radiopiu.net\/wordpress\/wp-content\/uploads\/2021\/07\/VIVO-VERSO-VEN.mp3<\/a><\/audio>\n<p><strong>LA RACCOLTA COMPLETA<\/strong><\/p><\/blockquote>\n<\/div>\n<\/div>\n<\/div>\n<\/div>\n<\/div>\n<\/div>\n<blockquote class=\"wp-embedded-content\" data-secret=\"BGYJ3sIHXk\"><p><a href=\"https:\/\/www.radiopiu.net\/wordpress\/in-vivo-verso\/\">In Vivo Verso<\/a><\/p><\/blockquote>\n<p><iframe loading=\"lazy\" class=\"wp-embedded-content\" sandbox=\"allow-scripts\" security=\"restricted\" style=\"position: absolute; clip: rect(1px, 1px, 1px, 1px);\" title=\"&#8220;In Vivo Verso&#8221; &#8212; Radio Pi\u00f9\" src=\"https:\/\/www.radiopiu.net\/wordpress\/in-vivo-verso\/embed\/#?secret=BGYJ3sIHXk\" data-secret=\"BGYJ3sIHXk\" width=\"600\" height=\"338\" frameborder=\"0\" marginwidth=\"0\" marginheight=\"0\" scrolling=\"no\"><\/iframe><\/p>\n<p>&nbsp;<\/p>\n<hr \/>\n<\/div>\n<blockquote>\n<blockquote>\n<h2><\/h2>\n<\/blockquote>\n<\/blockquote>\n<div>\n<div class=\"b654a4as d2edcug0\">\n<div class=\"rq0escxv hkbzh7o3 jwdofwj8 n8tt0mok r8blr3vg hyh9befq\">\n<blockquote>\n<h2><span style=\"color: #ff0000;\"><em>ZAINO ALLA RADIO&#8230;ESTATE DI PAOLA LANCIATO TUTTI I GIORNI dal lunedi al venerdi ALLE 14 E 23.30\u00a0 \u00a0<\/em><\/span><\/h2>\n<\/blockquote>\n<div class=\"b654a4as d2edcug0\">\n<blockquote>\n<h2>CON PAOLA LANCIATO, INIZIA IL VIAGGIO VERSO LA FRANCIACORTA<\/h2>\n<\/blockquote>\n<p><strong>AUDIO<\/strong><\/p>\n<audio class=\"wp-audio-shortcode\" id=\"audio-221051-11\" preload=\"none\" style=\"width: 100%;\" controls=\"controls\"><source type=\"audio\/mpeg\" src=\"https:\/\/www.radiopiu.net\/wordpress\/wp-content\/uploads\/2021\/07\/45-La-Franciacorta-M.mp3?_=11\" \/><a href=\"https:\/\/www.radiopiu.net\/wordpress\/wp-content\/uploads\/2021\/07\/45-La-Franciacorta-M.mp3\">https:\/\/www.radiopiu.net\/wordpress\/wp-content\/uploads\/2021\/07\/45-La-Franciacorta-M.mp3<\/a><\/audio>\n<p><img loading=\"lazy\" decoding=\"async\" class=\"\" src=\"https:\/\/www.radiopiu.net\/wordpress\/wp-content\/uploads\/2021\/07\/45.jpg\" width=\"192\" height=\"128\" \/><\/p>\n<p>&nbsp;<\/p>\n<p><strong>LA RACCOLTA COMPLETA<\/strong><\/p>\n<\/div>\n<blockquote class=\"wp-embedded-content\" data-secret=\"cDrhxEp6Jr\"><p><a href=\"https:\/\/www.radiopiu.net\/wordpress\/zaino-femminile-lanciato\/\">Zaino da viaggio al femminile<\/a><\/p><\/blockquote>\n<p><iframe loading=\"lazy\" class=\"wp-embedded-content\" sandbox=\"allow-scripts\" security=\"restricted\" style=\"position: absolute; clip: rect(1px, 1px, 1px, 1px);\" title=\"&#8220;Zaino da viaggio al femminile&#8221; &#8212; Radio Pi\u00f9\" src=\"https:\/\/www.radiopiu.net\/wordpress\/zaino-femminile-lanciato\/embed\/#?secret=cDrhxEp6Jr\" data-secret=\"cDrhxEp6Jr\" width=\"600\" height=\"338\" frameborder=\"0\" marginwidth=\"0\" marginheight=\"0\" scrolling=\"no\"><\/iframe><\/p>\n<p>&nbsp;<\/p>\n<\/div>\n<\/div>\n<\/div>\n<hr \/>\n<p>&nbsp;<\/p>\n<div>\n<h2><span style=\"color: #800080;\"><strong>LA RASSEGNA STAMPA DA L&#8217;AMICO DEL POPOLO\u00a0<\/strong><\/span><\/h2>\n<h3 class=\"kvgmc6g5 cxmmr5t8 oygrvhab hcukyx3x c1et5uql\"><span style=\"color: #0000ff;\"> INFORMAZIONE il canale su TELEGRAM informazione di prima mano e in tempo reale. iscriviti ed aiutaci a farlo conoscere\u00a0\u00a0<\/span><\/h3>\n<p>&nbsp;<\/p>\n<hr \/>\n<p>&nbsp;<\/p>\n<h2><span style=\"color: #3366ff;\">SALUTE E SOCIETA&#8217;<\/span><\/h2>\n<p><strong>LA PUNTATA DELLA SETTIMANA del 05 LUGLIO<\/strong><\/p>\n<\/div>\n<div dir=\"auto\">\n<p><img loading=\"lazy\" decoding=\"async\" class=\"size-medium wp-image-219969 alignleft\" src=\"https:\/\/www.radiopiu.net\/wordpress\/wp-content\/uploads\/2021\/07\/6c77b7ed-94b7-9355-3e85-090f2ae17079-300x169.png\" alt=\"\" width=\"300\" height=\"169\" srcset=\"https:\/\/www.radiopiu.net\/wordpress\/wp-content\/uploads\/2021\/07\/6c77b7ed-94b7-9355-3e85-090f2ae17079-300x169.png 300w, https:\/\/www.radiopiu.net\/wordpress\/wp-content\/uploads\/2021\/07\/6c77b7ed-94b7-9355-3e85-090f2ae17079-1024x576.png 1024w, https:\/\/www.radiopiu.net\/wordpress\/wp-content\/uploads\/2021\/07\/6c77b7ed-94b7-9355-3e85-090f2ae17079-768x432.png 768w, https:\/\/www.radiopiu.net\/wordpress\/wp-content\/uploads\/2021\/07\/6c77b7ed-94b7-9355-3e85-090f2ae17079.png 1280w\" sizes=\"auto, (max-width: 300px) 100vw, 300px\" \/><span style=\"color: #111111;\">La dieta chetogenica si basa sulla riduzione dei carboidrati alimentari, questa carenza obbliga l\u2019organismo a produrre autonomamente il glucosio necessario alla sopravvivenza e ad aumentare il consumo dei grassi contenuti nel tessuto adiposo. <\/span>Abbiamo approfondito l\u2019argomento con Giovanni Spera, Professore di Medicina Interna ed Endocrinologia -Sapienza Universit\u00e0 di Roma, Presidente eletto della Societ\u00e0 Italiana per lo Studio dei Distrbi del Comportamenti Alimentare e dell\u2019Obesit\u00e0<\/p>\n<audio class=\"wp-audio-shortcode\" id=\"audio-221051-12\" preload=\"none\" style=\"width: 100%;\" controls=\"controls\"><source type=\"audio\/mpeg\" src=\"https:\/\/www.radiopiu.net\/wordpress\/wp-content\/uploads\/2021\/07\/SALUTE.mp3?_=12\" \/><a href=\"https:\/\/www.radiopiu.net\/wordpress\/wp-content\/uploads\/2021\/07\/SALUTE.mp3\">https:\/\/www.radiopiu.net\/wordpress\/wp-content\/uploads\/2021\/07\/SALUTE.mp3<\/a><\/audio>\n<p><strong>LA RACCOLTA COMPLETA<\/strong><\/p>\n<blockquote class=\"wp-embedded-content\" data-secret=\"oUIsgQx7Qe\"><p><a href=\"https:\/\/www.radiopiu.net\/wordpress\/saluteesocieta\/\">Salute e Societ\u00e0<\/a><\/p><\/blockquote>\n<p><iframe loading=\"lazy\" class=\"wp-embedded-content\" sandbox=\"allow-scripts\" security=\"restricted\" style=\"position: absolute; clip: rect(1px, 1px, 1px, 1px);\" title=\"&#8220;Salute e Societ\u00e0&#8221; &#8212; Radio Pi\u00f9\" src=\"https:\/\/www.radiopiu.net\/wordpress\/saluteesocieta\/embed\/#?secret=oUIsgQx7Qe\" data-secret=\"oUIsgQx7Qe\" width=\"600\" height=\"338\" frameborder=\"0\" marginwidth=\"0\" marginheight=\"0\" scrolling=\"no\"><\/iframe><\/p>\n<\/div>\n<div dir=\"auto\">\n<h1><\/h1>\n<\/div>\n<div>\n<div class=\"page-title-head hgroup\">\n<div class=\"page-title-head hgroup\">\n<div class=\"page-title-head hgroup\">\n<div>\n<div class=\"b654a4as d2edcug0\">\n<div class=\"rq0escxv hkbzh7o3 jwdofwj8 n8tt0mok r8blr3vg hyh9befq\">\n<hr \/>\n<\/div>\n<\/div>\n<\/div>\n<div>\n<div class=\"page-title-head hgroup\">\n<div class=\"page-title-head hgroup\">\n<div>\n<div class=\"b654a4as d2edcug0\">\n<p>&nbsp;<\/p>\n<blockquote>\n<h3><img loading=\"lazy\" decoding=\"async\" class=\"alignleft\" src=\"https:\/\/www.radiopiu.net\/wordpress\/wp-content\/uploads\/2021\/06\/fresh-flower-leaves-saffron-white-background-place-your-text-use-saffron-spice-cooking-cosmetology_347372-394.jpeg\" width=\"141\" height=\"94\" \/>L&#8217;ALMANACCO LADINO CON L&#8217;ISTITUT CESA DE JAN QUINDICINALE APPUNTAMENTO. LA DOMENICA ALLE 9 IL LUNEDI ALLE 8.35 IL MARTEDI ALLE 12.35 IL MERCOLEDI ALLE 18.35. SECONDA STAGIONE.<\/h3>\n<p><strong>PUNTATA DEL 05 LUGLIO<\/strong><\/p><\/blockquote>\n<audio class=\"wp-audio-shortcode\" id=\"audio-221051-13\" preload=\"none\" style=\"width: 100%;\" controls=\"controls\"><source type=\"audio\/mpeg\" src=\"https:\/\/www.radiopiu.net\/wordpress\/wp-content\/uploads\/2021\/07\/62\u00b0Almanacco-Ladino_Fodom.mp3?_=13\" \/><a href=\"https:\/\/www.radiopiu.net\/wordpress\/wp-content\/uploads\/2021\/07\/62\u00b0Almanacco-Ladino_Fodom.mp3\">https:\/\/www.radiopiu.net\/wordpress\/wp-content\/uploads\/2021\/07\/62\u00b0Almanacco-Ladino_Fodom.mp3<\/a><\/audio>\n<p><strong>RACCOLTA COMPLETA\u00a0<\/strong><\/p>\n<blockquote class=\"wp-embedded-content\" data-secret=\"YYaj37uTbu\"><p><a href=\"https:\/\/www.radiopiu.net\/wordpress\/almanacco-ladino\/\">Almanacco Ladino<\/a><\/p><\/blockquote>\n<p><iframe loading=\"lazy\" class=\"wp-embedded-content\" sandbox=\"allow-scripts\" security=\"restricted\" style=\"position: absolute; clip: rect(1px, 1px, 1px, 1px);\" title=\"&#8220;Almanacco Ladino&#8221; &#8212; Radio Pi\u00f9\" src=\"https:\/\/www.radiopiu.net\/wordpress\/almanacco-ladino\/embed\/#?secret=YYaj37uTbu\" data-secret=\"YYaj37uTbu\" width=\"600\" height=\"338\" frameborder=\"0\" marginwidth=\"0\" marginheight=\"0\" scrolling=\"no\"><\/iframe><\/p>\n<div dir=\"auto\"><\/div>\n<\/div>\n<div>\n<p>&nbsp;<\/p>\n<hr \/>\n<h2><span style=\"color: #808000;\">DUE MINUTI UN LIBRO\u00a0 TUTTI I GIORNI ALLA RADIO ALLE 9.30 E ALLE 18. QUINTA STAGIONE\u00a0<\/span><\/h2>\n<p>&nbsp;<\/p>\n<\/div>\n<div>\n<p><strong>LA RACCOLTA COMPLETA\u00a0\u00a0<\/strong><\/p>\n<blockquote class=\"wp-embedded-content\" data-secret=\"txsJlL7bIl\"><p><a href=\"https:\/\/www.radiopiu.net\/wordpress\/due-minuti-un-libro\/\">Due minuti un libro<\/a><\/p><\/blockquote>\n<p><iframe loading=\"lazy\" class=\"wp-embedded-content\" sandbox=\"allow-scripts\" security=\"restricted\" style=\"position: absolute; clip: rect(1px, 1px, 1px, 1px);\" title=\"&#8220;Due minuti un libro&#8221; &#8212; Radio Pi\u00f9\" src=\"https:\/\/www.radiopiu.net\/wordpress\/due-minuti-un-libro\/embed\/#?secret=txsJlL7bIl\" data-secret=\"txsJlL7bIl\" width=\"600\" height=\"338\" frameborder=\"0\" marginwidth=\"0\" marginheight=\"0\" scrolling=\"no\"><\/iframe><\/p>\n<p>&nbsp;<\/p>\n<hr \/>\n<p>\u200b<\/p>\n<div>\n<h2><span style=\"color: #33cccc;\">I RACCONTI DI PAOLO SOPPELSA il lunedi alle 9.30 e 18.30<\/span><\/h2>\n<p><span style=\"color: #0000ff;\">INFORMAZIONE il canale su TELEGRAM informazione di prima mano e in tempo reale. iscriviti ed aiutaci a farlo conoscere\u00a0\u00a0<\/span><\/p>\n<blockquote class=\"wp-embedded-content\" data-secret=\"sP99ec0z5G\"><p><a href=\"https:\/\/www.radiopiu.net\/wordpress\/i-racconti-di-paolo-soppelsa-ottantaduesima-puntata\/\">I RACCONTI DI PAOLO SOPPELSA OTTANTADUESIMA PUNTATA<\/a><\/p><\/blockquote>\n<p><iframe loading=\"lazy\" class=\"wp-embedded-content\" sandbox=\"allow-scripts\" security=\"restricted\" style=\"position: absolute; clip: rect(1px, 1px, 1px, 1px);\" title=\"&#8220;I RACCONTI DI PAOLO SOPPELSA OTTANTADUESIMA PUNTATA&#8221; &#8212; Radio Pi\u00f9\" src=\"https:\/\/www.radiopiu.net\/wordpress\/i-racconti-di-paolo-soppelsa-ottantaduesima-puntata\/embed\/#?secret=sP99ec0z5G\" data-secret=\"sP99ec0z5G\" width=\"600\" height=\"338\" frameborder=\"0\" marginwidth=\"0\" marginheight=\"0\" scrolling=\"no\"><\/iframe><\/p>\n<p>&nbsp;<\/p>\n<blockquote class=\"wp-embedded-content\" data-secret=\"tnodwIKDf2\"><p><a href=\"https:\/\/www.radiopiu.net\/wordpress\/i-racconti-di-paolo-soppelsa\/\">I racconti di Paolo Soppelsa<\/a><\/p><\/blockquote>\n<p><iframe loading=\"lazy\" class=\"wp-embedded-content\" sandbox=\"allow-scripts\" security=\"restricted\" style=\"position: absolute; clip: rect(1px, 1px, 1px, 1px);\" title=\"&#8220;I racconti di Paolo Soppelsa&#8221; &#8212; Radio Pi\u00f9\" src=\"https:\/\/www.radiopiu.net\/wordpress\/i-racconti-di-paolo-soppelsa\/embed\/#?secret=tnodwIKDf2\" data-secret=\"tnodwIKDf2\" width=\"600\" height=\"338\" frameborder=\"0\" marginwidth=\"0\" marginheight=\"0\" scrolling=\"no\"><\/iframe><\/p>\n<p>&nbsp;<\/p>\n<\/div>\n<\/div>\n<hr \/>\n<p>&nbsp;<\/p>\n<h2><strong><span style=\"color: #ff0000;\">ALLA RADIO<\/span><\/strong><\/h2>\n<div data-offset-key=\"5n5nl-0-0\">\n<h3>Per ricevere gli aggiornamenti in tempo reale delle notizie pubblicate alla radio e sul sito di radio pi\u00f9 iscriviti al gruppo RADIO PIU INFORMAZIONE su Telegram.\u00a0\u00a0<a href=\"https:\/\/t.me\/radiopiu\">clicca qui<\/a><\/h3>\n<p>&nbsp;<\/p>\n<\/div>\n<blockquote><p><strong><a href=\"https:\/\/www.radiopiu.net\/wordpress\/cassa-solidarieta-luxottica-puntata-del-19-giugno-2020\/cslxo-2\/\" rel=\"attachment wp-att-145244\"><img loading=\"lazy\" decoding=\"async\" class=\"size-medium wp-image-145244 alignleft\" src=\"https:\/\/www.radiopiu.net\/wordpress\/wp-content\/uploads\/2020\/06\/cassa-solidarieta-luxottica-300x148.jpg\" alt=\"\" width=\"300\" height=\"148\" srcset=\"https:\/\/www.radiopiu.net\/wordpress\/wp-content\/uploads\/2020\/06\/cassa-solidarieta-luxottica-300x148.jpg 300w, https:\/\/www.radiopiu.net\/wordpress\/wp-content\/uploads\/2020\/06\/cassa-solidarieta-luxottica-1024x504.jpg 1024w, https:\/\/www.radiopiu.net\/wordpress\/wp-content\/uploads\/2020\/06\/cassa-solidarieta-luxottica-768x378.jpg 768w, https:\/\/www.radiopiu.net\/wordpress\/wp-content\/uploads\/2020\/06\/cassa-solidarieta-luxottica.jpg 1167w\" sizes=\"auto, (max-width: 300px) 100vw, 300px\" \/><\/a>di Claudio Fontanive<\/strong><\/p>\n<p>OSPITI: Paolo Chissal\u00e8 e Fabrizio Campedel<\/p>\n<p>&nbsp;<\/p>\n<p>&nbsp;<\/p><\/blockquote>\n<h2><\/h2>\n<blockquote class=\"wp-embedded-content\" data-secret=\"h6jMJV36ZB\"><p><a href=\"https:\/\/www.radiopiu.net\/wordpress\/cassa-solidarieta-luxottica-puntata-del-16-ottobre-2020\/\">CASSA SOLIDARIET\u00c0 LUXOTTICA &#8211; TUTTE LE PUNTATE<\/a><\/p><\/blockquote>\n<p><iframe loading=\"lazy\" class=\"wp-embedded-content\" sandbox=\"allow-scripts\" security=\"restricted\" style=\"position: absolute; clip: rect(1px, 1px, 1px, 1px);\" title=\"&#8220;CASSA SOLIDARIET\u00c0 LUXOTTICA &#8211; TUTTE LE PUNTATE&#8221; &#8212; Radio Pi\u00f9\" src=\"https:\/\/www.radiopiu.net\/wordpress\/cassa-solidarieta-luxottica-puntata-del-16-ottobre-2020\/embed\/#?secret=h6jMJV36ZB\" data-secret=\"h6jMJV36ZB\" width=\"600\" height=\"338\" frameborder=\"0\" marginwidth=\"0\" marginheight=\"0\" scrolling=\"no\"><\/iframe><\/p>\n<div>\n<p>&nbsp;<\/p>\n<\/div>\n<\/div>\n<div class=\"page-title-head hgroup\">\n<div>\n<div class=\"b654a4as d2edcug0\">\n<hr \/>\n<\/div>\n<\/div>\n<p>&nbsp;<\/p>\n<p><a href=\"https:\/\/www.radiopiu.net\/wordpress\/giornale-radiopiu-26-settembre-2018-direttore-mirko-mezzacasa\/viabilita-2\/\" rel=\"attachment wp-att-61954\"><img loading=\"lazy\" decoding=\"async\" class=\"wp-image-61954 size-full aligncenter\" src=\"https:\/\/www.radiopiu.net\/wordpress\/wp-content\/uploads\/2018\/09\/viabilita.jpeg\" alt=\"\" width=\"800\" height=\"100\" srcset=\"https:\/\/www.radiopiu.net\/wordpress\/wp-content\/uploads\/2018\/09\/viabilita.jpeg 800w, https:\/\/www.radiopiu.net\/wordpress\/wp-content\/uploads\/2018\/09\/viabilita-300x38.jpeg 300w, https:\/\/www.radiopiu.net\/wordpress\/wp-content\/uploads\/2018\/09\/viabilita-768x96.jpeg 768w\" sizes=\"auto, (max-width: 800px) 100vw, 800px\" \/><\/a><\/p>\n<blockquote><p><a href=\"https:\/\/www.radiopiu.net\/wordpress\/giornale-radiopiu-09-agosto-2018-direttore-mirko-mezzacasa\/viabilia\/\" rel=\"attachment wp-att-57053\"><img loading=\"lazy\" decoding=\"async\" class=\" wp-image-57053 alignleft\" src=\"https:\/\/www.radiopiu.net\/wordpress\/wp-content\/uploads\/2018\/08\/VIABILIA-300x180.jpeg\" alt=\"\" width=\"220\" height=\"132\" srcset=\"https:\/\/www.radiopiu.net\/wordpress\/wp-content\/uploads\/2018\/08\/VIABILIA-300x180.jpeg 300w, https:\/\/www.radiopiu.net\/wordpress\/wp-content\/uploads\/2018\/08\/VIABILIA-768x461.jpeg 768w, https:\/\/www.radiopiu.net\/wordpress\/wp-content\/uploads\/2018\/08\/VIABILIA-1024x614.jpeg 1024w, https:\/\/www.radiopiu.net\/wordpress\/wp-content\/uploads\/2018\/08\/VIABILIA.jpeg 1280w\" sizes=\"auto, (max-width: 220px) 100vw, 220px\" \/><\/a><\/p><\/blockquote>\n<\/div>\n<\/div>\n<\/div>\n<\/div>\n<\/div>\n<\/div>\n<\/div>\n<\/div>\n<div>\n<div>\n<div class=\"page-title-head hgroup\">\n<div class=\"page-title-head hgroup\">\n<div class=\"page-title-head hgroup\">\n<div class=\"page-title-head hgroup\">\n<div class=\"page-title-head hgroup\">\n<div class=\"page-title-head hgroup\">\n<blockquote><p>La viabilit\u00e0 con gli ultimi aggiornamenti<\/p><\/blockquote>\n<\/div>\n<\/div>\n<\/div>\n<\/div>\n<\/div>\n<\/div>\n<\/div>\n<div><\/div>\n<div><\/div>\n<div>\n<div>\n<div class=\"page-title-head hgroup\">\n<audio class=\"wp-audio-shortcode\" id=\"audio-221051-14\" preload=\"none\" style=\"width: 100%;\" controls=\"controls\"><source type=\"audio\/mpeg\" src=\"https:\/\/www.radiopiu.net\/wordpress\/wp-content\/uploads\/2021\/07\/VIABILITA-6.mp3?_=14\" \/><a href=\"https:\/\/www.radiopiu.net\/wordpress\/wp-content\/uploads\/2021\/07\/VIABILITA-6.mp3\">https:\/\/www.radiopiu.net\/wordpress\/wp-content\/uploads\/2021\/07\/VIABILITA-6.mp3<\/a><\/audio>\n<p>&nbsp;<\/p>\n<hr \/>\n<p>&nbsp;<\/p>\n<\/div>\n<\/div>\n<\/div>\n<\/div>\n<div>\n<div class=\"page-title-head hgroup\" style=\"text-align: left;\">\n<div class=\"page-title-head hgroup\">\n<div dir=\"auto\">\n<p><a class=\"dt-pswp-item pspw-wrap-ready\" href=\"https:\/\/i0.wp.com\/www.radiopiu.net\/wordpress\/wp-content\/uploads\/2018\/09\/WhatsApp-Image-2018-09-20-at-16.04.06.jpeg?ssl=1\" data-dt-img-description=\"\" data-large_image_width=\"800\" data-large_image_height=\"100\"><img loading=\"lazy\" decoding=\"async\" class=\"aligncenter wp-image-61378 size-full jetpack-lazy-image jetpack-lazy-image--handled\" src=\"https:\/\/i0.wp.com\/www.radiopiu.net\/wordpress\/wp-content\/uploads\/2018\/09\/WhatsApp-Image-2018-09-20-at-16.04.06.jpeg?resize=800%2C100&amp;ssl=1\" sizes=\"auto, (max-width: 800px) 100vw, 800px\" srcset=\"https:\/\/i0.wp.com\/www.radiopiu.net\/wordpress\/wp-content\/uploads\/2018\/09\/WhatsApp-Image-2018-09-20-at-16.04.06.jpeg?w=800&amp;ssl=1 800w, https:\/\/i0.wp.com\/www.radiopiu.net\/wordpress\/wp-content\/uploads\/2018\/09\/WhatsApp-Image-2018-09-20-at-16.04.06.jpeg?resize=300%2C38&amp;ssl=1 300w, https:\/\/i0.wp.com\/www.radiopiu.net\/wordpress\/wp-content\/uploads\/2018\/09\/WhatsApp-Image-2018-09-20-at-16.04.06.jpeg?resize=768%2C96&amp;ssl=1 768w\" alt=\"\" width=\"800\" height=\"100\" data-lazy-loaded=\"1\" \/><\/a><\/p>\n<div style=\"text-align: left;\"><center><\/center><center>\u00a0<\/center><\/div>\n<\/div>\n<\/div>\n<\/div>\n<\/div>\n<\/div>\n<\/div>\n<\/div>\n<\/div>\n<div>\n<div><center><b>Domenica 11<\/b><\/center><b>Tempo atteso:\u00a0<\/b>Nottetempo e per parte del mattino fase instabile seguita da un miglioramento con tempo parzialmente soleggiato, dapprima per diradamento della nuvolosit\u00e0 d&#8217;inizio giorno, poi per contenuta e irregolare attivit\u00e0 cumuliforme, minore sulle Prealpi rispetto alle Dolomiti. Nonostante gli annuvolamenti, far\u00e0 relativamente caldo nei posti pi\u00f9 assolati.<br \/>\n<b>Precipitazioni:\u00a0<\/b>Nottetempo e parte del mattino rischio di rovesci e locali temporali (40\/60%). Al pomeriggio fenomeni perlopi\u00f9 assenti sulle Prealpi, mentre non si potr\u00e0 escludere qualche locale e residuo piovasco sulle Dolomiti (20\/30%), ma si tratter\u00e0 di fenomeni isolati e di poco conto in quanto l&#8217;instabilit\u00e0 andr\u00e0 scemando con il passare delle ore.<br \/>\n<b>Temperature:\u00a0<\/b>Senza notevoli variazioni o in leggera flessione in caso di un minore soleggiamento rispetto a sabato. Sono previste punte di 26\/28\u00b0C nei fondovalle prealpini e di 22\/25\u00b0C a 1000\/1200 m. Su Prealpi a 1500 m min 12\u00b0C, max 18\u00b0C, a 2000 m min 10\u00b0C, max 14\u00b0C, su Dolomiti a 2000 m min 9\u00b0C, max 15\u00b0C, a 3000 m min 4\u00b0C, max 6\u00b0C.<br \/>\n<b>Venti:\u00a0<\/b>Nelle valli deboli per brezza, localmente e a tratti moderati nei settori solitamente pi\u00f9 ventilati; in quota perlopi\u00f9 deboli dai quadranti occidentali, a tratti moderati sulle cime pi\u00f9 alte; a 5-10 km\/h a 2000 m e 10-20 km\/h a 3000 m.<\/div>\n<\/div>\n<\/div>\n<\/div>\n<\/div>\n<\/div>\n<\/div>\n<\/div>\n<hr \/>\n<p><center><b>Lunedi 12<\/b><\/center><b>Tempo atteso:\u00a0<\/b>Maggiore soleggiamento e minore attivit\u00e0 cumuliforme durante le ore pi\u00f9 calde, ma il livello di umidit\u00e0 nei bassi strati e l&#8217;arrivo di aria molto calda potrebbero generare una temporanea copertura stratiforme (cappa di stratocumuli) tra la tarda mattinata e le prime ore del pomeriggio, prima di dissolversi del tutto e lasciare molto spazio al cielo sereno. La stabilit\u00e0 aumenter\u00e0.<br \/>\n<b>Precipitazioni:\u00a0<\/b>Assenti (0%).<br \/>\n<b>Temperature:\u00a0<\/b>In generale aumento con ritorno del caldo, specie nei fondovalle. Sono previste punte di 30\/32\u00b0C nei fondovalle prealpini e di 25\/28\u00b0C a 1000\/1200 m. Su Prealpi a 1500 m min 16\u00b0C, max 22\u00b0C, a 2000 m min 14\u00b0C, max 19\u00b0C, su Dolomiti a 2000 m min 13\u00b0C, max 20\u00b0C, a 3000 m min 8\u00b0C, max 10\u00b0C.<br \/>\n<b>Venti:\u00a0<\/b>Nelle valli perlopi\u00f9 deboli per brezze, localmente e a tratti moderati nei settori solitamente pi\u00f9 ventilati; in quota deboli\/moderati da sud-ovest al mattino, in rinforzo da sud al pomeriggio\/sera fino a tesi sulle vette pi\u00f9 alte, a 5-15 km\/h a 2000 m e 15-35 km\/h a 3000 m.<\/p>\n<hr \/>\n<p><center><b>Martedi 13<\/b><\/center>Qualche iniziale tratto soleggiato, assieme a nuvolosit\u00e0 irregolare. Nel corso della mattinata rapido aumento della nuvolosit\u00e0, gi\u00e0 prima delle ore centrali. Nel corso del pomeriggio ci sar\u00e0 qualche segnale di peggioramento con primi rovesci e temporali, ma L&#8217;instabilit\u00e0 s&#8217;intensificher\u00e0 solo nel tardo pomeriggio\/sera, quando i rovesci e i temporali saranno sempre pi\u00f9 diffusi. Temperature in generale calo, eccetto aumento delle minime nelle valli. Venti tesi\/forti da sud in quota; deboli di direzione variabile nelle valli, ma occorrer\u00e0 prestare attenzione alle forti e improvvise raffiche nelle fasi temporalesche.<\/p>\n<hr \/>\n<p><center><b>Mercoledi 14<\/b><\/center>Maltempo nella notte e per parte del mattino con piogge diffuse a carattere di rovescio e di temporali. Poi tendenza alla variabilit\u00e0 o nella migliore ipotesi anche di miglioramento del tempo nella seconda parte del giorno. Temperature in calo. Venti moderati da sud-est in quota, deboli di direzione variabile nelle valli con eventuali raffiche temporalesche durante la fase instabile. Previsore: R.L.Th.<\/p>\n<p>&nbsp;<\/p>\n<hr \/>\n<p>&nbsp;<\/p>\n<p><img loading=\"lazy\" decoding=\"async\" class=\"aligncenter wp-image-60761 size-full\" src=\"https:\/\/www.radiopiu.net\/wordpress\/wp-content\/uploads\/2018\/09\/sport.jpg\" alt=\"\" width=\"800\" height=\"100\" srcset=\"https:\/\/www.radiopiu.net\/wordpress\/wp-content\/uploads\/2018\/09\/sport.jpg 800w, https:\/\/www.radiopiu.net\/wordpress\/wp-content\/uploads\/2018\/09\/sport-300x38.jpg 300w, https:\/\/www.radiopiu.net\/wordpress\/wp-content\/uploads\/2018\/09\/sport-768x96.jpg 768w\" sizes=\"auto, (max-width: 800px) 100vw, 800px\" \/><\/p>\n<p>&nbsp;<\/p>\n<blockquote>\n<h3>ROBERTO PIAZ E DANIELE VIEL SONO I PRIMI COLPI DI MERCATO DEL PONTE NELLE ALPI<\/h3>\n<\/blockquote>\n<p><strong><a href=\"https:\/\/www.radiopiu.net\/wordpress\/giornale-radiopiu-11-luglio-2021-direttore-mirko-mezzacasa\/asd-ponte-nelle-alpi-2\/\" rel=\"attachment wp-att-221086\"><img loading=\"lazy\" decoding=\"async\" class=\"size-medium wp-image-221086 alignleft\" src=\"https:\/\/www.radiopiu.net\/wordpress\/wp-content\/uploads\/2021\/07\/ASD-PONTE-NELLE-ALPI-300x115.png\" alt=\"\" width=\"300\" height=\"115\" srcset=\"https:\/\/www.radiopiu.net\/wordpress\/wp-content\/uploads\/2021\/07\/ASD-PONTE-NELLE-ALPI-300x115.png 300w, https:\/\/www.radiopiu.net\/wordpress\/wp-content\/uploads\/2021\/07\/ASD-PONTE-NELLE-ALPI-768x296.png 768w, https:\/\/www.radiopiu.net\/wordpress\/wp-content\/uploads\/2021\/07\/ASD-PONTE-NELLE-ALPI.png 920w\" sizes=\"auto, (max-width: 300px) 100vw, 300px\" \/><\/a>PONTE NELLE ALPI<\/strong> Il nuovo Ponte nelle Alpi prende forma in vista della nuova stagione in Seconda categoria. A questo proposito, e\u0300 stato ufficializzato lo staff tecnico, chiamato a dettare la rotta durante l\u2019annata sul rettangolo verde: l\u2019allenatore sara\u0300 Giuseppe Faso, affiancato dal vice Gimmi De Vettor, mentre Tommaso Carlin curera\u0300 la preparazione atletica e Luca Zampieri e\u0300 il preparatore dei portieri. Per quanto riguarda la rosa, spuntano due novita\u0300. Una riguarda un graditissimo ritorno: ed e\u0300 quello di Daniele Viel. Il quale si rimette a disposizione dei colori granata con la sua esperienza e le sue qualita\u0300 tecniche e umane. L\u2019altra novita\u0300, invece, riguarda l\u2019innesto di Roberto Piaz: centrocampista cresciuto nella Feltrese, classe 1992, e\u0300 il classico giocatore di categoria superiore. Si\u0300, perche\u0301 ha trascorso buona parte della sua carriera in Prima, vestendo le maglie di Cavarzano, Fiori Barp Mas e, piu\u0300 di recente, dell\u2019Alpina.<\/p>\n<p>&nbsp;<\/p>\n<p>&nbsp;<\/p>\n<hr \/>\n<p>&nbsp;<\/p>\n<blockquote>\n<h3>PREMIATI I VINCITORI DELLA COPPA VENETO FISI<\/h3>\n<\/blockquote>\n<p><strong>CA&#8217; DEL POGGIO (TV)\u00a0 <\/strong><span class=\"s1\">Si sono svolte ieri nella cornice di Ca\u2019 del Poggio (Treviso), le premiazioni della Coppa Veneto Energiapura, il circuito regionale dello sci alpino dedicato alle categorie Aspiranti e Giovani. Le premiazioni hanno riguardato sia la stagione 2019-2020 sia la stagione 2020-2021. Nell\u2019occasione c\u2019\u00e8 stata anche la consegna dei Distintivi al merito Fisi 2019. <\/span><span class=\"s1\">La giornata si \u00e8 aperta nel ricordo di Andrea Puicher Soravia, il tecnico di Sappada scomparso lo scorso novembre. Nell\u2019estate del 2018 \u201cPera\u201d aveva assunto la guida della nostra squadra regionale di sci alpino ma la malattia lo aveva costretto a interrompere anzitempo il proprio lavoro. Il presidente Bortoluzzi lo ha ricordato con commozione, esprimendo al padre Massimo, presente all\u2019evento, tutto l\u2019affetto del comitato veneto Fisi. <\/span><span class=\"s1\">Di seguito l\u2019elenco dei premiati. <\/span><span class=\"s1\"><b>COPPA VENETO 2019-2020 <\/b><\/span><span class=\"s1\"><b>Aspiranti donne<\/b>: 1. Gaia Palamara (Drusci\u00e9 Cortina); 2. Giorgia Vielmo (Domegge); 3. Mariachiara Rimoldi (18). <\/span><span class=\"s1\"><b>Aspiranti uomini<\/b>: 1. Elia De Zanna (Cortina); 2. Giorgio Baldo (Cortina); 3. Luca Martignago (Cortina). <\/span><span class=\"s1\"><b>Giovani donne<\/b>: 1. Gaia Palamara (Drusci\u00e9); 2. Anna Rech (Ski team Vallata Feltrina); 3. Mariachiara Rimoldi (18). <\/span><span class=\"s1\"><b>Giovani uomini<\/b>: 1. Gianlorenzo Di Paolo (Ski College Veneto Falcade); 2. Tommaso Nardi (Drusci\u00e9); 3. Tommaso Casagrande (Drusci\u00e9). <\/span><span class=\"s1\"><b>Societ\u00e0<\/b>: 1. Sci club Drusci\u00e9 Cortina punti 5.849; 2. Ski College Veneto Falcade 4.158; 3. Sci club Cortina 3.595. <\/span><span class=\"s1\"><b>COPPA VENETO 2020-2021 <\/b><\/span><span class=\"s1\"><b>Aspiranti donne<\/b>: 1. Virginia De Conti (Drusci\u00e9); 2. Giulia Frison (Gallio); 3. Francesca Trentin (18). <\/span><span class=\"s1\"><b>Aspiranti uomini<\/b>: 1. Giorgio Baldo (Cortina); 2. Filippo Sambugaro (Gallio); 3. Marco De Zanna (Cortina). <\/span><span class=\"s1\"><b>Giovani donne<\/b>: 1. Anna Rech (Ski team Vallata Feltrina); 2.\u00a0 Valentina Savorgnani (Ski College Veneto Falcade); 3. Giulia Frison (Gallio). <\/span><span class=\"s1\"><b>Giovani uomini<\/b>: 1. Tommaso Casagrande (Drusci\u00e9); 2. Matteo Pizzato (Drusci\u00e9); 3. Filippo Sambugaro (Gallio). <\/span><span class=\"s1\"><b>Societ\u00e0<\/b>: 1. Sci club Drusci\u00e9 Cortina 5.669; 2. Ski College Veneto Falcade 3.740; 3. Sci club Cortina 3.645. <\/span><span class=\"s1\"><b>DISTINTIVI AL MERITO FISI <\/b><\/span><span class=\"s1\"><b>Distintivi d\u2019argento al merito Fisi individuali<\/b>: Giuseppina Biasin (Sc Montebelluna); Germano Cadamuro (Sci club Villorba); Guido Don\u00e0 (Sci club Villorba); Michele Parolin (Sci club Montebelluna); Vittorio Sovilla (Agonistica Sportmarket); Roberto Zandonella Necca (Nottoli Vittorio Veneto); Giorgio Boato (Sci club Mestre); Ivo Scardoni (Sci club Bosco); Maurizio Benetti (Us Asiago sci); Sergio Rigoni (Us Asiago sci). <\/span><span class=\"s1\"><b>Distintivi d\u2019argento al merito Fisi societ\u00e0<\/b>: Sci club Montagnana. <\/span><span class=\"s1\"><b>Distintivi d\u2019oro al merito Fisi societ\u00e0<\/b>: Sci club Colfosco; Sci club Villorba.<\/span><\/p>\n\n\t\t\t<style type='text\/css'>\n\t\t\t\t#gallery-3 {\n\t\t\t\t\tmargin: auto;\n\t\t\t\t}\n\t\t\t\t#gallery-3 .gallery-item {\n\t\t\t\t\tfloat: left;\n\t\t\t\t\tmargin-top: 10px;\n\t\t\t\t\ttext-align: center;\n\t\t\t\t\twidth: 16%;\n\t\t\t\t}\n\t\t\t\t#gallery-3 img {\n\t\t\t\t\tborder: 2px solid #cfcfcf;\n\t\t\t\t}\n\t\t\t\t#gallery-3 .gallery-caption {\n\t\t\t\t\tmargin-left: 0;\n\t\t\t\t}\n\t\t\t\t\/* see gallery_shortcode() in wp-includes\/media.php *\/\n\t\t\t<\/style>\n\t\t<div id='gallery-3' class='dt-gallery-container gallery galleryid-221051 gallery-columns-6 gallery-size-thumbnail'><dl class='gallery-item'>\n\t\t\t\t<dt class='gallery-icon landscape'>\n\t\t\t\t\t<a class=\"rollover rollover-zoom dt-pswp-item\" title=\"aspiranti F 20-21\" data-dt-img-description=\"\" data-large_image_width=\"1400\" data-large_image_height=\"933\"href='https:\/\/www.radiopiu.net\/wordpress\/wp-content\/uploads\/2021\/07\/aspiranti-F-20-21.jpg'><img loading=\"lazy\" decoding=\"async\" width=\"150\" height=\"150\" src=\"https:\/\/www.radiopiu.net\/wordpress\/wp-content\/uploads\/2021\/07\/aspiranti-F-20-21-150x150.jpg\" class=\"attachment-thumbnail size-thumbnail\" alt=\"\" \/><\/a>\n\t\t\t\t<\/dt><\/dl><dl class='gallery-item'>\n\t\t\t\t<dt class='gallery-icon landscape'>\n\t\t\t\t\t<a class=\"rollover rollover-zoom dt-pswp-item\" title=\"aspiranti M 20-21\" data-dt-img-description=\"\" data-large_image_width=\"1400\" data-large_image_height=\"933\"href='https:\/\/www.radiopiu.net\/wordpress\/wp-content\/uploads\/2021\/07\/aspiranti-M-20-21.jpg'><img loading=\"lazy\" decoding=\"async\" width=\"150\" height=\"150\" src=\"https:\/\/www.radiopiu.net\/wordpress\/wp-content\/uploads\/2021\/07\/aspiranti-M-20-21-150x150.jpg\" class=\"attachment-thumbnail size-thumbnail\" alt=\"\" \/><\/a>\n\t\t\t\t<\/dt><\/dl><dl class='gallery-item'>\n\t\t\t\t<dt class='gallery-icon landscape'>\n\t\t\t\t\t<a class=\"rollover rollover-zoom dt-pswp-item\" title=\"distintivi fisi\" data-dt-img-description=\"\" data-large_image_width=\"1400\" data-large_image_height=\"933\"href='https:\/\/www.radiopiu.net\/wordpress\/wp-content\/uploads\/2021\/07\/distintivi-fisi.jpg'><img loading=\"lazy\" decoding=\"async\" width=\"150\" height=\"150\" src=\"https:\/\/www.radiopiu.net\/wordpress\/wp-content\/uploads\/2021\/07\/distintivi-fisi-150x150.jpg\" class=\"attachment-thumbnail size-thumbnail\" alt=\"\" \/><\/a>\n\t\t\t\t<\/dt><\/dl><dl class='gallery-item'>\n\t\t\t\t<dt class='gallery-icon landscape'>\n\t\t\t\t\t<a class=\"rollover rollover-zoom dt-pswp-item\" title=\"giovani F 20-21\" data-dt-img-description=\"\" data-large_image_width=\"1400\" data-large_image_height=\"933\"href='https:\/\/www.radiopiu.net\/wordpress\/wp-content\/uploads\/2021\/07\/giovani-F-20-21.jpg'><img loading=\"lazy\" decoding=\"async\" width=\"150\" height=\"150\" src=\"https:\/\/www.radiopiu.net\/wordpress\/wp-content\/uploads\/2021\/07\/giovani-F-20-21-150x150.jpg\" class=\"attachment-thumbnail size-thumbnail\" alt=\"\" \/><\/a>\n\t\t\t\t<\/dt><\/dl><dl class='gallery-item'>\n\t\t\t\t<dt class='gallery-icon landscape'>\n\t\t\t\t\t<a class=\"rollover rollover-zoom dt-pswp-item\" title=\"giovani M 20-21\" data-dt-img-description=\"\" data-large_image_width=\"1400\" data-large_image_height=\"933\"href='https:\/\/www.radiopiu.net\/wordpress\/wp-content\/uploads\/2021\/07\/giovani-M-20-21.jpg'><img loading=\"lazy\" decoding=\"async\" width=\"150\" height=\"150\" src=\"https:\/\/www.radiopiu.net\/wordpress\/wp-content\/uploads\/2021\/07\/giovani-M-20-21-150x150.jpg\" class=\"attachment-thumbnail size-thumbnail\" alt=\"\" \/><\/a>\n\t\t\t\t<\/dt><\/dl><dl class='gallery-item'>\n\t\t\t\t<dt class='gallery-icon portrait'>\n\t\t\t\t\t<a class=\"rollover rollover-zoom dt-pswp-item\" title=\"roberto bortoluzzi e massimo puicher soravia 10.07.2021\" data-dt-img-description=\"\" data-large_image_width=\"933\" data-large_image_height=\"1400\"href='https:\/\/www.radiopiu.net\/wordpress\/wp-content\/uploads\/2021\/07\/roberto-bortoluzzi-e-massimo-puicher-soravia-10.07.2021.jpg'><img loading=\"lazy\" decoding=\"async\" width=\"150\" height=\"150\" src=\"https:\/\/www.radiopiu.net\/wordpress\/wp-content\/uploads\/2021\/07\/roberto-bortoluzzi-e-massimo-puicher-soravia-10.07.2021-150x150.jpg\" class=\"attachment-thumbnail size-thumbnail\" alt=\"\" \/><\/a>\n\t\t\t\t<\/dt><\/dl><br style=\"clear: both\" \/>\n\t\t\t<\/div>\n\n","protected":false},"excerpt":{"rendered":"<p>PER\u00a0RICEVERE QUESTO NOTIZIARIO DIRETTAMENTE SUL TUO CELLULARE ISCRIVITI AL CANALE TELEGRAM\u00a0\u201cRADIO PIU\u00a0 INFORMAZIONE\u201d\u00a0 &nbsp; &nbsp; IL MALTEMPO DI GIOVEDI&#8217; SCORSO &#8211; LA FORZA DEL VENTO A FERTAZZA &nbsp; Gestione Servizi Pubblici informa che a GOSALDO nelle LOCALITA&#8217; VALLASIN e PONGAN l&#8217;acqua erogata dall&#8217;acquedotto \u00e8 di nuovo potabile e pu\u00f2 essere usata, quindi, per scopi alimentari.&hellip;<\/p>\n","protected":false},"author":4,"featured_media":221109,"comment_status":"closed","ping_status":"open","sticky":false,"template":"","format":"standard","meta":{"_monsterinsights_skip_tracking":false,"_monsterinsights_sitenote_active":false,"_monsterinsights_sitenote_note":"","_monsterinsights_sitenote_category":0,"footnotes":""},"categories":[86],"tags":[],"class_list":["post-221051","post","type-post","status-publish","format-standard","has-post-thumbnail","hentry","category-gr","category-86","description-off"],"img_url":"https:\/\/www.radiopiu.net\/wordpress\/wp-content\/uploads\/2021\/07\/764d2161-44a1-492a-8885-78bb6f8fb5a0.jpg","_links":{"self":[{"href":"https:\/\/www.radiopiu.net\/wordpress\/wp-json\/wp\/v2\/posts\/221051","targetHints":{"allow":["GET"]}}],"collection":[{"href":"https:\/\/www.radiopiu.net\/wordpress\/wp-json\/wp\/v2\/posts"}],"about":[{"href":"https:\/\/www.radiopiu.net\/wordpress\/wp-json\/wp\/v2\/types\/post"}],"author":[{"embeddable":true,"href":"https:\/\/www.radiopiu.net\/wordpress\/wp-json\/wp\/v2\/users\/4"}],"replies":[{"embeddable":true,"href":"https:\/\/www.radiopiu.net\/wordpress\/wp-json\/wp\/v2\/comments?post=221051"}],"version-history":[{"count":0,"href":"https:\/\/www.radiopiu.net\/wordpress\/wp-json\/wp\/v2\/posts\/221051\/revisions"}],"wp:featuredmedia":[{"embeddable":true,"href":"https:\/\/www.radiopiu.net\/wordpress\/wp-json\/wp\/v2\/media\/221109"}],"wp:attachment":[{"href":"https:\/\/www.radiopiu.net\/wordpress\/wp-json\/wp\/v2\/media?parent=221051"}],"wp:term":[{"taxonomy":"category","embeddable":true,"href":"https:\/\/www.radiopiu.net\/wordpress\/wp-json\/wp\/v2\/categories?post=221051"},{"taxonomy":"post_tag","embeddable":true,"href":"https:\/\/www.radiopiu.net\/wordpress\/wp-json\/wp\/v2\/tags?post=221051"}],"curies":[{"name":"wp","href":"https:\/\/api.w.org\/{rel}","templated":true}]}}