{"id":221226,"date":"2021-07-12T05:44:04","date_gmt":"2021-07-12T03:44:04","guid":{"rendered":"https:\/\/www.radiopiu.net\/wordpress\/?p=221226"},"modified":"2021-07-13T06:15:39","modified_gmt":"2021-07-13T04:15:39","slug":"giornale-radiopiu-12-luglio-2021-direttore-mirko-mezzacasa","status":"publish","type":"post","link":"https:\/\/www.radiopiu.net\/wordpress\/giornale-radiopiu-12-luglio-2021-direttore-mirko-mezzacasa\/","title":{"rendered":"GIORNALE RADIOPIU 12 LUGLIO 2021 DIRETTORE MIRKO MEZZACASA"},"content":{"rendered":"<h3 style=\"text-align: center;\"><span style=\"color: #0000ff;\"><a href=\"https:\/\/www.radiopiu.net\/wordpress\/?attachment_id=221225\" rel=\"attachment wp-att-221225\">\u00a0<\/a><\/span><\/h3>\n<h3 style=\"text-align: center;\"><span style=\"color: #0000ff;\"><a href=\"https:\/\/www.radiopiu.net\/wordpress\/?attachment_id=221225\" rel=\"attachment wp-att-221225\">\u00a0<\/a><\/span><\/h3>\n<h3 style=\"text-align: center;\"><span style=\"color: #0000ff;\"><a href=\"https:\/\/www.radiopiu.net\/wordpress\/?attachment_id=221225\" rel=\"attachment wp-att-221225\">\u00a0<\/a><\/span><\/h3>\n<h3 style=\"text-align: center;\"><span style=\"color: #0000ff;\"><a href=\"https:\/\/www.radiopiu.net\/wordpress\/?attachment_id=221225\" rel=\"attachment wp-att-221225\">\u00a0<\/a><\/span><\/h3>\n<h3 style=\"text-align: center;\"><span style=\"color: #0000ff;\"><a href=\"https:\/\/www.radiopiu.net\/wordpress\/?attachment_id=221225\" rel=\"attachment wp-att-221225\">\u00a0<\/a><\/span><\/h3>\n<h3 style=\"text-align: center;\"><span style=\"color: #0000ff;\"><a href=\"https:\/\/www.radiopiu.net\/wordpress\/?attachment_id=221225\" rel=\"attachment wp-att-221225\"><img loading=\"lazy\" decoding=\"async\" class=\"size-medium wp-image-221225 aligncenter\" src=\"https:\/\/www.radiopiu.net\/wordpress\/wp-content\/uploads\/2021\/07\/6ae2db37-dcbc-493c-a426-150a732e34cf-300x135.jpg\" alt=\"\" width=\"300\" height=\"135\" srcset=\"https:\/\/www.radiopiu.net\/wordpress\/wp-content\/uploads\/2021\/07\/6ae2db37-dcbc-493c-a426-150a732e34cf-300x135.jpg 300w, https:\/\/www.radiopiu.net\/wordpress\/wp-content\/uploads\/2021\/07\/6ae2db37-dcbc-493c-a426-150a732e34cf-1024x461.jpg 1024w, https:\/\/www.radiopiu.net\/wordpress\/wp-content\/uploads\/2021\/07\/6ae2db37-dcbc-493c-a426-150a732e34cf-768x345.jpg 768w, https:\/\/www.radiopiu.net\/wordpress\/wp-content\/uploads\/2021\/07\/6ae2db37-dcbc-493c-a426-150a732e34cf-1536x691.jpg 1536w, https:\/\/www.radiopiu.net\/wordpress\/wp-content\/uploads\/2021\/07\/6ae2db37-dcbc-493c-a426-150a732e34cf.jpg 2048w\" sizes=\"auto, (max-width: 300px) 100vw, 300px\" \/><\/a><\/span><\/h3>\n<h3 style=\"text-align: center;\"><span style=\"color: #0000ff;\">EHI&#8230;. EHI!&#8230;. A Z Z U R R I:\u00a0 \u00a0 \u00a0 G\u00a0 R\u00a0 A\u00a0 Z\u00a0 I\u00a0 E<\/span><span style=\"font-size: 14px; font-weight: normal;\">\u00a0<\/span><\/h3>\n<p>&nbsp;<\/p>\n<p><strong>MEZZANOTTE AD AGORDO, 11.07.20221,<\/strong><\/p>\n<p>https:\/\/www.facebook.com\/Mirkomezziano\/videos\/303792978100908<\/p>\n<p>&nbsp;<\/p>\n\n\t\t\t<style type='text\/css'>\n\t\t\t\t#gallery-1 {\n\t\t\t\t\tmargin: auto;\n\t\t\t\t}\n\t\t\t\t#gallery-1 .gallery-item {\n\t\t\t\t\tfloat: left;\n\t\t\t\t\tmargin-top: 10px;\n\t\t\t\t\ttext-align: center;\n\t\t\t\t\twidth: 50%;\n\t\t\t\t}\n\t\t\t\t#gallery-1 img {\n\t\t\t\t\tborder: 2px solid #cfcfcf;\n\t\t\t\t}\n\t\t\t\t#gallery-1 .gallery-caption {\n\t\t\t\t\tmargin-left: 0;\n\t\t\t\t}\n\t\t\t\t\/* see gallery_shortcode() in wp-includes\/media.php *\/\n\t\t\t<\/style>\n\t\t<div id='gallery-1' class='dt-gallery-container gallery galleryid-221226 gallery-columns-2 gallery-size-medium'><dl class='gallery-item'>\n\t\t\t\t<dt class='gallery-icon landscape'>\n\t\t\t\t\t<a class=\"rollover rollover-zoom dt-pswp-item\" title=\"Luca-Vialli-Fabio-Caressa\" data-dt-img-description=\"\" data-large_image_width=\"740\" data-large_image_height=\"556\"href='https:\/\/www.radiopiu.net\/wordpress\/wp-content\/uploads\/2021\/07\/Luca-Vialli-Fabio-Caressa.jpg'><img loading=\"lazy\" decoding=\"async\" width=\"300\" height=\"225\" src=\"https:\/\/www.radiopiu.net\/wordpress\/wp-content\/uploads\/2021\/07\/Luca-Vialli-Fabio-Caressa-300x225.jpg\" class=\"attachment-medium size-medium\" alt=\"\" srcset=\"https:\/\/www.radiopiu.net\/wordpress\/wp-content\/uploads\/2021\/07\/Luca-Vialli-Fabio-Caressa-300x225.jpg 300w, https:\/\/www.radiopiu.net\/wordpress\/wp-content\/uploads\/2021\/07\/Luca-Vialli-Fabio-Caressa.jpg 740w\" sizes=\"auto, (max-width: 300px) 100vw, 300px\" \/><\/a>\n\t\t\t\t<\/dt><\/dl><dl class='gallery-item'>\n\t\t\t\t<dt class='gallery-icon landscape'>\n\t\t\t\t\t<a class=\"rollover rollover-zoom dt-pswp-item\" title=\"th\" data-dt-img-description=\"\" data-large_image_width=\"276\" data-large_image_height=\"174\"href='https:\/\/www.radiopiu.net\/wordpress\/wp-content\/uploads\/2021\/07\/th-9.jpg'><img loading=\"lazy\" decoding=\"async\" width=\"276\" height=\"174\" src=\"https:\/\/www.radiopiu.net\/wordpress\/wp-content\/uploads\/2021\/07\/th-9.jpg\" class=\"attachment-medium size-medium\" alt=\"\" \/><\/a>\n\t\t\t\t<\/dt><\/dl><br style=\"clear: both\" \/>\n\t\t\t<\/div>\n\n<blockquote>\n<h2><span style=\"color: #0000ff;\">SKY SPORT &#8230;\u00a0<\/span><\/h2>\n<h2><span style=\"color: #0000ff;\">FABIO CARESSA &#8211; BEPPE BERGOMI<\/span><\/h2>\n<\/blockquote>\n<audio class=\"wp-audio-shortcode\" id=\"audio-221226-1\" preload=\"none\" style=\"width: 100%;\" controls=\"controls\"><source type=\"audio\/mpeg\" src=\"https:\/\/www.radiopiu.net\/wordpress\/wp-content\/uploads\/2021\/07\/FINALE-EUROPEI-SKY-SPORT-FABIO-CARESSA-BEPPE-BERGOMI.mp3?_=1\" \/><a href=\"https:\/\/www.radiopiu.net\/wordpress\/wp-content\/uploads\/2021\/07\/FINALE-EUROPEI-SKY-SPORT-FABIO-CARESSA-BEPPE-BERGOMI.mp3\">https:\/\/www.radiopiu.net\/wordpress\/wp-content\/uploads\/2021\/07\/FINALE-EUROPEI-SKY-SPORT-FABIO-CARESSA-BEPPE-BERGOMI.mp3<\/a><\/audio>\n<p>&nbsp;<\/p>\n<p>&nbsp;<\/p>\n<blockquote class=\"wp-embedded-content\" data-secret=\"eA8MKqbqO7\"><p><a href=\"https:\/\/www.radiopiu.net\/wordpress\/i-misteri-di-alleghe-alla-radio\/\">I MISTERI DI ALLEGHE ALLA RADIO, DA OGGI ROBERTO FAORO RACCONTA IL LIBRO DI SERGIO SAVIANE<\/a><\/p><\/blockquote>\n<p><iframe loading=\"lazy\" class=\"wp-embedded-content\" sandbox=\"allow-scripts\" security=\"restricted\" style=\"position: absolute; clip: rect(1px, 1px, 1px, 1px);\" title=\"&#8220;I MISTERI DI ALLEGHE ALLA RADIO, DA OGGI ROBERTO FAORO RACCONTA IL LIBRO DI SERGIO SAVIANE&#8221; &#8212; Radio Pi\u00f9\" src=\"https:\/\/www.radiopiu.net\/wordpress\/i-misteri-di-alleghe-alla-radio\/embed\/#?secret=eA8MKqbqO7\" data-secret=\"eA8MKqbqO7\" width=\"600\" height=\"338\" frameborder=\"0\" marginwidth=\"0\" marginheight=\"0\" scrolling=\"no\"><\/iframe><\/p>\n<p>&nbsp;<\/p>\n<p>&nbsp;<\/p>\n<p>&nbsp;<\/p>\n<hr \/>\n<p>&nbsp;<\/p>\n<blockquote>\n<h3>DAL 14 AL 30 LUGLIO: CHIUSURA A GONA DELLA PROVINCIALE PER RIVAMONTE<\/h3>\n<\/blockquote>\n<p><strong><a href=\"https:\/\/www.radiopiu.net\/wordpress\/giornale-radiopiu-08-luglio-2021-direttore-mirko-mezzacasa\/d1d692aa-1d64-4765-8a42-99f32476341b-300x225\/\" rel=\"attachment wp-att-220535\"><img loading=\"lazy\" decoding=\"async\" class=\"wp-image-220535 alignleft\" src=\"https:\/\/www.radiopiu.net\/wordpress\/wp-content\/uploads\/2021\/07\/d1d692aa-1d64-4765-8a42-99f32476341b-300x225-1.jpg\" alt=\"\" width=\"105\" height=\"79\" \/><\/a>RIVAMONTE<\/strong>\u00a0Dal 14 luglio Rivamonte sar\u00e0 raggiungibile solo da Voltago (via Digoman) e da Gosaldo, infatti la strada chiuder\u00e0 (anche nei giorni festivi e prefestivi) in localit\u00e0 Gona per permettere i lavori di consolidamento del piano viabile come noto franato anche recentemente.<\/p>\n<p>&nbsp;<\/p>\n<p>&nbsp;<\/p>\n<hr \/>\n<p>&nbsp;<\/p>\n<p><strong><a href=\"https:\/\/www.radiopiu.net\/wordpress\/giornale-radiopiu-16-giugno-2021-direttore-mirko-mezzacasa\/lavorii\/\" rel=\"attachment wp-att-216177\"><img loading=\"lazy\" decoding=\"async\" class=\"size-medium wp-image-216177 alignleft\" src=\"https:\/\/www.radiopiu.net\/wordpress\/wp-content\/uploads\/2021\/06\/LAVORII-300x159.jpg\" sizes=\"auto, (max-width: 300px) 100vw, 300px\" srcset=\"https:\/\/www.radiopiu.net\/wordpress\/wp-content\/uploads\/2021\/06\/LAVORII-300x159.jpg 300w, https:\/\/www.radiopiu.net\/wordpress\/wp-content\/uploads\/2021\/06\/LAVORII.jpg 335w\" alt=\"\" width=\"300\" height=\"159\" \/><\/a><\/strong><\/p>\n<p>&nbsp;<\/p>\n<p><b>GALLERIA \u2018COMELICO\u00a0<\/b>fino al 31 luglio\u00a0 dalle 21 alle\u00a0 6 la galleria sar\u00e0 chiusa al traffico. Per i veicoli pesanti trainanti un rimorchio \u00e8 prevista la deviazione sulla SR 48 \u201cdelle Dolomiti e sulla SP 49 \u201cMisurina\u201d,\u00a0 \u00a0il traffico pesante sar\u00e0 deviato lungo la SP 532 \u201cPasso S. Antonio\u201d. Il traffico leggero\u00a0 sulla SP 532.<\/p>\n<p><strong>48 DELLE DOLOMITI<\/strong>\u00a0Fino al 16 luglio da Pieve di Livinallongo ad Arabba si potr\u00e0 transitare ma in determinate fasce orarie. Dalle 7 del mattino alle 18 sono infatti previste interruzioni fino a 20 minuti per permettere i lavori di esbosco e realizzazione paramassi. Per tutta la durata dei lavori senso unico alternato nei periodi non interessati delle interruzioni.<\/p>\n<p>&nbsp;<\/p>\n<p>&nbsp;<\/p>\n<hr \/>\n<p>&nbsp;<\/p>\n<p><span style=\"color: #ff0000;\"><strong>REGIONALE 203 AGORDINA, LOCALITA\u2019 SORAZUNAIA,\u00a0 E SR 48 DELLE DOLOMITI IN LOCALITA\u2019 LIVINALLONGO, FINO AL 31 LUGLIO DALLE 7 ALLE 18 ESCLUSI SABATI E DOMENICHE INTERRUZIONI ALLA VIABILITA\u2019 PER UNA DURATA MASSIMA DI 20 MINUTI.\u00a0<\/strong><\/span><\/p>\n<p>&nbsp;<\/p>\n<p>&nbsp;<\/p>\n<hr \/>\n<p>&nbsp;<\/p>\n<blockquote>\n<h3>ESBOSCO E DIVIETI, S\u2019ALZANO GLI ALBERI SCHIANTATA DA VAIA<\/h3>\n<\/blockquote>\n<p><strong>CANALE D\u2019AGORDO<\/strong>\u00a0Fino al\u00a0 18 dicembre\u00a0 e comunque fino ad ultimazione dei lavori \u00e8 fatto divieto \u00a0di accedere e transitare anche a piedi nelle aree interessate dai lavori di utilizzazione, esbosco e trasporto del lotto boschivo nella zona compresa tra Loc. Mandra de Chi De Dea \u2013 Col dei Prai \u2013 Le Buse Basse ed in ogni caso in tutta la zona soprastante e compresa nella Localit\u00e0 Pian de Sabion. E\u2019 disposta nello stesso periodo\u00a0<a href=\"https:\/\/www.radiopiu.net\/wordpress\/149923-2\/valle-liera-canale-d-agordo-gares-101\/\" rel=\"attachment wp-att-149932\"><img loading=\"lazy\" decoding=\"async\" class=\"wp-image-149932 alignright\" src=\"https:\/\/www.radiopiu.net\/wordpress\/wp-content\/uploads\/2020\/07\/Valle-Liera-Canale-d-Agordo-Gares-101-300x201.jpg\" sizes=\"auto, (max-width: 237px) 100vw, 237px\" srcset=\"https:\/\/www.radiopiu.net\/wordpress\/wp-content\/uploads\/2020\/07\/Valle-Liera-Canale-d-Agordo-Gares-101-300x201.jpg 300w, https:\/\/www.radiopiu.net\/wordpress\/wp-content\/uploads\/2020\/07\/Valle-Liera-Canale-d-Agordo-Gares-101.jpg 500w\" alt=\"\" width=\"237\" height=\"159\" \/><\/a>l\u2019interruzione del tratto della strada silvopastorale Col dei Prai \u2013 Forzela, in dipendenza delle varie fasi di lavorazione e dei vari sentieri che ad essa confluiscono.<\/p>\n<p>Fino al 18 dicembre\u00a0 limitato il traffico sulla strada comunale della Valle di Gares, in particolare nella Loc. Pian de Sabion, nonch\u00e9 sui parcheggi siti nelle vicinanze ed immediate adiacenze, in dipendenza del trasporto del legname e\/o materiali vari nelle localit\u00e0 stesse, in particolare nei piazzali di deposito. Stessa ordinanza ma sabato e domenica esclusi nella zona compresa tra Gares, La Stia ed adiacenze. Interruzione della strada silvo pastorale n. 12 La Stia, in dipendenza delle varie fasi di lavorazione. Nel periodo dei lavori \u00e8 consentito il transito pedonale per la localit\u00e0 malga Stia attraverso il sentiero CAI n. 754. Nello stesso periodo \u00e8 limitato il traffico sulla strada comunale della Valle di Gares, in\u00a0 particolare dalla Loc. Palafachina fino alla Frazione di Gares, nonch\u00e9 sui parcheggi siti nelle vicinanze ed immediate adiacenze, in dipendenza del trasporto del legname e\/o materiali vari nelle localit\u00e0 stesse, in particolare nei piazzali di deposito<\/p>\n<p>&nbsp;<\/p>\n<p>&nbsp;<\/p>\n<hr \/>\n<p>&nbsp;<\/p>\n<blockquote>\n<h3><strong><a href=\"https:\/\/www.radiopiu.net\/wordpress\/agordo-il-mio-paese-litalia-che-vorrei-di-mirko-mezzacasa\/8cea600a-c88b-4d28-8748-e360e4864c44\/\" rel=\"attachment wp-att-144890\"><img loading=\"lazy\" decoding=\"async\" class=\" wp-image-144890 alignleft\" src=\"https:\/\/www.radiopiu.net\/wordpress\/wp-content\/uploads\/2020\/06\/8cea600a-c88b-4d28-8748-e360e4864c44-300x225.jpg\" sizes=\"auto, (max-width: 155px) 100vw, 155px\" srcset=\"https:\/\/www.radiopiu.net\/wordpress\/wp-content\/uploads\/2020\/06\/8cea600a-c88b-4d28-8748-e360e4864c44-300x225.jpg 300w, https:\/\/www.radiopiu.net\/wordpress\/wp-content\/uploads\/2020\/06\/8cea600a-c88b-4d28-8748-e360e4864c44-1024x768.jpg 1024w, https:\/\/www.radiopiu.net\/wordpress\/wp-content\/uploads\/2020\/06\/8cea600a-c88b-4d28-8748-e360e4864c44-768x576.jpg 768w, https:\/\/www.radiopiu.net\/wordpress\/wp-content\/uploads\/2020\/06\/8cea600a-c88b-4d28-8748-e360e4864c44-1536x1152.jpg 1536w, https:\/\/www.radiopiu.net\/wordpress\/wp-content\/uploads\/2020\/06\/8cea600a-c88b-4d28-8748-e360e4864c44.jpg 2048w\" alt=\"\" width=\"155\" height=\"116\" \/><\/a><\/strong>LAVORI DI RIFACIMENTO DEL PONTE SUL TORRENTE CAMPREGANA<\/h3>\n<\/blockquote>\n<p><strong>AGORDO<\/strong>\u00a0Fino al 16 luglio, per le frazioni Farenzena e Val di Frela deviazioni per la\u00a0 strada silvo-pastorale Farenzena-Don\u00a0<em>Transito consentito\u00a0<strong>A SALIRE<\/strong>, da frazione FARENZENA a localita\u0300 DON: dalle 6 alle 7:45, dalle 9 alle 9:45, dalle 11:00 alle 11:45, dalle 13 alle 13:45 \u2013 dalle 15 alle 15:45, dalle 17 alle 17:45, dalle 19 alle 19:45. Transito consentito<strong>\u00a0A SCENDERE<\/strong>, da localita\u0300 DON a frazione FARENZENA: dalle 8 alle 8:45, dalle 10 alle 10:45, dalle 12 alle 12:45, dalle 14 alle 14:45, dalle 16 alle 16:45, dalle 18 alle 18:45, dalle 20 alle 20:45. Dalle ore 20:45 alle ore 05:45 la circolazione dei veicoli e\u0300 consentita contemporaneamente in entrambi i sensi di marcia.\u00a0\u00a0<\/em><\/p>\n<p>&nbsp;<\/p>\n<p>&nbsp;<\/p>\n<hr \/>\n<p>&nbsp;<\/p>\n<blockquote>\n<h3>CICLISTA CADE IN MOUNTAIN BIKE A MEL E SCALATORE VOLA SULLA VIA SOLLEDER A VIGO DI CADORE<\/h3>\n<\/blockquote>\n<p><strong><a href=\"https:\/\/www.radiopiu.net\/wordpress\/elicottero-della-protezione-civile-triplice-addestramento-sulle-montagne-bellunesi\/img-20210424-wa0017\/\" rel=\"attachment wp-att-205595\"><img loading=\"lazy\" decoding=\"async\" class=\"size-medium wp-image-205595 alignleft\" src=\"https:\/\/www.radiopiu.net\/wordpress\/wp-content\/uploads\/2021\/04\/IMG-20210424-WA0017-300x225.jpg\" alt=\"\" width=\"300\" height=\"225\" srcset=\"https:\/\/www.radiopiu.net\/wordpress\/wp-content\/uploads\/2021\/04\/IMG-20210424-WA0017-300x225.jpg 300w, https:\/\/www.radiopiu.net\/wordpress\/wp-content\/uploads\/2021\/04\/IMG-20210424-WA0017-1024x768.jpg 1024w, https:\/\/www.radiopiu.net\/wordpress\/wp-content\/uploads\/2021\/04\/IMG-20210424-WA0017-768x576.jpg 768w, https:\/\/www.radiopiu.net\/wordpress\/wp-content\/uploads\/2021\/04\/IMG-20210424-WA0017-1536x1152.jpg 1536w, https:\/\/www.radiopiu.net\/wordpress\/wp-content\/uploads\/2021\/04\/IMG-20210424-WA0017.jpg 1600w\" sizes=\"auto, (max-width: 300px) 100vw, 300px\" \/><\/a>BORGO VALBELLUNA <\/strong>Ieri attorno alle 11.40 la Centrale del Suem \u00e8 stata allertata da alcune persone, che stavano facendo lavori nei boschi a Col de Moi, sopra Mel, a Borgo Valbelluna, per un incidente accaduto a un ciclista nelle loro vicinanze. C.M., 29 anni, di Sernaglia della Battaglia (TV), era infatti caduto in mountain bike e un ferro della bicicletta lo aveva ferito a una gamba. Risaliti alle coordinate del punto in cui si trovava, l&#8217;elicottero del Suem di Pieve di Cadore ha raggiunto il luogo e sbarcato nel bosco, con un verricello di 30 metri, personale sanitario e tecnico di elisoccorso. Il giovane \u00e8 stato medicato, imbarellato e issato a bordo, per essere trasportato all&#8217;ospedale di Belluno.<\/p>\n<p><strong>VIGO DI CADORE <\/strong>Sempre ieri passate da poco le 12, \u00e8 scattato un secondo allarme, per un alpinista volato diversi metri, primo di cordata, sul terzo tiro della Via Solleder alla Cima Giaf, a Vigo di Cadore. \u00c8 intervenuto l&#8217;elicottero dell&#8217;Aiut Alpin Dolomites, che ha recuperato lo scalatore per i possibili traumi riportati e lo ha accompagnato all&#8217;ospedale di Bolzano. I tre compagni di cordata in parete si sono arrangiati a rientrare calandosi con le doppie. Pronto a intervenire il Soccorso alpino del Centro Cadore.<\/p>\n<p>&nbsp;<\/p>\n<p>&nbsp;<\/p>\n<hr \/>\n<p>&nbsp;<\/p>\n<blockquote>\n<h3>SCIVOLA MENTRE SCENDE DALL&#8217;EREMO DEI ROMITI, IL SOCCORSO ALPINO LA PORTA A VALLE<\/h3>\n<\/blockquote>\n<p><strong><a href=\"https:\/\/www.radiopiu.net\/wordpress\/torna-la-festa-del-volontariato-cadorino-sabato-1-settembre\/soccorsoalpino\/\" rel=\"attachment wp-att-59164\"><img loading=\"lazy\" decoding=\"async\" class=\" wp-image-59164 alignleft\" src=\"https:\/\/www.radiopiu.net\/wordpress\/wp-content\/uploads\/2018\/08\/soccorsoalpino-300x300.jpg\" alt=\"\" width=\"145\" height=\"145\" srcset=\"https:\/\/www.radiopiu.net\/wordpress\/wp-content\/uploads\/2018\/08\/soccorsoalpino-300x300.jpg 300w, https:\/\/www.radiopiu.net\/wordpress\/wp-content\/uploads\/2018\/08\/soccorsoalpino-150x150.jpg 150w, https:\/\/www.radiopiu.net\/wordpress\/wp-content\/uploads\/2018\/08\/soccorsoalpino-768x768.jpg 768w, https:\/\/www.radiopiu.net\/wordpress\/wp-content\/uploads\/2018\/08\/soccorsoalpino-1024x1024.jpg 1024w, https:\/\/www.radiopiu.net\/wordpress\/wp-content\/uploads\/2018\/08\/soccorsoalpino.jpg 1200w\" sizes=\"auto, (max-width: 145px) 100vw, 145px\" \/><\/a>DOMEGGE DI CADORE <\/strong>Attorno alle 15 il Soccorso alpino del Centro Cadore \u00e8 stato allertato, per un&#8217;escursionista scivolata mentre scendeva dall&#8217;Eremo dei Romiti lungo il sentiero con altre due persone. Una squadra \u00e8 salita in jeep per poi ridiscendere a piedi e raggiungere, in un quarto d&#8217;ora, la donna, F.B., 57 anni, di Trivignano (VE), che aveva riportato un probabile trauma alla caviglia. Dopo averle stabilizzato la gamba, i soccorritori la hanno caricata sulla barella portantina e con tecnica di contrappeso, in tre riprese, la hanno sollevata fino al Rifugio e da l\u00ec con il fuoristrada la hanno accompagnata all&#8217;ospedale di Pieve di Cadore.<\/p>\n<p>&nbsp;<\/p>\n<hr \/>\n<p>&nbsp;<\/p>\n<blockquote>\n<h3>DUE FERITI NELLO SCHIANTO A TAI<\/h3>\n<\/blockquote>\n<p><strong>PIEVE DI CADORE<\/strong> Ieri mattina alle 9: una mancata precedenza \u00e8 la causa dell&#8217;incidente con conseguenze non gravi. sulla statale 51 di Alemagna\u00a0 al bivio per\u00a0 Auronzo e Cortina e Dobbiaco dall&#8217;altra. In collisione una\u00a0 Panda e\u00a0 una Fiat Sedici. Due feriti lievi al Giovanni Paolo II. Il traffico \u00e8 stato regolato da un senso unico alternato.<\/p>\n<p>&nbsp;<\/p>\n<hr \/>\n<p>&nbsp;<\/p>\n<blockquote>\n<h3>DOMANI ALLE 10 I FUNERALI DI GABRIELLA CONT NELL&#8217;ARCIPRETALE DI CESIOMAGGIONRE<\/h3>\n<\/blockquote>\n<p><strong>CESIOMAGGIORE<\/strong> Giorni strazianti per il marito Bruno, le figlie Claudia, Silvia e Marina, cos\u00ec come per i parenti e i tantissimi amici. I famigliari con gli adorati nipoti Tommaso, Filippo, Jacopo, Martino, Margherita, Edoardo, Ludovica hanno deciso la data dei funerali: domani alle 10 a Cesiomaggiore, alle 9.30 la recita del rosario.<\/p>\n<p><a href=\"https:\/\/www.radiopiu.net\/wordpress\/martedi-alle-10-i-funerali-di-gabriella-nellarcipretale-di-cesiomaggionre\/6d6d886f-6544-4f72-b6a4-76a5200e49d0\/\" rel=\"attachment wp-att-220971\"><img loading=\"lazy\" decoding=\"async\" class=\"alignnone wp-image-220971\" src=\"https:\/\/www.radiopiu.net\/wordpress\/wp-content\/uploads\/2021\/07\/6d6d886f-6544-4f72-b6a4-76a5200e49d0-220x300.jpg\" alt=\"\" width=\"103\" height=\"140\" srcset=\"https:\/\/www.radiopiu.net\/wordpress\/wp-content\/uploads\/2021\/07\/6d6d886f-6544-4f72-b6a4-76a5200e49d0-220x300.jpg 220w, https:\/\/www.radiopiu.net\/wordpress\/wp-content\/uploads\/2021\/07\/6d6d886f-6544-4f72-b6a4-76a5200e49d0.jpg 751w\" sizes=\"auto, (max-width: 103px) 100vw, 103px\" \/><\/a><\/p>\n<p>&nbsp;<\/p>\n<p>&nbsp;<\/p>\n<hr \/>\n<blockquote>\n<h3><\/h3>\n<h3>UN NUOVO MEZZO DI TRASPORTO PER LA PROTEZIONE CIVILE ANTELAO<\/h3>\n<\/blockquote>\n<p><strong>VENEZIA <\/strong>La protezione civile e antincendio Antelao pu\u00f2 contare su un nuovo mezzo di trasporto<strong>. &#8220;<\/strong><em>Pochi si sono resi conto che durante il maltempo dello scorso dicembre ci sono state maggiori precipitazioni del 1966. Ciononostante, pur avendo avuto ingenti danni, sono stati infinitamente minori di allora innanzitutto perch\u00e9 non ci sono stati morti, ma anche nella conta totale dei medesimi. Questo \u00e8 dovuto ai tanti investimenti che, come Regione, in questi anni abbiamo fatto in termine di previsione e prevenzione, ma anche grazie al sempre preziosissimo e immediato aiuto che arriva sempre dai volontari di Protezione Civile. <\/em><em>\u00c8 una cosa che ho voluto sottolineare anche stamattina a Pieve di Cadore, dove abbiamo inaugurato un nuovo mezzo di trasporto e multifunzione acquistato dal gruppo di Protezione Civile e Antincendio Boschivo Antelao con il contributo della Regione<\/em>&#8221; dice Gianpaolo Bottacin, assessore regionale alla Protezione Civile<\/p>\n\n\t\t\t<style type='text\/css'>\n\t\t\t\t#gallery-2 {\n\t\t\t\t\tmargin: auto;\n\t\t\t\t}\n\t\t\t\t#gallery-2 .gallery-item {\n\t\t\t\t\tfloat: left;\n\t\t\t\t\tmargin-top: 10px;\n\t\t\t\t\ttext-align: center;\n\t\t\t\t\twidth: 25%;\n\t\t\t\t}\n\t\t\t\t#gallery-2 img {\n\t\t\t\t\tborder: 2px solid #cfcfcf;\n\t\t\t\t}\n\t\t\t\t#gallery-2 .gallery-caption {\n\t\t\t\t\tmargin-left: 0;\n\t\t\t\t}\n\t\t\t\t\/* see gallery_shortcode() in wp-includes\/media.php *\/\n\t\t\t<\/style>\n\t\t<div id='gallery-2' class='dt-gallery-container gallery galleryid-221226 gallery-columns-4 gallery-size-thumbnail'><dl class='gallery-item'>\n\t\t\t\t<dt class='gallery-icon landscape'>\n\t\t\t\t\t<a class=\"rollover rollover-zoom dt-pswp-item\" title=\"d0d7b742-c47f-4ed6-bf8e-a7a6bd62cc1a\" data-dt-img-description=\"\" data-large_image_width=\"1600\" data-large_image_height=\"1200\"href='https:\/\/www.radiopiu.net\/wordpress\/wp-content\/uploads\/2021\/07\/d0d7b742-c47f-4ed6-bf8e-a7a6bd62cc1a.jpg'><img loading=\"lazy\" decoding=\"async\" width=\"150\" height=\"150\" src=\"https:\/\/www.radiopiu.net\/wordpress\/wp-content\/uploads\/2021\/07\/d0d7b742-c47f-4ed6-bf8e-a7a6bd62cc1a-150x150.jpg\" class=\"attachment-thumbnail size-thumbnail\" alt=\"\" \/><\/a>\n\t\t\t\t<\/dt><\/dl><dl class='gallery-item'>\n\t\t\t\t<dt class='gallery-icon landscape'>\n\t\t\t\t\t<a class=\"rollover rollover-zoom dt-pswp-item\" title=\"18d5b8f2-cc43-44ba-b25e-25dfa2cef402\" data-dt-img-description=\"\" data-large_image_width=\"1600\" data-large_image_height=\"1200\"href='https:\/\/www.radiopiu.net\/wordpress\/wp-content\/uploads\/2021\/07\/18d5b8f2-cc43-44ba-b25e-25dfa2cef402.jpg'><img loading=\"lazy\" decoding=\"async\" width=\"150\" height=\"150\" src=\"https:\/\/www.radiopiu.net\/wordpress\/wp-content\/uploads\/2021\/07\/18d5b8f2-cc43-44ba-b25e-25dfa2cef402-150x150.jpg\" class=\"attachment-thumbnail size-thumbnail\" alt=\"\" \/><\/a>\n\t\t\t\t<\/dt><\/dl><dl class='gallery-item'>\n\t\t\t\t<dt class='gallery-icon landscape'>\n\t\t\t\t\t<a class=\"rollover rollover-zoom dt-pswp-item\" title=\"207d3fe1-9048-4cdd-a605-bfb49f2a3b92\" data-dt-img-description=\"\" data-large_image_width=\"1600\" data-large_image_height=\"1200\"href='https:\/\/www.radiopiu.net\/wordpress\/wp-content\/uploads\/2021\/07\/207d3fe1-9048-4cdd-a605-bfb49f2a3b92.jpg'><img loading=\"lazy\" decoding=\"async\" width=\"150\" height=\"150\" src=\"https:\/\/www.radiopiu.net\/wordpress\/wp-content\/uploads\/2021\/07\/207d3fe1-9048-4cdd-a605-bfb49f2a3b92-150x150.jpg\" class=\"attachment-thumbnail size-thumbnail\" alt=\"\" \/><\/a>\n\t\t\t\t<\/dt><\/dl><dl class='gallery-item'>\n\t\t\t\t<dt class='gallery-icon portrait'>\n\t\t\t\t\t<a class=\"rollover rollover-zoom dt-pswp-item\" title=\"33014237-ac3d-4312-978f-e47b746f113b\" data-dt-img-description=\"\" data-large_image_width=\"1200\" data-large_image_height=\"1600\"href='https:\/\/www.radiopiu.net\/wordpress\/wp-content\/uploads\/2021\/07\/33014237-ac3d-4312-978f-e47b746f113b.jpg'><img loading=\"lazy\" decoding=\"async\" width=\"150\" height=\"150\" src=\"https:\/\/www.radiopiu.net\/wordpress\/wp-content\/uploads\/2021\/07\/33014237-ac3d-4312-978f-e47b746f113b-150x150.jpg\" class=\"attachment-thumbnail size-thumbnail\" alt=\"\" \/><\/a>\n\t\t\t\t<\/dt><\/dl><br style=\"clear: both\" \/>\n\t\t\t<\/div>\n\n<p>&nbsp;<\/p>\n<p>&nbsp;<\/p>\n<hr \/>\n<h3><\/h3>\n<p>&nbsp;<\/p>\n<blockquote>\n<h3>I 90 ANNI DEL GRUPPO ALPINI MONTE CIVETTA DI ALLEGHE. PADRIN: &#8220;GLI ALPINI SONO IMPORTANTI, BISOGNA VALORIZZARLI&#8221;<\/h3>\n<\/blockquote>\n<p><strong><a href=\"https:\/\/www.radiopiu.net\/wordpress\/i-90-anni-del-gruppo-alpini-monte-civetta-di-alleghe-padrin-gli-alpini-sono-importanti-bisogna-valorizzarli\/schermata-2021-07-11-alle-17-47-31\/\" rel=\"attachment wp-att-221209\"><img loading=\"lazy\" decoding=\"async\" class=\"size-medium wp-image-221209 alignleft\" src=\"https:\/\/www.radiopiu.net\/wordpress\/wp-content\/uploads\/2021\/07\/Schermata-2021-07-11-alle-17.47.31-300x204.png\" alt=\"\" width=\"300\" height=\"204\" srcset=\"https:\/\/www.radiopiu.net\/wordpress\/wp-content\/uploads\/2021\/07\/Schermata-2021-07-11-alle-17.47.31-300x204.png 300w, https:\/\/www.radiopiu.net\/wordpress\/wp-content\/uploads\/2021\/07\/Schermata-2021-07-11-alle-17.47.31-1024x698.png 1024w, https:\/\/www.radiopiu.net\/wordpress\/wp-content\/uploads\/2021\/07\/Schermata-2021-07-11-alle-17.47.31-768x523.png 768w, https:\/\/www.radiopiu.net\/wordpress\/wp-content\/uploads\/2021\/07\/Schermata-2021-07-11-alle-17.47.31.png 1374w\" sizes=\"auto, (max-width: 300px) 100vw, 300px\" \/><\/a>ALLEGHE<\/strong> Grande festa ad Alleghe per i 90 anni del gruppo Alpini Monte Civetta, festeggiati con la fanfara della Brigata Cadore che di fronte allo stadio del ghiaccio Alvise De Toni ha allietato tutte le persone accorse per i festeggiamenti. Tra loro anche il sindaco di Alleghe Danilo De Toni e il Presidente della provincia di Belluno Roberto Padrin.<\/p>\n<p><strong>\u00a0<\/strong><\/p>\n<p><strong>\u00a0<\/strong><strong>IL SINDACO DI ALLEGHE DANILO DE TONI<\/strong><\/p>\n<audio class=\"wp-audio-shortcode\" id=\"audio-221226-2\" preload=\"none\" style=\"width: 100%;\" controls=\"controls\"><source type=\"audio\/mpeg\" src=\"https:\/\/www.radiopiu.net\/wordpress\/wp-content\/uploads\/2021\/07\/DANILO-DE-TONI-90-ANNI-ALPINI.mp3?_=2\" \/><a href=\"https:\/\/www.radiopiu.net\/wordpress\/wp-content\/uploads\/2021\/07\/DANILO-DE-TONI-90-ANNI-ALPINI.mp3\">https:\/\/www.radiopiu.net\/wordpress\/wp-content\/uploads\/2021\/07\/DANILO-DE-TONI-90-ANNI-ALPINI.mp3<\/a><\/audio>\n<p>&nbsp;<\/p>\n<p><strong>IL PRESIDENTE DELLA PROVINCIA DI BELLUNO ROBERTO PADRIN<\/strong><\/p>\n<audio class=\"wp-audio-shortcode\" id=\"audio-221226-3\" preload=\"none\" style=\"width: 100%;\" controls=\"controls\"><source type=\"audio\/mpeg\" src=\"https:\/\/www.radiopiu.net\/wordpress\/wp-content\/uploads\/2021\/07\/PADRIN-90-ANNI-ALPINI.mp3?_=3\" \/><a href=\"https:\/\/www.radiopiu.net\/wordpress\/wp-content\/uploads\/2021\/07\/PADRIN-90-ANNI-ALPINI.mp3\">https:\/\/www.radiopiu.net\/wordpress\/wp-content\/uploads\/2021\/07\/PADRIN-90-ANNI-ALPINI.mp3<\/a><\/audio>\n<p>&nbsp;<\/p>\n<h3><strong>I 90 ANNI DEGLI ALPINI DI ALLEGHE &#8211; LA DIRETTA<\/strong><\/h3>\n<p><iframe loading=\"lazy\" title=\"I 90 ANNI DEGLI ALPINI DI ALLEGHE\" width=\"1200\" height=\"675\" src=\"https:\/\/www.youtube.com\/embed\/kx7YfuBoDg0?feature=oembed\" frameborder=\"0\" allow=\"accelerometer; autoplay; clipboard-write; encrypted-media; gyroscope; picture-in-picture\" allowfullscreen><\/iframe><\/p>\n<p>&nbsp;<\/p>\n<hr \/>\n<p>&nbsp;<\/p>\n<blockquote>\n<h3>DUE APPUNTAMENTI IMPORTANTI IN RIVA AL LAGO DI ALLEGHE<\/h3>\n<\/blockquote>\n<p><strong><a href=\"https:\/\/www.radiopiu.net\/wordpress\/elezioni-comunali-2019-alleghe\/alleghe-danilo-de-toni\/\" rel=\"attachment wp-att-86463\"><img loading=\"lazy\" decoding=\"async\" class=\" wp-image-86463 alignleft\" src=\"https:\/\/www.radiopiu.net\/wordpress\/wp-content\/uploads\/2019\/05\/ALLEGHE-DANILO-DE-TONI-257x300.jpeg\" alt=\"\" width=\"118\" height=\"138\" srcset=\"https:\/\/www.radiopiu.net\/wordpress\/wp-content\/uploads\/2019\/05\/ALLEGHE-DANILO-DE-TONI-257x300.jpeg 257w, https:\/\/www.radiopiu.net\/wordpress\/wp-content\/uploads\/2019\/05\/ALLEGHE-DANILO-DE-TONI-768x895.jpeg 768w, https:\/\/www.radiopiu.net\/wordpress\/wp-content\/uploads\/2019\/05\/ALLEGHE-DANILO-DE-TONI-879x1024.jpeg 879w, https:\/\/www.radiopiu.net\/wordpress\/wp-content\/uploads\/2019\/05\/ALLEGHE-DANILO-DE-TONI.jpeg 1373w\" sizes=\"auto, (max-width: 118px) 100vw, 118px\" \/><\/a>ALLEGHE<\/strong> Sar\u00e0 un&#8217;estate di eventi ad Alleghe, a preannunciarlo il sindaco Danilo De Toni in occasione dei festeggiamenti per i 90 anni degli Alpini di Alleghe.<\/p>\n<audio class=\"wp-audio-shortcode\" id=\"audio-221226-4\" preload=\"none\" style=\"width: 100%;\" controls=\"controls\"><source type=\"audio\/mpeg\" src=\"https:\/\/www.radiopiu.net\/wordpress\/wp-content\/uploads\/2021\/07\/DANILO-DE-TONI-APPUNTAMENTI.mp3?_=4\" \/><a href=\"https:\/\/www.radiopiu.net\/wordpress\/wp-content\/uploads\/2021\/07\/DANILO-DE-TONI-APPUNTAMENTI.mp3\">https:\/\/www.radiopiu.net\/wordpress\/wp-content\/uploads\/2021\/07\/DANILO-DE-TONI-APPUNTAMENTI.mp3<\/a><\/audio>\n<p>&nbsp;<\/p>\n<hr \/>\n<p>&nbsp;<\/p>\n<h3><strong>PER NON DIMENTICARE&#8230;<\/strong><\/h3>\n<p><strong>\u00a0<\/strong><strong>COLLE SANTA LUCIA<\/strong> La raccolta fondi per la ricostruzione della frazione Canazei continua&#8230; ieri ad Alleghe.<br \/>\nL&#8217;ASSESSORE MAURIZIO TROI<\/p>\n<audio class=\"wp-audio-shortcode\" id=\"audio-221226-5\" preload=\"none\" style=\"width: 100%;\" controls=\"controls\"><source type=\"audio\/mpeg\" src=\"https:\/\/www.radiopiu.net\/wordpress\/wp-content\/uploads\/2021\/07\/TROI.mp3?_=5\" \/><a href=\"https:\/\/www.radiopiu.net\/wordpress\/wp-content\/uploads\/2021\/07\/TROI.mp3\">https:\/\/www.radiopiu.net\/wordpress\/wp-content\/uploads\/2021\/07\/TROI.mp3<\/a><\/audio>\n<p>&nbsp;<\/p>\n\n\t\t\t<style type='text\/css'>\n\t\t\t\t#gallery-3 {\n\t\t\t\t\tmargin: auto;\n\t\t\t\t}\n\t\t\t\t#gallery-3 .gallery-item {\n\t\t\t\t\tfloat: left;\n\t\t\t\t\tmargin-top: 10px;\n\t\t\t\t\ttext-align: center;\n\t\t\t\t\twidth: 33%;\n\t\t\t\t}\n\t\t\t\t#gallery-3 img {\n\t\t\t\t\tborder: 2px solid #cfcfcf;\n\t\t\t\t}\n\t\t\t\t#gallery-3 .gallery-caption {\n\t\t\t\t\tmargin-left: 0;\n\t\t\t\t}\n\t\t\t\t\/* see gallery_shortcode() in wp-includes\/media.php *\/\n\t\t\t<\/style>\n\t\t<div id='gallery-3' class='dt-gallery-container gallery galleryid-221226 gallery-columns-3 gallery-size-thumbnail'><dl class='gallery-item'>\n\t\t\t\t<dt class='gallery-icon landscape'>\n\t\t\t\t\t<a class=\"rollover rollover-zoom dt-pswp-item\" title=\"th\" data-dt-img-description=\"\" data-large_image_width=\"228\" data-large_image_height=\"152\"href='https:\/\/www.radiopiu.net\/wordpress\/wp-content\/uploads\/2021\/07\/th-8.jpg'><img loading=\"lazy\" decoding=\"async\" width=\"150\" height=\"150\" src=\"https:\/\/www.radiopiu.net\/wordpress\/wp-content\/uploads\/2021\/07\/th-8-150x150.jpg\" class=\"attachment-thumbnail size-thumbnail\" alt=\"\" \/><\/a>\n\t\t\t\t<\/dt><\/dl><dl class='gallery-item'>\n\t\t\t\t<dt class='gallery-icon landscape'>\n\t\t\t\t\t<a class=\"rollover rollover-zoom dt-pswp-item\" title=\"3410d56b-61a2-406d-b645-ecee5ac518c6\" data-dt-img-description=\"\" data-large_image_width=\"1920\" data-large_image_height=\"1080\"href='https:\/\/www.radiopiu.net\/wordpress\/wp-content\/uploads\/2021\/07\/3410d56b-61a2-406d-b645-ecee5ac518c6.jpg'><img loading=\"lazy\" decoding=\"async\" width=\"150\" height=\"150\" src=\"https:\/\/www.radiopiu.net\/wordpress\/wp-content\/uploads\/2021\/07\/3410d56b-61a2-406d-b645-ecee5ac518c6-150x150.jpg\" class=\"attachment-thumbnail size-thumbnail\" alt=\"\" \/><\/a>\n\t\t\t\t<\/dt><\/dl><dl class='gallery-item'>\n\t\t\t\t<dt class='gallery-icon landscape'>\n\t\t\t\t\t<a class=\"rollover rollover-zoom dt-pswp-item\" title=\"6f28feb6-5a91-41a7-8953-ebeefd69b51c\" data-dt-img-description=\"\" data-large_image_width=\"1920\" data-large_image_height=\"1080\"href='https:\/\/www.radiopiu.net\/wordpress\/wp-content\/uploads\/2021\/07\/6f28feb6-5a91-41a7-8953-ebeefd69b51c.jpg'><img loading=\"lazy\" decoding=\"async\" width=\"150\" height=\"150\" src=\"https:\/\/www.radiopiu.net\/wordpress\/wp-content\/uploads\/2021\/07\/6f28feb6-5a91-41a7-8953-ebeefd69b51c-150x150.jpg\" class=\"attachment-thumbnail size-thumbnail\" alt=\"\" \/><\/a>\n\t\t\t\t<\/dt><\/dl><br style=\"clear: both\" \/>\n\t\t\t<\/div>\n\n<p>&nbsp;<\/p>\n<p>&nbsp;<\/p>\n<hr \/>\n<p>&nbsp;<\/p>\n<blockquote class=\"wp-embedded-content\" data-secret=\"glo3YmA8E5\"><p><a href=\"https:\/\/www.radiopiu.net\/wordpress\/aggiornamentolug11\/\">CORONAVIRUS: AGGIORNAMENTO NAZIONALE 11 LUGLIO  2021<\/a><\/p><\/blockquote>\n<p><iframe loading=\"lazy\" class=\"wp-embedded-content\" sandbox=\"allow-scripts\" security=\"restricted\" style=\"position: absolute; clip: rect(1px, 1px, 1px, 1px);\" title=\"&#8220;CORONAVIRUS: AGGIORNAMENTO NAZIONALE 11 LUGLIO  2021&#8221; &#8212; Radio Pi\u00f9\" src=\"https:\/\/www.radiopiu.net\/wordpress\/aggiornamentolug11\/embed\/#?secret=glo3YmA8E5\" data-secret=\"glo3YmA8E5\" width=\"600\" height=\"338\" frameborder=\"0\" marginwidth=\"0\" marginheight=\"0\" scrolling=\"no\"><\/iframe><\/p>\n<p>&nbsp;<\/p>\n<p>&nbsp;<\/p>\n<blockquote class=\"wp-embedded-content\" data-secret=\"m2wM0CENWQ\"><p><a href=\"https:\/\/www.radiopiu.net\/wordpress\/un-decesso-e-125-nuove-positivita-nelle-ultime-24-in-veneto\/\">UN DECESSO E 125 NUOVE POSITIVITA&#8217; NELLE ULTIME 24 IN VENETO<\/a><\/p><\/blockquote>\n<p><iframe loading=\"lazy\" class=\"wp-embedded-content\" sandbox=\"allow-scripts\" security=\"restricted\" style=\"position: absolute; clip: rect(1px, 1px, 1px, 1px);\" title=\"&#8220;UN DECESSO E 125 NUOVE POSITIVITA&#8217; NELLE ULTIME 24 IN VENETO&#8221; &#8212; Radio Pi\u00f9\" src=\"https:\/\/www.radiopiu.net\/wordpress\/un-decesso-e-125-nuove-positivita-nelle-ultime-24-in-veneto\/embed\/#?secret=m2wM0CENWQ\" data-secret=\"m2wM0CENWQ\" width=\"600\" height=\"338\" frameborder=\"0\" marginwidth=\"0\" marginheight=\"0\" scrolling=\"no\"><\/iframe><\/p>\n<p>&nbsp;<\/p>\n<h3>I GRAFICI DI TIZIANO DE COL<\/h3>\n\n\t\t\t<style type='text\/css'>\n\t\t\t\t#gallery-4 {\n\t\t\t\t\tmargin: auto;\n\t\t\t\t}\n\t\t\t\t#gallery-4 .gallery-item {\n\t\t\t\t\tfloat: left;\n\t\t\t\t\tmargin-top: 10px;\n\t\t\t\t\ttext-align: center;\n\t\t\t\t\twidth: 20%;\n\t\t\t\t}\n\t\t\t\t#gallery-4 img {\n\t\t\t\t\tborder: 2px solid #cfcfcf;\n\t\t\t\t}\n\t\t\t\t#gallery-4 .gallery-caption {\n\t\t\t\t\tmargin-left: 0;\n\t\t\t\t}\n\t\t\t\t\/* see gallery_shortcode() in wp-includes\/media.php *\/\n\t\t\t<\/style>\n\t\t<div id='gallery-4' class='dt-gallery-container gallery galleryid-221226 gallery-columns-5 gallery-size-medium'><dl class='gallery-item'>\n\t\t\t\t<dt class='gallery-icon landscape'>\n\t\t\t\t\t<a class=\"rollover rollover-zoom dt-pswp-item\" title=\"e4aabf4b-a553-46ad-a8e6-a619e4812f3e\" data-dt-img-description=\"\" data-large_image_width=\"588\" data-large_image_height=\"358\"href='https:\/\/www.radiopiu.net\/wordpress\/wp-content\/uploads\/2021\/07\/e4aabf4b-a553-46ad-a8e6-a619e4812f3e.jpg'><img loading=\"lazy\" decoding=\"async\" width=\"300\" height=\"183\" src=\"https:\/\/www.radiopiu.net\/wordpress\/wp-content\/uploads\/2021\/07\/e4aabf4b-a553-46ad-a8e6-a619e4812f3e-300x183.jpg\" class=\"attachment-medium size-medium\" alt=\"\" srcset=\"https:\/\/www.radiopiu.net\/wordpress\/wp-content\/uploads\/2021\/07\/e4aabf4b-a553-46ad-a8e6-a619e4812f3e-300x183.jpg 300w, https:\/\/www.radiopiu.net\/wordpress\/wp-content\/uploads\/2021\/07\/e4aabf4b-a553-46ad-a8e6-a619e4812f3e.jpg 588w\" sizes=\"auto, (max-width: 300px) 100vw, 300px\" \/><\/a>\n\t\t\t\t<\/dt><\/dl><dl class='gallery-item'>\n\t\t\t\t<dt class='gallery-icon landscape'>\n\t\t\t\t\t<a class=\"rollover rollover-zoom dt-pswp-item\" title=\"2bbeba1b-f01c-4f8a-9d1b-c0978439707f\" data-dt-img-description=\"\" data-large_image_width=\"610\" data-large_image_height=\"353\"href='https:\/\/www.radiopiu.net\/wordpress\/wp-content\/uploads\/2021\/07\/2bbeba1b-f01c-4f8a-9d1b-c0978439707f.jpg'><img loading=\"lazy\" decoding=\"async\" width=\"300\" height=\"174\" src=\"https:\/\/www.radiopiu.net\/wordpress\/wp-content\/uploads\/2021\/07\/2bbeba1b-f01c-4f8a-9d1b-c0978439707f-300x174.jpg\" class=\"attachment-medium size-medium\" alt=\"\" srcset=\"https:\/\/www.radiopiu.net\/wordpress\/wp-content\/uploads\/2021\/07\/2bbeba1b-f01c-4f8a-9d1b-c0978439707f-300x174.jpg 300w, https:\/\/www.radiopiu.net\/wordpress\/wp-content\/uploads\/2021\/07\/2bbeba1b-f01c-4f8a-9d1b-c0978439707f.jpg 610w\" sizes=\"auto, (max-width: 300px) 100vw, 300px\" \/><\/a>\n\t\t\t\t<\/dt><\/dl><dl class='gallery-item'>\n\t\t\t\t<dt class='gallery-icon landscape'>\n\t\t\t\t\t<a class=\"rollover rollover-zoom dt-pswp-item\" title=\"0203f34a-7e6b-474b-88a8-619f2c39c2ae\" data-dt-img-description=\"\" data-large_image_width=\"614\" data-large_image_height=\"352\"href='https:\/\/www.radiopiu.net\/wordpress\/wp-content\/uploads\/2021\/07\/0203f34a-7e6b-474b-88a8-619f2c39c2ae.jpg'><img loading=\"lazy\" decoding=\"async\" width=\"300\" height=\"172\" src=\"https:\/\/www.radiopiu.net\/wordpress\/wp-content\/uploads\/2021\/07\/0203f34a-7e6b-474b-88a8-619f2c39c2ae-300x172.jpg\" class=\"attachment-medium size-medium\" alt=\"\" srcset=\"https:\/\/www.radiopiu.net\/wordpress\/wp-content\/uploads\/2021\/07\/0203f34a-7e6b-474b-88a8-619f2c39c2ae-300x172.jpg 300w, https:\/\/www.radiopiu.net\/wordpress\/wp-content\/uploads\/2021\/07\/0203f34a-7e6b-474b-88a8-619f2c39c2ae.jpg 614w\" sizes=\"auto, (max-width: 300px) 100vw, 300px\" \/><\/a>\n\t\t\t\t<\/dt><\/dl><dl class='gallery-item'>\n\t\t\t\t<dt class='gallery-icon landscape'>\n\t\t\t\t\t<a class=\"rollover rollover-zoom dt-pswp-item\" title=\"526d38aa-df71-4fe5-9a6d-af0593d93062\" data-dt-img-description=\"\" data-large_image_width=\"604\" data-large_image_height=\"355\"href='https:\/\/www.radiopiu.net\/wordpress\/wp-content\/uploads\/2021\/07\/526d38aa-df71-4fe5-9a6d-af0593d93062.jpg'><img loading=\"lazy\" decoding=\"async\" width=\"300\" height=\"176\" src=\"https:\/\/www.radiopiu.net\/wordpress\/wp-content\/uploads\/2021\/07\/526d38aa-df71-4fe5-9a6d-af0593d93062-300x176.jpg\" class=\"attachment-medium size-medium\" alt=\"\" srcset=\"https:\/\/www.radiopiu.net\/wordpress\/wp-content\/uploads\/2021\/07\/526d38aa-df71-4fe5-9a6d-af0593d93062-300x176.jpg 300w, https:\/\/www.radiopiu.net\/wordpress\/wp-content\/uploads\/2021\/07\/526d38aa-df71-4fe5-9a6d-af0593d93062.jpg 604w\" sizes=\"auto, (max-width: 300px) 100vw, 300px\" \/><\/a>\n\t\t\t\t<\/dt><\/dl><dl class='gallery-item'>\n\t\t\t\t<dt class='gallery-icon landscape'>\n\t\t\t\t\t<a class=\"rollover rollover-zoom dt-pswp-item\" title=\"bb6a1155-4ad5-49c4-b104-5605f27b7899\" data-dt-img-description=\"\" data-large_image_width=\"600\" data-large_image_height=\"350\"href='https:\/\/www.radiopiu.net\/wordpress\/wp-content\/uploads\/2021\/07\/bb6a1155-4ad5-49c4-b104-5605f27b7899.jpg'><img loading=\"lazy\" decoding=\"async\" width=\"300\" height=\"175\" src=\"https:\/\/www.radiopiu.net\/wordpress\/wp-content\/uploads\/2021\/07\/bb6a1155-4ad5-49c4-b104-5605f27b7899-300x175.jpg\" class=\"attachment-medium size-medium\" alt=\"\" srcset=\"https:\/\/www.radiopiu.net\/wordpress\/wp-content\/uploads\/2021\/07\/bb6a1155-4ad5-49c4-b104-5605f27b7899-300x175.jpg 300w, https:\/\/www.radiopiu.net\/wordpress\/wp-content\/uploads\/2021\/07\/bb6a1155-4ad5-49c4-b104-5605f27b7899.jpg 600w\" sizes=\"auto, (max-width: 300px) 100vw, 300px\" \/><\/a>\n\t\t\t\t<\/dt><\/dl><br style=\"clear: both\" \/>\n\t\t\t<\/div>\n\n<p>&nbsp;<\/p>\n<hr \/>\n<p>&nbsp;<\/p>\n<blockquote>\n<h3>CRISI ACC: LA FIOM DI BELLUNO CHIEDE CHIAREZZA<\/h3>\n<\/blockquote>\n<p><strong><a href=\"https:\/\/www.radiopiu.net\/wordpress\/acc-mel-lopinione-di-stefano-bona-fiom-cigl\/acc-mel-2\/\" rel=\"attachment wp-att-217731\"><img loading=\"lazy\" decoding=\"async\" class=\"size-medium wp-image-217731 alignleft\" src=\"https:\/\/www.radiopiu.net\/wordpress\/wp-content\/uploads\/2021\/06\/ACC-MEL-300x171.png\" alt=\"\" width=\"300\" height=\"171\" srcset=\"https:\/\/www.radiopiu.net\/wordpress\/wp-content\/uploads\/2021\/06\/ACC-MEL-300x171.png 300w, https:\/\/www.radiopiu.net\/wordpress\/wp-content\/uploads\/2021\/06\/ACC-MEL-1024x585.png 1024w, https:\/\/www.radiopiu.net\/wordpress\/wp-content\/uploads\/2021\/06\/ACC-MEL-768x439.png 768w, https:\/\/www.radiopiu.net\/wordpress\/wp-content\/uploads\/2021\/06\/ACC-MEL.png 1376w\" sizes=\"auto, (max-width: 300px) 100vw, 300px\" \/><\/a>BELLUNO<\/strong> La CGIL FIOM di Belluno ritorna a parlare dei modi in cui il ministro Giorgetti sta trattando la crisi di ACC a Mel.<\/p>\n<blockquote><p><em>Eravamo convinti che l&#8217;avvento del governo Draghi, come da lui del resto dichiarato al suo insediamento, avrebbe portato nei comportamenti della politica e delle amministrazioni un canone maggiormente Europeo, e cio\u00e8 migliore, rispetto al passato ,in termini di trasparenza, legalit\u00e0, condivisione e partecipazione. La vicenda Acc sta invece diventando nelle mani del nuovo esecutivo, la cui gestione sta avvenendo con uno stile che un tempo si sarebbe definito sudamericano, l&#8217;insieme di tutti gli errori possibili! Come un caudillo qualsiasi il ministro Giorgetti, viola tutte le pi\u00f9 elementari regole in materia di confronto con le parti sociali e di coinvolgimento istituzionale degli enti locali, al posto delle convocazioni dei tavoli di crisi arrivano comunicati stampa scarni ed arroganti che offendono e sminuiscono il ruolo della regione Veneto, delle organizzazioni e delle rappresentanze sindacali, dei sindaci della Val Belluna. Un ruolo, lo ricordiamo con forza che fu decisivo nel primo salvataggio Acc nel 2014 e che non pu\u00f2 non esserlo anche oggi. Nel mentre apprendiamo che il &#8220;privato&#8221; con il quale il ministro sta negoziando la cessione di Acc non verrebbe selezionato attraverso la gara internazionale in corso, con le sue chiare procedure previste dalla legislazione Italiana e dalla normativa Europea, ma con una selezione, pare, personale e privata i cui criteri tutti ignorano. Gran bella figura con i grandi produttori del settore dell&#8217;elettrodomestico che sono poi i clienti di Acc e per questo i pi\u00f9 interessati ad essere rassicurati sui metodi con i quali viene individuato dal Governo un loro fornitore strategico. Fin da subito la Fiom di Belluno avvisa il ministro, il quale si professa a pi\u00f9 riprese come adepto della religione del &#8220;privato&#8221;: se il privato con il quale starebbe la cessione \u00e8 un altro fondo sulla stregua di quelli che hanno massacrato Acc nei primi anni 2000, se lo scordi! Se al contrario fosse un colosso Asiatico la cui intenzione di distruggere Acc \u00e8 nota ad ogni singolo rivenditore di compressori nel mondo, se lo scordi in eguale modo!! Stia certo il ministro che da ora in poi su tutto questo la vigilanza Operaia sar\u00e0 altissima!! <\/em><\/p>\n<p><em>Fiom Belluno<\/em><\/p><\/blockquote>\n<p>&nbsp;<\/p>\n<hr \/>\n<p>&nbsp;<\/p>\n<blockquote>\n<h3 class=\"p1\"><span class=\"s1\">LA PROVINCIA DI BELLUNO PARTECIPA AI 50 ANNI DALLA FONDAZIONE DI VAJONT<\/span><\/h3>\n<\/blockquote>\n<p class=\"p1\"><span class=\"s1\"><strong>BELLUNO <\/strong>\u00ab<em>La memoria della tragedia del 9 ottobre 1963 \u00e8 ancora viva e unisce le nostre comunit\u00e0. Ma il legame pi\u00f9 forte \u00e8 quello della solidariet\u00e0, che ha caratterizzato l\u2019indomani del disastro e continua a dare speranza anche oggi, di fronte al Covid<\/em>\u00bb. Lo ha detto il presidente della Provincia di Belluno, Roberto Padrin, intervenuto sabato mattina a Vajont (Pordenone), in occasione del cinquantesimo anniversario di fondazione della cittadina, nata all\u2019indomani della tragedia che ha distrutto Longarone, Erto e Casso. Erano presenti anche il sindaco di Ponte nelle Alpi Paolo Vendramini, la sindaca di Vajont Lavinia Corona, il deputato bellunese Roger De Menech (in qualit\u00e0 di vice presidente della Commissione Difesa alla Camera) e la sottosegretaria alla Transizione ecologica Vannia Gava. <\/span><span class=\"s1\">A Vajont, comunit\u00e0 sorta per ospitare i sopravvissuti di Erto e Casso (al pari di Nuova Erto, quartiere di Ponte nelle Alpi), \u00e8 stata intitolata una piazza alla Brigata Alpina Julia, che poche ore dopo la tragedia del 9 ottobre ha attivato i soccorsi con gli Alpini. <\/span><span class=\"s1\">\u00ab<em>Proprio gli Alpini sono uno dei fili conduttori della generosit\u00e0 e dell\u2019impegno disinteressato, oggi come allora, attivi sempre per dare una mano nel momento del bisogno &#8211; ha detto il sindaco di Ponte nelle Alpi Paolo Vendramini -. Il ricordo della tragedia, 50 anni dopo la nascita di Vajont, \u00e8 anche il modo per osservare la rinascita di una comunit\u00e0. Rinascita a cui aspiriamo anche oggi, dopo la crisi seminata dalla pandemia. E il modo per rinascere \u00e8 sempre lo stesso: il gioco di squadra e la solidariet\u00e0<\/em>\u00bb.<\/span><\/p>\n\n\t\t\t<style type='text\/css'>\n\t\t\t\t#gallery-5 {\n\t\t\t\t\tmargin: auto;\n\t\t\t\t}\n\t\t\t\t#gallery-5 .gallery-item {\n\t\t\t\t\tfloat: left;\n\t\t\t\t\tmargin-top: 10px;\n\t\t\t\t\ttext-align: center;\n\t\t\t\t\twidth: 33%;\n\t\t\t\t}\n\t\t\t\t#gallery-5 img {\n\t\t\t\t\tborder: 2px solid #cfcfcf;\n\t\t\t\t}\n\t\t\t\t#gallery-5 .gallery-caption {\n\t\t\t\t\tmargin-left: 0;\n\t\t\t\t}\n\t\t\t\t\/* see gallery_shortcode() in wp-includes\/media.php *\/\n\t\t\t<\/style>\n\t\t<div id='gallery-5' class='dt-gallery-container gallery galleryid-221226 gallery-columns-3 gallery-size-medium'><dl class='gallery-item'>\n\t\t\t\t<dt class='gallery-icon landscape'>\n\t\t\t\t\t<a class=\"rollover rollover-zoom dt-pswp-item\" title=\"PHOTO-2021-07-10-13-38-15 2\" data-dt-img-description=\"\" data-large_image_width=\"1600\" data-large_image_height=\"1200\"href='https:\/\/www.radiopiu.net\/wordpress\/wp-content\/uploads\/2021\/07\/PHOTO-2021-07-10-13-38-15-2.jpg'><img loading=\"lazy\" decoding=\"async\" width=\"300\" height=\"225\" src=\"https:\/\/www.radiopiu.net\/wordpress\/wp-content\/uploads\/2021\/07\/PHOTO-2021-07-10-13-38-15-2-300x225.jpg\" class=\"attachment-medium size-medium\" alt=\"\" srcset=\"https:\/\/www.radiopiu.net\/wordpress\/wp-content\/uploads\/2021\/07\/PHOTO-2021-07-10-13-38-15-2-300x225.jpg 300w, https:\/\/www.radiopiu.net\/wordpress\/wp-content\/uploads\/2021\/07\/PHOTO-2021-07-10-13-38-15-2-1024x768.jpg 1024w, https:\/\/www.radiopiu.net\/wordpress\/wp-content\/uploads\/2021\/07\/PHOTO-2021-07-10-13-38-15-2-768x576.jpg 768w, https:\/\/www.radiopiu.net\/wordpress\/wp-content\/uploads\/2021\/07\/PHOTO-2021-07-10-13-38-15-2-1536x1152.jpg 1536w, https:\/\/www.radiopiu.net\/wordpress\/wp-content\/uploads\/2021\/07\/PHOTO-2021-07-10-13-38-15-2.jpg 1600w\" sizes=\"auto, (max-width: 300px) 100vw, 300px\" \/><\/a>\n\t\t\t\t<\/dt><\/dl><dl class='gallery-item'>\n\t\t\t\t<dt class='gallery-icon landscape'>\n\t\t\t\t\t<a class=\"rollover rollover-zoom dt-pswp-item\" title=\"PHOTO-2021-07-10-13-38-15\" data-dt-img-description=\"\" data-large_image_width=\"1600\" data-large_image_height=\"1200\"href='https:\/\/www.radiopiu.net\/wordpress\/wp-content\/uploads\/2021\/07\/PHOTO-2021-07-10-13-38-15.jpg'><img loading=\"lazy\" decoding=\"async\" width=\"300\" height=\"225\" src=\"https:\/\/www.radiopiu.net\/wordpress\/wp-content\/uploads\/2021\/07\/PHOTO-2021-07-10-13-38-15-300x225.jpg\" class=\"attachment-medium size-medium\" alt=\"\" srcset=\"https:\/\/www.radiopiu.net\/wordpress\/wp-content\/uploads\/2021\/07\/PHOTO-2021-07-10-13-38-15-300x225.jpg 300w, https:\/\/www.radiopiu.net\/wordpress\/wp-content\/uploads\/2021\/07\/PHOTO-2021-07-10-13-38-15-1024x768.jpg 1024w, https:\/\/www.radiopiu.net\/wordpress\/wp-content\/uploads\/2021\/07\/PHOTO-2021-07-10-13-38-15-768x576.jpg 768w, https:\/\/www.radiopiu.net\/wordpress\/wp-content\/uploads\/2021\/07\/PHOTO-2021-07-10-13-38-15-1536x1152.jpg 1536w, https:\/\/www.radiopiu.net\/wordpress\/wp-content\/uploads\/2021\/07\/PHOTO-2021-07-10-13-38-15.jpg 1600w\" sizes=\"auto, (max-width: 300px) 100vw, 300px\" \/><\/a>\n\t\t\t\t<\/dt><\/dl><dl class='gallery-item'>\n\t\t\t\t<dt class='gallery-icon landscape'>\n\t\t\t\t\t<a class=\"rollover rollover-zoom dt-pswp-item\" title=\"PHOTO-2021-07-10-13-38-17\" data-dt-img-description=\"\" data-large_image_width=\"1600\" data-large_image_height=\"1200\"href='https:\/\/www.radiopiu.net\/wordpress\/wp-content\/uploads\/2021\/07\/PHOTO-2021-07-10-13-38-17.jpg'><img loading=\"lazy\" decoding=\"async\" width=\"300\" height=\"225\" src=\"https:\/\/www.radiopiu.net\/wordpress\/wp-content\/uploads\/2021\/07\/PHOTO-2021-07-10-13-38-17-300x225.jpg\" class=\"attachment-medium size-medium\" alt=\"\" srcset=\"https:\/\/www.radiopiu.net\/wordpress\/wp-content\/uploads\/2021\/07\/PHOTO-2021-07-10-13-38-17-300x225.jpg 300w, https:\/\/www.radiopiu.net\/wordpress\/wp-content\/uploads\/2021\/07\/PHOTO-2021-07-10-13-38-17-1024x768.jpg 1024w, https:\/\/www.radiopiu.net\/wordpress\/wp-content\/uploads\/2021\/07\/PHOTO-2021-07-10-13-38-17-768x576.jpg 768w, https:\/\/www.radiopiu.net\/wordpress\/wp-content\/uploads\/2021\/07\/PHOTO-2021-07-10-13-38-17-1536x1152.jpg 1536w, https:\/\/www.radiopiu.net\/wordpress\/wp-content\/uploads\/2021\/07\/PHOTO-2021-07-10-13-38-17.jpg 1600w\" sizes=\"auto, (max-width: 300px) 100vw, 300px\" \/><\/a>\n\t\t\t\t<\/dt><\/dl><br style=\"clear: both\" \/>\n\t\t\t<\/div>\n\n<p>&nbsp;<\/p>\n<p>&nbsp;<\/p>\n<hr \/>\n<p>&nbsp;<\/p>\n<blockquote>\n<h3>IL FIENILE CHE VORREBBE VENIRE GIU&#8217;<\/h3>\n<\/blockquote>\n<p><strong>TAIBON<\/strong> Pericolante e a bordo strada. Ecco il fienile che vorrebbe venire gi\u00f9, si trova sulla strada per Col Di Pr\u00e0, pi\u00f9 precisamente dopo la Baita del Tita. Un edificio da mettere in sicurezza prima che qualche trave arrivi addosso a qualche passante.<\/p>\n<p><a href=\"https:\/\/www.radiopiu.net\/wordpress\/il-fienile-che-vorrebbe-venire-giu\/41ddd594-8607-40ef-8c36-edecc0c4b1ca\/\" rel=\"attachment wp-att-221160\"><img loading=\"lazy\" decoding=\"async\" class=\"size-medium wp-image-221160 aligncenter\" src=\"https:\/\/www.radiopiu.net\/wordpress\/wp-content\/uploads\/2021\/07\/41ddd594-8607-40ef-8c36-edecc0c4b1ca-169x300.jpg\" alt=\"\" width=\"169\" height=\"300\" srcset=\"https:\/\/www.radiopiu.net\/wordpress\/wp-content\/uploads\/2021\/07\/41ddd594-8607-40ef-8c36-edecc0c4b1ca-169x300.jpg 169w, https:\/\/www.radiopiu.net\/wordpress\/wp-content\/uploads\/2021\/07\/41ddd594-8607-40ef-8c36-edecc0c4b1ca-576x1024.jpg 576w, https:\/\/www.radiopiu.net\/wordpress\/wp-content\/uploads\/2021\/07\/41ddd594-8607-40ef-8c36-edecc0c4b1ca-768x1365.jpg 768w, https:\/\/www.radiopiu.net\/wordpress\/wp-content\/uploads\/2021\/07\/41ddd594-8607-40ef-8c36-edecc0c4b1ca-864x1536.jpg 864w, https:\/\/www.radiopiu.net\/wordpress\/wp-content\/uploads\/2021\/07\/41ddd594-8607-40ef-8c36-edecc0c4b1ca.jpg 900w\" sizes=\"auto, (max-width: 169px) 100vw, 169px\" \/><\/a><\/p>\n<p>&nbsp;<\/p>\n<hr \/>\n<p>&nbsp;<\/p>\n<blockquote>\n<h3>RACCOLTA FIRME PER IL REFERENDUM SULLA GIUSTIZIA. 500 SOLO NEL FINE SETTIMANA<\/h3>\n<\/blockquote>\n<p><strong><a href=\"https:\/\/www.radiopiu.net\/wordpress\/?attachment_id=221124\" rel=\"attachment wp-att-221124\"><img loading=\"lazy\" decoding=\"async\" class=\" wp-image-221124 alignleft\" src=\"https:\/\/www.radiopiu.net\/wordpress\/wp-content\/uploads\/2021\/07\/Gazebo-10-luglio-300x225.jpeg\" alt=\"\" width=\"195\" height=\"146\" srcset=\"https:\/\/www.radiopiu.net\/wordpress\/wp-content\/uploads\/2021\/07\/Gazebo-10-luglio-300x225.jpeg 300w, https:\/\/www.radiopiu.net\/wordpress\/wp-content\/uploads\/2021\/07\/Gazebo-10-luglio-1024x768.jpeg 1024w, https:\/\/www.radiopiu.net\/wordpress\/wp-content\/uploads\/2021\/07\/Gazebo-10-luglio-768x576.jpeg 768w, https:\/\/www.radiopiu.net\/wordpress\/wp-content\/uploads\/2021\/07\/Gazebo-10-luglio-1536x1152.jpeg 1536w, https:\/\/www.radiopiu.net\/wordpress\/wp-content\/uploads\/2021\/07\/Gazebo-10-luglio.jpeg 1600w\" sizes=\"auto, (max-width: 195px) 100vw, 195px\" \/><\/a>BELLUNO <\/strong>Oltre 500 firme raccolte in due fine settimana. \u201c<em>La campagna sta andando oltre le aspettative \u2013 commenta il senatore Paolo Saviane -, quello della giustizia \u00e8 un tema che sta a cuore alle persone, stiamo riscontrando tanto interesse. Abbiamo voluto essere presenti anche nelle piccole realt\u00e0 come Sovramonte, dove solo in mattinata sono state raccolte oltre 20 firme, ottimo riscontro a Sedico con una cinquantina e a Belluno con pi\u00f9 di 150<\/em>&#8220;. La campagna \u201cChi sbaglia paga. Ci metto la firma\u201d, lanciata dalla Lega insieme ai Radicali, punta a raccogliere 500 mila firme per depositare i sei requisiti in Cassazione e avviare l&#8217;iter del Referendum. L&#8217;obiettivo da raggiungere \u00e8 molto vicino<\/p>\n<p>&nbsp;<\/p>\n<p>&nbsp;<\/p>\n<hr \/>\n<p>&nbsp;<\/p>\n<blockquote>\n<h3>SAN PELLEGRINO BIKE TRAIL KARPOS: PEDALARE DOVE L\u2019ARIA \u00c8 PI\u00d9 PURA<\/h3>\n<\/blockquote>\n<p><strong><a href=\"https:\/\/www.radiopiu.net\/wordpress\/giornale-radiopiu-11-luglio-2021-direttore-mirko-mezzacasa\/robertodepellegrin_flowpark_web-14\/\" rel=\"attachment wp-att-221053\"><img loading=\"lazy\" decoding=\"async\" class=\"size-medium wp-image-221053 alignleft\" src=\"https:\/\/www.radiopiu.net\/wordpress\/wp-content\/uploads\/2021\/07\/RobertoDePellegrin_FlowPark_web-14-300x200.jpg\" alt=\"\" width=\"300\" height=\"200\" srcset=\"https:\/\/www.radiopiu.net\/wordpress\/wp-content\/uploads\/2021\/07\/RobertoDePellegrin_FlowPark_web-14-300x200.jpg 300w, https:\/\/www.radiopiu.net\/wordpress\/wp-content\/uploads\/2021\/07\/RobertoDePellegrin_FlowPark_web-14-1024x683.jpg 1024w, https:\/\/www.radiopiu.net\/wordpress\/wp-content\/uploads\/2021\/07\/RobertoDePellegrin_FlowPark_web-14-768x512.jpg 768w, https:\/\/www.radiopiu.net\/wordpress\/wp-content\/uploads\/2021\/07\/RobertoDePellegrin_FlowPark_web-14-1536x1024.jpg 1536w, https:\/\/www.radiopiu.net\/wordpress\/wp-content\/uploads\/2021\/07\/RobertoDePellegrin_FlowPark_web-14.jpg 2048w\" sizes=\"auto, (max-width: 300px) 100vw, 300px\" \/><\/a>FALCADE\/SAN PELLEGRINO<\/strong> Allacciare il casco, controllare i rifornimenti e inforcare la bici. Gesti che si ripetono come rituali dovunque ci si trovi. Nei nuovi San Pellegrino Bike Trail Karpos queste azioni si accompagnano a uno zaino pieno di emozioni in tre single trail e due flow trail che si intersecano tra di loro a cavallo tra Veneto e Trentino, tra la Valle del Biois e il Passo San Pellegrino. Percorsi che rendono la montagna pi\u00f9 estrema a portata di bici con diversi gradi di difficolt\u00e0. Un progetto ideato e realizzato dalla Ski Area San Pellegrino per valorizzare il territorio della Valle del Biois e sostenuto da Karpos. Due i single trail di difficolt\u00e0 facile, percorribili da chiunque abbia un mezzo adatto e la giusta preparazione sulle gambe. Il numero uno, denominato \u201cFalcade\u201d, si estende per 10,5 km e un dislivello complessivo di 829 mt. La pendenza media oscilla tra il 5,5% e l\u201911,6% con punte del 32,6%. L\u2019anello permette di partire sia da Falcade, per chi si trova sul versante veneto, sia dal Passo San Pellegrino per chi giunge dal Trentino. Lungo il percorso si aprono distese di prati soleggiati che si intervallano ai tratti tra i boschi, dove la luce filtra tra i rami e il sottobosco rapisce con i suoi caratteristici profumi.\u00a0 Di pari difficolt\u00e0 l\u2019itinerario numero 3: il single trail San Pellegrino ha un dislivello di 611 metri e si estende per 11,3 km. Si arriva in quota con la seggiovia Costabella e, dopo aver riempito gli occhi della bellezza di questa conca avvolta dalle Dolomiti, si inforcano le due ruote procedendo in leggera discesa attraversando un contesto bucolico in cui sono le campane dei pascoli alpini a scandire il tempo. Di media difficolt\u00e0, invece, il single trail dedicato agli Innamorati \u2013questo il nome del percorso &#8211; che guida gli appassionati delle due ruote per 13 km con un dislivello di 1.388 m.\u00a0 Si parte dall\u2019arrivo dal Col Margherita, si scende verso il Passo Valles sul percorso che d\u2019inverno ospita la Pista degli Innamorati. Raggiunto il Passo Valles si prosegue verso Falcade su un tratto della strada regionale, per poi girare a destra e scendere a Malga Valles Alto e seguire il tracciato degli Innamorati fino a Caverson e da l\u00ec a Falcade. <em>\u00abIl San Pellegrino Bike Trail Karpos \u00e8 una delle novit\u00e0 di questa stagione estiva, insieme al parco botanico sul Col Margherita e ad altre iniziative che animeranno la nostra area <\/em>-afferma Mauro Vendruscolo, presidente della Ski Area San Pellegrino-. <em>Si tratta di un progetto che ci permette di rendere la nostra montagna un luogo da esplorare ma anche da rispettare. I nuovi tracciati bike consentono di ammirare da vicino le nostre Dolomiti Bellunesi e l\u2019imperdibile panorama della Valle del Biois, uno scenario unico in tutto il mondo. La nostra societ\u00e0 impianti, sempre attenta a rinnovare le proposte che il territorio pu\u00f2 offrire, ha deciso di rendere le nostre vette una meta anche per gli appassionati delle due ruote, con proposte adrenaliniche ma anche da vivere in famiglia. Karpos, realt\u00e0 di eccellenza del nostro territorio, ha creduto con noi in questi nuovi itinerari contribuendo a rendere possibile un\u2019offerta innovativa e nuova per l\u2019area. Ringrazio quanti hanno lavorato intensamente perch\u00e9 anche questo nuovo progetto garantisse la qualit\u00e0 che il nostro comprensorio si impone in ogni stagione\u00bb.<\/em><\/p>\n<p>&nbsp;<\/p>\n<p>&nbsp;<\/p>\n<hr \/>\n<p>&nbsp;<\/p>\n<blockquote>\n<h3>QUANDO LA CRODA DA LAGO TERMINA IN\u00a0 ALTO ADIGE<\/h3>\n<\/blockquote>\n<p><strong>REDAZIONE<\/strong> A segnalarcelo con una mail \u00e8 una nostra ascoltatrice che su un libretto d&#8217;appunti per le escursioni la Croda da Lago finisce oltre la provincia di Belluno&#8230;<\/p>\n\n\t\t\t<style type='text\/css'>\n\t\t\t\t#gallery-6 {\n\t\t\t\t\tmargin: auto;\n\t\t\t\t}\n\t\t\t\t#gallery-6 .gallery-item {\n\t\t\t\t\tfloat: left;\n\t\t\t\t\tmargin-top: 10px;\n\t\t\t\t\ttext-align: center;\n\t\t\t\t\twidth: 50%;\n\t\t\t\t}\n\t\t\t\t#gallery-6 img {\n\t\t\t\t\tborder: 2px solid #cfcfcf;\n\t\t\t\t}\n\t\t\t\t#gallery-6 .gallery-caption {\n\t\t\t\t\tmargin-left: 0;\n\t\t\t\t}\n\t\t\t\t\/* see gallery_shortcode() in wp-includes\/media.php *\/\n\t\t\t<\/style>\n\t\t<div id='gallery-6' class='dt-gallery-container gallery galleryid-221226 gallery-columns-2 gallery-size-medium'><dl class='gallery-item'>\n\t\t\t\t<dt class='gallery-icon portrait'>\n\t\t\t\t\t<a class=\"rollover rollover-zoom dt-pswp-item\" title=\"IMG20210711142810\" data-dt-img-description=\"\" data-large_image_width=\"1156\" data-large_image_height=\"2560\"href='https:\/\/www.radiopiu.net\/wordpress\/wp-content\/uploads\/2021\/07\/IMG20210711142810-scaled.jpg'><img loading=\"lazy\" decoding=\"async\" width=\"135\" height=\"300\" src=\"https:\/\/www.radiopiu.net\/wordpress\/wp-content\/uploads\/2021\/07\/IMG20210711142810-135x300.jpg\" class=\"attachment-medium size-medium\" alt=\"\" srcset=\"https:\/\/www.radiopiu.net\/wordpress\/wp-content\/uploads\/2021\/07\/IMG20210711142810-135x300.jpg 135w, https:\/\/www.radiopiu.net\/wordpress\/wp-content\/uploads\/2021\/07\/IMG20210711142810-462x1024.jpg 462w, https:\/\/www.radiopiu.net\/wordpress\/wp-content\/uploads\/2021\/07\/IMG20210711142810-768x1701.jpg 768w, https:\/\/www.radiopiu.net\/wordpress\/wp-content\/uploads\/2021\/07\/IMG20210711142810-694x1536.jpg 694w, https:\/\/www.radiopiu.net\/wordpress\/wp-content\/uploads\/2021\/07\/IMG20210711142810-925x2048.jpg 925w, https:\/\/www.radiopiu.net\/wordpress\/wp-content\/uploads\/2021\/07\/IMG20210711142810-scaled.jpg 1156w\" sizes=\"auto, (max-width: 135px) 100vw, 135px\" \/><\/a>\n\t\t\t\t<\/dt><\/dl><dl class='gallery-item'>\n\t\t\t\t<dt class='gallery-icon portrait'>\n\t\t\t\t\t<a class=\"rollover rollover-zoom dt-pswp-item\" title=\"IMG20210711142856\" data-dt-img-description=\"\" data-large_image_width=\"1156\" data-large_image_height=\"2560\"href='https:\/\/www.radiopiu.net\/wordpress\/wp-content\/uploads\/2021\/07\/IMG20210711142856-scaled.jpg'><img loading=\"lazy\" decoding=\"async\" width=\"135\" height=\"300\" src=\"https:\/\/www.radiopiu.net\/wordpress\/wp-content\/uploads\/2021\/07\/IMG20210711142856-135x300.jpg\" class=\"attachment-medium size-medium\" alt=\"\" srcset=\"https:\/\/www.radiopiu.net\/wordpress\/wp-content\/uploads\/2021\/07\/IMG20210711142856-135x300.jpg 135w, https:\/\/www.radiopiu.net\/wordpress\/wp-content\/uploads\/2021\/07\/IMG20210711142856-462x1024.jpg 462w, https:\/\/www.radiopiu.net\/wordpress\/wp-content\/uploads\/2021\/07\/IMG20210711142856-768x1701.jpg 768w, https:\/\/www.radiopiu.net\/wordpress\/wp-content\/uploads\/2021\/07\/IMG20210711142856-694x1536.jpg 694w, https:\/\/www.radiopiu.net\/wordpress\/wp-content\/uploads\/2021\/07\/IMG20210711142856-925x2048.jpg 925w, https:\/\/www.radiopiu.net\/wordpress\/wp-content\/uploads\/2021\/07\/IMG20210711142856-scaled.jpg 1156w\" sizes=\"auto, (max-width: 135px) 100vw, 135px\" \/><\/a>\n\t\t\t\t<\/dt><\/dl><br style=\"clear: both\" \/>\n\t\t\t<\/div>\n\n<p>&nbsp;<\/p>\n<hr \/>\n<p>&nbsp;<\/p>\n<div class=\"page-title-head hgroup\">\n<blockquote>\n<h3 class=\"entry-title\">VENETO: NEL 2020 IN CALO LE SEGNALAZIONI DI RICICLAGGIO, MA IL RISCHIO RIMANE ALTO A VERONA, PADOVA E VICENZA<\/h3>\n<\/blockquote>\n<\/div>\n<div class=\"page-title-breadcrumbs\">\n<p class=\"photoswipe-wrapper\"><a class=\"dt-pswp-item pspw-wrap-ready\" href=\"https:\/\/www.radiopiu.net\/wordpress\/wp-content\/uploads\/2021\/07\/Schermata-2021-07-10-alle-12.54.37.png\" data-dt-img-description=\"\" data-large_image_width=\"1264\" data-large_image_height=\"710\"><img loading=\"lazy\" decoding=\"async\" class=\"alignleft size-medium wp-image-221067\" src=\"https:\/\/www.radiopiu.net\/wordpress\/wp-content\/uploads\/2021\/07\/Schermata-2021-07-10-alle-12.54.37-300x169.png\" sizes=\"auto, (max-width: 300px) 100vw, 300px\" srcset=\"https:\/\/www.radiopiu.net\/wordpress\/wp-content\/uploads\/2021\/07\/Schermata-2021-07-10-alle-12.54.37-300x169.png 300w, https:\/\/www.radiopiu.net\/wordpress\/wp-content\/uploads\/2021\/07\/Schermata-2021-07-10-alle-12.54.37-1024x575.png 1024w, https:\/\/www.radiopiu.net\/wordpress\/wp-content\/uploads\/2021\/07\/Schermata-2021-07-10-alle-12.54.37-768x431.png 768w, https:\/\/www.radiopiu.net\/wordpress\/wp-content\/uploads\/2021\/07\/Schermata-2021-07-10-alle-12.54.37.png 1264w\" alt=\"\" width=\"300\" height=\"169\" \/><\/a>Sebbene a livello nazionale le segnalazioni sospette di riciclaggio ricevute dall\u2019Unit\u00e0 di Informazione Finanziaria (UIF) della Banca d\u2019Italia siano in aumento, nel Veneto, invece, scendono: l\u2019anno scorso le \u201cdenunce\u201d sono state 8.374, 417 in meno rispetto al 2019 . Oltre il 99 per cento del totale delle segnalazioni giunte nel 2020 riguarda operazioni di riciclaggio di denaro che, molto probabilmente, sono di provenienza illegale e poco meno dell\u20191 per cento, invece, sono riconducibili a misure sospette di terrorismo e proliferazione di armi di distruzione di massa.<\/p>\n<p>A livello provinciale le situazioni pi\u00f9 critiche si registrano nelle province di Verona (186,2 segnalazioni ogni 100 mila abitanti), di Padova (174,7) e di Vicenza (174,4). Rispetto al 2019, l\u2019unico territorio ad aver subito un incremento della variazione \u00e8 stato Belluno (+21,6 per cento) (vedi Tab. 1).<\/p>\n<p>Pi\u00f9 credito bancario alle imprese, meno infiltrazioni<br \/>\nLa contrazione delle segnalazioni di riciclaggio avvenuta in Veneto potrebbe trovare una sua \u201cgiustificazione\u201d nel fatto che in questo ultimo anno gli impieghi bancari vivi alle nostre imprese sono tornati a crescere. Se tra il marzo del 2011 (picco massimo di erogazione dei prestiti bancari alle aziende) fino allo stesso mese di quest\u2019anno, le aziende venete hanno subito una stretta creditizia pari a 26,4 miliardi di euro (-26,4 per cento), nell\u2019ultimo anno, invece, grazie alle misure a sostegno delle Pmi messe in campo dal governo Conte, i prestiti bancari sono aumentati di 5,4 miliardi (+7,9 per cento). Una inversione di tendenza importante, che potrebbe aver evitato a molte imprese la possibilit\u00e0 di \u201cincorrere\u201d in operazioni economico\/finanziarie poco trasparenti.<\/p>\n<p class=\"photoswipe-wrapper\"><a class=\"dt-pswp-item pspw-wrap-ready\" href=\"https:\/\/www.radiopiu.net\/wordpress\/wp-content\/uploads\/2021\/07\/Schermata-2021-07-10-alle-12.54.50.png\" data-dt-img-description=\"\" data-large_image_width=\"864\" data-large_image_height=\"590\"><img loading=\"lazy\" decoding=\"async\" class=\"alignleft size-medium wp-image-221066\" src=\"https:\/\/www.radiopiu.net\/wordpress\/wp-content\/uploads\/2021\/07\/Schermata-2021-07-10-alle-12.54.50-300x205.png\" sizes=\"auto, (max-width: 300px) 100vw, 300px\" srcset=\"https:\/\/www.radiopiu.net\/wordpress\/wp-content\/uploads\/2021\/07\/Schermata-2021-07-10-alle-12.54.50-300x205.png 300w, https:\/\/www.radiopiu.net\/wordpress\/wp-content\/uploads\/2021\/07\/Schermata-2021-07-10-alle-12.54.50-768x524.png 768w, https:\/\/www.radiopiu.net\/wordpress\/wp-content\/uploads\/2021\/07\/Schermata-2021-07-10-alle-12.54.50.png 864w\" alt=\"\" width=\"300\" height=\"205\" \/><\/a>Oltre 12mila imprese \u201cschedate\u201d: sono quelle pi\u00f9 a rischio<br \/>\nTuttavia, sono poco pi\u00f9 di 12mila le imprese venete che presentano crediti in sofferenza. In altre parole stiamo parlando delle aziende e delle partite Iva che risultano essere \u201cschedate\u201d presso la Centrale dei Rischi della Banca d\u2019Italia come insolventi. Una classificazione che, di fatto, pregiudica a questi soggetti economici di accedere a prestiti erogati dalle banche e dalle societ\u00e0 finanziarie. Una condizione che, ovviamente, non consente di avvalersi nemmeno delle misure agevolate approvate l\u2019anno scorso con il \u201cdecreto Liquidit\u00e0\u201d . Non potendo ricorrere a nessun intermediario finanziario queste Pmi, strutturalmente a corto di liquidit\u00e0 e in grosse difficolt\u00e0 finanziarie, in questo periodo di carenza di credito rischiano molto pi\u00f9 delle altre di scivolare tra le braccia degli strozzini. Per evitare tutto questo \u00e8 necessario incentivare il ricorso al \u201cFondo per la prevenzione\u201d dell\u2019usura. Uno strumento, quest\u2019ultimo, presente da decenni, ma poco utilizzato, anche perch\u00e9 sconosciuto ai pi\u00f9 e, conseguentemente, con scarse risorse economiche a disposizione. Al 31 marzo scorso, le situazioni pi\u00f9 critiche riguardano le province di Padova (2.500 imprese in sofferenza), di Vicenza (2.465) e Treviso (2.197).<\/p>\n<p>La conferma anche dai Ros: le imprese senza liquidit\u00e0 sono facile preda delle mafie<br \/>\nUna platea di aziende, quelle segnalate alla Centrale dei rischi, a cui \u00e8 pressocch\u00e8 interdetta la possibilit\u00e0 di chiedere un \u201csostegno\u201d alle banche che, rispetto alle altre, sono le pi\u00f9 esposte al rischio di essere \u201cavvicinate\u201d dalle organizzazioni criminali. Una tesi che \u00e8 stata confermata anche dai vertici dei Ros (Raggruppamento operativo speciale). In un\u2019intervista rilasciata sul principale giornale economico del Paese ben prima dell\u2019avvento della pandemia, il comandante Pasquale Angelosanto ha sottolineato come i mafiosi detengono una quantit\u00e0 enorme di liquidit\u00e0 proveniente da operazioni illecite da reimmettere nel mercato. Spesso, manager in doppio petto si offrono alle imprese settentrionali in difficolt\u00e0 come risolutori di queste crisi. Insomma, si presentano come una banca, anche se poi applicano ben altre regole. Il finanziamento erogato diventa il \u201cgrimaldello\u201d per acquisire una partecipazione significativa nell\u2019amministrazione societaria dell\u2019impresa. Poich\u00e8 l\u2019imprenditore non \u00e8 pi\u00f9 nelle condizioni di restituire la somma ricevuta, col tempo i malavitosi diventano i nuovi proprietari.<\/p>\n<p>&nbsp;<\/p>\n<hr \/>\n<p>&nbsp;<\/p>\n<blockquote>\n<h2>LE DIRETTE DI RADIO PIU&#8217;&#8230; E QUESTA SERA ALLE 20.30 ALLA RADIO&#8230;.<\/h2>\n<p>LA PRESENTAZIONE DEL LIBRO &#8220;CRISTALLI D&#8217;AMORE, POESIE&#8221; DALLA SALA DON TAMIS AD AGORDO<\/p><\/blockquote>\n<p><strong>AGORDO Sala \u201cdon Tamis\u201d di Agordo,\u00a0 presentazione del libro di Mariapia Fassari Cappelletti \u201cCristalli d\u2019amore, poesie\u201d . L\u2019incontro \u00e8 allietato dalla lettura di alcune poesia da parte di Brunella Moro, introdotte dal violino di Ivan Zasso.<\/strong><\/p>\n<p><strong>LA DIRETTA<\/strong><\/p>\n<p>https:\/\/www.facebook.com\/marco.baghy.1\/videos\/363502721884734\/<\/p>\n<p>&nbsp;<\/p>\n<p>&nbsp;<\/p>\n<hr \/>\n<p>&nbsp;<\/p>\n<blockquote>\n<h3>LA PIZZERIA BELLA NAPOLI&#8230; IN BIANCO-NERO E&#8217; LA NUOVA SEDE DELLO JUVENTUS CLUB BELLUNO<\/h3>\n<\/blockquote>\n<p>&nbsp;<\/p>\n<\/div>\n<p><strong><a href=\"https:\/\/www.radiopiu.net\/wordpress\/la-pizzeria-bella-napoli-in-bianco-nero-e-la-nuova-sede-dello-juventus-club-belluno\/fad494f9-9875-4ab3-8a5b-3c093bd85371\/\" rel=\"attachment wp-att-221112\"><img loading=\"lazy\" decoding=\"async\" class=\"size-medium wp-image-221112 alignleft\" src=\"https:\/\/www.radiopiu.net\/wordpress\/wp-content\/uploads\/2021\/07\/fad494f9-9875-4ab3-8a5b-3c093bd85371-300x216.jpg\" alt=\"\" width=\"300\" height=\"216\" srcset=\"https:\/\/www.radiopiu.net\/wordpress\/wp-content\/uploads\/2021\/07\/fad494f9-9875-4ab3-8a5b-3c093bd85371-300x216.jpg 300w, https:\/\/www.radiopiu.net\/wordpress\/wp-content\/uploads\/2021\/07\/fad494f9-9875-4ab3-8a5b-3c093bd85371-768x553.jpg 768w, https:\/\/www.radiopiu.net\/wordpress\/wp-content\/uploads\/2021\/07\/fad494f9-9875-4ab3-8a5b-3c093bd85371.jpg 984w\" sizes=\"auto, (max-width: 300px) 100vw, 300px\" \/><\/a>BELLUNO<\/strong> La nuova sede dello Juventus Club Belluno \u201cPavel Nedved\u201d? Alla Pizzeria Bella Napoli. Vista la rivalit\u00e0 con la squadra partenopea, solo a dirlo la notizia suona un po\u2019 curiosa ma, dopo la chiusura della vecchia sede (il Pub Koala di Visome), l\u2019entusiasmo del titolare Umberto Villani ha convinto il direttivo, capitanato dalla presidente Anna Schiffino, ad optare per la storica pizzeria di Belluno, che venerd\u00ec sera ha accolto i soci per la festa del tesseramento. \u201cIl calcio \u00e8 tifo, sfott\u00f2 e rivalit\u00e0\u201d, commenta Schiffino, \u201cprendersi in giro fra tifosi di squadre diverse \u00e8 uno dei lati pi\u00f9 belli e divertenti dello sport. Ma il calcio, non dimentichiamolo mai, deve essere anche incontro, fratellanza e inclusione. Anche per questo abbiamo scelto questa nuova sede. Il nome evoca la rivalit\u00e0 con il Napoli, ma Umberto vive a Belluno da sempre ed \u00e8 juventino. E\u201d, sorride, \u201cche alla fine vinca il migliore, quindi la Juventus\u201d.<br \/>\nLo Juventus Club Belluno \u00e8 nato nel 2012 per iniziativa del longaronese Sebastiano Cesca, ora presidente onorario, e in questi anni \u00e8 stato presente allo Stadium di Torino in quasi tutte le partite, arrivando a contare anche 850 soci. La pandemia ha un po\u2019 rallentato l\u2019attivit\u00e0, ma la speranza \u00e8 quella di tornare presto allo stadio. Nel frattempo, i soci sono invitati a vedere le partite nella nuova sede. Oltre ad Anna Schiffino, il direttivo conta sulla sua vice Deborah Feltrin, sul segretario Alex Zanella e sui consiglieri &#8220;storici&#8221; Attilio De Col e Silvio Zanella a cui si sono da poco uniti i nuovi membri del direttivo Stefania Rosa e Tiziano Versienti. Tutte le info sul sul sito www.juventusbelluno.it, oppure sulla pagina facebook.<\/p>\n<div class=\"page-title-breadcrumbs\">\n<p>&nbsp;<\/p>\n<hr \/>\n<p>&nbsp;<\/p>\n<\/div>\n<blockquote>\n<h3>STASERA CONVOCATO IL CONSIGLIO DELL&#8217;UNIONE MONTANA AGORDINA<\/h3>\n<\/blockquote>\n<p><strong>\u00a0<\/strong><strong>AGORDO<\/strong> Ritorna in presenza il consiglio dell&#8217;Unione Montana Agordina che si ritrova in sala Don Tamis oggi alle 20:30. Il presidente Michele Costa ha convocato i consiglieri per trattare 4 punti all&#8217;ordine del giorno. Si parler\u00e0 dell&#8217;estensione a nuovi enti della partecipazione alla societ\u00e0 Valpe Ambiente, una variazione al bilancio e il miglioramento della rete stradale di raccordo della viabilit\u00e0 locale al reticolo principale interregionale.<\/p>\n<p>&nbsp;<\/p>\n<p>&nbsp;<\/p>\n<hr \/>\n<p>&nbsp;<\/p>\n<h3><a href=\"https:\/\/www.radiopiu.net\/wordpress\/scuola-e-investimenti-nuova-mensa-ed-efficientamento-energetico\/ed290f40-7d29-4675-8cf9-0210b20495e7\/\" rel=\"attachment wp-att-200591\"><img loading=\"lazy\" decoding=\"async\" class=\" wp-image-200591 alignleft\" src=\"https:\/\/www.radiopiu.net\/wordpress\/wp-content\/uploads\/2021\/03\/ed290f40-7d29-4675-8cf9-0210b20495e7-300x169.jpg\" sizes=\"auto, (max-width: 300px) 100vw, 300px\" srcset=\"https:\/\/www.radiopiu.net\/wordpress\/wp-content\/uploads\/2021\/03\/ed290f40-7d29-4675-8cf9-0210b20495e7-300x169.jpg 300w, https:\/\/www.radiopiu.net\/wordpress\/wp-content\/uploads\/2021\/03\/ed290f40-7d29-4675-8cf9-0210b20495e7-1024x578.jpg 1024w, https:\/\/www.radiopiu.net\/wordpress\/wp-content\/uploads\/2021\/03\/ed290f40-7d29-4675-8cf9-0210b20495e7-768x434.jpg 768w, https:\/\/www.radiopiu.net\/wordpress\/wp-content\/uploads\/2021\/03\/ed290f40-7d29-4675-8cf9-0210b20495e7-1536x867.jpg 1536w, https:\/\/www.radiopiu.net\/wordpress\/wp-content\/uploads\/2021\/03\/ed290f40-7d29-4675-8cf9-0210b20495e7.jpg 1984w\" alt=\"\" width=\"160\" height=\"90\" \/><\/a>L\u2019AZIENDA AGORDO SERVIZI CERCA DUE PROFESSIONISTI<\/h3>\n<p><strong>AGORDO\u00a0<\/strong> E\u2019 stata indetta dall\u2019Azienda Speciale Agordo servizi \u00a0una selezione pubblica per la copertura di un posto a tempo determinato e pieno nel profilo di Educatore di Asilo Nido e di un operatore assistente\u00a0 che si prendano cura dei bambini e dei neonati nelle cure personali come lavarli, cambiarli, vestirli, aiutarli a mangiare, l\u2019educatore dovr\u00e0 avere capacit\u00e0 organizzativa nelle attivit\u00e0 e abilit\u00e0 nel formulare obiettivi, all\u2019assistente l\u2019azienda chiede tra l\u2019altro di coadiuvare il lavoro delle educatrici.\u00a0 Per informazioni e copia dell\u2019avviso di selezione gli interessati potranno rivolgersi all\u2019ufficio amministrativo Azienda Speciale al numero 0437 62564 L\u2019avviso di selezione \u00e8 pubblicato sul sito: https:\/\/agordofarmaciacomunale.it\/<\/p>\n<p>&nbsp;<\/p>\n<p>&nbsp;<\/p>\n<hr \/>\n<p>&nbsp;<\/p>\n<p>&nbsp;<\/p>\n<blockquote>\n<h3>SERVIZIO CIVILE UNIVERSALE: PROGETTO &#8220;TI ACCOMPAGNO IO &#8211; ART. 40 BELLUNO&#8221;<\/h3>\n<\/blockquote>\n<p><strong>BELLUNO<\/strong> E&#8217; stato pubblicato il bando per la selezione di 756 operatori volontari da impiegare in progetti di servizio civile per l\u2019accompagnamento dei grandi invalidi e dei ciechi civili presentati dagli Enti iscritti all\u2019Albo di Servizio civile universale. L`Unione Italiana dei Ciechi di Belluno \u00e8 pronta ad accogliere\u00a0 2 volontari.\u00a0 La domanda di partecipazione deve essere presentata, entro il 30 luglio 2021 esclusivamente attraverso la piattaforma all\u2019indirizzo https:\/\/domandaonline.serviziocivile.it<\/p>\n<p>&nbsp;<\/p>\n<p>&nbsp;<\/p>\n<hr \/>\n<p>&nbsp;<\/p>\n<blockquote>\n<h3>IL CONCERTO OFFERTO DALLA FILARMONICA<\/h3>\n<\/blockquote>\n<p><strong><a href=\"https:\/\/www.radiopiu.net\/wordpress\/giornale-radiopiu-08-luglio-2021-direttore-mirko-mezzacasa\/filarmonica-x-carta-intestata\/\" rel=\"attachment wp-att-220534\"><img loading=\"lazy\" decoding=\"async\" class=\"size-medium wp-image-220534 alignleft\" src=\"https:\/\/www.radiopiu.net\/wordpress\/wp-content\/uploads\/2021\/07\/c388dd65-f33a-4b5b-a8a3-27f451ea4110-300x44.jpg\" sizes=\"auto, (max-width: 300px) 100vw, 300px\" srcset=\"https:\/\/www.radiopiu.net\/wordpress\/wp-content\/uploads\/2021\/07\/c388dd65-f33a-4b5b-a8a3-27f451ea4110-300x44.jpg 300w, https:\/\/www.radiopiu.net\/wordpress\/wp-content\/uploads\/2021\/07\/c388dd65-f33a-4b5b-a8a3-27f451ea4110.jpg 700w\" alt=\"\" width=\"300\" height=\"44\" \/><\/a>BELLUNO<\/strong>\u00a0La Filarmonica 1867 il 18 luglio nel Parco della Parrocchia di Cavarzano si esibir\u00e0 in un vasto repertorio che spazia dalla musica classica a brani originali per orchestra di fiati, dalle colonne sonore del grande cinema alla musica tradizionale. La seconda parte dello spettacolo sar\u00e0 dedicata a celebrare il 150\u00b0 anniversario dell\u2019Aida di Giuseppe Verdi. Dirigono i maestri Andrea Gasperin e Sandro De Marchi.\u00a0\u00a0<strong>Come partecipare?<\/strong>\u00a0\u00e8 obbligatorio il posto pre-assegnato anche per gli eventi all\u2019aperto. Per poter partecipare all\u2019evento \u00e8 quindi necessario prenotare il proprio posto tramite la piattaforma\u00a0<a href=\"https:\/\/bandabelluno.us15.list-manage.com\/track\/click?u=894cd617e4f50012757ef7e42&amp;id=082b65385a&amp;e=40f9faa4f0\">Eventbrite<\/a>. Per accedere clicca\u00a0<a href=\"https:\/\/bandabelluno.us15.list-manage.com\/track\/click?u=894cd617e4f50012757ef7e42&amp;id=cab85ca90a&amp;e=40f9faa4f0\">qui<\/a>.\u00a0 Altri appuntamenti:\u00a0<em>Concerto di gala offerto ai residenti e ai turisti dell\u2019Alpe del Nevegal il\u00a0<\/em>24 luglio ore 21 \u2013 Pertinenze esterne del Santuario; nei giorni 10 e 11 luglio masterclass di tromba tenuta dal docente Mirko Bellucco.<\/p>\n<p>&nbsp;<\/p>\n<hr \/>\n<p>&nbsp;<\/p>\n<blockquote>\n<div class=\"bi6gxh9e aov4n071\">\n<h2 class=\"gmql0nx0 l94mrbxd p1ri9a11 lzcic4wl d2edcug0 hpfvmrgz\" dir=\"auto\"><span class=\"d2edcug0 hpfvmrgz qv66sw1b c1et5uql lr9zc1uh a8c37x1j keod5gw0 nxhoafnm aigsh9s9 d3f4x2em fe6kdd0r mau55g9w c8b282yb iv3no6db jq4qci2q a3bd9o3v hnhda86s jdix4yx3 hzawbc8m\" dir=\"auto\">MERCOLED\u00cc 14 LUGLIO 2021 ALLE ORE <\/span>Cinema sotto le stelle Il Re Leone &#8211; Live action<\/h2>\n<\/div>\n<\/blockquote>\n<p><strong>SEDICO<\/strong> Ritornano gli appuntamenti al cinema con la Proloco di Sedico.\u00a0 Cinque serate\u00a0 anche con la possibilit\u00e0 di\u00a0 cenare presso lo stand in Villa aperto dalle\u00a0 19 e per ogni serata\u00a0 un men\u00f9 diverso<\/p>\n<a href=\"https:\/\/www.radiopiu.net\/wordpress\/wp-content\/uploads\/2021\/07\/Cinema-sotto-le-stelle-manif.pdf\" class=\"pdfemb-viewer\" style=\"\" data-width=\"max\" data-height=\"max\" data-toolbar=\"top\" data-toolbar-fixed=\"on\">Cinema sotto le stelle manif<\/a>\n<p>&nbsp;<\/p>\n<hr \/>\n<p>&nbsp;<\/p>\n<p>&nbsp;<\/p>\n<blockquote class=\"wp-embedded-content\" data-secret=\"qpiExKOIgc\"><p><a href=\"https:\/\/www.radiopiu.net\/wordpress\/santomasozip\/\">SAN TOMASO: ECCELLENZA TURISTICA AGORDINA TANTO DAL BASSO CHE DALL&#8217;ALTO<\/a><\/p><\/blockquote>\n<p><iframe loading=\"lazy\" class=\"wp-embedded-content\" sandbox=\"allow-scripts\" security=\"restricted\" style=\"position: absolute; clip: rect(1px, 1px, 1px, 1px);\" title=\"&#8220;SAN TOMASO: ECCELLENZA TURISTICA AGORDINA TANTO DAL BASSO CHE DALL&#8217;ALTO&#8221; &#8212; Radio Pi\u00f9\" src=\"https:\/\/www.radiopiu.net\/wordpress\/santomasozip\/embed\/#?secret=qpiExKOIgc\" data-secret=\"qpiExKOIgc\" width=\"600\" height=\"338\" frameborder=\"0\" marginwidth=\"0\" marginheight=\"0\" scrolling=\"no\"><\/iframe><\/p>\n<p>&nbsp;<\/p>\n<p>&nbsp;<\/p>\n<p>&nbsp;<\/p>\n<hr \/>\n<p>&nbsp;<\/p>\n<blockquote>\n<h3>RITORNA LA RASSEGNA MUSICALE &#8220;MUSICA NELL&#8217;AGORDINO&#8221;<\/h3>\n<\/blockquote>\n<p><strong><a href=\"https:\/\/www.radiopiu.net\/wordpress\/giornale-radiopiu-04-luglio-2021-direttore-mirko-mezzacasa\/img_0263\/\" rel=\"attachment wp-att-219710\"><img loading=\"lazy\" decoding=\"async\" class=\" wp-image-219710 alignleft\" src=\"https:\/\/www.radiopiu.net\/wordpress\/wp-content\/uploads\/2021\/07\/IMG_0263-300x225.jpg\" alt=\"\" width=\"212\" height=\"159\" srcset=\"https:\/\/www.radiopiu.net\/wordpress\/wp-content\/uploads\/2021\/07\/IMG_0263-300x225.jpg 300w, https:\/\/www.radiopiu.net\/wordpress\/wp-content\/uploads\/2021\/07\/IMG_0263-1024x768.jpg 1024w, https:\/\/www.radiopiu.net\/wordpress\/wp-content\/uploads\/2021\/07\/IMG_0263-768x576.jpg 768w, https:\/\/www.radiopiu.net\/wordpress\/wp-content\/uploads\/2021\/07\/IMG_0263-1536x1152.jpg 1536w, https:\/\/www.radiopiu.net\/wordpress\/wp-content\/uploads\/2021\/07\/IMG_0263-2048x1536.jpg 2048w\" sizes=\"auto, (max-width: 212px) 100vw, 212px\" \/><\/a>AGORDO<\/strong>\u00a0Dopo un\u2019anteprima on-line dal Durando, uno dei pi\u00f9 bei scorci di Agordo, che sar\u00e0 tramessa da RadioPi\u00f9 il 18 luglio alle 11 e disponibile sui social durante il mese di luglio, con ospiti Sandro Del Duca (flauti e voce) e Nelso Salton (contrabbasso e voce), la rassegna inizier\u00e0 il 31 luglio alle 20.30 a La Valle con il concerto \u201c<em>al<\/em>\u00a0<em>ka\u015b\u00e8lo<\/em>\u201d, cio\u00e8 nel vecchio caseificio ora trasformato nella nuova e accogliente Sala Valmassoni.<\/p>\n<p><strong>\u00a0DI GIANNI SANTOMASO<\/strong><\/p>\n<audio class=\"wp-audio-shortcode\" id=\"audio-221226-6\" preload=\"none\" style=\"width: 100%;\" controls=\"controls\"><source type=\"audio\/mpeg\" src=\"https:\/\/www.radiopiu.net\/wordpress\/wp-content\/uploads\/2021\/07\/GIANNI-MUSICA-AGORDINO.mp3?_=6\" \/><a href=\"https:\/\/www.radiopiu.net\/wordpress\/wp-content\/uploads\/2021\/07\/GIANNI-MUSICA-AGORDINO.mp3\">https:\/\/www.radiopiu.net\/wordpress\/wp-content\/uploads\/2021\/07\/GIANNI-MUSICA-AGORDINO.mp3<\/a><\/audio>\n<p>&nbsp;<\/p>\n<hr \/>\n<p>&nbsp;<\/p>\n<blockquote>\n<h3>MUSICA NEI CORTIVI A SAN GREGORIO NELLE ALPI<\/h3>\n<\/blockquote>\n<p><strong>SAN GREGORIO NELLE ALPI <\/strong>Nell\u2019ambito della rassegna \u201cMusica nei cortivi\u201d sabato 17 luglio alle 21.00 in Piazza Municipio a San Gregorio nelle Alpi si esibir\u00e0 in concerto la fisarmonicista Sabrina Salvestrin. Organizzazione a cura Consorzio Pro Loco Pedemontane Val Belluna e Pro Loco San Gregorio nelle Alpi. Ingresso libero.<\/p>\n<h3><\/h3>\n<p>&nbsp;<\/p>\n<hr \/>\n<p>&nbsp;<\/p>\n<h3><strong><a href=\"https:\/\/www.radiopiu.net\/wordpress\/al-via-le-prenotazioni-per-il-concerto-la-mia-terra-con-roby-facchinetti\/6d2f3eca-51eb-475d-a53d-f8cc7852afd5\/\" rel=\"attachment wp-att-216089\"><img loading=\"lazy\" decoding=\"async\" class=\" wp-image-216089 alignleft\" src=\"https:\/\/www.radiopiu.net\/wordpress\/wp-content\/uploads\/2021\/06\/6d2f3eca-51eb-475d-a53d-f8cc7852afd5-300x300.jpg\" alt=\"\" width=\"114\" height=\"114\" srcset=\"https:\/\/www.radiopiu.net\/wordpress\/wp-content\/uploads\/2021\/06\/6d2f3eca-51eb-475d-a53d-f8cc7852afd5-300x300.jpg 300w, https:\/\/www.radiopiu.net\/wordpress\/wp-content\/uploads\/2021\/06\/6d2f3eca-51eb-475d-a53d-f8cc7852afd5-150x150.jpg 150w, https:\/\/www.radiopiu.net\/wordpress\/wp-content\/uploads\/2021\/06\/6d2f3eca-51eb-475d-a53d-f8cc7852afd5-768x768.jpg 768w, https:\/\/www.radiopiu.net\/wordpress\/wp-content\/uploads\/2021\/06\/6d2f3eca-51eb-475d-a53d-f8cc7852afd5.jpg 1024w\" sizes=\"auto, (max-width: 114px) 100vw, 114px\" \/><\/a><\/strong><em>Regione Veneto, Provincia di Belluno, Comune di Falcade, Pro Loco Falcade Caviola, PromoFalcade Dolomiti e Ski Area San Pellegrino.<\/em><\/h3>\n<p><strong>FALCADE <\/strong>\u00a0Diretti dal Maestro Diego Basso un centinaio di artisti tra musicisti e coristi dell\u2019Orchestra Ritmico Sinfonica Italiana e Le Voci di Art Voice Academy.\u00a0 L\u2019accesso all\u2019area del concerto e\u0300 raggiungibile solo su prenotazione, tramite il sito: <a href=\"https:\/\/www.falcadedolomiti.it\/falcade-e-il-concerto-la-mia-terra\/\">https:\/\/www.falcadedolomiti.it\/falcade-e-il-concerto-la-mia-terra\/\u00a0<\/a><\/p>\n<p>&nbsp;<\/p>\n<p>&nbsp;<\/p>\n<hr \/>\n<p>&nbsp;<\/p>\n<blockquote>\n<h2>&#8220;IL MILITE IGNOTO&#8221; IL 18 LUGLIO A BOSCHI DI CARTA<\/h2>\n<\/blockquote>\n<p><strong>BELLUNO<\/strong> Paola Zambelli autrice, nativa e residente a Belluno, laureata in Scienze della Formazione, recentemente a Ravenna premiata al concorso &#8220;letteratura per ragazzi&#8221;,\u00a0 il 18 luglio, in occasione della manifestazione \u201cBoschi di Carta\u201d a Pieve di Cadore, presenter\u00e0 il romanzo \u201cIl treno dell\u2019Ignoto. Il viaggio del Milite Ignoto\u201d, tratto proprio dal racconto vincitore del XIV Premio \u201cRighini Ricci\u201d di Conselice (RA).<\/p>\n<p>&nbsp;<\/p>\n<blockquote><p>&nbsp;<\/p><\/blockquote>\n<hr \/>\n<p>&nbsp;<\/p>\n<blockquote>\n<h3>RI-LEGGERE BUZZATTI, DOMENICA 18 LUGLIO IL PRIMO APPUNTAMENTO<\/h3>\n<\/blockquote>\n<p><strong>BELLUNO<\/strong> Nel cinquantesimo della scomparsa di Dino Buzzatti, i Lions Club delle Dolomiti vogliono celebrare l&#8217;amore per la montagna dello scrittore con una serie di appuntamenti nei luoghi che pi\u00f9 ha amato. Un ciclo di letture itinerante che partir\u00e0 domenica 18 luglio alle 18 da Poggio Pagnan a Zottier di Borgo Valbelluna dove Luisa Alchini, Loredana Borghetto e Mauro Viani\u00a0 del Centro Internazionale del libro parlato &#8220;Adriano Sernagiotto&#8221; leggeranno letture tratte da &#8220;L&#8217;uccisione del drago&#8221; e &#8220;L&#8217;amico Schiara&#8221;. Gli altri due appuntamenti in programma saranno ad Auronzo di Cadore, foresta di Somadida, il 1 agosto e a Tonadico il 21 agosto.<\/p>\n<p>&nbsp;<\/p>\n<p>&nbsp;<\/p>\n<hr \/>\n<div class=\"mkdf-post-text\">\n<div class=\"mkdf-post-text-inner\">\n<div class=\"mkdf-post-text-main\">\n<p>&nbsp;<\/p>\n<h3>Dalla Biblioteca di Cesiomaggiore<\/h3>\n<p><strong>CESIOMAGGIORE<\/strong> Il volume &#8220;I miracoli della Val Canzoi&#8221;,\u00a0 omaggio autentico e affettuoso di Giovanni Trimeri e GianAntonio Cecchin a Dino Buzzati,\u00a0 nel cinquantesimo anniversario dalla pubblicazione de I miracoli di Val Morel, sar\u00e0 presentato alla stampa venerdi 16 luglio in sala riunioni Biblioteca comunale di Cesiomaggiore (Via Roma), con l&#8217;occasione sar\u00e0 presentata altres\u00ec la mostra.<\/p>\n<p>&nbsp;<\/p>\n<p>&nbsp;<\/p>\n<hr \/>\n<p>&nbsp;<\/p>\n<blockquote>\n<h3>DOMENICA IL MERCATINO A CAVIOLA<\/h3>\n<\/blockquote>\n<p><strong>FALCADE<\/strong> Domenica nella zona del Parco Giochi di Caviola appuntamento con il mercatino &#8220;Robe Bone e Bele&#8221;, vendita di prodotti tipici e artigianato.<\/p>\n<p>&nbsp;<\/p>\n<p>&nbsp;<\/p>\n<hr \/>\n<p>&nbsp;<\/p>\n<blockquote>\n<h3>ESTATE AD ALLEGHE, GLI APPUNTAMENTI DEL CONSORZIO OPERATORI TURISTICI<\/h3>\n<\/blockquote>\n<a href=\"https:\/\/www.radiopiu.net\/wordpress\/wp-content\/uploads\/2021\/07\/Calendario-eventi-ESTATE-2021-Alleghe.pdf\" class=\"pdfemb-viewer\" style=\"\" data-width=\"max\" data-height=\"max\" data-toolbar=\"top\" data-toolbar-fixed=\"on\">Calendario eventi ESTATE 2021 Alleghe<\/a>\n<p>&nbsp;<\/p>\n<p>&nbsp;<\/p>\n<hr \/>\n<p>&nbsp;<\/p>\n<blockquote>\n<h3>CAPITOLO CON I SEGGIOLAI IN PRIMO PIANO NEL LIBRO DI DE CIAN \u201cRACCONTI BELLUNESI\u201d<\/h3>\n<\/blockquote>\n<p><strong>DI RENATO BONA\u00a0<\/strong><\/p>\n<p>&nbsp;<\/p>\n<p>Va sotto il titolo \u201cLavori speciali\u201d la quinta parte di \u201cRacconti bellunesi. Cultura contadina e artigiana della Val del Piave, tra Belluno e Feltre, in fotografia\u201d, realizzato nel febbraio del 1982 con la tipografia Piave, dall\u2019Istituto bellunese di ricerche sociali e culturali, con splendide immagini del sospirolese di San Zenon, Dino De Cian, e pregevoli testi, diciture comprese, di Paolo Piccolo. L\u2019apertura di capitolo \u00e8 riservata ai seggiolai (che nell\u2019occasione fanno la parte del leone) e propone un\u2019immagine risalente ai primi del Novecento, relativa a due valenti artigiani bellunesi del ramo, con Piccolo a commentare, per la categoria in generale: \u201cEcco gli ultimi vigorosi seggiolai che fanno la \u2018kar\u00e9ga\u2019 interamente con le mani, veri artisti del legno e della paglia; eccoli quasi completamente dimenticati o pronti per essere mostrati in piazza ai turisti\u2026\u201d. Introduciamo, a questo punto, prima delle altre fotografie, una considerazione dello stesso Piccolo: \u201c\u2026il problema della rinascita artigiana e contadina della provincia \u00e8 un problema politico ed amministrativo solo in parte, perch\u00e9 riguarda soprattutto gli insegnanti, i preti, gli artisti e gli scrittori, cio\u00e8 quelli pi\u00f9 indicati a far nascere nelle coscienze dei giovani il desiderio della terra e dell\u2019artigianato come unica salvezza dall\u2019angoscia, dalla nevrosi e da tutti gli altri mali che affliggono in modo terribile la vita d\u2019oggi, Come \u00e8 noto infatti i politici si mettono in movimento solo quando l\u2019istanza che vien rivolta loro \u00e8 generale e pressante, cio\u00e8 quando proviene con forza da tutto il popolo, Non attendiamo perci\u00f2 da altri la soluzione dei nostri problemi, ma iniziamo questa pacifica rivoluzione prima di tutto dentro noi stessi\u201d. In sintonia con Piccolo. Il prof. don Gigetto De Bortoli, curatore dell\u2019introduzione, il quale fra l\u2019altro, a proposito di quella che troppo spesso viene definita \u201copera eroica del contadino\u201d sottolinea che \u201cil contadino sa che nulla \u00e8 pi\u00f9 antieroico del suo lavoro, lavoro del tutto oscuro, che lo impegna totalmente con continuit\u00e0 massacrante, senza mai alcun bagliore, Se mai \u00e8 eroico proprio per questo, ma la \u2018falce e rastrello\u2019 non possono essere per lui una bandiera, perch\u00e9 sono strumento di fatica e di vita, non un simbolo\u2026 Non opu\u00f2 che essere un insulto fatto al \u2018karegheta\u2019 o \u2018konza\u2019 il comportamento del visitatore che sta ore ed ore ad ammirare e lodare il suo lavoro, e poi si ostina a non ammettere, per s\u00e9 e per altri, che tale lavoro vada imparato ed eseguito, perch\u00e9 richiesto ed utile,,,!\u201d. Torniamo alle immagini (le prime due sono riproduzioni di autore ignoto) e leggiamo: \u201cI seggiolai delle nostre valli giravano l\u2019Italia, l\u2019Europa centrale ed altri pesi di fattoria in fattoria. La paglia si trovava lungo i fiumi, il legno proveniva usualmente dai carri in disuso e si adoperavano noce, frassino, ciliegio, acero ed altre essenze facilmente reperibili. Si usava un curioso gergo professionale per autodifesa, per segretezza e spesso per dileggiare i villici della Bassa. I termini erano costituiti da un singolare miscuglio di dialetto bellunese-agordino con rari prestiti magiari, slavi e germanici. Molto spesso v\u2019\u00e8 tutto un vocabolario di parole arrovesciate, simboliche, allusive o storpiate dal dialetto. Esempio: farina \u2018la polverosa; il ferro \u2018el erfe\u2019, il gatto \u2018el toga\u2019, il formaggio \u2018el sc\u00e8k\u2019, no \u2018omo\u2019, ragazza \u2018balina\u2019 (sloveno), vino \u2018sborz (ungherese), acqua \u2018mis\u2019 (torrente e lago Mis), ladro \u2018 spizar\u00f2l\u2019. Grande \u2018damugo\u2019 (grande come il Danubio), seggiolaio \u2018konza\u2019, fucile \u2018el stuz\u2019 (da stuzen, germanico), bicchiere \u2018al bosol\u2019. Ed ecco una frase: \u2018Kaluma la balina de l s\u00e0ipa. Ke la ne porta krukol, sc\u00e8k, zik e sborz\u2019: guarda la ragazza del padrone che ci porta pane, formaggio, lardo e vino\u201d. Poi, spazio a Carletto Casanova, fortissimo seggiolaio-artista di Sospirolo: lavora alla \u201ck\u00e0ora\u201d con l\u2019affilato \u201ckort\u00e8l\u201d, il pezzo viene bloccato dalla pressione del petto e dei piedi; ancora Carletto all\u2019opera con \u201cel kord\u00f2n\u201d; \u201cgaburo\u201d e \u201cpar\u00f2n\u201d fanno scorta di paglia per le sedie; San Zenon di Sospirolo: Piero De Cian mostra fasi dell\u2019impagliatura di sedie; mani addestrate\u2026; ancora pochi gesti veloci e la sedia sar\u00e0 completa; altro lavoro: preparare la \u201csgnapa da troi\u201d; \u00e8 in azione la \u201crostidora\u201d delle castagne; l\u2019arte di asciugare al sole la pasta delle mele, base per \u201ckodinz\u00f2i\u201d e \u201ckodinze\u201d dell\u2019Agnese Lise di San Zenon di Sospirolo; mele al sole; antico forno domestico per pane e dolci: quando la volta tonda assumeva una colorazione bianco-opaca per il calore si poteva infornare il pane; forno a Cergnai di Santa Giustina dove si usa ancora la legna al posto dell\u2019elettricit\u00e0; il lavoro di un forno tradizionale con mani esperte; impegno prima, soddisfazione poi\u2026; \u201ckomaco\u201d e \u201cdof\u201d: simboli di una fatica secolare in cui per\u00f2 i ritmi di lavoro erano meno convulsi di quelli odierni; conclusione a Gravazze di Meano di Santa Giustina: Sandro \u201cMadone\u201d con nipotina, consorte e cavallina in dolce attesa provvede a rincalzare le patate.<\/p>\n\n\t\t\t<style type='text\/css'>\n\t\t\t\t#gallery-7 {\n\t\t\t\t\tmargin: auto;\n\t\t\t\t}\n\t\t\t\t#gallery-7 .gallery-item {\n\t\t\t\t\tfloat: left;\n\t\t\t\t\tmargin-top: 10px;\n\t\t\t\t\ttext-align: center;\n\t\t\t\t\twidth: 11%;\n\t\t\t\t}\n\t\t\t\t#gallery-7 img {\n\t\t\t\t\tborder: 2px solid #cfcfcf;\n\t\t\t\t}\n\t\t\t\t#gallery-7 .gallery-caption {\n\t\t\t\t\tmargin-left: 0;\n\t\t\t\t}\n\t\t\t\t\/* see gallery_shortcode() in wp-includes\/media.php *\/\n\t\t\t<\/style>\n\t\t<div id='gallery-7' class='dt-gallery-container gallery galleryid-221226 gallery-columns-9 gallery-size-thumbnail'><dl class='gallery-item'>\n\t\t\t\t<dt class='gallery-icon portrait'>\n\t\t\t\t\t<a class=\"rollover rollover-zoom dt-pswp-item\" title=\"214725284_4122130261227432_7786146072171858877_n\" data-dt-img-description=\"\" data-large_image_width=\"148\" data-large_image_height=\"206\"href='https:\/\/www.radiopiu.net\/wordpress\/wp-content\/uploads\/2021\/07\/214725284_4122130261227432_7786146072171858877_n.jpg'><img loading=\"lazy\" decoding=\"async\" width=\"148\" height=\"150\" src=\"https:\/\/www.radiopiu.net\/wordpress\/wp-content\/uploads\/2021\/07\/214725284_4122130261227432_7786146072171858877_n-148x150.jpg\" class=\"attachment-thumbnail size-thumbnail\" alt=\"\" \/><\/a>\n\t\t\t\t<\/dt><\/dl><dl class='gallery-item'>\n\t\t\t\t<dt class='gallery-icon landscape'>\n\t\t\t\t\t<a class=\"rollover rollover-zoom dt-pswp-item\" title=\"216170408_1432580327100056_4220116500168401008_n\" data-dt-img-description=\"\" data-large_image_width=\"280\" data-large_image_height=\"203\"href='https:\/\/www.radiopiu.net\/wordpress\/wp-content\/uploads\/2021\/07\/216170408_1432580327100056_4220116500168401008_n.jpg'><img loading=\"lazy\" decoding=\"async\" width=\"150\" height=\"150\" src=\"https:\/\/www.radiopiu.net\/wordpress\/wp-content\/uploads\/2021\/07\/216170408_1432580327100056_4220116500168401008_n-150x150.jpg\" class=\"attachment-thumbnail size-thumbnail\" alt=\"\" \/><\/a>\n\t\t\t\t<\/dt><\/dl><dl class='gallery-item'>\n\t\t\t\t<dt class='gallery-icon portrait'>\n\t\t\t\t\t<a class=\"rollover rollover-zoom dt-pswp-item\" title=\"217377969_2057683351037274_39844374608783195_n\" data-dt-img-description=\"\" data-large_image_width=\"150\" data-large_image_height=\"206\"href='https:\/\/www.radiopiu.net\/wordpress\/wp-content\/uploads\/2021\/07\/217377969_2057683351037274_39844374608783195_n.jpg'><img loading=\"lazy\" decoding=\"async\" width=\"150\" height=\"150\" src=\"https:\/\/www.radiopiu.net\/wordpress\/wp-content\/uploads\/2021\/07\/217377969_2057683351037274_39844374608783195_n-150x150.jpg\" class=\"attachment-thumbnail size-thumbnail\" alt=\"\" \/><\/a>\n\t\t\t\t<\/dt><\/dl><dl class='gallery-item'>\n\t\t\t\t<dt class='gallery-icon landscape'>\n\t\t\t\t\t<a class=\"rollover rollover-zoom dt-pswp-item\" title=\"214382215_220446183263471_2022306972059475398_n\" data-dt-img-description=\"\" data-large_image_width=\"320\" data-large_image_height=\"203\"href='https:\/\/www.radiopiu.net\/wordpress\/wp-content\/uploads\/2021\/07\/214382215_220446183263471_2022306972059475398_n.jpg'><img loading=\"lazy\" decoding=\"async\" width=\"150\" height=\"150\" src=\"https:\/\/www.radiopiu.net\/wordpress\/wp-content\/uploads\/2021\/07\/214382215_220446183263471_2022306972059475398_n-150x150.jpg\" class=\"attachment-thumbnail size-thumbnail\" alt=\"\" \/><\/a>\n\t\t\t\t<\/dt><\/dl><dl class='gallery-item'>\n\t\t\t\t<dt class='gallery-icon landscape'>\n\t\t\t\t\t<a class=\"rollover rollover-zoom dt-pswp-item\" title=\"216578331_1152864468527221_9113569871954637297_n\" data-dt-img-description=\"\" data-large_image_width=\"312\" data-large_image_height=\"206\"href='https:\/\/www.radiopiu.net\/wordpress\/wp-content\/uploads\/2021\/07\/216578331_1152864468527221_9113569871954637297_n.jpg'><img loading=\"lazy\" decoding=\"async\" width=\"150\" height=\"150\" src=\"https:\/\/www.radiopiu.net\/wordpress\/wp-content\/uploads\/2021\/07\/216578331_1152864468527221_9113569871954637297_n-150x150.jpg\" class=\"attachment-thumbnail size-thumbnail\" alt=\"\" \/><\/a>\n\t\t\t\t<\/dt><\/dl><dl class='gallery-item'>\n\t\t\t\t<dt class='gallery-icon landscape'>\n\t\t\t\t\t<a class=\"rollover rollover-zoom dt-pswp-item\" title=\"214004378_352704519626981_2109450929033428947_n\" data-dt-img-description=\"\" data-large_image_width=\"280\" data-large_image_height=\"199\"href='https:\/\/www.radiopiu.net\/wordpress\/wp-content\/uploads\/2021\/07\/214004378_352704519626981_2109450929033428947_n.jpg'><img loading=\"lazy\" decoding=\"async\" width=\"150\" height=\"150\" src=\"https:\/\/www.radiopiu.net\/wordpress\/wp-content\/uploads\/2021\/07\/214004378_352704519626981_2109450929033428947_n-150x150.jpg\" class=\"attachment-thumbnail size-thumbnail\" alt=\"\" \/><\/a>\n\t\t\t\t<\/dt><\/dl><dl class='gallery-item'>\n\t\t\t\t<dt class='gallery-icon landscape'>\n\t\t\t\t\t<a class=\"rollover rollover-zoom dt-pswp-item\" title=\"213827471_830193977623602_6666167946528406123_n\" data-dt-img-description=\"\" data-large_image_width=\"308\" data-large_image_height=\"206\"href='https:\/\/www.radiopiu.net\/wordpress\/wp-content\/uploads\/2021\/07\/213827471_830193977623602_6666167946528406123_n.jpg'><img loading=\"lazy\" decoding=\"async\" width=\"150\" height=\"150\" src=\"https:\/\/www.radiopiu.net\/wordpress\/wp-content\/uploads\/2021\/07\/213827471_830193977623602_6666167946528406123_n-150x150.jpg\" class=\"attachment-thumbnail size-thumbnail\" alt=\"\" \/><\/a>\n\t\t\t\t<\/dt><\/dl><dl class='gallery-item'>\n\t\t\t\t<dt class='gallery-icon landscape'>\n\t\t\t\t\t<a class=\"rollover rollover-zoom dt-pswp-item\" title=\"214943823_490328405401678_8006865174043012154_n\" data-dt-img-description=\"\" data-large_image_width=\"320\" data-large_image_height=\"204\"href='https:\/\/www.radiopiu.net\/wordpress\/wp-content\/uploads\/2021\/07\/214943823_490328405401678_8006865174043012154_n.jpg'><img loading=\"lazy\" decoding=\"async\" width=\"150\" height=\"150\" src=\"https:\/\/www.radiopiu.net\/wordpress\/wp-content\/uploads\/2021\/07\/214943823_490328405401678_8006865174043012154_n-150x150.jpg\" class=\"attachment-thumbnail size-thumbnail\" alt=\"\" \/><\/a>\n\t\t\t\t<\/dt><\/dl><dl class='gallery-item'>\n\t\t\t\t<dt class='gallery-icon landscape'>\n\t\t\t\t\t<a class=\"rollover rollover-zoom dt-pswp-item\" title=\"214213183_139083018302898_8728090766873376702_n\" data-dt-img-description=\"\" data-large_image_width=\"293\" data-large_image_height=\"206\"href='https:\/\/www.radiopiu.net\/wordpress\/wp-content\/uploads\/2021\/07\/214213183_139083018302898_8728090766873376702_n.jpg'><img loading=\"lazy\" decoding=\"async\" width=\"150\" height=\"150\" src=\"https:\/\/www.radiopiu.net\/wordpress\/wp-content\/uploads\/2021\/07\/214213183_139083018302898_8728090766873376702_n-150x150.jpg\" class=\"attachment-thumbnail size-thumbnail\" alt=\"\" \/><\/a>\n\t\t\t\t<\/dt><\/dl><br style=\"clear: both\" \/><dl class='gallery-item'>\n\t\t\t\t<dt class='gallery-icon portrait'>\n\t\t\t\t\t<a class=\"rollover rollover-zoom dt-pswp-item\" title=\"215618249_506278033969706_6397888477306553836_n\" data-dt-img-description=\"\" data-large_image_width=\"154\" data-large_image_height=\"206\"href='https:\/\/www.radiopiu.net\/wordpress\/wp-content\/uploads\/2021\/07\/215618249_506278033969706_6397888477306553836_n.jpg'><img loading=\"lazy\" decoding=\"async\" width=\"150\" height=\"150\" src=\"https:\/\/www.radiopiu.net\/wordpress\/wp-content\/uploads\/2021\/07\/215618249_506278033969706_6397888477306553836_n-150x150.jpg\" class=\"attachment-thumbnail size-thumbnail\" alt=\"\" \/><\/a>\n\t\t\t\t<\/dt><\/dl><dl class='gallery-item'>\n\t\t\t\t<dt class='gallery-icon landscape'>\n\t\t\t\t\t<a class=\"rollover rollover-zoom dt-pswp-item\" title=\"213587632_928424824371144_7673531064093080575_n\" data-dt-img-description=\"\" data-large_image_width=\"282\" data-large_image_height=\"206\"href='https:\/\/www.radiopiu.net\/wordpress\/wp-content\/uploads\/2021\/07\/213587632_928424824371144_7673531064093080575_n.jpg'><img loading=\"lazy\" decoding=\"async\" width=\"150\" height=\"150\" src=\"https:\/\/www.radiopiu.net\/wordpress\/wp-content\/uploads\/2021\/07\/213587632_928424824371144_7673531064093080575_n-150x150.jpg\" class=\"attachment-thumbnail size-thumbnail\" alt=\"\" \/><\/a>\n\t\t\t\t<\/dt><\/dl><dl class='gallery-item'>\n\t\t\t\t<dt class='gallery-icon landscape'>\n\t\t\t\t\t<a class=\"rollover rollover-zoom dt-pswp-item\" title=\"213587634_513119526566276_5455042220335619945_n\" data-dt-img-description=\"\" data-large_image_width=\"280\" data-large_image_height=\"201\"href='https:\/\/www.radiopiu.net\/wordpress\/wp-content\/uploads\/2021\/07\/213587634_513119526566276_5455042220335619945_n.jpg'><img loading=\"lazy\" decoding=\"async\" width=\"150\" height=\"150\" src=\"https:\/\/www.radiopiu.net\/wordpress\/wp-content\/uploads\/2021\/07\/213587634_513119526566276_5455042220335619945_n-150x150.jpg\" class=\"attachment-thumbnail size-thumbnail\" alt=\"\" \/><\/a>\n\t\t\t\t<\/dt><\/dl><dl class='gallery-item'>\n\t\t\t\t<dt class='gallery-icon portrait'>\n\t\t\t\t\t<a class=\"rollover rollover-zoom dt-pswp-item\" title=\"214747779_335046498306416_2511926746438059636_n\" data-dt-img-description=\"\" data-large_image_width=\"152\" data-large_image_height=\"206\"href='https:\/\/www.radiopiu.net\/wordpress\/wp-content\/uploads\/2021\/07\/214747779_335046498306416_2511926746438059636_n.jpg'><img loading=\"lazy\" decoding=\"async\" width=\"150\" height=\"150\" src=\"https:\/\/www.radiopiu.net\/wordpress\/wp-content\/uploads\/2021\/07\/214747779_335046498306416_2511926746438059636_n-150x150.jpg\" class=\"attachment-thumbnail size-thumbnail\" alt=\"\" \/><\/a>\n\t\t\t\t<\/dt><\/dl><dl class='gallery-item'>\n\t\t\t\t<dt class='gallery-icon landscape'>\n\t\t\t\t\t<a class=\"rollover rollover-zoom dt-pswp-item\" title=\"213627157_195331852431530_2900953733340505453_n\" data-dt-img-description=\"\" data-large_image_width=\"317\" data-large_image_height=\"206\"href='https:\/\/www.radiopiu.net\/wordpress\/wp-content\/uploads\/2021\/07\/213627157_195331852431530_2900953733340505453_n.jpg'><img loading=\"lazy\" decoding=\"async\" width=\"150\" height=\"150\" src=\"https:\/\/www.radiopiu.net\/wordpress\/wp-content\/uploads\/2021\/07\/213627157_195331852431530_2900953733340505453_n-150x150.jpg\" class=\"attachment-thumbnail size-thumbnail\" alt=\"\" \/><\/a>\n\t\t\t\t<\/dt><\/dl><dl class='gallery-item'>\n\t\t\t\t<dt class='gallery-icon landscape'>\n\t\t\t\t\t<a class=\"rollover rollover-zoom dt-pswp-item\" title=\"216664307_210110337784932_3717203237497936965_n\" data-dt-img-description=\"\" data-large_image_width=\"282\" data-large_image_height=\"206\"href='https:\/\/www.radiopiu.net\/wordpress\/wp-content\/uploads\/2021\/07\/216664307_210110337784932_3717203237497936965_n.jpg'><img loading=\"lazy\" decoding=\"async\" width=\"150\" height=\"150\" src=\"https:\/\/www.radiopiu.net\/wordpress\/wp-content\/uploads\/2021\/07\/216664307_210110337784932_3717203237497936965_n-150x150.jpg\" class=\"attachment-thumbnail size-thumbnail\" alt=\"\" \/><\/a>\n\t\t\t\t<\/dt><\/dl><dl class='gallery-item'>\n\t\t\t\t<dt class='gallery-icon portrait'>\n\t\t\t\t\t<a class=\"rollover rollover-zoom dt-pswp-item\" title=\"214852021_888172605242958_5933142493299694264_n\" data-dt-img-description=\"\" data-large_image_width=\"160\" data-large_image_height=\"280\"href='https:\/\/www.radiopiu.net\/wordpress\/wp-content\/uploads\/2021\/07\/214852021_888172605242958_5933142493299694264_n.jpg'><img loading=\"lazy\" decoding=\"async\" width=\"150\" height=\"150\" src=\"https:\/\/www.radiopiu.net\/wordpress\/wp-content\/uploads\/2021\/07\/214852021_888172605242958_5933142493299694264_n-150x150.jpg\" class=\"attachment-thumbnail size-thumbnail\" alt=\"\" \/><\/a>\n\t\t\t\t<\/dt><\/dl><dl class='gallery-item'>\n\t\t\t\t<dt class='gallery-icon landscape'>\n\t\t\t\t\t<a class=\"rollover rollover-zoom dt-pswp-item\" title=\"213692438_1465269197158221_4281853827313928955_n\" data-dt-img-description=\"\" data-large_image_width=\"279\" data-large_image_height=\"206\"href='https:\/\/www.radiopiu.net\/wordpress\/wp-content\/uploads\/2021\/07\/213692438_1465269197158221_4281853827313928955_n.jpg'><img loading=\"lazy\" decoding=\"async\" width=\"150\" height=\"150\" src=\"https:\/\/www.radiopiu.net\/wordpress\/wp-content\/uploads\/2021\/07\/213692438_1465269197158221_4281853827313928955_n-150x150.jpg\" class=\"attachment-thumbnail size-thumbnail\" alt=\"\" \/><\/a>\n\t\t\t\t<\/dt><\/dl><dl class='gallery-item'>\n\t\t\t\t<dt class='gallery-icon portrait'>\n\t\t\t\t\t<a class=\"rollover rollover-zoom dt-pswp-item\" title=\"214373398_211466280887223_386495182105347588_n\" data-dt-img-description=\"\" data-large_image_width=\"160\" data-large_image_height=\"205\"href='https:\/\/www.radiopiu.net\/wordpress\/wp-content\/uploads\/2021\/07\/214373398_211466280887223_386495182105347588_n.jpg'><img loading=\"lazy\" decoding=\"async\" width=\"150\" height=\"150\" src=\"https:\/\/www.radiopiu.net\/wordpress\/wp-content\/uploads\/2021\/07\/214373398_211466280887223_386495182105347588_n-150x150.jpg\" class=\"attachment-thumbnail size-thumbnail\" alt=\"\" \/><\/a>\n\t\t\t\t<\/dt><\/dl><br style=\"clear: both\" \/>\n\t\t\t<\/div>\n\n<p>&nbsp;<\/p>\n<hr \/>\n<p>&nbsp;<\/p>\n<blockquote>\n<blockquote>\n<h2><a href=\"https:\/\/www.radiopiu.net\/wordpress\/speciale-solidarieta-veneto\/solidarieta-veneto-3\/\" rel=\"attachment wp-att-134366\"><img loading=\"lazy\" decoding=\"async\" class=\"wp-image-134366 alignleft\" src=\"https:\/\/www.radiopiu.net\/wordpress\/wp-content\/uploads\/2020\/05\/solidariet\u00e0-veneto-300x210.jpg\" alt=\"\" width=\"102\" height=\"71\" srcset=\"https:\/\/www.radiopiu.net\/wordpress\/wp-content\/uploads\/2020\/05\/solidariet\u00e0-veneto-300x210.jpg 300w, https:\/\/www.radiopiu.net\/wordpress\/wp-content\/uploads\/2020\/05\/solidariet\u00e0-veneto-1024x717.jpg 1024w, https:\/\/www.radiopiu.net\/wordpress\/wp-content\/uploads\/2020\/05\/solidariet\u00e0-veneto-768x538.jpg 768w, https:\/\/www.radiopiu.net\/wordpress\/wp-content\/uploads\/2020\/05\/solidariet\u00e0-veneto.jpg 1373w\" sizes=\"auto, (max-width: 102px) 100vw, 102px\" \/><\/a>SOLIDARIETA&#8217; VENETO FONDO PENSIONE, IN ONDA IL PRIMO VENERDI DEL MESE ALLE 10.30 E ALLE 19.00 QUINTA STAGIONE<\/h2>\n<\/blockquote>\n<h2><strong><span style=\"color: #ff0000;\">AUDIO LUGLIO 2021<\/span><\/strong><\/h2>\n<\/blockquote>\n<audio class=\"wp-audio-shortcode\" id=\"audio-221226-7\" preload=\"none\" style=\"width: 100%;\" controls=\"controls\"><source type=\"audio\/mpeg\" src=\"https:\/\/www.radiopiu.net\/wordpress\/wp-content\/uploads\/2021\/07\/solidarieta-veneto-luglio-2021.mp3?_=7\" \/><a href=\"https:\/\/www.radiopiu.net\/wordpress\/wp-content\/uploads\/2021\/07\/solidarieta-veneto-luglio-2021.mp3\">https:\/\/www.radiopiu.net\/wordpress\/wp-content\/uploads\/2021\/07\/solidarieta-veneto-luglio-2021.mp3<\/a><\/audio>\n<h2>LA RACCOLTA COMPLETA<\/h2>\n<blockquote class=\"wp-embedded-content\" data-secret=\"J95IwpnFrX\"><p><a href=\"https:\/\/www.radiopiu.net\/wordpress\/solidarieta-veneto\/\">Solidariet\u00e0 Veneto<\/a><\/p><\/blockquote>\n<p><iframe loading=\"lazy\" class=\"wp-embedded-content\" sandbox=\"allow-scripts\" security=\"restricted\" style=\"position: absolute; clip: rect(1px, 1px, 1px, 1px);\" title=\"&#8220;Solidariet\u00e0 Veneto&#8221; &#8212; Radio Pi\u00f9\" src=\"https:\/\/www.radiopiu.net\/wordpress\/solidarieta-veneto\/embed\/#?secret=J95IwpnFrX\" data-secret=\"J95IwpnFrX\" width=\"600\" height=\"338\" frameborder=\"0\" marginwidth=\"0\" marginheight=\"0\" scrolling=\"no\"><\/iframe><\/p>\n<blockquote>\n<h2><\/h2>\n<\/blockquote>\n<p>&nbsp;<\/p>\n<hr \/>\n<p>&nbsp;<\/p>\n<h2><strong><span style=\"color: #ff0000;\">QUINDICINALE APPUNTAMENTO ALLA RADIO<\/span><\/strong><\/h2>\n<blockquote>\n<h3><a style=\"font-size: 14px; font-weight: normal;\" href=\"https:\/\/www.radiopiu.net\/wordpress\/giornale-radiopiu-06-febbraio-2019-direttore-mirko-mezzacasa\/logo_spi-cgil-800x445\/\" rel=\"attachment wp-att-75538\"><img loading=\"lazy\" decoding=\"async\" class=\"wp-image-75538 alignleft\" src=\"https:\/\/www.radiopiu.net\/wordpress\/wp-content\/uploads\/2019\/02\/Logo_Spi-CGIL-800x445-300x167.jpg\" alt=\"\" width=\"210\" height=\"117\" srcset=\"https:\/\/www.radiopiu.net\/wordpress\/wp-content\/uploads\/2019\/02\/Logo_Spi-CGIL-800x445-300x167.jpg 300w, https:\/\/www.radiopiu.net\/wordpress\/wp-content\/uploads\/2019\/02\/Logo_Spi-CGIL-800x445-768x427.jpg 768w, https:\/\/www.radiopiu.net\/wordpress\/wp-content\/uploads\/2019\/02\/Logo_Spi-CGIL-800x445.jpg 800w\" sizes=\"auto, (max-width: 210px) 100vw, 210px\" \/><\/a><\/h3>\n<\/blockquote>\n<blockquote>\n<h3>ALLA RADIO, APPUNTAMENTO QUINDICINALE CON SPI-CGIL BELLUNO, IN STUDIO MARIA RITA GENTILIN<\/h3>\n<\/blockquote>\n<p><strong>di Claudio Fontanive\u00a0<\/strong><\/p>\n<p><span style=\"color: #ff0000;\"><strong>PUNTATA DEL\u00a0 08 luglio 2021<br \/>\n<\/strong><\/span><\/p>\n<audio class=\"wp-audio-shortcode\" id=\"audio-221226-8\" preload=\"none\" style=\"width: 100%;\" controls=\"controls\"><source type=\"audio\/mpeg\" src=\"https:\/\/www.radiopiu.net\/wordpress\/wp-content\/uploads\/2021\/07\/spi-cgil-8-luglio.mp3?_=8\" \/><a href=\"https:\/\/www.radiopiu.net\/wordpress\/wp-content\/uploads\/2021\/07\/spi-cgil-8-luglio.mp3\">https:\/\/www.radiopiu.net\/wordpress\/wp-content\/uploads\/2021\/07\/spi-cgil-8-luglio.mp3<\/a><\/audio>\n<p><span style=\"color: #ff0000;\"><strong>\u00a0<\/strong><\/span><\/p>\n<p>&nbsp;<\/p>\n<hr \/>\n<p>&nbsp;<\/p>\n<div>\n<div class=\"b654a4as d2edcug0\">\n<div class=\"rq0escxv hkbzh7o3 jwdofwj8 n8tt0mok r8blr3vg hyh9befq\">\n<p><a class=\"dt-pswp-item\" href=\"https:\/\/www.radiopiu.net\/wordpress\/wp-content\/uploads\/2020\/10\/pp.jpg\" data-dt-img-description=\"\" data-large_image_width=\"640\" data-large_image_height=\"640\"><img loading=\"lazy\" decoding=\"async\" class=\"wp-image-163678 alignleft\" src=\"https:\/\/www.radiopiu.net\/wordpress\/wp-content\/uploads\/2020\/10\/pp-300x300.jpg\" alt=\"\" width=\"106\" height=\"106\" srcset=\"https:\/\/www.radiopiu.net\/wordpress\/wp-content\/uploads\/2020\/10\/pp-300x300.jpg 300w, https:\/\/www.radiopiu.net\/wordpress\/wp-content\/uploads\/2020\/10\/pp-150x150.jpg 150w, https:\/\/www.radiopiu.net\/wordpress\/wp-content\/uploads\/2020\/10\/pp-125x125.jpg 125w, https:\/\/www.radiopiu.net\/wordpress\/wp-content\/uploads\/2020\/10\/pp-200x200.jpg 200w, https:\/\/www.radiopiu.net\/wordpress\/wp-content\/uploads\/2020\/10\/pp-80x80.jpg 80w, https:\/\/www.radiopiu.net\/wordpress\/wp-content\/uploads\/2020\/10\/pp-480x480.jpg 480w, https:\/\/www.radiopiu.net\/wordpress\/wp-content\/uploads\/2020\/10\/pp.jpg 640w\" sizes=\"auto, (max-width: 106px) 100vw, 106px\" \/><\/a><\/p>\n<\/div>\n<\/div>\n<\/div>\n<div>\n<div class=\"page-title-head hgroup\">\n<div class=\"page-title-head hgroup\">\n<div class=\"b654a4as d2edcug0\">\n<div class=\"j83agx80 btwxx1t3 lhclo0ds hop8lmos nkwizq5d scwd0bx6 roh60bw9\">\n<div class=\"rq0escxv hkbzh7o3 jwdofwj8 n8tt0mok r8blr3vg hyh9befq\">\n<div class=\"do00u71z l9j0dhe7 k4urcfbm\">\n<h2><span style=\"color: #000080;\">DON CESARE, IL PENSIERO DEL GIORNO. ALLA RADIO ALLE 7 DEL MATTINO E ALLE 19.30 DELLA SERA.\u00a0\u00a0<\/span><\/h2>\n<\/div>\n<\/div>\n<\/div>\n<div class=\"rq0escxv hkbzh7o3 jwdofwj8 n8tt0mok r8blr3vg hyh9befq\"><\/div>\n<div><\/div>\n<div>\n<audio class=\"wp-audio-shortcode\" id=\"audio-221226-9\" preload=\"none\" style=\"width: 100%;\" controls=\"controls\"><source type=\"audio\/mpeg\" src=\"https:\/\/www.radiopiu.net\/wordpress\/wp-content\/uploads\/2021\/07\/CESARE-7.mp3?_=9\" \/><a href=\"https:\/\/www.radiopiu.net\/wordpress\/wp-content\/uploads\/2021\/07\/CESARE-7.mp3\">https:\/\/www.radiopiu.net\/wordpress\/wp-content\/uploads\/2021\/07\/CESARE-7.mp3<\/a><\/audio>\n<\/div>\n<\/div>\n<\/div>\n<div class=\"page-title-head hgroup\">\n<p>&nbsp;<\/p>\n<hr \/>\n<p class=\"b654a4as d2edcug0\"><span style=\"color: #ff6600;\"> \u00a0<\/span><\/p>\n<h2><span style=\"color: #ff6600;\">GIROVAGANDO ALLA RADIO, PUNTATA 08<\/span><\/h2>\n<h3><a href=\"https:\/\/www.radiopiu.net\/wordpress\/girovagando-alla-radio-puntata-08\/cc427606-4bd0-4e80-9a49-01e74866dea0\/\" rel=\"attachment wp-att-221138\"><img loading=\"lazy\" decoding=\"async\" class=\"size-medium wp-image-221138 alignleft\" src=\"https:\/\/www.radiopiu.net\/wordpress\/wp-content\/uploads\/2021\/07\/cc427606-4bd0-4e80-9a49-01e74866dea0-300x225.jpg\" alt=\"\" width=\"300\" height=\"225\" srcset=\"https:\/\/www.radiopiu.net\/wordpress\/wp-content\/uploads\/2021\/07\/cc427606-4bd0-4e80-9a49-01e74866dea0-300x225.jpg 300w, https:\/\/www.radiopiu.net\/wordpress\/wp-content\/uploads\/2021\/07\/cc427606-4bd0-4e80-9a49-01e74866dea0-768x576.jpg 768w, https:\/\/www.radiopiu.net\/wordpress\/wp-content\/uploads\/2021\/07\/cc427606-4bd0-4e80-9a49-01e74866dea0.jpg 960w\" sizes=\"auto, (max-width: 300px) 100vw, 300px\" \/><\/a>Collaborazione Thomas Soppera<\/h3>\n<p>&nbsp;<\/p>\n<p>&nbsp;<\/p>\n<p>&nbsp;<\/p>\n<p>&nbsp;<\/p>\n<p><strong>PUNTATA 12 Luglio 2021 ALLE 9.30 E 19<\/strong><\/p>\n<h2><span style=\"color: #ff0000;\">LA RACCOLTA COMPLETA\u00a0<\/span><\/h2>\n<blockquote class=\"wp-embedded-content\" data-secret=\"ImAwQpYF4O\"><p><a href=\"https:\/\/www.radiopiu.net\/wordpress\/girovagando-in-e-bike-tra-le-dolomiti\/\">GIROVAGANDO IN E BIKE TRA LE DOLOMITI<\/a><\/p><\/blockquote>\n<p><iframe loading=\"lazy\" class=\"wp-embedded-content\" sandbox=\"allow-scripts\" security=\"restricted\" style=\"position: absolute; clip: rect(1px, 1px, 1px, 1px);\" title=\"&#8220;GIROVAGANDO IN E BIKE TRA LE DOLOMITI&#8221; &#8212; Radio Pi\u00f9\" src=\"https:\/\/www.radiopiu.net\/wordpress\/girovagando-in-e-bike-tra-le-dolomiti\/embed\/#?secret=ImAwQpYF4O\" data-secret=\"ImAwQpYF4O\" width=\"600\" height=\"338\" frameborder=\"0\" marginwidth=\"0\" marginheight=\"0\" scrolling=\"no\"><\/iframe><\/p>\n<p>&nbsp;<\/p>\n<hr \/>\n<p>&nbsp;<\/p>\n<blockquote><p><span style=\"color: #ff0000;\">\u00a0ALLA RADIO LA SETTIMA PUNTATA\u00a0<\/span><\/p><\/blockquote>\n<audio class=\"wp-audio-shortcode\" id=\"audio-221226-10\" preload=\"none\" style=\"width: 100%;\" controls=\"controls\"><source type=\"audio\/mpeg\" src=\"https:\/\/www.radiopiu.net\/wordpress\/wp-content\/uploads\/2021\/07\/FATTO07_BLUESLAND_podcast_Blues_in_Sedici.mp3?_=10\" \/><a href=\"https:\/\/www.radiopiu.net\/wordpress\/wp-content\/uploads\/2021\/07\/FATTO07_BLUESLAND_podcast_Blues_in_Sedici.mp3\">https:\/\/www.radiopiu.net\/wordpress\/wp-content\/uploads\/2021\/07\/FATTO07_BLUESLAND_podcast_Blues_in_Sedici.mp3<\/a><\/audio>\n<blockquote class=\"wp-embedded-content\" data-secret=\"yBU0Aa06o0\"><p><a href=\"https:\/\/www.radiopiu.net\/wordpress\/da-ieri-alla-radio-in-palinsesto-loris-e-maurizio-con-la-grande-musica\/\">IL BLUES ALLA RADIO &#8230; COME NON L&#8217;AVETE MAI SENTITO PRIMA<\/a><\/p><\/blockquote>\n<p><iframe loading=\"lazy\" class=\"wp-embedded-content\" sandbox=\"allow-scripts\" security=\"restricted\" style=\"position: absolute; clip: rect(1px, 1px, 1px, 1px);\" title=\"&#8220;IL BLUES ALLA RADIO &#8230; COME NON L&#8217;AVETE MAI SENTITO PRIMA&#8221; &#8212; Radio Pi\u00f9\" src=\"https:\/\/www.radiopiu.net\/wordpress\/da-ieri-alla-radio-in-palinsesto-loris-e-maurizio-con-la-grande-musica\/embed\/#?secret=yBU0Aa06o0\" data-secret=\"yBU0Aa06o0\" width=\"600\" height=\"338\" frameborder=\"0\" marginwidth=\"0\" marginheight=\"0\" scrolling=\"no\"><\/iframe><\/p>\n<p>\u200b<\/p>\n<p>&nbsp;<\/p>\n<hr \/>\n<div>\n<div class=\"page-title-head hgroup\">\n<div class=\"page-title-head hgroup\">\n<div class=\"b654a4as d2edcug0\">\n<div>\n<p>&nbsp;<\/p>\n<\/div>\n<div><\/div>\n<h2>COLLAGE&#8230; DI LORIS SCUSSEL dal lunedi al venerdi alle 16 e alle 23 su RADIO PIU<\/h2>\n<div>\n<div>\n<div>\n<div>\n<div>\n<div>\n<div>\n<div>\n<div>\n<div>\n<div>\n<div>\n<p>&nbsp;<\/p>\n<\/div>\n<\/div>\n<\/div>\n<\/div>\n<\/div>\n<\/div>\n<\/div>\n<\/div>\n<\/div>\n<div>\n<div>\n<p>&nbsp;<\/p>\n<\/div>\n<div>\n<div>\n<div>\n<div>\n<div>\n<div>\n<div>\n<div>\n<p><img loading=\"lazy\" decoding=\"async\" class=\"alignleft\" src=\"https:\/\/www.radiopiu.net\/wordpress\/wp-content\/uploads\/2021\/05\/Schermata-2021-05-23-alle-11.50.11.png\" width=\"186\" height=\"131\" \/>Il programma \u00e8 andato in onda da dicembre 2013 fino a luglio 2019, comprese le repliche, in due serie per 350 puntate complessive con 1.890 brani trasmessi. L\u2019obiettivo del programma: riproporre agli ascoltatori pi\u00f9 grandicelli le canzoni che ascoltavano nel passato e nello stesso tempo farle conoscere anche ai pi\u00f9 giovani.<\/p>\n<\/div>\n<\/div>\n<\/div>\n<\/div>\n<\/div>\n<\/div>\n<\/div>\n<\/div>\n<\/div>\n<div>\n<div>\n<div>\n<p>&nbsp;<\/p>\n<\/div>\n<\/div>\n<\/div>\n<\/div>\n<div>\n<p>&nbsp;<\/p>\n<\/div>\n<\/div>\n<div>\n<div>\n<div>\n<p>&nbsp;<\/p>\n<p>&nbsp;<\/p>\n<\/div>\n<\/div>\n<\/div>\n<\/div>\n<hr \/>\n<p>&nbsp;<\/p>\n<blockquote>\n<h2>FANTASTICHE DOLOMITI, NUOVA STAGIONE. APPUNTAMENTO QUINDICINALE IL GIOVEDI ALLE 10.30 E 19.00<\/h2>\n<\/blockquote>\n<blockquote class=\"wp-embedded-content\" data-secret=\"W3YHt2sp0c\"><p><a href=\"https:\/\/www.radiopiu.net\/wordpress\/raccolta-completa11\/\">FANTASTICHE DOLOMITI LA RACCOLTA COMPLETA<\/a><\/p><\/blockquote>\n<p><iframe loading=\"lazy\" class=\"wp-embedded-content\" sandbox=\"allow-scripts\" security=\"restricted\" style=\"position: absolute; clip: rect(1px, 1px, 1px, 1px);\" title=\"&#8220;FANTASTICHE DOLOMITI LA RACCOLTA COMPLETA&#8221; &#8212; Radio Pi\u00f9\" src=\"https:\/\/www.radiopiu.net\/wordpress\/raccolta-completa11\/embed\/#?secret=W3YHt2sp0c\" data-secret=\"W3YHt2sp0c\" width=\"600\" height=\"338\" frameborder=\"0\" marginwidth=\"0\" marginheight=\"0\" scrolling=\"no\"><\/iframe><\/p>\n<p>&nbsp;<\/p>\n<p>&nbsp;<\/p>\n<hr \/>\n<div>\n<div class=\"b654a4as d2edcug0\">\n<div class=\"rq0escxv hkbzh7o3 jwdofwj8 n8tt0mok r8blr3vg hyh9befq\">\n<div class=\"b654a4as d2edcug0\">\n<h2><span style=\"color: #008000;\">\u00a0<\/span><\/h2>\n<div class=\"b654a4as d2edcug0\">\n<h2><span style=\"color: #008000;\">ERBE E PIANTE CURATIVE&#8230;IL\u00a0 PROGRAMMA DI PAOLA LANCIATO\u00a0\u00a0<\/span><\/h2>\n<p><strong><a href=\"https:\/\/www.radiopiu.net\/wordpress\/salvia\/\" rel=\"attachment wp-att-219932\"><img loading=\"lazy\" decoding=\"async\" class=\"wp-image-219932 alignleft\" src=\"https:\/\/www.radiopiu.net\/wordpress\/wp-content\/uploads\/2021\/07\/salvia-300x288.jpg\" alt=\"\" width=\"75\" height=\"72\" srcset=\"https:\/\/www.radiopiu.net\/wordpress\/wp-content\/uploads\/2021\/07\/salvia-300x288.jpg 300w, https:\/\/www.radiopiu.net\/wordpress\/wp-content\/uploads\/2021\/07\/salvia-768x736.jpg 768w, https:\/\/www.radiopiu.net\/wordpress\/wp-content\/uploads\/2021\/07\/salvia.jpg 773w\" sizes=\"auto, (max-width: 75px) 100vw, 75px\" \/><\/a>LA SALVIA\u00a0<\/strong><\/p>\n<audio class=\"wp-audio-shortcode\" id=\"audio-221226-11\" preload=\"none\" style=\"width: 100%;\" controls=\"controls\"><source type=\"audio\/mpeg\" src=\"https:\/\/www.radiopiu.net\/wordpress\/wp-content\/uploads\/2021\/07\/21-La-salvia-M.mp3?_=11\" \/><a href=\"https:\/\/www.radiopiu.net\/wordpress\/wp-content\/uploads\/2021\/07\/21-La-salvia-M.mp3\">https:\/\/www.radiopiu.net\/wordpress\/wp-content\/uploads\/2021\/07\/21-La-salvia-M.mp3<\/a><\/audio>\n<\/div>\n<blockquote class=\"wp-embedded-content\" data-secret=\"KGhU59iPw7\"><p><a href=\"https:\/\/www.radiopiu.net\/wordpress\/erbe-e-piante-curative-il-mandorlo\/\">L\u2019ERBA VOGLIO DEL GIARDINO DEL RE\u2026 ERBE, FIORI E PIANTE DI E CON PAOLA LANCIATO<\/a><\/p><\/blockquote>\n<p><iframe loading=\"lazy\" class=\"wp-embedded-content\" sandbox=\"allow-scripts\" security=\"restricted\" style=\"position: absolute; clip: rect(1px, 1px, 1px, 1px);\" title=\"&#8220;L\u2019ERBA VOGLIO DEL GIARDINO DEL RE\u2026 ERBE, FIORI E PIANTE DI E CON PAOLA LANCIATO&#8221; &#8212; Radio Pi\u00f9\" src=\"https:\/\/www.radiopiu.net\/wordpress\/erbe-e-piante-curative-il-mandorlo\/embed\/#?secret=KGhU59iPw7\" data-secret=\"KGhU59iPw7\" width=\"600\" height=\"338\" frameborder=\"0\" marginwidth=\"0\" marginheight=\"0\" scrolling=\"no\"><\/iframe><\/p>\n<p>&nbsp;<\/p>\n<\/div>\n<\/div>\n<\/div>\n<\/div>\n<p>&nbsp;<\/p>\n<hr \/>\n<p>&nbsp;<\/p>\n<div>\n<h2><span style=\"color: #ff0000;\"><strong>IN VIVO VERSO 2020-21 ESTATE, RIASCOLTIAMOLI&#8230; DAL CASSETTO DEI RICORDI DI RADIO PIU&#8217;&#8230; LE PRIME\u00a0 SEI STAGIONI\u00a0 \u00a0<\/strong><\/span><\/h2>\n<div class=\"page-title-head hgroup\">\n<div class=\"page-title-head hgroup\">\n<div class=\"page-title-head hgroup\">\n<div class=\"page-title-head hgroup\">\n<div class=\"page-title-head hgroup\">\n<div class=\"page-title-head hgroup\">\n<blockquote>\n<h3>riascoltiamole<\/h3>\n<p><strong>LA RACCOLTA COMPLETA<\/strong><\/p><\/blockquote>\n<\/div>\n<\/div>\n<\/div>\n<\/div>\n<\/div>\n<\/div>\n<blockquote class=\"wp-embedded-content\" data-secret=\"tb8sTxd5zv\"><p><a href=\"https:\/\/www.radiopiu.net\/wordpress\/in-vivo-verso\/\">In Vivo Verso<\/a><\/p><\/blockquote>\n<p><iframe loading=\"lazy\" class=\"wp-embedded-content\" sandbox=\"allow-scripts\" security=\"restricted\" style=\"position: absolute; clip: rect(1px, 1px, 1px, 1px);\" title=\"&#8220;In Vivo Verso&#8221; &#8212; Radio Pi\u00f9\" src=\"https:\/\/www.radiopiu.net\/wordpress\/in-vivo-verso\/embed\/#?secret=tb8sTxd5zv\" data-secret=\"tb8sTxd5zv\" width=\"600\" height=\"338\" frameborder=\"0\" marginwidth=\"0\" marginheight=\"0\" scrolling=\"no\"><\/iframe><\/p>\n<p>&nbsp;<\/p>\n<hr \/>\n<\/div>\n<blockquote>\n<blockquote>\n<h2><\/h2>\n<\/blockquote>\n<\/blockquote>\n<div>\n<div class=\"b654a4as d2edcug0\">\n<div class=\"rq0escxv hkbzh7o3 jwdofwj8 n8tt0mok r8blr3vg hyh9befq\">\n<blockquote>\n<h2><span style=\"color: #ff0000;\"><em>ZAINO ALLA RADIO&#8230;ESTATE DI PAOLA LANCIATO TUTTI I GIORNI dal lunedi al venerdi ALLE 14 E 23.30\u00a0 \u00a0<\/em><\/span><\/h2>\n<\/blockquote>\n<div class=\"b654a4as d2edcug0\">\n<blockquote>\n<h2>CON PAOLA LANCIATO<\/h2>\n<\/blockquote>\n<p>&nbsp;<\/p>\n<p><strong>LA RACCOLTA COMPLETA<\/strong><\/p>\n<\/div>\n<blockquote class=\"wp-embedded-content\" data-secret=\"oO1mTBUE0Q\"><p><a href=\"https:\/\/www.radiopiu.net\/wordpress\/zaino-femminile-lanciato\/\">Zaino da viaggio al femminile<\/a><\/p><\/blockquote>\n<p><iframe loading=\"lazy\" class=\"wp-embedded-content\" sandbox=\"allow-scripts\" security=\"restricted\" style=\"position: absolute; clip: rect(1px, 1px, 1px, 1px);\" title=\"&#8220;Zaino da viaggio al femminile&#8221; &#8212; Radio Pi\u00f9\" src=\"https:\/\/www.radiopiu.net\/wordpress\/zaino-femminile-lanciato\/embed\/#?secret=oO1mTBUE0Q\" data-secret=\"oO1mTBUE0Q\" width=\"600\" height=\"338\" frameborder=\"0\" marginwidth=\"0\" marginheight=\"0\" scrolling=\"no\"><\/iframe><\/p>\n<p>&nbsp;<\/p>\n<\/div>\n<\/div>\n<\/div>\n<hr \/>\n<p>&nbsp;<\/p>\n<div>\n<h2><span style=\"color: #800080;\"><strong>LA RASSEGNA STAMPA DA L&#8217;AMICO DEL POPOLO\u00a0<\/strong><\/span><\/h2>\n<h3 class=\"kvgmc6g5 cxmmr5t8 oygrvhab hcukyx3x c1et5uql\"><span style=\"color: #0000ff;\"> INFORMAZIONE il canale su TELEGRAM informazione di prima mano e in tempo reale. iscriviti ed aiutaci a farlo conoscere\u00a0\u00a0<\/span><\/h3>\n<blockquote class=\"wp-embedded-content\" data-secret=\"v2VNGE8ZIY\"><p><a href=\"https:\/\/www.radiopiu.net\/wordpress\/rassegna-stampa-di-gianni-santomaso\/\">Rassegna stampa da l&#8217;amico del popolo &#8211; di Gianni Santomaso<\/a><\/p><\/blockquote>\n<p><iframe loading=\"lazy\" class=\"wp-embedded-content\" sandbox=\"allow-scripts\" security=\"restricted\" style=\"position: absolute; clip: rect(1px, 1px, 1px, 1px);\" title=\"&#8220;Rassegna stampa da l&#8217;amico del popolo &#8211; di Gianni Santomaso&#8221; &#8212; Radio Pi\u00f9\" src=\"https:\/\/www.radiopiu.net\/wordpress\/rassegna-stampa-di-gianni-santomaso\/embed\/#?secret=v2VNGE8ZIY\" data-secret=\"v2VNGE8ZIY\" width=\"600\" height=\"338\" frameborder=\"0\" marginwidth=\"0\" marginheight=\"0\" scrolling=\"no\"><\/iframe><\/p>\n<p>&nbsp;<\/p>\n<hr \/>\n<p>&nbsp;<\/p>\n<h2><span style=\"color: #3366ff;\">SALUTE E SOCIETA&#8217;<\/span><\/h2>\n<p><strong>LA PUNTATA DELLA SETTIMANA del 05 LUGLIO<\/strong><\/p>\n<\/div>\n<div dir=\"auto\">\n<p><img loading=\"lazy\" decoding=\"async\" class=\"size-medium wp-image-219969 alignleft\" src=\"https:\/\/www.radiopiu.net\/wordpress\/wp-content\/uploads\/2021\/07\/6c77b7ed-94b7-9355-3e85-090f2ae17079-300x169.png\" alt=\"\" width=\"300\" height=\"169\" srcset=\"https:\/\/www.radiopiu.net\/wordpress\/wp-content\/uploads\/2021\/07\/6c77b7ed-94b7-9355-3e85-090f2ae17079-300x169.png 300w, https:\/\/www.radiopiu.net\/wordpress\/wp-content\/uploads\/2021\/07\/6c77b7ed-94b7-9355-3e85-090f2ae17079-1024x576.png 1024w, https:\/\/www.radiopiu.net\/wordpress\/wp-content\/uploads\/2021\/07\/6c77b7ed-94b7-9355-3e85-090f2ae17079-768x432.png 768w, https:\/\/www.radiopiu.net\/wordpress\/wp-content\/uploads\/2021\/07\/6c77b7ed-94b7-9355-3e85-090f2ae17079.png 1280w\" sizes=\"auto, (max-width: 300px) 100vw, 300px\" \/><span style=\"color: #111111;\">La dieta chetogenica si basa sulla riduzione dei carboidrati alimentari, questa carenza obbliga l\u2019organismo a produrre autonomamente il glucosio necessario alla sopravvivenza e ad aumentare il consumo dei grassi contenuti nel tessuto adiposo. <\/span>Abbiamo approfondito l\u2019argomento con Giovanni Spera, Professore di Medicina Interna ed Endocrinologia -Sapienza Universit\u00e0 di Roma, Presidente eletto della Societ\u00e0 Italiana per lo Studio dei Distrbi del Comportamenti Alimentare e dell\u2019Obesit\u00e0<\/p>\n<audio class=\"wp-audio-shortcode\" id=\"audio-221226-12\" preload=\"none\" style=\"width: 100%;\" controls=\"controls\"><source type=\"audio\/mpeg\" src=\"https:\/\/www.radiopiu.net\/wordpress\/wp-content\/uploads\/2021\/07\/SALUTE.mp3?_=12\" \/><a href=\"https:\/\/www.radiopiu.net\/wordpress\/wp-content\/uploads\/2021\/07\/SALUTE.mp3\">https:\/\/www.radiopiu.net\/wordpress\/wp-content\/uploads\/2021\/07\/SALUTE.mp3<\/a><\/audio>\n<p><strong>LA RACCOLTA COMPLETA<\/strong><\/p>\n<blockquote class=\"wp-embedded-content\" data-secret=\"KH5cfH5EgK\"><p><a href=\"https:\/\/www.radiopiu.net\/wordpress\/saluteesocieta\/\">Salute e Societ\u00e0<\/a><\/p><\/blockquote>\n<p><iframe loading=\"lazy\" class=\"wp-embedded-content\" sandbox=\"allow-scripts\" security=\"restricted\" style=\"position: absolute; clip: rect(1px, 1px, 1px, 1px);\" title=\"&#8220;Salute e Societ\u00e0&#8221; &#8212; Radio Pi\u00f9\" src=\"https:\/\/www.radiopiu.net\/wordpress\/saluteesocieta\/embed\/#?secret=KH5cfH5EgK\" data-secret=\"KH5cfH5EgK\" width=\"600\" height=\"338\" frameborder=\"0\" marginwidth=\"0\" marginheight=\"0\" scrolling=\"no\"><\/iframe><\/p>\n<\/div>\n<div dir=\"auto\">\n<h1><\/h1>\n<\/div>\n<div>\n<div class=\"page-title-head hgroup\">\n<div class=\"page-title-head hgroup\">\n<div class=\"page-title-head hgroup\">\n<div>\n<div class=\"b654a4as d2edcug0\">\n<div class=\"rq0escxv hkbzh7o3 jwdofwj8 n8tt0mok r8blr3vg hyh9befq\">\n<hr \/>\n<\/div>\n<\/div>\n<\/div>\n<div>\n<div class=\"page-title-head hgroup\">\n<div class=\"page-title-head hgroup\">\n<div>\n<div class=\"b654a4as d2edcug0\">\n<p>&nbsp;<\/p>\n<blockquote>\n<h3><img loading=\"lazy\" decoding=\"async\" class=\"alignleft\" src=\"https:\/\/www.radiopiu.net\/wordpress\/wp-content\/uploads\/2021\/06\/fresh-flower-leaves-saffron-white-background-place-your-text-use-saffron-spice-cooking-cosmetology_347372-394.jpeg\" width=\"141\" height=\"94\" \/>L&#8217;ALMANACCO LADINO CON L&#8217;ISTITUT CESA DE JAN QUINDICINALE APPUNTAMENTO. LA DOMENICA ALLE 9 IL LUNEDI ALLE 8.35 IL MARTEDI ALLE 12.35 IL MERCOLEDI ALLE 18.35. SECONDA STAGIONE.<\/h3>\n<p>&nbsp;<\/p><\/blockquote>\n<p><strong>RACCOLTA COMPLETA\u00a0<\/strong><\/p>\n<blockquote class=\"wp-embedded-content\" data-secret=\"Yp3Wq2khYz\"><p><a href=\"https:\/\/www.radiopiu.net\/wordpress\/almanacco-ladino\/\">Almanacco Ladino<\/a><\/p><\/blockquote>\n<p><iframe loading=\"lazy\" class=\"wp-embedded-content\" sandbox=\"allow-scripts\" security=\"restricted\" style=\"position: absolute; clip: rect(1px, 1px, 1px, 1px);\" title=\"&#8220;Almanacco Ladino&#8221; &#8212; Radio Pi\u00f9\" src=\"https:\/\/www.radiopiu.net\/wordpress\/almanacco-ladino\/embed\/#?secret=Yp3Wq2khYz\" data-secret=\"Yp3Wq2khYz\" width=\"600\" height=\"338\" frameborder=\"0\" marginwidth=\"0\" marginheight=\"0\" scrolling=\"no\"><\/iframe><\/p>\n<div dir=\"auto\"><\/div>\n<\/div>\n<div>\n<p>&nbsp;<\/p>\n<hr \/>\n<h2><span style=\"color: #808000;\">DUE MINUTI UN LIBRO\u00a0 TUTTI I GIORNI ALLA RADIO ALLE 9.30 E ALLE 18. QUINTA STAGIONE\u00a0<\/span><\/h2>\n<p>&nbsp;<\/p>\n<\/div>\n<div>\n<p><strong>LA RACCOLTA COMPLETA\u00a0\u00a0<\/strong><\/p>\n<blockquote class=\"wp-embedded-content\" data-secret=\"eInBfT2xsl\"><p><a href=\"https:\/\/www.radiopiu.net\/wordpress\/due-minuti-un-libro\/\">Due minuti un libro<\/a><\/p><\/blockquote>\n<p><iframe loading=\"lazy\" class=\"wp-embedded-content\" sandbox=\"allow-scripts\" security=\"restricted\" style=\"position: absolute; clip: rect(1px, 1px, 1px, 1px);\" title=\"&#8220;Due minuti un libro&#8221; &#8212; Radio Pi\u00f9\" src=\"https:\/\/www.radiopiu.net\/wordpress\/due-minuti-un-libro\/embed\/#?secret=eInBfT2xsl\" data-secret=\"eInBfT2xsl\" width=\"600\" height=\"338\" frameborder=\"0\" marginwidth=\"0\" marginheight=\"0\" scrolling=\"no\"><\/iframe><\/p>\n<p>&nbsp;<\/p>\n<hr \/>\n<p>\u200b<\/p>\n<div>\n<h2><span style=\"color: #33cccc;\">I RACCONTI DI PAOLO SOPPELSA il lunedi alle 9.30 e 18.30<\/span><\/h2>\n<p><span style=\"color: #0000ff;\">INFORMAZIONE il canale su TELEGRAM informazione di prima mano e in tempo reale. iscriviti ed aiutaci a farlo conoscere\u00a0\u00a0<\/span><\/p>\n<blockquote class=\"wp-embedded-content\" data-secret=\"g59m2uervv\"><p><a href=\"https:\/\/www.radiopiu.net\/wordpress\/i-racconti-di-paolo-soppelsa-ottantaduesima-puntata\/\">I RACCONTI DI PAOLO SOPPELSA OTTANTADUESIMA PUNTATA<\/a><\/p><\/blockquote>\n<p><iframe loading=\"lazy\" class=\"wp-embedded-content\" sandbox=\"allow-scripts\" security=\"restricted\" style=\"position: absolute; clip: rect(1px, 1px, 1px, 1px);\" title=\"&#8220;I RACCONTI DI PAOLO SOPPELSA OTTANTADUESIMA PUNTATA&#8221; &#8212; Radio Pi\u00f9\" src=\"https:\/\/www.radiopiu.net\/wordpress\/i-racconti-di-paolo-soppelsa-ottantaduesima-puntata\/embed\/#?secret=g59m2uervv\" data-secret=\"g59m2uervv\" width=\"600\" height=\"338\" frameborder=\"0\" marginwidth=\"0\" marginheight=\"0\" scrolling=\"no\"><\/iframe><\/p>\n<p>&nbsp;<\/p>\n<blockquote class=\"wp-embedded-content\" data-secret=\"7p7PscHVLY\"><p><a href=\"https:\/\/www.radiopiu.net\/wordpress\/i-racconti-di-paolo-soppelsa\/\">I racconti di Paolo Soppelsa<\/a><\/p><\/blockquote>\n<p><iframe loading=\"lazy\" class=\"wp-embedded-content\" sandbox=\"allow-scripts\" security=\"restricted\" style=\"position: absolute; clip: rect(1px, 1px, 1px, 1px);\" title=\"&#8220;I racconti di Paolo Soppelsa&#8221; &#8212; Radio Pi\u00f9\" src=\"https:\/\/www.radiopiu.net\/wordpress\/i-racconti-di-paolo-soppelsa\/embed\/#?secret=7p7PscHVLY\" data-secret=\"7p7PscHVLY\" width=\"600\" height=\"338\" frameborder=\"0\" marginwidth=\"0\" marginheight=\"0\" scrolling=\"no\"><\/iframe><\/p>\n<p>&nbsp;<\/p>\n<\/div>\n<\/div>\n<hr \/>\n<p>&nbsp;<\/p>\n<h2><strong><span style=\"color: #ff0000;\">ALLA RADIO<\/span><\/strong><\/h2>\n<div data-offset-key=\"5n5nl-0-0\">\n<h3>Per ricevere gli aggiornamenti in tempo reale delle notizie pubblicate alla radio e sul sito di radio pi\u00f9 iscriviti al gruppo RADIO PIU INFORMAZIONE su Telegram.\u00a0\u00a0<a href=\"https:\/\/t.me\/radiopiu\">clicca qui<\/a><\/h3>\n<p>&nbsp;<\/p>\n<\/div>\n<blockquote><p><strong><a href=\"https:\/\/www.radiopiu.net\/wordpress\/cassa-solidarieta-luxottica-puntata-del-19-giugno-2020\/cslxo-2\/\" rel=\"attachment wp-att-145244\"><img loading=\"lazy\" decoding=\"async\" class=\"size-medium wp-image-145244 alignleft\" src=\"https:\/\/www.radiopiu.net\/wordpress\/wp-content\/uploads\/2020\/06\/cassa-solidarieta-luxottica-300x148.jpg\" alt=\"\" width=\"300\" height=\"148\" srcset=\"https:\/\/www.radiopiu.net\/wordpress\/wp-content\/uploads\/2020\/06\/cassa-solidarieta-luxottica-300x148.jpg 300w, https:\/\/www.radiopiu.net\/wordpress\/wp-content\/uploads\/2020\/06\/cassa-solidarieta-luxottica-1024x504.jpg 1024w, https:\/\/www.radiopiu.net\/wordpress\/wp-content\/uploads\/2020\/06\/cassa-solidarieta-luxottica-768x378.jpg 768w, https:\/\/www.radiopiu.net\/wordpress\/wp-content\/uploads\/2020\/06\/cassa-solidarieta-luxottica.jpg 1167w\" sizes=\"auto, (max-width: 300px) 100vw, 300px\" \/><\/a>di Claudio Fontanive<\/strong><\/p>\n<p>OSPITI: Paolo Chissal\u00e8 e Fabrizio Campedel<\/p>\n<p>&nbsp;<\/p>\n<p>&nbsp;<\/p><\/blockquote>\n<h2><\/h2>\n<blockquote class=\"wp-embedded-content\" data-secret=\"XKkwIE36dn\"><p><a href=\"https:\/\/www.radiopiu.net\/wordpress\/cassa-solidarieta-luxottica-puntata-del-16-ottobre-2020\/\">CASSA SOLIDARIET\u00c0 LUXOTTICA &#8211; TUTTE LE PUNTATE<\/a><\/p><\/blockquote>\n<p><iframe loading=\"lazy\" class=\"wp-embedded-content\" sandbox=\"allow-scripts\" security=\"restricted\" style=\"position: absolute; clip: rect(1px, 1px, 1px, 1px);\" title=\"&#8220;CASSA SOLIDARIET\u00c0 LUXOTTICA &#8211; TUTTE LE PUNTATE&#8221; &#8212; Radio Pi\u00f9\" src=\"https:\/\/www.radiopiu.net\/wordpress\/cassa-solidarieta-luxottica-puntata-del-16-ottobre-2020\/embed\/#?secret=XKkwIE36dn\" data-secret=\"XKkwIE36dn\" width=\"600\" height=\"338\" frameborder=\"0\" marginwidth=\"0\" marginheight=\"0\" scrolling=\"no\"><\/iframe><\/p>\n<div>\n<p>&nbsp;<\/p>\n<\/div>\n<\/div>\n<div class=\"page-title-head hgroup\">\n<div>\n<div class=\"b654a4as d2edcug0\">\n<hr \/>\n<\/div>\n<\/div>\n<p>&nbsp;<\/p>\n<p><a href=\"https:\/\/www.radiopiu.net\/wordpress\/giornale-radiopiu-26-settembre-2018-direttore-mirko-mezzacasa\/viabilita-2\/\" rel=\"attachment wp-att-61954\"><img loading=\"lazy\" decoding=\"async\" class=\"wp-image-61954 size-full aligncenter\" src=\"https:\/\/www.radiopiu.net\/wordpress\/wp-content\/uploads\/2018\/09\/viabilita.jpeg\" alt=\"\" width=\"800\" height=\"100\" srcset=\"https:\/\/www.radiopiu.net\/wordpress\/wp-content\/uploads\/2018\/09\/viabilita.jpeg 800w, https:\/\/www.radiopiu.net\/wordpress\/wp-content\/uploads\/2018\/09\/viabilita-300x38.jpeg 300w, https:\/\/www.radiopiu.net\/wordpress\/wp-content\/uploads\/2018\/09\/viabilita-768x96.jpeg 768w\" sizes=\"auto, (max-width: 800px) 100vw, 800px\" \/><\/a><\/p>\n<blockquote><p><a href=\"https:\/\/www.radiopiu.net\/wordpress\/giornale-radiopiu-09-agosto-2018-direttore-mirko-mezzacasa\/viabilia\/\" rel=\"attachment wp-att-57053\"><img loading=\"lazy\" decoding=\"async\" class=\" wp-image-57053 alignleft\" src=\"https:\/\/www.radiopiu.net\/wordpress\/wp-content\/uploads\/2018\/08\/VIABILIA-300x180.jpeg\" alt=\"\" width=\"220\" height=\"132\" srcset=\"https:\/\/www.radiopiu.net\/wordpress\/wp-content\/uploads\/2018\/08\/VIABILIA-300x180.jpeg 300w, https:\/\/www.radiopiu.net\/wordpress\/wp-content\/uploads\/2018\/08\/VIABILIA-768x461.jpeg 768w, https:\/\/www.radiopiu.net\/wordpress\/wp-content\/uploads\/2018\/08\/VIABILIA-1024x614.jpeg 1024w, https:\/\/www.radiopiu.net\/wordpress\/wp-content\/uploads\/2018\/08\/VIABILIA.jpeg 1280w\" sizes=\"auto, (max-width: 220px) 100vw, 220px\" \/><\/a><\/p><\/blockquote>\n<\/div>\n<\/div>\n<\/div>\n<\/div>\n<\/div>\n<\/div>\n<\/div>\n<\/div>\n<div>\n<div>\n<div class=\"page-title-head hgroup\">\n<div class=\"page-title-head hgroup\">\n<div class=\"page-title-head hgroup\">\n<div class=\"page-title-head hgroup\">\n<div class=\"page-title-head hgroup\">\n<div class=\"page-title-head hgroup\">\n<blockquote><p>La viabilit\u00e0 con gli ultimi aggiornamenti<\/p><\/blockquote>\n<\/div>\n<\/div>\n<\/div>\n<\/div>\n<\/div>\n<\/div>\n<\/div>\n<div><\/div>\n<div><\/div>\n<div>\n<div>\n<div class=\"page-title-head hgroup\">\n<audio class=\"wp-audio-shortcode\" id=\"audio-221226-13\" preload=\"none\" style=\"width: 100%;\" controls=\"controls\"><source type=\"audio\/mpeg\" src=\"https:\/\/www.radiopiu.net\/wordpress\/wp-content\/uploads\/2021\/07\/VIABILITA-7.mp3?_=13\" \/><a href=\"https:\/\/www.radiopiu.net\/wordpress\/wp-content\/uploads\/2021\/07\/VIABILITA-7.mp3\">https:\/\/www.radiopiu.net\/wordpress\/wp-content\/uploads\/2021\/07\/VIABILITA-7.mp3<\/a><\/audio>\n<p>&nbsp;<\/p>\n<p>&nbsp;<\/p>\n<hr \/>\n<p>&nbsp;<\/p>\n<\/div>\n<\/div>\n<\/div>\n<\/div>\n<div>\n<div class=\"page-title-head hgroup\" style=\"text-align: left;\">\n<div class=\"page-title-head hgroup\">\n<div dir=\"auto\">\n<p><a class=\"dt-pswp-item pspw-wrap-ready\" href=\"https:\/\/i0.wp.com\/www.radiopiu.net\/wordpress\/wp-content\/uploads\/2018\/09\/WhatsApp-Image-2018-09-20-at-16.04.06.jpeg?ssl=1\" data-dt-img-description=\"\" data-large_image_width=\"800\" data-large_image_height=\"100\"><img loading=\"lazy\" decoding=\"async\" class=\"aligncenter wp-image-61378 size-full jetpack-lazy-image jetpack-lazy-image--handled\" src=\"https:\/\/i0.wp.com\/www.radiopiu.net\/wordpress\/wp-content\/uploads\/2018\/09\/WhatsApp-Image-2018-09-20-at-16.04.06.jpeg?resize=800%2C100&amp;ssl=1\" sizes=\"auto, (max-width: 800px) 100vw, 800px\" srcset=\"https:\/\/i0.wp.com\/www.radiopiu.net\/wordpress\/wp-content\/uploads\/2018\/09\/WhatsApp-Image-2018-09-20-at-16.04.06.jpeg?w=800&amp;ssl=1 800w, https:\/\/i0.wp.com\/www.radiopiu.net\/wordpress\/wp-content\/uploads\/2018\/09\/WhatsApp-Image-2018-09-20-at-16.04.06.jpeg?resize=300%2C38&amp;ssl=1 300w, https:\/\/i0.wp.com\/www.radiopiu.net\/wordpress\/wp-content\/uploads\/2018\/09\/WhatsApp-Image-2018-09-20-at-16.04.06.jpeg?resize=768%2C96&amp;ssl=1 768w\" alt=\"\" width=\"800\" height=\"100\" data-lazy-loaded=\"1\" \/><\/a><\/p>\n<div style=\"text-align: left;\"><center><\/center><center>\u00a0<\/center><\/div>\n<\/div>\n<\/div>\n<\/div>\n<\/div>\n<\/div>\n<\/div>\n<\/div>\n<\/div>\n<div>\n<div><\/div>\n<\/div>\n<\/div>\n<\/div>\n<\/div>\n<\/div>\n<\/div>\n<\/div>\n<p><center><b>Lunedi 12<\/b><\/center><b>Tempo atteso: <\/b>Maggiore soleggiamento e pressoch\u00e9 assenza di attivit\u00e0 cumuliforme durante le ore pi\u00f9 calde, ma il livello di umidit\u00e0 nei bassi strati e l&#8217;arrivo di aria molto calda potrebbero generare una temporanea copertura stratiforme (cappa di stratocumuli) tra la tarda mattinata e le prime ore del pomeriggio, prima di dissolversi del tutto e lasciare molto spazio al sole e al cielo sereno. Contesto termico prettamente estivo.<br \/>\n<b>Precipitazioni: <\/b>Assenti (0%).<br \/>\n<b>Temperature: <\/b>In generale aumento con ritorno del caldo, specie nei fondovalle. Sono previste punte di 30\/31\u00b0C nei fondovalle prealpini e di 25\/27\u00b0C a 1000\/1200 m. Su Prealpi a 1500 m min 14\u00b0C, max 21\u00b0C, a 2000 m min 11\u00b0C, max 17\u00b0C, su Dolomiti a 2000 m min 10\u00b0C, max 18\u00b0C, a 3000 m min 5\u00b0C, max 9\u00b0C.<br \/>\n<b>Venti: <\/b>Nelle valli perlopi\u00f9 deboli per brezze, localmente e a tratti moderati nei settori solitamente pi\u00f9 ventilati; in quota deboli\/moderati da sud-ovest al mattino, in rinforzo da sud al pomeriggio\/sera fino a tesi sulle vette pi\u00f9 alte, a 5-15 km\/h a 2000 m e 15-35 km\/h a 3000 m.<\/p>\n<hr \/>\n<p><center><b>Martedi 13<\/b><\/center><b>Tempo atteso: <\/b>All&#8217;alba qualche iniziale residua schiarita, assieme a nuvolosit\u00e0 irregolare. Nel corso della mattinata aumento della nuvolosit\u00e0 fino a cielo molto nuvoloso. Dalle ore centrali del giorno il tempo peggiorer\u00e0 con ulteriore aumento della nuvolosit\u00e0, anche per addensamenti cumuliformi, e ci saranno i primi fenomeni, ma la maggiore instabilit\u00e0 si verificher\u00e0 nel tardo pomeriggio\/sera, quando i fenomeni saranno pi\u00f9 diffusi. Attenuazione del caldo.<br \/>\n<b>Precipitazioni: <\/b>Al mattino assenti (0%). Dalle ore centrali in poi crescente probabilit\u00e0 fino a risultare molto alta nel tardo pomeriggio\/sera (90\/100%) per rovesci e temporali. I fenomeni dovrebbero perdurare anche durante la notte.<br \/>\n<b>Temperature: <\/b>In generale calo, eccetto aumento delle minime nelle valli. Su Prealpi a 1500 m min 13\u00b0C, max 17\u00b0C, a 2000 m min 10\u00b0C, max 13\u00b0C, su Dolomiti a 2000 m min 9\u00b0C, max 13\u00b0C, a 3000 m min 3\u00b0C, max 7\u00b0C.<br \/>\n<b>Venti: <\/b>Nelle valli perlopi\u00f9 deboli per brezze, localmente e a tratti moderati. Al pomeriggio\/sera occorrer\u00e0 prestare attenzione alle forti e improvvise raffiche nelle fasi temporalesche; in quota tesi\/forti da sud, a 10-25 km\/h a 2000 m e 25-55 km\/h a 3000 m.<\/p>\n<hr \/>\n<p><center><b>Mercoledi 14<\/b><\/center>Maltempo nella notte e per parte del mattino con piogge diffuse a carattere di rovescio e di temporali. Poi tendenza alla variabilit\u00e0 o nella migliore ipotesi anche al parziale miglioramento del tempo nel pomeriggio, con tratti soleggiati e qualche annuvolamento irregolare di nuovo associato a qualche rovescio o temporale. Temperature in calo. Venti moderati da sud sud-est in quota, deboli di direzione variabile nelle valli con eventuali raffiche temporalesche durante la fase instabile notturna.<\/p>\n<hr \/>\n<p><center><b>Giovedi 15<\/b><\/center>Sole e qualche annuvolamento al mattino. Poi crescente attivit\u00e0 cumuliforme gi\u00e0 dalle ore centrali e soprattutto al pomeriggio, quando gli addensamenti saranno di nuovo associati a rovesci e temporali. Temperature minime in calo e massime stazionarie o in ulteriore lieve diminuzione, tant&#8217;\u00e8 che in caso di precipitazioni, la neve cadr\u00e0 sulle vette dolomitiche pi\u00f9 alte. Venti deboli di direzione variabile nelle valli, con qualche rinforzo per brezze e per raffiche in caso di temporali. In quota venti deboli\/mdoerati daovest al mattino, poi da nord. Previsore: R.L.Th.<\/p>\n<p>&nbsp;<\/p>\n<hr \/>\n<p>&nbsp;<\/p>\n<p><img loading=\"lazy\" decoding=\"async\" class=\"aligncenter wp-image-60761 size-full\" src=\"https:\/\/www.radiopiu.net\/wordpress\/wp-content\/uploads\/2018\/09\/sport.jpg\" alt=\"\" width=\"800\" height=\"100\" srcset=\"https:\/\/www.radiopiu.net\/wordpress\/wp-content\/uploads\/2018\/09\/sport.jpg 800w, https:\/\/www.radiopiu.net\/wordpress\/wp-content\/uploads\/2018\/09\/sport-300x38.jpg 300w, https:\/\/www.radiopiu.net\/wordpress\/wp-content\/uploads\/2018\/09\/sport-768x96.jpg 768w\" sizes=\"auto, (max-width: 800px) 100vw, 800px\" \/><\/p>\n<p>&nbsp;<\/p>\n<blockquote>\n<h3>SOGNE PRIMO DI CATEGORIA ALLA &#8220;NUOTIAMO INSIEME&#8221; DI CAORLE<\/h3>\n<\/blockquote>\n<p><strong><a href=\"https:\/\/www.radiopiu.net\/wordpress\/?attachment_id=221122\" rel=\"attachment wp-att-221122\"><img loading=\"lazy\" decoding=\"async\" class=\"size-medium wp-image-221122 alignleft\" src=\"https:\/\/www.radiopiu.net\/wordpress\/wp-content\/uploads\/2021\/07\/Caorle_1-300x231.jpg\" alt=\"\" width=\"300\" height=\"231\" srcset=\"https:\/\/www.radiopiu.net\/wordpress\/wp-content\/uploads\/2021\/07\/Caorle_1-300x231.jpg 300w, https:\/\/www.radiopiu.net\/wordpress\/wp-content\/uploads\/2021\/07\/Caorle_1-1024x790.jpg 1024w, https:\/\/www.radiopiu.net\/wordpress\/wp-content\/uploads\/2021\/07\/Caorle_1-768x592.jpg 768w, https:\/\/www.radiopiu.net\/wordpress\/wp-content\/uploads\/2021\/07\/Caorle_1-1536x1185.jpg 1536w, https:\/\/www.radiopiu.net\/wordpress\/wp-content\/uploads\/2021\/07\/Caorle_1.jpg 1671w\" sizes=\"auto, (max-width: 300px) 100vw, 300px\" \/><\/a>CAORLE (VE)<\/strong> Ancora sugli scudi gli atleti della Sportivamente Belluno. E non solo in piscina.\u00a0 S\u00ec, perch\u00e9 a Caorle (provincia di Venezia) \u00e8 andata in scena la manifestazione \u201cNuotiamo insieme\u201d, inserita nel calendario nazionale Fin (Federazione italiana nuoto) di fondo e mezzofondo. Giunto alla ventesima edizione, l\u2019evento ha accolto pure i bellunesi Matteo Sogne e Tullio Franceschini, che hanno percorso 3 chilometri a suon di bracciate.\u00a0In un contesto arricchito da 200 partecipanti, provenienti da varie zone del Nord Italia, e oltre, i portacolori della Sportivamente hanno avuto il merito di ritagliarsi un ruolo da protagonisti.\u00a0A cominciare da Sogne, capace di centrare il primo posto di categoria (M40), a cui aggiunge la sedicesima posizione assoluta, nella classifica generale. Il suo tempo? 41\u201943\u201d70.\u00a0Anche Franceschini (M60) ha dato vita a una prova da applausi, tanto da riuscire a completare la distanza in meno di un\u2019ora: precisamente, in 59\u201944\u201d50. Un rilevamento cronometrico che gli \u00e8 valso la quarta piazza di categoria. Bilancio radioso per l\u2019allenatrice Maria Elena Canova: \u00ab<em>Sono molto soddisfatta dei nostri atleti. L\u2019unico motivo di rammarico \u00e8 legato al fatto che il gruppo poteva essere ancor pi\u00f9 numeroso. Purtroppo, per\u00f2, stiamo ancora pagando le conseguenze del Covid<\/em>\u00bb.<\/p>\n<p>&nbsp;<\/p>\n<p>&nbsp;<\/p>\n<hr \/>\n<p>&nbsp;<\/p>\n<blockquote>\n<h3>INIZIATA LA PREPARAZIONE DELL&#8217;ALLEGHE HOCKEY, PRESTO ANCHE DELLE AMICHEVOLI ESTIVE<\/h3>\n<\/blockquote>\n<p><strong><a href=\"https:\/\/www.radiopiu.net\/wordpress\/adriano-levis-e-il-nuovo-presidente-dellalleghe-hockey\/adriano-levis\/\" rel=\"attachment wp-att-143358\"><img loading=\"lazy\" decoding=\"async\" class=\" wp-image-143358 alignleft\" src=\"https:\/\/www.radiopiu.net\/wordpress\/wp-content\/uploads\/2020\/06\/Adriano-LEVIS-300x247.jpg\" alt=\"\" width=\"176\" height=\"145\" srcset=\"https:\/\/www.radiopiu.net\/wordpress\/wp-content\/uploads\/2020\/06\/Adriano-LEVIS-300x247.jpg 300w, https:\/\/www.radiopiu.net\/wordpress\/wp-content\/uploads\/2020\/06\/Adriano-LEVIS-1024x842.jpg 1024w, https:\/\/www.radiopiu.net\/wordpress\/wp-content\/uploads\/2020\/06\/Adriano-LEVIS-768x631.jpg 768w, https:\/\/www.radiopiu.net\/wordpress\/wp-content\/uploads\/2020\/06\/Adriano-LEVIS-1536x1262.jpg 1536w, https:\/\/www.radiopiu.net\/wordpress\/wp-content\/uploads\/2020\/06\/Adriano-LEVIS-2048x1683.jpg 2048w\" sizes=\"auto, (max-width: 176px) 100vw, 176px\" \/><\/a>ALLEGHE<\/strong> La stagione dell&#8217;Alleghe Hockey \u00e8 iniziata con la preparazione atletica a secco e presto la squadra potr\u00e0 di nuovo tornare ad allenarsi sul ghiaccio. Intanto il presidente Adriano Levis rassicura i tifosi e preannuncia anche delle amichevoli estive<\/p>\n<p><strong>IL PRESIDENTE DELL&#8217;ALLEGHE HOCKEY ADRIANO LEVIS<\/strong><\/p>\n<audio class=\"wp-audio-shortcode\" id=\"audio-221226-14\" preload=\"none\" style=\"width: 100%;\" controls=\"controls\"><source type=\"audio\/mpeg\" src=\"https:\/\/www.radiopiu.net\/wordpress\/wp-content\/uploads\/2021\/07\/ADRIANO-LEVIS-ALLEGHE-HOCKEY.mp3?_=14\" \/><a href=\"https:\/\/www.radiopiu.net\/wordpress\/wp-content\/uploads\/2021\/07\/ADRIANO-LEVIS-ALLEGHE-HOCKEY.mp3\">https:\/\/www.radiopiu.net\/wordpress\/wp-content\/uploads\/2021\/07\/ADRIANO-LEVIS-ALLEGHE-HOCKEY.mp3<\/a><\/audio>\n<p>&nbsp;<\/p>\n<hr \/>\n<p>&nbsp;<\/p>\n<blockquote>\n<h3>TERMINA CON LA QUARTA POSIZIONE IL FINE SETTIMANA DI MONZA PER ANDREA FONTANA<\/h3>\n<\/blockquote>\n<p><strong><a href=\"https:\/\/www.radiopiu.net\/wordpress\/termina-con-la-quarta-posizione-il-fine-settimana-di-monza-per-andrea-fontana\/e5a387f2-7483-4229-9501-61bc6561014e\/\" rel=\"attachment wp-att-221222\"><img loading=\"lazy\" decoding=\"async\" class=\" wp-image-221222 alignleft\" src=\"https:\/\/www.radiopiu.net\/wordpress\/wp-content\/uploads\/2021\/07\/e5a387f2-7483-4229-9501-61bc6561014e-300x200.jpg\" alt=\"\" width=\"176\" height=\"117\" srcset=\"https:\/\/www.radiopiu.net\/wordpress\/wp-content\/uploads\/2021\/07\/e5a387f2-7483-4229-9501-61bc6561014e-300x200.jpg 300w, https:\/\/www.radiopiu.net\/wordpress\/wp-content\/uploads\/2021\/07\/e5a387f2-7483-4229-9501-61bc6561014e-1024x682.jpg 1024w, https:\/\/www.radiopiu.net\/wordpress\/wp-content\/uploads\/2021\/07\/e5a387f2-7483-4229-9501-61bc6561014e-768x512.jpg 768w, https:\/\/www.radiopiu.net\/wordpress\/wp-content\/uploads\/2021\/07\/e5a387f2-7483-4229-9501-61bc6561014e-1536x1023.jpg 1536w, https:\/\/www.radiopiu.net\/wordpress\/wp-content\/uploads\/2021\/07\/e5a387f2-7483-4229-9501-61bc6561014e.jpg 2048w\" sizes=\"auto, (max-width: 176px) 100vw, 176px\" \/><\/a>MONZA<\/strong> Quarto posto per Andrea Fontana nella tappa di Monza dell&#8217;European Le Mans Series. Ai piedi del podio il pilota bellunese che si dichiara pronto per la prossima tappa a Spa Francorchamps. &#8220;Weekend duro quello di Monza a causa delle alte temperature ma finalmente abbiamo dimostrato di essere competitivi e di poter lottare per le posizioni che contano! Torniamo a casa con un 4\u00ba posto, ai piedi del podio e questo ci da la carica per tornare ancora pi\u00f9 \u201caffamati\u201d per la prossima gara a Spa e puntare ancora pi\u00f9 in alto!&#8221;<\/p>\n<p>&nbsp;<\/p>\n<p>&nbsp;<\/p>\n<hr \/>\n<p>&nbsp;<\/p>\n<blockquote>\n<h3>ROBERTO PIAZ E DANIELE VIEL SONO I PRIMI COLPI DI MERCATO DEL PONTE NELLE ALPI<\/h3>\n<\/blockquote>\n<p><strong><a href=\"https:\/\/www.radiopiu.net\/wordpress\/giornale-radiopiu-11-luglio-2021-direttore-mirko-mezzacasa\/asd-ponte-nelle-alpi-2\/\" rel=\"attachment wp-att-221086\"><img loading=\"lazy\" decoding=\"async\" class=\"size-medium wp-image-221086 alignleft\" src=\"https:\/\/www.radiopiu.net\/wordpress\/wp-content\/uploads\/2021\/07\/ASD-PONTE-NELLE-ALPI-300x115.png\" alt=\"\" width=\"300\" height=\"115\" srcset=\"https:\/\/www.radiopiu.net\/wordpress\/wp-content\/uploads\/2021\/07\/ASD-PONTE-NELLE-ALPI-300x115.png 300w, https:\/\/www.radiopiu.net\/wordpress\/wp-content\/uploads\/2021\/07\/ASD-PONTE-NELLE-ALPI-768x296.png 768w, https:\/\/www.radiopiu.net\/wordpress\/wp-content\/uploads\/2021\/07\/ASD-PONTE-NELLE-ALPI.png 920w\" sizes=\"auto, (max-width: 300px) 100vw, 300px\" \/><\/a>PONTE NELLE ALPI<\/strong> Il nuovo Ponte nelle Alpi prende forma in vista della nuova stagione in Seconda categoria. A questo proposito, e\u0300 stato ufficializzato lo staff tecnico, chiamato a dettare la rotta durante l\u2019annata sul rettangolo verde: l\u2019allenatore sara\u0300 Giuseppe Faso, affiancato dal vice Gimmi De Vettor, mentre Tommaso Carlin curera\u0300 la preparazione atletica e Luca Zampieri e\u0300 il preparatore dei portieri. Per quanto riguarda la rosa, spuntano due novita\u0300. Una riguarda un graditissimo ritorno: ed e\u0300 quello di Daniele Viel. Il quale si rimette a disposizione dei colori granata con la sua esperienza e le sue qualita\u0300 tecniche e umane. L\u2019altra novita\u0300, invece, riguarda l\u2019innesto di Roberto Piaz: centrocampista cresciuto nella Feltrese, classe 1992, e\u0300 il classico giocatore di categoria superiore. Si\u0300, perche\u0301 ha trascorso buona parte della sua carriera in Prima, vestendo le maglie di Cavarzano, Fiori Barp Mas e, piu\u0300 di recente, dell\u2019Alpina.<\/p>\n<p>&nbsp;<\/p>\n<p>&nbsp;<\/p>\n<hr \/>\n<p>&nbsp;<\/p>\n<blockquote>\n<h3>PREMIATI I VINCITORI DELLA COPPA VENETO FISI<\/h3>\n<\/blockquote>\n<p><strong>CA&#8217; DEL POGGIO (TV)\u00a0 <\/strong><span class=\"s1\">Si sono svolte sabato nella cornice di Ca\u2019 del Poggio (Treviso), le premiazioni della Coppa Veneto Energiapura, il circuito regionale dello sci alpino dedicato alle categorie Aspiranti e Giovani. Le premiazioni hanno riguardato sia la stagione 2019-2020 sia la stagione 2020-2021. Nell\u2019occasione c\u2019\u00e8 stata anche la consegna dei Distintivi al merito Fisi 2019. <\/span><span class=\"s1\">La giornata si \u00e8 aperta nel ricordo di Andrea Puicher Soravia, il tecnico di Sappada scomparso lo scorso novembre. Nell\u2019estate del 2018 \u201cPera\u201d aveva assunto la guida della nostra squadra regionale di sci alpino ma la malattia lo aveva costretto a interrompere anzitempo il proprio lavoro. Il presidente Bortoluzzi lo ha ricordato con commozione, esprimendo al padre Massimo, presente all\u2019evento, tutto l\u2019affetto del comitato veneto Fisi. <\/span><span class=\"s1\">Di seguito l\u2019elenco dei premiati. <\/span><span class=\"s1\"><b>COPPA VENETO 2019-2020 <\/b><\/span><span class=\"s1\"><b>Aspiranti donne<\/b>: 1. Gaia Palamara (Drusci\u00e9 Cortina); 2. Giorgia Vielmo (Domegge); 3. Mariachiara Rimoldi (18). <\/span><span class=\"s1\"><b>Aspiranti uomini<\/b>: 1. Elia De Zanna (Cortina); 2. Giorgio Baldo (Cortina); 3. Luca Martignago (Cortina). <\/span><span class=\"s1\"><b>Giovani donne<\/b>: 1. Gaia Palamara (Drusci\u00e9); 2. Anna Rech (Ski team Vallata Feltrina); 3. Mariachiara Rimoldi (18). <\/span><span class=\"s1\"><b>Giovani uomini<\/b>: 1. Gianlorenzo Di Paolo (Ski College Veneto Falcade); 2. Tommaso Nardi (Drusci\u00e9); 3. Tommaso Casagrande (Drusci\u00e9). <\/span><span class=\"s1\"><b>Societ\u00e0<\/b>: 1. Sci club Drusci\u00e9 Cortina punti 5.849; 2. Ski College Veneto Falcade 4.158; 3. Sci club Cortina 3.595. <\/span><span class=\"s1\"><b>COPPA VENETO 2020-2021 <\/b><\/span><span class=\"s1\"><b>Aspiranti donne<\/b>: 1. Virginia De Conti (Drusci\u00e9); 2. Giulia Frison (Gallio); 3. Francesca Trentin (18). <\/span><span class=\"s1\"><b>Aspiranti uomini<\/b>: 1. Giorgio Baldo (Cortina); 2. Filippo Sambugaro (Gallio); 3. Marco De Zanna (Cortina). <\/span><span class=\"s1\"><b>Giovani donne<\/b>: 1. Anna Rech (Ski team Vallata Feltrina); 2.\u00a0 Valentina Savorgnani (Ski College Veneto Falcade); 3. Giulia Frison (Gallio). <\/span><span class=\"s1\"><b>Giovani uomini<\/b>: 1. Tommaso Casagrande (Drusci\u00e9); 2. Matteo Pizzato (Drusci\u00e9); 3. Filippo Sambugaro (Gallio). <\/span><span class=\"s1\"><b>Societ\u00e0<\/b>: 1. Sci club Drusci\u00e9 Cortina 5.669; 2. Ski College Veneto Falcade 3.740; 3. Sci club Cortina 3.645. <\/span><span class=\"s1\"><b>DISTINTIVI AL MERITO FISI <\/b><\/span><span class=\"s1\"><b>Distintivi d\u2019argento al merito Fisi individuali<\/b>: Giuseppina Biasin (Sc Montebelluna); Germano Cadamuro (Sci club Villorba); Guido Don\u00e0 (Sci club Villorba); Michele Parolin (Sci club Montebelluna); Vittorio Sovilla (Agonistica Sportmarket); Roberto Zandonella Necca (Nottoli Vittorio Veneto); Giorgio Boato (Sci club Mestre); Ivo Scardoni (Sci club Bosco); Maurizio Benetti (Us Asiago sci); Sergio Rigoni (Us Asiago sci). <\/span><span class=\"s1\"><b>Distintivi d\u2019argento al merito Fisi societ\u00e0<\/b>: Sci club Montagnana. <\/span><span class=\"s1\"><b>Distintivi d\u2019oro al merito Fisi societ\u00e0<\/b>: Sci club Colfosco; Sci club Villorba.<\/span><\/p>\n\n\t\t\t<style type='text\/css'>\n\t\t\t\t#gallery-8 {\n\t\t\t\t\tmargin: auto;\n\t\t\t\t}\n\t\t\t\t#gallery-8 .gallery-item {\n\t\t\t\t\tfloat: left;\n\t\t\t\t\tmargin-top: 10px;\n\t\t\t\t\ttext-align: center;\n\t\t\t\t\twidth: 16%;\n\t\t\t\t}\n\t\t\t\t#gallery-8 img {\n\t\t\t\t\tborder: 2px solid #cfcfcf;\n\t\t\t\t}\n\t\t\t\t#gallery-8 .gallery-caption {\n\t\t\t\t\tmargin-left: 0;\n\t\t\t\t}\n\t\t\t\t\/* see gallery_shortcode() in wp-includes\/media.php *\/\n\t\t\t<\/style>\n\t\t<div id='gallery-8' class='dt-gallery-container gallery galleryid-221226 gallery-columns-6 gallery-size-thumbnail'><dl class='gallery-item'>\n\t\t\t\t<dt class='gallery-icon landscape'>\n\t\t\t\t\t<a class=\"rollover rollover-zoom dt-pswp-item\" title=\"aspiranti F 20-21\" data-dt-img-description=\"\" data-large_image_width=\"1400\" data-large_image_height=\"933\"href='https:\/\/www.radiopiu.net\/wordpress\/wp-content\/uploads\/2021\/07\/aspiranti-F-20-21.jpg'><img loading=\"lazy\" decoding=\"async\" width=\"150\" height=\"150\" src=\"https:\/\/www.radiopiu.net\/wordpress\/wp-content\/uploads\/2021\/07\/aspiranti-F-20-21-150x150.jpg\" class=\"attachment-thumbnail size-thumbnail\" alt=\"\" \/><\/a>\n\t\t\t\t<\/dt><\/dl><dl class='gallery-item'>\n\t\t\t\t<dt class='gallery-icon landscape'>\n\t\t\t\t\t<a class=\"rollover rollover-zoom dt-pswp-item\" title=\"aspiranti M 20-21\" data-dt-img-description=\"\" data-large_image_width=\"1400\" data-large_image_height=\"933\"href='https:\/\/www.radiopiu.net\/wordpress\/wp-content\/uploads\/2021\/07\/aspiranti-M-20-21.jpg'><img loading=\"lazy\" decoding=\"async\" width=\"150\" height=\"150\" src=\"https:\/\/www.radiopiu.net\/wordpress\/wp-content\/uploads\/2021\/07\/aspiranti-M-20-21-150x150.jpg\" class=\"attachment-thumbnail size-thumbnail\" alt=\"\" \/><\/a>\n\t\t\t\t<\/dt><\/dl><dl class='gallery-item'>\n\t\t\t\t<dt class='gallery-icon landscape'>\n\t\t\t\t\t<a class=\"rollover rollover-zoom dt-pswp-item\" title=\"distintivi fisi\" data-dt-img-description=\"\" data-large_image_width=\"1400\" data-large_image_height=\"933\"href='https:\/\/www.radiopiu.net\/wordpress\/wp-content\/uploads\/2021\/07\/distintivi-fisi.jpg'><img loading=\"lazy\" decoding=\"async\" width=\"150\" height=\"150\" src=\"https:\/\/www.radiopiu.net\/wordpress\/wp-content\/uploads\/2021\/07\/distintivi-fisi-150x150.jpg\" class=\"attachment-thumbnail size-thumbnail\" alt=\"\" \/><\/a>\n\t\t\t\t<\/dt><\/dl><dl class='gallery-item'>\n\t\t\t\t<dt class='gallery-icon landscape'>\n\t\t\t\t\t<a class=\"rollover rollover-zoom dt-pswp-item\" title=\"giovani F 20-21\" data-dt-img-description=\"\" data-large_image_width=\"1400\" data-large_image_height=\"933\"href='https:\/\/www.radiopiu.net\/wordpress\/wp-content\/uploads\/2021\/07\/giovani-F-20-21.jpg'><img loading=\"lazy\" decoding=\"async\" width=\"150\" height=\"150\" src=\"https:\/\/www.radiopiu.net\/wordpress\/wp-content\/uploads\/2021\/07\/giovani-F-20-21-150x150.jpg\" class=\"attachment-thumbnail size-thumbnail\" alt=\"\" \/><\/a>\n\t\t\t\t<\/dt><\/dl><dl class='gallery-item'>\n\t\t\t\t<dt class='gallery-icon landscape'>\n\t\t\t\t\t<a class=\"rollover rollover-zoom dt-pswp-item\" title=\"giovani M 20-21\" data-dt-img-description=\"\" data-large_image_width=\"1400\" data-large_image_height=\"933\"href='https:\/\/www.radiopiu.net\/wordpress\/wp-content\/uploads\/2021\/07\/giovani-M-20-21.jpg'><img loading=\"lazy\" decoding=\"async\" width=\"150\" height=\"150\" src=\"https:\/\/www.radiopiu.net\/wordpress\/wp-content\/uploads\/2021\/07\/giovani-M-20-21-150x150.jpg\" class=\"attachment-thumbnail size-thumbnail\" alt=\"\" \/><\/a>\n\t\t\t\t<\/dt><\/dl><dl class='gallery-item'>\n\t\t\t\t<dt class='gallery-icon portrait'>\n\t\t\t\t\t<a class=\"rollover rollover-zoom dt-pswp-item\" title=\"roberto bortoluzzi e massimo puicher soravia 10.07.2021\" data-dt-img-description=\"\" data-large_image_width=\"933\" data-large_image_height=\"1400\"href='https:\/\/www.radiopiu.net\/wordpress\/wp-content\/uploads\/2021\/07\/roberto-bortoluzzi-e-massimo-puicher-soravia-10.07.2021.jpg'><img loading=\"lazy\" decoding=\"async\" width=\"150\" height=\"150\" src=\"https:\/\/www.radiopiu.net\/wordpress\/wp-content\/uploads\/2021\/07\/roberto-bortoluzzi-e-massimo-puicher-soravia-10.07.2021-150x150.jpg\" class=\"attachment-thumbnail size-thumbnail\" alt=\"\" \/><\/a>\n\t\t\t\t<\/dt><\/dl><br style=\"clear: both\" \/>\n\t\t\t<\/div>\n\n<p>&nbsp;<\/p>\n","protected":false},"excerpt":{"rendered":"<p>\u00a0 \u00a0 \u00a0 \u00a0 \u00a0 EHI&#8230;. EHI!&#8230;. A Z Z U R R I:\u00a0 \u00a0 \u00a0 G\u00a0 R\u00a0 A\u00a0 Z\u00a0 I\u00a0 E\u00a0 &nbsp; MEZZANOTTE AD AGORDO, 11.07.20221, https:\/\/www.facebook.com\/Mirkomezziano\/videos\/303792978100908 &nbsp; SKY SPORT &#8230;\u00a0 FABIO CARESSA &#8211; BEPPE BERGOMI &nbsp; &nbsp; I MISTERI DI ALLEGHE ALLA RADIO, DA OGGI ROBERTO FAORO RACCONTA IL LIBRO DI SERGIO SAVIANE&hellip;<\/p>\n","protected":false},"author":4,"featured_media":221232,"comment_status":"closed","ping_status":"open","sticky":false,"template":"","format":"standard","meta":{"_monsterinsights_skip_tracking":false,"_monsterinsights_sitenote_active":false,"_monsterinsights_sitenote_note":"","_monsterinsights_sitenote_category":0,"footnotes":""},"categories":[1,86],"tags":[],"class_list":["post-221226","post","type-post","status-publish","format-standard","has-post-thumbnail","hentry","category-senza-categoria","category-gr","category-1","category-86","description-off"],"img_url":"https:\/\/www.radiopiu.net\/wordpress\/wp-content\/uploads\/2021\/07\/3410d56b-61a2-406d-b645-ecee5ac518c6.jpg","_links":{"self":[{"href":"https:\/\/www.radiopiu.net\/wordpress\/wp-json\/wp\/v2\/posts\/221226","targetHints":{"allow":["GET"]}}],"collection":[{"href":"https:\/\/www.radiopiu.net\/wordpress\/wp-json\/wp\/v2\/posts"}],"about":[{"href":"https:\/\/www.radiopiu.net\/wordpress\/wp-json\/wp\/v2\/types\/post"}],"author":[{"embeddable":true,"href":"https:\/\/www.radiopiu.net\/wordpress\/wp-json\/wp\/v2\/users\/4"}],"replies":[{"embeddable":true,"href":"https:\/\/www.radiopiu.net\/wordpress\/wp-json\/wp\/v2\/comments?post=221226"}],"version-history":[{"count":0,"href":"https:\/\/www.radiopiu.net\/wordpress\/wp-json\/wp\/v2\/posts\/221226\/revisions"}],"wp:featuredmedia":[{"embeddable":true,"href":"https:\/\/www.radiopiu.net\/wordpress\/wp-json\/wp\/v2\/media\/221232"}],"wp:attachment":[{"href":"https:\/\/www.radiopiu.net\/wordpress\/wp-json\/wp\/v2\/media?parent=221226"}],"wp:term":[{"taxonomy":"category","embeddable":true,"href":"https:\/\/www.radiopiu.net\/wordpress\/wp-json\/wp\/v2\/categories?post=221226"},{"taxonomy":"post_tag","embeddable":true,"href":"https:\/\/www.radiopiu.net\/wordpress\/wp-json\/wp\/v2\/tags?post=221226"}],"curies":[{"name":"wp","href":"https:\/\/api.w.org\/{rel}","templated":true}]}}