{"id":221335,"date":"2021-07-12T15:01:58","date_gmt":"2021-07-12T13:01:58","guid":{"rendered":"https:\/\/www.radiopiu.net\/wordpress\/?p=221335"},"modified":"2021-07-12T15:05:44","modified_gmt":"2021-07-12T13:05:44","slug":"vi-manca-una-bicicletta-da-un-paio-di-settimane","status":"publish","type":"post","link":"https:\/\/www.radiopiu.net\/wordpress\/vi-manca-una-bicicletta-da-un-paio-di-settimane\/","title":{"rendered":"VI MANCA UNA BICICLETTA DA UN PAIO DI SETTIMANE?"},"content":{"rendered":"<p><strong><a href=\"https:\/\/www.radiopiu.net\/wordpress\/vi-manca-una-bicicletta-da-un-paio-di-settimane\/34c5a690-3d15-4cf1-bca2-a4006d4774be\/\" rel=\"attachment wp-att-221337\"><img loading=\"lazy\" decoding=\"async\" class=\"size-medium wp-image-221337 alignleft\" src=\"https:\/\/www.radiopiu.net\/wordpress\/wp-content\/uploads\/2021\/07\/34c5a690-3d15-4cf1-bca2-a4006d4774be-146x300.jpg\" alt=\"\" width=\"146\" height=\"300\" srcset=\"https:\/\/www.radiopiu.net\/wordpress\/wp-content\/uploads\/2021\/07\/34c5a690-3d15-4cf1-bca2-a4006d4774be-146x300.jpg 146w, https:\/\/www.radiopiu.net\/wordpress\/wp-content\/uploads\/2021\/07\/34c5a690-3d15-4cf1-bca2-a4006d4774be-498x1024.jpg 498w, https:\/\/www.radiopiu.net\/wordpress\/wp-content\/uploads\/2021\/07\/34c5a690-3d15-4cf1-bca2-a4006d4774be-768x1581.jpg 768w, https:\/\/www.radiopiu.net\/wordpress\/wp-content\/uploads\/2021\/07\/34c5a690-3d15-4cf1-bca2-a4006d4774be-746x1536.jpg 746w, https:\/\/www.radiopiu.net\/wordpress\/wp-content\/uploads\/2021\/07\/34c5a690-3d15-4cf1-bca2-a4006d4774be.jpg 995w\" sizes=\"auto, (max-width: 146px) 100vw, 146px\" \/><\/a>AGORDO<\/strong>\u00a0 <em>&#8220;Prendo la bicicletta, cio\u00e8 la rubo, la uso e poi la lascio da qualche parte&#8221;<\/em> Succede spesso nell&#8217;Agordino non \u00e8 una novit\u00e0 le segnalazioni sono continue, a volte il velocipede viene ritrovato sotto al ponte in mezzo all&#8217;acqua del torrente, altre volte gettato alla meno peggio contro un muro oppure come in questo caso abbandonato lungo la strada. Questa bicicletta \u00e8 appoggiata ai cespugli da almeno\u00a0 due settimane\u00a0 nei pressi della rotonda di Brugnach, direzione Campagna<\/p>\n","protected":false},"excerpt":{"rendered":"<p>AGORDO\u00a0 &#8220;Prendo la bicicletta, cio\u00e8 la rubo, la uso e poi la lascio da qualche parte&#8221; Succede spesso nell&#8217;Agordino non \u00e8 una novit\u00e0 le segnalazioni sono continue, a volte il velocipede viene ritrovato sotto al ponte in mezzo all&#8217;acqua del torrente, altre volte gettato alla meno peggio contro un muro oppure come in questo caso&hellip;<\/p>\n","protected":false},"author":4,"featured_media":221336,"comment_status":"closed","ping_status":"open","sticky":false,"template":"","format":"standard","meta":{"_monsterinsights_skip_tracking":false,"_monsterinsights_sitenote_active":false,"_monsterinsights_sitenote_note":"","_monsterinsights_sitenote_category":0,"footnotes":""},"categories":[51,49],"tags":[],"class_list":["post-221335","post","type-post","status-publish","format-standard","has-post-thumbnail","hentry","category-evidenza-top","category-news-18","category-51","category-49","description-off"],"img_url":"https:\/\/www.radiopiu.net\/wordpress\/wp-content\/uploads\/2021\/07\/bb26c1d0-1c0d-41e6-accf-9f66474bd6d9.jpg","_links":{"self":[{"href":"https:\/\/www.radiopiu.net\/wordpress\/wp-json\/wp\/v2\/posts\/221335","targetHints":{"allow":["GET"]}}],"collection":[{"href":"https:\/\/www.radiopiu.net\/wordpress\/wp-json\/wp\/v2\/posts"}],"about":[{"href":"https:\/\/www.radiopiu.net\/wordpress\/wp-json\/wp\/v2\/types\/post"}],"author":[{"embeddable":true,"href":"https:\/\/www.radiopiu.net\/wordpress\/wp-json\/wp\/v2\/users\/4"}],"replies":[{"embeddable":true,"href":"https:\/\/www.radiopiu.net\/wordpress\/wp-json\/wp\/v2\/comments?post=221335"}],"version-history":[{"count":0,"href":"https:\/\/www.radiopiu.net\/wordpress\/wp-json\/wp\/v2\/posts\/221335\/revisions"}],"wp:featuredmedia":[{"embeddable":true,"href":"https:\/\/www.radiopiu.net\/wordpress\/wp-json\/wp\/v2\/media\/221336"}],"wp:attachment":[{"href":"https:\/\/www.radiopiu.net\/wordpress\/wp-json\/wp\/v2\/media?parent=221335"}],"wp:term":[{"taxonomy":"category","embeddable":true,"href":"https:\/\/www.radiopiu.net\/wordpress\/wp-json\/wp\/v2\/categories?post=221335"},{"taxonomy":"post_tag","embeddable":true,"href":"https:\/\/www.radiopiu.net\/wordpress\/wp-json\/wp\/v2\/tags?post=221335"}],"curies":[{"name":"wp","href":"https:\/\/api.w.org\/{rel}","templated":true}]}}