{"id":221342,"date":"2021-07-12T15:21:02","date_gmt":"2021-07-12T13:21:02","guid":{"rendered":"https:\/\/www.radiopiu.net\/wordpress\/?p=221342"},"modified":"2021-07-13T06:44:51","modified_gmt":"2021-07-13T04:44:51","slug":"meteo-dalle-ore-centrali-di-domani-probabili-forti-rovesci-sul-veneto-stato-di-attenzione-per-la-rete-idraulica-secondaria-dei-bacini-della-regione","status":"publish","type":"post","link":"https:\/\/www.radiopiu.net\/wordpress\/meteo-dalle-ore-centrali-di-domani-probabili-forti-rovesci-sul-veneto-stato-di-attenzione-per-la-rete-idraulica-secondaria-dei-bacini-della-regione\/","title":{"rendered":"METEO. DALLE ORE CENTRALI DI DOMANI PROBABILI FORTI ROVESCI SUL VENETO. STATO DI ATTENZIONE PER LA RETE IDRAULICA SECONDARIA DEI BACINI DELLA REGIONE"},"content":{"rendered":"<p><strong><a href=\"https:\/\/www.radiopiu.net\/wordpress\/meteo-fino-al-mattino-di-lunedi-8-giugno-stato-di-attenzione-per-possibili-temporali-intensi\/fulmine-meteo-maltempo\/\" rel=\"attachment wp-att-142852\"><img loading=\"lazy\" decoding=\"async\" class=\" wp-image-142852 alignleft\" src=\"https:\/\/www.radiopiu.net\/wordpress\/wp-content\/uploads\/2020\/06\/FULMINE-METEO-MALTEMPO-300x199.jpg\" alt=\"\" width=\"175\" height=\"116\" srcset=\"https:\/\/www.radiopiu.net\/wordpress\/wp-content\/uploads\/2020\/06\/FULMINE-METEO-MALTEMPO-300x199.jpg 300w, https:\/\/www.radiopiu.net\/wordpress\/wp-content\/uploads\/2020\/06\/FULMINE-METEO-MALTEMPO-1024x678.jpg 1024w, https:\/\/www.radiopiu.net\/wordpress\/wp-content\/uploads\/2020\/06\/FULMINE-METEO-MALTEMPO-768x508.jpg 768w, https:\/\/www.radiopiu.net\/wordpress\/wp-content\/uploads\/2020\/06\/FULMINE-METEO-MALTEMPO-1536x1017.jpg 1536w, https:\/\/www.radiopiu.net\/wordpress\/wp-content\/uploads\/2020\/06\/FULMINE-METEO-MALTEMPO.jpg 1920w\" sizes=\"auto, (max-width: 175px) 100vw, 175px\" \/><\/a>VENEZIA <\/strong>Le previsioni metereologiche del Veneto segnalano dalle ore centrali di domani, marted\u00ec 13 luglio, fino alle prime ore di mercoled\u00ec 14, tempo instabile con rovesci e temporali sparsi, a tratti diffusi. Saranno possibili fenomeni localmente intensi (forti rovesci, forti raffiche di vento, grandinate anche forti) con quantitativi di pioggia anche consistenti. Considerati i fenomeni meteorologici previsti, la criticit\u00e0 idrogeologica attesa \u00e8 riferita allo scenario per temporali forti. Il Centro Funzionale Decentrato della Protezione Civile della Regione ha emesso un avviso di criticit\u00e0 idrogeologica, fissando &#8211; dalle 12.00 di domani fino alle 8.00 di dopodomani &#8211; lo stato di Attenzione (allerta gialla) per la rete idraulica secondaria di tutti i bacini del territorio regionale. Le previsioni riferiscono, inoltre, che rispetto ad oggi, domani \u00e8 previsto un abbassamento sensibile delle temperature che proseguir\u00e0 anche nella giornata di mercoled\u00ec.<\/p>\n<p><a href=\"https:\/\/www.radiopiu.net\/wordpress\/meteo-dalle-ore-centrali-di-domani-probabili-forti-rovesci-sul-veneto-stato-di-attenzione-per-la-rete-idraulica-secondaria-dei-bacini-della-regione\/schermata-2021-07-12-alle-15-18-49\/\" rel=\"attachment wp-att-221356\"><img loading=\"lazy\" decoding=\"async\" class=\"alignnone wp-image-221356 size-large\" src=\"https:\/\/www.radiopiu.net\/wordpress\/wp-content\/uploads\/2021\/07\/Schermata-2021-07-12-alle-15.18.49-1024x335.png\" alt=\"\" width=\"1024\" height=\"335\" srcset=\"https:\/\/www.radiopiu.net\/wordpress\/wp-content\/uploads\/2021\/07\/Schermata-2021-07-12-alle-15.18.49-1024x335.png 1024w, https:\/\/www.radiopiu.net\/wordpress\/wp-content\/uploads\/2021\/07\/Schermata-2021-07-12-alle-15.18.49-300x98.png 300w, https:\/\/www.radiopiu.net\/wordpress\/wp-content\/uploads\/2021\/07\/Schermata-2021-07-12-alle-15.18.49-768x251.png 768w, https:\/\/www.radiopiu.net\/wordpress\/wp-content\/uploads\/2021\/07\/Schermata-2021-07-12-alle-15.18.49-1536x503.png 1536w, https:\/\/www.radiopiu.net\/wordpress\/wp-content\/uploads\/2021\/07\/Schermata-2021-07-12-alle-15.18.49.png 1680w\" sizes=\"auto, (max-width: 1024px) 100vw, 1024px\" \/><\/a><\/p>\n<p>&nbsp;<\/p>\n<p>&nbsp;<\/p>\n<p>&nbsp;<\/p>\n<p>&nbsp;<\/p>\n<p>*****<\/p>\n","protected":false},"excerpt":{"rendered":"<p>VENEZIA Le previsioni metereologiche del Veneto segnalano dalle ore centrali di domani, marted\u00ec 13 luglio, fino alle prime ore di mercoled\u00ec 14, tempo instabile con rovesci e temporali sparsi, a tratti diffusi. Saranno possibili fenomeni localmente intensi (forti rovesci, forti raffiche di vento, grandinate anche forti) con quantitativi di pioggia anche consistenti. Considerati i fenomeni&hellip;<\/p>\n","protected":false},"author":4,"featured_media":142852,"comment_status":"closed","ping_status":"open","sticky":false,"template":"","format":"standard","meta":{"_monsterinsights_skip_tracking":false,"_monsterinsights_sitenote_active":false,"_monsterinsights_sitenote_note":"","_monsterinsights_sitenote_category":0,"footnotes":""},"categories":[51,49],"tags":[],"class_list":["post-221342","post","type-post","status-publish","format-standard","has-post-thumbnail","hentry","category-evidenza-top","category-news-18","category-51","category-49","description-off"],"img_url":"https:\/\/www.radiopiu.net\/wordpress\/wp-content\/uploads\/2020\/06\/FULMINE-METEO-MALTEMPO.jpg","_links":{"self":[{"href":"https:\/\/www.radiopiu.net\/wordpress\/wp-json\/wp\/v2\/posts\/221342","targetHints":{"allow":["GET"]}}],"collection":[{"href":"https:\/\/www.radiopiu.net\/wordpress\/wp-json\/wp\/v2\/posts"}],"about":[{"href":"https:\/\/www.radiopiu.net\/wordpress\/wp-json\/wp\/v2\/types\/post"}],"author":[{"embeddable":true,"href":"https:\/\/www.radiopiu.net\/wordpress\/wp-json\/wp\/v2\/users\/4"}],"replies":[{"embeddable":true,"href":"https:\/\/www.radiopiu.net\/wordpress\/wp-json\/wp\/v2\/comments?post=221342"}],"version-history":[{"count":0,"href":"https:\/\/www.radiopiu.net\/wordpress\/wp-json\/wp\/v2\/posts\/221342\/revisions"}],"wp:featuredmedia":[{"embeddable":true,"href":"https:\/\/www.radiopiu.net\/wordpress\/wp-json\/wp\/v2\/media\/142852"}],"wp:attachment":[{"href":"https:\/\/www.radiopiu.net\/wordpress\/wp-json\/wp\/v2\/media?parent=221342"}],"wp:term":[{"taxonomy":"category","embeddable":true,"href":"https:\/\/www.radiopiu.net\/wordpress\/wp-json\/wp\/v2\/categories?post=221342"},{"taxonomy":"post_tag","embeddable":true,"href":"https:\/\/www.radiopiu.net\/wordpress\/wp-json\/wp\/v2\/tags?post=221342"}],"curies":[{"name":"wp","href":"https:\/\/api.w.org\/{rel}","templated":true}]}}