{"id":221368,"date":"2021-07-12T16:19:42","date_gmt":"2021-07-12T14:19:42","guid":{"rendered":"https:\/\/www.radiopiu.net\/wordpress\/?p=221368"},"modified":"2021-07-12T21:05:39","modified_gmt":"2021-07-12T19:05:39","slug":"il-gruppo-alpini-monte-civetta-di-alleghe-ha-festeggiato-i-90-anni","status":"publish","type":"post","link":"https:\/\/www.radiopiu.net\/wordpress\/il-gruppo-alpini-monte-civetta-di-alleghe-ha-festeggiato-i-90-anni\/","title":{"rendered":"IL GRUPPO ALPINI MONTE CIVETTA DI ALLEGHE HA FESTEGGIATO I 90 ANNI"},"content":{"rendered":"<p><strong>ALLEGHE <\/strong>Festa grande nell\u2019ultimo fine settimana per gli Alpini del Gruppo \u201cMonte Civetta\u201d che hanno celebrato il 90\u00b0 anniversario della costituzione con alcune manifestazioni in parte disturbate dal maltempo. Soddisfatti, comunque, sia il capogruppo Christian De Toni che il presidente della Sezione di Belluno Lino De Pra: \u00ab<em>All\u2019ultimo momento il tempo ci ha costretti a cambiare in parte il programma che avevamo preparato, ma \u00e8 andato tutto bene, compresa la partecipazione di penne nere e popolazione<\/em>\u00bb. Nella serata di sabato \u00e8 stata celebrata la S. Messa nella parrocchiale di S. Biagio alla presenza del vice presidente vicario nazionale Alfonsino Ercole. Domenica mattina in centro ad Alleghe si sono svolte le cerimonie dell\u2019alzabandiera e degli onori ai caduti. Pur sotto la pioggia la fanfara dei congedati della Brigata Cadore, diretta dal maestro Domenico Vello, ha eseguito un impeccabile carosello alla presenza di alpini, residenti e villeggianti convenuti nella piazza centrale. Il clou delle due giornate doveva tenersi ai Piani di Pezz\u00e8, ma si \u00e8 optato per il raduno nel piazzale dello Stadio \u201cAlvise De Toni\u201d dove la stessa fanfara ha eseguito il meglio del suo repertorio riscuotendo calorosi applausi e consensi dal pubblico presente. Nei loro interventi il presidente della Provincia Roberto Padrin ed il sindaco di Alleghe Danilo De Toni hanno sottolineato il valore della presenza degli alpini all\u2019interno della comunit\u00e0 locale dove operano da ben novant\u2019anni, ovvero da quando il primo capogruppo Antonio Soia fond\u00f2 il sodalizio. La manifestazione si \u00e8 poi conclusa, per alpini, autorit\u00e0 e fanfara con la salita in cabinovia ai Piani di Pezz\u00e8, dove si tenne l\u2019ultimo giuramento alpino il 26 agosto 2000. Dopo una breve sfilata finale in lieto convivio all\u2019ombra della maestosa Civetta.<\/p>\n\n\t\t\t<style type='text\/css'>\n\t\t\t\t#gallery-1 {\n\t\t\t\t\tmargin: auto;\n\t\t\t\t}\n\t\t\t\t#gallery-1 .gallery-item {\n\t\t\t\t\tfloat: left;\n\t\t\t\t\tmargin-top: 10px;\n\t\t\t\t\ttext-align: center;\n\t\t\t\t\twidth: 33%;\n\t\t\t\t}\n\t\t\t\t#gallery-1 img {\n\t\t\t\t\tborder: 2px solid #cfcfcf;\n\t\t\t\t}\n\t\t\t\t#gallery-1 .gallery-caption {\n\t\t\t\t\tmargin-left: 0;\n\t\t\t\t}\n\t\t\t\t\/* see gallery_shortcode() in wp-includes\/media.php *\/\n\t\t\t<\/style>\n\t\t<div id='gallery-1' class='dt-gallery-container gallery galleryid-221368 gallery-columns-3 gallery-size-medium'><dl class='gallery-item'>\n\t\t\t\t<dt class='gallery-icon landscape'>\n\t\t\t\t\t<a class=\"rollover rollover-zoom dt-pswp-item\" title=\"ana alleghe 1\" data-dt-img-description=\"\" data-large_image_width=\"1599\" data-large_image_height=\"899\"href='https:\/\/www.radiopiu.net\/wordpress\/wp-content\/uploads\/2021\/07\/ana-alleghe-1.jpg'><img loading=\"lazy\" decoding=\"async\" width=\"300\" height=\"169\" src=\"https:\/\/www.radiopiu.net\/wordpress\/wp-content\/uploads\/2021\/07\/ana-alleghe-1-300x169.jpg\" class=\"attachment-medium size-medium\" alt=\"\" srcset=\"https:\/\/www.radiopiu.net\/wordpress\/wp-content\/uploads\/2021\/07\/ana-alleghe-1-300x169.jpg 300w, https:\/\/www.radiopiu.net\/wordpress\/wp-content\/uploads\/2021\/07\/ana-alleghe-1-1024x576.jpg 1024w, https:\/\/www.radiopiu.net\/wordpress\/wp-content\/uploads\/2021\/07\/ana-alleghe-1-768x432.jpg 768w, https:\/\/www.radiopiu.net\/wordpress\/wp-content\/uploads\/2021\/07\/ana-alleghe-1-1536x864.jpg 1536w, https:\/\/www.radiopiu.net\/wordpress\/wp-content\/uploads\/2021\/07\/ana-alleghe-1.jpg 1599w\" sizes=\"auto, (max-width: 300px) 100vw, 300px\" \/><\/a>\n\t\t\t\t<\/dt><\/dl><dl class='gallery-item'>\n\t\t\t\t<dt class='gallery-icon landscape'>\n\t\t\t\t\t<a class=\"rollover rollover-zoom dt-pswp-item\" title=\"ana alleghe 2\" data-dt-img-description=\"\" data-large_image_width=\"1599\" data-large_image_height=\"899\"href='https:\/\/www.radiopiu.net\/wordpress\/wp-content\/uploads\/2021\/07\/ana-alleghe-2.jpg'><img loading=\"lazy\" decoding=\"async\" width=\"300\" height=\"169\" src=\"https:\/\/www.radiopiu.net\/wordpress\/wp-content\/uploads\/2021\/07\/ana-alleghe-2-300x169.jpg\" class=\"attachment-medium size-medium\" alt=\"\" srcset=\"https:\/\/www.radiopiu.net\/wordpress\/wp-content\/uploads\/2021\/07\/ana-alleghe-2-300x169.jpg 300w, https:\/\/www.radiopiu.net\/wordpress\/wp-content\/uploads\/2021\/07\/ana-alleghe-2-1024x576.jpg 1024w, https:\/\/www.radiopiu.net\/wordpress\/wp-content\/uploads\/2021\/07\/ana-alleghe-2-768x432.jpg 768w, https:\/\/www.radiopiu.net\/wordpress\/wp-content\/uploads\/2021\/07\/ana-alleghe-2-1536x864.jpg 1536w, https:\/\/www.radiopiu.net\/wordpress\/wp-content\/uploads\/2021\/07\/ana-alleghe-2.jpg 1599w\" sizes=\"auto, (max-width: 300px) 100vw, 300px\" \/><\/a>\n\t\t\t\t<\/dt><\/dl><dl class='gallery-item'>\n\t\t\t\t<dt class='gallery-icon landscape'>\n\t\t\t\t\t<a class=\"rollover rollover-zoom dt-pswp-item\" title=\"ana alleghe 3\" data-dt-img-description=\"\" data-large_image_width=\"1599\" data-large_image_height=\"899\"href='https:\/\/www.radiopiu.net\/wordpress\/wp-content\/uploads\/2021\/07\/ana-alleghe-3.jpg'><img loading=\"lazy\" decoding=\"async\" width=\"300\" height=\"169\" src=\"https:\/\/www.radiopiu.net\/wordpress\/wp-content\/uploads\/2021\/07\/ana-alleghe-3-300x169.jpg\" class=\"attachment-medium size-medium\" alt=\"\" srcset=\"https:\/\/www.radiopiu.net\/wordpress\/wp-content\/uploads\/2021\/07\/ana-alleghe-3-300x169.jpg 300w, https:\/\/www.radiopiu.net\/wordpress\/wp-content\/uploads\/2021\/07\/ana-alleghe-3-1024x576.jpg 1024w, https:\/\/www.radiopiu.net\/wordpress\/wp-content\/uploads\/2021\/07\/ana-alleghe-3-768x432.jpg 768w, https:\/\/www.radiopiu.net\/wordpress\/wp-content\/uploads\/2021\/07\/ana-alleghe-3-1536x864.jpg 1536w, https:\/\/www.radiopiu.net\/wordpress\/wp-content\/uploads\/2021\/07\/ana-alleghe-3.jpg 1599w\" sizes=\"auto, (max-width: 300px) 100vw, 300px\" \/><\/a>\n\t\t\t\t<\/dt><\/dl><br style=\"clear: both\" \/>\n\t\t\t<\/div>\n\n<p>&nbsp;<\/p>\n<h2><strong>DAL GIORNALE RADIO DEL 12 LUGLIO 2021<\/strong><\/h2>\n<blockquote class=\"wp-embedded-content\" data-secret=\"HpxvfZqsqc\"><p><a href=\"https:\/\/www.radiopiu.net\/wordpress\/i-90-anni-degli-alpini-di-alleghe\/\">I 90 ANNI DEGLI ALPINI DI ALLEGHE<\/a><\/p><\/blockquote>\n<p><iframe loading=\"lazy\" class=\"wp-embedded-content\" sandbox=\"allow-scripts\" security=\"restricted\" style=\"position: absolute; clip: rect(1px, 1px, 1px, 1px);\" title=\"&#8220;I 90 ANNI DEGLI ALPINI DI ALLEGHE&#8221; &#8212; Radio Pi\u00f9\" src=\"https:\/\/www.radiopiu.net\/wordpress\/i-90-anni-degli-alpini-di-alleghe\/embed\/#?secret=HpxvfZqsqc\" data-secret=\"HpxvfZqsqc\" width=\"600\" height=\"338\" frameborder=\"0\" marginwidth=\"0\" marginheight=\"0\" scrolling=\"no\"><\/iframe><\/p>\n<p>&nbsp;<\/p>\n<blockquote class=\"wp-embedded-content\" data-secret=\"eHpj4vRXg3\"><p><a href=\"https:\/\/www.radiopiu.net\/wordpress\/i-90-anni-del-gruppo-alpini-monte-civetta-di-alleghe-padrin-gli-alpini-sono-importanti-bisogna-valorizzarli\/\">I 90 ANNI DEL GRUPPO ALPINI MONTE CIVETTA DI ALLEGHE. PADRIN: &#8220;GLI ALPINI SONO IMPORTANTI, BISOGNA VALORIZZARLI&#8221;<\/a><\/p><\/blockquote>\n<p><iframe loading=\"lazy\" class=\"wp-embedded-content\" sandbox=\"allow-scripts\" security=\"restricted\" style=\"position: absolute; clip: rect(1px, 1px, 1px, 1px);\" title=\"&#8220;I 90 ANNI DEL GRUPPO ALPINI MONTE CIVETTA DI ALLEGHE. PADRIN: &#8220;GLI ALPINI SONO IMPORTANTI, BISOGNA VALORIZZARLI&#8221;&#8221; &#8212; Radio Pi\u00f9\" src=\"https:\/\/www.radiopiu.net\/wordpress\/i-90-anni-del-gruppo-alpini-monte-civetta-di-alleghe-padrin-gli-alpini-sono-importanti-bisogna-valorizzarli\/embed\/#?secret=eHpj4vRXg3\" data-secret=\"eHpj4vRXg3\" width=\"600\" height=\"338\" frameborder=\"0\" marginwidth=\"0\" marginheight=\"0\" scrolling=\"no\"><\/iframe><\/p>\n<p>&nbsp;<\/p>\n<p>&nbsp;<\/p>\n<p>&nbsp;<\/p>\n<p>*****<\/p>\n","protected":false},"excerpt":{"rendered":"<p>ALLEGHE Festa grande nell\u2019ultimo fine settimana per gli Alpini del Gruppo \u201cMonte Civetta\u201d che hanno celebrato il 90\u00b0 anniversario della costituzione con alcune manifestazioni in parte disturbate dal maltempo. Soddisfatti, comunque, sia il capogruppo Christian De Toni che il presidente della Sezione di Belluno Lino De Pra: \u00abAll\u2019ultimo momento il tempo ci ha costretti a&hellip;<\/p>\n","protected":false},"author":4,"featured_media":221370,"comment_status":"closed","ping_status":"open","sticky":false,"template":"","format":"standard","meta":{"_monsterinsights_skip_tracking":false,"_monsterinsights_sitenote_active":false,"_monsterinsights_sitenote_note":"","_monsterinsights_sitenote_category":0,"footnotes":""},"categories":[49],"tags":[],"class_list":["post-221368","post","type-post","status-publish","format-standard","has-post-thumbnail","hentry","category-news-18","category-49","description-off"],"img_url":"https:\/\/www.radiopiu.net\/wordpress\/wp-content\/uploads\/2021\/07\/ana-alleghe-2.jpg","_links":{"self":[{"href":"https:\/\/www.radiopiu.net\/wordpress\/wp-json\/wp\/v2\/posts\/221368","targetHints":{"allow":["GET"]}}],"collection":[{"href":"https:\/\/www.radiopiu.net\/wordpress\/wp-json\/wp\/v2\/posts"}],"about":[{"href":"https:\/\/www.radiopiu.net\/wordpress\/wp-json\/wp\/v2\/types\/post"}],"author":[{"embeddable":true,"href":"https:\/\/www.radiopiu.net\/wordpress\/wp-json\/wp\/v2\/users\/4"}],"replies":[{"embeddable":true,"href":"https:\/\/www.radiopiu.net\/wordpress\/wp-json\/wp\/v2\/comments?post=221368"}],"version-history":[{"count":0,"href":"https:\/\/www.radiopiu.net\/wordpress\/wp-json\/wp\/v2\/posts\/221368\/revisions"}],"wp:featuredmedia":[{"embeddable":true,"href":"https:\/\/www.radiopiu.net\/wordpress\/wp-json\/wp\/v2\/media\/221370"}],"wp:attachment":[{"href":"https:\/\/www.radiopiu.net\/wordpress\/wp-json\/wp\/v2\/media?parent=221368"}],"wp:term":[{"taxonomy":"category","embeddable":true,"href":"https:\/\/www.radiopiu.net\/wordpress\/wp-json\/wp\/v2\/categories?post=221368"},{"taxonomy":"post_tag","embeddable":true,"href":"https:\/\/www.radiopiu.net\/wordpress\/wp-json\/wp\/v2\/tags?post=221368"}],"curies":[{"name":"wp","href":"https:\/\/api.w.org\/{rel}","templated":true}]}}