{"id":221411,"date":"2021-07-12T20:42:20","date_gmt":"2021-07-12T18:42:20","guid":{"rendered":"https:\/\/www.radiopiu.net\/wordpress\/?p=221411"},"modified":"2021-07-13T08:36:27","modified_gmt":"2021-07-13T06:36:27","slug":"il-consiglio-dellunione-montana-agordina-in-diretta-2","status":"publish","type":"post","link":"https:\/\/www.radiopiu.net\/wordpress\/il-consiglio-dellunione-montana-agordina-in-diretta-2\/","title":{"rendered":"IL CONSIGLIO DELL&#8217;UNIONE MONTANA AGORDINA IN DIRETTA"},"content":{"rendered":"<p><strong>AGORDO<\/strong> Il consiglio dell&#8217;Unione Montana Agordina dalla sala Don Tamis di ieri sera presentava due soli punti all&#8217;ordine del giorno ma di notevole importanza. Il primo riferito alla raccolta dei rifiuti, come cambier\u00e0 in tutta la Provincia. Valpe Ambiente con Michele Rasera e Unione Montana (dopo gli incontri in conferenza dei sindaci) hanno presentato il nuovo progetto che viene valutato con attenzione, con grande attenzione perch\u00e9 non si ripeta quanto gi\u00e0 accaduto a suo tempo con il servizio idrico (GSP). Una storia che si ripete, la necessit\u00e0 di organizzarsi in &#8220;proprio&#8221; per evitare gare di appalto che potrebbero portare sul territorio chiss\u00e0 quale organizzazione per la raccolta dei rifiuti. Il secondo punto ha acceso i riflettori sul futuro della viabilit\u00e0 nell&#8217;Agordino. E&#8217; indiscutibile che in provincia pioveranno milioni di euro anche in ottica Olimpiadi 2021. L&#8217;Agordino si fa trovare pronto con progetti importanti, per il completamento della tangenziale di Agordo (da Ponte Alto fino ad oltre Le Campe bypassando il ponte sul Missiaga che diventa priorit\u00e0 assieme all&#8217;imbuto di Cencenighe <em>&#8220;Ad iniziare dal ponte del Ghirlo&#8221;<\/em> ha precisato il sindaco di Cencenighe Mauro Soppelsa. Nella diretta facebook-telegram di Radio Pi\u00f9 gli interventi di ieri sera in sala Don Tamis dove erano presenti la gran parte dei consiglieri, alcuni hanno preferito collegarsi in video conferenza.<\/p>\n<h3>Il consiglio dell&#8217;Unione Montana Agordina in diretta dalla sala Don Tamis<\/h3>\n<p>https:\/\/www.facebook.com\/radiopiu\/videos\/347271310283382<\/p>\n<p>&nbsp;<\/p>\n<p>&nbsp;<\/p>\n<p>&nbsp;<\/p>\n<p>&nbsp;<\/p>\n<p>*****<\/p>\n","protected":false},"excerpt":{"rendered":"<p>AGORDO Il consiglio dell&#8217;Unione Montana Agordina dalla sala Don Tamis di ieri sera presentava due soli punti all&#8217;ordine del giorno ma di notevole importanza. Il primo riferito alla raccolta dei rifiuti, come cambier\u00e0 in tutta la Provincia. Valpe Ambiente con Michele Rasera e Unione Montana (dopo gli incontri in conferenza dei sindaci) hanno presentato il&hellip;<\/p>\n","protected":false},"author":4,"featured_media":220859,"comment_status":"closed","ping_status":"open","sticky":false,"template":"","format":"standard","meta":{"_monsterinsights_skip_tracking":false,"_monsterinsights_sitenote_active":false,"_monsterinsights_sitenote_note":"","_monsterinsights_sitenote_category":0,"footnotes":""},"categories":[51,49],"tags":[],"class_list":["post-221411","post","type-post","status-publish","format-standard","has-post-thumbnail","hentry","category-evidenza-top","category-news-18","category-51","category-49","description-off"],"img_url":"https:\/\/www.radiopiu.net\/wordpress\/wp-content\/uploads\/2021\/07\/SALA-DON-TAMIS.png","_links":{"self":[{"href":"https:\/\/www.radiopiu.net\/wordpress\/wp-json\/wp\/v2\/posts\/221411","targetHints":{"allow":["GET"]}}],"collection":[{"href":"https:\/\/www.radiopiu.net\/wordpress\/wp-json\/wp\/v2\/posts"}],"about":[{"href":"https:\/\/www.radiopiu.net\/wordpress\/wp-json\/wp\/v2\/types\/post"}],"author":[{"embeddable":true,"href":"https:\/\/www.radiopiu.net\/wordpress\/wp-json\/wp\/v2\/users\/4"}],"replies":[{"embeddable":true,"href":"https:\/\/www.radiopiu.net\/wordpress\/wp-json\/wp\/v2\/comments?post=221411"}],"version-history":[{"count":0,"href":"https:\/\/www.radiopiu.net\/wordpress\/wp-json\/wp\/v2\/posts\/221411\/revisions"}],"wp:featuredmedia":[{"embeddable":true,"href":"https:\/\/www.radiopiu.net\/wordpress\/wp-json\/wp\/v2\/media\/220859"}],"wp:attachment":[{"href":"https:\/\/www.radiopiu.net\/wordpress\/wp-json\/wp\/v2\/media?parent=221411"}],"wp:term":[{"taxonomy":"category","embeddable":true,"href":"https:\/\/www.radiopiu.net\/wordpress\/wp-json\/wp\/v2\/categories?post=221411"},{"taxonomy":"post_tag","embeddable":true,"href":"https:\/\/www.radiopiu.net\/wordpress\/wp-json\/wp\/v2\/tags?post=221411"}],"curies":[{"name":"wp","href":"https:\/\/api.w.org\/{rel}","templated":true}]}}