{"id":221414,"date":"2021-07-12T23:59:09","date_gmt":"2021-07-12T21:59:09","guid":{"rendered":"https:\/\/www.radiopiu.net\/wordpress\/?p=221414"},"modified":"2021-07-12T21:01:20","modified_gmt":"2021-07-12T19:01:20","slug":"guerrieri-delle-alpi-di-john-francis-della-pietra","status":"publish","type":"post","link":"https:\/\/www.radiopiu.net\/wordpress\/guerrieri-delle-alpi-di-john-francis-della-pietra\/","title":{"rendered":"GUERRIERI DELLE ALPI&#8230;DI JOHN FRANCIS DELLA PIETRA"},"content":{"rendered":"<p><em><strong>Molte volte ci sentiamo deboli delusi spesso vessati poi ripensandoci ci sentiamo forti fortunati orgogliosi di vivere qui tra le grandi montagne delle Alpi. Si ci vogliono molte qualit\u00e0 e parecchia umilt\u00e0 per star qui. Cos\u00ec mi son sentito di scrivere qualcosa sugli abitanti di ieri ed oggi dell&#8217;Agordino. Un vero e proprio inno alla loro resilienza quass\u00f9 tra neve e nubifragi vivono da sempre i Guerrieri delle Alpi&#8230;<\/strong><\/em><\/p>\n<p><strong>GUERRIERI DELLE ALPI<\/strong><\/p>\n<p><em>AUDIO<\/em><\/p>\n<audio class=\"wp-audio-shortcode\" id=\"audio-221414-1\" preload=\"none\" style=\"width: 100%;\" controls=\"controls\"><source type=\"audio\/mpeg\" src=\"https:\/\/www.radiopiu.net\/wordpress\/wp-content\/uploads\/2021\/07\/GUERRIERI-DELLE-ALPI-JOHN-FRANCIS.mp3?_=1\" \/><a href=\"https:\/\/www.radiopiu.net\/wordpress\/wp-content\/uploads\/2021\/07\/GUERRIERI-DELLE-ALPI-JOHN-FRANCIS.mp3\">https:\/\/www.radiopiu.net\/wordpress\/wp-content\/uploads\/2021\/07\/GUERRIERI-DELLE-ALPI-JOHN-FRANCIS.mp3<\/a><\/audio>\n<p>&nbsp;<\/p>\n<p>Da sempre la gente di montagna<br \/>\nIl suo viver assai si guadagna<br \/>\nE fin d&#8217;un passato lontano<br \/>\nL&#8217;ha fatto dandosi vicendevolmente una mano<br \/>\nBasta saper guardare<br \/>\nE l&#8217;antiche vestigia ammirare<br \/>\nOvunque ti volgi ne vedi il delineato segno<br \/>\nForza coraggio abilit\u00e0 ed ingegno<br \/>\nLe loro qualit\u00e0<br \/>\nChe li han portati fin qua<br \/>\nFatiche sofferenze e stenti<br \/>\nMa sol ad alzar lo sguardo sulle cime sempre contenti<br \/>\nLa loro vita in ambiente montano<br \/>\nL&#8217;ausilio la generosit\u00e0 il cuore in mano<br \/>\nI geni di generazione in generazione son passati<br \/>\nPrincipi e valori in famiglia tramandati<br \/>\nMolte nei secoli le avversit\u00e0<br \/>\nPur ora non pochi problemi crea la globalit\u00e0<br \/>\nMa libert\u00e0<br \/>\nQui diviene sinonimo di felicit\u00e0<br \/>\nQuindi confidando nella natura<br \/>\nMadre buona e sicura<br \/>\nQuest abitanti dei monti<br \/>\nA sottomettersi non son proprio pronti<br \/>\nPerch\u00e9 nell&#8217;oggi nel domani nell&#8217;ieri<br \/>\nSempre orgogliosi qui vivon nelle Alpi i suoi guerrieri<\/p>\n\n\t\t\t<style type='text\/css'>\n\t\t\t\t#gallery-1 {\n\t\t\t\t\tmargin: auto;\n\t\t\t\t}\n\t\t\t\t#gallery-1 .gallery-item {\n\t\t\t\t\tfloat: left;\n\t\t\t\t\tmargin-top: 10px;\n\t\t\t\t\ttext-align: center;\n\t\t\t\t\twidth: 33%;\n\t\t\t\t}\n\t\t\t\t#gallery-1 img {\n\t\t\t\t\tborder: 2px solid #cfcfcf;\n\t\t\t\t}\n\t\t\t\t#gallery-1 .gallery-caption {\n\t\t\t\t\tmargin-left: 0;\n\t\t\t\t}\n\t\t\t\t\/* see gallery_shortcode() in wp-includes\/media.php *\/\n\t\t\t<\/style>\n\t\t<div id='gallery-1' class='dt-gallery-container gallery galleryid-221414 gallery-columns-3 gallery-size-medium'><dl class='gallery-item'>\n\t\t\t\t<dt class='gallery-icon portrait'>\n\t\t\t\t\t<a class=\"rollover rollover-zoom dt-pswp-item\" title=\"298cb933-762b-4ac4-89f1-8739121e1477\" data-dt-img-description=\"\" data-large_image_width=\"899\" data-large_image_height=\"1599\"href='https:\/\/www.radiopiu.net\/wordpress\/wp-content\/uploads\/2021\/07\/298cb933-762b-4ac4-89f1-8739121e1477.jpg'><img loading=\"lazy\" decoding=\"async\" width=\"169\" height=\"300\" src=\"https:\/\/www.radiopiu.net\/wordpress\/wp-content\/uploads\/2021\/07\/298cb933-762b-4ac4-89f1-8739121e1477-169x300.jpg\" class=\"attachment-medium size-medium\" alt=\"\" srcset=\"https:\/\/www.radiopiu.net\/wordpress\/wp-content\/uploads\/2021\/07\/298cb933-762b-4ac4-89f1-8739121e1477-169x300.jpg 169w, https:\/\/www.radiopiu.net\/wordpress\/wp-content\/uploads\/2021\/07\/298cb933-762b-4ac4-89f1-8739121e1477-576x1024.jpg 576w, https:\/\/www.radiopiu.net\/wordpress\/wp-content\/uploads\/2021\/07\/298cb933-762b-4ac4-89f1-8739121e1477-768x1366.jpg 768w, https:\/\/www.radiopiu.net\/wordpress\/wp-content\/uploads\/2021\/07\/298cb933-762b-4ac4-89f1-8739121e1477-864x1536.jpg 864w, https:\/\/www.radiopiu.net\/wordpress\/wp-content\/uploads\/2021\/07\/298cb933-762b-4ac4-89f1-8739121e1477.jpg 899w\" sizes=\"auto, (max-width: 169px) 100vw, 169px\" \/><\/a>\n\t\t\t\t<\/dt><\/dl><dl class='gallery-item'>\n\t\t\t\t<dt class='gallery-icon portrait'>\n\t\t\t\t\t<a class=\"rollover rollover-zoom dt-pswp-item\" title=\"0a549057-f957-46a9-8981-f4baffb8472f\" data-dt-img-description=\"\" data-large_image_width=\"899\" data-large_image_height=\"1599\"href='https:\/\/www.radiopiu.net\/wordpress\/wp-content\/uploads\/2021\/07\/0a549057-f957-46a9-8981-f4baffb8472f.jpg'><img loading=\"lazy\" decoding=\"async\" width=\"169\" height=\"300\" src=\"https:\/\/www.radiopiu.net\/wordpress\/wp-content\/uploads\/2021\/07\/0a549057-f957-46a9-8981-f4baffb8472f-169x300.jpg\" class=\"attachment-medium size-medium\" alt=\"\" srcset=\"https:\/\/www.radiopiu.net\/wordpress\/wp-content\/uploads\/2021\/07\/0a549057-f957-46a9-8981-f4baffb8472f-169x300.jpg 169w, https:\/\/www.radiopiu.net\/wordpress\/wp-content\/uploads\/2021\/07\/0a549057-f957-46a9-8981-f4baffb8472f-576x1024.jpg 576w, https:\/\/www.radiopiu.net\/wordpress\/wp-content\/uploads\/2021\/07\/0a549057-f957-46a9-8981-f4baffb8472f-768x1366.jpg 768w, https:\/\/www.radiopiu.net\/wordpress\/wp-content\/uploads\/2021\/07\/0a549057-f957-46a9-8981-f4baffb8472f-864x1536.jpg 864w, https:\/\/www.radiopiu.net\/wordpress\/wp-content\/uploads\/2021\/07\/0a549057-f957-46a9-8981-f4baffb8472f.jpg 899w\" sizes=\"auto, (max-width: 169px) 100vw, 169px\" \/><\/a>\n\t\t\t\t<\/dt><\/dl><dl class='gallery-item'>\n\t\t\t\t<dt class='gallery-icon portrait'>\n\t\t\t\t\t<a class=\"rollover rollover-zoom dt-pswp-item\" title=\"05b814f7-b9f3-4695-8e51-acdeae45a558\" data-dt-img-description=\"\" data-large_image_width=\"899\" data-large_image_height=\"1599\"href='https:\/\/www.radiopiu.net\/wordpress\/wp-content\/uploads\/2021\/07\/05b814f7-b9f3-4695-8e51-acdeae45a558.jpg'><img loading=\"lazy\" decoding=\"async\" width=\"169\" height=\"300\" src=\"https:\/\/www.radiopiu.net\/wordpress\/wp-content\/uploads\/2021\/07\/05b814f7-b9f3-4695-8e51-acdeae45a558-169x300.jpg\" class=\"attachment-medium size-medium\" alt=\"\" srcset=\"https:\/\/www.radiopiu.net\/wordpress\/wp-content\/uploads\/2021\/07\/05b814f7-b9f3-4695-8e51-acdeae45a558-169x300.jpg 169w, https:\/\/www.radiopiu.net\/wordpress\/wp-content\/uploads\/2021\/07\/05b814f7-b9f3-4695-8e51-acdeae45a558-576x1024.jpg 576w, https:\/\/www.radiopiu.net\/wordpress\/wp-content\/uploads\/2021\/07\/05b814f7-b9f3-4695-8e51-acdeae45a558-768x1366.jpg 768w, https:\/\/www.radiopiu.net\/wordpress\/wp-content\/uploads\/2021\/07\/05b814f7-b9f3-4695-8e51-acdeae45a558-864x1536.jpg 864w, https:\/\/www.radiopiu.net\/wordpress\/wp-content\/uploads\/2021\/07\/05b814f7-b9f3-4695-8e51-acdeae45a558.jpg 899w\" sizes=\"auto, (max-width: 169px) 100vw, 169px\" \/><\/a>\n\t\t\t\t<\/dt><\/dl><br style=\"clear: both\" \/>\n\t\t\t<\/div>\n\n<p>&nbsp;<\/p>\n<p>&nbsp;<\/p>\n<p>&nbsp;<\/p>\n<p>&nbsp;<\/p>\n<p>*****<\/p>\n","protected":false},"excerpt":{"rendered":"<p>Molte volte ci sentiamo deboli delusi spesso vessati poi ripensandoci ci sentiamo forti fortunati orgogliosi di vivere qui tra le grandi montagne delle Alpi. Si ci vogliono molte qualit\u00e0 e parecchia umilt\u00e0 per star qui. Cos\u00ec mi son sentito di scrivere qualcosa sugli abitanti di ieri ed oggi dell&#8217;Agordino. Un vero e proprio inno alla&hellip;<\/p>\n","protected":false},"author":4,"featured_media":221416,"comment_status":"closed","ping_status":"open","sticky":false,"template":"","format":"standard","meta":{"_monsterinsights_skip_tracking":false,"_monsterinsights_sitenote_active":false,"_monsterinsights_sitenote_note":"","_monsterinsights_sitenote_category":0,"footnotes":""},"categories":[49],"tags":[],"class_list":["post-221414","post","type-post","status-publish","format-standard","has-post-thumbnail","hentry","category-news-18","category-49","description-off"],"img_url":"https:\/\/www.radiopiu.net\/wordpress\/wp-content\/uploads\/2021\/07\/298cb933-762b-4ac4-89f1-8739121e1477.jpg","_links":{"self":[{"href":"https:\/\/www.radiopiu.net\/wordpress\/wp-json\/wp\/v2\/posts\/221414","targetHints":{"allow":["GET"]}}],"collection":[{"href":"https:\/\/www.radiopiu.net\/wordpress\/wp-json\/wp\/v2\/posts"}],"about":[{"href":"https:\/\/www.radiopiu.net\/wordpress\/wp-json\/wp\/v2\/types\/post"}],"author":[{"embeddable":true,"href":"https:\/\/www.radiopiu.net\/wordpress\/wp-json\/wp\/v2\/users\/4"}],"replies":[{"embeddable":true,"href":"https:\/\/www.radiopiu.net\/wordpress\/wp-json\/wp\/v2\/comments?post=221414"}],"version-history":[{"count":0,"href":"https:\/\/www.radiopiu.net\/wordpress\/wp-json\/wp\/v2\/posts\/221414\/revisions"}],"wp:featuredmedia":[{"embeddable":true,"href":"https:\/\/www.radiopiu.net\/wordpress\/wp-json\/wp\/v2\/media\/221416"}],"wp:attachment":[{"href":"https:\/\/www.radiopiu.net\/wordpress\/wp-json\/wp\/v2\/media?parent=221414"}],"wp:term":[{"taxonomy":"category","embeddable":true,"href":"https:\/\/www.radiopiu.net\/wordpress\/wp-json\/wp\/v2\/categories?post=221414"},{"taxonomy":"post_tag","embeddable":true,"href":"https:\/\/www.radiopiu.net\/wordpress\/wp-json\/wp\/v2\/tags?post=221414"}],"curies":[{"name":"wp","href":"https:\/\/api.w.org\/{rel}","templated":true}]}}