{"id":221423,"date":"2021-07-14T05:39:52","date_gmt":"2021-07-14T03:39:52","guid":{"rendered":"https:\/\/www.radiopiu.net\/wordpress\/?p=221423"},"modified":"2021-07-14T06:45:39","modified_gmt":"2021-07-14T04:45:39","slug":"giornale-radiopiu-14-luglio-2021-direttore-mirko-mezzacasa","status":"publish","type":"post","link":"https:\/\/www.radiopiu.net\/wordpress\/giornale-radiopiu-14-luglio-2021-direttore-mirko-mezzacasa\/","title":{"rendered":"GIORNALE RADIOPIU 14 LUGLIO 2021 DIRETTORE MIRKO MEZZACASA"},"content":{"rendered":"<h2><span style=\"color: #0000ff;\">PER<strong>\u00a0RICEVERE QUESTO NOTIZIARIO DIRETTAMENTE SUL TUO CELLULARE ISCRIVITI AL CANALE TELEGRAM\u00a0<\/strong><strong>\u201cRADIO PIU\u00a0 INFORMAZIONE\u201d\u00a0\u00a0<\/strong><\/span><\/h2>\n<p>&nbsp;<\/p>\n<hr \/>\n<p><strong><span style=\"color: #ff0000;\">LA BELLA NOTIZIA<\/span><\/strong><\/p>\n<blockquote>\n<h3>GRANDI NAVI IN LAGUNA: SOLO FINO A 25MILA TONELLATE PER TUTELARE VENEZIA<\/h3>\n<\/blockquote>\n<p><strong>ROMA<\/strong> \u201cLa decisione del Governo di spostare le navi che superano le 25 mila tonnellate, i 180 metri di lunghezza e un&#8217;altezza di 35 metri, da San Marco a Marghera, \u00e8 un grande passo per la tutela della citt\u00e0 di Venezia e per mantenere l\u2019importante riconoscimento del sito Unesco, nel rispetto dei tanti cittadini che hanno combattuto questa importante battaglia di civilt\u00e0\u201d. Lo afferma Federico D\u2019Inc\u00e0, Ministro per i Rapporti con il Parlamento,<\/p>\n<p><a href=\"https:\/\/www.radiopiu.net\/wordpress\/giornale-radiopiu-14-luglio-2021-direttore-mirko-mezzacasa\/venice-2419206_960_720\/\" rel=\"attachment wp-att-221629\"><img loading=\"lazy\" decoding=\"async\" class=\"alignnone size-medium wp-image-221629\" src=\"https:\/\/www.radiopiu.net\/wordpress\/wp-content\/uploads\/2021\/07\/venice-2419206_960_720-300x169.jpg\" alt=\"\" width=\"300\" height=\"169\" srcset=\"https:\/\/www.radiopiu.net\/wordpress\/wp-content\/uploads\/2021\/07\/venice-2419206_960_720-300x169.jpg 300w, https:\/\/www.radiopiu.net\/wordpress\/wp-content\/uploads\/2021\/07\/venice-2419206_960_720-768x432.jpg 768w, https:\/\/www.radiopiu.net\/wordpress\/wp-content\/uploads\/2021\/07\/venice-2419206_960_720.jpg 960w\" sizes=\"auto, (max-width: 300px) 100vw, 300px\" \/><\/a><\/p>\n<p>&nbsp;<\/p>\n<p><strong><span style=\"color: #ff0000;\">LA PESSIMA NOTIZIA\u00a0\u00a0<\/span><\/strong><\/p>\n<blockquote>\n<h3>INCAPACITA&#8217; DI MANTENERE LE PROMESSE<\/h3>\n<\/blockquote>\n<p><strong>ROMA<\/strong> I promessi ristori per i maestri\u00a0 non sono mai arrivati, forse a settembre, il mese successivo per\u00a0 le societ\u00e0 degli impianti di risalita e scuole di sci. I soldi erano attesi per met\u00e0 luglio ma la politica europea con i suoi politicanti\u00a0 se la prende comoda, probabilmente non conoscono i problemi che minano la categoria, nulla di strano non avendo una partita iva ignorano le conseguenze di una stagione invernale mai iniziata.\u00a0 Da Roma \u00e8 ripartita una serie di chiarificazioni di cui si attende riscontro da Bruxelles.<\/p>\n<p><a href=\"https:\/\/www.radiopiu.net\/wordpress\/giornale-radiopiu-19-novembre-2018-direttore-mirko-mezzacasa\/scuola-sci-nevegal_maestri\/\" rel=\"attachment wp-att-66817\"><img loading=\"lazy\" decoding=\"async\" class=\"alignnone size-medium wp-image-66817\" src=\"https:\/\/www.radiopiu.net\/wordpress\/wp-content\/uploads\/2018\/11\/Scuola-sci-Nevegal_maestri-300x200.jpg\" alt=\"\" width=\"300\" height=\"200\" srcset=\"https:\/\/www.radiopiu.net\/wordpress\/wp-content\/uploads\/2018\/11\/Scuola-sci-Nevegal_maestri-300x200.jpg 300w, https:\/\/www.radiopiu.net\/wordpress\/wp-content\/uploads\/2018\/11\/Scuola-sci-Nevegal_maestri-768x511.jpg 768w, https:\/\/www.radiopiu.net\/wordpress\/wp-content\/uploads\/2018\/11\/Scuola-sci-Nevegal_maestri-1024x682.jpg 1024w\" sizes=\"auto, (max-width: 300px) 100vw, 300px\" \/><\/a><\/p>\n<p>&nbsp;<\/p>\n<hr \/>\n<p>&nbsp;<\/p>\n<blockquote>\n<h3><strong>Per lavori alla rete idrica comunale, il giorno domani\u00a0 dalle\u00a0 13 a fine lavori\u00a0 \u00a0verr\u00e0 sospesa l\u2019erogazione dell\u2019acqua a FALCADE, in via A. MURER.\u00a0<\/strong><\/h3>\n<\/blockquote>\n<p>&nbsp;<\/p>\n<hr \/>\n<p>&nbsp;<\/p>\n<h3><span style=\"color: #800080;\">A partire da luned\u00ec 19 luglio, Anas avvier\u00e0 i lavori di adeguamento degli impianti tecnologici delle gallerie \u201cValcalda\u201d e \u201cMontericco\u201d a Pieve di Cadore (BL), lungo la strada statale 51 bis \u201cdi Alemagna\u201d. Per consentire lo svolgimento degli interventi, sar\u00e0 istituito il senso unico alternato regolato da semaforo o movieri dal km 0,100 al km 2,000. Al fine di contenere i disagi al traffico, per tutto il periodo estivo, i lavori si svolgeranno esclusivamente in orario notturno dalle 20:00 alle 6:00.<\/span><\/h3>\n<p>&nbsp;<\/p>\n<p>&nbsp;<\/p>\n<hr \/>\n<p>&nbsp;<\/p>\n<blockquote>\n<h3><a href=\"https:\/\/www.radiopiu.net\/wordpress\/la-strada-per-rivamonte-non-chiudera-revocata-la-precedente-ordinanza\/42738661-3114-473b-9a96-a9bee5763ee6\/\" rel=\"attachment wp-att-221466\"><img loading=\"lazy\" decoding=\"async\" class=\"wp-image-221466 alignleft\" src=\"https:\/\/www.radiopiu.net\/wordpress\/wp-content\/uploads\/2021\/07\/42738661-3114-473b-9a96-a9bee5763ee6-169x300.jpg\" alt=\"\" width=\"113\" height=\"201\" srcset=\"https:\/\/www.radiopiu.net\/wordpress\/wp-content\/uploads\/2021\/07\/42738661-3114-473b-9a96-a9bee5763ee6-169x300.jpg 169w, https:\/\/www.radiopiu.net\/wordpress\/wp-content\/uploads\/2021\/07\/42738661-3114-473b-9a96-a9bee5763ee6-576x1024.jpg 576w, https:\/\/www.radiopiu.net\/wordpress\/wp-content\/uploads\/2021\/07\/42738661-3114-473b-9a96-a9bee5763ee6-768x1365.jpg 768w, https:\/\/www.radiopiu.net\/wordpress\/wp-content\/uploads\/2021\/07\/42738661-3114-473b-9a96-a9bee5763ee6-864x1536.jpg 864w, https:\/\/www.radiopiu.net\/wordpress\/wp-content\/uploads\/2021\/07\/42738661-3114-473b-9a96-a9bee5763ee6.jpg 1080w\" sizes=\"auto, (max-width: 113px) 100vw, 113px\" \/><\/a>LA STRADA PER RIVAMONTE NON CHIUDE<br \/>\nLa comunicazione del sindaco Giovanni Nino Deon<\/h3>\n<\/blockquote>\n<p><strong>RIVAMONTE<\/strong> l&#8217;ordinanza di Veneto Strade anticipava della chiusura della provinciale tra Ponte Alto e Rivamonte per i lavori a Gona, nei giorni in cui \u00e8 prevista anche la chiusura per lunghi tempi poco sopra tra Rivamonte e Gosaldo (Corde Mole), ma l&#8217;ordinanza \u00e8 stata revocata, il cantiere si potr\u00e0 infatti bypassare a senso unico alternato regolato da impianto semaforico.<\/p>\n<p>&nbsp;<\/p>\n<p>&nbsp;<\/p>\n<p><span style=\"color: #ff0000;\"><strong>REGIONALE 203 AGORDINA, LOCALITA\u2019 SORAZUNAIA,\u00a0 E SR 48 DELLE DOLOMITI IN LOCALITA\u2019 LIVINALLONGO, FINO AL 31 LUGLIO DALLE 7 ALLE 18 ESCLUSI SABATI E DOMENICHE INTERRUZIONI ALLA VIABILITA\u2019 PER UNA DURATA MASSIMA DI 20 MINUTI.\u00a0<\/strong><\/span><\/p>\n<p><strong><span style=\"color: #008000;\">PROVINCIALE 641 DI PASSO FEDAIA LOCALITA&#8217; COL DI ROCCA FINO AL 30 LUGLIO (COMPRESI FESTIVI E PREFESTIVI) SENSO UNICO ALTERNATO REGOLATO DA SEMAFORO<\/span><\/strong><\/p>\n<p>&nbsp;<\/p>\n<hr \/>\n<p>&nbsp;<\/p>\n<blockquote>\n<h2>RECUPERATO ESCURSIONISTA SULLA CIMA DELLA TOFANA DI MEZZO<\/h2>\n<\/blockquote>\n<p>&nbsp;<\/p>\n\n\t\t\t<style type='text\/css'>\n\t\t\t\t#gallery-1 {\n\t\t\t\t\tmargin: auto;\n\t\t\t\t}\n\t\t\t\t#gallery-1 .gallery-item {\n\t\t\t\t\tfloat: left;\n\t\t\t\t\tmargin-top: 10px;\n\t\t\t\t\ttext-align: center;\n\t\t\t\t\twidth: 33%;\n\t\t\t\t}\n\t\t\t\t#gallery-1 img {\n\t\t\t\t\tborder: 2px solid #cfcfcf;\n\t\t\t\t}\n\t\t\t\t#gallery-1 .gallery-caption {\n\t\t\t\t\tmargin-left: 0;\n\t\t\t\t}\n\t\t\t\t\/* see gallery_shortcode() in wp-includes\/media.php *\/\n\t\t\t<\/style>\n\t\t<div id='gallery-1' class='dt-gallery-container gallery galleryid-221423 gallery-columns-3 gallery-size-thumbnail'><dl class='gallery-item'>\n\t\t\t\t<dt class='gallery-icon landscape'>\n\t\t\t\t\t<a class=\"rollover rollover-zoom dt-pswp-item\" title=\"salt_20210713_114158_959\" data-dt-img-description=\"\" data-large_image_width=\"2364\" data-large_image_height=\"1773\"href='https:\/\/www.radiopiu.net\/wordpress\/wp-content\/uploads\/2021\/07\/salt_20210713_114158_959.jpg'><img loading=\"lazy\" decoding=\"async\" width=\"150\" height=\"150\" src=\"https:\/\/www.radiopiu.net\/wordpress\/wp-content\/uploads\/2021\/07\/salt_20210713_114158_959-150x150.jpg\" class=\"attachment-thumbnail size-thumbnail\" alt=\"\" \/><\/a>\n\t\t\t\t<\/dt><\/dl><dl class='gallery-item'>\n\t\t\t\t<dt class='gallery-icon landscape'>\n\t\t\t\t\t<a class=\"rollover rollover-zoom dt-pswp-item\" title=\"salt_20210713_114130_926\" data-dt-img-description=\"\" data-large_image_width=\"2364\" data-large_image_height=\"1773\"href='https:\/\/www.radiopiu.net\/wordpress\/wp-content\/uploads\/2021\/07\/salt_20210713_114130_926.jpg'><img loading=\"lazy\" decoding=\"async\" width=\"150\" height=\"150\" src=\"https:\/\/www.radiopiu.net\/wordpress\/wp-content\/uploads\/2021\/07\/salt_20210713_114130_926-150x150.jpg\" class=\"attachment-thumbnail size-thumbnail\" alt=\"\" \/><\/a>\n\t\t\t\t<\/dt><\/dl><dl class='gallery-item'>\n\t\t\t\t<dt class='gallery-icon portrait'>\n\t\t\t\t\t<a class=\"rollover rollover-zoom dt-pswp-item\" title=\"salt_20210713_114247_569\" data-dt-img-description=\"\" data-large_image_width=\"1773\" data-large_image_height=\"2364\"href='https:\/\/www.radiopiu.net\/wordpress\/wp-content\/uploads\/2021\/07\/salt_20210713_114247_569.jpg'><img loading=\"lazy\" decoding=\"async\" width=\"150\" height=\"150\" src=\"https:\/\/www.radiopiu.net\/wordpress\/wp-content\/uploads\/2021\/07\/salt_20210713_114247_569-150x150.jpg\" class=\"attachment-thumbnail size-thumbnail\" alt=\"\" \/><\/a>\n\t\t\t\t<\/dt><\/dl><br style=\"clear: both\" \/>\n\t\t\t<\/div>\n\n<p><strong><img loading=\"lazy\" decoding=\"async\" class=\"alignleft\" src=\"https:\/\/www.radiopiu.net\/wordpress\/wp-content\/uploads\/2021\/06\/salt_20210623_163431_920.jpg\" width=\"152\" height=\"202\" \/>CORTINA\u00a0<\/strong> \u00c8 stato raggiunto e recuperato da una squadra a piedi, F.S., 56 anni, l&#8217;escursionista tedesco, rimasto bloccato ieri dalla stanchezza in cima alla Tofana di Mezzo, dopo essere salito dalla Ferrata di Punta Anna. Scattato l&#8217;allarme attorno alle 18, dopo i tentativi di avvicinamento in serata da parte dell&#8217;elisoccorso di Pieve di Cadore vanificati dalle nubi basse, in contatto telefonico con il Soccorso alpino di Cortina, l&#8217;uomo, che non aveva problemi, ha passato la notte nel bivacco dell&#8217;arrivo della funivia, d&#8217;accordo che questa mattina alle 6 avrebbe valutato se sarebbe stato in grado di scendere autonomamente. All&#8217;alba, l&#8217;escursionista ha fatto sapere che non se la sentiva di muoversi da solo. Purtroppo le forti raffiche di vento e la chiusura repentina delle nuvole non hanno permesso il recupero da parte dell&#8217;elicottero dell&#8217;Air service center, convenzionato con il Soccorso alpino e pronto alle 6.40 per l&#8217;eventuale intervento. Visto il maltempo in arrivo, l&#8217;elicottero ha quindi imbarcato due soccorritori per lasciarli pi\u00f9 in alto possibile, all&#8217;altezza del laghetto sopra il Rifugio Giussani. La squadra \u00e8 risalita per alcune centinaia di metri di dislivello a piedi ed \u00e8 arrivata al bivacco. Escludendo la discesa dal versante a nord per la presenza della neve, con il timore del temporale sempre pi\u00f9 vicino, i soccorritori hanno intrapreso assieme all&#8217;uomo la Ferrata Olivieri al contrario, sono arrivati al Bus de Tofana per poi proseguire lungo il ghiaione e incamminarsi verso il Rifugio Dibona dove un terzo soccorritore \u00e8 andato a prenderli con la jeep.<\/p>\n<p>&nbsp;<\/p>\n<hr \/>\n<p>&nbsp;<\/p>\n<blockquote>\n<h3>ACCORDO INTEGRATIVO E PREMIO DI RISULTATO ALLE W&amp;P CEMENTI DI CADOLA<\/h3>\n<\/blockquote>\n<p><a href=\"https:\/\/www.radiopiu.net\/wordpress\/accordo-integrativo-e-premio-di-risultato-alle-wp-cementi-di-cadola\/standort-cementi-cadola\/\" rel=\"attachment wp-att-221496\"><img loading=\"lazy\" decoding=\"async\" class=\" wp-image-221496 alignleft\" src=\"https:\/\/www.radiopiu.net\/wordpress\/wp-content\/uploads\/2021\/07\/standort-cementi-cadola.jpg\" alt=\"\" width=\"201\" height=\"151\" \/><\/a><strong>BELLUNO-TREVISO<\/strong> Buone notizie: i<span style=\"color: #000000; font-family: Helvetica;\">l premio di risultato per i 21 lavoratori dello stabilimento di Cadola. Impresa, Rsu aziendali e rappresentanti della Filca Cisl territoriale lo scorso 16 giugno hanno siglato un accordo importante, che istituisce meccanismi incentivanti volti al miglioramento della sicurezza in azienda, cos\u00ec come della qualit\u00e0, della produttivit\u00e0 e della competitivit\u00e0. <\/span><span style=\"color: #000000; font-family: Helvetica;\">Soddisfatti i delegati e i sindacalisti della Filca trattandosi del primo accordo di questo genere da quando la cementeria ha cambiato propriet\u00e0.\u00a0 Lo stabilimento che la societ\u00e0 austriaca ha rilevato ha sub\u00ecto nel periodo successivo all\u2019acquisizione un pesante ridimensionamento organizzativo che ha comportato anche la riduzione del numero di occupati. Pur tra tante le difficolt\u00e0 occorse nel suo cammino, oggi il sito W&amp;P di Cadola \u00e8 attivo come officina di macinazione di clinker ed \u00e8 decisamente in ripresa, in linea con i dati sulla produzione del cemento in Italia. <strong>L<\/strong><\/span><span style=\"color: #000000; font-family: Helvetica;\"><strong>\u2019accordo integrativo <\/strong>prevede per il 2021 per impiegati e operai l\u2019istituzione di un premio di risultato fino a 420 euro. Tre i parametri che verranno utilizzati per la definizione del premio: produttivit\u00e0, redditivit\u00e0 e indice infortuni. Quest\u2019ultima componente del meccanismo premiante prevede il riconoscimento di un importo lordo legato alla incidenza degli infortuni, indipendentemente dalla durata o gravit\u00e0 degli stessi: il premio aumenta in maniera inversamente proporzionale al numero degli infortuni in azienda.<\/span><\/p>\n<p>&nbsp;<\/p>\n<hr \/>\n<p>&nbsp;<\/p>\n<blockquote>\n<h3>VIA SOTTOCASTELLO DOVE IL DECORO E&#8217; UN OPTIONAL<\/h3>\n<\/blockquote>\n<blockquote><p><em>Articolo 14 del Codice della strada:\u00a0 \u201c<u>Gli enti proprietari delle strade, allo scopo di garantire la sicurezza e la fluidit\u00e0 della circolazione, provvedono: a) alla manutenzione, gestione e pulizia delle strade, delle loro pertinenze e arredo, nonch\u00e9 delle attrezzature, impianti e servizi (\u2026<\/u>)\u201d.<\/em><\/p><\/blockquote>\n<p><a href=\"https:\/\/www.radiopiu.net\/wordpress\/via-sottocastello-dove-il-decoro-e-un-optional\/20210328_171029-1024x1024\/\" rel=\"attachment wp-att-221578\"><img loading=\"lazy\" decoding=\"async\" class=\"wp-image-221578 alignleft\" src=\"https:\/\/www.radiopiu.net\/wordpress\/wp-content\/uploads\/2021\/07\/20210328_171029-1024x1024-1-300x300.jpg\" alt=\"\" width=\"162\" height=\"162\" srcset=\"https:\/\/www.radiopiu.net\/wordpress\/wp-content\/uploads\/2021\/07\/20210328_171029-1024x1024-1-300x300.jpg 300w, https:\/\/www.radiopiu.net\/wordpress\/wp-content\/uploads\/2021\/07\/20210328_171029-1024x1024-1-150x150.jpg 150w, https:\/\/www.radiopiu.net\/wordpress\/wp-content\/uploads\/2021\/07\/20210328_171029-1024x1024-1-768x768.jpg 768w, https:\/\/www.radiopiu.net\/wordpress\/wp-content\/uploads\/2021\/07\/20210328_171029-1024x1024-1.jpg 1024w\" sizes=\"auto, (max-width: 162px) 100vw, 162px\" \/><\/a><strong>BELLUNO<\/strong> Via Sottocastello di nuovo nel mirino del consigliere comunale Raffaele Addamiano. In questa occasione non viene messo in evidenza il gi\u00e0 noto\u00a0 lordume lasciato dai festaioli della musica e birra, piuttosto lo stato in cui versa il manto stradale dopo che le maestranze di GSP hanno terminato i lavori di rifacimento delle rete di distribuzione e allacciamento di nuove utenze. Che i lavori siano terminati, almeno teoricamente, non v&#8217;\u00e8 dubbio, infatti la strada \u00e8 stata riaperta al traffico lo scorso 11 giugno, dodici giorni dopo la prima scadenza, avrebbero infatti dovuto terminare il 12 maggio. Ma non \u00e8 il ritardo con cui si sono conclusi i lavori che fa dannare il consigliere comunale di Obiettivo Belluno Fratelli d&#8217;Italia, piuttosto ci\u00f2 che resta dopo i lavori <em>&#8220;Ho notato\u00a0 &#8211; precisa Addamiano dopo un sopralluogo sollecitato anche dai residenti, chi le maestranze GSP hanno lasciato un manto stradale ammalorato tra i civici 2 e 14 della via Sottocastello,\u00a0 il piano di calpestio\u00a0 non \u00e8 uniforme, n\u00e8 collimante con la superficie,\u00a0 come se l\u2019opera compiuta non sia conclusa ovvero che necessiti di ulteriori, urgenti interventi perch\u00e9 ancora non sicura per il passaggio di auto e di pedoni&#8221;. <\/em>\u00a0 Questo accade normalmente ma quando piove \u00e8 anche peggio, ne sanno qualche cosa i proprietari delle abitazioni \u00a0adiacenti che iniziano a contare disagi\u00a0 e danni di natura patrimoniale. La premessa di Addamiano lascia presagire il tono della richiesta che chiama in causa il sindaco Jacopo Massaro, l&#8217;assessore Biagio Giannone e ovviamente\u00a0 BIM GSP Spa. <em>&#8220;Chiedo si intervenga con tempestivit\u00e0 &#8211; tuona Addamiano &#8211;\u00a0 va garantita l&#8217;estetica e, soprattutto, funzionalit\u00e0 e sicurezza dell&#8217;arteria&#8221;. (foto Amico del Popolo)<\/em><\/p>\n<p>&nbsp;<\/p>\n<hr \/>\n<p>&nbsp;<\/p>\n<blockquote>\n<h3>ALLARME BOSTRICO DELL&#8217;ABETE ROSSO, LE PREVISIONI POST VAIA SI AVVERANO<\/h3>\n<\/blockquote>\n<p><strong>BELLUNO<\/strong><\/p>\n<p><strong>di MORENO GIOLI<\/strong><\/p>\n<audio class=\"wp-audio-shortcode\" id=\"audio-221423-1\" preload=\"none\" style=\"width: 100%;\" controls=\"controls\"><source type=\"audio\/mpeg\" src=\"https:\/\/www.radiopiu.net\/wordpress\/wp-content\/uploads\/2021\/07\/moreno.mp3?_=1\" \/><a href=\"https:\/\/www.radiopiu.net\/wordpress\/wp-content\/uploads\/2021\/07\/moreno.mp3\">https:\/\/www.radiopiu.net\/wordpress\/wp-content\/uploads\/2021\/07\/moreno.mp3<\/a><\/audio>\n<p>&nbsp;<\/p>\n\n\t\t\t<style type='text\/css'>\n\t\t\t\t#gallery-2 {\n\t\t\t\t\tmargin: auto;\n\t\t\t\t}\n\t\t\t\t#gallery-2 .gallery-item {\n\t\t\t\t\tfloat: left;\n\t\t\t\t\tmargin-top: 10px;\n\t\t\t\t\ttext-align: center;\n\t\t\t\t\twidth: 33%;\n\t\t\t\t}\n\t\t\t\t#gallery-2 img {\n\t\t\t\t\tborder: 2px solid #cfcfcf;\n\t\t\t\t}\n\t\t\t\t#gallery-2 .gallery-caption {\n\t\t\t\t\tmargin-left: 0;\n\t\t\t\t}\n\t\t\t\t\/* see gallery_shortcode() in wp-includes\/media.php *\/\n\t\t\t<\/style>\n\t\t<div id='gallery-2' class='dt-gallery-container gallery galleryid-221423 gallery-columns-3 gallery-size-thumbnail'><dl class='gallery-item'>\n\t\t\t\t<dt class='gallery-icon landscape'>\n\t\t\t\t\t<a class=\"rollover rollover-zoom dt-pswp-item\" title=\"c7d30832-8038-4e78-af76-49fb2e77dfe7\" data-dt-img-description=\"\" data-large_image_width=\"2048\" data-large_image_height=\"979\"href='https:\/\/www.radiopiu.net\/wordpress\/wp-content\/uploads\/2021\/07\/c7d30832-8038-4e78-af76-49fb2e77dfe7.jpg'><img loading=\"lazy\" decoding=\"async\" width=\"150\" height=\"150\" src=\"https:\/\/www.radiopiu.net\/wordpress\/wp-content\/uploads\/2021\/07\/c7d30832-8038-4e78-af76-49fb2e77dfe7-150x150.jpg\" class=\"attachment-thumbnail size-thumbnail\" alt=\"\" \/><\/a>\n\t\t\t\t<\/dt><\/dl><dl class='gallery-item'>\n\t\t\t\t<dt class='gallery-icon portrait'>\n\t\t\t\t\t<a class=\"rollover rollover-zoom dt-pswp-item\" title=\"62e091c8-5cda-4bbd-9669-69141a7a63a9\" data-dt-img-description=\"\" data-large_image_width=\"979\" data-large_image_height=\"2048\"href='https:\/\/www.radiopiu.net\/wordpress\/wp-content\/uploads\/2021\/07\/62e091c8-5cda-4bbd-9669-69141a7a63a9.jpg'><img loading=\"lazy\" decoding=\"async\" width=\"150\" height=\"150\" src=\"https:\/\/www.radiopiu.net\/wordpress\/wp-content\/uploads\/2021\/07\/62e091c8-5cda-4bbd-9669-69141a7a63a9-150x150.jpg\" class=\"attachment-thumbnail size-thumbnail\" alt=\"\" \/><\/a>\n\t\t\t\t<\/dt><\/dl><dl class='gallery-item'>\n\t\t\t\t<dt class='gallery-icon landscape'>\n\t\t\t\t\t<a class=\"rollover rollover-zoom dt-pswp-item\" title=\"791c429a-1e53-419c-86ea-887e9adb5cfd\" data-dt-img-description=\"\" data-large_image_width=\"2048\" data-large_image_height=\"979\"href='https:\/\/www.radiopiu.net\/wordpress\/wp-content\/uploads\/2021\/07\/791c429a-1e53-419c-86ea-887e9adb5cfd.jpg'><img loading=\"lazy\" decoding=\"async\" width=\"150\" height=\"150\" src=\"https:\/\/www.radiopiu.net\/wordpress\/wp-content\/uploads\/2021\/07\/791c429a-1e53-419c-86ea-887e9adb5cfd-150x150.jpg\" class=\"attachment-thumbnail size-thumbnail\" alt=\"\" \/><\/a>\n\t\t\t\t<\/dt><\/dl><br style=\"clear: both\" \/>\n\t\t\t<\/div>\n\n<p>&nbsp;<\/p>\n<p>&nbsp;<\/p>\n<p>&nbsp;<\/p>\n<p>&nbsp;<\/p>\n<hr \/>\n<p>&nbsp;<\/p>\n<blockquote>\n<h3>COLLEGAMENTO FALCADE-PASSO VALLES: DA FINE LUGLIO NEL FINE SETTIMANA<\/h3>\n<\/blockquote>\n<p><strong><a href=\"https:\/\/www.radiopiu.net\/wordpress\/collegamento-falcade-passo-valles-da-fine-luglio-nel-fine-settimana\/download-18-150x150\/\" rel=\"attachment wp-att-221608\"><img loading=\"lazy\" decoding=\"async\" class=\" wp-image-221608 alignleft\" src=\"https:\/\/www.radiopiu.net\/wordpress\/wp-content\/uploads\/2021\/07\/download-18-150x150-1.jpg\" alt=\"\" width=\"118\" height=\"118\" \/><\/a>FALCADE<\/strong> Cesare Bon, consigliere comunale, sono due anni che insiste, presenta progetti, cita ad esempio il vicino trentino, invita la Dolomitibus a ragionare concretamente sul collegamento per Passo Valles. Dopo le proposte e le valutazioni \u00e8 finalmente arrivata un risposta importante dagli uffici di via Col Da Ren, documento vergato dalla firma del Direttore Tecnico Operativo Pietro Da Rolt. Il primo risultato: corse attivabili nei fine settimana estivi con un incremento di percorrenze programmate stimate in 56 chilometri. L&#8217;attivazione del servizio \u00e8 per\u00f2 subordinata al rilascio delle autorizzazioni tecniche. Prossimo obiettivo un biglietto unico<\/p>\n<p><strong>AI MICROFONI DI RADIO PIU&#8217;, CESARE BON\u00a0<\/strong><\/p>\n<audio class=\"wp-audio-shortcode\" id=\"audio-221423-2\" preload=\"none\" style=\"width: 100%;\" controls=\"controls\"><source type=\"audio\/mpeg\" src=\"https:\/\/www.radiopiu.net\/wordpress\/wp-content\/uploads\/2021\/07\/bonnnnn.mp3?_=2\" \/><a href=\"https:\/\/www.radiopiu.net\/wordpress\/wp-content\/uploads\/2021\/07\/bonnnnn.mp3\">https:\/\/www.radiopiu.net\/wordpress\/wp-content\/uploads\/2021\/07\/bonnnnn.mp3<\/a><\/audio>\n<p>&nbsp;<\/p>\n<p><strong>ARCHIVIO 18 GIUGNO 2021<\/strong><\/p>\n<blockquote class=\"wp-embedded-content\" data-secret=\"UciYdHlHmV\"><p><a href=\"https:\/\/www.radiopiu.net\/wordpress\/un-nuovo-progetto-per-la-mobilita-estiva-sostenibile-tra-veneto-e-trentino-passo-valles-e-passo-san-pellegrino\/\">DOLOMITIBUS NON RISPONDE, INTANTO TRENTINO TRASPORTI CON I FATTI DIMOSTRA COME SI FA<\/a><\/p><\/blockquote>\n<p><iframe loading=\"lazy\" class=\"wp-embedded-content\" sandbox=\"allow-scripts\" security=\"restricted\" style=\"position: absolute; clip: rect(1px, 1px, 1px, 1px);\" title=\"&#8220;DOLOMITIBUS NON RISPONDE, INTANTO TRENTINO TRASPORTI CON I FATTI DIMOSTRA COME SI FA&#8221; &#8212; Radio Pi\u00f9\" src=\"https:\/\/www.radiopiu.net\/wordpress\/un-nuovo-progetto-per-la-mobilita-estiva-sostenibile-tra-veneto-e-trentino-passo-valles-e-passo-san-pellegrino\/embed\/#?secret=UciYdHlHmV\" data-secret=\"UciYdHlHmV\" width=\"600\" height=\"338\" frameborder=\"0\" marginwidth=\"0\" marginheight=\"0\" scrolling=\"no\"><\/iframe><\/p>\n<p>&nbsp;<\/p>\n<p><strong>IL DOCUMENTO DELLA DOLOMITIBUS CON LA PREVISIONE DI POSSIBILI ORARI, MANCA SOLO LA DATA DI ATTIVAZIONE\u00a0<\/strong><\/p>\n<a href=\"https:\/\/www.radiopiu.net\/wordpress\/wp-content\/uploads\/2021\/07\/316362-1.pdf\" class=\"pdfemb-viewer\" style=\"\" data-width=\"max\" data-height=\"max\" data-toolbar=\"top\" data-toolbar-fixed=\"on\">316362<\/a>\n<p>&nbsp;<\/p>\n<hr \/>\n<p>&nbsp;<\/p>\n<blockquote>\n<h3 class=\"p1\"><span class=\"s1\">SPOPOLAMENTO DELLA MONTAGNA, LA PROVINCIA DI BELLUNO A COLLOQUIO CON IL MINISTRO PER GLI AFFARI REGIONALI E LE AUTONOMIE, MARIASTELLA GELMINI<\/span><\/h3>\n<\/blockquote>\n<p class=\"p1\"><span class=\"s1\"><strong><a href=\"https:\/\/www.radiopiu.net\/wordpress\/giornale-radiopiu-14-luglio-2021-direttore-mirko-mezzacasa\/incontro-ministro-gelmini\/\" rel=\"attachment wp-att-221584\"><img loading=\"lazy\" decoding=\"async\" class=\"size-medium wp-image-221584 alignleft\" src=\"https:\/\/www.radiopiu.net\/wordpress\/wp-content\/uploads\/2021\/07\/Incontro-Ministro-Gelmini-300x225.jpg\" alt=\"\" width=\"300\" height=\"225\" srcset=\"https:\/\/www.radiopiu.net\/wordpress\/wp-content\/uploads\/2021\/07\/Incontro-Ministro-Gelmini-300x225.jpg 300w, https:\/\/www.radiopiu.net\/wordpress\/wp-content\/uploads\/2021\/07\/Incontro-Ministro-Gelmini-1024x768.jpg 1024w, https:\/\/www.radiopiu.net\/wordpress\/wp-content\/uploads\/2021\/07\/Incontro-Ministro-Gelmini-768x576.jpg 768w, https:\/\/www.radiopiu.net\/wordpress\/wp-content\/uploads\/2021\/07\/Incontro-Ministro-Gelmini-1536x1152.jpg 1536w, https:\/\/www.radiopiu.net\/wordpress\/wp-content\/uploads\/2021\/07\/Incontro-Ministro-Gelmini-2048x1536.jpg 2048w\" sizes=\"auto, (max-width: 300px) 100vw, 300px\" \/><\/a>ROMA <\/strong>La Provincia di Belluno ha incontrato a Roma il ministro per gli Affari regionali e le autonomie, Mariastella Gelmini, per presentare il problema dello spopolamento della montagna e illustrare il protocollo con Sondrio e Verbano Cusio Ossola che sar\u00e0 sottoscritto all\u2019Upi questa mattina. Presenti il presidente Roberto Padrin, e i consiglieri delegati Massimo Bortoluzzi, Franco De Bon e Danilo De Toni. <\/span><span class=\"s1\">Sul tavolo i dati demografici del Bellunese e un\u2019analisi dei problemi del territorio, in particolare le difficolt\u00e0 di personale intercorse dopo la riforma Delrio, e la carenza di infrastrutture stradali e digitali. <\/span><span class=\"s1\">Durante l\u2019incontro \u00e8 stata condivisa la necessit\u00e0 di riqualificare i borghi storici oggi scarsamente abitati, anche superando i vincoli. E sono state illustrate le possibilit\u00e0 di un percorso per preparare la transizione ecologica, grazie all\u2019agricoltura di montagna, anche approfittando della prossima scadenza delle grandi concessioni idroelettriche. <\/span><\/p>\n<p><strong>IL PRESIDENTE DELLA PROVINCIA DI BELLUNO ROBERTO PADRIN<\/strong><\/p>\n<audio class=\"wp-audio-shortcode\" id=\"audio-221423-3\" preload=\"none\" style=\"width: 100%;\" controls=\"controls\"><source type=\"audio\/mpeg\" src=\"https:\/\/www.radiopiu.net\/wordpress\/wp-content\/uploads\/2021\/07\/PADRIN-GELMINI.mp3?_=3\" \/><a href=\"https:\/\/www.radiopiu.net\/wordpress\/wp-content\/uploads\/2021\/07\/PADRIN-GELMINI.mp3\">https:\/\/www.radiopiu.net\/wordpress\/wp-content\/uploads\/2021\/07\/PADRIN-GELMINI.mp3<\/a><\/audio>\n<p>&nbsp;<\/p>\n<p>&nbsp;<\/p>\n<hr \/>\n<p>&nbsp;<\/p>\n<blockquote>\n<h3>\u00a0A CAPRILE ASSICURATA L&#8217;ASSISTENZA MEDICA AI TURISTI<\/h3>\n<\/blockquote>\n<p><strong><img loading=\"lazy\" decoding=\"async\" class=\"alignleft\" src=\"https:\/\/www.radiopiu.net\/wordpress\/wp-content\/uploads\/2021\/05\/DA-CAPRILE.jpeg\" width=\"215\" height=\"161\" \/>ALLEGHE<\/strong>\u00a0 E&#8217; garantita l\u2019assistenza ai turisti diurna anche nella sede della continuit\u00e0 assistenziale di Caprile (via Dogliani), dal luned\u00ec al venerd\u00ec, dalle 14 alle 16. Il servizio si aggiunge alla disponibilit\u00e0 della continuit\u00e0 assistenziale, anche per i turisti, garantita nei giorni feriali dalle 20.00 alle 8.00 del giorno feriale successivo giorni prefestivi dalle 10.00 alle 8 del giorno successivo giorni festivi dalle 8.00 alle 8 del giorno feriale successivo.\u00a0 Questi orari sono garantiti nelle sedi di Continuit\u00e0 assistenziale di Canale D\u2019Agordo, Caprile, Santo Stefano di Cadore, Cortina D\u2019Ampezzo, Val di Zoldo e Belluno\/Puos D\u2019Alpago.<\/p>\n<blockquote><p><span style=\"color: #ff0000;\">IL SINDACO DI ALLEGHE, DANILO DE TONI<\/span><\/p>\n<p><strong><em>Ringrazio la Ulss 1 ed in particolare il direttore generale dottoressa Maria Grazia Carraro per aver integrato il servizio di assistenza sanitaria sul nostro territorio gi\u00e0 toccato dal pensionamento del medico di base. Dott. Mascanzoni. Questa soluzione garantir\u00e0 fino al 15 settembre l&#8217;assistenza ai turisti .Sicuramente un grande sforzo fatto da Ulss che ha compreso le difficolt\u00e0 e le necessit\u00e0 del territorio\u00a0<\/em><\/strong><\/p>\n<p>&nbsp;<\/p>\n<p>&nbsp;<\/p><\/blockquote>\n<hr \/>\n<p>&nbsp;<\/p>\n<p align=\"CENTER\"><span style=\"font-size: large;\"><b>Attivata una convenzione con l\u2019ulss Euganea per prestazioni di Urologia<\/b><\/span><\/p>\n<p align=\"LEFT\"><strong>BELLUNO<\/strong> L\u2019ulss Dolomiti ha attivato una convenzione con l\u2019ulss Euganea di Padova per potenziare negli ospedali bellunesi l\u2019attivit\u00e0 di medici specialisti in urologia. I medici padovani presteranno servizio\u00a0 all\u2019Urologia dell\u2019ospedale di Belluno, con attivit\u00e0 di guardia diurna di 12 ore, sia feriale che festiva; interventi chirurgici programmati di piccola chirurgia, endoscopia e endourologia; attivit\u00e0 ambulatoriale (comprensiva anche di biopsie prostatiche, cistoscopie, interventi di chirurgia ambulatoriale, urodinamica). La convenzione con l\u2019Ulss Euganea, oltre a garantire la copertura dei turni, sar\u00e0 occasione di scambio di competenze e di esperienze oltre che di confronto con altri professionisti che apporta sempre una crescita professionale.<\/p>\n<blockquote><p>&nbsp;<\/p><\/blockquote>\n<hr \/>\n<blockquote><p>&nbsp;<\/p>\n<h3>Il dottor Forti a supporto della Psichiatria<\/h3>\n<p><strong>BELLUNO<\/strong> L\u2019ulss Dolomiti ha affidato un incarico libero professionale al dottor Bruno Forti, gi\u00e0 direttore del Dipartimento di Salute Mentale ora in quiescienza, per attivit\u00e0 di medico psichiatra nelle strutture aziendali. Il dottor Forti prester\u00e0 la propria attivit\u00e0 con accessi settimanali, presso le strutture aziendali afferenti al Dipartimento di Salute Mentale, a tempo pieno dando un importante supporto ai servizi.<\/p>\n<p>&nbsp;<\/p><\/blockquote>\n<hr \/>\n<blockquote><p>&nbsp;<\/p>\n<h3>Prorogata la sospensione delle attivit\u00e0 certificative medico legali.<\/h3>\n<p><strong>BELLUNO<\/strong> Visto il per durare degli impegni correlati con l&#8217;emergenza Covid per le strutture del Dipartimento di Prevenzione, e in particolare per il Servizio di Igiene e Sanit\u00e0 Pubblica (SISP), la sospensione delle attivit\u00e0 certificative medico-legali \u00e8 prorogata fino al 31 agosto 2021. Sono garantite le prestazioni non differibili e\/o urgenti. Si tratta di certificazioni LEA (parcheggi invalidi, esoneri cinture di sicurezza, certificati di adozione), certificazioni necessarie per motivi lavorativi (autotrasportatori, impianti di risalita ecc.), certificazioni richieste in situazioni particolari, situazioni di particolare difficolt\u00e0 (es. patente scaduta per cui non sono applicabili le deroghe attualmente in vigore). In questi casi l&#8217;utente pu\u00f2 contattare la sede SISP in cui desidera effettuare la visita, che provveder\u00e0 a valutare la congruit\u00e0 della richiesta e a programmare l&#8217;appuntamento. Maggiori informazioni su www.aulss1.veneto.it<\/p><\/blockquote>\n<p>&nbsp;<\/p>\n<p>&nbsp;<\/p>\n<hr \/>\n<p>&nbsp;<\/p>\n<blockquote class=\"wp-embedded-content\" data-secret=\"Pj9MWh4hQi\"><p><a href=\"https:\/\/www.radiopiu.net\/wordpress\/aggiornamentolug13\/\">CORONAVIRUS: AGGIORNAMENTO NAZIONALE 13 LUGLIO  2021<\/a><\/p><\/blockquote>\n<p><iframe loading=\"lazy\" class=\"wp-embedded-content\" sandbox=\"allow-scripts\" security=\"restricted\" style=\"position: absolute; clip: rect(1px, 1px, 1px, 1px);\" title=\"&#8220;CORONAVIRUS: AGGIORNAMENTO NAZIONALE 13 LUGLIO  2021&#8221; &#8212; Radio Pi\u00f9\" src=\"https:\/\/www.radiopiu.net\/wordpress\/aggiornamentolug13\/embed\/#?secret=Pj9MWh4hQi\" data-secret=\"Pj9MWh4hQi\" width=\"600\" height=\"338\" frameborder=\"0\" marginwidth=\"0\" marginheight=\"0\" scrolling=\"no\"><\/iframe><\/p>\n<blockquote class=\"wp-embedded-content\" data-secret=\"HCHiGf2rWF\"><p><a href=\"https:\/\/www.radiopiu.net\/wordpress\/nelle-ultime-24-ore20a\/\">IN CRESCITA GLI ATTUALMENTE POSITIVI: +168 IN VENETO, + 9 IN PROVINCIA<\/a><\/p><\/blockquote>\n<p><iframe loading=\"lazy\" class=\"wp-embedded-content\" sandbox=\"allow-scripts\" security=\"restricted\" style=\"position: absolute; clip: rect(1px, 1px, 1px, 1px);\" title=\"&#8220;IN CRESCITA GLI ATTUALMENTE POSITIVI: +168 IN VENETO, + 9 IN PROVINCIA&#8221; &#8212; Radio Pi\u00f9\" src=\"https:\/\/www.radiopiu.net\/wordpress\/nelle-ultime-24-ore20a\/embed\/#?secret=HCHiGf2rWF\" data-secret=\"HCHiGf2rWF\" width=\"600\" height=\"338\" frameborder=\"0\" marginwidth=\"0\" marginheight=\"0\" scrolling=\"no\"><\/iframe><\/p>\n<p>&nbsp;<\/p>\n<p><strong>I GRAFICI DI TIZIANO DE COL<\/strong><\/p>\n\n\t\t\t<style type='text\/css'>\n\t\t\t\t#gallery-3 {\n\t\t\t\t\tmargin: auto;\n\t\t\t\t}\n\t\t\t\t#gallery-3 .gallery-item {\n\t\t\t\t\tfloat: left;\n\t\t\t\t\tmargin-top: 10px;\n\t\t\t\t\ttext-align: center;\n\t\t\t\t\twidth: 20%;\n\t\t\t\t}\n\t\t\t\t#gallery-3 img {\n\t\t\t\t\tborder: 2px solid #cfcfcf;\n\t\t\t\t}\n\t\t\t\t#gallery-3 .gallery-caption {\n\t\t\t\t\tmargin-left: 0;\n\t\t\t\t}\n\t\t\t\t\/* see gallery_shortcode() in wp-includes\/media.php *\/\n\t\t\t<\/style>\n\t\t<div id='gallery-3' class='dt-gallery-container gallery galleryid-221423 gallery-columns-5 gallery-size-medium'><dl class='gallery-item'>\n\t\t\t\t<dt class='gallery-icon landscape'>\n\t\t\t\t\t<a class=\"rollover rollover-zoom dt-pswp-item\" title=\"b4ce6bc2-d055-4285-8a0b-779e4e2680f2\" data-dt-img-description=\"\" data-large_image_width=\"584\" data-large_image_height=\"362\"href='https:\/\/www.radiopiu.net\/wordpress\/wp-content\/uploads\/2021\/07\/b4ce6bc2-d055-4285-8a0b-779e4e2680f2.jpg'><img loading=\"lazy\" decoding=\"async\" width=\"300\" height=\"186\" src=\"https:\/\/www.radiopiu.net\/wordpress\/wp-content\/uploads\/2021\/07\/b4ce6bc2-d055-4285-8a0b-779e4e2680f2-300x186.jpg\" class=\"attachment-medium size-medium\" alt=\"\" srcset=\"https:\/\/www.radiopiu.net\/wordpress\/wp-content\/uploads\/2021\/07\/b4ce6bc2-d055-4285-8a0b-779e4e2680f2-300x186.jpg 300w, https:\/\/www.radiopiu.net\/wordpress\/wp-content\/uploads\/2021\/07\/b4ce6bc2-d055-4285-8a0b-779e4e2680f2.jpg 584w\" sizes=\"auto, (max-width: 300px) 100vw, 300px\" \/><\/a>\n\t\t\t\t<\/dt><\/dl><dl class='gallery-item'>\n\t\t\t\t<dt class='gallery-icon landscape'>\n\t\t\t\t\t<a class=\"rollover rollover-zoom dt-pswp-item\" title=\"07ffd713-c234-424e-b22c-a8647857a73b\" data-dt-img-description=\"\" data-large_image_width=\"608\" data-large_image_height=\"351\"href='https:\/\/www.radiopiu.net\/wordpress\/wp-content\/uploads\/2021\/07\/07ffd713-c234-424e-b22c-a8647857a73b.jpg'><img loading=\"lazy\" decoding=\"async\" width=\"300\" height=\"173\" src=\"https:\/\/www.radiopiu.net\/wordpress\/wp-content\/uploads\/2021\/07\/07ffd713-c234-424e-b22c-a8647857a73b-300x173.jpg\" class=\"attachment-medium size-medium\" alt=\"\" srcset=\"https:\/\/www.radiopiu.net\/wordpress\/wp-content\/uploads\/2021\/07\/07ffd713-c234-424e-b22c-a8647857a73b-300x173.jpg 300w, https:\/\/www.radiopiu.net\/wordpress\/wp-content\/uploads\/2021\/07\/07ffd713-c234-424e-b22c-a8647857a73b.jpg 608w\" sizes=\"auto, (max-width: 300px) 100vw, 300px\" \/><\/a>\n\t\t\t\t<\/dt><\/dl><dl class='gallery-item'>\n\t\t\t\t<dt class='gallery-icon landscape'>\n\t\t\t\t\t<a class=\"rollover rollover-zoom dt-pswp-item\" title=\"5a061b57-2903-4ea9-9fe0-8a6fe4ddd8a4\" data-dt-img-description=\"\" data-large_image_width=\"610\" data-large_image_height=\"351\"href='https:\/\/www.radiopiu.net\/wordpress\/wp-content\/uploads\/2021\/07\/5a061b57-2903-4ea9-9fe0-8a6fe4ddd8a4.jpg'><img loading=\"lazy\" decoding=\"async\" width=\"300\" height=\"173\" src=\"https:\/\/www.radiopiu.net\/wordpress\/wp-content\/uploads\/2021\/07\/5a061b57-2903-4ea9-9fe0-8a6fe4ddd8a4-300x173.jpg\" class=\"attachment-medium size-medium\" alt=\"\" srcset=\"https:\/\/www.radiopiu.net\/wordpress\/wp-content\/uploads\/2021\/07\/5a061b57-2903-4ea9-9fe0-8a6fe4ddd8a4-300x173.jpg 300w, https:\/\/www.radiopiu.net\/wordpress\/wp-content\/uploads\/2021\/07\/5a061b57-2903-4ea9-9fe0-8a6fe4ddd8a4.jpg 610w\" sizes=\"auto, (max-width: 300px) 100vw, 300px\" \/><\/a>\n\t\t\t\t<\/dt><\/dl><dl class='gallery-item'>\n\t\t\t\t<dt class='gallery-icon landscape'>\n\t\t\t\t\t<a class=\"rollover rollover-zoom dt-pswp-item\" title=\"aa5a7fb5-61a4-47eb-8389-f8db20339a77\" data-dt-img-description=\"\" data-large_image_width=\"604\" data-large_image_height=\"355\"href='https:\/\/www.radiopiu.net\/wordpress\/wp-content\/uploads\/2021\/07\/aa5a7fb5-61a4-47eb-8389-f8db20339a77.jpg'><img loading=\"lazy\" decoding=\"async\" width=\"300\" height=\"176\" src=\"https:\/\/www.radiopiu.net\/wordpress\/wp-content\/uploads\/2021\/07\/aa5a7fb5-61a4-47eb-8389-f8db20339a77-300x176.jpg\" class=\"attachment-medium size-medium\" alt=\"\" srcset=\"https:\/\/www.radiopiu.net\/wordpress\/wp-content\/uploads\/2021\/07\/aa5a7fb5-61a4-47eb-8389-f8db20339a77-300x176.jpg 300w, https:\/\/www.radiopiu.net\/wordpress\/wp-content\/uploads\/2021\/07\/aa5a7fb5-61a4-47eb-8389-f8db20339a77.jpg 604w\" sizes=\"auto, (max-width: 300px) 100vw, 300px\" \/><\/a>\n\t\t\t\t<\/dt><\/dl><dl class='gallery-item'>\n\t\t\t\t<dt class='gallery-icon landscape'>\n\t\t\t\t\t<a class=\"rollover rollover-zoom dt-pswp-item\" title=\"e069fd6f-4afe-4d6a-b1f2-7896816c570a\" data-dt-img-description=\"\" data-large_image_width=\"602\" data-large_image_height=\"351\"href='https:\/\/www.radiopiu.net\/wordpress\/wp-content\/uploads\/2021\/07\/e069fd6f-4afe-4d6a-b1f2-7896816c570a.jpg'><img loading=\"lazy\" decoding=\"async\" width=\"300\" height=\"175\" src=\"https:\/\/www.radiopiu.net\/wordpress\/wp-content\/uploads\/2021\/07\/e069fd6f-4afe-4d6a-b1f2-7896816c570a-300x175.jpg\" class=\"attachment-medium size-medium\" alt=\"\" srcset=\"https:\/\/www.radiopiu.net\/wordpress\/wp-content\/uploads\/2021\/07\/e069fd6f-4afe-4d6a-b1f2-7896816c570a-300x175.jpg 300w, https:\/\/www.radiopiu.net\/wordpress\/wp-content\/uploads\/2021\/07\/e069fd6f-4afe-4d6a-b1f2-7896816c570a.jpg 602w\" sizes=\"auto, (max-width: 300px) 100vw, 300px\" \/><\/a>\n\t\t\t\t<\/dt><\/dl><br style=\"clear: both\" \/>\n\t\t\t<\/div>\n\n<blockquote><p>&nbsp;<\/p><\/blockquote>\n<hr \/>\n<blockquote>\n<h2><\/h2>\n<blockquote>\n<h2>LEGGI LA CONFERENZA STAMPA DI LUCA ZAIA&#8230;.aggiornamento in tempo reale<\/h2>\n<\/blockquote>\n<p><strong><img loading=\"lazy\" decoding=\"async\" class=\"alignleft\" src=\"https:\/\/www.radiopiu.net\/wordpress\/wp-content\/uploads\/2021\/07\/216350522_1825636737638233_1460404433328194278_n.jpg\" width=\"247\" height=\"164\" \/>SITUAZIONE<\/strong> Oggi abbiamo 254 positivi tutti asintomatici, il virus sta quindi circolando. Abbiamo avuto dei ricoveri, 6 e 3 sono finiti in terapia intensiva, si tratta di cinquantenni non vaccinati. La variante si diffonde velocemente, in Inghilterra 30mila al giorno. Il tema del vaccino funziona ma stiamo facendo tanti <strong>TAMPONI\u00a0<\/strong> siamo i primi in Italia, quelli che fanno piu&#8217; tamponi su 100mila abitanti (437 al giorno, 258 in Lazio, al sud sugli 80, media nazionale 241 la met\u00e0 del Veneto). Fondamentale \u00e8 fari i tamponi per lo screening sulla popolazione non sappiamo fino a quando in maniera cosi&#8217; massiccia. E&#8217; una nuova fase da interpretare. A noi interessa l&#8217;<strong>OSPEDALIZZAZIONE<\/strong> che \u00e8 il vero parametro.Sono 47mila i vaccini fatti nelle ultime 24 ore, ci sono pochi vaccini per cui andiamo a rilento.\u00a0 I <strong>COVID POINT<\/strong> sono aperti strumento\u00a0 gratuito\u00a0 a\u00a0 disposizione di tutti. <strong>PRUDENZA<\/strong> lo scenario in caso di positivit\u00e0 potrebbe portare a chiudere un intero paese. Sul popolo di vaccinati non abbiamo notizie di infezioni, l&#8217;ospite ideale del virus va dai 15 ai 24 anni che potrebbero diventare vettori importanti per i pi\u00f9 anziani. <strong>GREEN PASS IN VENETO?<\/strong> In Germania per un caff\u00e8 ci si registra &#8211; nome e cognome &#8211; per poi risalire ai contatti, servir\u00e0 una regola uguale per tutti.<\/p>\n<p><strong><span style=\"color: #ff0000;\">LA DOTTORESSA FRANCESCA RUSSO\u00a0 <\/span><\/strong><\/p>\n<p>Dobbiamo mantenere alta l&#8217;attenzione per la diffusione delle nuove varianti, soprattuto la Delta. <strong>LA PREVISIONE<\/strong> Entro fine agosto il 90% dei paesi europei potrebbe vedere la circolazione della variante. Ci sono alcuni Paesi con focolai importanti, in Finlandia legati alle manifestazioni sportive, in Spagna a Maiorca fra i giovani, e sconsigliano i viaggi in quella localit\u00e0, e al momento il paese con maggiore incidenza \u00e8 proprio la Spagna. IL MINISTERO\u00a0 prevede di aumentare i tamponi, fare il contact tracing allargato e implementare la vaccinazione. L&#8217;Inghilterra \u00e8 il Paese dove si \u00e8 diffusa per prima la variante Delta, con\u00a0 30mila casi al giorno e 3mila ricoveri settimanali, la mortalit\u00e0 risulta\u00a0 bassa. Nel Regno Unito hanno un tasso di copertura vaccinale dell&#8217;87% per la prima dose e del 66% per la seconda, noi abbiamo oltre il 60% come prima dose e 45% della seconda. <strong>I NUOVI POSITIVI\u00a0<\/strong> sono i\u00a0 ragazzi tra i 22 e 23 anni in Veneto. che si sono spostati per viaggi o hanno frequentato delle feste. Nella fascia di et\u00e0 15-24 il contagio \u00e8 in aumento. Una parte di questi ragazzi non sono vaccinati, \u00e8 importante che adottino comportamenti corretti e si vaccinino. Continuiamo il sequenziamento di tutti i positivi. Ad oggi siamo a 81 soggetti sequenziati con variante Delta e 4 con una variante simile appartenente alla stessa famiglia. E sono 52 i soggetti con variante Inglese. Ci sono 12 casi di variante Brasiliana e altri due soggetti con\u00a0variante K.<\/p>\n<p>&nbsp;<\/p>\n<p>&nbsp;<\/p>\n<a href=\"https:\/\/www.radiopiu.net\/wordpress\/wp-content\/uploads\/2021\/07\/Tabella-TamponiRegioni11072021_-1.pdf\" class=\"pdfemb-viewer\" style=\"\" data-width=\"max\" data-height=\"max\" data-toolbar=\"top\" data-toolbar-fixed=\"on\">Tabella TamponiRegioni11072021_-1<\/a>\n<p>&nbsp;<\/p>\n<p>&nbsp;<\/p><\/blockquote>\n<p>&nbsp;<\/p>\n<hr \/>\n<p>&nbsp;<\/p>\n<blockquote>\n<h3>CONTINUA LA CAMPAGNA VACCINALE IN ULSS 1 DOLOMITI. 203 MILA DOSI SOMMINISTRATE<\/h3>\n<\/blockquote>\n<p><strong>BELLUNO <\/strong>Ad oggi, le dosi somministrate in Ulss Dolomiti sono oltre 203 mila.\u00a0Il 65,5% della popolazione vaccinabile ha eseguito almeno una dose di vaccino anti covid.<\/p>\n<table width=\"655\">\n<tbody>\n<tr>\n<td width=\"83\">et\u00e0<\/td>\n<td width=\"69\">popolazione ISTAT<\/td>\n<td width=\"85\">\u00a01 dose<\/td>\n<td width=\"80\">% copertura 1 dose<\/td>\n<td width=\"88\">cicli completi<\/td>\n<td width=\"85\">%copertura cicli completi<\/td>\n<td width=\"77\">ancora da vaccinare<\/td>\n<td width=\"87\">% ancora da vaccinare<\/td>\n<\/tr>\n<tr>\n<td width=\"83\">12-19 anni<\/td>\n<td width=\"69\">14.207<\/td>\n<td width=\"85\">2370<\/td>\n<td width=\"80\">16,7%<\/td>\n<td width=\"88\">515<\/td>\n<td width=\"85\">3,6%<\/td>\n<td width=\"77\">11.322<\/td>\n<td width=\"87\">79,7%<\/td>\n<\/tr>\n<tr>\n<td width=\"83\">20-29 anni<\/td>\n<td width=\"69\">18.949<\/td>\n<td width=\"85\">4379<\/td>\n<td width=\"80\">23,1%<\/td>\n<td width=\"88\">3.173<\/td>\n<td width=\"85\">16,7%<\/td>\n<td width=\"77\">11.397<\/td>\n<td width=\"87\">60,1%<\/td>\n<\/tr>\n<tr>\n<td width=\"83\">30-39 anni<\/td>\n<td width=\"69\">19.848<\/td>\n<td width=\"85\">4334<\/td>\n<td width=\"80\">21,8%<\/td>\n<td width=\"88\">3.863<\/td>\n<td width=\"85\">19,5%<\/td>\n<td width=\"77\">11.651<\/td>\n<td width=\"87\">58,7%<\/td>\n<\/tr>\n<tr>\n<td width=\"83\">40-49 anni<\/td>\n<td width=\"69\">27.492<\/td>\n<td width=\"85\">6788<\/td>\n<td width=\"80\">24,7%<\/td>\n<td width=\"88\">10.187<\/td>\n<td width=\"85\">37,1%<\/td>\n<td width=\"77\">10.517<\/td>\n<td width=\"87\">38,3%<\/td>\n<\/tr>\n<tr>\n<td width=\"83\">50-59 anni<\/td>\n<td width=\"69\">33.218<\/td>\n<td width=\"85\">3620<\/td>\n<td width=\"80\">71,9%<\/td>\n<td width=\"88\">20.264<\/td>\n<td width=\"85\">61,0%<\/td>\n<td width=\"77\">9.334<\/td>\n<td width=\"87\">28,1%<\/td>\n<\/tr>\n<tr>\n<td width=\"83\">over 60<\/td>\n<td width=\"69\">68.678<\/td>\n<td width=\"85\">4634<\/td>\n<td width=\"80\">6,7%<\/td>\n<td width=\"88\">55263<\/td>\n<td width=\"85\">80,4%<\/td>\n<td width=\"77\">8.781<\/td>\n<td width=\"87\">12,7%<\/td>\n<\/tr>\n<tr>\n<td width=\"83\">TOTALE<\/td>\n<td width=\"69\">182.392<\/td>\n<td width=\"85\">32.511<\/td>\n<td width=\"80\">14,3%<\/td>\n<td width=\"88\">93.265<\/td>\n<td width=\"85\">51,1%<\/td>\n<td width=\"77\">63.002<\/td>\n<td width=\"87\">34,1%<\/td>\n<\/tr>\n<\/tbody>\n<\/table>\n<p>&nbsp;<\/p>\n<p>Le persone gi\u00e0 prenotate per la vaccinazione sono circa 7 mila. Sono sempre aperti a portale <strong>nuovi posti prenotabili <\/strong>per tutte le fasce d\u2019et\u00e0 e tutti i punti vaccinali.<\/p>\n<p><strong>SEDUTE TERRITORIALI A CURA DEI MEDICI DI MEDICINA GENERALE<\/strong><\/p>\n<p>Queste le sedute vaccinali programmate per i prossimi giorni: Sabato 17 luglio dalle 10.30 alle 12.00 <strong>ACCESSO LIBERO OVER 18 a Lamosano <\/strong>(ambulatori comune Chies d\u2019Alpago), Mercoled\u00ec 21 luglio dalle 14.00 alle 16.30<strong> ACCESSO LIBERO OVER 18 sede Croce Bianca di Arabba. <\/strong>Inoltre, sono in programma sedute per seconde dosi a Borgo Val Belluna (17 luglio), Alano e Sedico (21 luglio), Cesiomaggiore (22 luglio), Sovramonte (24 luglio) Cencenighe (25 luglio) Lamon (31 luglio)<\/p>\n<p><strong>FARMACIE<\/strong><\/p>\n<p>Dopo le prime somministrazioni di vaccino anti covid della Farmacia Minciotti di Feltre, \u00e8 partita con le somministrazioni anche la Farmacia Dolomiti di Belluno. Le vaccinazioni in farmacia sono eseguibili su prenotazione presso la farmacia stessa a: NEL BELLUNESE Dolomiti s.a.s. (Belluno) \u2013 a partire dal 30\/06\/2021 Belluno Via Feltre 196 | Telefono: 0437 940165; Farmacie Chimenti s.n.c. \u2013 a partire dal 28\/06\/2021 Belluno, Viale Giovanni Paolo I 43 \u2013 CAVARZANO | Telefono: 0437 930184; <strong>Farmacia Baratto dr. Giovanni \u2013\u00a0<\/strong>a partire dal 15\/7\/2021 Belluno, Via Travazzoi 5 | Telefono: 0437 948416. NEL FELTRINO Minciotti dr.ssa Eleonora \u2013 a partire dal 05\/07\/2021 Feltre Via XXXI Ottobre 17\/19 | Telefono: 0439 840695; Dolomiti s.a.s. (Trichiana) \u2013 a partire dal 30\/06\/2021 Borgo Val Belluna Via Frontin 2\/a \u2013 TRICHIANA | Telefono: 0437 554440; <strong>Farmacia Azienda Speciale Sedico Servizi s.r.l. \u2013 Farmacia di Mas \u2013\u00a0<\/strong>a partire dal 12\/7\/2021 Sedico, Piazza Papa Luciani 1 \u2013 MAS | Telefono: 0437 87836. NELL&#8217;AGORDINO Azienda Speciale Agordo Servizi \u2013 Farmacia Comunale \u2013 a partire dal 05\/07\/2021 Agordo Via Insurrezione 18\/c | Telefono: 0437 62564. NEL LONGARONESE Girardi dr.ssa Ester \u2013 a partire dal 02\/07\/2021 Longarone Via Roma 12 \u2013 CASTELLAVAZZO | Telefono: 0437 770585. NEL CADORE Dolomiti s.a.s. (Lozzo) \u2013 a partire dal 30\/06\/2021 Lozzo di Cadore Via Roma 1 | Telefono: 0435 76052. Servizi in via di attivazione Azienda Feltrina Servizi alla Persona \u2013 Farmacia Comunale \u201call\u2019Ospedale\u201d \u2013 servizio non ancora attivo Feltre Via Negrelli 7 | Telefono: 0439 396162; <strong>Farmacia Luppi dr.ssa Francesca \u2013\u00a0<\/strong>servizio non ancora attivo San Vito di Cadore, Corso Italia, 88 | Telefono: 0436 9194. CORTINA Farmacia Boots San Giorgio s.r.l. \u2013 servizio non ancora attivo Cortina d\u2019Ampezzo, Corso Italia 25 | Telefono: 0436 2609, <strong>Farmacia \u201calla Madonna S.N.C.\u201d \u2013\u00a0Zannoni dr.ssa Lucia \u2013\u00a0<\/strong>servizio non ancora attivo Fonzaso, Via G. Marconi 23 | Telefono: 0439 5044<\/p>\n<p>&nbsp;<\/p>\n<p>&nbsp;<\/p>\n<hr \/>\n<p>&nbsp;<\/p>\n<blockquote>\n<h3>PNRR: COMUNI E PROVINCE NELLA CABINA DI REGIA<\/h3>\n<\/blockquote>\n<p><strong><a href=\"https:\/\/www.radiopiu.net\/wordpress\/speciale-feltre-fondi-di-confine-e-biblioteche-dal-gr-pomeriggio-di-radio-piu\/roger_de_menech_daticamera\/\" rel=\"attachment wp-att-49599\"><img loading=\"lazy\" decoding=\"async\" class=\"size-full wp-image-49599 alignleft\" src=\"https:\/\/www.radiopiu.net\/wordpress\/wp-content\/uploads\/2018\/05\/Roger_De_Menech_daticamera.jpg\" alt=\"\" width=\"165\" height=\"228\" \/><\/a>ROMA <\/strong>La gestione del Pnrr sar\u00e0 integrata dai rappresentanti dei Comuni e delle Province. Lo stabilisce l\u2019emendamento approvato questa mattina alla Camera, presentato dal deputato del Partito democratico Roger De Menech. Il provvedimento modifica l\u2019articolo 2 del decreto governance del PNRR dove \u00e8 prevista l\u2019istituzione di una \u2018cabina di regia\u2019 presso la Presidenza del Consiglio dei ministri. Oltre ai ministri competenti per materia, alle sedute della cabina di regia partecipano i presidenti di Regione e delle Province autonome di Trento e Bolzano quando sono esaminate questioni di competenza di una singola regione o provincia autonoma, ovvero il Presidente della Conferenza delle regioni e delle province autonome, quando sono esaminate questioni che riguardano pi\u00f9 regioni o province autonome. L\u2019emendamento presentato da De Menech introduce la partecipazione del presidente dell\u2019Anci e del presidente dell\u2019Upi, quando sono esaminate questioni di interesse locale. \u00a0L\u2019iniziativa del PD, passata alla Camera, ha raccolto il plauso dei presidenti dell\u2019Anci, Antonio De Caro e dell\u2019Upi, Michele De Pascale.<\/p>\n<p>&nbsp;<\/p>\n<div style=\"width: 848px;\" class=\"wp-video\"><video class=\"wp-video-shortcode\" id=\"video-221423-1\" width=\"848\" height=\"480\" preload=\"metadata\" controls=\"controls\"><source type=\"video\/mp4\" src=\"https:\/\/www.radiopiu.net\/wordpress\/wp-content\/uploads\/2021\/07\/WhatsApp-Video-2021-07-13-at-16.43.43.mp4?_=1\" \/><a href=\"https:\/\/www.radiopiu.net\/wordpress\/wp-content\/uploads\/2021\/07\/WhatsApp-Video-2021-07-13-at-16.43.43.mp4\">https:\/\/www.radiopiu.net\/wordpress\/wp-content\/uploads\/2021\/07\/WhatsApp-Video-2021-07-13-at-16.43.43.mp4<\/a><\/video><\/div>\n<p>&nbsp;<\/p>\n<p>&nbsp;<\/p>\n<hr \/>\n<p>&nbsp;<\/p>\n<blockquote>\n<h3>UN BANDO PER LE BONIFICHE AMBIENTALI, BOTTACIN &#8220;PIU&#8217; DI 20 MILIONI DI EURO PER I COMUNI&#8221;<\/h3>\n<\/blockquote>\n<p>&nbsp;<\/p>\n<p><strong>VENEZIA<\/strong>\u00a0 Su proposta dell&#8217;assessore all&#8217;ambiente Gianpaolo Bottacin, la Giunta regionale ha deliberato nella seduta odierna lo stanziamento di 20,6 milioni di euro per bonifiche ambientali su siti inquinati. Iniziativa che da il via\u00a0 a un bando dedicato ai Comuni\u00a0 per finanziare interventi sia su aree pubbliche, sia su aree nelle quali l\u2019ente competente interviene in sostituzione e in danno del soggetto privato. Sono altres\u00ec ammissibili gli interventi di messa in sicurezza che i Comuni devono attuare su discariche, anche in gestione post mortem, nel caso in cui il soggetto gestore non sia pi\u00f9 rintracciabile, sia fallito e non vi siano idonee garanzie finanziarie a copertura dei costi dell\u2019intervento. A questi stanziamenti vanno inoltre aggiunti i 10 milioni assegnati per bonifiche espressamente dedicate alla problematica dell\u2019amianto. Le domande dovranno essere presentate dagli enti interessati entro sessanta giorni dalla pubblicazione del bando sul BUR. Per maggiori informazioni e chiarimenti sui contenuti dell\u2019iniziativa saranno a disposizione gli uffici della Direzione regionale Ambiente e Transizione Ecologica (041.2792143 &#8211; ambiente@regione.veneto.it).<\/p>\n<p>L&#8217;ASSESSORE REGIONALE GIANPAOLO BOTTACIN<\/p>\n<div style=\"width: 640px;\" class=\"wp-video\"><video class=\"wp-video-shortcode\" id=\"video-221423-2\" width=\"640\" height=\"352\" preload=\"metadata\" controls=\"controls\"><source type=\"video\/mp4\" src=\"https:\/\/www.radiopiu.net\/wordpress\/wp-content\/uploads\/2021\/07\/WhatsApp-Video-2021-07-13-at-10.32.22.mp4?_=2\" \/><a href=\"https:\/\/www.radiopiu.net\/wordpress\/wp-content\/uploads\/2021\/07\/WhatsApp-Video-2021-07-13-at-10.32.22.mp4\">https:\/\/www.radiopiu.net\/wordpress\/wp-content\/uploads\/2021\/07\/WhatsApp-Video-2021-07-13-at-10.32.22.mp4<\/a><\/video><\/div>\n<p>&nbsp;<\/p>\n<p>&nbsp;<\/p>\n<hr \/>\n<blockquote><p>&nbsp;<\/p>\n<h3>DISSESTI SU VIA CANSECH, APPROVATO IL PROGETTO DEFINITIVO-ESECUTIVO<\/h3>\n<\/blockquote>\n<p><strong>FELTRE<\/strong> Via libera da parte della giunta comunale di Feltre all&#8217;intervento per la messa in sicurezza di via Cansech in corrispondenza dell&#8217;uscita dall&#8217;abitato di Nemeggio.\u00a0 La carreggiata era stata interessata dal franamento in due punti della scarpata di valle e dal conseguente cedimento della banchina. La strada, unica via di accesso ad alcune abitazioni, costituisce anche un tratto fondamentale della futura pista ciclabile Feltre-Cesio. L&#8217;esecuzione dell&#8217;opera prevede una spesa complessiva di 160 mila euro, di cui 110\u00a0 mila per lavori e 50 mila per spese tecniche, imposte e altri oneri. Per la copertura economica, nelle more del finanziamento della Protezione Civile per il tramite del Commissario delegato all&#8217;emergenza del dicembre 2020, si proceder\u00e0 con la contrazione di un mutuo.<\/p>\n<p><strong>L&#8217;ASSESSORE AI LAVORI PUBBLICI, ADIS ZATTA<\/strong><\/p>\n<audio class=\"wp-audio-shortcode\" id=\"audio-221423-4\" preload=\"none\" style=\"width: 100%;\" controls=\"controls\"><source type=\"audio\/mpeg\" src=\"https:\/\/www.radiopiu.net\/wordpress\/wp-content\/uploads\/2021\/07\/ADIS.mp3?_=4\" \/><a href=\"https:\/\/www.radiopiu.net\/wordpress\/wp-content\/uploads\/2021\/07\/ADIS.mp3\">https:\/\/www.radiopiu.net\/wordpress\/wp-content\/uploads\/2021\/07\/ADIS.mp3<\/a><\/audio>\n\n\t\t\t<style type='text\/css'>\n\t\t\t\t#gallery-4 {\n\t\t\t\t\tmargin: auto;\n\t\t\t\t}\n\t\t\t\t#gallery-4 .gallery-item {\n\t\t\t\t\tfloat: left;\n\t\t\t\t\tmargin-top: 10px;\n\t\t\t\t\ttext-align: center;\n\t\t\t\t\twidth: 50%;\n\t\t\t\t}\n\t\t\t\t#gallery-4 img {\n\t\t\t\t\tborder: 2px solid #cfcfcf;\n\t\t\t\t}\n\t\t\t\t#gallery-4 .gallery-caption {\n\t\t\t\t\tmargin-left: 0;\n\t\t\t\t}\n\t\t\t\t\/* see gallery_shortcode() in wp-includes\/media.php *\/\n\t\t\t<\/style>\n\t\t<div id='gallery-4' class='dt-gallery-container gallery galleryid-221423 gallery-columns-2 gallery-size-medium'><dl class='gallery-item'>\n\t\t\t\t<dt class='gallery-icon landscape'>\n\t\t\t\t\t<a class=\"rollover rollover-zoom dt-pswp-item\" title=\"Via Cansech 2\" data-dt-img-description=\"\" data-large_image_width=\"2048\" data-large_image_height=\"1152\"href='https:\/\/www.radiopiu.net\/wordpress\/wp-content\/uploads\/2021\/07\/Via-Cansech-2.jpg'><img loading=\"lazy\" decoding=\"async\" width=\"300\" height=\"169\" src=\"https:\/\/www.radiopiu.net\/wordpress\/wp-content\/uploads\/2021\/07\/Via-Cansech-2-300x169.jpg\" class=\"attachment-medium size-medium\" alt=\"\" srcset=\"https:\/\/www.radiopiu.net\/wordpress\/wp-content\/uploads\/2021\/07\/Via-Cansech-2-300x169.jpg 300w, https:\/\/www.radiopiu.net\/wordpress\/wp-content\/uploads\/2021\/07\/Via-Cansech-2-1024x576.jpg 1024w, https:\/\/www.radiopiu.net\/wordpress\/wp-content\/uploads\/2021\/07\/Via-Cansech-2-768x432.jpg 768w, https:\/\/www.radiopiu.net\/wordpress\/wp-content\/uploads\/2021\/07\/Via-Cansech-2-1536x864.jpg 1536w, https:\/\/www.radiopiu.net\/wordpress\/wp-content\/uploads\/2021\/07\/Via-Cansech-2.jpg 2048w\" sizes=\"auto, (max-width: 300px) 100vw, 300px\" \/><\/a>\n\t\t\t\t<\/dt><\/dl><dl class='gallery-item'>\n\t\t\t\t<dt class='gallery-icon landscape'>\n\t\t\t\t\t<a class=\"rollover rollover-zoom dt-pswp-item\" title=\"Via Cansech 1\" data-dt-img-description=\"\" data-large_image_width=\"2048\" data-large_image_height=\"1299\"href='https:\/\/www.radiopiu.net\/wordpress\/wp-content\/uploads\/2021\/07\/Via-Cansech-1.jpg'><img loading=\"lazy\" decoding=\"async\" width=\"300\" height=\"190\" src=\"https:\/\/www.radiopiu.net\/wordpress\/wp-content\/uploads\/2021\/07\/Via-Cansech-1-300x190.jpg\" class=\"attachment-medium size-medium\" alt=\"\" srcset=\"https:\/\/www.radiopiu.net\/wordpress\/wp-content\/uploads\/2021\/07\/Via-Cansech-1-300x190.jpg 300w, https:\/\/www.radiopiu.net\/wordpress\/wp-content\/uploads\/2021\/07\/Via-Cansech-1-1024x650.jpg 1024w, https:\/\/www.radiopiu.net\/wordpress\/wp-content\/uploads\/2021\/07\/Via-Cansech-1-768x487.jpg 768w, https:\/\/www.radiopiu.net\/wordpress\/wp-content\/uploads\/2021\/07\/Via-Cansech-1-1536x974.jpg 1536w, https:\/\/www.radiopiu.net\/wordpress\/wp-content\/uploads\/2021\/07\/Via-Cansech-1.jpg 2048w\" sizes=\"auto, (max-width: 300px) 100vw, 300px\" \/><\/a>\n\t\t\t\t<\/dt><\/dl><br style=\"clear: both\" \/>\n\t\t\t<\/div>\n\n<p>&nbsp;<\/p>\n<blockquote><p>&nbsp;<\/p><\/blockquote>\n<hr \/>\n<p>&nbsp;<\/p>\n<blockquote>\n<h3>(RI)FATTA L\u2019ITALIA, (RI)FACCIAMO GLI ITALIANI?<\/h3>\n<\/blockquote>\n<p><strong><a href=\"https:\/\/www.radiopiu.net\/wordpress\/rifatta-litalia-rifacciamo-gli-italiani\/215731953_350848846410741_5160153744613322294_n\/\" rel=\"attachment wp-att-221599\"><img loading=\"lazy\" decoding=\"async\" class=\"size-medium wp-image-221599 alignleft\" src=\"https:\/\/www.radiopiu.net\/wordpress\/wp-content\/uploads\/2021\/07\/215731953_350848846410741_5160153744613322294_n-300x188.jpg\" alt=\"\" width=\"300\" height=\"188\" srcset=\"https:\/\/www.radiopiu.net\/wordpress\/wp-content\/uploads\/2021\/07\/215731953_350848846410741_5160153744613322294_n-300x188.jpg 300w, https:\/\/www.radiopiu.net\/wordpress\/wp-content\/uploads\/2021\/07\/215731953_350848846410741_5160153744613322294_n.jpg 750w\" sizes=\"auto, (max-width: 300px) 100vw, 300px\" \/><\/a>di Dino Bridda<\/strong><\/p>\n<p>\u00abAbbiamo fatto l\u2019Italia, ora dobbiamo fare gli Italiani\u00bb. Dopo quanto accaduto negli ultimi giorni la famosa frase pronunciata da Massimo D\u2019Azeglio, all\u2019indomani dell\u2019Unit\u00e0 d\u2019Italia, potrebbe essere aggiornata cos\u00ec: \u00abAbbiamo (ri)fatto l\u2019Italia, ora dobbiamo sempre fare gli italiani\u00bb. S\u00ec, perch\u00e9, dopo pi\u00f9 di 150 anni, siamo di nuovo daccapo, ovvero l\u2019ostacolo pi\u00f9 spinoso per realizzare una vera unit\u00e0 rimane sempre il nostro popolo. Segnali positivi, per\u00f2, si sono notati negli ultimi giorni. Gli azzurri di Roberto Mancini, Matteo Berrettini, la squadra tricolore di atletica leggera ai vertici del campionato europeo, idem per le loro colleghe della nazionale di softball (\u00e8 la 12ma volta!): tutto ci\u00f2 sembra aver compattato la Nazione accendendo la fiamma del senso di appartenenza che \u00e8 colorato d\u2019azzurro o di bianco-rosso-verde. Lo hanno sottolineato bene Mattarella e Draghi dicendo che lo sport \u00e8 davvero un collante che funziona e a fargli da colonna sonora \u00e8 il \u201cCanto degli Italiani\u201d che il presidente Ciampi sdogan\u00f2 qualche anno fa quando ancora chi lo cantava veniva guardato con aria di scherno e di fastidio. Oggi non pi\u00f9, pu\u00f2 echeggiare sugli spalti dello stadio come per le contrade del Paese, nelle cerimonie pubbliche e nelle feste. Era ora! Passata la \u201csbornia mediatica\u201d dell\u2019Europeo di calcio e dell\u2019erba di Wimbledon, rimane per\u00f2 il problema degli italiani, cosa di antica data secondo, per l\u2019appunto, D\u2019Azeglio. Allora ci avevano provato, senza successo, Garibaldi, Cavour, Verdi e altri condottieri, politici e intellettuali, ma oggi non illudiamoci di avercela fatta, perch\u00e9 non dobbiamo farci ingannare dal delirio sportivo tuttora nell\u2019aria. Sono bastati, infatti, l\u2019acume tattico di Roberto Mancini, le parate di Gigio Donnarumma e le staffilate di Matteo Berrettini ed ecco liberato il \u201cgregge\u201d per le contrade d\u2019Italia. Poco male, se non ci fosse una conseguenza incombente sul piano sanitario. Sappiamo che non siamo fuori dal tunnel della pandemia, ma nel frattempo risale la curva dei contagi e fra una decina di giorni vedremo il risultato di un non autorizzato \u201clibera tutti\u201d, soprattutto fra la popolazione pi\u00f9 giovane. Se il bianco di qualche Regione potrebbe rischiare di cambiare colore, lo spauracchio di una pericolosa marcia indietro non pu\u00f2 non farci riflettere. Non sarebbe la prima volta, vedi estate 2020\u2026 In questo, come in altri sensi, sta il problema degli italiani ancora una volta incapaci di trasformare un momento di vittoria collettiva e di orgoglio nazionale in una condizione strutturale che faccia fare a loro quel salto di qualit\u00e0 non tanto nascosto nella famosa frase di D\u2019Azeglio. Ora all\u2019orizzonte immediato c\u2019\u00e8 Tokio dove si spera di guadagnare un corposo medagliere che potrebbe, se non gestito con intelligenza, riaprire ancora di pi\u00f9 le porte al tifo sportivo in libera uscita, senza pensare che il Covid rimane in agguato. \u00c8 vero, siamo una Nazione \u201cgiovane\u201d, ma abbiamo avuto oltre 150 anni per diventare \u201cadulti\u201d ed \u00e8 pur vero, di contro, che l\u2019antica democrazia inglese in questi giorni non ha dato prova di ineccepibile maturit\u00e0, ovvero non \u00e8 esempio da imitare. \u00c8 vero anche che non siamo pi\u00f9 un\u2019\u201despressione geografica\u201d, secondo il vero significato inteso dal cancelliere austriaco Klemens von Metternich nel 1847. Siamo invece una Nazione dotata di lingua, cultura e umanesimo ammirati in tutto il mondo e capace di mettere in campo un nuovo Rinascimento post pandemia, come \u00e8 stato riconosciuto da tante autorit\u00e0 europee. Allora, \u00e8 proprio una \u201cmissione impossibile\u201d fare degli italiani un popolo unito, responsabile, ricco di senso civico e non un\u2019armata Brancaleone che alla prima occasione rompe gli schemi dei doveri per far dilagare solo quello dei diritti? In altri Paesi c\u2019\u00e8 chi fa anche peggio? Certo, ma preoccupiamoci di casa nostra. Poi, quando saremo popolo davvero unito, non solo per cantare il buon Mameli a squarciagola dietro ad un pallone, forse potremo dare lezioni agli altri. Quelle stesse lezioni, per\u00f2, che oggi non accettiamo da alcuno (v. Londra\u2026), sia ben chiaro!<\/p>\n<p>&nbsp;<\/p>\n<p>&nbsp;<\/p>\n<hr \/>\n<p>&nbsp;<\/p>\n<blockquote>\n<h3>I FAMOSI COSTRUTTORI DI TELEFERICHE DI IGNE NOTI PER LA NOTEVOLE ABILITA<\/h3>\n<\/blockquote>\n<div dir=\"auto\"><strong>di RENATO BONA\u00a0\u00a0<\/strong><\/div>\n<div dir=\"auto\"><\/div>\n<div class=\"l60d2q6s d1544ag0 sj5x9vvc tw6a2znq l9j0dhe7 ni8dbmo4 stjgntxs qlfml3jp inkptoze e72ty7fz qttc61fc jm1wdb64 qv66sw1b ljqsnud1 g6srhlxm odn2s2vf\">\n<div class=\"oo9gr5id\" dir=\"auto\">Dobbiamo a due cari colleghi ed amici: Ivano Pocchiesa Cno, purtroppo scomparso, e Mario Fornaro, la \u201cscoperta\u201d di un mondo particolare: quello dei costruttori di teleferiche, cui \u00e8 dedicato uno, il terzo, dei sedici capitoli del libro \u201cIgne Paese del fuoco\u201d, iniziativa del Gruppo Volontari Igne e della Parrocchia di San Valentino che, con il patrocinio del Comune di Longarone, ed il coordinamento generale di Media Diffusion sas, i due pubblicisti e scrittori hanno dato alle stampe nel maggio 2002 con la bellunese Tipografia Piave. Innanzi tutto vediamo perch\u00e9 \u201cIgne paese del fuoco\u201d. Pocchiesa-Fornaro scrivono che: \u201c\u2026 \u00e8 ovvio affermare che le montagne intorno al paese costituissero un punto di osservazione particolarmente felice, al fine di tenere sotto il controllo militare tutta la valle. Per cui si ritiene che i romani vi si siano accampati, accendendo i fuochi per le loro necessit\u00e0. Gli storici concordano generalmente su tale supposizione e proprio a questa particolarit\u00e0 \u2018il luogo dei fuochi\u2019 fanno risalire il nome. Quegli accampamenti segnalavano la loro presenza con i fuochi e Ignis starebbe a significarlo\u201d. Aggiungono che una diversa ipotesi avanzata di recente, fa riferimento ad un proprietario della zona, Ignio, o Igino. Da quel none deriverebbe Igne a detta del ricercatore prof. don Sergio Sacco, al vertice dell\u2019Istituto bellunese di ricerche sociali e culturali. In precedenza i due autori non avevano trascurato di dire che \u201cIgne sembra essere, al di la di ogni ragionevole dubbio, un derivato dal latino Ignis, che significa fuoco\u201d e citavano lo storico Giovanni Fiorin il quale sosteneva a proposito di Igne: \u201cSembra che il suo nome derivi da San Sebastiano dei fuochi; una umile chiesetta accoccolata fra le abitazioni dedicata al Santo, poi ridotta a casa, ora in possesso della vedova di De Cesero Gioacchino\u201d (in base ad uno scritto che risale al 1956 &#8211; ndr.). Ed eccoci ai costruttori di teleferiche (struttura indispensabile per trasferire il legname dai monti a valle: senza teleferica l\u2019impegno sarebbe pi\u00f9 faticoso e pericoloso oltre a richiedere tempi assai lunghi) \u201cnoti per la loro abilit\u00e0, per l\u2019inventiva e per lo spirito di iniziativa che li ha sempre contraddistinti da quando si sono dedicati a tale lavoro\u201d. Viene ricordato che si associavano in gruppi da 15-20 lavoratori e \u201ccon tali societ\u00e0 di fatto assumevamo in appalto il disboscamento di lotti di varia consistenza. Alberi di alto fusto erano in genere pini, larici ed abeti, tipici delle montagne bellunesi. Stabilito il miglior tracciato per installare le stazioni di partenza ed arrivo della teleferica, trasportavano a spalla le funi ed il materiale necessario alla costruzione della struttura quindi davano il via al disboscamento, pulendo mano a mano gli alberi abbattuti e selezionandoli a seconda delle misure richieste, generalmente 4 metri, quindi accatastavano il legname nei punti pi\u00f9 favorevoli nei pressi della teleferica e trasbordavano i tronchi a valle dove, dopo essere stati trasformati in taglie, pronte per essere cedute all\u2019acquirente di turno venivano \u2018fluitate\u2019 sul Piave dai \u2018menadas\u2019 fino a destinazione: le segherie lungo il \u201cFiume sacro alla Patria\u201d e la laguna di Venezia. Pocchiesa e Fornaro precisavano quindi che a partire dal 1893 \u201canno certificato di uno dei primi impianti e fino agli anni Sessanta-Settanta circa del secolo XIX, le teleferiche costruite da operai di Igne, di Soffranco e di localit\u00e0 limitrofe si contavano a centinaia tanto \u00e8 vero che i teleferisti, di riconosciuta professionalit\u00e0, hanno lavorato anche all\u2019estero, richiesti ed apprezzati\u201d. Ma\u2026 nel 1955 l\u2019Inps di Belluno interpretando restrittivamente una legge del 1923, richiese la restituzione di somme fino ad allora percepite per assegni familiari da parte di soci-lavoratori delle Compagnie boschive teleferisti che avevano forma giuridica di societ\u00e0 di fatto. Gi\u00e0 in difficolt\u00e0 per scarsit\u00e0 di soci-operai, le Compagnie cessarono l\u2019attivit\u00e0 e negli anni 70 si contava una sola sopravvissuta: \u201cuna squadra di otto irriducibili\u201d mentre le giovani generazioni cercavano sbocchi nell\u2019edilizia e nel mestiere di gelatiere in Italia e all\u2019estero. Concludevano scrivendo: \u201cUna attivit\u00e0 dura, fiorente, rischiosa ma anche indipendente e socializzante, divenuta una tradizione per interi paesi come Igne, Soffranco ed altri della cerchia longaronese e bellunese, dopo una settantina d\u2019anni di \u2018gloria\u2019 alzava bandiera bianca per essere annoverata un po\u2019 malinconicamente, tra i mestieri che furono\u201d. Infine nel libro vengono richiamate \u201calcune tra le principali realizzazioni\u201d in fatto di teleferiche: la prima, del 1893, che partiva da D\u00e0leghe ed arrivava all\u2019inizio della salita del Tou, lunga 700 metri; la seconda, del 1897, con partenza da Pra de Rizapol localit\u00e0 Ta\u00f2 e arrivo a Perera dopo 5-600 metri lineari; altri impianti: Cajada-Desed\u00e0n e poi fino alla \u2018Piena\u2019 presso Fortogna, 1700-1800 metri; Rui della Lasta \u201cVedelei\u201d con arrivo ai Casoni dopo Mezzocanale; monte Sila-Policastro (Calabria) in tre tratte e lunga complessivamente 14 chilometri; partenza da Z\u00e0gheri (Russia, Azerbagian-Baku, Mar Caspio di 1400 metri; da Venier ai Casoni; ancora: Listolade, Agordo-Taibon, di 9 mila metri in due tronchi; dalla localit\u00e0 Rochemolles (Torino) di 2500 metri; per il trasporto di tutti i materiali necessari alla costruzione della diga; partenza da Pissandola del Caoran ed arrivo ai Casoni con attraversamento del Ma\u00e8, lunga 2700-2800 metri; dall\u2019albergo del Tono in Val del Gris\u00f2l ed arrivo a Stu\u00e0t prima tratta di 1300 metri, seconda, fino a Soffranco, di 5.000, nota come teleferica maestra; da Val Sorda a Caoria, Trento, lunga 5.500 metri; da Col Maz\u00f9c a Buscole di Farra d\u2019Alpago nella foresta del Cansiglio, 1300 metri; da Malga Pralongo a Forno di Zoldo di 1400 metri; da Pian Grande alle segherie Costantini sempre a Forno, di 2500 metri; dalla statale di Alemagna alle finestre della galleria in fase di costruzioni per la condotta d\u2019acqua dalla diga di Sottocastello a quella di Soverzene; da Code della Busa de Palughet a Desedan, su due tratte di 1500 e 1700 metri; da Masar\u00e8 di Alleghe ed arrivo al rifugio Tissi al Civetta, lunga 2000 metri; da Col di Roanza a Belluno ed arrivo a 200 metri dal monte Serva, di 2 mila metri. Chiudiamo con un capitolo pi\u00f9 breve del libro, intitolato \u201cI boscaioli e la risina\u201d dove si rammenta che \u201cil primo attore della complessa operazione che ruotava attorno ad una conifera \u2018matura\u2019 per essere abbattuta e sostituita con virgulti pi\u00f9 giovani era il boscaiolo\u2026 Quando ancora non era stata introdotta nei lavori del bosco la teleferica, di cui la gente di Igne divenne maestra famosa, i boscaioli radunavano le \u2018taglie\u2019 in uno spiazzo chiamato \u2018tasson\u2019 e le calavano a valle superando dislivelli di centinaia di metri, con il sistema della \u2018risina\u2019 cio\u00e8 le indirizzavano in un percorso ripido, un dirupo, attrezzato con degli alberi, manovrandole con \u2018l\u2019arghen a corde\u2019 per non perderne il controllo e non spezzarle. Quando possibile le indirizzavano in un laghetto artificiale, una piccola diga, la \u2018stua\u2019. L\u2019introduzione della teleferica soppiant\u00f2 la \u2018risina\u2019\u201d.<\/div>\n<div dir=\"auto\">\n\n\t\t\t<style type='text\/css'>\n\t\t\t\t#gallery-5 {\n\t\t\t\t\tmargin: auto;\n\t\t\t\t}\n\t\t\t\t#gallery-5 .gallery-item {\n\t\t\t\t\tfloat: left;\n\t\t\t\t\tmargin-top: 10px;\n\t\t\t\t\ttext-align: center;\n\t\t\t\t\twidth: 20%;\n\t\t\t\t}\n\t\t\t\t#gallery-5 img {\n\t\t\t\t\tborder: 2px solid #cfcfcf;\n\t\t\t\t}\n\t\t\t\t#gallery-5 .gallery-caption {\n\t\t\t\t\tmargin-left: 0;\n\t\t\t\t}\n\t\t\t\t\/* see gallery_shortcode() in wp-includes\/media.php *\/\n\t\t\t<\/style>\n\t\t<div id='gallery-5' class='dt-gallery-container gallery galleryid-221423 gallery-columns-5 gallery-size-thumbnail'><dl class='gallery-item'>\n\t\t\t\t<dt class='gallery-icon portrait'>\n\t\t\t\t\t<a class=\"rollover rollover-zoom dt-pswp-item\" title=\"215626907_163846632361017_3712607920535641518_n\" data-dt-img-description=\"\" data-large_image_width=\"149\" data-large_image_height=\"206\"href='https:\/\/www.radiopiu.net\/wordpress\/wp-content\/uploads\/2021\/07\/215626907_163846632361017_3712607920535641518_n.jpg'><img loading=\"lazy\" decoding=\"async\" width=\"149\" height=\"150\" src=\"https:\/\/www.radiopiu.net\/wordpress\/wp-content\/uploads\/2021\/07\/215626907_163846632361017_3712607920535641518_n-149x150.jpg\" class=\"attachment-thumbnail size-thumbnail\" alt=\"\" \/><\/a>\n\t\t\t\t<\/dt><\/dl><dl class='gallery-item'>\n\t\t\t\t<dt class='gallery-icon portrait'>\n\t\t\t\t\t<a class=\"rollover rollover-zoom dt-pswp-item\" title=\"214402876_558544681849900_8572882216304170661_n\" data-dt-img-description=\"\" data-large_image_width=\"154\" data-large_image_height=\"225\"href='https:\/\/www.radiopiu.net\/wordpress\/wp-content\/uploads\/2021\/07\/214402876_558544681849900_8572882216304170661_n.jpg'><img loading=\"lazy\" decoding=\"async\" width=\"150\" height=\"150\" src=\"https:\/\/www.radiopiu.net\/wordpress\/wp-content\/uploads\/2021\/07\/214402876_558544681849900_8572882216304170661_n-150x150.jpg\" class=\"attachment-thumbnail size-thumbnail\" alt=\"\" \/><\/a>\n\t\t\t\t<\/dt><\/dl><dl class='gallery-item'>\n\t\t\t\t<dt class='gallery-icon portrait'>\n\t\t\t\t\t<a class=\"rollover rollover-zoom dt-pswp-item\" title=\"214771807_501079647636655_4551214136079188460_n\" data-dt-img-description=\"\" data-large_image_width=\"151\" data-large_image_height=\"206\"href='https:\/\/www.radiopiu.net\/wordpress\/wp-content\/uploads\/2021\/07\/214771807_501079647636655_4551214136079188460_n.jpg'><img loading=\"lazy\" decoding=\"async\" width=\"150\" height=\"150\" src=\"https:\/\/www.radiopiu.net\/wordpress\/wp-content\/uploads\/2021\/07\/214771807_501079647636655_4551214136079188460_n-150x150.jpg\" class=\"attachment-thumbnail size-thumbnail\" alt=\"\" \/><\/a>\n\t\t\t\t<\/dt><\/dl><dl class='gallery-item'>\n\t\t\t\t<dt class='gallery-icon portrait'>\n\t\t\t\t\t<a class=\"rollover rollover-zoom dt-pswp-item\" title=\"214457611_4141294002634959_5569171576255096648_n\" data-dt-img-description=\"\" data-large_image_width=\"152\" data-large_image_height=\"240\"href='https:\/\/www.radiopiu.net\/wordpress\/wp-content\/uploads\/2021\/07\/214457611_4141294002634959_5569171576255096648_n.jpg'><img loading=\"lazy\" decoding=\"async\" width=\"150\" height=\"150\" src=\"https:\/\/www.radiopiu.net\/wordpress\/wp-content\/uploads\/2021\/07\/214457611_4141294002634959_5569171576255096648_n-150x150.jpg\" class=\"attachment-thumbnail size-thumbnail\" alt=\"\" \/><\/a>\n\t\t\t\t<\/dt><\/dl><dl class='gallery-item'>\n\t\t\t\t<dt class='gallery-icon landscape'>\n\t\t\t\t\t<a class=\"rollover rollover-zoom dt-pswp-item\" title=\"214366347_505685500690071_5258293514821431961_n\" data-dt-img-description=\"\" data-large_image_width=\"296\" data-large_image_height=\"200\"href='https:\/\/www.radiopiu.net\/wordpress\/wp-content\/uploads\/2021\/07\/214366347_505685500690071_5258293514821431961_n.jpg'><img loading=\"lazy\" decoding=\"async\" width=\"150\" height=\"150\" src=\"https:\/\/www.radiopiu.net\/wordpress\/wp-content\/uploads\/2021\/07\/214366347_505685500690071_5258293514821431961_n-150x150.jpg\" class=\"attachment-thumbnail size-thumbnail\" alt=\"\" \/><\/a>\n\t\t\t\t<\/dt><\/dl><br style=\"clear: both\" \/><dl class='gallery-item'>\n\t\t\t\t<dt class='gallery-icon landscape'>\n\t\t\t\t\t<a class=\"rollover rollover-zoom dt-pswp-item\" title=\"214572489_484943219128630_7747346104146539790_n\" data-dt-img-description=\"\" data-large_image_width=\"350\" data-large_image_height=\"200\"href='https:\/\/www.radiopiu.net\/wordpress\/wp-content\/uploads\/2021\/07\/214572489_484943219128630_7747346104146539790_n.jpg'><img loading=\"lazy\" decoding=\"async\" width=\"150\" height=\"150\" src=\"https:\/\/www.radiopiu.net\/wordpress\/wp-content\/uploads\/2021\/07\/214572489_484943219128630_7747346104146539790_n-150x150.jpg\" class=\"attachment-thumbnail size-thumbnail\" alt=\"\" \/><\/a>\n\t\t\t\t<\/dt><\/dl><dl class='gallery-item'>\n\t\t\t\t<dt class='gallery-icon portrait'>\n\t\t\t\t\t<a class=\"rollover rollover-zoom dt-pswp-item\" title=\"217528485_557557851915852_701117270236214243_n\" data-dt-img-description=\"\" data-large_image_width=\"156\" data-large_image_height=\"225\"href='https:\/\/www.radiopiu.net\/wordpress\/wp-content\/uploads\/2021\/07\/217528485_557557851915852_701117270236214243_n.jpg'><img loading=\"lazy\" decoding=\"async\" width=\"150\" height=\"150\" src=\"https:\/\/www.radiopiu.net\/wordpress\/wp-content\/uploads\/2021\/07\/217528485_557557851915852_701117270236214243_n-150x150.jpg\" class=\"attachment-thumbnail size-thumbnail\" alt=\"\" \/><\/a>\n\t\t\t\t<\/dt><\/dl><dl class='gallery-item'>\n\t\t\t\t<dt class='gallery-icon landscape'>\n\t\t\t\t\t<a class=\"rollover rollover-zoom dt-pswp-item\" title=\"215165473_286386463242864_5353557945462493078_n\" data-dt-img-description=\"\" data-large_image_width=\"320\" data-large_image_height=\"201\"href='https:\/\/www.radiopiu.net\/wordpress\/wp-content\/uploads\/2021\/07\/215165473_286386463242864_5353557945462493078_n.jpg'><img loading=\"lazy\" decoding=\"async\" width=\"150\" height=\"150\" src=\"https:\/\/www.radiopiu.net\/wordpress\/wp-content\/uploads\/2021\/07\/215165473_286386463242864_5353557945462493078_n-150x150.jpg\" class=\"attachment-thumbnail size-thumbnail\" alt=\"\" \/><\/a>\n\t\t\t\t<\/dt><\/dl><dl class='gallery-item'>\n\t\t\t\t<dt class='gallery-icon portrait'>\n\t\t\t\t\t<a class=\"rollover rollover-zoom dt-pswp-item\" title=\"215752762_536516530823189_7142031729089255876_n\" data-dt-img-description=\"\" data-large_image_width=\"156\" data-large_image_height=\"206\"href='https:\/\/www.radiopiu.net\/wordpress\/wp-content\/uploads\/2021\/07\/215752762_536516530823189_7142031729089255876_n.jpg'><img loading=\"lazy\" decoding=\"async\" width=\"150\" height=\"150\" src=\"https:\/\/www.radiopiu.net\/wordpress\/wp-content\/uploads\/2021\/07\/215752762_536516530823189_7142031729089255876_n-150x150.jpg\" class=\"attachment-thumbnail size-thumbnail\" alt=\"\" \/><\/a>\n\t\t\t\t<\/dt><\/dl><dl class='gallery-item'>\n\t\t\t\t<dt class='gallery-icon portrait'>\n\t\t\t\t\t<a class=\"rollover rollover-zoom dt-pswp-item\" title=\"214239566_4229564507133202_3623880911282450606_n\" data-dt-img-description=\"\" data-large_image_width=\"152\" data-large_image_height=\"240\"href='https:\/\/www.radiopiu.net\/wordpress\/wp-content\/uploads\/2021\/07\/214239566_4229564507133202_3623880911282450606_n.jpg'><img loading=\"lazy\" decoding=\"async\" width=\"150\" height=\"150\" src=\"https:\/\/www.radiopiu.net\/wordpress\/wp-content\/uploads\/2021\/07\/214239566_4229564507133202_3623880911282450606_n-150x150.jpg\" class=\"attachment-thumbnail size-thumbnail\" alt=\"\" \/><\/a>\n\t\t\t\t<\/dt><\/dl><br style=\"clear: both\" \/>\n\t\t\t<\/div>\n\n<\/div>\n<div dir=\"auto\"><\/div>\n<div class=\"oo9gr5id\" dir=\"auto\">NELLE FOTO (riproduzioni dal libro Igne. Paese del fuoco\u201d): la copertina del volume; gli autori: Ivano Pocchiesa e Mario Fornaro; anni \u201940: impianto di teleferica \u201cregolare\u201d con Vincenzo Damian \u201cBranconi\u201d e Giobatta Bez \u201cBezet\u201d; Campo Tures, Bolzano: teleferisti di Igne al lavoro; anni \u201950: Enrico De Cesero \u201cTogni\u201d verifica l\u2019opera ultimata; teleferisti e boscaioli di Igne al lavoro; trasporto di un \u201cb\u00f2tol\u201d ovvero un tronco sui due metri di lunghezza sulla teleferica, in primo piano Luigi De Cesero \u201cStrauz\u201d approfitta per un \u201cpassaggio\u201d verso le alte quote\u2026; il lavoro non manca per i boscaioli di Igne; Ettore De Cesero \u201cCina\u201d in quel di Pergine in Valsugana nel 1947.<\/div>\n<\/div>\n<blockquote><p>&nbsp;<\/p><\/blockquote>\n<hr \/>\n<blockquote>\n<h2><\/h2>\n<h2>DA OGGI: Cinema sotto le stelle Il Re Leone &#8211; Live action<\/h2>\n<\/blockquote>\n<p><strong><img loading=\"lazy\" decoding=\"async\" class=\"alignleft\" src=\"https:\/\/www.radiopiu.net\/wordpress\/wp-content\/uploads\/2018\/07\/villa-patt.jpg\" width=\"247\" height=\"139\" \/>SEDICO<\/strong> Ritornano gli appuntamenti al cinema con la Proloco di Sedico.\u00a0 Cinque serate\u00a0 anche con la possibilit\u00e0 di\u00a0 cenare presso lo stand in Villa aperto dalle\u00a0 19 e per ogni serata\u00a0 un men\u00f9 diverso<\/p>\n<p><strong>LO SPECIALE ALLA RADIO<\/strong><\/p>\n<p><strong>OSPITE CLAUDIO MEZZAVILLA, PRESIDENTE PROLOCO SEDICO<\/strong><\/p>\n<p>di Claudio Fontanive<\/p>\n<audio class=\"wp-audio-shortcode\" id=\"audio-221423-5\" preload=\"none\" style=\"width: 100%;\" controls=\"controls\"><source type=\"audio\/mpeg\" src=\"https:\/\/www.radiopiu.net\/wordpress\/wp-content\/uploads\/2021\/07\/claudio-mezzavilla-scade-mercoledi.mp3?_=5\" \/><a href=\"https:\/\/www.radiopiu.net\/wordpress\/wp-content\/uploads\/2021\/07\/claudio-mezzavilla-scade-mercoledi.mp3\">https:\/\/www.radiopiu.net\/wordpress\/wp-content\/uploads\/2021\/07\/claudio-mezzavilla-scade-mercoledi.mp3<\/a><\/audio>\n<p>&nbsp;<\/p>\n<hr \/>\n<p>&nbsp;<\/p>\n<p>&nbsp;<\/p>\n<blockquote>\n<h3><a href=\"https:\/\/www.radiopiu.net\/wordpress\/?attachment_id=221315\" rel=\"attachment wp-att-221315\"><img loading=\"lazy\" decoding=\"async\" class=\" wp-image-221315 alignleft\" src=\"https:\/\/www.radiopiu.net\/wordpress\/wp-content\/uploads\/2021\/07\/Fortificazionevilla-300x225.jpg\" alt=\"\" width=\"195\" height=\"146\" srcset=\"https:\/\/www.radiopiu.net\/wordpress\/wp-content\/uploads\/2021\/07\/Fortificazionevilla-300x225.jpg 300w, https:\/\/www.radiopiu.net\/wordpress\/wp-content\/uploads\/2021\/07\/Fortificazionevilla-1024x769.jpg 1024w, https:\/\/www.radiopiu.net\/wordpress\/wp-content\/uploads\/2021\/07\/Fortificazionevilla-768x577.jpg 768w, https:\/\/www.radiopiu.net\/wordpress\/wp-content\/uploads\/2021\/07\/Fortificazionevilla.jpg 1400w\" sizes=\"auto, (max-width: 195px) 100vw, 195px\" \/><\/a>FAI UN GIRO IN VILLA, NEL BELLUNESE VISITA AL SITO DI COR<\/h3>\n<\/blockquote>\n<p><strong>BELLUNO<\/strong> Torna l\u2019appuntamento veneto con il festival \u201cFai un giro in Villa\u201d, organizzato dalla Presidenza FAI Veneto e dai Gruppi FAI Giovani della regione. Questa edizione sar\u00e0 in presenza con visite a ville e giardini del Veneto, che i Gruppi Giovani del FAI Veneto organizzano, in tutta sicurezza e nel rispetto delle normative vigenti. Il gruppo FAI Giovani di Belluno ha scelto, per la giornata di domenica 18 luglio, di far conoscere e valorizzare l\u2019ameno sito di Cor, nel territorio dell\u2019antica pieve di Castion, vicino ai villaggi di Castoi e di Visome, in un suggestivo contesto paesaggistico di campi coltivati, vigneti e boschi. L\u2019evento \u00e8 aperto a tutti con contributo a partire da \u20ac 7,00 (\u20ac 5,00 per gli iscritti FAI). La prenotazione non \u00e8 obbligatoria ma consigliata a questo link https:\/\/faiprenotazioni.fondoambiente.it\/.<\/p>\n<p>&nbsp;<\/p>\n<hr \/>\n<p>&nbsp;<\/p>\n<blockquote>\n<h3>IL CONCERTO OFFERTO DALLA FILARMONICA<\/h3>\n<\/blockquote>\n<p><strong><a href=\"https:\/\/www.radiopiu.net\/wordpress\/giornale-radiopiu-08-luglio-2021-direttore-mirko-mezzacasa\/filarmonica-x-carta-intestata\/\" rel=\"attachment wp-att-220534\"><img loading=\"lazy\" decoding=\"async\" class=\"size-medium wp-image-220534 alignleft\" src=\"https:\/\/www.radiopiu.net\/wordpress\/wp-content\/uploads\/2021\/07\/c388dd65-f33a-4b5b-a8a3-27f451ea4110-300x44.jpg\" sizes=\"auto, (max-width: 300px) 100vw, 300px\" srcset=\"https:\/\/www.radiopiu.net\/wordpress\/wp-content\/uploads\/2021\/07\/c388dd65-f33a-4b5b-a8a3-27f451ea4110-300x44.jpg 300w, https:\/\/www.radiopiu.net\/wordpress\/wp-content\/uploads\/2021\/07\/c388dd65-f33a-4b5b-a8a3-27f451ea4110.jpg 700w\" alt=\"\" width=\"300\" height=\"44\" \/><\/a>BELLUNO<\/strong>\u00a0La Filarmonica 1867 il 18 luglio nel Parco della Parrocchia di Cavarzano si esibir\u00e0 in un vasto repertorio che spazia dalla musica classica a brani originali per orchestra di fiati, dalle colonne sonore del grande cinema alla musica tradizionale. La seconda parte dello spettacolo sar\u00e0 dedicata a celebrare il 150\u00b0 anniversario dell\u2019Aida di Giuseppe Verdi. Dirigono i maestri Andrea Gasperin e Sandro De Marchi.\u00a0\u00a0<strong>Come partecipare?<\/strong>\u00a0\u00e8 obbligatorio il posto pre-assegnato anche per gli eventi all\u2019aperto. Per poter partecipare all\u2019evento \u00e8 quindi necessario prenotare il proprio posto tramite la piattaforma\u00a0<a href=\"https:\/\/bandabelluno.us15.list-manage.com\/track\/click?u=894cd617e4f50012757ef7e42&amp;id=082b65385a&amp;e=40f9faa4f0\">Eventbrite<\/a>. Per accedere clicca\u00a0<a href=\"https:\/\/bandabelluno.us15.list-manage.com\/track\/click?u=894cd617e4f50012757ef7e42&amp;id=cab85ca90a&amp;e=40f9faa4f0\">qui<\/a>.\u00a0 Altri appuntamenti:\u00a0<em>Concerto di gala offerto ai residenti e ai turisti dell\u2019Alpe del Nevegal il\u00a0<\/em>24 luglio ore 21 \u2013 Pertinenze esterne del Santuario; nei giorni 10 e 11 luglio masterclass di tromba tenuta dal docente Mirko Bellucco.<\/p>\n<p>&nbsp;<\/p>\n<p>&nbsp;<\/p>\n<hr \/>\n<p>&nbsp;<\/p>\n<blockquote>\n<h3>RITORNA LA RASSEGNA MUSICALE &#8220;MUSICA NELL&#8217;AGORDINO&#8221;<\/h3>\n<\/blockquote>\n<p><strong><a href=\"https:\/\/www.radiopiu.net\/wordpress\/giornale-radiopiu-04-luglio-2021-direttore-mirko-mezzacasa\/img_0263\/\" rel=\"attachment wp-att-219710\"><img loading=\"lazy\" decoding=\"async\" class=\" wp-image-219710 alignleft\" src=\"https:\/\/www.radiopiu.net\/wordpress\/wp-content\/uploads\/2021\/07\/IMG_0263-300x225.jpg\" alt=\"\" width=\"212\" height=\"159\" srcset=\"https:\/\/www.radiopiu.net\/wordpress\/wp-content\/uploads\/2021\/07\/IMG_0263-300x225.jpg 300w, https:\/\/www.radiopiu.net\/wordpress\/wp-content\/uploads\/2021\/07\/IMG_0263-1024x768.jpg 1024w, https:\/\/www.radiopiu.net\/wordpress\/wp-content\/uploads\/2021\/07\/IMG_0263-768x576.jpg 768w, https:\/\/www.radiopiu.net\/wordpress\/wp-content\/uploads\/2021\/07\/IMG_0263-1536x1152.jpg 1536w, https:\/\/www.radiopiu.net\/wordpress\/wp-content\/uploads\/2021\/07\/IMG_0263-2048x1536.jpg 2048w\" sizes=\"auto, (max-width: 212px) 100vw, 212px\" \/><\/a>AGORDO<\/strong>\u00a0Dopo un\u2019anteprima on-line dal Durando, uno dei pi\u00f9 bei scorci di Agordo, che sar\u00e0 tramessa da RadioPi\u00f9 il 18 luglio alle 11 e disponibile sui social durante il mese di luglio, con ospiti Sandro Del Duca (flauti e voce) e Nelso Salton (contrabbasso e voce), la rassegna inizier\u00e0 il 31 luglio alle 20.30 a La Valle con il concerto \u201c<em>al<\/em>\u00a0<em>ka\u015b\u00e8lo<\/em>\u201d, cio\u00e8 nel vecchio caseificio ora trasformato nella nuova e accogliente Sala Valmassoni.<\/p>\n<p><strong>\u00a0DI GIANNI SANTOMASO<\/strong><\/p>\n<audio class=\"wp-audio-shortcode\" id=\"audio-221423-6\" preload=\"none\" style=\"width: 100%;\" controls=\"controls\"><source type=\"audio\/mpeg\" src=\"https:\/\/www.radiopiu.net\/wordpress\/wp-content\/uploads\/2021\/07\/GIANNI-MUSICA-AGORDINO.mp3?_=6\" \/><a href=\"https:\/\/www.radiopiu.net\/wordpress\/wp-content\/uploads\/2021\/07\/GIANNI-MUSICA-AGORDINO.mp3\">https:\/\/www.radiopiu.net\/wordpress\/wp-content\/uploads\/2021\/07\/GIANNI-MUSICA-AGORDINO.mp3<\/a><\/audio>\n<p>&nbsp;<\/p>\n<hr \/>\n<p>&nbsp;<\/p>\n<blockquote>\n<h3>CON IL CAI DI AGORDO NEL GRUPPO DELLE ODLE<\/h3>\n<\/blockquote>\n<p><strong>AGORDO<\/strong> Proseguono le escursioni con il Cai sezione agordina, domenica nel gruppo delle Odle in Val Gardena.\u00a0 Escursione ad anello\u00a0 al \u00a0Col de la Pi\u00e8res, una cima quasi anonima ma\u00a0 che regala scorci\u00a0 privilegiati sul massiccio delle Odle e del Puez,\u00a0 raggiunta attraverso prati e pascoli e poi ambienti via sempre pi\u00f9 aspri. Escursione classificata <strong>EE<\/strong> con brevi e facili tratti di <strong>EEA<\/strong><\/p>\n<p>&nbsp;<\/p>\n<p>&nbsp;<\/p>\n<p>&nbsp;<\/p>\n<hr \/>\n<p>&nbsp;<\/p>\n<blockquote>\n<h3>MUSICA NEI CORTIVI A SAN GREGORIO NELLE ALPI<\/h3>\n<\/blockquote>\n<p><strong>SAN GREGORIO NELLE ALPI <\/strong>Nell\u2019ambito della rassegna \u201cMusica nei cortivi\u201d sabato 17 luglio alle 21.00 in Piazza Municipio a San Gregorio nelle Alpi si esibir\u00e0 in concerto la fisarmonicista Sabrina Salvestrin. Organizzazione a cura Consorzio Pro Loco Pedemontane Val Belluna e Pro Loco San Gregorio nelle Alpi. Ingresso libero.<\/p>\n<p>&nbsp;<\/p>\n<p>&nbsp;<\/p>\n<hr \/>\n<p><strong>\u00a0<\/strong><\/p>\n<blockquote>\n<h3><strong>MUSICA NEI CORTIVI A SOSPIROLO <\/strong><\/h3>\n<\/blockquote>\n<p>La Pro loco \u201cMonti del Sole\u201d e gli Amici di Gena organizzano per sabato 17 luglio a Gena Alta, alle 17, un concerto con Les Magots: Barbara Padrin e Veronica Bronzato (voci) Candida Capraro (voce e flauto), Leonardo Dalla Cort\u00a0 (pianoforte), Stefano Funes (batteria), Michele Dal Don (sax). L\u2019evento nasce per ricordare i cent\u2019anni della fontana del paese. Gena Alta \u00e8 raggiungibile solo a piedi lungo strada in circa 45 minuti di cammino (circa 350 m di dislivello) e il concerto si terr\u00e0 sul prato. \u00c8 gradito abbigliamento vintage per rievocare le tradizioni. Info: <a href=\"mailto:proloco@sospirolo.net\" target=\"_blank\" rel=\"noopener\">proloco@sospirolo.net<\/a>, 320 3342082.<\/p>\n<p>&nbsp;<\/p>\n<p>&nbsp;<\/p>\n<hr \/>\n<p>&nbsp;<\/p>\n<h3><strong><a href=\"https:\/\/www.radiopiu.net\/wordpress\/al-via-le-prenotazioni-per-il-concerto-la-mia-terra-con-roby-facchinetti\/6d2f3eca-51eb-475d-a53d-f8cc7852afd5\/\" rel=\"attachment wp-att-216089\"><img loading=\"lazy\" decoding=\"async\" class=\" wp-image-216089 alignleft\" src=\"https:\/\/www.radiopiu.net\/wordpress\/wp-content\/uploads\/2021\/06\/6d2f3eca-51eb-475d-a53d-f8cc7852afd5-300x300.jpg\" alt=\"\" width=\"114\" height=\"114\" srcset=\"https:\/\/www.radiopiu.net\/wordpress\/wp-content\/uploads\/2021\/06\/6d2f3eca-51eb-475d-a53d-f8cc7852afd5-300x300.jpg 300w, https:\/\/www.radiopiu.net\/wordpress\/wp-content\/uploads\/2021\/06\/6d2f3eca-51eb-475d-a53d-f8cc7852afd5-150x150.jpg 150w, https:\/\/www.radiopiu.net\/wordpress\/wp-content\/uploads\/2021\/06\/6d2f3eca-51eb-475d-a53d-f8cc7852afd5-768x768.jpg 768w, https:\/\/www.radiopiu.net\/wordpress\/wp-content\/uploads\/2021\/06\/6d2f3eca-51eb-475d-a53d-f8cc7852afd5.jpg 1024w\" sizes=\"auto, (max-width: 114px) 100vw, 114px\" \/><\/a><\/strong><em>Regione Veneto, Provincia di Belluno, Comune di Falcade, Pro Loco Falcade Caviola, PromoFalcade Dolomiti e Ski Area San Pellegrino.<\/em><\/h3>\n<p><strong>FALCADE <\/strong>\u00a0Diretti dal Maestro Diego Basso un centinaio di artisti tra musicisti e coristi dell\u2019Orchestra Ritmico Sinfonica Italiana e Le Voci di Art Voice Academy.\u00a0 L\u2019accesso all\u2019area del concerto e\u0300 raggiungibile solo su prenotazione, tramite il sito: <a href=\"https:\/\/www.falcadedolomiti.it\/falcade-e-il-concerto-la-mia-terra\/\">https:\/\/www.falcadedolomiti.it\/falcade-e-il-concerto-la-mia-terra\/\u00a0<\/a><\/p>\n<p>&nbsp;<\/p>\n<p>&nbsp;<\/p>\n<hr \/>\n<p>&nbsp;<\/p>\n<blockquote>\n<h3>&#8220;IL MILITE IGNOTO&#8221; IL 18 LUGLIO A BOSCHI DI CARTA<\/h3>\n<\/blockquote>\n<p><strong>BELLUNO<\/strong> Paola Zambelli autrice, nativa e residente a Belluno, laureata in Scienze della Formazione, recentemente a Ravenna premiata al concorso &#8220;letteratura per ragazzi&#8221;,\u00a0 il 18 luglio, in occasione della manifestazione \u201cBoschi di Carta\u201d a Pieve di Cadore, presenter\u00e0 il romanzo \u201cIl treno dell\u2019Ignoto. Il viaggio del Milite Ignoto\u201d, tratto proprio dal racconto vincitore del XIV Premio \u201cRighini Ricci\u201d di Conselice (RA).<\/p>\n<p>&nbsp;<\/p>\n<blockquote><p>&nbsp;<\/p><\/blockquote>\n<hr \/>\n<p>&nbsp;<\/p>\n<blockquote>\n<h3>RI-LEGGERE BUZZATTI, DOMENICA 18 LUGLIO IL PRIMO APPUNTAMENTO<\/h3>\n<\/blockquote>\n<p><strong>BELLUNO<\/strong> Nel cinquantesimo della scomparsa di Dino Buzzati, i Lions Club delle Dolomiti vogliono celebrare l&#8217;amore per la montagna dello scrittore con una serie di appuntamenti nei luoghi che pi\u00f9 ha amato. Un ciclo di letture itinerante che partir\u00e0 domenica 18 luglio alle 18 da Poggio Pagnan a Zottier di Borgo Valbelluna dove Luisa Alchini, Loredana Borghetto e Mauro Viani\u00a0 del Centro Internazionale del libro parlato &#8220;Adriano Sernagiotto&#8221; leggeranno letture tratte da &#8220;L&#8217;uccisione del drago&#8221; e &#8220;L&#8217;amico Schiara&#8221;. Gli altri due appuntamenti in programma saranno ad Auronzo di Cadore, foresta di Somadida, il 1 agosto e a Tonadico il 21 agosto.<\/p>\n<p>&nbsp;<\/p>\n<p>&nbsp;<\/p>\n<hr \/>\n<div class=\"mkdf-post-text\">\n<div class=\"mkdf-post-text-inner\">\n<div class=\"mkdf-post-text-main\">\n<p>&nbsp;<\/p>\n<h3>Dalla Biblioteca di Cesiomaggiore<\/h3>\n<p><strong>CESIOMAGGIORE<\/strong> Il volume &#8220;I miracoli della Val Canzoi&#8221;,\u00a0 omaggio autentico e affettuoso di Giovanni Trimeri e GianAntonio Cecchin a Dino Buzzati,\u00a0 nel cinquantesimo anniversario dalla pubblicazione de I miracoli di Val Morel, sar\u00e0 presentato alla stampa venerdi 16 luglio in sala riunioni Biblioteca comunale di Cesiomaggiore (Via Roma), con l&#8217;occasione sar\u00e0 presentata altres\u00ec la mostra.<\/p>\n<p>&nbsp;<\/p>\n<hr \/>\n<p>&nbsp;<\/p>\n<p><strong>PIANTE OFFICINALI DELLE DOLOMITI\u00a0<\/strong><\/p>\n<p><strong>SELVA DI CADORE<\/strong> Domenica alle 10 in sala conferenze del museo Vittorino Cazzetta mattinata in compagnia di un erborista esperto per imparare a conoscere, preparare a trasformare le piante officinali pi\u00f9 comuni delle nostre zone, ingresso gratuito. Informazioni allo 0435 501563<\/p>\n<\/div>\n<p>&nbsp;<\/p>\n<div class=\"mkdf-post-text-main\">\n<p>&nbsp;<\/p>\n<hr \/>\n<p>&nbsp;<\/p>\n<p>&nbsp;<\/p>\n<h1>ALLEGHE&#8230; ESTATE DA VIVERE<\/h1>\n<p>&nbsp;<\/p>\n<p><strong><img loading=\"lazy\" decoding=\"async\" class=\"alignleft\" src=\"https:\/\/www.radiopiu.net\/wordpress\/wp-content\/uploads\/2021\/06\/d387af2d-5fd5-45f0-aac2-6b610c874311.jpg\" width=\"261\" height=\"196\" \/><\/strong><\/p>\n<p>&nbsp;<\/p>\n<p><strong>ALLEGHE<\/strong><\/p>\n<p><strong>OSPITE: DANILO DE TONI, SINDACO DI ALLEGHE\u00a0<\/strong><\/p>\n<p>&nbsp;<\/p>\n<p><strong>di Claudio Fontanive<\/strong><\/p>\n<audio class=\"wp-audio-shortcode\" id=\"audio-221423-7\" preload=\"none\" style=\"width: 100%;\" controls=\"controls\"><source type=\"audio\/mpeg\" src=\"https:\/\/www.radiopiu.net\/wordpress\/wp-content\/uploads\/2021\/07\/danlo-de-toni.mp3?_=7\" \/><a href=\"https:\/\/www.radiopiu.net\/wordpress\/wp-content\/uploads\/2021\/07\/danlo-de-toni.mp3\">https:\/\/www.radiopiu.net\/wordpress\/wp-content\/uploads\/2021\/07\/danlo-de-toni.mp3<\/a><\/audio>\n<p>&nbsp;<\/p>\n<blockquote>\n<h3>ESTATE AD ALLEGHE, GLI APPUNTAMENTI DEL CONSORZIO OPERATORI TURISTICI<\/h3>\n<\/blockquote>\n<a href=\"https:\/\/www.radiopiu.net\/wordpress\/wp-content\/uploads\/2021\/07\/Calendario-eventi-ESTATE-2021-Alleghe.pdf\" class=\"pdfemb-viewer\" style=\"\" data-width=\"max\" data-height=\"max\" data-toolbar=\"top\" data-toolbar-fixed=\"on\">Calendario eventi ESTATE 2021 Alleghe<\/a>\n<p>&nbsp;<\/p>\n<p>&nbsp;<\/p>\n<hr \/>\n<p>&nbsp;<\/p>\n<p><strong>AL CALAR DELLA SERA IN BIBLIOTECA, TERZO APPUNTAMENTO\u00a0<\/strong><\/p>\n<p><strong>LIMANA<\/strong>\u00a0 <span style=\"color: #ff0000;\"><span style=\"color: #000000;\">Domani alle 19<\/span>\u00a0 <\/span>presentazione del libro di poesie Maschere, della limanese Daniela D&#8217;Inc\u00e0. Saranno presenti l&#8217;autrice del libro e la poetessa bellunese Laura Valentina Da Re, che alterneranno letture a interpretazioni di poesie.\u00a0 Al termine, rinfresco offerto a tutti i partecipanti (ingresso gratuito con prenotazione obbligatoria). Per le prenotazioni scrivere al seguente indirizzo: <a class=\"moz-txt-link-abbreviated\" href=\"mailto:sbogo.limana@valbelluna.bl.it\">sbogo.limana@valbelluna.bl.it<\/a> o telefonare al n. 0437970868.<\/p>\n<div dir=\"auto\"><\/div>\n<p>&nbsp;<\/p>\n<p>&nbsp;<\/p>\n<hr \/>\n<p>&nbsp;<\/p>\n<p><strong>&#8220;I MISTERI DI ALLEGHE DI SERGIO SAVIANE&#8221; ALLA RADIO CON L&#8217;ATTORE ROBERTO FAORO . . . OGNI GIORNO DAL LUNEDI AL VENERDI ALLE 15.30\u00a0\u00a0<\/strong><\/p>\n<p><em><a href=\"https:\/\/www.radiopiu.net\/wordpress\/i-misteri-di-alleghe-alla-radio\/th-156\/\" rel=\"attachment wp-att-221036\"><img loading=\"lazy\" decoding=\"async\" class=\"wp-image-221036 alignleft\" src=\"https:\/\/www.radiopiu.net\/wordpress\/wp-content\/uploads\/2021\/07\/th-6.jpg\" alt=\"\" width=\"119\" height=\"147\" \/><\/a>&#8220;Piacere, sono Roberto Faoro poliedrico attore, drammaturgo e regista italiano&#8221;. <\/em><\/p>\n<p>Esperienza, professionalit\u00e0 e passione per il mondo dell\u2019arte e della recitazione sono le tre parole chiave che fanno di Roberto Faoro un attore, drammaturgo, regista e formatore molto conosciuto e apprezzato nel territorio delle Dolomiti Bellunesi, ma anche a livello nazionale.<\/p>\n<p>&nbsp;<\/p>\n<p>&nbsp;<\/p>\n<p><strong>LA SECONDA PUNTATA<\/strong><\/p>\n<audio class=\"wp-audio-shortcode\" id=\"audio-221423-8\" preload=\"none\" style=\"width: 100%;\" controls=\"controls\"><source type=\"audio\/mpeg\" src=\"https:\/\/www.radiopiu.net\/wordpress\/wp-content\/uploads\/2021\/07\/A_02.mp3?_=8\" \/><a href=\"https:\/\/www.radiopiu.net\/wordpress\/wp-content\/uploads\/2021\/07\/A_02.mp3\">https:\/\/www.radiopiu.net\/wordpress\/wp-content\/uploads\/2021\/07\/A_02.mp3<\/a><\/audio>\n<p>&nbsp;<\/p>\n<p><strong><a href=\"https:\/\/www.radiopiu.net\/wordpress\/i-misteri-di-alleghe-alla-radio\/librosaviane\/\" rel=\"attachment wp-att-221038\"><img loading=\"lazy\" decoding=\"async\" class=\"wp-image-221038 alignleft\" src=\"https:\/\/www.radiopiu.net\/wordpress\/wp-content\/uploads\/2021\/07\/LibroSaviane-175x300.jpg\" alt=\"\" width=\"90\" height=\"154\" srcset=\"https:\/\/www.radiopiu.net\/wordpress\/wp-content\/uploads\/2021\/07\/LibroSaviane-175x300.jpg 175w, https:\/\/www.radiopiu.net\/wordpress\/wp-content\/uploads\/2021\/07\/LibroSaviane.jpg 200w\" sizes=\"auto, (max-width: 90px) 100vw, 90px\" \/><\/a>1933 \u2013 1946: I DELITTI DI ALLEGHE <\/strong>Una catena di delitti cominciata nel 1933 e a cui una sentenza della Cassazione metter\u00e0 il sigillo finale solo nel 1964. Nell\u2019arco di questi 31 anni si dipanano i misteri di Alleghe, resi celebri da un bel libro scritto dal giornalista e scrittore Sergio Saviane. Cinque omicidi ambientati sulle rive del lago ai piedi delle Dolomiti, maturati in una stretta cerchia di persone, saldamente legati l\u2019uno agli altri e che avvengono in un clima di paura e di omert\u00e0.<\/p>\n<p>&nbsp;<\/p>\n<p>&nbsp;<\/p>\n<p>&nbsp;<\/p>\n<p>&nbsp;<\/p>\n<hr \/>\n<p>&nbsp;<\/p>\n<div class=\"mkdf-post-text\">\n<div class=\"mkdf-post-text-inner\">\n<div class=\"mkdf-post-text-main\">\n<blockquote class=\"wp-embedded-content\" data-secret=\"QeOdy74qlZ\"><p><a href=\"https:\/\/www.radiopiu.net\/wordpress\/da-ieri-alla-radio-in-palinsesto-loris-e-maurizio-con-la-grande-musica\/\">IL BLUES ALLA RADIO &#8230; COME NON L&#8217;AVETE MAI SENTITO PRIMA<\/a><\/p><\/blockquote>\n<p><iframe loading=\"lazy\" class=\"wp-embedded-content\" sandbox=\"allow-scripts\" security=\"restricted\" style=\"position: absolute; clip: rect(1px, 1px, 1px, 1px);\" title=\"&#8220;IL BLUES ALLA RADIO &#8230; COME NON L&#8217;AVETE MAI SENTITO PRIMA&#8221; &#8212; Radio Pi\u00f9\" src=\"https:\/\/www.radiopiu.net\/wordpress\/da-ieri-alla-radio-in-palinsesto-loris-e-maurizio-con-la-grande-musica\/embed\/#?secret=QeOdy74qlZ\" data-secret=\"QeOdy74qlZ\" width=\"600\" height=\"338\" frameborder=\"0\" marginwidth=\"0\" marginheight=\"0\" scrolling=\"no\"><\/iframe><\/p>\n<p>&nbsp;<\/p>\n<hr \/>\n<p>&nbsp;<\/p>\n<div class=\"mkdf-post-text\">\n<div class=\"mkdf-post-text-inner\">\n<div class=\"mkdf-post-text-main\">\n<div>\n<div class=\"page-title-head hgroup\">\n<div class=\"page-title-head hgroup\">\n<div class=\"page-title-head hgroup\">\n<div class=\"page-title-head hgroup\">\n<div class=\"b654a4as d2edcug0\">\n<blockquote>\n<blockquote>\n<h2><a href=\"https:\/\/www.radiopiu.net\/wordpress\/speciale-solidarieta-veneto\/solidarieta-veneto-3\/\" rel=\"attachment wp-att-134366\"><img loading=\"lazy\" decoding=\"async\" class=\"wp-image-134366 alignleft\" src=\"https:\/\/www.radiopiu.net\/wordpress\/wp-content\/uploads\/2020\/05\/solidariet\u00e0-veneto-300x210.jpg\" alt=\"\" width=\"102\" height=\"71\" srcset=\"https:\/\/www.radiopiu.net\/wordpress\/wp-content\/uploads\/2020\/05\/solidariet\u00e0-veneto-300x210.jpg 300w, https:\/\/www.radiopiu.net\/wordpress\/wp-content\/uploads\/2020\/05\/solidariet\u00e0-veneto-1024x717.jpg 1024w, https:\/\/www.radiopiu.net\/wordpress\/wp-content\/uploads\/2020\/05\/solidariet\u00e0-veneto-768x538.jpg 768w, https:\/\/www.radiopiu.net\/wordpress\/wp-content\/uploads\/2020\/05\/solidariet\u00e0-veneto.jpg 1373w\" sizes=\"auto, (max-width: 102px) 100vw, 102px\" \/><\/a>SOLIDARIETA&#8217; VENETO FONDO PENSIONE, IN ONDA IL PRIMO VENERDI DEL MESE ALLE 10.30 E ALLE 19.00 QUINTA STAGIONE<\/h2>\n<\/blockquote>\n<h2><strong><span style=\"color: #ff0000;\">AUDIO LUGLIO 2021<\/span><\/strong><\/h2>\n<\/blockquote>\n<audio class=\"wp-audio-shortcode\" id=\"audio-221423-9\" preload=\"none\" style=\"width: 100%;\" controls=\"controls\"><source type=\"audio\/mpeg\" src=\"https:\/\/www.radiopiu.net\/wordpress\/wp-content\/uploads\/2021\/07\/solidarieta-veneto-luglio-2021.mp3?_=9\" \/><a href=\"https:\/\/www.radiopiu.net\/wordpress\/wp-content\/uploads\/2021\/07\/solidarieta-veneto-luglio-2021.mp3\">https:\/\/www.radiopiu.net\/wordpress\/wp-content\/uploads\/2021\/07\/solidarieta-veneto-luglio-2021.mp3<\/a><\/audio>\n<h2>LA RACCOLTA COMPLETA<\/h2>\n<blockquote class=\"wp-embedded-content\" data-secret=\"ZLctW1kAFk\"><p><a href=\"https:\/\/www.radiopiu.net\/wordpress\/solidarieta-veneto\/\">Solidariet\u00e0 Veneto<\/a><\/p><\/blockquote>\n<p><iframe loading=\"lazy\" class=\"wp-embedded-content\" sandbox=\"allow-scripts\" security=\"restricted\" style=\"position: absolute; clip: rect(1px, 1px, 1px, 1px);\" title=\"&#8220;Solidariet\u00e0 Veneto&#8221; &#8212; Radio Pi\u00f9\" src=\"https:\/\/www.radiopiu.net\/wordpress\/solidarieta-veneto\/embed\/#?secret=ZLctW1kAFk\" data-secret=\"ZLctW1kAFk\" width=\"600\" height=\"338\" frameborder=\"0\" marginwidth=\"0\" marginheight=\"0\" scrolling=\"no\"><\/iframe><\/p>\n<blockquote>\n<h2><\/h2>\n<\/blockquote>\n<p>&nbsp;<\/p>\n<hr \/>\n<p>&nbsp;<\/p>\n<h2><strong><span style=\"color: #ff0000;\">QUINDICINALE APPUNTAMENTO ALLA RADIO<\/span><\/strong><\/h2>\n<blockquote>\n<h3><a style=\"font-size: 14px; font-weight: normal;\" href=\"https:\/\/www.radiopiu.net\/wordpress\/giornale-radiopiu-06-febbraio-2019-direttore-mirko-mezzacasa\/logo_spi-cgil-800x445\/\" rel=\"attachment wp-att-75538\"><img loading=\"lazy\" decoding=\"async\" class=\"wp-image-75538 alignleft\" src=\"https:\/\/www.radiopiu.net\/wordpress\/wp-content\/uploads\/2019\/02\/Logo_Spi-CGIL-800x445-300x167.jpg\" alt=\"\" width=\"210\" height=\"117\" srcset=\"https:\/\/www.radiopiu.net\/wordpress\/wp-content\/uploads\/2019\/02\/Logo_Spi-CGIL-800x445-300x167.jpg 300w, https:\/\/www.radiopiu.net\/wordpress\/wp-content\/uploads\/2019\/02\/Logo_Spi-CGIL-800x445-768x427.jpg 768w, https:\/\/www.radiopiu.net\/wordpress\/wp-content\/uploads\/2019\/02\/Logo_Spi-CGIL-800x445.jpg 800w\" sizes=\"auto, (max-width: 210px) 100vw, 210px\" \/><\/a><\/h3>\n<\/blockquote>\n<blockquote>\n<h3>ALLA RADIO, APPUNTAMENTO QUINDICINALE CON SPI-CGIL BELLUNO, IN STUDIO MARIA RITA GENTILIN<\/h3>\n<\/blockquote>\n<p><strong>di Claudio Fontanive\u00a0<\/strong><\/p>\n<p><span style=\"color: #ff0000;\"><strong>PUNTATA DEL\u00a0 08 luglio 2021<br \/>\n<\/strong><\/span><\/p>\n<audio class=\"wp-audio-shortcode\" id=\"audio-221423-10\" preload=\"none\" style=\"width: 100%;\" controls=\"controls\"><source type=\"audio\/mpeg\" src=\"https:\/\/www.radiopiu.net\/wordpress\/wp-content\/uploads\/2021\/07\/spi-cgil-8-luglio.mp3?_=10\" \/><a href=\"https:\/\/www.radiopiu.net\/wordpress\/wp-content\/uploads\/2021\/07\/spi-cgil-8-luglio.mp3\">https:\/\/www.radiopiu.net\/wordpress\/wp-content\/uploads\/2021\/07\/spi-cgil-8-luglio.mp3<\/a><\/audio>\n<p><span style=\"color: #ff0000;\"><strong>\u00a0<\/strong><\/span><\/p>\n<p>&nbsp;<\/p>\n<hr \/>\n<p>&nbsp;<\/p>\n<div>\n<div class=\"b654a4as d2edcug0\">\n<div class=\"rq0escxv hkbzh7o3 jwdofwj8 n8tt0mok r8blr3vg hyh9befq\">\n<p><a class=\"dt-pswp-item\" href=\"https:\/\/www.radiopiu.net\/wordpress\/wp-content\/uploads\/2020\/10\/pp.jpg\" data-dt-img-description=\"\" data-large_image_width=\"640\" data-large_image_height=\"640\"><img loading=\"lazy\" decoding=\"async\" class=\"wp-image-163678 alignleft\" src=\"https:\/\/www.radiopiu.net\/wordpress\/wp-content\/uploads\/2020\/10\/pp-300x300.jpg\" alt=\"\" width=\"106\" height=\"106\" srcset=\"https:\/\/www.radiopiu.net\/wordpress\/wp-content\/uploads\/2020\/10\/pp-300x300.jpg 300w, https:\/\/www.radiopiu.net\/wordpress\/wp-content\/uploads\/2020\/10\/pp-150x150.jpg 150w, https:\/\/www.radiopiu.net\/wordpress\/wp-content\/uploads\/2020\/10\/pp-125x125.jpg 125w, https:\/\/www.radiopiu.net\/wordpress\/wp-content\/uploads\/2020\/10\/pp-200x200.jpg 200w, https:\/\/www.radiopiu.net\/wordpress\/wp-content\/uploads\/2020\/10\/pp-80x80.jpg 80w, https:\/\/www.radiopiu.net\/wordpress\/wp-content\/uploads\/2020\/10\/pp-480x480.jpg 480w, https:\/\/www.radiopiu.net\/wordpress\/wp-content\/uploads\/2020\/10\/pp.jpg 640w\" sizes=\"auto, (max-width: 106px) 100vw, 106px\" \/><\/a><\/p>\n<\/div>\n<\/div>\n<\/div>\n<div>\n<div class=\"page-title-head hgroup\">\n<div class=\"page-title-head hgroup\">\n<div class=\"b654a4as d2edcug0\">\n<div class=\"j83agx80 btwxx1t3 lhclo0ds hop8lmos nkwizq5d scwd0bx6 roh60bw9\">\n<div class=\"rq0escxv hkbzh7o3 jwdofwj8 n8tt0mok r8blr3vg hyh9befq\">\n<div class=\"do00u71z l9j0dhe7 k4urcfbm\">\n<h2><span style=\"color: #000080;\">DON CESARE, IL PENSIERO DEL GIORNO. ALLA RADIO ALLE 7 DEL MATTINO E ALLE 19.30 DELLA SERA.\u00a0\u00a0<\/span><\/h2>\n<\/div>\n<\/div>\n<\/div>\n<div class=\"rq0escxv hkbzh7o3 jwdofwj8 n8tt0mok r8blr3vg hyh9befq\"><\/div>\n<div><\/div>\n<div><\/div>\n<div>\n<audio class=\"wp-audio-shortcode\" id=\"audio-221423-11\" preload=\"none\" style=\"width: 100%;\" controls=\"controls\"><source type=\"audio\/mpeg\" src=\"https:\/\/www.radiopiu.net\/wordpress\/wp-content\/uploads\/2021\/07\/cesare-4.mp3?_=11\" \/><a href=\"https:\/\/www.radiopiu.net\/wordpress\/wp-content\/uploads\/2021\/07\/cesare-4.mp3\">https:\/\/www.radiopiu.net\/wordpress\/wp-content\/uploads\/2021\/07\/cesare-4.mp3<\/a><\/audio>\n<\/div>\n<\/div>\n<\/div>\n<div class=\"page-title-head hgroup\">\n<p>&nbsp;<\/p>\n<hr \/>\n<p class=\"b654a4as d2edcug0\"><span style=\"color: #ff6600;\"> \u00a0<\/span><\/p>\n<h2><span style=\"color: #ff6600;\">GIROVAGANDO ALLA RADIO, PUNTATA 08<\/span><\/h2>\n<h3><a href=\"https:\/\/www.radiopiu.net\/wordpress\/girovagando-alla-radio-puntata-08\/cc427606-4bd0-4e80-9a49-01e74866dea0\/\" rel=\"attachment wp-att-221138\"><img loading=\"lazy\" decoding=\"async\" class=\" wp-image-221138 alignleft\" src=\"https:\/\/www.radiopiu.net\/wordpress\/wp-content\/uploads\/2021\/07\/cc427606-4bd0-4e80-9a49-01e74866dea0-300x225.jpg\" alt=\"\" width=\"123\" height=\"92\" srcset=\"https:\/\/www.radiopiu.net\/wordpress\/wp-content\/uploads\/2021\/07\/cc427606-4bd0-4e80-9a49-01e74866dea0-300x225.jpg 300w, https:\/\/www.radiopiu.net\/wordpress\/wp-content\/uploads\/2021\/07\/cc427606-4bd0-4e80-9a49-01e74866dea0-768x576.jpg 768w, https:\/\/www.radiopiu.net\/wordpress\/wp-content\/uploads\/2021\/07\/cc427606-4bd0-4e80-9a49-01e74866dea0.jpg 960w\" sizes=\"auto, (max-width: 123px) 100vw, 123px\" \/><\/a>Collaborazione Thomas Soppera<\/h3>\n<p>&nbsp;<\/p>\n<p><strong>AUDIO PUNTATA 12 Luglio 2021<\/strong><\/p>\n<audio class=\"wp-audio-shortcode\" id=\"audio-221423-12\" preload=\"none\" style=\"width: 100%;\" controls=\"controls\"><source type=\"audio\/mpeg\" src=\"https:\/\/www.radiopiu.net\/wordpress\/wp-content\/uploads\/2021\/07\/GIROVAGANDO-08.mp3?_=12\" \/><a href=\"https:\/\/www.radiopiu.net\/wordpress\/wp-content\/uploads\/2021\/07\/GIROVAGANDO-08.mp3\">https:\/\/www.radiopiu.net\/wordpress\/wp-content\/uploads\/2021\/07\/GIROVAGANDO-08.mp3<\/a><\/audio>\n<p>&nbsp;<\/p>\n<h2><span style=\"color: #ff0000;\">LA RACCOLTA COMPLETA\u00a0<\/span><\/h2>\n<blockquote class=\"wp-embedded-content\" data-secret=\"eCuwNOxHGH\"><p><a href=\"https:\/\/www.radiopiu.net\/wordpress\/girovagando-in-e-bike-tra-le-dolomiti\/\">GIROVAGANDO IN E BIKE TRA LE DOLOMITI<\/a><\/p><\/blockquote>\n<p><iframe loading=\"lazy\" class=\"wp-embedded-content\" sandbox=\"allow-scripts\" security=\"restricted\" style=\"position: absolute; clip: rect(1px, 1px, 1px, 1px);\" title=\"&#8220;GIROVAGANDO IN E BIKE TRA LE DOLOMITI&#8221; &#8212; Radio Pi\u00f9\" src=\"https:\/\/www.radiopiu.net\/wordpress\/girovagando-in-e-bike-tra-le-dolomiti\/embed\/#?secret=eCuwNOxHGH\" data-secret=\"eCuwNOxHGH\" width=\"600\" height=\"338\" frameborder=\"0\" marginwidth=\"0\" marginheight=\"0\" scrolling=\"no\"><\/iframe><\/p>\n<p>\u200b<\/p>\n<p>&nbsp;<\/p>\n<hr \/>\n<div>\n<div class=\"page-title-head hgroup\">\n<div class=\"page-title-head hgroup\">\n<div class=\"b654a4as d2edcug0\">\n<div>\n<p>&nbsp;<\/p>\n<\/div>\n<div><\/div>\n<h2>COLLAGE&#8230; DI LORIS SCUSSEL dal lunedi al venerdi alle 16 e alle 23 su RADIO PIU<\/h2>\n<div>\n<div>\n<div>\n<div>\n<div>\n<div>\n<div>\n<div>\n<div>\n<div>\n<div>\n<div>\n<div>\n<div>\n<div>\n<div>\n<div>\n<div>\n<div>\n<div>\n<div>\n<p><strong>PUNTATA 387 DEL 13 luglio\u00a0 2021<\/strong><\/p>\n<audio class=\"wp-audio-shortcode\" id=\"audio-221423-13\" preload=\"none\" style=\"width: 100%;\" controls=\"controls\"><source type=\"audio\/mpeg\" src=\"https:\/\/www.radiopiu.net\/wordpress\/wp-content\/uploads\/2021\/07\/Collage-387.mp3?_=13\" \/><a href=\"https:\/\/www.radiopiu.net\/wordpress\/wp-content\/uploads\/2021\/07\/Collage-387.mp3\">https:\/\/www.radiopiu.net\/wordpress\/wp-content\/uploads\/2021\/07\/Collage-387.mp3<\/a><\/audio>\n<\/div>\n<\/div>\n<\/div>\n<\/div>\n<\/div>\n<\/div>\n<\/div>\n<\/div>\n<\/div>\n<div>\n<div>\n<div>\n<div>\n<div>\n<div>\n<div>\n<div>\n<div>\n<p><img loading=\"lazy\" decoding=\"async\" class=\"alignleft\" src=\"https:\/\/www.radiopiu.net\/wordpress\/wp-content\/uploads\/2021\/05\/Schermata-2021-05-23-alle-11.50.11.png\" width=\"186\" height=\"131\" \/>Il programma \u00e8 andato in onda da dicembre 2013 fino a luglio 2019, comprese le repliche, in due serie per 350 puntate complessive con 1.890 brani trasmessi. L\u2019obiettivo del programma: riproporre agli ascoltatori pi\u00f9 grandicelli le canzoni che ascoltavano nel passato e nello stesso tempo farle conoscere anche ai pi\u00f9 giovani.<\/p>\n<\/div>\n<\/div>\n<\/div>\n<\/div>\n<\/div>\n<\/div>\n<\/div>\n<\/div>\n<\/div>\n<div>\n<div>\n<div>\n<p>&nbsp;<\/p>\n<\/div>\n<\/div>\n<\/div>\n<p>&nbsp;<\/p>\n<\/div>\n<\/div>\n<\/div>\n<\/div>\n<\/div>\n<\/div>\n<\/div>\n<\/div>\n<\/div>\n<\/div>\n<\/div>\n<div>\n<div>\n<div>\n<p>&nbsp;<\/p>\n<p>&nbsp;<\/p>\n<p>&nbsp;<\/p>\n<\/div>\n<\/div>\n<\/div>\n<\/div>\n<hr \/>\n<p>&nbsp;<\/p>\n<blockquote>\n<h2>FANTASTICHE DOLOMITI, NUOVA STAGIONE. APPUNTAMENTO QUINDICINALE IL GIOVEDI ALLE 10.30 E 19.00<\/h2>\n<\/blockquote>\n<blockquote class=\"wp-embedded-content\" data-secret=\"sXyj9dmRYl\"><p><a href=\"https:\/\/www.radiopiu.net\/wordpress\/raccolta-completa11\/\">FANTASTICHE DOLOMITI LA RACCOLTA COMPLETA<\/a><\/p><\/blockquote>\n<p><iframe loading=\"lazy\" class=\"wp-embedded-content\" sandbox=\"allow-scripts\" security=\"restricted\" style=\"position: absolute; clip: rect(1px, 1px, 1px, 1px);\" title=\"&#8220;FANTASTICHE DOLOMITI LA RACCOLTA COMPLETA&#8221; &#8212; Radio Pi\u00f9\" src=\"https:\/\/www.radiopiu.net\/wordpress\/raccolta-completa11\/embed\/#?secret=sXyj9dmRYl\" data-secret=\"sXyj9dmRYl\" width=\"600\" height=\"338\" frameborder=\"0\" marginwidth=\"0\" marginheight=\"0\" scrolling=\"no\"><\/iframe><\/p>\n<p>&nbsp;<\/p>\n<p>&nbsp;<\/p>\n<hr \/>\n<div>\n<div class=\"b654a4as d2edcug0\">\n<div class=\"rq0escxv hkbzh7o3 jwdofwj8 n8tt0mok r8blr3vg hyh9befq\">\n<div class=\"b654a4as d2edcug0\">\n<h2><span style=\"color: #008000;\">\u00a0<\/span><\/h2>\n<div class=\"b654a4as d2edcug0\">\n<h2><span style=\"color: #008000;\">ERBE E PIANTE CURATIVE&#8230;IL\u00a0 PROGRAMMA DI PAOLA LANCIATO\u00a0\u00a0<\/span><\/h2>\n<p><strong><a href=\"https:\/\/www.radiopiu.net\/wordpress\/giornale-radiopiu-14-luglio-2021-direttore-mirko-mezzacasa\/lampone-frutto-300x266\/\" rel=\"attachment wp-att-221556\"><img loading=\"lazy\" decoding=\"async\" class=\"wp-image-221556 alignleft\" src=\"https:\/\/www.radiopiu.net\/wordpress\/wp-content\/uploads\/2021\/07\/lampone-frutto-300x266-1.jpg\" alt=\"\" width=\"110\" height=\"97\" \/><\/a><\/strong><\/p>\n<p>&nbsp;<\/p>\n<p><strong>IL LAMPONE<br \/>\n<\/strong><\/p>\n<audio class=\"wp-audio-shortcode\" id=\"audio-221423-14\" preload=\"none\" style=\"width: 100%;\" controls=\"controls\"><source type=\"audio\/mpeg\" src=\"https:\/\/www.radiopiu.net\/wordpress\/wp-content\/uploads\/2021\/07\/ERBE.mp3?_=14\" \/><a href=\"https:\/\/www.radiopiu.net\/wordpress\/wp-content\/uploads\/2021\/07\/ERBE.mp3\">https:\/\/www.radiopiu.net\/wordpress\/wp-content\/uploads\/2021\/07\/ERBE.mp3<\/a><\/audio>\n<blockquote class=\"wp-embedded-content\" data-secret=\"sMrdlLrirH\"><p><a href=\"https:\/\/www.radiopiu.net\/wordpress\/erbavoglio\/\">L&#8217;ERBA VOGLIO DEL GIARDINO DEL RE&#8230; Erbe, fiori e Piante di e con Paola Lanciato<\/a><\/p><\/blockquote>\n<p><iframe loading=\"lazy\" class=\"wp-embedded-content\" sandbox=\"allow-scripts\" security=\"restricted\" style=\"position: absolute; clip: rect(1px, 1px, 1px, 1px);\" title=\"&#8220;L&#8217;ERBA VOGLIO DEL GIARDINO DEL RE&#8230; Erbe, fiori e Piante di e con Paola Lanciato&#8221; &#8212; Radio Pi\u00f9\" src=\"https:\/\/www.radiopiu.net\/wordpress\/erbavoglio\/embed\/#?secret=sMrdlLrirH\" data-secret=\"sMrdlLrirH\" width=\"600\" height=\"338\" frameborder=\"0\" marginwidth=\"0\" marginheight=\"0\" scrolling=\"no\"><\/iframe><\/p>\n<\/div>\n<p>&nbsp;<\/p>\n<\/div>\n<\/div>\n<\/div>\n<\/div>\n<p>&nbsp;<\/p>\n<hr \/>\n<p>&nbsp;<\/p>\n<div>\n<h2><span style=\"color: #ff0000;\"><strong>IN VIVO VERSO 2020-21 ESTATE, RIASCOLTIAMOLI&#8230; DAL CASSETTO DEI RICORDI DI RADIO PIU&#8217;&#8230; LE PRIME\u00a0 SEI STAGIONI\u00a0 \u00a0<\/strong><\/span><\/h2>\n<div class=\"page-title-head hgroup\">\n<div class=\"page-title-head hgroup\">\n<div class=\"page-title-head hgroup\">\n<div class=\"page-title-head hgroup\">\n<div class=\"page-title-head hgroup\">\n<div class=\"page-title-head hgroup\">\n<blockquote>\n<h3>riascoltiamole nella settimana dei pi\u00f9 giovani&#8230;EVELIN FRIZ-4^ PRIMARIA DI LA VALLE AGORDINA- LE MIE DOLOMITI<\/h3>\n<p><strong>AUDIO<\/strong><\/p>\n<audio class=\"wp-audio-shortcode\" id=\"audio-221423-15\" preload=\"none\" style=\"width: 100%;\" controls=\"controls\"><source type=\"audio\/mpeg\" src=\"https:\/\/www.radiopiu.net\/wordpress\/wp-content\/uploads\/2021\/07\/bamobi2.mp3?_=15\" \/><a href=\"https:\/\/www.radiopiu.net\/wordpress\/wp-content\/uploads\/2021\/07\/bamobi2.mp3\">https:\/\/www.radiopiu.net\/wordpress\/wp-content\/uploads\/2021\/07\/bamobi2.mp3<\/a><\/audio>\n<p><strong>LA RACCOLTA COMPLETA<\/strong><\/p><\/blockquote>\n<\/div>\n<\/div>\n<\/div>\n<\/div>\n<\/div>\n<\/div>\n<blockquote class=\"wp-embedded-content\" data-secret=\"LnuRCFMxUm\"><p><a href=\"https:\/\/www.radiopiu.net\/wordpress\/in-vivo-verso\/\">In Vivo Verso<\/a><\/p><\/blockquote>\n<p><iframe loading=\"lazy\" class=\"wp-embedded-content\" sandbox=\"allow-scripts\" security=\"restricted\" style=\"position: absolute; clip: rect(1px, 1px, 1px, 1px);\" title=\"&#8220;In Vivo Verso&#8221; &#8212; Radio Pi\u00f9\" src=\"https:\/\/www.radiopiu.net\/wordpress\/in-vivo-verso\/embed\/#?secret=LnuRCFMxUm\" data-secret=\"LnuRCFMxUm\" width=\"600\" height=\"338\" frameborder=\"0\" marginwidth=\"0\" marginheight=\"0\" scrolling=\"no\"><\/iframe><\/p>\n<p>&nbsp;<\/p>\n<hr \/>\n<\/div>\n<blockquote>\n<blockquote>\n<h2><\/h2>\n<\/blockquote>\n<\/blockquote>\n<div>\n<div class=\"b654a4as d2edcug0\">\n<div class=\"rq0escxv hkbzh7o3 jwdofwj8 n8tt0mok r8blr3vg hyh9befq\">\n<blockquote>\n<h2><span style=\"color: #ff0000;\"><em>ZAINO ALLA RADIO&#8230;ESTATE DI PAOLA LANCIATO TUTTI I GIORNI dal lunedi al venerdi ALLE 14 E 23.30\u00a0 \u00a0<\/em><\/span><\/h2>\n<\/blockquote>\n<div class=\"b654a4as d2edcug0\">\n<blockquote>\n<h2>IN VIAGGIO CON PAOLA LANCIATO, NEL SUO ZAINO&#8230; LE DOLOMITI LUCANE<\/h2>\n<\/blockquote>\n<p>AUDIO<\/p>\n<audio class=\"wp-audio-shortcode\" id=\"audio-221423-16\" preload=\"none\" style=\"width: 100%;\" controls=\"controls\"><source type=\"audio\/mpeg\" src=\"https:\/\/www.radiopiu.net\/wordpress\/wp-content\/uploads\/2021\/07\/47-Le-Dolomiti-Lucane-M.mp3?_=16\" \/><a href=\"https:\/\/www.radiopiu.net\/wordpress\/wp-content\/uploads\/2021\/07\/47-Le-Dolomiti-Lucane-M.mp3\">https:\/\/www.radiopiu.net\/wordpress\/wp-content\/uploads\/2021\/07\/47-Le-Dolomiti-Lucane-M.mp3<\/a><\/audio>\n<p><img loading=\"lazy\" decoding=\"async\" class=\"\" src=\"https:\/\/www.radiopiu.net\/wordpress\/wp-content\/uploads\/2021\/07\/47LUCANE.jpg\" width=\"208\" height=\"138\" \/><\/p>\n<p><strong>LA RACCOLTA COMPLETA<\/strong><\/p>\n<\/div>\n<blockquote class=\"wp-embedded-content\" data-secret=\"ylfYFQHjNU\"><p><a href=\"https:\/\/www.radiopiu.net\/wordpress\/zaino-femminile-lanciato\/\">Zaino da viaggio al femminile<\/a><\/p><\/blockquote>\n<p><iframe loading=\"lazy\" class=\"wp-embedded-content\" sandbox=\"allow-scripts\" security=\"restricted\" style=\"position: absolute; clip: rect(1px, 1px, 1px, 1px);\" title=\"&#8220;Zaino da viaggio al femminile&#8221; &#8212; Radio Pi\u00f9\" src=\"https:\/\/www.radiopiu.net\/wordpress\/zaino-femminile-lanciato\/embed\/#?secret=ylfYFQHjNU\" data-secret=\"ylfYFQHjNU\" width=\"600\" height=\"338\" frameborder=\"0\" marginwidth=\"0\" marginheight=\"0\" scrolling=\"no\"><\/iframe><\/p>\n<p>&nbsp;<\/p>\n<\/div>\n<\/div>\n<\/div>\n<hr \/>\n<p>&nbsp;<\/p>\n<div>\n<h2><span style=\"color: #800080;\"><strong>LA RASSEGNA STAMPA DA L&#8217;AMICO DEL POPOLO\u00a0<\/strong><\/span><\/h2>\n<h3 class=\"kvgmc6g5 cxmmr5t8 oygrvhab hcukyx3x c1et5uql\"><span style=\"color: #0000ff;\"> INFORMAZIONE il canale su TELEGRAM informazione di prima mano e in tempo reale. iscriviti ed aiutaci a farlo conoscere\u00a0\u00a0<\/span><\/h3>\n<blockquote class=\"wp-embedded-content\" data-secret=\"Vqsz4Dss0U\"><p><a href=\"https:\/\/www.radiopiu.net\/wordpress\/rassegna-stampa-di-gianni-santomaso\/\">Rassegna stampa da l&#8217;amico del popolo &#8211; di Gianni Santomaso<\/a><\/p><\/blockquote>\n<p><iframe loading=\"lazy\" class=\"wp-embedded-content\" sandbox=\"allow-scripts\" security=\"restricted\" style=\"position: absolute; clip: rect(1px, 1px, 1px, 1px);\" title=\"&#8220;Rassegna stampa da l&#8217;amico del popolo &#8211; di Gianni Santomaso&#8221; &#8212; Radio Pi\u00f9\" src=\"https:\/\/www.radiopiu.net\/wordpress\/rassegna-stampa-di-gianni-santomaso\/embed\/#?secret=Vqsz4Dss0U\" data-secret=\"Vqsz4Dss0U\" width=\"600\" height=\"338\" frameborder=\"0\" marginwidth=\"0\" marginheight=\"0\" scrolling=\"no\"><\/iframe><\/p>\n<p>&nbsp;<\/p>\n<hr \/>\n<p>&nbsp;<\/p>\n<h2><span style=\"color: #3366ff;\">SALUTE E SOCIETA&#8217;<\/span><\/h2>\n<p><strong>LA PUNTATA DELLA SETTIMANA del 12 LUGLIO<\/strong><\/p>\n<\/div>\n<div dir=\"auto\">\n<audio class=\"wp-audio-shortcode\" id=\"audio-221423-17\" preload=\"none\" style=\"width: 100%;\" controls=\"controls\"><source type=\"audio\/mpeg\" src=\"https:\/\/www.radiopiu.net\/wordpress\/wp-content\/uploads\/2021\/07\/SALUTE-1.mp3?_=17\" \/><a href=\"https:\/\/www.radiopiu.net\/wordpress\/wp-content\/uploads\/2021\/07\/SALUTE-1.mp3\">https:\/\/www.radiopiu.net\/wordpress\/wp-content\/uploads\/2021\/07\/SALUTE-1.mp3<\/a><\/audio>\n<p>&nbsp;<\/p>\n<p><strong>LA RACCOLTA COMPLETA<\/strong><\/p>\n<blockquote class=\"wp-embedded-content\" data-secret=\"rLwCSv93iR\"><p><a href=\"https:\/\/www.radiopiu.net\/wordpress\/saluteesocieta\/\">Salute e Societ\u00e0<\/a><\/p><\/blockquote>\n<p><iframe loading=\"lazy\" class=\"wp-embedded-content\" sandbox=\"allow-scripts\" security=\"restricted\" style=\"position: absolute; clip: rect(1px, 1px, 1px, 1px);\" title=\"&#8220;Salute e Societ\u00e0&#8221; &#8212; Radio Pi\u00f9\" src=\"https:\/\/www.radiopiu.net\/wordpress\/saluteesocieta\/embed\/#?secret=rLwCSv93iR\" data-secret=\"rLwCSv93iR\" width=\"600\" height=\"338\" frameborder=\"0\" marginwidth=\"0\" marginheight=\"0\" scrolling=\"no\"><\/iframe><\/p>\n<\/div>\n<div dir=\"auto\">\n<h1><\/h1>\n<\/div>\n<div>\n<div class=\"page-title-head hgroup\">\n<div class=\"page-title-head hgroup\">\n<div class=\"page-title-head hgroup\">\n<div>\n<div class=\"b654a4as d2edcug0\">\n<div class=\"rq0escxv hkbzh7o3 jwdofwj8 n8tt0mok r8blr3vg hyh9befq\">\n<hr \/>\n<\/div>\n<\/div>\n<\/div>\n<div>\n<div class=\"page-title-head hgroup\">\n<div class=\"page-title-head hgroup\">\n<div>\n<div class=\"b654a4as d2edcug0\">\n<p>&nbsp;<\/p>\n<blockquote>\n<h3><img loading=\"lazy\" decoding=\"async\" class=\"alignleft\" src=\"https:\/\/www.radiopiu.net\/wordpress\/wp-content\/uploads\/2021\/06\/fresh-flower-leaves-saffron-white-background-place-your-text-use-saffron-spice-cooking-cosmetology_347372-394.jpeg\" width=\"141\" height=\"94\" \/>L&#8217;ALMANACCO LADINO CON L&#8217;ISTITUT CESA DE JAN QUINDICINALE APPUNTAMENTO. LA DOMENICA ALLE 9 IL LUNEDI ALLE 8.35 IL MARTEDI ALLE 12.35 IL MERCOLEDI ALLE 18.35. SECONDA STAGIONE.<\/h3>\n<p>&nbsp;<\/p><\/blockquote>\n<p><strong>RACCOLTA COMPLETA\u00a0<\/strong><\/p>\n<blockquote class=\"wp-embedded-content\" data-secret=\"yDPnZSpW63\"><p><a href=\"https:\/\/www.radiopiu.net\/wordpress\/almanacco-ladino\/\">Almanacco Ladino<\/a><\/p><\/blockquote>\n<p><iframe loading=\"lazy\" class=\"wp-embedded-content\" sandbox=\"allow-scripts\" security=\"restricted\" style=\"position: absolute; clip: rect(1px, 1px, 1px, 1px);\" title=\"&#8220;Almanacco Ladino&#8221; &#8212; Radio Pi\u00f9\" src=\"https:\/\/www.radiopiu.net\/wordpress\/almanacco-ladino\/embed\/#?secret=yDPnZSpW63\" data-secret=\"yDPnZSpW63\" width=\"600\" height=\"338\" frameborder=\"0\" marginwidth=\"0\" marginheight=\"0\" scrolling=\"no\"><\/iframe><\/p>\n<div dir=\"auto\"><\/div>\n<\/div>\n<div>\n<p>&nbsp;<\/p>\n<hr \/>\n<h2><span style=\"color: #808000;\">DUE MINUTI UN LIBRO\u00a0 TUTTI I GIORNI ALLA RADIO ALLE 9.30 E ALLE 18. QUINTA STAGIONE\u00a0<\/span><\/h2>\n<blockquote class=\"wp-embedded-content\" data-secret=\"0NOPa6cfJ7\"><p><a href=\"https:\/\/www.radiopiu.net\/wordpress\/sia-fatta-la-tua-volonta\/\">SIA FATTA LA TUA VOLONTA&#8217;<\/a><\/p><\/blockquote>\n<p><iframe loading=\"lazy\" class=\"wp-embedded-content\" sandbox=\"allow-scripts\" security=\"restricted\" style=\"position: absolute; clip: rect(1px, 1px, 1px, 1px);\" title=\"&#8220;SIA FATTA LA TUA VOLONTA&#8217;&#8221; &#8212; Radio Pi\u00f9\" src=\"https:\/\/www.radiopiu.net\/wordpress\/sia-fatta-la-tua-volonta\/embed\/#?secret=0NOPa6cfJ7\" data-secret=\"0NOPa6cfJ7\" width=\"600\" height=\"338\" frameborder=\"0\" marginwidth=\"0\" marginheight=\"0\" scrolling=\"no\"><\/iframe><\/p>\n<\/div>\n<div>\n<p><strong>LA RACCOLTA COMPLETA\u00a0\u00a0<\/strong><\/p>\n<blockquote class=\"wp-embedded-content\" data-secret=\"GpOBBujuMl\"><p><a href=\"https:\/\/www.radiopiu.net\/wordpress\/due-minuti-un-libro\/\">Due minuti un libro<\/a><\/p><\/blockquote>\n<p><iframe loading=\"lazy\" class=\"wp-embedded-content\" sandbox=\"allow-scripts\" security=\"restricted\" style=\"position: absolute; clip: rect(1px, 1px, 1px, 1px);\" title=\"&#8220;Due minuti un libro&#8221; &#8212; Radio Pi\u00f9\" src=\"https:\/\/www.radiopiu.net\/wordpress\/due-minuti-un-libro\/embed\/#?secret=GpOBBujuMl\" data-secret=\"GpOBBujuMl\" width=\"600\" height=\"338\" frameborder=\"0\" marginwidth=\"0\" marginheight=\"0\" scrolling=\"no\"><\/iframe><\/p>\n<p>&nbsp;<\/p>\n<hr \/>\n<p>\u200b<\/p>\n<div>\n<h2><span style=\"color: #33cccc;\">I RACCONTI DI PAOLO SOPPELSA il lunedi alle 9.30 e 18.30<\/span><\/h2>\n<p><span style=\"color: #0000ff;\">INFORMAZIONE il canale su TELEGRAM informazione di prima mano e in tempo reale. iscriviti ed aiutaci a farlo conoscere\u00a0\u00a0<\/span><\/p>\n<blockquote class=\"wp-embedded-content\" data-secret=\"adJSExBEsY\"><p><a href=\"https:\/\/www.radiopiu.net\/wordpress\/i-racconti-di-paolo-soppelsa-ottantatreesima-puntata\/\">I RACCONTI DI PAOLO SOPPELSA OTTANTATREESIMA PUNTATA<\/a><\/p><\/blockquote>\n<p><iframe loading=\"lazy\" class=\"wp-embedded-content\" sandbox=\"allow-scripts\" security=\"restricted\" style=\"position: absolute; clip: rect(1px, 1px, 1px, 1px);\" title=\"&#8220;I RACCONTI DI PAOLO SOPPELSA OTTANTATREESIMA PUNTATA&#8221; &#8212; Radio Pi\u00f9\" src=\"https:\/\/www.radiopiu.net\/wordpress\/i-racconti-di-paolo-soppelsa-ottantatreesima-puntata\/embed\/#?secret=adJSExBEsY\" data-secret=\"adJSExBEsY\" width=\"600\" height=\"338\" frameborder=\"0\" marginwidth=\"0\" marginheight=\"0\" scrolling=\"no\"><\/iframe><\/p>\n<p>&nbsp;<\/p>\n<blockquote class=\"wp-embedded-content\" data-secret=\"V2g9EqyNsp\"><p><a href=\"https:\/\/www.radiopiu.net\/wordpress\/i-racconti-di-paolo-soppelsa\/\">I racconti di Paolo Soppelsa<\/a><\/p><\/blockquote>\n<p><iframe loading=\"lazy\" class=\"wp-embedded-content\" sandbox=\"allow-scripts\" security=\"restricted\" style=\"position: absolute; clip: rect(1px, 1px, 1px, 1px);\" title=\"&#8220;I racconti di Paolo Soppelsa&#8221; &#8212; Radio Pi\u00f9\" src=\"https:\/\/www.radiopiu.net\/wordpress\/i-racconti-di-paolo-soppelsa\/embed\/#?secret=V2g9EqyNsp\" data-secret=\"V2g9EqyNsp\" width=\"600\" height=\"338\" frameborder=\"0\" marginwidth=\"0\" marginheight=\"0\" scrolling=\"no\"><\/iframe><\/p>\n<p>&nbsp;<\/p>\n<\/div>\n<\/div>\n<hr \/>\n<p>&nbsp;<\/p>\n<h2><strong><span style=\"color: #ff0000;\">ALLA RADIO<\/span><\/strong><\/h2>\n<div data-offset-key=\"5n5nl-0-0\">\n<h3>Per ricevere gli aggiornamenti in tempo reale delle notizie pubblicate alla radio e sul sito di radio pi\u00f9 iscriviti al gruppo RADIO PIU INFORMAZIONE su Telegram.\u00a0\u00a0<a href=\"https:\/\/t.me\/radiopiu\">clicca qui<\/a><\/h3>\n<p>&nbsp;<\/p>\n<\/div>\n<blockquote><p><strong><a href=\"https:\/\/www.radiopiu.net\/wordpress\/cassa-solidarieta-luxottica-puntata-del-19-giugno-2020\/cslxo-2\/\" rel=\"attachment wp-att-145244\"><img loading=\"lazy\" decoding=\"async\" class=\"size-medium wp-image-145244 alignleft\" src=\"https:\/\/www.radiopiu.net\/wordpress\/wp-content\/uploads\/2020\/06\/cassa-solidarieta-luxottica-300x148.jpg\" alt=\"\" width=\"300\" height=\"148\" srcset=\"https:\/\/www.radiopiu.net\/wordpress\/wp-content\/uploads\/2020\/06\/cassa-solidarieta-luxottica-300x148.jpg 300w, https:\/\/www.radiopiu.net\/wordpress\/wp-content\/uploads\/2020\/06\/cassa-solidarieta-luxottica-1024x504.jpg 1024w, https:\/\/www.radiopiu.net\/wordpress\/wp-content\/uploads\/2020\/06\/cassa-solidarieta-luxottica-768x378.jpg 768w, https:\/\/www.radiopiu.net\/wordpress\/wp-content\/uploads\/2020\/06\/cassa-solidarieta-luxottica.jpg 1167w\" sizes=\"auto, (max-width: 300px) 100vw, 300px\" \/><\/a>di Claudio Fontanive<\/strong><\/p>\n<p>OSPITI: Paolo Chissal\u00e8 e Fabrizio Campedel<\/p>\n<p>&nbsp;<\/p>\n<p>&nbsp;<\/p><\/blockquote>\n<h2><\/h2>\n<blockquote class=\"wp-embedded-content\" data-secret=\"f8E8opDXyA\"><p><a href=\"https:\/\/www.radiopiu.net\/wordpress\/cassa-solidarieta-luxottica-puntata-del-16-ottobre-2020\/\">CASSA SOLIDARIET\u00c0 LUXOTTICA &#8211; TUTTE LE PUNTATE<\/a><\/p><\/blockquote>\n<p><iframe loading=\"lazy\" class=\"wp-embedded-content\" sandbox=\"allow-scripts\" security=\"restricted\" style=\"position: absolute; clip: rect(1px, 1px, 1px, 1px);\" title=\"&#8220;CASSA SOLIDARIET\u00c0 LUXOTTICA &#8211; TUTTE LE PUNTATE&#8221; &#8212; Radio Pi\u00f9\" src=\"https:\/\/www.radiopiu.net\/wordpress\/cassa-solidarieta-luxottica-puntata-del-16-ottobre-2020\/embed\/#?secret=f8E8opDXyA\" data-secret=\"f8E8opDXyA\" width=\"600\" height=\"338\" frameborder=\"0\" marginwidth=\"0\" marginheight=\"0\" scrolling=\"no\"><\/iframe><\/p>\n<div>\n<p>&nbsp;<\/p>\n<\/div>\n<\/div>\n<div class=\"page-title-head hgroup\">\n<div>\n<div class=\"b654a4as d2edcug0\">\n<hr \/>\n<\/div>\n<\/div>\n<p>&nbsp;<\/p>\n<p><a href=\"https:\/\/www.radiopiu.net\/wordpress\/giornale-radiopiu-26-settembre-2018-direttore-mirko-mezzacasa\/viabilita-2\/\" rel=\"attachment wp-att-61954\"><img loading=\"lazy\" decoding=\"async\" class=\"wp-image-61954 size-full aligncenter\" src=\"https:\/\/www.radiopiu.net\/wordpress\/wp-content\/uploads\/2018\/09\/viabilita.jpeg\" alt=\"\" width=\"800\" height=\"100\" srcset=\"https:\/\/www.radiopiu.net\/wordpress\/wp-content\/uploads\/2018\/09\/viabilita.jpeg 800w, https:\/\/www.radiopiu.net\/wordpress\/wp-content\/uploads\/2018\/09\/viabilita-300x38.jpeg 300w, https:\/\/www.radiopiu.net\/wordpress\/wp-content\/uploads\/2018\/09\/viabilita-768x96.jpeg 768w\" sizes=\"auto, (max-width: 800px) 100vw, 800px\" \/><\/a><\/p>\n<blockquote><p><a href=\"https:\/\/www.radiopiu.net\/wordpress\/giornale-radiopiu-09-agosto-2018-direttore-mirko-mezzacasa\/viabilia\/\" rel=\"attachment wp-att-57053\"><img loading=\"lazy\" decoding=\"async\" class=\" wp-image-57053 alignleft\" src=\"https:\/\/www.radiopiu.net\/wordpress\/wp-content\/uploads\/2018\/08\/VIABILIA-300x180.jpeg\" alt=\"\" width=\"220\" height=\"132\" srcset=\"https:\/\/www.radiopiu.net\/wordpress\/wp-content\/uploads\/2018\/08\/VIABILIA-300x180.jpeg 300w, https:\/\/www.radiopiu.net\/wordpress\/wp-content\/uploads\/2018\/08\/VIABILIA-768x461.jpeg 768w, https:\/\/www.radiopiu.net\/wordpress\/wp-content\/uploads\/2018\/08\/VIABILIA-1024x614.jpeg 1024w, https:\/\/www.radiopiu.net\/wordpress\/wp-content\/uploads\/2018\/08\/VIABILIA.jpeg 1280w\" sizes=\"auto, (max-width: 220px) 100vw, 220px\" \/><\/a><\/p><\/blockquote>\n<\/div>\n<\/div>\n<\/div>\n<\/div>\n<\/div>\n<\/div>\n<\/div>\n<\/div>\n<div>\n<div>\n<div class=\"page-title-head hgroup\">\n<div class=\"page-title-head hgroup\">\n<div class=\"page-title-head hgroup\">\n<div class=\"page-title-head hgroup\">\n<div class=\"page-title-head hgroup\">\n<div class=\"page-title-head hgroup\">\n<blockquote><p>La viabilit\u00e0 con gli ultimi aggiornamenti<\/p><\/blockquote>\n<\/div>\n<\/div>\n<\/div>\n<\/div>\n<\/div>\n<\/div>\n<\/div>\n<div><\/div>\n<div><\/div>\n<div>\n<div>\n<div class=\"page-title-head hgroup\">\n<audio class=\"wp-audio-shortcode\" id=\"audio-221423-18\" preload=\"none\" style=\"width: 100%;\" controls=\"controls\"><source type=\"audio\/mpeg\" src=\"https:\/\/www.radiopiu.net\/wordpress\/wp-content\/uploads\/2021\/07\/VIABILITA-6.mp3?_=18\" \/><a href=\"https:\/\/www.radiopiu.net\/wordpress\/wp-content\/uploads\/2021\/07\/VIABILITA-6.mp3\">https:\/\/www.radiopiu.net\/wordpress\/wp-content\/uploads\/2021\/07\/VIABILITA-6.mp3<\/a><\/audio>\n<p>&nbsp;<\/p>\n<hr \/>\n<p>&nbsp;<\/p>\n<\/div>\n<\/div>\n<\/div>\n<\/div>\n<\/div>\n<\/div>\n<\/div>\n<\/div>\n<\/div>\n<\/div>\n<\/div>\n<\/div>\n<\/div>\n<\/div>\n<\/div>\n<\/div>\n<\/div>\n<div>\n<div class=\"page-title-head hgroup\">\n<div class=\"page-title-head hgroup\">\n<div>\n<div class=\"page-title-head hgroup\">\n<div class=\"page-title-head hgroup\">\n<div class=\"b654a4as d2edcug0\">\n<div>\n<div>\n<div>\n<div class=\"page-title-head hgroup\">\n<p>&nbsp;<\/p>\n<\/div>\n<\/div>\n<\/div>\n<\/div>\n<div>\n<div class=\"page-title-head hgroup\" style=\"text-align: left;\">\n<div class=\"page-title-head hgroup\">\n<div dir=\"auto\">\n<p><a class=\"dt-pswp-item pspw-wrap-ready\" href=\"https:\/\/i0.wp.com\/www.radiopiu.net\/wordpress\/wp-content\/uploads\/2018\/09\/WhatsApp-Image-2018-09-20-at-16.04.06.jpeg?ssl=1\" data-dt-img-description=\"\" data-large_image_width=\"800\" data-large_image_height=\"100\"><img loading=\"lazy\" decoding=\"async\" class=\"aligncenter wp-image-61378 size-full jetpack-lazy-image jetpack-lazy-image--handled\" src=\"https:\/\/i0.wp.com\/www.radiopiu.net\/wordpress\/wp-content\/uploads\/2018\/09\/WhatsApp-Image-2018-09-20-at-16.04.06.jpeg?resize=800%2C100&amp;ssl=1\" sizes=\"auto, (max-width: 800px) 100vw, 800px\" srcset=\"https:\/\/i0.wp.com\/www.radiopiu.net\/wordpress\/wp-content\/uploads\/2018\/09\/WhatsApp-Image-2018-09-20-at-16.04.06.jpeg?w=800&amp;ssl=1 800w, https:\/\/i0.wp.com\/www.radiopiu.net\/wordpress\/wp-content\/uploads\/2018\/09\/WhatsApp-Image-2018-09-20-at-16.04.06.jpeg?resize=300%2C38&amp;ssl=1 300w, https:\/\/i0.wp.com\/www.radiopiu.net\/wordpress\/wp-content\/uploads\/2018\/09\/WhatsApp-Image-2018-09-20-at-16.04.06.jpeg?resize=768%2C96&amp;ssl=1 768w\" alt=\"\" width=\"800\" height=\"100\" data-lazy-loaded=\"1\" \/><\/a><\/p>\n<div style=\"text-align: left;\"><center>\u00a0<\/center><\/div>\n<\/div>\n<\/div>\n<\/div>\n<\/div>\n<\/div>\n<\/div>\n<\/div>\n<\/div>\n<div>\n<div><center><b>Mercoledi 14<\/b><\/center><b>Tempo atteso: <\/b>Nottetempo discontinua e sparsa instabilit\u00e0, prima che il tempo migliori al mattino con ampi tratti soleggiati, salvo qualche stratocumulo agganciato ad alcune cime. Entro la tarda mattinata ripresa dell&#8217;attivit\u00e0 cumuliforme, la quale sar\u00e0 di nuovo associata a qualche fenomeno convettivo, localmente gi\u00e0 nelle ore centrali. L&#8217;instabilit\u00e0 si attenuer\u00e0 nel tardo pomeriggio e la nuvolosit\u00e0 diminuir\u00e0 lasciando spazio a rasserenamenti. Far\u00e0 pi\u00f9 fresco.<br \/>\n<b>Precipitazioni: <\/b>Nottetempo probabilit\u00e0 medio-alta (60\/80%) di precipitazioni sparse e discontinue, anche a carattere di rovescio e di temporale. Al mattino fenomeni perlopi\u00f9 assenti (0\/10%); al pomeriggio nuovi rovesci (40\/60%), anche occasionali temporali (30%), specie sulle Prealpi. Il calo termico favorir\u00e0 la ricomparsa di un po&#8217; di neve oltre i 2800\/2900 m sulle cime dolomitiche.<br \/>\n<b>Temperature: <\/b>In generale diminuzione a tutte le quote. Sono previste punte di 23\/25\u00b0C nei fondovalle prealpini e di 16\/18\u00b0C a 1000\/1200 m. Su Prealpi a 1500 m min 9\u00b0C, max 11\u00b0C, a 2000 m min 7\u00b0C, max 8\u00b0C, su Dolomiti a 2000 m min 6\u00b0C, max 8\u00b0C, a 3000 m min -1\u00b0C, max 1\u00b0C.<br \/>\n<b>Venti: <\/b>Deboli di direzione variabile nelle valli, con eventuali rinforzi per raffiche temporalesche. In quota deboli\/moderati da sud-ovest, a 5-15 km\/h a 2000 m e 10-20 km\/h a 3000 m.<\/p>\n<hr \/>\n<p><center><b>Giovedi 15<\/b><\/center><b>Tempo atteso: <\/b>Brevi tratti soleggiati, pi\u00f9 probabili al mattino, e cielo in prevalenza nuvoloso o molto nuvoloso, anche per attivit\u00e0 cumuliforme, gi\u00e0 presente al mattino, anche se di maggiore sviluppo e pi\u00f9 estesa al pomeriggio. In questo contesto l&#8217;instabilit\u00e0 sar\u00e0 ancora prevalente nella seconda parte della giornata, perdurando anche in serata. Continuer\u00e0 a fare fresco sia per la massa d&#8217;aria di matrice oceanica che per il deficit di sole.<br \/>\n<b>Precipitazioni: <\/b>Per gran parte della mattinata precipitazioni assenti (0%), dalle ore centrali in poi probabili nuovi rovesci o temporali, dapprima sporadici (20\/40%), pi\u00f9 frequenti e diffusi al pomeriggio e alla sera (70\/80%).<br \/>\n<b>Temperature: <\/b>Minime stazionarie in quota e in calo nelle valli; massime in leggera ripresa qualora il soleggiamento iniziale durasse. Su Prealpi a 1500 m min 9\u00b0C, max 14\u00b0C, a 2000 m min 7\u00b0C, max 10\u00b0C, su Dolomiti a 2000 m min 6\u00b0C, max 11\u00b0C, a 3000 m min 0\u00b0C, max 3\u00b0C.<br \/>\n<b>Venti: <\/b>Nelle valli deboli di direzione variabile, con qualche rinforzo per raffiche in caso di temporali. In quota venti deboli\/moderati da sud-ovest, in rotazione da nord-ovest a fine giornata, a 5-15 km\/h a 2000 m e 15-25 km\/h a 3000 m.<\/p>\n<hr \/>\n<p><center><b>Venerdi 16<\/b><\/center>Nottetempo e gran parte del mattino l&#8217;instabilit\u00e0 prevarr\u00e0 con cielo coperto e precipitazioni diffuse, localmente temporalesche. In seguito tendenza alla variabilit\u00e0 con rasserenamenti e qualche addensamento residuo e non sar\u00e0 da escludere qualche piovasco, ma sulla maggiore parte dei settori l&#8217;instabilit\u00e0 si esaurir\u00e0 sensibilmente. In quota temperature pressoch\u00e9 stazionarie; nelle valli minime in rialzo e massime in calo. Venti deboli di direzione variabile nelle valli con locali rinforzi; deboli\/moderati da nord-est in quota.<\/p>\n<hr \/>\n<p><center><b>Sabato 17<\/b><\/center>Al mattino nubi medio-alte stratiformi e parziale ritorno del sole, anche se spesso velato da nubi alte. Al pomeriggio tratti soleggiati e annuvolamenti irregolari. L&#8217;instabilit\u00e0 sar\u00e0 assai minore, ma non del tutto scongiurata per la residua ciclonicit\u00e0 ambiente. Temperature massime in ripresa. Ristabilirsi delle brezze nelle valli; venti deboli\/moderati da nord nord-est in quota. Previsore: R.L.Th.<\/p>\n<\/div>\n<\/div>\n<\/div>\n<\/div>\n<\/div>\n<\/div>\n<\/div>\n<\/div>\n<p>&nbsp;<\/p>\n<hr \/>\n<p>&nbsp;<\/p>\n<p><img loading=\"lazy\" decoding=\"async\" class=\"aligncenter wp-image-60761 size-full\" src=\"https:\/\/www.radiopiu.net\/wordpress\/wp-content\/uploads\/2018\/09\/sport.jpg\" alt=\"\" width=\"800\" height=\"100\" srcset=\"https:\/\/www.radiopiu.net\/wordpress\/wp-content\/uploads\/2018\/09\/sport.jpg 800w, https:\/\/www.radiopiu.net\/wordpress\/wp-content\/uploads\/2018\/09\/sport-300x38.jpg 300w, https:\/\/www.radiopiu.net\/wordpress\/wp-content\/uploads\/2018\/09\/sport-768x96.jpg 768w\" sizes=\"auto, (max-width: 800px) 100vw, 800px\" \/><\/p>\n<p>&nbsp;<\/p>\n<blockquote>\n<h3>ANCHE FUORI STAGIONE A PUCK FERMO GLI AMICI MANCANO E SI ATTENDE IL RITORNO DI RENATO ROSSI<\/h3>\n<\/blockquote>\n<p><strong><img loading=\"lazy\" decoding=\"async\" class=\"alignleft\" src=\"https:\/\/www.radiopiu.net\/wordpress\/wp-content\/uploads\/2020\/11\/NILO-RIVA-E-RENATO-ROSSI.jpg\" width=\"179\" height=\"119\" \/>REDAZIONE<\/strong>\u00a0 Il 22 agosto di nove anni fa, la notizia che ha scioccato l&#8217;Agordino:\u00a0 \u00e8 morto Nilo Riva, vice presidente dell&#8217;Hockey Alleghe. Un incidente, una scivolata dal sentiero sul quale si trovava con un amico, che aveva accompagnato per andare a cercare funghi. Da allora sono cambiate un po&#8217; di cose, l&#8217;Alleghe non \u00e8 pi\u00f9 nella massima serie \u00e8 vero, ma va dato grande merito a chi ha continuato a lavorare per la societ\u00e0. Stacanovisti dentro e fuori dal ghiaccio, Renato Rossi, Patrick De Silvestro, Adriano Levis, Tamara Angeli per citare i primi nomi che mi vengono in mente. Loro hanno raccolto il pesante testimone lasciato improvvisamente dall&#8217;ingegnere e hanno vinto il titolo pi\u00f9 importante: l&#8217;Alleghe Hockey respira ancora e sotto ai lamellari dello Zunaia il cuore continua a battere ed \u00e8 soprattutto il cuore delle nuove generazioni, delle Civette che militano nelle giovanili, cio\u00e8 il futuro.\u00a0 \u00a0Nel frattempo ci hanno lasciato altri amici in biancorosso, Fabio De Biasio il volto noto dell&#8217;ufficio in riva al lago, lavoro nascosto il suo, ma per decenni fondamentale per la societ\u00e0, o Claudio Franceschini che ha portato in alto Alleghe anche a livello federale, o Pedy&#8230; l&#8217;amato Alfredo Soppera che pur lontano dal ghiaccio negli ultimi anni quando gli parlavi di disco e stecca&#8230;piangeva e si toccava il gadget attaccato al collo, quel collo che faceva\u00a0 il paio con quello di Mike Tyson, il pugile. Quel gadget era il ricordo di Villach 92, Alleghe campione di Lega Alpina.<\/p>\n<blockquote><p><em>Tornano tutti in mente quando si entra nello stadio dove alle pareti si sommano i ricordi grazie ad Alessandro Raveane che da 45 anni non manca mai tra i suoi giocatori del cuore. Suoi\u00a0 gli articoli di giornale di allora con le firme di Ugo Zucchermaglio e Amedeo Franceschini della Gazzetta dello Sport, oppure la mia e soprattutto quella di Fiorendo Dalla C\u00e0 che in quanto a hockey rimane il migliore scrittore-narratore dell&#8217;hockey dolomitico, una maestro per molti. Fiorendo nel 1984 ha costruito negli studi di RADIO PIU&#8217; uno dei pi\u00f9 bei programmi radiofonici dedicati all&#8217;hockey. Tornando a chi non c&#8217;\u00e8 pi\u00f9, quanto mi mancano quegli amici che devo\u00a0 accontentarmi\u00a0 di vedere in foto o ricordare per i trascorsi sul ghiaccio, anzi fuori dal ghiaccio perch\u00e9 i grandi dirigenti non sono mai stati altrettanto grandi giocatori e questo \u00e8 il bello della storia. Un pensiero per Renato Rossi, che ci ha lasciato da poco, a settembre, forse prima, dovrebbe tornare finalmente in Italia il figlio Arthur, avrebbe dovuto arrivare gi\u00e0 a primavera ma il covid lo ha tenuto oltre Oceano. Arthur porter\u00e0 ad Alleghe le ceneri del pap\u00e0 come a suo tempo Renato fece con l&#8217;amico Domenico. &#8220;Ci organizzeremo per quella data &#8211; assicura il Presidente Adriano Levis &#8211; vogliamo celebrare il ritorno di Renato con una cerimonia importante, per tributargli il grazie per i decenni di impegno, concreto, per la nostra societ\u00e0&#8221;.<\/em><\/p><\/blockquote>\n<p>&nbsp;<\/p>\n<p><strong>NOVE ANNI FA, IL RICORDO DI ANTENNA 3<\/strong><\/p>\n<p><iframe loading=\"lazy\" title=\"morto nilo riva storia dellhockey\" frameborder=\"0\" width=\"1200\" height=\"674\" src=\"https:\/\/www.dailymotion.com\/embed\/video\/xt1laz\" allowfullscreen allow=\"autoplay\"><\/iframe><\/p>\n<p>&nbsp;<\/p>\n<hr \/>\n<p>&nbsp;<\/p>\n<blockquote>\n<h3>LA PEDONATA &#8220;CELARDA TRA STORIA E NATURA&#8221;<\/h3>\n<\/blockquote>\n<p><strong><a href=\"https:\/\/www.radiopiu.net\/wordpress\/giornale-radiopiu-14-luglio-2021-direttore-mirko-mezzacasa\/img-20210713-wa0005\/\" rel=\"attachment wp-att-221574\"><img loading=\"lazy\" decoding=\"async\" class=\"size-medium wp-image-221574 alignleft\" src=\"https:\/\/www.radiopiu.net\/wordpress\/wp-content\/uploads\/2021\/07\/IMG-20210713-WA0005-300x169.jpg\" alt=\"\" width=\"300\" height=\"169\" srcset=\"https:\/\/www.radiopiu.net\/wordpress\/wp-content\/uploads\/2021\/07\/IMG-20210713-WA0005-300x169.jpg 300w, https:\/\/www.radiopiu.net\/wordpress\/wp-content\/uploads\/2021\/07\/IMG-20210713-WA0005-1024x576.jpg 1024w, https:\/\/www.radiopiu.net\/wordpress\/wp-content\/uploads\/2021\/07\/IMG-20210713-WA0005-768x432.jpg 768w, https:\/\/www.radiopiu.net\/wordpress\/wp-content\/uploads\/2021\/07\/IMG-20210713-WA0005-1536x864.jpg 1536w, https:\/\/www.radiopiu.net\/wordpress\/wp-content\/uploads\/2021\/07\/IMG-20210713-WA0005.jpg 1600w\" sizes=\"auto, (max-width: 300px) 100vw, 300px\" \/><\/a>FELTRE<\/strong> Dopo un inizio di giornata di pioggia che ha preoccupato gli organizzatori, un sole splendente ha accompagnato i circa 200 partecipanti alla Pedonata &#8220;Celarda tra storia e natura&#8221; che si \u00e8 svolta a Celarda di Feltre domenica 11 luglio 2021. Grande soddisfazione per gli organizzatori che hanno fortemente voluto questa iniziativa, per dare un segnale di ripartenza, seppur con molte difficolt\u00e0 dovute ai protocolli Covid. L&#8217;impegno di tutti ha permesso di regalare ai partecipanti una bellissima giornata di sport e natura. Importante la presenza del personale dell&#8217;ulss 1 Dolomiti che ha effettuato tamponi rapidi, un grazie va chi si \u00e8 prodigato per garantire questo servizio. Non vanno dimenticati tutti i collaboratori, i carabinieri forestali e tutti gli sponsor, il loro contributo \u00e8 stato fondamentale per la buona riuscita della manifestazione. Gradita sorpresa la partecipazione di Nadia Dandolo per molti anni atleta di punta del mezzo fondo femminile Italiano ed ora fra i master. Ha partecipato con il gruppo Audace Noale, il pi\u00f9 numeroso. Nella 11 km. Femminile si sono distinte: Nadia Dandolo &#8211; Emanuela Zaetta &#8211; Rossella Susanna Maccagnan &#8211; Marta Pistolato &#8211; Silvia Tiron &#8211; Grazia Petruzzello. Negli 11 km. Maschile: Mirco Rossi &#8211; Livio De Paoli &#8211; Cesare Friz &#8211; Davide Martignago &#8211; Andrea Ferrazzi &#8211; Fabio Recchia. 6 km. Femminile: Valeria Da Rold &#8211; Sara Del Monego &#8211; Cecilia Cargnel. 6 km. Maschile: Emanuele Berna &#8211; Leonardo Pilat &#8211; Nicol\u00f2 Maccagnan. Sono stati premiati i tre gruppi pi\u00f9 numerosi e precisamente Audace Noale &#8211; Q. S. Running Team &#8211; Aido Maser.<\/p>\n<p>&nbsp;<\/p>\n<p>&nbsp;<\/p>\n<hr \/>\n<p>&nbsp;<\/p>\n<\/div>\n<\/div>\n<\/div>\n<\/div>\n<\/div>\n<\/div>\n","protected":false},"excerpt":{"rendered":"<p>PER\u00a0RICEVERE QUESTO NOTIZIARIO DIRETTAMENTE SUL TUO CELLULARE ISCRIVITI AL CANALE TELEGRAM\u00a0\u201cRADIO PIU\u00a0 INFORMAZIONE\u201d\u00a0\u00a0 &nbsp; LA BELLA NOTIZIA GRANDI NAVI IN LAGUNA: SOLO FINO A 25MILA TONELLATE PER TUTELARE VENEZIA ROMA \u201cLa decisione del Governo di spostare le navi che superano le 25 mila tonnellate, i 180 metri di lunghezza e un&#8217;altezza di 35 metri, da&hellip;<\/p>\n","protected":false},"author":4,"featured_media":221501,"comment_status":"closed","ping_status":"open","sticky":false,"template":"","format":"standard","meta":{"_monsterinsights_skip_tracking":false,"_monsterinsights_sitenote_active":false,"_monsterinsights_sitenote_note":"","_monsterinsights_sitenote_category":0,"footnotes":""},"categories":[1,51,86,49],"tags":[],"class_list":["post-221423","post","type-post","status-publish","format-standard","has-post-thumbnail","hentry","category-senza-categoria","category-evidenza-top","category-gr","category-news-18","category-1","category-51","category-86","category-49","description-off"],"img_url":"https:\/\/www.radiopiu.net\/wordpress\/wp-content\/uploads\/2021\/07\/salt_20210713_114130_926.jpg","_links":{"self":[{"href":"https:\/\/www.radiopiu.net\/wordpress\/wp-json\/wp\/v2\/posts\/221423","targetHints":{"allow":["GET"]}}],"collection":[{"href":"https:\/\/www.radiopiu.net\/wordpress\/wp-json\/wp\/v2\/posts"}],"about":[{"href":"https:\/\/www.radiopiu.net\/wordpress\/wp-json\/wp\/v2\/types\/post"}],"author":[{"embeddable":true,"href":"https:\/\/www.radiopiu.net\/wordpress\/wp-json\/wp\/v2\/users\/4"}],"replies":[{"embeddable":true,"href":"https:\/\/www.radiopiu.net\/wordpress\/wp-json\/wp\/v2\/comments?post=221423"}],"version-history":[{"count":0,"href":"https:\/\/www.radiopiu.net\/wordpress\/wp-json\/wp\/v2\/posts\/221423\/revisions"}],"wp:featuredmedia":[{"embeddable":true,"href":"https:\/\/www.radiopiu.net\/wordpress\/wp-json\/wp\/v2\/media\/221501"}],"wp:attachment":[{"href":"https:\/\/www.radiopiu.net\/wordpress\/wp-json\/wp\/v2\/media?parent=221423"}],"wp:term":[{"taxonomy":"category","embeddable":true,"href":"https:\/\/www.radiopiu.net\/wordpress\/wp-json\/wp\/v2\/categories?post=221423"},{"taxonomy":"post_tag","embeddable":true,"href":"https:\/\/www.radiopiu.net\/wordpress\/wp-json\/wp\/v2\/tags?post=221423"}],"curies":[{"name":"wp","href":"https:\/\/api.w.org\/{rel}","templated":true}]}}