{"id":221428,"date":"2021-07-13T06:06:44","date_gmt":"2021-07-13T04:06:44","guid":{"rendered":"https:\/\/www.radiopiu.net\/wordpress\/?p=221428"},"modified":"2021-07-13T07:33:02","modified_gmt":"2021-07-13T05:33:02","slug":"giornale-radiopiu-13-luglio-2021-direttore-mirko-mezzacasa","status":"publish","type":"post","link":"https:\/\/www.radiopiu.net\/wordpress\/giornale-radiopiu-13-luglio-2021-direttore-mirko-mezzacasa\/","title":{"rendered":"GIORNALE RADIOPIU 13 LUGLIO 2021 DIRETTORE MIRKO MEZZACASA"},"content":{"rendered":"<h2><span style=\"color: #0000ff;\">PER<strong>\u00a0RICEVERE QUESTO NOTIZIARIO DIRETTAMENTE SUL TUO CELLULARE ISCRIVITI AL CANALE TELEGRAM\u00a0<\/strong><strong>\u201cRADIO PIU\u00a0 INFORMAZIONE\u201d\u00a0<\/strong><\/span><\/h2>\n<p>&nbsp;<\/p>\n<hr \/>\n<p>&nbsp;<\/p>\n<blockquote>\n<h3><a href=\"https:\/\/www.radiopiu.net\/wordpress\/la-strada-per-rivamonte-non-chiudera-revocata-la-precedente-ordinanza\/42738661-3114-473b-9a96-a9bee5763ee6\/\" rel=\"attachment wp-att-221466\"><img loading=\"lazy\" decoding=\"async\" class=\"wp-image-221466 alignleft\" src=\"https:\/\/www.radiopiu.net\/wordpress\/wp-content\/uploads\/2021\/07\/42738661-3114-473b-9a96-a9bee5763ee6-169x300.jpg\" alt=\"\" width=\"113\" height=\"201\" srcset=\"https:\/\/www.radiopiu.net\/wordpress\/wp-content\/uploads\/2021\/07\/42738661-3114-473b-9a96-a9bee5763ee6-169x300.jpg 169w, https:\/\/www.radiopiu.net\/wordpress\/wp-content\/uploads\/2021\/07\/42738661-3114-473b-9a96-a9bee5763ee6-576x1024.jpg 576w, https:\/\/www.radiopiu.net\/wordpress\/wp-content\/uploads\/2021\/07\/42738661-3114-473b-9a96-a9bee5763ee6-768x1365.jpg 768w, https:\/\/www.radiopiu.net\/wordpress\/wp-content\/uploads\/2021\/07\/42738661-3114-473b-9a96-a9bee5763ee6-864x1536.jpg 864w, https:\/\/www.radiopiu.net\/wordpress\/wp-content\/uploads\/2021\/07\/42738661-3114-473b-9a96-a9bee5763ee6.jpg 1080w\" sizes=\"auto, (max-width: 113px) 100vw, 113px\" \/><\/a>LA STRADA PER RIVAMONTE NON CHIUDERA&#8217;!!!<\/h3>\n<\/blockquote>\n<p><strong>RIVAMONTE<\/strong> Da domani l&#8217;ordinanza di Veneto Strade anticipava della chiusura della provinciale tra Ponte Alto e Rivamonte per i lavori a Gona, nei giorni in cui \u00e8 prevista anche la chiusura per lunghi tempi poco sopra tra Rivamonte e Gosaldo (Corde Mole), ma ieri sera il sindaco Nino Deon ha anticipato: <em>&#8220;Oggi arriver\u00e0 l&#8217;ordinanza che revoca la precedente. Non ci saranno chiusure, infatti il cantiere potr\u00e0 prevedere il senso unico alternato&#8221;<\/em>.<\/p>\n<p>&nbsp;<\/p>\n<p>&nbsp;<\/p>\n<p>&nbsp;<\/p>\n<p>&nbsp;<\/p>\n<p>&nbsp;<\/p>\n<hr \/>\n<p>&nbsp;<\/p>\n<p><strong><a href=\"https:\/\/www.radiopiu.net\/wordpress\/giornale-radiopiu-16-giugno-2021-direttore-mirko-mezzacasa\/lavorii\/\" rel=\"attachment wp-att-216177\"><img loading=\"lazy\" decoding=\"async\" class=\"size-medium wp-image-216177 alignleft\" src=\"https:\/\/www.radiopiu.net\/wordpress\/wp-content\/uploads\/2021\/06\/LAVORII-300x159.jpg\" sizes=\"auto, (max-width: 300px) 100vw, 300px\" srcset=\"https:\/\/www.radiopiu.net\/wordpress\/wp-content\/uploads\/2021\/06\/LAVORII-300x159.jpg 300w, https:\/\/www.radiopiu.net\/wordpress\/wp-content\/uploads\/2021\/06\/LAVORII.jpg 335w\" alt=\"\" width=\"300\" height=\"159\" \/><\/a><\/strong><\/p>\n<p>&nbsp;<\/p>\n<p><b>GALLERIA \u2018COMELICO\u00a0<\/b>fino al 31 luglio\u00a0 dalle 21 alle\u00a0 6 la galleria sar\u00e0 chiusa al traffico. Per i veicoli pesanti trainanti un rimorchio \u00e8 prevista la deviazione sulla SR 48 \u201cdelle Dolomiti e sulla SP 49 \u201cMisurina\u201d,\u00a0 \u00a0il traffico pesante sar\u00e0 deviato lungo la SP 532 \u201cPasso S. Antonio\u201d. Il traffico leggero\u00a0 sulla SP 532.<\/p>\n<p><strong>48 DELLE DOLOMITI<\/strong>\u00a0Fino al 16 luglio da Pieve di Livinallongo ad Arabba si potr\u00e0 transitare ma in determinate fasce orarie. Dalle 7 del mattino alle 18 sono infatti previste interruzioni fino a 20 minuti per permettere i lavori di esbosco e realizzazione paramassi. Per tutta la durata dei lavori senso unico alternato nei periodi non interessati delle interruzioni.<\/p>\n<p>&nbsp;<\/p>\n<hr \/>\n<p>&nbsp;<\/p>\n<p><strong>L&#8217;ARTICOLO PIU&#8217; CLICCATO SUL SITO INTERNET NELLE ULTIME 48 ORE, TANTI I LIKE SULLE PAGINE FACEBOOK DI RADIOPIU&#8217;<\/strong><\/p>\n<p>&nbsp;<\/p>\n<blockquote class=\"wp-embedded-content\" data-secret=\"hLlQHb7hkB\"><p><a href=\"https:\/\/www.radiopiu.net\/wordpress\/al-via-la-stagione-dei-funghi-a-voltago-con-il-botto-a-testa-in-giu\/\">AL VIA LA STAGIONE DEI FUNGHI&#8230; A VOLTAGO CON IL BOTTO A TESTA IN GIU&#8217;<\/a><\/p><\/blockquote>\n<p><iframe loading=\"lazy\" class=\"wp-embedded-content\" sandbox=\"allow-scripts\" security=\"restricted\" style=\"position: absolute; clip: rect(1px, 1px, 1px, 1px);\" title=\"&#8220;AL VIA LA STAGIONE DEI FUNGHI&#8230; A VOLTAGO CON IL BOTTO A TESTA IN GIU&#8217;&#8221; &#8212; Radio Pi\u00f9\" src=\"https:\/\/www.radiopiu.net\/wordpress\/al-via-la-stagione-dei-funghi-a-voltago-con-il-botto-a-testa-in-giu\/embed\/#?secret=hLlQHb7hkB\" data-secret=\"hLlQHb7hkB\" width=\"600\" height=\"338\" frameborder=\"0\" marginwidth=\"0\" marginheight=\"0\" scrolling=\"no\"><\/iframe><\/p>\n<p>&nbsp;<\/p>\n<p>&nbsp;<\/p>\n<hr \/>\n<p>&nbsp;<\/p>\n<p><span style=\"color: #ff0000;\"><strong>REGIONALE 203 AGORDINA, LOCALITA\u2019 SORAZUNAIA,\u00a0 E SR 48 DELLE DOLOMITI IN LOCALITA\u2019 LIVINALLONGO, FINO AL 31 LUGLIO DALLE 7 ALLE 18 ESCLUSI SABATI E DOMENICHE INTERRUZIONI ALLA VIABILITA\u2019 PER UNA DURATA MASSIMA DI 20 MINUTI.\u00a0<\/strong><\/span><\/p>\n<p>&nbsp;<\/p>\n<hr \/>\n<p>&nbsp;<\/p>\n<blockquote>\n<h3>FIAMME IN ROTATORIA, IL FUOCO DIVORA LA MOTO DEL TURISTA TEDESCO: ILLESO<\/h3>\n<p><strong>LIVINALLONGO<\/strong> Vacanza in Italia rovinata, ma c\u2019\u00e8 di peggio visto che le conseguenze potevano essere ben diverse per il motociclista che stava scendendo da Passo Pordoi.\u00a0 E\u2019 successo ieri a met\u00e0 pomeriggio alla\u00a0 rotatoria di Arabba in centro al paese. Un guasto all\u2019impianto elettrico e il motore della potente moto \u00e8 stato avvolto dalle fiamme. L\u2019uomo ha immediatamente abbandonato il mezzo, il fuoco \u00e8 stato domato in poco tempo grazie all\u2019intervento dei vigili del fuoco volontari di Arabba e i Carabinieri. Il motociclista non era solo, viaggiava in copia con un amico che lo seguiva a poca distanza.<\/p>\n\n\t\t\t<style type='text\/css'>\n\t\t\t\t#gallery-1 {\n\t\t\t\t\tmargin: auto;\n\t\t\t\t}\n\t\t\t\t#gallery-1 .gallery-item {\n\t\t\t\t\tfloat: left;\n\t\t\t\t\tmargin-top: 10px;\n\t\t\t\t\ttext-align: center;\n\t\t\t\t\twidth: 33%;\n\t\t\t\t}\n\t\t\t\t#gallery-1 img {\n\t\t\t\t\tborder: 2px solid #cfcfcf;\n\t\t\t\t}\n\t\t\t\t#gallery-1 .gallery-caption {\n\t\t\t\t\tmargin-left: 0;\n\t\t\t\t}\n\t\t\t\t\/* see gallery_shortcode() in wp-includes\/media.php *\/\n\t\t\t<\/style>\n\t\t<div id='gallery-1' class='dt-gallery-container gallery galleryid-221428 gallery-columns-3 gallery-size-thumbnail'><dl class='gallery-item'>\n\t\t\t\t<dt class='gallery-icon portrait'>\n\t\t\t\t\t<a class=\"rollover rollover-zoom dt-pswp-item\" title=\"7addcc24-2a26-4574-91f1-482b55037d35\" data-dt-img-description=\"\" data-large_image_width=\"717\" data-large_image_height=\"1024\"href='https:\/\/www.radiopiu.net\/wordpress\/wp-content\/uploads\/2021\/07\/7addcc24-2a26-4574-91f1-482b55037d35.jpg'><img loading=\"lazy\" decoding=\"async\" width=\"150\" height=\"150\" src=\"https:\/\/www.radiopiu.net\/wordpress\/wp-content\/uploads\/2021\/07\/7addcc24-2a26-4574-91f1-482b55037d35-150x150.jpg\" class=\"attachment-thumbnail size-thumbnail\" alt=\"\" \/><\/a>\n\t\t\t\t<\/dt><\/dl><dl class='gallery-item'>\n\t\t\t\t<dt class='gallery-icon landscape'>\n\t\t\t\t\t<a class=\"rollover rollover-zoom dt-pswp-item\" title=\"854520b6-4f25-46fe-ade4-9c2701798859\" data-dt-img-description=\"\" data-large_image_width=\"1024\" data-large_image_height=\"768\"href='https:\/\/www.radiopiu.net\/wordpress\/wp-content\/uploads\/2021\/07\/854520b6-4f25-46fe-ade4-9c2701798859.jpg'><img loading=\"lazy\" decoding=\"async\" width=\"150\" height=\"150\" src=\"https:\/\/www.radiopiu.net\/wordpress\/wp-content\/uploads\/2021\/07\/854520b6-4f25-46fe-ade4-9c2701798859-150x150.jpg\" class=\"attachment-thumbnail size-thumbnail\" alt=\"\" \/><\/a>\n\t\t\t\t<\/dt><\/dl><dl class='gallery-item'>\n\t\t\t\t<dt class='gallery-icon landscape'>\n\t\t\t\t\t<a class=\"rollover rollover-zoom dt-pswp-item\" title=\"d58a9ae5-0ecd-4878-a9c5-cf11c02dbc37\" data-dt-img-description=\"\" data-large_image_width=\"1024\" data-large_image_height=\"768\"href='https:\/\/www.radiopiu.net\/wordpress\/wp-content\/uploads\/2021\/07\/d58a9ae5-0ecd-4878-a9c5-cf11c02dbc37.jpg'><img loading=\"lazy\" decoding=\"async\" width=\"150\" height=\"150\" src=\"https:\/\/www.radiopiu.net\/wordpress\/wp-content\/uploads\/2021\/07\/d58a9ae5-0ecd-4878-a9c5-cf11c02dbc37-150x150.jpg\" class=\"attachment-thumbnail size-thumbnail\" alt=\"\" \/><\/a>\n\t\t\t\t<\/dt><\/dl><br style=\"clear: both\" \/>\n\t\t\t<\/div>\n<\/blockquote>\n<p><span style=\"color: #ff0000;\">VIDEO, MANUEL RONCAT<\/span><\/p>\n<div style=\"width: 848px;\" class=\"wp-video\"><video class=\"wp-video-shortcode\" id=\"video-221428-1\" width=\"848\" height=\"480\" preload=\"metadata\" controls=\"controls\"><source type=\"video\/mp4\" src=\"https:\/\/www.radiopiu.net\/wordpress\/wp-content\/uploads\/2021\/07\/WhatsApp-Video-2021-07-13-at-05.45.29.mp4?_=1\" \/><a href=\"https:\/\/www.radiopiu.net\/wordpress\/wp-content\/uploads\/2021\/07\/WhatsApp-Video-2021-07-13-at-05.45.29.mp4\">https:\/\/www.radiopiu.net\/wordpress\/wp-content\/uploads\/2021\/07\/WhatsApp-Video-2021-07-13-at-05.45.29.mp4<\/a><\/video><\/div>\n<p>&nbsp;<\/p>\n<p>&nbsp;<\/p>\n<hr \/>\n<p>&nbsp;<\/p>\n<p>&nbsp;<\/p>\n<blockquote>\n<h3>VIGILI DEL FUOCO A SIRENE SPIEGATE&#8230; FINO A LE LONIE E RITORNO<\/h3>\n<\/blockquote>\n<p><strong>RIVAMONTE\u00a0 <\/strong>Bruciava fieno, comunque sterpaglia,\u00a0 in prossimit\u00e0 del bosco, il fumo lo si \u00e8 visto eccome dalla tangenziale di Agordo e al 115 sono arrivate le telefonate. I pompieri di Agordo sono saliti fino alla frazione Le Lonie,\u00a0 il fuoco nel frattempo \u00e8 stato spento ma i vigili avranno sicuramente avuto qualche cosa da dire al proprietario del terreno come ad esempio che non \u00e8\u00a0 certamente &#8211; al di l\u00e0 dei divieti &#8211; il periodo migliore per accendere fuochi in prossimit\u00e0 del bosco.<\/p>\n\n\t\t\t<style type='text\/css'>\n\t\t\t\t#gallery-2 {\n\t\t\t\t\tmargin: auto;\n\t\t\t\t}\n\t\t\t\t#gallery-2 .gallery-item {\n\t\t\t\t\tfloat: left;\n\t\t\t\t\tmargin-top: 10px;\n\t\t\t\t\ttext-align: center;\n\t\t\t\t\twidth: 50%;\n\t\t\t\t}\n\t\t\t\t#gallery-2 img {\n\t\t\t\t\tborder: 2px solid #cfcfcf;\n\t\t\t\t}\n\t\t\t\t#gallery-2 .gallery-caption {\n\t\t\t\t\tmargin-left: 0;\n\t\t\t\t}\n\t\t\t\t\/* see gallery_shortcode() in wp-includes\/media.php *\/\n\t\t\t<\/style>\n\t\t<div id='gallery-2' class='dt-gallery-container gallery galleryid-221428 gallery-columns-2 gallery-size-medium'><dl class='gallery-item'>\n\t\t\t\t<dt class='gallery-icon landscape'>\n\t\t\t\t\t<a class=\"rollover rollover-zoom dt-pswp-item\" title=\"ec0c2839-54b7-46d5-abd4-e014096317cf\" data-dt-img-description=\"\" data-large_image_width=\"2000\" data-large_image_height=\"1500\"href='https:\/\/www.radiopiu.net\/wordpress\/wp-content\/uploads\/2021\/07\/ec0c2839-54b7-46d5-abd4-e014096317cf.jpg'><img loading=\"lazy\" decoding=\"async\" width=\"300\" height=\"225\" src=\"https:\/\/www.radiopiu.net\/wordpress\/wp-content\/uploads\/2021\/07\/ec0c2839-54b7-46d5-abd4-e014096317cf-300x225.jpg\" class=\"attachment-medium size-medium\" alt=\"\" srcset=\"https:\/\/www.radiopiu.net\/wordpress\/wp-content\/uploads\/2021\/07\/ec0c2839-54b7-46d5-abd4-e014096317cf-300x225.jpg 300w, https:\/\/www.radiopiu.net\/wordpress\/wp-content\/uploads\/2021\/07\/ec0c2839-54b7-46d5-abd4-e014096317cf-1024x768.jpg 1024w, https:\/\/www.radiopiu.net\/wordpress\/wp-content\/uploads\/2021\/07\/ec0c2839-54b7-46d5-abd4-e014096317cf-768x576.jpg 768w, https:\/\/www.radiopiu.net\/wordpress\/wp-content\/uploads\/2021\/07\/ec0c2839-54b7-46d5-abd4-e014096317cf-1536x1152.jpg 1536w, https:\/\/www.radiopiu.net\/wordpress\/wp-content\/uploads\/2021\/07\/ec0c2839-54b7-46d5-abd4-e014096317cf.jpg 2000w\" sizes=\"auto, (max-width: 300px) 100vw, 300px\" \/><\/a>\n\t\t\t\t<\/dt><\/dl><dl class='gallery-item'>\n\t\t\t\t<dt class='gallery-icon landscape'>\n\t\t\t\t\t<a class=\"rollover rollover-zoom dt-pswp-item\" title=\"011ae64b-4e0d-4701-9a48-8b32a982395a\" data-dt-img-description=\"\" data-large_image_width=\"2048\" data-large_image_height=\"1536\"href='https:\/\/www.radiopiu.net\/wordpress\/wp-content\/uploads\/2021\/07\/011ae64b-4e0d-4701-9a48-8b32a982395a.jpg'><img loading=\"lazy\" decoding=\"async\" width=\"300\" height=\"225\" src=\"https:\/\/www.radiopiu.net\/wordpress\/wp-content\/uploads\/2021\/07\/011ae64b-4e0d-4701-9a48-8b32a982395a-300x225.jpg\" class=\"attachment-medium size-medium\" alt=\"\" srcset=\"https:\/\/www.radiopiu.net\/wordpress\/wp-content\/uploads\/2021\/07\/011ae64b-4e0d-4701-9a48-8b32a982395a-300x225.jpg 300w, https:\/\/www.radiopiu.net\/wordpress\/wp-content\/uploads\/2021\/07\/011ae64b-4e0d-4701-9a48-8b32a982395a-1024x768.jpg 1024w, https:\/\/www.radiopiu.net\/wordpress\/wp-content\/uploads\/2021\/07\/011ae64b-4e0d-4701-9a48-8b32a982395a-768x576.jpg 768w, https:\/\/www.radiopiu.net\/wordpress\/wp-content\/uploads\/2021\/07\/011ae64b-4e0d-4701-9a48-8b32a982395a-1536x1152.jpg 1536w, https:\/\/www.radiopiu.net\/wordpress\/wp-content\/uploads\/2021\/07\/011ae64b-4e0d-4701-9a48-8b32a982395a.jpg 2048w\" sizes=\"auto, (max-width: 300px) 100vw, 300px\" \/><\/a>\n\t\t\t\t<\/dt><\/dl><br style=\"clear: both\" \/>\n\t\t\t<\/div>\n\n<p>&nbsp;<\/p>\n<p>&nbsp;<\/p>\n<hr \/>\n<p>&nbsp;<\/p>\n<h3>VI MANCA UNA BICICLETTA DA UN PAIO DI SETTIMANE?<\/h3>\n<h3><strong><a href=\"https:\/\/www.radiopiu.net\/wordpress\/vi-manca-una-bicicletta-da-un-paio-di-settimane\/bb26c1d0-1c0d-41e6-accf-9f66474bd6d9\/\" rel=\"attachment wp-att-221336\"><img loading=\"lazy\" decoding=\"async\" class=\" wp-image-221336 alignleft\" src=\"https:\/\/www.radiopiu.net\/wordpress\/wp-content\/uploads\/2021\/07\/bb26c1d0-1c0d-41e6-accf-9f66474bd6d9-300x146.jpg\" alt=\"\" width=\"209\" height=\"101\" srcset=\"https:\/\/www.radiopiu.net\/wordpress\/wp-content\/uploads\/2021\/07\/bb26c1d0-1c0d-41e6-accf-9f66474bd6d9-300x146.jpg 300w, https:\/\/www.radiopiu.net\/wordpress\/wp-content\/uploads\/2021\/07\/bb26c1d0-1c0d-41e6-accf-9f66474bd6d9-1024x498.jpg 1024w, https:\/\/www.radiopiu.net\/wordpress\/wp-content\/uploads\/2021\/07\/bb26c1d0-1c0d-41e6-accf-9f66474bd6d9-768x373.jpg 768w, https:\/\/www.radiopiu.net\/wordpress\/wp-content\/uploads\/2021\/07\/bb26c1d0-1c0d-41e6-accf-9f66474bd6d9-1536x746.jpg 1536w, https:\/\/www.radiopiu.net\/wordpress\/wp-content\/uploads\/2021\/07\/bb26c1d0-1c0d-41e6-accf-9f66474bd6d9.jpg 2048w\" sizes=\"auto, (max-width: 209px) 100vw, 209px\" \/><\/a>AGORDO\u00a0 <em>&#8220;Prendo la bicicletta, cio\u00e8 la rubo, la uso e poi la lascio da qualche parte&#8221;<\/em> Succede spesso nell&#8217;Agordino non \u00e8 una novit\u00e0 le segnalazioni sono continue, a volte il velocipede viene ritrovato sotto al ponte in mezzo all&#8217;acqua del torrente, altre volte gettato alla meno peggio contro un muro oppure come in questo caso abbandonato lungo la strada. Questa bicicletta \u00e8 appoggiata ai cespugli da almeno\u00a0 due settimane\u00a0 nei pressi della rotonda di Brugnach, direzione Campagna<\/strong><\/h3>\n<p>&nbsp;<\/p>\n<hr \/>\n<p>&nbsp;<\/p>\n<blockquote><p><strong>VENTENNI TROPPO STANCHI PER TORNARE AL RIFUGIO CON LE LORO GAMBE, NESSUNO PROBLEMA IN QUESTI CASI BASTA CHIAMARE L&#8217;ELICOTTERO, TANTO SE SEI ASSICURATO NESSUNO PRESENTA IL CONTO&#8230;<\/strong><\/p>\n<p><strong><img loading=\"lazy\" decoding=\"async\" class=\"alignleft\" src=\"https:\/\/www.radiopiu.net\/wordpress\/wp-content\/uploads\/2021\/04\/IMG-20210424-WA0017.jpg\" width=\"180\" height=\"135\" \/>AURONZO<\/strong>\u00a0 Sui Cadini di Misurina una coppia di escursionisti tedeschi di 22 e 24 anni ha chiamato in aiuto il Soccorso Alpino perch\u00e8 erano tanto stanchi. I due sono stati recuperati in due rotazioni e trasportati\u00a0 al Rifugio Citt\u00e0 di Carpi, non solo\u00a0 sono stati\u00a0 anche riaccompagnati a valle da una squadra del Sagf, poich\u00e9\u00a0 hanno detto di non essere in grado di camminare.<\/p><\/blockquote>\n<p><strong>CORTINA<\/strong> L&#8217;eliambulanza ha tentato di avvicinarsi alla cima della Tofana di Mezzo, dove si trovava un turista tedesco arrivato dopo aver completato la Ferrata di Punta Anna. L&#8217;uomo aveva chiamato sfinito e non pi\u00f9 capace di proseguire. Purtroppo la nebbia non ha permesso il recupero. In contatto telefonico con il Soccorso alpino di Cortina, l&#8217;escursionista, che stava bene, ha passato\u00a0 la notte nel bivacco dell&#8217;arrivo della funivia.\u00a0 Oggi a piedi o con l&#8217;elicottero i volontari lo andranno a recuperare.<\/p>\n<p>&nbsp;<\/p>\n<hr \/>\n<blockquote>\n<h3><\/h3>\n<h3>COVID IN PROVINCIA: L&#8217;AREA DEL FELTRINO LA PIU&#8217; COLPITA. NEGLI ULTIMI 7 GIORNI REGISTRATI 28 NUOVI POSITIVI, DI CUI 8 NELLE ULTIME 48 ORE<\/h3>\n<\/blockquote>\n<p><strong>BELLUNO<\/strong> L&#8217;ULSS 1 Dolomiti fa il punto settimanale sulla situazione epidemiologica in provincia di Belluno<\/p>\n<p><a href=\"https:\/\/www.radiopiu.net\/wordpress\/covid-in-provincia-larea-del-feltrino-la-piu-colpita-negli-ultimi-7-giorni-registrati-28-nuovi-positivi-di-cui-8-nelle-ultime-48-ore\/1-83\/\" rel=\"attachment wp-att-221389\"><img loading=\"lazy\" decoding=\"async\" class=\"alignnone wp-image-221389 size-full\" src=\"https:\/\/www.radiopiu.net\/wordpress\/wp-content\/uploads\/2021\/07\/1.jpg\" alt=\"\" width=\"966\" height=\"454\" srcset=\"https:\/\/www.radiopiu.net\/wordpress\/wp-content\/uploads\/2021\/07\/1.jpg 966w, https:\/\/www.radiopiu.net\/wordpress\/wp-content\/uploads\/2021\/07\/1-300x141.jpg 300w, https:\/\/www.radiopiu.net\/wordpress\/wp-content\/uploads\/2021\/07\/1-768x361.jpg 768w\" sizes=\"auto, (max-width: 966px) 100vw, 966px\" \/><\/a><\/p>\n<p>&nbsp;<\/p>\n<p>Il grafico sopra riportato rappresenta la curva epidemica relativa alla seconda e terza fase dello sviluppo pandemico nel nostro territorio. Appare evidente l\u2019attuale fase di bassa casistica, con piccole ma significative evidenze numeriche derivanti come noto dall\u2019area feltrina.<\/p>\n<p><strong><u>Tamponi: <\/u><\/strong>A ieri mattina alle ore 8.00, dall\u2019inizio dell\u2019epidemia, sono stati effettuati: 290 mila tamponi molecolari, 208 mila tamponi antigenici. <strong><u>L\u2019accesso al tampone raccomandato anche per semplice controllo di routine \u00e8 libero e gratuito in tutti i covid point del territorio. <\/u><\/strong><\/p>\n<p><strong><u>Incidenza settimanale per comune: <\/u><\/strong>Negli ultimi 7 giorni sono stati rilevati in Ulss Dolomiti 28 nuovi casi covid. Per effetto della nuova casistica sopra segnalata, L&#8217;incidenza settimanale registrata in provincia \u00e8 pari a 14 per 100 mila abitanti, di poco superiore all&#8217;incidenza nazionale (13 su 100 mila abitanti). Nelle ultime 48 ore sono emerse 8 nuove positivit\u00e0 tutte riconducibili all\u2019area Feltrina.<\/p>\n<p><a href=\"https:\/\/www.radiopiu.net\/wordpress\/covid-in-provincia-larea-del-feltrino-la-piu-colpita-negli-ultimi-7-giorni-registrati-28-nuovi-positivi-di-cui-8-nelle-ultime-48-ore\/2-89\/\" rel=\"attachment wp-att-221390\"><img loading=\"lazy\" decoding=\"async\" class=\"alignnone wp-image-221390 \" src=\"https:\/\/www.radiopiu.net\/wordpress\/wp-content\/uploads\/2021\/07\/2.jpg\" alt=\"\" width=\"192\" height=\"198\" srcset=\"https:\/\/www.radiopiu.net\/wordpress\/wp-content\/uploads\/2021\/07\/2.jpg 966w, https:\/\/www.radiopiu.net\/wordpress\/wp-content\/uploads\/2021\/07\/2-290x300.jpg 290w, https:\/\/www.radiopiu.net\/wordpress\/wp-content\/uploads\/2021\/07\/2-768x793.jpg 768w\" sizes=\"auto, (max-width: 192px) 100vw, 192px\" \/><\/a><\/p>\n<p>&nbsp;<\/p>\n<p>&nbsp;<\/p>\n<p>&nbsp;<\/p>\n<p>&nbsp;<\/p>\n<hr \/>\n<p>&nbsp;<\/p>\n<blockquote>\n<h3>LICENZIAMENTI A SEDICO, BONA &#8220;DALLA CRISI DI ESCE CON I LAVORATORI E NON CONTRO&#8221;<\/h3>\n<\/blockquote>\n<p><strong><a href=\"https:\/\/www.radiopiu.net\/wordpress\/?attachment_id=221332\" rel=\"attachment wp-att-221332\"><img loading=\"lazy\" decoding=\"async\" class=\" wp-image-221332 alignleft\" src=\"https:\/\/www.radiopiu.net\/wordpress\/wp-content\/uploads\/2021\/07\/xx-300x152.jpg\" alt=\"\" width=\"255\" height=\"129\" srcset=\"https:\/\/www.radiopiu.net\/wordpress\/wp-content\/uploads\/2021\/07\/xx-300x152.jpg 300w, https:\/\/www.radiopiu.net\/wordpress\/wp-content\/uploads\/2021\/07\/xx-768x390.jpg 768w, https:\/\/www.radiopiu.net\/wordpress\/wp-content\/uploads\/2021\/07\/xx.jpg 960w\" sizes=\"auto, (max-width: 255px) 100vw, 255px\" \/><\/a>BELLUNO<\/strong> C&#8217;\u00e8 molta amarezza nelle parole di Stefano Bona il rappresentante sindacale della Cgil che mettono in evidenza le criticit\u00e0 del post pandemia, perch\u00e9 anche a Sedico come alla Giannetti ruote o alla Gkn di Campi Bisanzio\u00a0 (pur con le dovute proporzioni) \u00e8 scattato il licenziamento dei lavoratori senza alcun ricorso ai previsti ammortizzatori sociali anche a favore delle aziende.<\/p>\n<blockquote><p><em>&#8220;Alla Focus srl di Sedico\u00a0 &#8211; spiega Stefano Bona &#8211; un giorno dopo lo sblocco dei licenziamenti\u00a0 tre lavoratori hanno ricevuto\u00a0 la lettera di licenziamento per motivi oggettivi. La Fiom di Belluno ritiene queste decisioni gravi e lesive della dignit\u00e0 dei lavoratori, che, alcuni per oltre 25 anni, hanno contribuito in modo significativo agli utili dell&#8217;azienda. Dalla crisi si esce con i lavoratori e non contro&#8221;<\/em><\/p><\/blockquote>\n<p>&nbsp;<\/p>\n<hr \/>\n<p>&nbsp;<\/p>\n<blockquote>\n<h3>PROBABILI FORTI ROVESCI SUL VENETO<\/h3>\n<\/blockquote>\n<p><strong><a href=\"https:\/\/www.radiopiu.net\/wordpress\/meteo-fino-al-mattino-di-lunedi-8-giugno-stato-di-attenzione-per-possibili-temporali-intensi\/fulmine-meteo-maltempo\/\" rel=\"attachment wp-att-142852\"><img loading=\"lazy\" decoding=\"async\" class=\" wp-image-142852 alignleft\" src=\"https:\/\/www.radiopiu.net\/wordpress\/wp-content\/uploads\/2020\/06\/FULMINE-METEO-MALTEMPO-300x199.jpg\" alt=\"\" width=\"175\" height=\"116\" srcset=\"https:\/\/www.radiopiu.net\/wordpress\/wp-content\/uploads\/2020\/06\/FULMINE-METEO-MALTEMPO-300x199.jpg 300w, https:\/\/www.radiopiu.net\/wordpress\/wp-content\/uploads\/2020\/06\/FULMINE-METEO-MALTEMPO-1024x678.jpg 1024w, https:\/\/www.radiopiu.net\/wordpress\/wp-content\/uploads\/2020\/06\/FULMINE-METEO-MALTEMPO-768x508.jpg 768w, https:\/\/www.radiopiu.net\/wordpress\/wp-content\/uploads\/2020\/06\/FULMINE-METEO-MALTEMPO-1536x1017.jpg 1536w, https:\/\/www.radiopiu.net\/wordpress\/wp-content\/uploads\/2020\/06\/FULMINE-METEO-MALTEMPO.jpg 1920w\" sizes=\"auto, (max-width: 175px) 100vw, 175px\" \/><\/a>VENEZIA <\/strong>Le previsioni metereologiche del Veneto segnalano dalle ore centrali di oggi fino alle prime ore di domani tempo instabile con rovesci e temporali sparsi, a tratti diffusi. Saranno possibili fenomeni localmente intensi (forti rovesci, forti raffiche di vento, grandinate anche forti) con quantitativi di pioggia anche consistenti. Considerati i fenomeni meteorologici previsti, la criticit\u00e0 idrogeologica attesa \u00e8 riferita allo scenario per temporali forti. Il Centro Funzionale Decentrato della Protezione Civile della Regione ha emesso un avviso di criticit\u00e0 idrogeologica, fissando &#8211; dalle 12.00 di oggi fino alle 8.00 di domani &#8211; lo stato di Attenzione (allerta gialla) per la rete idraulica secondaria di tutti i bacini del territorio regionale. Le previsioni riferiscono, inoltre, che rispetto ad oggi, domani \u00e8 previsto un abbassamento sensibile delle temperature che proseguir\u00e0 anche nella giornata di mercoled\u00ec.<\/p>\n<p><a href=\"https:\/\/www.radiopiu.net\/wordpress\/meteo-dalle-ore-centrali-di-domani-probabili-forti-rovesci-sul-veneto-stato-di-attenzione-per-la-rete-idraulica-secondaria-dei-bacini-della-regione\/schermata-2021-07-12-alle-15-18-49\/\" rel=\"attachment wp-att-221356\"><img loading=\"lazy\" decoding=\"async\" class=\"alignnone wp-image-221356 size-large\" src=\"https:\/\/www.radiopiu.net\/wordpress\/wp-content\/uploads\/2021\/07\/Schermata-2021-07-12-alle-15.18.49-1024x335.png\" alt=\"\" width=\"1024\" height=\"335\" srcset=\"https:\/\/www.radiopiu.net\/wordpress\/wp-content\/uploads\/2021\/07\/Schermata-2021-07-12-alle-15.18.49-1024x335.png 1024w, https:\/\/www.radiopiu.net\/wordpress\/wp-content\/uploads\/2021\/07\/Schermata-2021-07-12-alle-15.18.49-300x98.png 300w, https:\/\/www.radiopiu.net\/wordpress\/wp-content\/uploads\/2021\/07\/Schermata-2021-07-12-alle-15.18.49-768x251.png 768w, https:\/\/www.radiopiu.net\/wordpress\/wp-content\/uploads\/2021\/07\/Schermata-2021-07-12-alle-15.18.49-1536x503.png 1536w, https:\/\/www.radiopiu.net\/wordpress\/wp-content\/uploads\/2021\/07\/Schermata-2021-07-12-alle-15.18.49.png 1680w\" sizes=\"auto, (max-width: 1024px) 100vw, 1024px\" \/><\/a><\/p>\n<p>&nbsp;<\/p>\n<hr \/>\n<p>&nbsp;<\/p>\n<blockquote class=\"wp-embedded-content\" data-secret=\"NtRhMMbhUs\"><p><a href=\"https:\/\/www.radiopiu.net\/wordpress\/aggiornamentolug12\/\">CORONAVIRUS: AGGIORNAMENTO NAZIONALE 12 LUGLIO  2021<\/a><\/p><\/blockquote>\n<p><iframe loading=\"lazy\" class=\"wp-embedded-content\" sandbox=\"allow-scripts\" security=\"restricted\" style=\"position: absolute; clip: rect(1px, 1px, 1px, 1px);\" title=\"&#8220;CORONAVIRUS: AGGIORNAMENTO NAZIONALE 12 LUGLIO  2021&#8221; &#8212; Radio Pi\u00f9\" src=\"https:\/\/www.radiopiu.net\/wordpress\/aggiornamentolug12\/embed\/#?secret=NtRhMMbhUs\" data-secret=\"NtRhMMbhUs\" width=\"600\" height=\"338\" frameborder=\"0\" marginwidth=\"0\" marginheight=\"0\" scrolling=\"no\"><\/iframe><\/p>\n<p>&nbsp;<\/p>\n<blockquote class=\"wp-embedded-content\" data-secret=\"7hGEpYRKUr\"><p><a href=\"https:\/\/www.radiopiu.net\/wordpress\/nelle-ultime-24-ore20\/\">IN CRESCITA GLI ATTUALMENTE POSITIVI: +168 IN VENETO, + 9 IN PROVINCIA<\/a><\/p><\/blockquote>\n<p><iframe loading=\"lazy\" class=\"wp-embedded-content\" sandbox=\"allow-scripts\" security=\"restricted\" style=\"position: absolute; clip: rect(1px, 1px, 1px, 1px);\" title=\"&#8220;IN CRESCITA GLI ATTUALMENTE POSITIVI: +168 IN VENETO, + 9 IN PROVINCIA&#8221; &#8212; Radio Pi\u00f9\" src=\"https:\/\/www.radiopiu.net\/wordpress\/nelle-ultime-24-ore20\/embed\/#?secret=7hGEpYRKUr\" data-secret=\"7hGEpYRKUr\" width=\"600\" height=\"338\" frameborder=\"0\" marginwidth=\"0\" marginheight=\"0\" scrolling=\"no\"><\/iframe><\/p>\n<p>&nbsp;<\/p>\n<h3>I GRAFICI DI TIZIANO DE COL<\/h3>\n\n\t\t\t<style type='text\/css'>\n\t\t\t\t#gallery-3 {\n\t\t\t\t\tmargin: auto;\n\t\t\t\t}\n\t\t\t\t#gallery-3 .gallery-item {\n\t\t\t\t\tfloat: left;\n\t\t\t\t\tmargin-top: 10px;\n\t\t\t\t\ttext-align: center;\n\t\t\t\t\twidth: 20%;\n\t\t\t\t}\n\t\t\t\t#gallery-3 img {\n\t\t\t\t\tborder: 2px solid #cfcfcf;\n\t\t\t\t}\n\t\t\t\t#gallery-3 .gallery-caption {\n\t\t\t\t\tmargin-left: 0;\n\t\t\t\t}\n\t\t\t\t\/* see gallery_shortcode() in wp-includes\/media.php *\/\n\t\t\t<\/style>\n\t\t<div id='gallery-3' class='dt-gallery-container gallery galleryid-221428 gallery-columns-5 gallery-size-medium'><dl class='gallery-item'>\n\t\t\t\t<dt class='gallery-icon landscape'>\n\t\t\t\t\t<a class=\"rollover rollover-zoom dt-pswp-item\" title=\"a8d6e8e2-48fd-470d-a0bd-6fd54eb45faf\" data-dt-img-description=\"\" data-large_image_width=\"606\" data-large_image_height=\"351\"href='https:\/\/www.radiopiu.net\/wordpress\/wp-content\/uploads\/2021\/07\/a8d6e8e2-48fd-470d-a0bd-6fd54eb45faf.jpg'><img loading=\"lazy\" decoding=\"async\" width=\"300\" height=\"174\" src=\"https:\/\/www.radiopiu.net\/wordpress\/wp-content\/uploads\/2021\/07\/a8d6e8e2-48fd-470d-a0bd-6fd54eb45faf-300x174.jpg\" class=\"attachment-medium size-medium\" alt=\"\" srcset=\"https:\/\/www.radiopiu.net\/wordpress\/wp-content\/uploads\/2021\/07\/a8d6e8e2-48fd-470d-a0bd-6fd54eb45faf-300x174.jpg 300w, https:\/\/www.radiopiu.net\/wordpress\/wp-content\/uploads\/2021\/07\/a8d6e8e2-48fd-470d-a0bd-6fd54eb45faf.jpg 606w\" sizes=\"auto, (max-width: 300px) 100vw, 300px\" \/><\/a>\n\t\t\t\t<\/dt><\/dl><dl class='gallery-item'>\n\t\t\t\t<dt class='gallery-icon landscape'>\n\t\t\t\t\t<a class=\"rollover rollover-zoom dt-pswp-item\" title=\"348cb121-c9b9-45a6-af99-1a47da902d0e\" data-dt-img-description=\"\" data-large_image_width=\"602\" data-large_image_height=\"354\"href='https:\/\/www.radiopiu.net\/wordpress\/wp-content\/uploads\/2021\/07\/348cb121-c9b9-45a6-af99-1a47da902d0e.jpg'><img loading=\"lazy\" decoding=\"async\" width=\"300\" height=\"176\" src=\"https:\/\/www.radiopiu.net\/wordpress\/wp-content\/uploads\/2021\/07\/348cb121-c9b9-45a6-af99-1a47da902d0e-300x176.jpg\" class=\"attachment-medium size-medium\" alt=\"\" srcset=\"https:\/\/www.radiopiu.net\/wordpress\/wp-content\/uploads\/2021\/07\/348cb121-c9b9-45a6-af99-1a47da902d0e-300x176.jpg 300w, https:\/\/www.radiopiu.net\/wordpress\/wp-content\/uploads\/2021\/07\/348cb121-c9b9-45a6-af99-1a47da902d0e.jpg 602w\" sizes=\"auto, (max-width: 300px) 100vw, 300px\" \/><\/a>\n\t\t\t\t<\/dt><\/dl><dl class='gallery-item'>\n\t\t\t\t<dt class='gallery-icon landscape'>\n\t\t\t\t\t<a class=\"rollover rollover-zoom dt-pswp-item\" title=\"d3e0742c-ab60-460f-86ce-8512938fe96c\" data-dt-img-description=\"\" data-large_image_width=\"590\" data-large_image_height=\"359\"href='https:\/\/www.radiopiu.net\/wordpress\/wp-content\/uploads\/2021\/07\/d3e0742c-ab60-460f-86ce-8512938fe96c.jpg'><img loading=\"lazy\" decoding=\"async\" width=\"300\" height=\"183\" src=\"https:\/\/www.radiopiu.net\/wordpress\/wp-content\/uploads\/2021\/07\/d3e0742c-ab60-460f-86ce-8512938fe96c-300x183.jpg\" class=\"attachment-medium size-medium\" alt=\"\" srcset=\"https:\/\/www.radiopiu.net\/wordpress\/wp-content\/uploads\/2021\/07\/d3e0742c-ab60-460f-86ce-8512938fe96c-300x183.jpg 300w, https:\/\/www.radiopiu.net\/wordpress\/wp-content\/uploads\/2021\/07\/d3e0742c-ab60-460f-86ce-8512938fe96c.jpg 590w\" sizes=\"auto, (max-width: 300px) 100vw, 300px\" \/><\/a>\n\t\t\t\t<\/dt><\/dl><dl class='gallery-item'>\n\t\t\t\t<dt class='gallery-icon landscape'>\n\t\t\t\t\t<a class=\"rollover rollover-zoom dt-pswp-item\" title=\"25963fbc-365e-4993-bd0f-4a950cb9f659\" data-dt-img-description=\"\" data-large_image_width=\"610\" data-large_image_height=\"350\"href='https:\/\/www.radiopiu.net\/wordpress\/wp-content\/uploads\/2021\/07\/25963fbc-365e-4993-bd0f-4a950cb9f659.jpg'><img loading=\"lazy\" decoding=\"async\" width=\"300\" height=\"172\" src=\"https:\/\/www.radiopiu.net\/wordpress\/wp-content\/uploads\/2021\/07\/25963fbc-365e-4993-bd0f-4a950cb9f659-300x172.jpg\" class=\"attachment-medium size-medium\" alt=\"\" srcset=\"https:\/\/www.radiopiu.net\/wordpress\/wp-content\/uploads\/2021\/07\/25963fbc-365e-4993-bd0f-4a950cb9f659-300x172.jpg 300w, https:\/\/www.radiopiu.net\/wordpress\/wp-content\/uploads\/2021\/07\/25963fbc-365e-4993-bd0f-4a950cb9f659.jpg 610w\" sizes=\"auto, (max-width: 300px) 100vw, 300px\" \/><\/a>\n\t\t\t\t<\/dt><\/dl><dl class='gallery-item'>\n\t\t\t\t<dt class='gallery-icon landscape'>\n\t\t\t\t\t<a class=\"rollover rollover-zoom dt-pswp-item\" title=\"e0a5645e-2864-4c08-9286-aee053cb96a9\" data-dt-img-description=\"\" data-large_image_width=\"608\" data-large_image_height=\"353\"href='https:\/\/www.radiopiu.net\/wordpress\/wp-content\/uploads\/2021\/07\/e0a5645e-2864-4c08-9286-aee053cb96a9.jpg'><img loading=\"lazy\" decoding=\"async\" width=\"300\" height=\"174\" src=\"https:\/\/www.radiopiu.net\/wordpress\/wp-content\/uploads\/2021\/07\/e0a5645e-2864-4c08-9286-aee053cb96a9-300x174.jpg\" class=\"attachment-medium size-medium\" alt=\"\" srcset=\"https:\/\/www.radiopiu.net\/wordpress\/wp-content\/uploads\/2021\/07\/e0a5645e-2864-4c08-9286-aee053cb96a9-300x174.jpg 300w, https:\/\/www.radiopiu.net\/wordpress\/wp-content\/uploads\/2021\/07\/e0a5645e-2864-4c08-9286-aee053cb96a9.jpg 608w\" sizes=\"auto, (max-width: 300px) 100vw, 300px\" \/><\/a>\n\t\t\t\t<\/dt><\/dl><br style=\"clear: both\" \/>\n\t\t\t<\/div>\n\n<p>&nbsp;<\/p>\n<p>&nbsp;<\/p>\n<hr \/>\n<p>&nbsp;<\/p>\n<blockquote>\n<h3>ESSILORLUXOTTICA CREA UN HUB DEDICATO AGLI SMART GLASSES IN FRANCIA<\/h3>\n<\/blockquote>\n<p><span class=\"s1\"><strong><a href=\"https:\/\/www.radiopiu.net\/wordpress\/essilorluxottica-le-novita-dallassemblea-degli-azionisti-il-nuovo-consiglio-di-amministrazione-e-i-dividenti-delle-azioni\/essilorluxottica-2\/\" rel=\"attachment wp-att-193540\"><img loading=\"lazy\" decoding=\"async\" class=\"size-medium wp-image-193540 alignleft\" src=\"https:\/\/www.radiopiu.net\/wordpress\/wp-content\/uploads\/2021\/02\/ESSILORLUXOTTICA-300x170.png\" alt=\"\" width=\"300\" height=\"170\" srcset=\"https:\/\/www.radiopiu.net\/wordpress\/wp-content\/uploads\/2021\/02\/ESSILORLUXOTTICA-300x170.png 300w, https:\/\/www.radiopiu.net\/wordpress\/wp-content\/uploads\/2021\/02\/ESSILORLUXOTTICA-1024x579.png 1024w, https:\/\/www.radiopiu.net\/wordpress\/wp-content\/uploads\/2021\/02\/ESSILORLUXOTTICA-768x434.png 768w, https:\/\/www.radiopiu.net\/wordpress\/wp-content\/uploads\/2021\/02\/ESSILORLUXOTTICA.png 1320w\" sizes=\"auto, (max-width: 300px) 100vw, 300px\" \/><\/a>CHARENTON-LE-PONT, FRANCIA<\/strong> EssilorLuxottica annuncia la creazione di un centro di innovazione tecnologica in Francia dedicato a rafforzare le conoscenze e a espandere le competenze in ambito elettrocromico1 e sugli smart glasses. Con oltre dieci anni di esperienza nella ricerca e sviluppo in questo ambito, la Societ\u00e0 intende accelerare lo sviluppo di iniziative che rispondano alle esigenze dei consumatori in continua evoluzione per cogliere appieno il potenziale del segmento delle tecnologie wearable. Situato all&#8217;interno del sito di Dijion, in Francia, il nuovo Smart Eyewear Technologies Center coordiner\u00e0 gli altri centri R&amp;D e produttivi con sede a Tolosa e Cr\u00e9teil (Francia), e collaborer\u00e0 strettamente con i team di R&amp;D ad Agordo (Italia). Riunendo pi\u00f9 di 50 tra i principali esperti in materia, l\u2019hub consentir\u00e0 a EssilorLuxottica di coprire l&#8217;intera catena del valore, dalla ricerca iniziale fino alla produzione. EssilorLuxottica potr\u00e0 combinare economie di scala, capacit\u00e0 produttive e ingegneristiche e risorse uniche, riunendo sotto lo stesso tetto il meglio delle tecnologie e del design per lenti e montature. Questa nuova struttura andr\u00e0 a integrare la rete globale di R&amp;D della Societ\u00e0 in tutte le aree geografiche. EssilorLuxottica ha in programma investimenti significativi sul sito di Dijion con l\u2019obiettivo di potenziare i team e le attrezzature, grazie a nuove assunzioni entro la fine dell&#8217;anno e attraverso l&#8217;ampliamento del sito esistente, con la creazione di una camera bianca di ultima generazione. L\u2019hub entrer\u00e0 in funzione entro la fine del 2021 mentre il lancio delle prime innovazioni \u00e8 previsto nel prossimo futuro. Grazie alle sue capacit\u00e0 di innovazione in ambito elettrocromico e negli smart glasses, la Societ\u00e0 ha stretto diverse partnership con enti pubblici, tra cui il Centro nazionale francese per la ricerca scientifica (&#8220;Centre national de la recherche scientifique&#8221; &#8211; CNRS) e l&#8217;Universit\u00e0 di Huddersfield, nel Regno Unito. Sono state inoltre avviate diverse importanti attivit\u00e0 con attori privati, tra cui le pi\u00f9 grandi aziende del panorama digitale ed elettronico mondiale. Gli investimenti industriali in Francia sono fondamentali per EssilorLuxottica per valorizzare la sua esperienza e le infrastrutture produttive e di ricerca nel paese. Alla fine dello scorso anno \u00e8 stata annunciata la realizzazione di un laboratorio di lenti oftalmiche all&#8217;avanguardia che ospiter\u00e0 circa 300 persone entro il 2024. Gli smart glasses sono una categoria di prodotto complessa che richiede la combinazione di diversi fattori: lenti tecnologicamente avanzate e montature sofisticate da un lato, ed elettronica, sensori e software dall\u2019altro, in aggiunta alle propriet\u00e0 ottiche delle lenti. Per realizzare innovazioni in questo campo, EssilorLuxottica potr\u00e0 far leva sulle competenze complementari di Essilor e Luxottica nella ricerca, progettazione, sviluppo, integrazione e produzione di lenti e montature, mantenendo una focalizzazione sulle tecnologie elettrocromiche e sugli smart glasses.<\/span><\/p>\n<p>&nbsp;<\/p>\n<p>&nbsp;<\/p>\n<hr \/>\n<p>&nbsp;<\/p>\n<blockquote>\n<h3>IL CONSIGLIO DELL&#8217;UNIONE MONTANA AGORDINA<\/h3>\n<\/blockquote>\n<p><strong>AGORDO <\/strong>Il consiglio dell&#8217;Unione Montana Agordina dalla sala Don Tamis di ieri sera presentava due soli punti all&#8217;ordine del giorno ma di notevole importanza. Il primo riferito alla raccolta dei rifiuti, come cambier\u00e0 in tutta la Provincia. Valpe Ambiente con Michele Rasera e Unione Montana (dopo gli incontri in conferenza dei sindaci) hanno presentato il nuovo progetto che viene valutato con attenzione, con grande attenzione perch\u00e9 non si ripeta quanto gi\u00e0 accaduto a suo tempo con il servizio idrico (GSP). Una storia che si ripete, la necessit\u00e0 di organizzarsi in &#8220;proprio&#8221; per evitare gare di appalto che potrebbero portare sul territorio chiss\u00e0 quale organizzazione per la raccolta dei rifiuti. Il secondo punto ha acceso i riflettori sul futuro della viabilit\u00e0 nell&#8217;Agordino. E&#8217; indiscutibile che in provincia pioveranno milioni di euro anche in ottica Olimpiadi 2021. L&#8217;Agordino si fa trovare pronto con progetti importanti, per il completamento della tangenziale di Agordo (da Ponte Alto fino ad oltre Le Campe bypassando il ponte sul Missiaga che diventa priorit\u00e0 assieme all&#8217;imbuto di Cencenighe <em>&#8220;Ad iniziare dal ponte del Ghirlo&#8221;<\/em> ha precisato il sindaco di Cencenighe Mauro Soppelsa. Nella diretta facebook-telegram di Radio Pi\u00f9 gli interventi di ieri sera in sala Don Tamis dove erano presenti la gran parte dei consiglieri, alcuni hanno preferito collegarsi in video conferenza.<\/p>\n<p>https:\/\/www.facebook.com\/radiopiu\/videos\/347271310283382<\/p>\n<p>&nbsp;<\/p>\n<hr \/>\n<p>&nbsp;<\/p>\n<blockquote>\n<h3>FABIO BRISTOT PORTA IN CONSIGLIO COMUNALE UN ORDINE DEL GIORNO PER RENDERE GRATUITA L&#8217;AUTOSTRADA A27<\/h3>\n<\/blockquote>\n<p><strong><a href=\"https:\/\/www.radiopiu.net\/wordpress\/fabio-bristot-porta-in-consiglio-comunale-un-ordine-del-giorno-per-rendere-gratuita-lautostrada-a27\/autostrada-a-27\/\" rel=\"attachment wp-att-221382\"><img loading=\"lazy\" decoding=\"async\" class=\"size-medium wp-image-221382 alignleft\" src=\"https:\/\/www.radiopiu.net\/wordpress\/wp-content\/uploads\/2021\/07\/AUTOSTRADA-A-27-300x300.png\" alt=\"\" width=\"300\" height=\"300\" srcset=\"https:\/\/www.radiopiu.net\/wordpress\/wp-content\/uploads\/2021\/07\/AUTOSTRADA-A-27-300x300.png 300w, https:\/\/www.radiopiu.net\/wordpress\/wp-content\/uploads\/2021\/07\/AUTOSTRADA-A-27-150x150.png 150w, https:\/\/www.radiopiu.net\/wordpress\/wp-content\/uploads\/2021\/07\/AUTOSTRADA-A-27-768x768.png 768w, https:\/\/www.radiopiu.net\/wordpress\/wp-content\/uploads\/2021\/07\/AUTOSTRADA-A-27.png 1024w\" sizes=\"auto, (max-width: 300px) 100vw, 300px\" \/><\/a>BELLUNO<\/strong> I cantieri non mancano sulla A27, specialmente in questo periodo. Dopo l&#8217;interrogazione preannunciata da Dario Bond che vuole portare in parlamento la richiesta di gratuit\u00e0 del tratto di strada interessato dai lavori, anche Fabio &#8220;Rufus&#8221; Bristot porta in consiglio comunale a Belluno la stessa richiesta. &#8220;<em>L<\/em><em>\u2019A27 rappresenta un\u2019arteria nevralgica per l\u2019asse nord-sud per tutto il Veneto e per l\u2019intero nord- est sia per la mobilita\u0300 delle persone sia per quella delle merci, rappresenta anche in modo particolare il collegamento diretto \u201cda\u201d e \u201cper\u201d la pianura per i cittadini bellunesi e soprattutto per quelli che quotidianamente affrontano per motivi di lavoro quell\u2019autostrada; inoltre anche il collegamento diretto \u201cda\u201d e \u201cper\u201d la pianura per i turisti che hanno scelto quale meta delle loro vacanze e\/o giornate di relax il Bellunese con particolare riferimento ai mesi estivi e a quelli invernali &#8211; dice Bristot &#8211; l\u2019A27 e\u0300 stata interessata per anni nel tratto Pian di Vedoia-Vittorio Veneto sud da cantieri \u201cdi prova\u201d per la possa di asfalti e conglomerati diversi, guard-rail e new-jersey, barriere fonoassorbenti, ecc. provocando i conseguenti cantieri, rallentamenti e disagi che solo in poche parti dell\u2019anno venivano eliminati o calmierati. Cantieri che anche per piu\u0300 sezioni contestuali dell\u2019A27 provocano restringimenti della careggiata e l\u2019istituzione di sensi di marcia ad una sola corsia anche per lunghi tratti, condizione che porta a percorrere i tratti in questione anche a velocita\u0300 inferiore ai 35\/40 km\/h<\/em>&#8220;. Il Gruppo Misto del comune di Belluno invita la Giunta a intraprendere le idonee iniziative tra le quali trasmette il presente atto al Presidente della Provincia di Belluno, a tutti i Sindaci della provincia di Belluno, al Sindaco di Vittorio Veneto e alla Societa\u0300 Autostrade per l\u2019Italia Spa, allo scopo di esercitare la dovuta e necessaria massa critica per eliminare sino alla completo termine di tutti i lavori attualmente in corso d\u2019opera ogni forma di pedaggio almeno nel tratto Pian di Vedoia\/Cadola \u2013 Vittorio Veneto sud e di valutare per i detentori di Telepass (nda: e\u0300 possibile valutare soprattutto per alcune categorie oltremodo vessate da questa perdurante situazione quali a titolo esemplificativo i pendolari) i dovuti conguagli, almeno per il periodo gennaio 2020-giorno di transito gratuito e a richiedere da subito la programmazione dei lavori 2022\/2024 e quali iniziative Societa\u0300 Autostrade per l\u2019Italia Spa intenda proporre agi utenti per calmierare disagi ormai cronicizzati e quali forme di ristoro che vanno applicate senza soluzione di continuita\u0300 nel tratto in considerazione.<\/p>\n<p>&nbsp;<\/p>\n<p>&nbsp;<\/p>\n<hr \/>\n<p>&nbsp;<\/p>\n<blockquote>\n<h3><a href=\"https:\/\/www.radiopiu.net\/wordpress\/giornale-radiopiu-26-ottobre-2020-direttore-mirko-mezzacasa\/protezione-civile-1\/\" rel=\"attachment wp-att-168417\"><img loading=\"lazy\" decoding=\"async\" class=\"wp-image-168417 alignleft\" src=\"https:\/\/www.radiopiu.net\/wordpress\/wp-content\/uploads\/2020\/10\/Protezione-Civile-1-300x225.jpeg\" alt=\"\" width=\"220\" height=\"165\" srcset=\"https:\/\/www.radiopiu.net\/wordpress\/wp-content\/uploads\/2020\/10\/Protezione-Civile-1-300x225.jpeg 300w, https:\/\/www.radiopiu.net\/wordpress\/wp-content\/uploads\/2020\/10\/Protezione-Civile-1-1024x768.jpeg 1024w, https:\/\/www.radiopiu.net\/wordpress\/wp-content\/uploads\/2020\/10\/Protezione-Civile-1-768x576.jpeg 768w, https:\/\/www.radiopiu.net\/wordpress\/wp-content\/uploads\/2020\/10\/Protezione-Civile-1-1536x1152.jpeg 1536w, https:\/\/www.radiopiu.net\/wordpress\/wp-content\/uploads\/2020\/10\/Protezione-Civile-1.jpeg 1600w\" sizes=\"auto, (max-width: 220px) 100vw, 220px\" \/><\/a>LA PROVINCIA INCONTRA I VOLONTARI DELLA PROTEZIONE CIVILE<\/h3>\n<\/blockquote>\n<p><strong>BELLUNO<\/strong> Dalla Provincia il grazie a\u00a0 uomini e donne della Protezione civile che in questi lunghi mesi hanno contribuito attivamente ad alleggerire la pressione sulle strutture sanitarie. Grazie al loro impegno e alla loro attivit\u00e0 volontaria, l\u2019emergenza \u00e8 diventata un lavoro normale nei centri vaccinali della provincia. Un grazie ribadito dal\u00a0 consigliere provinciale delegato, Massimo Bortoluzzi, intervenuto alla consulta della Protezione civile per affrontare le problematiche relative all\u2019organizzazione dei servizi richiesti ai volontari presso i punti vaccinali della provincia. Nell\u2019occasione \u00e8 stato pensato anche di predisporre una nuova campagna di screening tamponi dedicata ai volontari e al personale delle sagre, e di fare il punto della situazione sulla campagna vaccinale. Una campagna che ha beneficiato di un contributo da 300mila euro da parte della Provincia (all\u2019interno del cosiddetto \u201cpacchetto Covid\u201d varato a dicembre) e ha visto in prima linea, a supporto dei centri drive-in e di tutti gli altri punti vaccinali, proprio le tute fluo, coordinate a livello bellunese dal responsabile provinciale Carlo Zampieri e dalla dottoressa Patrizia Curto. (foto archivio RADIOPIU)<\/p>\n<p>&nbsp;<\/p>\n<hr \/>\n<p><strong>\u00a0 \u00a0<\/strong><\/p>\n<blockquote>\n<h3>IL GRUPPO ALPINI MONTE CIVETTA DI ALLEGHE HA FESTEGGIATO I 90 ANNI<\/h3>\n<p>Dopo le dirette di domenica e i servizi trasmessi nei notiziari di ieri torniamo a parlare dell&#8217;evento di domenica ad Alleghe (centro) e Piani di Pezz\u00e8. Ecco il riassunto della giornata.<\/p>\n<p><strong>con la collaborazione di Dino Bridda<\/strong><\/p><\/blockquote>\n<p><strong>ALLEGHE <\/strong>Festa grande nell\u2019ultimo fine settimana per gli Alpini del Gruppo \u201cMonte Civetta\u201d che hanno celebrato il 90\u00b0 anniversario della costituzione con alcune manifestazioni in parte disturbate dal maltempo. Soddisfatti, comunque, sia il capogruppo Christian De Toni che il presidente della Sezione di Belluno Lino De Pra: \u00ab<em>All\u2019ultimo momento il tempo ci ha costretti a cambiare in parte il programma che avevamo preparato, ma \u00e8 andato tutto bene, compresa la partecipazione di penne nere e popolazione<\/em>\u00bb. Nella serata di sabato \u00e8 stata celebrata la S. Messa nella parrocchiale di S. Biagio alla presenza del vice presidente vicario nazionale Alfonsino Ercole. Domenica mattina in centro ad Alleghe si sono svolte le cerimonie dell\u2019alzabandiera e degli onori ai caduti. Pur sotto la pioggia la fanfara dei congedati della Brigata Cadore, diretta dal maestro Domenico Vello, ha eseguito un impeccabile carosello alla presenza di alpini, residenti e villeggianti convenuti nella piazza centrale. Il clou delle due giornate doveva tenersi ai Piani di Pezz\u00e8, ma si \u00e8 optato per il raduno nel piazzale dello Stadio \u201cAlvise De Toni\u201d dove la stessa fanfara ha eseguito il meglio del suo repertorio riscuotendo calorosi applausi e consensi dal pubblico presente. Nei loro interventi il presidente della Provincia Roberto Padrin ed il sindaco di Alleghe Danilo De Toni hanno sottolineato il valore della presenza degli alpini all\u2019interno della comunit\u00e0 locale dove operano da ben novant\u2019anni, ovvero da quando il primo capogruppo Antonio Soia fond\u00f2 il sodalizio. La manifestazione si \u00e8 poi conclusa, per alpini, autorit\u00e0 e fanfara con la salita in cabinovia ai Piani di Pezz\u00e8, dove si tenne l\u2019ultimo giuramento alpino il 26 agosto 2000. Dopo una breve sfilata finale in lieto convivio all\u2019ombra della maestosa Civetta.<\/p>\n\n\t\t\t<style type='text\/css'>\n\t\t\t\t#gallery-4 {\n\t\t\t\t\tmargin: auto;\n\t\t\t\t}\n\t\t\t\t#gallery-4 .gallery-item {\n\t\t\t\t\tfloat: left;\n\t\t\t\t\tmargin-top: 10px;\n\t\t\t\t\ttext-align: center;\n\t\t\t\t\twidth: 33%;\n\t\t\t\t}\n\t\t\t\t#gallery-4 img {\n\t\t\t\t\tborder: 2px solid #cfcfcf;\n\t\t\t\t}\n\t\t\t\t#gallery-4 .gallery-caption {\n\t\t\t\t\tmargin-left: 0;\n\t\t\t\t}\n\t\t\t\t\/* see gallery_shortcode() in wp-includes\/media.php *\/\n\t\t\t<\/style>\n\t\t<div id='gallery-4' class='dt-gallery-container gallery galleryid-221428 gallery-columns-3 gallery-size-medium'><dl class='gallery-item'>\n\t\t\t\t<dt class='gallery-icon landscape'>\n\t\t\t\t\t<a class=\"rollover rollover-zoom dt-pswp-item\" title=\"ana alleghe 1\" data-dt-img-description=\"\" data-large_image_width=\"1599\" data-large_image_height=\"899\"href='https:\/\/www.radiopiu.net\/wordpress\/wp-content\/uploads\/2021\/07\/ana-alleghe-1.jpg'><img loading=\"lazy\" decoding=\"async\" width=\"300\" height=\"169\" src=\"https:\/\/www.radiopiu.net\/wordpress\/wp-content\/uploads\/2021\/07\/ana-alleghe-1-300x169.jpg\" class=\"attachment-medium size-medium\" alt=\"\" srcset=\"https:\/\/www.radiopiu.net\/wordpress\/wp-content\/uploads\/2021\/07\/ana-alleghe-1-300x169.jpg 300w, https:\/\/www.radiopiu.net\/wordpress\/wp-content\/uploads\/2021\/07\/ana-alleghe-1-1024x576.jpg 1024w, https:\/\/www.radiopiu.net\/wordpress\/wp-content\/uploads\/2021\/07\/ana-alleghe-1-768x432.jpg 768w, https:\/\/www.radiopiu.net\/wordpress\/wp-content\/uploads\/2021\/07\/ana-alleghe-1-1536x864.jpg 1536w, https:\/\/www.radiopiu.net\/wordpress\/wp-content\/uploads\/2021\/07\/ana-alleghe-1.jpg 1599w\" sizes=\"auto, (max-width: 300px) 100vw, 300px\" \/><\/a>\n\t\t\t\t<\/dt><\/dl><dl class='gallery-item'>\n\t\t\t\t<dt class='gallery-icon landscape'>\n\t\t\t\t\t<a class=\"rollover rollover-zoom dt-pswp-item\" title=\"ana alleghe 2\" data-dt-img-description=\"\" data-large_image_width=\"1599\" data-large_image_height=\"899\"href='https:\/\/www.radiopiu.net\/wordpress\/wp-content\/uploads\/2021\/07\/ana-alleghe-2.jpg'><img loading=\"lazy\" decoding=\"async\" width=\"300\" height=\"169\" src=\"https:\/\/www.radiopiu.net\/wordpress\/wp-content\/uploads\/2021\/07\/ana-alleghe-2-300x169.jpg\" class=\"attachment-medium size-medium\" alt=\"\" srcset=\"https:\/\/www.radiopiu.net\/wordpress\/wp-content\/uploads\/2021\/07\/ana-alleghe-2-300x169.jpg 300w, https:\/\/www.radiopiu.net\/wordpress\/wp-content\/uploads\/2021\/07\/ana-alleghe-2-1024x576.jpg 1024w, https:\/\/www.radiopiu.net\/wordpress\/wp-content\/uploads\/2021\/07\/ana-alleghe-2-768x432.jpg 768w, https:\/\/www.radiopiu.net\/wordpress\/wp-content\/uploads\/2021\/07\/ana-alleghe-2-1536x864.jpg 1536w, https:\/\/www.radiopiu.net\/wordpress\/wp-content\/uploads\/2021\/07\/ana-alleghe-2.jpg 1599w\" sizes=\"auto, (max-width: 300px) 100vw, 300px\" \/><\/a>\n\t\t\t\t<\/dt><\/dl><dl class='gallery-item'>\n\t\t\t\t<dt class='gallery-icon landscape'>\n\t\t\t\t\t<a class=\"rollover rollover-zoom dt-pswp-item\" title=\"ana alleghe 3\" data-dt-img-description=\"\" data-large_image_width=\"1599\" data-large_image_height=\"899\"href='https:\/\/www.radiopiu.net\/wordpress\/wp-content\/uploads\/2021\/07\/ana-alleghe-3.jpg'><img loading=\"lazy\" decoding=\"async\" width=\"300\" height=\"169\" src=\"https:\/\/www.radiopiu.net\/wordpress\/wp-content\/uploads\/2021\/07\/ana-alleghe-3-300x169.jpg\" class=\"attachment-medium size-medium\" alt=\"\" srcset=\"https:\/\/www.radiopiu.net\/wordpress\/wp-content\/uploads\/2021\/07\/ana-alleghe-3-300x169.jpg 300w, https:\/\/www.radiopiu.net\/wordpress\/wp-content\/uploads\/2021\/07\/ana-alleghe-3-1024x576.jpg 1024w, https:\/\/www.radiopiu.net\/wordpress\/wp-content\/uploads\/2021\/07\/ana-alleghe-3-768x432.jpg 768w, https:\/\/www.radiopiu.net\/wordpress\/wp-content\/uploads\/2021\/07\/ana-alleghe-3-1536x864.jpg 1536w, https:\/\/www.radiopiu.net\/wordpress\/wp-content\/uploads\/2021\/07\/ana-alleghe-3.jpg 1599w\" sizes=\"auto, (max-width: 300px) 100vw, 300px\" \/><\/a>\n\t\t\t\t<\/dt><\/dl><br style=\"clear: both\" \/>\n\t\t\t<\/div>\n\n<h2><strong>DAL GIORNALE RADIO DEL 12 LUGLIO 2021<\/strong><\/h2>\n<blockquote class=\"wp-embedded-content\" data-secret=\"HQ58UR5jsL\"><p><a href=\"https:\/\/www.radiopiu.net\/wordpress\/i-90-anni-degli-alpini-di-alleghe\/\">I 90 ANNI DEGLI ALPINI DI ALLEGHE<\/a><\/p><\/blockquote>\n<p><iframe loading=\"lazy\" class=\"wp-embedded-content\" sandbox=\"allow-scripts\" security=\"restricted\" style=\"position: absolute; clip: rect(1px, 1px, 1px, 1px);\" title=\"&#8220;I 90 ANNI DEGLI ALPINI DI ALLEGHE&#8221; &#8212; Radio Pi\u00f9\" src=\"https:\/\/www.radiopiu.net\/wordpress\/i-90-anni-degli-alpini-di-alleghe\/embed\/#?secret=HQ58UR5jsL\" data-secret=\"HQ58UR5jsL\" width=\"600\" height=\"338\" frameborder=\"0\" marginwidth=\"0\" marginheight=\"0\" scrolling=\"no\"><\/iframe><\/p>\n<p>&nbsp;<\/p>\n<blockquote class=\"wp-embedded-content\" data-secret=\"CppLSmkQZv\"><p><a href=\"https:\/\/www.radiopiu.net\/wordpress\/i-90-anni-del-gruppo-alpini-monte-civetta-di-alleghe-padrin-gli-alpini-sono-importanti-bisogna-valorizzarli\/\">I 90 ANNI DEL GRUPPO ALPINI MONTE CIVETTA DI ALLEGHE. PADRIN: &#8220;GLI ALPINI SONO IMPORTANTI, BISOGNA VALORIZZARLI&#8221;<\/a><\/p><\/blockquote>\n<p><iframe loading=\"lazy\" class=\"wp-embedded-content\" sandbox=\"allow-scripts\" security=\"restricted\" style=\"position: absolute; clip: rect(1px, 1px, 1px, 1px);\" title=\"&#8220;I 90 ANNI DEL GRUPPO ALPINI MONTE CIVETTA DI ALLEGHE. PADRIN: &#8220;GLI ALPINI SONO IMPORTANTI, BISOGNA VALORIZZARLI&#8221;&#8221; &#8212; Radio Pi\u00f9\" src=\"https:\/\/www.radiopiu.net\/wordpress\/i-90-anni-del-gruppo-alpini-monte-civetta-di-alleghe-padrin-gli-alpini-sono-importanti-bisogna-valorizzarli\/embed\/#?secret=CppLSmkQZv\" data-secret=\"CppLSmkQZv\" width=\"600\" height=\"338\" frameborder=\"0\" marginwidth=\"0\" marginheight=\"0\" scrolling=\"no\"><\/iframe><\/p>\n<p>&nbsp;<\/p>\n<hr \/>\n<p>&nbsp;<\/p>\n<blockquote>\n<h3 class=\"p1\"><span class=\"s1\">BANCHE, D\u2019INC\u00c0: \u201cINDENNIZZI AUTORIZZATI PER MEZZO MILIARDO DI EURO. AI RISPARMIATORI VENETI TRUFFATI, PAGAMENTI PER OLTRE 192 MILIONI. SI PROCEDE CON IL GIUSTO RITMO\u201d.<\/span><\/h3>\n<\/blockquote>\n<p class=\"p1\"><span class=\"s1\"><strong><a href=\"https:\/\/www.radiopiu.net\/wordpress\/giornale-radiopiu-23-aprile-2020-direttore-mirko-mezzacasa\/federico-dinca-3\/\" rel=\"attachment wp-att-132319\"><img loading=\"lazy\" decoding=\"async\" class=\" wp-image-132319 alignleft\" src=\"https:\/\/www.radiopiu.net\/wordpress\/wp-content\/uploads\/2020\/04\/FEDERICO-DINCA-237x300.png\" alt=\"\" width=\"163\" height=\"206\" srcset=\"https:\/\/www.radiopiu.net\/wordpress\/wp-content\/uploads\/2020\/04\/FEDERICO-DINCA-237x300.png 237w, https:\/\/www.radiopiu.net\/wordpress\/wp-content\/uploads\/2020\/04\/FEDERICO-DINCA-808x1024.png 808w, https:\/\/www.radiopiu.net\/wordpress\/wp-content\/uploads\/2020\/04\/FEDERICO-DINCA-768x973.png 768w, https:\/\/www.radiopiu.net\/wordpress\/wp-content\/uploads\/2020\/04\/FEDERICO-DINCA.png 1018w\" sizes=\"auto, (max-width: 163px) 100vw, 163px\" \/><\/a>ROMA <\/strong>\u201c<em>Prosegue il lavoro di indennizzo nei confronti dei cittadini che sono stati truffati dalle banche: ad oggi, a fronte di mezzo miliardo autorizzato, sono stati gi\u00e0 bonificati 332,5 milioni di euro, di cui 192.742.790 euro al solo Veneto a favore di 26418 risparmiatori per 26811 domande<\/em>\u201d. <\/span><span class=\"s1\">Ad annunciarlo \u00e8 Federico D\u2019Inc\u00e0, Ministro per i Rapporti con il Parlamento in riferimento ai dati forniti da Consap sugli indennizzi a favore dei risparmiatori truffati dalle banche. <\/span><span class=\"s1\">\u201c<em>A livello territoriale \u2013 prosegue D\u2019Inc\u00e0 \u2013 la provincia di Belluno ha ricevuto 2.203.442 euro per 501 risparmiatori e 507 domande; la provincia di Padova 16.586.274 euro per 2435 risparmiatori e 2481 domande; la provincia di Rovigo 2.189.371 euro per 708 risparmiatori e 717 domande; la provincia di Treviso 72.313.924 euro per 9417 risparmiatori e 9547 domande; la provincia di Venezia 11.517.764 euro per 1821 risparmiatori e 1856 domande; la provincia di Verona 8.232.822 euro per 1519 risparmiatori e 1556 domande e la provincia di Vicenza 79.699.190 euro per 10017 risparmiatori e 10147 domande<\/em>\u201d.<\/span><\/p>\n<p>&nbsp;<\/p>\n<p>&nbsp;<\/p>\n<p>&nbsp;<\/p>\n<hr \/>\n<p>&nbsp;<\/p>\n<blockquote>\n<h3>DONATO UN DEFIBRILLATORE AL RIFUGIO CASERA ERE<\/h3>\n<\/blockquote>\n<p><strong><a href=\"https:\/\/www.radiopiu.net\/wordpress\/?attachment_id=221399\" rel=\"attachment wp-att-221399\"><img loading=\"lazy\" decoding=\"async\" class=\" wp-image-221399 alignleft\" src=\"https:\/\/www.radiopiu.net\/wordpress\/wp-content\/uploads\/2021\/07\/Donazione-defibrillatore-300x225.jpeg\" alt=\"\" width=\"216\" height=\"162\" srcset=\"https:\/\/www.radiopiu.net\/wordpress\/wp-content\/uploads\/2021\/07\/Donazione-defibrillatore-300x225.jpeg 300w, https:\/\/www.radiopiu.net\/wordpress\/wp-content\/uploads\/2021\/07\/Donazione-defibrillatore-1024x768.jpeg 1024w, https:\/\/www.radiopiu.net\/wordpress\/wp-content\/uploads\/2021\/07\/Donazione-defibrillatore-768x576.jpeg 768w, https:\/\/www.radiopiu.net\/wordpress\/wp-content\/uploads\/2021\/07\/Donazione-defibrillatore-1536x1152.jpeg 1536w, https:\/\/www.radiopiu.net\/wordpress\/wp-content\/uploads\/2021\/07\/Donazione-defibrillatore.jpeg 1984w\" sizes=\"auto, (max-width: 216px) 100vw, 216px\" \/><\/a>SAN GREGORIO NELLE ALPI<\/strong> Festa al Rifugio Casera Ere: l&#8217;associazione All for life, in collaborazione con il Cai, ha donato un defibrillatore. \u201c<em>Un momento molto importante per tutta la comunit\u00e0 di San Gregorio e non solo \u2013 commenta il sindaco di San Gregorio e deputato della Lega Mirco Badole presente alla piccola cerimonia -, perch\u00e8 in questa localit\u00e0 vengono accolti ogni anno anche molti turisti<\/em>\u201d. La particolarit\u00e0 del dispositivo \u00e8 che pu\u00f2 essere utilizzato anche sui bambini, non solo sugli adulti. E se ne \u00e8 dato dimostrazione, perch\u00e8 alla cerimonia di donazione \u00e8 seguita una dimostrazione sui manichini dell&#8217;uso del dispositivo, per insegnare ai presenti le manovre salvavita di disostruzione e di rianimazione cardiopolmonare.<\/p>\n<p>&nbsp;<\/p>\n<p>&nbsp;<\/p>\n<hr \/>\n<p>&nbsp;<\/p>\n<blockquote>\n<h3>INAUGURATA LA NUOVA AREA CAMPER A CALALZO DI CADORE<\/h3>\n<\/blockquote>\n<p><strong><a href=\"https:\/\/www.radiopiu.net\/wordpress\/?attachment_id=221400\" rel=\"attachment wp-att-221400\"><img loading=\"lazy\" decoding=\"async\" class=\"size-medium wp-image-221400 alignleft\" src=\"https:\/\/www.radiopiu.net\/wordpress\/wp-content\/uploads\/2021\/07\/Inaugurazione-area-camper-Calalzo-4-300x200.jpg\" alt=\"\" width=\"300\" height=\"200\" srcset=\"https:\/\/www.radiopiu.net\/wordpress\/wp-content\/uploads\/2021\/07\/Inaugurazione-area-camper-Calalzo-4-300x200.jpg 300w, https:\/\/www.radiopiu.net\/wordpress\/wp-content\/uploads\/2021\/07\/Inaugurazione-area-camper-Calalzo-4-1024x683.jpg 1024w, https:\/\/www.radiopiu.net\/wordpress\/wp-content\/uploads\/2021\/07\/Inaugurazione-area-camper-Calalzo-4-768x512.jpg 768w, https:\/\/www.radiopiu.net\/wordpress\/wp-content\/uploads\/2021\/07\/Inaugurazione-area-camper-Calalzo-4-1536x1024.jpg 1536w, https:\/\/www.radiopiu.net\/wordpress\/wp-content\/uploads\/2021\/07\/Inaugurazione-area-camper-Calalzo-4-2048x1365.jpg 2048w\" sizes=\"auto, (max-width: 300px) 100vw, 300px\" \/><\/a>CALALZO DI CADORE <\/strong>\u00c8 stata inaugurata questo pomeriggio la nuova area camper di Calalzo di Cadore; presenti al taglio del nastro, con il primo cittadino Luca De Carlo e il Direttore Generale dell&#8217;APC &#8211; \u00a0Associazione Italiana Produttori Caravan e Camper Ludovica Sanpaolesi, anche gli amministratori calaltini che hanno seguito il progetto negli anni, dalla vicesindaco Jlenia Iannaccone all\u2019assessore Umberto De Menego e ai consiglieri Maria Antonietta Toffoli e Gaetano Da Vi\u00e0. Nella nuova area camper, dotata di postazioni con colonnine elettriche e area per carico e scarico dell&#8217;acqua, trovano spazio otto posti camper ed \u00e8 situata in una zona strategica per il turismo calaltino e cadorino. L&#8217;importo complessivo dei lavori \u00e8 stato di 87mila euro, 20mila dei quali arrivati dalla diciassettesima edizione del bando di APC \u00a0\u201cI Comuni del Turismo in libert\u00e0\u201d e il restante coperto con fondi comunali.<\/p>\n<p><strong>IL SINDACO DI CALALZO DI CADORE LUCA DE CARLO<\/strong><\/p>\n<audio class=\"wp-audio-shortcode\" id=\"audio-221428-1\" preload=\"none\" style=\"width: 100%;\" controls=\"controls\"><source type=\"audio\/mpeg\" src=\"https:\/\/www.radiopiu.net\/wordpress\/wp-content\/uploads\/2021\/07\/Luca-De-Carlo-Sindaco-di-Calalzo-di-Cadore-Inaugurazione-area-camper.mp3?_=1\" \/><a href=\"https:\/\/www.radiopiu.net\/wordpress\/wp-content\/uploads\/2021\/07\/Luca-De-Carlo-Sindaco-di-Calalzo-di-Cadore-Inaugurazione-area-camper.mp3\">https:\/\/www.radiopiu.net\/wordpress\/wp-content\/uploads\/2021\/07\/Luca-De-Carlo-Sindaco-di-Calalzo-di-Cadore-Inaugurazione-area-camper.mp3<\/a><\/audio>\n<p>&nbsp;<\/p>\n<hr \/>\n<p>&nbsp;<\/p>\n<blockquote>\n<h3>PASCOLI DI CARTA, LE MANI SULLA MONTAGNA. L&#8217;INDAGINE DI MENCINI<\/h3>\n<\/blockquote>\n<p><strong>VENEZIA<\/strong><\/p>\n<p><span style=\"color: #ff0000;\">di LUISA ALCHINI<\/span><\/p>\n<audio class=\"wp-audio-shortcode\" id=\"audio-221428-2\" preload=\"none\" style=\"width: 100%;\" controls=\"controls\"><source type=\"audio\/mpeg\" src=\"https:\/\/www.radiopiu.net\/wordpress\/wp-content\/uploads\/2021\/07\/mencini-luisa-alchini.mp3?_=2\" \/><a href=\"https:\/\/www.radiopiu.net\/wordpress\/wp-content\/uploads\/2021\/07\/mencini-luisa-alchini.mp3\">https:\/\/www.radiopiu.net\/wordpress\/wp-content\/uploads\/2021\/07\/mencini-luisa-alchini.mp3<\/a><\/audio>\n<p>&nbsp;<\/p>\n<p><a href=\"https:\/\/www.radiopiu.net\/wordpress\/?attachment_id=221329\" rel=\"attachment wp-att-221329\"><img loading=\"lazy\" decoding=\"async\" class=\" wp-image-221329 alignleft\" src=\"https:\/\/www.radiopiu.net\/wordpress\/wp-content\/uploads\/2021\/07\/mencini-2-225x300.jpg\" alt=\"\" width=\"136\" height=\"181\" srcset=\"https:\/\/www.radiopiu.net\/wordpress\/wp-content\/uploads\/2021\/07\/mencini-2-225x300.jpg 225w, https:\/\/www.radiopiu.net\/wordpress\/wp-content\/uploads\/2021\/07\/mencini-2.jpg 675w\" sizes=\"auto, (max-width: 136px) 100vw, 136px\" \/><\/a><strong>L\u2019autore<\/strong><br \/>\nGiannandrea Mencini, (1968), veneziano, giornalista e scrittore, si occupa di storia dell\u2019ambiente e del territorio. Ha pubblicato numerosi saggi, libri e articoli, dove ha raccontato i problemi della salvaguardia di Venezia e del vivere in montagna, tra i quali Acqua in Piazza (Lineadacqua, 2016), Vivere in pendenza.<br \/>\nScelte di vita che cambiano la montagna bellunese (Supernova, 2019). \u00c8 stato fra i curatori con contributi specialistici del primo Rapporto sullo stato dell&#8217;ambiente 2000 (Provincia di Venezia, 2000) e dello Stato<br \/>\ndell&#8217;ecosistema lagunare veneziano a cura del Magistrato alle Acque di Venezia (Marsilio, 2010). Ha ricevuto una menzione speciale nell&#8217;ambito della terza edizione del Premio Nazionale di ecologia Verde Ambiente per i suoi scritti sulle tematiche ambientali e di difesa del territorio<\/p>\n<p>&nbsp;<\/p>\n<p>&nbsp;<\/p>\n<hr \/>\n<p><strong>\u00a0<\/strong><\/p>\n<p><strong>DA IERI ALLA RADIO&#8230; &#8220;I MISTERI DI ALLEGHE DI SERGIO SAVIANE&#8221; ALLA RADIO CON L&#8217;ATTORE ROBERTO FAORO . . . OGNI GIORNO DAL LUNEDI AL VENERDI ALLE 15.30\u00a0\u00a0<\/strong><\/p>\n<p><em><a href=\"https:\/\/www.radiopiu.net\/wordpress\/i-misteri-di-alleghe-alla-radio\/th-156\/\" rel=\"attachment wp-att-221036\"><img loading=\"lazy\" decoding=\"async\" class=\"wp-image-221036 alignleft\" src=\"https:\/\/www.radiopiu.net\/wordpress\/wp-content\/uploads\/2021\/07\/th-6.jpg\" alt=\"\" width=\"119\" height=\"147\" \/><\/a>&#8220;Piacere, sono Roberto Faoro poliedrico attore, drammaturgo e regista italiano&#8221;. <\/em><\/p>\n<p>Esperienza, professionalit\u00e0 e passione per il mondo dell\u2019arte e della recitazione sono le tre parole chiave che fanno di Roberto Faoro un attore, drammaturgo, regista e formatore molto conosciuto e apprezzato nel territorio delle Dolomiti Bellunesi, ma anche a livello nazionale.<\/p>\n<p>&nbsp;<\/p>\n<p>&nbsp;<\/p>\n<p><strong>LA PRIMA PUNTATA<\/strong><\/p>\n<audio class=\"wp-audio-shortcode\" id=\"audio-221428-3\" preload=\"none\" style=\"width: 100%;\" controls=\"controls\"><source type=\"audio\/mpeg\" src=\"https:\/\/www.radiopiu.net\/wordpress\/wp-content\/uploads\/2021\/07\/A_01.mp3?_=3\" \/><a href=\"https:\/\/www.radiopiu.net\/wordpress\/wp-content\/uploads\/2021\/07\/A_01.mp3\">https:\/\/www.radiopiu.net\/wordpress\/wp-content\/uploads\/2021\/07\/A_01.mp3<\/a><\/audio>\n<p>&nbsp;<\/p>\n<p><strong><a href=\"https:\/\/www.radiopiu.net\/wordpress\/i-misteri-di-alleghe-alla-radio\/librosaviane\/\" rel=\"attachment wp-att-221038\"><img loading=\"lazy\" decoding=\"async\" class=\"wp-image-221038 alignleft\" src=\"https:\/\/www.radiopiu.net\/wordpress\/wp-content\/uploads\/2021\/07\/LibroSaviane-175x300.jpg\" alt=\"\" width=\"90\" height=\"154\" srcset=\"https:\/\/www.radiopiu.net\/wordpress\/wp-content\/uploads\/2021\/07\/LibroSaviane-175x300.jpg 175w, https:\/\/www.radiopiu.net\/wordpress\/wp-content\/uploads\/2021\/07\/LibroSaviane.jpg 200w\" sizes=\"auto, (max-width: 90px) 100vw, 90px\" \/><\/a>1933 \u2013 1946: I DELITTI DI ALLEGHE <\/strong>Una catena di delitti cominciata nel 1933 e a cui una sentenza della Cassazione metter\u00e0 il sigillo finale solo nel 1964. Nell\u2019arco di questi 31 anni si dipanano i misteri di Alleghe, resi celebri da un bel libro scritto dal giornalista e scrittore Sergio Saviane. Cinque omicidi ambientati sulle rive del lago ai piedi delle Dolomiti, maturati in una stretta cerchia di persone, saldamente legati l\u2019uno agli altri e che avvengono in un clima di paura e di omert\u00e0.<\/p>\n<p>&nbsp;<\/p>\n<p>&nbsp;<\/p>\n<p>&nbsp;<\/p>\n<hr \/>\n<p>&nbsp;<\/p>\n<p>&nbsp;<\/p>\n<blockquote>\n<h3><a href=\"https:\/\/www.radiopiu.net\/wordpress\/giornale-radiopiu-13-luglio-2021-direttore-mirko-mezzacasa\/100721_0032-1\/\" rel=\"attachment wp-att-221439\"><img loading=\"lazy\" decoding=\"async\" class=\"wp-image-221439 alignleft\" src=\"https:\/\/www.radiopiu.net\/wordpress\/wp-content\/uploads\/2021\/07\/100721_0032-1-300x200.jpg\" alt=\"\" width=\"240\" height=\"160\" srcset=\"https:\/\/www.radiopiu.net\/wordpress\/wp-content\/uploads\/2021\/07\/100721_0032-1-300x200.jpg 300w, https:\/\/www.radiopiu.net\/wordpress\/wp-content\/uploads\/2021\/07\/100721_0032-1-1024x683.jpg 1024w, https:\/\/www.radiopiu.net\/wordpress\/wp-content\/uploads\/2021\/07\/100721_0032-1-768x512.jpg 768w, https:\/\/www.radiopiu.net\/wordpress\/wp-content\/uploads\/2021\/07\/100721_0032-1-1536x1024.jpg 1536w, https:\/\/www.radiopiu.net\/wordpress\/wp-content\/uploads\/2021\/07\/100721_0032-1-2048x1366.jpg 2048w\" sizes=\"auto, (max-width: 240px) 100vw, 240px\" \/><\/a>LE MUSE E LE DOLOMITI, UNA SERATA DI EMOZIONI <em>&#8220;Quando ci sono questi appuntamenti bisognerebbe inondare la vallata di musica con altoparlanti, sarebbe bellissimo&#8221;&#8230;&#8221;<\/em><\/h3>\n<\/blockquote>\n<p><span style=\"color: #ff0000;\">LE INTERVISTE DOPO LA SERATA CON IL BAROCCO<\/span><\/p>\n<audio class=\"wp-audio-shortcode\" id=\"audio-221428-4\" preload=\"none\" style=\"width: 100%;\" controls=\"controls\"><source type=\"audio\/mpeg\" src=\"https:\/\/www.radiopiu.net\/wordpress\/wp-content\/uploads\/2021\/07\/DedicheCaleidoscopio_10072021.mp3?_=4\" \/><a href=\"https:\/\/www.radiopiu.net\/wordpress\/wp-content\/uploads\/2021\/07\/DedicheCaleidoscopio_10072021.mp3\">https:\/\/www.radiopiu.net\/wordpress\/wp-content\/uploads\/2021\/07\/DedicheCaleidoscopio_10072021.mp3<\/a><\/audio>\n<p>&nbsp;<\/p>\n<hr \/>\n<p>&nbsp;<\/p>\n<p>&nbsp;<\/p>\n<blockquote>\n<h3>I GRANDI ILLUSTRATORI E PUBBLICITARI A MEL PER IL FESTIVAL DELL&#8217;ILLUSTRAZIONE E CINEMA D&#8217;ANIMAZIONE.<\/h3>\n<\/blockquote>\n<div><span style=\"font-family: tahoma, arial, helvetica, sans-serif;\"><b>di Roberto De Nart<\/b><\/span><\/div>\n<div><span style=\"font-family: tahoma, arial, helvetica, sans-serif;\">\u00a0<\/span><\/div>\n<div>\n<p><span style=\"font-family: tahoma, arial, helvetica, sans-serif;\">Sabato 24 luglio, apre i battenti l\u2019ottava edizione del Festival dell\u2019illustrazione e del cinema d\u2019animazione che come ogni anno si terr\u00e0 all\u2019Aplegallery di Claudio Rossi a Mel (Borgo Valbelluna) in via Tempietto n.15 . La rassegna, con le opere dei maestri dell\u2019illustrazione e del cinema d\u2019animazione e di alcuni artisti locali, rimarr\u00e0 aperta nei giorni di sabato e domenica dalle ore 16:00 alle 19:00 fino al 26 settembre. L\u2019iniziativa \u00e8 promossa dall\u2019Associazione Vivamelio, con ingresso libero. Il brindisi d\u2019inaugurazione avr\u00e0 luogo all\u2019aperto, sabato 24 luglio alle ore 17:00, tempo permettendo. <\/span><span style=\"font-family: tahoma, arial, helvetica, sans-serif;\">\u201cFlora fauna futura\u201d \u00e8 il titolo della rassegna di quest\u2019anno. Un tema di attualit\u00e0, dunque, dove l\u2019illustrazione e l\u2019arte utilizza la propria forza evocativa per rappresentare i grandi temi per la salvaguardia dell\u2019ambiente. Inquinamento, cambiamenti climatici, sviluppo sostenibile, biodiversit\u00e0, desertificazione e il consumo del suolo. <\/span><span style=\"font-family: tahoma, arial, helvetica, sans-serif;\">A realizzare le opere sono illustratori, pittori e pubblicitari professionisti, ognuno dei quali attraverso la creativit\u00e0 grafico-pittorica ha elaborato il proprio pensiero sul tema.\u00a0 Ad aver aderito all\u2019invito della coordinatrice della manifestazione Rosy Tes\u00e8, quest\u2019anno sono stati: Mario Addis, Michel Fuzellier, Nicola Falcioni, Alessandro Ferraro, Giorgio Valentini, Cinzia Battistel, Antonio Pinna, Walter Bernardi, Sonia Luzzato, Marco Bellotto, Dunio Piccolin, Antonio Dall\u2019Osso, Claudio Rossi, Isabella Rossi, Armando Gaviglia, Marta Farina, Giulio Peranzoni, Monica Valentini Golfetto, Ilaria Marrai, Barbara Marion, Alessandro Gatto, Matteo Gubellini, Riccardo Mazzoli, Alice Da Ros, e la stessa Rosy Tes\u00e8. <\/span><span style=\"font-family: tahoma, arial, helvetica, sans-serif;\"><span style=\"font-family: tahoma, arial, helvetica, sans-serif;\">All\u2019interno della rassegna ci saranno due eventi collaterali. La mostra personale di Alessandro Gatto, pittore di Castelfranco Veneto dove vive e svolge l&#8217;attivit\u00e0 di grafico. Ha eseguito lavori per aziende ed enti pubblici italiani e stranieri (Stati Uniti, Canada, Argentina, Messico, Algeria, Inghilterra, Grecia, Svizzera, Germania). Dal 1985 si occupa di illustrazione e grafica umoristica. Partecipa a rassegne, mostre collettive e concorsi in Italia e all&#8217;estero. Inoltre, saranno esposte le creazioni di Fazia Mazzer, pezzi unici artigianali di anelli, bracciali e collane.\u00a0<\/span><\/span><\/p>\n\n\t\t\t<style type='text\/css'>\n\t\t\t\t#gallery-5 {\n\t\t\t\t\tmargin: auto;\n\t\t\t\t}\n\t\t\t\t#gallery-5 .gallery-item {\n\t\t\t\t\tfloat: left;\n\t\t\t\t\tmargin-top: 10px;\n\t\t\t\t\ttext-align: center;\n\t\t\t\t\twidth: 25%;\n\t\t\t\t}\n\t\t\t\t#gallery-5 img {\n\t\t\t\t\tborder: 2px solid #cfcfcf;\n\t\t\t\t}\n\t\t\t\t#gallery-5 .gallery-caption {\n\t\t\t\t\tmargin-left: 0;\n\t\t\t\t}\n\t\t\t\t\/* see gallery_shortcode() in wp-includes\/media.php *\/\n\t\t\t<\/style>\n\t\t<div id='gallery-5' class='dt-gallery-container gallery galleryid-221428 gallery-columns-4 gallery-size-thumbnail'><dl class='gallery-item'>\n\t\t\t\t<dt class='gallery-icon portrait'>\n\t\t\t\t\t<a class=\"rollover rollover-zoom dt-pswp-item\" title=\"4 mostra mel\" data-dt-img-description=\"\" data-large_image_width=\"1139\" data-large_image_height=\"1600\"href='https:\/\/www.radiopiu.net\/wordpress\/wp-content\/uploads\/2021\/07\/4-mostra-mel.jpg'><img loading=\"lazy\" decoding=\"async\" width=\"150\" height=\"150\" src=\"https:\/\/www.radiopiu.net\/wordpress\/wp-content\/uploads\/2021\/07\/4-mostra-mel-150x150.jpg\" class=\"attachment-thumbnail size-thumbnail\" alt=\"\" \/><\/a>\n\t\t\t\t<\/dt><\/dl><dl class='gallery-item'>\n\t\t\t\t<dt class='gallery-icon landscape'>\n\t\t\t\t\t<a class=\"rollover rollover-zoom dt-pswp-item\" title=\"2 mostra mel\" data-dt-img-description=\"\" data-large_image_width=\"1600\" data-large_image_height=\"1076\"href='https:\/\/www.radiopiu.net\/wordpress\/wp-content\/uploads\/2021\/07\/2-mostra-mel.jpg'><img loading=\"lazy\" decoding=\"async\" width=\"150\" height=\"150\" src=\"https:\/\/www.radiopiu.net\/wordpress\/wp-content\/uploads\/2021\/07\/2-mostra-mel-150x150.jpg\" class=\"attachment-thumbnail size-thumbnail\" alt=\"\" \/><\/a>\n\t\t\t\t<\/dt><\/dl><dl class='gallery-item'>\n\t\t\t\t<dt class='gallery-icon portrait'>\n\t\t\t\t\t<a class=\"rollover rollover-zoom dt-pswp-item\" title=\"3 mostra mel\" data-dt-img-description=\"\" data-large_image_width=\"1145\" data-large_image_height=\"1600\"href='https:\/\/www.radiopiu.net\/wordpress\/wp-content\/uploads\/2021\/07\/3-mostra-mel.jpg'><img loading=\"lazy\" decoding=\"async\" width=\"150\" height=\"150\" src=\"https:\/\/www.radiopiu.net\/wordpress\/wp-content\/uploads\/2021\/07\/3-mostra-mel-150x150.jpg\" class=\"attachment-thumbnail size-thumbnail\" alt=\"\" \/><\/a>\n\t\t\t\t<\/dt><\/dl><dl class='gallery-item'>\n\t\t\t\t<dt class='gallery-icon landscape'>\n\t\t\t\t\t<a class=\"rollover rollover-zoom dt-pswp-item\" title=\"1 mostra Mel\" data-dt-img-description=\"\" data-large_image_width=\"1600\" data-large_image_height=\"1100\"href='https:\/\/www.radiopiu.net\/wordpress\/wp-content\/uploads\/2021\/07\/1-mostra-Mel.jpg'><img loading=\"lazy\" decoding=\"async\" width=\"150\" height=\"150\" src=\"https:\/\/www.radiopiu.net\/wordpress\/wp-content\/uploads\/2021\/07\/1-mostra-Mel-150x150.jpg\" class=\"attachment-thumbnail size-thumbnail\" alt=\"\" \/><\/a>\n\t\t\t\t<\/dt><\/dl><br style=\"clear: both\" \/>\n\t\t\t<\/div>\n\n<\/div>\n<p>&nbsp;<\/p>\n<p>&nbsp;<\/p>\n<p>&nbsp;<\/p>\n<hr \/>\n<p>&nbsp;<\/p>\n<blockquote>\n<h3>CURIOSANDO PER LA CITT\u00c0 DI BELLUNO: IL CAMPANILE FINITO IL 16 LUGLIO 1743<\/h3>\n<\/blockquote>\n<p><strong>di RENATO BONA<\/strong><\/p>\n<p>&nbsp;<\/p>\n<p><strong>BELLUNO\u00a0<\/strong> Leggendo il libro dell\u2019amico Vincenzo Caputo \u201cCuriosando per la citt\u00e0 di Belluno\u201d tra i frammenti d\u2019arte locale del passato di cui \u00e8 andato alla ricerca l\u2019autore ci siamo imbattuti nel capitolo \u201cLavori in pietra, statue, bassorilievi, altorilievi\u201d in una notizia: venerd\u00ec 16 di questo luglio 2021 ricorrer\u00e0 il 278. anniversario dell\u2019ultimazione dei lavori per la costruzione del Campanile del Duomo bellunese, che si erano conclusi il 16 luglio del 1743 (era di marted\u00ec). Prima di occuparci della grande opera di Filippo Juvara, torniamo al libro che Caputo ha realizzato in proprio nel marzo scorso, con la tipografia Sommavilla, e la collaborazione del figlio Marco, dell\u2019architetto Roberto Reolon autore de \u201cI Segni del Passato\u201d, e di Carla De Poli, autrice anche della copertina del volume. Dunque Caputo &#8211; che si proponeva di mantenere vivo l\u2019interesse, cercando di fornire un contributo nella direzione di una sempre maggiore attenzione da parte della collettivit\u00e0 ai temi dell\u2019arte nelle sue varie espressioni, documentando quelle visibili esternamente agli edifici, piazze e vicoli della citt\u00e0, escludendo volutamente quelle opere pittoriche che seppur facenti sempre parte del nostro patrimonio d\u2019arte, meritano un\u2019analisi a parte &#8211; dopo aver proposto il \u201cCristo\u201d del XIV secolo, scultura collocata sulla facciata laterale della porta settentrionale del Duomo, uno dei pochi resti dell\u2019antica cattedrale, ed il \u201cRosone\u201d del XV secolo, manufatto scultoreo in pietra rosata, sistemato sopra l\u2019entrata laterale della cattedrale, raffigurante il Sole, col monogramma di Cristo gi\u00e0 collocato sulla facciata dell\u2019attuale Palazzo dei Nobili, accenna in sintesi al Campanile della Cattedrale, secolo XVIII, nella Piazza Duomo, e scrive: \u201cPer la sua costruzione vennero utilizzate sia le pietre della localit\u00e0 di Belvedere che quella di Castellavazzo lavorata sia in cava che a Belluno. Su progetto di Filippo Iuvara, la prima pietra fu posta l\u20198 giugno 1732 e l\u2019opera ebbe termine il 16 luglio 1743, La struttura \u00e8 caratterizzata da grandi volti in pietra. Lo spazio antistante all\u2019entrata del campanile con vista sul Piave, una volta era il cimitero delle donne\u201d. Di seguito ecco le immagini, sempre riferite al Campanile, di \u201cVolti in pietra\u201d: spiegando: \u201cNel campanile, i quattro archi centrali sono sapientemente modellati e conclusi in chiave con un mascherone in pietra. I conci scolpiti rappresentano volti di profeti, uno su ciascun lato\u201d. Spostandoci di pochi metri dal Campanile, nella stessa Piazza Duomo ecco il Battistero o chiesetta di Santa Maria delle Grazie, del secolo XIX. Caputo riferisce che \u201cNella lunetta sopra l\u2019entrata principale del battistero antistante la cattedrale, \u00e8 scolpito in rilievo su marmo il \u2018Battesimo di Cristo\u2019, opera di Giovanni Giacomini (1895)\u201d. Sulla storia del Campanile \u00e8 dettagliato lo storico prof. Flavio Vizzuti il quale nel suo pregevolissimo catalogo del patrimonio storico-artistico intitolato \u201cLa cattedrale di Belluno\u201d (stampato dalla tipografia Piave nel maggio 1995 a cura del Capitolo della basilica cattedrale) scrive che: \u201c\u2026 La pi\u00f9 grande impresa alla quale il benemerito prelato (il vescovo Gaetano Zuanelli, 1731-1736 &#8211; ndr.) lega il proprio nome \u00e8 l\u2019edificazione del campanile\u201d tanto che: \u201cpredicando al suo popolo nel 13 aprile 1732, il giorno di Pasqua, propose inaspettatamente la gran fabbrica del Campanile con tanta energia e tant\u2019arte, spirito\u2026 che appena terminata la predica accorsero a lui e Canonici e Nobili e Cittadini, e Mercanti a ringraziarlo della generosa risoluzione, offrendo con esultanza le loro spontanee retribuzioni pel corso del quinquennio nel quale il Vescovo s\u2019era prefisso di condurre a termine la grand\u2019opera\u201d. Ancora Vizzutti: \u201cPer un progetto cos\u00ec importante, Monsignor Zuanelli \u201csi rivolse ad un architetto di chiara fama qual\u2019era appunto Filippo Juvarra\u201d il quale, pur non essendo mai venuto a Belluno, invi\u00f2 immediatamente al vescovo \u201cnon tanto un nuovo progetto, quanto la rielaborazione di un progetto realizzato, verificato quindi costruttivamente, riproporzionato e corretto in ogni dettaglio per essere sicuro che il disegno corrisponda appieno a tutte le esigenze estetiche e costruttive: sicuro per averlo gi\u00e0 attuato ed aver saggiato il risultato raggiunto. E il modello \u00e8 il campanile del Duomo di Torino\u201d. Sostenuto dall\u2019appoggio del clero e della popolazione di ogni ceto, il vescovo \u201cfece quindi scavare una profonda fossa a mezzogiorno della cattedrale dove anticamente sorgeva la sacrestia; la sollecitudine e l\u2019impegno profusi furono davvero notevoli tanto che il giorno 8 giugno 1732 egli pot\u00e9 solennemente benedire la prima pietra e predicare ad un immenso numero di fedeli accorsi anche dai paesi vicini\u201d. Detto dei problemi da affrontare per il finanziamento dell\u2019opera, lo storico bellunese ricorda che: \u201cCon la morte dell\u2019infaticabile prelato (24 gennaio 1736) il Capitolo si assunse l\u2019onere di riprendere e completare l\u2019opera, impegno peraltro quasi portato a termine l\u2019anno seguente\u201d. Fu sotto l\u2019episcopato di Domenico Condulmer (1736-1747), precisamente il 16 luglio 1743 che \u201csi concluse definitivamente l\u2019imponente lavoro con la posa delle scale interne, del castello per le campane ed il rivestimento della guglia sovrastata dal grande angelo che la tradizione vorrebbe derivato da un progetto di Andrea Brustolon (Belluno 1662-1732)\u201d. E conclude richiamando \u201cil minuziosissimo ed attendibile cronachista don Flamino Sergnano (Belluno 1736-1812)\u201d che nelle sue \u201cMemorie\u201d scrive: \u201cLi 3 agosto 1771 furono portati li Battenti per le Campane nuove fatti da un todesco con somma perfezione; si tir\u00f2 su poi la campana pel campanile del Duomo\u201d. Si trattava della campana maggiore offerta e benedetta dal vescovo Giovanni Battista Sandi (1757-1785) che era abbinata a quella donata dal Capitolo. I due grandi bronzi erano stati issati sul campanile sin dal giorno 11 ottobre 1769 e la campana denominata \u2018Sandi\u2019 &#8211; rottasi nel 1895 &#8211; godeva di una certa rinomanza per il suo gradevolissimo suono\u2026\u201d.<\/p>\n\n\t\t\t<style type='text\/css'>\n\t\t\t\t#gallery-6 {\n\t\t\t\t\tmargin: auto;\n\t\t\t\t}\n\t\t\t\t#gallery-6 .gallery-item {\n\t\t\t\t\tfloat: left;\n\t\t\t\t\tmargin-top: 10px;\n\t\t\t\t\ttext-align: center;\n\t\t\t\t\twidth: 20%;\n\t\t\t\t}\n\t\t\t\t#gallery-6 img {\n\t\t\t\t\tborder: 2px solid #cfcfcf;\n\t\t\t\t}\n\t\t\t\t#gallery-6 .gallery-caption {\n\t\t\t\t\tmargin-left: 0;\n\t\t\t\t}\n\t\t\t\t\/* see gallery_shortcode() in wp-includes\/media.php *\/\n\t\t\t<\/style>\n\t\t<div id='gallery-6' class='dt-gallery-container gallery galleryid-221428 gallery-columns-5 gallery-size-thumbnail'><dl class='gallery-item'>\n\t\t\t\t<dt class='gallery-icon portrait'>\n\t\t\t\t\t<a class=\"rollover rollover-zoom dt-pswp-item\" title=\"214820033_319428473299609_3682845978808852444_n\" data-dt-img-description=\"\" data-large_image_width=\"151\" data-large_image_height=\"225\"href='https:\/\/www.radiopiu.net\/wordpress\/wp-content\/uploads\/2021\/07\/214820033_319428473299609_3682845978808852444_n.jpg'><img loading=\"lazy\" decoding=\"async\" width=\"150\" height=\"150\" src=\"https:\/\/www.radiopiu.net\/wordpress\/wp-content\/uploads\/2021\/07\/214820033_319428473299609_3682845978808852444_n-150x150.jpg\" class=\"attachment-thumbnail size-thumbnail\" alt=\"\" \/><\/a>\n\t\t\t\t<\/dt><\/dl><dl class='gallery-item'>\n\t\t\t\t<dt class='gallery-icon portrait'>\n\t\t\t\t\t<a class=\"rollover rollover-zoom dt-pswp-item\" title=\"215811947_994456158049074_1320218942109875280_n\" data-dt-img-description=\"\" data-large_image_width=\"152\" data-large_image_height=\"320\"href='https:\/\/www.radiopiu.net\/wordpress\/wp-content\/uploads\/2021\/07\/215811947_994456158049074_1320218942109875280_n.jpg'><img loading=\"lazy\" decoding=\"async\" width=\"150\" height=\"150\" src=\"https:\/\/www.radiopiu.net\/wordpress\/wp-content\/uploads\/2021\/07\/215811947_994456158049074_1320218942109875280_n-150x150.jpg\" class=\"attachment-thumbnail size-thumbnail\" alt=\"\" \/><\/a>\n\t\t\t\t<\/dt><\/dl><dl class='gallery-item'>\n\t\t\t\t<dt class='gallery-icon landscape'>\n\t\t\t\t\t<a class=\"rollover rollover-zoom dt-pswp-item\" title=\"214487037_1163062510873412_8099999233600386714_n\" data-dt-img-description=\"\" data-large_image_width=\"226\" data-large_image_height=\"206\"href='https:\/\/www.radiopiu.net\/wordpress\/wp-content\/uploads\/2021\/07\/214487037_1163062510873412_8099999233600386714_n.jpg'><img loading=\"lazy\" decoding=\"async\" width=\"150\" height=\"150\" src=\"https:\/\/www.radiopiu.net\/wordpress\/wp-content\/uploads\/2021\/07\/214487037_1163062510873412_8099999233600386714_n-150x150.jpg\" class=\"attachment-thumbnail size-thumbnail\" alt=\"\" \/><\/a>\n\t\t\t\t<\/dt><\/dl><dl class='gallery-item'>\n\t\t\t\t<dt class='gallery-icon portrait'>\n\t\t\t\t\t<a class=\"rollover rollover-zoom dt-pswp-item\" title=\"214562317_793914221286156_4672454235215330612_n\" data-dt-img-description=\"\" data-large_image_width=\"156\" data-large_image_height=\"350\"href='https:\/\/www.radiopiu.net\/wordpress\/wp-content\/uploads\/2021\/07\/214562317_793914221286156_4672454235215330612_n.jpg'><img loading=\"lazy\" decoding=\"async\" width=\"150\" height=\"150\" src=\"https:\/\/www.radiopiu.net\/wordpress\/wp-content\/uploads\/2021\/07\/214562317_793914221286156_4672454235215330612_n-150x150.jpg\" class=\"attachment-thumbnail size-thumbnail\" alt=\"\" \/><\/a>\n\t\t\t\t<\/dt><\/dl><dl class='gallery-item'>\n\t\t\t\t<dt class='gallery-icon landscape'>\n\t\t\t\t\t<a class=\"rollover rollover-zoom dt-pswp-item\" title=\"215314600_338280137939197_7993817378989279959_n\" data-dt-img-description=\"\" data-large_image_width=\"799\" data-large_image_height=\"206\"href='https:\/\/www.radiopiu.net\/wordpress\/wp-content\/uploads\/2021\/07\/215314600_338280137939197_7993817378989279959_n.jpg'><img loading=\"lazy\" decoding=\"async\" width=\"150\" height=\"150\" src=\"https:\/\/www.radiopiu.net\/wordpress\/wp-content\/uploads\/2021\/07\/215314600_338280137939197_7993817378989279959_n-150x150.jpg\" class=\"attachment-thumbnail size-thumbnail\" alt=\"\" \/><\/a>\n\t\t\t\t<\/dt><\/dl><br style=\"clear: both\" \/><dl class='gallery-item'>\n\t\t\t\t<dt class='gallery-icon landscape'>\n\t\t\t\t\t<a class=\"rollover rollover-zoom dt-pswp-item\" title=\"213878170_349762393320452_8661360385142087096_n\" data-dt-img-description=\"\" data-large_image_width=\"206\" data-large_image_height=\"203\"href='https:\/\/www.radiopiu.net\/wordpress\/wp-content\/uploads\/2021\/07\/213878170_349762393320452_8661360385142087096_n.jpg'><img loading=\"lazy\" decoding=\"async\" width=\"150\" height=\"150\" src=\"https:\/\/www.radiopiu.net\/wordpress\/wp-content\/uploads\/2021\/07\/213878170_349762393320452_8661360385142087096_n-150x150.jpg\" class=\"attachment-thumbnail size-thumbnail\" alt=\"\" \/><\/a>\n\t\t\t\t<\/dt><\/dl><dl class='gallery-item'>\n\t\t\t\t<dt class='gallery-icon landscape'>\n\t\t\t\t\t<a class=\"rollover rollover-zoom dt-pswp-item\" title=\"217089623_345719253826198_8240210573234770921_n\" data-dt-img-description=\"\" data-large_image_width=\"227\" data-large_image_height=\"206\"href='https:\/\/www.radiopiu.net\/wordpress\/wp-content\/uploads\/2021\/07\/217089623_345719253826198_8240210573234770921_n.jpg'><img loading=\"lazy\" decoding=\"async\" width=\"150\" height=\"150\" src=\"https:\/\/www.radiopiu.net\/wordpress\/wp-content\/uploads\/2021\/07\/217089623_345719253826198_8240210573234770921_n-150x150.jpg\" class=\"attachment-thumbnail size-thumbnail\" alt=\"\" \/><\/a>\n\t\t\t\t<\/dt><\/dl><dl class='gallery-item'>\n\t\t\t\t<dt class='gallery-icon portrait'>\n\t\t\t\t\t<a class=\"rollover rollover-zoom dt-pswp-item\" title=\"216170412_555051995677866_3444480162452032074_n\" data-dt-img-description=\"\" data-large_image_width=\"160\" data-large_image_height=\"225\"href='https:\/\/www.radiopiu.net\/wordpress\/wp-content\/uploads\/2021\/07\/216170412_555051995677866_3444480162452032074_n.jpg'><img loading=\"lazy\" decoding=\"async\" width=\"150\" height=\"150\" src=\"https:\/\/www.radiopiu.net\/wordpress\/wp-content\/uploads\/2021\/07\/216170412_555051995677866_3444480162452032074_n-150x150.jpg\" class=\"attachment-thumbnail size-thumbnail\" alt=\"\" \/><\/a>\n\t\t\t\t<\/dt><\/dl><dl class='gallery-item'>\n\t\t\t\t<dt class='gallery-icon portrait'>\n\t\t\t\t\t<a class=\"rollover rollover-zoom dt-pswp-item\" title=\"217024454_170755511707154_1482563705897305658_n\" data-dt-img-description=\"\" data-large_image_width=\"160\" data-large_image_height=\"379\"href='https:\/\/www.radiopiu.net\/wordpress\/wp-content\/uploads\/2021\/07\/217024454_170755511707154_1482563705897305658_n.jpg'><img loading=\"lazy\" decoding=\"async\" width=\"150\" height=\"150\" src=\"https:\/\/www.radiopiu.net\/wordpress\/wp-content\/uploads\/2021\/07\/217024454_170755511707154_1482563705897305658_n-150x150.jpg\" class=\"attachment-thumbnail size-thumbnail\" alt=\"\" \/><\/a>\n\t\t\t\t<\/dt><\/dl><dl class='gallery-item'>\n\t\t\t\t<dt class='gallery-icon landscape'>\n\t\t\t\t\t<a class=\"rollover rollover-zoom dt-pswp-item\" title=\"214239725_611278003122159_996026635767821480_n\" data-dt-img-description=\"\" data-large_image_width=\"332\" data-large_image_height=\"206\"href='https:\/\/www.radiopiu.net\/wordpress\/wp-content\/uploads\/2021\/07\/214239725_611278003122159_996026635767821480_n.jpg'><img loading=\"lazy\" decoding=\"async\" width=\"150\" height=\"150\" src=\"https:\/\/www.radiopiu.net\/wordpress\/wp-content\/uploads\/2021\/07\/214239725_611278003122159_996026635767821480_n-150x150.jpg\" class=\"attachment-thumbnail size-thumbnail\" alt=\"\" \/><\/a>\n\t\t\t\t<\/dt><\/dl><br style=\"clear: both\" \/>\n\t\t\t<\/div>\n\n<p>NELLE FOTO (riproduzioni dal libro \u201cCuriosando per la Citt\u00e0 di Belluno\u201d di Vincenzo Caputo e \u201cLa cattedrale di Belluno\u201d di Flavio Vizzutti): \u201cCristo\u201d sulla facciata laterale della porta settentrionale del Duomo; il Rosone collocato sopra l\u2019entrata laterale; il Campanile progettato da Filippo Juvarra; i volti in pietra negli archi centrali del campanile; la lunetta col \u201cBattesimo di Cristo\u201d sopra l\u2019entrata principale del Battistero; facciata del Duomo e campanile; di Francesco Monaco: il campanile della cattedrale, da Alsarco Ganipace, dedicato al Consiglio dei Nobili della Citt\u00e0, Venezia 1738; particolare dell\u2019Angelo del campanile; di Giovanni Feltrin, olio su tela, collezione privata; l\u2019incendio dell\u2019Angelo a seguito di lavori del 1843; cos\u00ec dopo il terremoto del 1873.<\/p>\n<p>&nbsp;<\/p>\n<p>&nbsp;<\/p>\n<hr \/>\n<blockquote>\n<h2>DA DOMANI: Cinema sotto le stelle Il Re Leone &#8211; Live action<\/h2>\n<\/blockquote>\n<p><strong><img loading=\"lazy\" decoding=\"async\" class=\"alignleft\" src=\"https:\/\/www.radiopiu.net\/wordpress\/wp-content\/uploads\/2018\/07\/villa-patt.jpg\" width=\"247\" height=\"139\" \/>SEDICO<\/strong> Ritornano gli appuntamenti al cinema con la Proloco di Sedico.\u00a0 Cinque serate\u00a0 anche con la possibilit\u00e0 di\u00a0 cenare presso lo stand in Villa aperto dalle\u00a0 19 e per ogni serata\u00a0 un men\u00f9 diverso<\/p>\n<p>LO SPECIALE ALLA RADIO<\/p>\n<p><strong>OSPITE CLAUDIO MEZZAVILLA, PRESIDENTE PROLOCO SEDICO<\/strong><\/p>\n<p>di Claudio Fontanive<\/p>\n<audio class=\"wp-audio-shortcode\" id=\"audio-221428-5\" preload=\"none\" style=\"width: 100%;\" controls=\"controls\"><source type=\"audio\/mpeg\" src=\"https:\/\/www.radiopiu.net\/wordpress\/wp-content\/uploads\/2021\/07\/claudio-mezzavilla-scade-mercoledi.mp3?_=5\" \/><a href=\"https:\/\/www.radiopiu.net\/wordpress\/wp-content\/uploads\/2021\/07\/claudio-mezzavilla-scade-mercoledi.mp3\">https:\/\/www.radiopiu.net\/wordpress\/wp-content\/uploads\/2021\/07\/claudio-mezzavilla-scade-mercoledi.mp3<\/a><\/audio>\n<p>&nbsp;<\/p>\n<hr \/>\n<p>&nbsp;<\/p>\n<p>&nbsp;<\/p>\n<blockquote>\n<h3><a href=\"https:\/\/www.radiopiu.net\/wordpress\/?attachment_id=221315\" rel=\"attachment wp-att-221315\"><img loading=\"lazy\" decoding=\"async\" class=\" wp-image-221315 alignleft\" src=\"https:\/\/www.radiopiu.net\/wordpress\/wp-content\/uploads\/2021\/07\/Fortificazionevilla-300x225.jpg\" alt=\"\" width=\"195\" height=\"146\" srcset=\"https:\/\/www.radiopiu.net\/wordpress\/wp-content\/uploads\/2021\/07\/Fortificazionevilla-300x225.jpg 300w, https:\/\/www.radiopiu.net\/wordpress\/wp-content\/uploads\/2021\/07\/Fortificazionevilla-1024x769.jpg 1024w, https:\/\/www.radiopiu.net\/wordpress\/wp-content\/uploads\/2021\/07\/Fortificazionevilla-768x577.jpg 768w, https:\/\/www.radiopiu.net\/wordpress\/wp-content\/uploads\/2021\/07\/Fortificazionevilla.jpg 1400w\" sizes=\"auto, (max-width: 195px) 100vw, 195px\" \/><\/a>FAI UN GIRO IN VILLA, NEL BELLUNESE VISITA AL SITO DI COR<\/h3>\n<\/blockquote>\n<p><strong>BELLUNO<\/strong> Torna l\u2019appuntamento veneto con il festival \u201cFai un giro in Villa\u201d, organizzato dalla Presidenza FAI Veneto e dai Gruppi FAI Giovani della regione. Questa edizione sar\u00e0 in presenza con visite a ville e giardini del Veneto, che i Gruppi Giovani del FAI Veneto organizzano, in tutta sicurezza e nel rispetto delle normative vigenti. Il gruppo FAI Giovani di Belluno ha scelto, per la giornata di domenica 18 luglio, di far conoscere e valorizzare l\u2019ameno sito di Cor, nel territorio dell\u2019antica pieve di Castion, vicino ai villaggi di Castoi e di Visome, in un suggestivo contesto paesaggistico di campi coltivati, vigneti e boschi. L\u2019evento \u00e8 aperto a tutti con contributo a partire da \u20ac 7,00 (\u20ac 5,00 per gli iscritti FAI). La prenotazione non \u00e8 obbligatoria ma consigliata a questo link https:\/\/faiprenotazioni.fondoambiente.it\/.<\/p>\n<p>&nbsp;<\/p>\n<hr \/>\n<p>&nbsp;<\/p>\n<blockquote>\n<h3>IL CONCERTO OFFERTO DALLA FILARMONICA<\/h3>\n<\/blockquote>\n<p><strong><a href=\"https:\/\/www.radiopiu.net\/wordpress\/giornale-radiopiu-08-luglio-2021-direttore-mirko-mezzacasa\/filarmonica-x-carta-intestata\/\" rel=\"attachment wp-att-220534\"><img loading=\"lazy\" decoding=\"async\" class=\"size-medium wp-image-220534 alignleft\" src=\"https:\/\/www.radiopiu.net\/wordpress\/wp-content\/uploads\/2021\/07\/c388dd65-f33a-4b5b-a8a3-27f451ea4110-300x44.jpg\" sizes=\"auto, (max-width: 300px) 100vw, 300px\" srcset=\"https:\/\/www.radiopiu.net\/wordpress\/wp-content\/uploads\/2021\/07\/c388dd65-f33a-4b5b-a8a3-27f451ea4110-300x44.jpg 300w, https:\/\/www.radiopiu.net\/wordpress\/wp-content\/uploads\/2021\/07\/c388dd65-f33a-4b5b-a8a3-27f451ea4110.jpg 700w\" alt=\"\" width=\"300\" height=\"44\" \/><\/a>BELLUNO<\/strong>\u00a0La Filarmonica 1867 il 18 luglio nel Parco della Parrocchia di Cavarzano si esibir\u00e0 in un vasto repertorio che spazia dalla musica classica a brani originali per orchestra di fiati, dalle colonne sonore del grande cinema alla musica tradizionale. La seconda parte dello spettacolo sar\u00e0 dedicata a celebrare il 150\u00b0 anniversario dell\u2019Aida di Giuseppe Verdi. Dirigono i maestri Andrea Gasperin e Sandro De Marchi.\u00a0\u00a0<strong>Come partecipare?<\/strong>\u00a0\u00e8 obbligatorio il posto pre-assegnato anche per gli eventi all\u2019aperto. Per poter partecipare all\u2019evento \u00e8 quindi necessario prenotare il proprio posto tramite la piattaforma\u00a0<a href=\"https:\/\/bandabelluno.us15.list-manage.com\/track\/click?u=894cd617e4f50012757ef7e42&amp;id=082b65385a&amp;e=40f9faa4f0\">Eventbrite<\/a>. Per accedere clicca\u00a0<a href=\"https:\/\/bandabelluno.us15.list-manage.com\/track\/click?u=894cd617e4f50012757ef7e42&amp;id=cab85ca90a&amp;e=40f9faa4f0\">qui<\/a>.\u00a0 Altri appuntamenti:\u00a0<em>Concerto di gala offerto ai residenti e ai turisti dell\u2019Alpe del Nevegal il\u00a0<\/em>24 luglio ore 21 \u2013 Pertinenze esterne del Santuario; nei giorni 10 e 11 luglio masterclass di tromba tenuta dal docente Mirko Bellucco.<\/p>\n<p>&nbsp;<\/p>\n<p>&nbsp;<\/p>\n<hr \/>\n<p>&nbsp;<\/p>\n<blockquote>\n<h3>RITORNA LA RASSEGNA MUSICALE &#8220;MUSICA NELL&#8217;AGORDINO&#8221;<\/h3>\n<\/blockquote>\n<p><strong><a href=\"https:\/\/www.radiopiu.net\/wordpress\/giornale-radiopiu-04-luglio-2021-direttore-mirko-mezzacasa\/img_0263\/\" rel=\"attachment wp-att-219710\"><img loading=\"lazy\" decoding=\"async\" class=\" wp-image-219710 alignleft\" src=\"https:\/\/www.radiopiu.net\/wordpress\/wp-content\/uploads\/2021\/07\/IMG_0263-300x225.jpg\" alt=\"\" width=\"212\" height=\"159\" srcset=\"https:\/\/www.radiopiu.net\/wordpress\/wp-content\/uploads\/2021\/07\/IMG_0263-300x225.jpg 300w, https:\/\/www.radiopiu.net\/wordpress\/wp-content\/uploads\/2021\/07\/IMG_0263-1024x768.jpg 1024w, https:\/\/www.radiopiu.net\/wordpress\/wp-content\/uploads\/2021\/07\/IMG_0263-768x576.jpg 768w, https:\/\/www.radiopiu.net\/wordpress\/wp-content\/uploads\/2021\/07\/IMG_0263-1536x1152.jpg 1536w, https:\/\/www.radiopiu.net\/wordpress\/wp-content\/uploads\/2021\/07\/IMG_0263-2048x1536.jpg 2048w\" sizes=\"auto, (max-width: 212px) 100vw, 212px\" \/><\/a>AGORDO<\/strong>\u00a0Dopo un\u2019anteprima on-line dal Durando, uno dei pi\u00f9 bei scorci di Agordo, che sar\u00e0 tramessa da RadioPi\u00f9 il 18 luglio alle 11 e disponibile sui social durante il mese di luglio, con ospiti Sandro Del Duca (flauti e voce) e Nelso Salton (contrabbasso e voce), la rassegna inizier\u00e0 il 31 luglio alle 20.30 a La Valle con il concerto \u201c<em>al<\/em>\u00a0<em>ka\u015b\u00e8lo<\/em>\u201d, cio\u00e8 nel vecchio caseificio ora trasformato nella nuova e accogliente Sala Valmassoni.<\/p>\n<p><strong>\u00a0DI GIANNI SANTOMASO<\/strong><\/p>\n<audio class=\"wp-audio-shortcode\" id=\"audio-221428-6\" preload=\"none\" style=\"width: 100%;\" controls=\"controls\"><source type=\"audio\/mpeg\" src=\"https:\/\/www.radiopiu.net\/wordpress\/wp-content\/uploads\/2021\/07\/GIANNI-MUSICA-AGORDINO.mp3?_=6\" \/><a href=\"https:\/\/www.radiopiu.net\/wordpress\/wp-content\/uploads\/2021\/07\/GIANNI-MUSICA-AGORDINO.mp3\">https:\/\/www.radiopiu.net\/wordpress\/wp-content\/uploads\/2021\/07\/GIANNI-MUSICA-AGORDINO.mp3<\/a><\/audio>\n<p>&nbsp;<\/p>\n<hr \/>\n<p>&nbsp;<\/p>\n<blockquote>\n<h3>MUSICA NEI CORTIVI A SAN GREGORIO NELLE ALPI<\/h3>\n<\/blockquote>\n<p><strong>SAN GREGORIO NELLE ALPI <\/strong>Nell\u2019ambito della rassegna \u201cMusica nei cortivi\u201d sabato 17 luglio alle 21.00 in Piazza Municipio a San Gregorio nelle Alpi si esibir\u00e0 in concerto la fisarmonicista Sabrina Salvestrin. Organizzazione a cura Consorzio Pro Loco Pedemontane Val Belluna e Pro Loco San Gregorio nelle Alpi. Ingresso libero.<\/p>\n<h3><\/h3>\n<p>&nbsp;<\/p>\n<hr \/>\n<p>&nbsp;<\/p>\n<h3><strong><a href=\"https:\/\/www.radiopiu.net\/wordpress\/al-via-le-prenotazioni-per-il-concerto-la-mia-terra-con-roby-facchinetti\/6d2f3eca-51eb-475d-a53d-f8cc7852afd5\/\" rel=\"attachment wp-att-216089\"><img loading=\"lazy\" decoding=\"async\" class=\" wp-image-216089 alignleft\" src=\"https:\/\/www.radiopiu.net\/wordpress\/wp-content\/uploads\/2021\/06\/6d2f3eca-51eb-475d-a53d-f8cc7852afd5-300x300.jpg\" alt=\"\" width=\"114\" height=\"114\" srcset=\"https:\/\/www.radiopiu.net\/wordpress\/wp-content\/uploads\/2021\/06\/6d2f3eca-51eb-475d-a53d-f8cc7852afd5-300x300.jpg 300w, https:\/\/www.radiopiu.net\/wordpress\/wp-content\/uploads\/2021\/06\/6d2f3eca-51eb-475d-a53d-f8cc7852afd5-150x150.jpg 150w, https:\/\/www.radiopiu.net\/wordpress\/wp-content\/uploads\/2021\/06\/6d2f3eca-51eb-475d-a53d-f8cc7852afd5-768x768.jpg 768w, https:\/\/www.radiopiu.net\/wordpress\/wp-content\/uploads\/2021\/06\/6d2f3eca-51eb-475d-a53d-f8cc7852afd5.jpg 1024w\" sizes=\"auto, (max-width: 114px) 100vw, 114px\" \/><\/a><\/strong><em>Regione Veneto, Provincia di Belluno, Comune di Falcade, Pro Loco Falcade Caviola, PromoFalcade Dolomiti e Ski Area San Pellegrino.<\/em><\/h3>\n<p><strong>FALCADE <\/strong>\u00a0Diretti dal Maestro Diego Basso un centinaio di artisti tra musicisti e coristi dell\u2019Orchestra Ritmico Sinfonica Italiana e Le Voci di Art Voice Academy.\u00a0 L\u2019accesso all\u2019area del concerto e\u0300 raggiungibile solo su prenotazione, tramite il sito: <a href=\"https:\/\/www.falcadedolomiti.it\/falcade-e-il-concerto-la-mia-terra\/\">https:\/\/www.falcadedolomiti.it\/falcade-e-il-concerto-la-mia-terra\/\u00a0<\/a><\/p>\n<p>&nbsp;<\/p>\n<p>&nbsp;<\/p>\n<hr \/>\n<p>&nbsp;<\/p>\n<blockquote>\n<h2>&#8220;IL MILITE IGNOTO&#8221; IL 18 LUGLIO A BOSCHI DI CARTA<\/h2>\n<\/blockquote>\n<p><strong>BELLUNO<\/strong> Paola Zambelli autrice, nativa e residente a Belluno, laureata in Scienze della Formazione, recentemente a Ravenna premiata al concorso &#8220;letteratura per ragazzi&#8221;,\u00a0 il 18 luglio, in occasione della manifestazione \u201cBoschi di Carta\u201d a Pieve di Cadore, presenter\u00e0 il romanzo \u201cIl treno dell\u2019Ignoto. Il viaggio del Milite Ignoto\u201d, tratto proprio dal racconto vincitore del XIV Premio \u201cRighini Ricci\u201d di Conselice (RA).<\/p>\n<p>&nbsp;<\/p>\n<blockquote><p>&nbsp;<\/p><\/blockquote>\n<hr \/>\n<p>&nbsp;<\/p>\n<blockquote>\n<h3>RI-LEGGERE BUZZATTI, DOMENICA 18 LUGLIO IL PRIMO APPUNTAMENTO<\/h3>\n<\/blockquote>\n<p><strong>BELLUNO<\/strong> Nel cinquantesimo della scomparsa di Dino Buzzatti, i Lions Club delle Dolomiti vogliono celebrare l&#8217;amore per la montagna dello scrittore con una serie di appuntamenti nei luoghi che pi\u00f9 ha amato. Un ciclo di letture itinerante che partir\u00e0 domenica 18 luglio alle 18 da Poggio Pagnan a Zottier di Borgo Valbelluna dove Luisa Alchini, Loredana Borghetto e Mauro Viani\u00a0 del Centro Internazionale del libro parlato &#8220;Adriano Sernagiotto&#8221; leggeranno letture tratte da &#8220;L&#8217;uccisione del drago&#8221; e &#8220;L&#8217;amico Schiara&#8221;. Gli altri due appuntamenti in programma saranno ad Auronzo di Cadore, foresta di Somadida, il 1 agosto e a Tonadico il 21 agosto.<\/p>\n<p>&nbsp;<\/p>\n<p>&nbsp;<\/p>\n<hr \/>\n<div class=\"mkdf-post-text\">\n<div class=\"mkdf-post-text-inner\">\n<div class=\"mkdf-post-text-main\">\n<p>&nbsp;<\/p>\n<h3>Dalla Biblioteca di Cesiomaggiore<\/h3>\n<p><strong>CESIOMAGGIORE<\/strong> Il volume &#8220;I miracoli della Val Canzoi&#8221;,\u00a0 omaggio autentico e affettuoso di Giovanni Trimeri e GianAntonio Cecchin a Dino Buzzati,\u00a0 nel cinquantesimo anniversario dalla pubblicazione de I miracoli di Val Morel, sar\u00e0 presentato alla stampa venerdi 16 luglio in sala riunioni Biblioteca comunale di Cesiomaggiore (Via Roma), con l&#8217;occasione sar\u00e0 presentata altres\u00ec la mostra.<\/p>\n<p>&nbsp;<\/p>\n<hr \/>\n<p>&nbsp;<\/p>\n<p><strong>PIANTE OFFICINALI DELLE DOLOMITI\u00a0<\/strong><\/p>\n<p><strong>SELVA DI CADORE<\/strong> Domenica alle 10 in sala conferenze del museo Vittorino Cazzetta mattinata in compagnia di un erborista esperto per imparare a conoscere, preparare a trasformare le piante officinali pi\u00f9 comuni delle nostre zone, ingresso gratuito. Informazioni allo 0435 501563<\/p>\n<\/div>\n<p>&nbsp;<\/p>\n<hr \/>\n<div class=\"mkdf-post-text-main\">\n<p>&nbsp;<\/p>\n<p><strong>DOMENICA IL MERCATINO A CAVIOLA<\/strong><\/p>\n<p><strong>FALCADE<\/strong> Domenica nella zona del Parco Giochi di Caviola appuntamento con il mercatino &#8220;Robe Bone e Bele&#8221;, vendita di prodotti tipici e artigianato.<\/p>\n<p>&nbsp;<\/p>\n<hr \/>\n<p>&nbsp;<\/p>\n<blockquote>\n<h3>ESTATE AD ALLEGHE, GLI APPUNTAMENTI DEL CONSORZIO OPERATORI TURISTICI<\/h3>\n<\/blockquote>\n<a href=\"https:\/\/www.radiopiu.net\/wordpress\/wp-content\/uploads\/2021\/07\/Calendario-eventi-ESTATE-2021-Alleghe.pdf\" class=\"pdfemb-viewer\" style=\"\" data-width=\"max\" data-height=\"max\" data-toolbar=\"top\" data-toolbar-fixed=\"on\">Calendario eventi ESTATE 2021 Alleghe<\/a>\n<p>&nbsp;<\/p>\n<p>&nbsp;<\/p>\n<hr \/>\n<p>&nbsp;<\/p>\n<p><strong>AL CALAR DELLA SERA IN BIBLIOTECA, TERZO APPUNTAMENTO\u00a0<\/strong><\/p>\n<p><strong>LIMANA<\/strong>\u00a0 <span style=\"color: #ff0000;\"><b>Gioved\u00ec alle 19\u00a0 <\/b><\/span>presentazione del libro di poesie <i><b>Maschere<\/b><\/i>, della limanese <b>Daniela D&#8217;Inc\u00e0<\/b>. Saranno presenti l&#8217;autrice del libro e la poetessa bellunese Laura Valentina Da Re, che alterneranno letture a interpretazioni di poesie.\u00a0 Al termine, rinfresco offerto a tutti i partecipanti (ingresso gratuito con prenotazione obbligatoria). Per le prenotazioni scrivere al seguente indirizzo: <a class=\"moz-txt-link-abbreviated\" href=\"mailto:sbogo.limana@valbelluna.bl.it\">sbogo.limana@valbelluna.bl.it<\/a> o telefonare al n. 0437970868.<\/p>\n<div dir=\"auto\"><\/div>\n<p>&nbsp;<\/p>\n<hr \/>\n<p>&nbsp;<\/p>\n<div class=\"mkdf-post-text\">\n<div class=\"mkdf-post-text-inner\">\n<div class=\"mkdf-post-text-main\">\n<blockquote class=\"wp-embedded-content\" data-secret=\"lTXfCh0pEY\"><p><a href=\"https:\/\/www.radiopiu.net\/wordpress\/da-ieri-alla-radio-in-palinsesto-loris-e-maurizio-con-la-grande-musica\/\">IL BLUES ALLA RADIO &#8230; COME NON L&#8217;AVETE MAI SENTITO PRIMA<\/a><\/p><\/blockquote>\n<p><iframe loading=\"lazy\" class=\"wp-embedded-content\" sandbox=\"allow-scripts\" security=\"restricted\" style=\"position: absolute; clip: rect(1px, 1px, 1px, 1px);\" title=\"&#8220;IL BLUES ALLA RADIO &#8230; COME NON L&#8217;AVETE MAI SENTITO PRIMA&#8221; &#8212; Radio Pi\u00f9\" src=\"https:\/\/www.radiopiu.net\/wordpress\/da-ieri-alla-radio-in-palinsesto-loris-e-maurizio-con-la-grande-musica\/embed\/#?secret=lTXfCh0pEY\" data-secret=\"lTXfCh0pEY\" width=\"600\" height=\"338\" frameborder=\"0\" marginwidth=\"0\" marginheight=\"0\" scrolling=\"no\"><\/iframe><\/p>\n<p>&nbsp;<\/p>\n<hr \/>\n<p>&nbsp;<\/p>\n<blockquote class=\"wp-embedded-content\" data-secret=\"Nl4NZh4vNU\"><p><a href=\"https:\/\/www.radiopiu.net\/wordpress\/guerrieri-delle-alpi-di-john-francis-della-pietra\/\">GUERRIERI DELLE ALPI&#8230;DI JOHN FRANCIS DELLA PIETRA<\/a><\/p><\/blockquote>\n<p><iframe loading=\"lazy\" class=\"wp-embedded-content\" sandbox=\"allow-scripts\" security=\"restricted\" style=\"position: absolute; clip: rect(1px, 1px, 1px, 1px);\" title=\"&#8220;GUERRIERI DELLE ALPI&#8230;DI JOHN FRANCIS DELLA PIETRA&#8221; &#8212; Radio Pi\u00f9\" src=\"https:\/\/www.radiopiu.net\/wordpress\/guerrieri-delle-alpi-di-john-francis-della-pietra\/embed\/#?secret=Nl4NZh4vNU\" data-secret=\"Nl4NZh4vNU\" width=\"600\" height=\"338\" frameborder=\"0\" marginwidth=\"0\" marginheight=\"0\" scrolling=\"no\"><\/iframe><\/p>\n<p>&nbsp;<\/p>\n<p>&nbsp;<\/p>\n<p>&nbsp;<\/p>\n<p>&nbsp;<\/p>\n<hr \/>\n<p>&nbsp;<\/p>\n<div>\n<div class=\"page-title-head hgroup\">\n<div class=\"page-title-head hgroup\">\n<div>\n<div class=\"page-title-head hgroup\">\n<div class=\"page-title-head hgroup\">\n<div class=\"b654a4as d2edcug0\">\n<div>\n<p>&nbsp;<\/p>\n<blockquote>\n<blockquote>\n<h2><a href=\"https:\/\/www.radiopiu.net\/wordpress\/speciale-solidarieta-veneto\/solidarieta-veneto-3\/\" rel=\"attachment wp-att-134366\"><img loading=\"lazy\" decoding=\"async\" class=\"wp-image-134366 alignleft\" src=\"https:\/\/www.radiopiu.net\/wordpress\/wp-content\/uploads\/2020\/05\/solidariet\u00e0-veneto-300x210.jpg\" alt=\"\" width=\"102\" height=\"71\" srcset=\"https:\/\/www.radiopiu.net\/wordpress\/wp-content\/uploads\/2020\/05\/solidariet\u00e0-veneto-300x210.jpg 300w, https:\/\/www.radiopiu.net\/wordpress\/wp-content\/uploads\/2020\/05\/solidariet\u00e0-veneto-1024x717.jpg 1024w, https:\/\/www.radiopiu.net\/wordpress\/wp-content\/uploads\/2020\/05\/solidariet\u00e0-veneto-768x538.jpg 768w, https:\/\/www.radiopiu.net\/wordpress\/wp-content\/uploads\/2020\/05\/solidariet\u00e0-veneto.jpg 1373w\" sizes=\"auto, (max-width: 102px) 100vw, 102px\" \/><\/a>SOLIDARIETA&#8217; VENETO FONDO PENSIONE, IN ONDA IL PRIMO VENERDI DEL MESE ALLE 10.30 E ALLE 19.00 QUINTA STAGIONE<\/h2>\n<\/blockquote>\n<h2><strong><span style=\"color: #ff0000;\">AUDIO LUGLIO 2021<\/span><\/strong><\/h2>\n<\/blockquote>\n<audio class=\"wp-audio-shortcode\" id=\"audio-221428-7\" preload=\"none\" style=\"width: 100%;\" controls=\"controls\"><source type=\"audio\/mpeg\" src=\"https:\/\/www.radiopiu.net\/wordpress\/wp-content\/uploads\/2021\/07\/solidarieta-veneto-luglio-2021.mp3?_=7\" \/><a href=\"https:\/\/www.radiopiu.net\/wordpress\/wp-content\/uploads\/2021\/07\/solidarieta-veneto-luglio-2021.mp3\">https:\/\/www.radiopiu.net\/wordpress\/wp-content\/uploads\/2021\/07\/solidarieta-veneto-luglio-2021.mp3<\/a><\/audio>\n<h2>LA RACCOLTA COMPLETA<\/h2>\n<blockquote class=\"wp-embedded-content\" data-secret=\"tXvnEHgSDG\"><p><a href=\"https:\/\/www.radiopiu.net\/wordpress\/solidarieta-veneto\/\">Solidariet\u00e0 Veneto<\/a><\/p><\/blockquote>\n<p><iframe loading=\"lazy\" class=\"wp-embedded-content\" sandbox=\"allow-scripts\" security=\"restricted\" style=\"position: absolute; clip: rect(1px, 1px, 1px, 1px);\" title=\"&#8220;Solidariet\u00e0 Veneto&#8221; &#8212; Radio Pi\u00f9\" src=\"https:\/\/www.radiopiu.net\/wordpress\/solidarieta-veneto\/embed\/#?secret=tXvnEHgSDG\" data-secret=\"tXvnEHgSDG\" width=\"600\" height=\"338\" frameborder=\"0\" marginwidth=\"0\" marginheight=\"0\" scrolling=\"no\"><\/iframe><\/p>\n<blockquote>\n<h2><\/h2>\n<\/blockquote>\n<p>&nbsp;<\/p>\n<hr \/>\n<p>&nbsp;<\/p>\n<h2><strong><span style=\"color: #ff0000;\">QUINDICINALE APPUNTAMENTO ALLA RADIO<\/span><\/strong><\/h2>\n<blockquote>\n<h3><a style=\"font-size: 14px; font-weight: normal;\" href=\"https:\/\/www.radiopiu.net\/wordpress\/giornale-radiopiu-06-febbraio-2019-direttore-mirko-mezzacasa\/logo_spi-cgil-800x445\/\" rel=\"attachment wp-att-75538\"><img loading=\"lazy\" decoding=\"async\" class=\"wp-image-75538 alignleft\" src=\"https:\/\/www.radiopiu.net\/wordpress\/wp-content\/uploads\/2019\/02\/Logo_Spi-CGIL-800x445-300x167.jpg\" alt=\"\" width=\"210\" height=\"117\" srcset=\"https:\/\/www.radiopiu.net\/wordpress\/wp-content\/uploads\/2019\/02\/Logo_Spi-CGIL-800x445-300x167.jpg 300w, https:\/\/www.radiopiu.net\/wordpress\/wp-content\/uploads\/2019\/02\/Logo_Spi-CGIL-800x445-768x427.jpg 768w, https:\/\/www.radiopiu.net\/wordpress\/wp-content\/uploads\/2019\/02\/Logo_Spi-CGIL-800x445.jpg 800w\" sizes=\"auto, (max-width: 210px) 100vw, 210px\" \/><\/a><\/h3>\n<\/blockquote>\n<blockquote>\n<h3>ALLA RADIO, APPUNTAMENTO QUINDICINALE CON SPI-CGIL BELLUNO, IN STUDIO MARIA RITA GENTILIN<\/h3>\n<\/blockquote>\n<p><strong>di Claudio Fontanive\u00a0<\/strong><\/p>\n<p><span style=\"color: #ff0000;\"><strong>PUNTATA DEL\u00a0 08 luglio 2021<br \/>\n<\/strong><\/span><\/p>\n<audio class=\"wp-audio-shortcode\" id=\"audio-221428-8\" preload=\"none\" style=\"width: 100%;\" controls=\"controls\"><source type=\"audio\/mpeg\" src=\"https:\/\/www.radiopiu.net\/wordpress\/wp-content\/uploads\/2021\/07\/spi-cgil-8-luglio.mp3?_=8\" \/><a href=\"https:\/\/www.radiopiu.net\/wordpress\/wp-content\/uploads\/2021\/07\/spi-cgil-8-luglio.mp3\">https:\/\/www.radiopiu.net\/wordpress\/wp-content\/uploads\/2021\/07\/spi-cgil-8-luglio.mp3<\/a><\/audio>\n<p><span style=\"color: #ff0000;\"><strong>\u00a0<\/strong><\/span><\/p>\n<p>&nbsp;<\/p>\n<hr \/>\n<p>&nbsp;<\/p>\n<div>\n<div class=\"b654a4as d2edcug0\">\n<div class=\"rq0escxv hkbzh7o3 jwdofwj8 n8tt0mok r8blr3vg hyh9befq\">\n<p><a class=\"dt-pswp-item\" href=\"https:\/\/www.radiopiu.net\/wordpress\/wp-content\/uploads\/2020\/10\/pp.jpg\" data-dt-img-description=\"\" data-large_image_width=\"640\" data-large_image_height=\"640\"><img loading=\"lazy\" decoding=\"async\" class=\"wp-image-163678 alignleft\" src=\"https:\/\/www.radiopiu.net\/wordpress\/wp-content\/uploads\/2020\/10\/pp-300x300.jpg\" alt=\"\" width=\"106\" height=\"106\" srcset=\"https:\/\/www.radiopiu.net\/wordpress\/wp-content\/uploads\/2020\/10\/pp-300x300.jpg 300w, https:\/\/www.radiopiu.net\/wordpress\/wp-content\/uploads\/2020\/10\/pp-150x150.jpg 150w, https:\/\/www.radiopiu.net\/wordpress\/wp-content\/uploads\/2020\/10\/pp-125x125.jpg 125w, https:\/\/www.radiopiu.net\/wordpress\/wp-content\/uploads\/2020\/10\/pp-200x200.jpg 200w, https:\/\/www.radiopiu.net\/wordpress\/wp-content\/uploads\/2020\/10\/pp-80x80.jpg 80w, https:\/\/www.radiopiu.net\/wordpress\/wp-content\/uploads\/2020\/10\/pp-480x480.jpg 480w, https:\/\/www.radiopiu.net\/wordpress\/wp-content\/uploads\/2020\/10\/pp.jpg 640w\" sizes=\"auto, (max-width: 106px) 100vw, 106px\" \/><\/a><\/p>\n<\/div>\n<\/div>\n<\/div>\n<div>\n<div class=\"page-title-head hgroup\">\n<div class=\"page-title-head hgroup\">\n<div class=\"b654a4as d2edcug0\">\n<div class=\"j83agx80 btwxx1t3 lhclo0ds hop8lmos nkwizq5d scwd0bx6 roh60bw9\">\n<div class=\"rq0escxv hkbzh7o3 jwdofwj8 n8tt0mok r8blr3vg hyh9befq\">\n<div class=\"do00u71z l9j0dhe7 k4urcfbm\">\n<h2><span style=\"color: #000080;\">DON CESARE, IL PENSIERO DEL GIORNO. ALLA RADIO ALLE 7 DEL MATTINO E ALLE 19.30 DELLA SERA.\u00a0\u00a0<\/span><\/h2>\n<\/div>\n<\/div>\n<\/div>\n<div class=\"rq0escxv hkbzh7o3 jwdofwj8 n8tt0mok r8blr3vg hyh9befq\"><\/div>\n<div><\/div>\n<div><\/div>\n<div>\n<audio class=\"wp-audio-shortcode\" id=\"audio-221428-9\" preload=\"none\" style=\"width: 100%;\" controls=\"controls\"><source type=\"audio\/mpeg\" src=\"https:\/\/www.radiopiu.net\/wordpress\/wp-content\/uploads\/2021\/07\/CESARE-8.mp3?_=9\" \/><a href=\"https:\/\/www.radiopiu.net\/wordpress\/wp-content\/uploads\/2021\/07\/CESARE-8.mp3\">https:\/\/www.radiopiu.net\/wordpress\/wp-content\/uploads\/2021\/07\/CESARE-8.mp3<\/a><\/audio>\n<\/div>\n<\/div>\n<\/div>\n<div class=\"page-title-head hgroup\">\n<p>&nbsp;<\/p>\n<hr \/>\n<p class=\"b654a4as d2edcug0\"><span style=\"color: #ff6600;\"> \u00a0<\/span><\/p>\n<h2><span style=\"color: #ff6600;\">GIROVAGANDO ALLA RADIO, PUNTATA 08<\/span><\/h2>\n<h3><a href=\"https:\/\/www.radiopiu.net\/wordpress\/girovagando-alla-radio-puntata-08\/cc427606-4bd0-4e80-9a49-01e74866dea0\/\" rel=\"attachment wp-att-221138\"><img loading=\"lazy\" decoding=\"async\" class=\"size-medium wp-image-221138 alignleft\" src=\"https:\/\/www.radiopiu.net\/wordpress\/wp-content\/uploads\/2021\/07\/cc427606-4bd0-4e80-9a49-01e74866dea0-300x225.jpg\" alt=\"\" width=\"300\" height=\"225\" srcset=\"https:\/\/www.radiopiu.net\/wordpress\/wp-content\/uploads\/2021\/07\/cc427606-4bd0-4e80-9a49-01e74866dea0-300x225.jpg 300w, https:\/\/www.radiopiu.net\/wordpress\/wp-content\/uploads\/2021\/07\/cc427606-4bd0-4e80-9a49-01e74866dea0-768x576.jpg 768w, https:\/\/www.radiopiu.net\/wordpress\/wp-content\/uploads\/2021\/07\/cc427606-4bd0-4e80-9a49-01e74866dea0.jpg 960w\" sizes=\"auto, (max-width: 300px) 100vw, 300px\" \/><\/a>Collaborazione Thomas Soppera<\/h3>\n<p>&nbsp;<\/p>\n<p>&nbsp;<\/p>\n<p>&nbsp;<\/p>\n<p>&nbsp;<\/p>\n<p><strong>AUDIO PUNTATA 12 Luglio 2021<\/strong><\/p>\n<audio class=\"wp-audio-shortcode\" id=\"audio-221428-10\" preload=\"none\" style=\"width: 100%;\" controls=\"controls\"><source type=\"audio\/mpeg\" src=\"https:\/\/www.radiopiu.net\/wordpress\/wp-content\/uploads\/2021\/07\/GIROVAGANDO-08.mp3?_=10\" \/><a href=\"https:\/\/www.radiopiu.net\/wordpress\/wp-content\/uploads\/2021\/07\/GIROVAGANDO-08.mp3\">https:\/\/www.radiopiu.net\/wordpress\/wp-content\/uploads\/2021\/07\/GIROVAGANDO-08.mp3<\/a><\/audio>\n<p>&nbsp;<\/p>\n<h2><span style=\"color: #ff0000;\">LA RACCOLTA COMPLETA\u00a0<\/span><\/h2>\n<blockquote class=\"wp-embedded-content\" data-secret=\"UORQuvW8XB\"><p><a href=\"https:\/\/www.radiopiu.net\/wordpress\/girovagando-in-e-bike-tra-le-dolomiti\/\">GIROVAGANDO IN E BIKE TRA LE DOLOMITI<\/a><\/p><\/blockquote>\n<p><iframe loading=\"lazy\" class=\"wp-embedded-content\" sandbox=\"allow-scripts\" security=\"restricted\" style=\"position: absolute; clip: rect(1px, 1px, 1px, 1px);\" title=\"&#8220;GIROVAGANDO IN E BIKE TRA LE DOLOMITI&#8221; &#8212; Radio Pi\u00f9\" src=\"https:\/\/www.radiopiu.net\/wordpress\/girovagando-in-e-bike-tra-le-dolomiti\/embed\/#?secret=UORQuvW8XB\" data-secret=\"UORQuvW8XB\" width=\"600\" height=\"338\" frameborder=\"0\" marginwidth=\"0\" marginheight=\"0\" scrolling=\"no\"><\/iframe><\/p>\n<p>\u200b<\/p>\n<p>&nbsp;<\/p>\n<hr \/>\n<div>\n<div class=\"page-title-head hgroup\">\n<div class=\"page-title-head hgroup\">\n<div class=\"b654a4as d2edcug0\">\n<div>\n<p>&nbsp;<\/p>\n<\/div>\n<div><\/div>\n<h2>COLLAGE&#8230; DI LORIS SCUSSEL dal lunedi al venerdi alle 16 e alle 23 su RADIO PIU<\/h2>\n<div>\n<div>\n<div>\n<div>\n<div>\n<div>\n<div>\n<div>\n<div>\n<div>\n<div>\n<div>\n<div>\n<div>\n<div>\n<div>\n<div>\n<div>\n<div>\n<div>\n<div>\n<p><strong>PUNTATA 386 DEL 12 luglio\u00a0 2021<\/strong><\/p>\n<\/div>\n<\/div>\n<\/div>\n<\/div>\n<\/div>\n<\/div>\n<\/div>\n<\/div>\n<\/div>\n<div>\n<div>\n<audio class=\"wp-audio-shortcode\" id=\"audio-221428-11\" preload=\"none\" style=\"width: 100%;\" controls=\"controls\"><source type=\"audio\/mpeg\" src=\"https:\/\/www.radiopiu.net\/wordpress\/wp-content\/uploads\/2021\/07\/Collage-384.mp3?_=11\" \/><a href=\"https:\/\/www.radiopiu.net\/wordpress\/wp-content\/uploads\/2021\/07\/Collage-384.mp3\">https:\/\/www.radiopiu.net\/wordpress\/wp-content\/uploads\/2021\/07\/Collage-384.mp3<\/a><\/audio>\n<p>&nbsp;<\/p>\n<\/div>\n<div>\n<div>\n<div>\n<div>\n<div>\n<div>\n<div>\n<div>\n<p><img loading=\"lazy\" decoding=\"async\" class=\"alignleft\" src=\"https:\/\/www.radiopiu.net\/wordpress\/wp-content\/uploads\/2021\/05\/Schermata-2021-05-23-alle-11.50.11.png\" width=\"186\" height=\"131\" \/>Il programma \u00e8 andato in onda da dicembre 2013 fino a luglio 2019, comprese le repliche, in due serie per 350 puntate complessive con 1.890 brani trasmessi. L\u2019obiettivo del programma: riproporre agli ascoltatori pi\u00f9 grandicelli le canzoni che ascoltavano nel passato e nello stesso tempo farle conoscere anche ai pi\u00f9 giovani.<\/p>\n<\/div>\n<\/div>\n<\/div>\n<\/div>\n<\/div>\n<\/div>\n<\/div>\n<\/div>\n<\/div>\n<div>\n<div>\n<div>\n<p>&nbsp;<\/p>\n<\/div>\n<\/div>\n<\/div>\n<p>&nbsp;<\/p>\n<\/div>\n<\/div>\n<\/div>\n<\/div>\n<\/div>\n<\/div>\n<\/div>\n<\/div>\n<\/div>\n<\/div>\n<\/div>\n<div>\n<div>\n<div>\n<p>&nbsp;<\/p>\n<p>&nbsp;<\/p>\n<p>&nbsp;<\/p>\n<\/div>\n<\/div>\n<\/div>\n<\/div>\n<hr \/>\n<p>&nbsp;<\/p>\n<blockquote>\n<h2>FANTASTICHE DOLOMITI, NUOVA STAGIONE. APPUNTAMENTO QUINDICINALE IL GIOVEDI ALLE 10.30 E 19.00<\/h2>\n<\/blockquote>\n<blockquote class=\"wp-embedded-content\" data-secret=\"1ecooDGQVi\"><p><a href=\"https:\/\/www.radiopiu.net\/wordpress\/raccolta-completa11\/\">FANTASTICHE DOLOMITI LA RACCOLTA COMPLETA<\/a><\/p><\/blockquote>\n<p><iframe loading=\"lazy\" class=\"wp-embedded-content\" sandbox=\"allow-scripts\" security=\"restricted\" style=\"position: absolute; clip: rect(1px, 1px, 1px, 1px);\" title=\"&#8220;FANTASTICHE DOLOMITI LA RACCOLTA COMPLETA&#8221; &#8212; Radio Pi\u00f9\" src=\"https:\/\/www.radiopiu.net\/wordpress\/raccolta-completa11\/embed\/#?secret=1ecooDGQVi\" data-secret=\"1ecooDGQVi\" width=\"600\" height=\"338\" frameborder=\"0\" marginwidth=\"0\" marginheight=\"0\" scrolling=\"no\"><\/iframe><\/p>\n<p>&nbsp;<\/p>\n<p>&nbsp;<\/p>\n<hr \/>\n<div>\n<div class=\"b654a4as d2edcug0\">\n<div class=\"rq0escxv hkbzh7o3 jwdofwj8 n8tt0mok r8blr3vg hyh9befq\">\n<div class=\"b654a4as d2edcug0\">\n<h2><span style=\"color: #008000;\">\u00a0<\/span><\/h2>\n<div class=\"b654a4as d2edcug0\">\n<h2><span style=\"color: #008000;\">ERBE E PIANTE CURATIVE&#8230;IL\u00a0 PROGRAMMA DI PAOLA LANCIATO\u00a0\u00a0<\/span><\/h2>\n<p><strong><a href=\"https:\/\/www.radiopiu.net\/wordpress\/salvia\/\" rel=\"attachment wp-att-219932\"><img loading=\"lazy\" decoding=\"async\" class=\"wp-image-219932 alignleft\" src=\"https:\/\/www.radiopiu.net\/wordpress\/wp-content\/uploads\/2021\/07\/salvia-300x288.jpg\" alt=\"\" width=\"75\" height=\"72\" srcset=\"https:\/\/www.radiopiu.net\/wordpress\/wp-content\/uploads\/2021\/07\/salvia-300x288.jpg 300w, https:\/\/www.radiopiu.net\/wordpress\/wp-content\/uploads\/2021\/07\/salvia-768x736.jpg 768w, https:\/\/www.radiopiu.net\/wordpress\/wp-content\/uploads\/2021\/07\/salvia.jpg 773w\" sizes=\"auto, (max-width: 75px) 100vw, 75px\" \/><\/a>LA SALVIA\u00a0<\/strong><\/p>\n<audio class=\"wp-audio-shortcode\" id=\"audio-221428-12\" preload=\"none\" style=\"width: 100%;\" controls=\"controls\"><source type=\"audio\/mpeg\" src=\"https:\/\/www.radiopiu.net\/wordpress\/wp-content\/uploads\/2021\/07\/21-La-salvia-M.mp3?_=12\" \/><a href=\"https:\/\/www.radiopiu.net\/wordpress\/wp-content\/uploads\/2021\/07\/21-La-salvia-M.mp3\">https:\/\/www.radiopiu.net\/wordpress\/wp-content\/uploads\/2021\/07\/21-La-salvia-M.mp3<\/a><\/audio>\n<\/div>\n<blockquote class=\"wp-embedded-content\" data-secret=\"PUOSmsi9Tu\"><p><a href=\"https:\/\/www.radiopiu.net\/wordpress\/erbe-e-piante-curative-il-mandorlo\/\">L\u2019ERBA VOGLIO DEL GIARDINO DEL RE\u2026 ERBE, FIORI E PIANTE DI E CON PAOLA LANCIATO<\/a><\/p><\/blockquote>\n<p><iframe loading=\"lazy\" class=\"wp-embedded-content\" sandbox=\"allow-scripts\" security=\"restricted\" style=\"position: absolute; clip: rect(1px, 1px, 1px, 1px);\" title=\"&#8220;L\u2019ERBA VOGLIO DEL GIARDINO DEL RE\u2026 ERBE, FIORI E PIANTE DI E CON PAOLA LANCIATO&#8221; &#8212; Radio Pi\u00f9\" src=\"https:\/\/www.radiopiu.net\/wordpress\/erbe-e-piante-curative-il-mandorlo\/embed\/#?secret=PUOSmsi9Tu\" data-secret=\"PUOSmsi9Tu\" width=\"600\" height=\"338\" frameborder=\"0\" marginwidth=\"0\" marginheight=\"0\" scrolling=\"no\"><\/iframe><\/p>\n<p>&nbsp;<\/p>\n<\/div>\n<\/div>\n<\/div>\n<\/div>\n<p>&nbsp;<\/p>\n<hr \/>\n<p>&nbsp;<\/p>\n<div>\n<h2><span style=\"color: #ff0000;\"><strong>IN VIVO VERSO 2020-21 ESTATE, RIASCOLTIAMOLI&#8230; DAL CASSETTO DEI RICORDI DI RADIO PIU&#8217;&#8230; LE PRIME\u00a0 SEI STAGIONI\u00a0 \u00a0<\/strong><\/span><\/h2>\n<div class=\"page-title-head hgroup\">\n<div class=\"page-title-head hgroup\">\n<div class=\"page-title-head hgroup\">\n<div class=\"page-title-head hgroup\">\n<div class=\"page-title-head hgroup\">\n<div class=\"page-title-head hgroup\">\n<blockquote>\n<h3>riascoltiamole nella settimana dei pi\u00f9 giovani&#8230;ALESSANDRO MARCON 3^PRIMARIA GOSALDO &#8212;- MI GUARDO INTORNO<\/h3>\n<p><strong>AUDIO\u00a0\u00a0<\/strong><\/p>\n<audio class=\"wp-audio-shortcode\" id=\"audio-221428-13\" preload=\"none\" style=\"width: 100%;\" controls=\"controls\"><source type=\"audio\/mpeg\" src=\"https:\/\/www.radiopiu.net\/wordpress\/wp-content\/uploads\/2021\/07\/bambini1.mp3?_=13\" \/><a href=\"https:\/\/www.radiopiu.net\/wordpress\/wp-content\/uploads\/2021\/07\/bambini1.mp3\">https:\/\/www.radiopiu.net\/wordpress\/wp-content\/uploads\/2021\/07\/bambini1.mp3<\/a><\/audio>\n<p><strong>LA RACCOLTA COMPLETA<\/strong><\/p><\/blockquote>\n<\/div>\n<\/div>\n<\/div>\n<\/div>\n<\/div>\n<\/div>\n<blockquote class=\"wp-embedded-content\" data-secret=\"9xyWRg7C9b\"><p><a href=\"https:\/\/www.radiopiu.net\/wordpress\/in-vivo-verso\/\">In Vivo Verso<\/a><\/p><\/blockquote>\n<p><iframe loading=\"lazy\" class=\"wp-embedded-content\" sandbox=\"allow-scripts\" security=\"restricted\" style=\"position: absolute; clip: rect(1px, 1px, 1px, 1px);\" title=\"&#8220;In Vivo Verso&#8221; &#8212; Radio Pi\u00f9\" src=\"https:\/\/www.radiopiu.net\/wordpress\/in-vivo-verso\/embed\/#?secret=9xyWRg7C9b\" data-secret=\"9xyWRg7C9b\" width=\"600\" height=\"338\" frameborder=\"0\" marginwidth=\"0\" marginheight=\"0\" scrolling=\"no\"><\/iframe><\/p>\n<p>&nbsp;<\/p>\n<hr \/>\n<\/div>\n<blockquote>\n<blockquote>\n<h2><\/h2>\n<\/blockquote>\n<\/blockquote>\n<div>\n<div class=\"b654a4as d2edcug0\">\n<div class=\"rq0escxv hkbzh7o3 jwdofwj8 n8tt0mok r8blr3vg hyh9befq\">\n<blockquote>\n<h2><span style=\"color: #ff0000;\"><em>ZAINO ALLA RADIO&#8230;ESTATE DI PAOLA LANCIATO TUTTI I GIORNI dal lunedi al venerdi ALLE 14 E 23.30\u00a0 \u00a0<\/em><\/span><\/h2>\n<\/blockquote>\n<div class=\"b654a4as d2edcug0\">\n<blockquote>\n<h2>A IVREA E NEL CANAVESE CON PAOLA LANCIATO, ZAINO DA VIAGGIO AL FEMMINILE ESTATE 2021<\/h2>\n<\/blockquote>\n<p><a href=\"https:\/\/www.radiopiu.net\/wordpress\/?attachment_id=221250\" rel=\"attachment wp-att-221250\"><img loading=\"lazy\" decoding=\"async\" class=\"alignnone size-medium wp-image-221250\" src=\"https:\/\/www.radiopiu.net\/wordpress\/wp-content\/uploads\/2021\/07\/46IVREA-300x135.jpg\" alt=\"\" width=\"300\" height=\"135\" srcset=\"https:\/\/www.radiopiu.net\/wordpress\/wp-content\/uploads\/2021\/07\/46IVREA-300x135.jpg 300w, https:\/\/www.radiopiu.net\/wordpress\/wp-content\/uploads\/2021\/07\/46IVREA-1024x460.jpg 1024w, https:\/\/www.radiopiu.net\/wordpress\/wp-content\/uploads\/2021\/07\/46IVREA-768x345.jpg 768w, https:\/\/www.radiopiu.net\/wordpress\/wp-content\/uploads\/2021\/07\/46IVREA-1536x690.jpg 1536w, https:\/\/www.radiopiu.net\/wordpress\/wp-content\/uploads\/2021\/07\/46IVREA-2048x920.jpg 2048w\" sizes=\"auto, (max-width: 300px) 100vw, 300px\" \/><\/a><\/p>\n<audio class=\"wp-audio-shortcode\" id=\"audio-221428-14\" preload=\"none\" style=\"width: 100%;\" controls=\"controls\"><source type=\"audio\/mpeg\" src=\"https:\/\/www.radiopiu.net\/wordpress\/wp-content\/uploads\/2021\/07\/46-Ivrea-e-il-Canavese-M.mp3?_=14\" \/><a href=\"https:\/\/www.radiopiu.net\/wordpress\/wp-content\/uploads\/2021\/07\/46-Ivrea-e-il-Canavese-M.mp3\">https:\/\/www.radiopiu.net\/wordpress\/wp-content\/uploads\/2021\/07\/46-Ivrea-e-il-Canavese-M.mp3<\/a><\/audio>\n<p><strong>LA RACCOLTA COMPLETA<\/strong><\/p>\n<\/div>\n<blockquote class=\"wp-embedded-content\" data-secret=\"as53MX0xoh\"><p><a href=\"https:\/\/www.radiopiu.net\/wordpress\/zaino-femminile-lanciato\/\">Zaino da viaggio al femminile<\/a><\/p><\/blockquote>\n<p><iframe loading=\"lazy\" class=\"wp-embedded-content\" sandbox=\"allow-scripts\" security=\"restricted\" style=\"position: absolute; clip: rect(1px, 1px, 1px, 1px);\" title=\"&#8220;Zaino da viaggio al femminile&#8221; &#8212; Radio Pi\u00f9\" src=\"https:\/\/www.radiopiu.net\/wordpress\/zaino-femminile-lanciato\/embed\/#?secret=as53MX0xoh\" data-secret=\"as53MX0xoh\" width=\"600\" height=\"338\" frameborder=\"0\" marginwidth=\"0\" marginheight=\"0\" scrolling=\"no\"><\/iframe><\/p>\n<p>&nbsp;<\/p>\n<\/div>\n<\/div>\n<\/div>\n<hr \/>\n<p>&nbsp;<\/p>\n<div>\n<h2><span style=\"color: #800080;\"><strong>LA RASSEGNA STAMPA DA L&#8217;AMICO DEL POPOLO\u00a0<\/strong><\/span><\/h2>\n<h3 class=\"kvgmc6g5 cxmmr5t8 oygrvhab hcukyx3x c1et5uql\"><span style=\"color: #0000ff;\"> INFORMAZIONE il canale su TELEGRAM informazione di prima mano e in tempo reale. iscriviti ed aiutaci a farlo conoscere\u00a0\u00a0<\/span><\/h3>\n<blockquote class=\"wp-embedded-content\" data-secret=\"6PFAq2y6Cj\"><p><a href=\"https:\/\/www.radiopiu.net\/wordpress\/rassegna-stampa-di-gianni-santomaso\/\">Rassegna stampa da l&#8217;amico del popolo &#8211; di Gianni Santomaso<\/a><\/p><\/blockquote>\n<p><iframe loading=\"lazy\" class=\"wp-embedded-content\" sandbox=\"allow-scripts\" security=\"restricted\" style=\"position: absolute; clip: rect(1px, 1px, 1px, 1px);\" title=\"&#8220;Rassegna stampa da l&#8217;amico del popolo &#8211; di Gianni Santomaso&#8221; &#8212; Radio Pi\u00f9\" src=\"https:\/\/www.radiopiu.net\/wordpress\/rassegna-stampa-di-gianni-santomaso\/embed\/#?secret=6PFAq2y6Cj\" data-secret=\"6PFAq2y6Cj\" width=\"600\" height=\"338\" frameborder=\"0\" marginwidth=\"0\" marginheight=\"0\" scrolling=\"no\"><\/iframe><\/p>\n<p>&nbsp;<\/p>\n<hr \/>\n<p>&nbsp;<\/p>\n<h2><span style=\"color: #3366ff;\">SALUTE E SOCIETA&#8217;<\/span><\/h2>\n<p><strong>LA PUNTATA DELLA SETTIMANA del 12 LUGLIO<\/strong><\/p>\n<\/div>\n<div dir=\"auto\">\n<audio class=\"wp-audio-shortcode\" id=\"audio-221428-15\" preload=\"none\" style=\"width: 100%;\" controls=\"controls\"><source type=\"audio\/mpeg\" src=\"https:\/\/www.radiopiu.net\/wordpress\/wp-content\/uploads\/2021\/07\/SALUTE-1.mp3?_=15\" \/><a href=\"https:\/\/www.radiopiu.net\/wordpress\/wp-content\/uploads\/2021\/07\/SALUTE-1.mp3\">https:\/\/www.radiopiu.net\/wordpress\/wp-content\/uploads\/2021\/07\/SALUTE-1.mp3<\/a><\/audio>\n<p>&nbsp;<\/p>\n<p><strong>LA RACCOLTA COMPLETA<\/strong><\/p>\n<blockquote class=\"wp-embedded-content\" data-secret=\"uop8eNmBiC\"><p><a href=\"https:\/\/www.radiopiu.net\/wordpress\/saluteesocieta\/\">Salute e Societ\u00e0<\/a><\/p><\/blockquote>\n<p><iframe loading=\"lazy\" class=\"wp-embedded-content\" sandbox=\"allow-scripts\" security=\"restricted\" style=\"position: absolute; clip: rect(1px, 1px, 1px, 1px);\" title=\"&#8220;Salute e Societ\u00e0&#8221; &#8212; Radio Pi\u00f9\" src=\"https:\/\/www.radiopiu.net\/wordpress\/saluteesocieta\/embed\/#?secret=uop8eNmBiC\" data-secret=\"uop8eNmBiC\" width=\"600\" height=\"338\" frameborder=\"0\" marginwidth=\"0\" marginheight=\"0\" scrolling=\"no\"><\/iframe><\/p>\n<\/div>\n<div dir=\"auto\">\n<h1><\/h1>\n<\/div>\n<div>\n<div class=\"page-title-head hgroup\">\n<div class=\"page-title-head hgroup\">\n<div class=\"page-title-head hgroup\">\n<div>\n<div class=\"b654a4as d2edcug0\">\n<div class=\"rq0escxv hkbzh7o3 jwdofwj8 n8tt0mok r8blr3vg hyh9befq\">\n<hr \/>\n<\/div>\n<\/div>\n<\/div>\n<div>\n<div class=\"page-title-head hgroup\">\n<div class=\"page-title-head hgroup\">\n<div>\n<div class=\"b654a4as d2edcug0\">\n<p>&nbsp;<\/p>\n<blockquote>\n<h3><img loading=\"lazy\" decoding=\"async\" class=\"alignleft\" src=\"https:\/\/www.radiopiu.net\/wordpress\/wp-content\/uploads\/2021\/06\/fresh-flower-leaves-saffron-white-background-place-your-text-use-saffron-spice-cooking-cosmetology_347372-394.jpeg\" width=\"141\" height=\"94\" \/>L&#8217;ALMANACCO LADINO CON L&#8217;ISTITUT CESA DE JAN QUINDICINALE APPUNTAMENTO. LA DOMENICA ALLE 9 IL LUNEDI ALLE 8.35 IL MARTEDI ALLE 12.35 IL MERCOLEDI ALLE 18.35. SECONDA STAGIONE.<\/h3>\n<p>&nbsp;<\/p><\/blockquote>\n<p><strong>RACCOLTA COMPLETA\u00a0<\/strong><\/p>\n<blockquote class=\"wp-embedded-content\" data-secret=\"lIzBhOvvoR\"><p><a href=\"https:\/\/www.radiopiu.net\/wordpress\/almanacco-ladino\/\">Almanacco Ladino<\/a><\/p><\/blockquote>\n<p><iframe loading=\"lazy\" class=\"wp-embedded-content\" sandbox=\"allow-scripts\" security=\"restricted\" style=\"position: absolute; clip: rect(1px, 1px, 1px, 1px);\" title=\"&#8220;Almanacco Ladino&#8221; &#8212; Radio Pi\u00f9\" src=\"https:\/\/www.radiopiu.net\/wordpress\/almanacco-ladino\/embed\/#?secret=lIzBhOvvoR\" data-secret=\"lIzBhOvvoR\" width=\"600\" height=\"338\" frameborder=\"0\" marginwidth=\"0\" marginheight=\"0\" scrolling=\"no\"><\/iframe><\/p>\n<div dir=\"auto\"><\/div>\n<\/div>\n<div>\n<p>&nbsp;<\/p>\n<hr \/>\n<h2><span style=\"color: #808000;\">DUE MINUTI UN LIBRO\u00a0 TUTTI I GIORNI ALLA RADIO ALLE 9.30 E ALLE 18. QUINTA STAGIONE\u00a0<\/span><\/h2>\n<blockquote class=\"wp-embedded-content\" data-secret=\"DxbNyCwHJF\"><p><a href=\"https:\/\/www.radiopiu.net\/wordpress\/come-le-foglie-dautunno\/\">COME LE FOGLIE D&#8217;AUTUNNO<\/a><\/p><\/blockquote>\n<p><iframe loading=\"lazy\" class=\"wp-embedded-content\" sandbox=\"allow-scripts\" security=\"restricted\" style=\"position: absolute; clip: rect(1px, 1px, 1px, 1px);\" title=\"&#8220;COME LE FOGLIE D&#8217;AUTUNNO&#8221; &#8212; Radio Pi\u00f9\" src=\"https:\/\/www.radiopiu.net\/wordpress\/come-le-foglie-dautunno\/embed\/#?secret=DxbNyCwHJF\" data-secret=\"DxbNyCwHJF\" width=\"600\" height=\"338\" frameborder=\"0\" marginwidth=\"0\" marginheight=\"0\" scrolling=\"no\"><\/iframe><\/p>\n<\/div>\n<div>\n<p><strong>LA RACCOLTA COMPLETA\u00a0\u00a0<\/strong><\/p>\n<blockquote class=\"wp-embedded-content\" data-secret=\"lCoUm0NkXF\"><p><a href=\"https:\/\/www.radiopiu.net\/wordpress\/due-minuti-un-libro\/\">Due minuti un libro<\/a><\/p><\/blockquote>\n<p><iframe loading=\"lazy\" class=\"wp-embedded-content\" sandbox=\"allow-scripts\" security=\"restricted\" style=\"position: absolute; clip: rect(1px, 1px, 1px, 1px);\" title=\"&#8220;Due minuti un libro&#8221; &#8212; Radio Pi\u00f9\" src=\"https:\/\/www.radiopiu.net\/wordpress\/due-minuti-un-libro\/embed\/#?secret=lCoUm0NkXF\" data-secret=\"lCoUm0NkXF\" width=\"600\" height=\"338\" frameborder=\"0\" marginwidth=\"0\" marginheight=\"0\" scrolling=\"no\"><\/iframe><\/p>\n<p>&nbsp;<\/p>\n<hr \/>\n<p>\u200b<\/p>\n<div>\n<h2><span style=\"color: #33cccc;\">I RACCONTI DI PAOLO SOPPELSA il lunedi alle 9.30 e 18.30<\/span><\/h2>\n<p><span style=\"color: #0000ff;\">INFORMAZIONE il canale su TELEGRAM informazione di prima mano e in tempo reale. iscriviti ed aiutaci a farlo conoscere\u00a0\u00a0<\/span><\/p>\n<p><strong>STAGIONI<\/strong><\/p>\n<p><em><strong>AUDIO<\/strong><\/em><\/p>\n<audio class=\"wp-audio-shortcode\" id=\"audio-221428-16\" preload=\"none\" style=\"width: 100%;\" controls=\"controls\"><source type=\"audio\/mpeg\" src=\"https:\/\/www.radiopiu.net\/wordpress\/wp-content\/uploads\/2021\/07\/PAOLO-SOPPELSA-STAGIONI.mp3?_=16\" \/><a href=\"https:\/\/www.radiopiu.net\/wordpress\/wp-content\/uploads\/2021\/07\/PAOLO-SOPPELSA-STAGIONI.mp3\">https:\/\/www.radiopiu.net\/wordpress\/wp-content\/uploads\/2021\/07\/PAOLO-SOPPELSA-STAGIONI.mp3<\/a><\/audio>\n<p>&nbsp;<\/p>\n<p><a href=\"https:\/\/www.radiopiu.net\/wordpress\/i-racconti-di-paolo-soppelsa-ottantatreesima-puntata\/633c3177-77c5-4585-aae3-efa0401e2dd8-2\/\" rel=\"attachment wp-att-221145\"><img loading=\"lazy\" decoding=\"async\" class=\"size-medium wp-image-221145 alignleft\" src=\"https:\/\/www.radiopiu.net\/wordpress\/wp-content\/uploads\/2021\/07\/633c3177-77c5-4585-aae3-efa0401e2dd8-1-300x225.jpg\" alt=\"\" width=\"300\" height=\"225\" srcset=\"https:\/\/www.radiopiu.net\/wordpress\/wp-content\/uploads\/2021\/07\/633c3177-77c5-4585-aae3-efa0401e2dd8-1-300x225.jpg 300w, https:\/\/www.radiopiu.net\/wordpress\/wp-content\/uploads\/2021\/07\/633c3177-77c5-4585-aae3-efa0401e2dd8-1-1024x768.jpg 1024w, https:\/\/www.radiopiu.net\/wordpress\/wp-content\/uploads\/2021\/07\/633c3177-77c5-4585-aae3-efa0401e2dd8-1-768x576.jpg 768w, https:\/\/www.radiopiu.net\/wordpress\/wp-content\/uploads\/2021\/07\/633c3177-77c5-4585-aae3-efa0401e2dd8-1-1536x1152.jpg 1536w, https:\/\/www.radiopiu.net\/wordpress\/wp-content\/uploads\/2021\/07\/633c3177-77c5-4585-aae3-efa0401e2dd8-1.jpg 1600w\" sizes=\"auto, (max-width: 300px) 100vw, 300px\" \/><\/a>La sapevano aspettare la primavera. C&#8217;era calma e saggezza in quell&#8217;attendere. Ogni giorno un sole pi\u00f9 deciso riscaldava i prati e la terra dei campi. Poi era tempo di pioggia leggera e successivamente del ritornare di un caldo che sapeva di quasi estate. Il fuoco &#8220;dela cosina&#8221; soltanto alla sera e il primo &#8220;combin\u00e0 valk intorn c\u00e8sa&#8221;. Non c&#8217;era pi\u00f9 la frenesia delle primavere della giovent\u00f9. Quando era il Pelsa con la sua &#8220;levina dela fava&#8221; a dare il via alla stagione dei campi. E cos\u00ec iniziavano giorni frenetici e importanti, faticosi e fondamentali per la vita di allora. &#8220;Port\u00e0 tera, men\u00e0 grasa &#8216;nte ciamp&#8221;. Fatica e sudore, pensieri e &#8220;giambe e braz&#8221; che dovevano essere al massimo della forza. Ora, invece, erano giorni ugualmente importanti, ma un p\u00f2 meno. C&#8217;era sempre il rispetto per la terra, e pure il forte desiderio di fare bene il proprio lavoro. Con meno forze a disposizione ma pi\u00f9 sapienza, meno fiato e pi\u00f9 esperienza. E pi\u00f9 leggerezza nel fare e nel cuore. I campi erano meno estesi e, rispetto ad allora, c&#8217;era la &#8220;pension&#8221;. Quel reddito mensile &#8220;poc p\u00ec de la minima&#8221;, frutto di anni di duro lavoro, fra contributi persi e i &#8220;schei de la Svizera&#8221;. Che di mezzo c&#8217;era stata pure, per tanti, l&#8217;emigrazione in Svizzera. Oppure in Francia o Belgio. Altri, invece, si erano spinti oltre ed erano rimasti a vivere in quelle terre lontane, senza aver fatto pi\u00f9 ritorno al paese. Forse un giorno sarebbero ritornati, ma soltanto per riposare per sempre di fronte al Civetta.<br \/>\nC&#8217;era tranquillit\u00e0 in quel preparare quei lavori agresti che ora, con la &#8220;pension e doi schei da &#8216;na banda&#8221;, non erano pi\u00f9 fondamentali per sopravvivere. C&#8217;era la serenit\u00e0 che regalavano quei pochi soldi ritirati ogni mese &#8220;ala posta&#8221;. Un poco che era molto per uomini e donne che vivevano centellinando l&#8217;accensione della luce e pure quella della TV in bianco e nero. &#8220;Destusa che la frua&#8221; era la frase che determinava la fine delle trasmissioni. La &#8220;pension&#8221; che serviva a comprare il pane, la farina l&#8217;olio ed il sale. A pagare l&#8217;abbonamento all&#8217;Amico del Popolo e l&#8217;ordine annuale a Postalmarket. Solo una situazione particolare permetteva l&#8217;aprire senza rimpianti i cordoni della borsa: ed era l&#8217;acquisto di leccornie per i nipoti. In quel caso non si badava a spese e talvolta pure esagerando in quantit\u00e0. Perch\u00e9 loro, la fame l&#8217;avevano vissuta e provata. E guai se qualcun altro l&#8217;avesse dovuta patire.<br \/>\nOra quel tempo volubile e bizzarro della primavera aveva lasciato spazio alla stagione delle lunghe e calde giornate. Ed era alla sera che guardavano quei campi che solamente pochi mesi prima erano distese di neve. L&#8217;inverno, come sempre, era stato lungo e freddo, ed ora era tempo di godersi meritatamente il tepore di quelle sere di luglio; mentre ammiravano i grandi boschi del Pelsa pensavano che ogni stagione era figlia della precedente e madre della successiva. Avevano lavorato bene appena andata via la neve: ed ora erano orgogliosi delle piante &#8220;de fasoi&#8221; che ogni giorno salivano sempre pi\u00f9 in alto &#8220;sui bachet&#8221;. Mentre le ombre si allungavano sulla Val Cordevole osservavano i prati di luglio, quelli che avevano appena falciato: era bella e ordinata la montagna con i prati rasati di fresco, ed era merito loro. Costava fatica ora che l&#8217;et\u00e0 era pi\u00f9 avanzata, ma nel contempo provavano soddisfazione e orgoglio: &#8220;sion &#8216;ncora boni de fa valk de polito&#8221; pensavano mentre attendevano che la sera si tramutasse in notte. Di l\u00ec a poco sarebbe sceso il buio su quel paese che con tenacia avevano deciso di continuare ad abitare. Un ultimo sguardo al campo dove &#8220;i fasoi&#8221; crescevano rigogliosi ed al tabi\u00e0 che si stava ancora una volta riempiendo. Era estate adesso, ma la mente era gi\u00e0 alla stagione dei colori, ai giorni &#8220;dei Sant&#8221; quando avrebbero acceso per la prima volta &#8220;el fornel&#8221;. Erano cos\u00ec le stagioni lass\u00f9: un ruotare perpetuo di colori lavori e pensieri. Con le piogge di primavera e l&#8217;estate che era davvero estate solamente a luglio. Con gli struggenti autunni con il fumo dai camini a settembre ed il rientro degli ultimi emigranti &#8220;dai Mort&#8221;. Poi, dopo la met\u00e0 di novembre, sarebbe scesa la prima neve\u2026Magiche Dolomiti!!<\/p>\n<p>&nbsp;<\/p>\n<blockquote class=\"wp-embedded-content\" data-secret=\"Id0hyAbzYQ\"><p><a href=\"https:\/\/www.radiopiu.net\/wordpress\/i-racconti-di-paolo-soppelsa\/\">I racconti di Paolo Soppelsa<\/a><\/p><\/blockquote>\n<p><iframe loading=\"lazy\" class=\"wp-embedded-content\" sandbox=\"allow-scripts\" security=\"restricted\" style=\"position: absolute; clip: rect(1px, 1px, 1px, 1px);\" title=\"&#8220;I racconti di Paolo Soppelsa&#8221; &#8212; Radio Pi\u00f9\" src=\"https:\/\/www.radiopiu.net\/wordpress\/i-racconti-di-paolo-soppelsa\/embed\/#?secret=Id0hyAbzYQ\" data-secret=\"Id0hyAbzYQ\" width=\"600\" height=\"338\" frameborder=\"0\" marginwidth=\"0\" marginheight=\"0\" scrolling=\"no\"><\/iframe><\/p>\n<p>&nbsp;<\/p>\n<\/div>\n<\/div>\n<hr \/>\n<p>&nbsp;<\/p>\n<h2><strong><span style=\"color: #ff0000;\">ALLA RADIO<\/span><\/strong><\/h2>\n<div data-offset-key=\"5n5nl-0-0\">\n<h3>Per ricevere gli aggiornamenti in tempo reale delle notizie pubblicate alla radio e sul sito di radio pi\u00f9 iscriviti al gruppo RADIO PIU INFORMAZIONE su Telegram.\u00a0\u00a0<a href=\"https:\/\/t.me\/radiopiu\">clicca qui<\/a><\/h3>\n<p>&nbsp;<\/p>\n<\/div>\n<blockquote><p><strong><a href=\"https:\/\/www.radiopiu.net\/wordpress\/cassa-solidarieta-luxottica-puntata-del-19-giugno-2020\/cslxo-2\/\" rel=\"attachment wp-att-145244\"><img loading=\"lazy\" decoding=\"async\" class=\"size-medium wp-image-145244 alignleft\" src=\"https:\/\/www.radiopiu.net\/wordpress\/wp-content\/uploads\/2020\/06\/cassa-solidarieta-luxottica-300x148.jpg\" alt=\"\" width=\"300\" height=\"148\" srcset=\"https:\/\/www.radiopiu.net\/wordpress\/wp-content\/uploads\/2020\/06\/cassa-solidarieta-luxottica-300x148.jpg 300w, https:\/\/www.radiopiu.net\/wordpress\/wp-content\/uploads\/2020\/06\/cassa-solidarieta-luxottica-1024x504.jpg 1024w, https:\/\/www.radiopiu.net\/wordpress\/wp-content\/uploads\/2020\/06\/cassa-solidarieta-luxottica-768x378.jpg 768w, https:\/\/www.radiopiu.net\/wordpress\/wp-content\/uploads\/2020\/06\/cassa-solidarieta-luxottica.jpg 1167w\" sizes=\"auto, (max-width: 300px) 100vw, 300px\" \/><\/a>di Claudio Fontanive<\/strong><\/p>\n<p>OSPITI: Paolo Chissal\u00e8 e Fabrizio Campedel<\/p>\n<p>&nbsp;<\/p>\n<p>&nbsp;<\/p><\/blockquote>\n<h2><\/h2>\n<blockquote class=\"wp-embedded-content\" data-secret=\"6b6Wu4jF9S\"><p><a href=\"https:\/\/www.radiopiu.net\/wordpress\/cassa-solidarieta-luxottica-puntata-del-16-ottobre-2020\/\">CASSA SOLIDARIET\u00c0 LUXOTTICA &#8211; TUTTE LE PUNTATE<\/a><\/p><\/blockquote>\n<p><iframe loading=\"lazy\" class=\"wp-embedded-content\" sandbox=\"allow-scripts\" security=\"restricted\" style=\"position: absolute; clip: rect(1px, 1px, 1px, 1px);\" title=\"&#8220;CASSA SOLIDARIET\u00c0 LUXOTTICA &#8211; TUTTE LE PUNTATE&#8221; &#8212; Radio Pi\u00f9\" src=\"https:\/\/www.radiopiu.net\/wordpress\/cassa-solidarieta-luxottica-puntata-del-16-ottobre-2020\/embed\/#?secret=6b6Wu4jF9S\" data-secret=\"6b6Wu4jF9S\" width=\"600\" height=\"338\" frameborder=\"0\" marginwidth=\"0\" marginheight=\"0\" scrolling=\"no\"><\/iframe><\/p>\n<div>\n<p>&nbsp;<\/p>\n<\/div>\n<\/div>\n<div class=\"page-title-head hgroup\">\n<div>\n<div class=\"b654a4as d2edcug0\">\n<hr \/>\n<\/div>\n<\/div>\n<p>&nbsp;<\/p>\n<p><a href=\"https:\/\/www.radiopiu.net\/wordpress\/giornale-radiopiu-26-settembre-2018-direttore-mirko-mezzacasa\/viabilita-2\/\" rel=\"attachment wp-att-61954\"><img loading=\"lazy\" decoding=\"async\" class=\"wp-image-61954 size-full aligncenter\" src=\"https:\/\/www.radiopiu.net\/wordpress\/wp-content\/uploads\/2018\/09\/viabilita.jpeg\" alt=\"\" width=\"800\" height=\"100\" srcset=\"https:\/\/www.radiopiu.net\/wordpress\/wp-content\/uploads\/2018\/09\/viabilita.jpeg 800w, https:\/\/www.radiopiu.net\/wordpress\/wp-content\/uploads\/2018\/09\/viabilita-300x38.jpeg 300w, https:\/\/www.radiopiu.net\/wordpress\/wp-content\/uploads\/2018\/09\/viabilita-768x96.jpeg 768w\" sizes=\"auto, (max-width: 800px) 100vw, 800px\" \/><\/a><\/p>\n<blockquote><p><a href=\"https:\/\/www.radiopiu.net\/wordpress\/giornale-radiopiu-09-agosto-2018-direttore-mirko-mezzacasa\/viabilia\/\" rel=\"attachment wp-att-57053\"><img loading=\"lazy\" decoding=\"async\" class=\" wp-image-57053 alignleft\" src=\"https:\/\/www.radiopiu.net\/wordpress\/wp-content\/uploads\/2018\/08\/VIABILIA-300x180.jpeg\" alt=\"\" width=\"220\" height=\"132\" srcset=\"https:\/\/www.radiopiu.net\/wordpress\/wp-content\/uploads\/2018\/08\/VIABILIA-300x180.jpeg 300w, https:\/\/www.radiopiu.net\/wordpress\/wp-content\/uploads\/2018\/08\/VIABILIA-768x461.jpeg 768w, https:\/\/www.radiopiu.net\/wordpress\/wp-content\/uploads\/2018\/08\/VIABILIA-1024x614.jpeg 1024w, https:\/\/www.radiopiu.net\/wordpress\/wp-content\/uploads\/2018\/08\/VIABILIA.jpeg 1280w\" sizes=\"auto, (max-width: 220px) 100vw, 220px\" \/><\/a><\/p><\/blockquote>\n<\/div>\n<\/div>\n<\/div>\n<\/div>\n<\/div>\n<\/div>\n<\/div>\n<\/div>\n<div>\n<div>\n<div class=\"page-title-head hgroup\">\n<div class=\"page-title-head hgroup\">\n<div class=\"page-title-head hgroup\">\n<div class=\"page-title-head hgroup\">\n<div class=\"page-title-head hgroup\">\n<div class=\"page-title-head hgroup\">\n<blockquote><p>La viabilit\u00e0 con gli ultimi aggiornamenti<\/p><\/blockquote>\n<\/div>\n<\/div>\n<\/div>\n<\/div>\n<\/div>\n<\/div>\n<\/div>\n<div><\/div>\n<div><\/div>\n<div>\n<div>\n<div class=\"page-title-head hgroup\">\n<audio class=\"wp-audio-shortcode\" id=\"audio-221428-17\" preload=\"none\" style=\"width: 100%;\" controls=\"controls\"><source type=\"audio\/mpeg\" src=\"https:\/\/www.radiopiu.net\/wordpress\/wp-content\/uploads\/2021\/07\/VIABILITA-6.mp3?_=17\" \/><a href=\"https:\/\/www.radiopiu.net\/wordpress\/wp-content\/uploads\/2021\/07\/VIABILITA-6.mp3\">https:\/\/www.radiopiu.net\/wordpress\/wp-content\/uploads\/2021\/07\/VIABILITA-6.mp3<\/a><\/audio>\n<p>&nbsp;<\/p>\n<hr \/>\n<p>&nbsp;<\/p>\n<\/div>\n<\/div>\n<\/div>\n<\/div>\n<\/div>\n<\/div>\n<\/div>\n<\/div>\n<\/div>\n<\/div>\n<\/div>\n<\/div>\n<\/div>\n<\/div>\n<\/div>\n<\/div>\n<\/div>\n<\/div>\n<\/div>\n<\/div>\n<\/div>\n<\/div>\n<p>&nbsp;<\/p>\n<p>&nbsp;<\/p>\n<p>&nbsp;<\/p>\n<p>&nbsp;<\/p>\n<div class=\"mkdf-post-text\">\n<div class=\"mkdf-post-text-inner\">\n<div class=\"mkdf-post-text-main\">\n<div>\n<div class=\"page-title-head hgroup\">\n<div class=\"page-title-head hgroup\">\n<div>\n<div class=\"page-title-head hgroup\">\n<div class=\"page-title-head hgroup\">\n<div class=\"b654a4as d2edcug0\">\n<div>\n<div class=\"page-title-head hgroup\" style=\"text-align: left;\">\n<div class=\"page-title-head hgroup\">\n<div dir=\"auto\">\n<p><a class=\"dt-pswp-item pspw-wrap-ready\" href=\"https:\/\/i0.wp.com\/www.radiopiu.net\/wordpress\/wp-content\/uploads\/2018\/09\/WhatsApp-Image-2018-09-20-at-16.04.06.jpeg?ssl=1\" data-dt-img-description=\"\" data-large_image_width=\"800\" data-large_image_height=\"100\"><img loading=\"lazy\" decoding=\"async\" class=\"aligncenter wp-image-61378 size-full jetpack-lazy-image jetpack-lazy-image--handled\" src=\"https:\/\/i0.wp.com\/www.radiopiu.net\/wordpress\/wp-content\/uploads\/2018\/09\/WhatsApp-Image-2018-09-20-at-16.04.06.jpeg?resize=800%2C100&amp;ssl=1\" sizes=\"auto, (max-width: 800px) 100vw, 800px\" srcset=\"https:\/\/i0.wp.com\/www.radiopiu.net\/wordpress\/wp-content\/uploads\/2018\/09\/WhatsApp-Image-2018-09-20-at-16.04.06.jpeg?w=800&amp;ssl=1 800w, https:\/\/i0.wp.com\/www.radiopiu.net\/wordpress\/wp-content\/uploads\/2018\/09\/WhatsApp-Image-2018-09-20-at-16.04.06.jpeg?resize=300%2C38&amp;ssl=1 300w, https:\/\/i0.wp.com\/www.radiopiu.net\/wordpress\/wp-content\/uploads\/2018\/09\/WhatsApp-Image-2018-09-20-at-16.04.06.jpeg?resize=768%2C96&amp;ssl=1 768w\" alt=\"\" width=\"800\" height=\"100\" data-lazy-loaded=\"1\" \/><\/a><\/p>\n<div style=\"text-align: left;\"><center>\u00a0<\/center><\/div>\n<\/div>\n<\/div>\n<\/div>\n<\/div>\n<\/div>\n<\/div>\n<\/div>\n<\/div>\n<div>\n<div>\n<p style=\"text-align: center;\"><strong>Marted\u00ec 13<\/strong><\/p>\n<p style=\"text-align: center;\">All&#8217;alba iniziale tratti soleggiati seguiti da rapido aumento della nuvolosit\u00e0, assieme ai primi segnali d&#8217;instabilit\u00e0 entro met\u00e0 mattinata. Ulteriore intensificazione della nuvolosit\u00e0 al pomeriggio con aumento dell&#8217;instabilit\u00e0, a fino a tratti anche spiccata, prima che essa si attenui a partire da ovest in serata, assieme a probabili schiarite. L&#8217;ambiente termico sar\u00e0 assai pi\u00f9 fresco a tutte le quote, specie dal pomeriggio in poi.<br \/>\n<strong>Precipitazioni.<\/strong>\u00a0Al mattino primi fenomeni sparsi (50\/60%), seguiti da un intervallo senza precipitazioni. Dalle ore centrali in poi crescente probabilit\u00e0 fino a risultare molto alta nel pomeriggio (90\/100%) per rovesci e temporali, localmente intensi e grandinigeni. Verso sera attenuazione dell&#8217;instabilit\u00e0. Gli accumuli di pioggia saranno molto variabili, mediamente 15-25 mm, per\u00f2 trattandosi d&#8217;instabilit\u00e0, localmente si potr\u00e0 raggiungere o superare i 50-70 mm.<br \/>\n<strong>Temperature.<\/strong>\u00a0In generale calo, eccetto aumento delle minime del mattino nelle valli, mentre i valori pi\u00f9 bassi saranno ovunque osservati alla sera dopo la fase temporalesca. Sono previste punte di 22\/24\u00b0C nei fondovalle prealpini e di 16\/19\u00b0C a 1000\/1200 m. Su Prealpi a 1500 m min 12\u00b0C, max 17\u00b0C, a 2000 m min 9\u00b0C, max 14\u00b0C, su Dolomiti a 2000 m min 9\u00b0C, max 13\u00b0C, a 3000 m min 3\u00b0C, max 7\u00b0C.<br \/>\n<strong>Venti.<\/strong>\u00a0Nelle valli perlopi\u00f9 deboli di direzione variabile, ma occorrer\u00e0 prestare attenzione alle forti e improvvise raffiche nelle fasi temporalesche; in quota tesi\/forti da sud, in attenuazione al pomeriggio\/sera, a 10-25 km\/h a 2000 m e 25-55 km\/h a 3000 m.<\/p>\n<p style=\"text-align: center;\"><strong>Mercoled\u00ec 14<\/strong><\/p>\n<p style=\"text-align: center;\">Condizioni d&#8217;instabilit\u00e0 discontinua, pi\u00f9 probabile al mattino che non al pomeriggio per una tendenza alla variabilit\u00e0 nelle seconda parte del giorno e, nella migliore ipotesi, anche di un parziale miglioramento del tempo, con tratti soleggiati, nonostante la presenza di annuvolamenti irregolari ancora associati a qualche residuo fenomeno. Contesto termico decisamente pi\u00f9 fresco.<br \/>\n<strong>Precipitazioni.<\/strong>\u00a0Probabilit\u00e0 alta (80\/90%) di precipitazioni sparse e discontinue, anche a carattere di rovescio e di temporale al mattino, mentre tale rischio diminuir\u00e0 al pomeriggio (50\/70%) e tender\u00e0 a essere pi\u00f9 sparso, specie sulle Prealpi. Il calo termico favorir\u00e0 la ricomparsa di un po&#8217; di neve oltre i 2800\/2900 m sulle cime dolomitiche.<br \/>\n<strong>Temperature.<\/strong>\u00a0In generale diminuzione a tutte le quote. Su Prealpi a 1500 m min 9\u00b0C, max 11\u00b0C, a 2000 m min 7\u00b0C, max 8\u00b0C, su Dolomiti a 2000 m min 6\u00b0C, max 8\u00b0C, a 3000 m min -1\u00b0C, max 1\u00b0C.<br \/>\n<strong>Venti.<\/strong>\u00a0Deboli di direzione variabile nelle valli, con eventuali rinforzi per raffiche temporalesche. In quota deboli\/moderati da sud-ovest, a 5-15 km\/h a 2000 m e 10-20 km\/h a 3000 m.<\/p>\n<p style=\"text-align: center;\"><strong>Gioved\u00ec 15<\/strong><\/p>\n<p style=\"text-align: center;\">Cielo in prevalenza nuvoloso o molto nuvoloso, anche per attivit\u00e0 cumuliforme, gi\u00e0 presente al mattino, anche se di maggiore sviluppo al pomeriggio. In questo contesto il rischio di precipitazioni sar\u00e0 presente gi\u00e0 in mattinata, anche se saranno pi\u00f9 probabili al pomeriggio. La neve cadr\u00e0 sulle cime dolomitiche pi\u00f9 alte. Temperature senza notevoli variazioni, salvo leggera ripresa delle massime. Venti deboli di direzione variabile nelle valli, con qualche rinforzo per raffiche in caso di temporali. In quota venti deboli\/moderati da sud-ovest al mattino, poi da nord-ovest.<\/p>\n<p style=\"text-align: center;\"><strong>Venerd\u00ec 16<\/strong><\/p>\n<p style=\"text-align: center;\">Tempo variabile\/instabile e atmosfera fresca per il periodo, quasi fredda sulle cime dolomitiche. Qualche breve momento soleggiato, ma il cielo sar\u00e0 in prevalenza nuvoloso a tratti molto nuvoloso ed associato a nuove precipitazioni, anche a carattere di rovescio. Temperature in lieve rialzo. Venti deboli di direzione variabile nelle valli; deboli\/moderati da nord-est in quota. Previsore: R.L.Th.<\/p>\n<\/div>\n<\/div>\n<\/div>\n<\/div>\n<\/div>\n<\/div>\n<\/div>\n<\/div>\n<p>&nbsp;<\/p>\n<hr \/>\n<p>&nbsp;<\/p>\n<p><img loading=\"lazy\" decoding=\"async\" class=\"aligncenter wp-image-60761 size-full\" src=\"https:\/\/www.radiopiu.net\/wordpress\/wp-content\/uploads\/2018\/09\/sport.jpg\" alt=\"\" width=\"800\" height=\"100\" srcset=\"https:\/\/www.radiopiu.net\/wordpress\/wp-content\/uploads\/2018\/09\/sport.jpg 800w, https:\/\/www.radiopiu.net\/wordpress\/wp-content\/uploads\/2018\/09\/sport-300x38.jpg 300w, https:\/\/www.radiopiu.net\/wordpress\/wp-content\/uploads\/2018\/09\/sport-768x96.jpg 768w\" sizes=\"auto, (max-width: 800px) 100vw, 800px\" \/><\/p>\n<p>&nbsp;<\/p>\n<h3>ALTRO CHE PATTINI AL CHIODO<\/h3>\n<p><a href=\"https:\/\/www.radiopiu.net\/wordpress\/carlo-lorenzi-rassicura-i-tifosi-e-conferma-che-la-scelta-di-fermarsi-non-e-definitiva\/carlo-lorenzi\/\" rel=\"attachment wp-att-180729\"><img loading=\"lazy\" decoding=\"async\" class=\"wp-image-180729 alignleft\" src=\"https:\/\/www.radiopiu.net\/wordpress\/wp-content\/uploads\/2020\/12\/CARLO-LORENZI-300x200.jpg\" alt=\"\" width=\"185\" height=\"123\" srcset=\"https:\/\/www.radiopiu.net\/wordpress\/wp-content\/uploads\/2020\/12\/CARLO-LORENZI-300x200.jpg 300w, https:\/\/www.radiopiu.net\/wordpress\/wp-content\/uploads\/2020\/12\/CARLO-LORENZI-1024x683.jpg 1024w, https:\/\/www.radiopiu.net\/wordpress\/wp-content\/uploads\/2020\/12\/CARLO-LORENZI-768x512.jpg 768w, https:\/\/www.radiopiu.net\/wordpress\/wp-content\/uploads\/2020\/12\/CARLO-LORENZI.jpg 1044w\" sizes=\"auto, (max-width: 185px) 100vw, 185px\" \/><\/a><strong>ALLEGHE<\/strong> Carlo Lorenzi torner\u00e0 a giocare nel suo stadio con il suo Alleghe. Non e&#8217; una novit\u00e0 lo aveva gi\u00e0 detto lo scorso anno quando notizie di stampa lo avevano dato per &#8220;finito&#8221; anticipando che avrebbe attaccato i pattini al chiodo. Notizia evidentemente non verificata lo scorso dicembre al punto che il giocatore di Canale d&#8217;Agordo si era inalberato e proprio a RADIO PIU&#8217; aveva dichiarato<em>. &#8220;Ma chi ha detto che mi fermo? Non ci penso nemmeno ci rivedremo sul ghiaccio. Mi prendo una pausa in questo periodo di epidemia covid&#8221;<\/em> e infatti &#8220;Ciaki&#8221; \u00e8 di nuovo pronto alla soglia dei 47 anni a rimettere i pattini. La sua \u00e8 stata una scelta dettata dalla prudenza perch\u00e9 Carlo Lorenzi ha un&#8217;attivit\u00e0 importante e uno stop forza causa codiv avrebbe creato una serie di problemi in famiglia. Dopo un inverno prudente rieccolo, pronto per tornare tra i&#8230;migliori. In bocca al lupo campione.<\/p>\n<p><strong>L&#8217;INTERVISTA DI IERI ALLA RADIO, CON ADRIANO LEVIS.\u00a0<\/strong><\/p>\n<audio class=\"wp-audio-shortcode\" id=\"audio-221428-18\" preload=\"none\" style=\"width: 100%;\" controls=\"controls\"><source type=\"audio\/mpeg\" src=\"https:\/\/www.radiopiu.net\/wordpress\/wp-content\/uploads\/2021\/07\/ADRIANO-LEVIS-ALLEGHE-HOCKEY.mp3?_=18\" \/><a href=\"https:\/\/www.radiopiu.net\/wordpress\/wp-content\/uploads\/2021\/07\/ADRIANO-LEVIS-ALLEGHE-HOCKEY.mp3\">https:\/\/www.radiopiu.net\/wordpress\/wp-content\/uploads\/2021\/07\/ADRIANO-LEVIS-ALLEGHE-HOCKEY.mp3<\/a><\/audio>\n<\/div>\n<\/div>\n<p>&nbsp;<\/p>\n<hr \/>\n<div class=\"mkdf-post-text-inner\">\n<div class=\"mkdf-post-text-main\">\n<blockquote>\n<blockquote>\n<h3>GLI EUROPEI UNDER 20 DI ATLETICA LEGGERA PARLANO AGORDINO. CONVOCATI THOMAS SERAFINI E RICCARDO GANZ<\/h3>\n<\/blockquote>\n<p><strong>FALCADE <\/strong>Falcade agli Europei Under 20 di atletica leggera che si terranno dal 15 al 18 luglio a Tallinn (Estonia). Tra i convocati della squadra nazionale Juniores ci sono infatti Thomas Serafini e Riccardo Ganz, entrambi con il pap\u00e0 di Falcade, entrambi 2003 e quindi al primo anno di categoria. Thomas Serafini, fresco campione italiano di categoria a Grosseto sulla distanza dei 1500 m e Ricardo Ganz terzo nei 400 m ostacoli nella medesima manifestazione. Entrambi sono stati autori di eccellenti prestazioni, anche a livello cronometrico, che hanno consentito loro di qualificarsi ore la rassegna continentale. Thomas detiene un eccellente tempo di 3\u201948\u2019\u201909 nei 1500 m ma cimenta con ottimi risultati anche nelle altre discipline del mezzofondo: 800 m e nei 3000 m. Riccardo invece detiene un ottimo 53\u2019\u201901 nei 400 HS ed in passato ha ottenuto buoni risultati anche nei 110 HS.<\/p>\n<p>(si ringrazia Gianpaolo Soratroi per la collaborazione)<\/p>\n\n\t\t\t<style type='text\/css'>\n\t\t\t\t#gallery-7 {\n\t\t\t\t\tmargin: auto;\n\t\t\t\t}\n\t\t\t\t#gallery-7 .gallery-item {\n\t\t\t\t\tfloat: left;\n\t\t\t\t\tmargin-top: 10px;\n\t\t\t\t\ttext-align: center;\n\t\t\t\t\twidth: 50%;\n\t\t\t\t}\n\t\t\t\t#gallery-7 img {\n\t\t\t\t\tborder: 2px solid #cfcfcf;\n\t\t\t\t}\n\t\t\t\t#gallery-7 .gallery-caption {\n\t\t\t\t\tmargin-left: 0;\n\t\t\t\t}\n\t\t\t\t\/* see gallery_shortcode() in wp-includes\/media.php *\/\n\t\t\t<\/style>\n\t\t<div id='gallery-7' class='dt-gallery-container gallery galleryid-221428 gallery-columns-2 gallery-size-medium'><dl class='gallery-item'>\n\t\t\t\t<dt class='gallery-icon landscape'>\n\t\t\t\t\t<a class=\"rollover rollover-zoom dt-pswp-item\" title=\"c600e72e-f405-4bd0-a5c8-c7a8a07739fa\" data-dt-img-description=\"\" data-large_image_width=\"2048\" data-large_image_height=\"1536\"href='https:\/\/www.radiopiu.net\/wordpress\/wp-content\/uploads\/2021\/07\/c600e72e-f405-4bd0-a5c8-c7a8a07739fa-rotated.jpg'><img loading=\"lazy\" decoding=\"async\" width=\"300\" height=\"225\" src=\"https:\/\/www.radiopiu.net\/wordpress\/wp-content\/uploads\/2021\/07\/c600e72e-f405-4bd0-a5c8-c7a8a07739fa-300x225.jpg\" class=\"attachment-medium size-medium\" alt=\"\" srcset=\"https:\/\/www.radiopiu.net\/wordpress\/wp-content\/uploads\/2021\/07\/c600e72e-f405-4bd0-a5c8-c7a8a07739fa-300x225.jpg 300w, https:\/\/www.radiopiu.net\/wordpress\/wp-content\/uploads\/2021\/07\/c600e72e-f405-4bd0-a5c8-c7a8a07739fa-1024x768.jpg 1024w, https:\/\/www.radiopiu.net\/wordpress\/wp-content\/uploads\/2021\/07\/c600e72e-f405-4bd0-a5c8-c7a8a07739fa-768x576.jpg 768w, https:\/\/www.radiopiu.net\/wordpress\/wp-content\/uploads\/2021\/07\/c600e72e-f405-4bd0-a5c8-c7a8a07739fa-1536x1152.jpg 1536w, https:\/\/www.radiopiu.net\/wordpress\/wp-content\/uploads\/2021\/07\/c600e72e-f405-4bd0-a5c8-c7a8a07739fa-rotated.jpg 2048w\" sizes=\"auto, (max-width: 300px) 100vw, 300px\" \/><\/a>\n\t\t\t\t<\/dt><\/dl><dl class='gallery-item'>\n\t\t\t\t<dt class='gallery-icon landscape'>\n\t\t\t\t\t<a class=\"rollover rollover-zoom dt-pswp-item\" title=\"a363ca88-aca4-412b-9f26-59c50bfc84ee\" data-dt-img-description=\"\" data-large_image_width=\"1079\" data-large_image_height=\"720\"href='https:\/\/www.radiopiu.net\/wordpress\/wp-content\/uploads\/2021\/07\/a363ca88-aca4-412b-9f26-59c50bfc84ee.jpg'><img loading=\"lazy\" decoding=\"async\" width=\"300\" height=\"200\" src=\"https:\/\/www.radiopiu.net\/wordpress\/wp-content\/uploads\/2021\/07\/a363ca88-aca4-412b-9f26-59c50bfc84ee-300x200.jpg\" class=\"attachment-medium size-medium\" alt=\"\" srcset=\"https:\/\/www.radiopiu.net\/wordpress\/wp-content\/uploads\/2021\/07\/a363ca88-aca4-412b-9f26-59c50bfc84ee-300x200.jpg 300w, https:\/\/www.radiopiu.net\/wordpress\/wp-content\/uploads\/2021\/07\/a363ca88-aca4-412b-9f26-59c50bfc84ee-1024x683.jpg 1024w, https:\/\/www.radiopiu.net\/wordpress\/wp-content\/uploads\/2021\/07\/a363ca88-aca4-412b-9f26-59c50bfc84ee-768x512.jpg 768w, https:\/\/www.radiopiu.net\/wordpress\/wp-content\/uploads\/2021\/07\/a363ca88-aca4-412b-9f26-59c50bfc84ee.jpg 1079w\" sizes=\"auto, (max-width: 300px) 100vw, 300px\" \/><\/a>\n\t\t\t\t<\/dt><\/dl><br style=\"clear: both\" \/>\n\t\t\t<\/div>\n\n<p>&nbsp;<\/p>\n<hr \/>\n<p>&nbsp;<\/p>\n<blockquote>\n<h3>DEBUTTO IN COPPA DEL MONDO PER LORENZO CAGNATI, TRA I 10 MIGLIORI SUL GROSSGLOCKNER<\/h3>\n<\/blockquote>\n<p><strong><img loading=\"lazy\" decoding=\"async\" class=\"alignleft\" src=\"https:\/\/www.radiopiu.net\/wordpress\/wp-content\/uploads\/2021\/07\/53064541-90af-4871-a6b8-0c43c9875d09.jpg\" width=\"250\" height=\"167\" \/>REDAZIONE<\/strong> E bravo Lorenzo! Che gran debutto nel mondiale coppa del mondo WMRA\u00a0 di corsa in montagna. Il suo nome tra i 10 migliori della competizione.<\/p>\n<p><strong>DAL GIORNALE RADIO PRINCIPALE DELLE 12.30\u00a0<\/strong><\/p>\n<audio class=\"wp-audio-shortcode\" id=\"audio-221428-19\" preload=\"none\" style=\"width: 100%;\" controls=\"controls\"><source type=\"audio\/mpeg\" src=\"https:\/\/www.radiopiu.net\/wordpress\/wp-content\/uploads\/2021\/07\/lorenzo-cagnati.mp3?_=19\" \/><a href=\"https:\/\/www.radiopiu.net\/wordpress\/wp-content\/uploads\/2021\/07\/lorenzo-cagnati.mp3\">https:\/\/www.radiopiu.net\/wordpress\/wp-content\/uploads\/2021\/07\/lorenzo-cagnati.mp3<\/a><\/audio>\n<p>&nbsp;<\/p>\n<hr \/>\n<p>&nbsp;<\/p>\n<blockquote>\n<h3>OTTO BELLUNESI PROTAGONISTI ALLE FINALI REGIONALI DI NUOTO<\/h3>\n<\/blockquote>\n<p><strong>BELLUNO<\/strong> C\u2019era anche la Sportivamente Belluno alle finali regionali di nuoto, dedicate agli Esordienti B (categoria che comprende le ragazze e i ragazzi nati tra il 2010 e il 2012). Teatro dell&#8217;evento? La piscina \u201cRosa Blu\u201d di Monastier di Treviso, con vasca olimpica da 50 metri.\u00a0 Gli otto piccoli atleti ai blocchi di partenza hanno onorato al meglio l\u2019impegno, senza perdere mai il sorriso. E sono riusciti a collezionare una serie di positivi riscontri cronometrici. Da incorniciare la prova dei 100 delfino di Camilla Fistarol (1\u201954\u201d80) e Federico Nerviani (1\u201942\u201d94), che hanno affrontato con coraggio una tra le gare pi\u00f9 difficili da effettuare in vasca lunga. Entusiasmanti anche i 100 dorso con Mattia Don\u00e0 (1\u201931\u201d59) e Mario Dalla Riva (1\u201937\u201d15), cos\u00ec come i 100 rana di Dora Bortoluzzi (2\u201901\u201d09) e Niccol\u00f2 Longi (1\u201944\u201d10). Bravissimo pure Mario Dalla Riva: nell\u2019impegnativa prova dei 200 misti (3\u201957\u201d33) ha gestito alla grande i quattro stili. Velocissimi, inoltre, i 50 stile libero di Longi (34\u201d43: tocca primo nella sua batteria) e i 50 farfalla di Nerviani (41\u201d96). Il quale si conferma tra i migliori nei 100 stile (1\u201921\u201d77) assieme a Longi (1\u201916\u201d04). Non meno emozionanti i 200 rana, in cui Vincenzo Iuliano (3\u201937\u201d23) sigla un miglioramento di rilievo. E Luca Frisaldi (3\u201956\u201d03) \u00e8 abile a gestire una gara molto difficile. In definitiva, la Sportivamente Belluno ha dimostrato ancora una volta la crescita dal punto di vista della formazione dei giovani, soprattutto in una stagione pregiudicata dalla pandemia, nella quale atleti e genitori sono stati costretti a fare i salti mortali per allenarsi e gareggiare. Il tecnico Daniela Piermarini non nasconde la sua soddisfazione per i risultati ottenuti: \u00ab<em>Un degno epilogo per questa stagione &#8211; dichiara -. Ora i pi\u00f9 giovani della squadra potranno rilassarsi e gustarsi le meritate vacanze, a differenza dei loro compagni pi\u00f9 grandi, impegnati prossimamente nei Campionati regionali estivi. E quindi ancora sotto con gli allenamenti<\/em>\u00bb.<\/p>\n\n\t\t\t<style type='text\/css'>\n\t\t\t\t#gallery-8 {\n\t\t\t\t\tmargin: auto;\n\t\t\t\t}\n\t\t\t\t#gallery-8 .gallery-item {\n\t\t\t\t\tfloat: left;\n\t\t\t\t\tmargin-top: 10px;\n\t\t\t\t\ttext-align: center;\n\t\t\t\t\twidth: 50%;\n\t\t\t\t}\n\t\t\t\t#gallery-8 img {\n\t\t\t\t\tborder: 2px solid #cfcfcf;\n\t\t\t\t}\n\t\t\t\t#gallery-8 .gallery-caption {\n\t\t\t\t\tmargin-left: 0;\n\t\t\t\t}\n\t\t\t\t\/* see gallery_shortcode() in wp-includes\/media.php *\/\n\t\t\t<\/style>\n\t\t<div id='gallery-8' class='dt-gallery-container gallery galleryid-221428 gallery-columns-2 gallery-size-medium'><dl class='gallery-item'>\n\t\t\t\t<dt class='gallery-icon landscape'>\n\t\t\t\t\t<a class=\"rollover rollover-zoom dt-pswp-item\" title=\"Esordienti_F\" data-dt-img-description=\"\" data-large_image_width=\"1797\" data-large_image_height=\"1109\"href='https:\/\/www.radiopiu.net\/wordpress\/wp-content\/uploads\/2021\/07\/Esordienti_F.jpg'><img loading=\"lazy\" decoding=\"async\" width=\"300\" height=\"185\" src=\"https:\/\/www.radiopiu.net\/wordpress\/wp-content\/uploads\/2021\/07\/Esordienti_F-300x185.jpg\" class=\"attachment-medium size-medium\" alt=\"\" srcset=\"https:\/\/www.radiopiu.net\/wordpress\/wp-content\/uploads\/2021\/07\/Esordienti_F-300x185.jpg 300w, https:\/\/www.radiopiu.net\/wordpress\/wp-content\/uploads\/2021\/07\/Esordienti_F-1024x632.jpg 1024w, https:\/\/www.radiopiu.net\/wordpress\/wp-content\/uploads\/2021\/07\/Esordienti_F-768x474.jpg 768w, https:\/\/www.radiopiu.net\/wordpress\/wp-content\/uploads\/2021\/07\/Esordienti_F-1536x948.jpg 1536w, https:\/\/www.radiopiu.net\/wordpress\/wp-content\/uploads\/2021\/07\/Esordienti_F.jpg 1797w\" sizes=\"auto, (max-width: 300px) 100vw, 300px\" \/><\/a>\n\t\t\t\t<\/dt><\/dl><dl class='gallery-item'>\n\t\t\t\t<dt class='gallery-icon landscape'>\n\t\t\t\t\t<a class=\"rollover rollover-zoom dt-pswp-item\" title=\"Esordienti_M\" data-dt-img-description=\"\" data-large_image_width=\"1271\" data-large_image_height=\"954\"href='https:\/\/www.radiopiu.net\/wordpress\/wp-content\/uploads\/2021\/07\/Esordienti_M.jpeg'><img loading=\"lazy\" decoding=\"async\" width=\"300\" height=\"225\" src=\"https:\/\/www.radiopiu.net\/wordpress\/wp-content\/uploads\/2021\/07\/Esordienti_M-300x225.jpeg\" class=\"attachment-medium size-medium\" alt=\"\" srcset=\"https:\/\/www.radiopiu.net\/wordpress\/wp-content\/uploads\/2021\/07\/Esordienti_M-300x225.jpeg 300w, https:\/\/www.radiopiu.net\/wordpress\/wp-content\/uploads\/2021\/07\/Esordienti_M-1024x769.jpeg 1024w, https:\/\/www.radiopiu.net\/wordpress\/wp-content\/uploads\/2021\/07\/Esordienti_M-768x576.jpeg 768w, https:\/\/www.radiopiu.net\/wordpress\/wp-content\/uploads\/2021\/07\/Esordienti_M.jpeg 1271w\" sizes=\"auto, (max-width: 300px) 100vw, 300px\" \/><\/a>\n\t\t\t\t<\/dt><\/dl><br style=\"clear: both\" \/>\n\t\t\t<\/div>\n\n<p>&nbsp;<\/p>\n<p>&nbsp;<\/p><\/blockquote>\n<\/div>\n<\/div>\n<\/div>\n","protected":false},"excerpt":{"rendered":"<p>PER\u00a0RICEVERE QUESTO NOTIZIARIO DIRETTAMENTE SUL TUO CELLULARE ISCRIVITI AL CANALE TELEGRAM\u00a0\u201cRADIO PIU\u00a0 INFORMAZIONE\u201d\u00a0 &nbsp; &nbsp; LA STRADA PER RIVAMONTE NON CHIUDERA&#8217;!!! RIVAMONTE Da domani l&#8217;ordinanza di Veneto Strade anticipava della chiusura della provinciale tra Ponte Alto e Rivamonte per i lavori a Gona, nei giorni in cui \u00e8 prevista anche la chiusura per lunghi tempi&hellip;<\/p>\n","protected":false},"author":4,"featured_media":221435,"comment_status":"closed","ping_status":"open","sticky":false,"template":"","format":"standard","meta":{"_monsterinsights_skip_tracking":false,"_monsterinsights_sitenote_active":false,"_monsterinsights_sitenote_note":"","_monsterinsights_sitenote_category":0,"footnotes":""},"categories":[1,51,86,49],"tags":[],"class_list":["post-221428","post","type-post","status-publish","format-standard","has-post-thumbnail","hentry","category-senza-categoria","category-evidenza-top","category-gr","category-news-18","category-1","category-51","category-86","category-49","description-off"],"img_url":"https:\/\/www.radiopiu.net\/wordpress\/wp-content\/uploads\/2021\/07\/7addcc24-2a26-4574-91f1-482b55037d35.jpg","_links":{"self":[{"href":"https:\/\/www.radiopiu.net\/wordpress\/wp-json\/wp\/v2\/posts\/221428","targetHints":{"allow":["GET"]}}],"collection":[{"href":"https:\/\/www.radiopiu.net\/wordpress\/wp-json\/wp\/v2\/posts"}],"about":[{"href":"https:\/\/www.radiopiu.net\/wordpress\/wp-json\/wp\/v2\/types\/post"}],"author":[{"embeddable":true,"href":"https:\/\/www.radiopiu.net\/wordpress\/wp-json\/wp\/v2\/users\/4"}],"replies":[{"embeddable":true,"href":"https:\/\/www.radiopiu.net\/wordpress\/wp-json\/wp\/v2\/comments?post=221428"}],"version-history":[{"count":0,"href":"https:\/\/www.radiopiu.net\/wordpress\/wp-json\/wp\/v2\/posts\/221428\/revisions"}],"wp:featuredmedia":[{"embeddable":true,"href":"https:\/\/www.radiopiu.net\/wordpress\/wp-json\/wp\/v2\/media\/221435"}],"wp:attachment":[{"href":"https:\/\/www.radiopiu.net\/wordpress\/wp-json\/wp\/v2\/media?parent=221428"}],"wp:term":[{"taxonomy":"category","embeddable":true,"href":"https:\/\/www.radiopiu.net\/wordpress\/wp-json\/wp\/v2\/categories?post=221428"},{"taxonomy":"post_tag","embeddable":true,"href":"https:\/\/www.radiopiu.net\/wordpress\/wp-json\/wp\/v2\/tags?post=221428"}],"curies":[{"name":"wp","href":"https:\/\/api.w.org\/{rel}","templated":true}]}}