{"id":221504,"date":"2021-07-14T05:34:11","date_gmt":"2021-07-14T03:34:11","guid":{"rendered":"https:\/\/www.radiopiu.net\/wordpress\/?p=221504"},"modified":"2021-07-14T05:52:00","modified_gmt":"2021-07-14T03:52:00","slug":"zaia-torna-a-parlare-da-marghera-covid-19-laggiornamento","status":"publish","type":"post","link":"https:\/\/www.radiopiu.net\/wordpress\/zaia-torna-a-parlare-da-marghera-covid-19-laggiornamento\/","title":{"rendered":"CONTAGI IN CRESCITA E 3 CINQUANTENNI NON VACCINATI IN TERAPIA INTENSIVA"},"content":{"rendered":"<h2>NELLE ULTIME 24 ORE<\/h2>\n<p style=\"padding-left: 40px; text-align: left;\"><strong>IN VENETO<\/strong> TAMPONI 11.176.983 POSITIVI TOTALI\u00a0 426743 <span style=\"color: #ff0000;\">(+254)\u00a0 <span style=\"color: #000000;\">SU 25 927 TAMPONI INCIDENZA 0,97\u00a0 <\/span><\/span>ATTUALMENTE POSITIVI\u00a0 5275\u00a0 \u00a0<span style=\"color: #ff0000;\">(+194) \u00a0<\/span> DECEDUTI 11623 (+1<span style=\"color: #000000;\">)<\/span>\u00a0 NEGATIVIZZATI\u00a0 409786 <span style=\"color: #ff0000;\">(+31)<\/span> \u00a0RICOVERATI AREA NON CRITICA 233<span style=\"color: #ff0000;\"> (5) <\/span>\u00a0IN TERAPIA INTENSIVA 16 <span style=\"color: #ff0000;\">(+1)<span style=\"color: #000000;\"> TERAPIA INTENSIVA NO COVID 351 DIMESSI 22.216<\/span><\/span><\/p>\n<p><strong>IN PROVINCIA<\/strong> POSITIVI DAL 21 FEBBRAIO 21517 <span style=\"color: #0000ff;\">(+9)<\/span>\u00a0 \u00a0ATTUALMENTE POSITIVI 84 <span style=\"color: #0000ff;\">(+10)<\/span> DECEDUTI DAL 21 FEBBRAIO 644 (0)\u00a0 NEGATIVIZZATI\u00a0 20789 (-1<span style=\"color: #0000ff;\">)\u00a0 PAZIENTI RICOVERATI A BELLUNO IN AREA NON CRITICA 1 (0)<\/span><\/p>\n<p>&nbsp;<\/p>\n<blockquote>\n<h2>LEGGI LA CONFERENZA STAMPA DI LUCA ZAIA&#8230;.aggiornamento in tempo reale<\/h2>\n<\/blockquote>\n<p><strong>SITUAZIONE<\/strong> Oggi abbiamo 254 positivi tutti asintomatici, il virus sta quindi circolando. Abbiamo avuto dei ricoveri, 6 e 3 sono finiti in terapia intensiva, si tratta di cinquantenni non vaccinati. La variante si diffonde velocemente, in Inghilterra 30mila al giorno. Il tema del vaccino funziona ma stiamo facendo tanti <strong>TAMPONI\u00a0<\/strong> siamo i primi in Italia, quelli che fanno piu&#8217; tamponi su 100mila abitanti (437 al giorno, 258 in Lazio, al sud sugli 80, media nazionale 241 la met\u00e0 del Veneto). Fondamentale \u00e8 fari i tamponi per lo screening sulla popolazione non sappiamo fino a quando in maniera cosi&#8217; massiccia. E&#8217; una nuova fase da interpretare. A noi interessa l&#8217;<strong>OSPEDALIZZAZIONE<\/strong> che \u00e8 il vero parametro.<b> <\/b>Sono 47mila i vaccini fatti nelle ultime 24 ore, ci sono pochi vaccini per cui andiamo a rilento.\u00a0 I <strong>COVID POINT<\/strong> sono aperti strumento\u00a0 gratuito\u00a0 a\u00a0 disposizione di tutti. <strong>PRUDENZA<\/strong> lo scenario in caso di positivit\u00e0 potrebbe portare a chiudere un intero paese. Sul popolo di vaccinati non abbiamo notizie di infezioni, l&#8217;ospite ideale del virus va dai 15 ai 24 anni che potrebbero diventare vettori importanti per i pi\u00f9 anziani. <strong>GREEN PASS IN VENETO?<\/strong> In Germania per un caff\u00e8 ci si registra &#8211; nome e cognome &#8211; per poi risalire ai contatti, servir\u00e0 una regola uguale per tutti.<\/p>\n<p><strong><span style=\"color: #ff0000;\">LA DOTTORESSA FRANCESCA RUSSO\u00a0 <\/span><\/strong><\/p>\n<p>Dobbiamo mantenere alta l&#8217;attenzione per la diffusione delle nuove varianti, soprattuto la Delta. <strong>LA PREVISIONE<\/strong> Entro fine agosto il 90% dei paesi europei potrebbe vedere la circolazione della variante. Ci sono alcuni Paesi con focolai importanti, in Finlandia legati alle manifestazioni sportive, in Spagna a Maiorca fra i giovani, e sconsigliano i viaggi in quella localit\u00e0, e al momento il paese con maggiore incidenza \u00e8 proprio la Spagna. IL MINISTERO\u00a0 prevede di aumentare i tamponi, fare il contact tracing allargato e implementare la vaccinazione. L&#8217;Inghilterra \u00e8 il Paese dove si \u00e8 diffusa per prima la variante Delta, con\u00a0 30mila casi al giorno e 3mila ricoveri settimanali, la mortalit\u00e0 risulta\u00a0 bassa. Nel Regno Unito hanno un tasso di copertura vaccinale dell&#8217;87% per la prima dose e del 66% per la seconda, noi abbiamo oltre il 60% come prima dose e 45% della seconda. <strong>I NUOVI POSITIVI\u00a0<\/strong> sono i\u00a0 ragazzi tra i 22 e 23 anni in Veneto. che si sono spostati per viaggi o hanno frequentato delle feste. Nella fascia di et\u00e0 15-24 il contagio \u00e8 in aumento. Una parte di questi ragazzi non sono vaccinati, \u00e8 importante che adottino comportamenti corretti e si vaccinino. Continuiamo il sequenziamento di tutti i positivi. Ad oggi siamo a 81 soggetti sequenziati con variante Delta e 4 con una variante simile appartenente alla stessa famiglia. E sono 52 i soggetti con variante Inglese. Ci sono 12 casi di variante Brasiliana e altri due soggetti con\u00a0variante K.<\/p>\n<p>&nbsp;<\/p>\n<p><a href=\"https:\/\/www.facebook.com\/zaiaufficiale\/videos\/801452980557572\">https:\/\/www.facebook.com\/zaiaufficiale\/videos\/801452980557572<\/a><\/p>\n","protected":false},"excerpt":{"rendered":"<p>NELLE ULTIME 24 ORE IN VENETO TAMPONI 11.176.983 POSITIVI TOTALI\u00a0 426743 (+254)\u00a0 SU 25 927 TAMPONI INCIDENZA 0,97\u00a0 ATTUALMENTE POSITIVI\u00a0 5275\u00a0 \u00a0(+194) \u00a0 DECEDUTI 11623 (+1)\u00a0 NEGATIVIZZATI\u00a0 409786 (+31) \u00a0RICOVERATI AREA NON CRITICA 233 (5) \u00a0IN TERAPIA INTENSIVA 16 (+1) TERAPIA INTENSIVA NO COVID 351 DIMESSI 22.216 IN PROVINCIA POSITIVI DAL 21 FEBBRAIO 21517 (+9)\u00a0&hellip;<\/p>\n","protected":false},"author":4,"featured_media":221505,"comment_status":"closed","ping_status":"open","sticky":false,"template":"","format":"standard","meta":{"_monsterinsights_skip_tracking":false,"_monsterinsights_sitenote_active":false,"_monsterinsights_sitenote_note":"","_monsterinsights_sitenote_category":0,"footnotes":""},"categories":[51,49],"tags":[],"class_list":["post-221504","post","type-post","status-publish","format-standard","has-post-thumbnail","hentry","category-evidenza-top","category-news-18","category-51","category-49","description-off"],"img_url":"https:\/\/www.radiopiu.net\/wordpress\/wp-content\/uploads\/2021\/07\/216350522_1825636737638233_1460404433328194278_n.jpg","_links":{"self":[{"href":"https:\/\/www.radiopiu.net\/wordpress\/wp-json\/wp\/v2\/posts\/221504","targetHints":{"allow":["GET"]}}],"collection":[{"href":"https:\/\/www.radiopiu.net\/wordpress\/wp-json\/wp\/v2\/posts"}],"about":[{"href":"https:\/\/www.radiopiu.net\/wordpress\/wp-json\/wp\/v2\/types\/post"}],"author":[{"embeddable":true,"href":"https:\/\/www.radiopiu.net\/wordpress\/wp-json\/wp\/v2\/users\/4"}],"replies":[{"embeddable":true,"href":"https:\/\/www.radiopiu.net\/wordpress\/wp-json\/wp\/v2\/comments?post=221504"}],"version-history":[{"count":0,"href":"https:\/\/www.radiopiu.net\/wordpress\/wp-json\/wp\/v2\/posts\/221504\/revisions"}],"wp:featuredmedia":[{"embeddable":true,"href":"https:\/\/www.radiopiu.net\/wordpress\/wp-json\/wp\/v2\/media\/221505"}],"wp:attachment":[{"href":"https:\/\/www.radiopiu.net\/wordpress\/wp-json\/wp\/v2\/media?parent=221504"}],"wp:term":[{"taxonomy":"category","embeddable":true,"href":"https:\/\/www.radiopiu.net\/wordpress\/wp-json\/wp\/v2\/categories?post=221504"},{"taxonomy":"post_tag","embeddable":true,"href":"https:\/\/www.radiopiu.net\/wordpress\/wp-json\/wp\/v2\/tags?post=221504"}],"curies":[{"name":"wp","href":"https:\/\/api.w.org\/{rel}","templated":true}]}}