{"id":221519,"date":"2021-07-14T05:36:17","date_gmt":"2021-07-14T03:36:17","guid":{"rendered":"https:\/\/www.radiopiu.net\/wordpress\/?p=221519"},"modified":"2021-07-14T05:49:36","modified_gmt":"2021-07-14T03:49:36","slug":"da-oggi-a-caprile-assicurata-lassistenza-medica-ai-turisti","status":"publish","type":"post","link":"https:\/\/www.radiopiu.net\/wordpress\/da-oggi-a-caprile-assicurata-lassistenza-medica-ai-turisti\/","title":{"rendered":"A CAPRILE ASSICURATA L&#8217;ASSISTENZA MEDICA AI TURISTI"},"content":{"rendered":"<p><strong>ALLEGHE<\/strong> Da oggi \u00e8 garantita l\u2019assistenza ai turisti diurna anche nella sede della continuit\u00e0 assistenziale di Caprile (via Dogliani), dal luned\u00ec al venerd\u00ec, dalle 14 alle 16. Il servizio si aggiunge alla disponibilit\u00e0 della continuit\u00e0 assistenziale, anche per i turisti, garantita nei giorni feriali dalle 20.00 alle 8.00 del giorno feriale successivo giorni prefestivi dalle 10.00 alle 8 del giorno successivo giorni festivi dalle 8.00 alle 8 del giorno feriale successivo.\u00a0 Questi orari sono garantiti nelle sedi di Continuit\u00e0 assistenziale di Canale D\u2019Agordo, Caprile, Santo Stefano di Cadore, Cortina D\u2019Ampezzo, Val di Zoldo e Belluno\/Puos D\u2019Alpago.<\/p>\n<blockquote><p><span style=\"color: #ff0000;\">IL SINDACO DI ALLEGHE, DANILO DE TONI<\/span><\/p>\n<p><strong><em>Ringrazio la Ulss 1 ed in particolare il direttore generale dottoressa Maria Grazia Carraro per aver integrato il servizio di assistenza sanitaria sul nostro territorio gi\u00e0 toccato dal pensionamento del medico di base. Dott. Mascanzoni. Questa soluzione garantir\u00e0 fino al 15 settembre l&#8217;assistenza ai turisti .Sicuramente un grande sforzo fatto da Ulss che ha compreso le difficolt\u00e0 e le necessit\u00e0 del territorio<\/em><\/strong><\/p><\/blockquote>\n","protected":false},"excerpt":{"rendered":"<p>ALLEGHE Da oggi \u00e8 garantita l\u2019assistenza ai turisti diurna anche nella sede della continuit\u00e0 assistenziale di Caprile (via Dogliani), dal luned\u00ec al venerd\u00ec, dalle 14 alle 16. Il servizio si aggiunge alla disponibilit\u00e0 della continuit\u00e0 assistenziale, anche per i turisti, garantita nei giorni feriali dalle 20.00 alle 8.00 del giorno feriale successivo giorni prefestivi dalle&hellip;<\/p>\n","protected":false},"author":4,"featured_media":210512,"comment_status":"closed","ping_status":"open","sticky":false,"template":"","format":"standard","meta":{"_monsterinsights_skip_tracking":false,"_monsterinsights_sitenote_active":false,"_monsterinsights_sitenote_note":"","_monsterinsights_sitenote_category":0,"footnotes":""},"categories":[51,49],"tags":[],"class_list":["post-221519","post","type-post","status-publish","format-standard","has-post-thumbnail","hentry","category-evidenza-top","category-news-18","category-51","category-49","description-off"],"img_url":"https:\/\/www.radiopiu.net\/wordpress\/wp-content\/uploads\/2021\/05\/DA-CAPRILE.jpeg","_links":{"self":[{"href":"https:\/\/www.radiopiu.net\/wordpress\/wp-json\/wp\/v2\/posts\/221519","targetHints":{"allow":["GET"]}}],"collection":[{"href":"https:\/\/www.radiopiu.net\/wordpress\/wp-json\/wp\/v2\/posts"}],"about":[{"href":"https:\/\/www.radiopiu.net\/wordpress\/wp-json\/wp\/v2\/types\/post"}],"author":[{"embeddable":true,"href":"https:\/\/www.radiopiu.net\/wordpress\/wp-json\/wp\/v2\/users\/4"}],"replies":[{"embeddable":true,"href":"https:\/\/www.radiopiu.net\/wordpress\/wp-json\/wp\/v2\/comments?post=221519"}],"version-history":[{"count":0,"href":"https:\/\/www.radiopiu.net\/wordpress\/wp-json\/wp\/v2\/posts\/221519\/revisions"}],"wp:featuredmedia":[{"embeddable":true,"href":"https:\/\/www.radiopiu.net\/wordpress\/wp-json\/wp\/v2\/media\/210512"}],"wp:attachment":[{"href":"https:\/\/www.radiopiu.net\/wordpress\/wp-json\/wp\/v2\/media?parent=221519"}],"wp:term":[{"taxonomy":"category","embeddable":true,"href":"https:\/\/www.radiopiu.net\/wordpress\/wp-json\/wp\/v2\/categories?post=221519"},{"taxonomy":"post_tag","embeddable":true,"href":"https:\/\/www.radiopiu.net\/wordpress\/wp-json\/wp\/v2\/tags?post=221519"}],"curies":[{"name":"wp","href":"https:\/\/api.w.org\/{rel}","templated":true}]}}