{"id":221614,"date":"2021-07-13T20:18:47","date_gmt":"2021-07-13T18:18:47","guid":{"rendered":"https:\/\/www.radiopiu.net\/wordpress\/?p=221614"},"modified":"2021-07-14T05:53:11","modified_gmt":"2021-07-14T03:53:11","slug":"anche-fuori-stagione-a-puck-fermo-gli-amici-mancano-e-si-attende-il-ritorno-di-renato-rossi","status":"publish","type":"post","link":"https:\/\/www.radiopiu.net\/wordpress\/anche-fuori-stagione-a-puck-fermo-gli-amici-mancano-e-si-attende-il-ritorno-di-renato-rossi\/","title":{"rendered":"ANCHE FUORI STAGIONE A PUCK FERMO GLI AMICI MANCANO E SI ATTENDE IL RITORNO DI RENATO ROSSI"},"content":{"rendered":"<p><strong><img loading=\"lazy\" decoding=\"async\" class=\"alignleft\" src=\"https:\/\/www.radiopiu.net\/wordpress\/wp-content\/uploads\/2020\/11\/NILO-RIVA-E-RENATO-ROSSI.jpg\" width=\"179\" height=\"119\" \/>REDAZIONE<\/strong>\u00a0 Il 22 agosto di nove anni fa, la notizia che ha scioccato l&#8217;Agordino:\u00a0 \u00e8 morto Nilo Riva, vice presidente dell&#8217;Hockey Alleghe. Un incidente, una scivolata dal sentiero sul quale si trovava con un amico, che aveva accompagnato per andare a cercare funghi. Da allora sono cambiate un po&#8217; di cose, l&#8217;Alleghe non \u00e8 pi\u00f9 nella massima serie \u00e8 vero, ma va dato grande merito a chi ha continuato a lavorare per la societ\u00e0. Stacanovisti dentro e fuori dal ghiaccio, Renato Rossi, Patrick De Silvestro, Adriano Levis, Tamara Angeli per citare i primi nomi che mi vengono in mente. Loro hanno raccolto il pesante testimone lasciato improvvisamente dall&#8217;ingegnere e hanno vinto il titolo pi\u00f9 importante: l&#8217;Alleghe Hockey respira ancora e sotto ai lamellari dello Zunaia il cuore continua a battere ed \u00e8 soprattutto il cuore delle nuove generazioni, delle Civette che militano nelle giovanili, cio\u00e8 il futuro.\u00a0 \u00a0Nel frattempo ci hanno lasciato altri amici in biancorosso, Fabio De Biasio il volto noto dell&#8217;ufficio in riva al lago, lavoro nascosto il suo, ma per decenni fondamentale per la societ\u00e0, o Claudio Franceschini che ha portato in alto Alleghe anche a livello federale, o Pedy&#8230; l&#8217;amato Alfredo Soppera che pur lontano dal ghiaccio negli ultimi anni quando gli parlavi di disco e stecca&#8230;piangeva e si toccava il gadget attaccato al collo, quel collo che faceva\u00a0 il paio con quello di Mike Tyson, il pugile. Quel gadget era il ricordo di Villach 92, Alleghe campione di Lega Alpina.<\/p>\n<blockquote><p><em>Tornano tutti in mente quando si entra nello stadio dove alle pareti si sommano i ricordi grazie ad Alessandro Raveane che da 45 anni non manca mai tra i suoi giocatori del cuore. Suoi\u00a0 gli articoli di giornale di allora con le firme di Ugo Zucchermaglio e Amedeo Franceschini della Gazzetta dello Sport, oppure la mia e soprattutto quella di Fiorendo Dalla C\u00e0 che in quanto a hockey rimane il migliore scrittore-narratore dell&#8217;hockey dolomitico, una maestro per molti. Fiorendo nel 1984 ha costruito negli studi di RADIO PIU&#8217; uno dei pi\u00f9 bei programmi radiofonici dedicati all&#8217;hockey. Tornando a chi non c&#8217;\u00e8 pi\u00f9, quanto mi mancano quegli amici che devo\u00a0 accontentarmi\u00a0 di vedere in foto o ricordare per i trascorsi sul ghiaccio, anzi fuori dal ghiaccio perch\u00e9 i grandi dirigenti non sono mai stati altrettanto grandi giocatori e questo \u00e8 il bello della storia. Un pensiero per Renato Rossi, che ci ha lasciato da poco, a settembre, forse prima, dovrebbe tornare finalmente in Italia il figlio Arthur, avrebbe dovuto arrivare gi\u00e0 a primavera ma il covid lo ha tenuto oltre Oceano. Arthur porter\u00e0 ad Alleghe le ceneri del pap\u00e0 come a suo tempo Renato fece con l&#8217;amico Domenico. &#8220;Ci organizzeremo per quella data &#8211; assicura il Presidente Adriano Levis &#8211; vogliamo celebrare il ritorno di Renato con una cerimonia importante, per tributargli il grazie per i decenni di impegno, concreto, per la nostra societ\u00e0&#8221;.<\/em><\/p><\/blockquote>\n<p>&nbsp;<\/p>\n<p><strong>NOVE ANNI FA, IL RICORDO DI ANTENNA 3<\/strong><\/p>\n<p><iframe loading=\"lazy\" title=\"morto nilo riva storia dellhockey\" frameborder=\"0\" width=\"1200\" height=\"674\" src=\"https:\/\/www.dailymotion.com\/embed\/video\/xt1laz\" allowfullscreen allow=\"autoplay\"><\/iframe><\/p>\n","protected":false},"excerpt":{"rendered":"<p>REDAZIONE\u00a0 Il 22 agosto di nove anni fa, la notizia che ha scioccato l&#8217;Agordino:\u00a0 \u00e8 morto Nilo Riva, vice presidente dell&#8217;Hockey Alleghe. Un incidente, una scivolata dal sentiero sul quale si trovava con un amico, che aveva accompagnato per andare a cercare funghi. Da allora sono cambiate un po&#8217; di cose, l&#8217;Alleghe non \u00e8 pi\u00f9&hellip;<\/p>\n","protected":false},"author":4,"featured_media":171335,"comment_status":"closed","ping_status":"open","sticky":false,"template":"","format":"standard","meta":{"_monsterinsights_skip_tracking":false,"_monsterinsights_sitenote_active":false,"_monsterinsights_sitenote_note":"","_monsterinsights_sitenote_category":0,"footnotes":""},"categories":[104,49],"tags":[],"class_list":["post-221614","post","type-post","status-publish","format-standard","has-post-thumbnail","hentry","category-evidenza_3","category-news-18","category-104","category-49","description-off"],"img_url":"https:\/\/www.radiopiu.net\/wordpress\/wp-content\/uploads\/2020\/11\/NILO-RIVA-E-RENATO-ROSSI.jpg","_links":{"self":[{"href":"https:\/\/www.radiopiu.net\/wordpress\/wp-json\/wp\/v2\/posts\/221614","targetHints":{"allow":["GET"]}}],"collection":[{"href":"https:\/\/www.radiopiu.net\/wordpress\/wp-json\/wp\/v2\/posts"}],"about":[{"href":"https:\/\/www.radiopiu.net\/wordpress\/wp-json\/wp\/v2\/types\/post"}],"author":[{"embeddable":true,"href":"https:\/\/www.radiopiu.net\/wordpress\/wp-json\/wp\/v2\/users\/4"}],"replies":[{"embeddable":true,"href":"https:\/\/www.radiopiu.net\/wordpress\/wp-json\/wp\/v2\/comments?post=221614"}],"version-history":[{"count":0,"href":"https:\/\/www.radiopiu.net\/wordpress\/wp-json\/wp\/v2\/posts\/221614\/revisions"}],"wp:featuredmedia":[{"embeddable":true,"href":"https:\/\/www.radiopiu.net\/wordpress\/wp-json\/wp\/v2\/media\/171335"}],"wp:attachment":[{"href":"https:\/\/www.radiopiu.net\/wordpress\/wp-json\/wp\/v2\/media?parent=221614"}],"wp:term":[{"taxonomy":"category","embeddable":true,"href":"https:\/\/www.radiopiu.net\/wordpress\/wp-json\/wp\/v2\/categories?post=221614"},{"taxonomy":"post_tag","embeddable":true,"href":"https:\/\/www.radiopiu.net\/wordpress\/wp-json\/wp\/v2\/tags?post=221614"}],"curies":[{"name":"wp","href":"https:\/\/api.w.org\/{rel}","templated":true}]}}