{"id":221649,"date":"2021-07-14T10:54:07","date_gmt":"2021-07-14T08:54:07","guid":{"rendered":"https:\/\/www.radiopiu.net\/wordpress\/?p=221649"},"modified":"2021-07-15T06:08:34","modified_gmt":"2021-07-15T04:08:34","slug":"il-mercato-contadino-del-sabato-diventa-definitivo","status":"publish","type":"post","link":"https:\/\/www.radiopiu.net\/wordpress\/il-mercato-contadino-del-sabato-diventa-definitivo\/","title":{"rendered":"IL MERCATO CONTADINO DEL SABATO DIVENTA DEFINITIVO"},"content":{"rendered":"<p><a href=\"https:\/\/www.radiopiu.net\/wordpress\/il-mercato-contadino-del-sabato-diventa-definitivo\/mercato-contadino\/\" rel=\"attachment wp-att-221650\"><img loading=\"lazy\" decoding=\"async\" class=\" wp-image-221650 alignleft\" src=\"https:\/\/www.radiopiu.net\/wordpress\/wp-content\/uploads\/2021\/07\/Mercato-Contadino-300x225.jpg\" alt=\"\" width=\"244\" height=\"183\" srcset=\"https:\/\/www.radiopiu.net\/wordpress\/wp-content\/uploads\/2021\/07\/Mercato-Contadino-300x225.jpg 300w, https:\/\/www.radiopiu.net\/wordpress\/wp-content\/uploads\/2021\/07\/Mercato-Contadino-768x576.jpg 768w, https:\/\/www.radiopiu.net\/wordpress\/wp-content\/uploads\/2021\/07\/Mercato-Contadino.jpg 960w\" sizes=\"auto, (max-width: 244px) 100vw, 244px\" \/><\/a><strong>FELTRE<\/strong>\u00a0 Il Mercato Contadino dopo la sperimentazione delle passate stagioni verr\u00e0 potenziato e diverr\u00e0 definitivo. E&#8217; la decisione assunta dall&#8217;Amministrazione. L&#8217;iniziativa era nata\u00a0 con l&#8217;obiettivo di promuovere sul territorio lo sviluppo e la vendita diretta da parte degli agricoltori dei prodotti locali, mettendo cos\u00ec in contatto diretto offerta e domanda. Per alcuni anni piazzale Guarnieri aveva ospitato un \u201cmercato agroalimentare\u201d, gestito da Coldiretti e disciplinato da un regolamento, frutto della concertazione tra le varie associazioni di categoria ed il Comune, finalizzato ad assicurare la pi\u00f9 ampia partecipazione. Nel 2017 la mostra mercato \u00e8 stata poi spostata in Largo Castaldi, con l&#8217;avvio di un vero e proprio \u201cMercato Contadino\u201d. La sperimentazione in essere \u00e8 stata prorogata fino al 30 settembre 2021, stanti anche le numerose giornate perse a causa dell&#8217;emergenza sanitaria in atto dall&#8217;inizio dello scorso anno. Ora, alla luce dei positivi risultati ottenuti con la sperimentazione, l&#8217;Amministrazione ha dunque dato il via libera all&#8217;istituzione definitiva del Mercato Contadino di Feltre, approvandone la relativa disciplina. Nei prossimi giorni sar\u00e0 pubblicato l&#8217;avviso pubblico per la manifestazione di interesse da parte dei produttori agricoli, valida per il triennio 2021-2024. Le domande dovranno essere presentate entro il prossimo 28 luglio. Il numero massimo degli agricoltori che potranno partecipare al Mercato \u00e8 fissato nel numero di 15; l&#8217;obiettivo \u00e8 comunque quello di incrementare di alcune unit\u00e0 gli attuali partecipanti. Il Mercato Contadino continuer\u00e0 ad essere ubicato in Largo Castaldi e si svolger\u00e0 il sabato mattina, dalle 08 alle 13.<\/p>\n<p>&nbsp;<\/p>\n","protected":false},"excerpt":{"rendered":"<p>FELTRE\u00a0 Il Mercato Contadino dopo la sperimentazione delle passate stagioni verr\u00e0 potenziato e diverr\u00e0 definitivo. E&#8217; la decisione assunta dall&#8217;Amministrazione. L&#8217;iniziativa era nata\u00a0 con l&#8217;obiettivo di promuovere sul territorio lo sviluppo e la vendita diretta da parte degli agricoltori dei prodotti locali, mettendo cos\u00ec in contatto diretto offerta e domanda. Per alcuni anni piazzale Guarnieri&hellip;<\/p>\n","protected":false},"author":4,"featured_media":221650,"comment_status":"closed","ping_status":"open","sticky":false,"template":"","format":"standard","meta":{"_monsterinsights_skip_tracking":false,"_monsterinsights_sitenote_active":false,"_monsterinsights_sitenote_note":"","_monsterinsights_sitenote_category":0,"footnotes":""},"categories":[51,49],"tags":[],"class_list":["post-221649","post","type-post","status-publish","format-standard","has-post-thumbnail","hentry","category-evidenza-top","category-news-18","category-51","category-49","description-off"],"img_url":"https:\/\/www.radiopiu.net\/wordpress\/wp-content\/uploads\/2021\/07\/Mercato-Contadino.jpg","_links":{"self":[{"href":"https:\/\/www.radiopiu.net\/wordpress\/wp-json\/wp\/v2\/posts\/221649","targetHints":{"allow":["GET"]}}],"collection":[{"href":"https:\/\/www.radiopiu.net\/wordpress\/wp-json\/wp\/v2\/posts"}],"about":[{"href":"https:\/\/www.radiopiu.net\/wordpress\/wp-json\/wp\/v2\/types\/post"}],"author":[{"embeddable":true,"href":"https:\/\/www.radiopiu.net\/wordpress\/wp-json\/wp\/v2\/users\/4"}],"replies":[{"embeddable":true,"href":"https:\/\/www.radiopiu.net\/wordpress\/wp-json\/wp\/v2\/comments?post=221649"}],"version-history":[{"count":0,"href":"https:\/\/www.radiopiu.net\/wordpress\/wp-json\/wp\/v2\/posts\/221649\/revisions"}],"wp:featuredmedia":[{"embeddable":true,"href":"https:\/\/www.radiopiu.net\/wordpress\/wp-json\/wp\/v2\/media\/221650"}],"wp:attachment":[{"href":"https:\/\/www.radiopiu.net\/wordpress\/wp-json\/wp\/v2\/media?parent=221649"}],"wp:term":[{"taxonomy":"category","embeddable":true,"href":"https:\/\/www.radiopiu.net\/wordpress\/wp-json\/wp\/v2\/categories?post=221649"},{"taxonomy":"post_tag","embeddable":true,"href":"https:\/\/www.radiopiu.net\/wordpress\/wp-json\/wp\/v2\/tags?post=221649"}],"curies":[{"name":"wp","href":"https:\/\/api.w.org\/{rel}","templated":true}]}}